{"id":10582,"date":"2021-05-04T13:54:38","date_gmt":"2021-05-04T12:54:38","guid":{"rendered":"https:\/\/ihedn.fr\/?p=10582"},"modified":"2021-06-09T14:57:20","modified_gmt":"2021-06-09T13:57:20","slug":"impacts-dun-monde-a-deux-degres-de-plus-sur-le-conseil-de-securite-de-lonu-quels-enjeux-et-strategies-pour-la-france","status":"publish","type":"post","link":"https:\/\/ihedn.fr\/en\/uncategorized\/impacts-dun-monde-a-deux-degres-de-plus-sur-le-conseil-de-securite-de-lonu-quels-enjeux-et-strategies-pour-la-france\/","title":{"rendered":"The impact of a two-degree world on the UN Security Council: what are the issues and strategies for France?"},"content":{"rendered":"<div data-elementor-type=\"wp-post\" data-elementor-id=\"10582\" class=\"elementor elementor-10582\" data-elementor-post-type=\"post\">\n\t\t\t\t\t\t<section data-particle_enable=\"false\" data-particle-mobile-disabled=\"false\" class=\"elementor-section elementor-top-section elementor-element elementor-element-d16ae78 elementor-section-boxed elementor-section-height-default elementor-section-height-default\" data-id=\"d16ae78\" data-element_type=\"section\" data-e-type=\"section\">\n\t\t\t\t\t\t<div class=\"elementor-container elementor-column-gap-default\">\n\t\t\t\t\t<div class=\"elementor-column elementor-col-100 elementor-top-column elementor-element elementor-element-803f05d\" data-id=\"803f05d\" data-element_type=\"column\" data-e-type=\"column\">\n\t\t\t<div class=\"elementor-widget-wrap elementor-element-populated\">\n\t\t\t\t\t\t<div class=\"elementor-element elementor-element-6ce77c7 elementor-widget elementor-widget-heading\" data-id=\"6ce77c7\" data-element_type=\"widget\" data-e-type=\"widget\" data-widget_type=\"heading.default\">\n\t\t\t\t<div class=\"elementor-widget-container\">\n\t\t\t\t\t<h1 class=\"elementor-heading-title elementor-size-default\">The impact of a two-degree world on the UN Security Council: what are the issues and strategies for France?<\/h1>\t\t\t\t<\/div>\n\t\t\t\t<\/div>\n\t\t\t\t\t<\/div>\n\t\t<\/div>\n\t\t\t\t\t<\/div>\n\t\t<\/section>\n\t\t\t\t<section data-particle_enable=\"false\" data-particle-mobile-disabled=\"false\" class=\"elementor-section elementor-top-section elementor-element elementor-element-307dca8 elementor-section-boxed elementor-section-height-default elementor-section-height-default\" data-id=\"307dca8\" data-element_type=\"section\" data-e-type=\"section\">\n\t\t\t\t\t\t<div class=\"elementor-container elementor-column-gap-default\">\n\t\t\t\t\t<div class=\"elementor-column elementor-col-100 elementor-top-column elementor-element elementor-element-acdef6f\" data-id=\"acdef6f\" data-element_type=\"column\" data-e-type=\"column\">\n\t\t\t<div class=\"elementor-widget-wrap elementor-element-populated\">\n\t\t\t\t\t\t<div class=\"elementor-element elementor-element-0e35590 elementor-widget elementor-widget-heading\" data-id=\"0e35590\" data-element_type=\"widget\" data-e-type=\"widget\" data-widget_type=\"heading.default\">\n\t\t\t\t<div class=\"elementor-widget-container\">\n\t\t\t\t\t<h4 class=\"elementor-heading-title elementor-size-default\">Committee 2-1<\/h4>\t\t\t\t<\/div>\n\t\t\t\t<\/div>\n\t\t\t\t<div class=\"elementor-element elementor-element-5745aa2 elementor-widget elementor-widget-text-editor\" data-id=\"5745aa2\" data-element_type=\"widget\" data-e-type=\"widget\" data-widget_type=\"text-editor.default\">\n\t\t\t\t<div class=\"elementor-widget-container\">\n\t\t\t\t\t\t\t\t\t<p>As with the Covid-19 crisis, climate change underlines both the growing fragility of multilateralism and the imperative need to rethink global governance in order to better anticipate crises and manage them collectively. How should and can the UN, and its Security Council in particular, evolve to ensure that the consequences of climate change on international peace and security, the geostrategic reorganisations that these impose and the need for new actions that they require are truly understood? How can they achieve a multilateral settlement of the climate issue, without being undermined by the individual games played by the major powers?<\/p><p>The auditors of Committee 2-1, who wrote this note, list the possible options that would enable the Security Council to assert its authority and ensure it plays a preventive role in the fight against climate change, and explore the strategies for direct and indirect action that France could take within the Council.<\/p>\t\t\t\t\t\t\t\t<\/div>\n\t\t\t\t<\/div>\n\t\t\t\t<div class=\"elementor-element elementor-element-7cb58fa elementor-position-inline-end elementor-view-default elementor-mobile-position-block-start elementor-widget elementor-widget-icon-box\" data-id=\"7cb58fa\" data-element_type=\"widget\" data-e-type=\"widget\" data-widget_type=\"icon-box.default\">\n\t\t\t\t<div class=\"elementor-widget-container\">\n\t\t\t\t\t\t\t<div class=\"elementor-icon-box-wrapper\">\n\n\t\t\t\t\t\t<div class=\"elementor-icon-box-icon\">\n\t\t\t\t<a href=\"https:\/\/ihedn.fr\/wp-content\/uploads\/2021\/06\/IHEDN-72eSN-POLDEF-C2.1-Note_operationnelle.pdf\" class=\"elementor-icon\" tabindex=\"-1\" aria-label=\"Download the article\">\n\t\t\t\t<svg aria-hidden=\"true\" class=\"e-font-icon-svg e-fas-file-download\" viewbox=\"0 0 384 512\" xmlns=\"http:\/\/www.w3.org\/2000\/svg\"><path d=\"M224 136V0H24C10.7 0 0 10.7 0 24v464c0 13.3 10.7 24 24 24h336c13.3 0 24-10.7 24-24V160H248c-13.2 0-24-10.8-24-24zm76.45 211.36l-96.42 95.7c-6.65 6.61-17.39 6.61-24.04 0l-96.42-95.7C73.42 337.29 80.54 320 94.82 320H160v-80c0-8.84 7.16-16 16-16h32c8.84 0 16 7.16 16 16v80h65.18c14.28 0 21.4 17.29 11.27 27.36zM377 105L279.1 7c-4.5-4.5-10.6-7-17-7H256v128h128v-6.1c0-6.3-2.5-12.4-7-16.9z\"><\/path><\/svg>\t\t\t\t<\/a>\n\t\t\t<\/div>\n\t\t\t\n\t\t\t\t\t\t<div class=\"elementor-icon-box-content\">\n\n\t\t\t\t\t\t\t\t\t<h3 class=\"elementor-icon-box-title\">\n\t\t\t\t\t\t<a href=\"https:\/\/ihedn.fr\/wp-content\/uploads\/2021\/06\/IHEDN-72eSN-POLDEF-C2.1-Note_operationnelle.pdf\" >\n\t\t\t\t\t\t\tDownload the article\t\t\t\t\t\t<\/a>\n\t\t\t\t\t<\/h3>\n\t\t\t\t\n\t\t\t\t\n\t\t\t<\/div>\n\t\t\t\n\t\t<\/div>\n\t\t\t\t\t\t<\/div>\n\t\t\t\t<\/div>\n\t\t\t\t\t<\/div>\n\t\t<\/div>\n\t\t\t\t\t<\/div>\n\t\t<\/section>\n\t\t\t\t<section data-particle_enable=\"false\" data-particle-mobile-disabled=\"false\" class=\"elementor-section elementor-top-section elementor-element elementor-element-bf2611d elementor-section-boxed elementor-section-height-default elementor-section-height-default elementor-invisible\" data-id=\"bf2611d\" data-element_type=\"section\" data-e-type=\"section\" data-settings=\"{&quot;animation&quot;:&quot;bounceInRight&quot;}\">\n\t\t\t\t\t\t\t<div class=\"elementor-background-overlay\"><\/div>\n\t\t\t\t\t\t\t<div class=\"elementor-container elementor-column-gap-default\">\n\t\t\t\t\t<div class=\"elementor-column elementor-col-100 elementor-top-column elementor-element elementor-element-c766fb7\" data-id=\"c766fb7\" data-element_type=\"column\" data-e-type=\"column\" data-settings=\"{&quot;background_background&quot;:&quot;classic&quot;}\">\n\t\t\t<div class=\"elementor-widget-wrap elementor-element-populated\">\n\t\t\t\t\t\t<section data-particle_enable=\"false\" data-particle-mobile-disabled=\"false\" class=\"elementor-section elementor-inner-section elementor-element elementor-element-f763462 elementor-section-boxed elementor-section-height-default elementor-section-height-default\" data-id=\"f763462\" data-element_type=\"section\" data-e-type=\"section\">\n\t\t\t\t\t\t<div class=\"elementor-container elementor-column-gap-default\">\n\t\t\t\t\t<div class=\"elementor-column elementor-col-100 elementor-inner-column elementor-element elementor-element-6eb07b5\" data-id=\"6eb07b5\" data-element_type=\"column\" data-e-type=\"column\">\n\t\t\t<div class=\"elementor-widget-wrap elementor-element-populated\">\n\t\t\t\t\t\t<div class=\"elementor-element elementor-element-8905d05 elementor-widget elementor-widget-heading\" data-id=\"8905d05\" data-element_type=\"widget\" data-e-type=\"widget\" data-widget_type=\"heading.default\">\n\t\t\t\t<div class=\"elementor-widget-container\">\n\t\t\t\t\t<h5 class=\"elementor-heading-title elementor-size-default\">Key words :<\/h5>\t\t\t\t<\/div>\n\t\t\t\t<\/div>\n\t\t\t\t\t<\/div>\n\t\t<\/div>\n\t\t\t\t\t<\/div>\n\t\t<\/section>\n\t\t\t\t<div class=\"elementor-element elementor-element-5f73927 elementor-invisible elementor-widget elementor-widget-text-editor\" data-id=\"5f73927\" data-element_type=\"widget\" data-e-type=\"widget\" data-settings=\"{&quot;_animation&quot;:&quot;bounceInRight&quot;}\" data-widget_type=\"text-editor.default\">\n\t\t\t\t<div class=\"elementor-widget-container\">\n\t\t\t\t\t\t\t\t\t<p style=\"text-align: right;\">Climate, Security, Defence, UN, UNSC, Strategy, Diplomacy, Multilateralism, Peace,<\/p><p style=\"text-align: right;\">POLDEF, 72SNPD, 72POLDEF<\/p>\t\t\t\t\t\t\t\t<\/div>\n\t\t\t\t<\/div>\n\t\t\t\t\t<\/div>\n\t\t<\/div>\n\t\t\t\t\t<\/div>\n\t\t<\/section>\n\t\t\t\t<\/div>","protected":false},"excerpt":{"rendered":"<p><strong><span style=\"color: #c80a23;\">Committee 2-1<\/span><\/strong><br \/>\nAs with the Covid-19 crisis, climate change underlines both the growing fragility of multilateralism and the urgent need to rethink global governance to better anticipate crises and manage them collectively.<\/p>","protected":false},"author":1,"featured_media":10680,"comment_status":"closed","ping_status":"closed","sticky":false,"template":"","format":"standard","meta":{"footnotes":""},"categories":[1],"tags":[121,108,120],"class_list":["post-10582","post","type-post","status-publish","format-standard","has-post-thumbnail","hentry","category-uncategorized","tag-diplomatie","tag-securite","tag-strategie"],"yoast_head":"<!-- This site is optimized with the Yoast SEO plugin v27.5 - https:\/\/yoast.com\/product\/yoast-seo-wordpress\/ -->\n<title>Impacts d\u2019un monde \u00e0 deux degr\u00e9s de plus sur le Conseil de s\u00e9curit\u00e9 de l\u2019ONU : quels enjeux et strat\u00e9gies pour la France ? - L&#039;IHEDN : Institut des hautes \u00e9tudes de d\u00e9fense nationale<\/title>\n<meta name=\"robots\" content=\"index, follow, max-snippet:-1, max-image-preview:large, max-video-preview:-1\" \/>\n<link rel=\"canonical\" href=\"https:\/\/ihedn.fr\/en\/travaux-des-auditeurs\/impacts-dun-monde-a-deux-degres-de-plus-sur-le-conseil-de-securite-de-lonu-quels-enjeux-et-strategies-pour-la-france\/\" \/>\n<meta property=\"og:locale\" content=\"en_GB\" \/>\n<meta property=\"og:type\" content=\"article\" \/>\n<meta property=\"og:title\" content=\"Impacts d\u2019un monde \u00e0 deux degr\u00e9s de plus sur le Conseil de s\u00e9curit\u00e9 de l\u2019ONU : quels enjeux et strat\u00e9gies pour la France ? - L&#039;IHEDN : Institut des hautes \u00e9tudes de d\u00e9fense nationale\" \/>\n<meta property=\"og:description\" content=\"Comit\u00e9 2-1 Tout comme pour la crise du Covid-19, le changement climatique souligne tout autant les fragilit\u00e9s croissantes du multilat\u00e9ralisme que la n\u00e9cessit\u00e9 imp\u00e9rieuse de repenser la gouvernance mondiale pour mieux anticiper les crises et les g\u00e9rer collectivement.\" \/>\n<meta property=\"og:url\" content=\"https:\/\/ihedn.fr\/en\/travaux-des-auditeurs\/impacts-dun-monde-a-deux-degres-de-plus-sur-le-conseil-de-securite-de-lonu-quels-enjeux-et-strategies-pour-la-france\/\" \/>\n<meta property=\"og:site_name\" content=\"L&#039;IHEDN : Institut des hautes \u00e9tudes de d\u00e9fense nationale\" \/>\n<meta property=\"article:publisher\" content=\"https:\/\/www.facebook.com\/ihedn\/\" \/>\n<meta property=\"article:published_time\" content=\"2021-05-04T12:54:38+00:00\" \/>\n<meta property=\"article:modified_time\" content=\"2021-06-09T13:57:20+00:00\" \/>\n<meta property=\"og:image\" content=\"https:\/\/ihedn.fr\/wp-content\/uploads\/2021\/05\/Bandeau_SN_72_2.jpg\" \/>\n\t<meta property=\"og:image:width\" content=\"1670\" \/>\n\t<meta property=\"og:image:height\" content=\"300\" \/>\n\t<meta property=\"og:image:type\" content=\"image\/jpeg\" \/>\n<meta name=\"author\" content=\"dev\" \/>\n<meta name=\"twitter:card\" content=\"summary_large_image\" \/>\n<meta name=\"twitter:creator\" content=\"@IHEDN\" \/>\n<meta name=\"twitter:site\" content=\"@IHEDN\" \/>\n<meta name=\"twitter:label1\" content=\"Written by\" \/>\n\t<meta name=\"twitter:data1\" content=\"dev\" \/>\n\t<meta name=\"twitter:label2\" content=\"Estimated reading time\" \/>\n\t<meta name=\"twitter:data2\" content=\"1 minute\" \/>\n<script type=\"application\/ld+json\" class=\"yoast-schema-graph\">{\"@context\":\"https:\\\/\\\/schema.org\",\"@graph\":[{\"@type\":\"Article\",\"@id\":\"https:\\\/\\\/ihedn.fr\\\/travaux-des-auditeurs\\\/impacts-dun-monde-a-deux-degres-de-plus-sur-le-conseil-de-securite-de-lonu-quels-enjeux-et-strategies-pour-la-france\\\/#article\",\"isPartOf\":{\"@id\":\"https:\\\/\\\/ihedn.fr\\\/travaux-des-auditeurs\\\/impacts-dun-monde-a-deux-degres-de-plus-sur-le-conseil-de-securite-de-lonu-quels-enjeux-et-strategies-pour-la-france\\\/\"},\"author\":{\"name\":\"dev\",\"@id\":\"https:\\\/\\\/ihedn.fr\\\/#\\\/schema\\\/person\\\/7a40155595e4efb35323447cb8c8c5a4\"},\"headline\":\"Impacts d\u2019un monde \u00e0 deux degr\u00e9s de plus sur le Conseil de s\u00e9curit\u00e9 de l\u2019ONU : quels enjeux et strat\u00e9gies pour la France ?\",\"datePublished\":\"2021-05-04T12:54:38+00:00\",\"dateModified\":\"2021-06-09T13:57:20+00:00\",\"mainEntityOfPage\":{\"@id\":\"https:\\\/\\\/ihedn.fr\\\/travaux-des-auditeurs\\\/impacts-dun-monde-a-deux-degres-de-plus-sur-le-conseil-de-securite-de-lonu-quels-enjeux-et-strategies-pour-la-france\\\/\"},\"wordCount\":232,\"publisher\":{\"@id\":\"https:\\\/\\\/ihedn.fr\\\/#organization\"},\"image\":{\"@id\":\"https:\\\/\\\/ihedn.fr\\\/travaux-des-auditeurs\\\/impacts-dun-monde-a-deux-degres-de-plus-sur-le-conseil-de-securite-de-lonu-quels-enjeux-et-strategies-pour-la-france\\\/#primaryimage\"},\"thumbnailUrl\":\"https:\\\/\\\/ihedn.fr\\\/wp-content\\\/uploads\\\/2021\\\/05\\\/Bandeau_SN_72_2.jpg\",\"keywords\":[\"Diplomatie\",\"S\u00e9curit\u00e9\",\"Strat\u00e9gie\"],\"articleSection\":[\"Uncategorized\"],\"inLanguage\":\"en-GB\"},{\"@type\":\"WebPage\",\"@id\":\"https:\\\/\\\/ihedn.fr\\\/travaux-des-auditeurs\\\/impacts-dun-monde-a-deux-degres-de-plus-sur-le-conseil-de-securite-de-lonu-quels-enjeux-et-strategies-pour-la-france\\\/\",\"url\":\"https:\\\/\\\/ihedn.fr\\\/travaux-des-auditeurs\\\/impacts-dun-monde-a-deux-degres-de-plus-sur-le-conseil-de-securite-de-lonu-quels-enjeux-et-strategies-pour-la-france\\\/\",\"name\":\"Impacts d\u2019un monde \u00e0 deux degr\u00e9s de plus sur le Conseil de s\u00e9curit\u00e9 de l\u2019ONU : quels enjeux et strat\u00e9gies pour la France ? - L&#039;IHEDN : Institut des hautes \u00e9tudes de d\u00e9fense nationale\",\"isPartOf\":{\"@id\":\"https:\\\/\\\/ihedn.fr\\\/#website\"},\"primaryImageOfPage\":{\"@id\":\"https:\\\/\\\/ihedn.fr\\\/travaux-des-auditeurs\\\/impacts-dun-monde-a-deux-degres-de-plus-sur-le-conseil-de-securite-de-lonu-quels-enjeux-et-strategies-pour-la-france\\\/#primaryimage\"},\"image\":{\"@id\":\"https:\\\/\\\/ihedn.fr\\\/travaux-des-auditeurs\\\/impacts-dun-monde-a-deux-degres-de-plus-sur-le-conseil-de-securite-de-lonu-quels-enjeux-et-strategies-pour-la-france\\\/#primaryimage\"},\"thumbnailUrl\":\"https:\\\/\\\/ihedn.fr\\\/wp-content\\\/uploads\\\/2021\\\/05\\\/Bandeau_SN_72_2.jpg\",\"datePublished\":\"2021-05-04T12:54:38+00:00\",\"dateModified\":\"2021-06-09T13:57:20+00:00\",\"breadcrumb\":{\"@id\":\"https:\\\/\\\/ihedn.fr\\\/travaux-des-auditeurs\\\/impacts-dun-monde-a-deux-degres-de-plus-sur-le-conseil-de-securite-de-lonu-quels-enjeux-et-strategies-pour-la-france\\\/#breadcrumb\"},\"inLanguage\":\"en-GB\",\"potentialAction\":[{\"@type\":\"ReadAction\",\"target\":[\"https:\\\/\\\/ihedn.fr\\\/travaux-des-auditeurs\\\/impacts-dun-monde-a-deux-degres-de-plus-sur-le-conseil-de-securite-de-lonu-quels-enjeux-et-strategies-pour-la-france\\\/\"]}]},{\"@type\":\"ImageObject\",\"inLanguage\":\"en-GB\",\"@id\":\"https:\\\/\\\/ihedn.fr\\\/travaux-des-auditeurs\\\/impacts-dun-monde-a-deux-degres-de-plus-sur-le-conseil-de-securite-de-lonu-quels-enjeux-et-strategies-pour-la-france\\\/#primaryimage\",\"url\":\"https:\\\/\\\/ihedn.fr\\\/wp-content\\\/uploads\\\/2021\\\/05\\\/Bandeau_SN_72_2.jpg\",\"contentUrl\":\"https:\\\/\\\/ihedn.fr\\\/wp-content\\\/uploads\\\/2021\\\/05\\\/Bandeau_SN_72_2.jpg\",\"width\":1670,\"height\":300,\"caption\":\"\u00a9IHEDN | Travaux des auditeurs : 72e POLDEF (2019-2020)\"},{\"@type\":\"BreadcrumbList\",\"@id\":\"https:\\\/\\\/ihedn.fr\\\/travaux-des-auditeurs\\\/impacts-dun-monde-a-deux-degres-de-plus-sur-le-conseil-de-securite-de-lonu-quels-enjeux-et-strategies-pour-la-france\\\/#breadcrumb\",\"itemListElement\":[{\"@type\":\"ListItem\",\"position\":1,\"name\":\"Accueil\",\"item\":\"https:\\\/\\\/ihedn.fr\\\/\"},{\"@type\":\"ListItem\",\"position\":2,\"name\":\"Impacts d\u2019un monde \u00e0 deux degr\u00e9s de plus sur le Conseil de s\u00e9curit\u00e9 de l\u2019ONU : quels enjeux et strat\u00e9gies pour la France ?\"}]},{\"@type\":\"WebSite\",\"@id\":\"https:\\\/\\\/ihedn.fr\\\/#website\",\"url\":\"https:\\\/\\\/ihedn.fr\\\/\",\"name\":\"IHEDN : Institut des hautes \u00e9tudes de d\u00e9fense nationale |\",\"description\":\"Site officiel de l&#039;IHEDN plac\u00e9 sous la tutelle du Premier ministre.\",\"publisher\":{\"@id\":\"https:\\\/\\\/ihedn.fr\\\/#organization\"},\"potentialAction\":[{\"@type\":\"SearchAction\",\"target\":{\"@type\":\"EntryPoint\",\"urlTemplate\":\"https:\\\/\\\/ihedn.fr\\\/?s={search_term_string}\"},\"query-input\":{\"@type\":\"PropertyValueSpecification\",\"valueRequired\":true,\"valueName\":\"search_term_string\"}}],\"inLanguage\":\"en-GB\"},{\"@type\":\"Organization\",\"@id\":\"https:\\\/\\\/ihedn.fr\\\/#organization\",\"name\":\"IHEDN - Institut des Hautes Etudes de D\u00e9fense Nationale\",\"url\":\"https:\\\/\\\/ihedn.fr\\\/\",\"logo\":{\"@type\":\"ImageObject\",\"inLanguage\":\"en-GB\",\"@id\":\"https:\\\/\\\/ihedn.fr\\\/#\\\/schema\\\/logo\\\/image\\\/\",\"url\":\"https:\\\/\\\/ihedn.fr\\\/wp-content\\\/uploads\\\/2020\\\/11\\\/BLOC_RF_IHEDN_WEB.png\",\"contentUrl\":\"https:\\\/\\\/ihedn.fr\\\/wp-content\\\/uploads\\\/2020\\\/11\\\/BLOC_RF_IHEDN_WEB.png\",\"width\":500,\"height\":237,\"caption\":\"IHEDN - Institut des Hautes Etudes de D\u00e9fense Nationale\"},\"image\":{\"@id\":\"https:\\\/\\\/ihedn.fr\\\/#\\\/schema\\\/logo\\\/image\\\/\"},\"sameAs\":[\"https:\\\/\\\/www.facebook.com\\\/ihedn\\\/\",\"https:\\\/\\\/x.com\\\/IHEDN\",\"https:\\\/\\\/www.instagram.com\\\/ihedn\\\/\",\"https:\\\/\\\/www.linkedin.com\\\/school\\\/ihedn\\\/\",\"https:\\\/\\\/fr.wikipedia.org\\\/wiki\\\/Institut_des_hautes_\u00e9tudes_de_D\u00e9fense_nationale\"]},{\"@type\":\"Person\",\"@id\":\"https:\\\/\\\/ihedn.fr\\\/#\\\/schema\\\/person\\\/7a40155595e4efb35323447cb8c8c5a4\",\"name\":\"dev\",\"image\":{\"@type\":\"ImageObject\",\"inLanguage\":\"en-GB\",\"@id\":\"https:\\\/\\\/secure.gravatar.com\\\/avatar\\\/f1ffcac9ca2fa95ad3ec33e9be3ade82f752acb0cabe541e56c5889225afa88a?s=96&d=mm&r=g\",\"url\":\"https:\\\/\\\/secure.gravatar.com\\\/avatar\\\/f1ffcac9ca2fa95ad3ec33e9be3ade82f752acb0cabe541e56c5889225afa88a?s=96&d=mm&r=g\",\"contentUrl\":\"https:\\\/\\\/secure.gravatar.com\\\/avatar\\\/f1ffcac9ca2fa95ad3ec33e9be3ade82f752acb0cabe541e56c5889225afa88a?s=96&d=mm&r=g\",\"caption\":\"dev\"},\"sameAs\":[\"https:\\\/\\\/ihedn.concilium.click\"],\"url\":\"https:\\\/\\\/ihedn.fr\\\/en\\\/author\\\/dev\\\/\"}]}<\/script>\n<!-- \/ Yoast SEO plugin. -->","yoast_head_json":{"title":"The impact of a two-degree world on the UN Security Council: what issues and strategies for France? - IHEDN: Institute for Advanced National Defence Studies","robots":{"index":"index","follow":"follow","max-snippet":"max-snippet:-1","max-image-preview":"max-image-preview:large","max-video-preview":"max-video-preview:-1"},"canonical":"https:\/\/ihedn.fr\/en\/travaux-des-auditeurs\/impacts-dun-monde-a-deux-degres-de-plus-sur-le-conseil-de-securite-de-lonu-quels-enjeux-et-strategies-pour-la-france\/","og_locale":"en_GB","og_type":"article","og_title":"Impacts d\u2019un monde \u00e0 deux degr\u00e9s de plus sur le Conseil de s\u00e9curit\u00e9 de l\u2019ONU : quels enjeux et strat\u00e9gies pour la France ? - L&#039;IHEDN : Institut des hautes \u00e9tudes de d\u00e9fense nationale","og_description":"Comit\u00e9 2-1 Tout comme pour la crise du Covid-19, le changement climatique souligne tout autant les fragilit\u00e9s croissantes du multilat\u00e9ralisme que la n\u00e9cessit\u00e9 imp\u00e9rieuse de repenser la gouvernance mondiale pour mieux anticiper les crises et les g\u00e9rer collectivement.","og_url":"https:\/\/ihedn.fr\/en\/travaux-des-auditeurs\/impacts-dun-monde-a-deux-degres-de-plus-sur-le-conseil-de-securite-de-lonu-quels-enjeux-et-strategies-pour-la-france\/","og_site_name":"L&#039;IHEDN : Institut des hautes \u00e9tudes de d\u00e9fense nationale","article_publisher":"https:\/\/www.facebook.com\/ihedn\/","article_published_time":"2021-05-04T12:54:38+00:00","article_modified_time":"2021-06-09T13:57:20+00:00","og_image":[{"width":1670,"height":300,"url":"https:\/\/ihedn.fr\/wp-content\/uploads\/2021\/05\/Bandeau_SN_72_2.jpg","type":"image\/jpeg"}],"author":"dev","twitter_card":"summary_large_image","twitter_creator":"@IHEDN","twitter_site":"@IHEDN","twitter_misc":{"Written by":"dev","Estimated reading time":"1 minute"},"schema":{"@context":"https:\/\/schema.org","@graph":[{"@type":"Article","@id":"https:\/\/ihedn.fr\/travaux-des-auditeurs\/impacts-dun-monde-a-deux-degres-de-plus-sur-le-conseil-de-securite-de-lonu-quels-enjeux-et-strategies-pour-la-france\/#article","isPartOf":{"@id":"https:\/\/ihedn.fr\/travaux-des-auditeurs\/impacts-dun-monde-a-deux-degres-de-plus-sur-le-conseil-de-securite-de-lonu-quels-enjeux-et-strategies-pour-la-france\/"},"author":{"name":"dev","@id":"https:\/\/ihedn.fr\/#\/schema\/person\/7a40155595e4efb35323447cb8c8c5a4"},"headline":"Impacts d\u2019un monde \u00e0 deux degr\u00e9s de plus sur le Conseil de s\u00e9curit\u00e9 de l\u2019ONU : quels enjeux et strat\u00e9gies pour la France ?","datePublished":"2021-05-04T12:54:38+00:00","dateModified":"2021-06-09T13:57:20+00:00","mainEntityOfPage":{"@id":"https:\/\/ihedn.fr\/travaux-des-auditeurs\/impacts-dun-monde-a-deux-degres-de-plus-sur-le-conseil-de-securite-de-lonu-quels-enjeux-et-strategies-pour-la-france\/"},"wordCount":232,"publisher":{"@id":"https:\/\/ihedn.fr\/#organization"},"image":{"@id":"https:\/\/ihedn.fr\/travaux-des-auditeurs\/impacts-dun-monde-a-deux-degres-de-plus-sur-le-conseil-de-securite-de-lonu-quels-enjeux-et-strategies-pour-la-france\/#primaryimage"},"thumbnailUrl":"https:\/\/ihedn.fr\/wp-content\/uploads\/2021\/05\/Bandeau_SN_72_2.jpg","keywords":["Diplomatie","S\u00e9curit\u00e9","Strat\u00e9gie"],"articleSection":["Uncategorized"],"inLanguage":"en-GB"},{"@type":"WebPage","@id":"https:\/\/ihedn.fr\/travaux-des-auditeurs\/impacts-dun-monde-a-deux-degres-de-plus-sur-le-conseil-de-securite-de-lonu-quels-enjeux-et-strategies-pour-la-france\/","url":"https:\/\/ihedn.fr\/travaux-des-auditeurs\/impacts-dun-monde-a-deux-degres-de-plus-sur-le-conseil-de-securite-de-lonu-quels-enjeux-et-strategies-pour-la-france\/","name":"The impact of a two-degree world on the UN Security Council: what issues and strategies for France? - IHEDN: Institute for Advanced National Defence Studies","isPartOf":{"@id":"https:\/\/ihedn.fr\/#website"},"primaryImageOfPage":{"@id":"https:\/\/ihedn.fr\/travaux-des-auditeurs\/impacts-dun-monde-a-deux-degres-de-plus-sur-le-conseil-de-securite-de-lonu-quels-enjeux-et-strategies-pour-la-france\/#primaryimage"},"image":{"@id":"https:\/\/ihedn.fr\/travaux-des-auditeurs\/impacts-dun-monde-a-deux-degres-de-plus-sur-le-conseil-de-securite-de-lonu-quels-enjeux-et-strategies-pour-la-france\/#primaryimage"},"thumbnailUrl":"https:\/\/ihedn.fr\/wp-content\/uploads\/2021\/05\/Bandeau_SN_72_2.jpg","datePublished":"2021-05-04T12:54:38+00:00","dateModified":"2021-06-09T13:57:20+00:00","breadcrumb":{"@id":"https:\/\/ihedn.fr\/travaux-des-auditeurs\/impacts-dun-monde-a-deux-degres-de-plus-sur-le-conseil-de-securite-de-lonu-quels-enjeux-et-strategies-pour-la-france\/#breadcrumb"},"inLanguage":"en-GB","potentialAction":[{"@type":"ReadAction","target":["https:\/\/ihedn.fr\/travaux-des-auditeurs\/impacts-dun-monde-a-deux-degres-de-plus-sur-le-conseil-de-securite-de-lonu-quels-enjeux-et-strategies-pour-la-france\/"]}]},{"@type":"ImageObject","inLanguage":"en-GB","@id":"https:\/\/ihedn.fr\/travaux-des-auditeurs\/impacts-dun-monde-a-deux-degres-de-plus-sur-le-conseil-de-securite-de-lonu-quels-enjeux-et-strategies-pour-la-france\/#primaryimage","url":"https:\/\/ihedn.fr\/wp-content\/uploads\/2021\/05\/Bandeau_SN_72_2.jpg","contentUrl":"https:\/\/ihedn.fr\/wp-content\/uploads\/2021\/05\/Bandeau_SN_72_2.jpg","width":1670,"height":300,"caption":"\u00a9IHEDN | Travaux des auditeurs : 72e POLDEF (2019-2020)"},{"@type":"BreadcrumbList","@id":"https:\/\/ihedn.fr\/travaux-des-auditeurs\/impacts-dun-monde-a-deux-degres-de-plus-sur-le-conseil-de-securite-de-lonu-quels-enjeux-et-strategies-pour-la-france\/#breadcrumb","itemListElement":[{"@type":"ListItem","position":1,"name":"Accueil","item":"https:\/\/ihedn.fr\/"},{"@type":"ListItem","position":2,"name":"Impacts d\u2019un monde \u00e0 deux degr\u00e9s de plus sur le Conseil de s\u00e9curit\u00e9 de l\u2019ONU : quels enjeux et strat\u00e9gies pour la France ?"}]},{"@type":"WebSite","@id":"https:\/\/ihedn.fr\/#website","url":"https:\/\/ihedn.fr\/","name":"IHEDN: Institut des hautes \u00e9tudes de d\u00e9fense nationale (Institute for Higher National Defence Studies)","description":"Official website of the IHEDN under the supervision of the Prime Minister.","publisher":{"@id":"https:\/\/ihedn.fr\/#organization"},"potentialAction":[{"@type":"SearchAction","target":{"@type":"EntryPoint","urlTemplate":"https:\/\/ihedn.fr\/?s={search_term_string}"},"query-input":{"@type":"PropertyValueSpecification","valueRequired":true,"valueName":"search_term_string"}}],"inLanguage":"en-GB"},{"@type":"Organization","@id":"https:\/\/ihedn.fr\/#organization","name":"IHEDN - Institute for Higher National Defence Studies","url":"https:\/\/ihedn.fr\/","logo":{"@type":"ImageObject","inLanguage":"en-GB","@id":"https:\/\/ihedn.fr\/#\/schema\/logo\/image\/","url":"https:\/\/ihedn.fr\/wp-content\/uploads\/2020\/11\/BLOC_RF_IHEDN_WEB.png","contentUrl":"https:\/\/ihedn.fr\/wp-content\/uploads\/2020\/11\/BLOC_RF_IHEDN_WEB.png","width":500,"height":237,"caption":"IHEDN - Institut des Hautes Etudes de D\u00e9fense Nationale"},"image":{"@id":"https:\/\/ihedn.fr\/#\/schema\/logo\/image\/"},"sameAs":["https:\/\/www.facebook.com\/ihedn\/","https:\/\/x.com\/IHEDN","https:\/\/www.instagram.com\/ihedn\/","https:\/\/www.linkedin.com\/school\/ihedn\/","https:\/\/fr.wikipedia.org\/wiki\/Institut_des_hautes_\u00e9tudes_de_D\u00e9fense_nationale"]},{"@type":"Person","@id":"https:\/\/ihedn.fr\/#\/schema\/person\/7a40155595e4efb35323447cb8c8c5a4","name":"dev","image":{"@type":"ImageObject","inLanguage":"en-GB","@id":"https:\/\/secure.gravatar.com\/avatar\/f1ffcac9ca2fa95ad3ec33e9be3ade82f752acb0cabe541e56c5889225afa88a?s=96&d=mm&r=g","url":"https:\/\/secure.gravatar.com\/avatar\/f1ffcac9ca2fa95ad3ec33e9be3ade82f752acb0cabe541e56c5889225afa88a?s=96&d=mm&r=g","contentUrl":"https:\/\/secure.gravatar.com\/avatar\/f1ffcac9ca2fa95ad3ec33e9be3ade82f752acb0cabe541e56c5889225afa88a?s=96&d=mm&r=g","caption":"dev"},"sameAs":["https:\/\/ihedn.concilium.click"],"url":"https:\/\/ihedn.fr\/en\/author\/dev\/"}]}},"publishpress_future_action":{"enabled":false,"date":"2026-05-08 03:43:01","action":"change-status","newStatus":"draft","terms":[],"taxonomy":"category","extraData":[]},"publishpress_future_workflow_manual_trigger":{"enabledWorkflows":[]},"_links":{"self":[{"href":"https:\/\/ihedn.fr\/en\/wp-json\/wp\/v2\/posts\/10582","targetHints":{"allow":["GET"]}}],"collection":[{"href":"https:\/\/ihedn.fr\/en\/wp-json\/wp\/v2\/posts"}],"about":[{"href":"https:\/\/ihedn.fr\/en\/wp-json\/wp\/v2\/types\/post"}],"author":[{"embeddable":true,"href":"https:\/\/ihedn.fr\/en\/wp-json\/wp\/v2\/users\/1"}],"replies":[{"embeddable":true,"href":"https:\/\/ihedn.fr\/en\/wp-json\/wp\/v2\/comments?post=10582"}],"version-history":[{"count":5,"href":"https:\/\/ihedn.fr\/en\/wp-json\/wp\/v2\/posts\/10582\/revisions"}],"predecessor-version":[{"id":12195,"href":"https:\/\/ihedn.fr\/en\/wp-json\/wp\/v2\/posts\/10582\/revisions\/12195"}],"wp:featuredmedia":[{"embeddable":true,"href":"https:\/\/ihedn.fr\/en\/wp-json\/wp\/v2\/media\/10680"}],"wp:attachment":[{"href":"https:\/\/ihedn.fr\/en\/wp-json\/wp\/v2\/media?parent=10582"}],"wp:term":[{"taxonomy":"category","embeddable":true,"href":"https:\/\/ihedn.fr\/en\/wp-json\/wp\/v2\/categories?post=10582"},{"taxonomy":"post_tag","embeddable":true,"href":"https:\/\/ihedn.fr\/en\/wp-json\/wp\/v2\/tags?post=10582"}],"curies":[{"name":"wp","href":"https:\/\/api.w.org\/{rel}","templated":true}]}}