{"id":10609,"date":"2021-05-04T14:36:09","date_gmt":"2021-05-04T13:36:09","guid":{"rendered":"https:\/\/ihedn.fr\/?p=10609"},"modified":"2021-06-09T14:57:06","modified_gmt":"2021-06-09T13:57:06","slug":"enjeux-de-securite-et-de-defense-dans-la-perspective-dun-monde-a-deux-degres-de-plus-etat-des-lieux-et-strategie-francaise-a-lonu","status":"publish","type":"post","link":"https:\/\/ihedn.fr\/en\/uncategorized\/enjeux-de-securite-et-de-defense-dans-la-perspective-dun-monde-a-deux-degres-de-plus-etat-des-lieux-et-strategie-francaise-a-lonu\/","title":{"rendered":"Security and defence issues in a two-degree world, the current situation and France's strategy at the UN."},"content":{"rendered":"<div data-elementor-type=\"wp-post\" data-elementor-id=\"10609\" class=\"elementor elementor-10609\" data-elementor-post-type=\"post\">\n\t\t\t\t\t\t<section data-particle_enable=\"false\" data-particle-mobile-disabled=\"false\" class=\"elementor-section elementor-top-section elementor-element elementor-element-d16ae78 elementor-section-boxed elementor-section-height-default elementor-section-height-default\" data-id=\"d16ae78\" data-element_type=\"section\" data-e-type=\"section\">\n\t\t\t\t\t\t<div class=\"elementor-container elementor-column-gap-default\">\n\t\t\t\t\t<div class=\"elementor-column elementor-col-100 elementor-top-column elementor-element elementor-element-803f05d\" data-id=\"803f05d\" data-element_type=\"column\" data-e-type=\"column\">\n\t\t\t<div class=\"elementor-widget-wrap elementor-element-populated\">\n\t\t\t\t\t\t<div class=\"elementor-element elementor-element-6ce77c7 elementor-widget elementor-widget-heading\" data-id=\"6ce77c7\" data-element_type=\"widget\" data-e-type=\"widget\" data-widget_type=\"heading.default\">\n\t\t\t\t<div class=\"elementor-widget-container\">\n\t\t\t\t\t<h1 class=\"elementor-heading-title elementor-size-default\">Security and defence issues in a two-degree world, the current situation and France's strategy at the UN.<\/h1>\t\t\t\t<\/div>\n\t\t\t\t<\/div>\n\t\t\t\t\t<\/div>\n\t\t<\/div>\n\t\t\t\t\t<\/div>\n\t\t<\/section>\n\t\t\t\t<section data-particle_enable=\"false\" data-particle-mobile-disabled=\"false\" class=\"elementor-section elementor-top-section elementor-element elementor-element-307dca8 elementor-section-boxed elementor-section-height-default elementor-section-height-default\" data-id=\"307dca8\" data-element_type=\"section\" data-e-type=\"section\">\n\t\t\t\t\t\t<div class=\"elementor-container elementor-column-gap-default\">\n\t\t\t\t\t<div class=\"elementor-column elementor-col-100 elementor-top-column elementor-element elementor-element-acdef6f\" data-id=\"acdef6f\" data-element_type=\"column\" data-e-type=\"column\">\n\t\t\t<div class=\"elementor-widget-wrap elementor-element-populated\">\n\t\t\t\t\t\t<div class=\"elementor-element elementor-element-0e35590 elementor-widget elementor-widget-heading\" data-id=\"0e35590\" data-element_type=\"widget\" data-e-type=\"widget\" data-widget_type=\"heading.default\">\n\t\t\t\t<div class=\"elementor-widget-container\">\n\t\t\t\t\t<h4 class=\"elementor-heading-title elementor-size-default\">Committee 2-2 <\/h4>\t\t\t\t<\/div>\n\t\t\t\t<\/div>\n\t\t\t\t<div class=\"elementor-element elementor-element-5745aa2 elementor-widget elementor-widget-text-editor\" data-id=\"5745aa2\" data-element_type=\"widget\" data-e-type=\"widget\" data-widget_type=\"text-editor.default\">\n\t\t\t\t<div class=\"elementor-widget-container\">\n\t\t\t\t\t\t\t\t\t<p>In an analysis that crosses both the domestic and international scenes, this work presents the many possibilities for French diplomacy to act on the subject. To promote the link between climate and security, it is proposed that France should adopt a \"multi-channel strategy\" to influence the various UN bodies, according to their specific characteristics.<\/p>\t\t\t\t\t\t\t\t<\/div>\n\t\t\t\t<\/div>\n\t\t\t\t<div class=\"elementor-element elementor-element-7cb58fa elementor-position-inline-end elementor-view-default elementor-mobile-position-block-start elementor-widget elementor-widget-icon-box\" data-id=\"7cb58fa\" data-element_type=\"widget\" data-e-type=\"widget\" data-widget_type=\"icon-box.default\">\n\t\t\t\t<div class=\"elementor-widget-container\">\n\t\t\t\t\t\t\t<div class=\"elementor-icon-box-wrapper\">\n\n\t\t\t\t\t\t<div class=\"elementor-icon-box-icon\">\n\t\t\t\t<a href=\"https:\/\/ihedn.fr\/wp-content\/uploads\/2021\/06\/IHEDN-72eSN-POLDEF-C2.2-Note_operationnelle.pdf\" class=\"elementor-icon\" tabindex=\"-1\" aria-label=\"Download the article\">\n\t\t\t\t<svg aria-hidden=\"true\" class=\"e-font-icon-svg e-fas-file-download\" viewbox=\"0 0 384 512\" xmlns=\"http:\/\/www.w3.org\/2000\/svg\"><path d=\"M224 136V0H24C10.7 0 0 10.7 0 24v464c0 13.3 10.7 24 24 24h336c13.3 0 24-10.7 24-24V160H248c-13.2 0-24-10.8-24-24zm76.45 211.36l-96.42 95.7c-6.65 6.61-17.39 6.61-24.04 0l-96.42-95.7C73.42 337.29 80.54 320 94.82 320H160v-80c0-8.84 7.16-16 16-16h32c8.84 0 16 7.16 16 16v80h65.18c14.28 0 21.4 17.29 11.27 27.36zM377 105L279.1 7c-4.5-4.5-10.6-7-17-7H256v128h128v-6.1c0-6.3-2.5-12.4-7-16.9z\"><\/path><\/svg>\t\t\t\t<\/a>\n\t\t\t<\/div>\n\t\t\t\n\t\t\t\t\t\t<div class=\"elementor-icon-box-content\">\n\n\t\t\t\t\t\t\t\t\t<h3 class=\"elementor-icon-box-title\">\n\t\t\t\t\t\t<a href=\"https:\/\/ihedn.fr\/wp-content\/uploads\/2021\/06\/IHEDN-72eSN-POLDEF-C2.2-Note_operationnelle.pdf\" >\n\t\t\t\t\t\t\tDownload the article\t\t\t\t\t\t<\/a>\n\t\t\t\t\t<\/h3>\n\t\t\t\t\n\t\t\t\t\n\t\t\t<\/div>\n\t\t\t\n\t\t<\/div>\n\t\t\t\t\t\t<\/div>\n\t\t\t\t<\/div>\n\t\t\t\t\t<\/div>\n\t\t<\/div>\n\t\t\t\t\t<\/div>\n\t\t<\/section>\n\t\t\t\t<section data-particle_enable=\"false\" data-particle-mobile-disabled=\"false\" class=\"elementor-section elementor-top-section elementor-element elementor-element-5a1fdf9 elementor-section-boxed elementor-section-height-default elementor-section-height-default elementor-invisible\" data-id=\"5a1fdf9\" data-element_type=\"section\" data-e-type=\"section\" data-settings=\"{&quot;animation&quot;:&quot;bounceInRight&quot;}\">\n\t\t\t\t\t\t\t<div class=\"elementor-background-overlay\"><\/div>\n\t\t\t\t\t\t\t<div class=\"elementor-container elementor-column-gap-default\">\n\t\t\t\t\t<div class=\"elementor-column elementor-col-100 elementor-top-column elementor-element elementor-element-a3db7d3\" data-id=\"a3db7d3\" data-element_type=\"column\" data-e-type=\"column\" data-settings=\"{&quot;background_background&quot;:&quot;classic&quot;}\">\n\t\t\t<div class=\"elementor-widget-wrap elementor-element-populated\">\n\t\t\t\t\t\t<section data-particle_enable=\"false\" data-particle-mobile-disabled=\"false\" class=\"elementor-section elementor-inner-section elementor-element elementor-element-19b9185 elementor-section-boxed elementor-section-height-default elementor-section-height-default\" data-id=\"19b9185\" data-element_type=\"section\" data-e-type=\"section\">\n\t\t\t\t\t\t<div class=\"elementor-container elementor-column-gap-default\">\n\t\t\t\t\t<div class=\"elementor-column elementor-col-100 elementor-inner-column elementor-element elementor-element-144b796\" data-id=\"144b796\" data-element_type=\"column\" data-e-type=\"column\">\n\t\t\t<div class=\"elementor-widget-wrap elementor-element-populated\">\n\t\t\t\t\t\t<div class=\"elementor-element elementor-element-2db9f4e elementor-widget elementor-widget-heading\" data-id=\"2db9f4e\" data-element_type=\"widget\" data-e-type=\"widget\" data-widget_type=\"heading.default\">\n\t\t\t\t<div class=\"elementor-widget-container\">\n\t\t\t\t\t<h5 class=\"elementor-heading-title elementor-size-default\">Key words :<\/h5>\t\t\t\t<\/div>\n\t\t\t\t<\/div>\n\t\t\t\t\t<\/div>\n\t\t<\/div>\n\t\t\t\t\t<\/div>\n\t\t<\/section>\n\t\t\t\t<div class=\"elementor-element elementor-element-a97f6cb elementor-invisible elementor-widget elementor-widget-text-editor\" data-id=\"a97f6cb\" data-element_type=\"widget\" data-e-type=\"widget\" data-settings=\"{&quot;_animation&quot;:&quot;bounceInRight&quot;}\" data-widget_type=\"text-editor.default\">\n\t\t\t\t<div class=\"elementor-widget-container\">\n\t\t\t\t\t\t\t\t\t<p style=\"text-align: right;\">Climate Security Defence UN Strategy Diplomacy Multilateralism Peace<\/p><p style=\"text-align: right;\">POLDEF, 72SNPD, 72POLDEF<\/p>\t\t\t\t\t\t\t\t<\/div>\n\t\t\t\t<\/div>\n\t\t\t\t\t<\/div>\n\t\t<\/div>\n\t\t\t\t\t<\/div>\n\t\t<\/section>\n\t\t\t\t<\/div>","protected":false},"excerpt":{"rendered":"<p><strong><span style=\"color: #c80a23;\">Committee 2-2 <\/span><\/strong><br \/>\nIn an analysis that looks at both the domestic and international scenes, this work sets out the many ways in which French diplomacy can take action on this issue.<\/p>","protected":false},"author":1,"featured_media":10680,"comment_status":"closed","ping_status":"closed","sticky":false,"template":"","format":"standard","meta":{"footnotes":""},"categories":[1],"tags":[121,108,120],"class_list":["post-10609","post","type-post","status-publish","format-standard","has-post-thumbnail","hentry","category-uncategorized","tag-diplomatie","tag-securite","tag-strategie"],"yoast_head":"<!-- This site is optimized with the Yoast SEO plugin v27.5 - https:\/\/yoast.com\/product\/yoast-seo-wordpress\/ -->\n<title>Enjeux de s\u00e9curit\u00e9 et de d\u00e9fense dans la perspective d\u2019un monde \u00e0 deux degr\u00e9s de plus, \u00e9tat des lieux et strat\u00e9gie fran\u00e7aise \u00e0 l\u2019ONU. - L&#039;IHEDN : Institut des hautes \u00e9tudes de d\u00e9fense nationale<\/title>\n<meta name=\"robots\" content=\"index, follow, max-snippet:-1, max-image-preview:large, max-video-preview:-1\" \/>\n<link rel=\"canonical\" href=\"https:\/\/ihedn.fr\/en\/travaux-des-auditeurs\/enjeux-de-securite-et-de-defense-dans-la-perspective-dun-monde-a-deux-degres-de-plus-etat-des-lieux-et-strategie-francaise-a-lonu\/\" \/>\n<meta property=\"og:locale\" content=\"en_GB\" \/>\n<meta property=\"og:type\" content=\"article\" \/>\n<meta property=\"og:title\" content=\"Enjeux de s\u00e9curit\u00e9 et de d\u00e9fense dans la perspective d\u2019un monde \u00e0 deux degr\u00e9s de plus, \u00e9tat des lieux et strat\u00e9gie fran\u00e7aise \u00e0 l\u2019ONU. - L&#039;IHEDN : Institut des hautes \u00e9tudes de d\u00e9fense nationale\" \/>\n<meta property=\"og:description\" content=\"Comit\u00e9 2-2  Dans une analyse croisant \u00e0 la fois la sc\u00e8ne int\u00e9rieure et internationale, ce travail pr\u00e9sente les nombreuses possibilit\u00e9s pour la diplomatie fran\u00e7aise d\u2019agir sur le sujet.\" \/>\n<meta property=\"og:url\" content=\"https:\/\/ihedn.fr\/en\/travaux-des-auditeurs\/enjeux-de-securite-et-de-defense-dans-la-perspective-dun-monde-a-deux-degres-de-plus-etat-des-lieux-et-strategie-francaise-a-lonu\/\" \/>\n<meta property=\"og:site_name\" content=\"L&#039;IHEDN : Institut des hautes \u00e9tudes de d\u00e9fense nationale\" \/>\n<meta property=\"article:publisher\" content=\"https:\/\/www.facebook.com\/ihedn\/\" \/>\n<meta property=\"article:published_time\" content=\"2021-05-04T13:36:09+00:00\" \/>\n<meta property=\"article:modified_time\" content=\"2021-06-09T13:57:06+00:00\" \/>\n<meta property=\"og:image\" content=\"https:\/\/ihedn.fr\/wp-content\/uploads\/2021\/05\/Bandeau_SN_72_2.jpg\" \/>\n\t<meta property=\"og:image:width\" content=\"1670\" \/>\n\t<meta property=\"og:image:height\" content=\"300\" \/>\n\t<meta property=\"og:image:type\" content=\"image\/jpeg\" \/>\n<meta name=\"author\" content=\"dev\" \/>\n<meta name=\"twitter:card\" content=\"summary_large_image\" \/>\n<meta name=\"twitter:creator\" content=\"@IHEDN\" \/>\n<meta name=\"twitter:site\" content=\"@IHEDN\" \/>\n<meta name=\"twitter:label1\" content=\"Written by\" \/>\n\t<meta name=\"twitter:data1\" content=\"dev\" \/>\n\t<meta name=\"twitter:label2\" content=\"Estimated reading time\" \/>\n\t<meta name=\"twitter:data2\" content=\"1 minute\" \/>\n<script type=\"application\/ld+json\" class=\"yoast-schema-graph\">{\"@context\":\"https:\\\/\\\/schema.org\",\"@graph\":[{\"@type\":\"Article\",\"@id\":\"https:\\\/\\\/ihedn.fr\\\/travaux-des-auditeurs\\\/enjeux-de-securite-et-de-defense-dans-la-perspective-dun-monde-a-deux-degres-de-plus-etat-des-lieux-et-strategie-francaise-a-lonu\\\/#article\",\"isPartOf\":{\"@id\":\"https:\\\/\\\/ihedn.fr\\\/travaux-des-auditeurs\\\/enjeux-de-securite-et-de-defense-dans-la-perspective-dun-monde-a-deux-degres-de-plus-etat-des-lieux-et-strategie-francaise-a-lonu\\\/\"},\"author\":{\"name\":\"dev\",\"@id\":\"https:\\\/\\\/ihedn.fr\\\/#\\\/schema\\\/person\\\/7a40155595e4efb35323447cb8c8c5a4\"},\"headline\":\"Enjeux de s\u00e9curit\u00e9 et de d\u00e9fense dans la perspective d\u2019un monde \u00e0 deux degr\u00e9s de plus, \u00e9tat des lieux et strat\u00e9gie fran\u00e7aise \u00e0 l\u2019ONU.\",\"datePublished\":\"2021-05-04T13:36:09+00:00\",\"dateModified\":\"2021-06-09T13:57:06+00:00\",\"mainEntityOfPage\":{\"@id\":\"https:\\\/\\\/ihedn.fr\\\/travaux-des-auditeurs\\\/enjeux-de-securite-et-de-defense-dans-la-perspective-dun-monde-a-deux-degres-de-plus-etat-des-lieux-et-strategie-francaise-a-lonu\\\/\"},\"wordCount\":125,\"publisher\":{\"@id\":\"https:\\\/\\\/ihedn.fr\\\/#organization\"},\"image\":{\"@id\":\"https:\\\/\\\/ihedn.fr\\\/travaux-des-auditeurs\\\/enjeux-de-securite-et-de-defense-dans-la-perspective-dun-monde-a-deux-degres-de-plus-etat-des-lieux-et-strategie-francaise-a-lonu\\\/#primaryimage\"},\"thumbnailUrl\":\"https:\\\/\\\/ihedn.fr\\\/wp-content\\\/uploads\\\/2021\\\/05\\\/Bandeau_SN_72_2.jpg\",\"keywords\":[\"Diplomatie\",\"S\u00e9curit\u00e9\",\"Strat\u00e9gie\"],\"articleSection\":[\"Uncategorized\"],\"inLanguage\":\"en-GB\"},{\"@type\":\"WebPage\",\"@id\":\"https:\\\/\\\/ihedn.fr\\\/travaux-des-auditeurs\\\/enjeux-de-securite-et-de-defense-dans-la-perspective-dun-monde-a-deux-degres-de-plus-etat-des-lieux-et-strategie-francaise-a-lonu\\\/\",\"url\":\"https:\\\/\\\/ihedn.fr\\\/travaux-des-auditeurs\\\/enjeux-de-securite-et-de-defense-dans-la-perspective-dun-monde-a-deux-degres-de-plus-etat-des-lieux-et-strategie-francaise-a-lonu\\\/\",\"name\":\"Enjeux de s\u00e9curit\u00e9 et de d\u00e9fense dans la perspective d\u2019un monde \u00e0 deux degr\u00e9s de plus, \u00e9tat des lieux et strat\u00e9gie fran\u00e7aise \u00e0 l\u2019ONU. - L&#039;IHEDN : Institut des hautes \u00e9tudes de d\u00e9fense nationale\",\"isPartOf\":{\"@id\":\"https:\\\/\\\/ihedn.fr\\\/#website\"},\"primaryImageOfPage\":{\"@id\":\"https:\\\/\\\/ihedn.fr\\\/travaux-des-auditeurs\\\/enjeux-de-securite-et-de-defense-dans-la-perspective-dun-monde-a-deux-degres-de-plus-etat-des-lieux-et-strategie-francaise-a-lonu\\\/#primaryimage\"},\"image\":{\"@id\":\"https:\\\/\\\/ihedn.fr\\\/travaux-des-auditeurs\\\/enjeux-de-securite-et-de-defense-dans-la-perspective-dun-monde-a-deux-degres-de-plus-etat-des-lieux-et-strategie-francaise-a-lonu\\\/#primaryimage\"},\"thumbnailUrl\":\"https:\\\/\\\/ihedn.fr\\\/wp-content\\\/uploads\\\/2021\\\/05\\\/Bandeau_SN_72_2.jpg\",\"datePublished\":\"2021-05-04T13:36:09+00:00\",\"dateModified\":\"2021-06-09T13:57:06+00:00\",\"breadcrumb\":{\"@id\":\"https:\\\/\\\/ihedn.fr\\\/travaux-des-auditeurs\\\/enjeux-de-securite-et-de-defense-dans-la-perspective-dun-monde-a-deux-degres-de-plus-etat-des-lieux-et-strategie-francaise-a-lonu\\\/#breadcrumb\"},\"inLanguage\":\"en-GB\",\"potentialAction\":[{\"@type\":\"ReadAction\",\"target\":[\"https:\\\/\\\/ihedn.fr\\\/travaux-des-auditeurs\\\/enjeux-de-securite-et-de-defense-dans-la-perspective-dun-monde-a-deux-degres-de-plus-etat-des-lieux-et-strategie-francaise-a-lonu\\\/\"]}]},{\"@type\":\"ImageObject\",\"inLanguage\":\"en-GB\",\"@id\":\"https:\\\/\\\/ihedn.fr\\\/travaux-des-auditeurs\\\/enjeux-de-securite-et-de-defense-dans-la-perspective-dun-monde-a-deux-degres-de-plus-etat-des-lieux-et-strategie-francaise-a-lonu\\\/#primaryimage\",\"url\":\"https:\\\/\\\/ihedn.fr\\\/wp-content\\\/uploads\\\/2021\\\/05\\\/Bandeau_SN_72_2.jpg\",\"contentUrl\":\"https:\\\/\\\/ihedn.fr\\\/wp-content\\\/uploads\\\/2021\\\/05\\\/Bandeau_SN_72_2.jpg\",\"width\":1670,\"height\":300,\"caption\":\"\u00a9IHEDN | Travaux des auditeurs : 72e POLDEF (2019-2020)\"},{\"@type\":\"BreadcrumbList\",\"@id\":\"https:\\\/\\\/ihedn.fr\\\/travaux-des-auditeurs\\\/enjeux-de-securite-et-de-defense-dans-la-perspective-dun-monde-a-deux-degres-de-plus-etat-des-lieux-et-strategie-francaise-a-lonu\\\/#breadcrumb\",\"itemListElement\":[{\"@type\":\"ListItem\",\"position\":1,\"name\":\"Accueil\",\"item\":\"https:\\\/\\\/ihedn.fr\\\/\"},{\"@type\":\"ListItem\",\"position\":2,\"name\":\"Enjeux de s\u00e9curit\u00e9 et de d\u00e9fense dans la perspective d\u2019un monde \u00e0 deux degr\u00e9s de plus, \u00e9tat des lieux et strat\u00e9gie fran\u00e7aise \u00e0 l\u2019ONU.\"}]},{\"@type\":\"WebSite\",\"@id\":\"https:\\\/\\\/ihedn.fr\\\/#website\",\"url\":\"https:\\\/\\\/ihedn.fr\\\/\",\"name\":\"IHEDN : Institut des hautes \u00e9tudes de d\u00e9fense nationale |\",\"description\":\"Site officiel de l&#039;IHEDN plac\u00e9 sous la tutelle du Premier ministre.\",\"publisher\":{\"@id\":\"https:\\\/\\\/ihedn.fr\\\/#organization\"},\"potentialAction\":[{\"@type\":\"SearchAction\",\"target\":{\"@type\":\"EntryPoint\",\"urlTemplate\":\"https:\\\/\\\/ihedn.fr\\\/?s={search_term_string}\"},\"query-input\":{\"@type\":\"PropertyValueSpecification\",\"valueRequired\":true,\"valueName\":\"search_term_string\"}}],\"inLanguage\":\"en-GB\"},{\"@type\":\"Organization\",\"@id\":\"https:\\\/\\\/ihedn.fr\\\/#organization\",\"name\":\"IHEDN - Institut des Hautes Etudes de D\u00e9fense Nationale\",\"url\":\"https:\\\/\\\/ihedn.fr\\\/\",\"logo\":{\"@type\":\"ImageObject\",\"inLanguage\":\"en-GB\",\"@id\":\"https:\\\/\\\/ihedn.fr\\\/#\\\/schema\\\/logo\\\/image\\\/\",\"url\":\"https:\\\/\\\/ihedn.fr\\\/wp-content\\\/uploads\\\/2020\\\/11\\\/BLOC_RF_IHEDN_WEB.png\",\"contentUrl\":\"https:\\\/\\\/ihedn.fr\\\/wp-content\\\/uploads\\\/2020\\\/11\\\/BLOC_RF_IHEDN_WEB.png\",\"width\":500,\"height\":237,\"caption\":\"IHEDN - Institut des Hautes Etudes de D\u00e9fense Nationale\"},\"image\":{\"@id\":\"https:\\\/\\\/ihedn.fr\\\/#\\\/schema\\\/logo\\\/image\\\/\"},\"sameAs\":[\"https:\\\/\\\/www.facebook.com\\\/ihedn\\\/\",\"https:\\\/\\\/x.com\\\/IHEDN\",\"https:\\\/\\\/www.instagram.com\\\/ihedn\\\/\",\"https:\\\/\\\/www.linkedin.com\\\/school\\\/ihedn\\\/\",\"https:\\\/\\\/fr.wikipedia.org\\\/wiki\\\/Institut_des_hautes_\u00e9tudes_de_D\u00e9fense_nationale\"]},{\"@type\":\"Person\",\"@id\":\"https:\\\/\\\/ihedn.fr\\\/#\\\/schema\\\/person\\\/7a40155595e4efb35323447cb8c8c5a4\",\"name\":\"dev\",\"image\":{\"@type\":\"ImageObject\",\"inLanguage\":\"en-GB\",\"@id\":\"https:\\\/\\\/secure.gravatar.com\\\/avatar\\\/f1ffcac9ca2fa95ad3ec33e9be3ade82f752acb0cabe541e56c5889225afa88a?s=96&d=mm&r=g\",\"url\":\"https:\\\/\\\/secure.gravatar.com\\\/avatar\\\/f1ffcac9ca2fa95ad3ec33e9be3ade82f752acb0cabe541e56c5889225afa88a?s=96&d=mm&r=g\",\"contentUrl\":\"https:\\\/\\\/secure.gravatar.com\\\/avatar\\\/f1ffcac9ca2fa95ad3ec33e9be3ade82f752acb0cabe541e56c5889225afa88a?s=96&d=mm&r=g\",\"caption\":\"dev\"},\"sameAs\":[\"https:\\\/\\\/ihedn.concilium.click\"],\"url\":\"https:\\\/\\\/ihedn.fr\\\/en\\\/author\\\/dev\\\/\"}]}<\/script>\n<!-- \/ Yoast SEO plugin. -->","yoast_head_json":{"title":"Security and defence issues in the context of a two-degree world, current situation and French strategy at the UN. - IHEDN: Institute for Advanced National Defence Studies","robots":{"index":"index","follow":"follow","max-snippet":"max-snippet:-1","max-image-preview":"max-image-preview:large","max-video-preview":"max-video-preview:-1"},"canonical":"https:\/\/ihedn.fr\/en\/travaux-des-auditeurs\/enjeux-de-securite-et-de-defense-dans-la-perspective-dun-monde-a-deux-degres-de-plus-etat-des-lieux-et-strategie-francaise-a-lonu\/","og_locale":"en_GB","og_type":"article","og_title":"Enjeux de s\u00e9curit\u00e9 et de d\u00e9fense dans la perspective d\u2019un monde \u00e0 deux degr\u00e9s de plus, \u00e9tat des lieux et strat\u00e9gie fran\u00e7aise \u00e0 l\u2019ONU. - L&#039;IHEDN : Institut des hautes \u00e9tudes de d\u00e9fense nationale","og_description":"Comit\u00e9 2-2  Dans une analyse croisant \u00e0 la fois la sc\u00e8ne int\u00e9rieure et internationale, ce travail pr\u00e9sente les nombreuses possibilit\u00e9s pour la diplomatie fran\u00e7aise d\u2019agir sur le sujet.","og_url":"https:\/\/ihedn.fr\/en\/travaux-des-auditeurs\/enjeux-de-securite-et-de-defense-dans-la-perspective-dun-monde-a-deux-degres-de-plus-etat-des-lieux-et-strategie-francaise-a-lonu\/","og_site_name":"L&#039;IHEDN : Institut des hautes \u00e9tudes de d\u00e9fense nationale","article_publisher":"https:\/\/www.facebook.com\/ihedn\/","article_published_time":"2021-05-04T13:36:09+00:00","article_modified_time":"2021-06-09T13:57:06+00:00","og_image":[{"width":1670,"height":300,"url":"https:\/\/ihedn.fr\/wp-content\/uploads\/2021\/05\/Bandeau_SN_72_2.jpg","type":"image\/jpeg"}],"author":"dev","twitter_card":"summary_large_image","twitter_creator":"@IHEDN","twitter_site":"@IHEDN","twitter_misc":{"Written by":"dev","Estimated reading time":"1 minute"},"schema":{"@context":"https:\/\/schema.org","@graph":[{"@type":"Article","@id":"https:\/\/ihedn.fr\/travaux-des-auditeurs\/enjeux-de-securite-et-de-defense-dans-la-perspective-dun-monde-a-deux-degres-de-plus-etat-des-lieux-et-strategie-francaise-a-lonu\/#article","isPartOf":{"@id":"https:\/\/ihedn.fr\/travaux-des-auditeurs\/enjeux-de-securite-et-de-defense-dans-la-perspective-dun-monde-a-deux-degres-de-plus-etat-des-lieux-et-strategie-francaise-a-lonu\/"},"author":{"name":"dev","@id":"https:\/\/ihedn.fr\/#\/schema\/person\/7a40155595e4efb35323447cb8c8c5a4"},"headline":"Enjeux de s\u00e9curit\u00e9 et de d\u00e9fense dans la perspective d\u2019un monde \u00e0 deux degr\u00e9s de plus, \u00e9tat des lieux et strat\u00e9gie fran\u00e7aise \u00e0 l\u2019ONU.","datePublished":"2021-05-04T13:36:09+00:00","dateModified":"2021-06-09T13:57:06+00:00","mainEntityOfPage":{"@id":"https:\/\/ihedn.fr\/travaux-des-auditeurs\/enjeux-de-securite-et-de-defense-dans-la-perspective-dun-monde-a-deux-degres-de-plus-etat-des-lieux-et-strategie-francaise-a-lonu\/"},"wordCount":125,"publisher":{"@id":"https:\/\/ihedn.fr\/#organization"},"image":{"@id":"https:\/\/ihedn.fr\/travaux-des-auditeurs\/enjeux-de-securite-et-de-defense-dans-la-perspective-dun-monde-a-deux-degres-de-plus-etat-des-lieux-et-strategie-francaise-a-lonu\/#primaryimage"},"thumbnailUrl":"https:\/\/ihedn.fr\/wp-content\/uploads\/2021\/05\/Bandeau_SN_72_2.jpg","keywords":["Diplomatie","S\u00e9curit\u00e9","Strat\u00e9gie"],"articleSection":["Uncategorized"],"inLanguage":"en-GB"},{"@type":"WebPage","@id":"https:\/\/ihedn.fr\/travaux-des-auditeurs\/enjeux-de-securite-et-de-defense-dans-la-perspective-dun-monde-a-deux-degres-de-plus-etat-des-lieux-et-strategie-francaise-a-lonu\/","url":"https:\/\/ihedn.fr\/travaux-des-auditeurs\/enjeux-de-securite-et-de-defense-dans-la-perspective-dun-monde-a-deux-degres-de-plus-etat-des-lieux-et-strategie-francaise-a-lonu\/","name":"Security and defence issues in the context of a two-degree world, current situation and French strategy at the UN. - IHEDN: Institute for Advanced National Defence Studies","isPartOf":{"@id":"https:\/\/ihedn.fr\/#website"},"primaryImageOfPage":{"@id":"https:\/\/ihedn.fr\/travaux-des-auditeurs\/enjeux-de-securite-et-de-defense-dans-la-perspective-dun-monde-a-deux-degres-de-plus-etat-des-lieux-et-strategie-francaise-a-lonu\/#primaryimage"},"image":{"@id":"https:\/\/ihedn.fr\/travaux-des-auditeurs\/enjeux-de-securite-et-de-defense-dans-la-perspective-dun-monde-a-deux-degres-de-plus-etat-des-lieux-et-strategie-francaise-a-lonu\/#primaryimage"},"thumbnailUrl":"https:\/\/ihedn.fr\/wp-content\/uploads\/2021\/05\/Bandeau_SN_72_2.jpg","datePublished":"2021-05-04T13:36:09+00:00","dateModified":"2021-06-09T13:57:06+00:00","breadcrumb":{"@id":"https:\/\/ihedn.fr\/travaux-des-auditeurs\/enjeux-de-securite-et-de-defense-dans-la-perspective-dun-monde-a-deux-degres-de-plus-etat-des-lieux-et-strategie-francaise-a-lonu\/#breadcrumb"},"inLanguage":"en-GB","potentialAction":[{"@type":"ReadAction","target":["https:\/\/ihedn.fr\/travaux-des-auditeurs\/enjeux-de-securite-et-de-defense-dans-la-perspective-dun-monde-a-deux-degres-de-plus-etat-des-lieux-et-strategie-francaise-a-lonu\/"]}]},{"@type":"ImageObject","inLanguage":"en-GB","@id":"https:\/\/ihedn.fr\/travaux-des-auditeurs\/enjeux-de-securite-et-de-defense-dans-la-perspective-dun-monde-a-deux-degres-de-plus-etat-des-lieux-et-strategie-francaise-a-lonu\/#primaryimage","url":"https:\/\/ihedn.fr\/wp-content\/uploads\/2021\/05\/Bandeau_SN_72_2.jpg","contentUrl":"https:\/\/ihedn.fr\/wp-content\/uploads\/2021\/05\/Bandeau_SN_72_2.jpg","width":1670,"height":300,"caption":"\u00a9IHEDN | Travaux des auditeurs : 72e POLDEF (2019-2020)"},{"@type":"BreadcrumbList","@id":"https:\/\/ihedn.fr\/travaux-des-auditeurs\/enjeux-de-securite-et-de-defense-dans-la-perspective-dun-monde-a-deux-degres-de-plus-etat-des-lieux-et-strategie-francaise-a-lonu\/#breadcrumb","itemListElement":[{"@type":"ListItem","position":1,"name":"Accueil","item":"https:\/\/ihedn.fr\/"},{"@type":"ListItem","position":2,"name":"Enjeux de s\u00e9curit\u00e9 et de d\u00e9fense dans la perspective d\u2019un monde \u00e0 deux degr\u00e9s de plus, \u00e9tat des lieux et strat\u00e9gie fran\u00e7aise \u00e0 l\u2019ONU."}]},{"@type":"WebSite","@id":"https:\/\/ihedn.fr\/#website","url":"https:\/\/ihedn.fr\/","name":"IHEDN: Institut des hautes \u00e9tudes de d\u00e9fense nationale (Institute for Higher National Defence Studies)","description":"Official website of the IHEDN under the supervision of the Prime Minister.","publisher":{"@id":"https:\/\/ihedn.fr\/#organization"},"potentialAction":[{"@type":"SearchAction","target":{"@type":"EntryPoint","urlTemplate":"https:\/\/ihedn.fr\/?s={search_term_string}"},"query-input":{"@type":"PropertyValueSpecification","valueRequired":true,"valueName":"search_term_string"}}],"inLanguage":"en-GB"},{"@type":"Organization","@id":"https:\/\/ihedn.fr\/#organization","name":"IHEDN - Institute for Higher National Defence Studies","url":"https:\/\/ihedn.fr\/","logo":{"@type":"ImageObject","inLanguage":"en-GB","@id":"https:\/\/ihedn.fr\/#\/schema\/logo\/image\/","url":"https:\/\/ihedn.fr\/wp-content\/uploads\/2020\/11\/BLOC_RF_IHEDN_WEB.png","contentUrl":"https:\/\/ihedn.fr\/wp-content\/uploads\/2020\/11\/BLOC_RF_IHEDN_WEB.png","width":500,"height":237,"caption":"IHEDN - Institut des Hautes Etudes de D\u00e9fense Nationale"},"image":{"@id":"https:\/\/ihedn.fr\/#\/schema\/logo\/image\/"},"sameAs":["https:\/\/www.facebook.com\/ihedn\/","https:\/\/x.com\/IHEDN","https:\/\/www.instagram.com\/ihedn\/","https:\/\/www.linkedin.com\/school\/ihedn\/","https:\/\/fr.wikipedia.org\/wiki\/Institut_des_hautes_\u00e9tudes_de_D\u00e9fense_nationale"]},{"@type":"Person","@id":"https:\/\/ihedn.fr\/#\/schema\/person\/7a40155595e4efb35323447cb8c8c5a4","name":"dev","image":{"@type":"ImageObject","inLanguage":"en-GB","@id":"https:\/\/secure.gravatar.com\/avatar\/f1ffcac9ca2fa95ad3ec33e9be3ade82f752acb0cabe541e56c5889225afa88a?s=96&d=mm&r=g","url":"https:\/\/secure.gravatar.com\/avatar\/f1ffcac9ca2fa95ad3ec33e9be3ade82f752acb0cabe541e56c5889225afa88a?s=96&d=mm&r=g","contentUrl":"https:\/\/secure.gravatar.com\/avatar\/f1ffcac9ca2fa95ad3ec33e9be3ade82f752acb0cabe541e56c5889225afa88a?s=96&d=mm&r=g","caption":"dev"},"sameAs":["https:\/\/ihedn.concilium.click"],"url":"https:\/\/ihedn.fr\/en\/author\/dev\/"}]}},"publishpress_future_action":{"enabled":false,"date":"2026-05-08 03:50:21","action":"change-status","newStatus":"draft","terms":[],"taxonomy":"category","extraData":[]},"publishpress_future_workflow_manual_trigger":{"enabledWorkflows":[]},"_links":{"self":[{"href":"https:\/\/ihedn.fr\/en\/wp-json\/wp\/v2\/posts\/10609","targetHints":{"allow":["GET"]}}],"collection":[{"href":"https:\/\/ihedn.fr\/en\/wp-json\/wp\/v2\/posts"}],"about":[{"href":"https:\/\/ihedn.fr\/en\/wp-json\/wp\/v2\/types\/post"}],"author":[{"embeddable":true,"href":"https:\/\/ihedn.fr\/en\/wp-json\/wp\/v2\/users\/1"}],"replies":[{"embeddable":true,"href":"https:\/\/ihedn.fr\/en\/wp-json\/wp\/v2\/comments?post=10609"}],"version-history":[{"count":5,"href":"https:\/\/ihedn.fr\/en\/wp-json\/wp\/v2\/posts\/10609\/revisions"}],"predecessor-version":[{"id":12192,"href":"https:\/\/ihedn.fr\/en\/wp-json\/wp\/v2\/posts\/10609\/revisions\/12192"}],"wp:featuredmedia":[{"embeddable":true,"href":"https:\/\/ihedn.fr\/en\/wp-json\/wp\/v2\/media\/10680"}],"wp:attachment":[{"href":"https:\/\/ihedn.fr\/en\/wp-json\/wp\/v2\/media?parent=10609"}],"wp:term":[{"taxonomy":"category","embeddable":true,"href":"https:\/\/ihedn.fr\/en\/wp-json\/wp\/v2\/categories?post=10609"},{"taxonomy":"post_tag","embeddable":true,"href":"https:\/\/ihedn.fr\/en\/wp-json\/wp\/v2\/tags?post=10609"}],"curies":[{"name":"wp","href":"https:\/\/api.w.org\/{rel}","templated":true}]}}