{"id":10784,"date":"2021-05-08T15:14:54","date_gmt":"2021-05-08T14:14:54","guid":{"rendered":"https:\/\/ihedn.fr\/?p=10784"},"modified":"2023-01-20T13:47:27","modified_gmt":"2023-01-20T12:47:27","slug":"lautonomie-strategique-europeenne","status":"publish","type":"post","link":"https:\/\/ihedn.fr\/en\/lundis-de-lihedn\/lautonomie-strategique-europeenne\/","title":{"rendered":"Europe's strategic autonomy"},"content":{"rendered":"<div data-elementor-type=\"wp-post\" data-elementor-id=\"10784\" class=\"elementor elementor-10784\" data-elementor-post-type=\"post\">\n\t\t\t\t\t\t<section data-particle_enable=\"false\" data-particle-mobile-disabled=\"false\" class=\"elementor-section elementor-top-section elementor-element elementor-element-166edfb elementor-section-boxed elementor-section-height-default elementor-section-height-default\" data-id=\"166edfb\" data-element_type=\"section\" data-e-type=\"section\">\n\t\t\t\t\t\t<div class=\"elementor-container elementor-column-gap-default\">\n\t\t\t\t\t<div class=\"elementor-column elementor-col-100 elementor-top-column elementor-element elementor-element-6a7ab1e\" data-id=\"6a7ab1e\" data-element_type=\"column\" data-e-type=\"column\">\n\t\t\t<div class=\"elementor-widget-wrap elementor-element-populated\">\n\t\t\t\t\t\t<div class=\"elementor-element elementor-element-4d5a519 elementor-widget-divider--view-line elementor-invisible elementor-widget elementor-widget-divider\" data-id=\"4d5a519\" data-element_type=\"widget\" data-e-type=\"widget\" data-settings=\"{&quot;_animation&quot;:&quot;fadeInUp&quot;,&quot;_animation_delay&quot;:200}\" data-widget_type=\"divider.default\">\n\t\t\t\t<div class=\"elementor-widget-container\">\n\t\t\t\t\t\t\t<div class=\"elementor-divider\">\n\t\t\t<span class=\"elementor-divider-separator\">\n\t\t\t\t\t\t<\/span>\n\t\t<\/div>\n\t\t\t\t\t\t<\/div>\n\t\t\t\t<\/div>\n\t\t\t\t<div class=\"elementor-element elementor-element-3d8c14e elementor-widget elementor-widget-heading\" data-id=\"3d8c14e\" data-element_type=\"widget\" data-e-type=\"widget\" data-widget_type=\"heading.default\">\n\t\t\t\t<div class=\"elementor-widget-container\">\n\t\t\t\t\t<h1 class=\"elementor-heading-title elementor-size-default\">Europe's strategic autonomy<\/h1>\t\t\t\t<\/div>\n\t\t\t\t<\/div>\n\t\t\t\t<div class=\"elementor-element elementor-element-e02d76d elementor-widget-divider--view-line elementor-invisible elementor-widget elementor-widget-divider\" data-id=\"e02d76d\" data-element_type=\"widget\" data-e-type=\"widget\" data-settings=\"{&quot;_animation&quot;:&quot;fadeInUp&quot;,&quot;_animation_delay&quot;:200}\" data-widget_type=\"divider.default\">\n\t\t\t\t<div class=\"elementor-widget-container\">\n\t\t\t\t\t\t\t<div class=\"elementor-divider\">\n\t\t\t<span class=\"elementor-divider-separator\">\n\t\t\t\t\t\t<\/span>\n\t\t<\/div>\n\t\t\t\t\t\t<\/div>\n\t\t\t\t<\/div>\n\t\t\t\t\t<\/div>\n\t\t<\/div>\n\t\t\t\t\t<\/div>\n\t\t<\/section>\n\t\t\t\t<section data-particle_enable=\"false\" data-particle-mobile-disabled=\"false\" class=\"elementor-section elementor-top-section elementor-element elementor-element-195d86f elementor-section-boxed elementor-section-height-default elementor-section-height-default\" data-id=\"195d86f\" data-element_type=\"section\" data-e-type=\"section\" data-settings=\"{&quot;background_background&quot;:&quot;classic&quot;}\">\n\t\t\t\t\t\t<div class=\"elementor-container elementor-column-gap-default\">\n\t\t\t\t\t<div class=\"elementor-column elementor-col-100 elementor-top-column elementor-element elementor-element-ee73933\" data-id=\"ee73933\" data-element_type=\"column\" data-e-type=\"column\">\n\t\t\t<div class=\"elementor-widget-wrap elementor-element-populated\">\n\t\t\t\t\t\t<div class=\"elementor-element elementor-element-2b8dbd0 elementor-widget elementor-widget-video\" data-id=\"2b8dbd0\" data-element_type=\"widget\" data-e-type=\"widget\" data-settings=\"{&quot;video_type&quot;:&quot;vimeo&quot;}\" data-widget_type=\"video.default\">\n\t\t\t\t<div class=\"elementor-widget-container\">\n\t\t\t\t\t\t\t<div class=\"elementor-wrapper elementor-open-inline\">\n\t\t\t<iframe class=\"elementor-video-iframe\" allowfullscreen allow=\"clipboard-write\" title=\"vimeo Video Player\" src=\"https:\/\/player.vimeo.com\/video\/555186989?color&amp;autopause=0&amp;loop=0&amp;muted=0&amp;title=1&amp;portrait=1&amp;byline=1#t=\"><\/iframe>\t\t<\/div>\n\t\t\t\t\t\t<\/div>\n\t\t\t\t<\/div>\n\t\t\t\t<section data-particle_enable=\"false\" data-particle-mobile-disabled=\"false\" class=\"elementor-section elementor-inner-section elementor-element elementor-element-7ff357c elementor-hidden-tablet elementor-hidden-phone elementor-section-content-top elementor-section-boxed elementor-section-height-default elementor-section-height-default\" data-id=\"7ff357c\" data-element_type=\"section\" data-e-type=\"section\">\n\t\t\t\t\t\t<div class=\"elementor-container elementor-column-gap-wider\">\n\t\t\t\t\t<div class=\"elementor-column elementor-col-33 elementor-inner-column elementor-element elementor-element-f21f424\" data-id=\"f21f424\" data-element_type=\"column\" data-e-type=\"column\">\n\t\t\t<div class=\"elementor-widget-wrap elementor-element-populated\">\n\t\t\t\t\t\t<div class=\"elementor-element elementor-element-7fa972c elementor-widget elementor-widget-text-editor\" data-id=\"7fa972c\" data-element_type=\"widget\" data-e-type=\"widget\" data-widget_type=\"text-editor.default\">\n\t\t\t\t<div class=\"elementor-widget-container\">\n\t\t\t\t\t\t\t\t\t<p style=\"text-align: left;\"><strong>Hubert V\u00e9drine<\/strong> opens up for debate the project of European strategic autonomy: a necessary objective or an out-of-reach ideal?<\/p><p style=\"text-align: left;\">What obstacles need to be overcome to establish the conditions for such autonomy?<\/p><p style=\"text-align: left;\">How can we design a European defence?<\/p><p style=\"text-align: left;\">Does this mean rethinking the terms of national independence?<\/p>\t\t\t\t\t\t\t\t<\/div>\n\t\t\t\t<\/div>\n\t\t\t\t\t<\/div>\n\t\t<\/div>\n\t\t\t\t<div class=\"elementor-column elementor-col-33 elementor-inner-column elementor-element elementor-element-4354e5c\" data-id=\"4354e5c\" data-element_type=\"column\" data-e-type=\"column\">\n\t\t\t<div class=\"elementor-widget-wrap elementor-element-populated\">\n\t\t\t\t\t\t<div class=\"elementor-element elementor-element-90040b2 elementor-widget elementor-widget-text-editor\" data-id=\"90040b2\" data-element_type=\"widget\" data-e-type=\"widget\" data-widget_type=\"text-editor.default\">\n\t\t\t\t<div class=\"elementor-widget-container\">\n\t\t\t\t\t\t\t\t\t<p style=\"text-align: center;\"><span style=\"color: #3366ff;\"><strong>an exceptional guest<\/strong><\/span><\/p>\t\t\t\t\t\t\t\t<\/div>\n\t\t\t\t<\/div>\n\t\t\t\t<div class=\"elementor-element elementor-element-c625f3a elementor-widget elementor-widget-image\" data-id=\"c625f3a\" data-element_type=\"widget\" data-e-type=\"widget\" data-widget_type=\"image.default\">\n\t\t\t\t<div class=\"elementor-widget-container\">\n\t\t\t\t\t\t\t\t\t\t\t\t\t\t\t<img fetchpriority=\"high\" decoding=\"async\" width=\"507\" height=\"556\" src=\"https:\/\/ihedn.fr\/wp-content\/uploads\/2021\/05\/hubert_vedrine.jpg\" class=\"attachment-full size-full wp-image-10789\" alt=\"Hubert V\u00e9drine\" \/>\t\t\t\t\t\t\t\t\t\t\t\t\t\t\t<\/div>\n\t\t\t\t<\/div>\n\t\t\t\t<div class=\"elementor-element elementor-element-5373664 elementor-widget elementor-widget-text-editor\" data-id=\"5373664\" data-element_type=\"widget\" data-e-type=\"widget\" data-widget_type=\"text-editor.default\">\n\t\t\t\t<div class=\"elementor-widget-container\">\n\t\t\t\t\t\t\t\t\t<p style=\"text-align: center;\"><span style=\"color: #000000;\"><strong>Hubert V\u00e9drine<br \/><\/strong><\/span><\/p><p style=\"text-align: center;\"><em>diplomat<\/em><\/p>\t\t\t\t\t\t\t\t<\/div>\n\t\t\t\t<\/div>\n\t\t\t\t\t<\/div>\n\t\t<\/div>\n\t\t\t\t<div class=\"elementor-column elementor-col-33 elementor-inner-column elementor-element elementor-element-6ef1bc2\" data-id=\"6ef1bc2\" data-element_type=\"column\" data-e-type=\"column\">\n\t\t\t<div class=\"elementor-widget-wrap elementor-element-populated\">\n\t\t\t\t\t\t<div class=\"elementor-element elementor-element-a748da2 elementor-widget elementor-widget-text-editor\" data-id=\"a748da2\" data-element_type=\"widget\" data-e-type=\"widget\" data-widget_type=\"text-editor.default\">\n\t\t\t\t<div class=\"elementor-widget-container\">\n\t\t\t\t\t\t\t\t\t<p style=\"text-align: center;\"><span style=\"color: #3366ff;\"><strong>a great witness<br \/><\/strong><\/span><\/p>\t\t\t\t\t\t\t\t<\/div>\n\t\t\t\t<\/div>\n\t\t\t\t<div class=\"elementor-element elementor-element-f9e8ae8 elementor-widget elementor-widget-image\" data-id=\"f9e8ae8\" data-element_type=\"widget\" data-e-type=\"widget\" data-widget_type=\"image.default\">\n\t\t\t\t<div class=\"elementor-widget-container\">\n\t\t\t\t\t\t\t\t\t\t\t\t\t\t\t<img decoding=\"async\" width=\"230\" height=\"252\" src=\"https:\/\/ihedn.fr\/wp-content\/uploads\/2021\/05\/Le_general_de_corps_du2019armee_Patrick_Destremau_directeur_de_lu2019Institut_des_hautes_etudes_de_defense_nationale_IHEDN_et_de_lu2019Enseignement_militaire_superieur_EMS.jpg\" class=\"attachment-full size-full wp-image-10790\" alt=\"Le g\u00e9n\u00e9ral de corps d&#039;arm\u00e9e Patrick Destremau, directeur de l&#039;IHEDN\" \/>\t\t\t\t\t\t\t\t\t\t\t\t\t\t\t<\/div>\n\t\t\t\t<\/div>\n\t\t\t\t<div class=\"elementor-element elementor-element-f54c560 elementor-widget elementor-widget-text-editor\" data-id=\"f54c560\" data-element_type=\"widget\" data-e-type=\"widget\" data-widget_type=\"text-editor.default\">\n\t\t\t\t<div class=\"elementor-widget-container\">\n\t\t\t\t\t\t\t\t\t<p style=\"text-align: center;\"><span style=\"color: #000000;\"><strong>General Patrick Destremau<br \/><\/strong><\/span><\/p><p style=\"text-align: center;\"><em>Director of the IHEDN<\/em><\/p>\t\t\t\t\t\t\t\t<\/div>\n\t\t\t\t<\/div>\n\t\t\t\t\t<\/div>\n\t\t<\/div>\n\t\t\t\t\t<\/div>\n\t\t<\/section>\n\t\t\t\t\t<\/div>\n\t\t<\/div>\n\t\t\t\t\t<\/div>\n\t\t<\/section>\n\t\t\t\t<\/div>","protected":false},"excerpt":{"rendered":"<p><span style=\"color: #034b7b;\"><strong>Special guest: Hubert V\u00c9DRINE<\/strong><\/span>a diplomat, former Minister of Foreign Affairs in the Jospin government and former Secretary General of the French Presidency under Fran\u00e7ois Mitterrand.<br \/>\n<span style=\"color: #034b7b;\"><strong>Key witness: Lt-Gen Patrick Destremau<\/strong><\/span>Director of the Institut des hautes \u00e9tudes de d\u00e9fense nationale and of Higher Military Education.<\/p>","protected":false},"author":1,"featured_media":10791,"comment_status":"closed","ping_status":"closed","sticky":false,"template":"","format":"standard","meta":{"footnotes":""},"categories":[62,41,61,45],"tags":[],"class_list":["post-10784","post","type-post","status-publish","format-standard","has-post-thumbnail","hentry","category-lundis-de-lihedn-mediatheque","category-lundis-de-lihedn","category-mediatheque","category-precedents-conferences"],"yoast_head":"<!-- This site is optimized with the Yoast SEO plugin v27.5 - https:\/\/yoast.com\/product\/yoast-seo-wordpress\/ -->\n<title>L\u2019autonomie strat\u00e9gique europ\u00e9enne - L&#039;IHEDN : Institut des hautes \u00e9tudes de d\u00e9fense nationale<\/title>\n<meta name=\"description\" content=\"Une invit\u00e9e exceptionnelle : Marie-Laure Denis, Conseiller d\u2019\u00c9tat, Pr\u00e9sidente de la CNIL - Un grand t\u00e9moin : Marc Watin-Augouard, g\u00e9n\u00e9ral d\u2019arm\u00e9e de gendarmerie (2S) - RGPD M\u00e9canismes de coop\u00e9ration europ\u00e9enne Enjeux g\u00e9opolitiques de la donn\u00e9e Cybers\u00e9curit\u00e9 Politique industrielle et enjeux de r\u00e9gulation l\u2019identit\u00e9 num\u00e9rique Enjeux des donn\u00e9es de sant\u00e9\" \/>\n<meta name=\"robots\" content=\"index, follow, max-snippet:-1, max-image-preview:large, max-video-preview:-1\" \/>\n<link rel=\"canonical\" href=\"https:\/\/ihedn.fr\/en\/lundis-de-lihedn\/lautonomie-strategique-europeenne\/\" \/>\n<meta property=\"og:locale\" content=\"en_GB\" \/>\n<meta property=\"og:type\" content=\"article\" \/>\n<meta property=\"og:title\" content=\"L\u2019autonomie strat\u00e9gique europ\u00e9enne - L&#039;IHEDN : Institut des hautes \u00e9tudes de d\u00e9fense nationale\" \/>\n<meta property=\"og:description\" content=\"Une invit\u00e9e exceptionnelle : Marie-Laure Denis, Conseiller d\u2019\u00c9tat, Pr\u00e9sidente de la CNIL - Un grand t\u00e9moin : Marc Watin-Augouard, g\u00e9n\u00e9ral d\u2019arm\u00e9e de gendarmerie (2S) - RGPD M\u00e9canismes de coop\u00e9ration europ\u00e9enne Enjeux g\u00e9opolitiques de la donn\u00e9e Cybers\u00e9curit\u00e9 Politique industrielle et enjeux de r\u00e9gulation l\u2019identit\u00e9 num\u00e9rique Enjeux des donn\u00e9es de sant\u00e9\" \/>\n<meta property=\"og:url\" content=\"https:\/\/ihedn.fr\/en\/lundis-de-lihedn\/lautonomie-strategique-europeenne\/\" \/>\n<meta property=\"og:site_name\" content=\"L&#039;IHEDN : Institut des hautes \u00e9tudes de d\u00e9fense nationale\" \/>\n<meta property=\"article:publisher\" content=\"https:\/\/www.facebook.com\/ihedn\/\" \/>\n<meta property=\"article:published_time\" content=\"2021-05-08T14:14:54+00:00\" \/>\n<meta property=\"article:modified_time\" content=\"2023-01-20T12:47:27+00:00\" \/>\n<meta property=\"og:image\" content=\"https:\/\/ihedn.fr\/wp-content\/uploads\/2021\/05\/Lundis-de-IHEDN-Lautonomie-strategique-europeenne-Hubert-VEDRINE-01-1.jpg\" \/>\n\t<meta property=\"og:image:width\" content=\"1600\" \/>\n\t<meta property=\"og:image:height\" content=\"800\" \/>\n\t<meta property=\"og:image:type\" content=\"image\/jpeg\" \/>\n<meta name=\"author\" content=\"dev\" \/>\n<meta name=\"twitter:card\" content=\"summary_large_image\" \/>\n<meta name=\"twitter:creator\" content=\"@IHEDN\" \/>\n<meta name=\"twitter:site\" content=\"@IHEDN\" \/>\n<meta name=\"twitter:label1\" content=\"Written by\" \/>\n\t<meta name=\"twitter:data1\" content=\"dev\" \/>\n\t<meta name=\"twitter:label2\" content=\"Estimated reading time\" \/>\n\t<meta name=\"twitter:data2\" content=\"1 minute\" \/>\n<script type=\"application\/ld+json\" class=\"yoast-schema-graph\">{\"@context\":\"https:\\\/\\\/schema.org\",\"@graph\":[{\"@type\":\"Article\",\"@id\":\"https:\\\/\\\/ihedn.fr\\\/lundis-de-lihedn\\\/lautonomie-strategique-europeenne\\\/#article\",\"isPartOf\":{\"@id\":\"https:\\\/\\\/ihedn.fr\\\/lundis-de-lihedn\\\/lautonomie-strategique-europeenne\\\/\"},\"author\":{\"name\":\"dev\",\"@id\":\"https:\\\/\\\/ihedn.fr\\\/#\\\/schema\\\/person\\\/7a40155595e4efb35323447cb8c8c5a4\"},\"headline\":\"L\u2019autonomie strat\u00e9gique europ\u00e9enne\",\"datePublished\":\"2021-05-08T14:14:54+00:00\",\"dateModified\":\"2023-01-20T12:47:27+00:00\",\"mainEntityOfPage\":{\"@id\":\"https:\\\/\\\/ihedn.fr\\\/lundis-de-lihedn\\\/lautonomie-strategique-europeenne\\\/\"},\"wordCount\":92,\"publisher\":{\"@id\":\"https:\\\/\\\/ihedn.fr\\\/#organization\"},\"image\":{\"@id\":\"https:\\\/\\\/ihedn.fr\\\/lundis-de-lihedn\\\/lautonomie-strategique-europeenne\\\/#primaryimage\"},\"thumbnailUrl\":\"https:\\\/\\\/ihedn.fr\\\/wp-content\\\/uploads\\\/2021\\\/05\\\/Lundis-de-IHEDN-Lautonomie-strategique-europeenne-Hubert-VEDRINE-01-1.jpg\",\"articleSection\":[\"Lundis de l'IHedn\",\"Lundis de l'IHEDN\",\"M\u00c9DIATHEQUE\",\"Pr\u00e9c\u00e9dents conf\u00e9rences\"],\"inLanguage\":\"en-GB\"},{\"@type\":\"WebPage\",\"@id\":\"https:\\\/\\\/ihedn.fr\\\/lundis-de-lihedn\\\/lautonomie-strategique-europeenne\\\/\",\"url\":\"https:\\\/\\\/ihedn.fr\\\/lundis-de-lihedn\\\/lautonomie-strategique-europeenne\\\/\",\"name\":\"L\u2019autonomie strat\u00e9gique europ\u00e9enne - L&#039;IHEDN : Institut des hautes \u00e9tudes de d\u00e9fense nationale\",\"isPartOf\":{\"@id\":\"https:\\\/\\\/ihedn.fr\\\/#website\"},\"primaryImageOfPage\":{\"@id\":\"https:\\\/\\\/ihedn.fr\\\/lundis-de-lihedn\\\/lautonomie-strategique-europeenne\\\/#primaryimage\"},\"image\":{\"@id\":\"https:\\\/\\\/ihedn.fr\\\/lundis-de-lihedn\\\/lautonomie-strategique-europeenne\\\/#primaryimage\"},\"thumbnailUrl\":\"https:\\\/\\\/ihedn.fr\\\/wp-content\\\/uploads\\\/2021\\\/05\\\/Lundis-de-IHEDN-Lautonomie-strategique-europeenne-Hubert-VEDRINE-01-1.jpg\",\"datePublished\":\"2021-05-08T14:14:54+00:00\",\"dateModified\":\"2023-01-20T12:47:27+00:00\",\"description\":\"Une invit\u00e9e exceptionnelle : Marie-Laure Denis, Conseiller d\u2019\u00c9tat, Pr\u00e9sidente de la CNIL - Un grand t\u00e9moin : Marc Watin-Augouard, g\u00e9n\u00e9ral d\u2019arm\u00e9e de gendarmerie (2S) - RGPD M\u00e9canismes de coop\u00e9ration europ\u00e9enne Enjeux g\u00e9opolitiques de la donn\u00e9e Cybers\u00e9curit\u00e9 Politique industrielle et enjeux de r\u00e9gulation l\u2019identit\u00e9 num\u00e9rique Enjeux des donn\u00e9es de sant\u00e9\",\"breadcrumb\":{\"@id\":\"https:\\\/\\\/ihedn.fr\\\/lundis-de-lihedn\\\/lautonomie-strategique-europeenne\\\/#breadcrumb\"},\"inLanguage\":\"en-GB\",\"potentialAction\":[{\"@type\":\"ReadAction\",\"target\":[\"https:\\\/\\\/ihedn.fr\\\/lundis-de-lihedn\\\/lautonomie-strategique-europeenne\\\/\"]}]},{\"@type\":\"ImageObject\",\"inLanguage\":\"en-GB\",\"@id\":\"https:\\\/\\\/ihedn.fr\\\/lundis-de-lihedn\\\/lautonomie-strategique-europeenne\\\/#primaryimage\",\"url\":\"https:\\\/\\\/ihedn.fr\\\/wp-content\\\/uploads\\\/2021\\\/05\\\/Lundis-de-IHEDN-Lautonomie-strategique-europeenne-Hubert-VEDRINE-01-1.jpg\",\"contentUrl\":\"https:\\\/\\\/ihedn.fr\\\/wp-content\\\/uploads\\\/2021\\\/05\\\/Lundis-de-IHEDN-Lautonomie-strategique-europeenne-Hubert-VEDRINE-01-1.jpg\",\"width\":1600,\"height\":800,\"caption\":\"Lundis de IHEDN - L\u2019autonomie strat\u00e9gique europ\u00e9enne -Hubert-VEDRINE\"},{\"@type\":\"BreadcrumbList\",\"@id\":\"https:\\\/\\\/ihedn.fr\\\/lundis-de-lihedn\\\/lautonomie-strategique-europeenne\\\/#breadcrumb\",\"itemListElement\":[{\"@type\":\"ListItem\",\"position\":1,\"name\":\"Accueil\",\"item\":\"https:\\\/\\\/ihedn.fr\\\/\"},{\"@type\":\"ListItem\",\"position\":2,\"name\":\"L\u2019autonomie strat\u00e9gique europ\u00e9enne\"}]},{\"@type\":\"WebSite\",\"@id\":\"https:\\\/\\\/ihedn.fr\\\/#website\",\"url\":\"https:\\\/\\\/ihedn.fr\\\/\",\"name\":\"IHEDN : Institut des hautes \u00e9tudes de d\u00e9fense nationale |\",\"description\":\"Site officiel de l&#039;IHEDN plac\u00e9 sous la tutelle du Premier ministre.\",\"publisher\":{\"@id\":\"https:\\\/\\\/ihedn.fr\\\/#organization\"},\"potentialAction\":[{\"@type\":\"SearchAction\",\"target\":{\"@type\":\"EntryPoint\",\"urlTemplate\":\"https:\\\/\\\/ihedn.fr\\\/?s={search_term_string}\"},\"query-input\":{\"@type\":\"PropertyValueSpecification\",\"valueRequired\":true,\"valueName\":\"search_term_string\"}}],\"inLanguage\":\"en-GB\"},{\"@type\":\"Organization\",\"@id\":\"https:\\\/\\\/ihedn.fr\\\/#organization\",\"name\":\"IHEDN - Institut des Hautes Etudes de D\u00e9fense Nationale\",\"url\":\"https:\\\/\\\/ihedn.fr\\\/\",\"logo\":{\"@type\":\"ImageObject\",\"inLanguage\":\"en-GB\",\"@id\":\"https:\\\/\\\/ihedn.fr\\\/#\\\/schema\\\/logo\\\/image\\\/\",\"url\":\"https:\\\/\\\/ihedn.fr\\\/wp-content\\\/uploads\\\/2020\\\/11\\\/BLOC_RF_IHEDN_WEB.png\",\"contentUrl\":\"https:\\\/\\\/ihedn.fr\\\/wp-content\\\/uploads\\\/2020\\\/11\\\/BLOC_RF_IHEDN_WEB.png\",\"width\":500,\"height\":237,\"caption\":\"IHEDN - Institut des Hautes Etudes de D\u00e9fense Nationale\"},\"image\":{\"@id\":\"https:\\\/\\\/ihedn.fr\\\/#\\\/schema\\\/logo\\\/image\\\/\"},\"sameAs\":[\"https:\\\/\\\/www.facebook.com\\\/ihedn\\\/\",\"https:\\\/\\\/x.com\\\/IHEDN\",\"https:\\\/\\\/www.instagram.com\\\/ihedn\\\/\",\"https:\\\/\\\/www.linkedin.com\\\/school\\\/ihedn\\\/\",\"https:\\\/\\\/fr.wikipedia.org\\\/wiki\\\/Institut_des_hautes_\u00e9tudes_de_D\u00e9fense_nationale\"]},{\"@type\":\"Person\",\"@id\":\"https:\\\/\\\/ihedn.fr\\\/#\\\/schema\\\/person\\\/7a40155595e4efb35323447cb8c8c5a4\",\"name\":\"dev\",\"image\":{\"@type\":\"ImageObject\",\"inLanguage\":\"en-GB\",\"@id\":\"https:\\\/\\\/secure.gravatar.com\\\/avatar\\\/f1ffcac9ca2fa95ad3ec33e9be3ade82f752acb0cabe541e56c5889225afa88a?s=96&d=mm&r=g\",\"url\":\"https:\\\/\\\/secure.gravatar.com\\\/avatar\\\/f1ffcac9ca2fa95ad3ec33e9be3ade82f752acb0cabe541e56c5889225afa88a?s=96&d=mm&r=g\",\"contentUrl\":\"https:\\\/\\\/secure.gravatar.com\\\/avatar\\\/f1ffcac9ca2fa95ad3ec33e9be3ade82f752acb0cabe541e56c5889225afa88a?s=96&d=mm&r=g\",\"caption\":\"dev\"},\"sameAs\":[\"https:\\\/\\\/ihedn.concilium.click\"],\"url\":\"https:\\\/\\\/ihedn.fr\\\/en\\\/author\\\/dev\\\/\"}]}<\/script>\n<!-- \/ Yoast SEO plugin. -->","yoast_head_json":{"title":"European strategic autonomy - IHEDN : Institut des hautes \u00e9tudes de d\u00e9fense nationale (French Institute for Higher National Defence Studies)","description":"Special guest: Marie-Laure Denis, Conseiller d'\u00c9tat, Chairwoman of the CNIL - Keynote speaker: Marc Watin-Augouard, Army Gendarmerie General (2S) - RGPD Mechanisms for European cooperation Geopolitical issues surrounding data Cybersecurity Industrial policy and regulatory issues Digital identity Health data issues","robots":{"index":"index","follow":"follow","max-snippet":"max-snippet:-1","max-image-preview":"max-image-preview:large","max-video-preview":"max-video-preview:-1"},"canonical":"https:\/\/ihedn.fr\/en\/lundis-de-lihedn\/lautonomie-strategique-europeenne\/","og_locale":"en_GB","og_type":"article","og_title":"L\u2019autonomie strat\u00e9gique europ\u00e9enne - L&#039;IHEDN : Institut des hautes \u00e9tudes de d\u00e9fense nationale","og_description":"Une invit\u00e9e exceptionnelle : Marie-Laure Denis, Conseiller d\u2019\u00c9tat, Pr\u00e9sidente de la CNIL - Un grand t\u00e9moin : Marc Watin-Augouard, g\u00e9n\u00e9ral d\u2019arm\u00e9e de gendarmerie (2S) - RGPD M\u00e9canismes de coop\u00e9ration europ\u00e9enne Enjeux g\u00e9opolitiques de la donn\u00e9e Cybers\u00e9curit\u00e9 Politique industrielle et enjeux de r\u00e9gulation l\u2019identit\u00e9 num\u00e9rique Enjeux des donn\u00e9es de sant\u00e9","og_url":"https:\/\/ihedn.fr\/en\/lundis-de-lihedn\/lautonomie-strategique-europeenne\/","og_site_name":"L&#039;IHEDN : Institut des hautes \u00e9tudes de d\u00e9fense nationale","article_publisher":"https:\/\/www.facebook.com\/ihedn\/","article_published_time":"2021-05-08T14:14:54+00:00","article_modified_time":"2023-01-20T12:47:27+00:00","og_image":[{"width":1600,"height":800,"url":"https:\/\/ihedn.fr\/wp-content\/uploads\/2021\/05\/Lundis-de-IHEDN-Lautonomie-strategique-europeenne-Hubert-VEDRINE-01-1.jpg","type":"image\/jpeg"}],"author":"dev","twitter_card":"summary_large_image","twitter_creator":"@IHEDN","twitter_site":"@IHEDN","twitter_misc":{"Written by":"dev","Estimated reading time":"1 minute"},"schema":{"@context":"https:\/\/schema.org","@graph":[{"@type":"Article","@id":"https:\/\/ihedn.fr\/lundis-de-lihedn\/lautonomie-strategique-europeenne\/#article","isPartOf":{"@id":"https:\/\/ihedn.fr\/lundis-de-lihedn\/lautonomie-strategique-europeenne\/"},"author":{"name":"dev","@id":"https:\/\/ihedn.fr\/#\/schema\/person\/7a40155595e4efb35323447cb8c8c5a4"},"headline":"L\u2019autonomie strat\u00e9gique europ\u00e9enne","datePublished":"2021-05-08T14:14:54+00:00","dateModified":"2023-01-20T12:47:27+00:00","mainEntityOfPage":{"@id":"https:\/\/ihedn.fr\/lundis-de-lihedn\/lautonomie-strategique-europeenne\/"},"wordCount":92,"publisher":{"@id":"https:\/\/ihedn.fr\/#organization"},"image":{"@id":"https:\/\/ihedn.fr\/lundis-de-lihedn\/lautonomie-strategique-europeenne\/#primaryimage"},"thumbnailUrl":"https:\/\/ihedn.fr\/wp-content\/uploads\/2021\/05\/Lundis-de-IHEDN-Lautonomie-strategique-europeenne-Hubert-VEDRINE-01-1.jpg","articleSection":["Lundis de l'IHedn","Lundis de l'IHEDN","M\u00c9DIATHEQUE","Pr\u00e9c\u00e9dents conf\u00e9rences"],"inLanguage":"en-GB"},{"@type":"WebPage","@id":"https:\/\/ihedn.fr\/lundis-de-lihedn\/lautonomie-strategique-europeenne\/","url":"https:\/\/ihedn.fr\/lundis-de-lihedn\/lautonomie-strategique-europeenne\/","name":"European strategic autonomy - IHEDN : Institut des hautes \u00e9tudes de d\u00e9fense nationale (French Institute for Higher National Defence Studies)","isPartOf":{"@id":"https:\/\/ihedn.fr\/#website"},"primaryImageOfPage":{"@id":"https:\/\/ihedn.fr\/lundis-de-lihedn\/lautonomie-strategique-europeenne\/#primaryimage"},"image":{"@id":"https:\/\/ihedn.fr\/lundis-de-lihedn\/lautonomie-strategique-europeenne\/#primaryimage"},"thumbnailUrl":"https:\/\/ihedn.fr\/wp-content\/uploads\/2021\/05\/Lundis-de-IHEDN-Lautonomie-strategique-europeenne-Hubert-VEDRINE-01-1.jpg","datePublished":"2021-05-08T14:14:54+00:00","dateModified":"2023-01-20T12:47:27+00:00","description":"Special guest: Marie-Laure Denis, Conseiller d'\u00c9tat, Chairwoman of the CNIL - Keynote speaker: Marc Watin-Augouard, Army Gendarmerie General (2S) - RGPD Mechanisms for European cooperation Geopolitical issues surrounding data Cybersecurity Industrial policy and regulatory issues Digital identity Health data issues","breadcrumb":{"@id":"https:\/\/ihedn.fr\/lundis-de-lihedn\/lautonomie-strategique-europeenne\/#breadcrumb"},"inLanguage":"en-GB","potentialAction":[{"@type":"ReadAction","target":["https:\/\/ihedn.fr\/lundis-de-lihedn\/lautonomie-strategique-europeenne\/"]}]},{"@type":"ImageObject","inLanguage":"en-GB","@id":"https:\/\/ihedn.fr\/lundis-de-lihedn\/lautonomie-strategique-europeenne\/#primaryimage","url":"https:\/\/ihedn.fr\/wp-content\/uploads\/2021\/05\/Lundis-de-IHEDN-Lautonomie-strategique-europeenne-Hubert-VEDRINE-01-1.jpg","contentUrl":"https:\/\/ihedn.fr\/wp-content\/uploads\/2021\/05\/Lundis-de-IHEDN-Lautonomie-strategique-europeenne-Hubert-VEDRINE-01-1.jpg","width":1600,"height":800,"caption":"Lundis de IHEDN - L\u2019autonomie strat\u00e9gique europ\u00e9enne -Hubert-VEDRINE"},{"@type":"BreadcrumbList","@id":"https:\/\/ihedn.fr\/lundis-de-lihedn\/lautonomie-strategique-europeenne\/#breadcrumb","itemListElement":[{"@type":"ListItem","position":1,"name":"Accueil","item":"https:\/\/ihedn.fr\/"},{"@type":"ListItem","position":2,"name":"L\u2019autonomie strat\u00e9gique europ\u00e9enne"}]},{"@type":"WebSite","@id":"https:\/\/ihedn.fr\/#website","url":"https:\/\/ihedn.fr\/","name":"IHEDN: Institut des hautes \u00e9tudes de d\u00e9fense nationale (Institute for Higher National Defence Studies)","description":"Official website of the IHEDN under the supervision of the Prime Minister.","publisher":{"@id":"https:\/\/ihedn.fr\/#organization"},"potentialAction":[{"@type":"SearchAction","target":{"@type":"EntryPoint","urlTemplate":"https:\/\/ihedn.fr\/?s={search_term_string}"},"query-input":{"@type":"PropertyValueSpecification","valueRequired":true,"valueName":"search_term_string"}}],"inLanguage":"en-GB"},{"@type":"Organization","@id":"https:\/\/ihedn.fr\/#organization","name":"IHEDN - Institute for Higher National Defence Studies","url":"https:\/\/ihedn.fr\/","logo":{"@type":"ImageObject","inLanguage":"en-GB","@id":"https:\/\/ihedn.fr\/#\/schema\/logo\/image\/","url":"https:\/\/ihedn.fr\/wp-content\/uploads\/2020\/11\/BLOC_RF_IHEDN_WEB.png","contentUrl":"https:\/\/ihedn.fr\/wp-content\/uploads\/2020\/11\/BLOC_RF_IHEDN_WEB.png","width":500,"height":237,"caption":"IHEDN - Institut des Hautes Etudes de D\u00e9fense Nationale"},"image":{"@id":"https:\/\/ihedn.fr\/#\/schema\/logo\/image\/"},"sameAs":["https:\/\/www.facebook.com\/ihedn\/","https:\/\/x.com\/IHEDN","https:\/\/www.instagram.com\/ihedn\/","https:\/\/www.linkedin.com\/school\/ihedn\/","https:\/\/fr.wikipedia.org\/wiki\/Institut_des_hautes_\u00e9tudes_de_D\u00e9fense_nationale"]},{"@type":"Person","@id":"https:\/\/ihedn.fr\/#\/schema\/person\/7a40155595e4efb35323447cb8c8c5a4","name":"dev","image":{"@type":"ImageObject","inLanguage":"en-GB","@id":"https:\/\/secure.gravatar.com\/avatar\/f1ffcac9ca2fa95ad3ec33e9be3ade82f752acb0cabe541e56c5889225afa88a?s=96&d=mm&r=g","url":"https:\/\/secure.gravatar.com\/avatar\/f1ffcac9ca2fa95ad3ec33e9be3ade82f752acb0cabe541e56c5889225afa88a?s=96&d=mm&r=g","contentUrl":"https:\/\/secure.gravatar.com\/avatar\/f1ffcac9ca2fa95ad3ec33e9be3ade82f752acb0cabe541e56c5889225afa88a?s=96&d=mm&r=g","caption":"dev"},"sameAs":["https:\/\/ihedn.concilium.click"],"url":"https:\/\/ihedn.fr\/en\/author\/dev\/"}]}},"publishpress_future_action":{"enabled":false,"date":"2026-05-06 23:16:21","action":"change-status","newStatus":"draft","terms":[],"taxonomy":"category","extraData":[]},"publishpress_future_workflow_manual_trigger":{"enabledWorkflows":[]},"_links":{"self":[{"href":"https:\/\/ihedn.fr\/en\/wp-json\/wp\/v2\/posts\/10784","targetHints":{"allow":["GET"]}}],"collection":[{"href":"https:\/\/ihedn.fr\/en\/wp-json\/wp\/v2\/posts"}],"about":[{"href":"https:\/\/ihedn.fr\/en\/wp-json\/wp\/v2\/types\/post"}],"author":[{"embeddable":true,"href":"https:\/\/ihedn.fr\/en\/wp-json\/wp\/v2\/users\/1"}],"replies":[{"embeddable":true,"href":"https:\/\/ihedn.fr\/en\/wp-json\/wp\/v2\/comments?post=10784"}],"version-history":[{"count":11,"href":"https:\/\/ihedn.fr\/en\/wp-json\/wp\/v2\/posts\/10784\/revisions"}],"predecessor-version":[{"id":33294,"href":"https:\/\/ihedn.fr\/en\/wp-json\/wp\/v2\/posts\/10784\/revisions\/33294"}],"wp:featuredmedia":[{"embeddable":true,"href":"https:\/\/ihedn.fr\/en\/wp-json\/wp\/v2\/media\/10791"}],"wp:attachment":[{"href":"https:\/\/ihedn.fr\/en\/wp-json\/wp\/v2\/media?parent=10784"}],"wp:term":[{"taxonomy":"category","embeddable":true,"href":"https:\/\/ihedn.fr\/en\/wp-json\/wp\/v2\/categories?post=10784"},{"taxonomy":"post_tag","embeddable":true,"href":"https:\/\/ihedn.fr\/en\/wp-json\/wp\/v2\/tags?post=10784"}],"curies":[{"name":"wp","href":"https:\/\/api.w.org\/{rel}","templated":true}]}}