{"id":11941,"date":"2021-06-04T07:48:37","date_gmt":"2021-06-04T06:48:37","guid":{"rendered":"https:\/\/ihedn.fr\/?p=11941"},"modified":"2022-11-25T15:22:58","modified_gmt":"2022-11-25T14:22:58","slug":"les-auditeurs-de-la-6e-session-nationale-enjeux-et-strategies-maritimes-prennent-le-large-pour-les-hauts-de-france","status":"publish","type":"post","link":"https:\/\/ihedn.fr\/en\/notre-actualite\/les-auditeurs-de-la-6e-session-nationale-enjeux-et-strategies-maritimes-prennent-le-large-pour-les-hauts-de-france\/","title":{"rendered":"Participants in the 6th national session on \"Maritime issues and strategies\" set sail for Hauts-de-France"},"content":{"rendered":"<div data-elementor-type=\"wp-post\" data-elementor-id=\"11941\" class=\"elementor elementor-11941\" data-elementor-post-type=\"post\">\n\t\t\t\t\t\t<section data-particle_enable=\"false\" data-particle-mobile-disabled=\"false\" class=\"elementor-section elementor-top-section elementor-element elementor-element-006e3ec elementor-section-boxed elementor-section-height-default elementor-section-height-default\" data-id=\"006e3ec\" data-element_type=\"section\" data-e-type=\"section\">\n\t\t\t\t\t\t<div class=\"elementor-container elementor-column-gap-default\">\n\t\t\t\t\t<div class=\"elementor-column elementor-col-100 elementor-top-column elementor-element elementor-element-b3e26a9\" data-id=\"b3e26a9\" data-element_type=\"column\" data-e-type=\"column\">\n\t\t\t<div class=\"elementor-widget-wrap elementor-element-populated\">\n\t\t\t\t\t\t<div class=\"elementor-element elementor-element-ce52fa1 elementor-widget elementor-widget-text-editor\" data-id=\"ce52fa1\" data-element_type=\"widget\" data-e-type=\"widget\" data-widget_type=\"text-editor.default\">\n\t\t\t\t<div class=\"elementor-widget-container\">\n\t\t\t\t\t\t\t\t\t<p>The participants in the IHEDN's 6th national session on \"Maritime issues and strategies\" were able to set sail for Hauts-de-France under the guidance of Captain Patrick RATIER, Commander of the Navy at Dunkirk, who ensured that they were properly channelled throughout the day. After too many videoconference seminars, these reunions in the flesh, made possible by the improvement in the health situation, were particularly welcome, despite the residual constraints being strictly adhered to.<\/p>\t\t\t\t\t\t\t\t<\/div>\n\t\t\t\t<\/div>\n\t\t\t\t\t<\/div>\n\t\t<\/div>\n\t\t\t\t\t<\/div>\n\t\t<\/section>\n\t\t\t\t<section data-particle_enable=\"false\" data-particle-mobile-disabled=\"false\" class=\"elementor-section elementor-top-section elementor-element elementor-element-85163e6 elementor-section-boxed elementor-section-height-default elementor-section-height-default\" data-id=\"85163e6\" data-element_type=\"section\" data-e-type=\"section\">\n\t\t\t\t\t\t<div class=\"elementor-container elementor-column-gap-default\">\n\t\t\t\t\t<div class=\"elementor-column elementor-col-100 elementor-top-column elementor-element elementor-element-2a6d280\" data-id=\"2a6d280\" data-element_type=\"column\" data-e-type=\"column\">\n\t\t\t<div class=\"elementor-widget-wrap elementor-element-populated\">\n\t\t\t\t\t\t<div class=\"elementor-element elementor-element-f3e55b1 elementor-widget elementor-widget-image\" data-id=\"f3e55b1\" data-element_type=\"widget\" data-e-type=\"widget\" data-widget_type=\"image.default\">\n\t\t\t\t<div class=\"elementor-widget-container\">\n\t\t\t\t\t\t\t\t\t\t\t\t<figure class=\"wp-caption\">\n\t\t\t\t\t\t\t\t\t\t<img fetchpriority=\"high\" decoding=\"async\" width=\"1369\" height=\"1027\" src=\"https:\/\/ihedn.fr\/wp-content\/uploads\/2021\/06\/IHEDN-6e-SN_ESM-Hauts-de-France-01.jpg\" class=\"attachment-full size-full wp-image-11943\" alt=\"IHEDN-6e SN_ESM-Hauts-de-France\" \/>\t\t\t\t\t\t\t\t\t\t\t<figcaption class=\"widget-image-caption wp-caption-text\">The port of Boulogne in the early hours of the morning <\/figcaption>\n\t\t\t\t\t\t\t\t\t\t<\/figure>\n\t\t\t\t\t\t\t\t\t<\/div>\n\t\t\t\t<\/div>\n\t\t\t\t\t<\/div>\n\t\t<\/div>\n\t\t\t\t\t<\/div>\n\t\t<\/section>\n\t\t\t\t<section data-particle_enable=\"false\" data-particle-mobile-disabled=\"false\" class=\"elementor-section elementor-top-section elementor-element elementor-element-6662b7f elementor-section-boxed elementor-section-height-default elementor-section-height-default\" data-id=\"6662b7f\" data-element_type=\"section\" data-e-type=\"section\">\n\t\t\t\t\t\t<div class=\"elementor-container elementor-column-gap-default\">\n\t\t\t\t\t<div class=\"elementor-column elementor-col-100 elementor-top-column elementor-element elementor-element-1187178\" data-id=\"1187178\" data-element_type=\"column\" data-e-type=\"column\">\n\t\t\t<div class=\"elementor-widget-wrap elementor-element-populated\">\n\t\t\t\t\t\t<div class=\"elementor-element elementor-element-e132a9d elementor-widget elementor-widget-text-editor\" data-id=\"e132a9d\" data-element_type=\"widget\" data-e-type=\"widget\" data-widget_type=\"text-editor.default\">\n\t\t\t\t<div class=\"elementor-widget-container\">\n\t\t\t\t\t\t\t\t\t<p>From the early hours of the morning, after waking up at 4am, the listeners - a little foggy, but with a smile on their faces - were welcomed to the port of Boulogne, France's largest port in terms of volume, by its director, Alain Cailler, a great friend of the IHEDN, which he hosts every year. They were able to experience the auction live, with explanations from its director Gildas Dubois, another friend of the session. The most modern technology in this fully computerised auction has now replaced the picturesque howls that still govern many auctions. But the freshly caught fish that filled the hall in the middle of the night have not changed.<\/p>\t\t\t\t\t\t\t\t<\/div>\n\t\t\t\t<\/div>\n\t\t\t\t\t<\/div>\n\t\t<\/div>\n\t\t\t\t\t<\/div>\n\t\t<\/section>\n\t\t\t\t<section data-particle_enable=\"false\" data-particle-mobile-disabled=\"false\" class=\"elementor-section elementor-top-section elementor-element elementor-element-018e572 elementor-section-boxed elementor-section-height-default elementor-section-height-default\" data-id=\"018e572\" data-element_type=\"section\" data-e-type=\"section\">\n\t\t\t\t\t\t<div class=\"elementor-container elementor-column-gap-default\">\n\t\t\t\t\t<div class=\"elementor-column elementor-col-100 elementor-top-column elementor-element elementor-element-4df7d75\" data-id=\"4df7d75\" data-element_type=\"column\" data-e-type=\"column\">\n\t\t\t<div class=\"elementor-widget-wrap elementor-element-populated\">\n\t\t\t\t\t\t<div class=\"elementor-element elementor-element-b746a0f elementor-widget elementor-widget-image\" data-id=\"b746a0f\" data-element_type=\"widget\" data-e-type=\"widget\" data-widget_type=\"image.default\">\n\t\t\t\t<div class=\"elementor-widget-container\">\n\t\t\t\t\t\t\t\t\t\t\t\t<figure class=\"wp-caption\">\n\t\t\t\t\t\t\t\t\t\t<img decoding=\"async\" width=\"1369\" height=\"1058\" src=\"https:\/\/ihedn.fr\/wp-content\/uploads\/2021\/06\/IHEDN-6e-SN_ESM-Hauts-de-France-02.jpg\" class=\"attachment-full size-full wp-image-11944\" alt=\"IHEDN-6e SN_ESM-Hauts-de-France\" \/>\t\t\t\t\t\t\t\t\t\t\t<figcaption class=\"widget-image-caption wp-caption-text\">A fully computerised auction<\/figcaption>\n\t\t\t\t\t\t\t\t\t\t<\/figure>\n\t\t\t\t\t\t\t\t\t<\/div>\n\t\t\t\t<\/div>\n\t\t\t\t\t<\/div>\n\t\t<\/div>\n\t\t\t\t\t<\/div>\n\t\t<\/section>\n\t\t\t\t<section data-particle_enable=\"false\" data-particle-mobile-disabled=\"false\" class=\"elementor-section elementor-top-section elementor-element elementor-element-7254844 elementor-section-boxed elementor-section-height-default elementor-section-height-default\" data-id=\"7254844\" data-element_type=\"section\" data-e-type=\"section\">\n\t\t\t\t\t\t<div class=\"elementor-container elementor-column-gap-default\">\n\t\t\t\t\t<div class=\"elementor-column elementor-col-100 elementor-top-column elementor-element elementor-element-8ba195f\" data-id=\"8ba195f\" data-element_type=\"column\" data-e-type=\"column\">\n\t\t\t<div class=\"elementor-widget-wrap elementor-element-populated\">\n\t\t\t\t\t\t<div class=\"elementor-element elementor-element-9dd546f elementor-widget elementor-widget-text-editor\" data-id=\"9dd546f\" data-element_type=\"widget\" data-e-type=\"widget\" data-widget_type=\"text-editor.default\">\n\t\t\t\t<div class=\"elementor-widget-container\">\n\t\t\t\t\t\t\t\t\t<p>Gildas Dubois found it hard to hide his passion for seafood as he explained to listeners the different quality criteria for fish, showing off sparkling eyes and bright red gills.\u00a0\u00a0 \u00a0<\/p>\t\t\t\t\t\t\t\t<\/div>\n\t\t\t\t<\/div>\n\t\t\t\t\t<\/div>\n\t\t<\/div>\n\t\t\t\t\t<\/div>\n\t\t<\/section>\n\t\t\t\t<section data-particle_enable=\"false\" data-particle-mobile-disabled=\"false\" class=\"elementor-section elementor-top-section elementor-element elementor-element-a109366 elementor-section-boxed elementor-section-height-default elementor-section-height-default\" data-id=\"a109366\" data-element_type=\"section\" data-e-type=\"section\">\n\t\t\t\t\t\t<div class=\"elementor-container elementor-column-gap-default\">\n\t\t\t\t\t<div class=\"elementor-column elementor-col-100 elementor-top-column elementor-element elementor-element-5a29212\" data-id=\"5a29212\" data-element_type=\"column\" data-e-type=\"column\">\n\t\t\t<div class=\"elementor-widget-wrap elementor-element-populated\">\n\t\t\t\t\t\t<div class=\"elementor-element elementor-element-215189e elementor-widget elementor-widget-image\" data-id=\"215189e\" data-element_type=\"widget\" data-e-type=\"widget\" data-widget_type=\"image.default\">\n\t\t\t\t<div class=\"elementor-widget-container\">\n\t\t\t\t\t\t\t\t\t\t\t\t<figure class=\"wp-caption\">\n\t\t\t\t\t\t\t\t\t\t<img decoding=\"async\" width=\"1369\" height=\"1027\" src=\"https:\/\/ihedn.fr\/wp-content\/uploads\/2021\/06\/IHEDN-6e-SN_ESM-Hauts-de-France-03.jpg\" class=\"attachment-full size-full wp-image-11945\" alt=\"IHEDN-6e SN_ESM-Hauts-de-France\" \/>\t\t\t\t\t\t\t\t\t\t\t<figcaption class=\"widget-image-caption wp-caption-text\">Gildas Dubois explaining fish quality criteria<\/figcaption>\n\t\t\t\t\t\t\t\t\t\t<\/figure>\n\t\t\t\t\t\t\t\t\t<\/div>\n\t\t\t\t<\/div>\n\t\t\t\t\t<\/div>\n\t\t<\/div>\n\t\t\t\t\t<\/div>\n\t\t<\/section>\n\t\t\t\t<section data-particle_enable=\"false\" data-particle-mobile-disabled=\"false\" class=\"elementor-section elementor-top-section elementor-element elementor-element-34a89e9 elementor-section-boxed elementor-section-height-default elementor-section-height-default\" data-id=\"34a89e9\" data-element_type=\"section\" data-e-type=\"section\">\n\t\t\t\t\t\t<div class=\"elementor-container elementor-column-gap-default\">\n\t\t\t\t\t<div class=\"elementor-column elementor-col-100 elementor-top-column elementor-element elementor-element-64f6ed8\" data-id=\"64f6ed8\" data-element_type=\"column\" data-e-type=\"column\">\n\t\t\t<div class=\"elementor-widget-wrap elementor-element-populated\">\n\t\t\t\t\t\t<div class=\"elementor-element elementor-element-5f85b08 elementor-widget elementor-widget-text-editor\" data-id=\"5f85b08\" data-element_type=\"widget\" data-e-type=\"widget\" data-widget_type=\"text-editor.default\">\n\t\t\t\t<div class=\"elementor-widget-container\">\n\t\t\t\t\t\t\t\t\t<p>Guided by Alain Cailler, the detailed tour of Cap\u00e9cure, Europe's leading seafood processing centre with 140 companies, definitively convinced the audience of the strategic importance of the fisheries sector for France and the scale of the challenges posed by Brexit.<\/p>\t\t\t\t\t\t\t\t<\/div>\n\t\t\t\t<\/div>\n\t\t\t\t\t<\/div>\n\t\t<\/div>\n\t\t\t\t\t<\/div>\n\t\t<\/section>\n\t\t\t\t<section data-particle_enable=\"false\" data-particle-mobile-disabled=\"false\" class=\"elementor-section elementor-top-section elementor-element elementor-element-23d1df8 elementor-section-boxed elementor-section-height-default elementor-section-height-default\" data-id=\"23d1df8\" data-element_type=\"section\" data-e-type=\"section\">\n\t\t\t\t\t\t<div class=\"elementor-container elementor-column-gap-default\">\n\t\t\t\t\t<div class=\"elementor-column elementor-col-100 elementor-top-column elementor-element elementor-element-a78c297\" data-id=\"a78c297\" data-element_type=\"column\" data-e-type=\"column\">\n\t\t\t<div class=\"elementor-widget-wrap elementor-element-populated\">\n\t\t\t\t\t\t<div class=\"elementor-element elementor-element-69f1e15 elementor-widget elementor-widget-image\" data-id=\"69f1e15\" data-element_type=\"widget\" data-e-type=\"widget\" data-widget_type=\"image.default\">\n\t\t\t\t<div class=\"elementor-widget-container\">\n\t\t\t\t\t\t\t\t\t\t\t\t<figure class=\"wp-caption\">\n\t\t\t\t\t\t\t\t\t\t<img loading=\"lazy\" decoding=\"async\" width=\"1369\" height=\"1027\" src=\"https:\/\/ihedn.fr\/wp-content\/uploads\/2021\/06\/IHEDN-6e-SN_ESM-Hauts-de-France-04.jpg\" class=\"attachment-full size-full wp-image-11946\" alt=\"IHEDN-6e SN_ESM-Hauts-de-France\" \/>\t\t\t\t\t\t\t\t\t\t\t<figcaption class=\"widget-image-caption wp-caption-text\">Sunrise over attentive listeners in the port of Calais<\/figcaption>\n\t\t\t\t\t\t\t\t\t\t<\/figure>\n\t\t\t\t\t\t\t\t\t<\/div>\n\t\t\t\t<\/div>\n\t\t\t\t\t<\/div>\n\t\t<\/div>\n\t\t\t\t\t<\/div>\n\t\t<\/section>\n\t\t\t\t<section data-particle_enable=\"false\" data-particle-mobile-disabled=\"false\" class=\"elementor-section elementor-top-section elementor-element elementor-element-3fd79cd elementor-section-boxed elementor-section-height-default elementor-section-height-default\" data-id=\"3fd79cd\" data-element_type=\"section\" data-e-type=\"section\">\n\t\t\t\t\t\t<div class=\"elementor-container elementor-column-gap-default\">\n\t\t\t\t\t<div class=\"elementor-column elementor-col-100 elementor-top-column elementor-element elementor-element-64c15a9\" data-id=\"64c15a9\" data-element_type=\"column\" data-e-type=\"column\">\n\t\t\t<div class=\"elementor-widget-wrap elementor-element-populated\">\n\t\t\t\t\t\t<div class=\"elementor-element elementor-element-7e6f8e4 elementor-widget elementor-widget-image\" data-id=\"7e6f8e4\" data-element_type=\"widget\" data-e-type=\"widget\" data-widget_type=\"image.default\">\n\t\t\t\t<div class=\"elementor-widget-container\">\n\t\t\t\t\t\t\t\t\t\t\t\t<figure class=\"wp-caption\">\n\t\t\t\t\t\t\t\t\t\t<img loading=\"lazy\" decoding=\"async\" width=\"1369\" height=\"909\" src=\"https:\/\/ihedn.fr\/wp-content\/uploads\/2021\/06\/IHEDN-6e-SN_ESM-Hauts-de-France-07.jpg\" class=\"attachment-full size-full wp-image-11949\" alt=\"IHEDN-6e SN_ESM-Hauts-de-France\" \/>\t\t\t\t\t\t\t\t\t\t\t<figcaption class=\"widget-image-caption wp-caption-text\">Welcome to Dunkirk by sub-prefect Herv\u00e9 Tourmente and Daniel Deschodt, acting chairman of the Management Board of the Grand Port Maritime. <\/figcaption>\n\t\t\t\t\t\t\t\t\t\t<\/figure>\n\t\t\t\t\t\t\t\t\t<\/div>\n\t\t\t\t<\/div>\n\t\t\t\t\t<\/div>\n\t\t<\/div>\n\t\t\t\t\t<\/div>\n\t\t<\/section>\n\t\t\t\t<section data-particle_enable=\"false\" data-particle-mobile-disabled=\"false\" class=\"elementor-section elementor-top-section elementor-element elementor-element-c2565ee elementor-section-boxed elementor-section-height-default elementor-section-height-default\" data-id=\"c2565ee\" data-element_type=\"section\" data-e-type=\"section\">\n\t\t\t\t\t\t<div class=\"elementor-container elementor-column-gap-default\">\n\t\t\t\t\t<div class=\"elementor-column elementor-col-100 elementor-top-column elementor-element elementor-element-071c54e\" data-id=\"071c54e\" data-element_type=\"column\" data-e-type=\"column\">\n\t\t\t<div class=\"elementor-widget-wrap elementor-element-populated\">\n\t\t\t\t\t\t<div class=\"elementor-element elementor-element-cda0464 elementor-widget elementor-widget-text-editor\" data-id=\"cda0464\" data-element_type=\"widget\" data-e-type=\"widget\" data-widget_type=\"text-editor.default\">\n\t\t\t\t<div class=\"elementor-widget-container\">\n\t\t\t\t\t\t\t\t\t<p>At eight o'clock in the morning, invigorated by a hearty Boulonnais breakfast featuring the morning's catch, the listeners set off for Calais, their next port of call for the morning. Philippe Suisse, Director of Security at the Port of Calais, explained the issues at stake for the town as a result of illegal immigration. The Strait of Pas-de-Calais, separating France from the United Kingdom, is the last obstacle separating migrants ready to risk their lives to reach their \"grail\" after travelling several thousand kilometres.<\/p>\t\t\t\t\t\t\t\t<\/div>\n\t\t\t\t<\/div>\n\t\t\t\t\t<\/div>\n\t\t<\/div>\n\t\t\t\t\t<\/div>\n\t\t<\/section>\n\t\t\t\t<section data-particle_enable=\"false\" data-particle-mobile-disabled=\"false\" class=\"elementor-section elementor-top-section elementor-element elementor-element-1946e8d elementor-section-boxed elementor-section-height-default elementor-section-height-default\" data-id=\"1946e8d\" data-element_type=\"section\" data-e-type=\"section\">\n\t\t\t\t\t\t<div class=\"elementor-container elementor-column-gap-default\">\n\t\t\t\t\t<div class=\"elementor-column elementor-col-100 elementor-top-column elementor-element elementor-element-5f3bca4\" data-id=\"5f3bca4\" data-element_type=\"column\" data-e-type=\"column\">\n\t\t\t<div class=\"elementor-widget-wrap elementor-element-populated\">\n\t\t\t\t\t\t<div class=\"elementor-element elementor-element-83c80ff elementor-widget elementor-widget-image\" data-id=\"83c80ff\" data-element_type=\"widget\" data-e-type=\"widget\" data-widget_type=\"image.default\">\n\t\t\t\t<div class=\"elementor-widget-container\">\n\t\t\t\t\t\t\t\t\t\t\t\t<figure class=\"wp-caption\">\n\t\t\t\t\t\t\t\t\t\t<img loading=\"lazy\" decoding=\"async\" width=\"1369\" height=\"839\" src=\"https:\/\/ihedn.fr\/wp-content\/uploads\/2021\/06\/IHEDN-6e-SN_ESM-Hauts-de-France-06.jpg\" class=\"attachment-full size-full wp-image-11948\" alt=\"IHEDN-6e SN_ESM-Hauts-de-France\" \/>\t\t\t\t\t\t\t\t\t\t\t<figcaption class=\"widget-image-caption wp-caption-text\">Auditors smile as they work on their assignments<\/figcaption>\n\t\t\t\t\t\t\t\t\t\t<\/figure>\n\t\t\t\t\t\t\t\t\t<\/div>\n\t\t\t\t<\/div>\n\t\t\t\t\t<\/div>\n\t\t<\/div>\n\t\t\t\t\t<\/div>\n\t\t<\/section>\n\t\t\t\t<section data-particle_enable=\"false\" data-particle-mobile-disabled=\"false\" class=\"elementor-section elementor-top-section elementor-element elementor-element-dd9d45b elementor-section-boxed elementor-section-height-default elementor-section-height-default\" data-id=\"dd9d45b\" data-element_type=\"section\" data-e-type=\"section\">\n\t\t\t\t\t\t<div class=\"elementor-container elementor-column-gap-default\">\n\t\t\t\t\t<div class=\"elementor-column elementor-col-100 elementor-top-column elementor-element elementor-element-3882639\" data-id=\"3882639\" data-element_type=\"column\" data-e-type=\"column\">\n\t\t\t<div class=\"elementor-widget-wrap elementor-element-populated\">\n\t\t\t\t\t\t<div class=\"elementor-element elementor-element-062365a elementor-widget elementor-widget-text-editor\" data-id=\"062365a\" data-element_type=\"widget\" data-e-type=\"widget\" data-widget_type=\"text-editor.default\">\n\t\t\t\t<div class=\"elementor-widget-container\">\n\t\t\t\t\t\t\t\t\t<p>The auditors visited the facilities for detecting attempts at illegal entry, and noted the excellent cooperation between the French and British governments in controlling the flow of migrants. The visit, led by Franck Suisse, his brother's deputy, showed the auditors the economic dynamism of this fast-growing port, which will be inaugurating an impressive extension in October, with modern infrastructures perfectly adapted to the new post-Brexit environment.<\/p><p>The audience then headed back to Dunkirk for a tour of the port, which can accommodate the world's largest ships. They were first welcomed for a rustic lunch in the open air - COVID obliges - by the sub-prefect of Dunkirk Herv\u00e9 Tourmente and Daniel Deschodt, acting chairman of the board of the Grand Port Maritime de Dunkerque (GPMD).<\/p>\t\t\t\t\t\t\t\t<\/div>\n\t\t\t\t<\/div>\n\t\t\t\t\t<\/div>\n\t\t<\/div>\n\t\t\t\t\t<\/div>\n\t\t<\/section>\n\t\t\t\t<section data-particle_enable=\"false\" data-particle-mobile-disabled=\"false\" class=\"elementor-section elementor-top-section elementor-element elementor-element-1ae43cd elementor-section-boxed elementor-section-height-default elementor-section-height-default\" data-id=\"1ae43cd\" data-element_type=\"section\" data-e-type=\"section\">\n\t\t\t\t\t\t<div class=\"elementor-container elementor-column-gap-default\">\n\t\t\t\t\t<div class=\"elementor-column elementor-col-100 elementor-top-column elementor-element elementor-element-a8cdb33\" data-id=\"a8cdb33\" data-element_type=\"column\" data-e-type=\"column\">\n\t\t\t<div class=\"elementor-widget-wrap elementor-element-populated\">\n\t\t\t\t\t\t<div class=\"elementor-element elementor-element-940653b elementor-widget elementor-widget-image\" data-id=\"940653b\" data-element_type=\"widget\" data-e-type=\"widget\" data-widget_type=\"image.default\">\n\t\t\t\t<div class=\"elementor-widget-container\">\n\t\t\t\t\t\t\t\t\t\t\t\t<figure class=\"wp-caption\">\n\t\t\t\t\t\t\t\t\t\t<img loading=\"lazy\" decoding=\"async\" width=\"1369\" height=\"909\" src=\"https:\/\/ihedn.fr\/wp-content\/uploads\/2021\/06\/IHEDN-6e-SN_ESM-Hauts-de-France-07.jpg\" class=\"attachment-full size-full wp-image-11949\" alt=\"IHEDN-6e SN_ESM-Hauts-de-France\" \/>\t\t\t\t\t\t\t\t\t\t\t<figcaption class=\"widget-image-caption wp-caption-text\">Welcome to Dunkirk by sub-prefect Herv\u00e9 Tourmente and Daniel Deschodt, acting chairman of the Management Board of the Grand Port Maritime. <\/figcaption>\n\t\t\t\t\t\t\t\t\t\t<\/figure>\n\t\t\t\t\t\t\t\t\t<\/div>\n\t\t\t\t<\/div>\n\t\t\t\t\t<\/div>\n\t\t<\/div>\n\t\t\t\t\t<\/div>\n\t\t<\/section>\n\t\t\t\t<section data-particle_enable=\"false\" data-particle-mobile-disabled=\"false\" class=\"elementor-section elementor-top-section elementor-element elementor-element-abddba2 elementor-section-boxed elementor-section-height-default elementor-section-height-default\" data-id=\"abddba2\" data-element_type=\"section\" data-e-type=\"section\">\n\t\t\t\t\t\t<div class=\"elementor-container elementor-column-gap-default\">\n\t\t\t\t\t<div class=\"elementor-column elementor-col-100 elementor-top-column elementor-element elementor-element-605ff04\" data-id=\"605ff04\" data-element_type=\"column\" data-e-type=\"column\">\n\t\t\t<div class=\"elementor-widget-wrap elementor-element-populated\">\n\t\t\t\t\t\t<div class=\"elementor-element elementor-element-3071ad2 elementor-widget elementor-widget-text-editor\" data-id=\"3071ad2\" data-element_type=\"widget\" data-e-type=\"widget\" data-widget_type=\"text-editor.default\">\n\t\t\t\t<div class=\"elementor-widget-container\">\n\t\t\t\t\t\t\t\t\t<p>The guided tour of the GPMD by Dominique Lammin, in charge of public relations, was an excellent illustration of the presentation made by its director last March via videoconference. Visitors were able to see for themselves how the GPMD is implementing its strategy to seize opportunities in the blue economy and face up to competition from foreign ports. The development of a circular economy and the preservation of biodiversity are two of the main pillars of a determined sustainable development policy. With this in mind, Norlink Ports, an association of the region's ports, is implementing a joint approach to the development of this major seafront in the Hauts-de-France region.<\/p>\t\t\t\t\t\t\t\t<\/div>\n\t\t\t\t<\/div>\n\t\t\t\t\t<\/div>\n\t\t<\/div>\n\t\t\t\t\t<\/div>\n\t\t<\/section>\n\t\t\t\t<section data-particle_enable=\"false\" data-particle-mobile-disabled=\"false\" class=\"elementor-section elementor-top-section elementor-element elementor-element-acbe22c elementor-section-boxed elementor-section-height-default elementor-section-height-default\" data-id=\"acbe22c\" data-element_type=\"section\" data-e-type=\"section\">\n\t\t\t\t\t\t<div class=\"elementor-container elementor-column-gap-default\">\n\t\t\t\t\t<div class=\"elementor-column elementor-col-100 elementor-top-column elementor-element elementor-element-360cd25\" data-id=\"360cd25\" data-element_type=\"column\" data-e-type=\"column\">\n\t\t\t<div class=\"elementor-widget-wrap elementor-element-populated\">\n\t\t\t\t\t\t<div class=\"elementor-element elementor-element-d17e7ab elementor-widget elementor-widget-image\" data-id=\"d17e7ab\" data-element_type=\"widget\" data-e-type=\"widget\" data-widget_type=\"image.default\">\n\t\t\t\t<div class=\"elementor-widget-container\">\n\t\t\t\t\t\t\t\t\t\t\t\t<figure class=\"wp-caption\">\n\t\t\t\t\t\t\t\t\t\t<img loading=\"lazy\" decoding=\"async\" width=\"1369\" height=\"754\" src=\"https:\/\/ihedn.fr\/wp-content\/uploads\/2021\/06\/IHEDN-6e-SN_ESM-Hauts-de-France-08.jpg\" class=\"attachment-full size-full wp-image-11950\" alt=\"IHEDN-6e SN_ESM-Hauts-de-France\" \/>\t\t\t\t\t\t\t\t\t\t\t<figcaption class=\"widget-image-caption wp-caption-text\">Listeners admiring CMA-CGM's impressive Champs-\u00c9lys\u00e9es container ship (22,000 boxes)<\/figcaption>\n\t\t\t\t\t\t\t\t\t\t<\/figure>\n\t\t\t\t\t\t\t\t\t<\/div>\n\t\t\t\t<\/div>\n\t\t\t\t\t<\/div>\n\t\t<\/div>\n\t\t\t\t\t<\/div>\n\t\t<\/section>\n\t\t\t\t<section data-particle_enable=\"false\" data-particle-mobile-disabled=\"false\" class=\"elementor-section elementor-top-section elementor-element elementor-element-2ca500c elementor-section-boxed elementor-section-height-default elementor-section-height-default\" data-id=\"2ca500c\" data-element_type=\"section\" data-e-type=\"section\">\n\t\t\t\t\t\t<div class=\"elementor-container elementor-column-gap-default\">\n\t\t\t\t\t<div class=\"elementor-column elementor-col-100 elementor-top-column elementor-element elementor-element-c718fce\" data-id=\"c718fce\" data-element_type=\"column\" data-e-type=\"column\">\n\t\t\t<div class=\"elementor-widget-wrap elementor-element-populated\">\n\t\t\t\t\t\t<div class=\"elementor-element elementor-element-74d9758 elementor-widget elementor-widget-text-editor\" data-id=\"74d9758\" data-element_type=\"widget\" data-e-type=\"widget\" data-widget_type=\"text-editor.default\">\n\t\t\t\t<div class=\"elementor-widget-container\">\n\t\t\t\t\t\t\t\t\t<p>After a busy day visiting three very different ports, the auditors left Hauts de France with a good understanding of the major challenges facing France's port economy and the associated defence and security issues.<\/p>\t\t\t\t\t\t\t\t<\/div>\n\t\t\t\t<\/div>\n\t\t\t\t\t<\/div>\n\t\t<\/div>\n\t\t\t\t\t<\/div>\n\t\t<\/section>\n\t\t\t\t<\/div>","protected":false},"excerpt":{"rendered":"<p>Les auditeurs de la 6e\u00a0session nationale \u00ab\u2009Enjeux et strat\u00e9gies maritimes\u2009\u00bb de l\u2019IHEDN ont pu appareiller pour les Hauts-de-France sous le pilotage du capitaine de vaisseau Patrick RATIER, commandant la marine \u00e0 Dunkerque, qui a veill\u00e9 \u00e0 leur bon chenalage tout au long de la journ\u00e9e. Apr\u00e8s trop de s\u00e9minaires en visioconf\u00e9rence, ces retrouvailles en chair [&hellip;]<\/p>\n","protected":false},"author":1,"featured_media":11944,"comment_status":"closed","ping_status":"closed","sticky":false,"template":"","format":"standard","meta":{"footnotes":""},"categories":[172],"tags":[],"class_list":["post-11941","post","type-post","status-publish","format-standard","has-post-thumbnail","hentry","category-notre-actualite"],"yoast_head":"<!-- This site is optimized with the Yoast SEO plugin v27.5 - https:\/\/yoast.com\/product\/yoast-seo-wordpress\/ -->\n<title>Les auditeurs de la 6e session nationale \u00ab\u2009Enjeux et strat\u00e9gies maritimes\u2009\u00bb prennent le large pour les Hauts-de-France - L&#039;IHEDN : Institut des hautes \u00e9tudes de d\u00e9fense nationale<\/title>\n<meta name=\"robots\" content=\"index, follow, max-snippet:-1, max-image-preview:large, max-video-preview:-1\" \/>\n<link rel=\"canonical\" href=\"https:\/\/ihedn.fr\/en\/actualites-des-sessions\/les-auditeurs-de-la-6e-session-nationale-enjeux-et-strategies-maritimes-prennent-le-large-pour-les-hauts-de-france\/\" \/>\n<meta property=\"og:locale\" content=\"en_GB\" \/>\n<meta property=\"og:type\" content=\"article\" \/>\n<meta property=\"og:title\" content=\"Les auditeurs de la 6e session nationale \u00ab\u2009Enjeux et strat\u00e9gies maritimes\u2009\u00bb prennent le large pour les Hauts-de-France - L&#039;IHEDN : Institut des hautes \u00e9tudes de d\u00e9fense nationale\" \/>\n<meta property=\"og:description\" content=\"Les auditeurs de la 6e\u00a0session nationale \u00ab\u2009Enjeux et strat\u00e9gies maritimes\u2009\u00bb de l\u2019IHEDN ont pu appareiller pour les Hauts-de-France sous le pilotage du capitaine de vaisseau Patrick RATIER, commandant la marine \u00e0 Dunkerque, qui a veill\u00e9 \u00e0 leur bon chenalage tout au long de la journ\u00e9e. Apr\u00e8s trop de s\u00e9minaires en visioconf\u00e9rence, ces retrouvailles en chair [&hellip;]\" \/>\n<meta property=\"og:url\" content=\"https:\/\/ihedn.fr\/en\/actualites-des-sessions\/les-auditeurs-de-la-6e-session-nationale-enjeux-et-strategies-maritimes-prennent-le-large-pour-les-hauts-de-france\/\" \/>\n<meta property=\"og:site_name\" content=\"L&#039;IHEDN : Institut des hautes \u00e9tudes de d\u00e9fense nationale\" \/>\n<meta property=\"article:publisher\" content=\"https:\/\/www.facebook.com\/ihedn\/\" \/>\n<meta property=\"article:published_time\" content=\"2021-06-04T06:48:37+00:00\" \/>\n<meta property=\"article:modified_time\" content=\"2022-11-25T14:22:58+00:00\" \/>\n<meta property=\"og:image\" content=\"https:\/\/ihedn.fr\/wp-content\/uploads\/2021\/06\/IHEDN-6e-SN_ESM-Hauts-de-France-02.jpg\" \/>\n\t<meta property=\"og:image:width\" content=\"1369\" \/>\n\t<meta property=\"og:image:height\" content=\"1058\" \/>\n\t<meta property=\"og:image:type\" content=\"image\/jpeg\" \/>\n<meta name=\"author\" content=\"dev\" \/>\n<meta name=\"twitter:card\" content=\"summary_large_image\" \/>\n<meta name=\"twitter:creator\" content=\"@IHEDN\" \/>\n<meta name=\"twitter:site\" content=\"@IHEDN\" \/>\n<meta name=\"twitter:label1\" content=\"Written by\" \/>\n\t<meta name=\"twitter:data1\" content=\"dev\" \/>\n\t<meta name=\"twitter:label2\" content=\"Estimated reading time\" \/>\n\t<meta name=\"twitter:data2\" content=\"5 minutes\" \/>\n<script type=\"application\/ld+json\" class=\"yoast-schema-graph\">{\"@context\":\"https:\\\/\\\/schema.org\",\"@graph\":[{\"@type\":\"Article\",\"@id\":\"https:\\\/\\\/ihedn.fr\\\/actualites-des-sessions\\\/les-auditeurs-de-la-6e-session-nationale-enjeux-et-strategies-maritimes-prennent-le-large-pour-les-hauts-de-france\\\/#article\",\"isPartOf\":{\"@id\":\"https:\\\/\\\/ihedn.fr\\\/actualites-des-sessions\\\/les-auditeurs-de-la-6e-session-nationale-enjeux-et-strategies-maritimes-prennent-le-large-pour-les-hauts-de-france\\\/\"},\"author\":{\"name\":\"dev\",\"@id\":\"https:\\\/\\\/ihedn.fr\\\/#\\\/schema\\\/person\\\/7a40155595e4efb35323447cb8c8c5a4\"},\"headline\":\"Les auditeurs de la 6e session nationale \u00ab\u2009Enjeux et strat\u00e9gies maritimes\u2009\u00bb prennent le large pour les Hauts-de-France\",\"datePublished\":\"2021-06-04T06:48:37+00:00\",\"dateModified\":\"2022-11-25T14:22:58+00:00\",\"mainEntityOfPage\":{\"@id\":\"https:\\\/\\\/ihedn.fr\\\/actualites-des-sessions\\\/les-auditeurs-de-la-6e-session-nationale-enjeux-et-strategies-maritimes-prennent-le-large-pour-les-hauts-de-france\\\/\"},\"wordCount\":875,\"publisher\":{\"@id\":\"https:\\\/\\\/ihedn.fr\\\/#organization\"},\"image\":{\"@id\":\"https:\\\/\\\/ihedn.fr\\\/actualites-des-sessions\\\/les-auditeurs-de-la-6e-session-nationale-enjeux-et-strategies-maritimes-prennent-le-large-pour-les-hauts-de-france\\\/#primaryimage\"},\"thumbnailUrl\":\"https:\\\/\\\/ihedn.fr\\\/wp-content\\\/uploads\\\/2021\\\/06\\\/IHEDN-6e-SN_ESM-Hauts-de-France-02.jpg\",\"articleSection\":[\"Notre actualit\u00e9\"],\"inLanguage\":\"en-GB\"},{\"@type\":\"WebPage\",\"@id\":\"https:\\\/\\\/ihedn.fr\\\/actualites-des-sessions\\\/les-auditeurs-de-la-6e-session-nationale-enjeux-et-strategies-maritimes-prennent-le-large-pour-les-hauts-de-france\\\/\",\"url\":\"https:\\\/\\\/ihedn.fr\\\/actualites-des-sessions\\\/les-auditeurs-de-la-6e-session-nationale-enjeux-et-strategies-maritimes-prennent-le-large-pour-les-hauts-de-france\\\/\",\"name\":\"Les auditeurs de la 6e session nationale \u00ab\u2009Enjeux et strat\u00e9gies maritimes\u2009\u00bb prennent le large pour les Hauts-de-France - L&#039;IHEDN : Institut des hautes \u00e9tudes de d\u00e9fense nationale\",\"isPartOf\":{\"@id\":\"https:\\\/\\\/ihedn.fr\\\/#website\"},\"primaryImageOfPage\":{\"@id\":\"https:\\\/\\\/ihedn.fr\\\/actualites-des-sessions\\\/les-auditeurs-de-la-6e-session-nationale-enjeux-et-strategies-maritimes-prennent-le-large-pour-les-hauts-de-france\\\/#primaryimage\"},\"image\":{\"@id\":\"https:\\\/\\\/ihedn.fr\\\/actualites-des-sessions\\\/les-auditeurs-de-la-6e-session-nationale-enjeux-et-strategies-maritimes-prennent-le-large-pour-les-hauts-de-france\\\/#primaryimage\"},\"thumbnailUrl\":\"https:\\\/\\\/ihedn.fr\\\/wp-content\\\/uploads\\\/2021\\\/06\\\/IHEDN-6e-SN_ESM-Hauts-de-France-02.jpg\",\"datePublished\":\"2021-06-04T06:48:37+00:00\",\"dateModified\":\"2022-11-25T14:22:58+00:00\",\"breadcrumb\":{\"@id\":\"https:\\\/\\\/ihedn.fr\\\/actualites-des-sessions\\\/les-auditeurs-de-la-6e-session-nationale-enjeux-et-strategies-maritimes-prennent-le-large-pour-les-hauts-de-france\\\/#breadcrumb\"},\"inLanguage\":\"en-GB\",\"potentialAction\":[{\"@type\":\"ReadAction\",\"target\":[\"https:\\\/\\\/ihedn.fr\\\/actualites-des-sessions\\\/les-auditeurs-de-la-6e-session-nationale-enjeux-et-strategies-maritimes-prennent-le-large-pour-les-hauts-de-france\\\/\"]}]},{\"@type\":\"ImageObject\",\"inLanguage\":\"en-GB\",\"@id\":\"https:\\\/\\\/ihedn.fr\\\/actualites-des-sessions\\\/les-auditeurs-de-la-6e-session-nationale-enjeux-et-strategies-maritimes-prennent-le-large-pour-les-hauts-de-france\\\/#primaryimage\",\"url\":\"https:\\\/\\\/ihedn.fr\\\/wp-content\\\/uploads\\\/2021\\\/06\\\/IHEDN-6e-SN_ESM-Hauts-de-France-02.jpg\",\"contentUrl\":\"https:\\\/\\\/ihedn.fr\\\/wp-content\\\/uploads\\\/2021\\\/06\\\/IHEDN-6e-SN_ESM-Hauts-de-France-02.jpg\",\"width\":1369,\"height\":1058,\"caption\":\"Une cri\u00e9e totalement informatis\u00e9e\"},{\"@type\":\"BreadcrumbList\",\"@id\":\"https:\\\/\\\/ihedn.fr\\\/actualites-des-sessions\\\/les-auditeurs-de-la-6e-session-nationale-enjeux-et-strategies-maritimes-prennent-le-large-pour-les-hauts-de-france\\\/#breadcrumb\",\"itemListElement\":[{\"@type\":\"ListItem\",\"position\":1,\"name\":\"Accueil\",\"item\":\"https:\\\/\\\/ihedn.fr\\\/\"},{\"@type\":\"ListItem\",\"position\":2,\"name\":\"Les auditeurs de la 6e session nationale \u00ab\u2009Enjeux et strat\u00e9gies maritimes\u2009\u00bb prennent le large pour les Hauts-de-France\"}]},{\"@type\":\"WebSite\",\"@id\":\"https:\\\/\\\/ihedn.fr\\\/#website\",\"url\":\"https:\\\/\\\/ihedn.fr\\\/\",\"name\":\"IHEDN : Institut des hautes \u00e9tudes de d\u00e9fense nationale |\",\"description\":\"Site officiel de l&#039;IHEDN plac\u00e9 sous la tutelle du Premier ministre.\",\"publisher\":{\"@id\":\"https:\\\/\\\/ihedn.fr\\\/#organization\"},\"potentialAction\":[{\"@type\":\"SearchAction\",\"target\":{\"@type\":\"EntryPoint\",\"urlTemplate\":\"https:\\\/\\\/ihedn.fr\\\/?s={search_term_string}\"},\"query-input\":{\"@type\":\"PropertyValueSpecification\",\"valueRequired\":true,\"valueName\":\"search_term_string\"}}],\"inLanguage\":\"en-GB\"},{\"@type\":\"Organization\",\"@id\":\"https:\\\/\\\/ihedn.fr\\\/#organization\",\"name\":\"IHEDN - Institut des Hautes Etudes de D\u00e9fense Nationale\",\"url\":\"https:\\\/\\\/ihedn.fr\\\/\",\"logo\":{\"@type\":\"ImageObject\",\"inLanguage\":\"en-GB\",\"@id\":\"https:\\\/\\\/ihedn.fr\\\/#\\\/schema\\\/logo\\\/image\\\/\",\"url\":\"https:\\\/\\\/ihedn.fr\\\/wp-content\\\/uploads\\\/2020\\\/11\\\/BLOC_RF_IHEDN_WEB.png\",\"contentUrl\":\"https:\\\/\\\/ihedn.fr\\\/wp-content\\\/uploads\\\/2020\\\/11\\\/BLOC_RF_IHEDN_WEB.png\",\"width\":500,\"height\":237,\"caption\":\"IHEDN - Institut des Hautes Etudes de D\u00e9fense Nationale\"},\"image\":{\"@id\":\"https:\\\/\\\/ihedn.fr\\\/#\\\/schema\\\/logo\\\/image\\\/\"},\"sameAs\":[\"https:\\\/\\\/www.facebook.com\\\/ihedn\\\/\",\"https:\\\/\\\/x.com\\\/IHEDN\",\"https:\\\/\\\/www.instagram.com\\\/ihedn\\\/\",\"https:\\\/\\\/www.linkedin.com\\\/school\\\/ihedn\\\/\",\"https:\\\/\\\/fr.wikipedia.org\\\/wiki\\\/Institut_des_hautes_\u00e9tudes_de_D\u00e9fense_nationale\"]},{\"@type\":\"Person\",\"@id\":\"https:\\\/\\\/ihedn.fr\\\/#\\\/schema\\\/person\\\/7a40155595e4efb35323447cb8c8c5a4\",\"name\":\"dev\",\"image\":{\"@type\":\"ImageObject\",\"inLanguage\":\"en-GB\",\"@id\":\"https:\\\/\\\/secure.gravatar.com\\\/avatar\\\/f1ffcac9ca2fa95ad3ec33e9be3ade82f752acb0cabe541e56c5889225afa88a?s=96&d=mm&r=g\",\"url\":\"https:\\\/\\\/secure.gravatar.com\\\/avatar\\\/f1ffcac9ca2fa95ad3ec33e9be3ade82f752acb0cabe541e56c5889225afa88a?s=96&d=mm&r=g\",\"contentUrl\":\"https:\\\/\\\/secure.gravatar.com\\\/avatar\\\/f1ffcac9ca2fa95ad3ec33e9be3ade82f752acb0cabe541e56c5889225afa88a?s=96&d=mm&r=g\",\"caption\":\"dev\"},\"sameAs\":[\"https:\\\/\\\/ihedn.concilium.click\"],\"url\":\"https:\\\/\\\/ihedn.fr\\\/en\\\/author\\\/dev\\\/\"}]}<\/script>\n<!-- \/ Yoast SEO plugin. -->","yoast_head_json":{"title":"Auditors from the 6th national session on \"Maritime issues and strategies\" set sail for Hauts-de-France - L'IHEDN : Institut des hautes \u00e9tudes de d\u00e9fense nationale","robots":{"index":"index","follow":"follow","max-snippet":"max-snippet:-1","max-image-preview":"max-image-preview:large","max-video-preview":"max-video-preview:-1"},"canonical":"https:\/\/ihedn.fr\/en\/actualites-des-sessions\/les-auditeurs-de-la-6e-session-nationale-enjeux-et-strategies-maritimes-prennent-le-large-pour-les-hauts-de-france\/","og_locale":"en_GB","og_type":"article","og_title":"Les auditeurs de la 6e session nationale \u00ab\u2009Enjeux et strat\u00e9gies maritimes\u2009\u00bb prennent le large pour les Hauts-de-France - L&#039;IHEDN : Institut des hautes \u00e9tudes de d\u00e9fense nationale","og_description":"Les auditeurs de la 6e\u00a0session nationale \u00ab\u2009Enjeux et strat\u00e9gies maritimes\u2009\u00bb de l\u2019IHEDN ont pu appareiller pour les Hauts-de-France sous le pilotage du capitaine de vaisseau Patrick RATIER, commandant la marine \u00e0 Dunkerque, qui a veill\u00e9 \u00e0 leur bon chenalage tout au long de la journ\u00e9e. Apr\u00e8s trop de s\u00e9minaires en visioconf\u00e9rence, ces retrouvailles en chair [&hellip;]","og_url":"https:\/\/ihedn.fr\/en\/actualites-des-sessions\/les-auditeurs-de-la-6e-session-nationale-enjeux-et-strategies-maritimes-prennent-le-large-pour-les-hauts-de-france\/","og_site_name":"L&#039;IHEDN : Institut des hautes \u00e9tudes de d\u00e9fense nationale","article_publisher":"https:\/\/www.facebook.com\/ihedn\/","article_published_time":"2021-06-04T06:48:37+00:00","article_modified_time":"2022-11-25T14:22:58+00:00","og_image":[{"width":1369,"height":1058,"url":"https:\/\/ihedn.fr\/wp-content\/uploads\/2021\/06\/IHEDN-6e-SN_ESM-Hauts-de-France-02.jpg","type":"image\/jpeg"}],"author":"dev","twitter_card":"summary_large_image","twitter_creator":"@IHEDN","twitter_site":"@IHEDN","twitter_misc":{"Written by":"dev","Estimated reading time":"5 minutes"},"schema":{"@context":"https:\/\/schema.org","@graph":[{"@type":"Article","@id":"https:\/\/ihedn.fr\/actualites-des-sessions\/les-auditeurs-de-la-6e-session-nationale-enjeux-et-strategies-maritimes-prennent-le-large-pour-les-hauts-de-france\/#article","isPartOf":{"@id":"https:\/\/ihedn.fr\/actualites-des-sessions\/les-auditeurs-de-la-6e-session-nationale-enjeux-et-strategies-maritimes-prennent-le-large-pour-les-hauts-de-france\/"},"author":{"name":"dev","@id":"https:\/\/ihedn.fr\/#\/schema\/person\/7a40155595e4efb35323447cb8c8c5a4"},"headline":"Les auditeurs de la 6e session nationale \u00ab\u2009Enjeux et strat\u00e9gies maritimes\u2009\u00bb prennent le large pour les Hauts-de-France","datePublished":"2021-06-04T06:48:37+00:00","dateModified":"2022-11-25T14:22:58+00:00","mainEntityOfPage":{"@id":"https:\/\/ihedn.fr\/actualites-des-sessions\/les-auditeurs-de-la-6e-session-nationale-enjeux-et-strategies-maritimes-prennent-le-large-pour-les-hauts-de-france\/"},"wordCount":875,"publisher":{"@id":"https:\/\/ihedn.fr\/#organization"},"image":{"@id":"https:\/\/ihedn.fr\/actualites-des-sessions\/les-auditeurs-de-la-6e-session-nationale-enjeux-et-strategies-maritimes-prennent-le-large-pour-les-hauts-de-france\/#primaryimage"},"thumbnailUrl":"https:\/\/ihedn.fr\/wp-content\/uploads\/2021\/06\/IHEDN-6e-SN_ESM-Hauts-de-France-02.jpg","articleSection":["Notre actualit\u00e9"],"inLanguage":"en-GB"},{"@type":"WebPage","@id":"https:\/\/ihedn.fr\/actualites-des-sessions\/les-auditeurs-de-la-6e-session-nationale-enjeux-et-strategies-maritimes-prennent-le-large-pour-les-hauts-de-france\/","url":"https:\/\/ihedn.fr\/actualites-des-sessions\/les-auditeurs-de-la-6e-session-nationale-enjeux-et-strategies-maritimes-prennent-le-large-pour-les-hauts-de-france\/","name":"Auditors from the 6th national session on \"Maritime issues and strategies\" set sail for Hauts-de-France - L'IHEDN : Institut des hautes \u00e9tudes de d\u00e9fense nationale","isPartOf":{"@id":"https:\/\/ihedn.fr\/#website"},"primaryImageOfPage":{"@id":"https:\/\/ihedn.fr\/actualites-des-sessions\/les-auditeurs-de-la-6e-session-nationale-enjeux-et-strategies-maritimes-prennent-le-large-pour-les-hauts-de-france\/#primaryimage"},"image":{"@id":"https:\/\/ihedn.fr\/actualites-des-sessions\/les-auditeurs-de-la-6e-session-nationale-enjeux-et-strategies-maritimes-prennent-le-large-pour-les-hauts-de-france\/#primaryimage"},"thumbnailUrl":"https:\/\/ihedn.fr\/wp-content\/uploads\/2021\/06\/IHEDN-6e-SN_ESM-Hauts-de-France-02.jpg","datePublished":"2021-06-04T06:48:37+00:00","dateModified":"2022-11-25T14:22:58+00:00","breadcrumb":{"@id":"https:\/\/ihedn.fr\/actualites-des-sessions\/les-auditeurs-de-la-6e-session-nationale-enjeux-et-strategies-maritimes-prennent-le-large-pour-les-hauts-de-france\/#breadcrumb"},"inLanguage":"en-GB","potentialAction":[{"@type":"ReadAction","target":["https:\/\/ihedn.fr\/actualites-des-sessions\/les-auditeurs-de-la-6e-session-nationale-enjeux-et-strategies-maritimes-prennent-le-large-pour-les-hauts-de-france\/"]}]},{"@type":"ImageObject","inLanguage":"en-GB","@id":"https:\/\/ihedn.fr\/actualites-des-sessions\/les-auditeurs-de-la-6e-session-nationale-enjeux-et-strategies-maritimes-prennent-le-large-pour-les-hauts-de-france\/#primaryimage","url":"https:\/\/ihedn.fr\/wp-content\/uploads\/2021\/06\/IHEDN-6e-SN_ESM-Hauts-de-France-02.jpg","contentUrl":"https:\/\/ihedn.fr\/wp-content\/uploads\/2021\/06\/IHEDN-6e-SN_ESM-Hauts-de-France-02.jpg","width":1369,"height":1058,"caption":"Une cri\u00e9e totalement informatis\u00e9e"},{"@type":"BreadcrumbList","@id":"https:\/\/ihedn.fr\/actualites-des-sessions\/les-auditeurs-de-la-6e-session-nationale-enjeux-et-strategies-maritimes-prennent-le-large-pour-les-hauts-de-france\/#breadcrumb","itemListElement":[{"@type":"ListItem","position":1,"name":"Accueil","item":"https:\/\/ihedn.fr\/"},{"@type":"ListItem","position":2,"name":"Les auditeurs de la 6e session nationale \u00ab\u2009Enjeux et strat\u00e9gies maritimes\u2009\u00bb prennent le large pour les Hauts-de-France"}]},{"@type":"WebSite","@id":"https:\/\/ihedn.fr\/#website","url":"https:\/\/ihedn.fr\/","name":"IHEDN: Institut des hautes \u00e9tudes de d\u00e9fense nationale (Institute for Higher National Defence Studies)","description":"Official website of the IHEDN under the supervision of the Prime Minister.","publisher":{"@id":"https:\/\/ihedn.fr\/#organization"},"potentialAction":[{"@type":"SearchAction","target":{"@type":"EntryPoint","urlTemplate":"https:\/\/ihedn.fr\/?s={search_term_string}"},"query-input":{"@type":"PropertyValueSpecification","valueRequired":true,"valueName":"search_term_string"}}],"inLanguage":"en-GB"},{"@type":"Organization","@id":"https:\/\/ihedn.fr\/#organization","name":"IHEDN - Institute for Higher National Defence Studies","url":"https:\/\/ihedn.fr\/","logo":{"@type":"ImageObject","inLanguage":"en-GB","@id":"https:\/\/ihedn.fr\/#\/schema\/logo\/image\/","url":"https:\/\/ihedn.fr\/wp-content\/uploads\/2020\/11\/BLOC_RF_IHEDN_WEB.png","contentUrl":"https:\/\/ihedn.fr\/wp-content\/uploads\/2020\/11\/BLOC_RF_IHEDN_WEB.png","width":500,"height":237,"caption":"IHEDN - Institut des Hautes Etudes de D\u00e9fense Nationale"},"image":{"@id":"https:\/\/ihedn.fr\/#\/schema\/logo\/image\/"},"sameAs":["https:\/\/www.facebook.com\/ihedn\/","https:\/\/x.com\/IHEDN","https:\/\/www.instagram.com\/ihedn\/","https:\/\/www.linkedin.com\/school\/ihedn\/","https:\/\/fr.wikipedia.org\/wiki\/Institut_des_hautes_\u00e9tudes_de_D\u00e9fense_nationale"]},{"@type":"Person","@id":"https:\/\/ihedn.fr\/#\/schema\/person\/7a40155595e4efb35323447cb8c8c5a4","name":"dev","image":{"@type":"ImageObject","inLanguage":"en-GB","@id":"https:\/\/secure.gravatar.com\/avatar\/f1ffcac9ca2fa95ad3ec33e9be3ade82f752acb0cabe541e56c5889225afa88a?s=96&d=mm&r=g","url":"https:\/\/secure.gravatar.com\/avatar\/f1ffcac9ca2fa95ad3ec33e9be3ade82f752acb0cabe541e56c5889225afa88a?s=96&d=mm&r=g","contentUrl":"https:\/\/secure.gravatar.com\/avatar\/f1ffcac9ca2fa95ad3ec33e9be3ade82f752acb0cabe541e56c5889225afa88a?s=96&d=mm&r=g","caption":"dev"},"sameAs":["https:\/\/ihedn.concilium.click"],"url":"https:\/\/ihedn.fr\/en\/author\/dev\/"}]}},"publishpress_future_action":{"enabled":false,"date":"2026-05-08 03:39:39","action":"change-status","newStatus":"draft","terms":[],"taxonomy":"category","extraData":[]},"publishpress_future_workflow_manual_trigger":{"enabledWorkflows":[]},"_links":{"self":[{"href":"https:\/\/ihedn.fr\/en\/wp-json\/wp\/v2\/posts\/11941","targetHints":{"allow":["GET"]}}],"collection":[{"href":"https:\/\/ihedn.fr\/en\/wp-json\/wp\/v2\/posts"}],"about":[{"href":"https:\/\/ihedn.fr\/en\/wp-json\/wp\/v2\/types\/post"}],"author":[{"embeddable":true,"href":"https:\/\/ihedn.fr\/en\/wp-json\/wp\/v2\/users\/1"}],"replies":[{"embeddable":true,"href":"https:\/\/ihedn.fr\/en\/wp-json\/wp\/v2\/comments?post=11941"}],"version-history":[{"count":5,"href":"https:\/\/ihedn.fr\/en\/wp-json\/wp\/v2\/posts\/11941\/revisions"}],"predecessor-version":[{"id":11970,"href":"https:\/\/ihedn.fr\/en\/wp-json\/wp\/v2\/posts\/11941\/revisions\/11970"}],"wp:featuredmedia":[{"embeddable":true,"href":"https:\/\/ihedn.fr\/en\/wp-json\/wp\/v2\/media\/11944"}],"wp:attachment":[{"href":"https:\/\/ihedn.fr\/en\/wp-json\/wp\/v2\/media?parent=11941"}],"wp:term":[{"taxonomy":"category","embeddable":true,"href":"https:\/\/ihedn.fr\/en\/wp-json\/wp\/v2\/categories?post=11941"},{"taxonomy":"post_tag","embeddable":true,"href":"https:\/\/ihedn.fr\/en\/wp-json\/wp\/v2\/tags?post=11941"}],"curies":[{"name":"wp","href":"https:\/\/api.w.org\/{rel}","templated":true}]}}