{"id":12205,"date":"2021-06-08T12:00:13","date_gmt":"2021-06-08T11:00:13","guid":{"rendered":"https:\/\/ihedn.fr\/?p=12205"},"modified":"2022-11-25T15:22:57","modified_gmt":"2022-11-25T14:22:57","slug":"cloture-de-la-72e-session-nationale-politique-de-defense-et-de-la-56e-session-nationale-armement-et-economie-de-defense","status":"publish","type":"post","link":"https:\/\/ihedn.fr\/en\/notre-actualite\/cloture-de-la-72e-session-nationale-politique-de-defense-et-de-la-56e-session-nationale-armement-et-economie-de-defense\/","title":{"rendered":"Closing of the 72nd National Session on Defence Policy and the 56th National Session on Armaments and the Defence Economy"},"content":{"rendered":"<div data-elementor-type=\"wp-post\" data-elementor-id=\"12205\" class=\"elementor elementor-12205\" data-elementor-post-type=\"post\">\n\t\t\t\t\t\t<section data-particle_enable=\"false\" data-particle-mobile-disabled=\"false\" class=\"elementor-section elementor-top-section elementor-element elementor-element-cdc9658 elementor-section-boxed elementor-section-height-default elementor-section-height-default\" data-id=\"cdc9658\" data-element_type=\"section\" data-e-type=\"section\">\n\t\t\t\t\t\t<div class=\"elementor-container elementor-column-gap-default\">\n\t\t\t\t\t<div class=\"elementor-column elementor-col-100 elementor-top-column elementor-element elementor-element-a96b962\" data-id=\"a96b962\" data-element_type=\"column\" data-e-type=\"column\">\n\t\t\t<div class=\"elementor-widget-wrap elementor-element-populated\">\n\t\t\t\t\t\t<div class=\"elementor-element elementor-element-330e91c elementor-widget elementor-widget-image\" data-id=\"330e91c\" data-element_type=\"widget\" data-e-type=\"widget\" data-widget_type=\"image.default\">\n\t\t\t\t<div class=\"elementor-widget-container\">\n\t\t\t\t\t\t\t\t\t\t\t\t\t\t\t<img fetchpriority=\"high\" decoding=\"async\" width=\"2000\" height=\"1315\" src=\"https:\/\/ihedn.fr\/wp-content\/uploads\/2021\/06\/IHEDN-VAUXleVICOMTE_362.jpg\" class=\"attachment-full size-full wp-image-12209\" alt=\"\u00a9 IHEDN \u00a9 Cl\u00f4ture de la 72e session nationale \u00ab Politique de d\u00e9fense \u00bb et de la 56e session nationale \u00ab Armement et \u00e9conomie de d\u00e9fense \u00bb\" srcset=\"https:\/\/ihedn.fr\/wp-content\/uploads\/2021\/06\/IHEDN-VAUXleVICOMTE_362.jpg 2000w, https:\/\/ihedn.fr\/wp-content\/uploads\/2021\/06\/IHEDN-VAUXleVICOMTE_362-1536x1010.jpg 1536w\" sizes=\"(max-width: 2000px) 100vw, 2000px\" \/>\t\t\t\t\t\t\t\t\t\t\t\t\t\t\t<\/div>\n\t\t\t\t<\/div>\n\t\t\t\t\t<\/div>\n\t\t<\/div>\n\t\t\t\t\t<\/div>\n\t\t<\/section>\n\t\t\t\t<section data-particle_enable=\"false\" data-particle-mobile-disabled=\"false\" class=\"elementor-section elementor-top-section elementor-element elementor-element-e96fe6c elementor-section-boxed elementor-section-height-default elementor-section-height-default\" data-id=\"e96fe6c\" data-element_type=\"section\" data-e-type=\"section\">\n\t\t\t\t\t\t<div class=\"elementor-container elementor-column-gap-default\">\n\t\t\t\t\t<div class=\"elementor-column elementor-col-100 elementor-top-column elementor-element elementor-element-8800c16\" data-id=\"8800c16\" data-element_type=\"column\" data-e-type=\"column\">\n\t\t\t<div class=\"elementor-widget-wrap elementor-element-populated\">\n\t\t\t\t\t\t<div class=\"elementor-element elementor-element-da216b5 elementor-widget elementor-widget-text-editor\" data-id=\"da216b5\" data-element_type=\"widget\" data-e-type=\"widget\" data-widget_type=\"text-editor.default\">\n\t\t\t\t<div class=\"elementor-widget-container\">\n\t\t\t\t\t\t\t\t\t<p>On Tuesday 08 June 2021, listeners to 72<sup>e<\/sup> national \"Defence Policy\" session and the 56<sup>e<\/sup> The winners of the national \"Armament and the Defence Economy\" session were honoured to receive their diplomas in the highly prestigious setting of the Ch\u00e2teau de Vaux-le-Vicomte.<\/p><p>These beautiful ceremonies took place during a day of good humour and sharing, which was much appreciated and gave everyone the opportunity to get together.<\/p><p>Congratulations to all!\u00a0<\/p>\t\t\t\t\t\t\t\t<\/div>\n\t\t\t\t<\/div>\n\t\t\t\t\t<\/div>\n\t\t<\/div>\n\t\t\t\t\t<\/div>\n\t\t<\/section>\n\t\t\t\t<section data-particle_enable=\"false\" data-particle-mobile-disabled=\"false\" class=\"elementor-section elementor-top-section elementor-element elementor-element-cd0612f elementor-section-boxed elementor-section-height-default elementor-section-height-default\" data-id=\"cd0612f\" data-element_type=\"section\" data-e-type=\"section\">\n\t\t\t\t\t\t<div class=\"elementor-container elementor-column-gap-default\">\n\t\t\t\t\t<div class=\"elementor-column elementor-col-100 elementor-top-column elementor-element elementor-element-d18695d\" data-id=\"d18695d\" data-element_type=\"column\" data-e-type=\"column\">\n\t\t\t<div class=\"elementor-widget-wrap elementor-element-populated\">\n\t\t\t\t\t\t<div class=\"elementor-element elementor-element-f10eef6 elementor-widget elementor-widget-image\" data-id=\"f10eef6\" data-element_type=\"widget\" data-e-type=\"widget\" data-widget_type=\"image.default\">\n\t\t\t\t<div class=\"elementor-widget-container\">\n\t\t\t\t\t\t\t\t\t\t\t\t\t\t\t<img decoding=\"async\" width=\"2000\" height=\"1315\" src=\"https:\/\/ihedn.fr\/wp-content\/uploads\/2021\/06\/IHEDN-VAUXleVICOMTE_082-1.jpg\" class=\"attachment-full size-full wp-image-12210\" alt=\"\u00a9 IHEDN \u00a9 Cl\u00f4ture de la 72e session nationale \u00ab Politique de d\u00e9fense \u00bb et de la 56e session nationale \u00ab Armement et \u00e9conomie de d\u00e9fense \u00bb\" srcset=\"https:\/\/ihedn.fr\/wp-content\/uploads\/2021\/06\/IHEDN-VAUXleVICOMTE_082-1.jpg 2000w, https:\/\/ihedn.fr\/wp-content\/uploads\/2021\/06\/IHEDN-VAUXleVICOMTE_082-1-1536x1010.jpg 1536w\" sizes=\"(max-width: 2000px) 100vw, 2000px\" \/>\t\t\t\t\t\t\t\t\t\t\t\t\t\t\t<\/div>\n\t\t\t\t<\/div>\n\t\t\t\t\t<\/div>\n\t\t<\/div>\n\t\t\t\t\t<\/div>\n\t\t<\/section>\n\t\t\t\t<\/div>","protected":false},"excerpt":{"rendered":"<p>Le mardi 08 juin 2021, les auditeurs de la 72e session nationale \u00ab Politique de d\u00e9fense \u00bb et de la 56e session nationale \u00ab Armement et \u00e9conomie de d\u00e9fense \u00bb ont eu l\u2019honneur de recevoir leurs dipl\u00f4mes dans le tr\u00e8s prestigieux cadre du Ch\u00e2teau de Vaux-le-Vicomte. Ces belles c\u00e9r\u00e9monies se sont d\u00e9roul\u00e9es au cours d\u2019une [&hellip;]<\/p>\n","protected":false},"author":1,"featured_media":12207,"comment_status":"closed","ping_status":"closed","sticky":false,"template":"","format":"standard","meta":{"footnotes":""},"categories":[172],"tags":[],"class_list":["post-12205","post","type-post","status-publish","format-standard","has-post-thumbnail","hentry","category-notre-actualite"],"yoast_head":"<!-- This site is optimized with the Yoast SEO plugin v27.5 - https:\/\/yoast.com\/product\/yoast-seo-wordpress\/ -->\n<title>Cl\u00f4ture de la 72e session nationale \u00ab Politique de d\u00e9fense \u00bb et de la 56e session nationale \u00ab Armement et \u00e9conomie de d\u00e9fense \u00bb - L&#039;IHEDN : Institut des hautes \u00e9tudes de d\u00e9fense nationale<\/title>\n<meta name=\"robots\" content=\"index, follow, max-snippet:-1, max-image-preview:large, max-video-preview:-1\" \/>\n<link rel=\"canonical\" href=\"https:\/\/ihedn.fr\/en\/actualites-des-sessions\/cloture-de-la-72e-session-nationale-politique-de-defense-et-de-la-56e-session-nationale-armement-et-economie-de-defense\/\" \/>\n<meta property=\"og:locale\" content=\"en_GB\" \/>\n<meta property=\"og:type\" content=\"article\" \/>\n<meta property=\"og:title\" content=\"Cl\u00f4ture de la 72e session nationale \u00ab Politique de d\u00e9fense \u00bb et de la 56e session nationale \u00ab Armement et \u00e9conomie de d\u00e9fense \u00bb - L&#039;IHEDN : Institut des hautes \u00e9tudes de d\u00e9fense nationale\" \/>\n<meta property=\"og:description\" content=\"Le mardi 08 juin 2021, les auditeurs de la 72e session nationale \u00ab Politique de d\u00e9fense \u00bb et de la 56e session nationale \u00ab Armement et \u00e9conomie de d\u00e9fense \u00bb ont eu l\u2019honneur de recevoir leurs dipl\u00f4mes dans le tr\u00e8s prestigieux cadre du Ch\u00e2teau de Vaux-le-Vicomte. Ces belles c\u00e9r\u00e9monies se sont d\u00e9roul\u00e9es au cours d\u2019une [&hellip;]\" \/>\n<meta property=\"og:url\" content=\"https:\/\/ihedn.fr\/en\/actualites-des-sessions\/cloture-de-la-72e-session-nationale-politique-de-defense-et-de-la-56e-session-nationale-armement-et-economie-de-defense\/\" \/>\n<meta property=\"og:site_name\" content=\"L&#039;IHEDN : Institut des hautes \u00e9tudes de d\u00e9fense nationale\" \/>\n<meta property=\"article:publisher\" content=\"https:\/\/www.facebook.com\/ihedn\/\" \/>\n<meta property=\"article:published_time\" content=\"2021-06-08T11:00:13+00:00\" \/>\n<meta property=\"article:modified_time\" content=\"2022-11-25T14:22:57+00:00\" \/>\n<meta property=\"og:image\" content=\"https:\/\/ihedn.fr\/wp-content\/uploads\/2021\/06\/IHEDN-VAUXleVICOMTE_200-1024x1024.jpg\" \/>\n\t<meta property=\"og:image:width\" content=\"1024\" \/>\n\t<meta property=\"og:image:height\" content=\"1024\" \/>\n\t<meta property=\"og:image:type\" content=\"image\/jpeg\" \/>\n<meta name=\"author\" content=\"dev\" \/>\n<meta name=\"twitter:card\" content=\"summary_large_image\" \/>\n<meta name=\"twitter:creator\" content=\"@IHEDN\" \/>\n<meta name=\"twitter:site\" content=\"@IHEDN\" \/>\n<meta name=\"twitter:label1\" content=\"Written by\" \/>\n\t<meta name=\"twitter:data1\" content=\"dev\" \/>\n\t<meta name=\"twitter:label2\" content=\"Estimated reading time\" \/>\n\t<meta name=\"twitter:data2\" content=\"1 minute\" \/>\n<script type=\"application\/ld+json\" class=\"yoast-schema-graph\">{\"@context\":\"https:\\\/\\\/schema.org\",\"@graph\":[{\"@type\":\"Article\",\"@id\":\"https:\\\/\\\/ihedn.fr\\\/actualites-des-sessions\\\/cloture-de-la-72e-session-nationale-politique-de-defense-et-de-la-56e-session-nationale-armement-et-economie-de-defense\\\/#article\",\"isPartOf\":{\"@id\":\"https:\\\/\\\/ihedn.fr\\\/actualites-des-sessions\\\/cloture-de-la-72e-session-nationale-politique-de-defense-et-de-la-56e-session-nationale-armement-et-economie-de-defense\\\/\"},\"author\":{\"name\":\"dev\",\"@id\":\"https:\\\/\\\/ihedn.fr\\\/#\\\/schema\\\/person\\\/7a40155595e4efb35323447cb8c8c5a4\"},\"headline\":\"Cl\u00f4ture de la 72e session nationale \u00ab Politique de d\u00e9fense \u00bb et de la 56e session nationale \u00ab Armement et \u00e9conomie de d\u00e9fense \u00bb\",\"datePublished\":\"2021-06-08T11:00:13+00:00\",\"dateModified\":\"2022-11-25T14:22:57+00:00\",\"mainEntityOfPage\":{\"@id\":\"https:\\\/\\\/ihedn.fr\\\/actualites-des-sessions\\\/cloture-de-la-72e-session-nationale-politique-de-defense-et-de-la-56e-session-nationale-armement-et-economie-de-defense\\\/\"},\"wordCount\":117,\"publisher\":{\"@id\":\"https:\\\/\\\/ihedn.fr\\\/#organization\"},\"image\":{\"@id\":\"https:\\\/\\\/ihedn.fr\\\/actualites-des-sessions\\\/cloture-de-la-72e-session-nationale-politique-de-defense-et-de-la-56e-session-nationale-armement-et-economie-de-defense\\\/#primaryimage\"},\"thumbnailUrl\":\"https:\\\/\\\/ihedn.fr\\\/wp-content\\\/uploads\\\/2021\\\/06\\\/IHEDN-VAUXleVICOMTE_200.jpg\",\"articleSection\":[\"Notre actualit\u00e9\"],\"inLanguage\":\"en-GB\"},{\"@type\":\"WebPage\",\"@id\":\"https:\\\/\\\/ihedn.fr\\\/actualites-des-sessions\\\/cloture-de-la-72e-session-nationale-politique-de-defense-et-de-la-56e-session-nationale-armement-et-economie-de-defense\\\/\",\"url\":\"https:\\\/\\\/ihedn.fr\\\/actualites-des-sessions\\\/cloture-de-la-72e-session-nationale-politique-de-defense-et-de-la-56e-session-nationale-armement-et-economie-de-defense\\\/\",\"name\":\"Cl\u00f4ture de la 72e session nationale \u00ab Politique de d\u00e9fense \u00bb et de la 56e session nationale \u00ab Armement et \u00e9conomie de d\u00e9fense \u00bb - L&#039;IHEDN : Institut des hautes \u00e9tudes de d\u00e9fense nationale\",\"isPartOf\":{\"@id\":\"https:\\\/\\\/ihedn.fr\\\/#website\"},\"primaryImageOfPage\":{\"@id\":\"https:\\\/\\\/ihedn.fr\\\/actualites-des-sessions\\\/cloture-de-la-72e-session-nationale-politique-de-defense-et-de-la-56e-session-nationale-armement-et-economie-de-defense\\\/#primaryimage\"},\"image\":{\"@id\":\"https:\\\/\\\/ihedn.fr\\\/actualites-des-sessions\\\/cloture-de-la-72e-session-nationale-politique-de-defense-et-de-la-56e-session-nationale-armement-et-economie-de-defense\\\/#primaryimage\"},\"thumbnailUrl\":\"https:\\\/\\\/ihedn.fr\\\/wp-content\\\/uploads\\\/2021\\\/06\\\/IHEDN-VAUXleVICOMTE_200.jpg\",\"datePublished\":\"2021-06-08T11:00:13+00:00\",\"dateModified\":\"2022-11-25T14:22:57+00:00\",\"breadcrumb\":{\"@id\":\"https:\\\/\\\/ihedn.fr\\\/actualites-des-sessions\\\/cloture-de-la-72e-session-nationale-politique-de-defense-et-de-la-56e-session-nationale-armement-et-economie-de-defense\\\/#breadcrumb\"},\"inLanguage\":\"en-GB\",\"potentialAction\":[{\"@type\":\"ReadAction\",\"target\":[\"https:\\\/\\\/ihedn.fr\\\/actualites-des-sessions\\\/cloture-de-la-72e-session-nationale-politique-de-defense-et-de-la-56e-session-nationale-armement-et-economie-de-defense\\\/\"]}]},{\"@type\":\"ImageObject\",\"inLanguage\":\"en-GB\",\"@id\":\"https:\\\/\\\/ihedn.fr\\\/actualites-des-sessions\\\/cloture-de-la-72e-session-nationale-politique-de-defense-et-de-la-56e-session-nationale-armement-et-economie-de-defense\\\/#primaryimage\",\"url\":\"https:\\\/\\\/ihedn.fr\\\/wp-content\\\/uploads\\\/2021\\\/06\\\/IHEDN-VAUXleVICOMTE_200.jpg\",\"contentUrl\":\"https:\\\/\\\/ihedn.fr\\\/wp-content\\\/uploads\\\/2021\\\/06\\\/IHEDN-VAUXleVICOMTE_200.jpg\",\"width\":2000,\"height\":1262,\"caption\":\"\u00a9 IHEDN \u00a9 Cl\u00f4ture de la 72e session nationale \u00ab Politique de d\u00e9fense \u00bb et de la 56e session nationale \u00ab Armement et \u00e9conomie de d\u00e9fense \u00bb\"},{\"@type\":\"BreadcrumbList\",\"@id\":\"https:\\\/\\\/ihedn.fr\\\/actualites-des-sessions\\\/cloture-de-la-72e-session-nationale-politique-de-defense-et-de-la-56e-session-nationale-armement-et-economie-de-defense\\\/#breadcrumb\",\"itemListElement\":[{\"@type\":\"ListItem\",\"position\":1,\"name\":\"Accueil\",\"item\":\"https:\\\/\\\/ihedn.fr\\\/\"},{\"@type\":\"ListItem\",\"position\":2,\"name\":\"Cl\u00f4ture de la 72e session nationale \u00ab Politique de d\u00e9fense \u00bb et de la 56e session nationale \u00ab Armement et \u00e9conomie de d\u00e9fense \u00bb\"}]},{\"@type\":\"WebSite\",\"@id\":\"https:\\\/\\\/ihedn.fr\\\/#website\",\"url\":\"https:\\\/\\\/ihedn.fr\\\/\",\"name\":\"IHEDN : Institut des hautes \u00e9tudes de d\u00e9fense nationale |\",\"description\":\"Site officiel de l&#039;IHEDN plac\u00e9 sous la tutelle du Premier ministre.\",\"publisher\":{\"@id\":\"https:\\\/\\\/ihedn.fr\\\/#organization\"},\"potentialAction\":[{\"@type\":\"SearchAction\",\"target\":{\"@type\":\"EntryPoint\",\"urlTemplate\":\"https:\\\/\\\/ihedn.fr\\\/?s={search_term_string}\"},\"query-input\":{\"@type\":\"PropertyValueSpecification\",\"valueRequired\":true,\"valueName\":\"search_term_string\"}}],\"inLanguage\":\"en-GB\"},{\"@type\":\"Organization\",\"@id\":\"https:\\\/\\\/ihedn.fr\\\/#organization\",\"name\":\"IHEDN - Institut des Hautes Etudes de D\u00e9fense Nationale\",\"url\":\"https:\\\/\\\/ihedn.fr\\\/\",\"logo\":{\"@type\":\"ImageObject\",\"inLanguage\":\"en-GB\",\"@id\":\"https:\\\/\\\/ihedn.fr\\\/#\\\/schema\\\/logo\\\/image\\\/\",\"url\":\"https:\\\/\\\/ihedn.fr\\\/wp-content\\\/uploads\\\/2020\\\/11\\\/BLOC_RF_IHEDN_WEB.png\",\"contentUrl\":\"https:\\\/\\\/ihedn.fr\\\/wp-content\\\/uploads\\\/2020\\\/11\\\/BLOC_RF_IHEDN_WEB.png\",\"width\":500,\"height\":237,\"caption\":\"IHEDN - Institut des Hautes Etudes de D\u00e9fense Nationale\"},\"image\":{\"@id\":\"https:\\\/\\\/ihedn.fr\\\/#\\\/schema\\\/logo\\\/image\\\/\"},\"sameAs\":[\"https:\\\/\\\/www.facebook.com\\\/ihedn\\\/\",\"https:\\\/\\\/x.com\\\/IHEDN\",\"https:\\\/\\\/www.instagram.com\\\/ihedn\\\/\",\"https:\\\/\\\/www.linkedin.com\\\/school\\\/ihedn\\\/\",\"https:\\\/\\\/fr.wikipedia.org\\\/wiki\\\/Institut_des_hautes_\u00e9tudes_de_D\u00e9fense_nationale\"]},{\"@type\":\"Person\",\"@id\":\"https:\\\/\\\/ihedn.fr\\\/#\\\/schema\\\/person\\\/7a40155595e4efb35323447cb8c8c5a4\",\"name\":\"dev\",\"image\":{\"@type\":\"ImageObject\",\"inLanguage\":\"en-GB\",\"@id\":\"https:\\\/\\\/secure.gravatar.com\\\/avatar\\\/f1ffcac9ca2fa95ad3ec33e9be3ade82f752acb0cabe541e56c5889225afa88a?s=96&d=mm&r=g\",\"url\":\"https:\\\/\\\/secure.gravatar.com\\\/avatar\\\/f1ffcac9ca2fa95ad3ec33e9be3ade82f752acb0cabe541e56c5889225afa88a?s=96&d=mm&r=g\",\"contentUrl\":\"https:\\\/\\\/secure.gravatar.com\\\/avatar\\\/f1ffcac9ca2fa95ad3ec33e9be3ade82f752acb0cabe541e56c5889225afa88a?s=96&d=mm&r=g\",\"caption\":\"dev\"},\"sameAs\":[\"https:\\\/\\\/ihedn.concilium.click\"],\"url\":\"https:\\\/\\\/ihedn.fr\\\/en\\\/author\\\/dev\\\/\"}]}<\/script>\n<!-- \/ Yoast SEO plugin. -->","yoast_head_json":{"title":"Closing of the 72nd National Session on Defence Policy and the 56th National Session on Armaments and the Defence Economy - L'IHEDN : Institut des hautes \u00e9tudes de d\u00e9fense nationale (Graduate Institute of National Defence Studies)","robots":{"index":"index","follow":"follow","max-snippet":"max-snippet:-1","max-image-preview":"max-image-preview:large","max-video-preview":"max-video-preview:-1"},"canonical":"https:\/\/ihedn.fr\/en\/actualites-des-sessions\/cloture-de-la-72e-session-nationale-politique-de-defense-et-de-la-56e-session-nationale-armement-et-economie-de-defense\/","og_locale":"en_GB","og_type":"article","og_title":"Cl\u00f4ture de la 72e session nationale \u00ab Politique de d\u00e9fense \u00bb et de la 56e session nationale \u00ab Armement et \u00e9conomie de d\u00e9fense \u00bb - L&#039;IHEDN : Institut des hautes \u00e9tudes de d\u00e9fense nationale","og_description":"Le mardi 08 juin 2021, les auditeurs de la 72e session nationale \u00ab Politique de d\u00e9fense \u00bb et de la 56e session nationale \u00ab Armement et \u00e9conomie de d\u00e9fense \u00bb ont eu l\u2019honneur de recevoir leurs dipl\u00f4mes dans le tr\u00e8s prestigieux cadre du Ch\u00e2teau de Vaux-le-Vicomte. Ces belles c\u00e9r\u00e9monies se sont d\u00e9roul\u00e9es au cours d\u2019une [&hellip;]","og_url":"https:\/\/ihedn.fr\/en\/actualites-des-sessions\/cloture-de-la-72e-session-nationale-politique-de-defense-et-de-la-56e-session-nationale-armement-et-economie-de-defense\/","og_site_name":"L&#039;IHEDN : Institut des hautes \u00e9tudes de d\u00e9fense nationale","article_publisher":"https:\/\/www.facebook.com\/ihedn\/","article_published_time":"2021-06-08T11:00:13+00:00","article_modified_time":"2022-11-25T14:22:57+00:00","og_image":[{"width":1024,"height":1024,"url":"https:\/\/ihedn.fr\/wp-content\/uploads\/2021\/06\/IHEDN-VAUXleVICOMTE_200-1024x1024.jpg","type":"image\/jpeg"}],"author":"dev","twitter_card":"summary_large_image","twitter_creator":"@IHEDN","twitter_site":"@IHEDN","twitter_misc":{"Written by":"dev","Estimated reading time":"1 minute"},"schema":{"@context":"https:\/\/schema.org","@graph":[{"@type":"Article","@id":"https:\/\/ihedn.fr\/actualites-des-sessions\/cloture-de-la-72e-session-nationale-politique-de-defense-et-de-la-56e-session-nationale-armement-et-economie-de-defense\/#article","isPartOf":{"@id":"https:\/\/ihedn.fr\/actualites-des-sessions\/cloture-de-la-72e-session-nationale-politique-de-defense-et-de-la-56e-session-nationale-armement-et-economie-de-defense\/"},"author":{"name":"dev","@id":"https:\/\/ihedn.fr\/#\/schema\/person\/7a40155595e4efb35323447cb8c8c5a4"},"headline":"Cl\u00f4ture de la 72e session nationale \u00ab Politique de d\u00e9fense \u00bb et de la 56e session nationale \u00ab Armement et \u00e9conomie de d\u00e9fense \u00bb","datePublished":"2021-06-08T11:00:13+00:00","dateModified":"2022-11-25T14:22:57+00:00","mainEntityOfPage":{"@id":"https:\/\/ihedn.fr\/actualites-des-sessions\/cloture-de-la-72e-session-nationale-politique-de-defense-et-de-la-56e-session-nationale-armement-et-economie-de-defense\/"},"wordCount":117,"publisher":{"@id":"https:\/\/ihedn.fr\/#organization"},"image":{"@id":"https:\/\/ihedn.fr\/actualites-des-sessions\/cloture-de-la-72e-session-nationale-politique-de-defense-et-de-la-56e-session-nationale-armement-et-economie-de-defense\/#primaryimage"},"thumbnailUrl":"https:\/\/ihedn.fr\/wp-content\/uploads\/2021\/06\/IHEDN-VAUXleVICOMTE_200.jpg","articleSection":["Notre actualit\u00e9"],"inLanguage":"en-GB"},{"@type":"WebPage","@id":"https:\/\/ihedn.fr\/actualites-des-sessions\/cloture-de-la-72e-session-nationale-politique-de-defense-et-de-la-56e-session-nationale-armement-et-economie-de-defense\/","url":"https:\/\/ihedn.fr\/actualites-des-sessions\/cloture-de-la-72e-session-nationale-politique-de-defense-et-de-la-56e-session-nationale-armement-et-economie-de-defense\/","name":"Closing of the 72nd National Session on Defence Policy and the 56th National Session on Armaments and the Defence Economy - L'IHEDN : Institut des hautes \u00e9tudes de d\u00e9fense nationale (Graduate Institute of National Defence Studies)","isPartOf":{"@id":"https:\/\/ihedn.fr\/#website"},"primaryImageOfPage":{"@id":"https:\/\/ihedn.fr\/actualites-des-sessions\/cloture-de-la-72e-session-nationale-politique-de-defense-et-de-la-56e-session-nationale-armement-et-economie-de-defense\/#primaryimage"},"image":{"@id":"https:\/\/ihedn.fr\/actualites-des-sessions\/cloture-de-la-72e-session-nationale-politique-de-defense-et-de-la-56e-session-nationale-armement-et-economie-de-defense\/#primaryimage"},"thumbnailUrl":"https:\/\/ihedn.fr\/wp-content\/uploads\/2021\/06\/IHEDN-VAUXleVICOMTE_200.jpg","datePublished":"2021-06-08T11:00:13+00:00","dateModified":"2022-11-25T14:22:57+00:00","breadcrumb":{"@id":"https:\/\/ihedn.fr\/actualites-des-sessions\/cloture-de-la-72e-session-nationale-politique-de-defense-et-de-la-56e-session-nationale-armement-et-economie-de-defense\/#breadcrumb"},"inLanguage":"en-GB","potentialAction":[{"@type":"ReadAction","target":["https:\/\/ihedn.fr\/actualites-des-sessions\/cloture-de-la-72e-session-nationale-politique-de-defense-et-de-la-56e-session-nationale-armement-et-economie-de-defense\/"]}]},{"@type":"ImageObject","inLanguage":"en-GB","@id":"https:\/\/ihedn.fr\/actualites-des-sessions\/cloture-de-la-72e-session-nationale-politique-de-defense-et-de-la-56e-session-nationale-armement-et-economie-de-defense\/#primaryimage","url":"https:\/\/ihedn.fr\/wp-content\/uploads\/2021\/06\/IHEDN-VAUXleVICOMTE_200.jpg","contentUrl":"https:\/\/ihedn.fr\/wp-content\/uploads\/2021\/06\/IHEDN-VAUXleVICOMTE_200.jpg","width":2000,"height":1262,"caption":"\u00a9 IHEDN \u00a9 Cl\u00f4ture de la 72e session nationale \u00ab Politique de d\u00e9fense \u00bb et de la 56e session nationale \u00ab Armement et \u00e9conomie de d\u00e9fense \u00bb"},{"@type":"BreadcrumbList","@id":"https:\/\/ihedn.fr\/actualites-des-sessions\/cloture-de-la-72e-session-nationale-politique-de-defense-et-de-la-56e-session-nationale-armement-et-economie-de-defense\/#breadcrumb","itemListElement":[{"@type":"ListItem","position":1,"name":"Accueil","item":"https:\/\/ihedn.fr\/"},{"@type":"ListItem","position":2,"name":"Cl\u00f4ture de la 72e session nationale \u00ab Politique de d\u00e9fense \u00bb et de la 56e session nationale \u00ab Armement et \u00e9conomie de d\u00e9fense \u00bb"}]},{"@type":"WebSite","@id":"https:\/\/ihedn.fr\/#website","url":"https:\/\/ihedn.fr\/","name":"IHEDN: Institut des hautes \u00e9tudes de d\u00e9fense nationale (Institute for Higher National Defence Studies)","description":"Official website of the IHEDN under the supervision of the Prime Minister.","publisher":{"@id":"https:\/\/ihedn.fr\/#organization"},"potentialAction":[{"@type":"SearchAction","target":{"@type":"EntryPoint","urlTemplate":"https:\/\/ihedn.fr\/?s={search_term_string}"},"query-input":{"@type":"PropertyValueSpecification","valueRequired":true,"valueName":"search_term_string"}}],"inLanguage":"en-GB"},{"@type":"Organization","@id":"https:\/\/ihedn.fr\/#organization","name":"IHEDN - Institute for Higher National Defence Studies","url":"https:\/\/ihedn.fr\/","logo":{"@type":"ImageObject","inLanguage":"en-GB","@id":"https:\/\/ihedn.fr\/#\/schema\/logo\/image\/","url":"https:\/\/ihedn.fr\/wp-content\/uploads\/2020\/11\/BLOC_RF_IHEDN_WEB.png","contentUrl":"https:\/\/ihedn.fr\/wp-content\/uploads\/2020\/11\/BLOC_RF_IHEDN_WEB.png","width":500,"height":237,"caption":"IHEDN - Institut des Hautes Etudes de D\u00e9fense Nationale"},"image":{"@id":"https:\/\/ihedn.fr\/#\/schema\/logo\/image\/"},"sameAs":["https:\/\/www.facebook.com\/ihedn\/","https:\/\/x.com\/IHEDN","https:\/\/www.instagram.com\/ihedn\/","https:\/\/www.linkedin.com\/school\/ihedn\/","https:\/\/fr.wikipedia.org\/wiki\/Institut_des_hautes_\u00e9tudes_de_D\u00e9fense_nationale"]},{"@type":"Person","@id":"https:\/\/ihedn.fr\/#\/schema\/person\/7a40155595e4efb35323447cb8c8c5a4","name":"dev","image":{"@type":"ImageObject","inLanguage":"en-GB","@id":"https:\/\/secure.gravatar.com\/avatar\/f1ffcac9ca2fa95ad3ec33e9be3ade82f752acb0cabe541e56c5889225afa88a?s=96&d=mm&r=g","url":"https:\/\/secure.gravatar.com\/avatar\/f1ffcac9ca2fa95ad3ec33e9be3ade82f752acb0cabe541e56c5889225afa88a?s=96&d=mm&r=g","contentUrl":"https:\/\/secure.gravatar.com\/avatar\/f1ffcac9ca2fa95ad3ec33e9be3ade82f752acb0cabe541e56c5889225afa88a?s=96&d=mm&r=g","caption":"dev"},"sameAs":["https:\/\/ihedn.concilium.click"],"url":"https:\/\/ihedn.fr\/en\/author\/dev\/"}]}},"publishpress_future_action":{"enabled":false,"date":"2026-05-10 10:33:36","action":"change-status","newStatus":"draft","terms":[],"taxonomy":"category","extraData":[]},"publishpress_future_workflow_manual_trigger":{"enabledWorkflows":[]},"_links":{"self":[{"href":"https:\/\/ihedn.fr\/en\/wp-json\/wp\/v2\/posts\/12205","targetHints":{"allow":["GET"]}}],"collection":[{"href":"https:\/\/ihedn.fr\/en\/wp-json\/wp\/v2\/posts"}],"about":[{"href":"https:\/\/ihedn.fr\/en\/wp-json\/wp\/v2\/types\/post"}],"author":[{"embeddable":true,"href":"https:\/\/ihedn.fr\/en\/wp-json\/wp\/v2\/users\/1"}],"replies":[{"embeddable":true,"href":"https:\/\/ihedn.fr\/en\/wp-json\/wp\/v2\/comments?post=12205"}],"version-history":[{"count":5,"href":"https:\/\/ihedn.fr\/en\/wp-json\/wp\/v2\/posts\/12205\/revisions"}],"predecessor-version":[{"id":12213,"href":"https:\/\/ihedn.fr\/en\/wp-json\/wp\/v2\/posts\/12205\/revisions\/12213"}],"wp:featuredmedia":[{"embeddable":true,"href":"https:\/\/ihedn.fr\/en\/wp-json\/wp\/v2\/media\/12207"}],"wp:attachment":[{"href":"https:\/\/ihedn.fr\/en\/wp-json\/wp\/v2\/media?parent=12205"}],"wp:term":[{"taxonomy":"category","embeddable":true,"href":"https:\/\/ihedn.fr\/en\/wp-json\/wp\/v2\/categories?post=12205"},{"taxonomy":"post_tag","embeddable":true,"href":"https:\/\/ihedn.fr\/en\/wp-json\/wp\/v2\/tags?post=12205"}],"curies":[{"name":"wp","href":"https:\/\/api.w.org\/{rel}","templated":true}]}}