{"id":1221,"date":"2020-12-14T17:31:25","date_gmt":"2020-12-14T16:31:25","guid":{"rendered":"https:\/\/ihedn.concilium.click\/?p=1221"},"modified":"2023-02-03T12:40:54","modified_gmt":"2023-02-03T11:40:54","slug":"mondes-en-guerre-tome-iii-guerres-mondiales-et-imperiales-1870-1945","status":"publish","type":"post","link":"https:\/\/ihedn.fr\/en\/nos-lectures\/mondes-en-guerre-tome-iii-guerres-mondiales-et-imperiales-1870-1945\/","title":{"rendered":"Worlds at War - Volume III. World and Imperial Wars, 1870-1945"},"content":{"rendered":"<div data-elementor-type=\"wp-post\" data-elementor-id=\"1221\" class=\"elementor elementor-1221\" data-elementor-post-type=\"post\">\n\t\t\t\t\t\t<section data-particle_enable=\"false\" data-particle-mobile-disabled=\"false\" class=\"elementor-section elementor-top-section elementor-element elementor-element-477b0c6 elementor-section-boxed elementor-section-height-default elementor-section-height-default\" data-id=\"477b0c6\" data-element_type=\"section\" data-e-type=\"section\">\n\t\t\t\t\t\t<div class=\"elementor-container elementor-column-gap-default\">\n\t\t\t\t\t<div class=\"elementor-column elementor-col-100 elementor-top-column elementor-element elementor-element-0fccff5\" data-id=\"0fccff5\" data-element_type=\"column\" data-e-type=\"column\">\n\t\t\t<div class=\"elementor-widget-wrap elementor-element-populated\">\n\t\t\t\t\t\t<div class=\"elementor-element elementor-element-b3408f1 elementor-widget elementor-widget-text-editor\" data-id=\"b3408f1\" data-element_type=\"widget\" data-e-type=\"widget\" data-widget_type=\"text-editor.default\">\n\t\t\t\t<div class=\"elementor-widget-container\">\n\t\t\t\t\t\t\t\t\t<p><em><span style=\"font-weight: 400;\">This third and penultimate volume in the \"Worlds at War\" series, edited by Andr\u00e9 Loez, looks back at the globalisation of warfare between 1870 and 1945. Like its predecessors, this book combines historical rigour, clarity and a wealth of illustrations.<\/span><\/em><\/p>\t\t\t\t\t\t\t\t<\/div>\n\t\t\t\t<\/div>\n\t\t\t\t\t<\/div>\n\t\t<\/div>\n\t\t\t\t\t<\/div>\n\t\t<\/section>\n\t\t\t\t<section data-particle_enable=\"false\" data-particle-mobile-disabled=\"false\" class=\"elementor-section elementor-top-section elementor-element elementor-element-7ad5a62 elementor-section-boxed elementor-section-height-default elementor-section-height-default\" data-id=\"7ad5a62\" data-element_type=\"section\" data-e-type=\"section\">\n\t\t\t\t\t\t<div class=\"elementor-container elementor-column-gap-default\">\n\t\t\t\t\t<div class=\"elementor-column elementor-col-100 elementor-top-column elementor-element elementor-element-03d1432\" data-id=\"03d1432\" data-element_type=\"column\" data-e-type=\"column\">\n\t\t\t<div class=\"elementor-widget-wrap elementor-element-populated\">\n\t\t\t\t\t\t<div class=\"elementor-element elementor-element-7d6f0a1 elementor-widget elementor-widget-text-editor\" data-id=\"7d6f0a1\" data-element_type=\"widget\" data-e-type=\"widget\" data-widget_type=\"text-editor.default\">\n\t\t\t\t<div class=\"elementor-widget-container\">\n\t\t\t\t\t\t\t\t\t<div class=\"wrapper-livre-content bottommargin\"><p>Exploring the diversity of warfare practices on every continent from prehistoric times to the present day is the ambition of the\u00a0<em>Worlds at war<\/em>. From Antiquity, the subject of the first volume, the formation of empires fuelled a vast process of military confrontation and exchange, before the era of the Great Discoveries, at the start of the second volume, triggered the integration of all the continents into a united martial space.<\/p><p>This third volume explores the world and imperial wars between 1870 and 1945, a historical sequence in which the new power of industrial weapons left its mark on so many areas, from colonised Africa to the trenches of the Somme, from the steppes of Russia to the vastness of the Pacific. Through a long-term analysis of a period marked by the subjection of the globe to the great military powers, and through a thematic approach - combatants, weapons, empires, mobilisations, refusals and war crimes - the authors, under the direction of Andr\u00e9 Loez, combine history at ground level, giving a place to all the ordinary players, with a global questioning of the importance of wars for the societies that lived through them. The text, illustrations and previously unpublished maps provide an insight into the diversity of human experiences of war around the world.<\/p><\/div>\t\t\t\t\t\t\t\t<\/div>\n\t\t\t\t<\/div>\n\t\t\t\t\t<\/div>\n\t\t<\/div>\n\t\t\t\t\t<\/div>\n\t\t<\/section>\n\t\t\t\t<section data-particle_enable=\"false\" data-particle-mobile-disabled=\"false\" class=\"elementor-section elementor-top-section elementor-element elementor-element-429399f elementor-section-boxed elementor-section-height-default elementor-section-height-default\" data-id=\"429399f\" data-element_type=\"section\" data-e-type=\"section\">\n\t\t\t\t\t\t<div class=\"elementor-container elementor-column-gap-default\">\n\t\t\t\t\t<div class=\"elementor-column elementor-col-100 elementor-top-column elementor-element elementor-element-bd5b375\" data-id=\"bd5b375\" data-element_type=\"column\" data-e-type=\"column\">\n\t\t\t<div class=\"elementor-widget-wrap elementor-element-populated\">\n\t\t\t\t\t\t<div class=\"elementor-element elementor-element-8125846 elementor-widget elementor-widget-text-editor\" data-id=\"8125846\" data-element_type=\"widget\" data-e-type=\"widget\" data-widget_type=\"text-editor.default\">\n\t\t\t\t<div class=\"elementor-widget-container\">\n\t\t\t\t\t\t\t\t\t<p><strong><span style=\"color: #000000;\">Publisher:<\/span><\/strong> <span style=\"color: #3366ff;\"><strong><a style=\"color: #3366ff;\" href=\"https:\/\/passes-composes.com\/book\/274\">Compound pass<\/a><\/strong><\/span><br \/><strong><span style=\"color: #000000;\">Author:<\/span><\/strong> Andr\u00e9 Loez (dir.) and Herv\u00e9 Dr\u00e9villon<br \/><strong><span style=\"color: #000000;\">Published by :<\/span><\/strong> Paris, 2020<br \/><strong><span style=\"color: #000000;\">Number of pages :<\/span><\/strong><span style=\"color: #000000;\"> 800 pages<\/span><br \/><span class=\"livre-codification\"><span style=\"color: #000000;\"><strong>ISBN : <\/strong><\/span><a href=\"https:\/\/passes-composes.com\/book\/274\">9782379332487<\/a><\/span><\/p>\t\t\t\t\t\t\t\t<\/div>\n\t\t\t\t<\/div>\n\t\t\t\t\t<\/div>\n\t\t<\/div>\n\t\t\t\t\t<\/div>\n\t\t<\/section>\n\t\t\t\t<\/div>","protected":false},"excerpt":{"rendered":"<p>Troisi\u00e8me et avant-dernier tome de la s\u00e9rie \u00ab Mondes en Guerre \u00bb, l\u2019ouvrage dirig\u00e9 par Andr\u00e9 Loez revient sur la globalisation de la guerre qui caract\u00e9rise la p\u00e9riode 1870 et 1945. Comme les pr\u00e9c\u00e9dents tomes, l\u2019ouvrage combine grande rigueur historique, clart\u00e9 et riches illustrations. Explorer la diversit\u00e9 des pratiques guerri\u00e8res sur tous les continents depuis [&hellip;]<\/p>\n","protected":false},"author":1,"featured_media":1318,"comment_status":"closed","ping_status":"closed","sticky":false,"template":"","format":"standard","meta":{"footnotes":""},"categories":[92],"tags":[],"class_list":["post-1221","post","type-post","status-publish","format-standard","has-post-thumbnail","hentry","category-nos-lectures"],"yoast_head":"<!-- This site is optimized with the Yoast SEO plugin v27.5 - https:\/\/yoast.com\/product\/yoast-seo-wordpress\/ -->\n<title>Mondes en Guerre \u2013 Tome III. Guerres Mondiales et Imp\u00e9riales, 1870-1945 - L&#039;IHEDN : Institut des hautes \u00e9tudes de d\u00e9fense nationale<\/title>\n<meta name=\"robots\" content=\"index, follow, max-snippet:-1, max-image-preview:large, max-video-preview:-1\" \/>\n<link rel=\"canonical\" href=\"https:\/\/ihedn.fr\/en\/publications\/mondes-en-guerre-tome-iii-guerres-mondiales-et-imperiales-1870-1945\/\" \/>\n<meta property=\"og:locale\" content=\"en_GB\" \/>\n<meta property=\"og:type\" content=\"article\" \/>\n<meta property=\"og:title\" content=\"Mondes en Guerre \u2013 Tome III. Guerres Mondiales et Imp\u00e9riales, 1870-1945 - L&#039;IHEDN : Institut des hautes \u00e9tudes de d\u00e9fense nationale\" \/>\n<meta property=\"og:description\" content=\"Troisi\u00e8me et avant-dernier tome de la s\u00e9rie \u00ab Mondes en Guerre \u00bb, l\u2019ouvrage dirig\u00e9 par Andr\u00e9 Loez revient sur la globalisation de la guerre qui caract\u00e9rise la p\u00e9riode 1870 et 1945. Comme les pr\u00e9c\u00e9dents tomes, l\u2019ouvrage combine grande rigueur historique, clart\u00e9 et riches illustrations. Explorer la diversit\u00e9 des pratiques guerri\u00e8res sur tous les continents depuis [&hellip;]\" \/>\n<meta property=\"og:url\" content=\"https:\/\/ihedn.fr\/en\/publications\/mondes-en-guerre-tome-iii-guerres-mondiales-et-imperiales-1870-1945\/\" \/>\n<meta property=\"og:site_name\" content=\"L&#039;IHEDN : Institut des hautes \u00e9tudes de d\u00e9fense nationale\" \/>\n<meta property=\"article:publisher\" content=\"https:\/\/www.facebook.com\/ihedn\/\" \/>\n<meta property=\"article:published_time\" content=\"2020-12-14T16:31:25+00:00\" \/>\n<meta property=\"article:modified_time\" content=\"2023-02-03T11:40:54+00:00\" \/>\n<meta property=\"og:image\" content=\"https:\/\/ihedn.fr\/wp-content\/uploads\/2020\/12\/Mondes-en-guerre-Tome-III.jpg\" \/>\n\t<meta property=\"og:image:width\" content=\"786\" \/>\n\t<meta property=\"og:image:height\" content=\"1080\" \/>\n\t<meta property=\"og:image:type\" content=\"image\/jpeg\" \/>\n<meta name=\"author\" content=\"dev\" \/>\n<meta name=\"twitter:card\" content=\"summary_large_image\" \/>\n<meta name=\"twitter:creator\" content=\"@IHEDN\" \/>\n<meta name=\"twitter:site\" content=\"@IHEDN\" \/>\n<meta name=\"twitter:label1\" content=\"Written by\" \/>\n\t<meta name=\"twitter:data1\" content=\"dev\" \/>\n\t<meta name=\"twitter:label2\" content=\"Estimated reading time\" \/>\n\t<meta name=\"twitter:data2\" content=\"2 minutes\" \/>\n<script type=\"application\/ld+json\" class=\"yoast-schema-graph\">{\"@context\":\"https:\\\/\\\/schema.org\",\"@graph\":[{\"@type\":\"Article\",\"@id\":\"https:\\\/\\\/ihedn.fr\\\/publications\\\/mondes-en-guerre-tome-iii-guerres-mondiales-et-imperiales-1870-1945\\\/#article\",\"isPartOf\":{\"@id\":\"https:\\\/\\\/ihedn.fr\\\/publications\\\/mondes-en-guerre-tome-iii-guerres-mondiales-et-imperiales-1870-1945\\\/\"},\"author\":{\"name\":\"dev\",\"@id\":\"https:\\\/\\\/ihedn.fr\\\/#\\\/schema\\\/person\\\/7a40155595e4efb35323447cb8c8c5a4\"},\"headline\":\"Mondes en Guerre \u2013 Tome III. Guerres Mondiales et Imp\u00e9riales, 1870-1945\",\"datePublished\":\"2020-12-14T16:31:25+00:00\",\"dateModified\":\"2023-02-03T11:40:54+00:00\",\"mainEntityOfPage\":{\"@id\":\"https:\\\/\\\/ihedn.fr\\\/publications\\\/mondes-en-guerre-tome-iii-guerres-mondiales-et-imperiales-1870-1945\\\/\"},\"wordCount\":310,\"publisher\":{\"@id\":\"https:\\\/\\\/ihedn.fr\\\/#organization\"},\"image\":{\"@id\":\"https:\\\/\\\/ihedn.fr\\\/publications\\\/mondes-en-guerre-tome-iii-guerres-mondiales-et-imperiales-1870-1945\\\/#primaryimage\"},\"thumbnailUrl\":\"https:\\\/\\\/ihedn.fr\\\/wp-content\\\/uploads\\\/2020\\\/12\\\/Mondes-en-guerre-Tome-III.jpg\",\"articleSection\":[\"nos lectures\"],\"inLanguage\":\"en-GB\"},{\"@type\":\"WebPage\",\"@id\":\"https:\\\/\\\/ihedn.fr\\\/publications\\\/mondes-en-guerre-tome-iii-guerres-mondiales-et-imperiales-1870-1945\\\/\",\"url\":\"https:\\\/\\\/ihedn.fr\\\/publications\\\/mondes-en-guerre-tome-iii-guerres-mondiales-et-imperiales-1870-1945\\\/\",\"name\":\"Mondes en Guerre \u2013 Tome III. Guerres Mondiales et Imp\u00e9riales, 1870-1945 - L&#039;IHEDN : Institut des hautes \u00e9tudes de d\u00e9fense nationale\",\"isPartOf\":{\"@id\":\"https:\\\/\\\/ihedn.fr\\\/#website\"},\"primaryImageOfPage\":{\"@id\":\"https:\\\/\\\/ihedn.fr\\\/publications\\\/mondes-en-guerre-tome-iii-guerres-mondiales-et-imperiales-1870-1945\\\/#primaryimage\"},\"image\":{\"@id\":\"https:\\\/\\\/ihedn.fr\\\/publications\\\/mondes-en-guerre-tome-iii-guerres-mondiales-et-imperiales-1870-1945\\\/#primaryimage\"},\"thumbnailUrl\":\"https:\\\/\\\/ihedn.fr\\\/wp-content\\\/uploads\\\/2020\\\/12\\\/Mondes-en-guerre-Tome-III.jpg\",\"datePublished\":\"2020-12-14T16:31:25+00:00\",\"dateModified\":\"2023-02-03T11:40:54+00:00\",\"breadcrumb\":{\"@id\":\"https:\\\/\\\/ihedn.fr\\\/publications\\\/mondes-en-guerre-tome-iii-guerres-mondiales-et-imperiales-1870-1945\\\/#breadcrumb\"},\"inLanguage\":\"en-GB\",\"potentialAction\":[{\"@type\":\"ReadAction\",\"target\":[\"https:\\\/\\\/ihedn.fr\\\/publications\\\/mondes-en-guerre-tome-iii-guerres-mondiales-et-imperiales-1870-1945\\\/\"]}]},{\"@type\":\"ImageObject\",\"inLanguage\":\"en-GB\",\"@id\":\"https:\\\/\\\/ihedn.fr\\\/publications\\\/mondes-en-guerre-tome-iii-guerres-mondiales-et-imperiales-1870-1945\\\/#primaryimage\",\"url\":\"https:\\\/\\\/ihedn.fr\\\/wp-content\\\/uploads\\\/2020\\\/12\\\/Mondes-en-guerre-Tome-III.jpg\",\"contentUrl\":\"https:\\\/\\\/ihedn.fr\\\/wp-content\\\/uploads\\\/2020\\\/12\\\/Mondes-en-guerre-Tome-III.jpg\",\"width\":786,\"height\":1080},{\"@type\":\"BreadcrumbList\",\"@id\":\"https:\\\/\\\/ihedn.fr\\\/publications\\\/mondes-en-guerre-tome-iii-guerres-mondiales-et-imperiales-1870-1945\\\/#breadcrumb\",\"itemListElement\":[{\"@type\":\"ListItem\",\"position\":1,\"name\":\"Accueil\",\"item\":\"https:\\\/\\\/ihedn.fr\\\/\"},{\"@type\":\"ListItem\",\"position\":2,\"name\":\"Mondes en Guerre \u2013 Tome III. Guerres Mondiales et Imp\u00e9riales, 1870-1945\"}]},{\"@type\":\"WebSite\",\"@id\":\"https:\\\/\\\/ihedn.fr\\\/#website\",\"url\":\"https:\\\/\\\/ihedn.fr\\\/\",\"name\":\"IHEDN : Institut des hautes \u00e9tudes de d\u00e9fense nationale |\",\"description\":\"Site officiel de l&#039;IHEDN plac\u00e9 sous la tutelle du Premier ministre.\",\"publisher\":{\"@id\":\"https:\\\/\\\/ihedn.fr\\\/#organization\"},\"potentialAction\":[{\"@type\":\"SearchAction\",\"target\":{\"@type\":\"EntryPoint\",\"urlTemplate\":\"https:\\\/\\\/ihedn.fr\\\/?s={search_term_string}\"},\"query-input\":{\"@type\":\"PropertyValueSpecification\",\"valueRequired\":true,\"valueName\":\"search_term_string\"}}],\"inLanguage\":\"en-GB\"},{\"@type\":\"Organization\",\"@id\":\"https:\\\/\\\/ihedn.fr\\\/#organization\",\"name\":\"IHEDN - Institut des Hautes Etudes de D\u00e9fense Nationale\",\"url\":\"https:\\\/\\\/ihedn.fr\\\/\",\"logo\":{\"@type\":\"ImageObject\",\"inLanguage\":\"en-GB\",\"@id\":\"https:\\\/\\\/ihedn.fr\\\/#\\\/schema\\\/logo\\\/image\\\/\",\"url\":\"https:\\\/\\\/ihedn.fr\\\/wp-content\\\/uploads\\\/2020\\\/11\\\/BLOC_RF_IHEDN_WEB.png\",\"contentUrl\":\"https:\\\/\\\/ihedn.fr\\\/wp-content\\\/uploads\\\/2020\\\/11\\\/BLOC_RF_IHEDN_WEB.png\",\"width\":500,\"height\":237,\"caption\":\"IHEDN - Institut des Hautes Etudes de D\u00e9fense Nationale\"},\"image\":{\"@id\":\"https:\\\/\\\/ihedn.fr\\\/#\\\/schema\\\/logo\\\/image\\\/\"},\"sameAs\":[\"https:\\\/\\\/www.facebook.com\\\/ihedn\\\/\",\"https:\\\/\\\/x.com\\\/IHEDN\",\"https:\\\/\\\/www.instagram.com\\\/ihedn\\\/\",\"https:\\\/\\\/www.linkedin.com\\\/school\\\/ihedn\\\/\",\"https:\\\/\\\/fr.wikipedia.org\\\/wiki\\\/Institut_des_hautes_\u00e9tudes_de_D\u00e9fense_nationale\"]},{\"@type\":\"Person\",\"@id\":\"https:\\\/\\\/ihedn.fr\\\/#\\\/schema\\\/person\\\/7a40155595e4efb35323447cb8c8c5a4\",\"name\":\"dev\",\"image\":{\"@type\":\"ImageObject\",\"inLanguage\":\"en-GB\",\"@id\":\"https:\\\/\\\/secure.gravatar.com\\\/avatar\\\/f1ffcac9ca2fa95ad3ec33e9be3ade82f752acb0cabe541e56c5889225afa88a?s=96&d=mm&r=g\",\"url\":\"https:\\\/\\\/secure.gravatar.com\\\/avatar\\\/f1ffcac9ca2fa95ad3ec33e9be3ade82f752acb0cabe541e56c5889225afa88a?s=96&d=mm&r=g\",\"contentUrl\":\"https:\\\/\\\/secure.gravatar.com\\\/avatar\\\/f1ffcac9ca2fa95ad3ec33e9be3ade82f752acb0cabe541e56c5889225afa88a?s=96&d=mm&r=g\",\"caption\":\"dev\"},\"sameAs\":[\"https:\\\/\\\/ihedn.concilium.click\"],\"url\":\"https:\\\/\\\/ihedn.fr\\\/en\\\/author\\\/dev\\\/\"}]}<\/script>\n<!-- \/ Yoast SEO plugin. -->","yoast_head_json":{"title":"Worlds at War - Volume III. World and Imperial Wars, 1870-1945 - L'IHEDN : Institut des hautes \u00e9tudes de d\u00e9fense nationale (Graduate Institute of National Defence)","robots":{"index":"index","follow":"follow","max-snippet":"max-snippet:-1","max-image-preview":"max-image-preview:large","max-video-preview":"max-video-preview:-1"},"canonical":"https:\/\/ihedn.fr\/en\/publications\/mondes-en-guerre-tome-iii-guerres-mondiales-et-imperiales-1870-1945\/","og_locale":"en_GB","og_type":"article","og_title":"Mondes en Guerre \u2013 Tome III. Guerres Mondiales et Imp\u00e9riales, 1870-1945 - L&#039;IHEDN : Institut des hautes \u00e9tudes de d\u00e9fense nationale","og_description":"Troisi\u00e8me et avant-dernier tome de la s\u00e9rie \u00ab Mondes en Guerre \u00bb, l\u2019ouvrage dirig\u00e9 par Andr\u00e9 Loez revient sur la globalisation de la guerre qui caract\u00e9rise la p\u00e9riode 1870 et 1945. Comme les pr\u00e9c\u00e9dents tomes, l\u2019ouvrage combine grande rigueur historique, clart\u00e9 et riches illustrations. Explorer la diversit\u00e9 des pratiques guerri\u00e8res sur tous les continents depuis [&hellip;]","og_url":"https:\/\/ihedn.fr\/en\/publications\/mondes-en-guerre-tome-iii-guerres-mondiales-et-imperiales-1870-1945\/","og_site_name":"L&#039;IHEDN : Institut des hautes \u00e9tudes de d\u00e9fense nationale","article_publisher":"https:\/\/www.facebook.com\/ihedn\/","article_published_time":"2020-12-14T16:31:25+00:00","article_modified_time":"2023-02-03T11:40:54+00:00","og_image":[{"width":786,"height":1080,"url":"https:\/\/ihedn.fr\/wp-content\/uploads\/2020\/12\/Mondes-en-guerre-Tome-III.jpg","type":"image\/jpeg"}],"author":"dev","twitter_card":"summary_large_image","twitter_creator":"@IHEDN","twitter_site":"@IHEDN","twitter_misc":{"Written by":"dev","Estimated reading time":"2 minutes"},"schema":{"@context":"https:\/\/schema.org","@graph":[{"@type":"Article","@id":"https:\/\/ihedn.fr\/publications\/mondes-en-guerre-tome-iii-guerres-mondiales-et-imperiales-1870-1945\/#article","isPartOf":{"@id":"https:\/\/ihedn.fr\/publications\/mondes-en-guerre-tome-iii-guerres-mondiales-et-imperiales-1870-1945\/"},"author":{"name":"dev","@id":"https:\/\/ihedn.fr\/#\/schema\/person\/7a40155595e4efb35323447cb8c8c5a4"},"headline":"Mondes en Guerre \u2013 Tome III. Guerres Mondiales et Imp\u00e9riales, 1870-1945","datePublished":"2020-12-14T16:31:25+00:00","dateModified":"2023-02-03T11:40:54+00:00","mainEntityOfPage":{"@id":"https:\/\/ihedn.fr\/publications\/mondes-en-guerre-tome-iii-guerres-mondiales-et-imperiales-1870-1945\/"},"wordCount":310,"publisher":{"@id":"https:\/\/ihedn.fr\/#organization"},"image":{"@id":"https:\/\/ihedn.fr\/publications\/mondes-en-guerre-tome-iii-guerres-mondiales-et-imperiales-1870-1945\/#primaryimage"},"thumbnailUrl":"https:\/\/ihedn.fr\/wp-content\/uploads\/2020\/12\/Mondes-en-guerre-Tome-III.jpg","articleSection":["nos lectures"],"inLanguage":"en-GB"},{"@type":"WebPage","@id":"https:\/\/ihedn.fr\/publications\/mondes-en-guerre-tome-iii-guerres-mondiales-et-imperiales-1870-1945\/","url":"https:\/\/ihedn.fr\/publications\/mondes-en-guerre-tome-iii-guerres-mondiales-et-imperiales-1870-1945\/","name":"Worlds at War - Volume III. World and Imperial Wars, 1870-1945 - L'IHEDN : Institut des hautes \u00e9tudes de d\u00e9fense nationale (Graduate Institute of National Defence)","isPartOf":{"@id":"https:\/\/ihedn.fr\/#website"},"primaryImageOfPage":{"@id":"https:\/\/ihedn.fr\/publications\/mondes-en-guerre-tome-iii-guerres-mondiales-et-imperiales-1870-1945\/#primaryimage"},"image":{"@id":"https:\/\/ihedn.fr\/publications\/mondes-en-guerre-tome-iii-guerres-mondiales-et-imperiales-1870-1945\/#primaryimage"},"thumbnailUrl":"https:\/\/ihedn.fr\/wp-content\/uploads\/2020\/12\/Mondes-en-guerre-Tome-III.jpg","datePublished":"2020-12-14T16:31:25+00:00","dateModified":"2023-02-03T11:40:54+00:00","breadcrumb":{"@id":"https:\/\/ihedn.fr\/publications\/mondes-en-guerre-tome-iii-guerres-mondiales-et-imperiales-1870-1945\/#breadcrumb"},"inLanguage":"en-GB","potentialAction":[{"@type":"ReadAction","target":["https:\/\/ihedn.fr\/publications\/mondes-en-guerre-tome-iii-guerres-mondiales-et-imperiales-1870-1945\/"]}]},{"@type":"ImageObject","inLanguage":"en-GB","@id":"https:\/\/ihedn.fr\/publications\/mondes-en-guerre-tome-iii-guerres-mondiales-et-imperiales-1870-1945\/#primaryimage","url":"https:\/\/ihedn.fr\/wp-content\/uploads\/2020\/12\/Mondes-en-guerre-Tome-III.jpg","contentUrl":"https:\/\/ihedn.fr\/wp-content\/uploads\/2020\/12\/Mondes-en-guerre-Tome-III.jpg","width":786,"height":1080},{"@type":"BreadcrumbList","@id":"https:\/\/ihedn.fr\/publications\/mondes-en-guerre-tome-iii-guerres-mondiales-et-imperiales-1870-1945\/#breadcrumb","itemListElement":[{"@type":"ListItem","position":1,"name":"Accueil","item":"https:\/\/ihedn.fr\/"},{"@type":"ListItem","position":2,"name":"Mondes en Guerre \u2013 Tome III. Guerres Mondiales et Imp\u00e9riales, 1870-1945"}]},{"@type":"WebSite","@id":"https:\/\/ihedn.fr\/#website","url":"https:\/\/ihedn.fr\/","name":"IHEDN: Institut des hautes \u00e9tudes de d\u00e9fense nationale (Institute for Higher National Defence Studies)","description":"Official website of the IHEDN under the supervision of the Prime Minister.","publisher":{"@id":"https:\/\/ihedn.fr\/#organization"},"potentialAction":[{"@type":"SearchAction","target":{"@type":"EntryPoint","urlTemplate":"https:\/\/ihedn.fr\/?s={search_term_string}"},"query-input":{"@type":"PropertyValueSpecification","valueRequired":true,"valueName":"search_term_string"}}],"inLanguage":"en-GB"},{"@type":"Organization","@id":"https:\/\/ihedn.fr\/#organization","name":"IHEDN - Institute for Higher National Defence Studies","url":"https:\/\/ihedn.fr\/","logo":{"@type":"ImageObject","inLanguage":"en-GB","@id":"https:\/\/ihedn.fr\/#\/schema\/logo\/image\/","url":"https:\/\/ihedn.fr\/wp-content\/uploads\/2020\/11\/BLOC_RF_IHEDN_WEB.png","contentUrl":"https:\/\/ihedn.fr\/wp-content\/uploads\/2020\/11\/BLOC_RF_IHEDN_WEB.png","width":500,"height":237,"caption":"IHEDN - Institut des Hautes Etudes de D\u00e9fense Nationale"},"image":{"@id":"https:\/\/ihedn.fr\/#\/schema\/logo\/image\/"},"sameAs":["https:\/\/www.facebook.com\/ihedn\/","https:\/\/x.com\/IHEDN","https:\/\/www.instagram.com\/ihedn\/","https:\/\/www.linkedin.com\/school\/ihedn\/","https:\/\/fr.wikipedia.org\/wiki\/Institut_des_hautes_\u00e9tudes_de_D\u00e9fense_nationale"]},{"@type":"Person","@id":"https:\/\/ihedn.fr\/#\/schema\/person\/7a40155595e4efb35323447cb8c8c5a4","name":"dev","image":{"@type":"ImageObject","inLanguage":"en-GB","@id":"https:\/\/secure.gravatar.com\/avatar\/f1ffcac9ca2fa95ad3ec33e9be3ade82f752acb0cabe541e56c5889225afa88a?s=96&d=mm&r=g","url":"https:\/\/secure.gravatar.com\/avatar\/f1ffcac9ca2fa95ad3ec33e9be3ade82f752acb0cabe541e56c5889225afa88a?s=96&d=mm&r=g","contentUrl":"https:\/\/secure.gravatar.com\/avatar\/f1ffcac9ca2fa95ad3ec33e9be3ade82f752acb0cabe541e56c5889225afa88a?s=96&d=mm&r=g","caption":"dev"},"sameAs":["https:\/\/ihedn.concilium.click"],"url":"https:\/\/ihedn.fr\/en\/author\/dev\/"}]}},"publishpress_future_action":{"enabled":false,"date":"2026-05-07 02:01:14","action":"change-status","newStatus":"draft","terms":[],"taxonomy":"category","extraData":[]},"publishpress_future_workflow_manual_trigger":{"enabledWorkflows":[]},"_links":{"self":[{"href":"https:\/\/ihedn.fr\/en\/wp-json\/wp\/v2\/posts\/1221","targetHints":{"allow":["GET"]}}],"collection":[{"href":"https:\/\/ihedn.fr\/en\/wp-json\/wp\/v2\/posts"}],"about":[{"href":"https:\/\/ihedn.fr\/en\/wp-json\/wp\/v2\/types\/post"}],"author":[{"embeddable":true,"href":"https:\/\/ihedn.fr\/en\/wp-json\/wp\/v2\/users\/1"}],"replies":[{"embeddable":true,"href":"https:\/\/ihedn.fr\/en\/wp-json\/wp\/v2\/comments?post=1221"}],"version-history":[{"count":8,"href":"https:\/\/ihedn.fr\/en\/wp-json\/wp\/v2\/posts\/1221\/revisions"}],"predecessor-version":[{"id":34112,"href":"https:\/\/ihedn.fr\/en\/wp-json\/wp\/v2\/posts\/1221\/revisions\/34112"}],"wp:featuredmedia":[{"embeddable":true,"href":"https:\/\/ihedn.fr\/en\/wp-json\/wp\/v2\/media\/1318"}],"wp:attachment":[{"href":"https:\/\/ihedn.fr\/en\/wp-json\/wp\/v2\/media?parent=1221"}],"wp:term":[{"taxonomy":"category","embeddable":true,"href":"https:\/\/ihedn.fr\/en\/wp-json\/wp\/v2\/categories?post=1221"},{"taxonomy":"post_tag","embeddable":true,"href":"https:\/\/ihedn.fr\/en\/wp-json\/wp\/v2\/tags?post=1221"}],"curies":[{"name":"wp","href":"https:\/\/api.w.org\/{rel}","templated":true}]}}