{"id":12380,"date":"2021-06-11T14:43:43","date_gmt":"2021-06-11T13:43:43","guid":{"rendered":"https:\/\/ihedn.fr\/?p=12380"},"modified":"2022-11-25T15:22:57","modified_gmt":"2022-11-25T14:22:57","slug":"cours-strategique-avance-europeen","status":"publish","type":"post","link":"https:\/\/ihedn.fr\/en\/notre-actualite\/cours-strategique-avance-europeen\/","title":{"rendered":"European Advanced Strategic Course"},"content":{"rendered":"<div data-elementor-type=\"wp-post\" data-elementor-id=\"12380\" class=\"elementor elementor-12380\" data-elementor-post-type=\"post\">\n\t\t\t\t\t\t<section data-particle_enable=\"false\" data-particle-mobile-disabled=\"false\" class=\"elementor-section elementor-top-section elementor-element elementor-element-0d20828 elementor-section-boxed elementor-section-height-default elementor-section-height-default\" data-id=\"0d20828\" data-element_type=\"section\" data-e-type=\"section\">\n\t\t\t\t\t\t<div class=\"elementor-container elementor-column-gap-default\">\n\t\t\t\t\t<div class=\"elementor-column elementor-col-100 elementor-top-column elementor-element elementor-element-b482e3f\" data-id=\"b482e3f\" data-element_type=\"column\" data-e-type=\"column\">\n\t\t\t<div class=\"elementor-widget-wrap elementor-element-populated\">\n\t\t\t\t\t\t<div class=\"elementor-element elementor-element-0a02d50 elementor-widget elementor-widget-heading\" data-id=\"0a02d50\" data-element_type=\"widget\" data-e-type=\"widget\" data-widget_type=\"heading.default\">\n\t\t\t\t<div class=\"elementor-widget-container\">\n\t\t\t\t\t<h4 class=\"elementor-heading-title elementor-size-default\">Challenges of Securing Maritime Areas for the European Union<\/h4>\t\t\t\t<\/div>\n\t\t\t\t<\/div>\n\t\t\t\t\t<\/div>\n\t\t<\/div>\n\t\t\t\t\t<\/div>\n\t\t<\/section>\n\t\t\t\t<section data-particle_enable=\"false\" data-particle-mobile-disabled=\"false\" class=\"elementor-section elementor-top-section elementor-element elementor-element-cd5b073 elementor-section-boxed elementor-section-height-default elementor-section-height-default\" data-id=\"cd5b073\" data-element_type=\"section\" data-e-type=\"section\">\n\t\t\t\t\t\t<div class=\"elementor-container elementor-column-gap-default\">\n\t\t\t\t\t<div class=\"elementor-column elementor-col-100 elementor-top-column elementor-element elementor-element-96e7013\" data-id=\"96e7013\" data-element_type=\"column\" data-e-type=\"column\">\n\t\t\t<div class=\"elementor-widget-wrap elementor-element-populated\">\n\t\t\t\t\t\t<div class=\"elementor-element elementor-element-057dc24 elementor-widget elementor-widget-text-editor\" data-id=\"057dc24\" data-element_type=\"widget\" data-e-type=\"widget\" data-widget_type=\"text-editor.default\">\n\t\t\t\t<div class=\"elementor-widget-container\">\n\t\t\t\t\t\t\t\t\t<p><img decoding=\"async\" class=\"wp-image-12391 alignleft\" src=\"https:\/\/ihedn.fr\/wp-content\/uploads\/2021\/06\/IHEDN-Premiere-edition-du-Cours-strategique-avance-europeen-en-securite-et-de-defense_003.jpg\" alt=\"\u00a9 Premi\u00e8re \u00e9dition du \u00ab Cours strat\u00e9gique avanc\u00e9 europ\u00e9en \u00bb en s\u00e9curit\u00e9 et de d\u00e9fense\" width=\"136\" height=\"200\" \/> <\/p><p>The first edition of the \"European Advanced Strategic Course\" in security and defence comes to a close on 11 June 2021 at the Ecole Militaire.<\/p><p>This pan-European course, organised for the first time in 2020-2021 by the IHEDN in conjunction with the Bundes Akademie f\u00fcr Sicherheitspolitik (BAKS) for Germany, the Royal Institute for Defence Studies (IRSD) and the Egmont Institute for Belgium, under the aegis of the European Security and Defence College (ESDC), includes a series of three modules in Brussels, Berlin and Paris devoted to European defence policy.<\/p>\t\t\t\t\t\t\t\t<\/div>\n\t\t\t\t<\/div>\n\t\t\t\t\t<\/div>\n\t\t<\/div>\n\t\t\t\t\t<\/div>\n\t\t<\/section>\n\t\t\t\t<section data-particle_enable=\"false\" data-particle-mobile-disabled=\"false\" class=\"elementor-section elementor-top-section elementor-element elementor-element-2fd8795 elementor-section-boxed elementor-section-height-default elementor-section-height-default\" data-id=\"2fd8795\" data-element_type=\"section\" data-e-type=\"section\">\n\t\t\t\t\t\t<div class=\"elementor-container elementor-column-gap-default\">\n\t\t\t\t\t<div class=\"elementor-column elementor-col-100 elementor-top-column elementor-element elementor-element-2c85a8e\" data-id=\"2c85a8e\" data-element_type=\"column\" data-e-type=\"column\">\n\t\t\t<div class=\"elementor-widget-wrap elementor-element-populated\">\n\t\t\t\t\t\t<div class=\"elementor-element elementor-element-b9c5a8d elementor-widget elementor-widget-image\" data-id=\"b9c5a8d\" data-element_type=\"widget\" data-e-type=\"widget\" data-widget_type=\"image.default\">\n\t\t\t\t<div class=\"elementor-widget-container\">\n\t\t\t\t\t\t\t\t\t\t\t\t\t\t\t<img fetchpriority=\"high\" decoding=\"async\" width=\"895\" height=\"551\" src=\"https:\/\/ihedn.fr\/wp-content\/uploads\/2021\/06\/IHEDN-Premiere-edition-du-Cours-strategique-avance-europeen-en-securite-et-de-defense_004.png\" class=\"attachment-full size-full wp-image-12392\" alt=\"\u00a9 Premi\u00e8re \u00e9dition du \u00ab Cours strat\u00e9gique avanc\u00e9 europ\u00e9en \u00bb en s\u00e9curit\u00e9 et de d\u00e9fense\" \/>\t\t\t\t\t\t\t\t\t\t\t\t\t\t\t<\/div>\n\t\t\t\t<\/div>\n\t\t\t\t\t<\/div>\n\t\t<\/div>\n\t\t\t\t\t<\/div>\n\t\t<\/section>\n\t\t\t\t<section data-particle_enable=\"false\" data-particle-mobile-disabled=\"false\" class=\"elementor-section elementor-top-section elementor-element elementor-element-4515bcf elementor-section-boxed elementor-section-height-default elementor-section-height-default\" data-id=\"4515bcf\" data-element_type=\"section\" data-e-type=\"section\">\n\t\t\t\t\t\t<div class=\"elementor-container elementor-column-gap-default\">\n\t\t\t\t\t<div class=\"elementor-column elementor-col-100 elementor-top-column elementor-element elementor-element-a9bcd24\" data-id=\"a9bcd24\" data-element_type=\"column\" data-e-type=\"column\">\n\t\t\t<div class=\"elementor-widget-wrap elementor-element-populated\">\n\t\t\t\t\t\t<div class=\"elementor-element elementor-element-d7eaf67 elementor-widget elementor-widget-text-editor\" data-id=\"d7eaf67\" data-element_type=\"widget\" data-e-type=\"widget\" data-widget_type=\"text-editor.default\">\n\t\t\t\t<div class=\"elementor-widget-container\">\n\t\t\t\t\t\t\t\t\t<p>This third module, organised by the Institut des Hautes \u00c9tudes de D\u00e9fense Nationale, brought together 12 high-level civilian and military participants representing several EU Member States, think-tanks, European Union institutions and the defence industry over two and a half days in Paris. Some fifteen French and European speakers took the floor on subjects such as the EU's strategic autonomy and its geopolitical role in the world, defence innovation and research, analysis of the changing threats to Europe and EU-NATO cooperation, leading to particularly fruitful exchanges on these crucial issues. This module will thus have contributed to the debate on the development of a common European strategic culture.<\/p>\t\t\t\t\t\t\t\t<\/div>\n\t\t\t\t<\/div>\n\t\t\t\t\t<\/div>\n\t\t<\/div>\n\t\t\t\t\t<\/div>\n\t\t<\/section>\n\t\t\t\t<section data-particle_enable=\"false\" data-particle-mobile-disabled=\"false\" class=\"elementor-section elementor-top-section elementor-element elementor-element-d8f627a elementor-section-boxed elementor-section-height-default elementor-section-height-default\" data-id=\"d8f627a\" data-element_type=\"section\" data-e-type=\"section\">\n\t\t\t\t\t\t<div class=\"elementor-container elementor-column-gap-default\">\n\t\t\t\t\t<div class=\"elementor-column elementor-col-100 elementor-top-column elementor-element elementor-element-64b5a44\" data-id=\"64b5a44\" data-element_type=\"column\" data-e-type=\"column\">\n\t\t\t<div class=\"elementor-widget-wrap elementor-element-populated\">\n\t\t\t\t\t\t<div class=\"elementor-element elementor-element-1149e7c elementor-widget elementor-widget-image\" data-id=\"1149e7c\" data-element_type=\"widget\" data-e-type=\"widget\" data-widget_type=\"image.default\">\n\t\t\t\t<div class=\"elementor-widget-container\">\n\t\t\t\t\t\t\t\t\t\t\t\t\t\t\t<img decoding=\"async\" width=\"800\" height=\"756\" src=\"https:\/\/ihedn.fr\/wp-content\/uploads\/2021\/06\/IHEDN-Premiere-edition-du-Cours-strategique-avance-europeen-en-securite-et-de-defense_002-1024x968.jpg\" class=\"attachment-large size-large wp-image-12390\" alt=\"\u00a9 Premi\u00e8re \u00e9dition du \u00ab Cours strat\u00e9gique avanc\u00e9 europ\u00e9en \u00bb en s\u00e9curit\u00e9 et de d\u00e9fense\" \/>\t\t\t\t\t\t\t\t\t\t\t\t\t\t\t<\/div>\n\t\t\t\t<\/div>\n\t\t\t\t\t<\/div>\n\t\t<\/div>\n\t\t\t\t\t<\/div>\n\t\t<\/section>\n\t\t\t\t<section data-particle_enable=\"false\" data-particle-mobile-disabled=\"false\" class=\"elementor-section elementor-top-section elementor-element elementor-element-e6cc807 elementor-section-boxed elementor-section-height-default elementor-section-height-default\" data-id=\"e6cc807\" data-element_type=\"section\" data-e-type=\"section\">\n\t\t\t\t\t\t<div class=\"elementor-container elementor-column-gap-default\">\n\t\t\t\t\t<div class=\"elementor-column elementor-col-100 elementor-top-column elementor-element elementor-element-fbfadbb\" data-id=\"fbfadbb\" data-element_type=\"column\" data-e-type=\"column\">\n\t\t\t<div class=\"elementor-widget-wrap elementor-element-populated\">\n\t\t\t\t\t\t<div class=\"elementor-element elementor-element-d561b68 elementor-widget elementor-widget-text-editor\" data-id=\"d561b68\" data-element_type=\"widget\" data-e-type=\"widget\" data-widget_type=\"text-editor.default\">\n\t\t\t\t<div class=\"elementor-widget-container\">\n\t\t\t\t\t\t\t\t\t<p><em>The first edition of the \"European Advanced Strategic Course\" in security and defence ends today at the Ecole Militaire.<\/em><\/p><p><em>This pan-European course, organised for the first time this year by the IHEDN jointly with the Bundes Akademie f\u00fcr Sicherheitspolitik (BAKS) for Germany, the Royal Institute for Defence Studies (IRSD) and the Egmont Institute for Belgium, under the aegis of the European Security and Defence College (ESDC), is a three module training, held in Brussels, Berlin and Paris, all dedicated to European defence policy. <\/em><\/p><p><em>This third module, organized by the Institute for higher national defense studies together with the European Security and Defense College, has gathered in Paris during two and a half days 12 high-level civilian and military auditors, representing several EU Member States, think-tanks, European Union institutions and the defense industry. Some fifteen French and European speakers have intervened to discuss strategic topics such as the EU's strategic autonomy and its geopolitical role in the world, innovation and research in the field of defence, the evolution of threats and the EU-NATO cooperation, allowing fruitful exchanges on these crucial issues. This module has definitively met its objective which is to contribute to the development of a common European strategic culture. <\/em><\/p>\t\t\t\t\t\t\t\t<\/div>\n\t\t\t\t<\/div>\n\t\t\t\t\t<\/div>\n\t\t<\/div>\n\t\t\t\t\t<\/div>\n\t\t<\/section>\n\t\t\t\t<\/div>","protected":false},"excerpt":{"rendered":"<p>This pan-European course, organised for the first time in 2020-2021 by the IHEDN in conjunction with the BAKS in Germany and the IRSD and the Egmont Institute in Belgium, under the aegis of the ESDC, includes a series of three modules in Brussels, Berlin and Paris devoted to European defence policy. <\/p>","protected":false},"author":1,"featured_media":12389,"comment_status":"closed","ping_status":"closed","sticky":false,"template":"","format":"standard","meta":{"footnotes":""},"categories":[172],"tags":[],"class_list":["post-12380","post","type-post","status-publish","format-standard","has-post-thumbnail","hentry","category-notre-actualite"],"yoast_head":"<!-- This site is optimized with the Yoast SEO plugin v27.5 - https:\/\/yoast.com\/product\/yoast-seo-wordpress\/ -->\n<title>Cours strat\u00e9gique avanc\u00e9 europ\u00e9en - L&#039;IHEDN : Institut des hautes \u00e9tudes de d\u00e9fense nationale<\/title>\n<meta name=\"robots\" content=\"index, follow, max-snippet:-1, max-image-preview:large, max-video-preview:-1\" \/>\n<link rel=\"canonical\" href=\"https:\/\/ihedn.fr\/en\/actualites-des-sessions\/europe\/cours-strategique-avance-europeen\/\" \/>\n<meta property=\"og:locale\" content=\"en_GB\" \/>\n<meta property=\"og:type\" content=\"article\" \/>\n<meta property=\"og:title\" content=\"Cours strat\u00e9gique avanc\u00e9 europ\u00e9en - L&#039;IHEDN : Institut des hautes \u00e9tudes de d\u00e9fense nationale\" \/>\n<meta property=\"og:description\" content=\"Cette formation pan-europ\u00e9enne, organis\u00e9e pour la premi\u00e8re fois en 2020-2021, par l\u2019IHEDN conjointement avec la BAKS, pour l\u2019Allemagne, l&#039;IRSD et l&#039;Institut Egmont pour la Belgique, sous l\u2019\u00e9gide du CESD, int\u00e8gre une s\u00e9rie de trois modules, \u00e0 Bruxelles, \u00e0 Berlin et \u00e0 Paris consacr\u00e9s \u00e0 la politique de d\u00e9fense europ\u00e9enne.\" \/>\n<meta property=\"og:url\" content=\"https:\/\/ihedn.fr\/en\/actualites-des-sessions\/europe\/cours-strategique-avance-europeen\/\" \/>\n<meta property=\"og:site_name\" content=\"L&#039;IHEDN : Institut des hautes \u00e9tudes de d\u00e9fense nationale\" \/>\n<meta property=\"article:publisher\" content=\"https:\/\/www.facebook.com\/ihedn\/\" \/>\n<meta property=\"article:published_time\" content=\"2021-06-11T13:43:43+00:00\" \/>\n<meta property=\"article:modified_time\" content=\"2022-11-25T14:22:57+00:00\" \/>\n<meta property=\"og:image\" content=\"https:\/\/ihedn.fr\/wp-content\/uploads\/2021\/06\/IHEDN-Premiere-edition-du-Cours-strategique-avance-europeen-en-securite-et-de-defense_001.jpg\" \/>\n\t<meta property=\"og:image:width\" content=\"1369\" \/>\n\t<meta property=\"og:image:height\" content=\"460\" \/>\n\t<meta property=\"og:image:type\" content=\"image\/jpeg\" \/>\n<meta name=\"author\" content=\"dev\" \/>\n<meta name=\"twitter:card\" content=\"summary_large_image\" \/>\n<meta name=\"twitter:creator\" content=\"@IHEDN\" \/>\n<meta name=\"twitter:site\" content=\"@IHEDN\" \/>\n<meta name=\"twitter:label1\" content=\"Written by\" \/>\n\t<meta name=\"twitter:data1\" content=\"dev\" \/>\n\t<meta name=\"twitter:label2\" content=\"Estimated reading time\" \/>\n\t<meta name=\"twitter:data2\" content=\"3 minutes\" \/>\n<script type=\"application\/ld+json\" class=\"yoast-schema-graph\">{\"@context\":\"https:\\\/\\\/schema.org\",\"@graph\":[{\"@type\":\"Article\",\"@id\":\"https:\\\/\\\/ihedn.fr\\\/actualites-des-sessions\\\/europe\\\/cours-strategique-avance-europeen\\\/#article\",\"isPartOf\":{\"@id\":\"https:\\\/\\\/ihedn.fr\\\/actualites-des-sessions\\\/europe\\\/cours-strategique-avance-europeen\\\/\"},\"author\":{\"name\":\"dev\",\"@id\":\"https:\\\/\\\/ihedn.fr\\\/#\\\/schema\\\/person\\\/7a40155595e4efb35323447cb8c8c5a4\"},\"headline\":\"Cours strat\u00e9gique avanc\u00e9 europ\u00e9en\",\"datePublished\":\"2021-06-11T13:43:43+00:00\",\"dateModified\":\"2022-11-25T14:22:57+00:00\",\"mainEntityOfPage\":{\"@id\":\"https:\\\/\\\/ihedn.fr\\\/actualites-des-sessions\\\/europe\\\/cours-strategique-avance-europeen\\\/\"},\"wordCount\":470,\"publisher\":{\"@id\":\"https:\\\/\\\/ihedn.fr\\\/#organization\"},\"image\":{\"@id\":\"https:\\\/\\\/ihedn.fr\\\/actualites-des-sessions\\\/europe\\\/cours-strategique-avance-europeen\\\/#primaryimage\"},\"thumbnailUrl\":\"https:\\\/\\\/ihedn.fr\\\/wp-content\\\/uploads\\\/2021\\\/06\\\/IHEDN-Premiere-edition-du-Cours-strategique-avance-europeen-en-securite-et-de-defense_001.jpg\",\"articleSection\":[\"Notre actualit\u00e9\"],\"inLanguage\":\"en-GB\"},{\"@type\":\"WebPage\",\"@id\":\"https:\\\/\\\/ihedn.fr\\\/actualites-des-sessions\\\/europe\\\/cours-strategique-avance-europeen\\\/\",\"url\":\"https:\\\/\\\/ihedn.fr\\\/actualites-des-sessions\\\/europe\\\/cours-strategique-avance-europeen\\\/\",\"name\":\"Cours strat\u00e9gique avanc\u00e9 europ\u00e9en - L&#039;IHEDN : Institut des hautes \u00e9tudes de d\u00e9fense nationale\",\"isPartOf\":{\"@id\":\"https:\\\/\\\/ihedn.fr\\\/#website\"},\"primaryImageOfPage\":{\"@id\":\"https:\\\/\\\/ihedn.fr\\\/actualites-des-sessions\\\/europe\\\/cours-strategique-avance-europeen\\\/#primaryimage\"},\"image\":{\"@id\":\"https:\\\/\\\/ihedn.fr\\\/actualites-des-sessions\\\/europe\\\/cours-strategique-avance-europeen\\\/#primaryimage\"},\"thumbnailUrl\":\"https:\\\/\\\/ihedn.fr\\\/wp-content\\\/uploads\\\/2021\\\/06\\\/IHEDN-Premiere-edition-du-Cours-strategique-avance-europeen-en-securite-et-de-defense_001.jpg\",\"datePublished\":\"2021-06-11T13:43:43+00:00\",\"dateModified\":\"2022-11-25T14:22:57+00:00\",\"breadcrumb\":{\"@id\":\"https:\\\/\\\/ihedn.fr\\\/actualites-des-sessions\\\/europe\\\/cours-strategique-avance-europeen\\\/#breadcrumb\"},\"inLanguage\":\"en-GB\",\"potentialAction\":[{\"@type\":\"ReadAction\",\"target\":[\"https:\\\/\\\/ihedn.fr\\\/actualites-des-sessions\\\/europe\\\/cours-strategique-avance-europeen\\\/\"]}]},{\"@type\":\"ImageObject\",\"inLanguage\":\"en-GB\",\"@id\":\"https:\\\/\\\/ihedn.fr\\\/actualites-des-sessions\\\/europe\\\/cours-strategique-avance-europeen\\\/#primaryimage\",\"url\":\"https:\\\/\\\/ihedn.fr\\\/wp-content\\\/uploads\\\/2021\\\/06\\\/IHEDN-Premiere-edition-du-Cours-strategique-avance-europeen-en-securite-et-de-defense_001.jpg\",\"contentUrl\":\"https:\\\/\\\/ihedn.fr\\\/wp-content\\\/uploads\\\/2021\\\/06\\\/IHEDN-Premiere-edition-du-Cours-strategique-avance-europeen-en-securite-et-de-defense_001.jpg\",\"width\":1369,\"height\":460},{\"@type\":\"BreadcrumbList\",\"@id\":\"https:\\\/\\\/ihedn.fr\\\/actualites-des-sessions\\\/europe\\\/cours-strategique-avance-europeen\\\/#breadcrumb\",\"itemListElement\":[{\"@type\":\"ListItem\",\"position\":1,\"name\":\"Accueil\",\"item\":\"https:\\\/\\\/ihedn.fr\\\/\"},{\"@type\":\"ListItem\",\"position\":2,\"name\":\"Cours strat\u00e9gique avanc\u00e9 europ\u00e9en\"}]},{\"@type\":\"WebSite\",\"@id\":\"https:\\\/\\\/ihedn.fr\\\/#website\",\"url\":\"https:\\\/\\\/ihedn.fr\\\/\",\"name\":\"IHEDN : Institut des hautes \u00e9tudes de d\u00e9fense nationale |\",\"description\":\"Site officiel de l&#039;IHEDN plac\u00e9 sous la tutelle du Premier ministre.\",\"publisher\":{\"@id\":\"https:\\\/\\\/ihedn.fr\\\/#organization\"},\"potentialAction\":[{\"@type\":\"SearchAction\",\"target\":{\"@type\":\"EntryPoint\",\"urlTemplate\":\"https:\\\/\\\/ihedn.fr\\\/?s={search_term_string}\"},\"query-input\":{\"@type\":\"PropertyValueSpecification\",\"valueRequired\":true,\"valueName\":\"search_term_string\"}}],\"inLanguage\":\"en-GB\"},{\"@type\":\"Organization\",\"@id\":\"https:\\\/\\\/ihedn.fr\\\/#organization\",\"name\":\"IHEDN - Institut des Hautes Etudes de D\u00e9fense Nationale\",\"url\":\"https:\\\/\\\/ihedn.fr\\\/\",\"logo\":{\"@type\":\"ImageObject\",\"inLanguage\":\"en-GB\",\"@id\":\"https:\\\/\\\/ihedn.fr\\\/#\\\/schema\\\/logo\\\/image\\\/\",\"url\":\"https:\\\/\\\/ihedn.fr\\\/wp-content\\\/uploads\\\/2020\\\/11\\\/BLOC_RF_IHEDN_WEB.png\",\"contentUrl\":\"https:\\\/\\\/ihedn.fr\\\/wp-content\\\/uploads\\\/2020\\\/11\\\/BLOC_RF_IHEDN_WEB.png\",\"width\":500,\"height\":237,\"caption\":\"IHEDN - Institut des Hautes Etudes de D\u00e9fense Nationale\"},\"image\":{\"@id\":\"https:\\\/\\\/ihedn.fr\\\/#\\\/schema\\\/logo\\\/image\\\/\"},\"sameAs\":[\"https:\\\/\\\/www.facebook.com\\\/ihedn\\\/\",\"https:\\\/\\\/x.com\\\/IHEDN\",\"https:\\\/\\\/www.instagram.com\\\/ihedn\\\/\",\"https:\\\/\\\/www.linkedin.com\\\/school\\\/ihedn\\\/\",\"https:\\\/\\\/fr.wikipedia.org\\\/wiki\\\/Institut_des_hautes_\u00e9tudes_de_D\u00e9fense_nationale\"]},{\"@type\":\"Person\",\"@id\":\"https:\\\/\\\/ihedn.fr\\\/#\\\/schema\\\/person\\\/7a40155595e4efb35323447cb8c8c5a4\",\"name\":\"dev\",\"image\":{\"@type\":\"ImageObject\",\"inLanguage\":\"en-GB\",\"@id\":\"https:\\\/\\\/secure.gravatar.com\\\/avatar\\\/f1ffcac9ca2fa95ad3ec33e9be3ade82f752acb0cabe541e56c5889225afa88a?s=96&d=mm&r=g\",\"url\":\"https:\\\/\\\/secure.gravatar.com\\\/avatar\\\/f1ffcac9ca2fa95ad3ec33e9be3ade82f752acb0cabe541e56c5889225afa88a?s=96&d=mm&r=g\",\"contentUrl\":\"https:\\\/\\\/secure.gravatar.com\\\/avatar\\\/f1ffcac9ca2fa95ad3ec33e9be3ade82f752acb0cabe541e56c5889225afa88a?s=96&d=mm&r=g\",\"caption\":\"dev\"},\"sameAs\":[\"https:\\\/\\\/ihedn.concilium.click\"],\"url\":\"https:\\\/\\\/ihedn.fr\\\/en\\\/author\\\/dev\\\/\"}]}<\/script>\n<!-- \/ Yoast SEO plugin. -->","yoast_head_json":{"title":"European Advanced Strategic Course - IHEDN : Institut des hautes \u00e9tudes de d\u00e9fense nationale (French Institute for Advanced National Defence Studies)","robots":{"index":"index","follow":"follow","max-snippet":"max-snippet:-1","max-image-preview":"max-image-preview:large","max-video-preview":"max-video-preview:-1"},"canonical":"https:\/\/ihedn.fr\/en\/actualites-des-sessions\/europe\/cours-strategique-avance-europeen\/","og_locale":"en_GB","og_type":"article","og_title":"Cours strat\u00e9gique avanc\u00e9 europ\u00e9en - L&#039;IHEDN : Institut des hautes \u00e9tudes de d\u00e9fense nationale","og_description":"Cette formation pan-europ\u00e9enne, organis\u00e9e pour la premi\u00e8re fois en 2020-2021, par l\u2019IHEDN conjointement avec la BAKS, pour l\u2019Allemagne, l'IRSD et l'Institut Egmont pour la Belgique, sous l\u2019\u00e9gide du CESD, int\u00e8gre une s\u00e9rie de trois modules, \u00e0 Bruxelles, \u00e0 Berlin et \u00e0 Paris consacr\u00e9s \u00e0 la politique de d\u00e9fense europ\u00e9enne.","og_url":"https:\/\/ihedn.fr\/en\/actualites-des-sessions\/europe\/cours-strategique-avance-europeen\/","og_site_name":"L&#039;IHEDN : Institut des hautes \u00e9tudes de d\u00e9fense nationale","article_publisher":"https:\/\/www.facebook.com\/ihedn\/","article_published_time":"2021-06-11T13:43:43+00:00","article_modified_time":"2022-11-25T14:22:57+00:00","og_image":[{"width":1369,"height":460,"url":"https:\/\/ihedn.fr\/wp-content\/uploads\/2021\/06\/IHEDN-Premiere-edition-du-Cours-strategique-avance-europeen-en-securite-et-de-defense_001.jpg","type":"image\/jpeg"}],"author":"dev","twitter_card":"summary_large_image","twitter_creator":"@IHEDN","twitter_site":"@IHEDN","twitter_misc":{"Written by":"dev","Estimated reading time":"3 minutes"},"schema":{"@context":"https:\/\/schema.org","@graph":[{"@type":"Article","@id":"https:\/\/ihedn.fr\/actualites-des-sessions\/europe\/cours-strategique-avance-europeen\/#article","isPartOf":{"@id":"https:\/\/ihedn.fr\/actualites-des-sessions\/europe\/cours-strategique-avance-europeen\/"},"author":{"name":"dev","@id":"https:\/\/ihedn.fr\/#\/schema\/person\/7a40155595e4efb35323447cb8c8c5a4"},"headline":"Cours strat\u00e9gique avanc\u00e9 europ\u00e9en","datePublished":"2021-06-11T13:43:43+00:00","dateModified":"2022-11-25T14:22:57+00:00","mainEntityOfPage":{"@id":"https:\/\/ihedn.fr\/actualites-des-sessions\/europe\/cours-strategique-avance-europeen\/"},"wordCount":470,"publisher":{"@id":"https:\/\/ihedn.fr\/#organization"},"image":{"@id":"https:\/\/ihedn.fr\/actualites-des-sessions\/europe\/cours-strategique-avance-europeen\/#primaryimage"},"thumbnailUrl":"https:\/\/ihedn.fr\/wp-content\/uploads\/2021\/06\/IHEDN-Premiere-edition-du-Cours-strategique-avance-europeen-en-securite-et-de-defense_001.jpg","articleSection":["Notre actualit\u00e9"],"inLanguage":"en-GB"},{"@type":"WebPage","@id":"https:\/\/ihedn.fr\/actualites-des-sessions\/europe\/cours-strategique-avance-europeen\/","url":"https:\/\/ihedn.fr\/actualites-des-sessions\/europe\/cours-strategique-avance-europeen\/","name":"European Advanced Strategic Course - IHEDN : Institut des hautes \u00e9tudes de d\u00e9fense nationale (French Institute for Advanced National Defence Studies)","isPartOf":{"@id":"https:\/\/ihedn.fr\/#website"},"primaryImageOfPage":{"@id":"https:\/\/ihedn.fr\/actualites-des-sessions\/europe\/cours-strategique-avance-europeen\/#primaryimage"},"image":{"@id":"https:\/\/ihedn.fr\/actualites-des-sessions\/europe\/cours-strategique-avance-europeen\/#primaryimage"},"thumbnailUrl":"https:\/\/ihedn.fr\/wp-content\/uploads\/2021\/06\/IHEDN-Premiere-edition-du-Cours-strategique-avance-europeen-en-securite-et-de-defense_001.jpg","datePublished":"2021-06-11T13:43:43+00:00","dateModified":"2022-11-25T14:22:57+00:00","breadcrumb":{"@id":"https:\/\/ihedn.fr\/actualites-des-sessions\/europe\/cours-strategique-avance-europeen\/#breadcrumb"},"inLanguage":"en-GB","potentialAction":[{"@type":"ReadAction","target":["https:\/\/ihedn.fr\/actualites-des-sessions\/europe\/cours-strategique-avance-europeen\/"]}]},{"@type":"ImageObject","inLanguage":"en-GB","@id":"https:\/\/ihedn.fr\/actualites-des-sessions\/europe\/cours-strategique-avance-europeen\/#primaryimage","url":"https:\/\/ihedn.fr\/wp-content\/uploads\/2021\/06\/IHEDN-Premiere-edition-du-Cours-strategique-avance-europeen-en-securite-et-de-defense_001.jpg","contentUrl":"https:\/\/ihedn.fr\/wp-content\/uploads\/2021\/06\/IHEDN-Premiere-edition-du-Cours-strategique-avance-europeen-en-securite-et-de-defense_001.jpg","width":1369,"height":460},{"@type":"BreadcrumbList","@id":"https:\/\/ihedn.fr\/actualites-des-sessions\/europe\/cours-strategique-avance-europeen\/#breadcrumb","itemListElement":[{"@type":"ListItem","position":1,"name":"Accueil","item":"https:\/\/ihedn.fr\/"},{"@type":"ListItem","position":2,"name":"Cours strat\u00e9gique avanc\u00e9 europ\u00e9en"}]},{"@type":"WebSite","@id":"https:\/\/ihedn.fr\/#website","url":"https:\/\/ihedn.fr\/","name":"IHEDN: Institut des hautes \u00e9tudes de d\u00e9fense nationale (Institute for Higher National Defence Studies)","description":"Official website of the IHEDN under the supervision of the Prime Minister.","publisher":{"@id":"https:\/\/ihedn.fr\/#organization"},"potentialAction":[{"@type":"SearchAction","target":{"@type":"EntryPoint","urlTemplate":"https:\/\/ihedn.fr\/?s={search_term_string}"},"query-input":{"@type":"PropertyValueSpecification","valueRequired":true,"valueName":"search_term_string"}}],"inLanguage":"en-GB"},{"@type":"Organization","@id":"https:\/\/ihedn.fr\/#organization","name":"IHEDN - Institute for Higher National Defence Studies","url":"https:\/\/ihedn.fr\/","logo":{"@type":"ImageObject","inLanguage":"en-GB","@id":"https:\/\/ihedn.fr\/#\/schema\/logo\/image\/","url":"https:\/\/ihedn.fr\/wp-content\/uploads\/2020\/11\/BLOC_RF_IHEDN_WEB.png","contentUrl":"https:\/\/ihedn.fr\/wp-content\/uploads\/2020\/11\/BLOC_RF_IHEDN_WEB.png","width":500,"height":237,"caption":"IHEDN - Institut des Hautes Etudes de D\u00e9fense Nationale"},"image":{"@id":"https:\/\/ihedn.fr\/#\/schema\/logo\/image\/"},"sameAs":["https:\/\/www.facebook.com\/ihedn\/","https:\/\/x.com\/IHEDN","https:\/\/www.instagram.com\/ihedn\/","https:\/\/www.linkedin.com\/school\/ihedn\/","https:\/\/fr.wikipedia.org\/wiki\/Institut_des_hautes_\u00e9tudes_de_D\u00e9fense_nationale"]},{"@type":"Person","@id":"https:\/\/ihedn.fr\/#\/schema\/person\/7a40155595e4efb35323447cb8c8c5a4","name":"dev","image":{"@type":"ImageObject","inLanguage":"en-GB","@id":"https:\/\/secure.gravatar.com\/avatar\/f1ffcac9ca2fa95ad3ec33e9be3ade82f752acb0cabe541e56c5889225afa88a?s=96&d=mm&r=g","url":"https:\/\/secure.gravatar.com\/avatar\/f1ffcac9ca2fa95ad3ec33e9be3ade82f752acb0cabe541e56c5889225afa88a?s=96&d=mm&r=g","contentUrl":"https:\/\/secure.gravatar.com\/avatar\/f1ffcac9ca2fa95ad3ec33e9be3ade82f752acb0cabe541e56c5889225afa88a?s=96&d=mm&r=g","caption":"dev"},"sameAs":["https:\/\/ihedn.concilium.click"],"url":"https:\/\/ihedn.fr\/en\/author\/dev\/"}]}},"publishpress_future_action":{"enabled":false,"date":"2026-05-06 23:51:29","action":"change-status","newStatus":"draft","terms":[],"taxonomy":"category","extraData":[]},"publishpress_future_workflow_manual_trigger":{"enabledWorkflows":[]},"_links":{"self":[{"href":"https:\/\/ihedn.fr\/en\/wp-json\/wp\/v2\/posts\/12380","targetHints":{"allow":["GET"]}}],"collection":[{"href":"https:\/\/ihedn.fr\/en\/wp-json\/wp\/v2\/posts"}],"about":[{"href":"https:\/\/ihedn.fr\/en\/wp-json\/wp\/v2\/types\/post"}],"author":[{"embeddable":true,"href":"https:\/\/ihedn.fr\/en\/wp-json\/wp\/v2\/users\/1"}],"replies":[{"embeddable":true,"href":"https:\/\/ihedn.fr\/en\/wp-json\/wp\/v2\/comments?post=12380"}],"version-history":[{"count":5,"href":"https:\/\/ihedn.fr\/en\/wp-json\/wp\/v2\/posts\/12380\/revisions"}],"predecessor-version":[{"id":12410,"href":"https:\/\/ihedn.fr\/en\/wp-json\/wp\/v2\/posts\/12380\/revisions\/12410"}],"wp:featuredmedia":[{"embeddable":true,"href":"https:\/\/ihedn.fr\/en\/wp-json\/wp\/v2\/media\/12389"}],"wp:attachment":[{"href":"https:\/\/ihedn.fr\/en\/wp-json\/wp\/v2\/media?parent=12380"}],"wp:term":[{"taxonomy":"category","embeddable":true,"href":"https:\/\/ihedn.fr\/en\/wp-json\/wp\/v2\/categories?post=12380"},{"taxonomy":"post_tag","embeddable":true,"href":"https:\/\/ihedn.fr\/en\/wp-json\/wp\/v2\/tags?post=12380"}],"curies":[{"name":"wp","href":"https:\/\/api.w.org\/{rel}","templated":true}]}}