{"id":12845,"date":"2021-06-18T15:00:59","date_gmt":"2021-06-18T14:00:59","guid":{"rendered":"https:\/\/ihedn.fr\/?p=12845"},"modified":"2022-11-25T15:22:56","modified_gmt":"2022-11-25T14:22:56","slug":"termine-barre-et-machines-pour-la-6e-session-nationale-enjeux-et-strategies-maritimes","status":"publish","type":"post","link":"https:\/\/ihedn.fr\/en\/notre-actualite\/termine-barre-et-machines-pour-la-6e-session-nationale-enjeux-et-strategies-maritimes\/","title":{"rendered":"\"Finished bars and machines\" for the 6th National Session \"Maritime Challenges and Strategies"},"content":{"rendered":"<div data-elementor-type=\"wp-post\" data-elementor-id=\"12845\" class=\"elementor elementor-12845\" data-elementor-post-type=\"post\">\n\t\t\t\t\t\t<section data-particle_enable=\"false\" data-particle-mobile-disabled=\"false\" class=\"elementor-section elementor-top-section elementor-element elementor-element-006e3ec elementor-section-boxed elementor-section-height-default elementor-section-height-default\" data-id=\"006e3ec\" data-element_type=\"section\" data-e-type=\"section\">\n\t\t\t\t\t\t<div class=\"elementor-container elementor-column-gap-default\">\n\t\t\t\t\t<div class=\"elementor-column elementor-col-100 elementor-top-column elementor-element elementor-element-b3e26a9\" data-id=\"b3e26a9\" data-element_type=\"column\" data-e-type=\"column\">\n\t\t\t<div class=\"elementor-widget-wrap elementor-element-populated\">\n\t\t\t\t\t\t<div class=\"elementor-element elementor-element-ce52fa1 elementor-widget elementor-widget-text-editor\" data-id=\"ce52fa1\" data-element_type=\"widget\" data-e-type=\"widget\" data-widget_type=\"text-editor.default\">\n\t\t\t\t<div class=\"elementor-widget-container\">\n\t\t\t\t\t\t\t\t\t<p>What a year this has been for the 34 listeners of the 6<sup>e<\/sup> National session on \"Maritime issues and strategies\" since their first stopover in Paris in September 2020. The COVID storm will have forced them to tack, sometimes to put on the cape, and then immediately reef the sails to take off again and finally arrive safely in port.<\/p><p>Their long sail took them along the French coast to Boulogne, Brest, Calais, Dunkirk, Lorient, Marseille, Nantes, Saint-Nazaire and Djibouti. And it was a little groggy from \"land sickness\" and with the strictest application of the COVID barrier measures that they met again on 17 and 18 June 2021 at the \u00c9cole Militaire for their end of session colloquium and the IHEDN strategic forum.<\/p><p>The traditional \"Auditors' Colloquium\", the culmination of their training, which took place on 17 June, is the long-awaited moment when the auditors present the highest French maritime authorities with the results of their reflections on the subjects that have animated them throughout the year. The symposium, chaired by Pr\u00e9fet Denis Robin, Secretary General for the Sea, was also attended by Admiral Pierre Vandier, Chief of Staff of the Navy, Major General Xavier Ducept, Director of the Cabinet of the Minister for the Sea, and Fr\u00e9d\u00e9ric Moncany de Saint-Aignan, Chairman of the French Maritime Cluster.<\/p><p>This year, the theme of sovereignty was put forward by the Prime Minister for consideration by all those attending the national sessions, so those taking part in the 'Maritime Challenges and Strategies' session focused on issues relating to cognitive capabilities, economic control and France's ability to intervene on the international stage, particularly in the diplomatic and naval spheres. The ultimate aim is to preserve the oceans as a common asset and to maintain France's freedom of action. The presentations and debates between the participants and their guests were particularly rich and interesting, reflecting the commitment of the participants and the cohesion they have built up over the year. The participants from previous sessions were not the last to push their successors to the limit.<\/p>\t\t\t\t\t\t\t\t<\/div>\n\t\t\t\t<\/div>\n\t\t\t\t\t<\/div>\n\t\t<\/div>\n\t\t\t\t\t<\/div>\n\t\t<\/section>\n\t\t\t\t<section data-particle_enable=\"false\" data-particle-mobile-disabled=\"false\" class=\"elementor-section elementor-top-section elementor-element elementor-element-66bd1fc elementor-section-boxed elementor-section-height-default elementor-section-height-default\" data-id=\"66bd1fc\" data-element_type=\"section\" data-e-type=\"section\">\n\t\t\t\t\t\t<div class=\"elementor-container elementor-column-gap-default\">\n\t\t\t\t\t<div class=\"elementor-column elementor-col-100 elementor-top-column elementor-element elementor-element-93be489\" data-id=\"93be489\" data-element_type=\"column\" data-e-type=\"column\">\n\t\t\t<div class=\"elementor-widget-wrap elementor-element-populated\">\n\t\t\t\t\t\t<div class=\"elementor-element elementor-element-3ba64d7 elementor-widget elementor-widget-text-editor\" data-id=\"3ba64d7\" data-element_type=\"widget\" data-e-type=\"widget\" data-widget_type=\"text-editor.default\">\n\t\t\t\t<div class=\"elementor-widget-container\">\n\t\t\t\t\t\t\t\t\t<p>After speeches by Lieutenant General Patrick Destremau and the above-mentioned authorities, Denis Robin brought the seminar to a close by congratulating the participants on their work and offering his thoughts on France's current and future maritime challenges, particularly in the context of France's assumption of the presidency of the European Union in 2022. So many avenues open up for future sessions! Future auditors have their work cut out for them. Then came the presentation to the auditors of their hard-won and richly deserved diplomas.<\/p>\t\t\t\t\t\t\t\t<\/div>\n\t\t\t\t<\/div>\n\t\t\t\t\t<\/div>\n\t\t<\/div>\n\t\t\t\t\t<\/div>\n\t\t<\/section>\n\t\t\t\t<section data-particle_enable=\"false\" data-particle-mobile-disabled=\"false\" class=\"elementor-section elementor-top-section elementor-element elementor-element-85163e6 elementor-section-content-middle elementor-section-boxed elementor-section-height-default elementor-section-height-default\" data-id=\"85163e6\" data-element_type=\"section\" data-e-type=\"section\">\n\t\t\t\t\t\t<div class=\"elementor-container elementor-column-gap-default\">\n\t\t\t\t\t<div class=\"elementor-column elementor-col-50 elementor-top-column elementor-element elementor-element-2a6d280\" data-id=\"2a6d280\" data-element_type=\"column\" data-e-type=\"column\">\n\t\t\t<div class=\"elementor-widget-wrap elementor-element-populated\">\n\t\t\t\t\t\t<div class=\"elementor-element elementor-element-f3e55b1 elementor-widget elementor-widget-image\" data-id=\"f3e55b1\" data-element_type=\"widget\" data-e-type=\"widget\" data-widget_type=\"image.default\">\n\t\t\t\t<div class=\"elementor-widget-container\">\n\t\t\t\t\t\t\t\t\t\t\t\t<figure class=\"wp-caption\">\n\t\t\t\t\t\t\t\t\t\t<img fetchpriority=\"high\" decoding=\"async\" width=\"1369\" height=\"932\" src=\"https:\/\/ihedn.fr\/wp-content\/uploads\/2021\/06\/IHEDN-6e-Session-nationale-Enjeux-et-strategies-maritimes-_PULN3067.jpg\" class=\"attachment-full size-full wp-image-12854\" alt=\"\u00a9 IHEDN \u00a9 6e Session nationale \u00ab Enjeux et strat\u00e9gies maritimes \u00bb\" \/>\t\t\t\t\t\t\t\t\t\t\t<figcaption class=\"widget-image-caption wp-caption-text\">IHEDN \u00a9 6e SN ESM: Prefect Denis Robin, General Secretary for the Sea, debates with auditors<\/figcaption>\n\t\t\t\t\t\t\t\t\t\t<\/figure>\n\t\t\t\t\t\t\t\t\t<\/div>\n\t\t\t\t<\/div>\n\t\t\t\t\t<\/div>\n\t\t<\/div>\n\t\t\t\t<div class=\"elementor-column elementor-col-50 elementor-top-column elementor-element elementor-element-4625c2a\" data-id=\"4625c2a\" data-element_type=\"column\" data-e-type=\"column\">\n\t\t\t<div class=\"elementor-widget-wrap elementor-element-populated\">\n\t\t\t\t\t\t<div class=\"elementor-element elementor-element-11618e5 elementor-widget elementor-widget-image\" data-id=\"11618e5\" data-element_type=\"widget\" data-e-type=\"widget\" data-widget_type=\"image.default\">\n\t\t\t\t<div class=\"elementor-widget-container\">\n\t\t\t\t\t\t\t\t\t\t\t\t<figure class=\"wp-caption\">\n\t\t\t\t\t\t\t\t\t\t<img decoding=\"async\" width=\"1369\" height=\"878\" src=\"https:\/\/ihedn.fr\/wp-content\/uploads\/2021\/06\/IHEDN-6e-Session-nationale-Enjeux-et-strategies-maritimes-_MSMB9271.jpg\" class=\"attachment-full size-full wp-image-12853\" alt=\"\u00a9 IHEDN \u00a9 6e Session nationale \u00ab Enjeux et strat\u00e9gies maritimes \u00bb\" \/>\t\t\t\t\t\t\t\t\t\t\t<figcaption class=\"widget-image-caption wp-caption-text\">IHEDN \u00a9 6e SN ESM : Admiral Pierre Vandier, Chief of Staff of the Navy, addresses the audience<\/figcaption>\n\t\t\t\t\t\t\t\t\t\t<\/figure>\n\t\t\t\t\t\t\t\t\t<\/div>\n\t\t\t\t<\/div>\n\t\t\t\t\t<\/div>\n\t\t<\/div>\n\t\t\t\t\t<\/div>\n\t\t<\/section>\n\t\t\t\t<section data-particle_enable=\"false\" data-particle-mobile-disabled=\"false\" class=\"elementor-section elementor-top-section elementor-element elementor-element-ac35a98 elementor-section-boxed elementor-section-height-default elementor-section-height-default\" data-id=\"ac35a98\" data-element_type=\"section\" data-e-type=\"section\">\n\t\t\t\t\t\t<div class=\"elementor-container elementor-column-gap-default\">\n\t\t\t\t\t<div class=\"elementor-column elementor-col-100 elementor-top-column elementor-element elementor-element-2c9669f\" data-id=\"2c9669f\" data-element_type=\"column\" data-e-type=\"column\">\n\t\t\t<div class=\"elementor-widget-wrap elementor-element-populated\">\n\t\t\t\t\t\t<section data-particle_enable=\"false\" data-particle-mobile-disabled=\"false\" class=\"elementor-section elementor-inner-section elementor-element elementor-element-c98c3de elementor-section-boxed elementor-section-height-default elementor-section-height-default\" data-id=\"c98c3de\" data-element_type=\"section\" data-e-type=\"section\">\n\t\t\t\t\t\t<div class=\"elementor-container elementor-column-gap-default\">\n\t\t\t\t\t<div class=\"elementor-column elementor-col-50 elementor-inner-column elementor-element elementor-element-530c22c\" data-id=\"530c22c\" data-element_type=\"column\" data-e-type=\"column\">\n\t\t\t<div class=\"elementor-widget-wrap elementor-element-populated\">\n\t\t\t\t\t\t<div class=\"elementor-element elementor-element-ed1966f elementor-widget elementor-widget-image\" data-id=\"ed1966f\" data-element_type=\"widget\" data-e-type=\"widget\" data-widget_type=\"image.default\">\n\t\t\t\t<div class=\"elementor-widget-container\">\n\t\t\t\t\t\t\t\t\t\t\t\t<figure class=\"wp-caption\">\n\t\t\t\t\t\t\t\t\t\t<img decoding=\"async\" width=\"1369\" height=\"1027\" src=\"https:\/\/ihedn.fr\/wp-content\/uploads\/2021\/06\/IHEDN-6e-Session-nationale-Enjeux-et-strategies-maritimes-_Colonel_de_Division_Xavier_Ducept.jpg\" class=\"attachment-full size-full wp-image-12850\" alt=\"\u00a9 IHEDN \u00a9 6e Session nationale \u00ab Enjeux et strat\u00e9gies maritimes \u00bb\" \/>\t\t\t\t\t\t\t\t\t\t\t<figcaption class=\"widget-image-caption wp-caption-text\">IHEDN \u00a9 6th SN ESM: Speech by General Xavier Ducept, Chief of Staff to Annick Girardin, Minister for the Sea<\/figcaption>\n\t\t\t\t\t\t\t\t\t\t<\/figure>\n\t\t\t\t\t\t\t\t\t<\/div>\n\t\t\t\t<\/div>\n\t\t\t\t\t<\/div>\n\t\t<\/div>\n\t\t\t\t<div class=\"elementor-column elementor-col-50 elementor-inner-column elementor-element elementor-element-c0a1f1a\" data-id=\"c0a1f1a\" data-element_type=\"column\" data-e-type=\"column\">\n\t\t\t<div class=\"elementor-widget-wrap elementor-element-populated\">\n\t\t\t\t\t\t<div class=\"elementor-element elementor-element-02373a0 elementor-widget elementor-widget-image\" data-id=\"02373a0\" data-element_type=\"widget\" data-e-type=\"widget\" data-widget_type=\"image.default\">\n\t\t\t\t<div class=\"elementor-widget-container\">\n\t\t\t\t\t\t\t\t\t\t\t\t<figure class=\"wp-caption\">\n\t\t\t\t\t\t\t\t\t\t<img loading=\"lazy\" decoding=\"async\" width=\"1369\" height=\"849\" src=\"https:\/\/ihedn.fr\/wp-content\/uploads\/2021\/06\/IHEDN-6e-Session-nationale-Enjeux-et-strategies-maritimes-_JZHK2855.jpg\" class=\"attachment-full size-full wp-image-12852\" alt=\"\u00a9 IHEDN \u00a9 6e Session nationale \u00ab Enjeux et strat\u00e9gies maritimes \u00bb\" \/>\t\t\t\t\t\t\t\t\t\t\t<figcaption class=\"widget-image-caption wp-caption-text\">IHEDN \u00a9 6e SN ESM : Speech by Mr Philippe Louis-Dreyfus, tutor of one of the committees<\/figcaption>\n\t\t\t\t\t\t\t\t\t\t<\/figure>\n\t\t\t\t\t\t\t\t\t<\/div>\n\t\t\t\t<\/div>\n\t\t\t\t\t<\/div>\n\t\t<\/div>\n\t\t\t\t\t<\/div>\n\t\t<\/section>\n\t\t\t\t\t<\/div>\n\t\t<\/div>\n\t\t\t\t\t<\/div>\n\t\t<\/section>\n\t\t\t\t<section data-particle_enable=\"false\" data-particle-mobile-disabled=\"false\" class=\"elementor-section elementor-top-section elementor-element elementor-element-31d5c76 elementor-section-boxed elementor-section-height-default elementor-section-height-default\" data-id=\"31d5c76\" data-element_type=\"section\" data-e-type=\"section\">\n\t\t\t\t\t\t<div class=\"elementor-container elementor-column-gap-default\">\n\t\t\t\t\t<div class=\"elementor-column elementor-col-100 elementor-top-column elementor-element elementor-element-b9c8b4a\" data-id=\"b9c8b4a\" data-element_type=\"column\" data-e-type=\"column\">\n\t\t\t<div class=\"elementor-widget-wrap elementor-element-populated\">\n\t\t\t\t\t\t<div class=\"elementor-element elementor-element-c6ae731 elementor-widget elementor-widget-image\" data-id=\"c6ae731\" data-element_type=\"widget\" data-e-type=\"widget\" data-widget_type=\"image.default\">\n\t\t\t\t<div class=\"elementor-widget-container\">\n\t\t\t\t\t\t\t\t\t\t\t\t<figure class=\"wp-caption\">\n\t\t\t\t\t\t\t\t\t\t<img loading=\"lazy\" decoding=\"async\" width=\"1369\" height=\"728\" src=\"https:\/\/ihedn.fr\/wp-content\/uploads\/2021\/06\/IHEDN-6e-Session-nationale-Enjeux-et-strategies-maritimes-_VYFV9440.jpg\" class=\"attachment-full size-full wp-image-12858\" alt=\"\u00a9 IHEDN \u00a9 6e Session nationale \u00ab Enjeux et strat\u00e9gies maritimes \u00bb\" \/>\t\t\t\t\t\t\t\t\t\t\t<figcaption class=\"widget-image-caption wp-caption-text\">IHEDN \u00a9 6th SN ESM: Speech by Lieutenant General Patrick Destremau, Director of the IHEDN<\/figcaption>\n\t\t\t\t\t\t\t\t\t\t<\/figure>\n\t\t\t\t\t\t\t\t\t<\/div>\n\t\t\t\t<\/div>\n\t\t\t\t\t<\/div>\n\t\t<\/div>\n\t\t\t\t\t<\/div>\n\t\t<\/section>\n\t\t\t\t<section data-particle_enable=\"false\" data-particle-mobile-disabled=\"false\" class=\"elementor-section elementor-top-section elementor-element elementor-element-2014b67 elementor-section-boxed elementor-section-height-default elementor-section-height-default\" data-id=\"2014b67\" data-element_type=\"section\" data-e-type=\"section\">\n\t\t\t\t\t\t<div class=\"elementor-container elementor-column-gap-default\">\n\t\t\t\t\t<div class=\"elementor-column elementor-col-100 elementor-top-column elementor-element elementor-element-30e9af5\" data-id=\"30e9af5\" data-element_type=\"column\" data-e-type=\"column\">\n\t\t\t<div class=\"elementor-widget-wrap elementor-element-populated\">\n\t\t\t\t\t\t<div class=\"elementor-element elementor-element-1a7c219 elementor-widget elementor-widget-text-editor\" data-id=\"1a7c219\" data-element_type=\"widget\" data-e-type=\"widget\" data-widget_type=\"text-editor.default\">\n\t\t\t\t<div class=\"elementor-widget-container\">\n\t\t\t\t\t\t\t\t\t<p><img loading=\"lazy\" decoding=\"async\" class=\"alignleft wp-image-12849\" src=\"https:\/\/ihedn.fr\/wp-content\/uploads\/2021\/06\/IHEDN-6e-Session-nationale-Enjeux-et-strategies-maritimes-_CA_Marc-Antoine_de_Germain_3-300x300.jpg\" alt=\"\u00a9 IHEDN \u00a9 6e Session nationale \u00ab Enjeux et strat\u00e9gies maritimes \u00bb\" width=\"250\" height=\"250\" srcset=\"https:\/\/ihedn.fr\/wp-content\/uploads\/2021\/06\/IHEDN-6e-Session-nationale-Enjeux-et-strategies-maritimes-_CA_Marc-Antoine_de_Germain_3-300x300.jpg 300w, https:\/\/ihedn.fr\/wp-content\/uploads\/2021\/06\/IHEDN-6e-Session-nationale-Enjeux-et-strategies-maritimes-_CA_Marc-Antoine_de_Germain_3-150x150.jpg 150w, https:\/\/ihedn.fr\/wp-content\/uploads\/2021\/06\/IHEDN-6e-Session-nationale-Enjeux-et-strategies-maritimes-_CA_Marc-Antoine_de_Germain_3-768x768.jpg 768w, https:\/\/ihedn.fr\/wp-content\/uploads\/2021\/06\/IHEDN-6e-Session-nationale-Enjeux-et-strategies-maritimes-_CA_Marc-Antoine_de_Germain_3.jpg 800w\" sizes=\"(max-width: 250px) 100vw, 250px\" \/><\/p><p>The IHEDN auditor's diploma is much more than an achievement, it is a real mission statement for the future. This is why Rear-Admiral Marc-Antoine de Saint-Germain, Commander of the Navy in Paris and Director of the Navy's Centre for Strategic Studies, came to present the Navy's reserves. J\u00e9r\u00f4me de Labriffe, President of the auditors' association, and H\u00e9l\u00e8ne Mazeran described the many opportunities for action within the association. These are just some of the ways in which students can make the most of the training they have received at IHEDN.<\/p>\t\t\t\t\t\t\t\t<\/div>\n\t\t\t\t<\/div>\n\t\t\t\t\t<\/div>\n\t\t<\/div>\n\t\t\t\t\t<\/div>\n\t\t<\/section>\n\t\t\t\t<section data-particle_enable=\"false\" data-particle-mobile-disabled=\"false\" class=\"elementor-section elementor-top-section elementor-element elementor-element-a927afe elementor-section-boxed elementor-section-height-default elementor-section-height-default\" data-id=\"a927afe\" data-element_type=\"section\" data-e-type=\"section\">\n\t\t\t\t\t\t<div class=\"elementor-container elementor-column-gap-default\">\n\t\t\t\t\t<div class=\"elementor-column elementor-col-100 elementor-top-column elementor-element elementor-element-8bd0bc8\" data-id=\"8bd0bc8\" data-element_type=\"column\" data-e-type=\"column\">\n\t\t\t<div class=\"elementor-widget-wrap elementor-element-populated\">\n\t\t\t\t\t\t<div class=\"elementor-element elementor-element-68d44fa elementor-widget elementor-widget-text-editor\" data-id=\"68d44fa\" data-element_type=\"widget\" data-e-type=\"widget\" data-widget_type=\"text-editor.default\">\n\t\t\t\t<div class=\"elementor-widget-container\">\n\t\t\t\t\t\t\t\t\t<p>\u00a0<\/p><p>The following day, the Institute's strategic forum was an opportunity for listeners to meet some very senior government officials: Jean Castex, Prime Minister bearing the prestigious name of Admiral Raoul Castex, founder of the Institute in 1936, Florence Parly, Minister for the Armed Forces, Fran\u00e7oise Dumas and Christian Chambon, the two chairmen of the Defence and Armed Forces Committees of the National Assembly and the Senate, Sandrine Gaudin, Secretary General for European Affairs, and Lieutenant General Luc de Rancourt, Deputy Director General for International Relations and Strategy at the Ministry of the Armed Forces.<\/p>\t\t\t\t\t\t\t\t<\/div>\n\t\t\t\t<\/div>\n\t\t\t\t\t<\/div>\n\t\t<\/div>\n\t\t\t\t\t<\/div>\n\t\t<\/section>\n\t\t\t\t<section data-particle_enable=\"false\" data-particle-mobile-disabled=\"false\" class=\"elementor-section elementor-top-section elementor-element elementor-element-7598072 elementor-section-boxed elementor-section-height-default elementor-section-height-default\" data-id=\"7598072\" data-element_type=\"section\" data-e-type=\"section\">\n\t\t\t\t\t\t<div class=\"elementor-container elementor-column-gap-default\">\n\t\t\t\t\t<div class=\"elementor-column elementor-col-50 elementor-top-column elementor-element elementor-element-45086fa\" data-id=\"45086fa\" data-element_type=\"column\" data-e-type=\"column\">\n\t\t\t<div class=\"elementor-widget-wrap elementor-element-populated\">\n\t\t\t\t\t\t<div class=\"elementor-element elementor-element-f0489c2 elementor-widget elementor-widget-image\" data-id=\"f0489c2\" data-element_type=\"widget\" data-e-type=\"widget\" data-widget_type=\"image.default\">\n\t\t\t\t<div class=\"elementor-widget-container\">\n\t\t\t\t\t\t\t\t\t\t\t\t<figure class=\"wp-caption\">\n\t\t\t\t\t\t\t\t\t\t<img loading=\"lazy\" decoding=\"async\" width=\"1369\" height=\"961\" src=\"https:\/\/ihedn.fr\/wp-content\/uploads\/2021\/06\/IHEDN-6e-Session-nationale-Enjeux-et-strategies-maritimes-_SELECTION_IHEDN-FORUM-STRATEGIQUE-2021_0224-w.jpg\" class=\"attachment-full size-full wp-image-12855\" alt=\"\u00a9 IHEDN \u00a9 6e Session nationale \u00ab Enjeux et strat\u00e9gies maritimes \u00bb\" \/>\t\t\t\t\t\t\t\t\t\t\t<figcaption class=\"widget-image-caption wp-caption-text\">IHEDN \u00a9 6e N ESM : The Prime Minister, Mr Jean Castex, addresses the audience<\/figcaption>\n\t\t\t\t\t\t\t\t\t\t<\/figure>\n\t\t\t\t\t\t\t\t\t<\/div>\n\t\t\t\t<\/div>\n\t\t\t\t\t<\/div>\n\t\t<\/div>\n\t\t\t\t<div class=\"elementor-column elementor-col-50 elementor-top-column elementor-element elementor-element-7dbd96e\" data-id=\"7dbd96e\" data-element_type=\"column\" data-e-type=\"column\">\n\t\t\t<div class=\"elementor-widget-wrap elementor-element-populated\">\n\t\t\t\t\t\t<div class=\"elementor-element elementor-element-a604152 elementor-widget elementor-widget-image\" data-id=\"a604152\" data-element_type=\"widget\" data-e-type=\"widget\" data-widget_type=\"image.default\">\n\t\t\t\t<div class=\"elementor-widget-container\">\n\t\t\t\t\t\t\t\t\t\t\t\t<figure class=\"wp-caption\">\n\t\t\t\t\t\t\t\t\t\t<img loading=\"lazy\" decoding=\"async\" width=\"1369\" height=\"912\" src=\"https:\/\/ihedn.fr\/wp-content\/uploads\/2021\/06\/IHEDN-6e-Session-nationale-Enjeux-et-strategies-maritimes-_IHEDN-FORUM-STRATEGIQUE-2021_0740-w.jpg\" class=\"attachment-full size-full wp-image-12851\" alt=\"\u00a9 IHEDN \u00a9 6e Session nationale \u00ab Enjeux et strat\u00e9gies maritimes \u00bb\" \/>\t\t\t\t\t\t\t\t\t\t\t<figcaption class=\"widget-image-caption wp-caption-text\">IHEDN \u00a9 6th SN ESM: Florence Parly, Minister for the Armed Forces, answers questions from auditors<\/figcaption>\n\t\t\t\t\t\t\t\t\t\t<\/figure>\n\t\t\t\t\t\t\t\t\t<\/div>\n\t\t\t\t<\/div>\n\t\t\t\t\t<\/div>\n\t\t<\/div>\n\t\t\t\t\t<\/div>\n\t\t<\/section>\n\t\t\t\t<section data-particle_enable=\"false\" data-particle-mobile-disabled=\"false\" class=\"elementor-section elementor-top-section elementor-element elementor-element-47a684b elementor-section-boxed elementor-section-height-default elementor-section-height-default\" data-id=\"47a684b\" data-element_type=\"section\" data-e-type=\"section\">\n\t\t\t\t\t\t<div class=\"elementor-container elementor-column-gap-default\">\n\t\t\t\t\t<div class=\"elementor-column elementor-col-100 elementor-top-column elementor-element elementor-element-640e81e\" data-id=\"640e81e\" data-element_type=\"column\" data-e-type=\"column\">\n\t\t\t<div class=\"elementor-widget-wrap elementor-element-populated\">\n\t\t\t\t\t\t<div class=\"elementor-element elementor-element-00cc06d elementor-widget elementor-widget-text-editor\" data-id=\"00cc06d\" data-element_type=\"widget\" data-e-type=\"widget\" data-widget_type=\"text-editor.default\">\n\t\t\t\t<div class=\"elementor-widget-container\">\n\t\t\t\t\t\t\t\t\t<p>Listeners were also able to debate with eminent specialists in strategic thinking on defence and security: Pierre Vimont, Ambassador of France, Thomas Gomart, Director of IFRI, Alexandra de Hoop Scheffer, Director of the Paris Office of the German Marshall Fund of the United States, Florence Gaub, Deputy Director of the European Union Institute for Security Studies, Sylvie Bermann, Ambassador of France and Chair of the Board of Directors of IHEDN, and Nathalie Delapalme, Executive Director of the MO Ibrahim Foundation.<\/p>\t\t\t\t\t\t\t\t<\/div>\n\t\t\t\t<\/div>\n\t\t\t\t\t<\/div>\n\t\t<\/div>\n\t\t\t\t\t<\/div>\n\t\t<\/section>\n\t\t\t\t<section data-particle_enable=\"false\" data-particle-mobile-disabled=\"false\" class=\"elementor-section elementor-top-section elementor-element elementor-element-8b663af elementor-section-boxed elementor-section-height-default elementor-section-height-default\" data-id=\"8b663af\" data-element_type=\"section\" data-e-type=\"section\">\n\t\t\t\t\t\t<div class=\"elementor-container elementor-column-gap-default\">\n\t\t\t\t\t<div class=\"elementor-column elementor-col-100 elementor-top-column elementor-element elementor-element-391e83e\" data-id=\"391e83e\" data-element_type=\"column\" data-e-type=\"column\">\n\t\t\t<div class=\"elementor-widget-wrap elementor-element-populated\">\n\t\t\t\t\t\t<section data-particle_enable=\"false\" data-particle-mobile-disabled=\"false\" class=\"elementor-section elementor-inner-section elementor-element elementor-element-b371ea6 elementor-section-boxed elementor-section-height-default elementor-section-height-default\" data-id=\"b371ea6\" data-element_type=\"section\" data-e-type=\"section\">\n\t\t\t\t\t\t<div class=\"elementor-container elementor-column-gap-default\">\n\t\t\t\t\t<div class=\"elementor-column elementor-col-50 elementor-inner-column elementor-element elementor-element-b63244f\" data-id=\"b63244f\" data-element_type=\"column\" data-e-type=\"column\">\n\t\t\t<div class=\"elementor-widget-wrap elementor-element-populated\">\n\t\t\t\t\t\t<div class=\"elementor-element elementor-element-6835b74 elementor-widget elementor-widget-image\" data-id=\"6835b74\" data-element_type=\"widget\" data-e-type=\"widget\" data-widget_type=\"image.default\">\n\t\t\t\t<div class=\"elementor-widget-container\">\n\t\t\t\t\t\t\t\t\t\t\t\t<figure class=\"wp-caption\">\n\t\t\t\t\t\t\t\t\t\t<img loading=\"lazy\" decoding=\"async\" width=\"1369\" height=\"981\" src=\"https:\/\/ihedn.fr\/wp-content\/uploads\/2021\/06\/IHEDN-6e-Session-nationale-Enjeux-et-strategies-maritimes-_SELECTION_IHEDN-FORUM-STRATEGIQUE-2021_0605-w.jpg\" class=\"attachment-full size-full wp-image-12857\" alt=\"\u00a9 IHEDN \u00a9 6e Session nationale \u00ab Enjeux et strat\u00e9gies maritimes \u00bb\" \/>\t\t\t\t\t\t\t\t\t\t\t<figcaption class=\"widget-image-caption wp-caption-text\">IHEDN \u00a9 6e SN ESM : Round-table discussion on sovereignty issues moderated by Patrick Destremau with Fran\u00e7oise Dumas and Christian Chambon<\/figcaption>\n\t\t\t\t\t\t\t\t\t\t<\/figure>\n\t\t\t\t\t\t\t\t\t<\/div>\n\t\t\t\t<\/div>\n\t\t\t\t\t<\/div>\n\t\t<\/div>\n\t\t\t\t<div class=\"elementor-column elementor-col-50 elementor-inner-column elementor-element elementor-element-e0d947a\" data-id=\"e0d947a\" data-element_type=\"column\" data-e-type=\"column\">\n\t\t\t<div class=\"elementor-widget-wrap elementor-element-populated\">\n\t\t\t\t\t\t<div class=\"elementor-element elementor-element-39b758f elementor-widget elementor-widget-image\" data-id=\"39b758f\" data-element_type=\"widget\" data-e-type=\"widget\" data-widget_type=\"image.default\">\n\t\t\t\t<div class=\"elementor-widget-container\">\n\t\t\t\t\t\t\t\t\t\t\t\t<figure class=\"wp-caption\">\n\t\t\t\t\t\t\t\t\t\t<img loading=\"lazy\" decoding=\"async\" width=\"1369\" height=\"830\" src=\"https:\/\/ihedn.fr\/wp-content\/uploads\/2021\/06\/IHEDN-6e-Session-nationale-Enjeux-et-strategies-maritimes-_SELECTION_IHEDN-FORUM-STRATEGIQUE-2021_0577-w.jpg\" class=\"attachment-full size-full wp-image-12856\" alt=\"\u00a9 IHEDN \u00a9 6e Session nationale \u00ab Enjeux et strat\u00e9gies maritimes \u00bb\" \/>\t\t\t\t\t\t\t\t\t\t\t<figcaption class=\"widget-image-caption wp-caption-text\">IHEDN \u00a9 6e SN ESM : Round-table on European sovereignty with H.E. Pierre Vimont, Thomas Gomart, Alexandra Hoop Scheffer - Moderated by two auditors: Captain St\u00e9phanie Guenot - Bresson (AED) and C\u00e9dric Baecher (ESM)<\/figcaption>\n\t\t\t\t\t\t\t\t\t\t<\/figure>\n\t\t\t\t\t\t\t\t\t<\/div>\n\t\t\t\t<\/div>\n\t\t\t\t\t<\/div>\n\t\t<\/div>\n\t\t\t\t\t<\/div>\n\t\t<\/section>\n\t\t\t\t\t<\/div>\n\t\t<\/div>\n\t\t\t\t\t<\/div>\n\t\t<\/section>\n\t\t\t\t<section data-particle_enable=\"false\" data-particle-mobile-disabled=\"false\" class=\"elementor-section elementor-top-section elementor-element elementor-element-766ee09 elementor-section-boxed elementor-section-height-default elementor-section-height-default\" data-id=\"766ee09\" data-element_type=\"section\" data-e-type=\"section\">\n\t\t\t\t\t\t<div class=\"elementor-container elementor-column-gap-default\">\n\t\t\t\t\t<div class=\"elementor-column elementor-col-100 elementor-top-column elementor-element elementor-element-f85bac4\" data-id=\"f85bac4\" data-element_type=\"column\" data-e-type=\"column\">\n\t\t\t<div class=\"elementor-widget-wrap elementor-element-populated\">\n\t\t\t\t\t\t<section data-particle_enable=\"false\" data-particle-mobile-disabled=\"false\" class=\"elementor-section elementor-inner-section elementor-element elementor-element-2ae221b elementor-section-boxed elementor-section-height-default elementor-section-height-default\" data-id=\"2ae221b\" data-element_type=\"section\" data-e-type=\"section\">\n\t\t\t\t\t\t<div class=\"elementor-container elementor-column-gap-default\">\n\t\t\t\t\t<div class=\"elementor-column elementor-col-50 elementor-inner-column elementor-element elementor-element-dd8de07\" data-id=\"dd8de07\" data-element_type=\"column\" data-e-type=\"column\">\n\t\t\t<div class=\"elementor-widget-wrap elementor-element-populated\">\n\t\t\t\t\t\t<div class=\"elementor-element elementor-element-8f2cf1f elementor-widget elementor-widget-image\" data-id=\"8f2cf1f\" data-element_type=\"widget\" data-e-type=\"widget\" data-widget_type=\"image.default\">\n\t\t\t\t<div class=\"elementor-widget-container\">\n\t\t\t\t\t\t\t\t\t\t\t\t<figure class=\"wp-caption\">\n\t\t\t\t\t\t\t\t\t\t<img loading=\"lazy\" decoding=\"async\" width=\"1369\" height=\"747\" src=\"https:\/\/ihedn.fr\/wp-content\/uploads\/2021\/06\/IHEDN-FORUM-STRATEGIQUE-2021_0655-w.jpg\" class=\"attachment-full size-full wp-image-12862\" alt=\"\u00a9 IHEDN \u00a9 6e SN ESM : Comment concilier multilat\u00e9ralisme et souverainet\u00e9 ? Table-ronde avec le g\u00e9n\u00e9ral Luc de Rancourt et Mesdames Florence Gaub et Sandrine Gaudin\" \/>\t\t\t\t\t\t\t\t\t\t\t<figcaption class=\"widget-image-caption wp-caption-text\">IHEDN \u00a9 6e SN ESM : How to reconcile multilateralism and sovereignty? Round-table with General Luc de Rancourt and Florence Gaub and Sandrine Gaudin<\/figcaption>\n\t\t\t\t\t\t\t\t\t\t<\/figure>\n\t\t\t\t\t\t\t\t\t<\/div>\n\t\t\t\t<\/div>\n\t\t\t\t\t<\/div>\n\t\t<\/div>\n\t\t\t\t<div class=\"elementor-column elementor-col-50 elementor-inner-column elementor-element elementor-element-780c249\" data-id=\"780c249\" data-element_type=\"column\" data-e-type=\"column\">\n\t\t\t<div class=\"elementor-widget-wrap elementor-element-populated\">\n\t\t\t\t\t\t<div class=\"elementor-element elementor-element-edaf17c elementor-widget elementor-widget-image\" data-id=\"edaf17c\" data-element_type=\"widget\" data-e-type=\"widget\" data-widget_type=\"image.default\">\n\t\t\t\t<div class=\"elementor-widget-container\">\n\t\t\t\t\t\t\t\t\t\t\t\t<figure class=\"wp-caption\">\n\t\t\t\t\t\t\t\t\t\t<img loading=\"lazy\" decoding=\"async\" width=\"1369\" height=\"560\" src=\"https:\/\/ihedn.fr\/wp-content\/uploads\/2021\/06\/IHEDN-FORUM-STRATEGIQUE-2021_0697w.jpg\" class=\"attachment-full size-full wp-image-12863\" alt=\"\u00a9 IHEDN \u00a9 6e SN ESM : Mise en perspective du th\u00e8me de la \u00ab Souverainet\u00e9 \u00bb par S.E.M. Sylvie Bermann et Madame Nathalie Delapalme\" \/>\t\t\t\t\t\t\t\t\t\t\t<figcaption class=\"widget-image-caption wp-caption-text\">IHEDN \u00a9 6th SN ESM: Putting the theme of \"Sovereignty\" into perspective by H.E. Sylvie Bermann and Ms Nathalie Delapalme<\/figcaption>\n\t\t\t\t\t\t\t\t\t\t<\/figure>\n\t\t\t\t\t\t\t\t\t<\/div>\n\t\t\t\t<\/div>\n\t\t\t\t\t<\/div>\n\t\t<\/div>\n\t\t\t\t\t<\/div>\n\t\t<\/section>\n\t\t\t\t\t<\/div>\n\t\t<\/div>\n\t\t\t\t\t<\/div>\n\t\t<\/section>\n\t\t\t\t<section data-particle_enable=\"false\" data-particle-mobile-disabled=\"false\" class=\"elementor-section elementor-top-section elementor-element elementor-element-7e26c92 elementor-section-boxed elementor-section-height-default elementor-section-height-default\" data-id=\"7e26c92\" data-element_type=\"section\" data-e-type=\"section\">\n\t\t\t\t\t\t<div class=\"elementor-container elementor-column-gap-default\">\n\t\t\t\t\t<div class=\"elementor-column elementor-col-100 elementor-top-column elementor-element elementor-element-7558fb3\" data-id=\"7558fb3\" data-element_type=\"column\" data-e-type=\"column\">\n\t\t\t<div class=\"elementor-widget-wrap elementor-element-populated\">\n\t\t\t\t\t\t<div class=\"elementor-element elementor-element-a1ac048 elementor-widget elementor-widget-text-editor\" data-id=\"a1ac048\" data-element_type=\"widget\" data-e-type=\"widget\" data-widget_type=\"text-editor.default\">\n\t\t\t\t<div class=\"elementor-widget-container\">\n\t\t\t\t\t\t\t\t\t<p>So it was with the satisfaction of a job well done, an even stronger sense of cohesion and a great deal of nostalgia that the auditors said their goodbyes late into the night after the traditional Gallic buffet. But this was only a farewell, because the indestructible links created during the session will generate regular meetings for many years to come, for the benefit of their country, of course, as part of their 'mission statement', but also for the simple pleasure of meeting up again and reminiscing about the special moments they spent at IHEDN.<\/p>\t\t\t\t\t\t\t\t<\/div>\n\t\t\t\t<\/div>\n\t\t\t\t\t<\/div>\n\t\t<\/div>\n\t\t\t\t\t<\/div>\n\t\t<\/section>\n\t\t\t\t<\/div>","protected":false},"excerpt":{"rendered":"<p>Quelle ann\u00e9e pour les 34 auditeurs de la 6e Session nationale \u00ab Enjeux et strat\u00e9gies maritimes \u00bb depuis leur premi\u00e8re escale parisienne en septembre 2020. La temp\u00eate COVID les aura oblig\u00e9s \u00e0 louvoyer, parfois mettre \u00e0 la cape, et reborder ensuite imm\u00e9diatement les voiles pour repartir de plus belle et arriver finalement \u00e0 bon port. [&hellip;]<\/p>\n","protected":false},"author":1,"featured_media":12881,"comment_status":"closed","ping_status":"closed","sticky":false,"template":"","format":"standard","meta":{"footnotes":""},"categories":[172],"tags":[],"class_list":["post-12845","post","type-post","status-publish","format-standard","has-post-thumbnail","hentry","category-notre-actualite"],"yoast_head":"<!-- This site is optimized with the Yoast SEO plugin v27.5 - https:\/\/yoast.com\/product\/yoast-seo-wordpress\/ -->\n<title>&quot;Termin\u00e9 barre et machines&quot; pour la 6e Session nationale \u00ab Enjeux et strat\u00e9gies maritimes - L&#039;IHEDN : Institut des hautes \u00e9tudes de d\u00e9fense nationale<\/title>\n<meta name=\"robots\" content=\"index, follow, max-snippet:-1, max-image-preview:large, max-video-preview:-1\" \/>\n<link rel=\"canonical\" href=\"https:\/\/ihedn.fr\/en\/actualites-des-sessions\/termine-barre-et-machines-pour-la-6e-session-nationale-enjeux-et-strategies-maritimes\/\" \/>\n<meta property=\"og:locale\" content=\"en_GB\" \/>\n<meta property=\"og:type\" content=\"article\" \/>\n<meta property=\"og:title\" content=\"&quot;Termin\u00e9 barre et machines&quot; pour la 6e Session nationale \u00ab Enjeux et strat\u00e9gies maritimes - L&#039;IHEDN : Institut des hautes \u00e9tudes de d\u00e9fense nationale\" \/>\n<meta property=\"og:description\" content=\"Quelle ann\u00e9e pour les 34 auditeurs de la 6e Session nationale \u00ab Enjeux et strat\u00e9gies maritimes \u00bb depuis leur premi\u00e8re escale parisienne en septembre 2020. La temp\u00eate COVID les aura oblig\u00e9s \u00e0 louvoyer, parfois mettre \u00e0 la cape, et reborder ensuite imm\u00e9diatement les voiles pour repartir de plus belle et arriver finalement \u00e0 bon port. [&hellip;]\" \/>\n<meta property=\"og:url\" content=\"https:\/\/ihedn.fr\/en\/actualites-des-sessions\/termine-barre-et-machines-pour-la-6e-session-nationale-enjeux-et-strategies-maritimes\/\" \/>\n<meta property=\"og:site_name\" content=\"L&#039;IHEDN : Institut des hautes \u00e9tudes de d\u00e9fense nationale\" \/>\n<meta property=\"article:publisher\" content=\"https:\/\/www.facebook.com\/ihedn\/\" \/>\n<meta property=\"article:published_time\" content=\"2021-06-18T14:00:59+00:00\" \/>\n<meta property=\"article:modified_time\" content=\"2022-11-25T14:22:56+00:00\" \/>\n<meta property=\"og:image\" content=\"https:\/\/ihedn.fr\/wp-content\/uploads\/2021\/06\/IHEDN-3e-ESM-officielle-sans-masque.jpg\" \/>\n\t<meta property=\"og:image:width\" content=\"1369\" \/>\n\t<meta property=\"og:image:height\" content=\"409\" \/>\n\t<meta property=\"og:image:type\" content=\"image\/jpeg\" \/>\n<meta name=\"author\" content=\"dev\" \/>\n<meta name=\"twitter:card\" content=\"summary_large_image\" \/>\n<meta name=\"twitter:creator\" content=\"@IHEDN\" \/>\n<meta name=\"twitter:site\" content=\"@IHEDN\" \/>\n<meta name=\"twitter:label1\" content=\"Written by\" \/>\n\t<meta name=\"twitter:data1\" content=\"dev\" \/>\n\t<meta name=\"twitter:label2\" content=\"Estimated reading time\" \/>\n\t<meta name=\"twitter:data2\" content=\"7 minutes\" \/>\n<script type=\"application\/ld+json\" class=\"yoast-schema-graph\">{\"@context\":\"https:\\\/\\\/schema.org\",\"@graph\":[{\"@type\":\"Article\",\"@id\":\"https:\\\/\\\/ihedn.fr\\\/actualites-des-sessions\\\/termine-barre-et-machines-pour-la-6e-session-nationale-enjeux-et-strategies-maritimes\\\/#article\",\"isPartOf\":{\"@id\":\"https:\\\/\\\/ihedn.fr\\\/actualites-des-sessions\\\/termine-barre-et-machines-pour-la-6e-session-nationale-enjeux-et-strategies-maritimes\\\/\"},\"author\":{\"name\":\"dev\",\"@id\":\"https:\\\/\\\/ihedn.fr\\\/#\\\/schema\\\/person\\\/7a40155595e4efb35323447cb8c8c5a4\"},\"headline\":\"\u00ab\u00a0Termin\u00e9 barre et machines\u00a0\u00bb pour la 6e Session nationale \u00ab Enjeux et strat\u00e9gies maritimes\",\"datePublished\":\"2021-06-18T14:00:59+00:00\",\"dateModified\":\"2022-11-25T14:22:56+00:00\",\"mainEntityOfPage\":{\"@id\":\"https:\\\/\\\/ihedn.fr\\\/actualites-des-sessions\\\/termine-barre-et-machines-pour-la-6e-session-nationale-enjeux-et-strategies-maritimes\\\/\"},\"wordCount\":1202,\"publisher\":{\"@id\":\"https:\\\/\\\/ihedn.fr\\\/#organization\"},\"image\":{\"@id\":\"https:\\\/\\\/ihedn.fr\\\/actualites-des-sessions\\\/termine-barre-et-machines-pour-la-6e-session-nationale-enjeux-et-strategies-maritimes\\\/#primaryimage\"},\"thumbnailUrl\":\"https:\\\/\\\/ihedn.fr\\\/wp-content\\\/uploads\\\/2021\\\/06\\\/IHEDN-3e-ESM-officielle-sans-masque.jpg\",\"articleSection\":[\"Notre actualit\u00e9\"],\"inLanguage\":\"en-GB\"},{\"@type\":\"WebPage\",\"@id\":\"https:\\\/\\\/ihedn.fr\\\/actualites-des-sessions\\\/termine-barre-et-machines-pour-la-6e-session-nationale-enjeux-et-strategies-maritimes\\\/\",\"url\":\"https:\\\/\\\/ihedn.fr\\\/actualites-des-sessions\\\/termine-barre-et-machines-pour-la-6e-session-nationale-enjeux-et-strategies-maritimes\\\/\",\"name\":\"\\\"Termin\u00e9 barre et machines\\\" pour la 6e Session nationale \u00ab Enjeux et strat\u00e9gies maritimes - L&#039;IHEDN : Institut des hautes \u00e9tudes de d\u00e9fense nationale\",\"isPartOf\":{\"@id\":\"https:\\\/\\\/ihedn.fr\\\/#website\"},\"primaryImageOfPage\":{\"@id\":\"https:\\\/\\\/ihedn.fr\\\/actualites-des-sessions\\\/termine-barre-et-machines-pour-la-6e-session-nationale-enjeux-et-strategies-maritimes\\\/#primaryimage\"},\"image\":{\"@id\":\"https:\\\/\\\/ihedn.fr\\\/actualites-des-sessions\\\/termine-barre-et-machines-pour-la-6e-session-nationale-enjeux-et-strategies-maritimes\\\/#primaryimage\"},\"thumbnailUrl\":\"https:\\\/\\\/ihedn.fr\\\/wp-content\\\/uploads\\\/2021\\\/06\\\/IHEDN-3e-ESM-officielle-sans-masque.jpg\",\"datePublished\":\"2021-06-18T14:00:59+00:00\",\"dateModified\":\"2022-11-25T14:22:56+00:00\",\"breadcrumb\":{\"@id\":\"https:\\\/\\\/ihedn.fr\\\/actualites-des-sessions\\\/termine-barre-et-machines-pour-la-6e-session-nationale-enjeux-et-strategies-maritimes\\\/#breadcrumb\"},\"inLanguage\":\"en-GB\",\"potentialAction\":[{\"@type\":\"ReadAction\",\"target\":[\"https:\\\/\\\/ihedn.fr\\\/actualites-des-sessions\\\/termine-barre-et-machines-pour-la-6e-session-nationale-enjeux-et-strategies-maritimes\\\/\"]}]},{\"@type\":\"ImageObject\",\"inLanguage\":\"en-GB\",\"@id\":\"https:\\\/\\\/ihedn.fr\\\/actualites-des-sessions\\\/termine-barre-et-machines-pour-la-6e-session-nationale-enjeux-et-strategies-maritimes\\\/#primaryimage\",\"url\":\"https:\\\/\\\/ihedn.fr\\\/wp-content\\\/uploads\\\/2021\\\/06\\\/IHEDN-3e-ESM-officielle-sans-masque.jpg\",\"contentUrl\":\"https:\\\/\\\/ihedn.fr\\\/wp-content\\\/uploads\\\/2021\\\/06\\\/IHEDN-3e-ESM-officielle-sans-masque.jpg\",\"width\":1369,\"height\":409},{\"@type\":\"BreadcrumbList\",\"@id\":\"https:\\\/\\\/ihedn.fr\\\/actualites-des-sessions\\\/termine-barre-et-machines-pour-la-6e-session-nationale-enjeux-et-strategies-maritimes\\\/#breadcrumb\",\"itemListElement\":[{\"@type\":\"ListItem\",\"position\":1,\"name\":\"Accueil\",\"item\":\"https:\\\/\\\/ihedn.fr\\\/\"},{\"@type\":\"ListItem\",\"position\":2,\"name\":\"\u00ab\u00a0Termin\u00e9 barre et machines\u00a0\u00bb pour la 6e Session nationale \u00ab Enjeux et strat\u00e9gies maritimes\"}]},{\"@type\":\"WebSite\",\"@id\":\"https:\\\/\\\/ihedn.fr\\\/#website\",\"url\":\"https:\\\/\\\/ihedn.fr\\\/\",\"name\":\"IHEDN : Institut des hautes \u00e9tudes de d\u00e9fense nationale |\",\"description\":\"Site officiel de l&#039;IHEDN plac\u00e9 sous la tutelle du Premier ministre.\",\"publisher\":{\"@id\":\"https:\\\/\\\/ihedn.fr\\\/#organization\"},\"potentialAction\":[{\"@type\":\"SearchAction\",\"target\":{\"@type\":\"EntryPoint\",\"urlTemplate\":\"https:\\\/\\\/ihedn.fr\\\/?s={search_term_string}\"},\"query-input\":{\"@type\":\"PropertyValueSpecification\",\"valueRequired\":true,\"valueName\":\"search_term_string\"}}],\"inLanguage\":\"en-GB\"},{\"@type\":\"Organization\",\"@id\":\"https:\\\/\\\/ihedn.fr\\\/#organization\",\"name\":\"IHEDN - Institut des Hautes Etudes de D\u00e9fense Nationale\",\"url\":\"https:\\\/\\\/ihedn.fr\\\/\",\"logo\":{\"@type\":\"ImageObject\",\"inLanguage\":\"en-GB\",\"@id\":\"https:\\\/\\\/ihedn.fr\\\/#\\\/schema\\\/logo\\\/image\\\/\",\"url\":\"https:\\\/\\\/ihedn.fr\\\/wp-content\\\/uploads\\\/2020\\\/11\\\/BLOC_RF_IHEDN_WEB.png\",\"contentUrl\":\"https:\\\/\\\/ihedn.fr\\\/wp-content\\\/uploads\\\/2020\\\/11\\\/BLOC_RF_IHEDN_WEB.png\",\"width\":500,\"height\":237,\"caption\":\"IHEDN - Institut des Hautes Etudes de D\u00e9fense Nationale\"},\"image\":{\"@id\":\"https:\\\/\\\/ihedn.fr\\\/#\\\/schema\\\/logo\\\/image\\\/\"},\"sameAs\":[\"https:\\\/\\\/www.facebook.com\\\/ihedn\\\/\",\"https:\\\/\\\/x.com\\\/IHEDN\",\"https:\\\/\\\/www.instagram.com\\\/ihedn\\\/\",\"https:\\\/\\\/www.linkedin.com\\\/school\\\/ihedn\\\/\",\"https:\\\/\\\/fr.wikipedia.org\\\/wiki\\\/Institut_des_hautes_\u00e9tudes_de_D\u00e9fense_nationale\"]},{\"@type\":\"Person\",\"@id\":\"https:\\\/\\\/ihedn.fr\\\/#\\\/schema\\\/person\\\/7a40155595e4efb35323447cb8c8c5a4\",\"name\":\"dev\",\"image\":{\"@type\":\"ImageObject\",\"inLanguage\":\"en-GB\",\"@id\":\"https:\\\/\\\/secure.gravatar.com\\\/avatar\\\/f1ffcac9ca2fa95ad3ec33e9be3ade82f752acb0cabe541e56c5889225afa88a?s=96&d=mm&r=g\",\"url\":\"https:\\\/\\\/secure.gravatar.com\\\/avatar\\\/f1ffcac9ca2fa95ad3ec33e9be3ade82f752acb0cabe541e56c5889225afa88a?s=96&d=mm&r=g\",\"contentUrl\":\"https:\\\/\\\/secure.gravatar.com\\\/avatar\\\/f1ffcac9ca2fa95ad3ec33e9be3ade82f752acb0cabe541e56c5889225afa88a?s=96&d=mm&r=g\",\"caption\":\"dev\"},\"sameAs\":[\"https:\\\/\\\/ihedn.concilium.click\"],\"url\":\"https:\\\/\\\/ihedn.fr\\\/en\\\/author\\\/dev\\\/\"}]}<\/script>\n<!-- \/ Yoast SEO plugin. -->","yoast_head_json":{"title":"Finished bars and machines\" for the 6th National Session \"Maritime issues and strategies\" - L'IHEDN : Institut des hautes \u00e9tudes de d\u00e9fense nationale","robots":{"index":"index","follow":"follow","max-snippet":"max-snippet:-1","max-image-preview":"max-image-preview:large","max-video-preview":"max-video-preview:-1"},"canonical":"https:\/\/ihedn.fr\/en\/actualites-des-sessions\/termine-barre-et-machines-pour-la-6e-session-nationale-enjeux-et-strategies-maritimes\/","og_locale":"en_GB","og_type":"article","og_title":"\"Termin\u00e9 barre et machines\" pour la 6e Session nationale \u00ab Enjeux et strat\u00e9gies maritimes - L&#039;IHEDN : Institut des hautes \u00e9tudes de d\u00e9fense nationale","og_description":"Quelle ann\u00e9e pour les 34 auditeurs de la 6e Session nationale \u00ab Enjeux et strat\u00e9gies maritimes \u00bb depuis leur premi\u00e8re escale parisienne en septembre 2020. La temp\u00eate COVID les aura oblig\u00e9s \u00e0 louvoyer, parfois mettre \u00e0 la cape, et reborder ensuite imm\u00e9diatement les voiles pour repartir de plus belle et arriver finalement \u00e0 bon port. [&hellip;]","og_url":"https:\/\/ihedn.fr\/en\/actualites-des-sessions\/termine-barre-et-machines-pour-la-6e-session-nationale-enjeux-et-strategies-maritimes\/","og_site_name":"L&#039;IHEDN : Institut des hautes \u00e9tudes de d\u00e9fense nationale","article_publisher":"https:\/\/www.facebook.com\/ihedn\/","article_published_time":"2021-06-18T14:00:59+00:00","article_modified_time":"2022-11-25T14:22:56+00:00","og_image":[{"width":1369,"height":409,"url":"https:\/\/ihedn.fr\/wp-content\/uploads\/2021\/06\/IHEDN-3e-ESM-officielle-sans-masque.jpg","type":"image\/jpeg"}],"author":"dev","twitter_card":"summary_large_image","twitter_creator":"@IHEDN","twitter_site":"@IHEDN","twitter_misc":{"Written by":"dev","Estimated reading time":"7 minutes"},"schema":{"@context":"https:\/\/schema.org","@graph":[{"@type":"Article","@id":"https:\/\/ihedn.fr\/actualites-des-sessions\/termine-barre-et-machines-pour-la-6e-session-nationale-enjeux-et-strategies-maritimes\/#article","isPartOf":{"@id":"https:\/\/ihedn.fr\/actualites-des-sessions\/termine-barre-et-machines-pour-la-6e-session-nationale-enjeux-et-strategies-maritimes\/"},"author":{"name":"dev","@id":"https:\/\/ihedn.fr\/#\/schema\/person\/7a40155595e4efb35323447cb8c8c5a4"},"headline":"\u00ab\u00a0Termin\u00e9 barre et machines\u00a0\u00bb pour la 6e Session nationale \u00ab Enjeux et strat\u00e9gies maritimes","datePublished":"2021-06-18T14:00:59+00:00","dateModified":"2022-11-25T14:22:56+00:00","mainEntityOfPage":{"@id":"https:\/\/ihedn.fr\/actualites-des-sessions\/termine-barre-et-machines-pour-la-6e-session-nationale-enjeux-et-strategies-maritimes\/"},"wordCount":1202,"publisher":{"@id":"https:\/\/ihedn.fr\/#organization"},"image":{"@id":"https:\/\/ihedn.fr\/actualites-des-sessions\/termine-barre-et-machines-pour-la-6e-session-nationale-enjeux-et-strategies-maritimes\/#primaryimage"},"thumbnailUrl":"https:\/\/ihedn.fr\/wp-content\/uploads\/2021\/06\/IHEDN-3e-ESM-officielle-sans-masque.jpg","articleSection":["Notre actualit\u00e9"],"inLanguage":"en-GB"},{"@type":"WebPage","@id":"https:\/\/ihedn.fr\/actualites-des-sessions\/termine-barre-et-machines-pour-la-6e-session-nationale-enjeux-et-strategies-maritimes\/","url":"https:\/\/ihedn.fr\/actualites-des-sessions\/termine-barre-et-machines-pour-la-6e-session-nationale-enjeux-et-strategies-maritimes\/","name":"Finished bars and machines\" for the 6th National Session \"Maritime issues and strategies\" - L'IHEDN : Institut des hautes \u00e9tudes de d\u00e9fense nationale","isPartOf":{"@id":"https:\/\/ihedn.fr\/#website"},"primaryImageOfPage":{"@id":"https:\/\/ihedn.fr\/actualites-des-sessions\/termine-barre-et-machines-pour-la-6e-session-nationale-enjeux-et-strategies-maritimes\/#primaryimage"},"image":{"@id":"https:\/\/ihedn.fr\/actualites-des-sessions\/termine-barre-et-machines-pour-la-6e-session-nationale-enjeux-et-strategies-maritimes\/#primaryimage"},"thumbnailUrl":"https:\/\/ihedn.fr\/wp-content\/uploads\/2021\/06\/IHEDN-3e-ESM-officielle-sans-masque.jpg","datePublished":"2021-06-18T14:00:59+00:00","dateModified":"2022-11-25T14:22:56+00:00","breadcrumb":{"@id":"https:\/\/ihedn.fr\/actualites-des-sessions\/termine-barre-et-machines-pour-la-6e-session-nationale-enjeux-et-strategies-maritimes\/#breadcrumb"},"inLanguage":"en-GB","potentialAction":[{"@type":"ReadAction","target":["https:\/\/ihedn.fr\/actualites-des-sessions\/termine-barre-et-machines-pour-la-6e-session-nationale-enjeux-et-strategies-maritimes\/"]}]},{"@type":"ImageObject","inLanguage":"en-GB","@id":"https:\/\/ihedn.fr\/actualites-des-sessions\/termine-barre-et-machines-pour-la-6e-session-nationale-enjeux-et-strategies-maritimes\/#primaryimage","url":"https:\/\/ihedn.fr\/wp-content\/uploads\/2021\/06\/IHEDN-3e-ESM-officielle-sans-masque.jpg","contentUrl":"https:\/\/ihedn.fr\/wp-content\/uploads\/2021\/06\/IHEDN-3e-ESM-officielle-sans-masque.jpg","width":1369,"height":409},{"@type":"BreadcrumbList","@id":"https:\/\/ihedn.fr\/actualites-des-sessions\/termine-barre-et-machines-pour-la-6e-session-nationale-enjeux-et-strategies-maritimes\/#breadcrumb","itemListElement":[{"@type":"ListItem","position":1,"name":"Accueil","item":"https:\/\/ihedn.fr\/"},{"@type":"ListItem","position":2,"name":"\u00ab\u00a0Termin\u00e9 barre et machines\u00a0\u00bb pour la 6e Session nationale \u00ab Enjeux et strat\u00e9gies maritimes"}]},{"@type":"WebSite","@id":"https:\/\/ihedn.fr\/#website","url":"https:\/\/ihedn.fr\/","name":"IHEDN: Institut des hautes \u00e9tudes de d\u00e9fense nationale (Institute for Higher National Defence Studies)","description":"Official website of the IHEDN under the supervision of the Prime Minister.","publisher":{"@id":"https:\/\/ihedn.fr\/#organization"},"potentialAction":[{"@type":"SearchAction","target":{"@type":"EntryPoint","urlTemplate":"https:\/\/ihedn.fr\/?s={search_term_string}"},"query-input":{"@type":"PropertyValueSpecification","valueRequired":true,"valueName":"search_term_string"}}],"inLanguage":"en-GB"},{"@type":"Organization","@id":"https:\/\/ihedn.fr\/#organization","name":"IHEDN - Institute for Higher National Defence Studies","url":"https:\/\/ihedn.fr\/","logo":{"@type":"ImageObject","inLanguage":"en-GB","@id":"https:\/\/ihedn.fr\/#\/schema\/logo\/image\/","url":"https:\/\/ihedn.fr\/wp-content\/uploads\/2020\/11\/BLOC_RF_IHEDN_WEB.png","contentUrl":"https:\/\/ihedn.fr\/wp-content\/uploads\/2020\/11\/BLOC_RF_IHEDN_WEB.png","width":500,"height":237,"caption":"IHEDN - Institut des Hautes Etudes de D\u00e9fense Nationale"},"image":{"@id":"https:\/\/ihedn.fr\/#\/schema\/logo\/image\/"},"sameAs":["https:\/\/www.facebook.com\/ihedn\/","https:\/\/x.com\/IHEDN","https:\/\/www.instagram.com\/ihedn\/","https:\/\/www.linkedin.com\/school\/ihedn\/","https:\/\/fr.wikipedia.org\/wiki\/Institut_des_hautes_\u00e9tudes_de_D\u00e9fense_nationale"]},{"@type":"Person","@id":"https:\/\/ihedn.fr\/#\/schema\/person\/7a40155595e4efb35323447cb8c8c5a4","name":"dev","image":{"@type":"ImageObject","inLanguage":"en-GB","@id":"https:\/\/secure.gravatar.com\/avatar\/f1ffcac9ca2fa95ad3ec33e9be3ade82f752acb0cabe541e56c5889225afa88a?s=96&d=mm&r=g","url":"https:\/\/secure.gravatar.com\/avatar\/f1ffcac9ca2fa95ad3ec33e9be3ade82f752acb0cabe541e56c5889225afa88a?s=96&d=mm&r=g","contentUrl":"https:\/\/secure.gravatar.com\/avatar\/f1ffcac9ca2fa95ad3ec33e9be3ade82f752acb0cabe541e56c5889225afa88a?s=96&d=mm&r=g","caption":"dev"},"sameAs":["https:\/\/ihedn.concilium.click"],"url":"https:\/\/ihedn.fr\/en\/author\/dev\/"}]}},"publishpress_future_action":{"enabled":false,"date":"2026-05-07 03:56:16","action":"change-status","newStatus":"draft","terms":[],"taxonomy":"category","extraData":[]},"publishpress_future_workflow_manual_trigger":{"enabledWorkflows":[]},"_links":{"self":[{"href":"https:\/\/ihedn.fr\/en\/wp-json\/wp\/v2\/posts\/12845","targetHints":{"allow":["GET"]}}],"collection":[{"href":"https:\/\/ihedn.fr\/en\/wp-json\/wp\/v2\/posts"}],"about":[{"href":"https:\/\/ihedn.fr\/en\/wp-json\/wp\/v2\/types\/post"}],"author":[{"embeddable":true,"href":"https:\/\/ihedn.fr\/en\/wp-json\/wp\/v2\/users\/1"}],"replies":[{"embeddable":true,"href":"https:\/\/ihedn.fr\/en\/wp-json\/wp\/v2\/comments?post=12845"}],"version-history":[{"count":5,"href":"https:\/\/ihedn.fr\/en\/wp-json\/wp\/v2\/posts\/12845\/revisions"}],"predecessor-version":[{"id":12877,"href":"https:\/\/ihedn.fr\/en\/wp-json\/wp\/v2\/posts\/12845\/revisions\/12877"}],"wp:featuredmedia":[{"embeddable":true,"href":"https:\/\/ihedn.fr\/en\/wp-json\/wp\/v2\/media\/12881"}],"wp:attachment":[{"href":"https:\/\/ihedn.fr\/en\/wp-json\/wp\/v2\/media?parent=12845"}],"wp:term":[{"taxonomy":"category","embeddable":true,"href":"https:\/\/ihedn.fr\/en\/wp-json\/wp\/v2\/categories?post=12845"},{"taxonomy":"post_tag","embeddable":true,"href":"https:\/\/ihedn.fr\/en\/wp-json\/wp\/v2\/tags?post=12845"}],"curies":[{"name":"wp","href":"https:\/\/api.w.org\/{rel}","templated":true}]}}