{"id":13146,"date":"2021-07-01T15:16:15","date_gmt":"2021-07-01T14:16:15","guid":{"rendered":"https:\/\/ihedn.fr\/?p=13146"},"modified":"2022-11-25T15:22:56","modified_gmt":"2022-11-25T14:22:56","slug":"la-securite-energetique-de-lunion-europeenne-et-ses-implications-sur-le-plan-de-la-psdc","status":"publish","type":"post","link":"https:\/\/ihedn.fr\/en\/notre-actualite\/la-securite-energetique-de-lunion-europeenne-et-ses-implications-sur-le-plan-de-la-psdc\/","title":{"rendered":"The European Union's energy security and its implications for CSDP"},"content":{"rendered":"<div data-elementor-type=\"wp-post\" data-elementor-id=\"13146\" class=\"elementor elementor-13146\" data-elementor-post-type=\"post\">\n\t\t\t\t\t\t<section data-particle_enable=\"false\" data-particle-mobile-disabled=\"false\" class=\"elementor-section elementor-top-section elementor-element elementor-element-cd5b073 elementor-section-boxed elementor-section-height-default elementor-section-height-default\" data-id=\"cd5b073\" data-element_type=\"section\" data-e-type=\"section\">\n\t\t\t\t\t\t<div class=\"elementor-container elementor-column-gap-default\">\n\t\t\t\t\t<div class=\"elementor-column elementor-col-100 elementor-top-column elementor-element elementor-element-96e7013\" data-id=\"96e7013\" data-element_type=\"column\" data-e-type=\"column\">\n\t\t\t<div class=\"elementor-widget-wrap elementor-element-populated\">\n\t\t\t\t\t\t<div class=\"elementor-element elementor-element-057dc24 elementor-widget elementor-widget-text-editor\" data-id=\"057dc24\" data-element_type=\"widget\" data-e-type=\"widget\" data-widget_type=\"text-editor.default\">\n\t\t\t\t<div class=\"elementor-widget-container\">\n\t\t\t\t\t\t\t\t\t<p><img decoding=\"async\" class=\"alignleft wp-image-13158\" src=\"https:\/\/ihedn.fr\/wp-content\/uploads\/2021\/07\/EUES2021.jpg\" alt=\"\" width=\"182\" height=\"157\" \/><\/p><p>Held from 29 June to 1<sup>er<\/sup> July la 3<sup>e<\/sup> edition of the pilot course on\u00a0<span style=\"color: #000000;\"><strong>The European Union's energy security and its implications for CSDP<\/strong><\/span>\u00a0\" (<span style=\"color: #000000;\"><strong><em>EU Energy Security_Implications for CSDP<\/em><\/strong><\/span>), organised by the Europe and International Affairs Department of the IHEDN, under the aegis of the European Security and Defence College (ESDC). This pilot course, which brought together some fifteen participants, many of them specialists in European energy issues, was structured around 8 lectures.<\/p>\t\t\t\t\t\t\t\t<\/div>\n\t\t\t\t<\/div>\n\t\t\t\t\t<\/div>\n\t\t<\/div>\n\t\t\t\t\t<\/div>\n\t\t<\/section>\n\t\t\t\t<section data-particle_enable=\"false\" data-particle-mobile-disabled=\"false\" class=\"elementor-section elementor-top-section elementor-element elementor-element-7d8a0c6 elementor-section-boxed elementor-section-height-default elementor-section-height-default\" data-id=\"7d8a0c6\" data-element_type=\"section\" data-e-type=\"section\">\n\t\t\t\t\t\t<div class=\"elementor-container elementor-column-gap-default\">\n\t\t\t\t\t<div class=\"elementor-column elementor-col-100 elementor-top-column elementor-element elementor-element-d986bcd\" data-id=\"d986bcd\" data-element_type=\"column\" data-e-type=\"column\">\n\t\t\t<div class=\"elementor-widget-wrap elementor-element-populated\">\n\t\t\t\t\t\t<section data-particle_enable=\"false\" data-particle-mobile-disabled=\"false\" class=\"elementor-section elementor-inner-section elementor-element elementor-element-38b5bc3 elementor-section-boxed elementor-section-height-default elementor-section-height-default\" data-id=\"38b5bc3\" data-element_type=\"section\" data-e-type=\"section\">\n\t\t\t\t\t\t<div class=\"elementor-container elementor-column-gap-default\">\n\t\t\t\t\t<div class=\"elementor-column elementor-col-50 elementor-inner-column elementor-element elementor-element-9260af3\" data-id=\"9260af3\" data-element_type=\"column\" data-e-type=\"column\">\n\t\t\t<div class=\"elementor-widget-wrap elementor-element-populated\">\n\t\t\t\t\t\t<div class=\"elementor-element elementor-element-320faa1 elementor-widget elementor-widget-image\" data-id=\"320faa1\" data-element_type=\"widget\" data-e-type=\"widget\" data-widget_type=\"image.default\">\n\t\t\t\t<div class=\"elementor-widget-container\">\n\t\t\t\t\t\t\t\t\t\t\t\t\t\t\t<img fetchpriority=\"high\" decoding=\"async\" width=\"815\" height=\"275\" src=\"https:\/\/ihedn.fr\/wp-content\/uploads\/2021\/07\/Photo-4.png\" class=\"attachment-full size-full wp-image-13150\" alt=\"La s\u00e9curit\u00e9 \u00e9nerg\u00e9tique de l\u2019Union Europ\u00e9enne et ses implications sur le plan de la PSDC\" \/>\t\t\t\t\t\t\t\t\t\t\t\t\t\t\t<\/div>\n\t\t\t\t<\/div>\n\t\t\t\t\t<\/div>\n\t\t<\/div>\n\t\t\t\t<div class=\"elementor-column elementor-col-50 elementor-inner-column elementor-element elementor-element-ceb21c6\" data-id=\"ceb21c6\" data-element_type=\"column\" data-e-type=\"column\">\n\t\t\t<div class=\"elementor-widget-wrap elementor-element-populated\">\n\t\t\t\t\t\t<div class=\"elementor-element elementor-element-77ab0b8 elementor-widget elementor-widget-image\" data-id=\"77ab0b8\" data-element_type=\"widget\" data-e-type=\"widget\" data-widget_type=\"image.default\">\n\t\t\t\t<div class=\"elementor-widget-container\">\n\t\t\t\t\t\t\t\t\t\t\t\t\t\t\t<img decoding=\"async\" width=\"1022\" height=\"402\" src=\"https:\/\/ihedn.fr\/wp-content\/uploads\/2021\/07\/Photo-3.png\" class=\"attachment-full size-full wp-image-13149\" alt=\"La s\u00e9curit\u00e9 \u00e9nerg\u00e9tique de l\u2019Union Europ\u00e9enne et ses implications sur le plan de la PSDC\" \/>\t\t\t\t\t\t\t\t\t\t\t\t\t\t\t<\/div>\n\t\t\t\t<\/div>\n\t\t\t\t\t<\/div>\n\t\t<\/div>\n\t\t\t\t\t<\/div>\n\t\t<\/section>\n\t\t\t\t\t<\/div>\n\t\t<\/div>\n\t\t\t\t\t<\/div>\n\t\t<\/section>\n\t\t\t\t<section data-particle_enable=\"false\" data-particle-mobile-disabled=\"false\" class=\"elementor-section elementor-top-section elementor-element elementor-element-9ee8b6a elementor-section-boxed elementor-section-height-default elementor-section-height-default\" data-id=\"9ee8b6a\" data-element_type=\"section\" data-e-type=\"section\">\n\t\t\t\t\t\t<div class=\"elementor-container elementor-column-gap-default\">\n\t\t\t\t\t<div class=\"elementor-column elementor-col-100 elementor-top-column elementor-element elementor-element-cbd7ee6\" data-id=\"cbd7ee6\" data-element_type=\"column\" data-e-type=\"column\">\n\t\t\t<div class=\"elementor-widget-wrap elementor-element-populated\">\n\t\t\t\t\t\t<div class=\"elementor-element elementor-element-3e882b0 elementor-widget elementor-widget-text-editor\" data-id=\"3e882b0\" data-element_type=\"widget\" data-e-type=\"widget\" data-widget_type=\"text-editor.default\">\n\t\t\t\t<div class=\"elementor-widget-container\">\n\t\t\t\t\t\t\t\t\t<p>The 3<sup>e<\/sup> edition of this pilot course will have provided an opportunity to discuss issues relating to the Green Pact for Europe (<em>European Green Deal<\/em>), European energy diplomacy, national energy transition strategies within the European Union, as well as the geopolitics of so-called critical raw materials, energy infrastructures in the Baltic Sea region and, finally, the importance of the energy factor in military operations and the issues surrounding the principle of a 'green' European defence.<\/p>\t\t\t\t\t\t\t\t<\/div>\n\t\t\t\t<\/div>\n\t\t\t\t\t<\/div>\n\t\t<\/div>\n\t\t\t\t\t<\/div>\n\t\t<\/section>\n\t\t\t\t<section data-particle_enable=\"false\" data-particle-mobile-disabled=\"false\" class=\"elementor-section elementor-top-section elementor-element elementor-element-2fd8795 elementor-section-boxed elementor-section-height-default elementor-section-height-default\" data-id=\"2fd8795\" data-element_type=\"section\" data-e-type=\"section\">\n\t\t\t\t\t\t<div class=\"elementor-container elementor-column-gap-default\">\n\t\t\t\t\t<div class=\"elementor-column elementor-col-100 elementor-top-column elementor-element elementor-element-2c85a8e\" data-id=\"2c85a8e\" data-element_type=\"column\" data-e-type=\"column\">\n\t\t\t<div class=\"elementor-widget-wrap elementor-element-populated\">\n\t\t\t\t\t\t<div class=\"elementor-element elementor-element-b9c5a8d elementor-widget elementor-widget-image\" data-id=\"b9c5a8d\" data-element_type=\"widget\" data-e-type=\"widget\" data-widget_type=\"image.default\">\n\t\t\t\t<div class=\"elementor-widget-container\">\n\t\t\t\t\t\t\t\t\t\t\t\t\t\t\t<img loading=\"lazy\" decoding=\"async\" width=\"980\" height=\"552\" src=\"https:\/\/ihedn.fr\/wp-content\/uploads\/2021\/07\/Photo-1.png\" class=\"attachment-full size-full wp-image-13148\" alt=\"La s\u00e9curit\u00e9 \u00e9nerg\u00e9tique de l\u2019Union Europ\u00e9enne et ses implications sur le plan de la PSDC\" \/>\t\t\t\t\t\t\t\t\t\t\t\t\t\t\t<\/div>\n\t\t\t\t<\/div>\n\t\t\t\t\t<\/div>\n\t\t<\/div>\n\t\t\t\t\t<\/div>\n\t\t<\/section>\n\t\t\t\t<\/div>","protected":false},"excerpt":{"rendered":"<p>3rd edition of the pilot course on \"The European Union's energy security and its implications for CSDP\".<\/p>","protected":false},"author":1,"featured_media":13158,"comment_status":"closed","ping_status":"closed","sticky":false,"template":"","format":"standard","meta":{"footnotes":""},"categories":[172],"tags":[],"class_list":["post-13146","post","type-post","status-publish","format-standard","has-post-thumbnail","hentry","category-notre-actualite"],"yoast_head":"<!-- This site is optimized with the Yoast SEO plugin v27.5 - https:\/\/yoast.com\/product\/yoast-seo-wordpress\/ -->\n<title>La s\u00e9curit\u00e9 \u00e9nerg\u00e9tique de l\u2019Union Europ\u00e9enne et ses implications sur le plan de la PSDC - L&#039;IHEDN : Institut des hautes \u00e9tudes de d\u00e9fense nationale<\/title>\n<meta name=\"robots\" content=\"index, follow, max-snippet:-1, max-image-preview:large, max-video-preview:-1\" \/>\n<link rel=\"canonical\" href=\"https:\/\/ihedn.fr\/en\/actualites-des-sessions\/deai\/la-securite-energetique-de-lunion-europeenne-et-ses-implications-sur-le-plan-de-la-psdc\/\" \/>\n<meta property=\"og:locale\" content=\"en_GB\" \/>\n<meta property=\"og:type\" content=\"article\" \/>\n<meta property=\"og:title\" content=\"La s\u00e9curit\u00e9 \u00e9nerg\u00e9tique de l\u2019Union Europ\u00e9enne et ses implications sur le plan de la PSDC - L&#039;IHEDN : Institut des hautes \u00e9tudes de d\u00e9fense nationale\" \/>\n<meta property=\"og:description\" content=\"3e \u00e9dition du cours pilote sur le th\u00e8me \u00ab La s\u00e9curit\u00e9 \u00e9nerg\u00e9tique de l\u2019Union Europ\u00e9enne et ses implications sur le plan de la PSDC \u00bb.\" \/>\n<meta property=\"og:url\" content=\"https:\/\/ihedn.fr\/en\/actualites-des-sessions\/deai\/la-securite-energetique-de-lunion-europeenne-et-ses-implications-sur-le-plan-de-la-psdc\/\" \/>\n<meta property=\"og:site_name\" content=\"L&#039;IHEDN : Institut des hautes \u00e9tudes de d\u00e9fense nationale\" \/>\n<meta property=\"article:publisher\" content=\"https:\/\/www.facebook.com\/ihedn\/\" \/>\n<meta property=\"article:published_time\" content=\"2021-07-01T14:16:15+00:00\" \/>\n<meta property=\"article:modified_time\" content=\"2022-11-25T14:22:56+00:00\" \/>\n<meta property=\"og:image\" content=\"https:\/\/ihedn.fr\/wp-content\/uploads\/2021\/07\/EUES2021.jpg\" \/>\n\t<meta property=\"og:image:width\" content=\"1369\" \/>\n\t<meta property=\"og:image:height\" content=\"1183\" \/>\n\t<meta property=\"og:image:type\" content=\"image\/jpeg\" \/>\n<meta name=\"author\" content=\"dev\" \/>\n<meta name=\"twitter:card\" content=\"summary_large_image\" \/>\n<meta name=\"twitter:creator\" content=\"@IHEDN\" \/>\n<meta name=\"twitter:site\" content=\"@IHEDN\" \/>\n<meta name=\"twitter:label1\" content=\"Written by\" \/>\n\t<meta name=\"twitter:data1\" content=\"dev\" \/>\n\t<meta name=\"twitter:label2\" content=\"Estimated reading time\" \/>\n\t<meta name=\"twitter:data2\" content=\"2 minutes\" \/>\n<script type=\"application\/ld+json\" class=\"yoast-schema-graph\">{\"@context\":\"https:\\\/\\\/schema.org\",\"@graph\":[{\"@type\":\"Article\",\"@id\":\"https:\\\/\\\/ihedn.fr\\\/actualites-des-sessions\\\/deai\\\/la-securite-energetique-de-lunion-europeenne-et-ses-implications-sur-le-plan-de-la-psdc\\\/#article\",\"isPartOf\":{\"@id\":\"https:\\\/\\\/ihedn.fr\\\/actualites-des-sessions\\\/deai\\\/la-securite-energetique-de-lunion-europeenne-et-ses-implications-sur-le-plan-de-la-psdc\\\/\"},\"author\":{\"name\":\"dev\",\"@id\":\"https:\\\/\\\/ihedn.fr\\\/#\\\/schema\\\/person\\\/7a40155595e4efb35323447cb8c8c5a4\"},\"headline\":\"La s\u00e9curit\u00e9 \u00e9nerg\u00e9tique de l\u2019Union Europ\u00e9enne et ses implications sur le plan de la PSDC\",\"datePublished\":\"2021-07-01T14:16:15+00:00\",\"dateModified\":\"2022-11-25T14:22:56+00:00\",\"mainEntityOfPage\":{\"@id\":\"https:\\\/\\\/ihedn.fr\\\/actualites-des-sessions\\\/deai\\\/la-securite-energetique-de-lunion-europeenne-et-ses-implications-sur-le-plan-de-la-psdc\\\/\"},\"wordCount\":235,\"publisher\":{\"@id\":\"https:\\\/\\\/ihedn.fr\\\/#organization\"},\"image\":{\"@id\":\"https:\\\/\\\/ihedn.fr\\\/actualites-des-sessions\\\/deai\\\/la-securite-energetique-de-lunion-europeenne-et-ses-implications-sur-le-plan-de-la-psdc\\\/#primaryimage\"},\"thumbnailUrl\":\"https:\\\/\\\/ihedn.fr\\\/wp-content\\\/uploads\\\/2021\\\/07\\\/EUES2021.jpg\",\"articleSection\":[\"Notre actualit\u00e9\"],\"inLanguage\":\"en-GB\"},{\"@type\":\"WebPage\",\"@id\":\"https:\\\/\\\/ihedn.fr\\\/actualites-des-sessions\\\/deai\\\/la-securite-energetique-de-lunion-europeenne-et-ses-implications-sur-le-plan-de-la-psdc\\\/\",\"url\":\"https:\\\/\\\/ihedn.fr\\\/actualites-des-sessions\\\/deai\\\/la-securite-energetique-de-lunion-europeenne-et-ses-implications-sur-le-plan-de-la-psdc\\\/\",\"name\":\"La s\u00e9curit\u00e9 \u00e9nerg\u00e9tique de l\u2019Union Europ\u00e9enne et ses implications sur le plan de la PSDC - L&#039;IHEDN : Institut des hautes \u00e9tudes de d\u00e9fense nationale\",\"isPartOf\":{\"@id\":\"https:\\\/\\\/ihedn.fr\\\/#website\"},\"primaryImageOfPage\":{\"@id\":\"https:\\\/\\\/ihedn.fr\\\/actualites-des-sessions\\\/deai\\\/la-securite-energetique-de-lunion-europeenne-et-ses-implications-sur-le-plan-de-la-psdc\\\/#primaryimage\"},\"image\":{\"@id\":\"https:\\\/\\\/ihedn.fr\\\/actualites-des-sessions\\\/deai\\\/la-securite-energetique-de-lunion-europeenne-et-ses-implications-sur-le-plan-de-la-psdc\\\/#primaryimage\"},\"thumbnailUrl\":\"https:\\\/\\\/ihedn.fr\\\/wp-content\\\/uploads\\\/2021\\\/07\\\/EUES2021.jpg\",\"datePublished\":\"2021-07-01T14:16:15+00:00\",\"dateModified\":\"2022-11-25T14:22:56+00:00\",\"breadcrumb\":{\"@id\":\"https:\\\/\\\/ihedn.fr\\\/actualites-des-sessions\\\/deai\\\/la-securite-energetique-de-lunion-europeenne-et-ses-implications-sur-le-plan-de-la-psdc\\\/#breadcrumb\"},\"inLanguage\":\"en-GB\",\"potentialAction\":[{\"@type\":\"ReadAction\",\"target\":[\"https:\\\/\\\/ihedn.fr\\\/actualites-des-sessions\\\/deai\\\/la-securite-energetique-de-lunion-europeenne-et-ses-implications-sur-le-plan-de-la-psdc\\\/\"]}]},{\"@type\":\"ImageObject\",\"inLanguage\":\"en-GB\",\"@id\":\"https:\\\/\\\/ihedn.fr\\\/actualites-des-sessions\\\/deai\\\/la-securite-energetique-de-lunion-europeenne-et-ses-implications-sur-le-plan-de-la-psdc\\\/#primaryimage\",\"url\":\"https:\\\/\\\/ihedn.fr\\\/wp-content\\\/uploads\\\/2021\\\/07\\\/EUES2021.jpg\",\"contentUrl\":\"https:\\\/\\\/ihedn.fr\\\/wp-content\\\/uploads\\\/2021\\\/07\\\/EUES2021.jpg\",\"width\":1369,\"height\":1183,\"caption\":\"La s\u00e9curit\u00e9 \u00e9nerg\u00e9tique de l\u2019Union Europ\u00e9enne et ses implications sur le plan de la PSDC\"},{\"@type\":\"BreadcrumbList\",\"@id\":\"https:\\\/\\\/ihedn.fr\\\/actualites-des-sessions\\\/deai\\\/la-securite-energetique-de-lunion-europeenne-et-ses-implications-sur-le-plan-de-la-psdc\\\/#breadcrumb\",\"itemListElement\":[{\"@type\":\"ListItem\",\"position\":1,\"name\":\"Accueil\",\"item\":\"https:\\\/\\\/ihedn.fr\\\/\"},{\"@type\":\"ListItem\",\"position\":2,\"name\":\"La s\u00e9curit\u00e9 \u00e9nerg\u00e9tique de l\u2019Union Europ\u00e9enne et ses implications sur le plan de la PSDC\"}]},{\"@type\":\"WebSite\",\"@id\":\"https:\\\/\\\/ihedn.fr\\\/#website\",\"url\":\"https:\\\/\\\/ihedn.fr\\\/\",\"name\":\"IHEDN : Institut des hautes \u00e9tudes de d\u00e9fense nationale |\",\"description\":\"Site officiel de l&#039;IHEDN plac\u00e9 sous la tutelle du Premier ministre.\",\"publisher\":{\"@id\":\"https:\\\/\\\/ihedn.fr\\\/#organization\"},\"potentialAction\":[{\"@type\":\"SearchAction\",\"target\":{\"@type\":\"EntryPoint\",\"urlTemplate\":\"https:\\\/\\\/ihedn.fr\\\/?s={search_term_string}\"},\"query-input\":{\"@type\":\"PropertyValueSpecification\",\"valueRequired\":true,\"valueName\":\"search_term_string\"}}],\"inLanguage\":\"en-GB\"},{\"@type\":\"Organization\",\"@id\":\"https:\\\/\\\/ihedn.fr\\\/#organization\",\"name\":\"IHEDN - Institut des Hautes Etudes de D\u00e9fense Nationale\",\"url\":\"https:\\\/\\\/ihedn.fr\\\/\",\"logo\":{\"@type\":\"ImageObject\",\"inLanguage\":\"en-GB\",\"@id\":\"https:\\\/\\\/ihedn.fr\\\/#\\\/schema\\\/logo\\\/image\\\/\",\"url\":\"https:\\\/\\\/ihedn.fr\\\/wp-content\\\/uploads\\\/2020\\\/11\\\/BLOC_RF_IHEDN_WEB.png\",\"contentUrl\":\"https:\\\/\\\/ihedn.fr\\\/wp-content\\\/uploads\\\/2020\\\/11\\\/BLOC_RF_IHEDN_WEB.png\",\"width\":500,\"height\":237,\"caption\":\"IHEDN - Institut des Hautes Etudes de D\u00e9fense Nationale\"},\"image\":{\"@id\":\"https:\\\/\\\/ihedn.fr\\\/#\\\/schema\\\/logo\\\/image\\\/\"},\"sameAs\":[\"https:\\\/\\\/www.facebook.com\\\/ihedn\\\/\",\"https:\\\/\\\/x.com\\\/IHEDN\",\"https:\\\/\\\/www.instagram.com\\\/ihedn\\\/\",\"https:\\\/\\\/www.linkedin.com\\\/school\\\/ihedn\\\/\",\"https:\\\/\\\/fr.wikipedia.org\\\/wiki\\\/Institut_des_hautes_\u00e9tudes_de_D\u00e9fense_nationale\"]},{\"@type\":\"Person\",\"@id\":\"https:\\\/\\\/ihedn.fr\\\/#\\\/schema\\\/person\\\/7a40155595e4efb35323447cb8c8c5a4\",\"name\":\"dev\",\"image\":{\"@type\":\"ImageObject\",\"inLanguage\":\"en-GB\",\"@id\":\"https:\\\/\\\/secure.gravatar.com\\\/avatar\\\/f1ffcac9ca2fa95ad3ec33e9be3ade82f752acb0cabe541e56c5889225afa88a?s=96&d=mm&r=g\",\"url\":\"https:\\\/\\\/secure.gravatar.com\\\/avatar\\\/f1ffcac9ca2fa95ad3ec33e9be3ade82f752acb0cabe541e56c5889225afa88a?s=96&d=mm&r=g\",\"contentUrl\":\"https:\\\/\\\/secure.gravatar.com\\\/avatar\\\/f1ffcac9ca2fa95ad3ec33e9be3ade82f752acb0cabe541e56c5889225afa88a?s=96&d=mm&r=g\",\"caption\":\"dev\"},\"sameAs\":[\"https:\\\/\\\/ihedn.concilium.click\"],\"url\":\"https:\\\/\\\/ihedn.fr\\\/en\\\/author\\\/dev\\\/\"}]}<\/script>\n<!-- \/ Yoast SEO plugin. -->","yoast_head_json":{"title":"The European Union's energy security and its implications for CSDP - L'IHEDN : Institut des hautes \u00e9tudes de d\u00e9fense nationale","robots":{"index":"index","follow":"follow","max-snippet":"max-snippet:-1","max-image-preview":"max-image-preview:large","max-video-preview":"max-video-preview:-1"},"canonical":"https:\/\/ihedn.fr\/en\/actualites-des-sessions\/deai\/la-securite-energetique-de-lunion-europeenne-et-ses-implications-sur-le-plan-de-la-psdc\/","og_locale":"en_GB","og_type":"article","og_title":"La s\u00e9curit\u00e9 \u00e9nerg\u00e9tique de l\u2019Union Europ\u00e9enne et ses implications sur le plan de la PSDC - L&#039;IHEDN : Institut des hautes \u00e9tudes de d\u00e9fense nationale","og_description":"3e \u00e9dition du cours pilote sur le th\u00e8me \u00ab La s\u00e9curit\u00e9 \u00e9nerg\u00e9tique de l\u2019Union Europ\u00e9enne et ses implications sur le plan de la PSDC \u00bb.","og_url":"https:\/\/ihedn.fr\/en\/actualites-des-sessions\/deai\/la-securite-energetique-de-lunion-europeenne-et-ses-implications-sur-le-plan-de-la-psdc\/","og_site_name":"L&#039;IHEDN : Institut des hautes \u00e9tudes de d\u00e9fense nationale","article_publisher":"https:\/\/www.facebook.com\/ihedn\/","article_published_time":"2021-07-01T14:16:15+00:00","article_modified_time":"2022-11-25T14:22:56+00:00","og_image":[{"width":1369,"height":1183,"url":"https:\/\/ihedn.fr\/wp-content\/uploads\/2021\/07\/EUES2021.jpg","type":"image\/jpeg"}],"author":"dev","twitter_card":"summary_large_image","twitter_creator":"@IHEDN","twitter_site":"@IHEDN","twitter_misc":{"Written by":"dev","Estimated reading time":"2 minutes"},"schema":{"@context":"https:\/\/schema.org","@graph":[{"@type":"Article","@id":"https:\/\/ihedn.fr\/actualites-des-sessions\/deai\/la-securite-energetique-de-lunion-europeenne-et-ses-implications-sur-le-plan-de-la-psdc\/#article","isPartOf":{"@id":"https:\/\/ihedn.fr\/actualites-des-sessions\/deai\/la-securite-energetique-de-lunion-europeenne-et-ses-implications-sur-le-plan-de-la-psdc\/"},"author":{"name":"dev","@id":"https:\/\/ihedn.fr\/#\/schema\/person\/7a40155595e4efb35323447cb8c8c5a4"},"headline":"La s\u00e9curit\u00e9 \u00e9nerg\u00e9tique de l\u2019Union Europ\u00e9enne et ses implications sur le plan de la PSDC","datePublished":"2021-07-01T14:16:15+00:00","dateModified":"2022-11-25T14:22:56+00:00","mainEntityOfPage":{"@id":"https:\/\/ihedn.fr\/actualites-des-sessions\/deai\/la-securite-energetique-de-lunion-europeenne-et-ses-implications-sur-le-plan-de-la-psdc\/"},"wordCount":235,"publisher":{"@id":"https:\/\/ihedn.fr\/#organization"},"image":{"@id":"https:\/\/ihedn.fr\/actualites-des-sessions\/deai\/la-securite-energetique-de-lunion-europeenne-et-ses-implications-sur-le-plan-de-la-psdc\/#primaryimage"},"thumbnailUrl":"https:\/\/ihedn.fr\/wp-content\/uploads\/2021\/07\/EUES2021.jpg","articleSection":["Notre actualit\u00e9"],"inLanguage":"en-GB"},{"@type":"WebPage","@id":"https:\/\/ihedn.fr\/actualites-des-sessions\/deai\/la-securite-energetique-de-lunion-europeenne-et-ses-implications-sur-le-plan-de-la-psdc\/","url":"https:\/\/ihedn.fr\/actualites-des-sessions\/deai\/la-securite-energetique-de-lunion-europeenne-et-ses-implications-sur-le-plan-de-la-psdc\/","name":"The European Union's energy security and its implications for CSDP - L'IHEDN : Institut des hautes \u00e9tudes de d\u00e9fense nationale","isPartOf":{"@id":"https:\/\/ihedn.fr\/#website"},"primaryImageOfPage":{"@id":"https:\/\/ihedn.fr\/actualites-des-sessions\/deai\/la-securite-energetique-de-lunion-europeenne-et-ses-implications-sur-le-plan-de-la-psdc\/#primaryimage"},"image":{"@id":"https:\/\/ihedn.fr\/actualites-des-sessions\/deai\/la-securite-energetique-de-lunion-europeenne-et-ses-implications-sur-le-plan-de-la-psdc\/#primaryimage"},"thumbnailUrl":"https:\/\/ihedn.fr\/wp-content\/uploads\/2021\/07\/EUES2021.jpg","datePublished":"2021-07-01T14:16:15+00:00","dateModified":"2022-11-25T14:22:56+00:00","breadcrumb":{"@id":"https:\/\/ihedn.fr\/actualites-des-sessions\/deai\/la-securite-energetique-de-lunion-europeenne-et-ses-implications-sur-le-plan-de-la-psdc\/#breadcrumb"},"inLanguage":"en-GB","potentialAction":[{"@type":"ReadAction","target":["https:\/\/ihedn.fr\/actualites-des-sessions\/deai\/la-securite-energetique-de-lunion-europeenne-et-ses-implications-sur-le-plan-de-la-psdc\/"]}]},{"@type":"ImageObject","inLanguage":"en-GB","@id":"https:\/\/ihedn.fr\/actualites-des-sessions\/deai\/la-securite-energetique-de-lunion-europeenne-et-ses-implications-sur-le-plan-de-la-psdc\/#primaryimage","url":"https:\/\/ihedn.fr\/wp-content\/uploads\/2021\/07\/EUES2021.jpg","contentUrl":"https:\/\/ihedn.fr\/wp-content\/uploads\/2021\/07\/EUES2021.jpg","width":1369,"height":1183,"caption":"La s\u00e9curit\u00e9 \u00e9nerg\u00e9tique de l\u2019Union Europ\u00e9enne et ses implications sur le plan de la PSDC"},{"@type":"BreadcrumbList","@id":"https:\/\/ihedn.fr\/actualites-des-sessions\/deai\/la-securite-energetique-de-lunion-europeenne-et-ses-implications-sur-le-plan-de-la-psdc\/#breadcrumb","itemListElement":[{"@type":"ListItem","position":1,"name":"Accueil","item":"https:\/\/ihedn.fr\/"},{"@type":"ListItem","position":2,"name":"La s\u00e9curit\u00e9 \u00e9nerg\u00e9tique de l\u2019Union Europ\u00e9enne et ses implications sur le plan de la PSDC"}]},{"@type":"WebSite","@id":"https:\/\/ihedn.fr\/#website","url":"https:\/\/ihedn.fr\/","name":"IHEDN: Institut des hautes \u00e9tudes de d\u00e9fense nationale (Institute for Higher National Defence Studies)","description":"Official website of the IHEDN under the supervision of the Prime Minister.","publisher":{"@id":"https:\/\/ihedn.fr\/#organization"},"potentialAction":[{"@type":"SearchAction","target":{"@type":"EntryPoint","urlTemplate":"https:\/\/ihedn.fr\/?s={search_term_string}"},"query-input":{"@type":"PropertyValueSpecification","valueRequired":true,"valueName":"search_term_string"}}],"inLanguage":"en-GB"},{"@type":"Organization","@id":"https:\/\/ihedn.fr\/#organization","name":"IHEDN - Institute for Higher National Defence Studies","url":"https:\/\/ihedn.fr\/","logo":{"@type":"ImageObject","inLanguage":"en-GB","@id":"https:\/\/ihedn.fr\/#\/schema\/logo\/image\/","url":"https:\/\/ihedn.fr\/wp-content\/uploads\/2020\/11\/BLOC_RF_IHEDN_WEB.png","contentUrl":"https:\/\/ihedn.fr\/wp-content\/uploads\/2020\/11\/BLOC_RF_IHEDN_WEB.png","width":500,"height":237,"caption":"IHEDN - Institut des Hautes Etudes de D\u00e9fense Nationale"},"image":{"@id":"https:\/\/ihedn.fr\/#\/schema\/logo\/image\/"},"sameAs":["https:\/\/www.facebook.com\/ihedn\/","https:\/\/x.com\/IHEDN","https:\/\/www.instagram.com\/ihedn\/","https:\/\/www.linkedin.com\/school\/ihedn\/","https:\/\/fr.wikipedia.org\/wiki\/Institut_des_hautes_\u00e9tudes_de_D\u00e9fense_nationale"]},{"@type":"Person","@id":"https:\/\/ihedn.fr\/#\/schema\/person\/7a40155595e4efb35323447cb8c8c5a4","name":"dev","image":{"@type":"ImageObject","inLanguage":"en-GB","@id":"https:\/\/secure.gravatar.com\/avatar\/f1ffcac9ca2fa95ad3ec33e9be3ade82f752acb0cabe541e56c5889225afa88a?s=96&d=mm&r=g","url":"https:\/\/secure.gravatar.com\/avatar\/f1ffcac9ca2fa95ad3ec33e9be3ade82f752acb0cabe541e56c5889225afa88a?s=96&d=mm&r=g","contentUrl":"https:\/\/secure.gravatar.com\/avatar\/f1ffcac9ca2fa95ad3ec33e9be3ade82f752acb0cabe541e56c5889225afa88a?s=96&d=mm&r=g","caption":"dev"},"sameAs":["https:\/\/ihedn.concilium.click"],"url":"https:\/\/ihedn.fr\/en\/author\/dev\/"}]}},"publishpress_future_action":{"enabled":false,"date":"2026-05-10 09:20:03","action":"change-status","newStatus":"draft","terms":[],"taxonomy":"category","extraData":[]},"publishpress_future_workflow_manual_trigger":{"enabledWorkflows":[]},"_links":{"self":[{"href":"https:\/\/ihedn.fr\/en\/wp-json\/wp\/v2\/posts\/13146","targetHints":{"allow":["GET"]}}],"collection":[{"href":"https:\/\/ihedn.fr\/en\/wp-json\/wp\/v2\/posts"}],"about":[{"href":"https:\/\/ihedn.fr\/en\/wp-json\/wp\/v2\/types\/post"}],"author":[{"embeddable":true,"href":"https:\/\/ihedn.fr\/en\/wp-json\/wp\/v2\/users\/1"}],"replies":[{"embeddable":true,"href":"https:\/\/ihedn.fr\/en\/wp-json\/wp\/v2\/comments?post=13146"}],"version-history":[{"count":5,"href":"https:\/\/ihedn.fr\/en\/wp-json\/wp\/v2\/posts\/13146\/revisions"}],"predecessor-version":[{"id":13167,"href":"https:\/\/ihedn.fr\/en\/wp-json\/wp\/v2\/posts\/13146\/revisions\/13167"}],"wp:featuredmedia":[{"embeddable":true,"href":"https:\/\/ihedn.fr\/en\/wp-json\/wp\/v2\/media\/13158"}],"wp:attachment":[{"href":"https:\/\/ihedn.fr\/en\/wp-json\/wp\/v2\/media?parent=13146"}],"wp:term":[{"taxonomy":"category","embeddable":true,"href":"https:\/\/ihedn.fr\/en\/wp-json\/wp\/v2\/categories?post=13146"},{"taxonomy":"post_tag","embeddable":true,"href":"https:\/\/ihedn.fr\/en\/wp-json\/wp\/v2\/tags?post=13146"}],"curies":[{"name":"wp","href":"https:\/\/api.w.org\/{rel}","templated":true}]}}