{"id":13330,"date":"2021-07-13T07:57:02","date_gmt":"2021-07-13T06:57:02","guid":{"rendered":"https:\/\/ihedn.fr\/?p=13330"},"modified":"2022-11-25T15:22:54","modified_gmt":"2022-11-25T14:22:54","slug":"le-126eme-cycle-ihedn-jeunes-en-occitanie","status":"publish","type":"post","link":"https:\/\/ihedn.fr\/en\/notre-actualite\/le-126eme-cycle-ihedn-jeunes-en-occitanie\/","title":{"rendered":"The 126th cycle of IHEDN for young people in Occitania"},"content":{"rendered":"<div data-elementor-type=\"wp-post\" data-elementor-id=\"13330\" class=\"elementor elementor-13330\" data-elementor-post-type=\"post\">\n\t\t\t\t\t\t<section data-particle_enable=\"false\" data-particle-mobile-disabled=\"false\" class=\"elementor-section elementor-top-section elementor-element elementor-element-7183a6a elementor-section-boxed elementor-section-height-default elementor-section-height-default\" data-id=\"7183a6a\" data-element_type=\"section\" data-e-type=\"section\">\n\t\t\t\t\t\t<div class=\"elementor-container elementor-column-gap-default\">\n\t\t\t\t\t<div class=\"elementor-column elementor-col-50 elementor-top-column elementor-element elementor-element-0657267\" data-id=\"0657267\" data-element_type=\"column\" data-e-type=\"column\">\n\t\t\t<div class=\"elementor-widget-wrap elementor-element-populated\">\n\t\t\t\t\t\t<div class=\"elementor-element elementor-element-d8f37ef elementor-widget elementor-widget-image\" data-id=\"d8f37ef\" data-element_type=\"widget\" data-e-type=\"widget\" data-widget_type=\"image.default\">\n\t\t\t\t<div class=\"elementor-widget-container\">\n\t\t\t\t\t\t\t\t\t\t\t\t\t\t\t<img fetchpriority=\"high\" decoding=\"async\" width=\"1369\" height=\"1027\" src=\"https:\/\/ihedn.fr\/wp-content\/uploads\/2021\/07\/IHEDN-le-126eme-cycle-IHEDN-jeunes-en-Occitanie_01.jpeg\" class=\"attachment-full size-full wp-image-13333\" alt=\"\u00a9 Pierremmanuel PROUX \/ IHEDN \u00a9 Le 126\u00e8me cycle IHEDN jeunes en Occitanie\" \/>\t\t\t\t\t\t\t\t\t\t\t\t\t\t\t<\/div>\n\t\t\t\t<\/div>\n\t\t\t\t\t<\/div>\n\t\t<\/div>\n\t\t\t\t<div class=\"elementor-column elementor-col-50 elementor-top-column elementor-element elementor-element-5602920\" data-id=\"5602920\" data-element_type=\"column\" data-e-type=\"column\">\n\t\t\t<div class=\"elementor-widget-wrap elementor-element-populated\">\n\t\t\t\t\t\t<div class=\"elementor-element elementor-element-2abb640 elementor-widget elementor-widget-text-editor\" data-id=\"2abb640\" data-element_type=\"widget\" data-e-type=\"widget\" data-widget_type=\"text-editor.default\">\n\t\t\t\t<div class=\"elementor-widget-container\">\n\t\t\t\t\t\t\t\t\t<p>Saturday 10 July saw the close of the 126<sup>e<\/sup> cycle IHEDN jeunes en Occitanie, at the Palais Niel, Toulouse, headquarters of the 11<sup>e<\/sup> parachute brigade. The course, opened on 5 July by sub-prefect Jean-Michel Delvert, head of the regional and specialised activities department at IHEDN, was attended by 75 young working people and students with a shared interest in defence, national security and international relations.<\/p><p>Throughout the week, participants benefited from IHEDN's threefold programme of high-level lectures, group committee work and visits. The applicable health rules meant that they were welcomed at industrial sites (Airbus Defence and Space, CNES, DGA Techniques A\u00e9ronautiques and Thales Alenia Space) as well as by military formations (1<sup>er<\/sup> Parachute Train Regiment and 17<sup>e<\/sup> R\u00e9giment du G\u00e9nie Parachutiste).<\/p>\t\t\t\t\t\t\t\t<\/div>\n\t\t\t\t<\/div>\n\t\t\t\t\t<\/div>\n\t\t<\/div>\n\t\t\t\t\t<\/div>\n\t\t<\/section>\n\t\t\t\t<section data-particle_enable=\"false\" data-particle-mobile-disabled=\"false\" class=\"elementor-section elementor-top-section elementor-element elementor-element-45a7836 elementor-section-boxed elementor-section-height-default elementor-section-height-default\" data-id=\"45a7836\" data-element_type=\"section\" data-e-type=\"section\">\n\t\t\t\t\t\t<div class=\"elementor-container elementor-column-gap-default\">\n\t\t\t\t\t<div class=\"elementor-column elementor-col-100 elementor-top-column elementor-element elementor-element-834a02e\" data-id=\"834a02e\" data-element_type=\"column\" data-e-type=\"column\">\n\t\t\t<div class=\"elementor-widget-wrap elementor-element-populated\">\n\t\t\t\t\t\t<div class=\"elementor-element elementor-element-4b8d53d elementor-widget elementor-widget-image\" data-id=\"4b8d53d\" data-element_type=\"widget\" data-e-type=\"widget\" data-widget_type=\"image.default\">\n\t\t\t\t<div class=\"elementor-widget-container\">\n\t\t\t\t\t\t\t\t\t\t\t\t\t\t\t<img decoding=\"async\" width=\"1600\" height=\"886\" src=\"https:\/\/ihedn.fr\/wp-content\/uploads\/2021\/07\/IHEDN-le-126eme-cycle-IHEDN-jeunes-en-Occitanie_02-1.jpg\" class=\"attachment-full size-full wp-image-13336\" alt=\"\u00a9 Pierremmanuel PROUX \/ IHEDN \u00a9 Le 126\u00e8me cycle IHEDN jeunes en Occitanie\" srcset=\"https:\/\/ihedn.fr\/wp-content\/uploads\/2021\/07\/IHEDN-le-126eme-cycle-IHEDN-jeunes-en-Occitanie_02-1.jpg 1600w, https:\/\/ihedn.fr\/wp-content\/uploads\/2021\/07\/IHEDN-le-126eme-cycle-IHEDN-jeunes-en-Occitanie_02-1-1536x851.jpg 1536w\" sizes=\"(max-width: 1600px) 100vw, 1600px\" \/>\t\t\t\t\t\t\t\t\t\t\t\t\t\t\t<\/div>\n\t\t\t\t<\/div>\n\t\t\t\t\t<\/div>\n\t\t<\/div>\n\t\t\t\t\t<\/div>\n\t\t<\/section>\n\t\t\t\t<section data-particle_enable=\"false\" data-particle-mobile-disabled=\"false\" class=\"elementor-section elementor-top-section elementor-element elementor-element-1f90825 elementor-section-boxed elementor-section-height-default elementor-section-height-default\" data-id=\"1f90825\" data-element_type=\"section\" data-e-type=\"section\">\n\t\t\t\t\t\t<div class=\"elementor-container elementor-column-gap-default\">\n\t\t\t\t\t<div class=\"elementor-column elementor-col-100 elementor-top-column elementor-element elementor-element-c703b98\" data-id=\"c703b98\" data-element_type=\"column\" data-e-type=\"column\">\n\t\t\t<div class=\"elementor-widget-wrap elementor-element-populated\">\n\t\t\t\t\t\t<div class=\"elementor-element elementor-element-d7bd724 elementor-widget elementor-widget-text-editor\" data-id=\"d7bd724\" data-element_type=\"widget\" data-e-type=\"widget\" data-widget_type=\"text-editor.default\">\n\t\t\t\t<div class=\"elementor-widget-container\">\n\t\t\t\t\t\t\t\t\t<p>This particularly fast-paced week ended with the presentation of the position papers at a ceremony presided over by Professor Olivier Schmitt, head of the IHEDN studies and research department, in the presence of Colonel Gastine, deputy colonel of the 11th Parachute Brigade, Isabelle Ferrer, deputy mayor of Toulouse with responsibility for employment, and Marc Sztulman, regional councillor for the Occitanie region.<\/p>\t\t\t\t\t\t\t\t<\/div>\n\t\t\t\t<\/div>\n\t\t\t\t\t<\/div>\n\t\t<\/div>\n\t\t\t\t\t<\/div>\n\t\t<\/section>\n\t\t\t\t<\/div>","protected":false},"excerpt":{"rendered":"<p>Saturday 10 July saw the close of the 126<sup>e<\/sup> cycle IHEDN jeunes en Occitanie, at the Palais Niel in Toulouse, headquarters of the 11th parachute brigade.<\/p>","protected":false},"author":1,"featured_media":13332,"comment_status":"closed","ping_status":"closed","sticky":false,"template":"","format":"standard","meta":{"footnotes":""},"categories":[172],"tags":[],"class_list":["post-13330","post","type-post","status-publish","format-standard","has-post-thumbnail","hentry","category-notre-actualite"],"yoast_head":"<!-- This site is optimized with the Yoast SEO plugin v27.5 - https:\/\/yoast.com\/product\/yoast-seo-wordpress\/ -->\n<title>Le 126e cycle IHEDN jeunes en Occitanie - L&#039;IHEDN : Institut des hautes \u00e9tudes de d\u00e9fense nationale<\/title>\n<meta name=\"description\" content=\"Du 22 au 27 f\u00e9vrier 2021 s\u2019est d\u00e9roul\u00e9 \u00e0 Rouen le 123e cycle &quot;IHEDN-Jeunes&quot;, au cours duquel une soixantaine de jeunes, de tous horizons et entre 20 et 30 ans, se sont r\u00e9unis pour apprendre et \u00e9changer autour des th\u00e9matiques de D\u00e9fense et de S\u00e9curit\u00e9 Nationale.\" \/>\n<meta name=\"robots\" content=\"index, follow, max-snippet:-1, max-image-preview:large, max-video-preview:-1\" \/>\n<link rel=\"canonical\" href=\"https:\/\/ihedn.fr\/en\/actualites-des-sessions\/le-126eme-cycle-ihedn-jeunes-en-occitanie\/\" \/>\n<meta property=\"og:locale\" content=\"en_GB\" \/>\n<meta property=\"og:type\" content=\"article\" \/>\n<meta property=\"og:title\" content=\"Le 126e cycle IHEDN jeunes en Occitanie - L&#039;IHEDN : Institut des hautes \u00e9tudes de d\u00e9fense nationale\" \/>\n<meta property=\"og:description\" content=\"Du 22 au 27 f\u00e9vrier 2021 s\u2019est d\u00e9roul\u00e9 \u00e0 Rouen le 123e cycle &quot;IHEDN-Jeunes&quot;, au cours duquel une soixantaine de jeunes, de tous horizons et entre 20 et 30 ans, se sont r\u00e9unis pour apprendre et \u00e9changer autour des th\u00e9matiques de D\u00e9fense et de S\u00e9curit\u00e9 Nationale.\" \/>\n<meta property=\"og:url\" content=\"https:\/\/ihedn.fr\/en\/actualites-des-sessions\/le-126eme-cycle-ihedn-jeunes-en-occitanie\/\" \/>\n<meta property=\"og:site_name\" content=\"L&#039;IHEDN : Institut des hautes \u00e9tudes de d\u00e9fense nationale\" \/>\n<meta property=\"article:publisher\" content=\"https:\/\/www.facebook.com\/ihedn\/\" \/>\n<meta property=\"article:published_time\" content=\"2021-07-13T06:57:02+00:00\" \/>\n<meta property=\"article:modified_time\" content=\"2022-11-25T14:22:54+00:00\" \/>\n<meta property=\"og:image\" content=\"https:\/\/ihedn.fr\/wp-content\/uploads\/2021\/07\/IHEDN-le-126eme-cycle-IHEDN-jeunes-en-Occitanie_00.jpg\" \/>\n\t<meta property=\"og:image:width\" content=\"1216\" \/>\n\t<meta property=\"og:image:height\" content=\"495\" \/>\n\t<meta property=\"og:image:type\" content=\"image\/jpeg\" \/>\n<meta name=\"author\" content=\"dev\" \/>\n<meta name=\"twitter:card\" content=\"summary_large_image\" \/>\n<meta name=\"twitter:creator\" content=\"@IHEDN\" \/>\n<meta name=\"twitter:site\" content=\"@IHEDN\" \/>\n<meta name=\"twitter:label1\" content=\"Written by\" \/>\n\t<meta name=\"twitter:data1\" content=\"dev\" \/>\n\t<meta name=\"twitter:label2\" content=\"Estimated reading time\" \/>\n\t<meta name=\"twitter:data2\" content=\"2 minutes\" \/>\n<script type=\"application\/ld+json\" class=\"yoast-schema-graph\">{\"@context\":\"https:\\\/\\\/schema.org\",\"@graph\":[{\"@type\":\"Article\",\"@id\":\"https:\\\/\\\/ihedn.fr\\\/actualites-des-sessions\\\/le-126eme-cycle-ihedn-jeunes-en-occitanie\\\/#article\",\"isPartOf\":{\"@id\":\"https:\\\/\\\/ihedn.fr\\\/actualites-des-sessions\\\/le-126eme-cycle-ihedn-jeunes-en-occitanie\\\/\"},\"author\":{\"name\":\"dev\",\"@id\":\"https:\\\/\\\/ihedn.fr\\\/#\\\/schema\\\/person\\\/7a40155595e4efb35323447cb8c8c5a4\"},\"headline\":\"Le 126e cycle IHEDN jeunes en Occitanie\",\"datePublished\":\"2021-07-13T06:57:02+00:00\",\"dateModified\":\"2022-11-25T14:22:54+00:00\",\"mainEntityOfPage\":{\"@id\":\"https:\\\/\\\/ihedn.fr\\\/actualites-des-sessions\\\/le-126eme-cycle-ihedn-jeunes-en-occitanie\\\/\"},\"wordCount\":260,\"publisher\":{\"@id\":\"https:\\\/\\\/ihedn.fr\\\/#organization\"},\"image\":{\"@id\":\"https:\\\/\\\/ihedn.fr\\\/actualites-des-sessions\\\/le-126eme-cycle-ihedn-jeunes-en-occitanie\\\/#primaryimage\"},\"thumbnailUrl\":\"https:\\\/\\\/ihedn.fr\\\/wp-content\\\/uploads\\\/2021\\\/07\\\/IHEDN-le-126eme-cycle-IHEDN-jeunes-en-Occitanie_00.jpg\",\"articleSection\":[\"Notre actualit\u00e9\"],\"inLanguage\":\"en-GB\"},{\"@type\":\"WebPage\",\"@id\":\"https:\\\/\\\/ihedn.fr\\\/actualites-des-sessions\\\/le-126eme-cycle-ihedn-jeunes-en-occitanie\\\/\",\"url\":\"https:\\\/\\\/ihedn.fr\\\/actualites-des-sessions\\\/le-126eme-cycle-ihedn-jeunes-en-occitanie\\\/\",\"name\":\"Le 126e cycle IHEDN jeunes en Occitanie - L&#039;IHEDN : Institut des hautes \u00e9tudes de d\u00e9fense nationale\",\"isPartOf\":{\"@id\":\"https:\\\/\\\/ihedn.fr\\\/#website\"},\"primaryImageOfPage\":{\"@id\":\"https:\\\/\\\/ihedn.fr\\\/actualites-des-sessions\\\/le-126eme-cycle-ihedn-jeunes-en-occitanie\\\/#primaryimage\"},\"image\":{\"@id\":\"https:\\\/\\\/ihedn.fr\\\/actualites-des-sessions\\\/le-126eme-cycle-ihedn-jeunes-en-occitanie\\\/#primaryimage\"},\"thumbnailUrl\":\"https:\\\/\\\/ihedn.fr\\\/wp-content\\\/uploads\\\/2021\\\/07\\\/IHEDN-le-126eme-cycle-IHEDN-jeunes-en-Occitanie_00.jpg\",\"datePublished\":\"2021-07-13T06:57:02+00:00\",\"dateModified\":\"2022-11-25T14:22:54+00:00\",\"description\":\"Du 22 au 27 f\u00e9vrier 2021 s\u2019est d\u00e9roul\u00e9 \u00e0 Rouen le 123e cycle \\\"IHEDN-Jeunes\\\", au cours duquel une soixantaine de jeunes, de tous horizons et entre 20 et 30 ans, se sont r\u00e9unis pour apprendre et \u00e9changer autour des th\u00e9matiques de D\u00e9fense et de S\u00e9curit\u00e9 Nationale.\",\"breadcrumb\":{\"@id\":\"https:\\\/\\\/ihedn.fr\\\/actualites-des-sessions\\\/le-126eme-cycle-ihedn-jeunes-en-occitanie\\\/#breadcrumb\"},\"inLanguage\":\"en-GB\",\"potentialAction\":[{\"@type\":\"ReadAction\",\"target\":[\"https:\\\/\\\/ihedn.fr\\\/actualites-des-sessions\\\/le-126eme-cycle-ihedn-jeunes-en-occitanie\\\/\"]}]},{\"@type\":\"ImageObject\",\"inLanguage\":\"en-GB\",\"@id\":\"https:\\\/\\\/ihedn.fr\\\/actualites-des-sessions\\\/le-126eme-cycle-ihedn-jeunes-en-occitanie\\\/#primaryimage\",\"url\":\"https:\\\/\\\/ihedn.fr\\\/wp-content\\\/uploads\\\/2021\\\/07\\\/IHEDN-le-126eme-cycle-IHEDN-jeunes-en-Occitanie_00.jpg\",\"contentUrl\":\"https:\\\/\\\/ihedn.fr\\\/wp-content\\\/uploads\\\/2021\\\/07\\\/IHEDN-le-126eme-cycle-IHEDN-jeunes-en-Occitanie_00.jpg\",\"width\":1216,\"height\":495,\"caption\":\"\u00a9 Pierremmanuel PROUX \\\/ IHEDN \u00a9 Le 126\u00e8me cycle IHEDN jeunes en Occitanie\"},{\"@type\":\"BreadcrumbList\",\"@id\":\"https:\\\/\\\/ihedn.fr\\\/actualites-des-sessions\\\/le-126eme-cycle-ihedn-jeunes-en-occitanie\\\/#breadcrumb\",\"itemListElement\":[{\"@type\":\"ListItem\",\"position\":1,\"name\":\"Accueil\",\"item\":\"https:\\\/\\\/ihedn.fr\\\/\"},{\"@type\":\"ListItem\",\"position\":2,\"name\":\"Le 126e cycle IHEDN jeunes en Occitanie\"}]},{\"@type\":\"WebSite\",\"@id\":\"https:\\\/\\\/ihedn.fr\\\/#website\",\"url\":\"https:\\\/\\\/ihedn.fr\\\/\",\"name\":\"IHEDN : Institut des hautes \u00e9tudes de d\u00e9fense nationale |\",\"description\":\"Site officiel de l&#039;IHEDN plac\u00e9 sous la tutelle du Premier ministre.\",\"publisher\":{\"@id\":\"https:\\\/\\\/ihedn.fr\\\/#organization\"},\"potentialAction\":[{\"@type\":\"SearchAction\",\"target\":{\"@type\":\"EntryPoint\",\"urlTemplate\":\"https:\\\/\\\/ihedn.fr\\\/?s={search_term_string}\"},\"query-input\":{\"@type\":\"PropertyValueSpecification\",\"valueRequired\":true,\"valueName\":\"search_term_string\"}}],\"inLanguage\":\"en-GB\"},{\"@type\":\"Organization\",\"@id\":\"https:\\\/\\\/ihedn.fr\\\/#organization\",\"name\":\"IHEDN - Institut des Hautes Etudes de D\u00e9fense Nationale\",\"url\":\"https:\\\/\\\/ihedn.fr\\\/\",\"logo\":{\"@type\":\"ImageObject\",\"inLanguage\":\"en-GB\",\"@id\":\"https:\\\/\\\/ihedn.fr\\\/#\\\/schema\\\/logo\\\/image\\\/\",\"url\":\"https:\\\/\\\/ihedn.fr\\\/wp-content\\\/uploads\\\/2020\\\/11\\\/BLOC_RF_IHEDN_WEB.png\",\"contentUrl\":\"https:\\\/\\\/ihedn.fr\\\/wp-content\\\/uploads\\\/2020\\\/11\\\/BLOC_RF_IHEDN_WEB.png\",\"width\":500,\"height\":237,\"caption\":\"IHEDN - Institut des Hautes Etudes de D\u00e9fense Nationale\"},\"image\":{\"@id\":\"https:\\\/\\\/ihedn.fr\\\/#\\\/schema\\\/logo\\\/image\\\/\"},\"sameAs\":[\"https:\\\/\\\/www.facebook.com\\\/ihedn\\\/\",\"https:\\\/\\\/x.com\\\/IHEDN\",\"https:\\\/\\\/www.instagram.com\\\/ihedn\\\/\",\"https:\\\/\\\/www.linkedin.com\\\/school\\\/ihedn\\\/\",\"https:\\\/\\\/fr.wikipedia.org\\\/wiki\\\/Institut_des_hautes_\u00e9tudes_de_D\u00e9fense_nationale\"]},{\"@type\":\"Person\",\"@id\":\"https:\\\/\\\/ihedn.fr\\\/#\\\/schema\\\/person\\\/7a40155595e4efb35323447cb8c8c5a4\",\"name\":\"dev\",\"image\":{\"@type\":\"ImageObject\",\"inLanguage\":\"en-GB\",\"@id\":\"https:\\\/\\\/secure.gravatar.com\\\/avatar\\\/f1ffcac9ca2fa95ad3ec33e9be3ade82f752acb0cabe541e56c5889225afa88a?s=96&d=mm&r=g\",\"url\":\"https:\\\/\\\/secure.gravatar.com\\\/avatar\\\/f1ffcac9ca2fa95ad3ec33e9be3ade82f752acb0cabe541e56c5889225afa88a?s=96&d=mm&r=g\",\"contentUrl\":\"https:\\\/\\\/secure.gravatar.com\\\/avatar\\\/f1ffcac9ca2fa95ad3ec33e9be3ade82f752acb0cabe541e56c5889225afa88a?s=96&d=mm&r=g\",\"caption\":\"dev\"},\"sameAs\":[\"https:\\\/\\\/ihedn.concilium.click\"],\"url\":\"https:\\\/\\\/ihedn.fr\\\/en\\\/author\\\/dev\\\/\"}]}<\/script>\n<!-- \/ Yoast SEO plugin. -->","yoast_head_json":{"title":"The 126th IHEDN cycle for young people in Occitania - L'IHEDN : Institut des hautes \u00e9tudes de d\u00e9fense nationale","description":"From 22 to 27 February 2021, the 123rd \"IHEDN-Jeunes\" cycle was held in Rouen, bringing together around sixty young people from all backgrounds and aged between 20 and 30 to learn about and exchange ideas on defence and national security issues.","robots":{"index":"index","follow":"follow","max-snippet":"max-snippet:-1","max-image-preview":"max-image-preview:large","max-video-preview":"max-video-preview:-1"},"canonical":"https:\/\/ihedn.fr\/en\/actualites-des-sessions\/le-126eme-cycle-ihedn-jeunes-en-occitanie\/","og_locale":"en_GB","og_type":"article","og_title":"Le 126e cycle IHEDN jeunes en Occitanie - L&#039;IHEDN : Institut des hautes \u00e9tudes de d\u00e9fense nationale","og_description":"Du 22 au 27 f\u00e9vrier 2021 s\u2019est d\u00e9roul\u00e9 \u00e0 Rouen le 123e cycle \"IHEDN-Jeunes\", au cours duquel une soixantaine de jeunes, de tous horizons et entre 20 et 30 ans, se sont r\u00e9unis pour apprendre et \u00e9changer autour des th\u00e9matiques de D\u00e9fense et de S\u00e9curit\u00e9 Nationale.","og_url":"https:\/\/ihedn.fr\/en\/actualites-des-sessions\/le-126eme-cycle-ihedn-jeunes-en-occitanie\/","og_site_name":"L&#039;IHEDN : Institut des hautes \u00e9tudes de d\u00e9fense nationale","article_publisher":"https:\/\/www.facebook.com\/ihedn\/","article_published_time":"2021-07-13T06:57:02+00:00","article_modified_time":"2022-11-25T14:22:54+00:00","og_image":[{"width":1216,"height":495,"url":"https:\/\/ihedn.fr\/wp-content\/uploads\/2021\/07\/IHEDN-le-126eme-cycle-IHEDN-jeunes-en-Occitanie_00.jpg","type":"image\/jpeg"}],"author":"dev","twitter_card":"summary_large_image","twitter_creator":"@IHEDN","twitter_site":"@IHEDN","twitter_misc":{"Written by":"dev","Estimated reading time":"2 minutes"},"schema":{"@context":"https:\/\/schema.org","@graph":[{"@type":"Article","@id":"https:\/\/ihedn.fr\/actualites-des-sessions\/le-126eme-cycle-ihedn-jeunes-en-occitanie\/#article","isPartOf":{"@id":"https:\/\/ihedn.fr\/actualites-des-sessions\/le-126eme-cycle-ihedn-jeunes-en-occitanie\/"},"author":{"name":"dev","@id":"https:\/\/ihedn.fr\/#\/schema\/person\/7a40155595e4efb35323447cb8c8c5a4"},"headline":"Le 126e cycle IHEDN jeunes en Occitanie","datePublished":"2021-07-13T06:57:02+00:00","dateModified":"2022-11-25T14:22:54+00:00","mainEntityOfPage":{"@id":"https:\/\/ihedn.fr\/actualites-des-sessions\/le-126eme-cycle-ihedn-jeunes-en-occitanie\/"},"wordCount":260,"publisher":{"@id":"https:\/\/ihedn.fr\/#organization"},"image":{"@id":"https:\/\/ihedn.fr\/actualites-des-sessions\/le-126eme-cycle-ihedn-jeunes-en-occitanie\/#primaryimage"},"thumbnailUrl":"https:\/\/ihedn.fr\/wp-content\/uploads\/2021\/07\/IHEDN-le-126eme-cycle-IHEDN-jeunes-en-Occitanie_00.jpg","articleSection":["Notre actualit\u00e9"],"inLanguage":"en-GB"},{"@type":"WebPage","@id":"https:\/\/ihedn.fr\/actualites-des-sessions\/le-126eme-cycle-ihedn-jeunes-en-occitanie\/","url":"https:\/\/ihedn.fr\/actualites-des-sessions\/le-126eme-cycle-ihedn-jeunes-en-occitanie\/","name":"The 126th IHEDN cycle for young people in Occitania - L'IHEDN : Institut des hautes \u00e9tudes de d\u00e9fense nationale","isPartOf":{"@id":"https:\/\/ihedn.fr\/#website"},"primaryImageOfPage":{"@id":"https:\/\/ihedn.fr\/actualites-des-sessions\/le-126eme-cycle-ihedn-jeunes-en-occitanie\/#primaryimage"},"image":{"@id":"https:\/\/ihedn.fr\/actualites-des-sessions\/le-126eme-cycle-ihedn-jeunes-en-occitanie\/#primaryimage"},"thumbnailUrl":"https:\/\/ihedn.fr\/wp-content\/uploads\/2021\/07\/IHEDN-le-126eme-cycle-IHEDN-jeunes-en-Occitanie_00.jpg","datePublished":"2021-07-13T06:57:02+00:00","dateModified":"2022-11-25T14:22:54+00:00","description":"From 22 to 27 February 2021, the 123rd \"IHEDN-Jeunes\" cycle was held in Rouen, bringing together around sixty young people from all backgrounds and aged between 20 and 30 to learn about and exchange ideas on defence and national security issues.","breadcrumb":{"@id":"https:\/\/ihedn.fr\/actualites-des-sessions\/le-126eme-cycle-ihedn-jeunes-en-occitanie\/#breadcrumb"},"inLanguage":"en-GB","potentialAction":[{"@type":"ReadAction","target":["https:\/\/ihedn.fr\/actualites-des-sessions\/le-126eme-cycle-ihedn-jeunes-en-occitanie\/"]}]},{"@type":"ImageObject","inLanguage":"en-GB","@id":"https:\/\/ihedn.fr\/actualites-des-sessions\/le-126eme-cycle-ihedn-jeunes-en-occitanie\/#primaryimage","url":"https:\/\/ihedn.fr\/wp-content\/uploads\/2021\/07\/IHEDN-le-126eme-cycle-IHEDN-jeunes-en-Occitanie_00.jpg","contentUrl":"https:\/\/ihedn.fr\/wp-content\/uploads\/2021\/07\/IHEDN-le-126eme-cycle-IHEDN-jeunes-en-Occitanie_00.jpg","width":1216,"height":495,"caption":"\u00a9 Pierremmanuel PROUX \/ IHEDN \u00a9 Le 126\u00e8me cycle IHEDN jeunes en Occitanie"},{"@type":"BreadcrumbList","@id":"https:\/\/ihedn.fr\/actualites-des-sessions\/le-126eme-cycle-ihedn-jeunes-en-occitanie\/#breadcrumb","itemListElement":[{"@type":"ListItem","position":1,"name":"Accueil","item":"https:\/\/ihedn.fr\/"},{"@type":"ListItem","position":2,"name":"Le 126e cycle IHEDN jeunes en Occitanie"}]},{"@type":"WebSite","@id":"https:\/\/ihedn.fr\/#website","url":"https:\/\/ihedn.fr\/","name":"IHEDN: Institut des hautes \u00e9tudes de d\u00e9fense nationale (Institute for Higher National Defence Studies)","description":"Official website of the IHEDN under the supervision of the Prime Minister.","publisher":{"@id":"https:\/\/ihedn.fr\/#organization"},"potentialAction":[{"@type":"SearchAction","target":{"@type":"EntryPoint","urlTemplate":"https:\/\/ihedn.fr\/?s={search_term_string}"},"query-input":{"@type":"PropertyValueSpecification","valueRequired":true,"valueName":"search_term_string"}}],"inLanguage":"en-GB"},{"@type":"Organization","@id":"https:\/\/ihedn.fr\/#organization","name":"IHEDN - Institute for Higher National Defence Studies","url":"https:\/\/ihedn.fr\/","logo":{"@type":"ImageObject","inLanguage":"en-GB","@id":"https:\/\/ihedn.fr\/#\/schema\/logo\/image\/","url":"https:\/\/ihedn.fr\/wp-content\/uploads\/2020\/11\/BLOC_RF_IHEDN_WEB.png","contentUrl":"https:\/\/ihedn.fr\/wp-content\/uploads\/2020\/11\/BLOC_RF_IHEDN_WEB.png","width":500,"height":237,"caption":"IHEDN - Institut des Hautes Etudes de D\u00e9fense Nationale"},"image":{"@id":"https:\/\/ihedn.fr\/#\/schema\/logo\/image\/"},"sameAs":["https:\/\/www.facebook.com\/ihedn\/","https:\/\/x.com\/IHEDN","https:\/\/www.instagram.com\/ihedn\/","https:\/\/www.linkedin.com\/school\/ihedn\/","https:\/\/fr.wikipedia.org\/wiki\/Institut_des_hautes_\u00e9tudes_de_D\u00e9fense_nationale"]},{"@type":"Person","@id":"https:\/\/ihedn.fr\/#\/schema\/person\/7a40155595e4efb35323447cb8c8c5a4","name":"dev","image":{"@type":"ImageObject","inLanguage":"en-GB","@id":"https:\/\/secure.gravatar.com\/avatar\/f1ffcac9ca2fa95ad3ec33e9be3ade82f752acb0cabe541e56c5889225afa88a?s=96&d=mm&r=g","url":"https:\/\/secure.gravatar.com\/avatar\/f1ffcac9ca2fa95ad3ec33e9be3ade82f752acb0cabe541e56c5889225afa88a?s=96&d=mm&r=g","contentUrl":"https:\/\/secure.gravatar.com\/avatar\/f1ffcac9ca2fa95ad3ec33e9be3ade82f752acb0cabe541e56c5889225afa88a?s=96&d=mm&r=g","caption":"dev"},"sameAs":["https:\/\/ihedn.concilium.click"],"url":"https:\/\/ihedn.fr\/en\/author\/dev\/"}]}},"publishpress_future_action":{"enabled":false,"date":"2026-05-10 09:24:12","action":"change-status","newStatus":"draft","terms":[],"taxonomy":"category","extraData":[]},"publishpress_future_workflow_manual_trigger":{"enabledWorkflows":[]},"_links":{"self":[{"href":"https:\/\/ihedn.fr\/en\/wp-json\/wp\/v2\/posts\/13330","targetHints":{"allow":["GET"]}}],"collection":[{"href":"https:\/\/ihedn.fr\/en\/wp-json\/wp\/v2\/posts"}],"about":[{"href":"https:\/\/ihedn.fr\/en\/wp-json\/wp\/v2\/types\/post"}],"author":[{"embeddable":true,"href":"https:\/\/ihedn.fr\/en\/wp-json\/wp\/v2\/users\/1"}],"replies":[{"embeddable":true,"href":"https:\/\/ihedn.fr\/en\/wp-json\/wp\/v2\/comments?post=13330"}],"version-history":[{"count":5,"href":"https:\/\/ihedn.fr\/en\/wp-json\/wp\/v2\/posts\/13330\/revisions"}],"predecessor-version":[{"id":13346,"href":"https:\/\/ihedn.fr\/en\/wp-json\/wp\/v2\/posts\/13330\/revisions\/13346"}],"wp:featuredmedia":[{"embeddable":true,"href":"https:\/\/ihedn.fr\/en\/wp-json\/wp\/v2\/media\/13332"}],"wp:attachment":[{"href":"https:\/\/ihedn.fr\/en\/wp-json\/wp\/v2\/media?parent=13330"}],"wp:term":[{"taxonomy":"category","embeddable":true,"href":"https:\/\/ihedn.fr\/en\/wp-json\/wp\/v2\/categories?post=13330"},{"taxonomy":"post_tag","embeddable":true,"href":"https:\/\/ihedn.fr\/en\/wp-json\/wp\/v2\/tags?post=13330"}],"curies":[{"name":"wp","href":"https:\/\/api.w.org\/{rel}","templated":true}]}}