{"id":13811,"date":"1921-10-12T08:30:59","date_gmt":"1921-10-12T07:30:59","guid":{"rendered":"https:\/\/ihedn.fr\/?p=13811"},"modified":"2021-10-18T13:21:20","modified_gmt":"2021-10-18T12:21:20","slug":"3e-journee-innovations-metallurgiques-pour-lindustrie-de-la-defense","status":"publish","type":"post","link":"https:\/\/ihedn.fr\/en\/uncategorized\/3e-journee-innovations-metallurgiques-pour-lindustrie-de-la-defense\/","title":{"rendered":"Metallurgical innovations for the defence industry\" day"},"content":{"rendered":"<div data-elementor-type=\"wp-post\" data-elementor-id=\"13811\" class=\"elementor elementor-13811\" data-elementor-post-type=\"post\">\n\t\t\t\t\t\t<section data-particle_enable=\"false\" data-particle-mobile-disabled=\"false\" class=\"elementor-section elementor-top-section elementor-element elementor-element-60a4b8a elementor-section-boxed elementor-section-height-default elementor-section-height-default\" data-id=\"60a4b8a\" data-element_type=\"section\" data-e-type=\"section\">\n\t\t\t\t\t\t<div class=\"elementor-container elementor-column-gap-default\">\n\t\t\t\t\t<div class=\"elementor-column elementor-col-100 elementor-top-column elementor-element elementor-element-c8d6a6f\" data-id=\"c8d6a6f\" data-element_type=\"column\" data-e-type=\"column\">\n\t\t\t<div class=\"elementor-widget-wrap elementor-element-populated\">\n\t\t\t\t\t\t<div class=\"elementor-element elementor-element-e043e1f elementor-widget elementor-widget-heading\" data-id=\"e043e1f\" data-element_type=\"widget\" data-e-type=\"widget\" data-widget_type=\"heading.default\">\n\t\t\t\t<div class=\"elementor-widget-container\">\n\t\t\t\t\t<h5 class=\"elementor-heading-title elementor-size-default\">Strategic metals and alloys for the defence industry<\/h5>\t\t\t\t<\/div>\n\t\t\t\t<\/div>\n\t\t\t\t\t<\/div>\n\t\t<\/div>\n\t\t\t\t\t<\/div>\n\t\t<\/section>\n\t\t\t\t<section data-particle_enable=\"false\" data-particle-mobile-disabled=\"false\" class=\"elementor-section elementor-top-section elementor-element elementor-element-8b5b6d2 elementor-section-boxed elementor-section-height-default elementor-section-height-default\" data-id=\"8b5b6d2\" data-element_type=\"section\" data-e-type=\"section\">\n\t\t\t\t\t\t<div class=\"elementor-container elementor-column-gap-default\">\n\t\t\t\t\t<div class=\"elementor-column elementor-col-50 elementor-top-column elementor-element elementor-element-dd19865\" data-id=\"dd19865\" data-element_type=\"column\" data-e-type=\"column\">\n\t\t\t<div class=\"elementor-widget-wrap elementor-element-populated\">\n\t\t\t\t\t\t<div class=\"elementor-element elementor-element-16acce2 elementor-widget elementor-widget-image\" data-id=\"16acce2\" data-element_type=\"widget\" data-e-type=\"widget\" data-widget_type=\"image.default\">\n\t\t\t\t<div class=\"elementor-widget-container\">\n\t\t\t\t\t\t\t\t\t\t\t\t\t\t\t<img fetchpriority=\"high\" decoding=\"async\" width=\"980\" height=\"1369\" src=\"https:\/\/ihedn.fr\/wp-content\/uploads\/2021\/09\/IHEDN-3eJIMID-01.jpg\" class=\"attachment-full size-full wp-image-13814\" alt=\"IHEDN-3e journ\u00e9e innovations m\u00e9tallurgiques pour l\u2019industrie de la d\u00e9fense\" \/>\t\t\t\t\t\t\t\t\t\t\t\t\t\t\t<\/div>\n\t\t\t\t<\/div>\n\t\t\t\t\t<\/div>\n\t\t<\/div>\n\t\t\t\t<div class=\"elementor-column elementor-col-50 elementor-top-column elementor-element elementor-element-0bc742e\" data-id=\"0bc742e\" data-element_type=\"column\" data-e-type=\"column\">\n\t\t\t<div class=\"elementor-widget-wrap elementor-element-populated\">\n\t\t\t\t\t\t<div class=\"elementor-element elementor-element-fcf2d7e elementor-widget elementor-widget-heading\" data-id=\"fcf2d7e\" data-element_type=\"widget\" data-e-type=\"widget\" data-widget_type=\"heading.default\">\n\t\t\t\t<div class=\"elementor-widget-container\">\n\t\t\t\t\t<h5 class=\"elementor-heading-title elementor-size-default\">Tuesday 12 October 2021<\/h5>\t\t\t\t<\/div>\n\t\t\t\t<\/div>\n\t\t\t\t<div class=\"elementor-element elementor-element-1cce460 elementor-widget elementor-widget-heading\" data-id=\"1cce460\" data-element_type=\"widget\" data-e-type=\"widget\" data-widget_type=\"heading.default\">\n\t\t\t\t<div class=\"elementor-widget-container\">\n\t\t\t\t\t<h5 class=\"elementor-heading-title elementor-size-default\">Military School\n<br \/>amphi. FOCH<\/h5>\t\t\t\t<\/div>\n\t\t\t\t<\/div>\n\t\t\t\t<div class=\"elementor-element elementor-element-97cee84 elementor-widget elementor-widget-text-editor\" data-id=\"97cee84\" data-element_type=\"widget\" data-e-type=\"widget\" data-widget_type=\"text-editor.default\">\n\t\t\t\t<div class=\"elementor-widget-container\">\n\t\t\t\t\t\t\t\t\t<p><strong>pre-registration : <\/strong><a href=\"mailto:cemetaux@emse.fr\"><strong>cemetaux@emse.fr<\/strong><\/a><\/p>\t\t\t\t\t\t\t\t<\/div>\n\t\t\t\t<\/div>\n\t\t\t\t<div class=\"elementor-element elementor-element-6d5b230 elementor-widget elementor-widget-text-editor\" data-id=\"6d5b230\" data-element_type=\"widget\" data-e-type=\"widget\" data-widget_type=\"text-editor.default\">\n\t\t\t\t<div class=\"elementor-widget-container\">\n\t\t\t\t\t\t\t\t\t<p><em><span style=\"color: #000000;\"><strong>Event organised by CEM, IHEDN, DGA, ONERA and Aubert &amp; Duval<\/strong><\/span><\/em><\/p>\t\t\t\t\t\t\t\t<\/div>\n\t\t\t\t<\/div>\n\t\t\t\t<div class=\"elementor-element elementor-element-b31192b elementor-widget elementor-widget-text-editor\" data-id=\"b31192b\" data-element_type=\"widget\" data-e-type=\"widget\" data-widget_type=\"text-editor.default\">\n\t\t\t\t<div class=\"elementor-widget-container\">\n\t\t\t\t\t\t\t\t\t<p>This one-day event, devoted primarily to the aerospace industry, focuses on two themes: innovative surface treatments and environmental issues, which are currently of major importance, and advances in the field of metallic materials, in particular materials with high mechanical properties when hot and for ballistic protection, and the contributions of digital simulation, additive manufacturing, friction assembly and expertise in impact physics. It's an opportunity to meet and exchange ideas between producers of high-performance metal alloys, defence manufacturers, research bodies and technical centres, as well as public and private institutions linked to the world of defence. This day is an opportunity to highlight the synergies to be developed between metallurgy, the defence industry and the world of innovation and research.<\/p>\t\t\t\t\t\t\t\t<\/div>\n\t\t\t\t<\/div>\n\t\t\t\t\t<\/div>\n\t\t<\/div>\n\t\t\t\t\t<\/div>\n\t\t<\/section>\n\t\t\t\t<section data-particle_enable=\"false\" data-particle-mobile-disabled=\"false\" class=\"elementor-section elementor-top-section elementor-element elementor-element-b2a7db4 elementor-section-boxed elementor-section-height-default elementor-section-height-default\" data-id=\"b2a7db4\" data-element_type=\"section\" data-e-type=\"section\">\n\t\t\t\t\t\t<div class=\"elementor-container elementor-column-gap-default\">\n\t\t\t\t\t<div class=\"elementor-column elementor-col-100 elementor-top-column elementor-element elementor-element-0f48916\" data-id=\"0f48916\" data-element_type=\"column\" data-e-type=\"column\">\n\t\t\t<div class=\"elementor-widget-wrap elementor-element-populated\">\n\t\t\t\t\t\t<section data-particle_enable=\"false\" data-particle-mobile-disabled=\"false\" class=\"elementor-section elementor-inner-section elementor-element elementor-element-de2aab3 elementor-section-boxed elementor-section-height-default elementor-section-height-default\" data-id=\"de2aab3\" data-element_type=\"section\" data-e-type=\"section\">\n\t\t\t\t\t\t<div class=\"elementor-container elementor-column-gap-default\">\n\t\t\t\t\t<div class=\"elementor-column elementor-col-50 elementor-inner-column elementor-element elementor-element-dc210fc\" data-id=\"dc210fc\" data-element_type=\"column\" data-e-type=\"column\">\n\t\t\t<div class=\"elementor-widget-wrap elementor-element-populated\">\n\t\t\t\t\t\t<div class=\"elementor-element elementor-element-bb6d032 elementor-widget elementor-widget-heading\" data-id=\"bb6d032\" data-element_type=\"widget\" data-e-type=\"widget\" data-widget_type=\"heading.default\">\n\t\t\t\t<div class=\"elementor-widget-container\">\n\t\t\t\t\t<h5 class=\"elementor-heading-title elementor-size-default\">Opening ceremony<\/h5>\t\t\t\t<\/div>\n\t\t\t\t<\/div>\n\t\t\t\t\t<\/div>\n\t\t<\/div>\n\t\t\t\t<div class=\"elementor-column elementor-col-50 elementor-inner-column elementor-element elementor-element-f8ea935\" data-id=\"f8ea935\" data-element_type=\"column\" data-e-type=\"column\">\n\t\t\t<div class=\"elementor-widget-wrap elementor-element-populated\">\n\t\t\t\t\t\t<div class=\"elementor-element elementor-element-55b0097 elementor-widget-divider--view-line elementor-widget elementor-widget-divider\" data-id=\"55b0097\" data-element_type=\"widget\" data-e-type=\"widget\" data-widget_type=\"divider.default\">\n\t\t\t\t<div class=\"elementor-widget-container\">\n\t\t\t\t\t\t\t<div class=\"elementor-divider\">\n\t\t\t<span class=\"elementor-divider-separator\">\n\t\t\t\t\t\t<\/span>\n\t\t<\/div>\n\t\t\t\t\t\t<\/div>\n\t\t\t\t<\/div>\n\t\t\t\t\t<\/div>\n\t\t<\/div>\n\t\t\t\t\t<\/div>\n\t\t<\/section>\n\t\t\t\t<div class=\"elementor-element elementor-element-79c6417 elementor-widget elementor-widget-text-editor\" data-id=\"79c6417\" data-element_type=\"widget\" data-e-type=\"widget\" data-widget_type=\"text-editor.default\">\n\t\t\t\t<div class=\"elementor-widget-container\">\n\t\t\t\t\t\t\t\t\t<ul><li><span style=\"color: #3366ff;\"><strong>09h00 - 09h15 : <\/strong><\/span>Lieutenant General <strong>Beno\u00eet DURIEUX, <\/strong>Director of the Institut des Hautes Etudes de D\u00e9fense Nationale (IHEDN), (to be confirmed)<\/li><li><span style=\"color: #3366ff;\"><strong>09.15 - 09.30 a.m. : <\/strong><\/span>General (2S) <strong>Jean Christophe CARDAMONE, <\/strong>General Engineer 1<sup>era<\/sup> armament studies and techniques class<\/li><li><strong><span style=\"color: #3366ff;\">09.30am - 09.45am :<\/span> C\u00e9cile SELLIER<\/strong>Ing\u00e9nie g\u00e9n\u00e9rale hors classe de l'armement, Technical Director of the Direction G\u00e9n\u00e9rale de l'Armement (DGA)<\/li><li><strong><span style=\"color: #3366ff;\">09.45 - 10.00 a.m. :<\/span>\u00a0Emmanuel CHIVA,<\/strong> Chairman and CEO of the Defence Innovation Agency (AID)<\/li><li><strong><span style=\"color: #3366ff;\">10.00 - 10.15 a.m. :<\/span> \u00a0J\u00e9r\u00f4me FABRE, <\/strong>Chairman and CEO of the High Performance Alloys Division, ERAMET Group<\/li><\/ul>\t\t\t\t\t\t\t\t<\/div>\n\t\t\t\t<\/div>\n\t\t\t\t<section data-particle_enable=\"false\" data-particle-mobile-disabled=\"false\" class=\"elementor-section elementor-inner-section elementor-element elementor-element-b36a797 elementor-section-boxed elementor-section-height-default elementor-section-height-default\" data-id=\"b36a797\" data-element_type=\"section\" data-e-type=\"section\">\n\t\t\t\t\t\t<div class=\"elementor-container elementor-column-gap-default\">\n\t\t\t\t\t<div class=\"elementor-column elementor-col-50 elementor-inner-column elementor-element elementor-element-763f645\" data-id=\"763f645\" data-element_type=\"column\" data-e-type=\"column\">\n\t\t\t<div class=\"elementor-widget-wrap elementor-element-populated\">\n\t\t\t\t\t\t<div class=\"elementor-element elementor-element-8ec3b4e elementor-widget elementor-widget-heading\" data-id=\"8ec3b4e\" data-element_type=\"widget\" data-e-type=\"widget\" data-widget_type=\"heading.default\">\n\t\t\t\t<div class=\"elementor-widget-container\">\n\t\t\t\t\t<h5 class=\"elementor-heading-title elementor-size-default\">Morning<\/h5>\t\t\t\t<\/div>\n\t\t\t\t<\/div>\n\t\t\t\t\t<\/div>\n\t\t<\/div>\n\t\t\t\t<div class=\"elementor-column elementor-col-50 elementor-inner-column elementor-element elementor-element-d2667f9\" data-id=\"d2667f9\" data-element_type=\"column\" data-e-type=\"column\">\n\t\t\t<div class=\"elementor-widget-wrap elementor-element-populated\">\n\t\t\t\t\t\t<div class=\"elementor-element elementor-element-f347148 elementor-widget-divider--view-line elementor-widget elementor-widget-divider\" data-id=\"f347148\" data-element_type=\"widget\" data-e-type=\"widget\" data-widget_type=\"divider.default\">\n\t\t\t\t<div class=\"elementor-widget-container\">\n\t\t\t\t\t\t\t<div class=\"elementor-divider\">\n\t\t\t<span class=\"elementor-divider-separator\">\n\t\t\t\t\t\t<\/span>\n\t\t<\/div>\n\t\t\t\t\t\t<\/div>\n\t\t\t\t<\/div>\n\t\t\t\t\t<\/div>\n\t\t<\/div>\n\t\t\t\t\t<\/div>\n\t\t<\/section>\n\t\t\t\t<div class=\"elementor-element elementor-element-4c69631 elementor-widget elementor-widget-heading\" data-id=\"4c69631\" data-element_type=\"widget\" data-e-type=\"widget\" data-widget_type=\"heading.default\">\n\t\t\t\t<div class=\"elementor-widget-container\">\n\t\t\t\t\t<h1 class=\"elementor-heading-title elementor-size-default\">Innovative surface treatments and environmental issues<\/h1>\t\t\t\t<\/div>\n\t\t\t\t<\/div>\n\t\t\t\t<div class=\"elementor-element elementor-element-1ea495e elementor-widget elementor-widget-text-editor\" data-id=\"1ea495e\" data-element_type=\"widget\" data-e-type=\"widget\" data-widget_type=\"text-editor.default\">\n\t\t\t\t<div class=\"elementor-widget-container\">\n\t\t\t\t\t\t\t\t\t<p><strong><span style=\"color: #3366ff;\">Chairman :<\/span><\/strong> <strong>Pascal LAMESLE<\/strong> - Scientific and Technical Manager (IRT-M2P)<\/p><ul><li><span style=\"color: #3366ff;\"><strong>\u00a0<\/strong><\/span><strong><span style=\"color: #3366ff;\">10.15 - 10.35 a.m. :<\/span> \u00a0<span style=\"color: #ff0000;\">NEXTER<\/span><\/strong><span style=\"color: #ff0000;\">\u00a0<\/span>Gilles CHOLVY - \"Assessment and prospects after 5 years of studies for the replacement of surface treatments impacted by REACh for Nexter Systems equipment\".<\/li><li><strong><span style=\"color: #3366ff;\">10h35- 11h00 :<\/span> <span style=\"color: #000000;\">Coffee break<\/span><\/strong><\/li><li><strong><span style=\"color: #3366ff;\">11.00 - 11.25 a.m. :<\/span> \u00a0<span style=\"color: #ff0000;\">AIRBUS <\/span><\/strong>\u00a0<strong>HELICOPTERS<\/strong> <strong>: <\/strong>David SINOPOLI - \"Corrosion protection and prediction solutions for helicopters<\/li><li><strong><span style=\"color: #3366ff;\">11h25 - 11h50 :<\/span> \u00a0<span style=\"color: #ff0000;\">SAFRAN\u00a0<\/span><\/strong>Marjorie CAVARROC - \"Plasma and supercritical fluid technologies to replace hard Cr for defence applications\".<\/li><li><strong><span style=\"color: #3366ff;\">11h50 - 12h15 :<\/span>\u00a0<span style=\"color: #ff0000;\">ONERA<\/span><\/strong><span style=\"color: #ff0000;\">\u00a0<\/span>C\u00e9cile DAVOINE (ONERA) - \"Transpiring materials for combustion chamber applications\".<\/li><li><strong><span style=\"color: #3366ff;\">12.15pm - 12.40pm :<\/span> \u00a0<span style=\"color: #ff0000;\">MBDA<\/span><\/strong> Presentation by Gilles LE PAGE - \"Solutions deployed by MBDA in response to the REACh issue on surface treatments\".<\/li><li><span style=\"color: #3366ff;\"><strong>12h40- 14h00 : <\/strong><\/span><span style=\"color: #000000;\"><strong>Break - Lunch<\/strong><\/span><\/li><\/ul>\t\t\t\t\t\t\t\t<\/div>\n\t\t\t\t<\/div>\n\t\t\t\t<section data-particle_enable=\"false\" data-particle-mobile-disabled=\"false\" class=\"elementor-section elementor-inner-section elementor-element elementor-element-71b3587 elementor-section-boxed elementor-section-height-default elementor-section-height-default\" data-id=\"71b3587\" data-element_type=\"section\" data-e-type=\"section\">\n\t\t\t\t\t\t<div class=\"elementor-container elementor-column-gap-default\">\n\t\t\t\t\t<div class=\"elementor-column elementor-col-50 elementor-inner-column elementor-element elementor-element-a58a406\" data-id=\"a58a406\" data-element_type=\"column\" data-e-type=\"column\">\n\t\t\t<div class=\"elementor-widget-wrap elementor-element-populated\">\n\t\t\t\t\t\t<div class=\"elementor-element elementor-element-f977db6 elementor-widget elementor-widget-heading\" data-id=\"f977db6\" data-element_type=\"widget\" data-e-type=\"widget\" data-widget_type=\"heading.default\">\n\t\t\t\t<div class=\"elementor-widget-container\">\n\t\t\t\t\t<h5 class=\"elementor-heading-title elementor-size-default\">Afternoon<\/h5>\t\t\t\t<\/div>\n\t\t\t\t<\/div>\n\t\t\t\t\t<\/div>\n\t\t<\/div>\n\t\t\t\t<div class=\"elementor-column elementor-col-50 elementor-inner-column elementor-element elementor-element-21d42d0\" data-id=\"21d42d0\" data-element_type=\"column\" data-e-type=\"column\">\n\t\t\t<div class=\"elementor-widget-wrap elementor-element-populated\">\n\t\t\t\t\t\t<div class=\"elementor-element elementor-element-4ecca77 elementor-widget-divider--view-line elementor-widget elementor-widget-divider\" data-id=\"4ecca77\" data-element_type=\"widget\" data-e-type=\"widget\" data-widget_type=\"divider.default\">\n\t\t\t\t<div class=\"elementor-widget-container\">\n\t\t\t\t\t\t\t<div class=\"elementor-divider\">\n\t\t\t<span class=\"elementor-divider-separator\">\n\t\t\t\t\t\t<\/span>\n\t\t<\/div>\n\t\t\t\t\t\t<\/div>\n\t\t\t\t<\/div>\n\t\t\t\t\t<\/div>\n\t\t<\/div>\n\t\t\t\t\t<\/div>\n\t\t<\/section>\n\t\t\t\t<div class=\"elementor-element elementor-element-81958f8 elementor-widget elementor-widget-heading\" data-id=\"81958f8\" data-element_type=\"widget\" data-e-type=\"widget\" data-widget_type=\"heading.default\">\n\t\t\t\t<div class=\"elementor-widget-container\">\n\t\t\t\t\t<h1 class=\"elementor-heading-title elementor-size-default\">Innovations in metallic materials<\/h1>\t\t\t\t<\/div>\n\t\t\t\t<\/div>\n\t\t\t\t<div class=\"elementor-element elementor-element-cc44525 elementor-widget elementor-widget-text-editor\" data-id=\"cc44525\" data-element_type=\"widget\" data-e-type=\"widget\" data-widget_type=\"text-editor.default\">\n\t\t\t\t<div class=\"elementor-widget-container\">\n\t\t\t\t\t\t\t\t\t<p><span style=\"color: #3366ff;\">Chairman :<\/span> <strong>Hubert SCHAFF<\/strong> - SF2M<\/p><ul><li><span style=\"color: #3366ff;\"><strong>\u00a0<\/strong><\/span><strong><span style=\"color: #3366ff;\">14h00 - 14h25 :<\/span> <span style=\"color: #ff0000;\">AUBERT &amp; DUVAL<\/span> : <\/strong>Charlotte MAYER, Sandrine BOZZI, \"Innovations in metal alloys and applications\":<\/li><li><strong><span style=\"color: #3366ff;\">2.25pm - 2.50pm :<\/span> <span style=\"color: #ff0000;\">INDUSTEEL<\/span>\u00a0:<\/strong> Damien DELORME - \"High-performance steels for ballistic protection\".<\/li><li><strong><span style=\"color: #3366ff;\">2.50pm - 3.15pm :<\/span> <span style=\"color: #ff0000;\">NAVAL GROUP<\/span>\u00a0:<\/strong> Florent BRIDIER - \"Numerical simulation of manufacturing processes: issues and applications to naval defence structures\".<\/li><li><strong><span style=\"color: #3366ff;\">3.15pm - 3.50pm<\/span> - <\/strong>Coffee break<\/li><li><strong><span style=\"color: #3366ff;\">3.50pm - 4.15pm :<\/span> <span style=\"color: #ff0000;\">ARIANE GROUP<\/span>\u00a0: <\/strong>Meriadeg REVAUD - \"Application of additive manufacturing at Ariane Group\".<\/li><\/ul><ul><li><strong><span style=\"color: #3366ff;\">16h15- 16h40 :<\/span> <span style=\"color: #ff0000;\">TRA-C<\/span>\u00a0: <\/strong>\u00a0\u00a0Aymeric DE MONCLIN - : \"Innovative assemblies using FSW (Friction Stir Welding) technology for defence and dual-use applications\".<\/li><li><strong><span style=\"color: #3366ff;\">16h40- 17h05 :<\/span> <span style=\"color: #ff0000;\">THIOT\u00a0<\/span>:<\/strong> Pierre HEREIL - \"Shock physics expertise: optimising defence solutions by correlating experience and digital simulation\".<\/li><\/ul>\t\t\t\t\t\t\t\t<\/div>\n\t\t\t\t<\/div>\n\t\t\t\t<section data-particle_enable=\"false\" data-particle-mobile-disabled=\"false\" class=\"elementor-section elementor-inner-section elementor-element elementor-element-6385db7 elementor-section-boxed elementor-section-height-default elementor-section-height-default\" data-id=\"6385db7\" data-element_type=\"section\" data-e-type=\"section\">\n\t\t\t\t\t\t<div class=\"elementor-container elementor-column-gap-default\">\n\t\t\t\t\t<div class=\"elementor-column elementor-col-50 elementor-inner-column elementor-element elementor-element-be7331f\" data-id=\"be7331f\" data-element_type=\"column\" data-e-type=\"column\">\n\t\t\t<div class=\"elementor-widget-wrap elementor-element-populated\">\n\t\t\t\t\t\t<div class=\"elementor-element elementor-element-eb4b9aa elementor-widget elementor-widget-heading\" data-id=\"eb4b9aa\" data-element_type=\"widget\" data-e-type=\"widget\" data-widget_type=\"heading.default\">\n\t\t\t\t<div class=\"elementor-widget-container\">\n\t\t\t\t\t<h5 class=\"elementor-heading-title elementor-size-default\">Fence<\/h5>\t\t\t\t<\/div>\n\t\t\t\t<\/div>\n\t\t\t\t\t<\/div>\n\t\t<\/div>\n\t\t\t\t<div class=\"elementor-column elementor-col-50 elementor-inner-column elementor-element elementor-element-10bfa07\" data-id=\"10bfa07\" data-element_type=\"column\" data-e-type=\"column\">\n\t\t\t<div class=\"elementor-widget-wrap elementor-element-populated\">\n\t\t\t\t\t\t<div class=\"elementor-element elementor-element-ca306e9 elementor-widget-divider--view-line elementor-widget elementor-widget-divider\" data-id=\"ca306e9\" data-element_type=\"widget\" data-e-type=\"widget\" data-widget_type=\"divider.default\">\n\t\t\t\t<div class=\"elementor-widget-container\">\n\t\t\t\t\t\t\t<div class=\"elementor-divider\">\n\t\t\t<span class=\"elementor-divider-separator\">\n\t\t\t\t\t\t<\/span>\n\t\t<\/div>\n\t\t\t\t\t\t<\/div>\n\t\t\t\t<\/div>\n\t\t\t\t\t<\/div>\n\t\t<\/div>\n\t\t\t\t\t<\/div>\n\t\t<\/section>\n\t\t\t\t<div class=\"elementor-element elementor-element-bf1cb4b elementor-widget elementor-widget-text-editor\" data-id=\"bf1cb4b\" data-element_type=\"widget\" data-e-type=\"widget\" data-widget_type=\"text-editor.default\">\n\t\t\t\t<div class=\"elementor-widget-container\">\n\t\t\t\t\t\t\t\t\t<ul><li><strong><span style=\"color: #3366ff;\">17h05- 17h30 :<\/span>\u00a0Fran\u00e7ois MESTRE : \u00a0<\/strong> General Engineer 1<sup>era<\/sup> Head of the Industrial Affairs and Economic Intelligence Department of the French Defence Procurement Agency (DGA)<\/li><\/ul>\t\t\t\t\t\t\t\t<\/div>\n\t\t\t\t<\/div>\n\t\t\t\t\t<\/div>\n\t\t<\/div>\n\t\t\t\t\t<\/div>\n\t\t<\/section>\n\t\t\t\t<\/div>","protected":false},"excerpt":{"rendered":"<p><span style=\"color: #c80a23;\"><strong>Tuesday 12 October 2021<\/strong><\/span><br \/>\n<strong>at the \u00c9cole Militaire in Paris<\/strong><br \/>\nAmphi. FOCH<\/p>","protected":false},"author":1,"featured_media":13813,"comment_status":"closed","ping_status":"closed","sticky":false,"template":"","format":"standard","meta":{"footnotes":""},"categories":[1],"tags":[],"class_list":["post-13811","post","type-post","status-publish","format-standard","has-post-thumbnail","hentry","category-uncategorized"],"yoast_head":"<!-- This site is optimized with the Yoast SEO plugin v27.5 - https:\/\/yoast.com\/product\/yoast-seo-wordpress\/ -->\n<title>Journ\u00e9e &quot;Innovations m\u00e9tallurgiques pour l\u2019industrie de la d\u00e9fense&quot; - L&#039;IHEDN : Institut des hautes \u00e9tudes de d\u00e9fense nationale<\/title>\n<meta name=\"robots\" content=\"index, follow, max-snippet:-1, max-image-preview:large, max-video-preview:-1\" \/>\n<link rel=\"canonical\" href=\"https:\/\/ihedn.fr\/en\/archives-2\/3e-journee-innovations-metallurgiques-pour-lindustrie-de-la-defense\/\" \/>\n<meta property=\"og:locale\" content=\"en_GB\" \/>\n<meta property=\"og:type\" content=\"article\" \/>\n<meta property=\"og:title\" content=\"Journ\u00e9e &quot;Innovations m\u00e9tallurgiques pour l\u2019industrie de la d\u00e9fense&quot; - L&#039;IHEDN : Institut des hautes \u00e9tudes de d\u00e9fense nationale\" \/>\n<meta property=\"og:description\" content=\"mardi 12 octobre 2021 \u00e0 l&#039;\u00c9cole Militaire de Paris Amphi. FOCH\" \/>\n<meta property=\"og:url\" content=\"https:\/\/ihedn.fr\/en\/archives-2\/3e-journee-innovations-metallurgiques-pour-lindustrie-de-la-defense\/\" \/>\n<meta property=\"og:site_name\" content=\"L&#039;IHEDN : Institut des hautes \u00e9tudes de d\u00e9fense nationale\" \/>\n<meta property=\"article:publisher\" content=\"https:\/\/www.facebook.com\/ihedn\/\" \/>\n<meta property=\"article:published_time\" content=\"1921-10-12T07:30:59+00:00\" \/>\n<meta property=\"article:modified_time\" content=\"2021-10-18T12:21:20+00:00\" \/>\n<meta property=\"og:image\" content=\"https:\/\/ihedn.fr\/wp-content\/uploads\/2021\/09\/JIMID03-Bandeau-12-octobre-2021.jpg\" \/>\n\t<meta property=\"og:image:width\" content=\"1497\" \/>\n\t<meta property=\"og:image:height\" content=\"476\" \/>\n\t<meta property=\"og:image:type\" content=\"image\/jpeg\" \/>\n<meta name=\"author\" content=\"dev\" \/>\n<meta name=\"twitter:card\" content=\"summary_large_image\" \/>\n<meta name=\"twitter:creator\" content=\"@IHEDN\" \/>\n<meta name=\"twitter:site\" content=\"@IHEDN\" \/>\n<meta name=\"twitter:label1\" content=\"Written by\" \/>\n\t<meta name=\"twitter:data1\" content=\"dev\" \/>\n\t<meta name=\"twitter:label2\" content=\"Estimated reading time\" \/>\n\t<meta name=\"twitter:data2\" content=\"3 minutes\" \/>\n<script type=\"application\/ld+json\" class=\"yoast-schema-graph\">{\"@context\":\"https:\\\/\\\/schema.org\",\"@graph\":[{\"@type\":\"Article\",\"@id\":\"https:\\\/\\\/ihedn.fr\\\/en\\\/archives-2\\\/3e-journee-innovations-metallurgiques-pour-lindustrie-de-la-defense\\\/#article\",\"isPartOf\":{\"@id\":\"https:\\\/\\\/ihedn.fr\\\/en\\\/archives-2\\\/3e-journee-innovations-metallurgiques-pour-lindustrie-de-la-defense\\\/\"},\"author\":{\"name\":\"dev\",\"@id\":\"https:\\\/\\\/ihedn.fr\\\/#\\\/schema\\\/person\\\/7a40155595e4efb35323447cb8c8c5a4\"},\"headline\":\"Journ\u00e9e \u00ab\u00a0Innovations m\u00e9tallurgiques pour l\u2019industrie de la d\u00e9fense\u00a0\u00bb\",\"datePublished\":\"1921-10-12T07:30:59+00:00\",\"dateModified\":\"2021-10-18T12:21:20+00:00\",\"mainEntityOfPage\":{\"@id\":\"https:\\\/\\\/ihedn.fr\\\/en\\\/archives-2\\\/3e-journee-innovations-metallurgiques-pour-lindustrie-de-la-defense\\\/\"},\"wordCount\":669,\"publisher\":{\"@id\":\"https:\\\/\\\/ihedn.fr\\\/#organization\"},\"image\":{\"@id\":\"https:\\\/\\\/ihedn.fr\\\/en\\\/archives-2\\\/3e-journee-innovations-metallurgiques-pour-lindustrie-de-la-defense\\\/#primaryimage\"},\"thumbnailUrl\":\"https:\\\/\\\/ihedn.fr\\\/wp-content\\\/uploads\\\/2021\\\/09\\\/JIMID03-Bandeau-12-octobre-2021.jpg\",\"articleSection\":[\"Uncategorized\"],\"inLanguage\":\"en-GB\"},{\"@type\":\"WebPage\",\"@id\":\"https:\\\/\\\/ihedn.fr\\\/en\\\/archives-2\\\/3e-journee-innovations-metallurgiques-pour-lindustrie-de-la-defense\\\/\",\"url\":\"https:\\\/\\\/ihedn.fr\\\/en\\\/archives-2\\\/3e-journee-innovations-metallurgiques-pour-lindustrie-de-la-defense\\\/\",\"name\":\"Journ\u00e9e \\\"Innovations m\u00e9tallurgiques pour l\u2019industrie de la d\u00e9fense\\\" - L&#039;IHEDN : Institut des hautes \u00e9tudes de d\u00e9fense nationale\",\"isPartOf\":{\"@id\":\"https:\\\/\\\/ihedn.fr\\\/#website\"},\"primaryImageOfPage\":{\"@id\":\"https:\\\/\\\/ihedn.fr\\\/en\\\/archives-2\\\/3e-journee-innovations-metallurgiques-pour-lindustrie-de-la-defense\\\/#primaryimage\"},\"image\":{\"@id\":\"https:\\\/\\\/ihedn.fr\\\/en\\\/archives-2\\\/3e-journee-innovations-metallurgiques-pour-lindustrie-de-la-defense\\\/#primaryimage\"},\"thumbnailUrl\":\"https:\\\/\\\/ihedn.fr\\\/wp-content\\\/uploads\\\/2021\\\/09\\\/JIMID03-Bandeau-12-octobre-2021.jpg\",\"datePublished\":\"1921-10-12T07:30:59+00:00\",\"dateModified\":\"2021-10-18T12:21:20+00:00\",\"breadcrumb\":{\"@id\":\"https:\\\/\\\/ihedn.fr\\\/en\\\/archives-2\\\/3e-journee-innovations-metallurgiques-pour-lindustrie-de-la-defense\\\/#breadcrumb\"},\"inLanguage\":\"en-GB\",\"potentialAction\":[{\"@type\":\"ReadAction\",\"target\":[\"https:\\\/\\\/ihedn.fr\\\/en\\\/archives-2\\\/3e-journee-innovations-metallurgiques-pour-lindustrie-de-la-defense\\\/\"]}]},{\"@type\":\"ImageObject\",\"inLanguage\":\"en-GB\",\"@id\":\"https:\\\/\\\/ihedn.fr\\\/en\\\/archives-2\\\/3e-journee-innovations-metallurgiques-pour-lindustrie-de-la-defense\\\/#primaryimage\",\"url\":\"https:\\\/\\\/ihedn.fr\\\/wp-content\\\/uploads\\\/2021\\\/09\\\/JIMID03-Bandeau-12-octobre-2021.jpg\",\"contentUrl\":\"https:\\\/\\\/ihedn.fr\\\/wp-content\\\/uploads\\\/2021\\\/09\\\/JIMID03-Bandeau-12-octobre-2021.jpg\",\"width\":1497,\"height\":476,\"caption\":\"IHEDN - 3\u00e8me journ\u00e9e innovations m\u00e9tallurgiques pour l\u2019industrie de la d\u00e9fense\"},{\"@type\":\"BreadcrumbList\",\"@id\":\"https:\\\/\\\/ihedn.fr\\\/en\\\/archives-2\\\/3e-journee-innovations-metallurgiques-pour-lindustrie-de-la-defense\\\/#breadcrumb\",\"itemListElement\":[{\"@type\":\"ListItem\",\"position\":1,\"name\":\"Accueil\",\"item\":\"https:\\\/\\\/ihedn.fr\\\/\"},{\"@type\":\"ListItem\",\"position\":2,\"name\":\"Journ\u00e9e \u00ab\u00a0Innovations m\u00e9tallurgiques pour l\u2019industrie de la d\u00e9fense\u00a0\u00bb\"}]},{\"@type\":\"WebSite\",\"@id\":\"https:\\\/\\\/ihedn.fr\\\/#website\",\"url\":\"https:\\\/\\\/ihedn.fr\\\/\",\"name\":\"IHEDN : Institut des hautes \u00e9tudes de d\u00e9fense nationale |\",\"description\":\"Site officiel de l&#039;IHEDN plac\u00e9 sous la tutelle du Premier ministre.\",\"publisher\":{\"@id\":\"https:\\\/\\\/ihedn.fr\\\/#organization\"},\"potentialAction\":[{\"@type\":\"SearchAction\",\"target\":{\"@type\":\"EntryPoint\",\"urlTemplate\":\"https:\\\/\\\/ihedn.fr\\\/?s={search_term_string}\"},\"query-input\":{\"@type\":\"PropertyValueSpecification\",\"valueRequired\":true,\"valueName\":\"search_term_string\"}}],\"inLanguage\":\"en-GB\"},{\"@type\":\"Organization\",\"@id\":\"https:\\\/\\\/ihedn.fr\\\/#organization\",\"name\":\"IHEDN - Institut des Hautes Etudes de D\u00e9fense Nationale\",\"url\":\"https:\\\/\\\/ihedn.fr\\\/\",\"logo\":{\"@type\":\"ImageObject\",\"inLanguage\":\"en-GB\",\"@id\":\"https:\\\/\\\/ihedn.fr\\\/#\\\/schema\\\/logo\\\/image\\\/\",\"url\":\"https:\\\/\\\/ihedn.fr\\\/wp-content\\\/uploads\\\/2020\\\/11\\\/BLOC_RF_IHEDN_WEB.png\",\"contentUrl\":\"https:\\\/\\\/ihedn.fr\\\/wp-content\\\/uploads\\\/2020\\\/11\\\/BLOC_RF_IHEDN_WEB.png\",\"width\":500,\"height\":237,\"caption\":\"IHEDN - Institut des Hautes Etudes de D\u00e9fense Nationale\"},\"image\":{\"@id\":\"https:\\\/\\\/ihedn.fr\\\/#\\\/schema\\\/logo\\\/image\\\/\"},\"sameAs\":[\"https:\\\/\\\/www.facebook.com\\\/ihedn\\\/\",\"https:\\\/\\\/x.com\\\/IHEDN\",\"https:\\\/\\\/www.instagram.com\\\/ihedn\\\/\",\"https:\\\/\\\/www.linkedin.com\\\/school\\\/ihedn\\\/\",\"https:\\\/\\\/fr.wikipedia.org\\\/wiki\\\/Institut_des_hautes_\u00e9tudes_de_D\u00e9fense_nationale\"]},{\"@type\":\"Person\",\"@id\":\"https:\\\/\\\/ihedn.fr\\\/#\\\/schema\\\/person\\\/7a40155595e4efb35323447cb8c8c5a4\",\"name\":\"dev\",\"image\":{\"@type\":\"ImageObject\",\"inLanguage\":\"en-GB\",\"@id\":\"https:\\\/\\\/secure.gravatar.com\\\/avatar\\\/f1ffcac9ca2fa95ad3ec33e9be3ade82f752acb0cabe541e56c5889225afa88a?s=96&d=mm&r=g\",\"url\":\"https:\\\/\\\/secure.gravatar.com\\\/avatar\\\/f1ffcac9ca2fa95ad3ec33e9be3ade82f752acb0cabe541e56c5889225afa88a?s=96&d=mm&r=g\",\"contentUrl\":\"https:\\\/\\\/secure.gravatar.com\\\/avatar\\\/f1ffcac9ca2fa95ad3ec33e9be3ade82f752acb0cabe541e56c5889225afa88a?s=96&d=mm&r=g\",\"caption\":\"dev\"},\"sameAs\":[\"https:\\\/\\\/ihedn.concilium.click\"],\"url\":\"https:\\\/\\\/ihedn.fr\\\/en\\\/author\\\/dev\\\/\"}]}<\/script>\n<!-- \/ Yoast SEO plugin. -->","yoast_head_json":{"title":"Journ\u00e9e \"Innovations m\u00e9tallurgiques pour l'industrie de la d\u00e9fense\" (Metallurgical innovations for the defence industry) - IHEDN : Institut des hautes \u00e9tudes de d\u00e9fense nationale (Graduate Institute of National Defence Studies)","robots":{"index":"index","follow":"follow","max-snippet":"max-snippet:-1","max-image-preview":"max-image-preview:large","max-video-preview":"max-video-preview:-1"},"canonical":"https:\/\/ihedn.fr\/en\/archives-2\/3e-journee-innovations-metallurgiques-pour-lindustrie-de-la-defense\/","og_locale":"en_GB","og_type":"article","og_title":"Journ\u00e9e \"Innovations m\u00e9tallurgiques pour l\u2019industrie de la d\u00e9fense\" - L&#039;IHEDN : Institut des hautes \u00e9tudes de d\u00e9fense nationale","og_description":"mardi 12 octobre 2021 \u00e0 l'\u00c9cole Militaire de Paris Amphi. FOCH","og_url":"https:\/\/ihedn.fr\/en\/archives-2\/3e-journee-innovations-metallurgiques-pour-lindustrie-de-la-defense\/","og_site_name":"L&#039;IHEDN : Institut des hautes \u00e9tudes de d\u00e9fense nationale","article_publisher":"https:\/\/www.facebook.com\/ihedn\/","article_published_time":"1921-10-12T07:30:59+00:00","article_modified_time":"2021-10-18T12:21:20+00:00","og_image":[{"width":1497,"height":476,"url":"https:\/\/ihedn.fr\/wp-content\/uploads\/2021\/09\/JIMID03-Bandeau-12-octobre-2021.jpg","type":"image\/jpeg"}],"author":"dev","twitter_card":"summary_large_image","twitter_creator":"@IHEDN","twitter_site":"@IHEDN","twitter_misc":{"Written by":"dev","Estimated reading time":"3 minutes"},"schema":{"@context":"https:\/\/schema.org","@graph":[{"@type":"Article","@id":"https:\/\/ihedn.fr\/en\/archives-2\/3e-journee-innovations-metallurgiques-pour-lindustrie-de-la-defense\/#article","isPartOf":{"@id":"https:\/\/ihedn.fr\/en\/archives-2\/3e-journee-innovations-metallurgiques-pour-lindustrie-de-la-defense\/"},"author":{"name":"dev","@id":"https:\/\/ihedn.fr\/#\/schema\/person\/7a40155595e4efb35323447cb8c8c5a4"},"headline":"Journ\u00e9e \u00ab\u00a0Innovations m\u00e9tallurgiques pour l\u2019industrie de la d\u00e9fense\u00a0\u00bb","datePublished":"1921-10-12T07:30:59+00:00","dateModified":"2021-10-18T12:21:20+00:00","mainEntityOfPage":{"@id":"https:\/\/ihedn.fr\/en\/archives-2\/3e-journee-innovations-metallurgiques-pour-lindustrie-de-la-defense\/"},"wordCount":669,"publisher":{"@id":"https:\/\/ihedn.fr\/#organization"},"image":{"@id":"https:\/\/ihedn.fr\/en\/archives-2\/3e-journee-innovations-metallurgiques-pour-lindustrie-de-la-defense\/#primaryimage"},"thumbnailUrl":"https:\/\/ihedn.fr\/wp-content\/uploads\/2021\/09\/JIMID03-Bandeau-12-octobre-2021.jpg","articleSection":["Uncategorized"],"inLanguage":"en-GB"},{"@type":"WebPage","@id":"https:\/\/ihedn.fr\/en\/archives-2\/3e-journee-innovations-metallurgiques-pour-lindustrie-de-la-defense\/","url":"https:\/\/ihedn.fr\/en\/archives-2\/3e-journee-innovations-metallurgiques-pour-lindustrie-de-la-defense\/","name":"Journ\u00e9e \"Innovations m\u00e9tallurgiques pour l'industrie de la d\u00e9fense\" (Metallurgical innovations for the defence industry) - IHEDN : Institut des hautes \u00e9tudes de d\u00e9fense nationale (Graduate Institute of National Defence Studies)","isPartOf":{"@id":"https:\/\/ihedn.fr\/#website"},"primaryImageOfPage":{"@id":"https:\/\/ihedn.fr\/en\/archives-2\/3e-journee-innovations-metallurgiques-pour-lindustrie-de-la-defense\/#primaryimage"},"image":{"@id":"https:\/\/ihedn.fr\/en\/archives-2\/3e-journee-innovations-metallurgiques-pour-lindustrie-de-la-defense\/#primaryimage"},"thumbnailUrl":"https:\/\/ihedn.fr\/wp-content\/uploads\/2021\/09\/JIMID03-Bandeau-12-octobre-2021.jpg","datePublished":"1921-10-12T07:30:59+00:00","dateModified":"2021-10-18T12:21:20+00:00","breadcrumb":{"@id":"https:\/\/ihedn.fr\/en\/archives-2\/3e-journee-innovations-metallurgiques-pour-lindustrie-de-la-defense\/#breadcrumb"},"inLanguage":"en-GB","potentialAction":[{"@type":"ReadAction","target":["https:\/\/ihedn.fr\/en\/archives-2\/3e-journee-innovations-metallurgiques-pour-lindustrie-de-la-defense\/"]}]},{"@type":"ImageObject","inLanguage":"en-GB","@id":"https:\/\/ihedn.fr\/en\/archives-2\/3e-journee-innovations-metallurgiques-pour-lindustrie-de-la-defense\/#primaryimage","url":"https:\/\/ihedn.fr\/wp-content\/uploads\/2021\/09\/JIMID03-Bandeau-12-octobre-2021.jpg","contentUrl":"https:\/\/ihedn.fr\/wp-content\/uploads\/2021\/09\/JIMID03-Bandeau-12-octobre-2021.jpg","width":1497,"height":476,"caption":"IHEDN - 3\u00e8me journ\u00e9e innovations m\u00e9tallurgiques pour l\u2019industrie de la d\u00e9fense"},{"@type":"BreadcrumbList","@id":"https:\/\/ihedn.fr\/en\/archives-2\/3e-journee-innovations-metallurgiques-pour-lindustrie-de-la-defense\/#breadcrumb","itemListElement":[{"@type":"ListItem","position":1,"name":"Accueil","item":"https:\/\/ihedn.fr\/"},{"@type":"ListItem","position":2,"name":"Journ\u00e9e \u00ab\u00a0Innovations m\u00e9tallurgiques pour l\u2019industrie de la d\u00e9fense\u00a0\u00bb"}]},{"@type":"WebSite","@id":"https:\/\/ihedn.fr\/#website","url":"https:\/\/ihedn.fr\/","name":"IHEDN: Institut des hautes \u00e9tudes de d\u00e9fense nationale (Institute for Higher National Defence Studies)","description":"Official website of the IHEDN under the supervision of the Prime Minister.","publisher":{"@id":"https:\/\/ihedn.fr\/#organization"},"potentialAction":[{"@type":"SearchAction","target":{"@type":"EntryPoint","urlTemplate":"https:\/\/ihedn.fr\/?s={search_term_string}"},"query-input":{"@type":"PropertyValueSpecification","valueRequired":true,"valueName":"search_term_string"}}],"inLanguage":"en-GB"},{"@type":"Organization","@id":"https:\/\/ihedn.fr\/#organization","name":"IHEDN - Institute for Higher National Defence Studies","url":"https:\/\/ihedn.fr\/","logo":{"@type":"ImageObject","inLanguage":"en-GB","@id":"https:\/\/ihedn.fr\/#\/schema\/logo\/image\/","url":"https:\/\/ihedn.fr\/wp-content\/uploads\/2020\/11\/BLOC_RF_IHEDN_WEB.png","contentUrl":"https:\/\/ihedn.fr\/wp-content\/uploads\/2020\/11\/BLOC_RF_IHEDN_WEB.png","width":500,"height":237,"caption":"IHEDN - Institut des Hautes Etudes de D\u00e9fense Nationale"},"image":{"@id":"https:\/\/ihedn.fr\/#\/schema\/logo\/image\/"},"sameAs":["https:\/\/www.facebook.com\/ihedn\/","https:\/\/x.com\/IHEDN","https:\/\/www.instagram.com\/ihedn\/","https:\/\/www.linkedin.com\/school\/ihedn\/","https:\/\/fr.wikipedia.org\/wiki\/Institut_des_hautes_\u00e9tudes_de_D\u00e9fense_nationale"]},{"@type":"Person","@id":"https:\/\/ihedn.fr\/#\/schema\/person\/7a40155595e4efb35323447cb8c8c5a4","name":"dev","image":{"@type":"ImageObject","inLanguage":"en-GB","@id":"https:\/\/secure.gravatar.com\/avatar\/f1ffcac9ca2fa95ad3ec33e9be3ade82f752acb0cabe541e56c5889225afa88a?s=96&d=mm&r=g","url":"https:\/\/secure.gravatar.com\/avatar\/f1ffcac9ca2fa95ad3ec33e9be3ade82f752acb0cabe541e56c5889225afa88a?s=96&d=mm&r=g","contentUrl":"https:\/\/secure.gravatar.com\/avatar\/f1ffcac9ca2fa95ad3ec33e9be3ade82f752acb0cabe541e56c5889225afa88a?s=96&d=mm&r=g","caption":"dev"},"sameAs":["https:\/\/ihedn.concilium.click"],"url":"https:\/\/ihedn.fr\/en\/author\/dev\/"}]}},"publishpress_future_action":{"enabled":false,"date":"2026-05-08 13:48:44","action":"change-status","newStatus":"draft","terms":[],"taxonomy":"category","extraData":[]},"publishpress_future_workflow_manual_trigger":{"enabledWorkflows":[]},"_links":{"self":[{"href":"https:\/\/ihedn.fr\/en\/wp-json\/wp\/v2\/posts\/13811","targetHints":{"allow":["GET"]}}],"collection":[{"href":"https:\/\/ihedn.fr\/en\/wp-json\/wp\/v2\/posts"}],"about":[{"href":"https:\/\/ihedn.fr\/en\/wp-json\/wp\/v2\/types\/post"}],"author":[{"embeddable":true,"href":"https:\/\/ihedn.fr\/en\/wp-json\/wp\/v2\/users\/1"}],"replies":[{"embeddable":true,"href":"https:\/\/ihedn.fr\/en\/wp-json\/wp\/v2\/comments?post=13811"}],"version-history":[{"count":5,"href":"https:\/\/ihedn.fr\/en\/wp-json\/wp\/v2\/posts\/13811\/revisions"}],"predecessor-version":[{"id":15404,"href":"https:\/\/ihedn.fr\/en\/wp-json\/wp\/v2\/posts\/13811\/revisions\/15404"}],"wp:featuredmedia":[{"embeddable":true,"href":"https:\/\/ihedn.fr\/en\/wp-json\/wp\/v2\/media\/13813"}],"wp:attachment":[{"href":"https:\/\/ihedn.fr\/en\/wp-json\/wp\/v2\/media?parent=13811"}],"wp:term":[{"taxonomy":"category","embeddable":true,"href":"https:\/\/ihedn.fr\/en\/wp-json\/wp\/v2\/categories?post=13811"},{"taxonomy":"post_tag","embeddable":true,"href":"https:\/\/ihedn.fr\/en\/wp-json\/wp\/v2\/tags?post=13811"}],"curies":[{"name":"wp","href":"https:\/\/api.w.org\/{rel}","templated":true}]}}