{"id":14299,"date":"2021-09-14T17:08:48","date_gmt":"2021-09-14T16:08:48","guid":{"rendered":"https:\/\/ihedn.fr\/?p=14299"},"modified":"2022-11-25T15:22:53","modified_gmt":"2022-11-25T14:22:53","slug":"cloture-du-127e-cycle-ihedn-jeunes","status":"publish","type":"post","link":"https:\/\/ihedn.fr\/en\/notre-actualite\/cloture-du-127e-cycle-ihedn-jeunes\/","title":{"rendered":"Closure of the 127th IHEDN-Youth Cycle"},"content":{"rendered":"<div data-elementor-type=\"wp-post\" data-elementor-id=\"14299\" class=\"elementor elementor-14299\" data-elementor-post-type=\"post\">\n\t\t\t\t\t\t<section data-particle_enable=\"false\" data-particle-mobile-disabled=\"false\" class=\"elementor-section elementor-top-section elementor-element elementor-element-7183a6a elementor-section-boxed elementor-section-height-default elementor-section-height-default\" data-id=\"7183a6a\" data-element_type=\"section\" data-e-type=\"section\">\n\t\t\t\t\t\t<div class=\"elementor-container elementor-column-gap-default\">\n\t\t\t\t\t<div class=\"elementor-column elementor-col-50 elementor-top-column elementor-element elementor-element-5602920\" data-id=\"5602920\" data-element_type=\"column\" data-e-type=\"column\">\n\t\t\t<div class=\"elementor-widget-wrap elementor-element-populated\">\n\t\t\t\t\t\t<div class=\"elementor-element elementor-element-d5814c1 elementor-widget elementor-widget-image\" data-id=\"d5814c1\" data-element_type=\"widget\" data-e-type=\"widget\" data-widget_type=\"image.default\">\n\t\t\t\t<div class=\"elementor-widget-container\">\n\t\t\t\t\t\t\t\t\t\t\t\t<figure class=\"wp-caption\">\n\t\t\t\t\t\t\t\t\t\t<img fetchpriority=\"high\" decoding=\"async\" width=\"1453\" height=\"1022\" src=\"https:\/\/ihedn.fr\/wp-content\/uploads\/2021\/09\/20210906127e-cycle-IHEN-Jeunes-005.jpg\" class=\"attachment-full size-full wp-image-14301\" alt=\"Cl\u00f4ture du 127e Cycle IHEDN-Jeunes\" srcset=\"https:\/\/ihedn.fr\/wp-content\/uploads\/2021\/09\/20210906127e-cycle-IHEN-Jeunes-005.jpg 1453w, https:\/\/ihedn.fr\/wp-content\/uploads\/2021\/09\/20210906127e-cycle-IHEN-Jeunes-005-600x422.jpg 600w\" sizes=\"(max-width: 1453px) 100vw, 1453px\" \/>\t\t\t\t\t\t\t\t\t\t\t<figcaption class=\"widget-image-caption wp-caption-text\">Prefect Denis Conus, Deputy Director of IHEDN<\/figcaption>\n\t\t\t\t\t\t\t\t\t\t<\/figure>\n\t\t\t\t\t\t\t\t\t<\/div>\n\t\t\t\t<\/div>\n\t\t\t\t\t<\/div>\n\t\t<\/div>\n\t\t\t\t<div class=\"elementor-column elementor-col-50 elementor-top-column elementor-element elementor-element-a6db6b8\" data-id=\"a6db6b8\" data-element_type=\"column\" data-e-type=\"column\">\n\t\t\t<div class=\"elementor-widget-wrap elementor-element-populated\">\n\t\t\t\t\t\t<div class=\"elementor-element elementor-element-2abb640 elementor-widget elementor-widget-text-editor\" data-id=\"2abb640\" data-element_type=\"widget\" data-e-type=\"widget\" data-widget_type=\"text-editor.default\">\n\t\t\t\t<div class=\"elementor-widget-container\">\n\t\t\t\t\t\t\t\t\t<p>Le 127<sup>e<\/sup> Cycle IHEDN-Jeunes en Nouvelle-Aquitaine came to an end after a week of high-level training on Saturday 11 September in the following locations <strong>the salons of Bordeaux City Hall<\/strong>.<\/p><p>Throughout the six days of training, participants benefited from the IHEDN's characteristic educational triptych, which includes committee work leading to the drafting of a position paper, lectures and debates, and visits to three defence industrial sites (<strong>ArianeGroup, Dassault and SEIV<\/strong>) and a military site (<strong>Base A\u00e9rienne 120 at Cazaux<\/strong>), in compliance with health regulations.<\/p>\t\t\t\t\t\t\t\t<\/div>\n\t\t\t\t<\/div>\n\t\t\t\t\t<\/div>\n\t\t<\/div>\n\t\t\t\t\t<\/div>\n\t\t<\/section>\n\t\t\t\t<section data-particle_enable=\"false\" data-particle-mobile-disabled=\"false\" class=\"elementor-section elementor-top-section elementor-element elementor-element-9fe4beb elementor-section-boxed elementor-section-height-default elementor-section-height-default\" data-id=\"9fe4beb\" data-element_type=\"section\" data-e-type=\"section\">\n\t\t\t\t\t\t<div class=\"elementor-container elementor-column-gap-default\">\n\t\t\t\t\t<div class=\"elementor-column elementor-col-100 elementor-top-column elementor-element elementor-element-8143dc4\" data-id=\"8143dc4\" data-element_type=\"column\" data-e-type=\"column\">\n\t\t\t<div class=\"elementor-widget-wrap elementor-element-populated\">\n\t\t\t\t\t\t<div class=\"elementor-element elementor-element-84234fb elementor-widget elementor-widget-text-editor\" data-id=\"84234fb\" data-element_type=\"widget\" data-e-type=\"widget\" data-widget_type=\"text-editor.default\">\n\t\t\t\t<div class=\"elementor-widget-container\">\n\t\t\t\t\t\t\t\t\t<p>The closing morning gave the 49 young participants in this session the opportunity to present the conclusions of the work carried out during the cycle. The presentations were made in the presence of Amine SMIHI, deputy mayor of Bordeaux with responsibility for safety and public tranquillity, and the following people in particular <strong>Prefect Denis Conus<\/strong>Deputy Director of the IHEDN, and <strong>Mr Lo\u00efc Tr\u00e9gour\u00e8s<\/strong>Head of Teaching at the IHEDN National Session.<\/p>\t\t\t\t\t\t\t\t<\/div>\n\t\t\t\t<\/div>\n\t\t\t\t\t<\/div>\n\t\t<\/div>\n\t\t\t\t\t<\/div>\n\t\t<\/section>\n\t\t\t\t<section data-particle_enable=\"false\" data-particle-mobile-disabled=\"false\" class=\"elementor-section elementor-top-section elementor-element elementor-element-8d6b6d4 elementor-section-boxed elementor-section-height-default elementor-section-height-default\" data-id=\"8d6b6d4\" data-element_type=\"section\" data-e-type=\"section\">\n\t\t\t\t\t\t<div class=\"elementor-container elementor-column-gap-default\">\n\t\t\t\t\t<div class=\"elementor-column elementor-col-100 elementor-top-column elementor-element elementor-element-9af6a95\" data-id=\"9af6a95\" data-element_type=\"column\" data-e-type=\"column\">\n\t\t\t<div class=\"elementor-widget-wrap elementor-element-populated\">\n\t\t\t\t\t\t<div class=\"elementor-element elementor-element-b86c97a elementor-widget elementor-widget-image\" data-id=\"b86c97a\" data-element_type=\"widget\" data-e-type=\"widget\" data-widget_type=\"image.default\">\n\t\t\t\t<div class=\"elementor-widget-container\">\n\t\t\t\t\t\t\t\t\t\t\t\t\t\t\t<img decoding=\"async\" width=\"1453\" height=\"844\" src=\"https:\/\/ihedn.fr\/wp-content\/uploads\/2021\/09\/20210906127e-cycle-IHEN-Jeunes-006.jpg\" class=\"attachment-full size-full wp-image-14302\" alt=\"Cl\u00f4ture du 127e Cycle IHEDN-Jeunes\" srcset=\"https:\/\/ihedn.fr\/wp-content\/uploads\/2021\/09\/20210906127e-cycle-IHEN-Jeunes-006.jpg 1453w, https:\/\/ihedn.fr\/wp-content\/uploads\/2021\/09\/20210906127e-cycle-IHEN-Jeunes-006-600x349.jpg 600w\" sizes=\"(max-width: 1453px) 100vw, 1453px\" \/>\t\t\t\t\t\t\t\t\t\t\t\t\t\t\t<\/div>\n\t\t\t\t<\/div>\n\t\t\t\t\t<\/div>\n\t\t<\/div>\n\t\t\t\t\t<\/div>\n\t\t<\/section>\n\t\t\t\t<\/div>","protected":false},"excerpt":{"rendered":"<p>The 127th Cycle IHEDN-Jeunes in New Aquitaine came to a close after a week of high-level training on Saturday 11 September in the salons of Bordeaux City Hall. <\/p>","protected":false},"author":1,"featured_media":14302,"comment_status":"closed","ping_status":"closed","sticky":false,"template":"","format":"standard","meta":{"footnotes":""},"categories":[172],"tags":[],"class_list":["post-14299","post","type-post","status-publish","format-standard","has-post-thumbnail","hentry","category-notre-actualite"],"yoast_head":"<!-- This site is optimized with the Yoast SEO plugin v27.5 - https:\/\/yoast.com\/product\/yoast-seo-wordpress\/ -->\n<title>Cl\u00f4ture du 127e Cycle IHEDN-Jeunes - L&#039;IHEDN : Institut des hautes \u00e9tudes de d\u00e9fense nationale<\/title>\n<meta name=\"description\" content=\"Du 22 au 27 f\u00e9vrier 2021 s\u2019est d\u00e9roul\u00e9 \u00e0 Rouen le 123e cycle &quot;IHEDN-Jeunes&quot;, au cours duquel une soixantaine de jeunes, de tous horizons et entre 20 et 30 ans, se sont r\u00e9unis pour apprendre et \u00e9changer autour des th\u00e9matiques de D\u00e9fense et de S\u00e9curit\u00e9 Nationale.\" \/>\n<meta name=\"robots\" content=\"index, follow, max-snippet:-1, max-image-preview:large, max-video-preview:-1\" \/>\n<link rel=\"canonical\" href=\"https:\/\/ihedn.fr\/en\/actualites-des-sessions\/cloture-du-127e-cycle-ihedn-jeunes\/\" \/>\n<meta property=\"og:locale\" content=\"en_GB\" \/>\n<meta property=\"og:type\" content=\"article\" \/>\n<meta property=\"og:title\" content=\"Cl\u00f4ture du 127e Cycle IHEDN-Jeunes - L&#039;IHEDN : Institut des hautes \u00e9tudes de d\u00e9fense nationale\" \/>\n<meta property=\"og:description\" content=\"Du 22 au 27 f\u00e9vrier 2021 s\u2019est d\u00e9roul\u00e9 \u00e0 Rouen le 123e cycle &quot;IHEDN-Jeunes&quot;, au cours duquel une soixantaine de jeunes, de tous horizons et entre 20 et 30 ans, se sont r\u00e9unis pour apprendre et \u00e9changer autour des th\u00e9matiques de D\u00e9fense et de S\u00e9curit\u00e9 Nationale.\" \/>\n<meta property=\"og:url\" content=\"https:\/\/ihedn.fr\/en\/actualites-des-sessions\/cloture-du-127e-cycle-ihedn-jeunes\/\" \/>\n<meta property=\"og:site_name\" content=\"L&#039;IHEDN : Institut des hautes \u00e9tudes de d\u00e9fense nationale\" \/>\n<meta property=\"article:publisher\" content=\"https:\/\/www.facebook.com\/ihedn\/\" \/>\n<meta property=\"article:published_time\" content=\"2021-09-14T16:08:48+00:00\" \/>\n<meta property=\"article:modified_time\" content=\"2022-11-25T14:22:53+00:00\" \/>\n<meta property=\"og:image\" content=\"https:\/\/ihedn.fr\/wp-content\/uploads\/2021\/09\/20210906127e-cycle-IHEN-Jeunes-006.jpg\" \/>\n\t<meta property=\"og:image:width\" content=\"1453\" \/>\n\t<meta property=\"og:image:height\" content=\"844\" \/>\n\t<meta property=\"og:image:type\" content=\"image\/jpeg\" \/>\n<meta name=\"author\" content=\"dev\" \/>\n<meta name=\"twitter:card\" content=\"summary_large_image\" \/>\n<meta name=\"twitter:creator\" content=\"@IHEDN\" \/>\n<meta name=\"twitter:site\" content=\"@IHEDN\" \/>\n<meta name=\"twitter:label1\" content=\"Written by\" \/>\n\t<meta name=\"twitter:data1\" content=\"dev\" \/>\n\t<meta name=\"twitter:label2\" content=\"Estimated reading time\" \/>\n\t<meta name=\"twitter:data2\" content=\"2 minutes\" \/>\n<script type=\"application\/ld+json\" class=\"yoast-schema-graph\">{\"@context\":\"https:\\\/\\\/schema.org\",\"@graph\":[{\"@type\":\"Article\",\"@id\":\"https:\\\/\\\/ihedn.fr\\\/actualites-des-sessions\\\/cloture-du-127e-cycle-ihedn-jeunes\\\/#article\",\"isPartOf\":{\"@id\":\"https:\\\/\\\/ihedn.fr\\\/actualites-des-sessions\\\/cloture-du-127e-cycle-ihedn-jeunes\\\/\"},\"author\":{\"name\":\"dev\",\"@id\":\"https:\\\/\\\/ihedn.fr\\\/#\\\/schema\\\/person\\\/7a40155595e4efb35323447cb8c8c5a4\"},\"headline\":\"Cl\u00f4ture du 127e Cycle IHEDN-Jeunes\",\"datePublished\":\"2021-09-14T16:08:48+00:00\",\"dateModified\":\"2022-11-25T14:22:53+00:00\",\"mainEntityOfPage\":{\"@id\":\"https:\\\/\\\/ihedn.fr\\\/actualites-des-sessions\\\/cloture-du-127e-cycle-ihedn-jeunes\\\/\"},\"wordCount\":214,\"publisher\":{\"@id\":\"https:\\\/\\\/ihedn.fr\\\/#organization\"},\"image\":{\"@id\":\"https:\\\/\\\/ihedn.fr\\\/actualites-des-sessions\\\/cloture-du-127e-cycle-ihedn-jeunes\\\/#primaryimage\"},\"thumbnailUrl\":\"https:\\\/\\\/ihedn.fr\\\/wp-content\\\/uploads\\\/2021\\\/09\\\/20210906127e-cycle-IHEN-Jeunes-006.jpg\",\"articleSection\":[\"Notre actualit\u00e9\"],\"inLanguage\":\"en-GB\"},{\"@type\":\"WebPage\",\"@id\":\"https:\\\/\\\/ihedn.fr\\\/actualites-des-sessions\\\/cloture-du-127e-cycle-ihedn-jeunes\\\/\",\"url\":\"https:\\\/\\\/ihedn.fr\\\/actualites-des-sessions\\\/cloture-du-127e-cycle-ihedn-jeunes\\\/\",\"name\":\"Cl\u00f4ture du 127e Cycle IHEDN-Jeunes - L&#039;IHEDN : Institut des hautes \u00e9tudes de d\u00e9fense nationale\",\"isPartOf\":{\"@id\":\"https:\\\/\\\/ihedn.fr\\\/#website\"},\"primaryImageOfPage\":{\"@id\":\"https:\\\/\\\/ihedn.fr\\\/actualites-des-sessions\\\/cloture-du-127e-cycle-ihedn-jeunes\\\/#primaryimage\"},\"image\":{\"@id\":\"https:\\\/\\\/ihedn.fr\\\/actualites-des-sessions\\\/cloture-du-127e-cycle-ihedn-jeunes\\\/#primaryimage\"},\"thumbnailUrl\":\"https:\\\/\\\/ihedn.fr\\\/wp-content\\\/uploads\\\/2021\\\/09\\\/20210906127e-cycle-IHEN-Jeunes-006.jpg\",\"datePublished\":\"2021-09-14T16:08:48+00:00\",\"dateModified\":\"2022-11-25T14:22:53+00:00\",\"description\":\"Du 22 au 27 f\u00e9vrier 2021 s\u2019est d\u00e9roul\u00e9 \u00e0 Rouen le 123e cycle \\\"IHEDN-Jeunes\\\", au cours duquel une soixantaine de jeunes, de tous horizons et entre 20 et 30 ans, se sont r\u00e9unis pour apprendre et \u00e9changer autour des th\u00e9matiques de D\u00e9fense et de S\u00e9curit\u00e9 Nationale.\",\"breadcrumb\":{\"@id\":\"https:\\\/\\\/ihedn.fr\\\/actualites-des-sessions\\\/cloture-du-127e-cycle-ihedn-jeunes\\\/#breadcrumb\"},\"inLanguage\":\"en-GB\",\"potentialAction\":[{\"@type\":\"ReadAction\",\"target\":[\"https:\\\/\\\/ihedn.fr\\\/actualites-des-sessions\\\/cloture-du-127e-cycle-ihedn-jeunes\\\/\"]}]},{\"@type\":\"ImageObject\",\"inLanguage\":\"en-GB\",\"@id\":\"https:\\\/\\\/ihedn.fr\\\/actualites-des-sessions\\\/cloture-du-127e-cycle-ihedn-jeunes\\\/#primaryimage\",\"url\":\"https:\\\/\\\/ihedn.fr\\\/wp-content\\\/uploads\\\/2021\\\/09\\\/20210906127e-cycle-IHEN-Jeunes-006.jpg\",\"contentUrl\":\"https:\\\/\\\/ihedn.fr\\\/wp-content\\\/uploads\\\/2021\\\/09\\\/20210906127e-cycle-IHEN-Jeunes-006.jpg\",\"width\":1453,\"height\":844,\"caption\":\"Cl\u00f4ture du 127e Cycle IHEDN-Jeunes\"},{\"@type\":\"BreadcrumbList\",\"@id\":\"https:\\\/\\\/ihedn.fr\\\/actualites-des-sessions\\\/cloture-du-127e-cycle-ihedn-jeunes\\\/#breadcrumb\",\"itemListElement\":[{\"@type\":\"ListItem\",\"position\":1,\"name\":\"Accueil\",\"item\":\"https:\\\/\\\/ihedn.fr\\\/\"},{\"@type\":\"ListItem\",\"position\":2,\"name\":\"Cl\u00f4ture du 127e Cycle IHEDN-Jeunes\"}]},{\"@type\":\"WebSite\",\"@id\":\"https:\\\/\\\/ihedn.fr\\\/#website\",\"url\":\"https:\\\/\\\/ihedn.fr\\\/\",\"name\":\"IHEDN : Institut des hautes \u00e9tudes de d\u00e9fense nationale |\",\"description\":\"Site officiel de l&#039;IHEDN plac\u00e9 sous la tutelle du Premier ministre.\",\"publisher\":{\"@id\":\"https:\\\/\\\/ihedn.fr\\\/#organization\"},\"potentialAction\":[{\"@type\":\"SearchAction\",\"target\":{\"@type\":\"EntryPoint\",\"urlTemplate\":\"https:\\\/\\\/ihedn.fr\\\/?s={search_term_string}\"},\"query-input\":{\"@type\":\"PropertyValueSpecification\",\"valueRequired\":true,\"valueName\":\"search_term_string\"}}],\"inLanguage\":\"en-GB\"},{\"@type\":\"Organization\",\"@id\":\"https:\\\/\\\/ihedn.fr\\\/#organization\",\"name\":\"IHEDN - Institut des Hautes Etudes de D\u00e9fense Nationale\",\"url\":\"https:\\\/\\\/ihedn.fr\\\/\",\"logo\":{\"@type\":\"ImageObject\",\"inLanguage\":\"en-GB\",\"@id\":\"https:\\\/\\\/ihedn.fr\\\/#\\\/schema\\\/logo\\\/image\\\/\",\"url\":\"https:\\\/\\\/ihedn.fr\\\/wp-content\\\/uploads\\\/2020\\\/11\\\/BLOC_RF_IHEDN_WEB.png\",\"contentUrl\":\"https:\\\/\\\/ihedn.fr\\\/wp-content\\\/uploads\\\/2020\\\/11\\\/BLOC_RF_IHEDN_WEB.png\",\"width\":500,\"height\":237,\"caption\":\"IHEDN - Institut des Hautes Etudes de D\u00e9fense Nationale\"},\"image\":{\"@id\":\"https:\\\/\\\/ihedn.fr\\\/#\\\/schema\\\/logo\\\/image\\\/\"},\"sameAs\":[\"https:\\\/\\\/www.facebook.com\\\/ihedn\\\/\",\"https:\\\/\\\/x.com\\\/IHEDN\",\"https:\\\/\\\/www.instagram.com\\\/ihedn\\\/\",\"https:\\\/\\\/www.linkedin.com\\\/school\\\/ihedn\\\/\",\"https:\\\/\\\/fr.wikipedia.org\\\/wiki\\\/Institut_des_hautes_\u00e9tudes_de_D\u00e9fense_nationale\"]},{\"@type\":\"Person\",\"@id\":\"https:\\\/\\\/ihedn.fr\\\/#\\\/schema\\\/person\\\/7a40155595e4efb35323447cb8c8c5a4\",\"name\":\"dev\",\"image\":{\"@type\":\"ImageObject\",\"inLanguage\":\"en-GB\",\"@id\":\"https:\\\/\\\/secure.gravatar.com\\\/avatar\\\/f1ffcac9ca2fa95ad3ec33e9be3ade82f752acb0cabe541e56c5889225afa88a?s=96&d=mm&r=g\",\"url\":\"https:\\\/\\\/secure.gravatar.com\\\/avatar\\\/f1ffcac9ca2fa95ad3ec33e9be3ade82f752acb0cabe541e56c5889225afa88a?s=96&d=mm&r=g\",\"contentUrl\":\"https:\\\/\\\/secure.gravatar.com\\\/avatar\\\/f1ffcac9ca2fa95ad3ec33e9be3ade82f752acb0cabe541e56c5889225afa88a?s=96&d=mm&r=g\",\"caption\":\"dev\"},\"sameAs\":[\"https:\\\/\\\/ihedn.concilium.click\"],\"url\":\"https:\\\/\\\/ihedn.fr\\\/en\\\/author\\\/dev\\\/\"}]}<\/script>\n<!-- \/ Yoast SEO plugin. -->","yoast_head_json":{"title":"Closure of the 127th Cycle IHEDN-Jeunes - L'IHEDN : Institut des hautes \u00e9tudes de d\u00e9fense nationale","description":"From 22 to 27 February 2021, the 123rd \"IHEDN-Jeunes\" cycle was held in Rouen, bringing together around sixty young people from all backgrounds and aged between 20 and 30 to learn about and exchange ideas on defence and national security issues.","robots":{"index":"index","follow":"follow","max-snippet":"max-snippet:-1","max-image-preview":"max-image-preview:large","max-video-preview":"max-video-preview:-1"},"canonical":"https:\/\/ihedn.fr\/en\/actualites-des-sessions\/cloture-du-127e-cycle-ihedn-jeunes\/","og_locale":"en_GB","og_type":"article","og_title":"Cl\u00f4ture du 127e Cycle IHEDN-Jeunes - L&#039;IHEDN : Institut des hautes \u00e9tudes de d\u00e9fense nationale","og_description":"Du 22 au 27 f\u00e9vrier 2021 s\u2019est d\u00e9roul\u00e9 \u00e0 Rouen le 123e cycle \"IHEDN-Jeunes\", au cours duquel une soixantaine de jeunes, de tous horizons et entre 20 et 30 ans, se sont r\u00e9unis pour apprendre et \u00e9changer autour des th\u00e9matiques de D\u00e9fense et de S\u00e9curit\u00e9 Nationale.","og_url":"https:\/\/ihedn.fr\/en\/actualites-des-sessions\/cloture-du-127e-cycle-ihedn-jeunes\/","og_site_name":"L&#039;IHEDN : Institut des hautes \u00e9tudes de d\u00e9fense nationale","article_publisher":"https:\/\/www.facebook.com\/ihedn\/","article_published_time":"2021-09-14T16:08:48+00:00","article_modified_time":"2022-11-25T14:22:53+00:00","og_image":[{"width":1453,"height":844,"url":"https:\/\/ihedn.fr\/wp-content\/uploads\/2021\/09\/20210906127e-cycle-IHEN-Jeunes-006.jpg","type":"image\/jpeg"}],"author":"dev","twitter_card":"summary_large_image","twitter_creator":"@IHEDN","twitter_site":"@IHEDN","twitter_misc":{"Written by":"dev","Estimated reading time":"2 minutes"},"schema":{"@context":"https:\/\/schema.org","@graph":[{"@type":"Article","@id":"https:\/\/ihedn.fr\/actualites-des-sessions\/cloture-du-127e-cycle-ihedn-jeunes\/#article","isPartOf":{"@id":"https:\/\/ihedn.fr\/actualites-des-sessions\/cloture-du-127e-cycle-ihedn-jeunes\/"},"author":{"name":"dev","@id":"https:\/\/ihedn.fr\/#\/schema\/person\/7a40155595e4efb35323447cb8c8c5a4"},"headline":"Cl\u00f4ture du 127e Cycle IHEDN-Jeunes","datePublished":"2021-09-14T16:08:48+00:00","dateModified":"2022-11-25T14:22:53+00:00","mainEntityOfPage":{"@id":"https:\/\/ihedn.fr\/actualites-des-sessions\/cloture-du-127e-cycle-ihedn-jeunes\/"},"wordCount":214,"publisher":{"@id":"https:\/\/ihedn.fr\/#organization"},"image":{"@id":"https:\/\/ihedn.fr\/actualites-des-sessions\/cloture-du-127e-cycle-ihedn-jeunes\/#primaryimage"},"thumbnailUrl":"https:\/\/ihedn.fr\/wp-content\/uploads\/2021\/09\/20210906127e-cycle-IHEN-Jeunes-006.jpg","articleSection":["Notre actualit\u00e9"],"inLanguage":"en-GB"},{"@type":"WebPage","@id":"https:\/\/ihedn.fr\/actualites-des-sessions\/cloture-du-127e-cycle-ihedn-jeunes\/","url":"https:\/\/ihedn.fr\/actualites-des-sessions\/cloture-du-127e-cycle-ihedn-jeunes\/","name":"Closure of the 127th Cycle IHEDN-Jeunes - L'IHEDN : Institut des hautes \u00e9tudes de d\u00e9fense nationale","isPartOf":{"@id":"https:\/\/ihedn.fr\/#website"},"primaryImageOfPage":{"@id":"https:\/\/ihedn.fr\/actualites-des-sessions\/cloture-du-127e-cycle-ihedn-jeunes\/#primaryimage"},"image":{"@id":"https:\/\/ihedn.fr\/actualites-des-sessions\/cloture-du-127e-cycle-ihedn-jeunes\/#primaryimage"},"thumbnailUrl":"https:\/\/ihedn.fr\/wp-content\/uploads\/2021\/09\/20210906127e-cycle-IHEN-Jeunes-006.jpg","datePublished":"2021-09-14T16:08:48+00:00","dateModified":"2022-11-25T14:22:53+00:00","description":"From 22 to 27 February 2021, the 123rd \"IHEDN-Jeunes\" cycle was held in Rouen, bringing together around sixty young people from all backgrounds and aged between 20 and 30 to learn about and exchange ideas on defence and national security issues.","breadcrumb":{"@id":"https:\/\/ihedn.fr\/actualites-des-sessions\/cloture-du-127e-cycle-ihedn-jeunes\/#breadcrumb"},"inLanguage":"en-GB","potentialAction":[{"@type":"ReadAction","target":["https:\/\/ihedn.fr\/actualites-des-sessions\/cloture-du-127e-cycle-ihedn-jeunes\/"]}]},{"@type":"ImageObject","inLanguage":"en-GB","@id":"https:\/\/ihedn.fr\/actualites-des-sessions\/cloture-du-127e-cycle-ihedn-jeunes\/#primaryimage","url":"https:\/\/ihedn.fr\/wp-content\/uploads\/2021\/09\/20210906127e-cycle-IHEN-Jeunes-006.jpg","contentUrl":"https:\/\/ihedn.fr\/wp-content\/uploads\/2021\/09\/20210906127e-cycle-IHEN-Jeunes-006.jpg","width":1453,"height":844,"caption":"Cl\u00f4ture du 127e Cycle IHEDN-Jeunes"},{"@type":"BreadcrumbList","@id":"https:\/\/ihedn.fr\/actualites-des-sessions\/cloture-du-127e-cycle-ihedn-jeunes\/#breadcrumb","itemListElement":[{"@type":"ListItem","position":1,"name":"Accueil","item":"https:\/\/ihedn.fr\/"},{"@type":"ListItem","position":2,"name":"Cl\u00f4ture du 127e Cycle IHEDN-Jeunes"}]},{"@type":"WebSite","@id":"https:\/\/ihedn.fr\/#website","url":"https:\/\/ihedn.fr\/","name":"IHEDN: Institut des hautes \u00e9tudes de d\u00e9fense nationale (Institute for Higher National Defence Studies)","description":"Official website of the IHEDN under the supervision of the Prime Minister.","publisher":{"@id":"https:\/\/ihedn.fr\/#organization"},"potentialAction":[{"@type":"SearchAction","target":{"@type":"EntryPoint","urlTemplate":"https:\/\/ihedn.fr\/?s={search_term_string}"},"query-input":{"@type":"PropertyValueSpecification","valueRequired":true,"valueName":"search_term_string"}}],"inLanguage":"en-GB"},{"@type":"Organization","@id":"https:\/\/ihedn.fr\/#organization","name":"IHEDN - Institute for Higher National Defence Studies","url":"https:\/\/ihedn.fr\/","logo":{"@type":"ImageObject","inLanguage":"en-GB","@id":"https:\/\/ihedn.fr\/#\/schema\/logo\/image\/","url":"https:\/\/ihedn.fr\/wp-content\/uploads\/2020\/11\/BLOC_RF_IHEDN_WEB.png","contentUrl":"https:\/\/ihedn.fr\/wp-content\/uploads\/2020\/11\/BLOC_RF_IHEDN_WEB.png","width":500,"height":237,"caption":"IHEDN - Institut des Hautes Etudes de D\u00e9fense Nationale"},"image":{"@id":"https:\/\/ihedn.fr\/#\/schema\/logo\/image\/"},"sameAs":["https:\/\/www.facebook.com\/ihedn\/","https:\/\/x.com\/IHEDN","https:\/\/www.instagram.com\/ihedn\/","https:\/\/www.linkedin.com\/school\/ihedn\/","https:\/\/fr.wikipedia.org\/wiki\/Institut_des_hautes_\u00e9tudes_de_D\u00e9fense_nationale"]},{"@type":"Person","@id":"https:\/\/ihedn.fr\/#\/schema\/person\/7a40155595e4efb35323447cb8c8c5a4","name":"dev","image":{"@type":"ImageObject","inLanguage":"en-GB","@id":"https:\/\/secure.gravatar.com\/avatar\/f1ffcac9ca2fa95ad3ec33e9be3ade82f752acb0cabe541e56c5889225afa88a?s=96&d=mm&r=g","url":"https:\/\/secure.gravatar.com\/avatar\/f1ffcac9ca2fa95ad3ec33e9be3ade82f752acb0cabe541e56c5889225afa88a?s=96&d=mm&r=g","contentUrl":"https:\/\/secure.gravatar.com\/avatar\/f1ffcac9ca2fa95ad3ec33e9be3ade82f752acb0cabe541e56c5889225afa88a?s=96&d=mm&r=g","caption":"dev"},"sameAs":["https:\/\/ihedn.concilium.click"],"url":"https:\/\/ihedn.fr\/en\/author\/dev\/"}]}},"publishpress_future_action":{"enabled":false,"date":"2026-05-10 09:27:15","action":"change-status","newStatus":"draft","terms":[],"taxonomy":"category","extraData":[]},"publishpress_future_workflow_manual_trigger":{"enabledWorkflows":[]},"_links":{"self":[{"href":"https:\/\/ihedn.fr\/en\/wp-json\/wp\/v2\/posts\/14299","targetHints":{"allow":["GET"]}}],"collection":[{"href":"https:\/\/ihedn.fr\/en\/wp-json\/wp\/v2\/posts"}],"about":[{"href":"https:\/\/ihedn.fr\/en\/wp-json\/wp\/v2\/types\/post"}],"author":[{"embeddable":true,"href":"https:\/\/ihedn.fr\/en\/wp-json\/wp\/v2\/users\/1"}],"replies":[{"embeddable":true,"href":"https:\/\/ihedn.fr\/en\/wp-json\/wp\/v2\/comments?post=14299"}],"version-history":[{"count":5,"href":"https:\/\/ihedn.fr\/en\/wp-json\/wp\/v2\/posts\/14299\/revisions"}],"predecessor-version":[{"id":14314,"href":"https:\/\/ihedn.fr\/en\/wp-json\/wp\/v2\/posts\/14299\/revisions\/14314"}],"wp:featuredmedia":[{"embeddable":true,"href":"https:\/\/ihedn.fr\/en\/wp-json\/wp\/v2\/media\/14302"}],"wp:attachment":[{"href":"https:\/\/ihedn.fr\/en\/wp-json\/wp\/v2\/media?parent=14299"}],"wp:term":[{"taxonomy":"category","embeddable":true,"href":"https:\/\/ihedn.fr\/en\/wp-json\/wp\/v2\/categories?post=14299"},{"taxonomy":"post_tag","embeddable":true,"href":"https:\/\/ihedn.fr\/en\/wp-json\/wp\/v2\/tags?post=14299"}],"curies":[{"name":"wp","href":"https:\/\/api.w.org\/{rel}","templated":true}]}}