{"id":14859,"date":"2021-09-30T16:41:04","date_gmt":"2021-09-30T15:41:04","guid":{"rendered":"https:\/\/ihedn.fr\/?p=14859"},"modified":"2021-09-30T17:09:56","modified_gmt":"2021-09-30T16:09:56","slug":"visite-de-la-grande-halle-de-la-villette-en-vue-de-la-fabrique-defense","status":"publish","type":"post","link":"https:\/\/ihedn.fr\/en\/uncategorized\/visite-de-la-grande-halle-de-la-villette-en-vue-de-la-fabrique-defense\/","title":{"rendered":"Visit to the Grande Halle de la Villette with a view to the Fabrique D\u00e9fense"},"content":{"rendered":"","protected":true},"excerpt":{"rendered":"","protected":true},"author":1,"featured_media":14873,"comment_status":"closed","ping_status":"closed","sticky":false,"template":"","format":"standard","meta":{"footnotes":""},"categories":[1],"tags":[],"class_list":["post-14859","post","type-post","status-publish","format-standard","post-password-required","hentry","category-uncategorized"],"yoast_head":"<!-- This site is optimized with the Yoast SEO plugin v27.5 - https:\/\/yoast.com\/product\/yoast-seo-wordpress\/ -->\n<title>Visite de la Grande Halle de la Villette en vue de la Fabrique D\u00e9fense - L&#039;IHEDN : Institut des hautes \u00e9tudes de d\u00e9fense nationale<\/title>\n<meta name=\"description\" content=\"Du 22 au 27 f\u00e9vrier 2021 s\u2019est d\u00e9roul\u00e9 \u00e0 Rouen le 123e cycle &quot;IHEDN-Jeunes&quot;, au cours duquel une soixantaine de jeunes, de tous horizons et entre 20 et 30 ans, se sont r\u00e9unis pour apprendre et \u00e9changer autour des th\u00e9matiques de D\u00e9fense et de S\u00e9curit\u00e9 Nationale.\" \/>\n<meta name=\"robots\" content=\"index, follow, max-snippet:-1, max-image-preview:large, max-video-preview:-1\" \/>\n<link rel=\"canonical\" href=\"https:\/\/ihedn.fr\/en\/interne\/visite-de-la-grande-halle-de-la-villette-en-vue-de-la-fabrique-defense\/\" \/>\n<meta property=\"og:locale\" content=\"en_GB\" \/>\n<meta property=\"og:type\" content=\"article\" \/>\n<meta property=\"og:title\" content=\"Visite de la Grande Halle de la Villette en vue de la Fabrique D\u00e9fense - L&#039;IHEDN : Institut des hautes \u00e9tudes de d\u00e9fense nationale\" \/>\n<meta property=\"og:description\" content=\"Du 22 au 27 f\u00e9vrier 2021 s\u2019est d\u00e9roul\u00e9 \u00e0 Rouen le 123e cycle &quot;IHEDN-Jeunes&quot;, au cours duquel une soixantaine de jeunes, de tous horizons et entre 20 et 30 ans, se sont r\u00e9unis pour apprendre et \u00e9changer autour des th\u00e9matiques de D\u00e9fense et de S\u00e9curit\u00e9 Nationale.\" \/>\n<meta property=\"og:url\" content=\"https:\/\/ihedn.fr\/en\/interne\/visite-de-la-grande-halle-de-la-villette-en-vue-de-la-fabrique-defense\/\" \/>\n<meta property=\"og:site_name\" content=\"L&#039;IHEDN : Institut des hautes \u00e9tudes de d\u00e9fense nationale\" \/>\n<meta property=\"article:publisher\" content=\"https:\/\/www.facebook.com\/ihedn\/\" \/>\n<meta property=\"article:published_time\" content=\"2021-09-30T15:41:04+00:00\" \/>\n<meta property=\"article:modified_time\" content=\"2021-09-30T16:09:56+00:00\" \/>\n<meta name=\"author\" content=\"dev\" \/>\n<meta name=\"twitter:card\" content=\"summary_large_image\" \/>\n<meta name=\"twitter:creator\" content=\"@IHEDN\" \/>\n<meta name=\"twitter:site\" content=\"@IHEDN\" \/>\n<meta name=\"twitter:label1\" content=\"Written by\" \/>\n\t<meta name=\"twitter:data1\" content=\"dev\" \/>\n\t<meta name=\"twitter:label2\" content=\"Estimated reading time\" \/>\n\t<meta name=\"twitter:data2\" content=\"2 minutes\" \/>\n<script type=\"application\/ld+json\" class=\"yoast-schema-graph\">{\"@context\":\"https:\\\/\\\/schema.org\",\"@graph\":[{\"@type\":\"WebPage\",\"@id\":\"https:\\\/\\\/ihedn.fr\\\/interne\\\/visite-de-la-grande-halle-de-la-villette-en-vue-de-la-fabrique-defense\\\/\",\"url\":\"https:\\\/\\\/ihedn.fr\\\/interne\\\/visite-de-la-grande-halle-de-la-villette-en-vue-de-la-fabrique-defense\\\/\",\"name\":\"Visite de la Grande Halle de la Villette en vue de la Fabrique D\u00e9fense - L&#039;IHEDN : Institut des hautes \u00e9tudes de d\u00e9fense nationale\",\"isPartOf\":{\"@id\":\"https:\\\/\\\/ihedn.fr\\\/#website\"},\"datePublished\":\"2021-09-30T15:41:04+00:00\",\"dateModified\":\"2021-09-30T16:09:56+00:00\",\"breadcrumb\":{\"@id\":\"https:\\\/\\\/ihedn.fr\\\/interne\\\/visite-de-la-grande-halle-de-la-villette-en-vue-de-la-fabrique-defense\\\/#breadcrumb\"},\"inLanguage\":\"en-GB\"},{\"@type\":\"WebSite\",\"@id\":\"https:\\\/\\\/ihedn.fr\\\/#website\",\"url\":\"https:\\\/\\\/ihedn.fr\\\/\",\"name\":\"IHEDN : Institut des hautes \u00e9tudes de d\u00e9fense nationale |\",\"description\":\"Site officiel de l&#039;IHEDN plac\u00e9 sous la tutelle du Premier ministre.\",\"publisher\":{\"@id\":\"https:\\\/\\\/ihedn.fr\\\/#organization\"},\"potentialAction\":[{\"@type\":\"SearchAction\",\"target\":{\"@type\":\"EntryPoint\",\"urlTemplate\":\"https:\\\/\\\/ihedn.fr\\\/?s={search_term_string}\"},\"query-input\":{\"@type\":\"PropertyValueSpecification\",\"valueRequired\":true,\"valueName\":\"search_term_string\"}}],\"inLanguage\":\"en-GB\"},{\"@type\":\"Organization\",\"@id\":\"https:\\\/\\\/ihedn.fr\\\/#organization\",\"name\":\"IHEDN - Institut des Hautes Etudes de D\u00e9fense Nationale\",\"url\":\"https:\\\/\\\/ihedn.fr\\\/\",\"logo\":{\"@type\":\"ImageObject\",\"inLanguage\":\"en-GB\",\"@id\":\"https:\\\/\\\/ihedn.fr\\\/#\\\/schema\\\/logo\\\/image\\\/\",\"url\":\"https:\\\/\\\/ihedn.fr\\\/wp-content\\\/uploads\\\/2020\\\/11\\\/BLOC_RF_IHEDN_WEB.png\",\"contentUrl\":\"https:\\\/\\\/ihedn.fr\\\/wp-content\\\/uploads\\\/2020\\\/11\\\/BLOC_RF_IHEDN_WEB.png\",\"width\":500,\"height\":237,\"caption\":\"IHEDN - Institut des Hautes Etudes de D\u00e9fense Nationale\"},\"image\":{\"@id\":\"https:\\\/\\\/ihedn.fr\\\/#\\\/schema\\\/logo\\\/image\\\/\"},\"sameAs\":[\"https:\\\/\\\/www.facebook.com\\\/ihedn\\\/\",\"https:\\\/\\\/x.com\\\/IHEDN\",\"https:\\\/\\\/www.instagram.com\\\/ihedn\\\/\",\"https:\\\/\\\/www.linkedin.com\\\/school\\\/ihedn\\\/\",\"https:\\\/\\\/fr.wikipedia.org\\\/wiki\\\/Institut_des_hautes_\u00e9tudes_de_D\u00e9fense_nationale\"]}]}<\/script>\n<!-- \/ Yoast SEO plugin. -->","yoast_head_json":{"title":"Visit to the Grande Halle de la Villette with a view to the Defence Factory - L'IHEDN : Institut des hautes \u00e9tudes de d\u00e9fense nationale","description":"From 22 to 27 February 2021, the 123rd \"IHEDN-Jeunes\" cycle was held in Rouen, bringing together around sixty young people from all backgrounds and aged between 20 and 30 to learn about and exchange ideas on defence and national security issues.","robots":{"index":"index","follow":"follow","max-snippet":"max-snippet:-1","max-image-preview":"max-image-preview:large","max-video-preview":"max-video-preview:-1"},"canonical":"https:\/\/ihedn.fr\/en\/interne\/visite-de-la-grande-halle-de-la-villette-en-vue-de-la-fabrique-defense\/","og_locale":"en_GB","og_type":"article","og_title":"Visite de la Grande Halle de la Villette en vue de la Fabrique D\u00e9fense - L&#039;IHEDN : Institut des hautes \u00e9tudes de d\u00e9fense nationale","og_description":"Du 22 au 27 f\u00e9vrier 2021 s\u2019est d\u00e9roul\u00e9 \u00e0 Rouen le 123e cycle \"IHEDN-Jeunes\", au cours duquel une soixantaine de jeunes, de tous horizons et entre 20 et 30 ans, se sont r\u00e9unis pour apprendre et \u00e9changer autour des th\u00e9matiques de D\u00e9fense et de S\u00e9curit\u00e9 Nationale.","og_url":"https:\/\/ihedn.fr\/en\/interne\/visite-de-la-grande-halle-de-la-villette-en-vue-de-la-fabrique-defense\/","og_site_name":"L&#039;IHEDN : Institut des hautes \u00e9tudes de d\u00e9fense nationale","article_publisher":"https:\/\/www.facebook.com\/ihedn\/","article_published_time":"2021-09-30T15:41:04+00:00","article_modified_time":"2021-09-30T16:09:56+00:00","author":"dev","twitter_card":"summary_large_image","twitter_creator":"@IHEDN","twitter_site":"@IHEDN","twitter_misc":{"Written by":"dev","Estimated reading time":"2 minutes"},"schema":{"@context":"https:\/\/schema.org","@graph":[{"@type":"WebPage","@id":"https:\/\/ihedn.fr\/interne\/visite-de-la-grande-halle-de-la-villette-en-vue-de-la-fabrique-defense\/","url":"https:\/\/ihedn.fr\/interne\/visite-de-la-grande-halle-de-la-villette-en-vue-de-la-fabrique-defense\/","name":"Visit to the Grande Halle de la Villette with a view to the Defence Factory - L'IHEDN : Institut des hautes \u00e9tudes de d\u00e9fense nationale","isPartOf":{"@id":"https:\/\/ihedn.fr\/#website"},"datePublished":"2021-09-30T15:41:04+00:00","dateModified":"2021-09-30T16:09:56+00:00","breadcrumb":{"@id":"https:\/\/ihedn.fr\/interne\/visite-de-la-grande-halle-de-la-villette-en-vue-de-la-fabrique-defense\/#breadcrumb"},"inLanguage":"en-GB"},{"@type":"WebSite","@id":"https:\/\/ihedn.fr\/#website","url":"https:\/\/ihedn.fr\/","name":"IHEDN: Institut des hautes \u00e9tudes de d\u00e9fense nationale (Institute for Higher National Defence Studies)","description":"Official website of the IHEDN under the supervision of the Prime Minister.","publisher":{"@id":"https:\/\/ihedn.fr\/#organization"},"potentialAction":[{"@type":"SearchAction","target":{"@type":"EntryPoint","urlTemplate":"https:\/\/ihedn.fr\/?s={search_term_string}"},"query-input":{"@type":"PropertyValueSpecification","valueRequired":true,"valueName":"search_term_string"}}],"inLanguage":"en-GB"},{"@type":"Organization","@id":"https:\/\/ihedn.fr\/#organization","name":"IHEDN - Institute for Higher National Defence Studies","url":"https:\/\/ihedn.fr\/","logo":{"@type":"ImageObject","inLanguage":"en-GB","@id":"https:\/\/ihedn.fr\/#\/schema\/logo\/image\/","url":"https:\/\/ihedn.fr\/wp-content\/uploads\/2020\/11\/BLOC_RF_IHEDN_WEB.png","contentUrl":"https:\/\/ihedn.fr\/wp-content\/uploads\/2020\/11\/BLOC_RF_IHEDN_WEB.png","width":500,"height":237,"caption":"IHEDN - Institut des Hautes Etudes de D\u00e9fense Nationale"},"image":{"@id":"https:\/\/ihedn.fr\/#\/schema\/logo\/image\/"},"sameAs":["https:\/\/www.facebook.com\/ihedn\/","https:\/\/x.com\/IHEDN","https:\/\/www.instagram.com\/ihedn\/","https:\/\/www.linkedin.com\/school\/ihedn\/","https:\/\/fr.wikipedia.org\/wiki\/Institut_des_hautes_\u00e9tudes_de_D\u00e9fense_nationale"]}]}},"publishpress_future_action":{"enabled":false,"date":"2026-05-07 23:28:41","action":"change-status","newStatus":"draft","terms":[],"taxonomy":"category","extraData":[]},"publishpress_future_workflow_manual_trigger":{"enabledWorkflows":[]},"_links":{"self":[{"href":"https:\/\/ihedn.fr\/en\/wp-json\/wp\/v2\/posts\/14859","targetHints":{"allow":["GET"]}}],"collection":[{"href":"https:\/\/ihedn.fr\/en\/wp-json\/wp\/v2\/posts"}],"about":[{"href":"https:\/\/ihedn.fr\/en\/wp-json\/wp\/v2\/types\/post"}],"author":[{"embeddable":true,"href":"https:\/\/ihedn.fr\/en\/wp-json\/wp\/v2\/users\/1"}],"replies":[{"embeddable":true,"href":"https:\/\/ihedn.fr\/en\/wp-json\/wp\/v2\/comments?post=14859"}],"version-history":[{"count":5,"href":"https:\/\/ihedn.fr\/en\/wp-json\/wp\/v2\/posts\/14859\/revisions"}],"predecessor-version":[{"id":14897,"href":"https:\/\/ihedn.fr\/en\/wp-json\/wp\/v2\/posts\/14859\/revisions\/14897"}],"wp:featuredmedia":[{"embeddable":true,"href":"https:\/\/ihedn.fr\/en\/wp-json\/wp\/v2\/media\/14873"}],"wp:attachment":[{"href":"https:\/\/ihedn.fr\/en\/wp-json\/wp\/v2\/media?parent=14859"}],"wp:term":[{"taxonomy":"category","embeddable":true,"href":"https:\/\/ihedn.fr\/en\/wp-json\/wp\/v2\/categories?post=14859"},{"taxonomy":"post_tag","embeddable":true,"href":"https:\/\/ihedn.fr\/en\/wp-json\/wp\/v2\/tags?post=14859"}],"curies":[{"name":"wp","href":"https:\/\/api.w.org\/{rel}","templated":true}]}}