{"id":1494,"date":"2020-10-05T18:00:00","date_gmt":"2020-10-05T16:00:00","guid":{"rendered":"https:\/\/ihedn.concilium.click\/?p=1494"},"modified":"2025-09-03T11:24:07","modified_gmt":"2025-09-03T10:24:07","slug":"lavenir-de-la-planification","status":"publish","type":"post","link":"https:\/\/ihedn.fr\/en\/lundis-de-lihedn\/lavenir-de-la-planification\/","title":{"rendered":"The future of planning"},"content":{"rendered":"<div data-elementor-type=\"wp-post\" data-elementor-id=\"1494\" class=\"elementor elementor-1494\" data-elementor-post-type=\"post\">\n\t\t\t\t<div data-particle_enable=\"false\" data-particle-mobile-disabled=\"false\" class=\"elementor-element elementor-element-5437cd1 e-flex e-con-boxed e-con e-parent\" data-id=\"5437cd1\" data-element_type=\"container\" data-e-type=\"container\">\n\t\t\t\t\t<div class=\"e-con-inner\">\n\t\t<div data-particle_enable=\"false\" data-particle-mobile-disabled=\"false\" class=\"elementor-element elementor-element-c060dc0 e-con-full e-flex e-con e-child\" data-id=\"c060dc0\" data-element_type=\"container\" data-e-type=\"container\">\n\t\t\t\t<div class=\"elementor-element elementor-element-890f843 elementor-widget elementor-widget-video\" data-id=\"890f843\" data-element_type=\"widget\" data-e-type=\"widget\" data-settings=\"{&quot;video_type&quot;:&quot;vimeo&quot;}\" data-widget_type=\"video.default\">\n\t\t\t\t<div class=\"elementor-widget-container\">\n\t\t\t\t\t\t\t<div class=\"elementor-wrapper elementor-open-inline\">\n\t\t\t<iframe class=\"elementor-video-iframe\" allowfullscreen allow=\"clipboard-write\" title=\"vimeo Video Player\" src=\"https:\/\/player.vimeo.com\/video\/465793184?color&amp;autopause=0&amp;loop=0&amp;muted=0&amp;title=1&amp;portrait=1&amp;byline=1#t=\"><\/iframe>\t\t<\/div>\n\t\t\t\t\t\t<\/div>\n\t\t\t\t<\/div>\n\t\t\t\t<\/div>\n\t\t<div data-particle_enable=\"false\" data-particle-mobile-disabled=\"false\" class=\"elementor-element elementor-element-c6160d1 e-con-full e-flex e-con e-child\" data-id=\"c6160d1\" data-element_type=\"container\" data-e-type=\"container\">\n\t\t\t\t<div class=\"elementor-element elementor-element-b6ee27f elementor-widget elementor-widget-text-editor\" data-id=\"b6ee27f\" data-element_type=\"widget\" data-e-type=\"widget\" data-widget_type=\"text-editor.default\">\n\t\t\t\t<div class=\"elementor-widget-container\">\n\t\t\t\t\t\t\t\t\t<p style=\"text-align: center;\"><span style=\"color: #333399;\"><strong>an exceptional guest<\/strong><\/span><\/p>\t\t\t\t\t\t\t\t<\/div>\n\t\t\t\t<\/div>\n\t\t\t\t<div class=\"elementor-element elementor-element-ab18c1b elementor-widget elementor-widget-image\" data-id=\"ab18c1b\" data-element_type=\"widget\" data-e-type=\"widget\" data-widget_type=\"image.default\">\n\t\t\t\t<div class=\"elementor-widget-container\">\n\t\t\t\t\t\t\t\t\t\t\t\t\t\t\t<img fetchpriority=\"high\" decoding=\"async\" width=\"230\" height=\"252\" src=\"https:\/\/ihedn.fr\/wp-content\/uploads\/2020\/10\/jl-silicani-juin09-rapport.jpg\" class=\"attachment-full size-full wp-image-9334\" alt=\"Jean-Ludovic Silicani IHEDN\" \/>\t\t\t\t\t\t\t\t\t\t\t\t\t\t\t<\/div>\n\t\t\t\t<\/div>\n\t\t\t\t<div class=\"elementor-element elementor-element-cf154fa elementor-widget elementor-widget-text-editor\" data-id=\"cf154fa\" data-element_type=\"widget\" data-e-type=\"widget\" data-widget_type=\"text-editor.default\">\n\t\t\t\t<div class=\"elementor-widget-container\">\n\t\t\t\t\t\t\t\t\t<p style=\"text-align: center;\"><strong><span style=\"color: #000000;\">Jean-Ludovic SILICANI<\/span><\/strong><\/p>\n<p style=\"text-align: center;\"><em><span style=\"color: #000000;\">Honorary State Councillor<\/span><\/em><\/p>\t\t\t\t\t\t\t\t<\/div>\n\t\t\t\t<\/div>\n\t\t\t\t<\/div>\n\t\t\t\t\t<\/div>\n\t\t\t\t<\/div>\n\t\t<div data-particle_enable=\"false\" data-particle-mobile-disabled=\"false\" class=\"elementor-element elementor-element-75bf90c e-flex e-con-boxed e-con e-parent\" data-id=\"75bf90c\" data-element_type=\"container\" data-e-type=\"container\">\n\t\t\t\t\t<div class=\"e-con-inner\">\n\t\t\t\t<div class=\"elementor-element elementor-element-5e00dba elementor-widget elementor-widget-text-editor\" data-id=\"5e00dba\" data-element_type=\"widget\" data-e-type=\"widget\" data-widget_type=\"text-editor.default\">\n\t\t\t\t<div class=\"elementor-widget-container\">\n\t\t\t\t\t\t\t\t\t<p style=\"text-align: left;\">Honorary member of the Conseil d'\u00c9tat, civil mining engineer, DEA in economics, ENA (class of 1980).<\/p>\n<p style=\"text-align: left;\">Director of General Administration at the Ministry of Culture (1986-1992), Chief of Staff to Simone Veil, Minister of State, Minister of Health, Social Affairs and Urban Affairs (1993), Commissioner for State Reform (1995-1998), author of the White Paper on the Future of the Civil Service, Chairman of ARCEP, the French regulatory authority for electronic communications and posts (2009-2015).<\/p>\n<p style=\"text-align: left;\">Drawing on a wide range of operational experience, Jean-Ludovic SiIlicani will examine the future of planning at a time when Fran\u00e7ois Bayrou has just been appointed High Commissioner for Planning.<\/p>\n\t\t\t\t\t\t\t\t<\/div>\n\t\t\t\t<\/div>\n\t\t\t\t\t<\/div>\n\t\t\t\t<\/div>\n\t\t\t\t<\/div>","protected":false},"excerpt":{"rendered":"<p>Jean-Ludovic Silicani is an honorary member of the Conseil d'\u00c9tat, a civil mining engineer, with a post-graduate diploma (DEA) in economics from ENA (class of 1980).<br \/>\nDrawing on a wide range of operational experience, Jean-Ludovic SiIlicani will examine the future of planning at a time when Fran\u00e7ois Bayrou has just been appointed High Commissioner for Planning.<\/p>","protected":false},"author":1,"featured_media":1498,"comment_status":"open","ping_status":"open","sticky":false,"template":"","format":"standard","meta":{"footnotes":""},"categories":[207,41],"tags":[],"class_list":["post-1494","post","type-post","status-publish","format-standard","has-post-thumbnail","hentry","category-defense-militaire","category-lundis-de-lihedn"],"yoast_head":"<!-- This site is optimized with the Yoast SEO plugin v27.5 - https:\/\/yoast.com\/product\/yoast-seo-wordpress\/ -->\n<title>L&#039;avenir de la planification - L&#039;IHEDN : Institut des hautes \u00e9tudes de d\u00e9fense nationale<\/title>\n<meta name=\"description\" content=\"Directeur de l\u2019administration g\u00e9n\u00e9rale du minist\u00e8re de la culture (1986-1992), directeur de cabinet de Simone Veil, ministre d\u2019Etat, ministre de la sant\u00e9, des affaires sociales et de la ville (1993), commissaire \u00e0 la r\u00e9forme de l\u2019Etat (1995-1998), auteur du Livre blanc sur l\u2019avenir de la Fonction Publique, pr\u00e9sident de l\u2019ARCEP, autorit\u00e9 de r\u00e9gulation des communications \u00e9lectroniques et des postes (2009-2015).\" \/>\n<meta name=\"robots\" content=\"index, follow, max-snippet:-1, max-image-preview:large, max-video-preview:-1\" \/>\n<link rel=\"canonical\" href=\"https:\/\/ihedn.fr\/en\/lundis-de-lihedn\/lavenir-de-la-planification\/\" \/>\n<meta property=\"og:locale\" content=\"en_GB\" \/>\n<meta property=\"og:type\" content=\"article\" \/>\n<meta property=\"og:title\" content=\"L&#039;avenir de la planification L&#039;IHEDN : Institut des hautes \u00e9tudes de d\u00e9fense nationale\" \/>\n<meta property=\"og:description\" content=\"Directeur de l\u2019administration g\u00e9n\u00e9rale du minist\u00e8re de la culture (1986-1992), directeur de cabinet de Simone Veil, ministre d\u2019Etat, ministre de la sant\u00e9, des affaires sociales et de la ville (1993), commissaire \u00e0 la r\u00e9forme de l\u2019Etat (1995-1998), auteur du Livre blanc sur l\u2019avenir de la Fonction Publique, pr\u00e9sident de l\u2019ARCEP, autorit\u00e9 de r\u00e9gulation des communications \u00e9lectroniques et des postes (2009-2015).\" \/>\n<meta property=\"og:url\" content=\"https:\/\/ihedn.fr\/en\/lundis-de-lihedn\/lavenir-de-la-planification\/\" \/>\n<meta property=\"og:site_name\" content=\"L&#039;IHEDN : Institut des hautes \u00e9tudes de d\u00e9fense nationale\" \/>\n<meta property=\"article:publisher\" content=\"https:\/\/www.facebook.com\/ihedn\/\" \/>\n<meta property=\"article:published_time\" content=\"2020-10-05T16:00:00+00:00\" \/>\n<meta property=\"article:modified_time\" content=\"2025-09-03T10:24:07+00:00\" \/>\n<meta property=\"og:image\" content=\"https:\/\/ihedn.fr\/wp-content\/uploads\/2020\/12\/Lundis-de-lIHedn-SILICANI_OCTOBRE_2020.jpeg\" \/>\n\t<meta property=\"og:image:width\" content=\"320\" \/>\n\t<meta property=\"og:image:height\" content=\"148\" \/>\n\t<meta property=\"og:image:type\" content=\"image\/jpeg\" \/>\n<meta name=\"author\" content=\"dev\" \/>\n<meta name=\"twitter:card\" content=\"summary_large_image\" \/>\n<meta name=\"twitter:title\" content=\"L&#039;avenir de la planification L&#039;IHEDN : Institut des hautes \u00e9tudes de d\u00e9fense nationale\" \/>\n<meta name=\"twitter:description\" content=\"Directeur de l\u2019administration g\u00e9n\u00e9rale du minist\u00e8re de la culture (1986-1992), directeur de cabinet de Simone Veil, ministre d\u2019Etat, ministre de la sant\u00e9, des affaires sociales et de la ville (1993), commissaire \u00e0 la r\u00e9forme de l\u2019Etat (1995-1998), auteur du Livre blanc sur l\u2019avenir de la Fonction Publique, pr\u00e9sident de l\u2019ARCEP, autorit\u00e9 de r\u00e9gulation des communications \u00e9lectroniques et des postes (2009-2015).\" \/>\n<meta name=\"twitter:creator\" content=\"@IHEDN\" \/>\n<meta name=\"twitter:site\" content=\"@IHEDN\" \/>\n<meta name=\"twitter:label1\" content=\"Written by\" \/>\n\t<meta name=\"twitter:data1\" content=\"dev\" \/>\n\t<meta name=\"twitter:label2\" content=\"Estimated reading time\" \/>\n\t<meta name=\"twitter:data2\" content=\"1 minute\" \/>\n<script type=\"application\/ld+json\" class=\"yoast-schema-graph\">{\"@context\":\"https:\\\/\\\/schema.org\",\"@graph\":[{\"@type\":\"Article\",\"@id\":\"https:\\\/\\\/ihedn.fr\\\/lundis-de-lihedn\\\/lavenir-de-la-planification\\\/#article\",\"isPartOf\":{\"@id\":\"https:\\\/\\\/ihedn.fr\\\/lundis-de-lihedn\\\/lavenir-de-la-planification\\\/\"},\"author\":{\"name\":\"dev\",\"@id\":\"https:\\\/\\\/ihedn.fr\\\/#\\\/schema\\\/person\\\/7a40155595e4efb35323447cb8c8c5a4\"},\"headline\":\"L&rsquo;avenir de la planification\",\"datePublished\":\"2020-10-05T16:00:00+00:00\",\"dateModified\":\"2025-09-03T10:24:07+00:00\",\"mainEntityOfPage\":{\"@id\":\"https:\\\/\\\/ihedn.fr\\\/lundis-de-lihedn\\\/lavenir-de-la-planification\\\/\"},\"wordCount\":142,\"commentCount\":0,\"publisher\":{\"@id\":\"https:\\\/\\\/ihedn.fr\\\/#organization\"},\"image\":{\"@id\":\"https:\\\/\\\/ihedn.fr\\\/lundis-de-lihedn\\\/lavenir-de-la-planification\\\/#primaryimage\"},\"thumbnailUrl\":\"https:\\\/\\\/ihedn.fr\\\/wp-content\\\/uploads\\\/2020\\\/12\\\/Lundis-de-lIHedn-SILICANI_OCTOBRE_2020.jpeg\",\"articleSection\":[\"d\u00e9fense militaire\",\"Lundis de l'IHEDN\"],\"inLanguage\":\"en-GB\",\"potentialAction\":[{\"@type\":\"CommentAction\",\"name\":\"Comment\",\"target\":[\"https:\\\/\\\/ihedn.fr\\\/lundis-de-lihedn\\\/lavenir-de-la-planification\\\/#respond\"]}]},{\"@type\":\"WebPage\",\"@id\":\"https:\\\/\\\/ihedn.fr\\\/lundis-de-lihedn\\\/lavenir-de-la-planification\\\/\",\"url\":\"https:\\\/\\\/ihedn.fr\\\/lundis-de-lihedn\\\/lavenir-de-la-planification\\\/\",\"name\":\"L'avenir de la planification - L&#039;IHEDN : Institut des hautes \u00e9tudes de d\u00e9fense nationale\",\"isPartOf\":{\"@id\":\"https:\\\/\\\/ihedn.fr\\\/#website\"},\"primaryImageOfPage\":{\"@id\":\"https:\\\/\\\/ihedn.fr\\\/lundis-de-lihedn\\\/lavenir-de-la-planification\\\/#primaryimage\"},\"image\":{\"@id\":\"https:\\\/\\\/ihedn.fr\\\/lundis-de-lihedn\\\/lavenir-de-la-planification\\\/#primaryimage\"},\"thumbnailUrl\":\"https:\\\/\\\/ihedn.fr\\\/wp-content\\\/uploads\\\/2020\\\/12\\\/Lundis-de-lIHedn-SILICANI_OCTOBRE_2020.jpeg\",\"datePublished\":\"2020-10-05T16:00:00+00:00\",\"dateModified\":\"2025-09-03T10:24:07+00:00\",\"description\":\"Directeur de l\u2019administration g\u00e9n\u00e9rale du minist\u00e8re de la culture (1986-1992), directeur de cabinet de Simone Veil, ministre d\u2019Etat, ministre de la sant\u00e9, des affaires sociales et de la ville (1993), commissaire \u00e0 la r\u00e9forme de l\u2019Etat (1995-1998), auteur du Livre blanc sur l\u2019avenir de la Fonction Publique, pr\u00e9sident de l\u2019ARCEP, autorit\u00e9 de r\u00e9gulation des communications \u00e9lectroniques et des postes (2009-2015).\",\"breadcrumb\":{\"@id\":\"https:\\\/\\\/ihedn.fr\\\/lundis-de-lihedn\\\/lavenir-de-la-planification\\\/#breadcrumb\"},\"inLanguage\":\"en-GB\",\"potentialAction\":[{\"@type\":\"ReadAction\",\"target\":[\"https:\\\/\\\/ihedn.fr\\\/lundis-de-lihedn\\\/lavenir-de-la-planification\\\/\"]}]},{\"@type\":\"ImageObject\",\"inLanguage\":\"en-GB\",\"@id\":\"https:\\\/\\\/ihedn.fr\\\/lundis-de-lihedn\\\/lavenir-de-la-planification\\\/#primaryimage\",\"url\":\"https:\\\/\\\/ihedn.fr\\\/wp-content\\\/uploads\\\/2020\\\/12\\\/Lundis-de-lIHedn-SILICANI_OCTOBRE_2020.jpeg\",\"contentUrl\":\"https:\\\/\\\/ihedn.fr\\\/wp-content\\\/uploads\\\/2020\\\/12\\\/Lundis-de-lIHedn-SILICANI_OCTOBRE_2020.jpeg\",\"width\":320,\"height\":148},{\"@type\":\"BreadcrumbList\",\"@id\":\"https:\\\/\\\/ihedn.fr\\\/lundis-de-lihedn\\\/lavenir-de-la-planification\\\/#breadcrumb\",\"itemListElement\":[{\"@type\":\"ListItem\",\"position\":1,\"name\":\"Accueil\",\"item\":\"https:\\\/\\\/ihedn.fr\\\/\"},{\"@type\":\"ListItem\",\"position\":2,\"name\":\"L&rsquo;avenir de la planification\"}]},{\"@type\":\"WebSite\",\"@id\":\"https:\\\/\\\/ihedn.fr\\\/#website\",\"url\":\"https:\\\/\\\/ihedn.fr\\\/\",\"name\":\"IHEDN : Institut des hautes \u00e9tudes de d\u00e9fense nationale |\",\"description\":\"Site officiel de l&#039;IHEDN plac\u00e9 sous la tutelle du Premier ministre.\",\"publisher\":{\"@id\":\"https:\\\/\\\/ihedn.fr\\\/#organization\"},\"potentialAction\":[{\"@type\":\"SearchAction\",\"target\":{\"@type\":\"EntryPoint\",\"urlTemplate\":\"https:\\\/\\\/ihedn.fr\\\/?s={search_term_string}\"},\"query-input\":{\"@type\":\"PropertyValueSpecification\",\"valueRequired\":true,\"valueName\":\"search_term_string\"}}],\"inLanguage\":\"en-GB\"},{\"@type\":\"Organization\",\"@id\":\"https:\\\/\\\/ihedn.fr\\\/#organization\",\"name\":\"IHEDN - Institut des Hautes Etudes de D\u00e9fense Nationale\",\"url\":\"https:\\\/\\\/ihedn.fr\\\/\",\"logo\":{\"@type\":\"ImageObject\",\"inLanguage\":\"en-GB\",\"@id\":\"https:\\\/\\\/ihedn.fr\\\/#\\\/schema\\\/logo\\\/image\\\/\",\"url\":\"https:\\\/\\\/ihedn.fr\\\/wp-content\\\/uploads\\\/2020\\\/11\\\/BLOC_RF_IHEDN_WEB.png\",\"contentUrl\":\"https:\\\/\\\/ihedn.fr\\\/wp-content\\\/uploads\\\/2020\\\/11\\\/BLOC_RF_IHEDN_WEB.png\",\"width\":500,\"height\":237,\"caption\":\"IHEDN - Institut des Hautes Etudes de D\u00e9fense Nationale\"},\"image\":{\"@id\":\"https:\\\/\\\/ihedn.fr\\\/#\\\/schema\\\/logo\\\/image\\\/\"},\"sameAs\":[\"https:\\\/\\\/www.facebook.com\\\/ihedn\\\/\",\"https:\\\/\\\/x.com\\\/IHEDN\",\"https:\\\/\\\/www.instagram.com\\\/ihedn\\\/\",\"https:\\\/\\\/www.linkedin.com\\\/school\\\/ihedn\\\/\",\"https:\\\/\\\/fr.wikipedia.org\\\/wiki\\\/Institut_des_hautes_\u00e9tudes_de_D\u00e9fense_nationale\"]},{\"@type\":\"Person\",\"@id\":\"https:\\\/\\\/ihedn.fr\\\/#\\\/schema\\\/person\\\/7a40155595e4efb35323447cb8c8c5a4\",\"name\":\"dev\",\"image\":{\"@type\":\"ImageObject\",\"inLanguage\":\"en-GB\",\"@id\":\"https:\\\/\\\/secure.gravatar.com\\\/avatar\\\/f1ffcac9ca2fa95ad3ec33e9be3ade82f752acb0cabe541e56c5889225afa88a?s=96&d=mm&r=g\",\"url\":\"https:\\\/\\\/secure.gravatar.com\\\/avatar\\\/f1ffcac9ca2fa95ad3ec33e9be3ade82f752acb0cabe541e56c5889225afa88a?s=96&d=mm&r=g\",\"contentUrl\":\"https:\\\/\\\/secure.gravatar.com\\\/avatar\\\/f1ffcac9ca2fa95ad3ec33e9be3ade82f752acb0cabe541e56c5889225afa88a?s=96&d=mm&r=g\",\"caption\":\"dev\"},\"sameAs\":[\"https:\\\/\\\/ihedn.concilium.click\"],\"url\":\"https:\\\/\\\/ihedn.fr\\\/en\\\/author\\\/dev\\\/\"}]}<\/script>\n<!-- \/ Yoast SEO plugin. -->","yoast_head_json":{"title":"The future of planning - L'IHEDN : Institut des hautes \u00e9tudes de d\u00e9fense nationale","description":"Director of General Administration at the Ministry of Culture (1986-1992), Chief of Staff to Simone Veil, Minister of State, Minister of Health, Social Affairs and Urban Affairs (1993), Commissioner for State Reform (1995-1998), author of the White Paper on the Future of the Civil Service, Chairman of ARCEP, the French regulatory authority for electronic communications and posts (2009-2015).","robots":{"index":"index","follow":"follow","max-snippet":"max-snippet:-1","max-image-preview":"max-image-preview:large","max-video-preview":"max-video-preview:-1"},"canonical":"https:\/\/ihedn.fr\/en\/lundis-de-lihedn\/lavenir-de-la-planification\/","og_locale":"en_GB","og_type":"article","og_title":"L'avenir de la planification L&#039;IHEDN : Institut des hautes \u00e9tudes de d\u00e9fense nationale","og_description":"Directeur de l\u2019administration g\u00e9n\u00e9rale du minist\u00e8re de la culture (1986-1992), directeur de cabinet de Simone Veil, ministre d\u2019Etat, ministre de la sant\u00e9, des affaires sociales et de la ville (1993), commissaire \u00e0 la r\u00e9forme de l\u2019Etat (1995-1998), auteur du Livre blanc sur l\u2019avenir de la Fonction Publique, pr\u00e9sident de l\u2019ARCEP, autorit\u00e9 de r\u00e9gulation des communications \u00e9lectroniques et des postes (2009-2015).","og_url":"https:\/\/ihedn.fr\/en\/lundis-de-lihedn\/lavenir-de-la-planification\/","og_site_name":"L&#039;IHEDN : Institut des hautes \u00e9tudes de d\u00e9fense nationale","article_publisher":"https:\/\/www.facebook.com\/ihedn\/","article_published_time":"2020-10-05T16:00:00+00:00","article_modified_time":"2025-09-03T10:24:07+00:00","og_image":[{"width":320,"height":148,"url":"https:\/\/ihedn.fr\/wp-content\/uploads\/2020\/12\/Lundis-de-lIHedn-SILICANI_OCTOBRE_2020.jpeg","type":"image\/jpeg"}],"author":"dev","twitter_card":"summary_large_image","twitter_title":"L'avenir de la planification L&#039;IHEDN : Institut des hautes \u00e9tudes de d\u00e9fense nationale","twitter_description":"Directeur de l\u2019administration g\u00e9n\u00e9rale du minist\u00e8re de la culture (1986-1992), directeur de cabinet de Simone Veil, ministre d\u2019Etat, ministre de la sant\u00e9, des affaires sociales et de la ville (1993), commissaire \u00e0 la r\u00e9forme de l\u2019Etat (1995-1998), auteur du Livre blanc sur l\u2019avenir de la Fonction Publique, pr\u00e9sident de l\u2019ARCEP, autorit\u00e9 de r\u00e9gulation des communications \u00e9lectroniques et des postes (2009-2015).","twitter_creator":"@IHEDN","twitter_site":"@IHEDN","twitter_misc":{"Written by":"dev","Estimated reading time":"1 minute"},"schema":{"@context":"https:\/\/schema.org","@graph":[{"@type":"Article","@id":"https:\/\/ihedn.fr\/lundis-de-lihedn\/lavenir-de-la-planification\/#article","isPartOf":{"@id":"https:\/\/ihedn.fr\/lundis-de-lihedn\/lavenir-de-la-planification\/"},"author":{"name":"dev","@id":"https:\/\/ihedn.fr\/#\/schema\/person\/7a40155595e4efb35323447cb8c8c5a4"},"headline":"L&rsquo;avenir de la planification","datePublished":"2020-10-05T16:00:00+00:00","dateModified":"2025-09-03T10:24:07+00:00","mainEntityOfPage":{"@id":"https:\/\/ihedn.fr\/lundis-de-lihedn\/lavenir-de-la-planification\/"},"wordCount":142,"commentCount":0,"publisher":{"@id":"https:\/\/ihedn.fr\/#organization"},"image":{"@id":"https:\/\/ihedn.fr\/lundis-de-lihedn\/lavenir-de-la-planification\/#primaryimage"},"thumbnailUrl":"https:\/\/ihedn.fr\/wp-content\/uploads\/2020\/12\/Lundis-de-lIHedn-SILICANI_OCTOBRE_2020.jpeg","articleSection":["d\u00e9fense militaire","Lundis de l'IHEDN"],"inLanguage":"en-GB","potentialAction":[{"@type":"CommentAction","name":"Comment","target":["https:\/\/ihedn.fr\/lundis-de-lihedn\/lavenir-de-la-planification\/#respond"]}]},{"@type":"WebPage","@id":"https:\/\/ihedn.fr\/lundis-de-lihedn\/lavenir-de-la-planification\/","url":"https:\/\/ihedn.fr\/lundis-de-lihedn\/lavenir-de-la-planification\/","name":"The future of planning - L'IHEDN : Institut des hautes \u00e9tudes de d\u00e9fense nationale","isPartOf":{"@id":"https:\/\/ihedn.fr\/#website"},"primaryImageOfPage":{"@id":"https:\/\/ihedn.fr\/lundis-de-lihedn\/lavenir-de-la-planification\/#primaryimage"},"image":{"@id":"https:\/\/ihedn.fr\/lundis-de-lihedn\/lavenir-de-la-planification\/#primaryimage"},"thumbnailUrl":"https:\/\/ihedn.fr\/wp-content\/uploads\/2020\/12\/Lundis-de-lIHedn-SILICANI_OCTOBRE_2020.jpeg","datePublished":"2020-10-05T16:00:00+00:00","dateModified":"2025-09-03T10:24:07+00:00","description":"Director of General Administration at the Ministry of Culture (1986-1992), Chief of Staff to Simone Veil, Minister of State, Minister of Health, Social Affairs and Urban Affairs (1993), Commissioner for State Reform (1995-1998), author of the White Paper on the Future of the Civil Service, Chairman of ARCEP, the French regulatory authority for electronic communications and posts (2009-2015).","breadcrumb":{"@id":"https:\/\/ihedn.fr\/lundis-de-lihedn\/lavenir-de-la-planification\/#breadcrumb"},"inLanguage":"en-GB","potentialAction":[{"@type":"ReadAction","target":["https:\/\/ihedn.fr\/lundis-de-lihedn\/lavenir-de-la-planification\/"]}]},{"@type":"ImageObject","inLanguage":"en-GB","@id":"https:\/\/ihedn.fr\/lundis-de-lihedn\/lavenir-de-la-planification\/#primaryimage","url":"https:\/\/ihedn.fr\/wp-content\/uploads\/2020\/12\/Lundis-de-lIHedn-SILICANI_OCTOBRE_2020.jpeg","contentUrl":"https:\/\/ihedn.fr\/wp-content\/uploads\/2020\/12\/Lundis-de-lIHedn-SILICANI_OCTOBRE_2020.jpeg","width":320,"height":148},{"@type":"BreadcrumbList","@id":"https:\/\/ihedn.fr\/lundis-de-lihedn\/lavenir-de-la-planification\/#breadcrumb","itemListElement":[{"@type":"ListItem","position":1,"name":"Accueil","item":"https:\/\/ihedn.fr\/"},{"@type":"ListItem","position":2,"name":"L&rsquo;avenir de la planification"}]},{"@type":"WebSite","@id":"https:\/\/ihedn.fr\/#website","url":"https:\/\/ihedn.fr\/","name":"IHEDN: Institut des hautes \u00e9tudes de d\u00e9fense nationale (Institute for Higher National Defence Studies)","description":"Official website of the IHEDN under the supervision of the Prime Minister.","publisher":{"@id":"https:\/\/ihedn.fr\/#organization"},"potentialAction":[{"@type":"SearchAction","target":{"@type":"EntryPoint","urlTemplate":"https:\/\/ihedn.fr\/?s={search_term_string}"},"query-input":{"@type":"PropertyValueSpecification","valueRequired":true,"valueName":"search_term_string"}}],"inLanguage":"en-GB"},{"@type":"Organization","@id":"https:\/\/ihedn.fr\/#organization","name":"IHEDN - Institute for Higher National Defence Studies","url":"https:\/\/ihedn.fr\/","logo":{"@type":"ImageObject","inLanguage":"en-GB","@id":"https:\/\/ihedn.fr\/#\/schema\/logo\/image\/","url":"https:\/\/ihedn.fr\/wp-content\/uploads\/2020\/11\/BLOC_RF_IHEDN_WEB.png","contentUrl":"https:\/\/ihedn.fr\/wp-content\/uploads\/2020\/11\/BLOC_RF_IHEDN_WEB.png","width":500,"height":237,"caption":"IHEDN - Institut des Hautes Etudes de D\u00e9fense Nationale"},"image":{"@id":"https:\/\/ihedn.fr\/#\/schema\/logo\/image\/"},"sameAs":["https:\/\/www.facebook.com\/ihedn\/","https:\/\/x.com\/IHEDN","https:\/\/www.instagram.com\/ihedn\/","https:\/\/www.linkedin.com\/school\/ihedn\/","https:\/\/fr.wikipedia.org\/wiki\/Institut_des_hautes_\u00e9tudes_de_D\u00e9fense_nationale"]},{"@type":"Person","@id":"https:\/\/ihedn.fr\/#\/schema\/person\/7a40155595e4efb35323447cb8c8c5a4","name":"dev","image":{"@type":"ImageObject","inLanguage":"en-GB","@id":"https:\/\/secure.gravatar.com\/avatar\/f1ffcac9ca2fa95ad3ec33e9be3ade82f752acb0cabe541e56c5889225afa88a?s=96&d=mm&r=g","url":"https:\/\/secure.gravatar.com\/avatar\/f1ffcac9ca2fa95ad3ec33e9be3ade82f752acb0cabe541e56c5889225afa88a?s=96&d=mm&r=g","contentUrl":"https:\/\/secure.gravatar.com\/avatar\/f1ffcac9ca2fa95ad3ec33e9be3ade82f752acb0cabe541e56c5889225afa88a?s=96&d=mm&r=g","caption":"dev"},"sameAs":["https:\/\/ihedn.concilium.click"],"url":"https:\/\/ihedn.fr\/en\/author\/dev\/"}]}},"publishpress_future_action":{"enabled":false,"date":"2026-05-05 21:54:35","action":"change-status","newStatus":"draft","terms":[],"taxonomy":"category","extraData":[]},"publishpress_future_workflow_manual_trigger":{"enabledWorkflows":[]},"_links":{"self":[{"href":"https:\/\/ihedn.fr\/en\/wp-json\/wp\/v2\/posts\/1494","targetHints":{"allow":["GET"]}}],"collection":[{"href":"https:\/\/ihedn.fr\/en\/wp-json\/wp\/v2\/posts"}],"about":[{"href":"https:\/\/ihedn.fr\/en\/wp-json\/wp\/v2\/types\/post"}],"author":[{"embeddable":true,"href":"https:\/\/ihedn.fr\/en\/wp-json\/wp\/v2\/users\/1"}],"replies":[{"embeddable":true,"href":"https:\/\/ihedn.fr\/en\/wp-json\/wp\/v2\/comments?post=1494"}],"version-history":[{"count":9,"href":"https:\/\/ihedn.fr\/en\/wp-json\/wp\/v2\/posts\/1494\/revisions"}],"predecessor-version":[{"id":55346,"href":"https:\/\/ihedn.fr\/en\/wp-json\/wp\/v2\/posts\/1494\/revisions\/55346"}],"wp:featuredmedia":[{"embeddable":true,"href":"https:\/\/ihedn.fr\/en\/wp-json\/wp\/v2\/media\/1498"}],"wp:attachment":[{"href":"https:\/\/ihedn.fr\/en\/wp-json\/wp\/v2\/media?parent=1494"}],"wp:term":[{"taxonomy":"category","embeddable":true,"href":"https:\/\/ihedn.fr\/en\/wp-json\/wp\/v2\/categories?post=1494"},{"taxonomy":"post_tag","embeddable":true,"href":"https:\/\/ihedn.fr\/en\/wp-json\/wp\/v2\/tags?post=1494"}],"curies":[{"name":"wp","href":"https:\/\/api.w.org\/{rel}","templated":true}]}}