{"id":15330,"date":"2021-10-15T13:55:29","date_gmt":"2021-10-15T12:55:29","guid":{"rendered":"https:\/\/ihedn.fr\/?p=15330"},"modified":"2022-11-25T15:22:50","modified_gmt":"2022-11-25T14:22:50","slug":"cloture-de-la-32e-session-europeenne-des-responsables-darmement","status":"publish","type":"post","link":"https:\/\/ihedn.fr\/en\/notre-actualite\/cloture-de-la-32e-session-europeenne-des-responsables-darmement\/","title":{"rendered":"Closing of the 32nd European Session of Senior Armament Officials"},"content":{"rendered":"<div data-elementor-type=\"wp-post\" data-elementor-id=\"15330\" class=\"elementor elementor-15330\" data-elementor-post-type=\"post\">\n\t\t\t\t\t\t<section data-particle_enable=\"false\" data-particle-mobile-disabled=\"false\" class=\"elementor-section elementor-top-section elementor-element elementor-element-60a4b8a elementor-section-boxed elementor-section-height-default elementor-section-height-default\" data-id=\"60a4b8a\" data-element_type=\"section\" data-e-type=\"section\">\n\t\t\t\t\t\t<div class=\"elementor-container elementor-column-gap-default\">\n\t\t\t\t\t<div class=\"elementor-column elementor-col-100 elementor-top-column elementor-element elementor-element-c8d6a6f\" data-id=\"c8d6a6f\" data-element_type=\"column\" data-e-type=\"column\">\n\t\t\t<div class=\"elementor-widget-wrap elementor-element-populated\">\n\t\t\t\t\t\t<div class=\"elementor-element elementor-element-e043e1f elementor-widget elementor-widget-heading\" data-id=\"e043e1f\" data-element_type=\"widget\" data-e-type=\"widget\" data-widget_type=\"heading.default\">\n\t\t\t\t<div class=\"elementor-widget-container\">\n\t\t\t\t\t<h5 class=\"elementor-heading-title elementor-size-default\">European armaments cooperation<\/h5>\t\t\t\t<\/div>\n\t\t\t\t<\/div>\n\t\t\t\t\t<\/div>\n\t\t<\/div>\n\t\t\t\t\t<\/div>\n\t\t<\/section>\n\t\t\t\t<section data-particle_enable=\"false\" data-particle-mobile-disabled=\"false\" class=\"elementor-section elementor-top-section elementor-element elementor-element-cf6adc0 elementor-section-boxed elementor-section-height-default elementor-section-height-default\" data-id=\"cf6adc0\" data-element_type=\"section\" data-e-type=\"section\">\n\t\t\t\t\t\t<div class=\"elementor-container elementor-column-gap-default\">\n\t\t\t\t\t<div class=\"elementor-column elementor-col-100 elementor-top-column elementor-element elementor-element-8a8119b\" data-id=\"8a8119b\" data-element_type=\"column\" data-e-type=\"column\">\n\t\t\t<div class=\"elementor-widget-wrap elementor-element-populated\">\n\t\t\t\t\t\t<div class=\"elementor-element elementor-element-5c4a595 elementor-widget elementor-widget-text-editor\" data-id=\"5c4a595\" data-element_type=\"widget\" data-e-type=\"widget\" data-widget_type=\"text-editor.default\">\n\t\t\t\t<div class=\"elementor-widget-container\">\n\t\t\t\t\t\t\t\t\tFriday 15 October sees the end of the second week of the 32nd edition of the European Motor Show in Brussels.<sup>e<\/sup> <strong>European Armaments Managers Session<\/strong> organised by the Direction de l'Armement Belge, in partnership with IHEDN.\t\t\t\t\t\t\t\t<\/div>\n\t\t\t\t<\/div>\n\t\t\t\t<section data-particle_enable=\"false\" data-particle-mobile-disabled=\"false\" class=\"elementor-section elementor-inner-section elementor-element elementor-element-ac2cd1c elementor-section-boxed elementor-section-height-default elementor-section-height-default\" data-id=\"ac2cd1c\" data-element_type=\"section\" data-e-type=\"section\">\n\t\t\t\t\t\t<div class=\"elementor-container elementor-column-gap-default\">\n\t\t\t\t\t<div class=\"elementor-column elementor-col-50 elementor-inner-column elementor-element elementor-element-dc6aa7e\" data-id=\"dc6aa7e\" data-element_type=\"column\" data-e-type=\"column\">\n\t\t\t<div class=\"elementor-widget-wrap elementor-element-populated\">\n\t\t\t\t\t\t<div class=\"elementor-element elementor-element-c9c3b8e elementor-widget elementor-widget-image\" data-id=\"c9c3b8e\" data-element_type=\"widget\" data-e-type=\"widget\" data-widget_type=\"image.default\">\n\t\t\t\t<div class=\"elementor-widget-container\">\n\t\t\t\t\t\t\t\t\t\t\t\t\t\t\t<img fetchpriority=\"high\" decoding=\"async\" width=\"1453\" height=\"799\" src=\"https:\/\/ihedn.fr\/wp-content\/uploads\/2021\/10\/20211013-\u00a9IHEDN-sera-002.jpg\" class=\"attachment-full size-full wp-image-15333\" alt=\"\" srcset=\"https:\/\/ihedn.fr\/wp-content\/uploads\/2021\/10\/20211013-\u00a9IHEDN-sera-002.jpg 1453w, https:\/\/ihedn.fr\/wp-content\/uploads\/2021\/10\/20211013-\u00a9IHEDN-sera-002-600x330.jpg 600w\" sizes=\"(max-width: 1453px) 100vw, 1453px\" \/>\t\t\t\t\t\t\t\t\t\t\t\t\t\t\t<\/div>\n\t\t\t\t<\/div>\n\t\t\t\t<div class=\"elementor-element elementor-element-a907e3d elementor-widget elementor-widget-image\" data-id=\"a907e3d\" data-element_type=\"widget\" data-e-type=\"widget\" data-widget_type=\"image.default\">\n\t\t\t\t<div class=\"elementor-widget-container\">\n\t\t\t\t\t\t\t\t\t\t\t\t\t\t\t<img decoding=\"async\" width=\"1453\" height=\"1090\" src=\"https:\/\/ihedn.fr\/wp-content\/uploads\/2021\/10\/20211013-\u00a9IHEDN-sera-003.jpg\" class=\"attachment-full size-full wp-image-15334\" alt=\"\" srcset=\"https:\/\/ihedn.fr\/wp-content\/uploads\/2021\/10\/20211013-\u00a9IHEDN-sera-003.jpg 1453w, https:\/\/ihedn.fr\/wp-content\/uploads\/2021\/10\/20211013-\u00a9IHEDN-sera-003-600x450.jpg 600w\" sizes=\"(max-width: 1453px) 100vw, 1453px\" \/>\t\t\t\t\t\t\t\t\t\t\t\t\t\t\t<\/div>\n\t\t\t\t<\/div>\n\t\t\t\t\t<\/div>\n\t\t<\/div>\n\t\t\t\t<div class=\"elementor-column elementor-col-50 elementor-inner-column elementor-element elementor-element-f0ba15f\" data-id=\"f0ba15f\" data-element_type=\"column\" data-e-type=\"column\">\n\t\t\t<div class=\"elementor-widget-wrap elementor-element-populated\">\n\t\t\t\t\t\t<div class=\"elementor-element elementor-element-27ab6b7 elementor-widget elementor-widget-image\" data-id=\"27ab6b7\" data-element_type=\"widget\" data-e-type=\"widget\" data-widget_type=\"image.default\">\n\t\t\t\t<div class=\"elementor-widget-container\">\n\t\t\t\t\t\t\t\t\t\t\t\t\t\t\t<img decoding=\"async\" width=\"1453\" height=\"827\" src=\"https:\/\/ihedn.fr\/wp-content\/uploads\/2021\/10\/20211012-\u00a9IHEDN-sera-001.jpg\" class=\"attachment-full size-full wp-image-15332\" alt=\"\" srcset=\"https:\/\/ihedn.fr\/wp-content\/uploads\/2021\/10\/20211012-\u00a9IHEDN-sera-001.jpg 1453w, https:\/\/ihedn.fr\/wp-content\/uploads\/2021\/10\/20211012-\u00a9IHEDN-sera-001-600x342.jpg 600w\" sizes=\"(max-width: 1453px) 100vw, 1453px\" \/>\t\t\t\t\t\t\t\t\t\t\t\t\t\t\t<\/div>\n\t\t\t\t<\/div>\n\t\t\t\t<div class=\"elementor-element elementor-element-82eaafd elementor-widget elementor-widget-text-editor\" data-id=\"82eaafd\" data-element_type=\"widget\" data-e-type=\"widget\" data-widget_type=\"text-editor.default\">\n\t\t\t\t<div class=\"elementor-widget-container\">\n\t\t\t\t\t\t\t\t\t<p>The week was punctuated by conferences and round tables on a wide range of subjects including <strong>European Defence Fund<\/strong> and research and innovation. The latter enabled the auditors to deepen their reflections during committee work on export-related issues.<\/p>\t\t\t\t\t\t\t\t<\/div>\n\t\t\t\t<\/div>\n\t\t\t\t<div class=\"elementor-element elementor-element-882dcd3 elementor-widget elementor-widget-text-editor\" data-id=\"882dcd3\" data-element_type=\"widget\" data-e-type=\"widget\" data-widget_type=\"text-editor.default\">\n\t\t\t\t<div class=\"elementor-widget-container\">\n\t\t\t\t\t\t\t\t\t<p>The week also provided an opportunity to take stock of the strength of the Belgian defence industrial and technological base, through visits to internationally renowned manufacturers (SABCA, John Cockerill, FN Herstal) and the presentation of dynamic and innovative small and medium-sized enterprises grouped together in the Belgian Security and Defence industry (BSDi) network.<\/p>\t\t\t\t\t\t\t\t<\/div>\n\t\t\t\t<\/div>\n\t\t\t\t\t<\/div>\n\t\t<\/div>\n\t\t\t\t\t<\/div>\n\t\t<\/section>\n\t\t\t\t\t<\/div>\n\t\t<\/div>\n\t\t\t\t\t<\/div>\n\t\t<\/section>\n\t\t\t\t<section data-particle_enable=\"false\" data-particle-mobile-disabled=\"false\" class=\"elementor-section elementor-top-section elementor-element elementor-element-ee20384 elementor-section-boxed elementor-section-height-default elementor-section-height-default\" data-id=\"ee20384\" data-element_type=\"section\" data-e-type=\"section\">\n\t\t\t\t\t\t<div class=\"elementor-container elementor-column-gap-default\">\n\t\t\t\t\t<div class=\"elementor-column elementor-col-100 elementor-top-column elementor-element elementor-element-61bdee1\" data-id=\"61bdee1\" data-element_type=\"column\" data-e-type=\"column\">\n\t\t\t<div class=\"elementor-widget-wrap elementor-element-populated\">\n\t\t\t\t\t\t<div class=\"elementor-element elementor-element-120ac71 elementor-widget elementor-widget-text-editor\" data-id=\"120ac71\" data-element_type=\"widget\" data-e-type=\"widget\" data-widget_type=\"text-editor.default\">\n\t\t\t\t<div class=\"elementor-widget-container\">\n\t\t\t\t\t\t\t\t\t<p>The auditors will have another opportunity to exchange ideas during a week in the Czech Republic in November before presenting their work at the Ecole Militaire in December this year.<\/p>\t\t\t\t\t\t\t\t<\/div>\n\t\t\t\t<\/div>\n\t\t\t\t<div class=\"elementor-element elementor-element-c7f9a2e elementor-widget elementor-widget-image\" data-id=\"c7f9a2e\" data-element_type=\"widget\" data-e-type=\"widget\" data-widget_type=\"image.default\">\n\t\t\t\t<div class=\"elementor-widget-container\">\n\t\t\t\t\t\t\t\t\t\t\t\t\t\t\t<img loading=\"lazy\" decoding=\"async\" width=\"1453\" height=\"968\" src=\"https:\/\/ihedn.fr\/wp-content\/uploads\/2021\/10\/20211015-\u00a9IHEDN-sera-004.jpeg\" class=\"attachment-full size-full wp-image-15335\" alt=\"\" srcset=\"https:\/\/ihedn.fr\/wp-content\/uploads\/2021\/10\/20211015-\u00a9IHEDN-sera-004.jpeg 1453w, https:\/\/ihedn.fr\/wp-content\/uploads\/2021\/10\/20211015-\u00a9IHEDN-sera-004-600x400.jpeg 600w\" sizes=\"(max-width: 1453px) 100vw, 1453px\" \/>\t\t\t\t\t\t\t\t\t\t\t\t\t\t\t<\/div>\n\t\t\t\t<\/div>\n\t\t\t\t\t<\/div>\n\t\t<\/div>\n\t\t\t\t\t<\/div>\n\t\t<\/section>\n\t\t\t\t<section data-particle_enable=\"false\" data-particle-mobile-disabled=\"false\" class=\"elementor-section elementor-top-section elementor-element elementor-element-71be883 elementor-section-boxed elementor-section-height-default elementor-section-height-default\" data-id=\"71be883\" data-element_type=\"section\" data-e-type=\"section\">\n\t\t\t\t\t\t<div class=\"elementor-container elementor-column-gap-default\">\n\t\t\t\t\t<div class=\"elementor-column elementor-col-100 elementor-top-column elementor-element elementor-element-aa49fd9\" data-id=\"aa49fd9\" data-element_type=\"column\" data-e-type=\"column\">\n\t\t\t<div class=\"elementor-widget-wrap elementor-element-populated\">\n\t\t\t\t\t\t<div class=\"elementor-element elementor-element-a85338c elementor-widget-divider--view-line elementor-widget elementor-widget-divider\" data-id=\"a85338c\" data-element_type=\"widget\" data-e-type=\"widget\" data-widget_type=\"divider.default\">\n\t\t\t\t<div class=\"elementor-widget-container\">\n\t\t\t\t\t\t\t<div class=\"elementor-divider\">\n\t\t\t<span class=\"elementor-divider-separator\">\n\t\t\t\t\t\t<\/span>\n\t\t<\/div>\n\t\t\t\t\t\t<\/div>\n\t\t\t\t<\/div>\n\t\t\t\t\t<\/div>\n\t\t<\/div>\n\t\t\t\t\t<\/div>\n\t\t<\/section>\n\t\t\t\t<section data-particle_enable=\"false\" data-particle-mobile-disabled=\"false\" class=\"elementor-section elementor-top-section elementor-element elementor-element-d2ac307 elementor-section-boxed elementor-section-height-default elementor-section-height-default\" data-id=\"d2ac307\" data-element_type=\"section\" data-e-type=\"section\">\n\t\t\t\t\t\t<div class=\"elementor-container elementor-column-gap-default\">\n\t\t\t\t\t<div class=\"elementor-column elementor-col-100 elementor-top-column elementor-element elementor-element-717bfae\" data-id=\"717bfae\" data-element_type=\"column\" data-e-type=\"column\">\n\t\t\t<div class=\"elementor-widget-wrap elementor-element-populated\">\n\t\t\t\t\t\t<div class=\"elementor-element elementor-element-daed80f elementor-widget elementor-widget-text-editor\" data-id=\"daed80f\" data-element_type=\"widget\" data-e-type=\"widget\" data-widget_type=\"text-editor.default\">\n\t\t\t\t<div class=\"elementor-widget-container\">\n\t\t\t\t\t\t\t\t\t<p><em>The second week of the 32nd European Session for Armament Representatives, organized by the Belgian Armament Directorate, together with IHEDN, ended on Friday October 15th in Brussels. Conferences and panels on various topics like innovation or the European Defence Fund gave food for thought during the committee sessions organized on issues related to export. This week also gave the opportunity to look at the vitality of the Belgian technological and industrial defence base through the visit of worldwide companies (SABCA, John Cockerill, FN Herstal) and also thanks to the presentation of many small and medium-sized dynamic and innovative enterprises gathered within the Belgian Security and Defence industry (BSDi).<\/em><\/p><p><em>SERA's auditors will meet again in Czech Republic in November before presenting their work in December this year at the Military School in Paris.\u00a0\u00a0\u00a0\u00a0<\/em><\/p>\t\t\t\t\t\t\t\t<\/div>\n\t\t\t\t<\/div>\n\t\t\t\t\t<\/div>\n\t\t<\/div>\n\t\t\t\t\t<\/div>\n\t\t<\/section>\n\t\t\t\t<\/div>","protected":false},"excerpt":{"rendered":"<p>la coop\u00e9ration en mati\u00e8re d&rsquo;armement \u00e0 l&rsquo;\u00e9chelle europ\u00e9enne Cl\u00f4ture, ce vendredi 15 octobre s\u2019ach\u00e8ve \u00e0 Bruxelles la deuxi\u00e8me semaine de la 32e Session Europ\u00e9enne des Responsables d\u2019Armement organis\u00e9e par la Direction de l\u2019Armement Belge, en partenariat avec l\u2019IHEDN. Cette semaine a \u00e9t\u00e9 rythm\u00e9e par des conf\u00e9rences et tables rondes sur des sujets aussi vari\u00e9s que [&hellip;]<\/p>\n","protected":false},"author":1,"featured_media":15333,"comment_status":"closed","ping_status":"closed","sticky":false,"template":"","format":"standard","meta":{"footnotes":""},"categories":[172],"tags":[],"class_list":["post-15330","post","type-post","status-publish","format-standard","has-post-thumbnail","hentry","category-notre-actualite"],"yoast_head":"<!-- This site is optimized with the Yoast SEO plugin v27.5 - https:\/\/yoast.com\/product\/yoast-seo-wordpress\/ -->\n<title>Cl\u00f4ture de la 32e Session Europ\u00e9enne des Responsables d\u2019Armement - L&#039;IHEDN : Institut des hautes \u00e9tudes de d\u00e9fense nationale<\/title>\n<meta name=\"robots\" content=\"index, follow, max-snippet:-1, max-image-preview:large, max-video-preview:-1\" \/>\n<link rel=\"canonical\" href=\"https:\/\/ihedn.fr\/en\/actualites-des-sessions\/deai\/cloture-de-la-32e-session-europeenne-des-responsables-darmement\/\" \/>\n<meta property=\"og:locale\" content=\"en_GB\" \/>\n<meta property=\"og:type\" content=\"article\" \/>\n<meta property=\"og:title\" content=\"Cl\u00f4ture de la 32e Session Europ\u00e9enne des Responsables d\u2019Armement - L&#039;IHEDN : Institut des hautes \u00e9tudes de d\u00e9fense nationale\" \/>\n<meta property=\"og:description\" content=\"la coop\u00e9ration en mati\u00e8re d&rsquo;armement \u00e0 l&rsquo;\u00e9chelle europ\u00e9enne Cl\u00f4ture, ce vendredi 15 octobre s\u2019ach\u00e8ve \u00e0 Bruxelles la deuxi\u00e8me semaine de la 32e Session Europ\u00e9enne des Responsables d\u2019Armement organis\u00e9e par la Direction de l\u2019Armement Belge, en partenariat avec l\u2019IHEDN. Cette semaine a \u00e9t\u00e9 rythm\u00e9e par des conf\u00e9rences et tables rondes sur des sujets aussi vari\u00e9s que [&hellip;]\" \/>\n<meta property=\"og:url\" content=\"https:\/\/ihedn.fr\/en\/actualites-des-sessions\/deai\/cloture-de-la-32e-session-europeenne-des-responsables-darmement\/\" \/>\n<meta property=\"og:site_name\" content=\"L&#039;IHEDN : Institut des hautes \u00e9tudes de d\u00e9fense nationale\" \/>\n<meta property=\"article:publisher\" content=\"https:\/\/www.facebook.com\/ihedn\/\" \/>\n<meta property=\"article:published_time\" content=\"2021-10-15T12:55:29+00:00\" \/>\n<meta property=\"article:modified_time\" content=\"2022-11-25T14:22:50+00:00\" \/>\n<meta property=\"og:image\" content=\"https:\/\/ihedn.fr\/wp-content\/uploads\/2021\/10\/20211013-\u00a9IHEDN-sera-002.jpg\" \/>\n\t<meta property=\"og:image:width\" content=\"1453\" \/>\n\t<meta property=\"og:image:height\" content=\"799\" \/>\n\t<meta property=\"og:image:type\" content=\"image\/jpeg\" \/>\n<meta name=\"author\" content=\"dev\" \/>\n<meta name=\"twitter:card\" content=\"summary_large_image\" \/>\n<meta name=\"twitter:creator\" content=\"@IHEDN\" \/>\n<meta name=\"twitter:site\" content=\"@IHEDN\" \/>\n<meta name=\"twitter:label1\" content=\"Written by\" \/>\n\t<meta name=\"twitter:data1\" content=\"dev\" \/>\n\t<meta name=\"twitter:label2\" content=\"Estimated reading time\" \/>\n\t<meta name=\"twitter:data2\" content=\"3 minutes\" \/>\n<script type=\"application\/ld+json\" class=\"yoast-schema-graph\">{\"@context\":\"https:\\\/\\\/schema.org\",\"@graph\":[{\"@type\":\"Article\",\"@id\":\"https:\\\/\\\/ihedn.fr\\\/actualites-des-sessions\\\/deai\\\/cloture-de-la-32e-session-europeenne-des-responsables-darmement\\\/#article\",\"isPartOf\":{\"@id\":\"https:\\\/\\\/ihedn.fr\\\/actualites-des-sessions\\\/deai\\\/cloture-de-la-32e-session-europeenne-des-responsables-darmement\\\/\"},\"author\":{\"name\":\"dev\",\"@id\":\"https:\\\/\\\/ihedn.fr\\\/#\\\/schema\\\/person\\\/7a40155595e4efb35323447cb8c8c5a4\"},\"headline\":\"Cl\u00f4ture de la 32e Session Europ\u00e9enne des Responsables d\u2019Armement\",\"datePublished\":\"2021-10-15T12:55:29+00:00\",\"dateModified\":\"2022-11-25T14:22:50+00:00\",\"mainEntityOfPage\":{\"@id\":\"https:\\\/\\\/ihedn.fr\\\/actualites-des-sessions\\\/deai\\\/cloture-de-la-32e-session-europeenne-des-responsables-darmement\\\/\"},\"wordCount\":362,\"publisher\":{\"@id\":\"https:\\\/\\\/ihedn.fr\\\/#organization\"},\"image\":{\"@id\":\"https:\\\/\\\/ihedn.fr\\\/actualites-des-sessions\\\/deai\\\/cloture-de-la-32e-session-europeenne-des-responsables-darmement\\\/#primaryimage\"},\"thumbnailUrl\":\"https:\\\/\\\/ihedn.fr\\\/wp-content\\\/uploads\\\/2021\\\/10\\\/20211013-\u00a9IHEDN-sera-002.jpg\",\"articleSection\":[\"Notre actualit\u00e9\"],\"inLanguage\":\"en-GB\"},{\"@type\":\"WebPage\",\"@id\":\"https:\\\/\\\/ihedn.fr\\\/actualites-des-sessions\\\/deai\\\/cloture-de-la-32e-session-europeenne-des-responsables-darmement\\\/\",\"url\":\"https:\\\/\\\/ihedn.fr\\\/actualites-des-sessions\\\/deai\\\/cloture-de-la-32e-session-europeenne-des-responsables-darmement\\\/\",\"name\":\"Cl\u00f4ture de la 32e Session Europ\u00e9enne des Responsables d\u2019Armement - L&#039;IHEDN : Institut des hautes \u00e9tudes de d\u00e9fense nationale\",\"isPartOf\":{\"@id\":\"https:\\\/\\\/ihedn.fr\\\/#website\"},\"primaryImageOfPage\":{\"@id\":\"https:\\\/\\\/ihedn.fr\\\/actualites-des-sessions\\\/deai\\\/cloture-de-la-32e-session-europeenne-des-responsables-darmement\\\/#primaryimage\"},\"image\":{\"@id\":\"https:\\\/\\\/ihedn.fr\\\/actualites-des-sessions\\\/deai\\\/cloture-de-la-32e-session-europeenne-des-responsables-darmement\\\/#primaryimage\"},\"thumbnailUrl\":\"https:\\\/\\\/ihedn.fr\\\/wp-content\\\/uploads\\\/2021\\\/10\\\/20211013-\u00a9IHEDN-sera-002.jpg\",\"datePublished\":\"2021-10-15T12:55:29+00:00\",\"dateModified\":\"2022-11-25T14:22:50+00:00\",\"breadcrumb\":{\"@id\":\"https:\\\/\\\/ihedn.fr\\\/actualites-des-sessions\\\/deai\\\/cloture-de-la-32e-session-europeenne-des-responsables-darmement\\\/#breadcrumb\"},\"inLanguage\":\"en-GB\",\"potentialAction\":[{\"@type\":\"ReadAction\",\"target\":[\"https:\\\/\\\/ihedn.fr\\\/actualites-des-sessions\\\/deai\\\/cloture-de-la-32e-session-europeenne-des-responsables-darmement\\\/\"]}]},{\"@type\":\"ImageObject\",\"inLanguage\":\"en-GB\",\"@id\":\"https:\\\/\\\/ihedn.fr\\\/actualites-des-sessions\\\/deai\\\/cloture-de-la-32e-session-europeenne-des-responsables-darmement\\\/#primaryimage\",\"url\":\"https:\\\/\\\/ihedn.fr\\\/wp-content\\\/uploads\\\/2021\\\/10\\\/20211013-\u00a9IHEDN-sera-002.jpg\",\"contentUrl\":\"https:\\\/\\\/ihedn.fr\\\/wp-content\\\/uploads\\\/2021\\\/10\\\/20211013-\u00a9IHEDN-sera-002.jpg\",\"width\":1453,\"height\":799},{\"@type\":\"BreadcrumbList\",\"@id\":\"https:\\\/\\\/ihedn.fr\\\/actualites-des-sessions\\\/deai\\\/cloture-de-la-32e-session-europeenne-des-responsables-darmement\\\/#breadcrumb\",\"itemListElement\":[{\"@type\":\"ListItem\",\"position\":1,\"name\":\"Accueil\",\"item\":\"https:\\\/\\\/ihedn.fr\\\/\"},{\"@type\":\"ListItem\",\"position\":2,\"name\":\"Cl\u00f4ture de la 32e Session Europ\u00e9enne des Responsables d\u2019Armement\"}]},{\"@type\":\"WebSite\",\"@id\":\"https:\\\/\\\/ihedn.fr\\\/#website\",\"url\":\"https:\\\/\\\/ihedn.fr\\\/\",\"name\":\"IHEDN : Institut des hautes \u00e9tudes de d\u00e9fense nationale |\",\"description\":\"Site officiel de l&#039;IHEDN plac\u00e9 sous la tutelle du Premier ministre.\",\"publisher\":{\"@id\":\"https:\\\/\\\/ihedn.fr\\\/#organization\"},\"potentialAction\":[{\"@type\":\"SearchAction\",\"target\":{\"@type\":\"EntryPoint\",\"urlTemplate\":\"https:\\\/\\\/ihedn.fr\\\/?s={search_term_string}\"},\"query-input\":{\"@type\":\"PropertyValueSpecification\",\"valueRequired\":true,\"valueName\":\"search_term_string\"}}],\"inLanguage\":\"en-GB\"},{\"@type\":\"Organization\",\"@id\":\"https:\\\/\\\/ihedn.fr\\\/#organization\",\"name\":\"IHEDN - Institut des Hautes Etudes de D\u00e9fense Nationale\",\"url\":\"https:\\\/\\\/ihedn.fr\\\/\",\"logo\":{\"@type\":\"ImageObject\",\"inLanguage\":\"en-GB\",\"@id\":\"https:\\\/\\\/ihedn.fr\\\/#\\\/schema\\\/logo\\\/image\\\/\",\"url\":\"https:\\\/\\\/ihedn.fr\\\/wp-content\\\/uploads\\\/2020\\\/11\\\/BLOC_RF_IHEDN_WEB.png\",\"contentUrl\":\"https:\\\/\\\/ihedn.fr\\\/wp-content\\\/uploads\\\/2020\\\/11\\\/BLOC_RF_IHEDN_WEB.png\",\"width\":500,\"height\":237,\"caption\":\"IHEDN - Institut des Hautes Etudes de D\u00e9fense Nationale\"},\"image\":{\"@id\":\"https:\\\/\\\/ihedn.fr\\\/#\\\/schema\\\/logo\\\/image\\\/\"},\"sameAs\":[\"https:\\\/\\\/www.facebook.com\\\/ihedn\\\/\",\"https:\\\/\\\/x.com\\\/IHEDN\",\"https:\\\/\\\/www.instagram.com\\\/ihedn\\\/\",\"https:\\\/\\\/www.linkedin.com\\\/school\\\/ihedn\\\/\",\"https:\\\/\\\/fr.wikipedia.org\\\/wiki\\\/Institut_des_hautes_\u00e9tudes_de_D\u00e9fense_nationale\"]},{\"@type\":\"Person\",\"@id\":\"https:\\\/\\\/ihedn.fr\\\/#\\\/schema\\\/person\\\/7a40155595e4efb35323447cb8c8c5a4\",\"name\":\"dev\",\"image\":{\"@type\":\"ImageObject\",\"inLanguage\":\"en-GB\",\"@id\":\"https:\\\/\\\/secure.gravatar.com\\\/avatar\\\/f1ffcac9ca2fa95ad3ec33e9be3ade82f752acb0cabe541e56c5889225afa88a?s=96&d=mm&r=g\",\"url\":\"https:\\\/\\\/secure.gravatar.com\\\/avatar\\\/f1ffcac9ca2fa95ad3ec33e9be3ade82f752acb0cabe541e56c5889225afa88a?s=96&d=mm&r=g\",\"contentUrl\":\"https:\\\/\\\/secure.gravatar.com\\\/avatar\\\/f1ffcac9ca2fa95ad3ec33e9be3ade82f752acb0cabe541e56c5889225afa88a?s=96&d=mm&r=g\",\"caption\":\"dev\"},\"sameAs\":[\"https:\\\/\\\/ihedn.concilium.click\"],\"url\":\"https:\\\/\\\/ihedn.fr\\\/en\\\/author\\\/dev\\\/\"}]}<\/script>\n<!-- \/ Yoast SEO plugin. -->","yoast_head_json":{"title":"Closing of the 32nd European Session of Senior Armament Officials - L'IHEDN : Institut des hautes \u00e9tudes de d\u00e9fense nationale","robots":{"index":"index","follow":"follow","max-snippet":"max-snippet:-1","max-image-preview":"max-image-preview:large","max-video-preview":"max-video-preview:-1"},"canonical":"https:\/\/ihedn.fr\/en\/actualites-des-sessions\/deai\/cloture-de-la-32e-session-europeenne-des-responsables-darmement\/","og_locale":"en_GB","og_type":"article","og_title":"Cl\u00f4ture de la 32e Session Europ\u00e9enne des Responsables d\u2019Armement - L&#039;IHEDN : Institut des hautes \u00e9tudes de d\u00e9fense nationale","og_description":"la coop\u00e9ration en mati\u00e8re d&rsquo;armement \u00e0 l&rsquo;\u00e9chelle europ\u00e9enne Cl\u00f4ture, ce vendredi 15 octobre s\u2019ach\u00e8ve \u00e0 Bruxelles la deuxi\u00e8me semaine de la 32e Session Europ\u00e9enne des Responsables d\u2019Armement organis\u00e9e par la Direction de l\u2019Armement Belge, en partenariat avec l\u2019IHEDN. Cette semaine a \u00e9t\u00e9 rythm\u00e9e par des conf\u00e9rences et tables rondes sur des sujets aussi vari\u00e9s que [&hellip;]","og_url":"https:\/\/ihedn.fr\/en\/actualites-des-sessions\/deai\/cloture-de-la-32e-session-europeenne-des-responsables-darmement\/","og_site_name":"L&#039;IHEDN : Institut des hautes \u00e9tudes de d\u00e9fense nationale","article_publisher":"https:\/\/www.facebook.com\/ihedn\/","article_published_time":"2021-10-15T12:55:29+00:00","article_modified_time":"2022-11-25T14:22:50+00:00","og_image":[{"width":1453,"height":799,"url":"https:\/\/ihedn.fr\/wp-content\/uploads\/2021\/10\/20211013-\u00a9IHEDN-sera-002.jpg","type":"image\/jpeg"}],"author":"dev","twitter_card":"summary_large_image","twitter_creator":"@IHEDN","twitter_site":"@IHEDN","twitter_misc":{"Written by":"dev","Estimated reading time":"3 minutes"},"schema":{"@context":"https:\/\/schema.org","@graph":[{"@type":"Article","@id":"https:\/\/ihedn.fr\/actualites-des-sessions\/deai\/cloture-de-la-32e-session-europeenne-des-responsables-darmement\/#article","isPartOf":{"@id":"https:\/\/ihedn.fr\/actualites-des-sessions\/deai\/cloture-de-la-32e-session-europeenne-des-responsables-darmement\/"},"author":{"name":"dev","@id":"https:\/\/ihedn.fr\/#\/schema\/person\/7a40155595e4efb35323447cb8c8c5a4"},"headline":"Cl\u00f4ture de la 32e Session Europ\u00e9enne des Responsables d\u2019Armement","datePublished":"2021-10-15T12:55:29+00:00","dateModified":"2022-11-25T14:22:50+00:00","mainEntityOfPage":{"@id":"https:\/\/ihedn.fr\/actualites-des-sessions\/deai\/cloture-de-la-32e-session-europeenne-des-responsables-darmement\/"},"wordCount":362,"publisher":{"@id":"https:\/\/ihedn.fr\/#organization"},"image":{"@id":"https:\/\/ihedn.fr\/actualites-des-sessions\/deai\/cloture-de-la-32e-session-europeenne-des-responsables-darmement\/#primaryimage"},"thumbnailUrl":"https:\/\/ihedn.fr\/wp-content\/uploads\/2021\/10\/20211013-\u00a9IHEDN-sera-002.jpg","articleSection":["Notre actualit\u00e9"],"inLanguage":"en-GB"},{"@type":"WebPage","@id":"https:\/\/ihedn.fr\/actualites-des-sessions\/deai\/cloture-de-la-32e-session-europeenne-des-responsables-darmement\/","url":"https:\/\/ihedn.fr\/actualites-des-sessions\/deai\/cloture-de-la-32e-session-europeenne-des-responsables-darmement\/","name":"Closing of the 32nd European Session of Senior Armament Officials - L'IHEDN : Institut des hautes \u00e9tudes de d\u00e9fense nationale","isPartOf":{"@id":"https:\/\/ihedn.fr\/#website"},"primaryImageOfPage":{"@id":"https:\/\/ihedn.fr\/actualites-des-sessions\/deai\/cloture-de-la-32e-session-europeenne-des-responsables-darmement\/#primaryimage"},"image":{"@id":"https:\/\/ihedn.fr\/actualites-des-sessions\/deai\/cloture-de-la-32e-session-europeenne-des-responsables-darmement\/#primaryimage"},"thumbnailUrl":"https:\/\/ihedn.fr\/wp-content\/uploads\/2021\/10\/20211013-\u00a9IHEDN-sera-002.jpg","datePublished":"2021-10-15T12:55:29+00:00","dateModified":"2022-11-25T14:22:50+00:00","breadcrumb":{"@id":"https:\/\/ihedn.fr\/actualites-des-sessions\/deai\/cloture-de-la-32e-session-europeenne-des-responsables-darmement\/#breadcrumb"},"inLanguage":"en-GB","potentialAction":[{"@type":"ReadAction","target":["https:\/\/ihedn.fr\/actualites-des-sessions\/deai\/cloture-de-la-32e-session-europeenne-des-responsables-darmement\/"]}]},{"@type":"ImageObject","inLanguage":"en-GB","@id":"https:\/\/ihedn.fr\/actualites-des-sessions\/deai\/cloture-de-la-32e-session-europeenne-des-responsables-darmement\/#primaryimage","url":"https:\/\/ihedn.fr\/wp-content\/uploads\/2021\/10\/20211013-\u00a9IHEDN-sera-002.jpg","contentUrl":"https:\/\/ihedn.fr\/wp-content\/uploads\/2021\/10\/20211013-\u00a9IHEDN-sera-002.jpg","width":1453,"height":799},{"@type":"BreadcrumbList","@id":"https:\/\/ihedn.fr\/actualites-des-sessions\/deai\/cloture-de-la-32e-session-europeenne-des-responsables-darmement\/#breadcrumb","itemListElement":[{"@type":"ListItem","position":1,"name":"Accueil","item":"https:\/\/ihedn.fr\/"},{"@type":"ListItem","position":2,"name":"Cl\u00f4ture de la 32e Session Europ\u00e9enne des Responsables d\u2019Armement"}]},{"@type":"WebSite","@id":"https:\/\/ihedn.fr\/#website","url":"https:\/\/ihedn.fr\/","name":"IHEDN: Institut des hautes \u00e9tudes de d\u00e9fense nationale (Institute for Higher National Defence Studies)","description":"Official website of the IHEDN under the supervision of the Prime Minister.","publisher":{"@id":"https:\/\/ihedn.fr\/#organization"},"potentialAction":[{"@type":"SearchAction","target":{"@type":"EntryPoint","urlTemplate":"https:\/\/ihedn.fr\/?s={search_term_string}"},"query-input":{"@type":"PropertyValueSpecification","valueRequired":true,"valueName":"search_term_string"}}],"inLanguage":"en-GB"},{"@type":"Organization","@id":"https:\/\/ihedn.fr\/#organization","name":"IHEDN - Institute for Higher National Defence Studies","url":"https:\/\/ihedn.fr\/","logo":{"@type":"ImageObject","inLanguage":"en-GB","@id":"https:\/\/ihedn.fr\/#\/schema\/logo\/image\/","url":"https:\/\/ihedn.fr\/wp-content\/uploads\/2020\/11\/BLOC_RF_IHEDN_WEB.png","contentUrl":"https:\/\/ihedn.fr\/wp-content\/uploads\/2020\/11\/BLOC_RF_IHEDN_WEB.png","width":500,"height":237,"caption":"IHEDN - Institut des Hautes Etudes de D\u00e9fense Nationale"},"image":{"@id":"https:\/\/ihedn.fr\/#\/schema\/logo\/image\/"},"sameAs":["https:\/\/www.facebook.com\/ihedn\/","https:\/\/x.com\/IHEDN","https:\/\/www.instagram.com\/ihedn\/","https:\/\/www.linkedin.com\/school\/ihedn\/","https:\/\/fr.wikipedia.org\/wiki\/Institut_des_hautes_\u00e9tudes_de_D\u00e9fense_nationale"]},{"@type":"Person","@id":"https:\/\/ihedn.fr\/#\/schema\/person\/7a40155595e4efb35323447cb8c8c5a4","name":"dev","image":{"@type":"ImageObject","inLanguage":"en-GB","@id":"https:\/\/secure.gravatar.com\/avatar\/f1ffcac9ca2fa95ad3ec33e9be3ade82f752acb0cabe541e56c5889225afa88a?s=96&d=mm&r=g","url":"https:\/\/secure.gravatar.com\/avatar\/f1ffcac9ca2fa95ad3ec33e9be3ade82f752acb0cabe541e56c5889225afa88a?s=96&d=mm&r=g","contentUrl":"https:\/\/secure.gravatar.com\/avatar\/f1ffcac9ca2fa95ad3ec33e9be3ade82f752acb0cabe541e56c5889225afa88a?s=96&d=mm&r=g","caption":"dev"},"sameAs":["https:\/\/ihedn.concilium.click"],"url":"https:\/\/ihedn.fr\/en\/author\/dev\/"}]}},"publishpress_future_action":{"enabled":false,"date":"2026-05-07 06:35:02","action":"change-status","newStatus":"draft","terms":[],"taxonomy":"category","extraData":[]},"publishpress_future_workflow_manual_trigger":{"enabledWorkflows":[]},"_links":{"self":[{"href":"https:\/\/ihedn.fr\/en\/wp-json\/wp\/v2\/posts\/15330","targetHints":{"allow":["GET"]}}],"collection":[{"href":"https:\/\/ihedn.fr\/en\/wp-json\/wp\/v2\/posts"}],"about":[{"href":"https:\/\/ihedn.fr\/en\/wp-json\/wp\/v2\/types\/post"}],"author":[{"embeddable":true,"href":"https:\/\/ihedn.fr\/en\/wp-json\/wp\/v2\/users\/1"}],"replies":[{"embeddable":true,"href":"https:\/\/ihedn.fr\/en\/wp-json\/wp\/v2\/comments?post=15330"}],"version-history":[{"count":5,"href":"https:\/\/ihedn.fr\/en\/wp-json\/wp\/v2\/posts\/15330\/revisions"}],"predecessor-version":[{"id":15339,"href":"https:\/\/ihedn.fr\/en\/wp-json\/wp\/v2\/posts\/15330\/revisions\/15339"}],"wp:featuredmedia":[{"embeddable":true,"href":"https:\/\/ihedn.fr\/en\/wp-json\/wp\/v2\/media\/15333"}],"wp:attachment":[{"href":"https:\/\/ihedn.fr\/en\/wp-json\/wp\/v2\/media?parent=15330"}],"wp:term":[{"taxonomy":"category","embeddable":true,"href":"https:\/\/ihedn.fr\/en\/wp-json\/wp\/v2\/categories?post=15330"},{"taxonomy":"post_tag","embeddable":true,"href":"https:\/\/ihedn.fr\/en\/wp-json\/wp\/v2\/tags?post=15330"}],"curies":[{"name":"wp","href":"https:\/\/api.w.org\/{rel}","templated":true}]}}