{"id":15709,"date":"2021-10-26T14:55:31","date_gmt":"2021-10-26T13:55:31","guid":{"rendered":"https:\/\/ihedn.fr\/?p=15709"},"modified":"2022-11-25T15:22:49","modified_gmt":"2022-11-25T14:22:49","slug":"la-majeure-poldef-de-la-1re-session-nationale-recue-par-dans-3-regiments-de-larmee-de-terre","status":"publish","type":"post","link":"https:\/\/ihedn.fr\/en\/notre-actualite\/la-majeure-poldef-de-la-1re-session-nationale-recue-par-dans-3-regiments-de-larmee-de-terre\/","title":{"rendered":"Missions of the \"Defence Policy\" major of the 1st national session in the army regiments"},"content":{"rendered":"<div data-elementor-type=\"wp-post\" data-elementor-id=\"15709\" class=\"elementor elementor-15709\" data-elementor-post-type=\"post\">\n\t\t\t\t\t\t<section data-particle_enable=\"false\" data-particle-mobile-disabled=\"false\" class=\"elementor-section elementor-top-section elementor-element elementor-element-22821ef elementor-section-boxed elementor-section-height-default elementor-section-height-default\" data-id=\"22821ef\" data-element_type=\"section\" data-e-type=\"section\">\n\t\t\t\t\t\t<div class=\"elementor-container elementor-column-gap-default\">\n\t\t\t\t\t<div class=\"elementor-column elementor-col-100 elementor-top-column elementor-element elementor-element-298392e\" data-id=\"298392e\" data-element_type=\"column\" data-e-type=\"column\">\n\t\t\t<div class=\"elementor-widget-wrap elementor-element-populated\">\n\t\t\t\t\t\t<div class=\"elementor-element elementor-element-f3ef192 elementor-widget elementor-widget-text-editor\" data-id=\"f3ef192\" data-element_type=\"widget\" data-e-type=\"widget\" data-widget_type=\"text-editor.default\">\n\t\t\t\t<div class=\"elementor-widget-container\">\n\t\t\t\t\t\t\t\t\tOn 22 and 23 October 2021, the POLDEF major of the national session visited 3 army regiments as part of the module on knowledge of the armed forces.\n\nThese were the 1st infantry regiment (1<sup>er<\/sup> RI) in Sarrebourg, from 1<sup>er<\/sup> foreign cavalry regiment (1<sup>er<\/sup> REC) at Carpiagne and the CENZUB (training centre for actions in urban areas) at Sissonne.\n\nFor each visit, auditors from three committees of the 74<sup>e<\/sup> POLDEF were able to measure the level of excellence and expertise of the officers as well as the professionalism and high level of commitment of the soldiers in their specialities.\t\t\t\t\t\t\t\t<\/div>\n\t\t\t\t<\/div>\n\t\t\t\t\t<\/div>\n\t\t<\/div>\n\t\t\t\t\t<\/div>\n\t\t<\/section>\n\t\t\t\t<section data-particle_enable=\"false\" data-particle-mobile-disabled=\"false\" class=\"elementor-section elementor-top-section elementor-element elementor-element-60df928 elementor-section-boxed elementor-section-height-default elementor-section-height-default\" data-id=\"60df928\" data-element_type=\"section\" data-e-type=\"section\">\n\t\t\t\t\t\t<div class=\"elementor-container elementor-column-gap-default\">\n\t\t\t\t\t<div class=\"elementor-column elementor-col-100 elementor-top-column elementor-element elementor-element-b8ef343\" data-id=\"b8ef343\" data-element_type=\"column\" data-e-type=\"column\">\n\t\t\t<div class=\"elementor-widget-wrap elementor-element-populated\">\n\t\t\t\t\t\t<section data-particle_enable=\"false\" data-particle-mobile-disabled=\"false\" class=\"elementor-section elementor-inner-section elementor-element elementor-element-7eed2d3 elementor-section-boxed elementor-section-height-default elementor-section-height-default\" data-id=\"7eed2d3\" data-element_type=\"section\" data-e-type=\"section\">\n\t\t\t\t\t\t<div class=\"elementor-container elementor-column-gap-default\">\n\t\t\t\t\t<div class=\"elementor-column elementor-col-50 elementor-inner-column elementor-element elementor-element-c9eb729\" data-id=\"c9eb729\" data-element_type=\"column\" data-e-type=\"column\">\n\t\t\t<div class=\"elementor-widget-wrap elementor-element-populated\">\n\t\t\t\t\t\t<div class=\"elementor-element elementor-element-eedcf7d elementor-widget elementor-widget-image\" data-id=\"eedcf7d\" data-element_type=\"widget\" data-e-type=\"widget\" data-widget_type=\"image.default\">\n\t\t\t\t<div class=\"elementor-widget-container\">\n\t\t\t\t\t\t\t\t\t\t\t\t\t\t\t<img fetchpriority=\"high\" decoding=\"async\" width=\"425\" height=\"231\" src=\"https:\/\/ihedn.fr\/wp-content\/uploads\/2021\/10\/01.jpg\" class=\"attachment-full size-full wp-image-15718\" alt=\"\" \/>\t\t\t\t\t\t\t\t\t\t\t\t\t\t\t<\/div>\n\t\t\t\t<\/div>\n\t\t\t\t\t<\/div>\n\t\t<\/div>\n\t\t\t\t<div class=\"elementor-column elementor-col-50 elementor-inner-column elementor-element elementor-element-0485299\" data-id=\"0485299\" data-element_type=\"column\" data-e-type=\"column\">\n\t\t\t<div class=\"elementor-widget-wrap elementor-element-populated\">\n\t\t\t\t\t\t<div class=\"elementor-element elementor-element-213bc72 elementor-widget elementor-widget-text-editor\" data-id=\"213bc72\" data-element_type=\"widget\" data-e-type=\"widget\" data-widget_type=\"text-editor.default\">\n\t\t\t\t<div class=\"elementor-widget-container\">\n\t\t\t\t\t\t\t\t\t<p>The 1<sup>er<\/sup> RI is a\u00a0<a href=\"https:\/\/fr.wikipedia.org\/wiki\/R%C3%A9giment_d%27infanterie\">infantry regiment<\/a>\u00a0of the<a href=\"https:\/\/fr.wikipedia.org\/wiki\/Arm%C3%A9e_de_terre_(France)\">French Army<\/a>\u00a0created\u00a0<a href=\"https:\/\/fr.wikipedia.org\/wiki\/R%C3%A9organisation_des_corps_d%27infanterie_fran%C3%A7ais_(1791)\">under the Revolution<\/a>\u00a0from a\u00a0<a href=\"https:\/\/fr.wikipedia.org\/wiki\/R%C3%A9giment_Colonel-G%C3%A9n%C3%A9ral\">French regiment of the Ancien R\u00e9gime<\/a>.<\/p><p>It is the oldest regiment in Europe still in service.<\/p>\t\t\t\t\t\t\t\t<\/div>\n\t\t\t\t<\/div>\n\t\t\t\t\t<\/div>\n\t\t<\/div>\n\t\t\t\t\t<\/div>\n\t\t<\/section>\n\t\t\t\t\t<\/div>\n\t\t<\/div>\n\t\t\t\t\t<\/div>\n\t\t<\/section>\n\t\t\t\t<section data-particle_enable=\"false\" data-particle-mobile-disabled=\"false\" class=\"elementor-section elementor-top-section elementor-element elementor-element-144bb2c elementor-section-boxed elementor-section-height-default elementor-section-height-default\" data-id=\"144bb2c\" data-element_type=\"section\" data-e-type=\"section\">\n\t\t\t\t\t\t<div class=\"elementor-container elementor-column-gap-default\">\n\t\t\t\t\t<div class=\"elementor-column elementor-col-50 elementor-top-column elementor-element elementor-element-ea79591\" data-id=\"ea79591\" data-element_type=\"column\" data-e-type=\"column\">\n\t\t\t<div class=\"elementor-widget-wrap elementor-element-populated\">\n\t\t\t\t\t\t<div class=\"elementor-element elementor-element-061a4b4 elementor-widget elementor-widget-image\" data-id=\"061a4b4\" data-element_type=\"widget\" data-e-type=\"widget\" data-widget_type=\"image.default\">\n\t\t\t\t<div class=\"elementor-widget-container\">\n\t\t\t\t\t\t\t\t\t\t\t\t\t\t\t<img decoding=\"async\" width=\"768\" height=\"875\" src=\"https:\/\/ihedn.fr\/wp-content\/uploads\/2021\/10\/20211027-\u00a9IHEDN-Missions-de-la-majeure-Politique-de-defense-de-la-1re-session-nationale-dans-les-regiments-de-larmee-de-terre-005.jpg\" class=\"attachment-full size-full wp-image-15781\" alt=\"\u00a9IHEDN - Missions de la majeure \u00ab Politique de d\u00e9fense \u00bb de la 1re session nationale dans les r\u00e9giments de l&#039;arm\u00e9e de terre-007\" srcset=\"https:\/\/ihedn.fr\/wp-content\/uploads\/2021\/10\/20211027-\u00a9IHEDN-Missions-de-la-majeure-Politique-de-defense-de-la-1re-session-nationale-dans-les-regiments-de-larmee-de-terre-005.jpg 768w, https:\/\/ihedn.fr\/wp-content\/uploads\/2021\/10\/20211027-\u00a9IHEDN-Missions-de-la-majeure-Politique-de-defense-de-la-1re-session-nationale-dans-les-regiments-de-larmee-de-terre-005-600x684.jpg 600w\" sizes=\"(max-width: 768px) 100vw, 768px\" \/>\t\t\t\t\t\t\t\t\t\t\t\t\t\t\t<\/div>\n\t\t\t\t<\/div>\n\t\t\t\t\t<\/div>\n\t\t<\/div>\n\t\t\t\t<div class=\"elementor-column elementor-col-50 elementor-top-column elementor-element elementor-element-1572a2b\" data-id=\"1572a2b\" data-element_type=\"column\" data-e-type=\"column\">\n\t\t\t<div class=\"elementor-widget-wrap elementor-element-populated\">\n\t\t\t\t\t\t<div class=\"elementor-element elementor-element-34de8d4 elementor-widget elementor-widget-text-editor\" data-id=\"34de8d4\" data-element_type=\"widget\" data-e-type=\"widget\" data-widget_type=\"text-editor.default\">\n\t\t\t\t<div class=\"elementor-widget-container\">\n\t\t\t\t\t\t\t\t\t<p>The 1<sup>er<\/sup> REC is a regiment of the\u00a0<a href=\"https:\/\/fr.wikipedia.org\/wiki\/L%C3%A9gion_%C3%A9trang%C3%A8re\">Foreign Legion<\/a>which has the unique distinction of being the only one specialising in armoured combat. It is one of the two\u00a0<a href=\"https:\/\/fr.wikipedia.org\/wiki\/R%C3%A9giments_de_cavalerie_fran%C3%A7ais\">cavalry regiments<\/a>\u00a0of the\u00a0<a href=\"https:\/\/fr.wikipedia.org\/wiki\/6e_brigade_l%C3%A9g%C3%A8re_blind%C3%A9e\">6<sup>e<\/sup> light armoured brigade<\/a>.<\/p>\t\t\t\t\t\t\t\t<\/div>\n\t\t\t\t<\/div>\n\t\t\t\t<div class=\"elementor-element elementor-element-385e3c4 elementor-widget elementor-widget-image\" data-id=\"385e3c4\" data-element_type=\"widget\" data-e-type=\"widget\" data-widget_type=\"image.default\">\n\t\t\t\t<div class=\"elementor-widget-container\">\n\t\t\t\t\t\t\t\t\t\t\t\t\t\t\t<img decoding=\"async\" width=\"1453\" height=\"1090\" src=\"https:\/\/ihedn.fr\/wp-content\/uploads\/2021\/10\/20211027-\u00a9IHEDN-Missions-de-la-majeure-Politique-de-defense-de-la-1re-session-nationale-dans-les-regiments-de-larmee-de-terre-008.jpg\" class=\"attachment-full size-full wp-image-15790\" alt=\"\u00a9IHEDN - Missions de la majeure \u00ab Politique de d\u00e9fense \u00bb de la 1re session nationale dans les r\u00e9giments de l&#039;arm\u00e9e de terre\" srcset=\"https:\/\/ihedn.fr\/wp-content\/uploads\/2021\/10\/20211027-\u00a9IHEDN-Missions-de-la-majeure-Politique-de-defense-de-la-1re-session-nationale-dans-les-regiments-de-larmee-de-terre-008.jpg 1453w, https:\/\/ihedn.fr\/wp-content\/uploads\/2021\/10\/20211027-\u00a9IHEDN-Missions-de-la-majeure-Politique-de-defense-de-la-1re-session-nationale-dans-les-regiments-de-larmee-de-terre-008-600x450.jpg 600w\" sizes=\"(max-width: 1453px) 100vw, 1453px\" \/>\t\t\t\t\t\t\t\t\t\t\t\t\t\t\t<\/div>\n\t\t\t\t<\/div>\n\t\t\t\t\t<\/div>\n\t\t<\/div>\n\t\t\t\t\t<\/div>\n\t\t<\/section>\n\t\t\t\t<section data-particle_enable=\"false\" data-particle-mobile-disabled=\"false\" class=\"elementor-section elementor-top-section elementor-element elementor-element-efb2313 elementor-section-boxed elementor-section-height-default elementor-section-height-default\" data-id=\"efb2313\" data-element_type=\"section\" data-e-type=\"section\">\n\t\t\t\t\t\t<div class=\"elementor-container elementor-column-gap-default\">\n\t\t\t\t\t<div class=\"elementor-column elementor-col-100 elementor-top-column elementor-element elementor-element-d08485f\" data-id=\"d08485f\" data-element_type=\"column\" data-e-type=\"column\">\n\t\t\t<div class=\"elementor-widget-wrap elementor-element-populated\">\n\t\t\t\t\t\t<div class=\"elementor-element elementor-element-1f28c73 elementor-widget elementor-widget-text-editor\" data-id=\"1f28c73\" data-element_type=\"widget\" data-e-type=\"widget\" data-widget_type=\"text-editor.default\">\n\t\t\t\t<div class=\"elementor-widget-container\">\n\t\t\t\t\t\t\t\t\t<p>The CENZUB (<strong>C<\/strong>between<strong>Visit<\/strong>drag in <strong>Z<\/strong>one <strong>U<\/strong>rbaine ) is used to train French Army units in urban combat.<\/p>\t\t\t\t\t\t\t\t<\/div>\n\t\t\t\t<\/div>\n\t\t\t\t<section data-particle_enable=\"false\" data-particle-mobile-disabled=\"false\" class=\"elementor-section elementor-inner-section elementor-element elementor-element-4890c31 elementor-section-boxed elementor-section-height-default elementor-section-height-default\" data-id=\"4890c31\" data-element_type=\"section\" data-e-type=\"section\">\n\t\t\t\t\t\t<div class=\"elementor-container elementor-column-gap-default\">\n\t\t\t\t\t<div class=\"elementor-column elementor-col-33 elementor-inner-column elementor-element elementor-element-8ec9af4\" data-id=\"8ec9af4\" data-element_type=\"column\" data-e-type=\"column\">\n\t\t\t<div class=\"elementor-widget-wrap elementor-element-populated\">\n\t\t\t\t\t\t<div class=\"elementor-element elementor-element-a9088a6 elementor-widget elementor-widget-image\" data-id=\"a9088a6\" data-element_type=\"widget\" data-e-type=\"widget\" data-widget_type=\"image.default\">\n\t\t\t\t<div class=\"elementor-widget-container\">\n\t\t\t\t\t\t\t\t\t\t\t\t\t\t\t<img loading=\"lazy\" decoding=\"async\" width=\"640\" height=\"355\" src=\"https:\/\/ihedn.fr\/wp-content\/uploads\/2021\/10\/cenzub.jpg\" class=\"attachment-full size-full wp-image-15717\" alt=\"\" srcset=\"https:\/\/ihedn.fr\/wp-content\/uploads\/2021\/10\/cenzub.jpg 640w, https:\/\/ihedn.fr\/wp-content\/uploads\/2021\/10\/cenzub-600x333.jpg 600w\" sizes=\"(max-width: 640px) 100vw, 640px\" \/>\t\t\t\t\t\t\t\t\t\t\t\t\t\t\t<\/div>\n\t\t\t\t<\/div>\n\t\t\t\t\t<\/div>\n\t\t<\/div>\n\t\t\t\t<div class=\"elementor-column elementor-col-33 elementor-inner-column elementor-element elementor-element-511cb3b\" data-id=\"511cb3b\" data-element_type=\"column\" data-e-type=\"column\">\n\t\t\t<div class=\"elementor-widget-wrap elementor-element-populated\">\n\t\t\t\t\t\t<div class=\"elementor-element elementor-element-86c1040 elementor-widget elementor-widget-text-editor\" data-id=\"86c1040\" data-element_type=\"widget\" data-e-type=\"widget\" data-widget_type=\"text-editor.default\">\n\t\t\t\t<div class=\"elementor-widget-container\">\n\t\t\t\t\t\t\t\t\t<p>It became operational in 2006 at the Sissonne camp in the Aisne d\u00e9partement, on the site of the former hamlet of Jeoffr\u00e9court.<\/p><p>With effect from 1 July 2014, it will take over the name and traditions of 94<sup>e<\/sup> infantry regiment.<\/p>\t\t\t\t\t\t\t\t<\/div>\n\t\t\t\t<\/div>\n\t\t\t\t\t<\/div>\n\t\t<\/div>\n\t\t\t\t<div class=\"elementor-column elementor-col-33 elementor-inner-column elementor-element elementor-element-d623909\" data-id=\"d623909\" data-element_type=\"column\" data-e-type=\"column\">\n\t\t\t<div class=\"elementor-widget-wrap elementor-element-populated\">\n\t\t\t\t\t\t<div class=\"elementor-element elementor-element-895ba34 elementor-widget elementor-widget-image\" data-id=\"895ba34\" data-element_type=\"widget\" data-e-type=\"widget\" data-widget_type=\"image.default\">\n\t\t\t\t<div class=\"elementor-widget-container\">\n\t\t\t\t\t\t\t\t\t\t\t\t\t\t\t<img loading=\"lazy\" decoding=\"async\" width=\"1453\" height=\"1090\" src=\"https:\/\/ihedn.fr\/wp-content\/uploads\/2021\/10\/20211027-\u00a9IHEDN-Missions-de-la-majeure-Politique-de-defense-de-la-1re-session-nationale-dans-les-regiments-de-larmee-de-terre-007.jpg\" class=\"attachment-full size-full wp-image-15782\" alt=\"\u00a9IHEDN - Missions de la majeure \u00ab Politique de d\u00e9fense \u00bb de la 1re session nationale dans les r\u00e9giments de l&#039;arm\u00e9e de terre-007\" srcset=\"https:\/\/ihedn.fr\/wp-content\/uploads\/2021\/10\/20211027-\u00a9IHEDN-Missions-de-la-majeure-Politique-de-defense-de-la-1re-session-nationale-dans-les-regiments-de-larmee-de-terre-007.jpg 1453w, https:\/\/ihedn.fr\/wp-content\/uploads\/2021\/10\/20211027-\u00a9IHEDN-Missions-de-la-majeure-Politique-de-defense-de-la-1re-session-nationale-dans-les-regiments-de-larmee-de-terre-007-600x450.jpg 600w\" sizes=\"(max-width: 1453px) 100vw, 1453px\" \/>\t\t\t\t\t\t\t\t\t\t\t\t\t\t\t<\/div>\n\t\t\t\t<\/div>\n\t\t\t\t\t<\/div>\n\t\t<\/div>\n\t\t\t\t\t<\/div>\n\t\t<\/section>\n\t\t\t\t<div class=\"elementor-element elementor-element-00aa498 elementor-widget elementor-widget-text-editor\" data-id=\"00aa498\" data-element_type=\"widget\" data-e-type=\"widget\" data-widget_type=\"text-editor.default\">\n\t\t\t\t<div class=\"elementor-widget-container\">\n\t\t\t\t\t\t\t\t\t<p>Among the dynamic sequences and presentations of operational equipment, our listeners were able to sample the French army's legendary combat rations during an impromptu bivouac.<\/p>\t\t\t\t\t\t\t\t<\/div>\n\t\t\t\t<\/div>\n\t\t\t\t\t<\/div>\n\t\t<\/div>\n\t\t\t\t\t<\/div>\n\t\t<\/section>\n\t\t\t\t<\/div>","protected":false},"excerpt":{"rendered":"<p>Les 22 et 23 octobre 2021, la majeure POLDEF de la session nationale s\u2019est d\u00e9plac\u00e9e dans 3 r\u00e9giments de l\u2019arm\u00e9e de terre dans le cadre de module relatif \u00e0 la connaissance des arm\u00e9es. Il s\u2019agissait du 1er r\u00e9giment d\u2019infanterie (1er RI) \u00e0 Sarrebourg, du 1er r\u00e9giment \u00e9tranger de cavalerie (1er REC) \u00e0 Carpiagne et du [&hellip;]<\/p>\n","protected":false},"author":1,"featured_media":15718,"comment_status":"closed","ping_status":"closed","sticky":false,"template":"","format":"standard","meta":{"footnotes":""},"categories":[172],"tags":[],"class_list":["post-15709","post","type-post","status-publish","format-standard","has-post-thumbnail","hentry","category-notre-actualite"],"yoast_head":"<!-- This site is optimized with the Yoast SEO plugin v27.5 - https:\/\/yoast.com\/product\/yoast-seo-wordpress\/ -->\n<title>Missions de la majeure \u00ab Politique de d\u00e9fense \u00bb de la 1re session nationale dans les r\u00e9giments de l&#039;arm\u00e9e de terre - L&#039;IHEDN : Institut des hautes \u00e9tudes de d\u00e9fense nationale<\/title>\n<meta name=\"robots\" content=\"index, follow, max-snippet:-1, max-image-preview:large, max-video-preview:-1\" \/>\n<link rel=\"canonical\" href=\"https:\/\/ihedn.fr\/en\/actualites-des-sessions\/poldef\/la-majeure-poldef-de-la-1re-session-nationale-recue-par-dans-3-regiments-de-larmee-de-terre\/\" \/>\n<meta property=\"og:locale\" content=\"en_GB\" \/>\n<meta property=\"og:type\" content=\"article\" \/>\n<meta property=\"og:title\" content=\"Missions de la majeure \u00ab Politique de d\u00e9fense \u00bb de la 1re session nationale dans les r\u00e9giments de l&#039;arm\u00e9e de terre - L&#039;IHEDN : Institut des hautes \u00e9tudes de d\u00e9fense nationale\" \/>\n<meta property=\"og:description\" content=\"Les 22 et 23 octobre 2021, la majeure POLDEF de la session nationale s\u2019est d\u00e9plac\u00e9e dans 3 r\u00e9giments de l\u2019arm\u00e9e de terre dans le cadre de module relatif \u00e0 la connaissance des arm\u00e9es. Il s\u2019agissait du 1er r\u00e9giment d\u2019infanterie (1er RI) \u00e0 Sarrebourg, du 1er r\u00e9giment \u00e9tranger de cavalerie (1er REC) \u00e0 Carpiagne et du [&hellip;]\" \/>\n<meta property=\"og:url\" content=\"https:\/\/ihedn.fr\/en\/actualites-des-sessions\/poldef\/la-majeure-poldef-de-la-1re-session-nationale-recue-par-dans-3-regiments-de-larmee-de-terre\/\" \/>\n<meta property=\"og:site_name\" content=\"L&#039;IHEDN : Institut des hautes \u00e9tudes de d\u00e9fense nationale\" \/>\n<meta property=\"article:publisher\" content=\"https:\/\/www.facebook.com\/ihedn\/\" \/>\n<meta property=\"article:published_time\" content=\"2021-10-26T13:55:31+00:00\" \/>\n<meta property=\"article:modified_time\" content=\"2022-11-25T14:22:49+00:00\" \/>\n<meta property=\"og:image\" content=\"https:\/\/ihedn.fr\/wp-content\/uploads\/2021\/10\/01.jpg\" \/>\n\t<meta property=\"og:image:width\" content=\"425\" \/>\n\t<meta property=\"og:image:height\" content=\"231\" \/>\n\t<meta property=\"og:image:type\" content=\"image\/jpeg\" \/>\n<meta name=\"author\" content=\"dev\" \/>\n<meta name=\"twitter:card\" content=\"summary_large_image\" \/>\n<meta name=\"twitter:creator\" content=\"@IHEDN\" \/>\n<meta name=\"twitter:site\" content=\"@IHEDN\" \/>\n<meta name=\"twitter:label1\" content=\"Written by\" \/>\n\t<meta name=\"twitter:data1\" content=\"dev\" \/>\n\t<meta name=\"twitter:label2\" content=\"Estimated reading time\" \/>\n\t<meta name=\"twitter:data2\" content=\"3 minutes\" \/>\n<script type=\"application\/ld+json\" class=\"yoast-schema-graph\">{\"@context\":\"https:\\\/\\\/schema.org\",\"@graph\":[{\"@type\":\"Article\",\"@id\":\"https:\\\/\\\/ihedn.fr\\\/actualites-des-sessions\\\/poldef\\\/la-majeure-poldef-de-la-1re-session-nationale-recue-par-dans-3-regiments-de-larmee-de-terre\\\/#article\",\"isPartOf\":{\"@id\":\"https:\\\/\\\/ihedn.fr\\\/actualites-des-sessions\\\/poldef\\\/la-majeure-poldef-de-la-1re-session-nationale-recue-par-dans-3-regiments-de-larmee-de-terre\\\/\"},\"author\":{\"name\":\"dev\",\"@id\":\"https:\\\/\\\/ihedn.fr\\\/#\\\/schema\\\/person\\\/7a40155595e4efb35323447cb8c8c5a4\"},\"headline\":\"Missions de la majeure \u00ab Politique de d\u00e9fense \u00bb de la 1re session nationale dans les r\u00e9giments de l&rsquo;arm\u00e9e de terre\",\"datePublished\":\"2021-10-26T13:55:31+00:00\",\"dateModified\":\"2022-11-25T14:22:49+00:00\",\"mainEntityOfPage\":{\"@id\":\"https:\\\/\\\/ihedn.fr\\\/actualites-des-sessions\\\/poldef\\\/la-majeure-poldef-de-la-1re-session-nationale-recue-par-dans-3-regiments-de-larmee-de-terre\\\/\"},\"wordCount\":340,\"publisher\":{\"@id\":\"https:\\\/\\\/ihedn.fr\\\/#organization\"},\"image\":{\"@id\":\"https:\\\/\\\/ihedn.fr\\\/actualites-des-sessions\\\/poldef\\\/la-majeure-poldef-de-la-1re-session-nationale-recue-par-dans-3-regiments-de-larmee-de-terre\\\/#primaryimage\"},\"thumbnailUrl\":\"https:\\\/\\\/ihedn.fr\\\/wp-content\\\/uploads\\\/2021\\\/10\\\/01.jpg\",\"articleSection\":[\"Notre actualit\u00e9\"],\"inLanguage\":\"en-GB\"},{\"@type\":\"WebPage\",\"@id\":\"https:\\\/\\\/ihedn.fr\\\/actualites-des-sessions\\\/poldef\\\/la-majeure-poldef-de-la-1re-session-nationale-recue-par-dans-3-regiments-de-larmee-de-terre\\\/\",\"url\":\"https:\\\/\\\/ihedn.fr\\\/actualites-des-sessions\\\/poldef\\\/la-majeure-poldef-de-la-1re-session-nationale-recue-par-dans-3-regiments-de-larmee-de-terre\\\/\",\"name\":\"Missions de la majeure \u00ab Politique de d\u00e9fense \u00bb de la 1re session nationale dans les r\u00e9giments de l'arm\u00e9e de terre - L&#039;IHEDN : Institut des hautes \u00e9tudes de d\u00e9fense nationale\",\"isPartOf\":{\"@id\":\"https:\\\/\\\/ihedn.fr\\\/#website\"},\"primaryImageOfPage\":{\"@id\":\"https:\\\/\\\/ihedn.fr\\\/actualites-des-sessions\\\/poldef\\\/la-majeure-poldef-de-la-1re-session-nationale-recue-par-dans-3-regiments-de-larmee-de-terre\\\/#primaryimage\"},\"image\":{\"@id\":\"https:\\\/\\\/ihedn.fr\\\/actualites-des-sessions\\\/poldef\\\/la-majeure-poldef-de-la-1re-session-nationale-recue-par-dans-3-regiments-de-larmee-de-terre\\\/#primaryimage\"},\"thumbnailUrl\":\"https:\\\/\\\/ihedn.fr\\\/wp-content\\\/uploads\\\/2021\\\/10\\\/01.jpg\",\"datePublished\":\"2021-10-26T13:55:31+00:00\",\"dateModified\":\"2022-11-25T14:22:49+00:00\",\"breadcrumb\":{\"@id\":\"https:\\\/\\\/ihedn.fr\\\/actualites-des-sessions\\\/poldef\\\/la-majeure-poldef-de-la-1re-session-nationale-recue-par-dans-3-regiments-de-larmee-de-terre\\\/#breadcrumb\"},\"inLanguage\":\"en-GB\",\"potentialAction\":[{\"@type\":\"ReadAction\",\"target\":[\"https:\\\/\\\/ihedn.fr\\\/actualites-des-sessions\\\/poldef\\\/la-majeure-poldef-de-la-1re-session-nationale-recue-par-dans-3-regiments-de-larmee-de-terre\\\/\"]}]},{\"@type\":\"ImageObject\",\"inLanguage\":\"en-GB\",\"@id\":\"https:\\\/\\\/ihedn.fr\\\/actualites-des-sessions\\\/poldef\\\/la-majeure-poldef-de-la-1re-session-nationale-recue-par-dans-3-regiments-de-larmee-de-terre\\\/#primaryimage\",\"url\":\"https:\\\/\\\/ihedn.fr\\\/wp-content\\\/uploads\\\/2021\\\/10\\\/01.jpg\",\"contentUrl\":\"https:\\\/\\\/ihedn.fr\\\/wp-content\\\/uploads\\\/2021\\\/10\\\/01.jpg\",\"width\":425,\"height\":231},{\"@type\":\"BreadcrumbList\",\"@id\":\"https:\\\/\\\/ihedn.fr\\\/actualites-des-sessions\\\/poldef\\\/la-majeure-poldef-de-la-1re-session-nationale-recue-par-dans-3-regiments-de-larmee-de-terre\\\/#breadcrumb\",\"itemListElement\":[{\"@type\":\"ListItem\",\"position\":1,\"name\":\"Accueil\",\"item\":\"https:\\\/\\\/ihedn.fr\\\/\"},{\"@type\":\"ListItem\",\"position\":2,\"name\":\"Missions de la majeure \u00ab Politique de d\u00e9fense \u00bb de la 1re session nationale dans les r\u00e9giments de l&rsquo;arm\u00e9e de terre\"}]},{\"@type\":\"WebSite\",\"@id\":\"https:\\\/\\\/ihedn.fr\\\/#website\",\"url\":\"https:\\\/\\\/ihedn.fr\\\/\",\"name\":\"IHEDN : Institut des hautes \u00e9tudes de d\u00e9fense nationale |\",\"description\":\"Site officiel de l&#039;IHEDN plac\u00e9 sous la tutelle du Premier ministre.\",\"publisher\":{\"@id\":\"https:\\\/\\\/ihedn.fr\\\/#organization\"},\"potentialAction\":[{\"@type\":\"SearchAction\",\"target\":{\"@type\":\"EntryPoint\",\"urlTemplate\":\"https:\\\/\\\/ihedn.fr\\\/?s={search_term_string}\"},\"query-input\":{\"@type\":\"PropertyValueSpecification\",\"valueRequired\":true,\"valueName\":\"search_term_string\"}}],\"inLanguage\":\"en-GB\"},{\"@type\":\"Organization\",\"@id\":\"https:\\\/\\\/ihedn.fr\\\/#organization\",\"name\":\"IHEDN - Institut des Hautes Etudes de D\u00e9fense Nationale\",\"url\":\"https:\\\/\\\/ihedn.fr\\\/\",\"logo\":{\"@type\":\"ImageObject\",\"inLanguage\":\"en-GB\",\"@id\":\"https:\\\/\\\/ihedn.fr\\\/#\\\/schema\\\/logo\\\/image\\\/\",\"url\":\"https:\\\/\\\/ihedn.fr\\\/wp-content\\\/uploads\\\/2020\\\/11\\\/BLOC_RF_IHEDN_WEB.png\",\"contentUrl\":\"https:\\\/\\\/ihedn.fr\\\/wp-content\\\/uploads\\\/2020\\\/11\\\/BLOC_RF_IHEDN_WEB.png\",\"width\":500,\"height\":237,\"caption\":\"IHEDN - Institut des Hautes Etudes de D\u00e9fense Nationale\"},\"image\":{\"@id\":\"https:\\\/\\\/ihedn.fr\\\/#\\\/schema\\\/logo\\\/image\\\/\"},\"sameAs\":[\"https:\\\/\\\/www.facebook.com\\\/ihedn\\\/\",\"https:\\\/\\\/x.com\\\/IHEDN\",\"https:\\\/\\\/www.instagram.com\\\/ihedn\\\/\",\"https:\\\/\\\/www.linkedin.com\\\/school\\\/ihedn\\\/\",\"https:\\\/\\\/fr.wikipedia.org\\\/wiki\\\/Institut_des_hautes_\u00e9tudes_de_D\u00e9fense_nationale\"]},{\"@type\":\"Person\",\"@id\":\"https:\\\/\\\/ihedn.fr\\\/#\\\/schema\\\/person\\\/7a40155595e4efb35323447cb8c8c5a4\",\"name\":\"dev\",\"image\":{\"@type\":\"ImageObject\",\"inLanguage\":\"en-GB\",\"@id\":\"https:\\\/\\\/secure.gravatar.com\\\/avatar\\\/f1ffcac9ca2fa95ad3ec33e9be3ade82f752acb0cabe541e56c5889225afa88a?s=96&d=mm&r=g\",\"url\":\"https:\\\/\\\/secure.gravatar.com\\\/avatar\\\/f1ffcac9ca2fa95ad3ec33e9be3ade82f752acb0cabe541e56c5889225afa88a?s=96&d=mm&r=g\",\"contentUrl\":\"https:\\\/\\\/secure.gravatar.com\\\/avatar\\\/f1ffcac9ca2fa95ad3ec33e9be3ade82f752acb0cabe541e56c5889225afa88a?s=96&d=mm&r=g\",\"caption\":\"dev\"},\"sameAs\":[\"https:\\\/\\\/ihedn.concilium.click\"],\"url\":\"https:\\\/\\\/ihedn.fr\\\/en\\\/author\\\/dev\\\/\"}]}<\/script>\n<!-- \/ Yoast SEO plugin. -->","yoast_head_json":{"title":"Missions of the \"Defence Policy\" major of the 1st national session in the army regiments - L'IHEDN : Institut des hautes \u00e9tudes de d\u00e9fense nationale","robots":{"index":"index","follow":"follow","max-snippet":"max-snippet:-1","max-image-preview":"max-image-preview:large","max-video-preview":"max-video-preview:-1"},"canonical":"https:\/\/ihedn.fr\/en\/actualites-des-sessions\/poldef\/la-majeure-poldef-de-la-1re-session-nationale-recue-par-dans-3-regiments-de-larmee-de-terre\/","og_locale":"en_GB","og_type":"article","og_title":"Missions de la majeure \u00ab Politique de d\u00e9fense \u00bb de la 1re session nationale dans les r\u00e9giments de l'arm\u00e9e de terre - L&#039;IHEDN : Institut des hautes \u00e9tudes de d\u00e9fense nationale","og_description":"Les 22 et 23 octobre 2021, la majeure POLDEF de la session nationale s\u2019est d\u00e9plac\u00e9e dans 3 r\u00e9giments de l\u2019arm\u00e9e de terre dans le cadre de module relatif \u00e0 la connaissance des arm\u00e9es. Il s\u2019agissait du 1er r\u00e9giment d\u2019infanterie (1er RI) \u00e0 Sarrebourg, du 1er r\u00e9giment \u00e9tranger de cavalerie (1er REC) \u00e0 Carpiagne et du [&hellip;]","og_url":"https:\/\/ihedn.fr\/en\/actualites-des-sessions\/poldef\/la-majeure-poldef-de-la-1re-session-nationale-recue-par-dans-3-regiments-de-larmee-de-terre\/","og_site_name":"L&#039;IHEDN : Institut des hautes \u00e9tudes de d\u00e9fense nationale","article_publisher":"https:\/\/www.facebook.com\/ihedn\/","article_published_time":"2021-10-26T13:55:31+00:00","article_modified_time":"2022-11-25T14:22:49+00:00","og_image":[{"width":425,"height":231,"url":"https:\/\/ihedn.fr\/wp-content\/uploads\/2021\/10\/01.jpg","type":"image\/jpeg"}],"author":"dev","twitter_card":"summary_large_image","twitter_creator":"@IHEDN","twitter_site":"@IHEDN","twitter_misc":{"Written by":"dev","Estimated reading time":"3 minutes"},"schema":{"@context":"https:\/\/schema.org","@graph":[{"@type":"Article","@id":"https:\/\/ihedn.fr\/actualites-des-sessions\/poldef\/la-majeure-poldef-de-la-1re-session-nationale-recue-par-dans-3-regiments-de-larmee-de-terre\/#article","isPartOf":{"@id":"https:\/\/ihedn.fr\/actualites-des-sessions\/poldef\/la-majeure-poldef-de-la-1re-session-nationale-recue-par-dans-3-regiments-de-larmee-de-terre\/"},"author":{"name":"dev","@id":"https:\/\/ihedn.fr\/#\/schema\/person\/7a40155595e4efb35323447cb8c8c5a4"},"headline":"Missions de la majeure \u00ab Politique de d\u00e9fense \u00bb de la 1re session nationale dans les r\u00e9giments de l&rsquo;arm\u00e9e de terre","datePublished":"2021-10-26T13:55:31+00:00","dateModified":"2022-11-25T14:22:49+00:00","mainEntityOfPage":{"@id":"https:\/\/ihedn.fr\/actualites-des-sessions\/poldef\/la-majeure-poldef-de-la-1re-session-nationale-recue-par-dans-3-regiments-de-larmee-de-terre\/"},"wordCount":340,"publisher":{"@id":"https:\/\/ihedn.fr\/#organization"},"image":{"@id":"https:\/\/ihedn.fr\/actualites-des-sessions\/poldef\/la-majeure-poldef-de-la-1re-session-nationale-recue-par-dans-3-regiments-de-larmee-de-terre\/#primaryimage"},"thumbnailUrl":"https:\/\/ihedn.fr\/wp-content\/uploads\/2021\/10\/01.jpg","articleSection":["Notre actualit\u00e9"],"inLanguage":"en-GB"},{"@type":"WebPage","@id":"https:\/\/ihedn.fr\/actualites-des-sessions\/poldef\/la-majeure-poldef-de-la-1re-session-nationale-recue-par-dans-3-regiments-de-larmee-de-terre\/","url":"https:\/\/ihedn.fr\/actualites-des-sessions\/poldef\/la-majeure-poldef-de-la-1re-session-nationale-recue-par-dans-3-regiments-de-larmee-de-terre\/","name":"Missions of the \"Defence Policy\" major of the 1st national session in the army regiments - L'IHEDN : Institut des hautes \u00e9tudes de d\u00e9fense nationale","isPartOf":{"@id":"https:\/\/ihedn.fr\/#website"},"primaryImageOfPage":{"@id":"https:\/\/ihedn.fr\/actualites-des-sessions\/poldef\/la-majeure-poldef-de-la-1re-session-nationale-recue-par-dans-3-regiments-de-larmee-de-terre\/#primaryimage"},"image":{"@id":"https:\/\/ihedn.fr\/actualites-des-sessions\/poldef\/la-majeure-poldef-de-la-1re-session-nationale-recue-par-dans-3-regiments-de-larmee-de-terre\/#primaryimage"},"thumbnailUrl":"https:\/\/ihedn.fr\/wp-content\/uploads\/2021\/10\/01.jpg","datePublished":"2021-10-26T13:55:31+00:00","dateModified":"2022-11-25T14:22:49+00:00","breadcrumb":{"@id":"https:\/\/ihedn.fr\/actualites-des-sessions\/poldef\/la-majeure-poldef-de-la-1re-session-nationale-recue-par-dans-3-regiments-de-larmee-de-terre\/#breadcrumb"},"inLanguage":"en-GB","potentialAction":[{"@type":"ReadAction","target":["https:\/\/ihedn.fr\/actualites-des-sessions\/poldef\/la-majeure-poldef-de-la-1re-session-nationale-recue-par-dans-3-regiments-de-larmee-de-terre\/"]}]},{"@type":"ImageObject","inLanguage":"en-GB","@id":"https:\/\/ihedn.fr\/actualites-des-sessions\/poldef\/la-majeure-poldef-de-la-1re-session-nationale-recue-par-dans-3-regiments-de-larmee-de-terre\/#primaryimage","url":"https:\/\/ihedn.fr\/wp-content\/uploads\/2021\/10\/01.jpg","contentUrl":"https:\/\/ihedn.fr\/wp-content\/uploads\/2021\/10\/01.jpg","width":425,"height":231},{"@type":"BreadcrumbList","@id":"https:\/\/ihedn.fr\/actualites-des-sessions\/poldef\/la-majeure-poldef-de-la-1re-session-nationale-recue-par-dans-3-regiments-de-larmee-de-terre\/#breadcrumb","itemListElement":[{"@type":"ListItem","position":1,"name":"Accueil","item":"https:\/\/ihedn.fr\/"},{"@type":"ListItem","position":2,"name":"Missions de la majeure \u00ab Politique de d\u00e9fense \u00bb de la 1re session nationale dans les r\u00e9giments de l&rsquo;arm\u00e9e de terre"}]},{"@type":"WebSite","@id":"https:\/\/ihedn.fr\/#website","url":"https:\/\/ihedn.fr\/","name":"IHEDN: Institut des hautes \u00e9tudes de d\u00e9fense nationale (Institute for Higher National Defence Studies)","description":"Official website of the IHEDN under the supervision of the Prime Minister.","publisher":{"@id":"https:\/\/ihedn.fr\/#organization"},"potentialAction":[{"@type":"SearchAction","target":{"@type":"EntryPoint","urlTemplate":"https:\/\/ihedn.fr\/?s={search_term_string}"},"query-input":{"@type":"PropertyValueSpecification","valueRequired":true,"valueName":"search_term_string"}}],"inLanguage":"en-GB"},{"@type":"Organization","@id":"https:\/\/ihedn.fr\/#organization","name":"IHEDN - Institute for Higher National Defence Studies","url":"https:\/\/ihedn.fr\/","logo":{"@type":"ImageObject","inLanguage":"en-GB","@id":"https:\/\/ihedn.fr\/#\/schema\/logo\/image\/","url":"https:\/\/ihedn.fr\/wp-content\/uploads\/2020\/11\/BLOC_RF_IHEDN_WEB.png","contentUrl":"https:\/\/ihedn.fr\/wp-content\/uploads\/2020\/11\/BLOC_RF_IHEDN_WEB.png","width":500,"height":237,"caption":"IHEDN - Institut des Hautes Etudes de D\u00e9fense Nationale"},"image":{"@id":"https:\/\/ihedn.fr\/#\/schema\/logo\/image\/"},"sameAs":["https:\/\/www.facebook.com\/ihedn\/","https:\/\/x.com\/IHEDN","https:\/\/www.instagram.com\/ihedn\/","https:\/\/www.linkedin.com\/school\/ihedn\/","https:\/\/fr.wikipedia.org\/wiki\/Institut_des_hautes_\u00e9tudes_de_D\u00e9fense_nationale"]},{"@type":"Person","@id":"https:\/\/ihedn.fr\/#\/schema\/person\/7a40155595e4efb35323447cb8c8c5a4","name":"dev","image":{"@type":"ImageObject","inLanguage":"en-GB","@id":"https:\/\/secure.gravatar.com\/avatar\/f1ffcac9ca2fa95ad3ec33e9be3ade82f752acb0cabe541e56c5889225afa88a?s=96&d=mm&r=g","url":"https:\/\/secure.gravatar.com\/avatar\/f1ffcac9ca2fa95ad3ec33e9be3ade82f752acb0cabe541e56c5889225afa88a?s=96&d=mm&r=g","contentUrl":"https:\/\/secure.gravatar.com\/avatar\/f1ffcac9ca2fa95ad3ec33e9be3ade82f752acb0cabe541e56c5889225afa88a?s=96&d=mm&r=g","caption":"dev"},"sameAs":["https:\/\/ihedn.concilium.click"],"url":"https:\/\/ihedn.fr\/en\/author\/dev\/"}]}},"publishpress_future_action":{"enabled":false,"date":"2026-05-06 23:42:23","action":"change-status","newStatus":"draft","terms":[],"taxonomy":"category","extraData":[]},"publishpress_future_workflow_manual_trigger":{"enabledWorkflows":[]},"_links":{"self":[{"href":"https:\/\/ihedn.fr\/en\/wp-json\/wp\/v2\/posts\/15709","targetHints":{"allow":["GET"]}}],"collection":[{"href":"https:\/\/ihedn.fr\/en\/wp-json\/wp\/v2\/posts"}],"about":[{"href":"https:\/\/ihedn.fr\/en\/wp-json\/wp\/v2\/types\/post"}],"author":[{"embeddable":true,"href":"https:\/\/ihedn.fr\/en\/wp-json\/wp\/v2\/users\/1"}],"replies":[{"embeddable":true,"href":"https:\/\/ihedn.fr\/en\/wp-json\/wp\/v2\/comments?post=15709"}],"version-history":[{"count":5,"href":"https:\/\/ihedn.fr\/en\/wp-json\/wp\/v2\/posts\/15709\/revisions"}],"predecessor-version":[{"id":15793,"href":"https:\/\/ihedn.fr\/en\/wp-json\/wp\/v2\/posts\/15709\/revisions\/15793"}],"wp:featuredmedia":[{"embeddable":true,"href":"https:\/\/ihedn.fr\/en\/wp-json\/wp\/v2\/media\/15718"}],"wp:attachment":[{"href":"https:\/\/ihedn.fr\/en\/wp-json\/wp\/v2\/media?parent=15709"}],"wp:term":[{"taxonomy":"category","embeddable":true,"href":"https:\/\/ihedn.fr\/en\/wp-json\/wp\/v2\/categories?post=15709"},{"taxonomy":"post_tag","embeddable":true,"href":"https:\/\/ihedn.fr\/en\/wp-json\/wp\/v2\/tags?post=15709"}],"curies":[{"name":"wp","href":"https:\/\/api.w.org\/{rel}","templated":true}]}}