{"id":15926,"date":"2021-11-19T14:38:37","date_gmt":"2021-11-19T13:38:37","guid":{"rendered":"https:\/\/ihedn.fr\/?p=15926"},"modified":"2025-05-27T08:31:41","modified_gmt":"2025-05-27T07:31:41","slug":"ihedn-notre-histoire","status":"publish","type":"post","link":"https:\/\/ihedn.fr\/en\/notre-histoire\/ihedn-notre-histoire\/","title":{"rendered":"IHEDN: our history"},"content":{"rendered":"<div data-elementor-type=\"wp-post\" data-elementor-id=\"15926\" class=\"elementor elementor-15926\" data-elementor-post-type=\"post\">\n\t\t\t\t<div data-particle_enable=\"false\" data-particle-mobile-disabled=\"false\" class=\"elementor-element elementor-element-1e5289f e-flex e-con-boxed e-con e-parent\" data-id=\"1e5289f\" data-element_type=\"container\" data-e-type=\"container\">\n\t\t\t\t\t<div class=\"e-con-inner\">\n\t\t\t\t<div class=\"elementor-element elementor-element-ef7c077 elementor-widget elementor-widget-heading\" data-id=\"ef7c077\" data-element_type=\"widget\" data-e-type=\"widget\" data-widget_type=\"heading.default\">\n\t\t\t\t<div class=\"elementor-widget-container\">\n\t\t\t\t\t<h1 class=\"elementor-heading-title elementor-size-default\">IHEDN: our history<\/h1>\t\t\t\t<\/div>\n\t\t\t\t<\/div>\n\t\t\t\t\t<\/div>\n\t\t\t\t<\/div>\n\t\t<div data-particle_enable=\"false\" data-particle-mobile-disabled=\"false\" class=\"elementor-element elementor-element-376c398 e-flex e-con-boxed e-con e-parent\" data-id=\"376c398\" data-element_type=\"container\" data-e-type=\"container\">\n\t\t\t\t\t<div class=\"e-con-inner\">\n\t\t\t\t<div class=\"elementor-element elementor-element-645d9b9 elementor-widget elementor-widget-heading\" data-id=\"645d9b9\" data-element_type=\"widget\" data-e-type=\"widget\" data-widget_type=\"heading.default\">\n\t\t\t\t<div class=\"elementor-widget-container\">\n\t\t\t\t\t<h4 class=\"elementor-heading-title elementor-size-medium\">\"To arms, citizens! \"<\/h4>\t\t\t\t<\/div>\n\t\t\t\t<\/div>\n\t\t\t\t\t<\/div>\n\t\t\t\t<\/div>\n\t\t<div data-particle_enable=\"false\" data-particle-mobile-disabled=\"false\" class=\"elementor-element elementor-element-80dc08a e-flex e-con-boxed e-con e-parent\" data-id=\"80dc08a\" data-element_type=\"container\" data-e-type=\"container\">\n\t\t\t\t\t<div class=\"e-con-inner\">\n\t\t\t\t<div class=\"elementor-element elementor-element-921de36 elementor-widget elementor-widget-text-editor\" data-id=\"921de36\" data-element_type=\"widget\" data-e-type=\"widget\" data-widget_type=\"text-editor.default\">\n\t\t\t\t<div class=\"elementor-widget-container\">\n\t\t\t\t\t\t\t\t\t<p><strong><span style=\"color: #000000;\"><em>Since 1936, the Institut des Hautes \u00c9tudes de D\u00e9fense Nationale (IHEDN) has been bringing this appeal to life among France's elite. Leaders from the civil service and the business world share training with future military leaders.<\/em><\/span><\/strong><\/p>\t\t\t\t\t\t\t\t<\/div>\n\t\t\t\t<\/div>\n\t\t\t\t<div class=\"elementor-element elementor-element-a2e9d72 elementor-widget elementor-widget-text-editor\" data-id=\"a2e9d72\" data-element_type=\"widget\" data-e-type=\"widget\" data-widget_type=\"text-editor.default\">\n\t\t\t\t<div class=\"elementor-widget-container\">\n\t\t\t\t\t\t\t\t\t<p style=\"text-align: left;\">Together, they think about defence. Together, they have been developing, over several decades and through national and regional sessions, a \"unity of feeling, thought and doctrine\" which is a prerequisite for effective action.<\/p><p style=\"text-align: left;\">This book presents the little-known history of this invisible dimension of our defence. The brainchild of General Patrick Destremau, Director of the IHEDN between 2018 and 2021, it was produced by two historians of political and military issues, Philippe Vial and Guillaume Denglos. Based on largely unpublished archives and iconography, it covers more than a century of national history.<\/p><p style=\"text-align: left;\">We meet Charles de Gaulle, Marshal Foch and General Massu. We discover an unexpected continuity from L\u00e9on Gambetta to Charles Hernu and Pierre Mauroy. We meet Val\u00e9ry Giscard d'Estaing, Jacques Chirac, Fran\u00e7ois Mitterrand and Georges Marchais, as well as Winston Churchill, John Kennedy and Deng Xiaoping.<\/p>\t\t\t\t\t\t\t\t<\/div>\n\t\t\t\t<\/div>\n\t\t\t\t<div class=\"elementor-element elementor-element-6e4cd30 elementor-widget elementor-widget-text-editor\" data-id=\"6e4cd30\" data-element_type=\"widget\" data-e-type=\"widget\" data-widget_type=\"text-editor.default\">\n\t\t\t\t<div class=\"elementor-widget-container\">\n\t\t\t\t\t\t\t\t\t<p style=\"text-align: right;\"><em><span style=\"color: #034b7b;\"><strong>Lieutenant General Beno\u00eet Durieux, Director of the IHEDN.<\/strong><\/span><\/em><\/p>\t\t\t\t\t\t\t\t<\/div>\n\t\t\t\t<\/div>\n\t\t<div data-particle_enable=\"false\" data-particle-mobile-disabled=\"false\" class=\"elementor-element elementor-element-a1626d2 e-con-full e-flex e-con e-child\" data-id=\"a1626d2\" data-element_type=\"container\" data-e-type=\"container\">\n\t\t\t\t<div class=\"elementor-element elementor-element-bb42745 elementor-widget elementor-widget-text-editor\" data-id=\"bb42745\" data-element_type=\"widget\" data-e-type=\"widget\" data-widget_type=\"text-editor.default\">\n\t\t\t\t<div class=\"elementor-widget-container\">\n\t\t\t\t\t\t\t\t\t<p style=\"text-align: left;\">This book is part of the dynamic sought by the IHEDN, offering a striking image of the singularity, importance and evolution of national defence issues. It is a must for the Institute's management, future students and, more broadly, all those who want to bring the Republic to life and who love our country.<\/p>\t\t\t\t\t\t\t\t<\/div>\n\t\t\t\t<\/div>\n\t\t\t\t<div class=\"elementor-element elementor-element-d871ec9 elementor-widget elementor-widget-text-editor\" data-id=\"d871ec9\" data-element_type=\"widget\" data-e-type=\"widget\" data-widget_type=\"text-editor.default\">\n\t\t\t\t<div class=\"elementor-widget-container\">\n\t\t\t\t\t\t\t\t\t<div><div class=\"elementor-element elementor-element-62a3b0f elementor-widget elementor-widget-text-editor\" data-id=\"62a3b0f\" data-element_type=\"widget\" data-widget_type=\"text-editor.default\"><div class=\"elementor-widget-container\"><div class=\"elementor-text-editor elementor-clearfix\"><p style=\"text-align: left;\"><span style=\"color: #c80a23;\"><strong>Available in all good bookshops<\/strong><\/span><\/p><p style=\"text-align: left;\"><span style=\"color: #034b7b;\"><strong>Rights available abroad<\/strong><\/span><\/p><p style=\"text-align: left;\"><strong>Publisher:<\/strong> <a href=\"https:\/\/www.tallandier.com\/livre\/histoire-de-lihedn\/\" target=\"_blank\" rel=\"noopener\"><strong>Tallandier<\/strong><\/a><br \/><strong>Director of the book :<\/strong> <a href=\"https:\/\/www.tallandier.com\/auteur\/guillaume-denglos\/\" target=\"_blank\" rel=\"noopener\">Guillaume DENGLOS<\/a>, <a href=\"https:\/\/www.tallandier.com\/auteur\/philippe-vial\/\" target=\"_blank\" rel=\"noopener\">Philippe VIAL<\/a><br \/><strong>Language :<\/strong>\u00a0French<br \/><strong>Published by :<\/strong> 4 November 2021<br \/><strong>Pagination :<\/strong> 208 pages<br \/><strong>ISBN : \u00a0<a href=\"https:\/\/www.tallandier.com\/livre\/histoire-de-lihedn\/\" target=\"_blank\" rel=\"noopener\">9791021049017<\/a><\/strong><\/p><\/div><\/div><\/div><\/div>\t\t\t\t\t\t\t\t<\/div>\n\t\t\t\t<\/div>\n\t\t\t\t<\/div>\n\t\t\t\t\t<\/div>\n\t\t\t\t<\/div>\n\t\t<div data-particle_enable=\"false\" data-particle-mobile-disabled=\"false\" class=\"elementor-element elementor-element-c2e6309 e-flex e-con-boxed e-con e-parent\" data-id=\"c2e6309\" data-element_type=\"container\" data-e-type=\"container\">\n\t\t\t\t\t<div class=\"e-con-inner\">\n\t\t\t\t<div class=\"elementor-element elementor-element-9f14943 elementor-widget elementor-widget-heading\" data-id=\"9f14943\" data-element_type=\"widget\" data-e-type=\"widget\" data-widget_type=\"heading.default\">\n\t\t\t\t<div class=\"elementor-widget-container\">\n\t\t\t\t\t<h5 class=\"elementor-heading-title elementor-size-default\">the authors<\/h5>\t\t\t\t<\/div>\n\t\t\t\t<\/div>\n\t\t\t\t<div class=\"elementor-element elementor-element-7f584f4 elementor-widget-divider--view-line elementor-widget elementor-widget-divider\" data-id=\"7f584f4\" data-element_type=\"widget\" data-e-type=\"widget\" data-widget_type=\"divider.default\">\n\t\t\t\t<div class=\"elementor-widget-container\">\n\t\t\t\t\t\t\t<div class=\"elementor-divider\">\n\t\t\t<span class=\"elementor-divider-separator\">\n\t\t\t\t\t\t<\/span>\n\t\t<\/div>\n\t\t\t\t\t\t<\/div>\n\t\t\t\t<\/div>\n\t\t<div data-particle_enable=\"false\" data-particle-mobile-disabled=\"false\" class=\"elementor-element elementor-element-456998c e-con-full e-flex e-con e-child\" data-id=\"456998c\" data-element_type=\"container\" data-e-type=\"container\">\n\t\t\t\t<div class=\"elementor-element elementor-element-657de30 elementor-widget elementor-widget-text-editor\" data-id=\"657de30\" data-element_type=\"widget\" data-e-type=\"widget\" data-widget_type=\"text-editor.default\">\n\t\t\t\t<div class=\"elementor-widget-container\">\n\t\t\t\t\t\t\t\t\t<p style=\"text-align: left;\"><span style=\"color: #034b7b;\"><strong>Philippe VIAL<\/strong><\/span><\/p><p style=\"text-align: left;\">is a lecturer in contemporary history at the University of Paris 1 Panth\u00e9on-Sorbonne. He is on secondment to the Directorate of Higher Military Education, where he is academic adviser to the Centre for Advanced Military Studies. A former auditor at the 66th national session on defence policy (2013-2014), he is a regular speaker at the IHEDN on political and military issues.<\/p><p style=\"text-align: left;\"><span style=\"color: #034b7b;\"><strong>Guillaume DENGLOS<\/strong><\/span><\/p><p style=\"text-align: left;\">holds a doctorate in contemporary history from the University of Paris 1 Panth\u00e9on-Sorbonne. After working as a history officer for the General Secretariat for Defence and National Security, he took on this role for the IHEDN.<\/p>\t\t\t\t\t\t\t\t<\/div>\n\t\t\t\t<\/div>\n\t\t\t\t<\/div>\n\t\t\t\t\t<\/div>\n\t\t\t\t<\/div>\n\t\t\t\t<\/div>","protected":false},"excerpt":{"rendered":"<p>\u00a0\u00bb Aux armes citoyens ! \u201d Depuis 1936, l\u2019Institut des hautes \u00e9tudes de d\u00e9fense nationale (IHEDN) fait vivre cet appel \u00e0 l\u2019\u00e9chelle des \u00e9lites fran\u00e7aises. Responsables de la fonction publique et du monde de l\u2019entreprise y partagent une formation avec de futurs chefs militaires. Ensemble, ils pensent la d\u00e9fense. Ensemble, ils d\u00e9veloppent depuis plusieurs d\u00e9cennies [&hellip;]<\/p>\n","protected":false},"author":1,"featured_media":15944,"comment_status":"closed","ping_status":"closed","sticky":false,"template":"","format":"standard","meta":{"footnotes":""},"categories":[254],"tags":[],"class_list":["post-15926","post","type-post","status-publish","format-standard","has-post-thumbnail","hentry","category-notre-histoire"],"yoast_head":"<!-- This site is optimized with the Yoast SEO plugin v27.5 - https:\/\/yoast.com\/product\/yoast-seo-wordpress\/ -->\n<title>IHEDN : notre histoire - L&#039;IHEDN : Institut des hautes \u00e9tudes de d\u00e9fense nationale<\/title>\n<meta name=\"robots\" content=\"index, follow, max-snippet:-1, max-image-preview:large, max-video-preview:-1\" \/>\n<link rel=\"canonical\" href=\"https:\/\/ihedn.fr\/en\/notre-histoire\/ihedn-notre-histoire\/\" \/>\n<meta property=\"og:locale\" content=\"en_GB\" \/>\n<meta property=\"og:type\" content=\"article\" \/>\n<meta property=\"og:title\" content=\"IHEDN : notre histoire - L&#039;IHEDN : Institut des hautes \u00e9tudes de d\u00e9fense nationale\" \/>\n<meta property=\"og:description\" content=\"\u00a0\u00bb Aux armes citoyens ! \u201d Depuis 1936, l\u2019Institut des hautes \u00e9tudes de d\u00e9fense nationale (IHEDN) fait vivre cet appel \u00e0 l\u2019\u00e9chelle des \u00e9lites fran\u00e7aises. Responsables de la fonction publique et du monde de l\u2019entreprise y partagent une formation avec de futurs chefs militaires. Ensemble, ils pensent la d\u00e9fense. Ensemble, ils d\u00e9veloppent depuis plusieurs d\u00e9cennies [&hellip;]\" \/>\n<meta property=\"og:url\" content=\"https:\/\/ihedn.fr\/en\/notre-histoire\/ihedn-notre-histoire\/\" \/>\n<meta property=\"og:site_name\" content=\"L&#039;IHEDN : Institut des hautes \u00e9tudes de d\u00e9fense nationale\" \/>\n<meta property=\"article:publisher\" content=\"https:\/\/www.facebook.com\/ihedn\/\" \/>\n<meta property=\"article:published_time\" content=\"2021-11-19T13:38:37+00:00\" \/>\n<meta property=\"article:modified_time\" content=\"2025-05-27T07:31:41+00:00\" \/>\n<meta property=\"og:image\" content=\"https:\/\/ihedn.fr\/wp-content\/uploads\/2021\/11\/LIVRE-IHEDN-couverture.jpg\" \/>\n\t<meta property=\"og:image:width\" content=\"1380\" \/>\n\t<meta property=\"og:image:height\" content=\"1544\" \/>\n\t<meta property=\"og:image:type\" content=\"image\/jpeg\" \/>\n<meta name=\"author\" content=\"dev\" \/>\n<meta name=\"twitter:card\" content=\"summary_large_image\" \/>\n<meta name=\"twitter:creator\" content=\"@IHEDN\" \/>\n<meta name=\"twitter:site\" content=\"@IHEDN\" \/>\n<meta name=\"twitter:label1\" content=\"Written by\" \/>\n\t<meta name=\"twitter:data1\" content=\"dev\" \/>\n\t<meta name=\"twitter:label2\" content=\"Estimated reading time\" \/>\n\t<meta name=\"twitter:data2\" content=\"3 minutes\" \/>\n<script type=\"application\/ld+json\" class=\"yoast-schema-graph\">{\"@context\":\"https:\\\/\\\/schema.org\",\"@graph\":[{\"@type\":\"Article\",\"@id\":\"https:\\\/\\\/ihedn.fr\\\/notre-histoire\\\/ihedn-notre-histoire\\\/#article\",\"isPartOf\":{\"@id\":\"https:\\\/\\\/ihedn.fr\\\/notre-histoire\\\/ihedn-notre-histoire\\\/\"},\"author\":{\"name\":\"dev\",\"@id\":\"https:\\\/\\\/ihedn.fr\\\/#\\\/schema\\\/person\\\/7a40155595e4efb35323447cb8c8c5a4\"},\"headline\":\"IHEDN : notre histoire\",\"datePublished\":\"2021-11-19T13:38:37+00:00\",\"dateModified\":\"2025-05-27T07:31:41+00:00\",\"mainEntityOfPage\":{\"@id\":\"https:\\\/\\\/ihedn.fr\\\/notre-histoire\\\/ihedn-notre-histoire\\\/\"},\"wordCount\":437,\"publisher\":{\"@id\":\"https:\\\/\\\/ihedn.fr\\\/#organization\"},\"image\":{\"@id\":\"https:\\\/\\\/ihedn.fr\\\/notre-histoire\\\/ihedn-notre-histoire\\\/#primaryimage\"},\"thumbnailUrl\":\"https:\\\/\\\/ihedn.fr\\\/wp-content\\\/uploads\\\/2021\\\/11\\\/LIVRE-IHEDN-couverture.jpg\",\"articleSection\":[\"notre-histoire\"],\"inLanguage\":\"en-GB\"},{\"@type\":\"WebPage\",\"@id\":\"https:\\\/\\\/ihedn.fr\\\/notre-histoire\\\/ihedn-notre-histoire\\\/\",\"url\":\"https:\\\/\\\/ihedn.fr\\\/notre-histoire\\\/ihedn-notre-histoire\\\/\",\"name\":\"IHEDN : notre histoire - L&#039;IHEDN : Institut des hautes \u00e9tudes de d\u00e9fense nationale\",\"isPartOf\":{\"@id\":\"https:\\\/\\\/ihedn.fr\\\/#website\"},\"primaryImageOfPage\":{\"@id\":\"https:\\\/\\\/ihedn.fr\\\/notre-histoire\\\/ihedn-notre-histoire\\\/#primaryimage\"},\"image\":{\"@id\":\"https:\\\/\\\/ihedn.fr\\\/notre-histoire\\\/ihedn-notre-histoire\\\/#primaryimage\"},\"thumbnailUrl\":\"https:\\\/\\\/ihedn.fr\\\/wp-content\\\/uploads\\\/2021\\\/11\\\/LIVRE-IHEDN-couverture.jpg\",\"datePublished\":\"2021-11-19T13:38:37+00:00\",\"dateModified\":\"2025-05-27T07:31:41+00:00\",\"breadcrumb\":{\"@id\":\"https:\\\/\\\/ihedn.fr\\\/notre-histoire\\\/ihedn-notre-histoire\\\/#breadcrumb\"},\"inLanguage\":\"en-GB\",\"potentialAction\":[{\"@type\":\"ReadAction\",\"target\":[\"https:\\\/\\\/ihedn.fr\\\/notre-histoire\\\/ihedn-notre-histoire\\\/\"]}]},{\"@type\":\"ImageObject\",\"inLanguage\":\"en-GB\",\"@id\":\"https:\\\/\\\/ihedn.fr\\\/notre-histoire\\\/ihedn-notre-histoire\\\/#primaryimage\",\"url\":\"https:\\\/\\\/ihedn.fr\\\/wp-content\\\/uploads\\\/2021\\\/11\\\/LIVRE-IHEDN-couverture.jpg\",\"contentUrl\":\"https:\\\/\\\/ihedn.fr\\\/wp-content\\\/uploads\\\/2021\\\/11\\\/LIVRE-IHEDN-couverture.jpg\",\"width\":1380,\"height\":1544},{\"@type\":\"BreadcrumbList\",\"@id\":\"https:\\\/\\\/ihedn.fr\\\/notre-histoire\\\/ihedn-notre-histoire\\\/#breadcrumb\",\"itemListElement\":[{\"@type\":\"ListItem\",\"position\":1,\"name\":\"Accueil\",\"item\":\"https:\\\/\\\/ihedn.fr\\\/\"},{\"@type\":\"ListItem\",\"position\":2,\"name\":\"IHEDN : notre histoire\"}]},{\"@type\":\"WebSite\",\"@id\":\"https:\\\/\\\/ihedn.fr\\\/#website\",\"url\":\"https:\\\/\\\/ihedn.fr\\\/\",\"name\":\"IHEDN : Institut des hautes \u00e9tudes de d\u00e9fense nationale |\",\"description\":\"Site officiel de l&#039;IHEDN plac\u00e9 sous la tutelle du Premier ministre.\",\"publisher\":{\"@id\":\"https:\\\/\\\/ihedn.fr\\\/#organization\"},\"potentialAction\":[{\"@type\":\"SearchAction\",\"target\":{\"@type\":\"EntryPoint\",\"urlTemplate\":\"https:\\\/\\\/ihedn.fr\\\/?s={search_term_string}\"},\"query-input\":{\"@type\":\"PropertyValueSpecification\",\"valueRequired\":true,\"valueName\":\"search_term_string\"}}],\"inLanguage\":\"en-GB\"},{\"@type\":\"Organization\",\"@id\":\"https:\\\/\\\/ihedn.fr\\\/#organization\",\"name\":\"IHEDN - Institut des Hautes Etudes de D\u00e9fense Nationale\",\"url\":\"https:\\\/\\\/ihedn.fr\\\/\",\"logo\":{\"@type\":\"ImageObject\",\"inLanguage\":\"en-GB\",\"@id\":\"https:\\\/\\\/ihedn.fr\\\/#\\\/schema\\\/logo\\\/image\\\/\",\"url\":\"https:\\\/\\\/ihedn.fr\\\/wp-content\\\/uploads\\\/2020\\\/11\\\/BLOC_RF_IHEDN_WEB.png\",\"contentUrl\":\"https:\\\/\\\/ihedn.fr\\\/wp-content\\\/uploads\\\/2020\\\/11\\\/BLOC_RF_IHEDN_WEB.png\",\"width\":500,\"height\":237,\"caption\":\"IHEDN - Institut des Hautes Etudes de D\u00e9fense Nationale\"},\"image\":{\"@id\":\"https:\\\/\\\/ihedn.fr\\\/#\\\/schema\\\/logo\\\/image\\\/\"},\"sameAs\":[\"https:\\\/\\\/www.facebook.com\\\/ihedn\\\/\",\"https:\\\/\\\/x.com\\\/IHEDN\",\"https:\\\/\\\/www.instagram.com\\\/ihedn\\\/\",\"https:\\\/\\\/www.linkedin.com\\\/school\\\/ihedn\\\/\",\"https:\\\/\\\/fr.wikipedia.org\\\/wiki\\\/Institut_des_hautes_\u00e9tudes_de_D\u00e9fense_nationale\"]},{\"@type\":\"Person\",\"@id\":\"https:\\\/\\\/ihedn.fr\\\/#\\\/schema\\\/person\\\/7a40155595e4efb35323447cb8c8c5a4\",\"name\":\"dev\",\"image\":{\"@type\":\"ImageObject\",\"inLanguage\":\"en-GB\",\"@id\":\"https:\\\/\\\/secure.gravatar.com\\\/avatar\\\/f1ffcac9ca2fa95ad3ec33e9be3ade82f752acb0cabe541e56c5889225afa88a?s=96&d=mm&r=g\",\"url\":\"https:\\\/\\\/secure.gravatar.com\\\/avatar\\\/f1ffcac9ca2fa95ad3ec33e9be3ade82f752acb0cabe541e56c5889225afa88a?s=96&d=mm&r=g\",\"contentUrl\":\"https:\\\/\\\/secure.gravatar.com\\\/avatar\\\/f1ffcac9ca2fa95ad3ec33e9be3ade82f752acb0cabe541e56c5889225afa88a?s=96&d=mm&r=g\",\"caption\":\"dev\"},\"sameAs\":[\"https:\\\/\\\/ihedn.concilium.click\"],\"url\":\"https:\\\/\\\/ihedn.fr\\\/en\\\/author\\\/dev\\\/\"}]}<\/script>\n<!-- \/ Yoast SEO plugin. -->","yoast_head_json":{"title":"IHEDN : our history - IHEDN : Institute for Advanced Studies in National Defence","robots":{"index":"index","follow":"follow","max-snippet":"max-snippet:-1","max-image-preview":"max-image-preview:large","max-video-preview":"max-video-preview:-1"},"canonical":"https:\/\/ihedn.fr\/en\/notre-histoire\/ihedn-notre-histoire\/","og_locale":"en_GB","og_type":"article","og_title":"IHEDN : notre histoire - L&#039;IHEDN : Institut des hautes \u00e9tudes de d\u00e9fense nationale","og_description":"\u00a0\u00bb Aux armes citoyens ! \u201d Depuis 1936, l\u2019Institut des hautes \u00e9tudes de d\u00e9fense nationale (IHEDN) fait vivre cet appel \u00e0 l\u2019\u00e9chelle des \u00e9lites fran\u00e7aises. Responsables de la fonction publique et du monde de l\u2019entreprise y partagent une formation avec de futurs chefs militaires. Ensemble, ils pensent la d\u00e9fense. Ensemble, ils d\u00e9veloppent depuis plusieurs d\u00e9cennies [&hellip;]","og_url":"https:\/\/ihedn.fr\/en\/notre-histoire\/ihedn-notre-histoire\/","og_site_name":"L&#039;IHEDN : Institut des hautes \u00e9tudes de d\u00e9fense nationale","article_publisher":"https:\/\/www.facebook.com\/ihedn\/","article_published_time":"2021-11-19T13:38:37+00:00","article_modified_time":"2025-05-27T07:31:41+00:00","og_image":[{"width":1380,"height":1544,"url":"https:\/\/ihedn.fr\/wp-content\/uploads\/2021\/11\/LIVRE-IHEDN-couverture.jpg","type":"image\/jpeg"}],"author":"dev","twitter_card":"summary_large_image","twitter_creator":"@IHEDN","twitter_site":"@IHEDN","twitter_misc":{"Written by":"dev","Estimated reading time":"3 minutes"},"schema":{"@context":"https:\/\/schema.org","@graph":[{"@type":"Article","@id":"https:\/\/ihedn.fr\/notre-histoire\/ihedn-notre-histoire\/#article","isPartOf":{"@id":"https:\/\/ihedn.fr\/notre-histoire\/ihedn-notre-histoire\/"},"author":{"name":"dev","@id":"https:\/\/ihedn.fr\/#\/schema\/person\/7a40155595e4efb35323447cb8c8c5a4"},"headline":"IHEDN : notre histoire","datePublished":"2021-11-19T13:38:37+00:00","dateModified":"2025-05-27T07:31:41+00:00","mainEntityOfPage":{"@id":"https:\/\/ihedn.fr\/notre-histoire\/ihedn-notre-histoire\/"},"wordCount":437,"publisher":{"@id":"https:\/\/ihedn.fr\/#organization"},"image":{"@id":"https:\/\/ihedn.fr\/notre-histoire\/ihedn-notre-histoire\/#primaryimage"},"thumbnailUrl":"https:\/\/ihedn.fr\/wp-content\/uploads\/2021\/11\/LIVRE-IHEDN-couverture.jpg","articleSection":["notre-histoire"],"inLanguage":"en-GB"},{"@type":"WebPage","@id":"https:\/\/ihedn.fr\/notre-histoire\/ihedn-notre-histoire\/","url":"https:\/\/ihedn.fr\/notre-histoire\/ihedn-notre-histoire\/","name":"IHEDN : our history - IHEDN : Institute for Advanced Studies in National Defence","isPartOf":{"@id":"https:\/\/ihedn.fr\/#website"},"primaryImageOfPage":{"@id":"https:\/\/ihedn.fr\/notre-histoire\/ihedn-notre-histoire\/#primaryimage"},"image":{"@id":"https:\/\/ihedn.fr\/notre-histoire\/ihedn-notre-histoire\/#primaryimage"},"thumbnailUrl":"https:\/\/ihedn.fr\/wp-content\/uploads\/2021\/11\/LIVRE-IHEDN-couverture.jpg","datePublished":"2021-11-19T13:38:37+00:00","dateModified":"2025-05-27T07:31:41+00:00","breadcrumb":{"@id":"https:\/\/ihedn.fr\/notre-histoire\/ihedn-notre-histoire\/#breadcrumb"},"inLanguage":"en-GB","potentialAction":[{"@type":"ReadAction","target":["https:\/\/ihedn.fr\/notre-histoire\/ihedn-notre-histoire\/"]}]},{"@type":"ImageObject","inLanguage":"en-GB","@id":"https:\/\/ihedn.fr\/notre-histoire\/ihedn-notre-histoire\/#primaryimage","url":"https:\/\/ihedn.fr\/wp-content\/uploads\/2021\/11\/LIVRE-IHEDN-couverture.jpg","contentUrl":"https:\/\/ihedn.fr\/wp-content\/uploads\/2021\/11\/LIVRE-IHEDN-couverture.jpg","width":1380,"height":1544},{"@type":"BreadcrumbList","@id":"https:\/\/ihedn.fr\/notre-histoire\/ihedn-notre-histoire\/#breadcrumb","itemListElement":[{"@type":"ListItem","position":1,"name":"Accueil","item":"https:\/\/ihedn.fr\/"},{"@type":"ListItem","position":2,"name":"IHEDN : notre histoire"}]},{"@type":"WebSite","@id":"https:\/\/ihedn.fr\/#website","url":"https:\/\/ihedn.fr\/","name":"IHEDN: Institut des hautes \u00e9tudes de d\u00e9fense nationale (Institute for Higher National Defence Studies)","description":"Official website of the IHEDN under the supervision of the Prime Minister.","publisher":{"@id":"https:\/\/ihedn.fr\/#organization"},"potentialAction":[{"@type":"SearchAction","target":{"@type":"EntryPoint","urlTemplate":"https:\/\/ihedn.fr\/?s={search_term_string}"},"query-input":{"@type":"PropertyValueSpecification","valueRequired":true,"valueName":"search_term_string"}}],"inLanguage":"en-GB"},{"@type":"Organization","@id":"https:\/\/ihedn.fr\/#organization","name":"IHEDN - Institute for Higher National Defence Studies","url":"https:\/\/ihedn.fr\/","logo":{"@type":"ImageObject","inLanguage":"en-GB","@id":"https:\/\/ihedn.fr\/#\/schema\/logo\/image\/","url":"https:\/\/ihedn.fr\/wp-content\/uploads\/2020\/11\/BLOC_RF_IHEDN_WEB.png","contentUrl":"https:\/\/ihedn.fr\/wp-content\/uploads\/2020\/11\/BLOC_RF_IHEDN_WEB.png","width":500,"height":237,"caption":"IHEDN - Institut des Hautes Etudes de D\u00e9fense Nationale"},"image":{"@id":"https:\/\/ihedn.fr\/#\/schema\/logo\/image\/"},"sameAs":["https:\/\/www.facebook.com\/ihedn\/","https:\/\/x.com\/IHEDN","https:\/\/www.instagram.com\/ihedn\/","https:\/\/www.linkedin.com\/school\/ihedn\/","https:\/\/fr.wikipedia.org\/wiki\/Institut_des_hautes_\u00e9tudes_de_D\u00e9fense_nationale"]},{"@type":"Person","@id":"https:\/\/ihedn.fr\/#\/schema\/person\/7a40155595e4efb35323447cb8c8c5a4","name":"dev","image":{"@type":"ImageObject","inLanguage":"en-GB","@id":"https:\/\/secure.gravatar.com\/avatar\/f1ffcac9ca2fa95ad3ec33e9be3ade82f752acb0cabe541e56c5889225afa88a?s=96&d=mm&r=g","url":"https:\/\/secure.gravatar.com\/avatar\/f1ffcac9ca2fa95ad3ec33e9be3ade82f752acb0cabe541e56c5889225afa88a?s=96&d=mm&r=g","contentUrl":"https:\/\/secure.gravatar.com\/avatar\/f1ffcac9ca2fa95ad3ec33e9be3ade82f752acb0cabe541e56c5889225afa88a?s=96&d=mm&r=g","caption":"dev"},"sameAs":["https:\/\/ihedn.concilium.click"],"url":"https:\/\/ihedn.fr\/en\/author\/dev\/"}]}},"publishpress_future_action":{"enabled":false,"date":"2026-05-05 21:02:05","action":"change-status","newStatus":"draft","terms":[],"taxonomy":"category","extraData":[]},"publishpress_future_workflow_manual_trigger":{"enabledWorkflows":[]},"_links":{"self":[{"href":"https:\/\/ihedn.fr\/en\/wp-json\/wp\/v2\/posts\/15926","targetHints":{"allow":["GET"]}}],"collection":[{"href":"https:\/\/ihedn.fr\/en\/wp-json\/wp\/v2\/posts"}],"about":[{"href":"https:\/\/ihedn.fr\/en\/wp-json\/wp\/v2\/types\/post"}],"author":[{"embeddable":true,"href":"https:\/\/ihedn.fr\/en\/wp-json\/wp\/v2\/users\/1"}],"replies":[{"embeddable":true,"href":"https:\/\/ihedn.fr\/en\/wp-json\/wp\/v2\/comments?post=15926"}],"version-history":[{"count":9,"href":"https:\/\/ihedn.fr\/en\/wp-json\/wp\/v2\/posts\/15926\/revisions"}],"predecessor-version":[{"id":54484,"href":"https:\/\/ihedn.fr\/en\/wp-json\/wp\/v2\/posts\/15926\/revisions\/54484"}],"wp:featuredmedia":[{"embeddable":true,"href":"https:\/\/ihedn.fr\/en\/wp-json\/wp\/v2\/media\/15944"}],"wp:attachment":[{"href":"https:\/\/ihedn.fr\/en\/wp-json\/wp\/v2\/media?parent=15926"}],"wp:term":[{"taxonomy":"category","embeddable":true,"href":"https:\/\/ihedn.fr\/en\/wp-json\/wp\/v2\/categories?post=15926"},{"taxonomy":"post_tag","embeddable":true,"href":"https:\/\/ihedn.fr\/en\/wp-json\/wp\/v2\/tags?post=15926"}],"curies":[{"name":"wp","href":"https:\/\/api.w.org\/{rel}","templated":true}]}}