{"id":16270,"date":"2021-11-17T17:22:15","date_gmt":"2021-11-17T16:22:15","guid":{"rendered":"https:\/\/ihedn.fr\/?p=16270"},"modified":"2022-03-14T16:36:15","modified_gmt":"2022-03-14T15:36:15","slug":"pour-une-realpolitik-de-leurope","status":"publish","type":"post","link":"https:\/\/ihedn.fr\/en\/lundis-de-lihedn\/pour-une-realpolitik-de-leurope\/","title":{"rendered":"For a \"realpolitik\" for Europe?"},"content":{"rendered":"<div data-elementor-type=\"wp-post\" data-elementor-id=\"16270\" class=\"elementor elementor-16270\" data-elementor-post-type=\"post\">\n\t\t\t\t\t\t<section data-particle_enable=\"false\" data-particle-mobile-disabled=\"false\" class=\"elementor-section elementor-top-section elementor-element elementor-element-166edfb elementor-section-boxed elementor-section-height-default elementor-section-height-default\" data-id=\"166edfb\" data-element_type=\"section\" data-e-type=\"section\">\n\t\t\t\t\t\t<div class=\"elementor-container elementor-column-gap-default\">\n\t\t\t\t\t<div class=\"elementor-column elementor-col-100 elementor-top-column elementor-element elementor-element-6a7ab1e\" data-id=\"6a7ab1e\" data-element_type=\"column\" data-e-type=\"column\">\n\t\t\t<div class=\"elementor-widget-wrap elementor-element-populated\">\n\t\t\t\t\t\t<div class=\"elementor-element elementor-element-4d5a519 elementor-widget-divider--view-line elementor-invisible elementor-widget elementor-widget-divider\" data-id=\"4d5a519\" data-element_type=\"widget\" data-e-type=\"widget\" data-settings=\"{&quot;_animation&quot;:&quot;fadeInUp&quot;,&quot;_animation_delay&quot;:200}\" data-widget_type=\"divider.default\">\n\t\t\t\t<div class=\"elementor-widget-container\">\n\t\t\t\t\t\t\t<div class=\"elementor-divider\">\n\t\t\t<span class=\"elementor-divider-separator\">\n\t\t\t\t\t\t<\/span>\n\t\t<\/div>\n\t\t\t\t\t\t<\/div>\n\t\t\t\t<\/div>\n\t\t\t\t<div class=\"elementor-element elementor-element-3d8c14e elementor-widget elementor-widget-heading\" data-id=\"3d8c14e\" data-element_type=\"widget\" data-e-type=\"widget\" data-widget_type=\"heading.default\">\n\t\t\t\t<div class=\"elementor-widget-container\">\n\t\t\t\t\t<h1 class=\"elementor-heading-title elementor-size-default\">A 'realpolitik' for Europe?<\/h1>\t\t\t\t<\/div>\n\t\t\t\t<\/div>\n\t\t\t\t<div class=\"elementor-element elementor-element-e02d76d elementor-widget-divider--view-line elementor-invisible elementor-widget elementor-widget-divider\" data-id=\"e02d76d\" data-element_type=\"widget\" data-e-type=\"widget\" data-settings=\"{&quot;_animation&quot;:&quot;fadeInUp&quot;,&quot;_animation_delay&quot;:200}\" data-widget_type=\"divider.default\">\n\t\t\t\t<div class=\"elementor-widget-container\">\n\t\t\t\t\t\t\t<div class=\"elementor-divider\">\n\t\t\t<span class=\"elementor-divider-separator\">\n\t\t\t\t\t\t<\/span>\n\t\t<\/div>\n\t\t\t\t\t\t<\/div>\n\t\t\t\t<\/div>\n\t\t\t\t\t<\/div>\n\t\t<\/div>\n\t\t\t\t\t<\/div>\n\t\t<\/section>\n\t\t\t\t<section data-particle_enable=\"false\" data-particle-mobile-disabled=\"false\" class=\"elementor-section elementor-top-section elementor-element elementor-element-f070a2a elementor-section-boxed elementor-section-height-default elementor-section-height-default\" data-id=\"f070a2a\" data-element_type=\"section\" data-e-type=\"section\">\n\t\t\t\t\t\t<div class=\"elementor-container elementor-column-gap-default\">\n\t\t\t\t\t<div class=\"elementor-column elementor-col-100 elementor-top-column elementor-element elementor-element-7d82418\" data-id=\"7d82418\" data-element_type=\"column\" data-e-type=\"column\">\n\t\t\t<div class=\"elementor-widget-wrap elementor-element-populated\">\n\t\t\t\t\t\t<div class=\"elementor-element elementor-element-0e271ac elementor-widget elementor-widget-heading\" data-id=\"0e271ac\" data-element_type=\"widget\" data-e-type=\"widget\" data-widget_type=\"heading.default\">\n\t\t\t\t<div class=\"elementor-widget-container\">\n\t\t\t\t\t<h5 class=\"elementor-heading-title elementor-size-default\">Debate between J\u00e9r\u00e9mie Gallon and Armelle Charrier, moderated by Alain Graf.<\/h5>\t\t\t\t<\/div>\n\t\t\t\t<\/div>\n\t\t\t\t<section data-particle_enable=\"false\" data-particle-mobile-disabled=\"false\" class=\"elementor-section elementor-inner-section elementor-element elementor-element-43a4019 elementor-section-boxed elementor-section-height-default elementor-section-height-default\" data-id=\"43a4019\" data-element_type=\"section\" data-e-type=\"section\">\n\t\t\t\t\t\t<div class=\"elementor-container elementor-column-gap-default\">\n\t\t\t\t\t<div class=\"elementor-column elementor-col-50 elementor-inner-column elementor-element elementor-element-1e67b6b\" data-id=\"1e67b6b\" data-element_type=\"column\" data-e-type=\"column\">\n\t\t\t<div class=\"elementor-widget-wrap elementor-element-populated\">\n\t\t\t\t\t\t<div class=\"elementor-element elementor-element-31afed2 elementor-widget elementor-widget-image\" data-id=\"31afed2\" data-element_type=\"widget\" data-e-type=\"widget\" data-widget_type=\"image.default\">\n\t\t\t\t<div class=\"elementor-widget-container\">\n\t\t\t\t\t\t\t\t\t\t\t\t\t\t\t<img fetchpriority=\"high\" decoding=\"async\" width=\"1256\" height=\"1453\" src=\"https:\/\/ihedn.fr\/wp-content\/uploads\/2021\/11\/w-20220110-\u00a9IHEDN-Lundi-de-IHEDN-Jeremie-GALLON-017-b.jpg\" class=\"attachment-full size-full wp-image-18355\" alt=\"\" srcset=\"https:\/\/ihedn.fr\/wp-content\/uploads\/2021\/11\/w-20220110-\u00a9IHEDN-Lundi-de-IHEDN-Jeremie-GALLON-017-b.jpg 1256w, https:\/\/ihedn.fr\/wp-content\/uploads\/2021\/11\/w-20220110-\u00a9IHEDN-Lundi-de-IHEDN-Jeremie-GALLON-017-b-600x694.jpg 600w\" sizes=\"(max-width: 1256px) 100vw, 1256px\" \/>\t\t\t\t\t\t\t\t\t\t\t\t\t\t\t<\/div>\n\t\t\t\t<\/div>\n\t\t\t\t\t<\/div>\n\t\t<\/div>\n\t\t\t\t<div class=\"elementor-column elementor-col-50 elementor-inner-column elementor-element elementor-element-99fb453\" data-id=\"99fb453\" data-element_type=\"column\" data-e-type=\"column\">\n\t\t\t<div class=\"elementor-widget-wrap elementor-element-populated\">\n\t\t\t\t\t\t<div class=\"elementor-element elementor-element-d3268cb elementor-widget elementor-widget-image\" data-id=\"d3268cb\" data-element_type=\"widget\" data-e-type=\"widget\" data-widget_type=\"image.default\">\n\t\t\t\t<div class=\"elementor-widget-container\">\n\t\t\t\t\t\t\t\t\t\t\t\t\t\t\t<img decoding=\"async\" width=\"800\" height=\"507\" src=\"https:\/\/ihedn.fr\/wp-content\/uploads\/2021\/11\/w-20220110-\u00a9IHEDN-Lundi-de-IHEDN-Jeremie-GALLON-077.jpg\" class=\"attachment-full size-full wp-image-18348\" alt=\"\" srcset=\"https:\/\/ihedn.fr\/wp-content\/uploads\/2021\/11\/w-20220110-\u00a9IHEDN-Lundi-de-IHEDN-Jeremie-GALLON-077.jpg 800w, https:\/\/ihedn.fr\/wp-content\/uploads\/2021\/11\/w-20220110-\u00a9IHEDN-Lundi-de-IHEDN-Jeremie-GALLON-077-600x380.jpg 600w\" sizes=\"(max-width: 800px) 100vw, 800px\" \/>\t\t\t\t\t\t\t\t\t\t\t\t\t\t\t<\/div>\n\t\t\t\t<\/div>\n\t\t\t\t<div class=\"elementor-element elementor-element-6b8a370 elementor-widget elementor-widget-image\" data-id=\"6b8a370\" data-element_type=\"widget\" data-e-type=\"widget\" data-widget_type=\"image.default\">\n\t\t\t\t<div class=\"elementor-widget-container\">\n\t\t\t\t\t\t\t\t\t\t\t\t\t\t\t<img decoding=\"async\" width=\"1453\" height=\"848\" src=\"https:\/\/ihedn.fr\/wp-content\/uploads\/2021\/11\/w-20220110-\u00a9IHEDN-Lundi-de-IHEDN-Jeremie-GALLON-097.jpg\" class=\"attachment-full size-full wp-image-18357\" alt=\"\" srcset=\"https:\/\/ihedn.fr\/wp-content\/uploads\/2021\/11\/w-20220110-\u00a9IHEDN-Lundi-de-IHEDN-Jeremie-GALLON-097.jpg 1453w, https:\/\/ihedn.fr\/wp-content\/uploads\/2021\/11\/w-20220110-\u00a9IHEDN-Lundi-de-IHEDN-Jeremie-GALLON-097-600x350.jpg 600w\" sizes=\"(max-width: 1453px) 100vw, 1453px\" \/>\t\t\t\t\t\t\t\t\t\t\t\t\t\t\t<\/div>\n\t\t\t\t<\/div>\n\t\t\t\t<div class=\"elementor-element elementor-element-5343f5a elementor-widget elementor-widget-image\" data-id=\"5343f5a\" data-element_type=\"widget\" data-e-type=\"widget\" data-widget_type=\"image.default\">\n\t\t\t\t<div class=\"elementor-widget-container\">\n\t\t\t\t\t\t\t\t\t\t\t\t\t\t\t<img loading=\"lazy\" decoding=\"async\" width=\"1453\" height=\"967\" src=\"https:\/\/ihedn.fr\/wp-content\/uploads\/2021\/11\/w-20220110-\u00a9IHEDN-Lundi-de-IHEDN-Jeremie-GALLON-138-1.jpg\" class=\"attachment-full size-full wp-image-18358\" alt=\"\" srcset=\"https:\/\/ihedn.fr\/wp-content\/uploads\/2021\/11\/w-20220110-\u00a9IHEDN-Lundi-de-IHEDN-Jeremie-GALLON-138-1.jpg 1453w, https:\/\/ihedn.fr\/wp-content\/uploads\/2021\/11\/w-20220110-\u00a9IHEDN-Lundi-de-IHEDN-Jeremie-GALLON-138-1-600x399.jpg 600w\" sizes=\"(max-width: 1453px) 100vw, 1453px\" \/>\t\t\t\t\t\t\t\t\t\t\t\t\t\t\t<\/div>\n\t\t\t\t<\/div>\n\t\t\t\t\t<\/div>\n\t\t<\/div>\n\t\t\t\t\t<\/div>\n\t\t<\/section>\n\t\t\t\t\t<\/div>\n\t\t<\/div>\n\t\t\t\t\t<\/div>\n\t\t<\/section>\n\t\t\t\t<section data-particle_enable=\"false\" data-particle-mobile-disabled=\"false\" class=\"elementor-section elementor-top-section elementor-element elementor-element-e6365dc elementor-section-boxed elementor-section-height-default elementor-section-height-default\" data-id=\"e6365dc\" data-element_type=\"section\" data-e-type=\"section\">\n\t\t\t\t\t\t<div class=\"elementor-container elementor-column-gap-default\">\n\t\t\t\t\t<div class=\"elementor-column elementor-col-100 elementor-top-column elementor-element elementor-element-df8a24a\" data-id=\"df8a24a\" data-element_type=\"column\" data-e-type=\"column\">\n\t\t\t<div class=\"elementor-widget-wrap elementor-element-populated\">\n\t\t\t\t\t\t<div class=\"elementor-element elementor-element-ea9910e elementor-widget elementor-widget-text-editor\" data-id=\"ea9910e\" data-element_type=\"widget\" data-e-type=\"widget\" data-widget_type=\"text-editor.default\">\n\t\t\t\t<div class=\"elementor-widget-container\">\n\t\t\t\t\t\t\t\t\t<p>For centuries, Europe's strength came from its curiosity about the rest of the world.<\/p><p>Our continent was the one that wrote history because, more than any other, it made the effort to understand otherness and elsewhere. This is no longer the case.<\/p><p>In <em>The Strange Defeat<\/em>Marc Bloch pointed out that one of the characteristic features of France in the 1930s was that it had turned in on itself. Its elites had turned in on their fantasies and their mediocre little passions. They had lost their appetite for understanding the changes in the world and, even more so, for drawing the consequences from them.<\/p><p>I am convinced that this analysis applies to Europe today.<\/p>\t\t\t\t\t\t\t\t<\/div>\n\t\t\t\t<\/div>\n\t\t\t\t\t<\/div>\n\t\t<\/div>\n\t\t\t\t\t<\/div>\n\t\t<\/section>\n\t\t\t\t<section data-particle_enable=\"false\" data-particle-mobile-disabled=\"false\" class=\"elementor-section elementor-top-section elementor-element elementor-element-b1a1d65 elementor-section-boxed elementor-section-height-default elementor-section-height-default\" data-id=\"b1a1d65\" data-element_type=\"section\" data-e-type=\"section\">\n\t\t\t\t\t\t<div class=\"elementor-container elementor-column-gap-default\">\n\t\t\t\t\t<div class=\"elementor-column elementor-col-100 elementor-top-column elementor-element elementor-element-89b2d7c\" data-id=\"89b2d7c\" data-element_type=\"column\" data-e-type=\"column\">\n\t\t\t<div class=\"elementor-widget-wrap elementor-element-populated\">\n\t\t\t\t\t\t<div class=\"elementor-element elementor-element-80de04d elementor-widget elementor-widget-video\" data-id=\"80de04d\" data-element_type=\"widget\" data-e-type=\"widget\" data-settings=\"{&quot;video_type&quot;:&quot;vimeo&quot;}\" data-widget_type=\"video.default\">\n\t\t\t\t<div class=\"elementor-widget-container\">\n\t\t\t\t\t\t\t<div class=\"elementor-wrapper elementor-open-inline\">\n\t\t\t<iframe class=\"elementor-video-iframe\" allowfullscreen allow=\"clipboard-write\" title=\"vimeo Video Player\" src=\"https:\/\/player.vimeo.com\/video\/665331082?color&amp;autopause=0&amp;loop=0&amp;muted=0&amp;title=1&amp;portrait=1&amp;byline=1#t=\"><\/iframe>\t\t<\/div>\n\t\t\t\t\t\t<\/div>\n\t\t\t\t<\/div>\n\t\t\t\t\t<\/div>\n\t\t<\/div>\n\t\t\t\t\t<\/div>\n\t\t<\/section>\n\t\t\t\t<section data-particle_enable=\"false\" data-particle-mobile-disabled=\"false\" class=\"elementor-section elementor-top-section elementor-element elementor-element-d92b297 elementor-section-boxed elementor-section-height-default elementor-section-height-default\" data-id=\"d92b297\" data-element_type=\"section\" data-e-type=\"section\">\n\t\t\t\t\t\t<div class=\"elementor-container elementor-column-gap-default\">\n\t\t\t\t\t<div class=\"elementor-column elementor-col-100 elementor-top-column elementor-element elementor-element-5374c6a\" data-id=\"5374c6a\" data-element_type=\"column\" data-e-type=\"column\">\n\t\t\t<div class=\"elementor-widget-wrap elementor-element-populated\">\n\t\t\t\t\t\t<div class=\"elementor-element elementor-element-bd247b3 elementor-widget elementor-widget-heading\" data-id=\"bd247b3\" data-element_type=\"widget\" data-e-type=\"widget\" data-widget_type=\"heading.default\">\n\t\t\t\t<div class=\"elementor-widget-container\">\n\t\t\t\t\t<h4 class=\"elementor-heading-title elementor-size-default\">special guest<\/h4>\t\t\t\t<\/div>\n\t\t\t\t<\/div>\n\t\t\t\t<div class=\"elementor-element elementor-element-9ee8a07 elementor-widget-divider--view-line elementor-widget elementor-widget-divider\" data-id=\"9ee8a07\" data-element_type=\"widget\" data-e-type=\"widget\" data-widget_type=\"divider.default\">\n\t\t\t\t<div class=\"elementor-widget-container\">\n\t\t\t\t\t\t\t<div class=\"elementor-divider\">\n\t\t\t<span class=\"elementor-divider-separator\">\n\t\t\t\t\t\t<\/span>\n\t\t<\/div>\n\t\t\t\t\t\t<\/div>\n\t\t\t\t<\/div>\n\t\t\t\t<section data-particle_enable=\"false\" data-particle-mobile-disabled=\"false\" class=\"elementor-section elementor-inner-section elementor-element elementor-element-019e0fb elementor-section-boxed elementor-section-height-default elementor-section-height-default\" data-id=\"019e0fb\" data-element_type=\"section\" data-e-type=\"section\">\n\t\t\t\t\t\t<div class=\"elementor-container elementor-column-gap-default\">\n\t\t\t\t\t<div class=\"elementor-column elementor-col-50 elementor-inner-column elementor-element elementor-element-1d6ea97\" data-id=\"1d6ea97\" data-element_type=\"column\" data-e-type=\"column\">\n\t\t\t<div class=\"elementor-widget-wrap elementor-element-populated\">\n\t\t\t\t\t\t<div class=\"elementor-element elementor-element-ff04f50 elementor-widget elementor-widget-image\" data-id=\"ff04f50\" data-element_type=\"widget\" data-e-type=\"widget\" data-widget_type=\"image.default\">\n\t\t\t\t<div class=\"elementor-widget-container\">\n\t\t\t\t\t\t\t\t\t\t\t\t<figure class=\"wp-caption\">\n\t\t\t\t\t\t\t\t\t\t<img loading=\"lazy\" decoding=\"async\" width=\"304\" height=\"355\" src=\"https:\/\/ihedn.fr\/wp-content\/uploads\/2021\/11\/Jeremie-Gallon-web.jpg\" class=\"attachment-full size-full wp-image-16284\" alt=\"\" \/>\t\t\t\t\t\t\t\t\t\t\t<figcaption class=\"widget-image-caption wp-caption-text\">Krystal Kenney\u00a9<\/figcaption>\n\t\t\t\t\t\t\t\t\t\t<\/figure>\n\t\t\t\t\t\t\t\t\t<\/div>\n\t\t\t\t<\/div>\n\t\t\t\t\t<\/div>\n\t\t<\/div>\n\t\t\t\t<div class=\"elementor-column elementor-col-50 elementor-inner-column elementor-element elementor-element-23c1235\" data-id=\"23c1235\" data-element_type=\"column\" data-e-type=\"column\">\n\t\t\t<div class=\"elementor-widget-wrap elementor-element-populated\">\n\t\t\t\t\t\t<div class=\"elementor-element elementor-element-a5d9058 elementor-widget elementor-widget-heading\" data-id=\"a5d9058\" data-element_type=\"widget\" data-e-type=\"widget\" data-widget_type=\"heading.default\">\n\t\t\t\t<div class=\"elementor-widget-container\">\n\t\t\t\t\t<h5 class=\"elementor-heading-title elementor-size-default\">J\u00e9r\u00e9mie Gallon<\/h5>\t\t\t\t<\/div>\n\t\t\t\t<\/div>\n\t\t\t\t<div class=\"elementor-element elementor-element-cdd60c2 elementor-widget elementor-widget-text-editor\" data-id=\"cdd60c2\" data-element_type=\"widget\" data-e-type=\"widget\" data-widget_type=\"text-editor.default\">\n\t\t\t\t<div class=\"elementor-widget-container\">\n\t\t\t\t\t\t\t\t\t<p>A graduate of Harvard University and HEC Paris, and an alumnus of Tsinghua University in Beijing, <strong>J\u00e9r\u00e9mie Gallon<\/strong> began his career as a lawyer specialising in international law.<\/p><p>After serving as adviser to the European Union's Ambassador to the United States, he is now Managing Director for Europe of the geopolitical consultancy McLarty Associates.<\/p><p>He also teaches international affairs at Sciences Po and is the author of two books published by Gallimard: <a href=\"http:\/\/www.gallimard.fr\/Catalogue\/GALLIMARD\/Hors-serie-Connaissance\/Journal-d-un-jeune-diplomate-dans-l-Amerique-de-Trump#\"><strong><em>Diary of a young diplomat in Trump's America<\/em><\/strong><\/a> (2018) and <a href=\"http:\/\/www.gallimard.fr\/Catalogue\/GALLIMARD\/Hors-serie-Connaissance\/Henry-Kissinger\"><strong><em>Henry Kissinger, the European<\/em><\/strong><\/a> (2021).<\/p>\t\t\t\t\t\t\t\t<\/div>\n\t\t\t\t<\/div>\n\t\t\t\t\t<\/div>\n\t\t<\/div>\n\t\t\t\t\t<\/div>\n\t\t<\/section>\n\t\t\t\t\t<\/div>\n\t\t<\/div>\n\t\t\t\t\t<\/div>\n\t\t<\/section>\n\t\t\t\t<section data-particle_enable=\"false\" data-particle-mobile-disabled=\"false\" class=\"elementor-section elementor-top-section elementor-element elementor-element-3f6c7fd elementor-section-boxed elementor-section-height-default elementor-section-height-default\" data-id=\"3f6c7fd\" data-element_type=\"section\" data-e-type=\"section\">\n\t\t\t\t\t\t<div class=\"elementor-container elementor-column-gap-default\">\n\t\t\t\t\t<div class=\"elementor-column elementor-col-100 elementor-top-column elementor-element elementor-element-c3d49e3\" data-id=\"c3d49e3\" data-element_type=\"column\" data-e-type=\"column\">\n\t\t\t<div class=\"elementor-widget-wrap elementor-element-populated\">\n\t\t\t\t\t\t<div class=\"elementor-element elementor-element-90a94a1 elementor-widget elementor-widget-heading\" data-id=\"90a94a1\" data-element_type=\"widget\" data-e-type=\"widget\" data-widget_type=\"heading.default\">\n\t\t\t\t<div class=\"elementor-widget-container\">\n\t\t\t\t\t<h4 class=\"elementor-heading-title elementor-size-default\">with the participation of<\/h4>\t\t\t\t<\/div>\n\t\t\t\t<\/div>\n\t\t\t\t<div class=\"elementor-element elementor-element-aea4c2f elementor-widget-divider--view-line elementor-widget elementor-widget-divider\" data-id=\"aea4c2f\" data-element_type=\"widget\" data-e-type=\"widget\" data-widget_type=\"divider.default\">\n\t\t\t\t<div class=\"elementor-widget-container\">\n\t\t\t\t\t\t\t<div class=\"elementor-divider\">\n\t\t\t<span class=\"elementor-divider-separator\">\n\t\t\t\t\t\t<\/span>\n\t\t<\/div>\n\t\t\t\t\t\t<\/div>\n\t\t\t\t<\/div>\n\t\t\t\t<section data-particle_enable=\"false\" data-particle-mobile-disabled=\"false\" class=\"elementor-section elementor-inner-section elementor-element elementor-element-12aeaeb elementor-section-boxed elementor-section-height-default elementor-section-height-default\" data-id=\"12aeaeb\" data-element_type=\"section\" data-e-type=\"section\">\n\t\t\t\t\t\t<div class=\"elementor-container elementor-column-gap-default\">\n\t\t\t\t\t<div class=\"elementor-column elementor-col-50 elementor-inner-column elementor-element elementor-element-fe2e98b\" data-id=\"fe2e98b\" data-element_type=\"column\" data-e-type=\"column\">\n\t\t\t<div class=\"elementor-widget-wrap elementor-element-populated\">\n\t\t\t\t\t\t<div class=\"elementor-element elementor-element-8aa749a elementor-widget elementor-widget-image\" data-id=\"8aa749a\" data-element_type=\"widget\" data-e-type=\"widget\" data-widget_type=\"image.default\">\n\t\t\t\t<div class=\"elementor-widget-container\">\n\t\t\t\t\t\t\t\t\t\t\t\t\t\t\t<img loading=\"lazy\" decoding=\"async\" width=\"218\" height=\"254\" src=\"https:\/\/ihedn.fr\/wp-content\/uploads\/2021\/11\/armelle_charrier.jpg\" class=\"attachment-full size-full wp-image-16333\" alt=\"armelle_charrier\" \/>\t\t\t\t\t\t\t\t\t\t\t\t\t\t\t<\/div>\n\t\t\t\t<\/div>\n\t\t\t\t\t<\/div>\n\t\t<\/div>\n\t\t\t\t<div class=\"elementor-column elementor-col-50 elementor-inner-column elementor-element elementor-element-2989a7e\" data-id=\"2989a7e\" data-element_type=\"column\" data-e-type=\"column\">\n\t\t\t<div class=\"elementor-widget-wrap elementor-element-populated\">\n\t\t\t\t\t\t<div class=\"elementor-element elementor-element-5b6abdd elementor-widget elementor-widget-heading\" data-id=\"5b6abdd\" data-element_type=\"widget\" data-e-type=\"widget\" data-widget_type=\"heading.default\">\n\t\t\t\t<div class=\"elementor-widget-container\">\n\t\t\t\t\t<h5 class=\"elementor-heading-title elementor-size-default\">Armelle CHARRIER<\/h5>\t\t\t\t<\/div>\n\t\t\t\t<\/div>\n\t\t\t\t<div class=\"elementor-element elementor-element-93ef3ff elementor-widget elementor-widget-text-editor\" data-id=\"93ef3ff\" data-element_type=\"widget\" data-e-type=\"widget\" data-widget_type=\"text-editor.default\">\n\t\t\t\t<div class=\"elementor-widget-container\">\n\t\t\t\t\t\t\t\t\t<p>Armelle Charrier is an editorial writer on international issues for France 24, the French international channel.<\/p><p>Every morning she deciphers current affairs issues. A specialist in geopolitics and defence, she regularly appears on other programmes such as C dans l'air. She followed the 63<sup>e<\/sup> session of the IHEDN, that of General Benoit Durieux.<\/p>\t\t\t\t\t\t\t\t<\/div>\n\t\t\t\t<\/div>\n\t\t\t\t\t<\/div>\n\t\t<\/div>\n\t\t\t\t\t<\/div>\n\t\t<\/section>\n\t\t\t\t\t<\/div>\n\t\t<\/div>\n\t\t\t\t\t<\/div>\n\t\t<\/section>\n\t\t\t\t<section data-particle_enable=\"false\" data-particle-mobile-disabled=\"false\" class=\"elementor-section elementor-top-section elementor-element elementor-element-4399797 elementor-section-boxed elementor-section-height-default elementor-section-height-default\" data-id=\"4399797\" data-element_type=\"section\" data-e-type=\"section\">\n\t\t\t\t\t\t<div class=\"elementor-container elementor-column-gap-default\">\n\t\t\t\t\t<div class=\"elementor-column elementor-col-100 elementor-top-column elementor-element elementor-element-37ca7f0\" data-id=\"37ca7f0\" data-element_type=\"column\" data-e-type=\"column\">\n\t\t\t<div class=\"elementor-widget-wrap elementor-element-populated\">\n\t\t\t\t\t\t<div class=\"elementor-element elementor-element-b87f9a4 elementor-widget elementor-widget-heading\" data-id=\"b87f9a4\" data-element_type=\"widget\" data-e-type=\"widget\" data-widget_type=\"heading.default\">\n\t\t\t\t<div class=\"elementor-widget-container\">\n\t\t\t\t\t<h4 class=\"elementor-heading-title elementor-size-default\">we talk about it<\/h4>\t\t\t\t<\/div>\n\t\t\t\t<\/div>\n\t\t\t\t<div class=\"elementor-element elementor-element-a276f48 elementor-widget-divider--view-line elementor-widget elementor-widget-divider\" data-id=\"a276f48\" data-element_type=\"widget\" data-e-type=\"widget\" data-widget_type=\"divider.default\">\n\t\t\t\t<div class=\"elementor-widget-container\">\n\t\t\t\t\t\t\t<div class=\"elementor-divider\">\n\t\t\t<span class=\"elementor-divider-separator\">\n\t\t\t\t\t\t<\/span>\n\t\t<\/div>\n\t\t\t\t\t\t<\/div>\n\t\t\t\t<\/div>\n\t\t\t\t<section data-particle_enable=\"false\" data-particle-mobile-disabled=\"false\" class=\"elementor-section elementor-inner-section elementor-element elementor-element-1b72c37 elementor-section-boxed elementor-section-height-default elementor-section-height-default\" data-id=\"1b72c37\" data-element_type=\"section\" data-e-type=\"section\">\n\t\t\t\t\t\t<div class=\"elementor-container elementor-column-gap-default\">\n\t\t\t\t\t<div class=\"elementor-column elementor-col-50 elementor-inner-column elementor-element elementor-element-8db64e1\" data-id=\"8db64e1\" data-element_type=\"column\" data-e-type=\"column\">\n\t\t\t<div class=\"elementor-widget-wrap elementor-element-populated\">\n\t\t\t\t\t\t<div class=\"elementor-element elementor-element-d8b0f0c elementor-widget elementor-widget-image\" data-id=\"d8b0f0c\" data-element_type=\"widget\" data-e-type=\"widget\" data-widget_type=\"image.default\">\n\t\t\t\t<div class=\"elementor-widget-container\">\n\t\t\t\t\t\t\t\t\t\t\t\t<figure class=\"wp-caption\">\n\t\t\t\t\t\t\t\t\t\t\t<a href=\"https:\/\/www.lamontagne.fr\/moulins-03000\/actualites\/le-diplomate-originaire-de-lallier-jeremie-gallon-partagera-son-avis-sur-l-europe-lundi-a-moulins_14069624\/\">\n\t\t\t\t\t\t\t<img loading=\"lazy\" decoding=\"async\" width=\"1453\" height=\"1154\" src=\"https:\/\/ihedn.fr\/wp-content\/uploads\/2021\/11\/22.01.01-La-Montagne-Moulins.jpg\" class=\"attachment-full size-full wp-image-18233\" alt=\"\" srcset=\"https:\/\/ihedn.fr\/wp-content\/uploads\/2021\/11\/22.01.01-La-Montagne-Moulins.jpg 1453w, https:\/\/ihedn.fr\/wp-content\/uploads\/2021\/11\/22.01.01-La-Montagne-Moulins-600x477.jpg 600w\" sizes=\"(max-width: 1453px) 100vw, 1453px\" \/>\t\t\t\t\t\t\t\t<\/a>\n\t\t\t\t\t\t\t\t\t\t\t<figcaption class=\"widget-image-caption wp-caption-text\">La Montagne \u00a9 SALESSE Florian<\/figcaption>\n\t\t\t\t\t\t\t\t\t\t<\/figure>\n\t\t\t\t\t\t\t\t\t<\/div>\n\t\t\t\t<\/div>\n\t\t\t\t\t<\/div>\n\t\t<\/div>\n\t\t\t\t<div class=\"elementor-column elementor-col-50 elementor-inner-column elementor-element elementor-element-5ea0d29\" data-id=\"5ea0d29\" data-element_type=\"column\" data-e-type=\"column\">\n\t\t\t<div class=\"elementor-widget-wrap elementor-element-populated\">\n\t\t\t\t\t\t<div class=\"elementor-element elementor-element-28496fb elementor-widget elementor-widget-heading\" data-id=\"28496fb\" data-element_type=\"widget\" data-e-type=\"widget\" data-widget_type=\"heading.default\">\n\t\t\t\t<div class=\"elementor-widget-container\">\n\t\t\t\t\t<h5 class=\"elementor-heading-title elementor-size-default\">Allier-born diplomat J\u00e9r\u00e9mie Gallon will be sharing his views on Europe in Moulins on Monday.<\/h5>\t\t\t\t<\/div>\n\t\t\t\t<\/div>\n\t\t\t\t<div class=\"elementor-element elementor-element-cdc86e6 elementor-widget elementor-widget-text-editor\" data-id=\"cdc86e6\" data-element_type=\"widget\" data-e-type=\"widget\" data-widget_type=\"text-editor.default\">\n\t\t\t\t<div class=\"elementor-widget-container\">\n\t\t\t\t\t\t\t\t\t<p>The Institut des Hautes Etudes de D\u00e9fense Nationale (IHEDN) is holding a conference on the geopolitics of Europe, to be seen online and in the auditorium of the Salle des F\u00eates in Moulins, on Monday 10 January at 7.30pm.<\/p>\t\t\t\t\t\t\t\t<\/div>\n\t\t\t\t<\/div>\n\t\t\t\t\t<\/div>\n\t\t<\/div>\n\t\t\t\t\t<\/div>\n\t\t<\/section>\n\t\t\t\t\t<\/div>\n\t\t<\/div>\n\t\t\t\t\t<\/div>\n\t\t<\/section>\n\t\t\t\t<\/div>","protected":false},"excerpt":{"rendered":"<p><span style=\"color: #034b7b;\"><strong>Special guest: Jeremy GALLON<\/strong><\/span>a graduate of Harvard University and HEC Paris, and an alumnus of Tsinghua University in Beijing.<\/p>","protected":false},"author":1,"featured_media":16448,"comment_status":"closed","ping_status":"closed","sticky":false,"template":"","format":"standard","meta":{"footnotes":""},"categories":[62,41,61,45],"tags":[],"class_list":["post-16270","post","type-post","status-publish","format-standard","has-post-thumbnail","hentry","category-lundis-de-lihedn-mediatheque","category-lundis-de-lihedn","category-mediatheque","category-precedents-conferences"],"yoast_head":"<!-- This site is optimized with the Yoast SEO plugin v27.5 - https:\/\/yoast.com\/product\/yoast-seo-wordpress\/ -->\n<title>Pour une &quot;realpolitik&quot; de l&#039;Europe ? - L&#039;IHEDN : Institut des hautes \u00e9tudes de d\u00e9fense nationale<\/title>\n<meta name=\"description\" content=\"Une invit\u00e9e exceptionnelle : Marie-Laure Denis, Conseiller d\u2019\u00c9tat, Pr\u00e9sidente de la CNIL - Un grand t\u00e9moin : Marc Watin-Augouard, g\u00e9n\u00e9ral d\u2019arm\u00e9e de gendarmerie (2S) - RGPD M\u00e9canismes de coop\u00e9ration europ\u00e9enne Enjeux g\u00e9opolitiques de la donn\u00e9e Cybers\u00e9curit\u00e9 Politique industrielle et enjeux de r\u00e9gulation l\u2019identit\u00e9 num\u00e9rique Enjeux des donn\u00e9es de sant\u00e9\" \/>\n<meta name=\"robots\" content=\"index, follow, max-snippet:-1, max-image-preview:large, max-video-preview:-1\" \/>\n<link rel=\"canonical\" href=\"https:\/\/ihedn.fr\/en\/lundis-de-lihedn\/pour-une-realpolitik-de-leurope\/\" \/>\n<meta property=\"og:locale\" content=\"en_GB\" \/>\n<meta property=\"og:type\" content=\"article\" \/>\n<meta property=\"og:title\" content=\"Pour une &quot;realpolitik&quot; de l&#039;Europe ? - L&#039;IHEDN : Institut des hautes \u00e9tudes de d\u00e9fense nationale\" \/>\n<meta property=\"og:description\" content=\"Une invit\u00e9e exceptionnelle : Marie-Laure Denis, Conseiller d\u2019\u00c9tat, Pr\u00e9sidente de la CNIL - Un grand t\u00e9moin : Marc Watin-Augouard, g\u00e9n\u00e9ral d\u2019arm\u00e9e de gendarmerie (2S) - RGPD M\u00e9canismes de coop\u00e9ration europ\u00e9enne Enjeux g\u00e9opolitiques de la donn\u00e9e Cybers\u00e9curit\u00e9 Politique industrielle et enjeux de r\u00e9gulation l\u2019identit\u00e9 num\u00e9rique Enjeux des donn\u00e9es de sant\u00e9\" \/>\n<meta property=\"og:url\" content=\"https:\/\/ihedn.fr\/en\/lundis-de-lihedn\/pour-une-realpolitik-de-leurope\/\" \/>\n<meta property=\"og:site_name\" content=\"L&#039;IHEDN : Institut des hautes \u00e9tudes de d\u00e9fense nationale\" \/>\n<meta property=\"article:publisher\" content=\"https:\/\/www.facebook.com\/ihedn\/\" \/>\n<meta property=\"article:published_time\" content=\"2021-11-17T16:22:15+00:00\" \/>\n<meta property=\"article:modified_time\" content=\"2022-03-14T15:36:15+00:00\" \/>\n<meta property=\"og:image\" content=\"https:\/\/ihedn.fr\/wp-content\/uploads\/2021\/11\/DEC_2021_BANDEAU_1500x768-1.jpg\" \/>\n\t<meta property=\"og:image:width\" content=\"1500\" \/>\n\t<meta property=\"og:image:height\" content=\"768\" \/>\n\t<meta property=\"og:image:type\" content=\"image\/jpeg\" \/>\n<meta name=\"author\" content=\"dev\" \/>\n<meta name=\"twitter:card\" content=\"summary_large_image\" \/>\n<meta name=\"twitter:creator\" content=\"@IHEDN\" \/>\n<meta name=\"twitter:site\" content=\"@IHEDN\" \/>\n<meta name=\"twitter:label1\" content=\"Written by\" \/>\n\t<meta name=\"twitter:data1\" content=\"dev\" \/>\n\t<meta name=\"twitter:label2\" content=\"Estimated reading time\" \/>\n\t<meta name=\"twitter:data2\" content=\"4 minutes\" \/>\n<script type=\"application\/ld+json\" class=\"yoast-schema-graph\">{\"@context\":\"https:\\\/\\\/schema.org\",\"@graph\":[{\"@type\":\"Article\",\"@id\":\"https:\\\/\\\/ihedn.fr\\\/en\\\/lundis-de-lihedn\\\/pour-une-realpolitik-de-leurope\\\/#article\",\"isPartOf\":{\"@id\":\"https:\\\/\\\/ihedn.fr\\\/en\\\/lundis-de-lihedn\\\/pour-une-realpolitik-de-leurope\\\/\"},\"author\":{\"name\":\"dev\",\"@id\":\"https:\\\/\\\/ihedn.fr\\\/#\\\/schema\\\/person\\\/7a40155595e4efb35323447cb8c8c5a4\"},\"headline\":\"Pour une \u00ab\u00a0realpolitik\u00a0\u00bb de l&rsquo;Europe ?\",\"datePublished\":\"2021-11-17T16:22:15+00:00\",\"dateModified\":\"2022-03-14T15:36:15+00:00\",\"mainEntityOfPage\":{\"@id\":\"https:\\\/\\\/ihedn.fr\\\/en\\\/lundis-de-lihedn\\\/pour-une-realpolitik-de-leurope\\\/\"},\"wordCount\":409,\"publisher\":{\"@id\":\"https:\\\/\\\/ihedn.fr\\\/#organization\"},\"image\":{\"@id\":\"https:\\\/\\\/ihedn.fr\\\/en\\\/lundis-de-lihedn\\\/pour-une-realpolitik-de-leurope\\\/#primaryimage\"},\"thumbnailUrl\":\"https:\\\/\\\/ihedn.fr\\\/wp-content\\\/uploads\\\/2021\\\/11\\\/DEC_2021_BANDEAU_1500x768-1.jpg\",\"articleSection\":[\"Lundis de l'IHedn\",\"Lundis de l'IHEDN\",\"M\u00c9DIATHEQUE\",\"Pr\u00e9c\u00e9dents conf\u00e9rences\"],\"inLanguage\":\"en-GB\"},{\"@type\":\"WebPage\",\"@id\":\"https:\\\/\\\/ihedn.fr\\\/en\\\/lundis-de-lihedn\\\/pour-une-realpolitik-de-leurope\\\/\",\"url\":\"https:\\\/\\\/ihedn.fr\\\/en\\\/lundis-de-lihedn\\\/pour-une-realpolitik-de-leurope\\\/\",\"name\":\"Pour une \\\"realpolitik\\\" de l'Europe ? - L&#039;IHEDN : Institut des hautes \u00e9tudes de d\u00e9fense nationale\",\"isPartOf\":{\"@id\":\"https:\\\/\\\/ihedn.fr\\\/#website\"},\"primaryImageOfPage\":{\"@id\":\"https:\\\/\\\/ihedn.fr\\\/en\\\/lundis-de-lihedn\\\/pour-une-realpolitik-de-leurope\\\/#primaryimage\"},\"image\":{\"@id\":\"https:\\\/\\\/ihedn.fr\\\/en\\\/lundis-de-lihedn\\\/pour-une-realpolitik-de-leurope\\\/#primaryimage\"},\"thumbnailUrl\":\"https:\\\/\\\/ihedn.fr\\\/wp-content\\\/uploads\\\/2021\\\/11\\\/DEC_2021_BANDEAU_1500x768-1.jpg\",\"datePublished\":\"2021-11-17T16:22:15+00:00\",\"dateModified\":\"2022-03-14T15:36:15+00:00\",\"description\":\"Une invit\u00e9e exceptionnelle : Marie-Laure Denis, Conseiller d\u2019\u00c9tat, Pr\u00e9sidente de la CNIL - Un grand t\u00e9moin : Marc Watin-Augouard, g\u00e9n\u00e9ral d\u2019arm\u00e9e de gendarmerie (2S) - RGPD M\u00e9canismes de coop\u00e9ration europ\u00e9enne Enjeux g\u00e9opolitiques de la donn\u00e9e Cybers\u00e9curit\u00e9 Politique industrielle et enjeux de r\u00e9gulation l\u2019identit\u00e9 num\u00e9rique Enjeux des donn\u00e9es de sant\u00e9\",\"breadcrumb\":{\"@id\":\"https:\\\/\\\/ihedn.fr\\\/en\\\/lundis-de-lihedn\\\/pour-une-realpolitik-de-leurope\\\/#breadcrumb\"},\"inLanguage\":\"en-GB\",\"potentialAction\":[{\"@type\":\"ReadAction\",\"target\":[\"https:\\\/\\\/ihedn.fr\\\/en\\\/lundis-de-lihedn\\\/pour-une-realpolitik-de-leurope\\\/\"]}]},{\"@type\":\"ImageObject\",\"inLanguage\":\"en-GB\",\"@id\":\"https:\\\/\\\/ihedn.fr\\\/en\\\/lundis-de-lihedn\\\/pour-une-realpolitik-de-leurope\\\/#primaryimage\",\"url\":\"https:\\\/\\\/ihedn.fr\\\/wp-content\\\/uploads\\\/2021\\\/11\\\/DEC_2021_BANDEAU_1500x768-1.jpg\",\"contentUrl\":\"https:\\\/\\\/ihedn.fr\\\/wp-content\\\/uploads\\\/2021\\\/11\\\/DEC_2021_BANDEAU_1500x768-1.jpg\",\"width\":1500,\"height\":768},{\"@type\":\"BreadcrumbList\",\"@id\":\"https:\\\/\\\/ihedn.fr\\\/en\\\/lundis-de-lihedn\\\/pour-une-realpolitik-de-leurope\\\/#breadcrumb\",\"itemListElement\":[{\"@type\":\"ListItem\",\"position\":1,\"name\":\"Accueil\",\"item\":\"https:\\\/\\\/ihedn.fr\\\/\"},{\"@type\":\"ListItem\",\"position\":2,\"name\":\"Pour une \u00ab\u00a0realpolitik\u00a0\u00bb de l&rsquo;Europe ?\"}]},{\"@type\":\"WebSite\",\"@id\":\"https:\\\/\\\/ihedn.fr\\\/#website\",\"url\":\"https:\\\/\\\/ihedn.fr\\\/\",\"name\":\"IHEDN : Institut des hautes \u00e9tudes de d\u00e9fense nationale |\",\"description\":\"Site officiel de l&#039;IHEDN plac\u00e9 sous la tutelle du Premier ministre.\",\"publisher\":{\"@id\":\"https:\\\/\\\/ihedn.fr\\\/#organization\"},\"potentialAction\":[{\"@type\":\"SearchAction\",\"target\":{\"@type\":\"EntryPoint\",\"urlTemplate\":\"https:\\\/\\\/ihedn.fr\\\/?s={search_term_string}\"},\"query-input\":{\"@type\":\"PropertyValueSpecification\",\"valueRequired\":true,\"valueName\":\"search_term_string\"}}],\"inLanguage\":\"en-GB\"},{\"@type\":\"Organization\",\"@id\":\"https:\\\/\\\/ihedn.fr\\\/#organization\",\"name\":\"IHEDN - Institut des Hautes Etudes de D\u00e9fense Nationale\",\"url\":\"https:\\\/\\\/ihedn.fr\\\/\",\"logo\":{\"@type\":\"ImageObject\",\"inLanguage\":\"en-GB\",\"@id\":\"https:\\\/\\\/ihedn.fr\\\/#\\\/schema\\\/logo\\\/image\\\/\",\"url\":\"https:\\\/\\\/ihedn.fr\\\/wp-content\\\/uploads\\\/2020\\\/11\\\/BLOC_RF_IHEDN_WEB.png\",\"contentUrl\":\"https:\\\/\\\/ihedn.fr\\\/wp-content\\\/uploads\\\/2020\\\/11\\\/BLOC_RF_IHEDN_WEB.png\",\"width\":500,\"height\":237,\"caption\":\"IHEDN - Institut des Hautes Etudes de D\u00e9fense Nationale\"},\"image\":{\"@id\":\"https:\\\/\\\/ihedn.fr\\\/#\\\/schema\\\/logo\\\/image\\\/\"},\"sameAs\":[\"https:\\\/\\\/www.facebook.com\\\/ihedn\\\/\",\"https:\\\/\\\/x.com\\\/IHEDN\",\"https:\\\/\\\/www.instagram.com\\\/ihedn\\\/\",\"https:\\\/\\\/www.linkedin.com\\\/school\\\/ihedn\\\/\",\"https:\\\/\\\/fr.wikipedia.org\\\/wiki\\\/Institut_des_hautes_\u00e9tudes_de_D\u00e9fense_nationale\"]},{\"@type\":\"Person\",\"@id\":\"https:\\\/\\\/ihedn.fr\\\/#\\\/schema\\\/person\\\/7a40155595e4efb35323447cb8c8c5a4\",\"name\":\"dev\",\"image\":{\"@type\":\"ImageObject\",\"inLanguage\":\"en-GB\",\"@id\":\"https:\\\/\\\/secure.gravatar.com\\\/avatar\\\/f1ffcac9ca2fa95ad3ec33e9be3ade82f752acb0cabe541e56c5889225afa88a?s=96&d=mm&r=g\",\"url\":\"https:\\\/\\\/secure.gravatar.com\\\/avatar\\\/f1ffcac9ca2fa95ad3ec33e9be3ade82f752acb0cabe541e56c5889225afa88a?s=96&d=mm&r=g\",\"contentUrl\":\"https:\\\/\\\/secure.gravatar.com\\\/avatar\\\/f1ffcac9ca2fa95ad3ec33e9be3ade82f752acb0cabe541e56c5889225afa88a?s=96&d=mm&r=g\",\"caption\":\"dev\"},\"sameAs\":[\"https:\\\/\\\/ihedn.concilium.click\"],\"url\":\"https:\\\/\\\/ihedn.fr\\\/en\\\/author\\\/dev\\\/\"}]}<\/script>\n<!-- \/ Yoast SEO plugin. -->","yoast_head_json":{"title":"For a \"realpolitik\" of Europe? - IHEDN: Institute for Advanced National Defence Studies","description":"Special guest: Marie-Laure Denis, Conseiller d'\u00c9tat, Chairwoman of the CNIL - Keynote speaker: Marc Watin-Augouard, Army Gendarmerie General (2S) - RGPD Mechanisms for European cooperation Geopolitical issues surrounding data Cybersecurity Industrial policy and regulatory issues Digital identity Health data issues","robots":{"index":"index","follow":"follow","max-snippet":"max-snippet:-1","max-image-preview":"max-image-preview:large","max-video-preview":"max-video-preview:-1"},"canonical":"https:\/\/ihedn.fr\/en\/lundis-de-lihedn\/pour-une-realpolitik-de-leurope\/","og_locale":"en_GB","og_type":"article","og_title":"Pour une \"realpolitik\" de l'Europe ? - L&#039;IHEDN : Institut des hautes \u00e9tudes de d\u00e9fense nationale","og_description":"Une invit\u00e9e exceptionnelle : Marie-Laure Denis, Conseiller d\u2019\u00c9tat, Pr\u00e9sidente de la CNIL - Un grand t\u00e9moin : Marc Watin-Augouard, g\u00e9n\u00e9ral d\u2019arm\u00e9e de gendarmerie (2S) - RGPD M\u00e9canismes de coop\u00e9ration europ\u00e9enne Enjeux g\u00e9opolitiques de la donn\u00e9e Cybers\u00e9curit\u00e9 Politique industrielle et enjeux de r\u00e9gulation l\u2019identit\u00e9 num\u00e9rique Enjeux des donn\u00e9es de sant\u00e9","og_url":"https:\/\/ihedn.fr\/en\/lundis-de-lihedn\/pour-une-realpolitik-de-leurope\/","og_site_name":"L&#039;IHEDN : Institut des hautes \u00e9tudes de d\u00e9fense nationale","article_publisher":"https:\/\/www.facebook.com\/ihedn\/","article_published_time":"2021-11-17T16:22:15+00:00","article_modified_time":"2022-03-14T15:36:15+00:00","og_image":[{"width":1500,"height":768,"url":"https:\/\/ihedn.fr\/wp-content\/uploads\/2021\/11\/DEC_2021_BANDEAU_1500x768-1.jpg","type":"image\/jpeg"}],"author":"dev","twitter_card":"summary_large_image","twitter_creator":"@IHEDN","twitter_site":"@IHEDN","twitter_misc":{"Written by":"dev","Estimated reading time":"4 minutes"},"schema":{"@context":"https:\/\/schema.org","@graph":[{"@type":"Article","@id":"https:\/\/ihedn.fr\/en\/lundis-de-lihedn\/pour-une-realpolitik-de-leurope\/#article","isPartOf":{"@id":"https:\/\/ihedn.fr\/en\/lundis-de-lihedn\/pour-une-realpolitik-de-leurope\/"},"author":{"name":"dev","@id":"https:\/\/ihedn.fr\/#\/schema\/person\/7a40155595e4efb35323447cb8c8c5a4"},"headline":"Pour une \u00ab\u00a0realpolitik\u00a0\u00bb de l&rsquo;Europe ?","datePublished":"2021-11-17T16:22:15+00:00","dateModified":"2022-03-14T15:36:15+00:00","mainEntityOfPage":{"@id":"https:\/\/ihedn.fr\/en\/lundis-de-lihedn\/pour-une-realpolitik-de-leurope\/"},"wordCount":409,"publisher":{"@id":"https:\/\/ihedn.fr\/#organization"},"image":{"@id":"https:\/\/ihedn.fr\/en\/lundis-de-lihedn\/pour-une-realpolitik-de-leurope\/#primaryimage"},"thumbnailUrl":"https:\/\/ihedn.fr\/wp-content\/uploads\/2021\/11\/DEC_2021_BANDEAU_1500x768-1.jpg","articleSection":["Lundis de l'IHedn","Lundis de l'IHEDN","M\u00c9DIATHEQUE","Pr\u00e9c\u00e9dents conf\u00e9rences"],"inLanguage":"en-GB"},{"@type":"WebPage","@id":"https:\/\/ihedn.fr\/en\/lundis-de-lihedn\/pour-une-realpolitik-de-leurope\/","url":"https:\/\/ihedn.fr\/en\/lundis-de-lihedn\/pour-une-realpolitik-de-leurope\/","name":"For a \"realpolitik\" of Europe? - IHEDN: Institute for Advanced National Defence Studies","isPartOf":{"@id":"https:\/\/ihedn.fr\/#website"},"primaryImageOfPage":{"@id":"https:\/\/ihedn.fr\/en\/lundis-de-lihedn\/pour-une-realpolitik-de-leurope\/#primaryimage"},"image":{"@id":"https:\/\/ihedn.fr\/en\/lundis-de-lihedn\/pour-une-realpolitik-de-leurope\/#primaryimage"},"thumbnailUrl":"https:\/\/ihedn.fr\/wp-content\/uploads\/2021\/11\/DEC_2021_BANDEAU_1500x768-1.jpg","datePublished":"2021-11-17T16:22:15+00:00","dateModified":"2022-03-14T15:36:15+00:00","description":"Special guest: Marie-Laure Denis, Conseiller d'\u00c9tat, Chairwoman of the CNIL - Keynote speaker: Marc Watin-Augouard, Army Gendarmerie General (2S) - RGPD Mechanisms for European cooperation Geopolitical issues surrounding data Cybersecurity Industrial policy and regulatory issues Digital identity Health data issues","breadcrumb":{"@id":"https:\/\/ihedn.fr\/en\/lundis-de-lihedn\/pour-une-realpolitik-de-leurope\/#breadcrumb"},"inLanguage":"en-GB","potentialAction":[{"@type":"ReadAction","target":["https:\/\/ihedn.fr\/en\/lundis-de-lihedn\/pour-une-realpolitik-de-leurope\/"]}]},{"@type":"ImageObject","inLanguage":"en-GB","@id":"https:\/\/ihedn.fr\/en\/lundis-de-lihedn\/pour-une-realpolitik-de-leurope\/#primaryimage","url":"https:\/\/ihedn.fr\/wp-content\/uploads\/2021\/11\/DEC_2021_BANDEAU_1500x768-1.jpg","contentUrl":"https:\/\/ihedn.fr\/wp-content\/uploads\/2021\/11\/DEC_2021_BANDEAU_1500x768-1.jpg","width":1500,"height":768},{"@type":"BreadcrumbList","@id":"https:\/\/ihedn.fr\/en\/lundis-de-lihedn\/pour-une-realpolitik-de-leurope\/#breadcrumb","itemListElement":[{"@type":"ListItem","position":1,"name":"Accueil","item":"https:\/\/ihedn.fr\/"},{"@type":"ListItem","position":2,"name":"Pour une \u00ab\u00a0realpolitik\u00a0\u00bb de l&rsquo;Europe ?"}]},{"@type":"WebSite","@id":"https:\/\/ihedn.fr\/#website","url":"https:\/\/ihedn.fr\/","name":"IHEDN: Institut des hautes \u00e9tudes de d\u00e9fense nationale (Institute for Higher National Defence Studies)","description":"Official website of the IHEDN under the supervision of the Prime Minister.","publisher":{"@id":"https:\/\/ihedn.fr\/#organization"},"potentialAction":[{"@type":"SearchAction","target":{"@type":"EntryPoint","urlTemplate":"https:\/\/ihedn.fr\/?s={search_term_string}"},"query-input":{"@type":"PropertyValueSpecification","valueRequired":true,"valueName":"search_term_string"}}],"inLanguage":"en-GB"},{"@type":"Organization","@id":"https:\/\/ihedn.fr\/#organization","name":"IHEDN - Institute for Higher National Defence Studies","url":"https:\/\/ihedn.fr\/","logo":{"@type":"ImageObject","inLanguage":"en-GB","@id":"https:\/\/ihedn.fr\/#\/schema\/logo\/image\/","url":"https:\/\/ihedn.fr\/wp-content\/uploads\/2020\/11\/BLOC_RF_IHEDN_WEB.png","contentUrl":"https:\/\/ihedn.fr\/wp-content\/uploads\/2020\/11\/BLOC_RF_IHEDN_WEB.png","width":500,"height":237,"caption":"IHEDN - Institut des Hautes Etudes de D\u00e9fense Nationale"},"image":{"@id":"https:\/\/ihedn.fr\/#\/schema\/logo\/image\/"},"sameAs":["https:\/\/www.facebook.com\/ihedn\/","https:\/\/x.com\/IHEDN","https:\/\/www.instagram.com\/ihedn\/","https:\/\/www.linkedin.com\/school\/ihedn\/","https:\/\/fr.wikipedia.org\/wiki\/Institut_des_hautes_\u00e9tudes_de_D\u00e9fense_nationale"]},{"@type":"Person","@id":"https:\/\/ihedn.fr\/#\/schema\/person\/7a40155595e4efb35323447cb8c8c5a4","name":"dev","image":{"@type":"ImageObject","inLanguage":"en-GB","@id":"https:\/\/secure.gravatar.com\/avatar\/f1ffcac9ca2fa95ad3ec33e9be3ade82f752acb0cabe541e56c5889225afa88a?s=96&d=mm&r=g","url":"https:\/\/secure.gravatar.com\/avatar\/f1ffcac9ca2fa95ad3ec33e9be3ade82f752acb0cabe541e56c5889225afa88a?s=96&d=mm&r=g","contentUrl":"https:\/\/secure.gravatar.com\/avatar\/f1ffcac9ca2fa95ad3ec33e9be3ade82f752acb0cabe541e56c5889225afa88a?s=96&d=mm&r=g","caption":"dev"},"sameAs":["https:\/\/ihedn.concilium.click"],"url":"https:\/\/ihedn.fr\/en\/author\/dev\/"}]}},"publishpress_future_action":{"enabled":false,"date":"2026-05-06 23:07:34","action":"change-status","newStatus":"draft","terms":[],"taxonomy":"category","extraData":[]},"publishpress_future_workflow_manual_trigger":{"enabledWorkflows":[]},"_links":{"self":[{"href":"https:\/\/ihedn.fr\/en\/wp-json\/wp\/v2\/posts\/16270","targetHints":{"allow":["GET"]}}],"collection":[{"href":"https:\/\/ihedn.fr\/en\/wp-json\/wp\/v2\/posts"}],"about":[{"href":"https:\/\/ihedn.fr\/en\/wp-json\/wp\/v2\/types\/post"}],"author":[{"embeddable":true,"href":"https:\/\/ihedn.fr\/en\/wp-json\/wp\/v2\/users\/1"}],"replies":[{"embeddable":true,"href":"https:\/\/ihedn.fr\/en\/wp-json\/wp\/v2\/comments?post=16270"}],"version-history":[{"count":5,"href":"https:\/\/ihedn.fr\/en\/wp-json\/wp\/v2\/posts\/16270\/revisions"}],"predecessor-version":[{"id":20819,"href":"https:\/\/ihedn.fr\/en\/wp-json\/wp\/v2\/posts\/16270\/revisions\/20819"}],"wp:featuredmedia":[{"embeddable":true,"href":"https:\/\/ihedn.fr\/en\/wp-json\/wp\/v2\/media\/16448"}],"wp:attachment":[{"href":"https:\/\/ihedn.fr\/en\/wp-json\/wp\/v2\/media?parent=16270"}],"wp:term":[{"taxonomy":"category","embeddable":true,"href":"https:\/\/ihedn.fr\/en\/wp-json\/wp\/v2\/categories?post=16270"},{"taxonomy":"post_tag","embeddable":true,"href":"https:\/\/ihedn.fr\/en\/wp-json\/wp\/v2\/tags?post=16270"}],"curies":[{"name":"wp","href":"https:\/\/api.w.org\/{rel}","templated":true}]}}