{"id":16470,"date":"2021-11-23T15:57:58","date_gmt":"2021-11-23T14:57:58","guid":{"rendered":"https:\/\/ihedn.fr\/?p=16470"},"modified":"2022-11-25T15:22:47","modified_gmt":"2022-11-25T14:22:47","slug":"32e-session-europeenne-des-responsables-darmement-czech-week","status":"publish","type":"post","link":"https:\/\/ihedn.fr\/en\/notre-actualite\/32e-session-europeenne-des-responsables-darmement-czech-week\/","title":{"rendered":"32nd European Session of Senior Armaments Officials - Czech week"},"content":{"rendered":"<div data-elementor-type=\"wp-post\" data-elementor-id=\"16470\" class=\"elementor elementor-16470\" data-elementor-post-type=\"post\">\n\t\t\t\t\t\t<section data-particle_enable=\"false\" data-particle-mobile-disabled=\"false\" class=\"elementor-section elementor-top-section elementor-element elementor-element-7bf33d0 elementor-section-boxed elementor-section-height-default elementor-section-height-default\" data-id=\"7bf33d0\" data-element_type=\"section\" data-e-type=\"section\">\n\t\t\t\t\t\t<div class=\"elementor-container elementor-column-gap-default\">\n\t\t\t\t\t<div class=\"elementor-column elementor-col-100 elementor-top-column elementor-element elementor-element-a39f23e\" data-id=\"a39f23e\" data-element_type=\"column\" data-e-type=\"column\">\n\t\t\t<div class=\"elementor-widget-wrap elementor-element-populated\">\n\t\t\t\t\t\t<div class=\"elementor-element elementor-element-2c12090 elementor-widget elementor-widget-text-editor\" data-id=\"2c12090\" data-element_type=\"widget\" data-e-type=\"widget\" data-widget_type=\"text-editor.default\">\n\t\t\t\t<div class=\"elementor-widget-container\">\n\t\t\t\t\t\t\t\t\t<p>The 3<sup>e<\/sup> week of the 32<sup>e<\/sup> The European Session of Senior Armaments Officials (SERA32) was held in Prague from 15 to 19 November.<\/p>\t\t\t\t\t\t\t\t<\/div>\n\t\t\t\t<\/div>\n\t\t\t\t\t<\/div>\n\t\t<\/div>\n\t\t\t\t\t<\/div>\n\t\t<\/section>\n\t\t\t\t<section data-particle_enable=\"false\" data-particle-mobile-disabled=\"false\" class=\"elementor-section elementor-top-section elementor-element elementor-element-8610557 elementor-section-boxed elementor-section-height-default elementor-section-height-default\" data-id=\"8610557\" data-element_type=\"section\" data-e-type=\"section\">\n\t\t\t\t\t\t<div class=\"elementor-container elementor-column-gap-default\">\n\t\t\t\t\t<div class=\"elementor-column elementor-col-100 elementor-top-column elementor-element elementor-element-318d853\" data-id=\"318d853\" data-element_type=\"column\" data-e-type=\"column\">\n\t\t\t<div class=\"elementor-widget-wrap elementor-element-populated\">\n\t\t\t\t\t\t<section data-particle_enable=\"false\" data-particle-mobile-disabled=\"false\" class=\"elementor-section elementor-inner-section elementor-element elementor-element-379d929 elementor-section-boxed elementor-section-height-default elementor-section-height-default\" data-id=\"379d929\" data-element_type=\"section\" data-e-type=\"section\">\n\t\t\t\t\t\t<div class=\"elementor-container elementor-column-gap-default\">\n\t\t\t\t\t<div class=\"elementor-column elementor-col-50 elementor-inner-column elementor-element elementor-element-596d0ea\" data-id=\"596d0ea\" data-element_type=\"column\" data-e-type=\"column\">\n\t\t\t<div class=\"elementor-widget-wrap elementor-element-populated\">\n\t\t\t\t\t\t<div class=\"elementor-element elementor-element-9d42921 elementor-widget elementor-widget-image\" data-id=\"9d42921\" data-element_type=\"widget\" data-e-type=\"widget\" data-widget_type=\"image.default\">\n\t\t\t\t<div class=\"elementor-widget-container\">\n\t\t\t\t\t\t\t\t\t\t\t\t\t\t\t<img fetchpriority=\"high\" decoding=\"async\" width=\"1453\" height=\"602\" src=\"https:\/\/ihedn.fr\/wp-content\/uploads\/2021\/11\/20211115-\u00a9IHEDN-32-e-SERA-001.jpg\" class=\"attachment-full size-full wp-image-16472\" alt=\"\" srcset=\"https:\/\/ihedn.fr\/wp-content\/uploads\/2021\/11\/20211115-\u00a9IHEDN-32-e-SERA-001.jpg 1453w, https:\/\/ihedn.fr\/wp-content\/uploads\/2021\/11\/20211115-\u00a9IHEDN-32-e-SERA-001-600x249.jpg 600w\" sizes=\"(max-width: 1453px) 100vw, 1453px\" \/>\t\t\t\t\t\t\t\t\t\t\t\t\t\t\t<\/div>\n\t\t\t\t<\/div>\n\t\t\t\t\t<\/div>\n\t\t<\/div>\n\t\t\t\t<div class=\"elementor-column elementor-col-50 elementor-inner-column elementor-element elementor-element-8980003\" data-id=\"8980003\" data-element_type=\"column\" data-e-type=\"column\">\n\t\t\t<div class=\"elementor-widget-wrap elementor-element-populated\">\n\t\t\t\t\t\t<div class=\"elementor-element elementor-element-41a78ba elementor-widget elementor-widget-image\" data-id=\"41a78ba\" data-element_type=\"widget\" data-e-type=\"widget\" data-widget_type=\"image.default\">\n\t\t\t\t<div class=\"elementor-widget-container\">\n\t\t\t\t\t\t\t\t\t\t\t\t\t\t\t<img decoding=\"async\" width=\"1453\" height=\"706\" src=\"https:\/\/ihedn.fr\/wp-content\/uploads\/2021\/11\/20211115-\u00a9IHEDN-32-e-SERA-002.jpg\" class=\"attachment-full size-full wp-image-16473\" alt=\"\" srcset=\"https:\/\/ihedn.fr\/wp-content\/uploads\/2021\/11\/20211115-\u00a9IHEDN-32-e-SERA-002.jpg 1453w, https:\/\/ihedn.fr\/wp-content\/uploads\/2021\/11\/20211115-\u00a9IHEDN-32-e-SERA-002-600x292.jpg 600w\" sizes=\"(max-width: 1453px) 100vw, 1453px\" \/>\t\t\t\t\t\t\t\t\t\t\t\t\t\t\t<\/div>\n\t\t\t\t<\/div>\n\t\t\t\t\t<\/div>\n\t\t<\/div>\n\t\t\t\t\t<\/div>\n\t\t<\/section>\n\t\t\t\t\t<\/div>\n\t\t<\/div>\n\t\t\t\t\t<\/div>\n\t\t<\/section>\n\t\t\t\t<section data-particle_enable=\"false\" data-particle-mobile-disabled=\"false\" class=\"elementor-section elementor-top-section elementor-element elementor-element-01710df elementor-section-boxed elementor-section-height-default elementor-section-height-default\" data-id=\"01710df\" data-element_type=\"section\" data-e-type=\"section\">\n\t\t\t\t\t\t<div class=\"elementor-container elementor-column-gap-default\">\n\t\t\t\t\t<div class=\"elementor-column elementor-col-100 elementor-top-column elementor-element elementor-element-5b45c25\" data-id=\"5b45c25\" data-element_type=\"column\" data-e-type=\"column\">\n\t\t\t<div class=\"elementor-widget-wrap elementor-element-populated\">\n\t\t\t\t\t\t<div class=\"elementor-element elementor-element-14c57fb elementor-widget elementor-widget-text-editor\" data-id=\"14c57fb\" data-element_type=\"widget\" data-e-type=\"widget\" data-widget_type=\"text-editor.default\">\n\t\t\t\t<div class=\"elementor-widget-container\">\n\t\t\t\t\t\t\t\t\t<p>The Czech week began with presentations by representatives of the Czech Ministry of Defence, including <strong><span style=\"color: #034b7b;\">Ms Radka KONDERLOV\u00c1<\/span><\/strong>Deputy Minister of Defence for Industrial Cooperation, the <strong><span style=\"color: #034b7b;\">Lt-Gen Jarom\u00edr ZUNA<\/span><\/strong>Vice-Chief of the General Staff and <strong><span style=\"color: #034b7b;\">Ms Sabina ANSIELMO VIEIRA<\/span><\/strong>Head of the International Cooperation Department within the Ministry's Defence Strategy and Policy Division.<\/p>\t\t\t\t\t\t\t\t<\/div>\n\t\t\t\t<\/div>\n\t\t\t\t\t<\/div>\n\t\t<\/div>\n\t\t\t\t\t<\/div>\n\t\t<\/section>\n\t\t\t\t<section data-particle_enable=\"false\" data-particle-mobile-disabled=\"false\" class=\"elementor-section elementor-top-section elementor-element elementor-element-5725646 elementor-section-boxed elementor-section-height-default elementor-section-height-default\" data-id=\"5725646\" data-element_type=\"section\" data-e-type=\"section\">\n\t\t\t\t\t\t<div class=\"elementor-container elementor-column-gap-default\">\n\t\t\t\t\t<div class=\"elementor-column elementor-col-100 elementor-top-column elementor-element elementor-element-e83e6bd\" data-id=\"e83e6bd\" data-element_type=\"column\" data-e-type=\"column\">\n\t\t\t<div class=\"elementor-widget-wrap elementor-element-populated\">\n\t\t\t\t\t\t<section data-particle_enable=\"false\" data-particle-mobile-disabled=\"false\" class=\"elementor-section elementor-inner-section elementor-element elementor-element-7bdaea4 elementor-section-boxed elementor-section-height-default elementor-section-height-default\" data-id=\"7bdaea4\" data-element_type=\"section\" data-e-type=\"section\">\n\t\t\t\t\t\t<div class=\"elementor-container elementor-column-gap-default\">\n\t\t\t\t\t<div class=\"elementor-column elementor-col-50 elementor-inner-column elementor-element elementor-element-abd45e7\" data-id=\"abd45e7\" data-element_type=\"column\" data-e-type=\"column\">\n\t\t\t<div class=\"elementor-widget-wrap elementor-element-populated\">\n\t\t\t\t\t\t<div class=\"elementor-element elementor-element-46b4337 elementor-widget elementor-widget-image\" data-id=\"46b4337\" data-element_type=\"widget\" data-e-type=\"widget\" data-widget_type=\"image.default\">\n\t\t\t\t<div class=\"elementor-widget-container\">\n\t\t\t\t\t\t\t\t\t\t\t\t\t\t\t<img decoding=\"async\" width=\"1453\" height=\"788\" src=\"https:\/\/ihedn.fr\/wp-content\/uploads\/2021\/11\/20211116-\u00a9IHEDN-32-e-SERA-003.jpg\" class=\"attachment-full size-full wp-image-16474\" alt=\"\" srcset=\"https:\/\/ihedn.fr\/wp-content\/uploads\/2021\/11\/20211116-\u00a9IHEDN-32-e-SERA-003.jpg 1453w, https:\/\/ihedn.fr\/wp-content\/uploads\/2021\/11\/20211116-\u00a9IHEDN-32-e-SERA-003-600x325.jpg 600w\" sizes=\"(max-width: 1453px) 100vw, 1453px\" \/>\t\t\t\t\t\t\t\t\t\t\t\t\t\t\t<\/div>\n\t\t\t\t<\/div>\n\t\t\t\t\t<\/div>\n\t\t<\/div>\n\t\t\t\t<div class=\"elementor-column elementor-col-50 elementor-inner-column elementor-element elementor-element-d837ad1\" data-id=\"d837ad1\" data-element_type=\"column\" data-e-type=\"column\">\n\t\t\t<div class=\"elementor-widget-wrap elementor-element-populated\">\n\t\t\t\t\t\t<div class=\"elementor-element elementor-element-c3e6b77 elementor-widget elementor-widget-image\" data-id=\"c3e6b77\" data-element_type=\"widget\" data-e-type=\"widget\" data-widget_type=\"image.default\">\n\t\t\t\t<div class=\"elementor-widget-container\">\n\t\t\t\t\t\t\t\t\t\t\t\t\t\t\t<img loading=\"lazy\" decoding=\"async\" width=\"1453\" height=\"1009\" src=\"https:\/\/ihedn.fr\/wp-content\/uploads\/2021\/11\/20211118-\u00a9IHEDN-32-e-SERA-004.jpg\" class=\"attachment-full size-full wp-image-16475\" alt=\"\" srcset=\"https:\/\/ihedn.fr\/wp-content\/uploads\/2021\/11\/20211118-\u00a9IHEDN-32-e-SERA-004.jpg 1453w, https:\/\/ihedn.fr\/wp-content\/uploads\/2021\/11\/20211118-\u00a9IHEDN-32-e-SERA-004-600x417.jpg 600w\" sizes=\"(max-width: 1453px) 100vw, 1453px\" \/>\t\t\t\t\t\t\t\t\t\t\t\t\t\t\t<\/div>\n\t\t\t\t<\/div>\n\t\t\t\t\t<\/div>\n\t\t<\/div>\n\t\t\t\t\t<\/div>\n\t\t<\/section>\n\t\t\t\t<div class=\"elementor-element elementor-element-b481fad elementor-widget elementor-widget-text-editor\" data-id=\"b481fad\" data-element_type=\"widget\" data-e-type=\"widget\" data-widget_type=\"text-editor.default\">\n\t\t\t\t<div class=\"elementor-widget-container\">\n\t\t\t\t\t\t\t\t\t<p>The programme also included a number of visits, including one to the<a href=\"https:\/\/www.eli-beams.eu\/\"><strong>ELI Beamlines<\/strong><\/a>an international laser research centre, the <strong><a href=\"https:\/\/www.hilase.cz\/en\/\">HiLASE laboratory<\/a><\/strong>a scientific research centre attached to the Czech Academy of Sciences, and the Technical University of Prague. The visit by the <strong><span style=\"color: #034b7b;\">SERA32<\/span><\/strong> in Prague was also an opportunity to discover (and also test in a dedicated weapons room) the products designed and offered by the <strong><span style=\"color: #034b7b;\">\u010cesk\u00e1 zbrojovka Group<\/span><\/strong>.<\/p>\t\t\t\t\t\t\t\t<\/div>\n\t\t\t\t<\/div>\n\t\t\t\t\t<\/div>\n\t\t<\/div>\n\t\t\t\t\t<\/div>\n\t\t<\/section>\n\t\t\t\t<section data-particle_enable=\"false\" data-particle-mobile-disabled=\"false\" class=\"elementor-section elementor-top-section elementor-element elementor-element-b4464ee elementor-section-boxed elementor-section-height-default elementor-section-height-default\" data-id=\"b4464ee\" data-element_type=\"section\" data-e-type=\"section\">\n\t\t\t\t\t\t<div class=\"elementor-container elementor-column-gap-default\">\n\t\t\t\t\t<div class=\"elementor-column elementor-col-100 elementor-top-column elementor-element elementor-element-3eb670e\" data-id=\"3eb670e\" data-element_type=\"column\" data-e-type=\"column\">\n\t\t\t<div class=\"elementor-widget-wrap elementor-element-populated\">\n\t\t\t\t\t\t<div class=\"elementor-element elementor-element-e2e37f7 elementor-widget elementor-widget-text-editor\" data-id=\"e2e37f7\" data-element_type=\"widget\" data-e-type=\"widget\" data-widget_type=\"text-editor.default\">\n\t\t\t\t<div class=\"elementor-widget-container\">\n\t\t\t\t\t\t\t\t\t<p>Finally, this Czech week of SERA32 gave the auditors the opportunity to continue their reflections and discussions within their respective committees. The conclusions of these exchanges and their work will be presented during the fourth and final week of the session, scheduled to take place in France from 6 to 10 December.<\/p>\t\t\t\t\t\t\t\t<\/div>\n\t\t\t\t<\/div>\n\t\t\t\t\t<\/div>\n\t\t<\/div>\n\t\t\t\t\t<\/div>\n\t\t<\/section>\n\t\t\t\t<section data-particle_enable=\"false\" data-particle-mobile-disabled=\"false\" class=\"elementor-section elementor-top-section elementor-element elementor-element-81068d7 elementor-section-boxed elementor-section-height-default elementor-section-height-default\" data-id=\"81068d7\" data-element_type=\"section\" data-e-type=\"section\">\n\t\t\t\t\t\t<div class=\"elementor-container elementor-column-gap-default\">\n\t\t\t\t\t<div class=\"elementor-column elementor-col-100 elementor-top-column elementor-element elementor-element-d3c7e60\" data-id=\"d3c7e60\" data-element_type=\"column\" data-e-type=\"column\">\n\t\t\t<div class=\"elementor-widget-wrap elementor-element-populated\">\n\t\t\t\t\t\t<div class=\"elementor-element elementor-element-9467ce0 elementor-widget-divider--view-line elementor-widget elementor-widget-divider\" data-id=\"9467ce0\" data-element_type=\"widget\" data-e-type=\"widget\" data-widget_type=\"divider.default\">\n\t\t\t\t<div class=\"elementor-widget-container\">\n\t\t\t\t\t\t\t<div class=\"elementor-divider\">\n\t\t\t<span class=\"elementor-divider-separator\">\n\t\t\t\t\t\t<\/span>\n\t\t<\/div>\n\t\t\t\t\t\t<\/div>\n\t\t\t\t<\/div>\n\t\t\t\t\t<\/div>\n\t\t<\/div>\n\t\t\t\t\t<\/div>\n\t\t<\/section>\n\t\t\t\t<section data-particle_enable=\"false\" data-particle-mobile-disabled=\"false\" class=\"elementor-section elementor-top-section elementor-element elementor-element-419a668 elementor-section-boxed elementor-section-height-default elementor-section-height-default\" data-id=\"419a668\" data-element_type=\"section\" data-e-type=\"section\">\n\t\t\t\t\t\t<div class=\"elementor-container elementor-column-gap-default\">\n\t\t\t\t\t<div class=\"elementor-column elementor-col-100 elementor-top-column elementor-element elementor-element-9f802cb\" data-id=\"9f802cb\" data-element_type=\"column\" data-e-type=\"column\">\n\t\t\t<div class=\"elementor-widget-wrap elementor-element-populated\">\n\t\t\t\t\t\t<div class=\"elementor-element elementor-element-ce71ed9 elementor-widget elementor-widget-text-editor\" data-id=\"ce71ed9\" data-element_type=\"widget\" data-e-type=\"widget\" data-widget_type=\"text-editor.default\">\n\t\t\t\t<div class=\"elementor-widget-container\">\n\t\t\t\t\t\t\t\t\t<p><em>The third week of the SERA 32 program has been held in Prague, from November 15 to November 19. This week in the Czech Republic began with a number of presentations from representatives from the Czech MoD, such as Mrs. Radka KONDERLOV\u00c1, Deputy Minister of Defence for Industrial Cooperation, Lt. Gen. Jarom\u00edr ZUNA, First Deputy Chief of Staff of the Army of the Czech Republic, but also Mrs. Sabina ANSELMO VIEIRA, Head of Unit for International Cooperation within the Defence Policy and Strategy Division of the Ministry.<\/em><\/p><p><em>The SERA32 Czech program also included visits of the <a href=\"https:\/\/www.eli-beams.eu\/\">ELI Beamlines<\/a> research centre, specialised in laser systems, the <a href=\"https:\/\/www.hilase.cz\/en\/\">HiLASE centre<\/a>affiliated with the Institute of Physics of the Czech Academy of Sciences and of the Czech Technical University in Prague. The SERA32 delegation also had the opportunity, during its stay in the Czech capital, to discover (but also to test in real conditions at the Prague Armory) the products developed by the \u010cesk\u00e1 zbrojovka Group.<\/em><\/p><p><em>Finally, this Czech week provided an occasion to continue discussions within the different committees, in the perspective of the French week of the program, scheduled from December 6 to December 10, and during which attendees will present their respective conclusions and group works.<\/em><\/p>\t\t\t\t\t\t\t\t<\/div>\n\t\t\t\t<\/div>\n\t\t\t\t\t<\/div>\n\t\t<\/div>\n\t\t\t\t\t<\/div>\n\t\t<\/section>\n\t\t\t\t<\/div>","protected":false},"excerpt":{"rendered":"<p>La 3e semaine du programme de la 32e Session europ\u00e9enne des responsables d\u2019armement (SERA32) s\u2019est tenue, du 15 au 19 novembre dernier, \u00e0 Prague. Cette semaine tch\u00e8que s\u2019est, dans un premier temps, articul\u00e9e autour d\u2019interventions de repr\u00e9sentants du minist\u00e8re tch\u00e8que de la D\u00e9fense, \u00e0 savoir Mme Radka KONDERLOV\u00c1, vice-ministre de la D\u00e9fense pour les questions [&hellip;]<\/p>\n","protected":false},"author":1,"featured_media":16473,"comment_status":"closed","ping_status":"closed","sticky":false,"template":"","format":"standard","meta":{"footnotes":""},"categories":[172],"tags":[],"class_list":["post-16470","post","type-post","status-publish","format-standard","has-post-thumbnail","hentry","category-notre-actualite"],"yoast_head":"<!-- This site is optimized with the Yoast SEO plugin v27.5 - https:\/\/yoast.com\/product\/yoast-seo-wordpress\/ -->\n<title>32e Session europ\u00e9enne des responsables d\u2019armement - Czech week - L&#039;IHEDN : Institut des hautes \u00e9tudes de d\u00e9fense nationale<\/title>\n<meta name=\"robots\" content=\"index, follow, max-snippet:-1, max-image-preview:large, max-video-preview:-1\" \/>\n<link rel=\"canonical\" href=\"https:\/\/ihedn.fr\/en\/actualites-des-sessions\/deai\/32e-session-europeenne-des-responsables-darmement-czech-week\/\" \/>\n<meta property=\"og:locale\" content=\"en_GB\" \/>\n<meta property=\"og:type\" content=\"article\" \/>\n<meta property=\"og:title\" content=\"32e Session europ\u00e9enne des responsables d\u2019armement - Czech week - L&#039;IHEDN : Institut des hautes \u00e9tudes de d\u00e9fense nationale\" \/>\n<meta property=\"og:description\" content=\"La 3e semaine du programme de la 32e Session europ\u00e9enne des responsables d\u2019armement (SERA32) s\u2019est tenue, du 15 au 19 novembre dernier, \u00e0 Prague. Cette semaine tch\u00e8que s\u2019est, dans un premier temps, articul\u00e9e autour d\u2019interventions de repr\u00e9sentants du minist\u00e8re tch\u00e8que de la D\u00e9fense, \u00e0 savoir Mme Radka KONDERLOV\u00c1, vice-ministre de la D\u00e9fense pour les questions [&hellip;]\" \/>\n<meta property=\"og:url\" content=\"https:\/\/ihedn.fr\/en\/actualites-des-sessions\/deai\/32e-session-europeenne-des-responsables-darmement-czech-week\/\" \/>\n<meta property=\"og:site_name\" content=\"L&#039;IHEDN : Institut des hautes \u00e9tudes de d\u00e9fense nationale\" \/>\n<meta property=\"article:publisher\" content=\"https:\/\/www.facebook.com\/ihedn\/\" \/>\n<meta property=\"article:published_time\" content=\"2021-11-23T14:57:58+00:00\" \/>\n<meta property=\"article:modified_time\" content=\"2022-11-25T14:22:47+00:00\" \/>\n<meta property=\"og:image\" content=\"https:\/\/ihedn.fr\/wp-content\/uploads\/2021\/11\/20211115-\u00a9IHEDN-32-e-SERA-002.jpg\" \/>\n\t<meta property=\"og:image:width\" content=\"1453\" \/>\n\t<meta property=\"og:image:height\" content=\"706\" \/>\n\t<meta property=\"og:image:type\" content=\"image\/jpeg\" \/>\n<meta name=\"author\" content=\"dev\" \/>\n<meta name=\"twitter:card\" content=\"summary_large_image\" \/>\n<meta name=\"twitter:creator\" content=\"@IHEDN\" \/>\n<meta name=\"twitter:site\" content=\"@IHEDN\" \/>\n<meta name=\"twitter:label1\" content=\"Written by\" \/>\n\t<meta name=\"twitter:data1\" content=\"dev\" \/>\n\t<meta name=\"twitter:label2\" content=\"Estimated reading time\" \/>\n\t<meta name=\"twitter:data2\" content=\"3 minutes\" \/>\n<script type=\"application\/ld+json\" class=\"yoast-schema-graph\">{\"@context\":\"https:\\\/\\\/schema.org\",\"@graph\":[{\"@type\":\"Article\",\"@id\":\"https:\\\/\\\/ihedn.fr\\\/actualites-des-sessions\\\/deai\\\/32e-session-europeenne-des-responsables-darmement-czech-week\\\/#article\",\"isPartOf\":{\"@id\":\"https:\\\/\\\/ihedn.fr\\\/actualites-des-sessions\\\/deai\\\/32e-session-europeenne-des-responsables-darmement-czech-week\\\/\"},\"author\":{\"name\":\"dev\",\"@id\":\"https:\\\/\\\/ihedn.fr\\\/#\\\/schema\\\/person\\\/7a40155595e4efb35323447cb8c8c5a4\"},\"headline\":\"32e Session europ\u00e9enne des responsables d\u2019armement &#8211; Czech week\",\"datePublished\":\"2021-11-23T14:57:58+00:00\",\"dateModified\":\"2022-11-25T14:22:47+00:00\",\"mainEntityOfPage\":{\"@id\":\"https:\\\/\\\/ihedn.fr\\\/actualites-des-sessions\\\/deai\\\/32e-session-europeenne-des-responsables-darmement-czech-week\\\/\"},\"wordCount\":488,\"publisher\":{\"@id\":\"https:\\\/\\\/ihedn.fr\\\/#organization\"},\"image\":{\"@id\":\"https:\\\/\\\/ihedn.fr\\\/actualites-des-sessions\\\/deai\\\/32e-session-europeenne-des-responsables-darmement-czech-week\\\/#primaryimage\"},\"thumbnailUrl\":\"https:\\\/\\\/ihedn.fr\\\/wp-content\\\/uploads\\\/2021\\\/11\\\/20211115-\u00a9IHEDN-32-e-SERA-002.jpg\",\"articleSection\":[\"Notre actualit\u00e9\"],\"inLanguage\":\"en-GB\"},{\"@type\":\"WebPage\",\"@id\":\"https:\\\/\\\/ihedn.fr\\\/actualites-des-sessions\\\/deai\\\/32e-session-europeenne-des-responsables-darmement-czech-week\\\/\",\"url\":\"https:\\\/\\\/ihedn.fr\\\/actualites-des-sessions\\\/deai\\\/32e-session-europeenne-des-responsables-darmement-czech-week\\\/\",\"name\":\"32e Session europ\u00e9enne des responsables d\u2019armement - Czech week - L&#039;IHEDN : Institut des hautes \u00e9tudes de d\u00e9fense nationale\",\"isPartOf\":{\"@id\":\"https:\\\/\\\/ihedn.fr\\\/#website\"},\"primaryImageOfPage\":{\"@id\":\"https:\\\/\\\/ihedn.fr\\\/actualites-des-sessions\\\/deai\\\/32e-session-europeenne-des-responsables-darmement-czech-week\\\/#primaryimage\"},\"image\":{\"@id\":\"https:\\\/\\\/ihedn.fr\\\/actualites-des-sessions\\\/deai\\\/32e-session-europeenne-des-responsables-darmement-czech-week\\\/#primaryimage\"},\"thumbnailUrl\":\"https:\\\/\\\/ihedn.fr\\\/wp-content\\\/uploads\\\/2021\\\/11\\\/20211115-\u00a9IHEDN-32-e-SERA-002.jpg\",\"datePublished\":\"2021-11-23T14:57:58+00:00\",\"dateModified\":\"2022-11-25T14:22:47+00:00\",\"breadcrumb\":{\"@id\":\"https:\\\/\\\/ihedn.fr\\\/actualites-des-sessions\\\/deai\\\/32e-session-europeenne-des-responsables-darmement-czech-week\\\/#breadcrumb\"},\"inLanguage\":\"en-GB\",\"potentialAction\":[{\"@type\":\"ReadAction\",\"target\":[\"https:\\\/\\\/ihedn.fr\\\/actualites-des-sessions\\\/deai\\\/32e-session-europeenne-des-responsables-darmement-czech-week\\\/\"]}]},{\"@type\":\"ImageObject\",\"inLanguage\":\"en-GB\",\"@id\":\"https:\\\/\\\/ihedn.fr\\\/actualites-des-sessions\\\/deai\\\/32e-session-europeenne-des-responsables-darmement-czech-week\\\/#primaryimage\",\"url\":\"https:\\\/\\\/ihedn.fr\\\/wp-content\\\/uploads\\\/2021\\\/11\\\/20211115-\u00a9IHEDN-32-e-SERA-002.jpg\",\"contentUrl\":\"https:\\\/\\\/ihedn.fr\\\/wp-content\\\/uploads\\\/2021\\\/11\\\/20211115-\u00a9IHEDN-32-e-SERA-002.jpg\",\"width\":1453,\"height\":706},{\"@type\":\"BreadcrumbList\",\"@id\":\"https:\\\/\\\/ihedn.fr\\\/actualites-des-sessions\\\/deai\\\/32e-session-europeenne-des-responsables-darmement-czech-week\\\/#breadcrumb\",\"itemListElement\":[{\"@type\":\"ListItem\",\"position\":1,\"name\":\"Accueil\",\"item\":\"https:\\\/\\\/ihedn.fr\\\/\"},{\"@type\":\"ListItem\",\"position\":2,\"name\":\"32e Session europ\u00e9enne des responsables d\u2019armement &#8211; Czech week\"}]},{\"@type\":\"WebSite\",\"@id\":\"https:\\\/\\\/ihedn.fr\\\/#website\",\"url\":\"https:\\\/\\\/ihedn.fr\\\/\",\"name\":\"IHEDN : Institut des hautes \u00e9tudes de d\u00e9fense nationale |\",\"description\":\"Site officiel de l&#039;IHEDN plac\u00e9 sous la tutelle du Premier ministre.\",\"publisher\":{\"@id\":\"https:\\\/\\\/ihedn.fr\\\/#organization\"},\"potentialAction\":[{\"@type\":\"SearchAction\",\"target\":{\"@type\":\"EntryPoint\",\"urlTemplate\":\"https:\\\/\\\/ihedn.fr\\\/?s={search_term_string}\"},\"query-input\":{\"@type\":\"PropertyValueSpecification\",\"valueRequired\":true,\"valueName\":\"search_term_string\"}}],\"inLanguage\":\"en-GB\"},{\"@type\":\"Organization\",\"@id\":\"https:\\\/\\\/ihedn.fr\\\/#organization\",\"name\":\"IHEDN - Institut des Hautes Etudes de D\u00e9fense Nationale\",\"url\":\"https:\\\/\\\/ihedn.fr\\\/\",\"logo\":{\"@type\":\"ImageObject\",\"inLanguage\":\"en-GB\",\"@id\":\"https:\\\/\\\/ihedn.fr\\\/#\\\/schema\\\/logo\\\/image\\\/\",\"url\":\"https:\\\/\\\/ihedn.fr\\\/wp-content\\\/uploads\\\/2020\\\/11\\\/BLOC_RF_IHEDN_WEB.png\",\"contentUrl\":\"https:\\\/\\\/ihedn.fr\\\/wp-content\\\/uploads\\\/2020\\\/11\\\/BLOC_RF_IHEDN_WEB.png\",\"width\":500,\"height\":237,\"caption\":\"IHEDN - Institut des Hautes Etudes de D\u00e9fense Nationale\"},\"image\":{\"@id\":\"https:\\\/\\\/ihedn.fr\\\/#\\\/schema\\\/logo\\\/image\\\/\"},\"sameAs\":[\"https:\\\/\\\/www.facebook.com\\\/ihedn\\\/\",\"https:\\\/\\\/x.com\\\/IHEDN\",\"https:\\\/\\\/www.instagram.com\\\/ihedn\\\/\",\"https:\\\/\\\/www.linkedin.com\\\/school\\\/ihedn\\\/\",\"https:\\\/\\\/fr.wikipedia.org\\\/wiki\\\/Institut_des_hautes_\u00e9tudes_de_D\u00e9fense_nationale\"]},{\"@type\":\"Person\",\"@id\":\"https:\\\/\\\/ihedn.fr\\\/#\\\/schema\\\/person\\\/7a40155595e4efb35323447cb8c8c5a4\",\"name\":\"dev\",\"image\":{\"@type\":\"ImageObject\",\"inLanguage\":\"en-GB\",\"@id\":\"https:\\\/\\\/secure.gravatar.com\\\/avatar\\\/f1ffcac9ca2fa95ad3ec33e9be3ade82f752acb0cabe541e56c5889225afa88a?s=96&d=mm&r=g\",\"url\":\"https:\\\/\\\/secure.gravatar.com\\\/avatar\\\/f1ffcac9ca2fa95ad3ec33e9be3ade82f752acb0cabe541e56c5889225afa88a?s=96&d=mm&r=g\",\"contentUrl\":\"https:\\\/\\\/secure.gravatar.com\\\/avatar\\\/f1ffcac9ca2fa95ad3ec33e9be3ade82f752acb0cabe541e56c5889225afa88a?s=96&d=mm&r=g\",\"caption\":\"dev\"},\"sameAs\":[\"https:\\\/\\\/ihedn.concilium.click\"],\"url\":\"https:\\\/\\\/ihedn.fr\\\/en\\\/author\\\/dev\\\/\"}]}<\/script>\n<!-- \/ Yoast SEO plugin. -->","yoast_head_json":{"title":"32nd European Session of Senior Armaments Officials - Czech week - L'IHEDN : Institut des hautes \u00e9tudes de d\u00e9fense nationale","robots":{"index":"index","follow":"follow","max-snippet":"max-snippet:-1","max-image-preview":"max-image-preview:large","max-video-preview":"max-video-preview:-1"},"canonical":"https:\/\/ihedn.fr\/en\/actualites-des-sessions\/deai\/32e-session-europeenne-des-responsables-darmement-czech-week\/","og_locale":"en_GB","og_type":"article","og_title":"32e Session europ\u00e9enne des responsables d\u2019armement - Czech week - L&#039;IHEDN : Institut des hautes \u00e9tudes de d\u00e9fense nationale","og_description":"La 3e semaine du programme de la 32e Session europ\u00e9enne des responsables d\u2019armement (SERA32) s\u2019est tenue, du 15 au 19 novembre dernier, \u00e0 Prague. Cette semaine tch\u00e8que s\u2019est, dans un premier temps, articul\u00e9e autour d\u2019interventions de repr\u00e9sentants du minist\u00e8re tch\u00e8que de la D\u00e9fense, \u00e0 savoir Mme Radka KONDERLOV\u00c1, vice-ministre de la D\u00e9fense pour les questions [&hellip;]","og_url":"https:\/\/ihedn.fr\/en\/actualites-des-sessions\/deai\/32e-session-europeenne-des-responsables-darmement-czech-week\/","og_site_name":"L&#039;IHEDN : Institut des hautes \u00e9tudes de d\u00e9fense nationale","article_publisher":"https:\/\/www.facebook.com\/ihedn\/","article_published_time":"2021-11-23T14:57:58+00:00","article_modified_time":"2022-11-25T14:22:47+00:00","og_image":[{"width":1453,"height":706,"url":"https:\/\/ihedn.fr\/wp-content\/uploads\/2021\/11\/20211115-\u00a9IHEDN-32-e-SERA-002.jpg","type":"image\/jpeg"}],"author":"dev","twitter_card":"summary_large_image","twitter_creator":"@IHEDN","twitter_site":"@IHEDN","twitter_misc":{"Written by":"dev","Estimated reading time":"3 minutes"},"schema":{"@context":"https:\/\/schema.org","@graph":[{"@type":"Article","@id":"https:\/\/ihedn.fr\/actualites-des-sessions\/deai\/32e-session-europeenne-des-responsables-darmement-czech-week\/#article","isPartOf":{"@id":"https:\/\/ihedn.fr\/actualites-des-sessions\/deai\/32e-session-europeenne-des-responsables-darmement-czech-week\/"},"author":{"name":"dev","@id":"https:\/\/ihedn.fr\/#\/schema\/person\/7a40155595e4efb35323447cb8c8c5a4"},"headline":"32e Session europ\u00e9enne des responsables d\u2019armement &#8211; Czech week","datePublished":"2021-11-23T14:57:58+00:00","dateModified":"2022-11-25T14:22:47+00:00","mainEntityOfPage":{"@id":"https:\/\/ihedn.fr\/actualites-des-sessions\/deai\/32e-session-europeenne-des-responsables-darmement-czech-week\/"},"wordCount":488,"publisher":{"@id":"https:\/\/ihedn.fr\/#organization"},"image":{"@id":"https:\/\/ihedn.fr\/actualites-des-sessions\/deai\/32e-session-europeenne-des-responsables-darmement-czech-week\/#primaryimage"},"thumbnailUrl":"https:\/\/ihedn.fr\/wp-content\/uploads\/2021\/11\/20211115-\u00a9IHEDN-32-e-SERA-002.jpg","articleSection":["Notre actualit\u00e9"],"inLanguage":"en-GB"},{"@type":"WebPage","@id":"https:\/\/ihedn.fr\/actualites-des-sessions\/deai\/32e-session-europeenne-des-responsables-darmement-czech-week\/","url":"https:\/\/ihedn.fr\/actualites-des-sessions\/deai\/32e-session-europeenne-des-responsables-darmement-czech-week\/","name":"32nd European Session of Senior Armaments Officials - Czech week - L'IHEDN : Institut des hautes \u00e9tudes de d\u00e9fense nationale","isPartOf":{"@id":"https:\/\/ihedn.fr\/#website"},"primaryImageOfPage":{"@id":"https:\/\/ihedn.fr\/actualites-des-sessions\/deai\/32e-session-europeenne-des-responsables-darmement-czech-week\/#primaryimage"},"image":{"@id":"https:\/\/ihedn.fr\/actualites-des-sessions\/deai\/32e-session-europeenne-des-responsables-darmement-czech-week\/#primaryimage"},"thumbnailUrl":"https:\/\/ihedn.fr\/wp-content\/uploads\/2021\/11\/20211115-\u00a9IHEDN-32-e-SERA-002.jpg","datePublished":"2021-11-23T14:57:58+00:00","dateModified":"2022-11-25T14:22:47+00:00","breadcrumb":{"@id":"https:\/\/ihedn.fr\/actualites-des-sessions\/deai\/32e-session-europeenne-des-responsables-darmement-czech-week\/#breadcrumb"},"inLanguage":"en-GB","potentialAction":[{"@type":"ReadAction","target":["https:\/\/ihedn.fr\/actualites-des-sessions\/deai\/32e-session-europeenne-des-responsables-darmement-czech-week\/"]}]},{"@type":"ImageObject","inLanguage":"en-GB","@id":"https:\/\/ihedn.fr\/actualites-des-sessions\/deai\/32e-session-europeenne-des-responsables-darmement-czech-week\/#primaryimage","url":"https:\/\/ihedn.fr\/wp-content\/uploads\/2021\/11\/20211115-\u00a9IHEDN-32-e-SERA-002.jpg","contentUrl":"https:\/\/ihedn.fr\/wp-content\/uploads\/2021\/11\/20211115-\u00a9IHEDN-32-e-SERA-002.jpg","width":1453,"height":706},{"@type":"BreadcrumbList","@id":"https:\/\/ihedn.fr\/actualites-des-sessions\/deai\/32e-session-europeenne-des-responsables-darmement-czech-week\/#breadcrumb","itemListElement":[{"@type":"ListItem","position":1,"name":"Accueil","item":"https:\/\/ihedn.fr\/"},{"@type":"ListItem","position":2,"name":"32e Session europ\u00e9enne des responsables d\u2019armement &#8211; Czech week"}]},{"@type":"WebSite","@id":"https:\/\/ihedn.fr\/#website","url":"https:\/\/ihedn.fr\/","name":"IHEDN: Institut des hautes \u00e9tudes de d\u00e9fense nationale (Institute for Higher National Defence Studies)","description":"Official website of the IHEDN under the supervision of the Prime Minister.","publisher":{"@id":"https:\/\/ihedn.fr\/#organization"},"potentialAction":[{"@type":"SearchAction","target":{"@type":"EntryPoint","urlTemplate":"https:\/\/ihedn.fr\/?s={search_term_string}"},"query-input":{"@type":"PropertyValueSpecification","valueRequired":true,"valueName":"search_term_string"}}],"inLanguage":"en-GB"},{"@type":"Organization","@id":"https:\/\/ihedn.fr\/#organization","name":"IHEDN - Institute for Higher National Defence Studies","url":"https:\/\/ihedn.fr\/","logo":{"@type":"ImageObject","inLanguage":"en-GB","@id":"https:\/\/ihedn.fr\/#\/schema\/logo\/image\/","url":"https:\/\/ihedn.fr\/wp-content\/uploads\/2020\/11\/BLOC_RF_IHEDN_WEB.png","contentUrl":"https:\/\/ihedn.fr\/wp-content\/uploads\/2020\/11\/BLOC_RF_IHEDN_WEB.png","width":500,"height":237,"caption":"IHEDN - Institut des Hautes Etudes de D\u00e9fense Nationale"},"image":{"@id":"https:\/\/ihedn.fr\/#\/schema\/logo\/image\/"},"sameAs":["https:\/\/www.facebook.com\/ihedn\/","https:\/\/x.com\/IHEDN","https:\/\/www.instagram.com\/ihedn\/","https:\/\/www.linkedin.com\/school\/ihedn\/","https:\/\/fr.wikipedia.org\/wiki\/Institut_des_hautes_\u00e9tudes_de_D\u00e9fense_nationale"]},{"@type":"Person","@id":"https:\/\/ihedn.fr\/#\/schema\/person\/7a40155595e4efb35323447cb8c8c5a4","name":"dev","image":{"@type":"ImageObject","inLanguage":"en-GB","@id":"https:\/\/secure.gravatar.com\/avatar\/f1ffcac9ca2fa95ad3ec33e9be3ade82f752acb0cabe541e56c5889225afa88a?s=96&d=mm&r=g","url":"https:\/\/secure.gravatar.com\/avatar\/f1ffcac9ca2fa95ad3ec33e9be3ade82f752acb0cabe541e56c5889225afa88a?s=96&d=mm&r=g","contentUrl":"https:\/\/secure.gravatar.com\/avatar\/f1ffcac9ca2fa95ad3ec33e9be3ade82f752acb0cabe541e56c5889225afa88a?s=96&d=mm&r=g","caption":"dev"},"sameAs":["https:\/\/ihedn.concilium.click"],"url":"https:\/\/ihedn.fr\/en\/author\/dev\/"}]}},"publishpress_future_action":{"enabled":false,"date":"2026-05-08 22:28:55","action":"change-status","newStatus":"draft","terms":[],"taxonomy":"category","extraData":[]},"publishpress_future_workflow_manual_trigger":{"enabledWorkflows":[]},"_links":{"self":[{"href":"https:\/\/ihedn.fr\/en\/wp-json\/wp\/v2\/posts\/16470","targetHints":{"allow":["GET"]}}],"collection":[{"href":"https:\/\/ihedn.fr\/en\/wp-json\/wp\/v2\/posts"}],"about":[{"href":"https:\/\/ihedn.fr\/en\/wp-json\/wp\/v2\/types\/post"}],"author":[{"embeddable":true,"href":"https:\/\/ihedn.fr\/en\/wp-json\/wp\/v2\/users\/1"}],"replies":[{"embeddable":true,"href":"https:\/\/ihedn.fr\/en\/wp-json\/wp\/v2\/comments?post=16470"}],"version-history":[{"count":5,"href":"https:\/\/ihedn.fr\/en\/wp-json\/wp\/v2\/posts\/16470\/revisions"}],"predecessor-version":[{"id":16481,"href":"https:\/\/ihedn.fr\/en\/wp-json\/wp\/v2\/posts\/16470\/revisions\/16481"}],"wp:featuredmedia":[{"embeddable":true,"href":"https:\/\/ihedn.fr\/en\/wp-json\/wp\/v2\/media\/16473"}],"wp:attachment":[{"href":"https:\/\/ihedn.fr\/en\/wp-json\/wp\/v2\/media?parent=16470"}],"wp:term":[{"taxonomy":"category","embeddable":true,"href":"https:\/\/ihedn.fr\/en\/wp-json\/wp\/v2\/categories?post=16470"},{"taxonomy":"post_tag","embeddable":true,"href":"https:\/\/ihedn.fr\/en\/wp-json\/wp\/v2\/tags?post=16470"}],"curies":[{"name":"wp","href":"https:\/\/api.w.org\/{rel}","templated":true}]}}