{"id":1696,"date":"2020-12-11T11:04:17","date_gmt":"2020-12-11T09:04:17","guid":{"rendered":"https:\/\/ihedn.concilium.click\/?p=1696"},"modified":"2020-12-29T16:19:22","modified_gmt":"2020-12-29T14:19:22","slug":"seminaire-breton-virtuel-pour-la-6e-session-nationale-enjeux-et-strategies-maritimes","status":"publish","type":"post","link":"https:\/\/ihedn.fr\/en\/uncategorized\/seminaire-breton-virtuel-pour-la-6e-session-nationale-enjeux-et-strategies-maritimes\/","title":{"rendered":"Breton Virtual Seminar for the 6th National Session on \"Maritime Challenges and Strategies"},"content":{"rendered":"<div data-elementor-type=\"wp-post\" data-elementor-id=\"1696\" class=\"elementor elementor-1696\" data-elementor-post-type=\"post\">\n\t\t\t\t\t\t<section data-particle_enable=\"false\" data-particle-mobile-disabled=\"false\" class=\"elementor-section elementor-top-section elementor-element elementor-element-e41245a elementor-section-boxed elementor-section-height-default elementor-section-height-default\" data-id=\"e41245a\" data-element_type=\"section\" data-e-type=\"section\">\n\t\t\t\t\t\t<div class=\"elementor-container elementor-column-gap-default\">\n\t\t\t\t\t<div class=\"elementor-column elementor-col-100 elementor-top-column elementor-element elementor-element-47166b8\" data-id=\"47166b8\" data-element_type=\"column\" data-e-type=\"column\">\n\t\t\t<div class=\"elementor-widget-wrap elementor-element-populated\">\n\t\t\t\t\t\t<div class=\"elementor-element elementor-element-1618291 elementor-widget elementor-widget-text-editor\" data-id=\"1618291\" data-element_type=\"widget\" data-e-type=\"widget\" data-widget_type=\"text-editor.default\">\n\t\t\t\t<div class=\"elementor-widget-container\">\n\t\t\t\t\t\t\t\t\t<p>Unable to head west for their 4th seminar in Brest and Lorient due to the constraints imposed by the COVID 19 pandemic, the participants in the 6th national session on \"Maritime issues and strategies\" virtually turned their screens and thoughts towards the Ponant. They looked successively at the challenges of understanding the seas and oceans, the major geostrategic and geopolitical challenges of the Atlantic Ocean, France's deterrence policy and the resources available to the French Navy to deal with them.<\/p><figure id=\"attachment_1700\" aria-describedby=\"caption-attachment-1700\" style=\"width: 1000px\" class=\"wp-caption aligncenter\"><img fetchpriority=\"high\" decoding=\"async\" class=\"wp-image-1700 size-full\" title=\"IHEDN | Breton Virtual Seminar for the 6th National Session: students discover the resources, high technology and expertise of IFREMER needed to master the challenges of ocean knowledge.\" src=\"https:\/\/ihedn.fr\/wp-content\/uploads\/2020\/12\/Seminaire-breton-Virtuel-pour-la-6e-Session-nationale-_0002.jpg\" alt=\"IHEDN | S\u00e9minaire breton Virtuel pour la 6e Session nationale : les auditeurs d\u00e9couvrent les moyens,  la haute technologie ainsi que l\u2019expertise de l\u2019IFREMER n\u00e9cessaires \u00e0 la ma\u00eetrise des enjeux de la connaissance des oc\u00e9ans.\" width=\"1000\" height=\"597\" \/><figcaption id=\"caption-attachment-1700\" class=\"wp-caption-text\">IHEDN | Breton Virtual Seminar for the 6th National Session: students discover the resources, high technology and expertise of IFREMER needed to master the challenges of ocean knowledge.<\/figcaption><\/figure><p>On Friday morning, listeners were plunged into the heart of knowledge of the seas and oceans by discovering two French nuggets in the field: the French Institute for Exploitation of the Sea (IFREMER) and the French Naval Hydrographic Service (SHOM). Engineer General Laurent Kerl\u00e9guer, Director of SHOM, explained the missions of this world-renowned service, the French benchmark for knowledge of the seabed. During a round table discussion, the audience also had the opportunity to talk to two IFREMER researchers, Beno\u00eet Loubrieu, a specialist in the Extraplac programme, and C\u00e9dric Bacher, an expert in coastal ecosystems. Listeners learned just how little is known about the seas and oceans - much less than about the surface of the moon or Mars - and how extraordinarily vulnerable they are to the excesses of human activity. They also discovered the strategic importance of oceanography and hydrography in defence, legal and diplomatic matters.<\/p><p><img decoding=\"async\" class=\"aligncenter wp-image-1698 size-full\" src=\"https:\/\/ihedn.fr\/wp-content\/uploads\/2020\/12\/Seminaire-breton-Virtuel-pour-la-6e-Session-nationale-_0003.png\" alt=\"\" width=\"817\" height=\"458\" \/>After a brief lunch break, Vice-Admiral Olivier Lebas, Commander of the Atlantic Maritime Area, discussed with the audience the many issues at stake in this ocean, which has given its name to today's largest military alliance: NATO. It is also the home of the nuclear-powered ballistic missile submarines (SNLE) on which France's sovereignty and defence of its vital interests depend. The audience was then taken on a virtual tour of the MICA Centre, where its commander, Lieutenant-Commander Gilles Chehab, demonstrated the importance of this centre, which constantly updates the global maritime traffic situation and offers a highly responsive response to incidents or accidents, particularly in the face of piracy and banditry in the Gulf of Guinea.<\/p><p>Finally, the auditors' day ended on a high note with a meeting with Vice-Admiral Chaineau, commander of the submarine forces and the strategic oceanic force (FOST). They were able to discuss with him the major challenges facing France's nuclear deterrent and to appreciate the level of complexity, technology and rigour - unique to only a handful of nations in the world - required to carry out this exceptional mission without interruption for half a century now, 24 hours a day, 365 days a year. But above all, listeners were impressed by this absolutely reliable chain, based on uncompromising selection and absolute trust, linking the President of the Republic, the sole holder of the ultimate decision, to each submarine on patrol.<\/p><figure id=\"attachment_1713\" aria-describedby=\"caption-attachment-1713\" style=\"width: 300px\" class=\"wp-caption alignleft\"><img decoding=\"async\" class=\"size-medium wp-image-1713\" src=\"https:\/\/ihedn.fr\/wp-content\/uploads\/2020\/12\/Seminaire-breton-Virtuel-pour-la-6e-Session-nationale-_0005-300x300.jpg\" alt=\" IHEDN | S\u00e9minaire breton Virtuel pour la 6e Session nationale : Le contre-amiral Christophe Lucas d\u00e9bat avec les auditeurs sur les capacit\u00e9s d\u2019action des commandos marines.\" width=\"300\" height=\"300\" srcset=\"https:\/\/ihedn.fr\/wp-content\/uploads\/2020\/12\/Seminaire-breton-Virtuel-pour-la-6e-Session-nationale-_0005-300x300.jpg 300w, https:\/\/ihedn.fr\/wp-content\/uploads\/2020\/12\/Seminaire-breton-Virtuel-pour-la-6e-Session-nationale-_0005-150x150.jpg 150w\" sizes=\"(max-width: 300px) 100vw, 300px\" \/><figcaption id=\"caption-attachment-1713\" class=\"wp-caption-text\">IHEDN | Breton Virtual Seminar for the 6th National Session: Rear Admiral Christophe Lucas debates with listeners on the action capabilities of marine commandos.<\/figcaption><\/figure><p>After a virtual night sail to Lorient, the listeners met up again on Saturday morning to talk with Rear Admiral Christophe Lucas, commander of the fusiliers marins et commandos maritime force, and Captain Jean-Christophe Turret, commander of the Lann-Bihou\u00e9 naval air force, who shared with them the challenges they face. The first immersed them in the mythical world of these world-renowned elite units, which have left their mark on France's history and continue today to carry out the most perilous missions, where excellence in operational standards and brotherhood of arms are the cement of operational effectiveness. The second gave them a first-hand experience of the virtuosity required of airborne pilots to land in heavy weather with an accuracy of just a few metres. The audience then discovered the impressive range of operational capabilities of an Atlantique 2, both at sea and on land. This maritime patrol aircraft, a French aircraft with the largest weapons-carrying capacity (missiles, torpedoes, bombs, etc.), is in fact a veritable \"Swiss Army knife\". In addition to its exceptional capacity to gather information and intelligence, thanks to a wide range of sensors (electronic, electromagnetic, acoustic, video, infrared, etc.), it is capable of rescuing shipwrecked crew as well as destroying a ship, a submarine or a land target in the middle of the desert.<\/p><p>Finally, the listeners devoted Saturday afternoon to their committee work, electing their committee chairman. But they will take away from their stopover in Brittany the image of these passionate sailors whom they have promised themselves, as soon as health conditions allow, to meet again in the flesh, and above all to \"touch the sheet metal\" of their ships and aircraft to vent their frustration at having seen them only through their screens.<\/p><p>The end of 2020 is fast approaching and the New Year brings with it the hope that listeners will be able to leave their screens as soon as possible to meet up again and continue together to discover the maritime issues that are so important for France and to think about the best strategies for dealing with them.<\/p>\t\t\t\t\t\t\t\t<\/div>\n\t\t\t\t<\/div>\n\t\t\t\t\t<\/div>\n\t\t<\/div>\n\t\t\t\t\t<\/div>\n\t\t<\/section>\n\t\t\t\t<section data-particle_enable=\"false\" data-particle-mobile-disabled=\"false\" class=\"elementor-section elementor-top-section elementor-element elementor-element-161912e elementor-section-boxed elementor-section-height-default elementor-section-height-default\" data-id=\"161912e\" data-element_type=\"section\" data-e-type=\"section\">\n\t\t\t\t\t\t<div class=\"elementor-container elementor-column-gap-default\">\n\t\t\t\t\t<div class=\"elementor-column elementor-col-100 elementor-top-column elementor-element elementor-element-791a305\" data-id=\"791a305\" data-element_type=\"column\" data-e-type=\"column\">\n\t\t\t<div class=\"elementor-widget-wrap\">\n\t\t\t\t\t\t\t<\/div>\n\t\t<\/div>\n\t\t\t\t\t<\/div>\n\t\t<\/section>\n\t\t\t\t<\/div>","protected":false},"excerpt":{"rendered":"<p>Faute de pouvoir mettre le cap vers l\u2019Ouest pour leur 4e s\u00e9minaire \u00e0 Brest et Lorient en raison des contraintes impos\u00e9es par la pand\u00e9mie de la COVID 19, ce sont leurs \u00e9crans et leurs r\u00e9flexions que les auditeurs de la 6e session nationale \u00ab\u00a0Enjeux et strat\u00e9gies maritimes\u00a0\u00bb ont virtuellement orient\u00e9s vers le Ponant. Il se [&hellip;]<\/p>\n","protected":false},"author":1,"featured_media":1698,"comment_status":"closed","ping_status":"closed","sticky":false,"template":"","format":"standard","meta":{"footnotes":""},"categories":[1],"tags":[],"class_list":["post-1696","post","type-post","status-publish","format-standard","has-post-thumbnail","hentry","category-uncategorized"],"yoast_head":"<!-- This site is optimized with the Yoast SEO plugin v27.5 - https:\/\/yoast.com\/product\/yoast-seo-wordpress\/ -->\n<title>S\u00e9minaire breton Virtuel pour la 6e Session nationale &quot;Enjeux et strat\u00e9gies maritimes&quot; - L&#039;IHEDN : Institut des hautes \u00e9tudes de d\u00e9fense nationale<\/title>\n<meta name=\"robots\" content=\"index, follow, max-snippet:-1, max-image-preview:large, max-video-preview:-1\" \/>\n<link rel=\"canonical\" href=\"https:\/\/ihedn.fr\/en\/actualites-des-sessions\/seminaire-breton-virtuel-pour-la-6e-session-nationale-enjeux-et-strategies-maritimes\/\" \/>\n<meta property=\"og:locale\" content=\"en_GB\" \/>\n<meta property=\"og:type\" content=\"article\" \/>\n<meta property=\"og:title\" content=\"S\u00e9minaire breton Virtuel pour la 6e Session nationale &quot;Enjeux et strat\u00e9gies maritimes&quot; - L&#039;IHEDN : Institut des hautes \u00e9tudes de d\u00e9fense nationale\" \/>\n<meta property=\"og:description\" content=\"Faute de pouvoir mettre le cap vers l\u2019Ouest pour leur 4e s\u00e9minaire \u00e0 Brest et Lorient en raison des contraintes impos\u00e9es par la pand\u00e9mie de la COVID 19, ce sont leurs \u00e9crans et leurs r\u00e9flexions que les auditeurs de la 6e session nationale \u00ab\u00a0Enjeux et strat\u00e9gies maritimes\u00a0\u00bb ont virtuellement orient\u00e9s vers le Ponant. Il se [&hellip;]\" \/>\n<meta property=\"og:url\" content=\"https:\/\/ihedn.fr\/en\/actualites-des-sessions\/seminaire-breton-virtuel-pour-la-6e-session-nationale-enjeux-et-strategies-maritimes\/\" \/>\n<meta property=\"og:site_name\" content=\"L&#039;IHEDN : Institut des hautes \u00e9tudes de d\u00e9fense nationale\" \/>\n<meta property=\"article:publisher\" content=\"https:\/\/www.facebook.com\/ihedn\/\" \/>\n<meta property=\"article:published_time\" content=\"2020-12-11T09:04:17+00:00\" \/>\n<meta property=\"article:modified_time\" content=\"2020-12-29T14:19:22+00:00\" \/>\n<meta property=\"og:image\" content=\"https:\/\/ihedn.fr\/wp-content\/uploads\/2020\/12\/Seminaire-breton-Virtuel-pour-la-6e-Session-nationale-_0003.png\" \/>\n\t<meta property=\"og:image:width\" content=\"817\" \/>\n\t<meta property=\"og:image:height\" content=\"458\" \/>\n\t<meta property=\"og:image:type\" content=\"image\/png\" \/>\n<meta name=\"author\" content=\"dev\" \/>\n<meta name=\"twitter:card\" content=\"summary_large_image\" \/>\n<meta name=\"twitter:creator\" content=\"@IHEDN\" \/>\n<meta name=\"twitter:site\" content=\"@IHEDN\" \/>\n<meta name=\"twitter:label1\" content=\"Written by\" \/>\n\t<meta name=\"twitter:data1\" content=\"dev\" \/>\n\t<meta name=\"twitter:label2\" content=\"Estimated reading time\" \/>\n\t<meta name=\"twitter:data2\" content=\"5 minutes\" \/>\n<script type=\"application\/ld+json\" class=\"yoast-schema-graph\">{\"@context\":\"https:\\\/\\\/schema.org\",\"@graph\":[{\"@type\":\"Article\",\"@id\":\"https:\\\/\\\/ihedn.fr\\\/actualites-des-sessions\\\/seminaire-breton-virtuel-pour-la-6e-session-nationale-enjeux-et-strategies-maritimes\\\/#article\",\"isPartOf\":{\"@id\":\"https:\\\/\\\/ihedn.fr\\\/actualites-des-sessions\\\/seminaire-breton-virtuel-pour-la-6e-session-nationale-enjeux-et-strategies-maritimes\\\/\"},\"author\":{\"name\":\"dev\",\"@id\":\"https:\\\/\\\/ihedn.fr\\\/#\\\/schema\\\/person\\\/7a40155595e4efb35323447cb8c8c5a4\"},\"headline\":\"S\u00e9minaire breton Virtuel pour la 6e Session nationale \u00ab\u00a0Enjeux et strat\u00e9gies maritimes\u00a0\u00bb\",\"datePublished\":\"2020-12-11T09:04:17+00:00\",\"dateModified\":\"2020-12-29T14:19:22+00:00\",\"mainEntityOfPage\":{\"@id\":\"https:\\\/\\\/ihedn.fr\\\/actualites-des-sessions\\\/seminaire-breton-virtuel-pour-la-6e-session-nationale-enjeux-et-strategies-maritimes\\\/\"},\"wordCount\":1097,\"publisher\":{\"@id\":\"https:\\\/\\\/ihedn.fr\\\/#organization\"},\"image\":{\"@id\":\"https:\\\/\\\/ihedn.fr\\\/actualites-des-sessions\\\/seminaire-breton-virtuel-pour-la-6e-session-nationale-enjeux-et-strategies-maritimes\\\/#primaryimage\"},\"thumbnailUrl\":\"https:\\\/\\\/ihedn.fr\\\/wp-content\\\/uploads\\\/2020\\\/12\\\/Seminaire-breton-Virtuel-pour-la-6e-Session-nationale-_0003.png\",\"articleSection\":[\"Uncategorized\"],\"inLanguage\":\"en-GB\"},{\"@type\":\"WebPage\",\"@id\":\"https:\\\/\\\/ihedn.fr\\\/actualites-des-sessions\\\/seminaire-breton-virtuel-pour-la-6e-session-nationale-enjeux-et-strategies-maritimes\\\/\",\"url\":\"https:\\\/\\\/ihedn.fr\\\/actualites-des-sessions\\\/seminaire-breton-virtuel-pour-la-6e-session-nationale-enjeux-et-strategies-maritimes\\\/\",\"name\":\"S\u00e9minaire breton Virtuel pour la 6e Session nationale \\\"Enjeux et strat\u00e9gies maritimes\\\" - L&#039;IHEDN : Institut des hautes \u00e9tudes de d\u00e9fense nationale\",\"isPartOf\":{\"@id\":\"https:\\\/\\\/ihedn.fr\\\/#website\"},\"primaryImageOfPage\":{\"@id\":\"https:\\\/\\\/ihedn.fr\\\/actualites-des-sessions\\\/seminaire-breton-virtuel-pour-la-6e-session-nationale-enjeux-et-strategies-maritimes\\\/#primaryimage\"},\"image\":{\"@id\":\"https:\\\/\\\/ihedn.fr\\\/actualites-des-sessions\\\/seminaire-breton-virtuel-pour-la-6e-session-nationale-enjeux-et-strategies-maritimes\\\/#primaryimage\"},\"thumbnailUrl\":\"https:\\\/\\\/ihedn.fr\\\/wp-content\\\/uploads\\\/2020\\\/12\\\/Seminaire-breton-Virtuel-pour-la-6e-Session-nationale-_0003.png\",\"datePublished\":\"2020-12-11T09:04:17+00:00\",\"dateModified\":\"2020-12-29T14:19:22+00:00\",\"breadcrumb\":{\"@id\":\"https:\\\/\\\/ihedn.fr\\\/actualites-des-sessions\\\/seminaire-breton-virtuel-pour-la-6e-session-nationale-enjeux-et-strategies-maritimes\\\/#breadcrumb\"},\"inLanguage\":\"en-GB\",\"potentialAction\":[{\"@type\":\"ReadAction\",\"target\":[\"https:\\\/\\\/ihedn.fr\\\/actualites-des-sessions\\\/seminaire-breton-virtuel-pour-la-6e-session-nationale-enjeux-et-strategies-maritimes\\\/\"]}]},{\"@type\":\"ImageObject\",\"inLanguage\":\"en-GB\",\"@id\":\"https:\\\/\\\/ihedn.fr\\\/actualites-des-sessions\\\/seminaire-breton-virtuel-pour-la-6e-session-nationale-enjeux-et-strategies-maritimes\\\/#primaryimage\",\"url\":\"https:\\\/\\\/ihedn.fr\\\/wp-content\\\/uploads\\\/2020\\\/12\\\/Seminaire-breton-Virtuel-pour-la-6e-Session-nationale-_0003.png\",\"contentUrl\":\"https:\\\/\\\/ihedn.fr\\\/wp-content\\\/uploads\\\/2020\\\/12\\\/Seminaire-breton-Virtuel-pour-la-6e-Session-nationale-_0003.png\",\"width\":817,\"height\":458},{\"@type\":\"BreadcrumbList\",\"@id\":\"https:\\\/\\\/ihedn.fr\\\/actualites-des-sessions\\\/seminaire-breton-virtuel-pour-la-6e-session-nationale-enjeux-et-strategies-maritimes\\\/#breadcrumb\",\"itemListElement\":[{\"@type\":\"ListItem\",\"position\":1,\"name\":\"Accueil\",\"item\":\"https:\\\/\\\/ihedn.fr\\\/\"},{\"@type\":\"ListItem\",\"position\":2,\"name\":\"S\u00e9minaire breton Virtuel pour la 6e Session nationale \u00ab\u00a0Enjeux et strat\u00e9gies maritimes\u00a0\u00bb\"}]},{\"@type\":\"WebSite\",\"@id\":\"https:\\\/\\\/ihedn.fr\\\/#website\",\"url\":\"https:\\\/\\\/ihedn.fr\\\/\",\"name\":\"IHEDN : Institut des hautes \u00e9tudes de d\u00e9fense nationale |\",\"description\":\"Site officiel de l&#039;IHEDN plac\u00e9 sous la tutelle du Premier ministre.\",\"publisher\":{\"@id\":\"https:\\\/\\\/ihedn.fr\\\/#organization\"},\"potentialAction\":[{\"@type\":\"SearchAction\",\"target\":{\"@type\":\"EntryPoint\",\"urlTemplate\":\"https:\\\/\\\/ihedn.fr\\\/?s={search_term_string}\"},\"query-input\":{\"@type\":\"PropertyValueSpecification\",\"valueRequired\":true,\"valueName\":\"search_term_string\"}}],\"inLanguage\":\"en-GB\"},{\"@type\":\"Organization\",\"@id\":\"https:\\\/\\\/ihedn.fr\\\/#organization\",\"name\":\"IHEDN - Institut des Hautes Etudes de D\u00e9fense Nationale\",\"url\":\"https:\\\/\\\/ihedn.fr\\\/\",\"logo\":{\"@type\":\"ImageObject\",\"inLanguage\":\"en-GB\",\"@id\":\"https:\\\/\\\/ihedn.fr\\\/#\\\/schema\\\/logo\\\/image\\\/\",\"url\":\"https:\\\/\\\/ihedn.fr\\\/wp-content\\\/uploads\\\/2020\\\/11\\\/BLOC_RF_IHEDN_WEB.png\",\"contentUrl\":\"https:\\\/\\\/ihedn.fr\\\/wp-content\\\/uploads\\\/2020\\\/11\\\/BLOC_RF_IHEDN_WEB.png\",\"width\":500,\"height\":237,\"caption\":\"IHEDN - Institut des Hautes Etudes de D\u00e9fense Nationale\"},\"image\":{\"@id\":\"https:\\\/\\\/ihedn.fr\\\/#\\\/schema\\\/logo\\\/image\\\/\"},\"sameAs\":[\"https:\\\/\\\/www.facebook.com\\\/ihedn\\\/\",\"https:\\\/\\\/x.com\\\/IHEDN\",\"https:\\\/\\\/www.instagram.com\\\/ihedn\\\/\",\"https:\\\/\\\/www.linkedin.com\\\/school\\\/ihedn\\\/\",\"https:\\\/\\\/fr.wikipedia.org\\\/wiki\\\/Institut_des_hautes_\u00e9tudes_de_D\u00e9fense_nationale\"]},{\"@type\":\"Person\",\"@id\":\"https:\\\/\\\/ihedn.fr\\\/#\\\/schema\\\/person\\\/7a40155595e4efb35323447cb8c8c5a4\",\"name\":\"dev\",\"image\":{\"@type\":\"ImageObject\",\"inLanguage\":\"en-GB\",\"@id\":\"https:\\\/\\\/secure.gravatar.com\\\/avatar\\\/f1ffcac9ca2fa95ad3ec33e9be3ade82f752acb0cabe541e56c5889225afa88a?s=96&d=mm&r=g\",\"url\":\"https:\\\/\\\/secure.gravatar.com\\\/avatar\\\/f1ffcac9ca2fa95ad3ec33e9be3ade82f752acb0cabe541e56c5889225afa88a?s=96&d=mm&r=g\",\"contentUrl\":\"https:\\\/\\\/secure.gravatar.com\\\/avatar\\\/f1ffcac9ca2fa95ad3ec33e9be3ade82f752acb0cabe541e56c5889225afa88a?s=96&d=mm&r=g\",\"caption\":\"dev\"},\"sameAs\":[\"https:\\\/\\\/ihedn.concilium.click\"],\"url\":\"https:\\\/\\\/ihedn.fr\\\/en\\\/author\\\/dev\\\/\"}]}<\/script>\n<!-- \/ Yoast SEO plugin. -->","yoast_head_json":{"title":"Breton Virtual Seminar for the 6th National Session \"Maritime Challenges and Strategies\" - L'IHEDN : Institut des hautes \u00e9tudes de d\u00e9fense nationale","robots":{"index":"index","follow":"follow","max-snippet":"max-snippet:-1","max-image-preview":"max-image-preview:large","max-video-preview":"max-video-preview:-1"},"canonical":"https:\/\/ihedn.fr\/en\/actualites-des-sessions\/seminaire-breton-virtuel-pour-la-6e-session-nationale-enjeux-et-strategies-maritimes\/","og_locale":"en_GB","og_type":"article","og_title":"S\u00e9minaire breton Virtuel pour la 6e Session nationale \"Enjeux et strat\u00e9gies maritimes\" - L&#039;IHEDN : Institut des hautes \u00e9tudes de d\u00e9fense nationale","og_description":"Faute de pouvoir mettre le cap vers l\u2019Ouest pour leur 4e s\u00e9minaire \u00e0 Brest et Lorient en raison des contraintes impos\u00e9es par la pand\u00e9mie de la COVID 19, ce sont leurs \u00e9crans et leurs r\u00e9flexions que les auditeurs de la 6e session nationale \u00ab\u00a0Enjeux et strat\u00e9gies maritimes\u00a0\u00bb ont virtuellement orient\u00e9s vers le Ponant. Il se [&hellip;]","og_url":"https:\/\/ihedn.fr\/en\/actualites-des-sessions\/seminaire-breton-virtuel-pour-la-6e-session-nationale-enjeux-et-strategies-maritimes\/","og_site_name":"L&#039;IHEDN : Institut des hautes \u00e9tudes de d\u00e9fense nationale","article_publisher":"https:\/\/www.facebook.com\/ihedn\/","article_published_time":"2020-12-11T09:04:17+00:00","article_modified_time":"2020-12-29T14:19:22+00:00","og_image":[{"width":817,"height":458,"url":"https:\/\/ihedn.fr\/wp-content\/uploads\/2020\/12\/Seminaire-breton-Virtuel-pour-la-6e-Session-nationale-_0003.png","type":"image\/png"}],"author":"dev","twitter_card":"summary_large_image","twitter_creator":"@IHEDN","twitter_site":"@IHEDN","twitter_misc":{"Written by":"dev","Estimated reading time":"5 minutes"},"schema":{"@context":"https:\/\/schema.org","@graph":[{"@type":"Article","@id":"https:\/\/ihedn.fr\/actualites-des-sessions\/seminaire-breton-virtuel-pour-la-6e-session-nationale-enjeux-et-strategies-maritimes\/#article","isPartOf":{"@id":"https:\/\/ihedn.fr\/actualites-des-sessions\/seminaire-breton-virtuel-pour-la-6e-session-nationale-enjeux-et-strategies-maritimes\/"},"author":{"name":"dev","@id":"https:\/\/ihedn.fr\/#\/schema\/person\/7a40155595e4efb35323447cb8c8c5a4"},"headline":"S\u00e9minaire breton Virtuel pour la 6e Session nationale \u00ab\u00a0Enjeux et strat\u00e9gies maritimes\u00a0\u00bb","datePublished":"2020-12-11T09:04:17+00:00","dateModified":"2020-12-29T14:19:22+00:00","mainEntityOfPage":{"@id":"https:\/\/ihedn.fr\/actualites-des-sessions\/seminaire-breton-virtuel-pour-la-6e-session-nationale-enjeux-et-strategies-maritimes\/"},"wordCount":1097,"publisher":{"@id":"https:\/\/ihedn.fr\/#organization"},"image":{"@id":"https:\/\/ihedn.fr\/actualites-des-sessions\/seminaire-breton-virtuel-pour-la-6e-session-nationale-enjeux-et-strategies-maritimes\/#primaryimage"},"thumbnailUrl":"https:\/\/ihedn.fr\/wp-content\/uploads\/2020\/12\/Seminaire-breton-Virtuel-pour-la-6e-Session-nationale-_0003.png","articleSection":["Uncategorized"],"inLanguage":"en-GB"},{"@type":"WebPage","@id":"https:\/\/ihedn.fr\/actualites-des-sessions\/seminaire-breton-virtuel-pour-la-6e-session-nationale-enjeux-et-strategies-maritimes\/","url":"https:\/\/ihedn.fr\/actualites-des-sessions\/seminaire-breton-virtuel-pour-la-6e-session-nationale-enjeux-et-strategies-maritimes\/","name":"Breton Virtual Seminar for the 6th National Session \"Maritime Challenges and Strategies\" - L'IHEDN : Institut des hautes \u00e9tudes de d\u00e9fense nationale","isPartOf":{"@id":"https:\/\/ihedn.fr\/#website"},"primaryImageOfPage":{"@id":"https:\/\/ihedn.fr\/actualites-des-sessions\/seminaire-breton-virtuel-pour-la-6e-session-nationale-enjeux-et-strategies-maritimes\/#primaryimage"},"image":{"@id":"https:\/\/ihedn.fr\/actualites-des-sessions\/seminaire-breton-virtuel-pour-la-6e-session-nationale-enjeux-et-strategies-maritimes\/#primaryimage"},"thumbnailUrl":"https:\/\/ihedn.fr\/wp-content\/uploads\/2020\/12\/Seminaire-breton-Virtuel-pour-la-6e-Session-nationale-_0003.png","datePublished":"2020-12-11T09:04:17+00:00","dateModified":"2020-12-29T14:19:22+00:00","breadcrumb":{"@id":"https:\/\/ihedn.fr\/actualites-des-sessions\/seminaire-breton-virtuel-pour-la-6e-session-nationale-enjeux-et-strategies-maritimes\/#breadcrumb"},"inLanguage":"en-GB","potentialAction":[{"@type":"ReadAction","target":["https:\/\/ihedn.fr\/actualites-des-sessions\/seminaire-breton-virtuel-pour-la-6e-session-nationale-enjeux-et-strategies-maritimes\/"]}]},{"@type":"ImageObject","inLanguage":"en-GB","@id":"https:\/\/ihedn.fr\/actualites-des-sessions\/seminaire-breton-virtuel-pour-la-6e-session-nationale-enjeux-et-strategies-maritimes\/#primaryimage","url":"https:\/\/ihedn.fr\/wp-content\/uploads\/2020\/12\/Seminaire-breton-Virtuel-pour-la-6e-Session-nationale-_0003.png","contentUrl":"https:\/\/ihedn.fr\/wp-content\/uploads\/2020\/12\/Seminaire-breton-Virtuel-pour-la-6e-Session-nationale-_0003.png","width":817,"height":458},{"@type":"BreadcrumbList","@id":"https:\/\/ihedn.fr\/actualites-des-sessions\/seminaire-breton-virtuel-pour-la-6e-session-nationale-enjeux-et-strategies-maritimes\/#breadcrumb","itemListElement":[{"@type":"ListItem","position":1,"name":"Accueil","item":"https:\/\/ihedn.fr\/"},{"@type":"ListItem","position":2,"name":"S\u00e9minaire breton Virtuel pour la 6e Session nationale \u00ab\u00a0Enjeux et strat\u00e9gies maritimes\u00a0\u00bb"}]},{"@type":"WebSite","@id":"https:\/\/ihedn.fr\/#website","url":"https:\/\/ihedn.fr\/","name":"IHEDN: Institut des hautes \u00e9tudes de d\u00e9fense nationale (Institute for Higher National Defence Studies)","description":"Official website of the IHEDN under the supervision of the Prime Minister.","publisher":{"@id":"https:\/\/ihedn.fr\/#organization"},"potentialAction":[{"@type":"SearchAction","target":{"@type":"EntryPoint","urlTemplate":"https:\/\/ihedn.fr\/?s={search_term_string}"},"query-input":{"@type":"PropertyValueSpecification","valueRequired":true,"valueName":"search_term_string"}}],"inLanguage":"en-GB"},{"@type":"Organization","@id":"https:\/\/ihedn.fr\/#organization","name":"IHEDN - Institute for Higher National Defence Studies","url":"https:\/\/ihedn.fr\/","logo":{"@type":"ImageObject","inLanguage":"en-GB","@id":"https:\/\/ihedn.fr\/#\/schema\/logo\/image\/","url":"https:\/\/ihedn.fr\/wp-content\/uploads\/2020\/11\/BLOC_RF_IHEDN_WEB.png","contentUrl":"https:\/\/ihedn.fr\/wp-content\/uploads\/2020\/11\/BLOC_RF_IHEDN_WEB.png","width":500,"height":237,"caption":"IHEDN - Institut des Hautes Etudes de D\u00e9fense Nationale"},"image":{"@id":"https:\/\/ihedn.fr\/#\/schema\/logo\/image\/"},"sameAs":["https:\/\/www.facebook.com\/ihedn\/","https:\/\/x.com\/IHEDN","https:\/\/www.instagram.com\/ihedn\/","https:\/\/www.linkedin.com\/school\/ihedn\/","https:\/\/fr.wikipedia.org\/wiki\/Institut_des_hautes_\u00e9tudes_de_D\u00e9fense_nationale"]},{"@type":"Person","@id":"https:\/\/ihedn.fr\/#\/schema\/person\/7a40155595e4efb35323447cb8c8c5a4","name":"dev","image":{"@type":"ImageObject","inLanguage":"en-GB","@id":"https:\/\/secure.gravatar.com\/avatar\/f1ffcac9ca2fa95ad3ec33e9be3ade82f752acb0cabe541e56c5889225afa88a?s=96&d=mm&r=g","url":"https:\/\/secure.gravatar.com\/avatar\/f1ffcac9ca2fa95ad3ec33e9be3ade82f752acb0cabe541e56c5889225afa88a?s=96&d=mm&r=g","contentUrl":"https:\/\/secure.gravatar.com\/avatar\/f1ffcac9ca2fa95ad3ec33e9be3ade82f752acb0cabe541e56c5889225afa88a?s=96&d=mm&r=g","caption":"dev"},"sameAs":["https:\/\/ihedn.concilium.click"],"url":"https:\/\/ihedn.fr\/en\/author\/dev\/"}]}},"publishpress_future_action":{"enabled":false,"date":"2026-05-08 06:23:28","action":"change-status","newStatus":"draft","terms":[],"taxonomy":"category","extraData":[]},"publishpress_future_workflow_manual_trigger":{"enabledWorkflows":[]},"_links":{"self":[{"href":"https:\/\/ihedn.fr\/en\/wp-json\/wp\/v2\/posts\/1696","targetHints":{"allow":["GET"]}}],"collection":[{"href":"https:\/\/ihedn.fr\/en\/wp-json\/wp\/v2\/posts"}],"about":[{"href":"https:\/\/ihedn.fr\/en\/wp-json\/wp\/v2\/types\/post"}],"author":[{"embeddable":true,"href":"https:\/\/ihedn.fr\/en\/wp-json\/wp\/v2\/users\/1"}],"replies":[{"embeddable":true,"href":"https:\/\/ihedn.fr\/en\/wp-json\/wp\/v2\/comments?post=1696"}],"version-history":[{"count":5,"href":"https:\/\/ihedn.fr\/en\/wp-json\/wp\/v2\/posts\/1696\/revisions"}],"predecessor-version":[{"id":1725,"href":"https:\/\/ihedn.fr\/en\/wp-json\/wp\/v2\/posts\/1696\/revisions\/1725"}],"wp:featuredmedia":[{"embeddable":true,"href":"https:\/\/ihedn.fr\/en\/wp-json\/wp\/v2\/media\/1698"}],"wp:attachment":[{"href":"https:\/\/ihedn.fr\/en\/wp-json\/wp\/v2\/media?parent=1696"}],"wp:term":[{"taxonomy":"category","embeddable":true,"href":"https:\/\/ihedn.fr\/en\/wp-json\/wp\/v2\/categories?post=1696"},{"taxonomy":"post_tag","embeddable":true,"href":"https:\/\/ihedn.fr\/en\/wp-json\/wp\/v2\/tags?post=1696"}],"curies":[{"name":"wp","href":"https:\/\/api.w.org\/{rel}","templated":true}]}}