{"id":1835,"date":"2020-12-09T13:53:24","date_gmt":"2020-12-09T11:53:24","guid":{"rendered":"https:\/\/ihedn.concilium.click\/?p=1835"},"modified":"2021-01-20T11:41:57","modified_gmt":"2021-01-20T10:41:57","slug":"lunion-europeenne-face-aux-defis-des-menaces-hybrides","status":"publish","type":"post","link":"https:\/\/ihedn.fr\/en\/uncategorized\/lunion-europeenne-face-aux-defis-des-menaces-hybrides\/","title":{"rendered":"The European Union and the challenges of hybrid threats"},"content":{"rendered":"<div data-elementor-type=\"wp-post\" data-elementor-id=\"1835\" class=\"elementor elementor-1835\" data-elementor-post-type=\"post\">\n\t\t\t\t\t\t<section data-particle_enable=\"false\" data-particle-mobile-disabled=\"false\" class=\"elementor-section elementor-top-section elementor-element elementor-element-e41245a elementor-section-boxed elementor-section-height-default elementor-section-height-default\" data-id=\"e41245a\" data-element_type=\"section\" data-e-type=\"section\">\n\t\t\t\t\t\t<div class=\"elementor-container elementor-column-gap-default\">\n\t\t\t\t\t<div class=\"elementor-column elementor-col-100 elementor-top-column elementor-element elementor-element-47166b8\" data-id=\"47166b8\" data-element_type=\"column\" data-e-type=\"column\">\n\t\t\t<div class=\"elementor-widget-wrap elementor-element-populated\">\n\t\t\t\t\t\t<div class=\"elementor-element elementor-element-1618291 elementor-widget elementor-widget-text-editor\" data-id=\"1618291\" data-element_type=\"widget\" data-e-type=\"widget\" data-widget_type=\"text-editor.default\">\n\t\t\t\t<div class=\"elementor-widget-container\">\n\t\t\t\t\t\t\t\t\t<p>Organised under the aegis of the European Security and Defence College (ESDC), the course entitled \"The European Union and the challenges of hybrid threats\" opened today with a speech by Lieutenant General Patrick Destremau, Director of the Institut des Hautes Etudes de D\u00e9fense Nationale (IHEDN).<br \/>\u00a0<br \/>Prepared and run by IHEDN's Department of Europe and International Affairs (DEAI), this session will be held exclusively online for health reasons. This course, which will alternate a rich programme of presentations and round tables, will be held over three days from 8 to 10 December 2020. It brings together 34 participants from various European Union Member States.<br \/>\u00a0<br \/>The content of this course will enable students to familiarise themselves with all the diplomatic, institutional, legal and operational issues relating to the concepts of hybrid threats and wars, after attempting to define the limits of these constantly evolving terms.<br \/>\u00a0<br \/><em>The course entitled \"The European union facing hybrid threats challenges\", organized within the framework of the European Security and Defence College (ESDC) has started this morning with an opening address by the Lieutenant-General Destremau, Director of the Institute for Higher National Defence Studies (IHEDN).<\/em><br \/><em>\u00a0<\/em><br \/><em>Organised and conducted by the Department for Europe and International Affairs of the IHEDN, this course is virtually held, in the context of the COVID-19 pandemic. It centres around conferences and roundtables scheduled from December 8 to December 10. The course gathers 34 participants from different Member States of the European Union.<\/em><br \/><em>\u00a0<\/em><br \/><em>It will give the participants the opportunity to gain a deeper knowledge as regards diplomatic, institutional, legal and operational issues and challenges related to hybrid threats and hybrid warfare, concepts constantly evolving.<\/em><\/p>\t\t\t\t\t\t\t\t<\/div>\n\t\t\t\t<\/div>\n\t\t\t\t\t<\/div>\n\t\t<\/div>\n\t\t\t\t\t<\/div>\n\t\t<\/section>\n\t\t\t\t<section data-particle_enable=\"false\" data-particle-mobile-disabled=\"false\" class=\"elementor-section elementor-top-section elementor-element elementor-element-161912e elementor-section-boxed elementor-section-height-default elementor-section-height-default\" data-id=\"161912e\" data-element_type=\"section\" data-e-type=\"section\">\n\t\t\t\t\t\t<div class=\"elementor-container elementor-column-gap-default\">\n\t\t\t\t\t<div class=\"elementor-column elementor-col-100 elementor-top-column elementor-element elementor-element-791a305\" data-id=\"791a305\" data-element_type=\"column\" data-e-type=\"column\">\n\t\t\t<div class=\"elementor-widget-wrap\">\n\t\t\t\t\t\t\t<\/div>\n\t\t<\/div>\n\t\t\t\t\t<\/div>\n\t\t<\/section>\n\t\t\t\t<\/div>","protected":false},"excerpt":{"rendered":"<p>Organis\u00e9 sous l\u2019\u00e9gide du Coll\u00e8ge Europ\u00e9en de S\u00e9curit\u00e9 et de D\u00e9fense (CESD), le cours intitul\u00e9 \u00ab\u00a0L\u2019Union Europ\u00e9enne face aux d\u00e9fis des menaces hybrides\u00a0\u00bb a d\u00e9but\u00e9 ce jour \u00e0 par une allocution du g\u00e9n\u00e9ral de corps d\u2019arm\u00e9e Patrick Destremau, directeur de l\u2019Institut des Hautes Etudes de D\u00e9fense Nationale (IHEDN). Pr\u00e9par\u00e9e et conduite par le D\u00e9partement de [&hellip;]<\/p>\n","protected":false},"author":1,"featured_media":1742,"comment_status":"closed","ping_status":"closed","sticky":false,"template":"","format":"standard","meta":{"footnotes":""},"categories":[1],"tags":[],"class_list":["post-1835","post","type-post","status-publish","format-standard","has-post-thumbnail","hentry","category-uncategorized"],"yoast_head":"<!-- This site is optimized with the Yoast SEO plugin v27.5 - https:\/\/yoast.com\/product\/yoast-seo-wordpress\/ -->\n<title>L\u2019union europ\u00e9enne face aux d\u00e9fis des menaces hybrides - L&#039;IHEDN : Institut des hautes \u00e9tudes de d\u00e9fense nationale<\/title>\n<meta name=\"robots\" content=\"index, follow, max-snippet:-1, max-image-preview:large, max-video-preview:-1\" \/>\n<link rel=\"canonical\" href=\"https:\/\/ihedn.fr\/en\/actualites-des-sessions\/lunion-europeenne-face-aux-defis-des-menaces-hybrides\/\" \/>\n<meta property=\"og:locale\" content=\"en_GB\" \/>\n<meta property=\"og:type\" content=\"article\" \/>\n<meta property=\"og:title\" content=\"L\u2019union europ\u00e9enne face aux d\u00e9fis des menaces hybrides - L&#039;IHEDN : Institut des hautes \u00e9tudes de d\u00e9fense nationale\" \/>\n<meta property=\"og:description\" content=\"Organis\u00e9 sous l\u2019\u00e9gide du Coll\u00e8ge Europ\u00e9en de S\u00e9curit\u00e9 et de D\u00e9fense (CESD), le cours intitul\u00e9 \u00ab\u00a0L\u2019Union Europ\u00e9enne face aux d\u00e9fis des menaces hybrides\u00a0\u00bb a d\u00e9but\u00e9 ce jour \u00e0 par une allocution du g\u00e9n\u00e9ral de corps d\u2019arm\u00e9e Patrick Destremau, directeur de l\u2019Institut des Hautes Etudes de D\u00e9fense Nationale (IHEDN). Pr\u00e9par\u00e9e et conduite par le D\u00e9partement de [&hellip;]\" \/>\n<meta property=\"og:url\" content=\"https:\/\/ihedn.fr\/en\/actualites-des-sessions\/lunion-europeenne-face-aux-defis-des-menaces-hybrides\/\" \/>\n<meta property=\"og:site_name\" content=\"L&#039;IHEDN : Institut des hautes \u00e9tudes de d\u00e9fense nationale\" \/>\n<meta property=\"article:publisher\" content=\"https:\/\/www.facebook.com\/ihedn\/\" \/>\n<meta property=\"article:published_time\" content=\"2020-12-09T11:53:24+00:00\" \/>\n<meta property=\"article:modified_time\" content=\"2021-01-20T10:41:57+00:00\" \/>\n<meta property=\"og:image\" content=\"https:\/\/ihedn.fr\/wp-content\/uploads\/2020\/12\/IHEDN-Lunion-europeenne-face-aux-defis-des-menaces-hybrides.jpg\" \/>\n\t<meta property=\"og:image:width\" content=\"1000\" \/>\n\t<meta property=\"og:image:height\" content=\"687\" \/>\n\t<meta property=\"og:image:type\" content=\"image\/jpeg\" \/>\n<meta name=\"author\" content=\"dev\" \/>\n<meta name=\"twitter:card\" content=\"summary_large_image\" \/>\n<meta name=\"twitter:creator\" content=\"@IHEDN\" \/>\n<meta name=\"twitter:site\" content=\"@IHEDN\" \/>\n<meta name=\"twitter:label1\" content=\"Written by\" \/>\n\t<meta name=\"twitter:data1\" content=\"dev\" \/>\n\t<meta name=\"twitter:label2\" content=\"Estimated reading time\" \/>\n\t<meta name=\"twitter:data2\" content=\"2 minutes\" \/>\n<script type=\"application\/ld+json\" class=\"yoast-schema-graph\">{\"@context\":\"https:\\\/\\\/schema.org\",\"@graph\":[{\"@type\":\"Article\",\"@id\":\"https:\\\/\\\/ihedn.fr\\\/actualites-des-sessions\\\/lunion-europeenne-face-aux-defis-des-menaces-hybrides\\\/#article\",\"isPartOf\":{\"@id\":\"https:\\\/\\\/ihedn.fr\\\/actualites-des-sessions\\\/lunion-europeenne-face-aux-defis-des-menaces-hybrides\\\/\"},\"author\":{\"name\":\"dev\",\"@id\":\"https:\\\/\\\/ihedn.fr\\\/#\\\/schema\\\/person\\\/7a40155595e4efb35323447cb8c8c5a4\"},\"headline\":\"L\u2019union europ\u00e9enne face aux d\u00e9fis des menaces hybrides\",\"datePublished\":\"2020-12-09T11:53:24+00:00\",\"dateModified\":\"2021-01-20T10:41:57+00:00\",\"mainEntityOfPage\":{\"@id\":\"https:\\\/\\\/ihedn.fr\\\/actualites-des-sessions\\\/lunion-europeenne-face-aux-defis-des-menaces-hybrides\\\/\"},\"wordCount\":315,\"publisher\":{\"@id\":\"https:\\\/\\\/ihedn.fr\\\/#organization\"},\"image\":{\"@id\":\"https:\\\/\\\/ihedn.fr\\\/actualites-des-sessions\\\/lunion-europeenne-face-aux-defis-des-menaces-hybrides\\\/#primaryimage\"},\"thumbnailUrl\":\"https:\\\/\\\/ihedn.fr\\\/wp-content\\\/uploads\\\/2020\\\/12\\\/IHEDN-Lunion-europeenne-face-aux-defis-des-menaces-hybrides.jpg\",\"articleSection\":[\"Uncategorized\"],\"inLanguage\":\"en-GB\"},{\"@type\":\"WebPage\",\"@id\":\"https:\\\/\\\/ihedn.fr\\\/actualites-des-sessions\\\/lunion-europeenne-face-aux-defis-des-menaces-hybrides\\\/\",\"url\":\"https:\\\/\\\/ihedn.fr\\\/actualites-des-sessions\\\/lunion-europeenne-face-aux-defis-des-menaces-hybrides\\\/\",\"name\":\"L\u2019union europ\u00e9enne face aux d\u00e9fis des menaces hybrides - L&#039;IHEDN : Institut des hautes \u00e9tudes de d\u00e9fense nationale\",\"isPartOf\":{\"@id\":\"https:\\\/\\\/ihedn.fr\\\/#website\"},\"primaryImageOfPage\":{\"@id\":\"https:\\\/\\\/ihedn.fr\\\/actualites-des-sessions\\\/lunion-europeenne-face-aux-defis-des-menaces-hybrides\\\/#primaryimage\"},\"image\":{\"@id\":\"https:\\\/\\\/ihedn.fr\\\/actualites-des-sessions\\\/lunion-europeenne-face-aux-defis-des-menaces-hybrides\\\/#primaryimage\"},\"thumbnailUrl\":\"https:\\\/\\\/ihedn.fr\\\/wp-content\\\/uploads\\\/2020\\\/12\\\/IHEDN-Lunion-europeenne-face-aux-defis-des-menaces-hybrides.jpg\",\"datePublished\":\"2020-12-09T11:53:24+00:00\",\"dateModified\":\"2021-01-20T10:41:57+00:00\",\"breadcrumb\":{\"@id\":\"https:\\\/\\\/ihedn.fr\\\/actualites-des-sessions\\\/lunion-europeenne-face-aux-defis-des-menaces-hybrides\\\/#breadcrumb\"},\"inLanguage\":\"en-GB\",\"potentialAction\":[{\"@type\":\"ReadAction\",\"target\":[\"https:\\\/\\\/ihedn.fr\\\/actualites-des-sessions\\\/lunion-europeenne-face-aux-defis-des-menaces-hybrides\\\/\"]}]},{\"@type\":\"ImageObject\",\"inLanguage\":\"en-GB\",\"@id\":\"https:\\\/\\\/ihedn.fr\\\/actualites-des-sessions\\\/lunion-europeenne-face-aux-defis-des-menaces-hybrides\\\/#primaryimage\",\"url\":\"https:\\\/\\\/ihedn.fr\\\/wp-content\\\/uploads\\\/2020\\\/12\\\/IHEDN-Lunion-europeenne-face-aux-defis-des-menaces-hybrides.jpg\",\"contentUrl\":\"https:\\\/\\\/ihedn.fr\\\/wp-content\\\/uploads\\\/2020\\\/12\\\/IHEDN-Lunion-europeenne-face-aux-defis-des-menaces-hybrides.jpg\",\"width\":1000,\"height\":687},{\"@type\":\"BreadcrumbList\",\"@id\":\"https:\\\/\\\/ihedn.fr\\\/actualites-des-sessions\\\/lunion-europeenne-face-aux-defis-des-menaces-hybrides\\\/#breadcrumb\",\"itemListElement\":[{\"@type\":\"ListItem\",\"position\":1,\"name\":\"Accueil\",\"item\":\"https:\\\/\\\/ihedn.fr\\\/\"},{\"@type\":\"ListItem\",\"position\":2,\"name\":\"L\u2019union europ\u00e9enne face aux d\u00e9fis des menaces hybrides\"}]},{\"@type\":\"WebSite\",\"@id\":\"https:\\\/\\\/ihedn.fr\\\/#website\",\"url\":\"https:\\\/\\\/ihedn.fr\\\/\",\"name\":\"IHEDN : Institut des hautes \u00e9tudes de d\u00e9fense nationale |\",\"description\":\"Site officiel de l&#039;IHEDN plac\u00e9 sous la tutelle du Premier ministre.\",\"publisher\":{\"@id\":\"https:\\\/\\\/ihedn.fr\\\/#organization\"},\"potentialAction\":[{\"@type\":\"SearchAction\",\"target\":{\"@type\":\"EntryPoint\",\"urlTemplate\":\"https:\\\/\\\/ihedn.fr\\\/?s={search_term_string}\"},\"query-input\":{\"@type\":\"PropertyValueSpecification\",\"valueRequired\":true,\"valueName\":\"search_term_string\"}}],\"inLanguage\":\"en-GB\"},{\"@type\":\"Organization\",\"@id\":\"https:\\\/\\\/ihedn.fr\\\/#organization\",\"name\":\"IHEDN - Institut des Hautes Etudes de D\u00e9fense Nationale\",\"url\":\"https:\\\/\\\/ihedn.fr\\\/\",\"logo\":{\"@type\":\"ImageObject\",\"inLanguage\":\"en-GB\",\"@id\":\"https:\\\/\\\/ihedn.fr\\\/#\\\/schema\\\/logo\\\/image\\\/\",\"url\":\"https:\\\/\\\/ihedn.fr\\\/wp-content\\\/uploads\\\/2020\\\/11\\\/BLOC_RF_IHEDN_WEB.png\",\"contentUrl\":\"https:\\\/\\\/ihedn.fr\\\/wp-content\\\/uploads\\\/2020\\\/11\\\/BLOC_RF_IHEDN_WEB.png\",\"width\":500,\"height\":237,\"caption\":\"IHEDN - Institut des Hautes Etudes de D\u00e9fense Nationale\"},\"image\":{\"@id\":\"https:\\\/\\\/ihedn.fr\\\/#\\\/schema\\\/logo\\\/image\\\/\"},\"sameAs\":[\"https:\\\/\\\/www.facebook.com\\\/ihedn\\\/\",\"https:\\\/\\\/x.com\\\/IHEDN\",\"https:\\\/\\\/www.instagram.com\\\/ihedn\\\/\",\"https:\\\/\\\/www.linkedin.com\\\/school\\\/ihedn\\\/\",\"https:\\\/\\\/fr.wikipedia.org\\\/wiki\\\/Institut_des_hautes_\u00e9tudes_de_D\u00e9fense_nationale\"]},{\"@type\":\"Person\",\"@id\":\"https:\\\/\\\/ihedn.fr\\\/#\\\/schema\\\/person\\\/7a40155595e4efb35323447cb8c8c5a4\",\"name\":\"dev\",\"image\":{\"@type\":\"ImageObject\",\"inLanguage\":\"en-GB\",\"@id\":\"https:\\\/\\\/secure.gravatar.com\\\/avatar\\\/f1ffcac9ca2fa95ad3ec33e9be3ade82f752acb0cabe541e56c5889225afa88a?s=96&d=mm&r=g\",\"url\":\"https:\\\/\\\/secure.gravatar.com\\\/avatar\\\/f1ffcac9ca2fa95ad3ec33e9be3ade82f752acb0cabe541e56c5889225afa88a?s=96&d=mm&r=g\",\"contentUrl\":\"https:\\\/\\\/secure.gravatar.com\\\/avatar\\\/f1ffcac9ca2fa95ad3ec33e9be3ade82f752acb0cabe541e56c5889225afa88a?s=96&d=mm&r=g\",\"caption\":\"dev\"},\"sameAs\":[\"https:\\\/\\\/ihedn.concilium.click\"],\"url\":\"https:\\\/\\\/ihedn.fr\\\/en\\\/author\\\/dev\\\/\"}]}<\/script>\n<!-- \/ Yoast SEO plugin. -->","yoast_head_json":{"title":"The European Union and the challenges of hybrid threats - L'IHEDN : Institut des hautes \u00e9tudes de d\u00e9fense nationale","robots":{"index":"index","follow":"follow","max-snippet":"max-snippet:-1","max-image-preview":"max-image-preview:large","max-video-preview":"max-video-preview:-1"},"canonical":"https:\/\/ihedn.fr\/en\/actualites-des-sessions\/lunion-europeenne-face-aux-defis-des-menaces-hybrides\/","og_locale":"en_GB","og_type":"article","og_title":"L\u2019union europ\u00e9enne face aux d\u00e9fis des menaces hybrides - L&#039;IHEDN : Institut des hautes \u00e9tudes de d\u00e9fense nationale","og_description":"Organis\u00e9 sous l\u2019\u00e9gide du Coll\u00e8ge Europ\u00e9en de S\u00e9curit\u00e9 et de D\u00e9fense (CESD), le cours intitul\u00e9 \u00ab\u00a0L\u2019Union Europ\u00e9enne face aux d\u00e9fis des menaces hybrides\u00a0\u00bb a d\u00e9but\u00e9 ce jour \u00e0 par une allocution du g\u00e9n\u00e9ral de corps d\u2019arm\u00e9e Patrick Destremau, directeur de l\u2019Institut des Hautes Etudes de D\u00e9fense Nationale (IHEDN). Pr\u00e9par\u00e9e et conduite par le D\u00e9partement de [&hellip;]","og_url":"https:\/\/ihedn.fr\/en\/actualites-des-sessions\/lunion-europeenne-face-aux-defis-des-menaces-hybrides\/","og_site_name":"L&#039;IHEDN : Institut des hautes \u00e9tudes de d\u00e9fense nationale","article_publisher":"https:\/\/www.facebook.com\/ihedn\/","article_published_time":"2020-12-09T11:53:24+00:00","article_modified_time":"2021-01-20T10:41:57+00:00","og_image":[{"width":1000,"height":687,"url":"https:\/\/ihedn.fr\/wp-content\/uploads\/2020\/12\/IHEDN-Lunion-europeenne-face-aux-defis-des-menaces-hybrides.jpg","type":"image\/jpeg"}],"author":"dev","twitter_card":"summary_large_image","twitter_creator":"@IHEDN","twitter_site":"@IHEDN","twitter_misc":{"Written by":"dev","Estimated reading time":"2 minutes"},"schema":{"@context":"https:\/\/schema.org","@graph":[{"@type":"Article","@id":"https:\/\/ihedn.fr\/actualites-des-sessions\/lunion-europeenne-face-aux-defis-des-menaces-hybrides\/#article","isPartOf":{"@id":"https:\/\/ihedn.fr\/actualites-des-sessions\/lunion-europeenne-face-aux-defis-des-menaces-hybrides\/"},"author":{"name":"dev","@id":"https:\/\/ihedn.fr\/#\/schema\/person\/7a40155595e4efb35323447cb8c8c5a4"},"headline":"L\u2019union europ\u00e9enne face aux d\u00e9fis des menaces hybrides","datePublished":"2020-12-09T11:53:24+00:00","dateModified":"2021-01-20T10:41:57+00:00","mainEntityOfPage":{"@id":"https:\/\/ihedn.fr\/actualites-des-sessions\/lunion-europeenne-face-aux-defis-des-menaces-hybrides\/"},"wordCount":315,"publisher":{"@id":"https:\/\/ihedn.fr\/#organization"},"image":{"@id":"https:\/\/ihedn.fr\/actualites-des-sessions\/lunion-europeenne-face-aux-defis-des-menaces-hybrides\/#primaryimage"},"thumbnailUrl":"https:\/\/ihedn.fr\/wp-content\/uploads\/2020\/12\/IHEDN-Lunion-europeenne-face-aux-defis-des-menaces-hybrides.jpg","articleSection":["Uncategorized"],"inLanguage":"en-GB"},{"@type":"WebPage","@id":"https:\/\/ihedn.fr\/actualites-des-sessions\/lunion-europeenne-face-aux-defis-des-menaces-hybrides\/","url":"https:\/\/ihedn.fr\/actualites-des-sessions\/lunion-europeenne-face-aux-defis-des-menaces-hybrides\/","name":"The European Union and the challenges of hybrid threats - L'IHEDN : Institut des hautes \u00e9tudes de d\u00e9fense nationale","isPartOf":{"@id":"https:\/\/ihedn.fr\/#website"},"primaryImageOfPage":{"@id":"https:\/\/ihedn.fr\/actualites-des-sessions\/lunion-europeenne-face-aux-defis-des-menaces-hybrides\/#primaryimage"},"image":{"@id":"https:\/\/ihedn.fr\/actualites-des-sessions\/lunion-europeenne-face-aux-defis-des-menaces-hybrides\/#primaryimage"},"thumbnailUrl":"https:\/\/ihedn.fr\/wp-content\/uploads\/2020\/12\/IHEDN-Lunion-europeenne-face-aux-defis-des-menaces-hybrides.jpg","datePublished":"2020-12-09T11:53:24+00:00","dateModified":"2021-01-20T10:41:57+00:00","breadcrumb":{"@id":"https:\/\/ihedn.fr\/actualites-des-sessions\/lunion-europeenne-face-aux-defis-des-menaces-hybrides\/#breadcrumb"},"inLanguage":"en-GB","potentialAction":[{"@type":"ReadAction","target":["https:\/\/ihedn.fr\/actualites-des-sessions\/lunion-europeenne-face-aux-defis-des-menaces-hybrides\/"]}]},{"@type":"ImageObject","inLanguage":"en-GB","@id":"https:\/\/ihedn.fr\/actualites-des-sessions\/lunion-europeenne-face-aux-defis-des-menaces-hybrides\/#primaryimage","url":"https:\/\/ihedn.fr\/wp-content\/uploads\/2020\/12\/IHEDN-Lunion-europeenne-face-aux-defis-des-menaces-hybrides.jpg","contentUrl":"https:\/\/ihedn.fr\/wp-content\/uploads\/2020\/12\/IHEDN-Lunion-europeenne-face-aux-defis-des-menaces-hybrides.jpg","width":1000,"height":687},{"@type":"BreadcrumbList","@id":"https:\/\/ihedn.fr\/actualites-des-sessions\/lunion-europeenne-face-aux-defis-des-menaces-hybrides\/#breadcrumb","itemListElement":[{"@type":"ListItem","position":1,"name":"Accueil","item":"https:\/\/ihedn.fr\/"},{"@type":"ListItem","position":2,"name":"L\u2019union europ\u00e9enne face aux d\u00e9fis des menaces hybrides"}]},{"@type":"WebSite","@id":"https:\/\/ihedn.fr\/#website","url":"https:\/\/ihedn.fr\/","name":"IHEDN: Institut des hautes \u00e9tudes de d\u00e9fense nationale (Institute for Higher National Defence Studies)","description":"Official website of the IHEDN under the supervision of the Prime Minister.","publisher":{"@id":"https:\/\/ihedn.fr\/#organization"},"potentialAction":[{"@type":"SearchAction","target":{"@type":"EntryPoint","urlTemplate":"https:\/\/ihedn.fr\/?s={search_term_string}"},"query-input":{"@type":"PropertyValueSpecification","valueRequired":true,"valueName":"search_term_string"}}],"inLanguage":"en-GB"},{"@type":"Organization","@id":"https:\/\/ihedn.fr\/#organization","name":"IHEDN - Institute for Higher National Defence Studies","url":"https:\/\/ihedn.fr\/","logo":{"@type":"ImageObject","inLanguage":"en-GB","@id":"https:\/\/ihedn.fr\/#\/schema\/logo\/image\/","url":"https:\/\/ihedn.fr\/wp-content\/uploads\/2020\/11\/BLOC_RF_IHEDN_WEB.png","contentUrl":"https:\/\/ihedn.fr\/wp-content\/uploads\/2020\/11\/BLOC_RF_IHEDN_WEB.png","width":500,"height":237,"caption":"IHEDN - Institut des Hautes Etudes de D\u00e9fense Nationale"},"image":{"@id":"https:\/\/ihedn.fr\/#\/schema\/logo\/image\/"},"sameAs":["https:\/\/www.facebook.com\/ihedn\/","https:\/\/x.com\/IHEDN","https:\/\/www.instagram.com\/ihedn\/","https:\/\/www.linkedin.com\/school\/ihedn\/","https:\/\/fr.wikipedia.org\/wiki\/Institut_des_hautes_\u00e9tudes_de_D\u00e9fense_nationale"]},{"@type":"Person","@id":"https:\/\/ihedn.fr\/#\/schema\/person\/7a40155595e4efb35323447cb8c8c5a4","name":"dev","image":{"@type":"ImageObject","inLanguage":"en-GB","@id":"https:\/\/secure.gravatar.com\/avatar\/f1ffcac9ca2fa95ad3ec33e9be3ade82f752acb0cabe541e56c5889225afa88a?s=96&d=mm&r=g","url":"https:\/\/secure.gravatar.com\/avatar\/f1ffcac9ca2fa95ad3ec33e9be3ade82f752acb0cabe541e56c5889225afa88a?s=96&d=mm&r=g","contentUrl":"https:\/\/secure.gravatar.com\/avatar\/f1ffcac9ca2fa95ad3ec33e9be3ade82f752acb0cabe541e56c5889225afa88a?s=96&d=mm&r=g","caption":"dev"},"sameAs":["https:\/\/ihedn.concilium.click"],"url":"https:\/\/ihedn.fr\/en\/author\/dev\/"}]}},"publishpress_future_action":{"enabled":false,"date":"2026-05-08 06:23:27","action":"change-status","newStatus":"draft","terms":[],"taxonomy":"category","extraData":[]},"publishpress_future_workflow_manual_trigger":{"enabledWorkflows":[]},"_links":{"self":[{"href":"https:\/\/ihedn.fr\/en\/wp-json\/wp\/v2\/posts\/1835","targetHints":{"allow":["GET"]}}],"collection":[{"href":"https:\/\/ihedn.fr\/en\/wp-json\/wp\/v2\/posts"}],"about":[{"href":"https:\/\/ihedn.fr\/en\/wp-json\/wp\/v2\/types\/post"}],"author":[{"embeddable":true,"href":"https:\/\/ihedn.fr\/en\/wp-json\/wp\/v2\/users\/1"}],"replies":[{"embeddable":true,"href":"https:\/\/ihedn.fr\/en\/wp-json\/wp\/v2\/comments?post=1835"}],"version-history":[{"count":5,"href":"https:\/\/ihedn.fr\/en\/wp-json\/wp\/v2\/posts\/1835\/revisions"}],"predecessor-version":[{"id":6578,"href":"https:\/\/ihedn.fr\/en\/wp-json\/wp\/v2\/posts\/1835\/revisions\/6578"}],"wp:featuredmedia":[{"embeddable":true,"href":"https:\/\/ihedn.fr\/en\/wp-json\/wp\/v2\/media\/1742"}],"wp:attachment":[{"href":"https:\/\/ihedn.fr\/en\/wp-json\/wp\/v2\/media?parent=1835"}],"wp:term":[{"taxonomy":"category","embeddable":true,"href":"https:\/\/ihedn.fr\/en\/wp-json\/wp\/v2\/categories?post=1835"},{"taxonomy":"post_tag","embeddable":true,"href":"https:\/\/ihedn.fr\/en\/wp-json\/wp\/v2\/tags?post=1835"}],"curies":[{"name":"wp","href":"https:\/\/api.w.org\/{rel}","templated":true}]}}