{"id":1851,"date":"2020-11-24T14:07:00","date_gmt":"2020-11-24T12:07:00","guid":{"rendered":"https:\/\/ihedn.concilium.click\/?p=1851"},"modified":"2020-12-29T16:20:21","modified_gmt":"2020-12-29T14:20:21","slug":"escale-virtuelle-a-toulon-de-la-guilde-de-la-6e-session-nationale-enjeux-et-strategies-maritimes","status":"publish","type":"post","link":"https:\/\/ihedn.fr\/en\/uncategorized\/escale-virtuelle-a-toulon-de-la-guilde-de-la-6e-session-nationale-enjeux-et-strategies-maritimes\/","title":{"rendered":"Virtual stopover in Toulon for the guild taking part in the 6th National Session on \"Maritime Challenges and Strategies\"."},"content":{"rendered":"<div data-elementor-type=\"wp-post\" data-elementor-id=\"1851\" class=\"elementor elementor-1851\" data-elementor-post-type=\"post\">\n\t\t\t\t\t\t<section data-particle_enable=\"false\" data-particle-mobile-disabled=\"false\" class=\"elementor-section elementor-top-section elementor-element elementor-element-99b1914 elementor-section-boxed elementor-section-height-default elementor-section-height-default\" data-id=\"99b1914\" data-element_type=\"section\" data-e-type=\"section\">\n\t\t\t\t\t\t<div class=\"elementor-container elementor-column-gap-default\">\n\t\t\t\t\t<div class=\"elementor-column elementor-col-100 elementor-top-column elementor-element elementor-element-341e84f\" data-id=\"341e84f\" data-element_type=\"column\" data-e-type=\"column\">\n\t\t\t<div class=\"elementor-widget-wrap elementor-element-populated\">\n\t\t\t\t\t\t<div class=\"elementor-element elementor-element-815ad26 elementor-widget elementor-widget-text-editor\" data-id=\"815ad26\" data-element_type=\"widget\" data-e-type=\"widget\" data-widget_type=\"text-editor.default\">\n\t\t\t\t<div class=\"elementor-widget-container\">\n\t\t\t\t\t\t\t\t\t<p>After an initial stopover in Nantes at the beginning of October, listeners to the 6<sup>e<\/sup> session on \"Maritime issues and strategies\" sailed over the web to Toulon on 20 and 21 November 2020. But while the journeys were virtual, the debates and committee work lost none of their reality or intensity.<\/p>\t\t\t\t\t\t\t\t<\/div>\n\t\t\t\t<\/div>\n\t\t\t\t\t<\/div>\n\t\t<\/div>\n\t\t\t\t\t<\/div>\n\t\t<\/section>\n\t\t\t\t<section data-particle_enable=\"false\" data-particle-mobile-disabled=\"false\" class=\"elementor-section elementor-top-section elementor-element elementor-element-cea6d8c elementor-section-boxed elementor-section-height-default elementor-section-height-default\" data-id=\"cea6d8c\" data-element_type=\"section\" data-e-type=\"section\">\n\t\t\t\t\t\t<div class=\"elementor-container elementor-column-gap-default\">\n\t\t\t\t\t<div class=\"elementor-column elementor-col-100 elementor-top-column elementor-element elementor-element-7580fc6\" data-id=\"7580fc6\" data-element_type=\"column\" data-e-type=\"column\">\n\t\t\t<div class=\"elementor-widget-wrap elementor-element-populated\">\n\t\t\t\t\t\t<div class=\"elementor-element elementor-element-50c367e elementor-widget elementor-widget-image\" data-id=\"50c367e\" data-element_type=\"widget\" data-e-type=\"widget\" data-widget_type=\"image.default\">\n\t\t\t\t<div class=\"elementor-widget-container\">\n\t\t\t\t\t\t\t\t\t\t\t\t\t\t\t<img fetchpriority=\"high\" decoding=\"async\" width=\"800\" height=\"528\" src=\"https:\/\/ihedn.fr\/wp-content\/uploads\/2020\/12\/IHEDN-Escale-virtuelle-a-Toulon-de-la-guilde-de-la-6e-Session-nationale-01.jpg\" class=\"attachment-large size-large wp-image-1852\" alt=\"\" \/>\t\t\t\t\t\t\t\t\t\t\t\t\t\t\t<\/div>\n\t\t\t\t<\/div>\n\t\t\t\t\t<\/div>\n\t\t<\/div>\n\t\t\t\t\t<\/div>\n\t\t<\/section>\n\t\t\t\t<section data-particle_enable=\"false\" data-particle-mobile-disabled=\"false\" class=\"elementor-section elementor-top-section elementor-element elementor-element-54b8944 elementor-section-boxed elementor-section-height-default elementor-section-height-default\" data-id=\"54b8944\" data-element_type=\"section\" data-e-type=\"section\">\n\t\t\t\t\t\t<div class=\"elementor-container elementor-column-gap-default\">\n\t\t\t\t\t<div class=\"elementor-column elementor-col-100 elementor-top-column elementor-element elementor-element-399a317\" data-id=\"399a317\" data-element_type=\"column\" data-e-type=\"column\">\n\t\t\t<div class=\"elementor-widget-wrap elementor-element-populated\">\n\t\t\t\t\t\t<div class=\"elementor-element elementor-element-845c7c8 elementor-widget elementor-widget-text-editor\" data-id=\"845c7c8\" data-element_type=\"widget\" data-e-type=\"widget\" data-widget_type=\"text-editor.default\">\n\t\t\t\t<div class=\"elementor-widget-container\">\n\t\t\t\t\t\t\t\t\t<p>The auditors were immersed in maritime and naval operations in the Mediterranean, a particularly sensitive crisis zone due to its geopolitical tensions, the proliferation of crime and the vulnerability of its exceptional biodiversity. They were able to meet the highest local maritime authorities of the State who ensure the safety of our fellow citizens and the defence of France's interests on a daily basis in the Mediterranean. Units from the French Navy, Maritime Affairs, Customs, Gendarmerie and the national sea rescue company are on duty 24 hours a day.<\/p><p>On Friday morning, Navy Chief Inspector Thierry Duchesne, deputy for State action at sea, showed the audience how the French organisation of State action at sea enabled the Maritime Prefect, under the authority of the Prime Minister, to coordinate with remarkable efficiency the action of all the administrations involved at sea, thus optimising their resources and enabling them to benefit from the resources of others. Rear-Admiral Roux de Luze, CECMED's deputy operations officer, then explained to the audience the challenges and diversity of naval operations in the Mediterranean led by the maritime zone commander (CECMED) under the authority of the ECS.<\/p>\t\t\t\t\t\t\t\t<\/div>\n\t\t\t\t<\/div>\n\t\t\t\t\t<\/div>\n\t\t<\/div>\n\t\t\t\t\t<\/div>\n\t\t<\/section>\n\t\t\t\t<section data-particle_enable=\"false\" data-particle-mobile-disabled=\"false\" class=\"elementor-section elementor-top-section elementor-element elementor-element-043bf6b elementor-section-boxed elementor-section-height-default elementor-section-height-default\" data-id=\"043bf6b\" data-element_type=\"section\" data-e-type=\"section\">\n\t\t\t\t\t\t<div class=\"elementor-container elementor-column-gap-default\">\n\t\t\t\t\t<div class=\"elementor-column elementor-col-100 elementor-top-column elementor-element elementor-element-2e64165\" data-id=\"2e64165\" data-element_type=\"column\" data-e-type=\"column\">\n\t\t\t<div class=\"elementor-widget-wrap elementor-element-populated\">\n\t\t\t\t\t\t<div class=\"elementor-element elementor-element-8ea1989 elementor-widget elementor-widget-image\" data-id=\"8ea1989\" data-element_type=\"widget\" data-e-type=\"widget\" data-widget_type=\"image.default\">\n\t\t\t\t<div class=\"elementor-widget-container\">\n\t\t\t\t\t\t\t\t\t\t\t\t\t\t\t<img decoding=\"async\" width=\"800\" height=\"526\" src=\"https:\/\/ihedn.fr\/wp-content\/uploads\/2020\/11\/IHEDN-Escale-virtuelle-a-Toulon-de-la-guilde-de-la-6e-Session-nationale-02.jpg\" class=\"attachment-large size-large wp-image-1854\" alt=\"\" \/>\t\t\t\t\t\t\t\t\t\t\t\t\t\t\t<\/div>\n\t\t\t\t<\/div>\n\t\t\t\t\t<\/div>\n\t\t<\/div>\n\t\t\t\t\t<\/div>\n\t\t<\/section>\n\t\t\t\t<section data-particle_enable=\"false\" data-particle-mobile-disabled=\"false\" class=\"elementor-section elementor-top-section elementor-element elementor-element-6040314 elementor-section-boxed elementor-section-height-default elementor-section-height-default\" data-id=\"6040314\" data-element_type=\"section\" data-e-type=\"section\">\n\t\t\t\t\t\t<div class=\"elementor-container elementor-column-gap-default\">\n\t\t\t\t\t<div class=\"elementor-column elementor-col-100 elementor-top-column elementor-element elementor-element-fef98aa\" data-id=\"fef98aa\" data-element_type=\"column\" data-e-type=\"column\">\n\t\t\t<div class=\"elementor-widget-wrap elementor-element-populated\">\n\t\t\t\t\t\t<div class=\"elementor-element elementor-element-faa6038 elementor-widget elementor-widget-text-editor\" data-id=\"faa6038\" data-element_type=\"widget\" data-e-type=\"widget\" data-widget_type=\"text-editor.default\">\n\t\t\t\t<div class=\"elementor-widget-container\">\n\t\t\t\t\t\t\t\t\t<p>The afternoon was first devoted to the 'organic' authorities responsible for maintaining the navy's ships and aircraft and for training their crews. Vice-Admiral Xavier Baudouard, Commander of the Naval Action Force, and Rear-Admiral \u00c9ric Janicot, Commander of the Naval Aviation Maritime Force, discussed with the audience the major technical and human challenges posed by changing threats, the increasing use of digital technology within the Navy, equipment maintenance, and the recruitment and retention of increasingly qualified personnel who are in ever greater demand. The auditors were thus able to discover the very high technological level of the navy's resources - surface ships, submarines and aircraft - as well as the expertise and strong motivation of the sailors who operate them. At the same time, they were able to appreciate the difficulties encountered in maintaining equipment in operational condition, and in recruiting and retaining high-quality sailors in a context of increasing operational pressure and high demands on crews.<\/p><p>The day ended with a videotour of CROSS M\u00e9diterran\u00e9e (CROSSMED - Centre r\u00e9gional op\u00e9rationnel de s\u00e9curit\u00e9 et de sauvetage), where the auditors were welcomed by its director, Philippe Michaud, chief administrator of maritime affairs. By \"virtually\" climbing the gangway - a \"visiovisite\" was tried out for the occasion - the auditors were able to see for themselves the exceptional efficiency of this interministerial organisation, which enables the Maritime Prefect to immediately mobilise all government resources at sea.<br \/>By disconnecting from their videoconference, the listeners found themselves bitterly isolated from each other, but with the pleasing prospect of seeing each other again the following day. They will remain particularly grateful for the time that these authorities were kind enough to devote to their joint reflection and, above all, for the breadth of vision, the simplicity and the great frankness of the remarks that were made.<\/p>\t\t\t\t\t\t\t\t<\/div>\n\t\t\t\t<\/div>\n\t\t\t\t\t<\/div>\n\t\t<\/div>\n\t\t\t\t\t<\/div>\n\t\t<\/section>\n\t\t\t\t<section data-particle_enable=\"false\" data-particle-mobile-disabled=\"false\" class=\"elementor-section elementor-top-section elementor-element elementor-element-ab508f7 elementor-section-boxed elementor-section-height-default elementor-section-height-default\" data-id=\"ab508f7\" data-element_type=\"section\" data-e-type=\"section\">\n\t\t\t\t\t\t<div class=\"elementor-container elementor-column-gap-default\">\n\t\t\t\t\t<div class=\"elementor-column elementor-col-100 elementor-top-column elementor-element elementor-element-7f56484\" data-id=\"7f56484\" data-element_type=\"column\" data-e-type=\"column\">\n\t\t\t<div class=\"elementor-widget-wrap elementor-element-populated\">\n\t\t\t\t\t\t<div class=\"elementor-element elementor-element-175eb06 elementor-widget elementor-widget-image\" data-id=\"175eb06\" data-element_type=\"widget\" data-e-type=\"widget\" data-widget_type=\"image.default\">\n\t\t\t\t<div class=\"elementor-widget-container\">\n\t\t\t\t\t\t\t\t\t\t\t\t<figure class=\"wp-caption\">\n\t\t\t\t\t\t\t\t\t\t<img decoding=\"async\" width=\"626\" height=\"218\" src=\"https:\/\/ihedn.fr\/wp-content\/uploads\/2020\/11\/IHEDN-Escale-virtuelle-a-Toulon-de-la-guilde-de-la-6e-Session-nationale-03.jpg\" class=\"attachment-full size-full wp-image-1855\" alt=\"\" \/>\t\t\t\t\t\t\t\t\t\t\t<figcaption class=\"widget-image-caption wp-caption-text\"> IHEDN | Virtual stopover in Toulon for the 6th National Session guild: Michel L'Hour shares his passion and convictions with listeners <\/figcaption>\n\t\t\t\t\t\t\t\t\t\t<\/figure>\n\t\t\t\t\t\t\t\t\t<\/div>\n\t\t\t\t<\/div>\n\t\t\t\t\t<\/div>\n\t\t<\/div>\n\t\t\t\t\t<\/div>\n\t\t<\/section>\n\t\t\t\t<section data-particle_enable=\"false\" data-particle-mobile-disabled=\"false\" class=\"elementor-section elementor-top-section elementor-element elementor-element-ac3aa2b elementor-section-boxed elementor-section-height-default elementor-section-height-default\" data-id=\"ac3aa2b\" data-element_type=\"section\" data-e-type=\"section\">\n\t\t\t\t\t\t<div class=\"elementor-container elementor-column-gap-default\">\n\t\t\t\t\t<div class=\"elementor-column elementor-col-100 elementor-top-column elementor-element elementor-element-c85b97d\" data-id=\"c85b97d\" data-element_type=\"column\" data-e-type=\"column\">\n\t\t\t<div class=\"elementor-widget-wrap elementor-element-populated\">\n\t\t\t\t\t\t<div class=\"elementor-element elementor-element-3e65450 elementor-widget elementor-widget-text-editor\" data-id=\"3e65450\" data-element_type=\"widget\" data-e-type=\"widget\" data-widget_type=\"text-editor.default\">\n\t\t\t\t<div class=\"elementor-widget-container\">\n\t\t\t\t\t\t\t\t\t<p>The long-awaited next day did not disappoint, as from the early hours of the morning, they went to the heart of the abyss to dream with Michel l'Hour, an internationally renowned specialist in underwater archaeology and Director of the Department of Underwater and Subaquatic Archaeological Research (DRASSM). He shared with them his passion for the riches hidden in the wrecks of the \"world's largest museum\". These wrecks, in addition to their exceptional cultural and historical interest, can represent real strategic and geopolitical issues, and even threats to the environment, depending on the toxic nature of their cargoes, which can be gradually released by corrosion. With Serge Segura, Ambassador for the Oceans, who had joined the audience for their committee work, the debate was of unparalleled richness and intensity, which unfortunately had to be brought to an end after running well over the allotted time.<\/p>\t\t\t\t\t\t\t\t<\/div>\n\t\t\t\t<\/div>\n\t\t\t\t\t<\/div>\n\t\t<\/div>\n\t\t\t\t\t<\/div>\n\t\t<\/section>\n\t\t\t\t<section data-particle_enable=\"false\" data-particle-mobile-disabled=\"false\" class=\"elementor-section elementor-top-section elementor-element elementor-element-1031ef9 elementor-section-boxed elementor-section-height-default elementor-section-height-default\" data-id=\"1031ef9\" data-element_type=\"section\" data-e-type=\"section\">\n\t\t\t\t\t\t<div class=\"elementor-container elementor-column-gap-default\">\n\t\t\t\t\t<div class=\"elementor-column elementor-col-100 elementor-top-column elementor-element elementor-element-5159a24\" data-id=\"5159a24\" data-element_type=\"column\" data-e-type=\"column\">\n\t\t\t<div class=\"elementor-widget-wrap elementor-element-populated\">\n\t\t\t\t\t\t<div class=\"elementor-element elementor-element-0fb8840 elementor-widget elementor-widget-image\" data-id=\"0fb8840\" data-element_type=\"widget\" data-e-type=\"widget\" data-widget_type=\"image.default\">\n\t\t\t\t<div class=\"elementor-widget-container\">\n\t\t\t\t\t\t\t\t\t\t\t\t\t\t\t<img loading=\"lazy\" decoding=\"async\" width=\"800\" height=\"383\" src=\"https:\/\/ihedn.fr\/wp-content\/uploads\/2020\/11\/IHEDN-Escale-virtuelle-a-Toulon-de-la-guilde-de-la-6e-Session-nationale-04.jpg\" class=\"attachment-large size-large wp-image-1856\" alt=\"\" \/>\t\t\t\t\t\t\t\t\t\t\t\t\t\t\t<\/div>\n\t\t\t\t<\/div>\n\t\t\t\t\t<\/div>\n\t\t<\/div>\n\t\t\t\t\t<\/div>\n\t\t<\/section>\n\t\t\t\t<section data-particle_enable=\"false\" data-particle-mobile-disabled=\"false\" class=\"elementor-section elementor-top-section elementor-element elementor-element-c2c53ef elementor-section-boxed elementor-section-height-default elementor-section-height-default\" data-id=\"c2c53ef\" data-element_type=\"section\" data-e-type=\"section\">\n\t\t\t\t\t\t<div class=\"elementor-container elementor-column-gap-default\">\n\t\t\t\t\t<div class=\"elementor-column elementor-col-100 elementor-top-column elementor-element elementor-element-d21b96d\" data-id=\"d21b96d\" data-element_type=\"column\" data-e-type=\"column\">\n\t\t\t<div class=\"elementor-widget-wrap elementor-element-populated\">\n\t\t\t\t\t\t<div class=\"elementor-element elementor-element-9041f9e elementor-widget elementor-widget-text-editor\" data-id=\"9041f9e\" data-element_type=\"widget\" data-e-type=\"widget\" data-widget_type=\"text-editor.default\">\n\t\t\t\t<div class=\"elementor-widget-container\">\n\t\t\t\t\t\t\t\t\t<p>On Saturday afternoon, before returning to their rooms full of excitement, the auditors concluded their seminar with a progress report on the studies entrusted to them by the Prime Minister on sovereignty in the maritime domain. For the occasion, Olivier Schmitt, Head of the Studies and Research Department, joined the auditors and his deputy, M\u00e9lissa Levaillant, who was also in charge of teaching for the session, to guide the auditors and congratulate them on the work they had accomplished.<\/p>\t\t\t\t\t\t\t\t<\/div>\n\t\t\t\t<\/div>\n\t\t\t\t\t<\/div>\n\t\t<\/div>\n\t\t\t\t\t<\/div>\n\t\t<\/section>\n\t\t\t\t<\/div>","protected":false},"excerpt":{"rendered":"<p>Apr\u00e8s une premi\u00e8re escale en chair et en os \u00e0 Nantes d\u00e9but octobre, les auditeurs de la 6e session nationale \u00ab\u00a0Enjeux et strat\u00e9gies maritimes\u00a0\u00bb ont vogu\u00e9 sur le web pour atteindre Toulon le 20 et 21 novembre 2020. Mais si les d\u00e9placements ont \u00e9t\u00e9 virtuels, les d\u00e9bats et les travaux de comit\u00e9 n\u2019ont rien perdu [&hellip;]<\/p>\n","protected":false},"author":1,"featured_media":1852,"comment_status":"closed","ping_status":"closed","sticky":false,"template":"","format":"standard","meta":{"footnotes":""},"categories":[1],"tags":[],"class_list":["post-1851","post","type-post","status-publish","format-standard","has-post-thumbnail","hentry","category-uncategorized"],"yoast_head":"<!-- This site is optimized with the Yoast SEO plugin v27.5 - https:\/\/yoast.com\/product\/yoast-seo-wordpress\/ -->\n<title>Escale virtuelle \u00e0 Toulon de la guilde de la 6e Session nationale &quot;Enjeux et strat\u00e9gies maritimes&quot; - L&#039;IHEDN : Institut des hautes \u00e9tudes de d\u00e9fense nationale<\/title>\n<meta name=\"robots\" content=\"index, follow, max-snippet:-1, max-image-preview:large, max-video-preview:-1\" \/>\n<link rel=\"canonical\" href=\"https:\/\/ihedn.fr\/en\/actualites-des-sessions\/escale-virtuelle-a-toulon-de-la-guilde-de-la-6e-session-nationale-enjeux-et-strategies-maritimes\/\" \/>\n<meta property=\"og:locale\" content=\"en_GB\" \/>\n<meta property=\"og:type\" content=\"article\" \/>\n<meta property=\"og:title\" content=\"Escale virtuelle \u00e0 Toulon de la guilde de la 6e Session nationale &quot;Enjeux et strat\u00e9gies maritimes&quot; - L&#039;IHEDN : Institut des hautes \u00e9tudes de d\u00e9fense nationale\" \/>\n<meta property=\"og:description\" content=\"Apr\u00e8s une premi\u00e8re escale en chair et en os \u00e0 Nantes d\u00e9but octobre, les auditeurs de la 6e session nationale \u00ab\u00a0Enjeux et strat\u00e9gies maritimes\u00a0\u00bb ont vogu\u00e9 sur le web pour atteindre Toulon le 20 et 21 novembre 2020. Mais si les d\u00e9placements ont \u00e9t\u00e9 virtuels, les d\u00e9bats et les travaux de comit\u00e9 n\u2019ont rien perdu [&hellip;]\" \/>\n<meta property=\"og:url\" content=\"https:\/\/ihedn.fr\/en\/actualites-des-sessions\/escale-virtuelle-a-toulon-de-la-guilde-de-la-6e-session-nationale-enjeux-et-strategies-maritimes\/\" \/>\n<meta property=\"og:site_name\" content=\"L&#039;IHEDN : Institut des hautes \u00e9tudes de d\u00e9fense nationale\" \/>\n<meta property=\"article:publisher\" content=\"https:\/\/www.facebook.com\/ihedn\/\" \/>\n<meta property=\"article:published_time\" content=\"2020-11-24T12:07:00+00:00\" \/>\n<meta property=\"article:modified_time\" content=\"2020-12-29T14:20:21+00:00\" \/>\n<meta property=\"og:image\" content=\"https:\/\/ihedn.fr\/wp-content\/uploads\/2020\/12\/IHEDN-Escale-virtuelle-a-Toulon-de-la-guilde-de-la-6e-Session-nationale-01.jpg\" \/>\n\t<meta property=\"og:image:width\" content=\"966\" \/>\n\t<meta property=\"og:image:height\" content=\"637\" \/>\n\t<meta property=\"og:image:type\" content=\"image\/jpeg\" \/>\n<meta name=\"author\" content=\"dev\" \/>\n<meta name=\"twitter:card\" content=\"summary_large_image\" \/>\n<meta name=\"twitter:creator\" content=\"@IHEDN\" \/>\n<meta name=\"twitter:site\" content=\"@IHEDN\" \/>\n<meta name=\"twitter:label1\" content=\"Written by\" \/>\n\t<meta name=\"twitter:data1\" content=\"dev\" \/>\n\t<meta name=\"twitter:label2\" content=\"Estimated reading time\" \/>\n\t<meta name=\"twitter:data2\" content=\"5 minutes\" \/>\n<script type=\"application\/ld+json\" class=\"yoast-schema-graph\">{\"@context\":\"https:\\\/\\\/schema.org\",\"@graph\":[{\"@type\":\"Article\",\"@id\":\"https:\\\/\\\/ihedn.fr\\\/actualites-des-sessions\\\/escale-virtuelle-a-toulon-de-la-guilde-de-la-6e-session-nationale-enjeux-et-strategies-maritimes\\\/#article\",\"isPartOf\":{\"@id\":\"https:\\\/\\\/ihedn.fr\\\/actualites-des-sessions\\\/escale-virtuelle-a-toulon-de-la-guilde-de-la-6e-session-nationale-enjeux-et-strategies-maritimes\\\/\"},\"author\":{\"name\":\"dev\",\"@id\":\"https:\\\/\\\/ihedn.fr\\\/#\\\/schema\\\/person\\\/7a40155595e4efb35323447cb8c8c5a4\"},\"headline\":\"Escale virtuelle \u00e0 Toulon de la guilde de la 6e Session nationale \u00ab\u00a0Enjeux et strat\u00e9gies maritimes\u00a0\u00bb\",\"datePublished\":\"2020-11-24T12:07:00+00:00\",\"dateModified\":\"2020-12-29T14:20:21+00:00\",\"mainEntityOfPage\":{\"@id\":\"https:\\\/\\\/ihedn.fr\\\/actualites-des-sessions\\\/escale-virtuelle-a-toulon-de-la-guilde-de-la-6e-session-nationale-enjeux-et-strategies-maritimes\\\/\"},\"wordCount\":989,\"publisher\":{\"@id\":\"https:\\\/\\\/ihedn.fr\\\/#organization\"},\"image\":{\"@id\":\"https:\\\/\\\/ihedn.fr\\\/actualites-des-sessions\\\/escale-virtuelle-a-toulon-de-la-guilde-de-la-6e-session-nationale-enjeux-et-strategies-maritimes\\\/#primaryimage\"},\"thumbnailUrl\":\"https:\\\/\\\/ihedn.fr\\\/wp-content\\\/uploads\\\/2020\\\/12\\\/IHEDN-Escale-virtuelle-a-Toulon-de-la-guilde-de-la-6e-Session-nationale-01.jpg\",\"articleSection\":[\"Uncategorized\"],\"inLanguage\":\"en-GB\"},{\"@type\":\"WebPage\",\"@id\":\"https:\\\/\\\/ihedn.fr\\\/actualites-des-sessions\\\/escale-virtuelle-a-toulon-de-la-guilde-de-la-6e-session-nationale-enjeux-et-strategies-maritimes\\\/\",\"url\":\"https:\\\/\\\/ihedn.fr\\\/actualites-des-sessions\\\/escale-virtuelle-a-toulon-de-la-guilde-de-la-6e-session-nationale-enjeux-et-strategies-maritimes\\\/\",\"name\":\"Escale virtuelle \u00e0 Toulon de la guilde de la 6e Session nationale \\\"Enjeux et strat\u00e9gies maritimes\\\" - L&#039;IHEDN : Institut des hautes \u00e9tudes de d\u00e9fense nationale\",\"isPartOf\":{\"@id\":\"https:\\\/\\\/ihedn.fr\\\/#website\"},\"primaryImageOfPage\":{\"@id\":\"https:\\\/\\\/ihedn.fr\\\/actualites-des-sessions\\\/escale-virtuelle-a-toulon-de-la-guilde-de-la-6e-session-nationale-enjeux-et-strategies-maritimes\\\/#primaryimage\"},\"image\":{\"@id\":\"https:\\\/\\\/ihedn.fr\\\/actualites-des-sessions\\\/escale-virtuelle-a-toulon-de-la-guilde-de-la-6e-session-nationale-enjeux-et-strategies-maritimes\\\/#primaryimage\"},\"thumbnailUrl\":\"https:\\\/\\\/ihedn.fr\\\/wp-content\\\/uploads\\\/2020\\\/12\\\/IHEDN-Escale-virtuelle-a-Toulon-de-la-guilde-de-la-6e-Session-nationale-01.jpg\",\"datePublished\":\"2020-11-24T12:07:00+00:00\",\"dateModified\":\"2020-12-29T14:20:21+00:00\",\"breadcrumb\":{\"@id\":\"https:\\\/\\\/ihedn.fr\\\/actualites-des-sessions\\\/escale-virtuelle-a-toulon-de-la-guilde-de-la-6e-session-nationale-enjeux-et-strategies-maritimes\\\/#breadcrumb\"},\"inLanguage\":\"en-GB\",\"potentialAction\":[{\"@type\":\"ReadAction\",\"target\":[\"https:\\\/\\\/ihedn.fr\\\/actualites-des-sessions\\\/escale-virtuelle-a-toulon-de-la-guilde-de-la-6e-session-nationale-enjeux-et-strategies-maritimes\\\/\"]}]},{\"@type\":\"ImageObject\",\"inLanguage\":\"en-GB\",\"@id\":\"https:\\\/\\\/ihedn.fr\\\/actualites-des-sessions\\\/escale-virtuelle-a-toulon-de-la-guilde-de-la-6e-session-nationale-enjeux-et-strategies-maritimes\\\/#primaryimage\",\"url\":\"https:\\\/\\\/ihedn.fr\\\/wp-content\\\/uploads\\\/2020\\\/12\\\/IHEDN-Escale-virtuelle-a-Toulon-de-la-guilde-de-la-6e-Session-nationale-01.jpg\",\"contentUrl\":\"https:\\\/\\\/ihedn.fr\\\/wp-content\\\/uploads\\\/2020\\\/12\\\/IHEDN-Escale-virtuelle-a-Toulon-de-la-guilde-de-la-6e-Session-nationale-01.jpg\",\"width\":966,\"height\":637},{\"@type\":\"BreadcrumbList\",\"@id\":\"https:\\\/\\\/ihedn.fr\\\/actualites-des-sessions\\\/escale-virtuelle-a-toulon-de-la-guilde-de-la-6e-session-nationale-enjeux-et-strategies-maritimes\\\/#breadcrumb\",\"itemListElement\":[{\"@type\":\"ListItem\",\"position\":1,\"name\":\"Accueil\",\"item\":\"https:\\\/\\\/ihedn.fr\\\/\"},{\"@type\":\"ListItem\",\"position\":2,\"name\":\"Escale virtuelle \u00e0 Toulon de la guilde de la 6e Session nationale \u00ab\u00a0Enjeux et strat\u00e9gies maritimes\u00a0\u00bb\"}]},{\"@type\":\"WebSite\",\"@id\":\"https:\\\/\\\/ihedn.fr\\\/#website\",\"url\":\"https:\\\/\\\/ihedn.fr\\\/\",\"name\":\"IHEDN : Institut des hautes \u00e9tudes de d\u00e9fense nationale |\",\"description\":\"Site officiel de l&#039;IHEDN plac\u00e9 sous la tutelle du Premier ministre.\",\"publisher\":{\"@id\":\"https:\\\/\\\/ihedn.fr\\\/#organization\"},\"potentialAction\":[{\"@type\":\"SearchAction\",\"target\":{\"@type\":\"EntryPoint\",\"urlTemplate\":\"https:\\\/\\\/ihedn.fr\\\/?s={search_term_string}\"},\"query-input\":{\"@type\":\"PropertyValueSpecification\",\"valueRequired\":true,\"valueName\":\"search_term_string\"}}],\"inLanguage\":\"en-GB\"},{\"@type\":\"Organization\",\"@id\":\"https:\\\/\\\/ihedn.fr\\\/#organization\",\"name\":\"IHEDN - Institut des Hautes Etudes de D\u00e9fense Nationale\",\"url\":\"https:\\\/\\\/ihedn.fr\\\/\",\"logo\":{\"@type\":\"ImageObject\",\"inLanguage\":\"en-GB\",\"@id\":\"https:\\\/\\\/ihedn.fr\\\/#\\\/schema\\\/logo\\\/image\\\/\",\"url\":\"https:\\\/\\\/ihedn.fr\\\/wp-content\\\/uploads\\\/2020\\\/11\\\/BLOC_RF_IHEDN_WEB.png\",\"contentUrl\":\"https:\\\/\\\/ihedn.fr\\\/wp-content\\\/uploads\\\/2020\\\/11\\\/BLOC_RF_IHEDN_WEB.png\",\"width\":500,\"height\":237,\"caption\":\"IHEDN - Institut des Hautes Etudes de D\u00e9fense Nationale\"},\"image\":{\"@id\":\"https:\\\/\\\/ihedn.fr\\\/#\\\/schema\\\/logo\\\/image\\\/\"},\"sameAs\":[\"https:\\\/\\\/www.facebook.com\\\/ihedn\\\/\",\"https:\\\/\\\/x.com\\\/IHEDN\",\"https:\\\/\\\/www.instagram.com\\\/ihedn\\\/\",\"https:\\\/\\\/www.linkedin.com\\\/school\\\/ihedn\\\/\",\"https:\\\/\\\/fr.wikipedia.org\\\/wiki\\\/Institut_des_hautes_\u00e9tudes_de_D\u00e9fense_nationale\"]},{\"@type\":\"Person\",\"@id\":\"https:\\\/\\\/ihedn.fr\\\/#\\\/schema\\\/person\\\/7a40155595e4efb35323447cb8c8c5a4\",\"name\":\"dev\",\"image\":{\"@type\":\"ImageObject\",\"inLanguage\":\"en-GB\",\"@id\":\"https:\\\/\\\/secure.gravatar.com\\\/avatar\\\/f1ffcac9ca2fa95ad3ec33e9be3ade82f752acb0cabe541e56c5889225afa88a?s=96&d=mm&r=g\",\"url\":\"https:\\\/\\\/secure.gravatar.com\\\/avatar\\\/f1ffcac9ca2fa95ad3ec33e9be3ade82f752acb0cabe541e56c5889225afa88a?s=96&d=mm&r=g\",\"contentUrl\":\"https:\\\/\\\/secure.gravatar.com\\\/avatar\\\/f1ffcac9ca2fa95ad3ec33e9be3ade82f752acb0cabe541e56c5889225afa88a?s=96&d=mm&r=g\",\"caption\":\"dev\"},\"sameAs\":[\"https:\\\/\\\/ihedn.concilium.click\"],\"url\":\"https:\\\/\\\/ihedn.fr\\\/en\\\/author\\\/dev\\\/\"}]}<\/script>\n<!-- \/ Yoast SEO plugin. -->","yoast_head_json":{"title":"Virtual stopover in Toulon for the guild of the 6th National Session \"Maritime Challenges and Strategies\" - L'IHEDN : Institut des hautes \u00e9tudes de d\u00e9fense nationale (Graduate Institute of National Defence)","robots":{"index":"index","follow":"follow","max-snippet":"max-snippet:-1","max-image-preview":"max-image-preview:large","max-video-preview":"max-video-preview:-1"},"canonical":"https:\/\/ihedn.fr\/en\/actualites-des-sessions\/escale-virtuelle-a-toulon-de-la-guilde-de-la-6e-session-nationale-enjeux-et-strategies-maritimes\/","og_locale":"en_GB","og_type":"article","og_title":"Escale virtuelle \u00e0 Toulon de la guilde de la 6e Session nationale \"Enjeux et strat\u00e9gies maritimes\" - L&#039;IHEDN : Institut des hautes \u00e9tudes de d\u00e9fense nationale","og_description":"Apr\u00e8s une premi\u00e8re escale en chair et en os \u00e0 Nantes d\u00e9but octobre, les auditeurs de la 6e session nationale \u00ab\u00a0Enjeux et strat\u00e9gies maritimes\u00a0\u00bb ont vogu\u00e9 sur le web pour atteindre Toulon le 20 et 21 novembre 2020. Mais si les d\u00e9placements ont \u00e9t\u00e9 virtuels, les d\u00e9bats et les travaux de comit\u00e9 n\u2019ont rien perdu [&hellip;]","og_url":"https:\/\/ihedn.fr\/en\/actualites-des-sessions\/escale-virtuelle-a-toulon-de-la-guilde-de-la-6e-session-nationale-enjeux-et-strategies-maritimes\/","og_site_name":"L&#039;IHEDN : Institut des hautes \u00e9tudes de d\u00e9fense nationale","article_publisher":"https:\/\/www.facebook.com\/ihedn\/","article_published_time":"2020-11-24T12:07:00+00:00","article_modified_time":"2020-12-29T14:20:21+00:00","og_image":[{"width":966,"height":637,"url":"https:\/\/ihedn.fr\/wp-content\/uploads\/2020\/12\/IHEDN-Escale-virtuelle-a-Toulon-de-la-guilde-de-la-6e-Session-nationale-01.jpg","type":"image\/jpeg"}],"author":"dev","twitter_card":"summary_large_image","twitter_creator":"@IHEDN","twitter_site":"@IHEDN","twitter_misc":{"Written by":"dev","Estimated reading time":"5 minutes"},"schema":{"@context":"https:\/\/schema.org","@graph":[{"@type":"Article","@id":"https:\/\/ihedn.fr\/actualites-des-sessions\/escale-virtuelle-a-toulon-de-la-guilde-de-la-6e-session-nationale-enjeux-et-strategies-maritimes\/#article","isPartOf":{"@id":"https:\/\/ihedn.fr\/actualites-des-sessions\/escale-virtuelle-a-toulon-de-la-guilde-de-la-6e-session-nationale-enjeux-et-strategies-maritimes\/"},"author":{"name":"dev","@id":"https:\/\/ihedn.fr\/#\/schema\/person\/7a40155595e4efb35323447cb8c8c5a4"},"headline":"Escale virtuelle \u00e0 Toulon de la guilde de la 6e Session nationale \u00ab\u00a0Enjeux et strat\u00e9gies maritimes\u00a0\u00bb","datePublished":"2020-11-24T12:07:00+00:00","dateModified":"2020-12-29T14:20:21+00:00","mainEntityOfPage":{"@id":"https:\/\/ihedn.fr\/actualites-des-sessions\/escale-virtuelle-a-toulon-de-la-guilde-de-la-6e-session-nationale-enjeux-et-strategies-maritimes\/"},"wordCount":989,"publisher":{"@id":"https:\/\/ihedn.fr\/#organization"},"image":{"@id":"https:\/\/ihedn.fr\/actualites-des-sessions\/escale-virtuelle-a-toulon-de-la-guilde-de-la-6e-session-nationale-enjeux-et-strategies-maritimes\/#primaryimage"},"thumbnailUrl":"https:\/\/ihedn.fr\/wp-content\/uploads\/2020\/12\/IHEDN-Escale-virtuelle-a-Toulon-de-la-guilde-de-la-6e-Session-nationale-01.jpg","articleSection":["Uncategorized"],"inLanguage":"en-GB"},{"@type":"WebPage","@id":"https:\/\/ihedn.fr\/actualites-des-sessions\/escale-virtuelle-a-toulon-de-la-guilde-de-la-6e-session-nationale-enjeux-et-strategies-maritimes\/","url":"https:\/\/ihedn.fr\/actualites-des-sessions\/escale-virtuelle-a-toulon-de-la-guilde-de-la-6e-session-nationale-enjeux-et-strategies-maritimes\/","name":"Virtual stopover in Toulon for the guild of the 6th National Session \"Maritime Challenges and Strategies\" - L'IHEDN : Institut des hautes \u00e9tudes de d\u00e9fense nationale (Graduate Institute of National Defence)","isPartOf":{"@id":"https:\/\/ihedn.fr\/#website"},"primaryImageOfPage":{"@id":"https:\/\/ihedn.fr\/actualites-des-sessions\/escale-virtuelle-a-toulon-de-la-guilde-de-la-6e-session-nationale-enjeux-et-strategies-maritimes\/#primaryimage"},"image":{"@id":"https:\/\/ihedn.fr\/actualites-des-sessions\/escale-virtuelle-a-toulon-de-la-guilde-de-la-6e-session-nationale-enjeux-et-strategies-maritimes\/#primaryimage"},"thumbnailUrl":"https:\/\/ihedn.fr\/wp-content\/uploads\/2020\/12\/IHEDN-Escale-virtuelle-a-Toulon-de-la-guilde-de-la-6e-Session-nationale-01.jpg","datePublished":"2020-11-24T12:07:00+00:00","dateModified":"2020-12-29T14:20:21+00:00","breadcrumb":{"@id":"https:\/\/ihedn.fr\/actualites-des-sessions\/escale-virtuelle-a-toulon-de-la-guilde-de-la-6e-session-nationale-enjeux-et-strategies-maritimes\/#breadcrumb"},"inLanguage":"en-GB","potentialAction":[{"@type":"ReadAction","target":["https:\/\/ihedn.fr\/actualites-des-sessions\/escale-virtuelle-a-toulon-de-la-guilde-de-la-6e-session-nationale-enjeux-et-strategies-maritimes\/"]}]},{"@type":"ImageObject","inLanguage":"en-GB","@id":"https:\/\/ihedn.fr\/actualites-des-sessions\/escale-virtuelle-a-toulon-de-la-guilde-de-la-6e-session-nationale-enjeux-et-strategies-maritimes\/#primaryimage","url":"https:\/\/ihedn.fr\/wp-content\/uploads\/2020\/12\/IHEDN-Escale-virtuelle-a-Toulon-de-la-guilde-de-la-6e-Session-nationale-01.jpg","contentUrl":"https:\/\/ihedn.fr\/wp-content\/uploads\/2020\/12\/IHEDN-Escale-virtuelle-a-Toulon-de-la-guilde-de-la-6e-Session-nationale-01.jpg","width":966,"height":637},{"@type":"BreadcrumbList","@id":"https:\/\/ihedn.fr\/actualites-des-sessions\/escale-virtuelle-a-toulon-de-la-guilde-de-la-6e-session-nationale-enjeux-et-strategies-maritimes\/#breadcrumb","itemListElement":[{"@type":"ListItem","position":1,"name":"Accueil","item":"https:\/\/ihedn.fr\/"},{"@type":"ListItem","position":2,"name":"Escale virtuelle \u00e0 Toulon de la guilde de la 6e Session nationale \u00ab\u00a0Enjeux et strat\u00e9gies maritimes\u00a0\u00bb"}]},{"@type":"WebSite","@id":"https:\/\/ihedn.fr\/#website","url":"https:\/\/ihedn.fr\/","name":"IHEDN: Institut des hautes \u00e9tudes de d\u00e9fense nationale (Institute for Higher National Defence Studies)","description":"Official website of the IHEDN under the supervision of the Prime Minister.","publisher":{"@id":"https:\/\/ihedn.fr\/#organization"},"potentialAction":[{"@type":"SearchAction","target":{"@type":"EntryPoint","urlTemplate":"https:\/\/ihedn.fr\/?s={search_term_string}"},"query-input":{"@type":"PropertyValueSpecification","valueRequired":true,"valueName":"search_term_string"}}],"inLanguage":"en-GB"},{"@type":"Organization","@id":"https:\/\/ihedn.fr\/#organization","name":"IHEDN - Institute for Higher National Defence Studies","url":"https:\/\/ihedn.fr\/","logo":{"@type":"ImageObject","inLanguage":"en-GB","@id":"https:\/\/ihedn.fr\/#\/schema\/logo\/image\/","url":"https:\/\/ihedn.fr\/wp-content\/uploads\/2020\/11\/BLOC_RF_IHEDN_WEB.png","contentUrl":"https:\/\/ihedn.fr\/wp-content\/uploads\/2020\/11\/BLOC_RF_IHEDN_WEB.png","width":500,"height":237,"caption":"IHEDN - Institut des Hautes Etudes de D\u00e9fense Nationale"},"image":{"@id":"https:\/\/ihedn.fr\/#\/schema\/logo\/image\/"},"sameAs":["https:\/\/www.facebook.com\/ihedn\/","https:\/\/x.com\/IHEDN","https:\/\/www.instagram.com\/ihedn\/","https:\/\/www.linkedin.com\/school\/ihedn\/","https:\/\/fr.wikipedia.org\/wiki\/Institut_des_hautes_\u00e9tudes_de_D\u00e9fense_nationale"]},{"@type":"Person","@id":"https:\/\/ihedn.fr\/#\/schema\/person\/7a40155595e4efb35323447cb8c8c5a4","name":"dev","image":{"@type":"ImageObject","inLanguage":"en-GB","@id":"https:\/\/secure.gravatar.com\/avatar\/f1ffcac9ca2fa95ad3ec33e9be3ade82f752acb0cabe541e56c5889225afa88a?s=96&d=mm&r=g","url":"https:\/\/secure.gravatar.com\/avatar\/f1ffcac9ca2fa95ad3ec33e9be3ade82f752acb0cabe541e56c5889225afa88a?s=96&d=mm&r=g","contentUrl":"https:\/\/secure.gravatar.com\/avatar\/f1ffcac9ca2fa95ad3ec33e9be3ade82f752acb0cabe541e56c5889225afa88a?s=96&d=mm&r=g","caption":"dev"},"sameAs":["https:\/\/ihedn.concilium.click"],"url":"https:\/\/ihedn.fr\/en\/author\/dev\/"}]}},"publishpress_future_action":{"enabled":false,"date":"2026-05-08 07:43:18","action":"change-status","newStatus":"draft","terms":[],"taxonomy":"category","extraData":[]},"publishpress_future_workflow_manual_trigger":{"enabledWorkflows":[]},"_links":{"self":[{"href":"https:\/\/ihedn.fr\/en\/wp-json\/wp\/v2\/posts\/1851","targetHints":{"allow":["GET"]}}],"collection":[{"href":"https:\/\/ihedn.fr\/en\/wp-json\/wp\/v2\/posts"}],"about":[{"href":"https:\/\/ihedn.fr\/en\/wp-json\/wp\/v2\/types\/post"}],"author":[{"embeddable":true,"href":"https:\/\/ihedn.fr\/en\/wp-json\/wp\/v2\/users\/1"}],"replies":[{"embeddable":true,"href":"https:\/\/ihedn.fr\/en\/wp-json\/wp\/v2\/comments?post=1851"}],"version-history":[{"count":5,"href":"https:\/\/ihedn.fr\/en\/wp-json\/wp\/v2\/posts\/1851\/revisions"}],"predecessor-version":[{"id":1868,"href":"https:\/\/ihedn.fr\/en\/wp-json\/wp\/v2\/posts\/1851\/revisions\/1868"}],"wp:featuredmedia":[{"embeddable":true,"href":"https:\/\/ihedn.fr\/en\/wp-json\/wp\/v2\/media\/1852"}],"wp:attachment":[{"href":"https:\/\/ihedn.fr\/en\/wp-json\/wp\/v2\/media?parent=1851"}],"wp:term":[{"taxonomy":"category","embeddable":true,"href":"https:\/\/ihedn.fr\/en\/wp-json\/wp\/v2\/categories?post=1851"},{"taxonomy":"post_tag","embeddable":true,"href":"https:\/\/ihedn.fr\/en\/wp-json\/wp\/v2\/tags?post=1851"}],"curies":[{"name":"wp","href":"https:\/\/api.w.org\/{rel}","templated":true}]}}