{"id":19900,"date":"2022-03-23T16:01:10","date_gmt":"2022-03-23T15:01:10","guid":{"rendered":"https:\/\/ihedn.fr\/?p=19900"},"modified":"2025-04-09T14:51:05","modified_gmt":"2025-04-09T13:51:05","slug":"le-temps-des-guepards","status":"publish","type":"post","link":"https:\/\/ihedn.fr\/en\/les-debats-strategiques\/le-temps-des-guepards\/","title":{"rendered":"The time of the Cheetahs"},"content":{"rendered":"<div data-elementor-type=\"wp-post\" data-elementor-id=\"19900\" class=\"elementor elementor-19900\" data-elementor-post-type=\"post\">\n\t\t\t\t\t\t<section data-particle_enable=\"false\" data-particle-mobile-disabled=\"false\" class=\"elementor-section elementor-top-section elementor-element elementor-element-e2b0723 elementor-section-boxed elementor-section-height-default elementor-section-height-default\" data-id=\"e2b0723\" data-element_type=\"section\" data-e-type=\"section\">\n\t\t\t\t\t\t<div class=\"elementor-container elementor-column-gap-default\">\n\t\t\t\t\t<div class=\"elementor-column elementor-col-100 elementor-top-column elementor-element elementor-element-6f12b24\" data-id=\"6f12b24\" data-element_type=\"column\" data-e-type=\"column\">\n\t\t\t<div class=\"elementor-widget-wrap elementor-element-populated\">\n\t\t\t\t\t\t<div class=\"elementor-element elementor-element-9c97462 elementor-widget elementor-widget-heading\" data-id=\"9c97462\" data-element_type=\"widget\" data-e-type=\"widget\" data-widget_type=\"heading.default\">\n\t\t\t\t<div class=\"elementor-widget-container\">\n\t\t\t\t\t<h5 class=\"elementor-heading-title elementor-size-default\">Wednesday 23 March<br>\n\nfrom 6.00 p.m. to 8.00 p.m.<\/h5>\t\t\t\t<\/div>\n\t\t\t\t<\/div>\n\t\t\t\t<div class=\"elementor-element elementor-element-9fb4066 elementor-widget elementor-widget-text-editor\" data-id=\"9fb4066\" data-element_type=\"widget\" data-e-type=\"widget\" data-widget_type=\"text-editor.default\">\n\t\t\t\t<div class=\"elementor-widget-container\">\n\t\t\t\t\t\t\t\t\t<p style=\"text-align: center;\"><a href=\"https:\/\/www.google.fr\/maps\/place\/48%C2%B051'04.9%22N+2%C2%B018'09.7%22E\/@48.851615,2.3042298,18.75z\/data=!4m5!3m4!1s0x0:0x0!8m2!3d48.8514239!4d2.3029606\">Amphith\u00e9\u00e2tre Des Valli\u00e8res, \u00c9cole Militaire, 1 Place Joffre - 75007 PARIS<\/a><\/p>\t\t\t\t\t\t\t\t<\/div>\n\t\t\t\t<\/div>\n\t\t\t\t\t<\/div>\n\t\t<\/div>\n\t\t\t\t\t<\/div>\n\t\t<\/section>\n\t\t\t\t<section data-particle_enable=\"false\" data-particle-mobile-disabled=\"false\" class=\"elementor-section elementor-top-section elementor-element elementor-element-8023691 elementor-section-boxed elementor-section-height-default elementor-section-height-default\" data-id=\"8023691\" data-element_type=\"section\" data-e-type=\"section\">\n\t\t\t\t\t\t<div class=\"elementor-container elementor-column-gap-default\">\n\t\t\t\t\t<div class=\"elementor-column elementor-col-100 elementor-top-column elementor-element elementor-element-6c27321\" data-id=\"6c27321\" data-element_type=\"column\" data-e-type=\"column\">\n\t\t\t<div class=\"elementor-widget-wrap elementor-element-populated\">\n\t\t\t\t\t\t<div class=\"elementor-element elementor-element-6109742 elementor-widget elementor-widget-text-editor\" data-id=\"6109742\" data-element_type=\"widget\" data-e-type=\"widget\" data-widget_type=\"text-editor.default\">\n\t\t\t\t<div class=\"elementor-widget-container\">\n\t\t\t\t\t\t\t\t\t<p><strong><span style=\"color: #034b7b;\">In \"Le Temps des gu\u00e9pards\", former military officer Michel Goya analyses France's military interventions over the last sixty years. No other country, apart from the United States, has carried out as many foreign military operations as France. In particular, the author highlights the lack of resources available to the French armed forces in relation to their stated ambitions, leading to permanent overexposure of troops. This interventionism is unique in Europe, yet there is little debate about it among politicians or the general public, who are convinced of France's universal role in the world. This is the first time that French OPEX have been analysed from this angle.<\/span><\/strong><\/p>\t\t\t\t\t\t\t\t<\/div>\n\t\t\t\t<\/div>\n\t\t\t\t\t<\/div>\n\t\t<\/div>\n\t\t\t\t\t<\/div>\n\t\t<\/section>\n\t\t\t\t<section data-particle_enable=\"false\" data-particle-mobile-disabled=\"false\" class=\"elementor-section elementor-top-section elementor-element elementor-element-ad3109d elementor-section-boxed elementor-section-height-default elementor-section-height-default\" data-id=\"ad3109d\" data-element_type=\"section\" data-e-type=\"section\">\n\t\t\t\t\t\t<div class=\"elementor-container elementor-column-gap-default\">\n\t\t\t\t\t<div class=\"elementor-column elementor-col-100 elementor-top-column elementor-element elementor-element-48ed278\" data-id=\"48ed278\" data-element_type=\"column\" data-e-type=\"column\">\n\t\t\t<div class=\"elementor-widget-wrap elementor-element-populated\">\n\t\t\t\t\t\t<section data-particle_enable=\"false\" data-particle-mobile-disabled=\"false\" class=\"elementor-section elementor-inner-section elementor-element elementor-element-9f493dc elementor-section-boxed elementor-section-height-default elementor-section-height-default\" data-id=\"9f493dc\" data-element_type=\"section\" data-e-type=\"section\">\n\t\t\t\t\t\t<div class=\"elementor-container elementor-column-gap-default\">\n\t\t\t\t\t<div class=\"elementor-column elementor-col-50 elementor-inner-column elementor-element elementor-element-92917b4\" data-id=\"92917b4\" data-element_type=\"column\" data-e-type=\"column\">\n\t\t\t<div class=\"elementor-widget-wrap elementor-element-populated\">\n\t\t\t\t\t\t<div class=\"elementor-element elementor-element-746e767 elementor-widget elementor-widget-image\" data-id=\"746e767\" data-element_type=\"widget\" data-e-type=\"widget\" data-widget_type=\"image.default\">\n\t\t\t\t<div class=\"elementor-widget-container\">\n\t\t\t\t\t\t\t\t\t\t\t\t\t\t\t\t<a href=\"https:\/\/www.tallandier.com\/livre\/le-temps-des-guepards\/\">\n\t\t\t\t\t\t\t<img fetchpriority=\"high\" decoding=\"async\" width=\"1563\" height=\"2317\" src=\"https:\/\/ihedn.fr\/wp-content\/uploads\/2022\/02\/le-temps-des-guepards.jpg\" class=\"attachment-full size-full wp-image-19907\" alt=\"\u00aeTallandier - &quot;le temps des gu\u00e9pards&quot; de Michel Goya\" srcset=\"https:\/\/ihedn.fr\/wp-content\/uploads\/2022\/02\/le-temps-des-guepards.jpg 1563w, https:\/\/ihedn.fr\/wp-content\/uploads\/2022\/02\/le-temps-des-guepards-1036x1536.jpg 1036w, https:\/\/ihedn.fr\/wp-content\/uploads\/2022\/02\/le-temps-des-guepards-1382x2048.jpg 1382w, https:\/\/ihedn.fr\/wp-content\/uploads\/2022\/02\/le-temps-des-guepards-600x889.jpg 600w\" sizes=\"(max-width: 1563px) 100vw, 1563px\" \/>\t\t\t\t\t\t\t\t<\/a>\n\t\t\t\t\t\t\t\t\t\t\t\t\t\t\t<\/div>\n\t\t\t\t<\/div>\n\t\t\t\t\t<\/div>\n\t\t<\/div>\n\t\t\t\t<div class=\"elementor-column elementor-col-50 elementor-inner-column elementor-element elementor-element-50d9e77\" data-id=\"50d9e77\" data-element_type=\"column\" data-e-type=\"column\">\n\t\t\t<div class=\"elementor-widget-wrap elementor-element-populated\">\n\t\t\t\t\t\t<div class=\"elementor-element elementor-element-82d592a elementor-widget elementor-widget-text-editor\" data-id=\"82d592a\" data-element_type=\"widget\" data-e-type=\"widget\" data-widget_type=\"text-editor.default\">\n\t\t\t\t<div class=\"elementor-widget-container\">\n\t\t\t\t\t\t\t\t\t<p><strong>Since 1961, France has fought 19 wars on 3 continents, as well as 13 major international police operations. It is currently the only European nation fighting in the Sahel and the Middle East. It is the only country to have had soldiers permanently on the streets of its major cities for 26 years. French soldiers are the most committed in the world, and war is a permanent feature of France's V<sup>e<\/sup> Republic.<\/strong><\/p><p>However, France doesn't really know about it, because it's a series of limited operations that are often remote and peripheral. From Chad to Mali, via Lebanon, Rwanda and Afghanistan, hundreds of thousands of French \"nomadic soldiers\" have been involved in a global war to defend France's interests. Thousands of them were killed or wounded.<\/p><p>Michel Goya describes the \"global war in pieces\" waged by each President of the Republic to defend France's status as a power. He details the way in which the French armed forces have been employed during three major periods - the Cold War, globalisation and the war against armed organisations - sometimes successfully, sometimes disastrously.<\/p>\t\t\t\t\t\t\t\t<\/div>\n\t\t\t\t<\/div>\n\t\t\t\t\t<\/div>\n\t\t<\/div>\n\t\t\t\t\t<\/div>\n\t\t<\/section>\n\t\t\t\t<div class=\"elementor-element elementor-element-6c34378 elementor-widget elementor-widget-text-editor\" data-id=\"6c34378\" data-element_type=\"widget\" data-e-type=\"widget\" data-widget_type=\"text-editor.default\">\n\t\t\t\t<div class=\"elementor-widget-container\">\n\t\t\t\t\t\t\t\t\t<p>It is a story that has never before been told in this way, and above all critically analysed by a historian and strategist who himself played a part in several of these engagements. It concludes with a deciphering of current perspectives.<\/p>\t\t\t\t\t\t\t\t<\/div>\n\t\t\t\t<\/div>\n\t\t\t\t\t<\/div>\n\t\t<\/div>\n\t\t\t\t\t<\/div>\n\t\t<\/section>\n\t\t\t\t<\/div>","protected":false},"excerpt":{"rendered":"<p><span style=\"color: #c80a23;\"><strong>Wednesday 23 March 2022 from 6.00 p.m. to 8.00 p.m.<\/strong><\/span> <span style=\"color: #034b7b;\">Amphi. des Valli\u00e8res<\/span><br \/>\n<\/br>\u25ba In \"Le Temps des gu\u00e9pards\", former officer Michel Goya analyses the French military interventions of the last sixty years.<\/p>","protected":false},"author":1,"featured_media":20058,"comment_status":"closed","ping_status":"closed","sticky":false,"template":"","format":"standard","meta":{"footnotes":""},"categories":[42],"tags":[247,249],"class_list":["post-19900","post","type-post","status-publish","format-standard","has-post-thumbnail","hentry","category-les-debats-strategiques","tag-debat-strategique","tag-ancien-debat-strategique"],"yoast_head":"<!-- This site is optimized with the Yoast SEO plugin v27.5 - https:\/\/yoast.com\/product\/yoast-seo-wordpress\/ -->\n<title>Le temps des Gu\u00e9pards - L&#039;IHEDN : Institut des hautes \u00e9tudes de d\u00e9fense nationale<\/title>\n<meta name=\"robots\" content=\"index, follow, max-snippet:-1, max-image-preview:large, max-video-preview:-1\" \/>\n<link rel=\"canonical\" href=\"https:\/\/ihedn.fr\/en\/les-debats-strategiques\/le-temps-des-guepards\/\" \/>\n<meta property=\"og:locale\" content=\"en_GB\" \/>\n<meta property=\"og:type\" content=\"article\" \/>\n<meta property=\"og:title\" content=\"Le temps des Gu\u00e9pards - L&#039;IHEDN : Institut des hautes \u00e9tudes de d\u00e9fense nationale\" \/>\n<meta property=\"og:description\" content=\"mercredi 23 mars 2022 de 18h00 \u00e0 20h00 Amphi. des Valli\u00e8res \u25ba Dans \u00ab Le Temps des gu\u00e9pards \u00bb, l\u2019ancien officier Michel Goya analyse les interventions militaires fran\u00e7aises de ces soixante derni\u00e8res ann\u00e9es.\" \/>\n<meta property=\"og:url\" content=\"https:\/\/ihedn.fr\/en\/les-debats-strategiques\/le-temps-des-guepards\/\" \/>\n<meta property=\"og:site_name\" content=\"L&#039;IHEDN : Institut des hautes \u00e9tudes de d\u00e9fense nationale\" \/>\n<meta property=\"article:publisher\" content=\"https:\/\/www.facebook.com\/ihedn\/\" \/>\n<meta property=\"article:published_time\" content=\"2022-03-23T15:01:10+00:00\" \/>\n<meta property=\"article:modified_time\" content=\"2025-04-09T13:51:05+00:00\" \/>\n<meta property=\"og:image\" content=\"https:\/\/ihedn.fr\/wp-content\/uploads\/2022\/02\/\u00aeIHEDN-DEBATS-STRATEGIQUES_Michel-GOYA-00-1.jpg\" \/>\n\t<meta property=\"og:image:width\" content=\"1500\" \/>\n\t<meta property=\"og:image:height\" content=\"977\" \/>\n\t<meta property=\"og:image:type\" content=\"image\/jpeg\" \/>\n<meta name=\"author\" content=\"dev\" \/>\n<meta name=\"twitter:card\" content=\"summary_large_image\" \/>\n<meta name=\"twitter:creator\" content=\"@IHEDN\" \/>\n<meta name=\"twitter:site\" content=\"@IHEDN\" \/>\n<meta name=\"twitter:label1\" content=\"Written by\" \/>\n\t<meta name=\"twitter:data1\" content=\"dev\" \/>\n\t<meta name=\"twitter:label2\" content=\"Estimated reading time\" \/>\n\t<meta name=\"twitter:data2\" content=\"3 minutes\" \/>\n<script type=\"application\/ld+json\" class=\"yoast-schema-graph\">{\"@context\":\"https:\\\/\\\/schema.org\",\"@graph\":[{\"@type\":\"Article\",\"@id\":\"https:\\\/\\\/ihedn.fr\\\/les-debats-strategiques\\\/le-temps-des-guepards\\\/#article\",\"isPartOf\":{\"@id\":\"https:\\\/\\\/ihedn.fr\\\/les-debats-strategiques\\\/le-temps-des-guepards\\\/\"},\"author\":{\"name\":\"dev\",\"@id\":\"https:\\\/\\\/ihedn.fr\\\/#\\\/schema\\\/person\\\/7a40155595e4efb35323447cb8c8c5a4\"},\"headline\":\"Le temps des Gu\u00e9pards\",\"datePublished\":\"2022-03-23T15:01:10+00:00\",\"dateModified\":\"2025-04-09T13:51:05+00:00\",\"mainEntityOfPage\":{\"@id\":\"https:\\\/\\\/ihedn.fr\\\/les-debats-strategiques\\\/le-temps-des-guepards\\\/\"},\"wordCount\":420,\"publisher\":{\"@id\":\"https:\\\/\\\/ihedn.fr\\\/#organization\"},\"image\":{\"@id\":\"https:\\\/\\\/ihedn.fr\\\/les-debats-strategiques\\\/le-temps-des-guepards\\\/#primaryimage\"},\"thumbnailUrl\":\"https:\\\/\\\/ihedn.fr\\\/wp-content\\\/uploads\\\/2022\\\/02\\\/\u00aeIHEDN-DEBATS-STRATEGIQUES_Michel-GOYA-00-1.jpg\",\"keywords\":[\"d\u00e9bat-strat\u00e9gique\",\"pr\u00e9c\u00e9dent-d\u00e9bat-strat\u00e9gique\"],\"articleSection\":[\"Les d\u00e9bats strat\u00e9giques\"],\"inLanguage\":\"en-GB\"},{\"@type\":\"WebPage\",\"@id\":\"https:\\\/\\\/ihedn.fr\\\/les-debats-strategiques\\\/le-temps-des-guepards\\\/\",\"url\":\"https:\\\/\\\/ihedn.fr\\\/les-debats-strategiques\\\/le-temps-des-guepards\\\/\",\"name\":\"Le temps des Gu\u00e9pards - L&#039;IHEDN : Institut des hautes \u00e9tudes de d\u00e9fense nationale\",\"isPartOf\":{\"@id\":\"https:\\\/\\\/ihedn.fr\\\/#website\"},\"primaryImageOfPage\":{\"@id\":\"https:\\\/\\\/ihedn.fr\\\/les-debats-strategiques\\\/le-temps-des-guepards\\\/#primaryimage\"},\"image\":{\"@id\":\"https:\\\/\\\/ihedn.fr\\\/les-debats-strategiques\\\/le-temps-des-guepards\\\/#primaryimage\"},\"thumbnailUrl\":\"https:\\\/\\\/ihedn.fr\\\/wp-content\\\/uploads\\\/2022\\\/02\\\/\u00aeIHEDN-DEBATS-STRATEGIQUES_Michel-GOYA-00-1.jpg\",\"datePublished\":\"2022-03-23T15:01:10+00:00\",\"dateModified\":\"2025-04-09T13:51:05+00:00\",\"breadcrumb\":{\"@id\":\"https:\\\/\\\/ihedn.fr\\\/les-debats-strategiques\\\/le-temps-des-guepards\\\/#breadcrumb\"},\"inLanguage\":\"en-GB\",\"potentialAction\":[{\"@type\":\"ReadAction\",\"target\":[\"https:\\\/\\\/ihedn.fr\\\/les-debats-strategiques\\\/le-temps-des-guepards\\\/\"]}]},{\"@type\":\"ImageObject\",\"inLanguage\":\"en-GB\",\"@id\":\"https:\\\/\\\/ihedn.fr\\\/les-debats-strategiques\\\/le-temps-des-guepards\\\/#primaryimage\",\"url\":\"https:\\\/\\\/ihedn.fr\\\/wp-content\\\/uploads\\\/2022\\\/02\\\/\u00aeIHEDN-DEBATS-STRATEGIQUES_Michel-GOYA-00-1.jpg\",\"contentUrl\":\"https:\\\/\\\/ihedn.fr\\\/wp-content\\\/uploads\\\/2022\\\/02\\\/\u00aeIHEDN-DEBATS-STRATEGIQUES_Michel-GOYA-00-1.jpg\",\"width\":1500,\"height\":977},{\"@type\":\"BreadcrumbList\",\"@id\":\"https:\\\/\\\/ihedn.fr\\\/les-debats-strategiques\\\/le-temps-des-guepards\\\/#breadcrumb\",\"itemListElement\":[{\"@type\":\"ListItem\",\"position\":1,\"name\":\"Accueil\",\"item\":\"https:\\\/\\\/ihedn.fr\\\/\"},{\"@type\":\"ListItem\",\"position\":2,\"name\":\"Le temps des Gu\u00e9pards\"}]},{\"@type\":\"WebSite\",\"@id\":\"https:\\\/\\\/ihedn.fr\\\/#website\",\"url\":\"https:\\\/\\\/ihedn.fr\\\/\",\"name\":\"IHEDN : Institut des hautes \u00e9tudes de d\u00e9fense nationale |\",\"description\":\"Site officiel de l&#039;IHEDN plac\u00e9 sous la tutelle du Premier ministre.\",\"publisher\":{\"@id\":\"https:\\\/\\\/ihedn.fr\\\/#organization\"},\"potentialAction\":[{\"@type\":\"SearchAction\",\"target\":{\"@type\":\"EntryPoint\",\"urlTemplate\":\"https:\\\/\\\/ihedn.fr\\\/?s={search_term_string}\"},\"query-input\":{\"@type\":\"PropertyValueSpecification\",\"valueRequired\":true,\"valueName\":\"search_term_string\"}}],\"inLanguage\":\"en-GB\"},{\"@type\":\"Organization\",\"@id\":\"https:\\\/\\\/ihedn.fr\\\/#organization\",\"name\":\"IHEDN - Institut des Hautes Etudes de D\u00e9fense Nationale\",\"url\":\"https:\\\/\\\/ihedn.fr\\\/\",\"logo\":{\"@type\":\"ImageObject\",\"inLanguage\":\"en-GB\",\"@id\":\"https:\\\/\\\/ihedn.fr\\\/#\\\/schema\\\/logo\\\/image\\\/\",\"url\":\"https:\\\/\\\/ihedn.fr\\\/wp-content\\\/uploads\\\/2020\\\/11\\\/BLOC_RF_IHEDN_WEB.png\",\"contentUrl\":\"https:\\\/\\\/ihedn.fr\\\/wp-content\\\/uploads\\\/2020\\\/11\\\/BLOC_RF_IHEDN_WEB.png\",\"width\":500,\"height\":237,\"caption\":\"IHEDN - Institut des Hautes Etudes de D\u00e9fense Nationale\"},\"image\":{\"@id\":\"https:\\\/\\\/ihedn.fr\\\/#\\\/schema\\\/logo\\\/image\\\/\"},\"sameAs\":[\"https:\\\/\\\/www.facebook.com\\\/ihedn\\\/\",\"https:\\\/\\\/x.com\\\/IHEDN\",\"https:\\\/\\\/www.instagram.com\\\/ihedn\\\/\",\"https:\\\/\\\/www.linkedin.com\\\/school\\\/ihedn\\\/\",\"https:\\\/\\\/fr.wikipedia.org\\\/wiki\\\/Institut_des_hautes_\u00e9tudes_de_D\u00e9fense_nationale\"]},{\"@type\":\"Person\",\"@id\":\"https:\\\/\\\/ihedn.fr\\\/#\\\/schema\\\/person\\\/7a40155595e4efb35323447cb8c8c5a4\",\"name\":\"dev\",\"image\":{\"@type\":\"ImageObject\",\"inLanguage\":\"en-GB\",\"@id\":\"https:\\\/\\\/secure.gravatar.com\\\/avatar\\\/f1ffcac9ca2fa95ad3ec33e9be3ade82f752acb0cabe541e56c5889225afa88a?s=96&d=mm&r=g\",\"url\":\"https:\\\/\\\/secure.gravatar.com\\\/avatar\\\/f1ffcac9ca2fa95ad3ec33e9be3ade82f752acb0cabe541e56c5889225afa88a?s=96&d=mm&r=g\",\"contentUrl\":\"https:\\\/\\\/secure.gravatar.com\\\/avatar\\\/f1ffcac9ca2fa95ad3ec33e9be3ade82f752acb0cabe541e56c5889225afa88a?s=96&d=mm&r=g\",\"caption\":\"dev\"},\"sameAs\":[\"https:\\\/\\\/ihedn.concilium.click\"],\"url\":\"https:\\\/\\\/ihedn.fr\\\/en\\\/author\\\/dev\\\/\"}]}<\/script>\n<!-- \/ Yoast SEO plugin. -->","yoast_head_json":{"title":"Le temps des Gu\u00e9pards - IHEDN : Institut des hautes \u00e9tudes de d\u00e9fense nationale (French Institute for Higher National Defence Studies)","robots":{"index":"index","follow":"follow","max-snippet":"max-snippet:-1","max-image-preview":"max-image-preview:large","max-video-preview":"max-video-preview:-1"},"canonical":"https:\/\/ihedn.fr\/en\/les-debats-strategiques\/le-temps-des-guepards\/","og_locale":"en_GB","og_type":"article","og_title":"Le temps des Gu\u00e9pards - L&#039;IHEDN : Institut des hautes \u00e9tudes de d\u00e9fense nationale","og_description":"mercredi 23 mars 2022 de 18h00 \u00e0 20h00 Amphi. des Valli\u00e8res \u25ba Dans \u00ab Le Temps des gu\u00e9pards \u00bb, l\u2019ancien officier Michel Goya analyse les interventions militaires fran\u00e7aises de ces soixante derni\u00e8res ann\u00e9es.","og_url":"https:\/\/ihedn.fr\/en\/les-debats-strategiques\/le-temps-des-guepards\/","og_site_name":"L&#039;IHEDN : Institut des hautes \u00e9tudes de d\u00e9fense nationale","article_publisher":"https:\/\/www.facebook.com\/ihedn\/","article_published_time":"2022-03-23T15:01:10+00:00","article_modified_time":"2025-04-09T13:51:05+00:00","og_image":[{"width":1500,"height":977,"url":"https:\/\/ihedn.fr\/wp-content\/uploads\/2022\/02\/\u00aeIHEDN-DEBATS-STRATEGIQUES_Michel-GOYA-00-1.jpg","type":"image\/jpeg"}],"author":"dev","twitter_card":"summary_large_image","twitter_creator":"@IHEDN","twitter_site":"@IHEDN","twitter_misc":{"Written by":"dev","Estimated reading time":"3 minutes"},"schema":{"@context":"https:\/\/schema.org","@graph":[{"@type":"Article","@id":"https:\/\/ihedn.fr\/les-debats-strategiques\/le-temps-des-guepards\/#article","isPartOf":{"@id":"https:\/\/ihedn.fr\/les-debats-strategiques\/le-temps-des-guepards\/"},"author":{"name":"dev","@id":"https:\/\/ihedn.fr\/#\/schema\/person\/7a40155595e4efb35323447cb8c8c5a4"},"headline":"Le temps des Gu\u00e9pards","datePublished":"2022-03-23T15:01:10+00:00","dateModified":"2025-04-09T13:51:05+00:00","mainEntityOfPage":{"@id":"https:\/\/ihedn.fr\/les-debats-strategiques\/le-temps-des-guepards\/"},"wordCount":420,"publisher":{"@id":"https:\/\/ihedn.fr\/#organization"},"image":{"@id":"https:\/\/ihedn.fr\/les-debats-strategiques\/le-temps-des-guepards\/#primaryimage"},"thumbnailUrl":"https:\/\/ihedn.fr\/wp-content\/uploads\/2022\/02\/\u00aeIHEDN-DEBATS-STRATEGIQUES_Michel-GOYA-00-1.jpg","keywords":["d\u00e9bat-strat\u00e9gique","pr\u00e9c\u00e9dent-d\u00e9bat-strat\u00e9gique"],"articleSection":["Les d\u00e9bats strat\u00e9giques"],"inLanguage":"en-GB"},{"@type":"WebPage","@id":"https:\/\/ihedn.fr\/les-debats-strategiques\/le-temps-des-guepards\/","url":"https:\/\/ihedn.fr\/les-debats-strategiques\/le-temps-des-guepards\/","name":"Le temps des Gu\u00e9pards - IHEDN : Institut des hautes \u00e9tudes de d\u00e9fense nationale (French Institute for Higher National Defence Studies)","isPartOf":{"@id":"https:\/\/ihedn.fr\/#website"},"primaryImageOfPage":{"@id":"https:\/\/ihedn.fr\/les-debats-strategiques\/le-temps-des-guepards\/#primaryimage"},"image":{"@id":"https:\/\/ihedn.fr\/les-debats-strategiques\/le-temps-des-guepards\/#primaryimage"},"thumbnailUrl":"https:\/\/ihedn.fr\/wp-content\/uploads\/2022\/02\/\u00aeIHEDN-DEBATS-STRATEGIQUES_Michel-GOYA-00-1.jpg","datePublished":"2022-03-23T15:01:10+00:00","dateModified":"2025-04-09T13:51:05+00:00","breadcrumb":{"@id":"https:\/\/ihedn.fr\/les-debats-strategiques\/le-temps-des-guepards\/#breadcrumb"},"inLanguage":"en-GB","potentialAction":[{"@type":"ReadAction","target":["https:\/\/ihedn.fr\/les-debats-strategiques\/le-temps-des-guepards\/"]}]},{"@type":"ImageObject","inLanguage":"en-GB","@id":"https:\/\/ihedn.fr\/les-debats-strategiques\/le-temps-des-guepards\/#primaryimage","url":"https:\/\/ihedn.fr\/wp-content\/uploads\/2022\/02\/\u00aeIHEDN-DEBATS-STRATEGIQUES_Michel-GOYA-00-1.jpg","contentUrl":"https:\/\/ihedn.fr\/wp-content\/uploads\/2022\/02\/\u00aeIHEDN-DEBATS-STRATEGIQUES_Michel-GOYA-00-1.jpg","width":1500,"height":977},{"@type":"BreadcrumbList","@id":"https:\/\/ihedn.fr\/les-debats-strategiques\/le-temps-des-guepards\/#breadcrumb","itemListElement":[{"@type":"ListItem","position":1,"name":"Accueil","item":"https:\/\/ihedn.fr\/"},{"@type":"ListItem","position":2,"name":"Le temps des Gu\u00e9pards"}]},{"@type":"WebSite","@id":"https:\/\/ihedn.fr\/#website","url":"https:\/\/ihedn.fr\/","name":"IHEDN: Institut des hautes \u00e9tudes de d\u00e9fense nationale (Institute for Higher National Defence Studies)","description":"Official website of the IHEDN under the supervision of the Prime Minister.","publisher":{"@id":"https:\/\/ihedn.fr\/#organization"},"potentialAction":[{"@type":"SearchAction","target":{"@type":"EntryPoint","urlTemplate":"https:\/\/ihedn.fr\/?s={search_term_string}"},"query-input":{"@type":"PropertyValueSpecification","valueRequired":true,"valueName":"search_term_string"}}],"inLanguage":"en-GB"},{"@type":"Organization","@id":"https:\/\/ihedn.fr\/#organization","name":"IHEDN - Institute for Higher National Defence Studies","url":"https:\/\/ihedn.fr\/","logo":{"@type":"ImageObject","inLanguage":"en-GB","@id":"https:\/\/ihedn.fr\/#\/schema\/logo\/image\/","url":"https:\/\/ihedn.fr\/wp-content\/uploads\/2020\/11\/BLOC_RF_IHEDN_WEB.png","contentUrl":"https:\/\/ihedn.fr\/wp-content\/uploads\/2020\/11\/BLOC_RF_IHEDN_WEB.png","width":500,"height":237,"caption":"IHEDN - Institut des Hautes Etudes de D\u00e9fense Nationale"},"image":{"@id":"https:\/\/ihedn.fr\/#\/schema\/logo\/image\/"},"sameAs":["https:\/\/www.facebook.com\/ihedn\/","https:\/\/x.com\/IHEDN","https:\/\/www.instagram.com\/ihedn\/","https:\/\/www.linkedin.com\/school\/ihedn\/","https:\/\/fr.wikipedia.org\/wiki\/Institut_des_hautes_\u00e9tudes_de_D\u00e9fense_nationale"]},{"@type":"Person","@id":"https:\/\/ihedn.fr\/#\/schema\/person\/7a40155595e4efb35323447cb8c8c5a4","name":"dev","image":{"@type":"ImageObject","inLanguage":"en-GB","@id":"https:\/\/secure.gravatar.com\/avatar\/f1ffcac9ca2fa95ad3ec33e9be3ade82f752acb0cabe541e56c5889225afa88a?s=96&d=mm&r=g","url":"https:\/\/secure.gravatar.com\/avatar\/f1ffcac9ca2fa95ad3ec33e9be3ade82f752acb0cabe541e56c5889225afa88a?s=96&d=mm&r=g","contentUrl":"https:\/\/secure.gravatar.com\/avatar\/f1ffcac9ca2fa95ad3ec33e9be3ade82f752acb0cabe541e56c5889225afa88a?s=96&d=mm&r=g","caption":"dev"},"sameAs":["https:\/\/ihedn.concilium.click"],"url":"https:\/\/ihedn.fr\/en\/author\/dev\/"}]}},"publishpress_future_action":{"enabled":false,"date":"2026-05-06 13:34:31","action":"change-status","newStatus":"draft","terms":[],"taxonomy":"category","extraData":[]},"publishpress_future_workflow_manual_trigger":{"enabledWorkflows":[]},"_links":{"self":[{"href":"https:\/\/ihedn.fr\/en\/wp-json\/wp\/v2\/posts\/19900","targetHints":{"allow":["GET"]}}],"collection":[{"href":"https:\/\/ihedn.fr\/en\/wp-json\/wp\/v2\/posts"}],"about":[{"href":"https:\/\/ihedn.fr\/en\/wp-json\/wp\/v2\/types\/post"}],"author":[{"embeddable":true,"href":"https:\/\/ihedn.fr\/en\/wp-json\/wp\/v2\/users\/1"}],"replies":[{"embeddable":true,"href":"https:\/\/ihedn.fr\/en\/wp-json\/wp\/v2\/comments?post=19900"}],"version-history":[{"count":6,"href":"https:\/\/ihedn.fr\/en\/wp-json\/wp\/v2\/posts\/19900\/revisions"}],"predecessor-version":[{"id":53602,"href":"https:\/\/ihedn.fr\/en\/wp-json\/wp\/v2\/posts\/19900\/revisions\/53602"}],"wp:featuredmedia":[{"embeddable":true,"href":"https:\/\/ihedn.fr\/en\/wp-json\/wp\/v2\/media\/20058"}],"wp:attachment":[{"href":"https:\/\/ihedn.fr\/en\/wp-json\/wp\/v2\/media?parent=19900"}],"wp:term":[{"taxonomy":"category","embeddable":true,"href":"https:\/\/ihedn.fr\/en\/wp-json\/wp\/v2\/categories?post=19900"},{"taxonomy":"post_tag","embeddable":true,"href":"https:\/\/ihedn.fr\/en\/wp-json\/wp\/v2\/tags?post=19900"}],"curies":[{"name":"wp","href":"https:\/\/api.w.org\/{rel}","templated":true}]}}