{"id":20594,"date":"2022-03-14T18:00:41","date_gmt":"2022-03-14T17:00:41","guid":{"rendered":"https:\/\/ihedn.fr\/?p=20594"},"modified":"2022-11-25T15:22:40","modified_gmt":"2022-11-25T14:22:40","slug":"ouverture-de-la-9e-session-internationale-amerique-latine-et-caraibes-a-lecole-militaire","status":"publish","type":"post","link":"https:\/\/ihedn.fr\/en\/notre-actualite\/ouverture-de-la-9e-session-internationale-amerique-latine-et-caraibes-a-lecole-militaire\/","title":{"rendered":"The 9th International Session on Latin America and the Caribbean"},"content":{"rendered":"<div data-elementor-type=\"wp-post\" data-elementor-id=\"20594\" class=\"elementor elementor-20594\" data-elementor-post-type=\"post\">\n\t\t\t\t\t\t<section data-particle_enable=\"false\" data-particle-mobile-disabled=\"false\" class=\"elementor-section elementor-top-section elementor-element elementor-element-390badf elementor-section-boxed elementor-section-height-default elementor-section-height-default\" data-id=\"390badf\" data-element_type=\"section\" data-e-type=\"section\">\n\t\t\t\t\t\t<div class=\"elementor-container elementor-column-gap-default\">\n\t\t\t\t\t<div class=\"elementor-column elementor-col-100 elementor-top-column elementor-element elementor-element-b35eae2\" data-id=\"b35eae2\" data-element_type=\"column\" data-e-type=\"column\">\n\t\t\t<div class=\"elementor-widget-wrap elementor-element-populated\">\n\t\t\t\t\t\t<section data-particle_enable=\"false\" data-particle-mobile-disabled=\"false\" class=\"elementor-section elementor-inner-section elementor-element elementor-element-de33318 elementor-section-boxed elementor-section-height-default elementor-section-height-default\" data-id=\"de33318\" data-element_type=\"section\" data-e-type=\"section\">\n\t\t\t\t\t\t<div class=\"elementor-container elementor-column-gap-default\">\n\t\t\t\t\t<div class=\"elementor-column elementor-col-100 elementor-inner-column elementor-element elementor-element-fc82658\" data-id=\"fc82658\" data-element_type=\"column\" data-e-type=\"column\">\n\t\t\t<div class=\"elementor-widget-wrap elementor-element-populated\">\n\t\t\t\t\t\t<div class=\"elementor-element elementor-element-9a71d96 elementor-widget elementor-widget-heading\" data-id=\"9a71d96\" data-element_type=\"widget\" data-e-type=\"widget\" data-widget_type=\"heading.default\">\n\t\t\t\t<div class=\"elementor-widget-container\">\n\t\t\t\t\t<h5 class=\"elementor-heading-title elementor-size-default\">Closing of the 9th International Latin America and Caribbean Session at the \u00c9cole Militaire<\/h5>\t\t\t\t<\/div>\n\t\t\t\t<\/div>\n\t\t\t\t<div class=\"elementor-element elementor-element-dfec59f elementor-widget-divider--view-line elementor-widget elementor-widget-divider\" data-id=\"dfec59f\" data-element_type=\"widget\" data-e-type=\"widget\" data-widget_type=\"divider.default\">\n\t\t\t\t<div class=\"elementor-widget-container\">\n\t\t\t\t\t\t\t<div class=\"elementor-divider\">\n\t\t\t<span class=\"elementor-divider-separator\">\n\t\t\t\t\t\t<\/span>\n\t\t<\/div>\n\t\t\t\t\t\t<\/div>\n\t\t\t\t<\/div>\n\t\t\t\t<div class=\"elementor-element elementor-element-f22b7b9 elementor-widget elementor-widget-text-editor\" data-id=\"f22b7b9\" data-element_type=\"widget\" data-e-type=\"widget\" data-widget_type=\"text-editor.default\">\n\t\t\t\t<div class=\"elementor-widget-container\">\n\t\t\t\t\t\t\t\t\t<p><img decoding=\"async\" class=\"wp-image-21749 alignleft\" src=\"https:\/\/ihedn.fr\/wp-content\/uploads\/2022\/03\/DCSD_logo_Blanc_Nom-complet-scaled.jpg\" alt=\"\" width=\"79\" height=\"100\" srcset=\"https:\/\/ihedn.fr\/wp-content\/uploads\/2022\/03\/DCSD_logo_Blanc_Nom-complet-scaled.jpg 2018w, https:\/\/ihedn.fr\/wp-content\/uploads\/2022\/03\/DCSD_logo_Blanc_Nom-complet-1211x1536.jpg 1211w, https:\/\/ihedn.fr\/wp-content\/uploads\/2022\/03\/DCSD_logo_Blanc_Nom-complet-1615x2048.jpg 1615w\" sizes=\"(max-width: 79px) 100vw, 79px\" \/>The 9<sup>e<\/sup> international Latin America and Caribbean session (SIAL) ended on Saturday 12 March 2022 with a closing speech by the<strong><span style=\"color: #034b7b;\">Ambassador Pierre-Henri Guignard<\/span><\/strong>Special Envoy for the Tropical Forest Conservation Alliance.<\/p><p>From 6 to 13 March, the 26 civilian and military auditors from Latin America and the Caribbean attended study conferences and visits to military sites, including the Paris Fire Brigade (BSPP), on the theme : <strong><em><span style=\"color: #034b7b;\">France and Latin America, united in the face of new security and defence challenges<\/span><\/em><\/strong>.<\/p><p>At the end of their committee work, the auditors were presented with their diplomas by\u00a0<strong><span style=\"color: #034b7b;\">Prefect Denis Conus<\/span><\/strong>deputy director of the IHEDN, of <strong><span style=\"color: #034b7b;\">Ambassador Sylvain Berger<\/span><\/strong>director of the Institute's Department of Europe and International Affairs, and the <strong><span style=\"color: #034b7b;\">Lieutenant-Colonel S\u00e9bastien Giordano<\/span><\/strong>Latin America geographic officer in the Directorate for Security and Defence Cooperation (DCSD) at the Ministry of Europe and Foreign Affairs (MEAE).<\/p>\t\t\t\t\t\t\t\t<\/div>\n\t\t\t\t<\/div>\n\t\t\t\t\t<\/div>\n\t\t<\/div>\n\t\t\t\t\t<\/div>\n\t\t<\/section>\n\t\t\t\t\t<\/div>\n\t\t<\/div>\n\t\t\t\t\t<\/div>\n\t\t<\/section>\n\t\t\t\t<section data-particle_enable=\"false\" data-particle-mobile-disabled=\"false\" class=\"elementor-section elementor-top-section elementor-element elementor-element-7777b84 elementor-section-boxed elementor-section-height-default elementor-section-height-default\" data-id=\"7777b84\" data-element_type=\"section\" data-e-type=\"section\">\n\t\t\t\t\t\t<div class=\"elementor-container elementor-column-gap-default\">\n\t\t\t\t\t<div class=\"elementor-column elementor-col-50 elementor-top-column elementor-element elementor-element-31f3bfd\" data-id=\"31f3bfd\" data-element_type=\"column\" data-e-type=\"column\">\n\t\t\t<div class=\"elementor-widget-wrap elementor-element-populated\">\n\t\t\t\t\t\t<div class=\"elementor-element elementor-element-27c4034 elementor-widget elementor-widget-image\" data-id=\"27c4034\" data-element_type=\"widget\" data-e-type=\"widget\" data-widget_type=\"image.default\">\n\t\t\t\t<div class=\"elementor-widget-container\">\n\t\t\t\t\t\t\t\t\t\t\t\t\t\t\t<img fetchpriority=\"high\" decoding=\"async\" width=\"1453\" height=\"969\" src=\"https:\/\/ihedn.fr\/wp-content\/uploads\/2022\/03\/20220315-\u00aeIHEDN-SIAL-cloture-001.jpg\" class=\"attachment-full size-full wp-image-20872\" alt=\"\" \/>\t\t\t\t\t\t\t\t\t\t\t\t\t\t\t<\/div>\n\t\t\t\t<\/div>\n\t\t\t\t\t<\/div>\n\t\t<\/div>\n\t\t\t\t<div class=\"elementor-column elementor-col-50 elementor-top-column elementor-element elementor-element-61d2484\" data-id=\"61d2484\" data-element_type=\"column\" data-e-type=\"column\">\n\t\t\t<div class=\"elementor-widget-wrap elementor-element-populated\">\n\t\t\t\t\t\t<div class=\"elementor-element elementor-element-50a034a elementor-widget elementor-widget-image\" data-id=\"50a034a\" data-element_type=\"widget\" data-e-type=\"widget\" data-widget_type=\"image.default\">\n\t\t\t\t<div class=\"elementor-widget-container\">\n\t\t\t\t\t\t\t\t\t\t\t\t\t\t\t<img decoding=\"async\" width=\"1453\" height=\"969\" src=\"https:\/\/ihedn.fr\/wp-content\/uploads\/2022\/03\/20220315-\u00aeIHEDN-SIAL-cloture-002.jpg\" class=\"attachment-full size-full wp-image-20873\" alt=\"\" \/>\t\t\t\t\t\t\t\t\t\t\t\t\t\t\t<\/div>\n\t\t\t\t<\/div>\n\t\t\t\t\t<\/div>\n\t\t<\/div>\n\t\t\t\t\t<\/div>\n\t\t<\/section>\n\t\t\t\t<section data-particle_enable=\"false\" data-particle-mobile-disabled=\"false\" class=\"elementor-section elementor-top-section elementor-element elementor-element-e7289df elementor-section-boxed elementor-section-height-default elementor-section-height-default\" data-id=\"e7289df\" data-element_type=\"section\" data-e-type=\"section\">\n\t\t\t\t\t\t<div class=\"elementor-container elementor-column-gap-default\">\n\t\t\t\t\t<div class=\"elementor-column elementor-col-100 elementor-top-column elementor-element elementor-element-84eff93\" data-id=\"84eff93\" data-element_type=\"column\" data-e-type=\"column\">\n\t\t\t<div class=\"elementor-widget-wrap elementor-element-populated\">\n\t\t\t\t\t\t<div class=\"elementor-element elementor-element-9bd615e elementor-widget-divider--view-line elementor-widget elementor-widget-divider\" data-id=\"9bd615e\" data-element_type=\"widget\" data-e-type=\"widget\" data-widget_type=\"divider.default\">\n\t\t\t\t<div class=\"elementor-widget-container\">\n\t\t\t\t\t\t\t<div class=\"elementor-divider\">\n\t\t\t<span class=\"elementor-divider-separator\">\n\t\t\t\t\t\t<\/span>\n\t\t<\/div>\n\t\t\t\t\t\t<\/div>\n\t\t\t\t<\/div>\n\t\t\t\t<div class=\"elementor-element elementor-element-b2acdd7 elementor-widget elementor-widget-text-editor\" data-id=\"b2acdd7\" data-element_type=\"widget\" data-e-type=\"widget\" data-widget_type=\"text-editor.default\">\n\t\t\t\t<div class=\"elementor-widget-container\">\n\t\t\t\t\t\t\t\t\t<p><span style=\"color: #034b7b;\"><strong><em>Closing of the 9th International Latin America and Caribbean Session at the Military School<\/em><\/strong><\/span><\/p><p><em>The 9<sup>th<\/sup> International Latin America and Caribbean (SIAL) session ended on Saturday March 12, 2022 with a closing speech by Ambassador Pierre-Henri Guignard, Special Envoy for the Alliance for the Preservation of Tropical Forests.<\/em><\/p><p><em>From March 6 to 13, 26 civil and military auditors from Latin America and the Caribbean attended conferences and visited French military sites, including Paris Fire Brigade, around the topic: France and Latin America, united in the face of new challenges security and defence.\u00a0<\/em><\/p><p><em>At the end of the presentation of their committee work, the auditors received their diploma from the hands of the prefect Denis Conus, deputy director of the IHEDN, Ambassador Sylvain Berger, director of the Department for Europe and International Affairs of the Institute, and Lieutenant-Colonel S\u00e9bastien Giordano, Geographical Officer of Latin America within the Directorate of Security and Defense Cooperation (DCSD) at the Ministry for Europe and Foreign Affairs.<\/em><\/p>\t\t\t\t\t\t\t\t<\/div>\n\t\t\t\t<\/div>\n\t\t\t\t\t<\/div>\n\t\t<\/div>\n\t\t\t\t\t<\/div>\n\t\t<\/section>\n\t\t\t\t<section data-particle_enable=\"false\" data-particle-mobile-disabled=\"false\" class=\"elementor-section elementor-top-section elementor-element elementor-element-17b9aba elementor-section-boxed elementor-section-height-default elementor-section-height-default\" data-id=\"17b9aba\" data-element_type=\"section\" data-e-type=\"section\">\n\t\t\t\t\t\t<div class=\"elementor-container elementor-column-gap-default\">\n\t\t\t\t\t<div class=\"elementor-column elementor-col-100 elementor-top-column elementor-element elementor-element-b5459a5\" data-id=\"b5459a5\" data-element_type=\"column\" data-e-type=\"column\">\n\t\t\t<div class=\"elementor-widget-wrap elementor-element-populated\">\n\t\t\t\t\t\t<section data-particle_enable=\"false\" data-particle-mobile-disabled=\"false\" class=\"elementor-section elementor-inner-section elementor-element elementor-element-0bdddbd elementor-section-boxed elementor-section-height-default elementor-section-height-default\" data-id=\"0bdddbd\" data-element_type=\"section\" data-e-type=\"section\">\n\t\t\t\t\t\t<div class=\"elementor-container elementor-column-gap-default\">\n\t\t\t\t\t<div class=\"elementor-column elementor-col-100 elementor-inner-column elementor-element elementor-element-0dabbca\" data-id=\"0dabbca\" data-element_type=\"column\" data-e-type=\"column\">\n\t\t\t<div class=\"elementor-widget-wrap elementor-element-populated\">\n\t\t\t\t\t\t<div class=\"elementor-element elementor-element-0619cb6 elementor-widget elementor-widget-heading\" data-id=\"0619cb6\" data-element_type=\"widget\" data-e-type=\"widget\" data-widget_type=\"heading.default\">\n\t\t\t\t<div class=\"elementor-widget-container\">\n\t\t\t\t\t<h5 class=\"elementor-heading-title elementor-size-default\">Opening of the 9th International Latin America and Caribbean Session at the \u00c9cole Militaire<\/h5>\t\t\t\t<\/div>\n\t\t\t\t<\/div>\n\t\t\t\t<div class=\"elementor-element elementor-element-6cde61b elementor-widget-divider--view-line elementor-widget elementor-widget-divider\" data-id=\"6cde61b\" data-element_type=\"widget\" data-e-type=\"widget\" data-widget_type=\"divider.default\">\n\t\t\t\t<div class=\"elementor-widget-container\">\n\t\t\t\t\t\t\t<div class=\"elementor-divider\">\n\t\t\t<span class=\"elementor-divider-separator\">\n\t\t\t\t\t\t<\/span>\n\t\t<\/div>\n\t\t\t\t\t\t<\/div>\n\t\t\t\t<\/div>\n\t\t\t\t<div class=\"elementor-element elementor-element-17c29fe elementor-widget elementor-widget-text-editor\" data-id=\"17c29fe\" data-element_type=\"widget\" data-e-type=\"widget\" data-widget_type=\"text-editor.default\">\n\t\t\t\t<div class=\"elementor-widget-container\">\n\t\t\t\t\t\t\t\t\t<p><img decoding=\"async\" class=\"wp-image-21749 alignleft\" src=\"https:\/\/ihedn.fr\/wp-content\/uploads\/2022\/03\/DCSD_logo_Blanc_Nom-complet-scaled.jpg\" alt=\"\" width=\"79\" height=\"100\" srcset=\"https:\/\/ihedn.fr\/wp-content\/uploads\/2022\/03\/DCSD_logo_Blanc_Nom-complet-scaled.jpg 2018w, https:\/\/ihedn.fr\/wp-content\/uploads\/2022\/03\/DCSD_logo_Blanc_Nom-complet-1211x1536.jpg 1211w, https:\/\/ihedn.fr\/wp-content\/uploads\/2022\/03\/DCSD_logo_Blanc_Nom-complet-1615x2048.jpg 1615w\" sizes=\"(max-width: 79px) 100vw, 79px\" \/>La <strong><span style=\"color: #034b7b;\">9<sup>e<\/sup> Latin America and Caribbean international session<\/span><\/strong> (SIAL) began on 7 March 2022, with the presence of the <strong><span style=\"color: #034b7b;\">Lieutenant General Thierry MARCHAND<\/span><\/strong>Director of Security and Defence Cooperation (DCSD) and the<strong><span style=\"color: #034b7b;\">Ambassador Sylvain BERGER<\/span><\/strong>Director of the Europe and International Affairs Department at IHEDN.<\/p><p>Until 13 March, the 26 civilian and military auditors from Latin America and the Caribbean will be able to take advantage of study conferences and visits to military sites on the theme: France and Latin America, united in the face of new security and defence challenges.<\/p><p>During the conferences, the participants will be encouraged to take part in high-level strategic reflection to promote the convergence of ideas and debates in the fields of cooperation, security and defence between the two continents. They will be supplemented by the presentation of work carried out by the auditors in committees.<\/p><p>It was a session under the banner of cooperation, the key word in a week of intense discoveries.<\/p>\t\t\t\t\t\t\t\t<\/div>\n\t\t\t\t<\/div>\n\t\t\t\t\t<\/div>\n\t\t<\/div>\n\t\t\t\t\t<\/div>\n\t\t<\/section>\n\t\t\t\t\t<\/div>\n\t\t<\/div>\n\t\t\t\t\t<\/div>\n\t\t<\/section>\n\t\t\t\t<section data-particle_enable=\"false\" data-particle-mobile-disabled=\"false\" class=\"elementor-section elementor-top-section elementor-element elementor-element-4177444 elementor-section-boxed elementor-section-height-default elementor-section-height-default\" data-id=\"4177444\" data-element_type=\"section\" data-e-type=\"section\">\n\t\t\t\t\t\t<div class=\"elementor-container elementor-column-gap-default\">\n\t\t\t\t\t<div class=\"elementor-column elementor-col-100 elementor-top-column elementor-element elementor-element-c28cf1f\" data-id=\"c28cf1f\" data-element_type=\"column\" data-e-type=\"column\">\n\t\t\t<div class=\"elementor-widget-wrap elementor-element-populated\">\n\t\t\t\t\t\t<div class=\"elementor-element elementor-element-cf50efc elementor-widget-divider--view-line elementor-widget elementor-widget-divider\" data-id=\"cf50efc\" data-element_type=\"widget\" data-e-type=\"widget\" data-widget_type=\"divider.default\">\n\t\t\t\t<div class=\"elementor-widget-container\">\n\t\t\t\t\t\t\t<div class=\"elementor-divider\">\n\t\t\t<span class=\"elementor-divider-separator\">\n\t\t\t\t\t\t<\/span>\n\t\t<\/div>\n\t\t\t\t\t\t<\/div>\n\t\t\t\t<\/div>\n\t\t\t\t<div class=\"elementor-element elementor-element-6de066f elementor-widget elementor-widget-text-editor\" data-id=\"6de066f\" data-element_type=\"widget\" data-e-type=\"widget\" data-widget_type=\"text-editor.default\">\n\t\t\t\t<div class=\"elementor-widget-container\">\n\t\t\t\t\t\t\t\t\t<p><strong><span style=\"color: #034b7b;\"><em>Opening of the 9th International Latin America and Caribbean Session at the Military School in Paris<\/em><\/span><\/strong><\/p><p><em>The 9th International Latin America and Caribbean session was opened on March 7, 2022 by Lieutenant General Thierry MARCHAND, Director of Security and Defense Cooperation (DCSD) and by Ambassador Sylvain BERGER, Director of the department for european and international affairs of IHEDN.<\/em><\/p><p><em>Until March 13th, the 26 civilian and military auditors from Latin America and the Caribbean will attend conferences and discover military sites, around the topic: France and Latin America, facing new security and defense challenges.<\/em><\/p><p><em>During the conferences, the auditors will take part to a high-level strategic reflection allowing the convergence of ideas and debates around the fields of cooperation, security and defence between the two continents. At the end of the session, the auditors will present their committee works.<\/em><\/p><p><em>An intense week of discovery placed under the sign of cooperation.<\/em><\/p>\t\t\t\t\t\t\t\t<\/div>\n\t\t\t\t<\/div>\n\t\t\t\t<div class=\"elementor-element elementor-element-cadbf2a elementor-widget elementor-widget-image\" data-id=\"cadbf2a\" data-element_type=\"widget\" data-e-type=\"widget\" data-widget_type=\"image.default\">\n\t\t\t\t<div class=\"elementor-widget-container\">\n\t\t\t\t\t\t\t\t\t\t\t\t\t\t\t<img loading=\"lazy\" decoding=\"async\" width=\"2560\" height=\"1810\" src=\"https:\/\/ihedn.fr\/wp-content\/uploads\/2022\/03\/IHEDN-SIAL-officielle-1-scaled.jpg\" class=\"attachment-full size-full wp-image-21748\" alt=\"\" srcset=\"https:\/\/ihedn.fr\/wp-content\/uploads\/2022\/03\/IHEDN-SIAL-officielle-1-scaled.jpg 2560w, https:\/\/ihedn.fr\/wp-content\/uploads\/2022\/03\/IHEDN-SIAL-officielle-1-1536x1086.jpg 1536w, https:\/\/ihedn.fr\/wp-content\/uploads\/2022\/03\/IHEDN-SIAL-officielle-1-2048x1448.jpg 2048w\" sizes=\"(max-width: 2560px) 100vw, 2560px\" \/>\t\t\t\t\t\t\t\t\t\t\t\t\t\t\t<\/div>\n\t\t\t\t<\/div>\n\t\t\t\t\t<\/div>\n\t\t<\/div>\n\t\t\t\t\t<\/div>\n\t\t<\/section>\n\t\t\t\t<\/div>","protected":false},"excerpt":{"rendered":"<p>Cl\u00f4ture de la 9e Session internationale Am\u00e9rique Latine et Cara\u00efbes \u00e0 l\u2019\u00c9cole Militaire La 9e session internationale Am\u00e9rique Latine et Cara\u00efbes (SIAL) s\u2019est termin\u00e9e le samedi 12 mars 2022 par un discours de cl\u00f4ture de l\u2019Ambassadeur Pierre-Henri Guignard, Envoy\u00e9 sp\u00e9cial pour l&rsquo;Alliance pour la Pr\u00e9servation des For\u00eats tropicales. Du 6 au 13 mars, les 26 [&hellip;]<\/p>\n","protected":false},"author":1,"featured_media":20872,"comment_status":"closed","ping_status":"closed","sticky":false,"template":"","format":"standard","meta":{"footnotes":""},"categories":[172],"tags":[],"class_list":["post-20594","post","type-post","status-publish","format-standard","has-post-thumbnail","hentry","category-notre-actualite"],"yoast_head":"<!-- This site is optimized with the Yoast SEO plugin v27.5 - https:\/\/yoast.com\/product\/yoast-seo-wordpress\/ -->\n<title>La 9e Session internationale Am\u00e9rique Latine et Cara\u00efbes - L&#039;IHEDN : Institut des hautes \u00e9tudes de d\u00e9fense nationale<\/title>\n<meta name=\"robots\" content=\"index, follow, max-snippet:-1, max-image-preview:large, max-video-preview:-1\" \/>\n<link rel=\"canonical\" href=\"https:\/\/ihedn.fr\/en\/actualites-des-sessions\/deai\/ouverture-de-la-9e-session-internationale-amerique-latine-et-caraibes-a-lecole-militaire\/\" \/>\n<meta property=\"og:locale\" content=\"en_GB\" \/>\n<meta property=\"og:type\" content=\"article\" \/>\n<meta property=\"og:title\" content=\"La 9e Session internationale Am\u00e9rique Latine et Cara\u00efbes - L&#039;IHEDN : Institut des hautes \u00e9tudes de d\u00e9fense nationale\" \/>\n<meta property=\"og:description\" content=\"Cl\u00f4ture de la 9e Session internationale Am\u00e9rique Latine et Cara\u00efbes \u00e0 l\u2019\u00c9cole Militaire La 9e session internationale Am\u00e9rique Latine et Cara\u00efbes (SIAL) s\u2019est termin\u00e9e le samedi 12 mars 2022 par un discours de cl\u00f4ture de l\u2019Ambassadeur Pierre-Henri Guignard, Envoy\u00e9 sp\u00e9cial pour l&rsquo;Alliance pour la Pr\u00e9servation des For\u00eats tropicales. Du 6 au 13 mars, les 26 [&hellip;]\" \/>\n<meta property=\"og:url\" content=\"https:\/\/ihedn.fr\/en\/actualites-des-sessions\/deai\/ouverture-de-la-9e-session-internationale-amerique-latine-et-caraibes-a-lecole-militaire\/\" \/>\n<meta property=\"og:site_name\" content=\"L&#039;IHEDN : Institut des hautes \u00e9tudes de d\u00e9fense nationale\" \/>\n<meta property=\"article:publisher\" content=\"https:\/\/www.facebook.com\/ihedn\/\" \/>\n<meta property=\"article:published_time\" content=\"2022-03-14T17:00:41+00:00\" \/>\n<meta property=\"article:modified_time\" content=\"2022-11-25T14:22:40+00:00\" \/>\n<meta property=\"og:image\" content=\"https:\/\/ihedn.fr\/wp-content\/uploads\/2022\/03\/20220315-\u00aeIHEDN-SIAL-cloture-001.jpg\" \/>\n\t<meta property=\"og:image:width\" content=\"1453\" \/>\n\t<meta property=\"og:image:height\" content=\"969\" \/>\n\t<meta property=\"og:image:type\" content=\"image\/jpeg\" \/>\n<meta name=\"author\" content=\"dev\" \/>\n<meta name=\"twitter:card\" content=\"summary_large_image\" \/>\n<meta name=\"twitter:creator\" content=\"@IHEDN\" \/>\n<meta name=\"twitter:site\" content=\"@IHEDN\" \/>\n<meta name=\"twitter:label1\" content=\"Written by\" \/>\n\t<meta name=\"twitter:data1\" content=\"dev\" \/>\n\t<meta name=\"twitter:label2\" content=\"Estimated reading time\" \/>\n\t<meta name=\"twitter:data2\" content=\"5 minutes\" \/>\n<script type=\"application\/ld+json\" class=\"yoast-schema-graph\">{\"@context\":\"https:\\\/\\\/schema.org\",\"@graph\":[{\"@type\":\"Article\",\"@id\":\"https:\\\/\\\/ihedn.fr\\\/actualites-des-sessions\\\/deai\\\/ouverture-de-la-9e-session-internationale-amerique-latine-et-caraibes-a-lecole-militaire\\\/#article\",\"isPartOf\":{\"@id\":\"https:\\\/\\\/ihedn.fr\\\/actualites-des-sessions\\\/deai\\\/ouverture-de-la-9e-session-internationale-amerique-latine-et-caraibes-a-lecole-militaire\\\/\"},\"author\":{\"name\":\"dev\",\"@id\":\"https:\\\/\\\/ihedn.fr\\\/#\\\/schema\\\/person\\\/7a40155595e4efb35323447cb8c8c5a4\"},\"headline\":\"La 9e Session internationale Am\u00e9rique Latine et Cara\u00efbes\",\"datePublished\":\"2022-03-14T17:00:41+00:00\",\"dateModified\":\"2022-11-25T14:22:40+00:00\",\"mainEntityOfPage\":{\"@id\":\"https:\\\/\\\/ihedn.fr\\\/actualites-des-sessions\\\/deai\\\/ouverture-de-la-9e-session-internationale-amerique-latine-et-caraibes-a-lecole-militaire\\\/\"},\"wordCount\":744,\"publisher\":{\"@id\":\"https:\\\/\\\/ihedn.fr\\\/#organization\"},\"image\":{\"@id\":\"https:\\\/\\\/ihedn.fr\\\/actualites-des-sessions\\\/deai\\\/ouverture-de-la-9e-session-internationale-amerique-latine-et-caraibes-a-lecole-militaire\\\/#primaryimage\"},\"thumbnailUrl\":\"https:\\\/\\\/ihedn.fr\\\/wp-content\\\/uploads\\\/2022\\\/03\\\/20220315-\u00aeIHEDN-SIAL-cloture-001.jpg\",\"articleSection\":[\"Notre actualit\u00e9\"],\"inLanguage\":\"en-GB\"},{\"@type\":\"WebPage\",\"@id\":\"https:\\\/\\\/ihedn.fr\\\/actualites-des-sessions\\\/deai\\\/ouverture-de-la-9e-session-internationale-amerique-latine-et-caraibes-a-lecole-militaire\\\/\",\"url\":\"https:\\\/\\\/ihedn.fr\\\/actualites-des-sessions\\\/deai\\\/ouverture-de-la-9e-session-internationale-amerique-latine-et-caraibes-a-lecole-militaire\\\/\",\"name\":\"La 9e Session internationale Am\u00e9rique Latine et Cara\u00efbes - L&#039;IHEDN : Institut des hautes \u00e9tudes de d\u00e9fense nationale\",\"isPartOf\":{\"@id\":\"https:\\\/\\\/ihedn.fr\\\/#website\"},\"primaryImageOfPage\":{\"@id\":\"https:\\\/\\\/ihedn.fr\\\/actualites-des-sessions\\\/deai\\\/ouverture-de-la-9e-session-internationale-amerique-latine-et-caraibes-a-lecole-militaire\\\/#primaryimage\"},\"image\":{\"@id\":\"https:\\\/\\\/ihedn.fr\\\/actualites-des-sessions\\\/deai\\\/ouverture-de-la-9e-session-internationale-amerique-latine-et-caraibes-a-lecole-militaire\\\/#primaryimage\"},\"thumbnailUrl\":\"https:\\\/\\\/ihedn.fr\\\/wp-content\\\/uploads\\\/2022\\\/03\\\/20220315-\u00aeIHEDN-SIAL-cloture-001.jpg\",\"datePublished\":\"2022-03-14T17:00:41+00:00\",\"dateModified\":\"2022-11-25T14:22:40+00:00\",\"breadcrumb\":{\"@id\":\"https:\\\/\\\/ihedn.fr\\\/actualites-des-sessions\\\/deai\\\/ouverture-de-la-9e-session-internationale-amerique-latine-et-caraibes-a-lecole-militaire\\\/#breadcrumb\"},\"inLanguage\":\"en-GB\",\"potentialAction\":[{\"@type\":\"ReadAction\",\"target\":[\"https:\\\/\\\/ihedn.fr\\\/actualites-des-sessions\\\/deai\\\/ouverture-de-la-9e-session-internationale-amerique-latine-et-caraibes-a-lecole-militaire\\\/\"]}]},{\"@type\":\"ImageObject\",\"inLanguage\":\"en-GB\",\"@id\":\"https:\\\/\\\/ihedn.fr\\\/actualites-des-sessions\\\/deai\\\/ouverture-de-la-9e-session-internationale-amerique-latine-et-caraibes-a-lecole-militaire\\\/#primaryimage\",\"url\":\"https:\\\/\\\/ihedn.fr\\\/wp-content\\\/uploads\\\/2022\\\/03\\\/20220315-\u00aeIHEDN-SIAL-cloture-001.jpg\",\"contentUrl\":\"https:\\\/\\\/ihedn.fr\\\/wp-content\\\/uploads\\\/2022\\\/03\\\/20220315-\u00aeIHEDN-SIAL-cloture-001.jpg\",\"width\":1453,\"height\":969},{\"@type\":\"BreadcrumbList\",\"@id\":\"https:\\\/\\\/ihedn.fr\\\/actualites-des-sessions\\\/deai\\\/ouverture-de-la-9e-session-internationale-amerique-latine-et-caraibes-a-lecole-militaire\\\/#breadcrumb\",\"itemListElement\":[{\"@type\":\"ListItem\",\"position\":1,\"name\":\"Accueil\",\"item\":\"https:\\\/\\\/ihedn.fr\\\/\"},{\"@type\":\"ListItem\",\"position\":2,\"name\":\"La 9e Session internationale Am\u00e9rique Latine et Cara\u00efbes\"}]},{\"@type\":\"WebSite\",\"@id\":\"https:\\\/\\\/ihedn.fr\\\/#website\",\"url\":\"https:\\\/\\\/ihedn.fr\\\/\",\"name\":\"IHEDN : Institut des hautes \u00e9tudes de d\u00e9fense nationale |\",\"description\":\"Site officiel de l&#039;IHEDN plac\u00e9 sous la tutelle du Premier ministre.\",\"publisher\":{\"@id\":\"https:\\\/\\\/ihedn.fr\\\/#organization\"},\"potentialAction\":[{\"@type\":\"SearchAction\",\"target\":{\"@type\":\"EntryPoint\",\"urlTemplate\":\"https:\\\/\\\/ihedn.fr\\\/?s={search_term_string}\"},\"query-input\":{\"@type\":\"PropertyValueSpecification\",\"valueRequired\":true,\"valueName\":\"search_term_string\"}}],\"inLanguage\":\"en-GB\"},{\"@type\":\"Organization\",\"@id\":\"https:\\\/\\\/ihedn.fr\\\/#organization\",\"name\":\"IHEDN - Institut des Hautes Etudes de D\u00e9fense Nationale\",\"url\":\"https:\\\/\\\/ihedn.fr\\\/\",\"logo\":{\"@type\":\"ImageObject\",\"inLanguage\":\"en-GB\",\"@id\":\"https:\\\/\\\/ihedn.fr\\\/#\\\/schema\\\/logo\\\/image\\\/\",\"url\":\"https:\\\/\\\/ihedn.fr\\\/wp-content\\\/uploads\\\/2020\\\/11\\\/BLOC_RF_IHEDN_WEB.png\",\"contentUrl\":\"https:\\\/\\\/ihedn.fr\\\/wp-content\\\/uploads\\\/2020\\\/11\\\/BLOC_RF_IHEDN_WEB.png\",\"width\":500,\"height\":237,\"caption\":\"IHEDN - Institut des Hautes Etudes de D\u00e9fense Nationale\"},\"image\":{\"@id\":\"https:\\\/\\\/ihedn.fr\\\/#\\\/schema\\\/logo\\\/image\\\/\"},\"sameAs\":[\"https:\\\/\\\/www.facebook.com\\\/ihedn\\\/\",\"https:\\\/\\\/x.com\\\/IHEDN\",\"https:\\\/\\\/www.instagram.com\\\/ihedn\\\/\",\"https:\\\/\\\/www.linkedin.com\\\/school\\\/ihedn\\\/\",\"https:\\\/\\\/fr.wikipedia.org\\\/wiki\\\/Institut_des_hautes_\u00e9tudes_de_D\u00e9fense_nationale\"]},{\"@type\":\"Person\",\"@id\":\"https:\\\/\\\/ihedn.fr\\\/#\\\/schema\\\/person\\\/7a40155595e4efb35323447cb8c8c5a4\",\"name\":\"dev\",\"image\":{\"@type\":\"ImageObject\",\"inLanguage\":\"en-GB\",\"@id\":\"https:\\\/\\\/secure.gravatar.com\\\/avatar\\\/f1ffcac9ca2fa95ad3ec33e9be3ade82f752acb0cabe541e56c5889225afa88a?s=96&d=mm&r=g\",\"url\":\"https:\\\/\\\/secure.gravatar.com\\\/avatar\\\/f1ffcac9ca2fa95ad3ec33e9be3ade82f752acb0cabe541e56c5889225afa88a?s=96&d=mm&r=g\",\"contentUrl\":\"https:\\\/\\\/secure.gravatar.com\\\/avatar\\\/f1ffcac9ca2fa95ad3ec33e9be3ade82f752acb0cabe541e56c5889225afa88a?s=96&d=mm&r=g\",\"caption\":\"dev\"},\"sameAs\":[\"https:\\\/\\\/ihedn.concilium.click\"],\"url\":\"https:\\\/\\\/ihedn.fr\\\/en\\\/author\\\/dev\\\/\"}]}<\/script>\n<!-- \/ Yoast SEO plugin. -->","yoast_head_json":{"title":"The 9th International Session on Latin America and the Caribbean - L'IHEDN : Institut des hautes \u00e9tudes de d\u00e9fense nationale","robots":{"index":"index","follow":"follow","max-snippet":"max-snippet:-1","max-image-preview":"max-image-preview:large","max-video-preview":"max-video-preview:-1"},"canonical":"https:\/\/ihedn.fr\/en\/actualites-des-sessions\/deai\/ouverture-de-la-9e-session-internationale-amerique-latine-et-caraibes-a-lecole-militaire\/","og_locale":"en_GB","og_type":"article","og_title":"La 9e Session internationale Am\u00e9rique Latine et Cara\u00efbes - L&#039;IHEDN : Institut des hautes \u00e9tudes de d\u00e9fense nationale","og_description":"Cl\u00f4ture de la 9e Session internationale Am\u00e9rique Latine et Cara\u00efbes \u00e0 l\u2019\u00c9cole Militaire La 9e session internationale Am\u00e9rique Latine et Cara\u00efbes (SIAL) s\u2019est termin\u00e9e le samedi 12 mars 2022 par un discours de cl\u00f4ture de l\u2019Ambassadeur Pierre-Henri Guignard, Envoy\u00e9 sp\u00e9cial pour l&rsquo;Alliance pour la Pr\u00e9servation des For\u00eats tropicales. Du 6 au 13 mars, les 26 [&hellip;]","og_url":"https:\/\/ihedn.fr\/en\/actualites-des-sessions\/deai\/ouverture-de-la-9e-session-internationale-amerique-latine-et-caraibes-a-lecole-militaire\/","og_site_name":"L&#039;IHEDN : Institut des hautes \u00e9tudes de d\u00e9fense nationale","article_publisher":"https:\/\/www.facebook.com\/ihedn\/","article_published_time":"2022-03-14T17:00:41+00:00","article_modified_time":"2022-11-25T14:22:40+00:00","og_image":[{"width":1453,"height":969,"url":"https:\/\/ihedn.fr\/wp-content\/uploads\/2022\/03\/20220315-\u00aeIHEDN-SIAL-cloture-001.jpg","type":"image\/jpeg"}],"author":"dev","twitter_card":"summary_large_image","twitter_creator":"@IHEDN","twitter_site":"@IHEDN","twitter_misc":{"Written by":"dev","Estimated reading time":"5 minutes"},"schema":{"@context":"https:\/\/schema.org","@graph":[{"@type":"Article","@id":"https:\/\/ihedn.fr\/actualites-des-sessions\/deai\/ouverture-de-la-9e-session-internationale-amerique-latine-et-caraibes-a-lecole-militaire\/#article","isPartOf":{"@id":"https:\/\/ihedn.fr\/actualites-des-sessions\/deai\/ouverture-de-la-9e-session-internationale-amerique-latine-et-caraibes-a-lecole-militaire\/"},"author":{"name":"dev","@id":"https:\/\/ihedn.fr\/#\/schema\/person\/7a40155595e4efb35323447cb8c8c5a4"},"headline":"La 9e Session internationale Am\u00e9rique Latine et Cara\u00efbes","datePublished":"2022-03-14T17:00:41+00:00","dateModified":"2022-11-25T14:22:40+00:00","mainEntityOfPage":{"@id":"https:\/\/ihedn.fr\/actualites-des-sessions\/deai\/ouverture-de-la-9e-session-internationale-amerique-latine-et-caraibes-a-lecole-militaire\/"},"wordCount":744,"publisher":{"@id":"https:\/\/ihedn.fr\/#organization"},"image":{"@id":"https:\/\/ihedn.fr\/actualites-des-sessions\/deai\/ouverture-de-la-9e-session-internationale-amerique-latine-et-caraibes-a-lecole-militaire\/#primaryimage"},"thumbnailUrl":"https:\/\/ihedn.fr\/wp-content\/uploads\/2022\/03\/20220315-\u00aeIHEDN-SIAL-cloture-001.jpg","articleSection":["Notre actualit\u00e9"],"inLanguage":"en-GB"},{"@type":"WebPage","@id":"https:\/\/ihedn.fr\/actualites-des-sessions\/deai\/ouverture-de-la-9e-session-internationale-amerique-latine-et-caraibes-a-lecole-militaire\/","url":"https:\/\/ihedn.fr\/actualites-des-sessions\/deai\/ouverture-de-la-9e-session-internationale-amerique-latine-et-caraibes-a-lecole-militaire\/","name":"The 9th International Session on Latin America and the Caribbean - L'IHEDN : Institut des hautes \u00e9tudes de d\u00e9fense nationale","isPartOf":{"@id":"https:\/\/ihedn.fr\/#website"},"primaryImageOfPage":{"@id":"https:\/\/ihedn.fr\/actualites-des-sessions\/deai\/ouverture-de-la-9e-session-internationale-amerique-latine-et-caraibes-a-lecole-militaire\/#primaryimage"},"image":{"@id":"https:\/\/ihedn.fr\/actualites-des-sessions\/deai\/ouverture-de-la-9e-session-internationale-amerique-latine-et-caraibes-a-lecole-militaire\/#primaryimage"},"thumbnailUrl":"https:\/\/ihedn.fr\/wp-content\/uploads\/2022\/03\/20220315-\u00aeIHEDN-SIAL-cloture-001.jpg","datePublished":"2022-03-14T17:00:41+00:00","dateModified":"2022-11-25T14:22:40+00:00","breadcrumb":{"@id":"https:\/\/ihedn.fr\/actualites-des-sessions\/deai\/ouverture-de-la-9e-session-internationale-amerique-latine-et-caraibes-a-lecole-militaire\/#breadcrumb"},"inLanguage":"en-GB","potentialAction":[{"@type":"ReadAction","target":["https:\/\/ihedn.fr\/actualites-des-sessions\/deai\/ouverture-de-la-9e-session-internationale-amerique-latine-et-caraibes-a-lecole-militaire\/"]}]},{"@type":"ImageObject","inLanguage":"en-GB","@id":"https:\/\/ihedn.fr\/actualites-des-sessions\/deai\/ouverture-de-la-9e-session-internationale-amerique-latine-et-caraibes-a-lecole-militaire\/#primaryimage","url":"https:\/\/ihedn.fr\/wp-content\/uploads\/2022\/03\/20220315-\u00aeIHEDN-SIAL-cloture-001.jpg","contentUrl":"https:\/\/ihedn.fr\/wp-content\/uploads\/2022\/03\/20220315-\u00aeIHEDN-SIAL-cloture-001.jpg","width":1453,"height":969},{"@type":"BreadcrumbList","@id":"https:\/\/ihedn.fr\/actualites-des-sessions\/deai\/ouverture-de-la-9e-session-internationale-amerique-latine-et-caraibes-a-lecole-militaire\/#breadcrumb","itemListElement":[{"@type":"ListItem","position":1,"name":"Accueil","item":"https:\/\/ihedn.fr\/"},{"@type":"ListItem","position":2,"name":"La 9e Session internationale Am\u00e9rique Latine et Cara\u00efbes"}]},{"@type":"WebSite","@id":"https:\/\/ihedn.fr\/#website","url":"https:\/\/ihedn.fr\/","name":"IHEDN: Institut des hautes \u00e9tudes de d\u00e9fense nationale (Institute for Higher National Defence Studies)","description":"Official website of the IHEDN under the supervision of the Prime Minister.","publisher":{"@id":"https:\/\/ihedn.fr\/#organization"},"potentialAction":[{"@type":"SearchAction","target":{"@type":"EntryPoint","urlTemplate":"https:\/\/ihedn.fr\/?s={search_term_string}"},"query-input":{"@type":"PropertyValueSpecification","valueRequired":true,"valueName":"search_term_string"}}],"inLanguage":"en-GB"},{"@type":"Organization","@id":"https:\/\/ihedn.fr\/#organization","name":"IHEDN - Institute for Higher National Defence Studies","url":"https:\/\/ihedn.fr\/","logo":{"@type":"ImageObject","inLanguage":"en-GB","@id":"https:\/\/ihedn.fr\/#\/schema\/logo\/image\/","url":"https:\/\/ihedn.fr\/wp-content\/uploads\/2020\/11\/BLOC_RF_IHEDN_WEB.png","contentUrl":"https:\/\/ihedn.fr\/wp-content\/uploads\/2020\/11\/BLOC_RF_IHEDN_WEB.png","width":500,"height":237,"caption":"IHEDN - Institut des Hautes Etudes de D\u00e9fense Nationale"},"image":{"@id":"https:\/\/ihedn.fr\/#\/schema\/logo\/image\/"},"sameAs":["https:\/\/www.facebook.com\/ihedn\/","https:\/\/x.com\/IHEDN","https:\/\/www.instagram.com\/ihedn\/","https:\/\/www.linkedin.com\/school\/ihedn\/","https:\/\/fr.wikipedia.org\/wiki\/Institut_des_hautes_\u00e9tudes_de_D\u00e9fense_nationale"]},{"@type":"Person","@id":"https:\/\/ihedn.fr\/#\/schema\/person\/7a40155595e4efb35323447cb8c8c5a4","name":"dev","image":{"@type":"ImageObject","inLanguage":"en-GB","@id":"https:\/\/secure.gravatar.com\/avatar\/f1ffcac9ca2fa95ad3ec33e9be3ade82f752acb0cabe541e56c5889225afa88a?s=96&d=mm&r=g","url":"https:\/\/secure.gravatar.com\/avatar\/f1ffcac9ca2fa95ad3ec33e9be3ade82f752acb0cabe541e56c5889225afa88a?s=96&d=mm&r=g","contentUrl":"https:\/\/secure.gravatar.com\/avatar\/f1ffcac9ca2fa95ad3ec33e9be3ade82f752acb0cabe541e56c5889225afa88a?s=96&d=mm&r=g","caption":"dev"},"sameAs":["https:\/\/ihedn.concilium.click"],"url":"https:\/\/ihedn.fr\/en\/author\/dev\/"}]}},"publishpress_future_action":{"enabled":false,"date":"2026-05-09 08:07:52","action":"change-status","newStatus":"draft","terms":[],"taxonomy":"category","extraData":[]},"publishpress_future_workflow_manual_trigger":{"enabledWorkflows":[]},"_links":{"self":[{"href":"https:\/\/ihedn.fr\/en\/wp-json\/wp\/v2\/posts\/20594","targetHints":{"allow":["GET"]}}],"collection":[{"href":"https:\/\/ihedn.fr\/en\/wp-json\/wp\/v2\/posts"}],"about":[{"href":"https:\/\/ihedn.fr\/en\/wp-json\/wp\/v2\/types\/post"}],"author":[{"embeddable":true,"href":"https:\/\/ihedn.fr\/en\/wp-json\/wp\/v2\/users\/1"}],"replies":[{"embeddable":true,"href":"https:\/\/ihedn.fr\/en\/wp-json\/wp\/v2\/comments?post=20594"}],"version-history":[{"count":5,"href":"https:\/\/ihedn.fr\/en\/wp-json\/wp\/v2\/posts\/20594\/revisions"}],"predecessor-version":[{"id":21761,"href":"https:\/\/ihedn.fr\/en\/wp-json\/wp\/v2\/posts\/20594\/revisions\/21761"}],"wp:featuredmedia":[{"embeddable":true,"href":"https:\/\/ihedn.fr\/en\/wp-json\/wp\/v2\/media\/20872"}],"wp:attachment":[{"href":"https:\/\/ihedn.fr\/en\/wp-json\/wp\/v2\/media?parent=20594"}],"wp:term":[{"taxonomy":"category","embeddable":true,"href":"https:\/\/ihedn.fr\/en\/wp-json\/wp\/v2\/categories?post=20594"},{"taxonomy":"post_tag","embeddable":true,"href":"https:\/\/ihedn.fr\/en\/wp-json\/wp\/v2\/tags?post=20594"}],"curies":[{"name":"wp","href":"https:\/\/api.w.org\/{rel}","templated":true}]}}