{"id":20706,"date":"2022-03-11T14:56:54","date_gmt":"2022-03-11T13:56:54","guid":{"rendered":"https:\/\/ihedn.fr\/?p=20706"},"modified":"2022-06-21T08:23:05","modified_gmt":"2022-06-21T07:23:05","slug":"les-armes-de-la-desinformation","status":"publish","type":"post","link":"https:\/\/ihedn.fr\/en\/lundis-de-lihedn\/les-armes-de-la-desinformation\/","title":{"rendered":"The weapons of disinformation"},"content":{"rendered":"<div data-elementor-type=\"wp-post\" data-elementor-id=\"20706\" class=\"elementor elementor-20706\" data-elementor-post-type=\"post\">\n\t\t\t\t\t\t<section data-particle_enable=\"false\" data-particle-mobile-disabled=\"false\" class=\"elementor-section elementor-top-section elementor-element elementor-element-166edfb elementor-section-boxed elementor-section-height-default elementor-section-height-default\" data-id=\"166edfb\" data-element_type=\"section\" data-e-type=\"section\">\n\t\t\t\t\t\t<div class=\"elementor-container elementor-column-gap-default\">\n\t\t\t\t\t<div class=\"elementor-column elementor-col-100 elementor-top-column elementor-element elementor-element-6a7ab1e\" data-id=\"6a7ab1e\" data-element_type=\"column\" data-e-type=\"column\">\n\t\t\t<div class=\"elementor-widget-wrap elementor-element-populated\">\n\t\t\t\t\t\t<div class=\"elementor-element elementor-element-4d5a519 elementor-widget-divider--view-line elementor-invisible elementor-widget elementor-widget-divider\" data-id=\"4d5a519\" data-element_type=\"widget\" data-e-type=\"widget\" data-settings=\"{&quot;_animation&quot;:&quot;fadeInUp&quot;,&quot;_animation_delay&quot;:200}\" data-widget_type=\"divider.default\">\n\t\t\t\t<div class=\"elementor-widget-container\">\n\t\t\t\t\t\t\t<div class=\"elementor-divider\">\n\t\t\t<span class=\"elementor-divider-separator\">\n\t\t\t\t\t\t<\/span>\n\t\t<\/div>\n\t\t\t\t\t\t<\/div>\n\t\t\t\t<\/div>\n\t\t\t\t<div class=\"elementor-element elementor-element-3d8c14e elementor-widget elementor-widget-heading\" data-id=\"3d8c14e\" data-element_type=\"widget\" data-e-type=\"widget\" data-widget_type=\"heading.default\">\n\t\t\t\t<div class=\"elementor-widget-container\">\n\t\t\t\t\t<h1 class=\"elementor-heading-title elementor-size-default\">The weapons of disinformation<\/h1>\t\t\t\t<\/div>\n\t\t\t\t<\/div>\n\t\t\t\t<div class=\"elementor-element elementor-element-e02d76d elementor-widget-divider--view-line elementor-invisible elementor-widget elementor-widget-divider\" data-id=\"e02d76d\" data-element_type=\"widget\" data-e-type=\"widget\" data-settings=\"{&quot;_animation&quot;:&quot;fadeInUp&quot;,&quot;_animation_delay&quot;:200}\" data-widget_type=\"divider.default\">\n\t\t\t\t<div class=\"elementor-widget-container\">\n\t\t\t\t\t\t\t<div class=\"elementor-divider\">\n\t\t\t<span class=\"elementor-divider-separator\">\n\t\t\t\t\t\t<\/span>\n\t\t<\/div>\n\t\t\t\t\t\t<\/div>\n\t\t\t\t<\/div>\n\t\t\t\t\t<\/div>\n\t\t<\/div>\n\t\t\t\t\t<\/div>\n\t\t<\/section>\n\t\t\t\t<section data-particle_enable=\"false\" data-particle-mobile-disabled=\"false\" class=\"elementor-section elementor-top-section elementor-element elementor-element-b777960 elementor-section-boxed elementor-section-height-default elementor-section-height-default\" data-id=\"b777960\" data-element_type=\"section\" data-e-type=\"section\">\n\t\t\t\t\t\t<div class=\"elementor-container elementor-column-gap-default\">\n\t\t\t\t\t<div class=\"elementor-column elementor-col-100 elementor-top-column elementor-element elementor-element-8612a2a\" data-id=\"8612a2a\" data-element_type=\"column\" data-e-type=\"column\">\n\t\t\t<div class=\"elementor-widget-wrap elementor-element-populated\">\n\t\t\t\t\t\t<div class=\"elementor-element elementor-element-c568c3c elementor-widget elementor-widget-video\" data-id=\"c568c3c\" data-element_type=\"widget\" data-e-type=\"widget\" data-settings=\"{&quot;video_type&quot;:&quot;vimeo&quot;}\" data-widget_type=\"video.default\">\n\t\t\t\t<div class=\"elementor-widget-container\">\n\t\t\t\t\t\t\t<div class=\"elementor-wrapper elementor-open-inline\">\n\t\t\t<iframe class=\"elementor-video-iframe\" allowfullscreen allow=\"clipboard-write\" title=\"vimeo Video Player\" src=\"https:\/\/player.vimeo.com\/video\/698150002?color&amp;autopause=0&amp;loop=0&amp;muted=0&amp;title=1&amp;portrait=1&amp;byline=1#t=\"><\/iframe>\t\t<\/div>\n\t\t\t\t\t\t<\/div>\n\t\t\t\t<\/div>\n\t\t\t\t\t<\/div>\n\t\t<\/div>\n\t\t\t\t\t<\/div>\n\t\t<\/section>\n\t\t\t\t<section data-particle_enable=\"false\" data-particle-mobile-disabled=\"false\" class=\"elementor-section elementor-top-section elementor-element elementor-element-e6365dc elementor-section-boxed elementor-section-height-default elementor-section-height-default\" data-id=\"e6365dc\" data-element_type=\"section\" data-e-type=\"section\">\n\t\t\t\t\t\t<div class=\"elementor-container elementor-column-gap-default\">\n\t\t\t\t\t<div class=\"elementor-column elementor-col-100 elementor-top-column elementor-element elementor-element-df8a24a\" data-id=\"df8a24a\" data-element_type=\"column\" data-e-type=\"column\">\n\t\t\t<div class=\"elementor-widget-wrap elementor-element-populated\">\n\t\t\t\t\t\t<div class=\"elementor-element elementor-element-ea9910e elementor-widget elementor-widget-text-editor\" data-id=\"ea9910e\" data-element_type=\"widget\" data-e-type=\"widget\" data-widget_type=\"text-editor.default\">\n\t\t\t\t<div class=\"elementor-widget-container\">\n\t\t\t\t\t\t\t\t\t<p>Fake news, mind control, propaganda, disinformation, post-truth... what are we talking about?<\/p><p>Today, the manipulation of information is a \"challenge for our democracies\".<\/p><p>This conference-debate, hosted by <span style=\"color: #c80a23;\">Alain Graf<\/span>The Chairman of the Management Board, who is responsible for institutional relations, is holding a special meeting of the Board of Directors. <span style=\"color: #c80a23;\">Jean-Baptiste JEANGENE VILMER<\/span>Director of IRSEM and <span style=\"color: #c80a23;\">Catherine JENTILE<\/span>TF1\/LCI journalist, who together will explore the ins and outs of this major issue.<\/p><p>Who is manipulating?<br \/>For what purpose?<br \/>How can we respond?<br \/>What effective solutions can be devised?<\/p>\t\t\t\t\t\t\t\t<\/div>\n\t\t\t\t<\/div>\n\t\t\t\t\t<\/div>\n\t\t<\/div>\n\t\t\t\t\t<\/div>\n\t\t<\/section>\n\t\t\t\t<section data-particle_enable=\"false\" data-particle-mobile-disabled=\"false\" class=\"elementor-section elementor-top-section elementor-element elementor-element-8de6fe9 elementor-section-boxed elementor-section-height-default elementor-section-height-default\" data-id=\"8de6fe9\" data-element_type=\"section\" data-e-type=\"section\">\n\t\t\t\t\t\t<div class=\"elementor-container elementor-column-gap-default\">\n\t\t\t\t\t<div class=\"elementor-column elementor-col-100 elementor-top-column elementor-element elementor-element-49b9407\" data-id=\"49b9407\" data-element_type=\"column\" data-e-type=\"column\">\n\t\t\t<div class=\"elementor-widget-wrap elementor-element-populated\">\n\t\t\t\t\t\t<div class=\"elementor-element elementor-element-e792793 elementor-widget elementor-widget-heading\" data-id=\"e792793\" data-element_type=\"widget\" data-e-type=\"widget\" data-widget_type=\"heading.default\">\n\t\t\t\t<div class=\"elementor-widget-container\">\n\t\t\t\t\t<h4 class=\"elementor-heading-title elementor-size-default\">special guests<\/h4>\t\t\t\t<\/div>\n\t\t\t\t<\/div>\n\t\t\t\t<div class=\"elementor-element elementor-element-e1cd7e9 elementor-widget-divider--view-line elementor-widget elementor-widget-divider\" data-id=\"e1cd7e9\" data-element_type=\"widget\" data-e-type=\"widget\" data-widget_type=\"divider.default\">\n\t\t\t\t<div class=\"elementor-widget-container\">\n\t\t\t\t\t\t\t<div class=\"elementor-divider\">\n\t\t\t<span class=\"elementor-divider-separator\">\n\t\t\t\t\t\t<\/span>\n\t\t<\/div>\n\t\t\t\t\t\t<\/div>\n\t\t\t\t<\/div>\n\t\t\t\t\t<\/div>\n\t\t<\/div>\n\t\t\t\t\t<\/div>\n\t\t<\/section>\n\t\t\t\t<section data-particle_enable=\"false\" data-particle-mobile-disabled=\"false\" class=\"elementor-section elementor-top-section elementor-element elementor-element-6a0beb5 elementor-section-boxed elementor-section-height-default elementor-section-height-default\" data-id=\"6a0beb5\" data-element_type=\"section\" data-e-type=\"section\">\n\t\t\t\t\t\t<div class=\"elementor-container elementor-column-gap-default\">\n\t\t\t\t\t<div class=\"elementor-column elementor-col-100 elementor-top-column elementor-element elementor-element-4eb8b6b\" data-id=\"4eb8b6b\" data-element_type=\"column\" data-e-type=\"column\">\n\t\t\t<div class=\"elementor-widget-wrap elementor-element-populated\">\n\t\t\t\t\t\t<section data-particle_enable=\"false\" data-particle-mobile-disabled=\"false\" class=\"elementor-section elementor-inner-section elementor-element elementor-element-f2054d9 elementor-section-boxed elementor-section-height-default elementor-section-height-default\" data-id=\"f2054d9\" data-element_type=\"section\" data-e-type=\"section\">\n\t\t\t\t\t\t<div class=\"elementor-container elementor-column-gap-default\">\n\t\t\t\t\t<div class=\"elementor-column elementor-col-50 elementor-inner-column elementor-element elementor-element-4286a00\" data-id=\"4286a00\" data-element_type=\"column\" data-e-type=\"column\">\n\t\t\t<div class=\"elementor-widget-wrap elementor-element-populated\">\n\t\t\t\t\t\t<div class=\"elementor-element elementor-element-022046f elementor-widget elementor-widget-image\" data-id=\"022046f\" data-element_type=\"widget\" data-e-type=\"widget\" data-widget_type=\"image.default\">\n\t\t\t\t<div class=\"elementor-widget-container\">\n\t\t\t\t\t\t\t\t\t\t\t\t\t\t\t<img fetchpriority=\"high\" decoding=\"async\" width=\"800\" height=\"931\" src=\"https:\/\/ihedn.fr\/wp-content\/uploads\/2022\/03\/JB-Jeangene-Vilmer.jpg\" class=\"attachment-full size-full wp-image-20806\" alt=\"\" \/>\t\t\t\t\t\t\t\t\t\t\t\t\t\t\t<\/div>\n\t\t\t\t<\/div>\n\t\t\t\t\t<\/div>\n\t\t<\/div>\n\t\t\t\t<div class=\"elementor-column elementor-col-50 elementor-inner-column elementor-element elementor-element-b6eb6da\" data-id=\"b6eb6da\" data-element_type=\"column\" data-e-type=\"column\">\n\t\t\t<div class=\"elementor-widget-wrap elementor-element-populated\">\n\t\t\t\t\t\t<div class=\"elementor-element elementor-element-2d20faa elementor-widget elementor-widget-heading\" data-id=\"2d20faa\" data-element_type=\"widget\" data-e-type=\"widget\" data-widget_type=\"heading.default\">\n\t\t\t\t<div class=\"elementor-widget-container\">\n\t\t\t\t\t<h5 class=\"elementor-heading-title elementor-size-default\">Jean-Baptiste JEANGENE VILMER<\/h5>\t\t\t\t<\/div>\n\t\t\t\t<\/div>\n\t\t\t\t<div class=\"elementor-element elementor-element-8662ddf elementor-widget elementor-widget-text-editor\" data-id=\"8662ddf\" data-element_type=\"widget\" data-e-type=\"widget\" data-widget_type=\"text-editor.default\">\n\t\t\t\t<div class=\"elementor-widget-container\">\n\t\t\t\t\t\t\t\t\t<p>Director of the Institut de recherche strat\u00e9gique de l'\u00c9cole militaire (IRSEM, Ministry of Defence) since 2016. He has also taught at Sciences Po's Paris School of International Affairs (PSIA) since 2013. Trained in three disciplines - philosophy, law and political science (doctorate) - in France and abroad, he was previously in charge of 'transversal affairs and security' at the Centre d'analyse, de pr\u00e9vision et de strat\u00e9gie (CAPS) of the Ministry of Foreign Affairs and International Development (2013-2016), and a Banting postdoctoral researcher at McGill University's Faculty of Law in Canada (2011-2013), Lecturer in the Department of War Studies at King's College London (2010-2011), senior research fellow at the ENS Ulm (2010), postgraduate fellow at the MacMillan Center for International and Area Studies at Yale University in the United States (2008-2009), attach\u00e9 at the French Embassy in Turkmenistan (2007-2008) and lecturer in the Department of Philosophy at the Universit\u00e9 de Montr\u00e9al (2004-2007).<\/p><p>Auditor of the 68<sup>e<\/sup> He is a member of the Defence Ethics Committee set up by the Minister of Defence in January 2020, an Honorary Alumnus of the NATO Defence College and a Non-Resident Senior Fellow of the Atlantic Council. He has received a number of awards, including the Marshal Foch Prize from the Acad\u00e9mie Fran\u00e7aise, the Olivier Debouzy Prize, the Chancellerie de Paris Prize and the Munich Young Leader Award.<\/p>\t\t\t\t\t\t\t\t<\/div>\n\t\t\t\t<\/div>\n\t\t\t\t\t<\/div>\n\t\t<\/div>\n\t\t\t\t\t<\/div>\n\t\t<\/section>\n\t\t\t\t<section data-particle_enable=\"false\" data-particle-mobile-disabled=\"false\" class=\"elementor-section elementor-inner-section elementor-element elementor-element-02771c0 elementor-section-boxed elementor-section-height-default elementor-section-height-default\" data-id=\"02771c0\" data-element_type=\"section\" data-e-type=\"section\">\n\t\t\t\t\t\t<div class=\"elementor-container elementor-column-gap-default\">\n\t\t\t\t\t<div class=\"elementor-column elementor-col-50 elementor-inner-column elementor-element elementor-element-309ba8d\" data-id=\"309ba8d\" data-element_type=\"column\" data-e-type=\"column\">\n\t\t\t<div class=\"elementor-widget-wrap elementor-element-populated\">\n\t\t\t\t\t\t<div class=\"elementor-element elementor-element-2903f80 elementor-widget elementor-widget-image\" data-id=\"2903f80\" data-element_type=\"widget\" data-e-type=\"widget\" data-widget_type=\"image.default\">\n\t\t\t\t<div class=\"elementor-widget-container\">\n\t\t\t\t\t\t\t\t\t\t\t\t\t\t\t<img decoding=\"async\" width=\"800\" height=\"931\" src=\"https:\/\/ihedn.fr\/wp-content\/uploads\/2022\/03\/Catheirne-Jentile-01.jpg\" class=\"attachment-full size-full wp-image-20805\" alt=\"\" \/>\t\t\t\t\t\t\t\t\t\t\t\t\t\t\t<\/div>\n\t\t\t\t<\/div>\n\t\t\t\t\t<\/div>\n\t\t<\/div>\n\t\t\t\t<div class=\"elementor-column elementor-col-50 elementor-inner-column elementor-element elementor-element-39d1263\" data-id=\"39d1263\" data-element_type=\"column\" data-e-type=\"column\">\n\t\t\t<div class=\"elementor-widget-wrap elementor-element-populated\">\n\t\t\t\t\t\t<div class=\"elementor-element elementor-element-15c9bd2 elementor-widget elementor-widget-heading\" data-id=\"15c9bd2\" data-element_type=\"widget\" data-e-type=\"widget\" data-widget_type=\"heading.default\">\n\t\t\t\t<div class=\"elementor-widget-container\">\n\t\t\t\t\t<h5 class=\"elementor-heading-title elementor-size-default\">Catherine Jentile de Canecaude<\/h5>\t\t\t\t<\/div>\n\t\t\t\t<\/div>\n\t\t\t\t<div class=\"elementor-element elementor-element-fa338b6 elementor-widget elementor-widget-text-editor\" data-id=\"fa338b6\" data-element_type=\"widget\" data-e-type=\"widget\" data-widget_type=\"text-editor.default\">\n\t\t\t\t<div class=\"elementor-widget-container\">\n\t\t\t\t\t\t\t\t\t<p>A senior reporter specialising in conflict zones, mainly in the Middle East.  Then correspondent in London, notably during the Brexit period, followed by 5 years in the United States, from the election of Donald Trump to that of Joe Biden.<\/p><p>Now an international columnist for TF1\/LCI since last September\u00a0<br \/><span style=\"color: #034b7b;\">Albert Londres Prize<\/span><\/p><p><span style=\"color: #034b7b;\">The 2002 \"Femmes en Or\" award in the communications category.<\/span><\/p>\t\t\t\t\t\t\t\t<\/div>\n\t\t\t\t<\/div>\n\t\t\t\t\t<\/div>\n\t\t<\/div>\n\t\t\t\t\t<\/div>\n\t\t<\/section>\n\t\t\t\t\t<\/div>\n\t\t<\/div>\n\t\t\t\t\t<\/div>\n\t\t<\/section>\n\t\t\t\t<\/div>","protected":false},"excerpt":{"rendered":"<p><span style=\"color: #034b7b;\"><strong>Special guests: Jean-Baptiste JEANGENE VILMER, Director of IRSEM, Jean-Dominique MERCHET, journalist with L'Opinion and Catherine JENTILE, journalist with TF1\/LCI.<\/strong><\/span><\/p>","protected":false},"author":1,"featured_media":20709,"comment_status":"closed","ping_status":"closed","sticky":false,"template":"","format":"standard","meta":{"footnotes":""},"categories":[62,41,61,45],"tags":[],"class_list":["post-20706","post","type-post","status-publish","format-standard","has-post-thumbnail","hentry","category-lundis-de-lihedn-mediatheque","category-lundis-de-lihedn","category-mediatheque","category-precedents-conferences"],"yoast_head":"<!-- This site is optimized with the Yoast SEO plugin v27.5 - https:\/\/yoast.com\/product\/yoast-seo-wordpress\/ -->\n<title>Les armes de la d\u00e9sinformation - L&#039;IHEDN : Institut des hautes \u00e9tudes de d\u00e9fense nationale<\/title>\n<meta name=\"description\" content=\"Une invit\u00e9e exceptionnelle : Marie-Laure Denis, Conseiller d\u2019\u00c9tat, Pr\u00e9sidente de la CNIL - Un grand t\u00e9moin : Marc Watin-Augouard, g\u00e9n\u00e9ral d\u2019arm\u00e9e de gendarmerie (2S) - RGPD M\u00e9canismes de coop\u00e9ration europ\u00e9enne Enjeux g\u00e9opolitiques de la donn\u00e9e Cybers\u00e9curit\u00e9 Politique industrielle et enjeux de r\u00e9gulation l\u2019identit\u00e9 num\u00e9rique Enjeux des donn\u00e9es de sant\u00e9\" \/>\n<meta name=\"robots\" content=\"index, follow, max-snippet:-1, max-image-preview:large, max-video-preview:-1\" \/>\n<link rel=\"canonical\" href=\"https:\/\/ihedn.fr\/en\/lundis-de-lihedn\/les-armes-de-la-desinformation\/\" \/>\n<meta property=\"og:locale\" content=\"en_GB\" \/>\n<meta property=\"og:type\" content=\"article\" \/>\n<meta property=\"og:title\" content=\"Les armes de la d\u00e9sinformation - L&#039;IHEDN : Institut des hautes \u00e9tudes de d\u00e9fense nationale\" \/>\n<meta property=\"og:description\" content=\"Une invit\u00e9e exceptionnelle : Marie-Laure Denis, Conseiller d\u2019\u00c9tat, Pr\u00e9sidente de la CNIL - Un grand t\u00e9moin : Marc Watin-Augouard, g\u00e9n\u00e9ral d\u2019arm\u00e9e de gendarmerie (2S) - RGPD M\u00e9canismes de coop\u00e9ration europ\u00e9enne Enjeux g\u00e9opolitiques de la donn\u00e9e Cybers\u00e9curit\u00e9 Politique industrielle et enjeux de r\u00e9gulation l\u2019identit\u00e9 num\u00e9rique Enjeux des donn\u00e9es de sant\u00e9\" \/>\n<meta property=\"og:url\" content=\"https:\/\/ihedn.fr\/en\/lundis-de-lihedn\/les-armes-de-la-desinformation\/\" \/>\n<meta property=\"og:site_name\" content=\"L&#039;IHEDN : Institut des hautes \u00e9tudes de d\u00e9fense nationale\" \/>\n<meta property=\"article:publisher\" content=\"https:\/\/www.facebook.com\/ihedn\/\" \/>\n<meta property=\"article:published_time\" content=\"2022-03-11T13:56:54+00:00\" \/>\n<meta property=\"article:modified_time\" content=\"2022-06-21T07:23:05+00:00\" \/>\n<meta property=\"og:image\" content=\"https:\/\/ihedn.fr\/wp-content\/uploads\/2022\/03\/AVRIL_2022_BANDEAU_1500x768-scaled.jpg\" \/>\n\t<meta property=\"og:image:width\" content=\"2560\" \/>\n\t<meta property=\"og:image:height\" content=\"1311\" \/>\n\t<meta property=\"og:image:type\" content=\"image\/jpeg\" \/>\n<meta name=\"author\" content=\"dev\" \/>\n<meta name=\"twitter:card\" content=\"summary_large_image\" \/>\n<meta name=\"twitter:creator\" content=\"@IHEDN\" \/>\n<meta name=\"twitter:site\" content=\"@IHEDN\" \/>\n<meta name=\"twitter:label1\" content=\"Written by\" \/>\n\t<meta name=\"twitter:data1\" content=\"dev\" \/>\n\t<meta name=\"twitter:label2\" content=\"Estimated reading time\" \/>\n\t<meta name=\"twitter:data2\" content=\"3 minutes\" \/>\n<script type=\"application\/ld+json\" class=\"yoast-schema-graph\">{\"@context\":\"https:\\\/\\\/schema.org\",\"@graph\":[{\"@type\":\"Article\",\"@id\":\"https:\\\/\\\/ihedn.fr\\\/en\\\/lundis-de-lihedn\\\/les-armes-de-la-desinformation\\\/#article\",\"isPartOf\":{\"@id\":\"https:\\\/\\\/ihedn.fr\\\/en\\\/lundis-de-lihedn\\\/les-armes-de-la-desinformation\\\/\"},\"author\":{\"name\":\"dev\",\"@id\":\"https:\\\/\\\/ihedn.fr\\\/#\\\/schema\\\/person\\\/7a40155595e4efb35323447cb8c8c5a4\"},\"headline\":\"Les armes de la d\u00e9sinformation\",\"datePublished\":\"2022-03-11T13:56:54+00:00\",\"dateModified\":\"2022-06-21T07:23:05+00:00\",\"mainEntityOfPage\":{\"@id\":\"https:\\\/\\\/ihedn.fr\\\/en\\\/lundis-de-lihedn\\\/les-armes-de-la-desinformation\\\/\"},\"wordCount\":418,\"publisher\":{\"@id\":\"https:\\\/\\\/ihedn.fr\\\/#organization\"},\"image\":{\"@id\":\"https:\\\/\\\/ihedn.fr\\\/en\\\/lundis-de-lihedn\\\/les-armes-de-la-desinformation\\\/#primaryimage\"},\"thumbnailUrl\":\"https:\\\/\\\/ihedn.fr\\\/wp-content\\\/uploads\\\/2022\\\/03\\\/AVRIL_2022_BANDEAU_1500x768-scaled.jpg\",\"articleSection\":[\"Lundis de l'IHedn\",\"Lundis de l'IHEDN\",\"M\u00c9DIATHEQUE\",\"Pr\u00e9c\u00e9dents conf\u00e9rences\"],\"inLanguage\":\"en-GB\"},{\"@type\":\"WebPage\",\"@id\":\"https:\\\/\\\/ihedn.fr\\\/en\\\/lundis-de-lihedn\\\/les-armes-de-la-desinformation\\\/\",\"url\":\"https:\\\/\\\/ihedn.fr\\\/en\\\/lundis-de-lihedn\\\/les-armes-de-la-desinformation\\\/\",\"name\":\"Les armes de la d\u00e9sinformation - L&#039;IHEDN : Institut des hautes \u00e9tudes de d\u00e9fense nationale\",\"isPartOf\":{\"@id\":\"https:\\\/\\\/ihedn.fr\\\/#website\"},\"primaryImageOfPage\":{\"@id\":\"https:\\\/\\\/ihedn.fr\\\/en\\\/lundis-de-lihedn\\\/les-armes-de-la-desinformation\\\/#primaryimage\"},\"image\":{\"@id\":\"https:\\\/\\\/ihedn.fr\\\/en\\\/lundis-de-lihedn\\\/les-armes-de-la-desinformation\\\/#primaryimage\"},\"thumbnailUrl\":\"https:\\\/\\\/ihedn.fr\\\/wp-content\\\/uploads\\\/2022\\\/03\\\/AVRIL_2022_BANDEAU_1500x768-scaled.jpg\",\"datePublished\":\"2022-03-11T13:56:54+00:00\",\"dateModified\":\"2022-06-21T07:23:05+00:00\",\"description\":\"Une invit\u00e9e exceptionnelle : Marie-Laure Denis, Conseiller d\u2019\u00c9tat, Pr\u00e9sidente de la CNIL - Un grand t\u00e9moin : Marc Watin-Augouard, g\u00e9n\u00e9ral d\u2019arm\u00e9e de gendarmerie (2S) - RGPD M\u00e9canismes de coop\u00e9ration europ\u00e9enne Enjeux g\u00e9opolitiques de la donn\u00e9e Cybers\u00e9curit\u00e9 Politique industrielle et enjeux de r\u00e9gulation l\u2019identit\u00e9 num\u00e9rique Enjeux des donn\u00e9es de sant\u00e9\",\"breadcrumb\":{\"@id\":\"https:\\\/\\\/ihedn.fr\\\/en\\\/lundis-de-lihedn\\\/les-armes-de-la-desinformation\\\/#breadcrumb\"},\"inLanguage\":\"en-GB\",\"potentialAction\":[{\"@type\":\"ReadAction\",\"target\":[\"https:\\\/\\\/ihedn.fr\\\/en\\\/lundis-de-lihedn\\\/les-armes-de-la-desinformation\\\/\"]}]},{\"@type\":\"ImageObject\",\"inLanguage\":\"en-GB\",\"@id\":\"https:\\\/\\\/ihedn.fr\\\/en\\\/lundis-de-lihedn\\\/les-armes-de-la-desinformation\\\/#primaryimage\",\"url\":\"https:\\\/\\\/ihedn.fr\\\/wp-content\\\/uploads\\\/2022\\\/03\\\/AVRIL_2022_BANDEAU_1500x768-scaled.jpg\",\"contentUrl\":\"https:\\\/\\\/ihedn.fr\\\/wp-content\\\/uploads\\\/2022\\\/03\\\/AVRIL_2022_BANDEAU_1500x768-scaled.jpg\",\"width\":2560,\"height\":1311,\"caption\":\"\u00aeIHEDN - Les armes de la d\u00e9sinformation\"},{\"@type\":\"BreadcrumbList\",\"@id\":\"https:\\\/\\\/ihedn.fr\\\/en\\\/lundis-de-lihedn\\\/les-armes-de-la-desinformation\\\/#breadcrumb\",\"itemListElement\":[{\"@type\":\"ListItem\",\"position\":1,\"name\":\"Accueil\",\"item\":\"https:\\\/\\\/ihedn.fr\\\/\"},{\"@type\":\"ListItem\",\"position\":2,\"name\":\"Les armes de la d\u00e9sinformation\"}]},{\"@type\":\"WebSite\",\"@id\":\"https:\\\/\\\/ihedn.fr\\\/#website\",\"url\":\"https:\\\/\\\/ihedn.fr\\\/\",\"name\":\"IHEDN : Institut des hautes \u00e9tudes de d\u00e9fense nationale |\",\"description\":\"Site officiel de l&#039;IHEDN plac\u00e9 sous la tutelle du Premier ministre.\",\"publisher\":{\"@id\":\"https:\\\/\\\/ihedn.fr\\\/#organization\"},\"potentialAction\":[{\"@type\":\"SearchAction\",\"target\":{\"@type\":\"EntryPoint\",\"urlTemplate\":\"https:\\\/\\\/ihedn.fr\\\/?s={search_term_string}\"},\"query-input\":{\"@type\":\"PropertyValueSpecification\",\"valueRequired\":true,\"valueName\":\"search_term_string\"}}],\"inLanguage\":\"en-GB\"},{\"@type\":\"Organization\",\"@id\":\"https:\\\/\\\/ihedn.fr\\\/#organization\",\"name\":\"IHEDN - Institut des Hautes Etudes de D\u00e9fense Nationale\",\"url\":\"https:\\\/\\\/ihedn.fr\\\/\",\"logo\":{\"@type\":\"ImageObject\",\"inLanguage\":\"en-GB\",\"@id\":\"https:\\\/\\\/ihedn.fr\\\/#\\\/schema\\\/logo\\\/image\\\/\",\"url\":\"https:\\\/\\\/ihedn.fr\\\/wp-content\\\/uploads\\\/2020\\\/11\\\/BLOC_RF_IHEDN_WEB.png\",\"contentUrl\":\"https:\\\/\\\/ihedn.fr\\\/wp-content\\\/uploads\\\/2020\\\/11\\\/BLOC_RF_IHEDN_WEB.png\",\"width\":500,\"height\":237,\"caption\":\"IHEDN - Institut des Hautes Etudes de D\u00e9fense Nationale\"},\"image\":{\"@id\":\"https:\\\/\\\/ihedn.fr\\\/#\\\/schema\\\/logo\\\/image\\\/\"},\"sameAs\":[\"https:\\\/\\\/www.facebook.com\\\/ihedn\\\/\",\"https:\\\/\\\/x.com\\\/IHEDN\",\"https:\\\/\\\/www.instagram.com\\\/ihedn\\\/\",\"https:\\\/\\\/www.linkedin.com\\\/school\\\/ihedn\\\/\",\"https:\\\/\\\/fr.wikipedia.org\\\/wiki\\\/Institut_des_hautes_\u00e9tudes_de_D\u00e9fense_nationale\"]},{\"@type\":\"Person\",\"@id\":\"https:\\\/\\\/ihedn.fr\\\/#\\\/schema\\\/person\\\/7a40155595e4efb35323447cb8c8c5a4\",\"name\":\"dev\",\"image\":{\"@type\":\"ImageObject\",\"inLanguage\":\"en-GB\",\"@id\":\"https:\\\/\\\/secure.gravatar.com\\\/avatar\\\/f1ffcac9ca2fa95ad3ec33e9be3ade82f752acb0cabe541e56c5889225afa88a?s=96&d=mm&r=g\",\"url\":\"https:\\\/\\\/secure.gravatar.com\\\/avatar\\\/f1ffcac9ca2fa95ad3ec33e9be3ade82f752acb0cabe541e56c5889225afa88a?s=96&d=mm&r=g\",\"contentUrl\":\"https:\\\/\\\/secure.gravatar.com\\\/avatar\\\/f1ffcac9ca2fa95ad3ec33e9be3ade82f752acb0cabe541e56c5889225afa88a?s=96&d=mm&r=g\",\"caption\":\"dev\"},\"sameAs\":[\"https:\\\/\\\/ihedn.concilium.click\"],\"url\":\"https:\\\/\\\/ihedn.fr\\\/en\\\/author\\\/dev\\\/\"}]}<\/script>\n<!-- \/ Yoast SEO plugin. -->","yoast_head_json":{"title":"Weapons of disinformation - IHEDN: Institut des hautes \u00e9tudes de d\u00e9fense nationale (Institute for Advanced Studies in National Defence)","description":"Special guest: Marie-Laure Denis, Conseiller d'\u00c9tat, Chairwoman of the CNIL - Keynote speaker: Marc Watin-Augouard, Army Gendarmerie General (2S) - RGPD Mechanisms for European cooperation Geopolitical issues surrounding data Cybersecurity Industrial policy and regulatory issues Digital identity Health data issues","robots":{"index":"index","follow":"follow","max-snippet":"max-snippet:-1","max-image-preview":"max-image-preview:large","max-video-preview":"max-video-preview:-1"},"canonical":"https:\/\/ihedn.fr\/en\/lundis-de-lihedn\/les-armes-de-la-desinformation\/","og_locale":"en_GB","og_type":"article","og_title":"Les armes de la d\u00e9sinformation - L&#039;IHEDN : Institut des hautes \u00e9tudes de d\u00e9fense nationale","og_description":"Une invit\u00e9e exceptionnelle : Marie-Laure Denis, Conseiller d\u2019\u00c9tat, Pr\u00e9sidente de la CNIL - Un grand t\u00e9moin : Marc Watin-Augouard, g\u00e9n\u00e9ral d\u2019arm\u00e9e de gendarmerie (2S) - RGPD M\u00e9canismes de coop\u00e9ration europ\u00e9enne Enjeux g\u00e9opolitiques de la donn\u00e9e Cybers\u00e9curit\u00e9 Politique industrielle et enjeux de r\u00e9gulation l\u2019identit\u00e9 num\u00e9rique Enjeux des donn\u00e9es de sant\u00e9","og_url":"https:\/\/ihedn.fr\/en\/lundis-de-lihedn\/les-armes-de-la-desinformation\/","og_site_name":"L&#039;IHEDN : Institut des hautes \u00e9tudes de d\u00e9fense nationale","article_publisher":"https:\/\/www.facebook.com\/ihedn\/","article_published_time":"2022-03-11T13:56:54+00:00","article_modified_time":"2022-06-21T07:23:05+00:00","og_image":[{"width":2560,"height":1311,"url":"https:\/\/ihedn.fr\/wp-content\/uploads\/2022\/03\/AVRIL_2022_BANDEAU_1500x768-scaled.jpg","type":"image\/jpeg"}],"author":"dev","twitter_card":"summary_large_image","twitter_creator":"@IHEDN","twitter_site":"@IHEDN","twitter_misc":{"Written by":"dev","Estimated reading time":"3 minutes"},"schema":{"@context":"https:\/\/schema.org","@graph":[{"@type":"Article","@id":"https:\/\/ihedn.fr\/en\/lundis-de-lihedn\/les-armes-de-la-desinformation\/#article","isPartOf":{"@id":"https:\/\/ihedn.fr\/en\/lundis-de-lihedn\/les-armes-de-la-desinformation\/"},"author":{"name":"dev","@id":"https:\/\/ihedn.fr\/#\/schema\/person\/7a40155595e4efb35323447cb8c8c5a4"},"headline":"Les armes de la d\u00e9sinformation","datePublished":"2022-03-11T13:56:54+00:00","dateModified":"2022-06-21T07:23:05+00:00","mainEntityOfPage":{"@id":"https:\/\/ihedn.fr\/en\/lundis-de-lihedn\/les-armes-de-la-desinformation\/"},"wordCount":418,"publisher":{"@id":"https:\/\/ihedn.fr\/#organization"},"image":{"@id":"https:\/\/ihedn.fr\/en\/lundis-de-lihedn\/les-armes-de-la-desinformation\/#primaryimage"},"thumbnailUrl":"https:\/\/ihedn.fr\/wp-content\/uploads\/2022\/03\/AVRIL_2022_BANDEAU_1500x768-scaled.jpg","articleSection":["Lundis de l'IHedn","Lundis de l'IHEDN","M\u00c9DIATHEQUE","Pr\u00e9c\u00e9dents conf\u00e9rences"],"inLanguage":"en-GB"},{"@type":"WebPage","@id":"https:\/\/ihedn.fr\/en\/lundis-de-lihedn\/les-armes-de-la-desinformation\/","url":"https:\/\/ihedn.fr\/en\/lundis-de-lihedn\/les-armes-de-la-desinformation\/","name":"Weapons of disinformation - IHEDN: Institut des hautes \u00e9tudes de d\u00e9fense nationale (Institute for Advanced Studies in National Defence)","isPartOf":{"@id":"https:\/\/ihedn.fr\/#website"},"primaryImageOfPage":{"@id":"https:\/\/ihedn.fr\/en\/lundis-de-lihedn\/les-armes-de-la-desinformation\/#primaryimage"},"image":{"@id":"https:\/\/ihedn.fr\/en\/lundis-de-lihedn\/les-armes-de-la-desinformation\/#primaryimage"},"thumbnailUrl":"https:\/\/ihedn.fr\/wp-content\/uploads\/2022\/03\/AVRIL_2022_BANDEAU_1500x768-scaled.jpg","datePublished":"2022-03-11T13:56:54+00:00","dateModified":"2022-06-21T07:23:05+00:00","description":"Special guest: Marie-Laure Denis, Conseiller d'\u00c9tat, Chairwoman of the CNIL - Keynote speaker: Marc Watin-Augouard, Army Gendarmerie General (2S) - RGPD Mechanisms for European cooperation Geopolitical issues surrounding data Cybersecurity Industrial policy and regulatory issues Digital identity Health data issues","breadcrumb":{"@id":"https:\/\/ihedn.fr\/en\/lundis-de-lihedn\/les-armes-de-la-desinformation\/#breadcrumb"},"inLanguage":"en-GB","potentialAction":[{"@type":"ReadAction","target":["https:\/\/ihedn.fr\/en\/lundis-de-lihedn\/les-armes-de-la-desinformation\/"]}]},{"@type":"ImageObject","inLanguage":"en-GB","@id":"https:\/\/ihedn.fr\/en\/lundis-de-lihedn\/les-armes-de-la-desinformation\/#primaryimage","url":"https:\/\/ihedn.fr\/wp-content\/uploads\/2022\/03\/AVRIL_2022_BANDEAU_1500x768-scaled.jpg","contentUrl":"https:\/\/ihedn.fr\/wp-content\/uploads\/2022\/03\/AVRIL_2022_BANDEAU_1500x768-scaled.jpg","width":2560,"height":1311,"caption":"\u00aeIHEDN - Les armes de la d\u00e9sinformation"},{"@type":"BreadcrumbList","@id":"https:\/\/ihedn.fr\/en\/lundis-de-lihedn\/les-armes-de-la-desinformation\/#breadcrumb","itemListElement":[{"@type":"ListItem","position":1,"name":"Accueil","item":"https:\/\/ihedn.fr\/"},{"@type":"ListItem","position":2,"name":"Les armes de la d\u00e9sinformation"}]},{"@type":"WebSite","@id":"https:\/\/ihedn.fr\/#website","url":"https:\/\/ihedn.fr\/","name":"IHEDN: Institut des hautes \u00e9tudes de d\u00e9fense nationale (Institute for Higher National Defence Studies)","description":"Official website of the IHEDN under the supervision of the Prime Minister.","publisher":{"@id":"https:\/\/ihedn.fr\/#organization"},"potentialAction":[{"@type":"SearchAction","target":{"@type":"EntryPoint","urlTemplate":"https:\/\/ihedn.fr\/?s={search_term_string}"},"query-input":{"@type":"PropertyValueSpecification","valueRequired":true,"valueName":"search_term_string"}}],"inLanguage":"en-GB"},{"@type":"Organization","@id":"https:\/\/ihedn.fr\/#organization","name":"IHEDN - Institute for Higher National Defence Studies","url":"https:\/\/ihedn.fr\/","logo":{"@type":"ImageObject","inLanguage":"en-GB","@id":"https:\/\/ihedn.fr\/#\/schema\/logo\/image\/","url":"https:\/\/ihedn.fr\/wp-content\/uploads\/2020\/11\/BLOC_RF_IHEDN_WEB.png","contentUrl":"https:\/\/ihedn.fr\/wp-content\/uploads\/2020\/11\/BLOC_RF_IHEDN_WEB.png","width":500,"height":237,"caption":"IHEDN - Institut des Hautes Etudes de D\u00e9fense Nationale"},"image":{"@id":"https:\/\/ihedn.fr\/#\/schema\/logo\/image\/"},"sameAs":["https:\/\/www.facebook.com\/ihedn\/","https:\/\/x.com\/IHEDN","https:\/\/www.instagram.com\/ihedn\/","https:\/\/www.linkedin.com\/school\/ihedn\/","https:\/\/fr.wikipedia.org\/wiki\/Institut_des_hautes_\u00e9tudes_de_D\u00e9fense_nationale"]},{"@type":"Person","@id":"https:\/\/ihedn.fr\/#\/schema\/person\/7a40155595e4efb35323447cb8c8c5a4","name":"dev","image":{"@type":"ImageObject","inLanguage":"en-GB","@id":"https:\/\/secure.gravatar.com\/avatar\/f1ffcac9ca2fa95ad3ec33e9be3ade82f752acb0cabe541e56c5889225afa88a?s=96&d=mm&r=g","url":"https:\/\/secure.gravatar.com\/avatar\/f1ffcac9ca2fa95ad3ec33e9be3ade82f752acb0cabe541e56c5889225afa88a?s=96&d=mm&r=g","contentUrl":"https:\/\/secure.gravatar.com\/avatar\/f1ffcac9ca2fa95ad3ec33e9be3ade82f752acb0cabe541e56c5889225afa88a?s=96&d=mm&r=g","caption":"dev"},"sameAs":["https:\/\/ihedn.concilium.click"],"url":"https:\/\/ihedn.fr\/en\/author\/dev\/"}]}},"publishpress_future_action":{"enabled":false,"date":"2026-05-06 06:57:27","action":"change-status","newStatus":"draft","terms":[],"taxonomy":"category","extraData":[]},"publishpress_future_workflow_manual_trigger":{"enabledWorkflows":[]},"_links":{"self":[{"href":"https:\/\/ihedn.fr\/en\/wp-json\/wp\/v2\/posts\/20706","targetHints":{"allow":["GET"]}}],"collection":[{"href":"https:\/\/ihedn.fr\/en\/wp-json\/wp\/v2\/posts"}],"about":[{"href":"https:\/\/ihedn.fr\/en\/wp-json\/wp\/v2\/types\/post"}],"author":[{"embeddable":true,"href":"https:\/\/ihedn.fr\/en\/wp-json\/wp\/v2\/users\/1"}],"replies":[{"embeddable":true,"href":"https:\/\/ihedn.fr\/en\/wp-json\/wp\/v2\/comments?post=20706"}],"version-history":[{"count":5,"href":"https:\/\/ihedn.fr\/en\/wp-json\/wp\/v2\/posts\/20706\/revisions"}],"predecessor-version":[{"id":21966,"href":"https:\/\/ihedn.fr\/en\/wp-json\/wp\/v2\/posts\/20706\/revisions\/21966"}],"wp:featuredmedia":[{"embeddable":true,"href":"https:\/\/ihedn.fr\/en\/wp-json\/wp\/v2\/media\/20709"}],"wp:attachment":[{"href":"https:\/\/ihedn.fr\/en\/wp-json\/wp\/v2\/media?parent=20706"}],"wp:term":[{"taxonomy":"category","embeddable":true,"href":"https:\/\/ihedn.fr\/en\/wp-json\/wp\/v2\/categories?post=20706"},{"taxonomy":"post_tag","embeddable":true,"href":"https:\/\/ihedn.fr\/en\/wp-json\/wp\/v2\/tags?post=20706"}],"curies":[{"name":"wp","href":"https:\/\/api.w.org\/{rel}","templated":true}]}}