{"id":20862,"date":"1922-04-05T14:54:21","date_gmt":"1922-04-05T13:54:21","guid":{"rendered":"https:\/\/ihedn.fr\/?p=20862"},"modified":"2022-04-12T14:15:44","modified_gmt":"2022-04-12T13:15:44","slug":"conference-general-thierry-blanc-adjoint-au-commandant-de-lespace","status":"publish","type":"post","link":"https:\/\/ihedn.fr\/en\/uncategorized\/conference-general-thierry-blanc-adjoint-au-commandant-de-lespace\/","title":{"rendered":"Conference General Thierry Blanc Deputy Space Commander"},"content":{"rendered":"<div data-elementor-type=\"wp-post\" data-elementor-id=\"20862\" class=\"elementor elementor-20862\" data-elementor-post-type=\"post\">\n\t\t\t\t\t\t<section data-particle_enable=\"false\" data-particle-mobile-disabled=\"false\" class=\"elementor-section elementor-top-section elementor-element elementor-element-73b59f4 elementor-section-boxed elementor-section-height-default elementor-section-height-default elementor-invisible\" data-id=\"73b59f4\" data-element_type=\"section\" data-e-type=\"section\" data-settings=\"{&quot;animation&quot;:&quot;slideInRight&quot;}\">\n\t\t\t\t\t\t<div class=\"elementor-container elementor-column-gap-default\">\n\t\t\t\t\t<div class=\"elementor-column elementor-col-100 elementor-top-column elementor-element elementor-element-ec6081b\" data-id=\"ec6081b\" data-element_type=\"column\" data-e-type=\"column\">\n\t\t\t<div class=\"elementor-widget-wrap elementor-element-populated\">\n\t\t\t\t\t\t<div class=\"elementor-element elementor-element-d98e886 elementor-widget elementor-widget-text-editor\" data-id=\"d98e886\" data-element_type=\"widget\" data-e-type=\"widget\" data-widget_type=\"text-editor.default\">\n\t\t\t\t<div class=\"elementor-widget-container\">\n\t\t\t\t\t\t\t\t\t<p class=\"has-text-align-center\" style=\"text-align: center;\"><strong>Tuesday 5th April 2022<br \/>from 7 pm<\/strong><\/p><p class=\"has-text-align-center\" style=\"text-align: center;\"><strong>\u00c9cole militaire (Paris 7e) - Foch amphitheatre<br \/><\/strong>(also available by videoconference)<\/p>\t\t\t\t\t\t\t\t<\/div>\n\t\t\t\t<\/div>\n\t\t\t\t\t<\/div>\n\t\t<\/div>\n\t\t\t\t\t<\/div>\n\t\t<\/section>\n\t\t\t\t<section data-particle_enable=\"false\" data-particle-mobile-disabled=\"false\" class=\"elementor-section elementor-top-section elementor-element elementor-element-22d8588 elementor-section-boxed elementor-section-height-default elementor-section-height-default\" data-id=\"22d8588\" data-element_type=\"section\" data-e-type=\"section\">\n\t\t\t\t\t\t<div class=\"elementor-container elementor-column-gap-default\">\n\t\t\t\t\t<div class=\"elementor-column elementor-col-100 elementor-top-column elementor-element elementor-element-d7b30d1\" data-id=\"d7b30d1\" data-element_type=\"column\" data-e-type=\"column\">\n\t\t\t<div class=\"elementor-widget-wrap elementor-element-populated\">\n\t\t\t\t\t\t<div class=\"elementor-element elementor-element-726ff70 elementor-widget elementor-widget-text-editor\" data-id=\"726ff70\" data-element_type=\"widget\" data-e-type=\"widget\" data-widget_type=\"text-editor.default\">\n\t\t\t\t<div class=\"elementor-widget-container\">\n\t\t\t\t\t\t\t\t\t<p style=\"text-align: center;\">Conference by Air Force Brigadier General Thierry Blanc<\/p><p style=\"text-align: center;\">Deputy Space Commander<\/p><p style=\"text-align: center;\">on international cooperation at Space Command<\/p><p style=\"text-align: center;\">by videoconference on Tuesday 5 April 2022 at 7pm<\/p><p style=\"text-align: center;\">\u00a0<\/p><p style=\"text-align: center;\">To register for free <strong><a href=\"https:\/\/www.helloasso.com\/associations\/association-des-auditeurs-ihedn-region-paris-idf\/evenements\/conference-du-general-thierry-blanc\">ICI<\/a><\/strong><\/p><p>\u00a0<\/p><p>Following the lecture by Air Brigadier General P. Dedobbeleer* on space command on 8 June 2021, Air Force Brigadier General Thierry Blanc, deputy space commander, will shed light on international cooperation at space command.<\/p><p>\u00a0<\/p><p>Commandement De l'Espace (CDE) was created in September 2019. It is the successor to the Joint Space Command (CIE) and now brings together most of the experts in the military space sector within a single major Air Force command.<\/p><p>* GBA P. Dedobbeleer is now Head of the Armed Forces Digital Strategy Division of the Armed Forces General Staff.<\/p><p>\u00a0<\/p>\t\t\t\t\t\t\t\t<\/div>\n\t\t\t\t<\/div>\n\t\t\t\t\t<\/div>\n\t\t<\/div>\n\t\t\t\t\t<\/div>\n\t\t<\/section>\n\t\t\t\t<section data-particle_enable=\"false\" data-particle-mobile-disabled=\"false\" class=\"elementor-section elementor-top-section elementor-element elementor-element-707dd21 elementor-section-boxed elementor-section-height-default elementor-section-height-default\" data-id=\"707dd21\" data-element_type=\"section\" data-e-type=\"section\">\n\t\t\t\t\t\t<div class=\"elementor-container elementor-column-gap-default\">\n\t\t\t\t\t<div class=\"elementor-column elementor-col-100 elementor-top-column elementor-element elementor-element-281ce16\" data-id=\"281ce16\" data-element_type=\"column\" data-e-type=\"column\">\n\t\t\t<div class=\"elementor-widget-wrap elementor-element-populated\">\n\t\t\t\t\t\t<div class=\"elementor-element elementor-element-2ec3a53 elementor-align-center elementor-widget elementor-widget-button\" data-id=\"2ec3a53\" data-element_type=\"widget\" data-e-type=\"widget\" data-widget_type=\"button.default\">\n\t\t\t\t<div class=\"elementor-widget-container\">\n\t\t\t\t\t\t\t\t\t<div class=\"elementor-button-wrapper\">\n\t\t\t\t\t<a class=\"elementor-button elementor-button-link elementor-size-sm\" href=\"https:\/\/www.helloasso.com\/associations\/association-des-auditeurs-ihedn-region-paris-idf\/evenements\/conference-du-general-thierry-blanc\">\n\t\t\t\t\t\t<span class=\"elementor-button-content-wrapper\">\n\t\t\t\t\t\t\t\t\t<span class=\"elementor-button-text\">registration<\/span>\n\t\t\t\t\t<\/span>\n\t\t\t\t\t<\/a>\n\t\t\t\t<\/div>\n\t\t\t\t\t\t\t\t<\/div>\n\t\t\t\t<\/div>\n\t\t\t\t\t<\/div>\n\t\t<\/div>\n\t\t\t\t\t<\/div>\n\t\t<\/section>\n\t\t\t\t<\/div>","protected":false},"excerpt":{"rendered":"<p>Tuesday 5 April 2022 from 7.00 pm at the \u00c9cole Militaire (Paris 7e) - amphith\u00e9\u00e2tre Foch - (also accessible by videoconference)<\/p>","protected":false},"author":1,"featured_media":21031,"comment_status":"closed","ping_status":"closed","sticky":false,"template":"","format":"standard","meta":{"footnotes":""},"categories":[1],"tags":[],"class_list":["post-20862","post","type-post","status-publish","format-standard","has-post-thumbnail","hentry","category-uncategorized"],"yoast_head":"<!-- This site is optimized with the Yoast SEO plugin v27.5 - https:\/\/yoast.com\/product\/yoast-seo-wordpress\/ -->\n<title>Conf\u00e9rence G\u00e9n\u00e9ral Thierry Blanc Adjoint au commandant de l\u2019espace - L&#039;IHEDN : Institut des hautes \u00e9tudes de d\u00e9fense nationale<\/title>\n<meta name=\"robots\" content=\"index, follow, max-snippet:-1, max-image-preview:large, max-video-preview:-1\" \/>\n<link rel=\"canonical\" href=\"https:\/\/ihedn.fr\/en\/archives-2\/conference-general-thierry-blanc-adjoint-au-commandant-de-lespace\/\" \/>\n<meta property=\"og:locale\" content=\"en_GB\" \/>\n<meta property=\"og:type\" content=\"article\" \/>\n<meta property=\"og:title\" content=\"Conf\u00e9rence G\u00e9n\u00e9ral Thierry Blanc Adjoint au commandant de l\u2019espace - L&#039;IHEDN : Institut des hautes \u00e9tudes de d\u00e9fense nationale\" \/>\n<meta property=\"og:description\" content=\"Mardi 5 avril 2022 \u00e0 partir de 19h00 \u00e0 l&#039;\u00c9cole militaire (Paris 7e) \u2013 amphith\u00e9\u00e2tre Foch - (\u00e9galement accessible en visioconf\u00e9rence)\" \/>\n<meta property=\"og:url\" content=\"https:\/\/ihedn.fr\/en\/archives-2\/conference-general-thierry-blanc-adjoint-au-commandant-de-lespace\/\" \/>\n<meta property=\"og:site_name\" content=\"L&#039;IHEDN : Institut des hautes \u00e9tudes de d\u00e9fense nationale\" \/>\n<meta property=\"article:publisher\" content=\"https:\/\/www.facebook.com\/ihedn\/\" \/>\n<meta property=\"article:published_time\" content=\"1922-04-05T13:54:21+00:00\" \/>\n<meta property=\"article:modified_time\" content=\"2022-04-12T13:15:44+00:00\" \/>\n<meta property=\"og:image\" content=\"https:\/\/ihedn.fr\/wp-content\/uploads\/1922\/03\/calendrierprojet.jpg\" \/>\n\t<meta property=\"og:image:width\" content=\"1200\" \/>\n\t<meta property=\"og:image:height\" content=\"600\" \/>\n\t<meta property=\"og:image:type\" content=\"image\/jpeg\" \/>\n<meta name=\"author\" content=\"dev\" \/>\n<meta name=\"twitter:card\" content=\"summary_large_image\" \/>\n<meta name=\"twitter:creator\" content=\"@IHEDN\" \/>\n<meta name=\"twitter:site\" content=\"@IHEDN\" \/>\n<meta name=\"twitter:label1\" content=\"Written by\" \/>\n\t<meta name=\"twitter:data1\" content=\"dev\" \/>\n\t<meta name=\"twitter:label2\" content=\"Estimated reading time\" \/>\n\t<meta name=\"twitter:data2\" content=\"1 minute\" \/>\n<script type=\"application\/ld+json\" class=\"yoast-schema-graph\">{\"@context\":\"https:\\\/\\\/schema.org\",\"@graph\":[{\"@type\":\"Article\",\"@id\":\"https:\\\/\\\/ihedn.fr\\\/archives-2\\\/conference-general-thierry-blanc-adjoint-au-commandant-de-lespace\\\/#article\",\"isPartOf\":{\"@id\":\"https:\\\/\\\/ihedn.fr\\\/archives-2\\\/conference-general-thierry-blanc-adjoint-au-commandant-de-lespace\\\/\"},\"author\":{\"name\":\"dev\",\"@id\":\"https:\\\/\\\/ihedn.fr\\\/#\\\/schema\\\/person\\\/7a40155595e4efb35323447cb8c8c5a4\"},\"headline\":\"Conf\u00e9rence G\u00e9n\u00e9ral Thierry Blanc Adjoint au commandant de l\u2019espace\",\"datePublished\":\"1922-04-05T13:54:21+00:00\",\"dateModified\":\"2022-04-12T13:15:44+00:00\",\"mainEntityOfPage\":{\"@id\":\"https:\\\/\\\/ihedn.fr\\\/archives-2\\\/conference-general-thierry-blanc-adjoint-au-commandant-de-lespace\\\/\"},\"wordCount\":195,\"publisher\":{\"@id\":\"https:\\\/\\\/ihedn.fr\\\/#organization\"},\"image\":{\"@id\":\"https:\\\/\\\/ihedn.fr\\\/archives-2\\\/conference-general-thierry-blanc-adjoint-au-commandant-de-lespace\\\/#primaryimage\"},\"thumbnailUrl\":\"https:\\\/\\\/ihedn.fr\\\/wp-content\\\/uploads\\\/1922\\\/03\\\/calendrierprojet.jpg\",\"articleSection\":[\"Uncategorized\"],\"inLanguage\":\"en-GB\"},{\"@type\":\"WebPage\",\"@id\":\"https:\\\/\\\/ihedn.fr\\\/archives-2\\\/conference-general-thierry-blanc-adjoint-au-commandant-de-lespace\\\/\",\"url\":\"https:\\\/\\\/ihedn.fr\\\/archives-2\\\/conference-general-thierry-blanc-adjoint-au-commandant-de-lespace\\\/\",\"name\":\"Conf\u00e9rence G\u00e9n\u00e9ral Thierry Blanc Adjoint au commandant de l\u2019espace - L&#039;IHEDN : Institut des hautes \u00e9tudes de d\u00e9fense nationale\",\"isPartOf\":{\"@id\":\"https:\\\/\\\/ihedn.fr\\\/#website\"},\"primaryImageOfPage\":{\"@id\":\"https:\\\/\\\/ihedn.fr\\\/archives-2\\\/conference-general-thierry-blanc-adjoint-au-commandant-de-lespace\\\/#primaryimage\"},\"image\":{\"@id\":\"https:\\\/\\\/ihedn.fr\\\/archives-2\\\/conference-general-thierry-blanc-adjoint-au-commandant-de-lespace\\\/#primaryimage\"},\"thumbnailUrl\":\"https:\\\/\\\/ihedn.fr\\\/wp-content\\\/uploads\\\/1922\\\/03\\\/calendrierprojet.jpg\",\"datePublished\":\"1922-04-05T13:54:21+00:00\",\"dateModified\":\"2022-04-12T13:15:44+00:00\",\"breadcrumb\":{\"@id\":\"https:\\\/\\\/ihedn.fr\\\/archives-2\\\/conference-general-thierry-blanc-adjoint-au-commandant-de-lespace\\\/#breadcrumb\"},\"inLanguage\":\"en-GB\",\"potentialAction\":[{\"@type\":\"ReadAction\",\"target\":[\"https:\\\/\\\/ihedn.fr\\\/archives-2\\\/conference-general-thierry-blanc-adjoint-au-commandant-de-lespace\\\/\"]}]},{\"@type\":\"ImageObject\",\"inLanguage\":\"en-GB\",\"@id\":\"https:\\\/\\\/ihedn.fr\\\/archives-2\\\/conference-general-thierry-blanc-adjoint-au-commandant-de-lespace\\\/#primaryimage\",\"url\":\"https:\\\/\\\/ihedn.fr\\\/wp-content\\\/uploads\\\/1922\\\/03\\\/calendrierprojet.jpg\",\"contentUrl\":\"https:\\\/\\\/ihedn.fr\\\/wp-content\\\/uploads\\\/1922\\\/03\\\/calendrierprojet.jpg\",\"width\":1200,\"height\":600},{\"@type\":\"BreadcrumbList\",\"@id\":\"https:\\\/\\\/ihedn.fr\\\/archives-2\\\/conference-general-thierry-blanc-adjoint-au-commandant-de-lespace\\\/#breadcrumb\",\"itemListElement\":[{\"@type\":\"ListItem\",\"position\":1,\"name\":\"Accueil\",\"item\":\"https:\\\/\\\/ihedn.fr\\\/\"},{\"@type\":\"ListItem\",\"position\":2,\"name\":\"Conf\u00e9rence G\u00e9n\u00e9ral Thierry Blanc Adjoint au commandant de l\u2019espace\"}]},{\"@type\":\"WebSite\",\"@id\":\"https:\\\/\\\/ihedn.fr\\\/#website\",\"url\":\"https:\\\/\\\/ihedn.fr\\\/\",\"name\":\"IHEDN : Institut des hautes \u00e9tudes de d\u00e9fense nationale |\",\"description\":\"Site officiel de l&#039;IHEDN plac\u00e9 sous la tutelle du Premier ministre.\",\"publisher\":{\"@id\":\"https:\\\/\\\/ihedn.fr\\\/#organization\"},\"potentialAction\":[{\"@type\":\"SearchAction\",\"target\":{\"@type\":\"EntryPoint\",\"urlTemplate\":\"https:\\\/\\\/ihedn.fr\\\/?s={search_term_string}\"},\"query-input\":{\"@type\":\"PropertyValueSpecification\",\"valueRequired\":true,\"valueName\":\"search_term_string\"}}],\"inLanguage\":\"en-GB\"},{\"@type\":\"Organization\",\"@id\":\"https:\\\/\\\/ihedn.fr\\\/#organization\",\"name\":\"IHEDN - Institut des Hautes Etudes de D\u00e9fense Nationale\",\"url\":\"https:\\\/\\\/ihedn.fr\\\/\",\"logo\":{\"@type\":\"ImageObject\",\"inLanguage\":\"en-GB\",\"@id\":\"https:\\\/\\\/ihedn.fr\\\/#\\\/schema\\\/logo\\\/image\\\/\",\"url\":\"https:\\\/\\\/ihedn.fr\\\/wp-content\\\/uploads\\\/2020\\\/11\\\/BLOC_RF_IHEDN_WEB.png\",\"contentUrl\":\"https:\\\/\\\/ihedn.fr\\\/wp-content\\\/uploads\\\/2020\\\/11\\\/BLOC_RF_IHEDN_WEB.png\",\"width\":500,\"height\":237,\"caption\":\"IHEDN - Institut des Hautes Etudes de D\u00e9fense Nationale\"},\"image\":{\"@id\":\"https:\\\/\\\/ihedn.fr\\\/#\\\/schema\\\/logo\\\/image\\\/\"},\"sameAs\":[\"https:\\\/\\\/www.facebook.com\\\/ihedn\\\/\",\"https:\\\/\\\/x.com\\\/IHEDN\",\"https:\\\/\\\/www.instagram.com\\\/ihedn\\\/\",\"https:\\\/\\\/www.linkedin.com\\\/school\\\/ihedn\\\/\",\"https:\\\/\\\/fr.wikipedia.org\\\/wiki\\\/Institut_des_hautes_\u00e9tudes_de_D\u00e9fense_nationale\"]},{\"@type\":\"Person\",\"@id\":\"https:\\\/\\\/ihedn.fr\\\/#\\\/schema\\\/person\\\/7a40155595e4efb35323447cb8c8c5a4\",\"name\":\"dev\",\"image\":{\"@type\":\"ImageObject\",\"inLanguage\":\"en-GB\",\"@id\":\"https:\\\/\\\/secure.gravatar.com\\\/avatar\\\/f1ffcac9ca2fa95ad3ec33e9be3ade82f752acb0cabe541e56c5889225afa88a?s=96&d=mm&r=g\",\"url\":\"https:\\\/\\\/secure.gravatar.com\\\/avatar\\\/f1ffcac9ca2fa95ad3ec33e9be3ade82f752acb0cabe541e56c5889225afa88a?s=96&d=mm&r=g\",\"contentUrl\":\"https:\\\/\\\/secure.gravatar.com\\\/avatar\\\/f1ffcac9ca2fa95ad3ec33e9be3ade82f752acb0cabe541e56c5889225afa88a?s=96&d=mm&r=g\",\"caption\":\"dev\"},\"sameAs\":[\"https:\\\/\\\/ihedn.concilium.click\"],\"url\":\"https:\\\/\\\/ihedn.fr\\\/en\\\/author\\\/dev\\\/\"}]}<\/script>\n<!-- \/ Yoast SEO plugin. -->","yoast_head_json":{"title":"Lecture General Thierry Blanc Deputy Space Commander - L'IHEDN : Institut des hautes \u00e9tudes de d\u00e9fense nationale (Graduate Institute of National Defence)","robots":{"index":"index","follow":"follow","max-snippet":"max-snippet:-1","max-image-preview":"max-image-preview:large","max-video-preview":"max-video-preview:-1"},"canonical":"https:\/\/ihedn.fr\/en\/archives-2\/conference-general-thierry-blanc-adjoint-au-commandant-de-lespace\/","og_locale":"en_GB","og_type":"article","og_title":"Conf\u00e9rence G\u00e9n\u00e9ral Thierry Blanc Adjoint au commandant de l\u2019espace - L&#039;IHEDN : Institut des hautes \u00e9tudes de d\u00e9fense nationale","og_description":"Mardi 5 avril 2022 \u00e0 partir de 19h00 \u00e0 l'\u00c9cole militaire (Paris 7e) \u2013 amphith\u00e9\u00e2tre Foch - (\u00e9galement accessible en visioconf\u00e9rence)","og_url":"https:\/\/ihedn.fr\/en\/archives-2\/conference-general-thierry-blanc-adjoint-au-commandant-de-lespace\/","og_site_name":"L&#039;IHEDN : Institut des hautes \u00e9tudes de d\u00e9fense nationale","article_publisher":"https:\/\/www.facebook.com\/ihedn\/","article_published_time":"1922-04-05T13:54:21+00:00","article_modified_time":"2022-04-12T13:15:44+00:00","og_image":[{"width":1200,"height":600,"url":"https:\/\/ihedn.fr\/wp-content\/uploads\/1922\/03\/calendrierprojet.jpg","type":"image\/jpeg"}],"author":"dev","twitter_card":"summary_large_image","twitter_creator":"@IHEDN","twitter_site":"@IHEDN","twitter_misc":{"Written by":"dev","Estimated reading time":"1 minute"},"schema":{"@context":"https:\/\/schema.org","@graph":[{"@type":"Article","@id":"https:\/\/ihedn.fr\/archives-2\/conference-general-thierry-blanc-adjoint-au-commandant-de-lespace\/#article","isPartOf":{"@id":"https:\/\/ihedn.fr\/archives-2\/conference-general-thierry-blanc-adjoint-au-commandant-de-lespace\/"},"author":{"name":"dev","@id":"https:\/\/ihedn.fr\/#\/schema\/person\/7a40155595e4efb35323447cb8c8c5a4"},"headline":"Conf\u00e9rence G\u00e9n\u00e9ral Thierry Blanc Adjoint au commandant de l\u2019espace","datePublished":"1922-04-05T13:54:21+00:00","dateModified":"2022-04-12T13:15:44+00:00","mainEntityOfPage":{"@id":"https:\/\/ihedn.fr\/archives-2\/conference-general-thierry-blanc-adjoint-au-commandant-de-lespace\/"},"wordCount":195,"publisher":{"@id":"https:\/\/ihedn.fr\/#organization"},"image":{"@id":"https:\/\/ihedn.fr\/archives-2\/conference-general-thierry-blanc-adjoint-au-commandant-de-lespace\/#primaryimage"},"thumbnailUrl":"https:\/\/ihedn.fr\/wp-content\/uploads\/1922\/03\/calendrierprojet.jpg","articleSection":["Uncategorized"],"inLanguage":"en-GB"},{"@type":"WebPage","@id":"https:\/\/ihedn.fr\/archives-2\/conference-general-thierry-blanc-adjoint-au-commandant-de-lespace\/","url":"https:\/\/ihedn.fr\/archives-2\/conference-general-thierry-blanc-adjoint-au-commandant-de-lespace\/","name":"Lecture General Thierry Blanc Deputy Space Commander - L'IHEDN : Institut des hautes \u00e9tudes de d\u00e9fense nationale (Graduate Institute of National Defence)","isPartOf":{"@id":"https:\/\/ihedn.fr\/#website"},"primaryImageOfPage":{"@id":"https:\/\/ihedn.fr\/archives-2\/conference-general-thierry-blanc-adjoint-au-commandant-de-lespace\/#primaryimage"},"image":{"@id":"https:\/\/ihedn.fr\/archives-2\/conference-general-thierry-blanc-adjoint-au-commandant-de-lespace\/#primaryimage"},"thumbnailUrl":"https:\/\/ihedn.fr\/wp-content\/uploads\/1922\/03\/calendrierprojet.jpg","datePublished":"1922-04-05T13:54:21+00:00","dateModified":"2022-04-12T13:15:44+00:00","breadcrumb":{"@id":"https:\/\/ihedn.fr\/archives-2\/conference-general-thierry-blanc-adjoint-au-commandant-de-lespace\/#breadcrumb"},"inLanguage":"en-GB","potentialAction":[{"@type":"ReadAction","target":["https:\/\/ihedn.fr\/archives-2\/conference-general-thierry-blanc-adjoint-au-commandant-de-lespace\/"]}]},{"@type":"ImageObject","inLanguage":"en-GB","@id":"https:\/\/ihedn.fr\/archives-2\/conference-general-thierry-blanc-adjoint-au-commandant-de-lespace\/#primaryimage","url":"https:\/\/ihedn.fr\/wp-content\/uploads\/1922\/03\/calendrierprojet.jpg","contentUrl":"https:\/\/ihedn.fr\/wp-content\/uploads\/1922\/03\/calendrierprojet.jpg","width":1200,"height":600},{"@type":"BreadcrumbList","@id":"https:\/\/ihedn.fr\/archives-2\/conference-general-thierry-blanc-adjoint-au-commandant-de-lespace\/#breadcrumb","itemListElement":[{"@type":"ListItem","position":1,"name":"Accueil","item":"https:\/\/ihedn.fr\/"},{"@type":"ListItem","position":2,"name":"Conf\u00e9rence G\u00e9n\u00e9ral Thierry Blanc Adjoint au commandant de l\u2019espace"}]},{"@type":"WebSite","@id":"https:\/\/ihedn.fr\/#website","url":"https:\/\/ihedn.fr\/","name":"IHEDN: Institut des hautes \u00e9tudes de d\u00e9fense nationale (Institute for Higher National Defence Studies)","description":"Official website of the IHEDN under the supervision of the Prime Minister.","publisher":{"@id":"https:\/\/ihedn.fr\/#organization"},"potentialAction":[{"@type":"SearchAction","target":{"@type":"EntryPoint","urlTemplate":"https:\/\/ihedn.fr\/?s={search_term_string}"},"query-input":{"@type":"PropertyValueSpecification","valueRequired":true,"valueName":"search_term_string"}}],"inLanguage":"en-GB"},{"@type":"Organization","@id":"https:\/\/ihedn.fr\/#organization","name":"IHEDN - Institute for Higher National Defence Studies","url":"https:\/\/ihedn.fr\/","logo":{"@type":"ImageObject","inLanguage":"en-GB","@id":"https:\/\/ihedn.fr\/#\/schema\/logo\/image\/","url":"https:\/\/ihedn.fr\/wp-content\/uploads\/2020\/11\/BLOC_RF_IHEDN_WEB.png","contentUrl":"https:\/\/ihedn.fr\/wp-content\/uploads\/2020\/11\/BLOC_RF_IHEDN_WEB.png","width":500,"height":237,"caption":"IHEDN - Institut des Hautes Etudes de D\u00e9fense Nationale"},"image":{"@id":"https:\/\/ihedn.fr\/#\/schema\/logo\/image\/"},"sameAs":["https:\/\/www.facebook.com\/ihedn\/","https:\/\/x.com\/IHEDN","https:\/\/www.instagram.com\/ihedn\/","https:\/\/www.linkedin.com\/school\/ihedn\/","https:\/\/fr.wikipedia.org\/wiki\/Institut_des_hautes_\u00e9tudes_de_D\u00e9fense_nationale"]},{"@type":"Person","@id":"https:\/\/ihedn.fr\/#\/schema\/person\/7a40155595e4efb35323447cb8c8c5a4","name":"dev","image":{"@type":"ImageObject","inLanguage":"en-GB","@id":"https:\/\/secure.gravatar.com\/avatar\/f1ffcac9ca2fa95ad3ec33e9be3ade82f752acb0cabe541e56c5889225afa88a?s=96&d=mm&r=g","url":"https:\/\/secure.gravatar.com\/avatar\/f1ffcac9ca2fa95ad3ec33e9be3ade82f752acb0cabe541e56c5889225afa88a?s=96&d=mm&r=g","contentUrl":"https:\/\/secure.gravatar.com\/avatar\/f1ffcac9ca2fa95ad3ec33e9be3ade82f752acb0cabe541e56c5889225afa88a?s=96&d=mm&r=g","caption":"dev"},"sameAs":["https:\/\/ihedn.concilium.click"],"url":"https:\/\/ihedn.fr\/en\/author\/dev\/"}]}},"publishpress_future_action":{"enabled":false,"date":"2026-05-08 12:15:18","action":"change-status","newStatus":"draft","terms":[],"taxonomy":"category","extraData":[]},"publishpress_future_workflow_manual_trigger":{"enabledWorkflows":[]},"_links":{"self":[{"href":"https:\/\/ihedn.fr\/en\/wp-json\/wp\/v2\/posts\/20862","targetHints":{"allow":["GET"]}}],"collection":[{"href":"https:\/\/ihedn.fr\/en\/wp-json\/wp\/v2\/posts"}],"about":[{"href":"https:\/\/ihedn.fr\/en\/wp-json\/wp\/v2\/types\/post"}],"author":[{"embeddable":true,"href":"https:\/\/ihedn.fr\/en\/wp-json\/wp\/v2\/users\/1"}],"replies":[{"embeddable":true,"href":"https:\/\/ihedn.fr\/en\/wp-json\/wp\/v2\/comments?post=20862"}],"version-history":[{"count":5,"href":"https:\/\/ihedn.fr\/en\/wp-json\/wp\/v2\/posts\/20862\/revisions"}],"predecessor-version":[{"id":20973,"href":"https:\/\/ihedn.fr\/en\/wp-json\/wp\/v2\/posts\/20862\/revisions\/20973"}],"wp:featuredmedia":[{"embeddable":true,"href":"https:\/\/ihedn.fr\/en\/wp-json\/wp\/v2\/media\/21031"}],"wp:attachment":[{"href":"https:\/\/ihedn.fr\/en\/wp-json\/wp\/v2\/media?parent=20862"}],"wp:term":[{"taxonomy":"category","embeddable":true,"href":"https:\/\/ihedn.fr\/en\/wp-json\/wp\/v2\/categories?post=20862"},{"taxonomy":"post_tag","embeddable":true,"href":"https:\/\/ihedn.fr\/en\/wp-json\/wp\/v2\/tags?post=20862"}],"curies":[{"name":"wp","href":"https:\/\/api.w.org\/{rel}","templated":true}]}}