{"id":22996,"date":"2022-05-17T08:43:00","date_gmt":"2022-05-17T07:43:00","guid":{"rendered":"https:\/\/ihedn.fr\/?p=22996"},"modified":"2022-11-25T15:22:34","modified_gmt":"2022-11-25T14:22:34","slug":"mission-en-grece-de-la-session-nationale-de-lihedn","status":"publish","type":"post","link":"https:\/\/ihedn.fr\/en\/notre-actualite\/mission-en-grece-de-la-session-nationale-de-lihedn\/","title":{"rendered":"Mission Greece of the \"Maritime issues and strategy\" major of the IHEDN national session"},"content":{"rendered":"<div data-elementor-type=\"wp-post\" data-elementor-id=\"22996\" class=\"elementor elementor-22996\" data-elementor-post-type=\"post\">\n\t\t\t\t\t\t<section data-particle_enable=\"false\" data-particle-mobile-disabled=\"false\" class=\"elementor-section elementor-top-section elementor-element elementor-element-94f1be0 elementor-section-boxed elementor-section-height-default elementor-section-height-default\" data-id=\"94f1be0\" data-element_type=\"section\" data-e-type=\"section\">\n\t\t\t\t\t\t<div class=\"elementor-container elementor-column-gap-default\">\n\t\t\t\t\t<div class=\"elementor-column elementor-col-100 elementor-top-column elementor-element elementor-element-9e93262\" data-id=\"9e93262\" data-element_type=\"column\" data-e-type=\"column\">\n\t\t\t<div class=\"elementor-widget-wrap elementor-element-populated\">\n\t\t\t\t\t\t<div class=\"elementor-element elementor-element-00bc90e elementor-widget elementor-widget-text-editor\" data-id=\"00bc90e\" data-element_type=\"widget\" data-e-type=\"widget\" data-widget_type=\"text-editor.default\">\n\t\t\t\t<div class=\"elementor-widget-container\">\n\t\t\t\t\t\t\t\t\t<p>At the helm of the 'Maritime Issues and Strategies' major at the national session, the <strong><span style=\"color: #034b7b;\">Lieutenant General Benoit Durieux<\/span><\/strong> made a stopover in Athens, where he was welcomed by <strong><span style=\"color: #034b7b;\">H.E. Patrick Maisonnave<\/span><\/strong> - French ambassador to Greece at the Institut Fran\u00e7ais de Gr\u00e8ce.<\/p>\t\t\t\t\t\t\t\t<\/div>\n\t\t\t\t<\/div>\n\t\t\t\t<section data-particle_enable=\"false\" data-particle-mobile-disabled=\"false\" class=\"elementor-section elementor-inner-section elementor-element elementor-element-2503441 elementor-section-boxed elementor-section-height-default elementor-section-height-default\" data-id=\"2503441\" data-element_type=\"section\" data-e-type=\"section\">\n\t\t\t\t\t\t<div class=\"elementor-container elementor-column-gap-default\">\n\t\t\t\t\t<div class=\"elementor-column elementor-col-50 elementor-inner-column elementor-element elementor-element-815b7c1\" data-id=\"815b7c1\" data-element_type=\"column\" data-e-type=\"column\">\n\t\t\t<div class=\"elementor-widget-wrap elementor-element-populated\">\n\t\t\t\t\t\t<div class=\"elementor-element elementor-element-5237f15 elementor-widget elementor-widget-image\" data-id=\"5237f15\" data-element_type=\"widget\" data-e-type=\"widget\" data-widget_type=\"image.default\">\n\t\t\t\t<div class=\"elementor-widget-container\">\n\t\t\t\t\t\t\t\t\t\t\t\t\t\t\t<img fetchpriority=\"high\" decoding=\"async\" width=\"1453\" height=\"884\" src=\"https:\/\/ihedn.fr\/wp-content\/uploads\/2022\/05\/20220517-\u00aeIHEDN-ESM-Mission-en-Grece-de-la-session-nationale-de-lIHEDN-001.jpeg\" class=\"attachment-full size-full wp-image-22999\" alt=\"\u00aeIHEDN-ESM-Mission en Gr\u00e8ce de la session nationale de l\u2019IHEDN\" \/>\t\t\t\t\t\t\t\t\t\t\t\t\t\t\t<\/div>\n\t\t\t\t<\/div>\n\t\t\t\t\t<\/div>\n\t\t<\/div>\n\t\t\t\t<div class=\"elementor-column elementor-col-50 elementor-inner-column elementor-element elementor-element-cc85059\" data-id=\"cc85059\" data-element_type=\"column\" data-e-type=\"column\">\n\t\t\t<div class=\"elementor-widget-wrap elementor-element-populated\">\n\t\t\t\t\t\t<div class=\"elementor-element elementor-element-0ac3414 elementor-widget elementor-widget-text-editor\" data-id=\"0ac3414\" data-element_type=\"widget\" data-e-type=\"widget\" data-widget_type=\"text-editor.default\">\n\t\t\t\t<div class=\"elementor-widget-container\">\n\t\t\t\t\t\t\t\t\t<p>This maritime country par excellence was a perfectly suited destination for a major that is no less so. On the first day of the particularly rich mission, the auditors were immediately plunged into the heart of the country's maritime issues, with an initial overview provided by the French ambassador and his principal deputies.<\/p><p>This was followed by a visit to Parliament and discussions at the Ministry of Foreign Affairs with <strong><span style=\"color: #034b7b;\">Mr Miltiadis Varvitsiotis<\/span><\/strong>Minister Delegate for European Affairs.<\/p>\t\t\t\t\t\t\t\t<\/div>\n\t\t\t\t<\/div>\n\t\t\t\t\t<\/div>\n\t\t<\/div>\n\t\t\t\t\t<\/div>\n\t\t<\/section>\n\t\t\t\t\t<\/div>\n\t\t<\/div>\n\t\t\t\t\t<\/div>\n\t\t<\/section>\n\t\t\t\t<section data-particle_enable=\"false\" data-particle-mobile-disabled=\"false\" class=\"elementor-section elementor-top-section elementor-element elementor-element-6e7547f elementor-section-boxed elementor-section-height-default elementor-section-height-default\" data-id=\"6e7547f\" data-element_type=\"section\" data-e-type=\"section\">\n\t\t\t\t\t\t<div class=\"elementor-container elementor-column-gap-default\">\n\t\t\t\t\t<div class=\"elementor-column elementor-col-100 elementor-top-column elementor-element elementor-element-bd8c613\" data-id=\"bd8c613\" data-element_type=\"column\" data-e-type=\"column\">\n\t\t\t<div class=\"elementor-widget-wrap elementor-element-populated\">\n\t\t\t\t\t\t<div class=\"elementor-element elementor-element-94f1b80 elementor-widget elementor-widget-text-editor\" data-id=\"94f1b80\" data-element_type=\"widget\" data-e-type=\"widget\" data-widget_type=\"text-editor.default\">\n\t\t\t\t<div class=\"elementor-widget-container\">\n\t\t\t\t\t\t\t\t\t<p>The audience then had the opportunity to debate energy and development in the context of the war in Ukraine with <strong><span style=\"color: #034b7b;\">Ms Marika Kakayianni<\/span><\/strong>a member of the think-tank <span style=\"color: #034b7b;\"><strong>ELIAMEP<\/strong><\/span> and an expert on energy issues.<\/p><p>Finally, to round off the day, <strong><span style=\"color: #034b7b;\">Professor Anestis Gourgiotis<\/span><\/strong>of the University of Thessaly and Vice-Chairman of the Metropolitan Planning Council of the Ministry of the Environment and Energy, and<strong><span style=\"color: #034b7b;\"> Professor Haris Kokkossis<\/span><\/strong> from the University of Thessaly spoke to the audience about the major issues involved in the development and planning of Greece's maritime territory, as well as the management of land\/sea interaction.<\/p>\t\t\t\t\t\t\t\t<\/div>\n\t\t\t\t<\/div>\n\t\t\t\t\t<\/div>\n\t\t<\/div>\n\t\t\t\t\t<\/div>\n\t\t<\/section>\n\t\t\t\t<section data-particle_enable=\"false\" data-particle-mobile-disabled=\"false\" class=\"elementor-section elementor-top-section elementor-element elementor-element-d79ad1f elementor-section-boxed elementor-section-height-default elementor-section-height-default\" data-id=\"d79ad1f\" data-element_type=\"section\" data-e-type=\"section\">\n\t\t\t\t\t\t<div class=\"elementor-container elementor-column-gap-default\">\n\t\t\t\t\t<div class=\"elementor-column elementor-col-100 elementor-top-column elementor-element elementor-element-e73f675\" data-id=\"e73f675\" data-element_type=\"column\" data-e-type=\"column\">\n\t\t\t<div class=\"elementor-widget-wrap elementor-element-populated\">\n\t\t\t\t\t\t<div class=\"elementor-element elementor-element-5cf1dbd elementor-widget elementor-widget-gallery\" data-id=\"5cf1dbd\" data-element_type=\"widget\" data-e-type=\"widget\" data-settings=\"{&quot;lazyload&quot;:&quot;yes&quot;,&quot;gallery_layout&quot;:&quot;grid&quot;,&quot;columns&quot;:4,&quot;columns_tablet&quot;:2,&quot;columns_mobile&quot;:1,&quot;gap&quot;:{&quot;unit&quot;:&quot;px&quot;,&quot;size&quot;:10,&quot;sizes&quot;:[]},&quot;gap_tablet&quot;:{&quot;unit&quot;:&quot;px&quot;,&quot;size&quot;:10,&quot;sizes&quot;:[]},&quot;gap_mobile&quot;:{&quot;unit&quot;:&quot;px&quot;,&quot;size&quot;:10,&quot;sizes&quot;:[]},&quot;link_to&quot;:&quot;file&quot;,&quot;aspect_ratio&quot;:&quot;3:2&quot;,&quot;overlay_background&quot;:&quot;yes&quot;,&quot;content_hover_animation&quot;:&quot;fade-in&quot;}\" data-widget_type=\"gallery.default\">\n\t\t\t\t<div class=\"elementor-widget-container\">\n\t\t\t\t\t\t\t<div class=\"elementor-gallery__container\">\n\t\t\t\t\t\t\t<a class=\"e-gallery-item elementor-gallery-item elementor-animated-content\" href=\"https:\/\/ihedn.fr\/wp-content\/uploads\/2022\/05\/20220517-\u00aeIHEDN-ESM-Mission-en-Grece-de-la-session-nationale-de-lIHEDN-003.jpeg\" data-elementor-open-lightbox=\"yes\" data-elementor-lightbox-slideshow=\"5cf1dbd\" data-elementor-lightbox-description=\"\u00aeIHEDN-ESM-Mission en Gr\u00e8ce de la session nationale de l\u2019IHEDN\" data-e-action-hash=\"#elementor-action%3Aaction%3Dlightbox%26settings%3DeyJpZCI6MjMwMDEsInVybCI6Imh0dHBzOlwvXC9paGVkbi5mclwvd3AtY29udGVudFwvdXBsb2Fkc1wvMjAyMlwvMDVcLzIwMjIwNTE3LVx1MDBhZUlIRUROLUVTTS1NaXNzaW9uLWVuLUdyZWNlLWRlLWxhLXNlc3Npb24tbmF0aW9uYWxlLWRlLWxJSEVETi0wMDMuanBlZyIsInNsaWRlc2hvdyI6IjVjZjFkYmQifQ%3D%3D\">\n\t\t\t\t\t<div class=\"e-gallery-image elementor-gallery-item__image\" data-thumbnail=\"https:\/\/ihedn.fr\/wp-content\/uploads\/2022\/05\/20220517-\u00aeIHEDN-ESM-Mission-en-Grece-de-la-session-nationale-de-lIHEDN-003.jpeg\" data-width=\"1108\" data-height=\"1453\" aria-label=\"IHEDN-ESM Mission to Greece for the IHEDN national session\" role=\"img\" ><\/div>\n\t\t\t\t\t\t\t\t\t\t\t<div class=\"elementor-gallery-item__overlay\"><\/div>\n\t\t\t\t\t\t\t\t\t\t\t\t\t\t<\/a>\n\t\t\t\t\t\t\t<a class=\"e-gallery-item elementor-gallery-item elementor-animated-content\" href=\"https:\/\/ihedn.fr\/wp-content\/uploads\/2022\/05\/20220517-\u00aeIHEDN-ESM-Mission-en-Grece-de-la-session-nationale-de-lIHEDN-002.jpeg\" data-elementor-open-lightbox=\"yes\" data-elementor-lightbox-slideshow=\"5cf1dbd\" data-elementor-lightbox-description=\"\u00aeIHEDN-ESM-Mission en Gr\u00e8ce de la session nationale de l\u2019IHEDN\" data-e-action-hash=\"#elementor-action%3Aaction%3Dlightbox%26settings%3DeyJpZCI6MjMwMDAsInVybCI6Imh0dHBzOlwvXC9paGVkbi5mclwvd3AtY29udGVudFwvdXBsb2Fkc1wvMjAyMlwvMDVcLzIwMjIwNTE3LVx1MDBhZUlIRUROLUVTTS1NaXNzaW9uLWVuLUdyZWNlLWRlLWxhLXNlc3Npb24tbmF0aW9uYWxlLWRlLWxJSEVETi0wMDIuanBlZyIsInNsaWRlc2hvdyI6IjVjZjFkYmQifQ%3D%3D\">\n\t\t\t\t\t<div class=\"e-gallery-image elementor-gallery-item__image\" data-thumbnail=\"https:\/\/ihedn.fr\/wp-content\/uploads\/2022\/05\/20220517-\u00aeIHEDN-ESM-Mission-en-Grece-de-la-session-nationale-de-lIHEDN-002.jpeg\" data-width=\"1453\" data-height=\"688\" aria-label=\"IHEDN-ESM Mission to Greece for the IHEDN national session\" role=\"img\" ><\/div>\n\t\t\t\t\t\t\t\t\t\t\t<div class=\"elementor-gallery-item__overlay\"><\/div>\n\t\t\t\t\t\t\t\t\t\t\t\t\t\t<\/a>\n\t\t\t\t\t\t\t<a class=\"e-gallery-item elementor-gallery-item elementor-animated-content\" href=\"https:\/\/ihedn.fr\/wp-content\/uploads\/2022\/05\/20220517-\u00aeIHEDN-ESM-Mission-en-Grece-de-la-session-nationale-de-lIHEDN-001.jpeg\" data-elementor-open-lightbox=\"yes\" data-elementor-lightbox-slideshow=\"5cf1dbd\" data-elementor-lightbox-description=\"\u00aeIHEDN-ESM-Mission en Gr\u00e8ce de la session nationale de l\u2019IHEDN\" data-e-action-hash=\"#elementor-action%3Aaction%3Dlightbox%26settings%3DeyJpZCI6MjI5OTksInVybCI6Imh0dHBzOlwvXC9paGVkbi5mclwvd3AtY29udGVudFwvdXBsb2Fkc1wvMjAyMlwvMDVcLzIwMjIwNTE3LVx1MDBhZUlIRUROLUVTTS1NaXNzaW9uLWVuLUdyZWNlLWRlLWxhLXNlc3Npb24tbmF0aW9uYWxlLWRlLWxJSEVETi0wMDEuanBlZyIsInNsaWRlc2hvdyI6IjVjZjFkYmQifQ%3D%3D\">\n\t\t\t\t\t<div class=\"e-gallery-image elementor-gallery-item__image\" data-thumbnail=\"https:\/\/ihedn.fr\/wp-content\/uploads\/2022\/05\/20220517-\u00aeIHEDN-ESM-Mission-en-Grece-de-la-session-nationale-de-lIHEDN-001.jpeg\" data-width=\"1453\" data-height=\"884\" aria-label=\"IHEDN-ESM Mission to Greece for the IHEDN national session\" role=\"img\" ><\/div>\n\t\t\t\t\t\t\t\t\t\t\t<div class=\"elementor-gallery-item__overlay\"><\/div>\n\t\t\t\t\t\t\t\t\t\t\t\t\t\t<\/a>\n\t\t\t\t\t\t\t<a class=\"e-gallery-item elementor-gallery-item elementor-animated-content\" href=\"https:\/\/ihedn.fr\/wp-content\/uploads\/2022\/05\/20220516-\u00aeIHEDN-ESM-Mission-en-Grece-de-la-session-nationale-de-lIHEDN-004.jpeg\" data-elementor-open-lightbox=\"yes\" data-elementor-lightbox-slideshow=\"5cf1dbd\" data-elementor-lightbox-description=\"\u00aeIHEDN-ESM-Mission en Gr\u00e8ce de la session nationale de l\u2019IHEDN\" data-e-action-hash=\"#elementor-action%3Aaction%3Dlightbox%26settings%3DeyJpZCI6MjI5OTgsInVybCI6Imh0dHBzOlwvXC9paGVkbi5mclwvd3AtY29udGVudFwvdXBsb2Fkc1wvMjAyMlwvMDVcLzIwMjIwNTE2LVx1MDBhZUlIRUROLUVTTS1NaXNzaW9uLWVuLUdyZWNlLWRlLWxhLXNlc3Npb24tbmF0aW9uYWxlLWRlLWxJSEVETi0wMDQuanBlZyIsInNsaWRlc2hvdyI6IjVjZjFkYmQifQ%3D%3D\">\n\t\t\t\t\t<div class=\"e-gallery-image elementor-gallery-item__image\" data-thumbnail=\"https:\/\/ihedn.fr\/wp-content\/uploads\/2022\/05\/20220516-\u00aeIHEDN-ESM-Mission-en-Grece-de-la-session-nationale-de-lIHEDN-004.jpeg\" data-width=\"1453\" data-height=\"741\" aria-label=\"IHEDN-ESM Mission to Greece for the IHEDN national session\" role=\"img\" ><\/div>\n\t\t\t\t\t\t\t\t\t\t\t<div class=\"elementor-gallery-item__overlay\"><\/div>\n\t\t\t\t\t\t\t\t\t\t\t\t\t\t<\/a>\n\t\t\t\t\t<\/div>\n\t\t\t\t\t<\/div>\n\t\t\t\t<\/div>\n\t\t\t\t\t<\/div>\n\t\t<\/div>\n\t\t\t\t\t<\/div>\n\t\t<\/section>\n\t\t\t\t<\/div>","protected":false},"excerpt":{"rendered":"<p>A la barre de la majeure \u00ab\u00a0Enjeux et Strat\u00e9gies Maritimes\u00a0\u00bb de la session nationale, le g\u00e9n\u00e9ral de corps d\u2019arm\u00e9e Benoit Durieux a fait escale \u00e0 Ath\u00e8nes, o\u00f9 il a \u00e9t\u00e9 accueilli par S.E.M. Patrick Maisonnave \u2013 ambassadeur de France en Gr\u00e8ce \u00e0 l\u2019Institut Fran\u00e7ais de Gr\u00e8ce. Ce pays maritime par excellence \u00e9tait une destination parfaitement [&hellip;]<\/p>\n","protected":false},"author":1,"featured_media":23000,"comment_status":"closed","ping_status":"closed","sticky":false,"template":"","format":"standard","meta":{"footnotes":""},"categories":[172],"tags":[],"class_list":["post-22996","post","type-post","status-publish","format-standard","has-post-thumbnail","hentry","category-notre-actualite"],"yoast_head":"<!-- This site is optimized with the Yoast SEO plugin v27.5 - https:\/\/yoast.com\/product\/yoast-seo-wordpress\/ -->\n<title>Mission Gr\u00e8ce de la majeure &quot;Enjeux et strat\u00e9gie maritime&quot; de la session nationale de l\u2019IHEDN - L&#039;IHEDN : Institut des hautes \u00e9tudes de d\u00e9fense nationale<\/title>\n<meta name=\"robots\" content=\"index, follow, max-snippet:-1, max-image-preview:large, max-video-preview:-1\" \/>\n<link rel=\"canonical\" href=\"https:\/\/ihedn.fr\/en\/actualites-des-sessions\/mission-en-grece-de-la-session-nationale-de-lihedn\/\" \/>\n<meta property=\"og:locale\" content=\"en_GB\" \/>\n<meta property=\"og:type\" content=\"article\" \/>\n<meta property=\"og:title\" content=\"Mission Gr\u00e8ce de la majeure &quot;Enjeux et strat\u00e9gie maritime&quot; de la session nationale de l\u2019IHEDN - L&#039;IHEDN : Institut des hautes \u00e9tudes de d\u00e9fense nationale\" \/>\n<meta property=\"og:description\" content=\"A la barre de la majeure \u00ab\u00a0Enjeux et Strat\u00e9gies Maritimes\u00a0\u00bb de la session nationale, le g\u00e9n\u00e9ral de corps d\u2019arm\u00e9e Benoit Durieux a fait escale \u00e0 Ath\u00e8nes, o\u00f9 il a \u00e9t\u00e9 accueilli par S.E.M. Patrick Maisonnave \u2013 ambassadeur de France en Gr\u00e8ce \u00e0 l\u2019Institut Fran\u00e7ais de Gr\u00e8ce. Ce pays maritime par excellence \u00e9tait une destination parfaitement [&hellip;]\" \/>\n<meta property=\"og:url\" content=\"https:\/\/ihedn.fr\/en\/actualites-des-sessions\/mission-en-grece-de-la-session-nationale-de-lihedn\/\" \/>\n<meta property=\"og:site_name\" content=\"L&#039;IHEDN : Institut des hautes \u00e9tudes de d\u00e9fense nationale\" \/>\n<meta property=\"article:publisher\" content=\"https:\/\/www.facebook.com\/ihedn\/\" \/>\n<meta property=\"article:published_time\" content=\"2022-05-17T07:43:00+00:00\" \/>\n<meta property=\"article:modified_time\" content=\"2022-11-25T14:22:34+00:00\" \/>\n<meta property=\"og:image\" content=\"https:\/\/ihedn.fr\/wp-content\/uploads\/2022\/05\/20220517-\u00aeIHEDN-ESM-Mission-en-Grece-de-la-session-nationale-de-lIHEDN-002.jpeg\" \/>\n\t<meta property=\"og:image:width\" content=\"1453\" \/>\n\t<meta property=\"og:image:height\" content=\"688\" \/>\n\t<meta property=\"og:image:type\" content=\"image\/jpeg\" \/>\n<meta name=\"author\" content=\"dev\" \/>\n<meta name=\"twitter:card\" content=\"summary_large_image\" \/>\n<meta name=\"twitter:creator\" content=\"@IHEDN\" \/>\n<meta name=\"twitter:site\" content=\"@IHEDN\" \/>\n<meta name=\"twitter:label1\" content=\"Written by\" \/>\n\t<meta name=\"twitter:data1\" content=\"dev\" \/>\n\t<meta name=\"twitter:label2\" content=\"Estimated reading time\" \/>\n\t<meta name=\"twitter:data2\" content=\"2 minutes\" \/>\n<script type=\"application\/ld+json\" class=\"yoast-schema-graph\">{\"@context\":\"https:\\\/\\\/schema.org\",\"@graph\":[{\"@type\":\"Article\",\"@id\":\"https:\\\/\\\/ihedn.fr\\\/actualites-des-sessions\\\/mission-en-grece-de-la-session-nationale-de-lihedn\\\/#article\",\"isPartOf\":{\"@id\":\"https:\\\/\\\/ihedn.fr\\\/actualites-des-sessions\\\/mission-en-grece-de-la-session-nationale-de-lihedn\\\/\"},\"author\":{\"name\":\"dev\",\"@id\":\"https:\\\/\\\/ihedn.fr\\\/#\\\/schema\\\/person\\\/7a40155595e4efb35323447cb8c8c5a4\"},\"headline\":\"Mission Gr\u00e8ce de la majeure \u00ab\u00a0Enjeux et strat\u00e9gie maritime\u00a0\u00bb de la session nationale de l\u2019IHEDN\",\"datePublished\":\"2022-05-17T07:43:00+00:00\",\"dateModified\":\"2022-11-25T14:22:34+00:00\",\"mainEntityOfPage\":{\"@id\":\"https:\\\/\\\/ihedn.fr\\\/actualites-des-sessions\\\/mission-en-grece-de-la-session-nationale-de-lihedn\\\/\"},\"wordCount\":274,\"publisher\":{\"@id\":\"https:\\\/\\\/ihedn.fr\\\/#organization\"},\"image\":{\"@id\":\"https:\\\/\\\/ihedn.fr\\\/actualites-des-sessions\\\/mission-en-grece-de-la-session-nationale-de-lihedn\\\/#primaryimage\"},\"thumbnailUrl\":\"https:\\\/\\\/ihedn.fr\\\/wp-content\\\/uploads\\\/2022\\\/05\\\/20220517-\u00aeIHEDN-ESM-Mission-en-Grece-de-la-session-nationale-de-lIHEDN-002.jpeg\",\"articleSection\":[\"Notre actualit\u00e9\"],\"inLanguage\":\"en-GB\"},{\"@type\":\"WebPage\",\"@id\":\"https:\\\/\\\/ihedn.fr\\\/actualites-des-sessions\\\/mission-en-grece-de-la-session-nationale-de-lihedn\\\/\",\"url\":\"https:\\\/\\\/ihedn.fr\\\/actualites-des-sessions\\\/mission-en-grece-de-la-session-nationale-de-lihedn\\\/\",\"name\":\"Mission Gr\u00e8ce de la majeure \\\"Enjeux et strat\u00e9gie maritime\\\" de la session nationale de l\u2019IHEDN - L&#039;IHEDN : Institut des hautes \u00e9tudes de d\u00e9fense nationale\",\"isPartOf\":{\"@id\":\"https:\\\/\\\/ihedn.fr\\\/#website\"},\"primaryImageOfPage\":{\"@id\":\"https:\\\/\\\/ihedn.fr\\\/actualites-des-sessions\\\/mission-en-grece-de-la-session-nationale-de-lihedn\\\/#primaryimage\"},\"image\":{\"@id\":\"https:\\\/\\\/ihedn.fr\\\/actualites-des-sessions\\\/mission-en-grece-de-la-session-nationale-de-lihedn\\\/#primaryimage\"},\"thumbnailUrl\":\"https:\\\/\\\/ihedn.fr\\\/wp-content\\\/uploads\\\/2022\\\/05\\\/20220517-\u00aeIHEDN-ESM-Mission-en-Grece-de-la-session-nationale-de-lIHEDN-002.jpeg\",\"datePublished\":\"2022-05-17T07:43:00+00:00\",\"dateModified\":\"2022-11-25T14:22:34+00:00\",\"breadcrumb\":{\"@id\":\"https:\\\/\\\/ihedn.fr\\\/actualites-des-sessions\\\/mission-en-grece-de-la-session-nationale-de-lihedn\\\/#breadcrumb\"},\"inLanguage\":\"en-GB\",\"potentialAction\":[{\"@type\":\"ReadAction\",\"target\":[\"https:\\\/\\\/ihedn.fr\\\/actualites-des-sessions\\\/mission-en-grece-de-la-session-nationale-de-lihedn\\\/\"]}]},{\"@type\":\"ImageObject\",\"inLanguage\":\"en-GB\",\"@id\":\"https:\\\/\\\/ihedn.fr\\\/actualites-des-sessions\\\/mission-en-grece-de-la-session-nationale-de-lihedn\\\/#primaryimage\",\"url\":\"https:\\\/\\\/ihedn.fr\\\/wp-content\\\/uploads\\\/2022\\\/05\\\/20220517-\u00aeIHEDN-ESM-Mission-en-Grece-de-la-session-nationale-de-lIHEDN-002.jpeg\",\"contentUrl\":\"https:\\\/\\\/ihedn.fr\\\/wp-content\\\/uploads\\\/2022\\\/05\\\/20220517-\u00aeIHEDN-ESM-Mission-en-Grece-de-la-session-nationale-de-lIHEDN-002.jpeg\",\"width\":1453,\"height\":688,\"caption\":\"\u00aeIHEDN-ESM-Mission en Gr\u00e8ce de la session nationale de l\u2019IHEDN\"},{\"@type\":\"BreadcrumbList\",\"@id\":\"https:\\\/\\\/ihedn.fr\\\/actualites-des-sessions\\\/mission-en-grece-de-la-session-nationale-de-lihedn\\\/#breadcrumb\",\"itemListElement\":[{\"@type\":\"ListItem\",\"position\":1,\"name\":\"Accueil\",\"item\":\"https:\\\/\\\/ihedn.fr\\\/\"},{\"@type\":\"ListItem\",\"position\":2,\"name\":\"Mission Gr\u00e8ce de la majeure \u00ab\u00a0Enjeux et strat\u00e9gie maritime\u00a0\u00bb de la session nationale de l\u2019IHEDN\"}]},{\"@type\":\"WebSite\",\"@id\":\"https:\\\/\\\/ihedn.fr\\\/#website\",\"url\":\"https:\\\/\\\/ihedn.fr\\\/\",\"name\":\"IHEDN : Institut des hautes \u00e9tudes de d\u00e9fense nationale |\",\"description\":\"Site officiel de l&#039;IHEDN plac\u00e9 sous la tutelle du Premier ministre.\",\"publisher\":{\"@id\":\"https:\\\/\\\/ihedn.fr\\\/#organization\"},\"potentialAction\":[{\"@type\":\"SearchAction\",\"target\":{\"@type\":\"EntryPoint\",\"urlTemplate\":\"https:\\\/\\\/ihedn.fr\\\/?s={search_term_string}\"},\"query-input\":{\"@type\":\"PropertyValueSpecification\",\"valueRequired\":true,\"valueName\":\"search_term_string\"}}],\"inLanguage\":\"en-GB\"},{\"@type\":\"Organization\",\"@id\":\"https:\\\/\\\/ihedn.fr\\\/#organization\",\"name\":\"IHEDN - Institut des Hautes Etudes de D\u00e9fense Nationale\",\"url\":\"https:\\\/\\\/ihedn.fr\\\/\",\"logo\":{\"@type\":\"ImageObject\",\"inLanguage\":\"en-GB\",\"@id\":\"https:\\\/\\\/ihedn.fr\\\/#\\\/schema\\\/logo\\\/image\\\/\",\"url\":\"https:\\\/\\\/ihedn.fr\\\/wp-content\\\/uploads\\\/2020\\\/11\\\/BLOC_RF_IHEDN_WEB.png\",\"contentUrl\":\"https:\\\/\\\/ihedn.fr\\\/wp-content\\\/uploads\\\/2020\\\/11\\\/BLOC_RF_IHEDN_WEB.png\",\"width\":500,\"height\":237,\"caption\":\"IHEDN - Institut des Hautes Etudes de D\u00e9fense Nationale\"},\"image\":{\"@id\":\"https:\\\/\\\/ihedn.fr\\\/#\\\/schema\\\/logo\\\/image\\\/\"},\"sameAs\":[\"https:\\\/\\\/www.facebook.com\\\/ihedn\\\/\",\"https:\\\/\\\/x.com\\\/IHEDN\",\"https:\\\/\\\/www.instagram.com\\\/ihedn\\\/\",\"https:\\\/\\\/www.linkedin.com\\\/school\\\/ihedn\\\/\",\"https:\\\/\\\/fr.wikipedia.org\\\/wiki\\\/Institut_des_hautes_\u00e9tudes_de_D\u00e9fense_nationale\"]},{\"@type\":\"Person\",\"@id\":\"https:\\\/\\\/ihedn.fr\\\/#\\\/schema\\\/person\\\/7a40155595e4efb35323447cb8c8c5a4\",\"name\":\"dev\",\"image\":{\"@type\":\"ImageObject\",\"inLanguage\":\"en-GB\",\"@id\":\"https:\\\/\\\/secure.gravatar.com\\\/avatar\\\/f1ffcac9ca2fa95ad3ec33e9be3ade82f752acb0cabe541e56c5889225afa88a?s=96&d=mm&r=g\",\"url\":\"https:\\\/\\\/secure.gravatar.com\\\/avatar\\\/f1ffcac9ca2fa95ad3ec33e9be3ade82f752acb0cabe541e56c5889225afa88a?s=96&d=mm&r=g\",\"contentUrl\":\"https:\\\/\\\/secure.gravatar.com\\\/avatar\\\/f1ffcac9ca2fa95ad3ec33e9be3ade82f752acb0cabe541e56c5889225afa88a?s=96&d=mm&r=g\",\"caption\":\"dev\"},\"sameAs\":[\"https:\\\/\\\/ihedn.concilium.click\"],\"url\":\"https:\\\/\\\/ihedn.fr\\\/en\\\/author\\\/dev\\\/\"}]}<\/script>\n<!-- \/ Yoast SEO plugin. -->","yoast_head_json":{"title":"Mission Gr\u00e8ce de la majeure \"Enjeux et strat\u00e9gie maritime\" de la session nationale de l'IHEDN - L'IHEDN : Institut des hautes \u00e9tudes de d\u00e9fense nationale","robots":{"index":"index","follow":"follow","max-snippet":"max-snippet:-1","max-image-preview":"max-image-preview:large","max-video-preview":"max-video-preview:-1"},"canonical":"https:\/\/ihedn.fr\/en\/actualites-des-sessions\/mission-en-grece-de-la-session-nationale-de-lihedn\/","og_locale":"en_GB","og_type":"article","og_title":"Mission Gr\u00e8ce de la majeure \"Enjeux et strat\u00e9gie maritime\" de la session nationale de l\u2019IHEDN - L&#039;IHEDN : Institut des hautes \u00e9tudes de d\u00e9fense nationale","og_description":"A la barre de la majeure \u00ab\u00a0Enjeux et Strat\u00e9gies Maritimes\u00a0\u00bb de la session nationale, le g\u00e9n\u00e9ral de corps d\u2019arm\u00e9e Benoit Durieux a fait escale \u00e0 Ath\u00e8nes, o\u00f9 il a \u00e9t\u00e9 accueilli par S.E.M. Patrick Maisonnave \u2013 ambassadeur de France en Gr\u00e8ce \u00e0 l\u2019Institut Fran\u00e7ais de Gr\u00e8ce. Ce pays maritime par excellence \u00e9tait une destination parfaitement [&hellip;]","og_url":"https:\/\/ihedn.fr\/en\/actualites-des-sessions\/mission-en-grece-de-la-session-nationale-de-lihedn\/","og_site_name":"L&#039;IHEDN : Institut des hautes \u00e9tudes de d\u00e9fense nationale","article_publisher":"https:\/\/www.facebook.com\/ihedn\/","article_published_time":"2022-05-17T07:43:00+00:00","article_modified_time":"2022-11-25T14:22:34+00:00","og_image":[{"width":1453,"height":688,"url":"https:\/\/ihedn.fr\/wp-content\/uploads\/2022\/05\/20220517-\u00aeIHEDN-ESM-Mission-en-Grece-de-la-session-nationale-de-lIHEDN-002.jpeg","type":"image\/jpeg"}],"author":"dev","twitter_card":"summary_large_image","twitter_creator":"@IHEDN","twitter_site":"@IHEDN","twitter_misc":{"Written by":"dev","Estimated reading time":"2 minutes"},"schema":{"@context":"https:\/\/schema.org","@graph":[{"@type":"Article","@id":"https:\/\/ihedn.fr\/actualites-des-sessions\/mission-en-grece-de-la-session-nationale-de-lihedn\/#article","isPartOf":{"@id":"https:\/\/ihedn.fr\/actualites-des-sessions\/mission-en-grece-de-la-session-nationale-de-lihedn\/"},"author":{"name":"dev","@id":"https:\/\/ihedn.fr\/#\/schema\/person\/7a40155595e4efb35323447cb8c8c5a4"},"headline":"Mission Gr\u00e8ce de la majeure \u00ab\u00a0Enjeux et strat\u00e9gie maritime\u00a0\u00bb de la session nationale de l\u2019IHEDN","datePublished":"2022-05-17T07:43:00+00:00","dateModified":"2022-11-25T14:22:34+00:00","mainEntityOfPage":{"@id":"https:\/\/ihedn.fr\/actualites-des-sessions\/mission-en-grece-de-la-session-nationale-de-lihedn\/"},"wordCount":274,"publisher":{"@id":"https:\/\/ihedn.fr\/#organization"},"image":{"@id":"https:\/\/ihedn.fr\/actualites-des-sessions\/mission-en-grece-de-la-session-nationale-de-lihedn\/#primaryimage"},"thumbnailUrl":"https:\/\/ihedn.fr\/wp-content\/uploads\/2022\/05\/20220517-\u00aeIHEDN-ESM-Mission-en-Grece-de-la-session-nationale-de-lIHEDN-002.jpeg","articleSection":["Notre actualit\u00e9"],"inLanguage":"en-GB"},{"@type":"WebPage","@id":"https:\/\/ihedn.fr\/actualites-des-sessions\/mission-en-grece-de-la-session-nationale-de-lihedn\/","url":"https:\/\/ihedn.fr\/actualites-des-sessions\/mission-en-grece-de-la-session-nationale-de-lihedn\/","name":"Mission Gr\u00e8ce de la majeure \"Enjeux et strat\u00e9gie maritime\" de la session nationale de l'IHEDN - L'IHEDN : Institut des hautes \u00e9tudes de d\u00e9fense nationale","isPartOf":{"@id":"https:\/\/ihedn.fr\/#website"},"primaryImageOfPage":{"@id":"https:\/\/ihedn.fr\/actualites-des-sessions\/mission-en-grece-de-la-session-nationale-de-lihedn\/#primaryimage"},"image":{"@id":"https:\/\/ihedn.fr\/actualites-des-sessions\/mission-en-grece-de-la-session-nationale-de-lihedn\/#primaryimage"},"thumbnailUrl":"https:\/\/ihedn.fr\/wp-content\/uploads\/2022\/05\/20220517-\u00aeIHEDN-ESM-Mission-en-Grece-de-la-session-nationale-de-lIHEDN-002.jpeg","datePublished":"2022-05-17T07:43:00+00:00","dateModified":"2022-11-25T14:22:34+00:00","breadcrumb":{"@id":"https:\/\/ihedn.fr\/actualites-des-sessions\/mission-en-grece-de-la-session-nationale-de-lihedn\/#breadcrumb"},"inLanguage":"en-GB","potentialAction":[{"@type":"ReadAction","target":["https:\/\/ihedn.fr\/actualites-des-sessions\/mission-en-grece-de-la-session-nationale-de-lihedn\/"]}]},{"@type":"ImageObject","inLanguage":"en-GB","@id":"https:\/\/ihedn.fr\/actualites-des-sessions\/mission-en-grece-de-la-session-nationale-de-lihedn\/#primaryimage","url":"https:\/\/ihedn.fr\/wp-content\/uploads\/2022\/05\/20220517-\u00aeIHEDN-ESM-Mission-en-Grece-de-la-session-nationale-de-lIHEDN-002.jpeg","contentUrl":"https:\/\/ihedn.fr\/wp-content\/uploads\/2022\/05\/20220517-\u00aeIHEDN-ESM-Mission-en-Grece-de-la-session-nationale-de-lIHEDN-002.jpeg","width":1453,"height":688,"caption":"\u00aeIHEDN-ESM-Mission en Gr\u00e8ce de la session nationale de l\u2019IHEDN"},{"@type":"BreadcrumbList","@id":"https:\/\/ihedn.fr\/actualites-des-sessions\/mission-en-grece-de-la-session-nationale-de-lihedn\/#breadcrumb","itemListElement":[{"@type":"ListItem","position":1,"name":"Accueil","item":"https:\/\/ihedn.fr\/"},{"@type":"ListItem","position":2,"name":"Mission Gr\u00e8ce de la majeure \u00ab\u00a0Enjeux et strat\u00e9gie maritime\u00a0\u00bb de la session nationale de l\u2019IHEDN"}]},{"@type":"WebSite","@id":"https:\/\/ihedn.fr\/#website","url":"https:\/\/ihedn.fr\/","name":"IHEDN: Institut des hautes \u00e9tudes de d\u00e9fense nationale (Institute for Higher National Defence Studies)","description":"Official website of the IHEDN under the supervision of the Prime Minister.","publisher":{"@id":"https:\/\/ihedn.fr\/#organization"},"potentialAction":[{"@type":"SearchAction","target":{"@type":"EntryPoint","urlTemplate":"https:\/\/ihedn.fr\/?s={search_term_string}"},"query-input":{"@type":"PropertyValueSpecification","valueRequired":true,"valueName":"search_term_string"}}],"inLanguage":"en-GB"},{"@type":"Organization","@id":"https:\/\/ihedn.fr\/#organization","name":"IHEDN - Institute for Higher National Defence Studies","url":"https:\/\/ihedn.fr\/","logo":{"@type":"ImageObject","inLanguage":"en-GB","@id":"https:\/\/ihedn.fr\/#\/schema\/logo\/image\/","url":"https:\/\/ihedn.fr\/wp-content\/uploads\/2020\/11\/BLOC_RF_IHEDN_WEB.png","contentUrl":"https:\/\/ihedn.fr\/wp-content\/uploads\/2020\/11\/BLOC_RF_IHEDN_WEB.png","width":500,"height":237,"caption":"IHEDN - Institut des Hautes Etudes de D\u00e9fense Nationale"},"image":{"@id":"https:\/\/ihedn.fr\/#\/schema\/logo\/image\/"},"sameAs":["https:\/\/www.facebook.com\/ihedn\/","https:\/\/x.com\/IHEDN","https:\/\/www.instagram.com\/ihedn\/","https:\/\/www.linkedin.com\/school\/ihedn\/","https:\/\/fr.wikipedia.org\/wiki\/Institut_des_hautes_\u00e9tudes_de_D\u00e9fense_nationale"]},{"@type":"Person","@id":"https:\/\/ihedn.fr\/#\/schema\/person\/7a40155595e4efb35323447cb8c8c5a4","name":"dev","image":{"@type":"ImageObject","inLanguage":"en-GB","@id":"https:\/\/secure.gravatar.com\/avatar\/f1ffcac9ca2fa95ad3ec33e9be3ade82f752acb0cabe541e56c5889225afa88a?s=96&d=mm&r=g","url":"https:\/\/secure.gravatar.com\/avatar\/f1ffcac9ca2fa95ad3ec33e9be3ade82f752acb0cabe541e56c5889225afa88a?s=96&d=mm&r=g","contentUrl":"https:\/\/secure.gravatar.com\/avatar\/f1ffcac9ca2fa95ad3ec33e9be3ade82f752acb0cabe541e56c5889225afa88a?s=96&d=mm&r=g","caption":"dev"},"sameAs":["https:\/\/ihedn.concilium.click"],"url":"https:\/\/ihedn.fr\/en\/author\/dev\/"}]}},"publishpress_future_action":{"enabled":false,"date":"2026-05-09 09:45:30","action":"change-status","newStatus":"draft","terms":[],"taxonomy":"category","extraData":[]},"publishpress_future_workflow_manual_trigger":{"enabledWorkflows":[]},"_links":{"self":[{"href":"https:\/\/ihedn.fr\/en\/wp-json\/wp\/v2\/posts\/22996","targetHints":{"allow":["GET"]}}],"collection":[{"href":"https:\/\/ihedn.fr\/en\/wp-json\/wp\/v2\/posts"}],"about":[{"href":"https:\/\/ihedn.fr\/en\/wp-json\/wp\/v2\/types\/post"}],"author":[{"embeddable":true,"href":"https:\/\/ihedn.fr\/en\/wp-json\/wp\/v2\/users\/1"}],"replies":[{"embeddable":true,"href":"https:\/\/ihedn.fr\/en\/wp-json\/wp\/v2\/comments?post=22996"}],"version-history":[{"count":5,"href":"https:\/\/ihedn.fr\/en\/wp-json\/wp\/v2\/posts\/22996\/revisions"}],"predecessor-version":[{"id":23250,"href":"https:\/\/ihedn.fr\/en\/wp-json\/wp\/v2\/posts\/22996\/revisions\/23250"}],"wp:featuredmedia":[{"embeddable":true,"href":"https:\/\/ihedn.fr\/en\/wp-json\/wp\/v2\/media\/23000"}],"wp:attachment":[{"href":"https:\/\/ihedn.fr\/en\/wp-json\/wp\/v2\/media?parent=22996"}],"wp:term":[{"taxonomy":"category","embeddable":true,"href":"https:\/\/ihedn.fr\/en\/wp-json\/wp\/v2\/categories?post=22996"},{"taxonomy":"post_tag","embeddable":true,"href":"https:\/\/ihedn.fr\/en\/wp-json\/wp\/v2\/tags?post=22996"}],"curies":[{"name":"wp","href":"https:\/\/api.w.org\/{rel}","templated":true}]}}