{"id":23159,"date":"2022-05-20T08:20:10","date_gmt":"2022-05-20T07:20:10","guid":{"rendered":"https:\/\/ihedn.fr\/?p=23159"},"modified":"2022-11-25T15:22:33","modified_gmt":"2022-11-25T14:22:33","slug":"33e-session-europeenne-des-responsables-darmement-semaine-3-finlande","status":"publish","type":"post","link":"https:\/\/ihedn.fr\/en\/notre-actualite\/33e-session-europeenne-des-responsables-darmement-semaine-3-finlande\/","title":{"rendered":"33<sup>e<\/sup> European Session for Armaments Managers - Week 3 - Finland"},"content":{"rendered":"<div data-elementor-type=\"wp-post\" data-elementor-id=\"23159\" class=\"elementor elementor-23159\" data-elementor-post-type=\"post\">\n\t\t\t\t\t\t<section data-particle_enable=\"false\" data-particle-mobile-disabled=\"false\" class=\"elementor-section elementor-top-section elementor-element elementor-element-390badf elementor-section-boxed elementor-section-height-default elementor-section-height-default\" data-id=\"390badf\" data-element_type=\"section\" data-e-type=\"section\">\n\t\t\t\t\t\t<div class=\"elementor-container elementor-column-gap-default\">\n\t\t\t\t\t<div class=\"elementor-column elementor-col-100 elementor-top-column elementor-element elementor-element-b35eae2\" data-id=\"b35eae2\" data-element_type=\"column\" data-e-type=\"column\">\n\t\t\t<div class=\"elementor-widget-wrap elementor-element-populated\">\n\t\t\t\t\t\t<section data-particle_enable=\"false\" data-particle-mobile-disabled=\"false\" class=\"elementor-section elementor-inner-section elementor-element elementor-element-de33318 elementor-section-boxed elementor-section-height-default elementor-section-height-default\" data-id=\"de33318\" data-element_type=\"section\" data-e-type=\"section\">\n\t\t\t\t\t\t<div class=\"elementor-container elementor-column-gap-default\">\n\t\t\t\t\t<div class=\"elementor-column elementor-col-100 elementor-inner-column elementor-element elementor-element-fc82658\" data-id=\"fc82658\" data-element_type=\"column\" data-e-type=\"column\">\n\t\t\t<div class=\"elementor-widget-wrap elementor-element-populated\">\n\t\t\t\t\t\t<div class=\"elementor-element elementor-element-f22b7b9 elementor-widget elementor-widget-text-editor\" data-id=\"f22b7b9\" data-element_type=\"widget\" data-e-type=\"widget\" data-widget_type=\"text-editor.default\">\n\t\t\t\t<div class=\"elementor-widget-container\">\n\t\t\t\t\t\t\t\t\t<p><strong><span style=\"color: #034b7b;\">Friday 20 May 2022 saw the close of the 3<sup>e<\/sup> week of the 33<sup>e<\/sup> European Session of Senior Armament Officials (SERA 33) in H\u00e4meenlinna, Finland.<\/span><\/strong><\/p>\t\t\t\t\t\t\t\t<\/div>\n\t\t\t\t<\/div>\n\t\t\t\t\t<\/div>\n\t\t<\/div>\n\t\t\t\t\t<\/div>\n\t\t<\/section>\n\t\t\t\t<section data-particle_enable=\"false\" data-particle-mobile-disabled=\"false\" class=\"elementor-section elementor-inner-section elementor-element elementor-element-66cc26b elementor-section-boxed elementor-section-height-default elementor-section-height-default\" data-id=\"66cc26b\" data-element_type=\"section\" data-e-type=\"section\">\n\t\t\t\t\t\t<div class=\"elementor-container elementor-column-gap-default\">\n\t\t\t\t\t<div class=\"elementor-column elementor-col-50 elementor-inner-column elementor-element elementor-element-cb1e9ad\" data-id=\"cb1e9ad\" data-element_type=\"column\" data-e-type=\"column\">\n\t\t\t<div class=\"elementor-widget-wrap elementor-element-populated\">\n\t\t\t\t\t\t<div class=\"elementor-element elementor-element-5ee93d2 elementor-widget elementor-widget-image\" data-id=\"5ee93d2\" data-element_type=\"widget\" data-e-type=\"widget\" data-widget_type=\"image.default\">\n\t\t\t\t<div class=\"elementor-widget-container\">\n\t\t\t\t\t\t\t\t\t\t\t\t\t\t\t<img fetchpriority=\"high\" decoding=\"async\" width=\"1024\" height=\"658\" src=\"https:\/\/ihedn.fr\/wp-content\/uploads\/2022\/05\/20220520-\u00aeIHEDN-SERA-33-semaine-de-cloture-Finlande-002.jpeg\" class=\"attachment-full size-full wp-image-23162\" alt=\"\u00aeIHEDN-SERA 33 semaine de cl\u00f4ture - Finlande\" \/>\t\t\t\t\t\t\t\t\t\t\t\t\t\t\t<\/div>\n\t\t\t\t<\/div>\n\t\t\t\t\t<\/div>\n\t\t<\/div>\n\t\t\t\t<div class=\"elementor-column elementor-col-50 elementor-inner-column elementor-element elementor-element-fbc0b2c\" data-id=\"fbc0b2c\" data-element_type=\"column\" data-e-type=\"column\">\n\t\t\t<div class=\"elementor-widget-wrap elementor-element-populated\">\n\t\t\t\t\t\t<div class=\"elementor-element elementor-element-f6909b3 elementor-widget elementor-widget-text-editor\" data-id=\"f6909b3\" data-element_type=\"widget\" data-e-type=\"widget\" data-widget_type=\"text-editor.default\">\n\t\t\t\t<div class=\"elementor-widget-container\">\n\t\t\t\t\t\t\t\t\t<p>This rich week began with two days of conferences at the Palais des Etats in Helsinki, then continued with visits to the Tempere region, around a hundred kilometres further north.<\/p><p>The 75 people attending the session had the opportunity to see an aerial demonstration of the F\/A-18 Hornet (Satakunta Air Command) as well as numerous presentations of military equipment in service with the Finnish Armoured Brigade: BMP-2M, LEOPARD 2A6, CV9030 etc. It was also a great opportunity to talk to the young conscripts doing their military service.<\/p>\t\t\t\t\t\t\t\t<\/div>\n\t\t\t\t<\/div>\n\t\t\t\t\t<\/div>\n\t\t<\/div>\n\t\t\t\t\t<\/div>\n\t\t<\/section>\n\t\t\t\t<section data-particle_enable=\"false\" data-particle-mobile-disabled=\"false\" class=\"elementor-section elementor-inner-section elementor-element elementor-element-866f1e9 elementor-section-boxed elementor-section-height-default elementor-section-height-default\" data-id=\"866f1e9\" data-element_type=\"section\" data-e-type=\"section\">\n\t\t\t\t\t\t<div class=\"elementor-container elementor-column-gap-default\">\n\t\t\t\t\t<div class=\"elementor-column elementor-col-50 elementor-inner-column elementor-element elementor-element-4ea2c9b\" data-id=\"4ea2c9b\" data-element_type=\"column\" data-e-type=\"column\">\n\t\t\t<div class=\"elementor-widget-wrap elementor-element-populated\">\n\t\t\t\t\t\t<div class=\"elementor-element elementor-element-bfbd58c elementor-widget elementor-widget-image\" data-id=\"bfbd58c\" data-element_type=\"widget\" data-e-type=\"widget\" data-widget_type=\"image.default\">\n\t\t\t\t<div class=\"elementor-widget-container\">\n\t\t\t\t\t\t\t\t\t\t\t\t\t\t\t<img decoding=\"async\" width=\"1024\" height=\"683\" src=\"https:\/\/ihedn.fr\/wp-content\/uploads\/2022\/05\/20220520-\u00aeIHEDN-SERA-33-semaine-de-cloture-Finlande-003.jpeg\" class=\"attachment-full size-full wp-image-23163\" alt=\"\u00aeIHEDN-SERA 33 semaine de cl\u00f4ture - Finlande\" \/>\t\t\t\t\t\t\t\t\t\t\t\t\t\t\t<\/div>\n\t\t\t\t<\/div>\n\t\t\t\t\t<\/div>\n\t\t<\/div>\n\t\t\t\t<div class=\"elementor-column elementor-col-50 elementor-inner-column elementor-element elementor-element-ad315a1\" data-id=\"ad315a1\" data-element_type=\"column\" data-e-type=\"column\">\n\t\t\t<div class=\"elementor-widget-wrap elementor-element-populated\">\n\t\t\t\t\t\t<div class=\"elementor-element elementor-element-33f9527 elementor-widget elementor-widget-text-editor\" data-id=\"33f9527\" data-element_type=\"widget\" data-e-type=\"widget\" data-widget_type=\"text-editor.default\">\n\t\t\t\t<div class=\"elementor-widget-container\">\n\t\t\t\t\t\t\t\t\t<p>Listeners will be in Lille from 20 to 24 June, then in Paris for the final week of the 33rd edition of the event.<sup>e<\/sup> They will present the results of their committee work at the \u00c9cole Militaire.<\/p>\t\t\t\t\t\t\t\t<\/div>\n\t\t\t\t<\/div>\n\t\t\t\t\t<\/div>\n\t\t<\/div>\n\t\t\t\t\t<\/div>\n\t\t<\/section>\n\t\t\t\t\t<\/div>\n\t\t<\/div>\n\t\t\t\t\t<\/div>\n\t\t<\/section>\n\t\t\t\t<section data-particle_enable=\"false\" data-particle-mobile-disabled=\"false\" class=\"elementor-section elementor-top-section elementor-element elementor-element-e7289df elementor-section-boxed elementor-section-height-default elementor-section-height-default\" data-id=\"e7289df\" data-element_type=\"section\" data-e-type=\"section\">\n\t\t\t\t\t\t<div class=\"elementor-container elementor-column-gap-default\">\n\t\t\t\t\t<div class=\"elementor-column elementor-col-100 elementor-top-column elementor-element elementor-element-84eff93\" data-id=\"84eff93\" data-element_type=\"column\" data-e-type=\"column\">\n\t\t\t<div class=\"elementor-widget-wrap elementor-element-populated\">\n\t\t\t\t\t\t<div class=\"elementor-element elementor-element-9bd615e elementor-widget-divider--view-line elementor-widget elementor-widget-divider\" data-id=\"9bd615e\" data-element_type=\"widget\" data-e-type=\"widget\" data-widget_type=\"divider.default\">\n\t\t\t\t<div class=\"elementor-widget-container\">\n\t\t\t\t\t\t\t<div class=\"elementor-divider\">\n\t\t\t<span class=\"elementor-divider-separator\">\n\t\t\t\t\t\t<\/span>\n\t\t<\/div>\n\t\t\t\t\t\t<\/div>\n\t\t\t\t<\/div>\n\t\t\t\t<div class=\"elementor-element elementor-element-b2acdd7 elementor-widget elementor-widget-text-editor\" data-id=\"b2acdd7\" data-element_type=\"widget\" data-e-type=\"widget\" data-widget_type=\"text-editor.default\">\n\t\t\t\t<div class=\"elementor-widget-container\">\n\t\t\t\t\t\t\t\t\t<p><em><strong><span style=\"color: #034b7b;\">33rd European Session for Armament Representatives - Week 3 - Finland<\/span><\/strong><\/em><\/p><p><em>On Friday 20th May ended the third week of the 33rd European Session for Armament Representatives (SERA 33) in H\u00e4meenlinna, Finland.<\/em><\/p><p><em>This intense week, started by two days of conferences in the House of Estates, continued with many visits in the region of Tempere, approximately 100 kilometres North from Helsinki. The 75 attendees of the session had the opportunity to assist to an air show of a F\/A-18 Hornet (Satakunta Air Command) and to several presentations of military vehicles and materials currently in service in the Finnish Armed Forces at the Armoured Brigade. Attendees had equally the opportunity to discuss with the young Finnish conscripts.<\/em><\/p><p><em>The attendees will meet again from 20th to 24th of June in Lille and Paris for the last week of the session which will end this 33rd European Session for Armament Representatives. Committees will then present the summary of the 4 weeks of work at the Military School.<\/em><\/p><p>\u00a0<\/p>\t\t\t\t\t\t\t\t<\/div>\n\t\t\t\t<\/div>\n\t\t\t\t\t<\/div>\n\t\t<\/div>\n\t\t\t\t\t<\/div>\n\t\t<\/section>\n\t\t\t\t<section data-particle_enable=\"false\" data-particle-mobile-disabled=\"false\" class=\"elementor-section elementor-top-section elementor-element elementor-element-8b18250 elementor-section-boxed elementor-section-height-default elementor-section-height-default\" data-id=\"8b18250\" data-element_type=\"section\" data-e-type=\"section\">\n\t\t\t\t\t\t<div class=\"elementor-container elementor-column-gap-default\">\n\t\t\t\t\t<div class=\"elementor-column elementor-col-100 elementor-top-column elementor-element elementor-element-374e384\" data-id=\"374e384\" data-element_type=\"column\" data-e-type=\"column\">\n\t\t\t<div class=\"elementor-widget-wrap elementor-element-populated\">\n\t\t\t\t\t\t<div class=\"elementor-element elementor-element-2a015ad elementor-widget-divider--view-line elementor-widget elementor-widget-divider\" data-id=\"2a015ad\" data-element_type=\"widget\" data-e-type=\"widget\" data-widget_type=\"divider.default\">\n\t\t\t\t<div class=\"elementor-widget-container\">\n\t\t\t\t\t\t\t<div class=\"elementor-divider\">\n\t\t\t<span class=\"elementor-divider-separator\">\n\t\t\t\t\t\t<\/span>\n\t\t<\/div>\n\t\t\t\t\t\t<\/div>\n\t\t\t\t<\/div>\n\t\t\t\t<div class=\"elementor-element elementor-element-d7ce821 elementor-widget elementor-widget-text-editor\" data-id=\"d7ce821\" data-element_type=\"widget\" data-e-type=\"widget\" data-widget_type=\"text-editor.default\">\n\t\t\t\t<div class=\"elementor-widget-container\">\n\t\t\t\t\t\t\t\t\t<p><em><strong><span style=\"color: #034b7b;\">33. Ausgabe der European Session of Armament Managers (SERA33)_German week<\/span><\/strong><\/em><\/p><p><em>Die 2. Woche der 33. Ausgabe der European Session of Armament Managers (SERA33) fand vom 25. bis 29. April in M\u00fcnchen statt.<\/em><\/p><p><em>Die Woche beginn mit Pr\u00e4sentationen von Vertretern des Bundesministeriums der Verteidigung (Bundesamt f\u00fcr Wehrtechnik und Beschaffung) und der Bundesvereinigung Deutscher Stahlrecycling- und Entsorgungsunternehmen e.V. (BDSV). Die SERA33-Delegation wurde ebenfalls in der Bayerischen Staatskanzlei empfangen, wo sie mit dem Staatsminister f\u00fcr Bayern, Herrn Dr. Florian HERRMANN, und dem stellvertretenden Generaldirektor f\u00fcr R\u00fcstung, Herrn Hubert BLAHNIK, diskutieren konnte.<\/em><\/p><p><em>Auf dem Programm der zweiten Woche standen mehrere Besuche milit\u00e4rischer Standorte, wie zum Beispiel der Besuch der Wehrtechnische Dienststelle 61 (WTD 61) auf dem Fliegerhorst Manching. Das Programm war auch rund um die Entdeckung der bayerischen Verteidigungsindustrie strukturiert, mit einem Besuch der Standorte von Airbus Defence &amp; Space (Manching), ESG (Elektronische System- und Logistikgruppe - F\u00fcrstenfeldbruck), IABG (Industrieanlagen-Betriebsgesellschaft mbH - Taufkirchen) und MBDA (Schrobenhausen). SERA33 Auditoren hatten auch Zugang zum Standort des Deutschen Zentrums f\u00fcr Luft- und Raumfahrt (DLR) in Oberpfaffenhofen mit einer Besichtigung des Raumflugkontrollzentrums.<\/em><\/p><p><em>Schlie\u00dflich bot die in M\u00fcnchen organisierte SERA33-Woche den Auditoren die Gelegenheit, die in ihren jeweiligen Aussch\u00fcssen begonnenen Diskussionen und \u00dcberlegungen fortzusetzen. Die Delegation wird sich in wenigen Tagen in Helsinki f\u00fcr die 3. Woche des Programms treffen.<\/em><\/p><p>\u00a0<\/p>\t\t\t\t\t\t\t\t<\/div>\n\t\t\t\t<\/div>\n\t\t\t\t\t<\/div>\n\t\t<\/div>\n\t\t\t\t\t<\/div>\n\t\t<\/section>\n\t\t\t\t<\/div>","protected":false},"excerpt":{"rendered":"<p>Ce vendredi 20 mai 2022 s\u2019est cl\u00f4tur\u00e9e la 3e semaine de la 33e Session Europ\u00e9enne des Responsables d\u2019Armement (SERA 33) \u00e0 H\u00e4meenlinna, en Finlande. Cette semaine tr\u00e8s riche, avait d\u00e9but\u00e9 par deux jours de conf\u00e9rences au Palais des Etats \u00e0 Helsinki, puis s\u2019est poursuivie par des visites dans la r\u00e9gion de Tempere, \u00e0 une centaine [&hellip;]<\/p>\n","protected":false},"author":1,"featured_media":23161,"comment_status":"closed","ping_status":"closed","sticky":false,"template":"","format":"standard","meta":{"footnotes":""},"categories":[172],"tags":[],"class_list":["post-23159","post","type-post","status-publish","format-standard","has-post-thumbnail","hentry","category-notre-actualite"],"yoast_head":"<!-- This site is optimized with the Yoast SEO plugin v27.5 - https:\/\/yoast.com\/product\/yoast-seo-wordpress\/ -->\n<title>33e Session Europ\u00e9enne des Responsables d\u2019Armement \u2013 Semaine 3 \u2013 Finlande - L&#039;IHEDN : Institut des hautes \u00e9tudes de d\u00e9fense nationale<\/title>\n<meta name=\"robots\" content=\"index, follow, max-snippet:-1, max-image-preview:large, max-video-preview:-1\" \/>\n<link rel=\"canonical\" href=\"https:\/\/ihedn.fr\/en\/actualites-des-sessions\/deai\/33e-session-europeenne-des-responsables-darmement-semaine-3-finlande\/\" \/>\n<meta property=\"og:locale\" content=\"en_GB\" \/>\n<meta property=\"og:type\" content=\"article\" \/>\n<meta property=\"og:title\" content=\"33e Session Europ\u00e9enne des Responsables d\u2019Armement \u2013 Semaine 3 \u2013 Finlande - L&#039;IHEDN : Institut des hautes \u00e9tudes de d\u00e9fense nationale\" \/>\n<meta property=\"og:description\" content=\"Ce vendredi 20 mai 2022 s\u2019est cl\u00f4tur\u00e9e la 3e semaine de la 33e Session Europ\u00e9enne des Responsables d\u2019Armement (SERA 33) \u00e0 H\u00e4meenlinna, en Finlande. Cette semaine tr\u00e8s riche, avait d\u00e9but\u00e9 par deux jours de conf\u00e9rences au Palais des Etats \u00e0 Helsinki, puis s\u2019est poursuivie par des visites dans la r\u00e9gion de Tempere, \u00e0 une centaine [&hellip;]\" \/>\n<meta property=\"og:url\" content=\"https:\/\/ihedn.fr\/en\/actualites-des-sessions\/deai\/33e-session-europeenne-des-responsables-darmement-semaine-3-finlande\/\" \/>\n<meta property=\"og:site_name\" content=\"L&#039;IHEDN : Institut des hautes \u00e9tudes de d\u00e9fense nationale\" \/>\n<meta property=\"article:publisher\" content=\"https:\/\/www.facebook.com\/ihedn\/\" \/>\n<meta property=\"article:published_time\" content=\"2022-05-20T07:20:10+00:00\" \/>\n<meta property=\"article:modified_time\" content=\"2022-11-25T14:22:33+00:00\" \/>\n<meta property=\"og:image\" content=\"https:\/\/ihedn.fr\/wp-content\/uploads\/2022\/05\/20220520-\u00aeIHEDN-SERA-33-semaine-de-cloture-Finlande-001.jpeg\" \/>\n\t<meta property=\"og:image:width\" content=\"1024\" \/>\n\t<meta property=\"og:image:height\" content=\"683\" \/>\n\t<meta property=\"og:image:type\" content=\"image\/jpeg\" \/>\n<meta name=\"author\" content=\"dev\" \/>\n<meta name=\"twitter:card\" content=\"summary_large_image\" \/>\n<meta name=\"twitter:creator\" content=\"@IHEDN\" \/>\n<meta name=\"twitter:site\" content=\"@IHEDN\" \/>\n<meta name=\"twitter:label1\" content=\"Written by\" \/>\n\t<meta name=\"twitter:data1\" content=\"dev\" \/>\n\t<meta name=\"twitter:label2\" content=\"Estimated reading time\" \/>\n\t<meta name=\"twitter:data2\" content=\"4 minutes\" \/>\n<script type=\"application\/ld+json\" class=\"yoast-schema-graph\">{\"@context\":\"https:\\\/\\\/schema.org\",\"@graph\":[{\"@type\":\"Article\",\"@id\":\"https:\\\/\\\/ihedn.fr\\\/actualites-des-sessions\\\/deai\\\/33e-session-europeenne-des-responsables-darmement-semaine-3-finlande\\\/#article\",\"isPartOf\":{\"@id\":\"https:\\\/\\\/ihedn.fr\\\/actualites-des-sessions\\\/deai\\\/33e-session-europeenne-des-responsables-darmement-semaine-3-finlande\\\/\"},\"author\":{\"name\":\"dev\",\"@id\":\"https:\\\/\\\/ihedn.fr\\\/#\\\/schema\\\/person\\\/7a40155595e4efb35323447cb8c8c5a4\"},\"headline\":\"33e Session Europ\u00e9enne des Responsables d\u2019Armement \u2013 Semaine 3 \u2013 Finlande\",\"datePublished\":\"2022-05-20T07:20:10+00:00\",\"dateModified\":\"2022-11-25T14:22:33+00:00\",\"mainEntityOfPage\":{\"@id\":\"https:\\\/\\\/ihedn.fr\\\/actualites-des-sessions\\\/deai\\\/33e-session-europeenne-des-responsables-darmement-semaine-3-finlande\\\/\"},\"wordCount\":568,\"publisher\":{\"@id\":\"https:\\\/\\\/ihedn.fr\\\/#organization\"},\"image\":{\"@id\":\"https:\\\/\\\/ihedn.fr\\\/actualites-des-sessions\\\/deai\\\/33e-session-europeenne-des-responsables-darmement-semaine-3-finlande\\\/#primaryimage\"},\"thumbnailUrl\":\"https:\\\/\\\/ihedn.fr\\\/wp-content\\\/uploads\\\/2022\\\/05\\\/20220520-\u00aeIHEDN-SERA-33-semaine-de-cloture-Finlande-001.jpeg\",\"articleSection\":[\"Notre actualit\u00e9\"],\"inLanguage\":\"en-GB\"},{\"@type\":\"WebPage\",\"@id\":\"https:\\\/\\\/ihedn.fr\\\/actualites-des-sessions\\\/deai\\\/33e-session-europeenne-des-responsables-darmement-semaine-3-finlande\\\/\",\"url\":\"https:\\\/\\\/ihedn.fr\\\/actualites-des-sessions\\\/deai\\\/33e-session-europeenne-des-responsables-darmement-semaine-3-finlande\\\/\",\"name\":\"33e Session Europ\u00e9enne des Responsables d\u2019Armement \u2013 Semaine 3 \u2013 Finlande - L&#039;IHEDN : Institut des hautes \u00e9tudes de d\u00e9fense nationale\",\"isPartOf\":{\"@id\":\"https:\\\/\\\/ihedn.fr\\\/#website\"},\"primaryImageOfPage\":{\"@id\":\"https:\\\/\\\/ihedn.fr\\\/actualites-des-sessions\\\/deai\\\/33e-session-europeenne-des-responsables-darmement-semaine-3-finlande\\\/#primaryimage\"},\"image\":{\"@id\":\"https:\\\/\\\/ihedn.fr\\\/actualites-des-sessions\\\/deai\\\/33e-session-europeenne-des-responsables-darmement-semaine-3-finlande\\\/#primaryimage\"},\"thumbnailUrl\":\"https:\\\/\\\/ihedn.fr\\\/wp-content\\\/uploads\\\/2022\\\/05\\\/20220520-\u00aeIHEDN-SERA-33-semaine-de-cloture-Finlande-001.jpeg\",\"datePublished\":\"2022-05-20T07:20:10+00:00\",\"dateModified\":\"2022-11-25T14:22:33+00:00\",\"breadcrumb\":{\"@id\":\"https:\\\/\\\/ihedn.fr\\\/actualites-des-sessions\\\/deai\\\/33e-session-europeenne-des-responsables-darmement-semaine-3-finlande\\\/#breadcrumb\"},\"inLanguage\":\"en-GB\",\"potentialAction\":[{\"@type\":\"ReadAction\",\"target\":[\"https:\\\/\\\/ihedn.fr\\\/actualites-des-sessions\\\/deai\\\/33e-session-europeenne-des-responsables-darmement-semaine-3-finlande\\\/\"]}]},{\"@type\":\"ImageObject\",\"inLanguage\":\"en-GB\",\"@id\":\"https:\\\/\\\/ihedn.fr\\\/actualites-des-sessions\\\/deai\\\/33e-session-europeenne-des-responsables-darmement-semaine-3-finlande\\\/#primaryimage\",\"url\":\"https:\\\/\\\/ihedn.fr\\\/wp-content\\\/uploads\\\/2022\\\/05\\\/20220520-\u00aeIHEDN-SERA-33-semaine-de-cloture-Finlande-001.jpeg\",\"contentUrl\":\"https:\\\/\\\/ihedn.fr\\\/wp-content\\\/uploads\\\/2022\\\/05\\\/20220520-\u00aeIHEDN-SERA-33-semaine-de-cloture-Finlande-001.jpeg\",\"width\":1024,\"height\":683,\"caption\":\"\u00aeIHEDN-SERA 33 semaine de cl\u00f4ture - Finlande\"},{\"@type\":\"BreadcrumbList\",\"@id\":\"https:\\\/\\\/ihedn.fr\\\/actualites-des-sessions\\\/deai\\\/33e-session-europeenne-des-responsables-darmement-semaine-3-finlande\\\/#breadcrumb\",\"itemListElement\":[{\"@type\":\"ListItem\",\"position\":1,\"name\":\"Accueil\",\"item\":\"https:\\\/\\\/ihedn.fr\\\/\"},{\"@type\":\"ListItem\",\"position\":2,\"name\":\"33e Session Europ\u00e9enne des Responsables d\u2019Armement \u2013 Semaine 3 \u2013 Finlande\"}]},{\"@type\":\"WebSite\",\"@id\":\"https:\\\/\\\/ihedn.fr\\\/#website\",\"url\":\"https:\\\/\\\/ihedn.fr\\\/\",\"name\":\"IHEDN : Institut des hautes \u00e9tudes de d\u00e9fense nationale |\",\"description\":\"Site officiel de l&#039;IHEDN plac\u00e9 sous la tutelle du Premier ministre.\",\"publisher\":{\"@id\":\"https:\\\/\\\/ihedn.fr\\\/#organization\"},\"potentialAction\":[{\"@type\":\"SearchAction\",\"target\":{\"@type\":\"EntryPoint\",\"urlTemplate\":\"https:\\\/\\\/ihedn.fr\\\/?s={search_term_string}\"},\"query-input\":{\"@type\":\"PropertyValueSpecification\",\"valueRequired\":true,\"valueName\":\"search_term_string\"}}],\"inLanguage\":\"en-GB\"},{\"@type\":\"Organization\",\"@id\":\"https:\\\/\\\/ihedn.fr\\\/#organization\",\"name\":\"IHEDN - Institut des Hautes Etudes de D\u00e9fense Nationale\",\"url\":\"https:\\\/\\\/ihedn.fr\\\/\",\"logo\":{\"@type\":\"ImageObject\",\"inLanguage\":\"en-GB\",\"@id\":\"https:\\\/\\\/ihedn.fr\\\/#\\\/schema\\\/logo\\\/image\\\/\",\"url\":\"https:\\\/\\\/ihedn.fr\\\/wp-content\\\/uploads\\\/2020\\\/11\\\/BLOC_RF_IHEDN_WEB.png\",\"contentUrl\":\"https:\\\/\\\/ihedn.fr\\\/wp-content\\\/uploads\\\/2020\\\/11\\\/BLOC_RF_IHEDN_WEB.png\",\"width\":500,\"height\":237,\"caption\":\"IHEDN - Institut des Hautes Etudes de D\u00e9fense Nationale\"},\"image\":{\"@id\":\"https:\\\/\\\/ihedn.fr\\\/#\\\/schema\\\/logo\\\/image\\\/\"},\"sameAs\":[\"https:\\\/\\\/www.facebook.com\\\/ihedn\\\/\",\"https:\\\/\\\/x.com\\\/IHEDN\",\"https:\\\/\\\/www.instagram.com\\\/ihedn\\\/\",\"https:\\\/\\\/www.linkedin.com\\\/school\\\/ihedn\\\/\",\"https:\\\/\\\/fr.wikipedia.org\\\/wiki\\\/Institut_des_hautes_\u00e9tudes_de_D\u00e9fense_nationale\"]},{\"@type\":\"Person\",\"@id\":\"https:\\\/\\\/ihedn.fr\\\/#\\\/schema\\\/person\\\/7a40155595e4efb35323447cb8c8c5a4\",\"name\":\"dev\",\"image\":{\"@type\":\"ImageObject\",\"inLanguage\":\"en-GB\",\"@id\":\"https:\\\/\\\/secure.gravatar.com\\\/avatar\\\/f1ffcac9ca2fa95ad3ec33e9be3ade82f752acb0cabe541e56c5889225afa88a?s=96&d=mm&r=g\",\"url\":\"https:\\\/\\\/secure.gravatar.com\\\/avatar\\\/f1ffcac9ca2fa95ad3ec33e9be3ade82f752acb0cabe541e56c5889225afa88a?s=96&d=mm&r=g\",\"contentUrl\":\"https:\\\/\\\/secure.gravatar.com\\\/avatar\\\/f1ffcac9ca2fa95ad3ec33e9be3ade82f752acb0cabe541e56c5889225afa88a?s=96&d=mm&r=g\",\"caption\":\"dev\"},\"sameAs\":[\"https:\\\/\\\/ihedn.concilium.click\"],\"url\":\"https:\\\/\\\/ihedn.fr\\\/en\\\/author\\\/dev\\\/\"}]}<\/script>\n<!-- \/ Yoast SEO plugin. -->","yoast_head_json":{"title":"33rd European Senior Armaments Officials Meeting - Week 3 - Finland - L'IHEDN : Institut des hautes \u00e9tudes de d\u00e9fense nationale (Graduate Institute of National Defence)","robots":{"index":"index","follow":"follow","max-snippet":"max-snippet:-1","max-image-preview":"max-image-preview:large","max-video-preview":"max-video-preview:-1"},"canonical":"https:\/\/ihedn.fr\/en\/actualites-des-sessions\/deai\/33e-session-europeenne-des-responsables-darmement-semaine-3-finlande\/","og_locale":"en_GB","og_type":"article","og_title":"33e Session Europ\u00e9enne des Responsables d\u2019Armement \u2013 Semaine 3 \u2013 Finlande - L&#039;IHEDN : Institut des hautes \u00e9tudes de d\u00e9fense nationale","og_description":"Ce vendredi 20 mai 2022 s\u2019est cl\u00f4tur\u00e9e la 3e semaine de la 33e Session Europ\u00e9enne des Responsables d\u2019Armement (SERA 33) \u00e0 H\u00e4meenlinna, en Finlande. Cette semaine tr\u00e8s riche, avait d\u00e9but\u00e9 par deux jours de conf\u00e9rences au Palais des Etats \u00e0 Helsinki, puis s\u2019est poursuivie par des visites dans la r\u00e9gion de Tempere, \u00e0 une centaine [&hellip;]","og_url":"https:\/\/ihedn.fr\/en\/actualites-des-sessions\/deai\/33e-session-europeenne-des-responsables-darmement-semaine-3-finlande\/","og_site_name":"L&#039;IHEDN : Institut des hautes \u00e9tudes de d\u00e9fense nationale","article_publisher":"https:\/\/www.facebook.com\/ihedn\/","article_published_time":"2022-05-20T07:20:10+00:00","article_modified_time":"2022-11-25T14:22:33+00:00","og_image":[{"width":1024,"height":683,"url":"https:\/\/ihedn.fr\/wp-content\/uploads\/2022\/05\/20220520-\u00aeIHEDN-SERA-33-semaine-de-cloture-Finlande-001.jpeg","type":"image\/jpeg"}],"author":"dev","twitter_card":"summary_large_image","twitter_creator":"@IHEDN","twitter_site":"@IHEDN","twitter_misc":{"Written by":"dev","Estimated reading time":"4 minutes"},"schema":{"@context":"https:\/\/schema.org","@graph":[{"@type":"Article","@id":"https:\/\/ihedn.fr\/actualites-des-sessions\/deai\/33e-session-europeenne-des-responsables-darmement-semaine-3-finlande\/#article","isPartOf":{"@id":"https:\/\/ihedn.fr\/actualites-des-sessions\/deai\/33e-session-europeenne-des-responsables-darmement-semaine-3-finlande\/"},"author":{"name":"dev","@id":"https:\/\/ihedn.fr\/#\/schema\/person\/7a40155595e4efb35323447cb8c8c5a4"},"headline":"33e Session Europ\u00e9enne des Responsables d\u2019Armement \u2013 Semaine 3 \u2013 Finlande","datePublished":"2022-05-20T07:20:10+00:00","dateModified":"2022-11-25T14:22:33+00:00","mainEntityOfPage":{"@id":"https:\/\/ihedn.fr\/actualites-des-sessions\/deai\/33e-session-europeenne-des-responsables-darmement-semaine-3-finlande\/"},"wordCount":568,"publisher":{"@id":"https:\/\/ihedn.fr\/#organization"},"image":{"@id":"https:\/\/ihedn.fr\/actualites-des-sessions\/deai\/33e-session-europeenne-des-responsables-darmement-semaine-3-finlande\/#primaryimage"},"thumbnailUrl":"https:\/\/ihedn.fr\/wp-content\/uploads\/2022\/05\/20220520-\u00aeIHEDN-SERA-33-semaine-de-cloture-Finlande-001.jpeg","articleSection":["Notre actualit\u00e9"],"inLanguage":"en-GB"},{"@type":"WebPage","@id":"https:\/\/ihedn.fr\/actualites-des-sessions\/deai\/33e-session-europeenne-des-responsables-darmement-semaine-3-finlande\/","url":"https:\/\/ihedn.fr\/actualites-des-sessions\/deai\/33e-session-europeenne-des-responsables-darmement-semaine-3-finlande\/","name":"33rd European Senior Armaments Officials Meeting - Week 3 - Finland - L'IHEDN : Institut des hautes \u00e9tudes de d\u00e9fense nationale (Graduate Institute of National Defence)","isPartOf":{"@id":"https:\/\/ihedn.fr\/#website"},"primaryImageOfPage":{"@id":"https:\/\/ihedn.fr\/actualites-des-sessions\/deai\/33e-session-europeenne-des-responsables-darmement-semaine-3-finlande\/#primaryimage"},"image":{"@id":"https:\/\/ihedn.fr\/actualites-des-sessions\/deai\/33e-session-europeenne-des-responsables-darmement-semaine-3-finlande\/#primaryimage"},"thumbnailUrl":"https:\/\/ihedn.fr\/wp-content\/uploads\/2022\/05\/20220520-\u00aeIHEDN-SERA-33-semaine-de-cloture-Finlande-001.jpeg","datePublished":"2022-05-20T07:20:10+00:00","dateModified":"2022-11-25T14:22:33+00:00","breadcrumb":{"@id":"https:\/\/ihedn.fr\/actualites-des-sessions\/deai\/33e-session-europeenne-des-responsables-darmement-semaine-3-finlande\/#breadcrumb"},"inLanguage":"en-GB","potentialAction":[{"@type":"ReadAction","target":["https:\/\/ihedn.fr\/actualites-des-sessions\/deai\/33e-session-europeenne-des-responsables-darmement-semaine-3-finlande\/"]}]},{"@type":"ImageObject","inLanguage":"en-GB","@id":"https:\/\/ihedn.fr\/actualites-des-sessions\/deai\/33e-session-europeenne-des-responsables-darmement-semaine-3-finlande\/#primaryimage","url":"https:\/\/ihedn.fr\/wp-content\/uploads\/2022\/05\/20220520-\u00aeIHEDN-SERA-33-semaine-de-cloture-Finlande-001.jpeg","contentUrl":"https:\/\/ihedn.fr\/wp-content\/uploads\/2022\/05\/20220520-\u00aeIHEDN-SERA-33-semaine-de-cloture-Finlande-001.jpeg","width":1024,"height":683,"caption":"\u00aeIHEDN-SERA 33 semaine de cl\u00f4ture - Finlande"},{"@type":"BreadcrumbList","@id":"https:\/\/ihedn.fr\/actualites-des-sessions\/deai\/33e-session-europeenne-des-responsables-darmement-semaine-3-finlande\/#breadcrumb","itemListElement":[{"@type":"ListItem","position":1,"name":"Accueil","item":"https:\/\/ihedn.fr\/"},{"@type":"ListItem","position":2,"name":"33e Session Europ\u00e9enne des Responsables d\u2019Armement \u2013 Semaine 3 \u2013 Finlande"}]},{"@type":"WebSite","@id":"https:\/\/ihedn.fr\/#website","url":"https:\/\/ihedn.fr\/","name":"IHEDN: Institut des hautes \u00e9tudes de d\u00e9fense nationale (Institute for Higher National Defence Studies)","description":"Official website of the IHEDN under the supervision of the Prime Minister.","publisher":{"@id":"https:\/\/ihedn.fr\/#organization"},"potentialAction":[{"@type":"SearchAction","target":{"@type":"EntryPoint","urlTemplate":"https:\/\/ihedn.fr\/?s={search_term_string}"},"query-input":{"@type":"PropertyValueSpecification","valueRequired":true,"valueName":"search_term_string"}}],"inLanguage":"en-GB"},{"@type":"Organization","@id":"https:\/\/ihedn.fr\/#organization","name":"IHEDN - Institute for Higher National Defence Studies","url":"https:\/\/ihedn.fr\/","logo":{"@type":"ImageObject","inLanguage":"en-GB","@id":"https:\/\/ihedn.fr\/#\/schema\/logo\/image\/","url":"https:\/\/ihedn.fr\/wp-content\/uploads\/2020\/11\/BLOC_RF_IHEDN_WEB.png","contentUrl":"https:\/\/ihedn.fr\/wp-content\/uploads\/2020\/11\/BLOC_RF_IHEDN_WEB.png","width":500,"height":237,"caption":"IHEDN - Institut des Hautes Etudes de D\u00e9fense Nationale"},"image":{"@id":"https:\/\/ihedn.fr\/#\/schema\/logo\/image\/"},"sameAs":["https:\/\/www.facebook.com\/ihedn\/","https:\/\/x.com\/IHEDN","https:\/\/www.instagram.com\/ihedn\/","https:\/\/www.linkedin.com\/school\/ihedn\/","https:\/\/fr.wikipedia.org\/wiki\/Institut_des_hautes_\u00e9tudes_de_D\u00e9fense_nationale"]},{"@type":"Person","@id":"https:\/\/ihedn.fr\/#\/schema\/person\/7a40155595e4efb35323447cb8c8c5a4","name":"dev","image":{"@type":"ImageObject","inLanguage":"en-GB","@id":"https:\/\/secure.gravatar.com\/avatar\/f1ffcac9ca2fa95ad3ec33e9be3ade82f752acb0cabe541e56c5889225afa88a?s=96&d=mm&r=g","url":"https:\/\/secure.gravatar.com\/avatar\/f1ffcac9ca2fa95ad3ec33e9be3ade82f752acb0cabe541e56c5889225afa88a?s=96&d=mm&r=g","contentUrl":"https:\/\/secure.gravatar.com\/avatar\/f1ffcac9ca2fa95ad3ec33e9be3ade82f752acb0cabe541e56c5889225afa88a?s=96&d=mm&r=g","caption":"dev"},"sameAs":["https:\/\/ihedn.concilium.click"],"url":"https:\/\/ihedn.fr\/en\/author\/dev\/"}]}},"publishpress_future_action":{"enabled":false,"date":"2026-05-09 07:53:30","action":"change-status","newStatus":"draft","terms":[],"taxonomy":"category","extraData":[]},"publishpress_future_workflow_manual_trigger":{"enabledWorkflows":[]},"_links":{"self":[{"href":"https:\/\/ihedn.fr\/en\/wp-json\/wp\/v2\/posts\/23159","targetHints":{"allow":["GET"]}}],"collection":[{"href":"https:\/\/ihedn.fr\/en\/wp-json\/wp\/v2\/posts"}],"about":[{"href":"https:\/\/ihedn.fr\/en\/wp-json\/wp\/v2\/types\/post"}],"author":[{"embeddable":true,"href":"https:\/\/ihedn.fr\/en\/wp-json\/wp\/v2\/users\/1"}],"replies":[{"embeddable":true,"href":"https:\/\/ihedn.fr\/en\/wp-json\/wp\/v2\/comments?post=23159"}],"version-history":[{"count":5,"href":"https:\/\/ihedn.fr\/en\/wp-json\/wp\/v2\/posts\/23159\/revisions"}],"predecessor-version":[{"id":23170,"href":"https:\/\/ihedn.fr\/en\/wp-json\/wp\/v2\/posts\/23159\/revisions\/23170"}],"wp:featuredmedia":[{"embeddable":true,"href":"https:\/\/ihedn.fr\/en\/wp-json\/wp\/v2\/media\/23161"}],"wp:attachment":[{"href":"https:\/\/ihedn.fr\/en\/wp-json\/wp\/v2\/media?parent=23159"}],"wp:term":[{"taxonomy":"category","embeddable":true,"href":"https:\/\/ihedn.fr\/en\/wp-json\/wp\/v2\/categories?post=23159"},{"taxonomy":"post_tag","embeddable":true,"href":"https:\/\/ihedn.fr\/en\/wp-json\/wp\/v2\/tags?post=23159"}],"curies":[{"name":"wp","href":"https:\/\/api.w.org\/{rel}","templated":true}]}}