{"id":23191,"date":"2022-05-22T14:47:10","date_gmt":"2022-05-22T13:47:10","guid":{"rendered":"https:\/\/ihedn.fr\/?p=23191"},"modified":"2022-11-25T15:22:32","modified_gmt":"2022-11-25T14:22:32","slug":"la-majeure-defense-et-securite-economique-a-berlin-et-varsovie","status":"publish","type":"post","link":"https:\/\/ihedn.fr\/en\/notre-actualite\/la-majeure-defense-et-securite-economique-a-berlin-et-varsovie\/","title":{"rendered":"Defence and economic security\" major in Berlin and Warsaw"},"content":{"rendered":"<div data-elementor-type=\"wp-post\" data-elementor-id=\"23191\" class=\"elementor elementor-23191\" data-elementor-post-type=\"post\">\n\t\t\t\t\t\t<section data-particle_enable=\"false\" data-particle-mobile-disabled=\"false\" class=\"elementor-section elementor-top-section elementor-element elementor-element-d16ae78 elementor-section-boxed elementor-section-height-default elementor-section-height-default\" data-id=\"d16ae78\" data-element_type=\"section\" data-e-type=\"section\">\n\t\t\t\t\t\t<div class=\"elementor-container elementor-column-gap-default\">\n\t\t\t\t\t<div class=\"elementor-column elementor-col-100 elementor-top-column elementor-element elementor-element-803f05d\" data-id=\"803f05d\" data-element_type=\"column\" data-e-type=\"column\">\n\t\t\t<div class=\"elementor-widget-wrap elementor-element-populated\">\n\t\t\t\t\t\t<div class=\"elementor-element elementor-element-6ce77c7 elementor-widget elementor-widget-heading\" data-id=\"6ce77c7\" data-element_type=\"widget\" data-e-type=\"widget\" data-widget_type=\"heading.default\">\n\t\t\t\t<div class=\"elementor-widget-container\">\n\t\t\t\t\t<h1 class=\"elementor-heading-title elementor-size-default\">Defence and economic security\" major in Berlin and Warsaw<\/h1>\t\t\t\t<\/div>\n\t\t\t\t<\/div>\n\t\t\t\t\t<\/div>\n\t\t<\/div>\n\t\t\t\t\t<\/div>\n\t\t<\/section>\n\t\t\t\t<section data-particle_enable=\"false\" data-particle-mobile-disabled=\"false\" class=\"elementor-section elementor-top-section elementor-element elementor-element-307dca8 elementor-section-boxed elementor-section-height-default elementor-section-height-default\" data-id=\"307dca8\" data-element_type=\"section\" data-e-type=\"section\">\n\t\t\t\t\t\t<div class=\"elementor-container elementor-column-gap-default\">\n\t\t\t\t\t<div class=\"elementor-column elementor-col-100 elementor-top-column elementor-element elementor-element-ce69a42\" data-id=\"ce69a42\" data-element_type=\"column\" data-e-type=\"column\">\n\t\t\t<div class=\"elementor-widget-wrap elementor-element-populated\">\n\t\t\t\t\t\t<div class=\"elementor-element elementor-element-5745aa2 elementor-widget elementor-widget-text-editor\" data-id=\"5745aa2\" data-element_type=\"widget\" data-e-type=\"widget\" data-widget_type=\"text-editor.default\">\n\t\t\t\t<div class=\"elementor-widget-container\">\n\t\t\t\t\t\t\t\t\t<p>From 15 to 21 May 2022, the Defence and Economic Security (DSE) major of the IHEDN National Session carried out its \"World\" mission. The DSE auditors had the opportunity to visit Berlin and then Warsaw.<\/p><p>These six days enabled us to benefit from the expertise of our German and Polish partners on defence issues relating to economic security.<\/p><p>The mission consisted of a series of round tables held at the French embassies in Germany and Poland. These discussions covered a wide range of subjects, including energy dependency, the digital transformation of businesses and the defence industry.<\/p><p>On site, the major also had the opportunity to meet German members of parliament from the Interior Committee in Berlin and Polish senators in Warsaw. The mission was rounded off by two visits, to the German Federal Intelligence Service and the Airbus Polska site.<\/p>\t\t\t\t\t\t\t\t<\/div>\n\t\t\t\t<\/div>\n\t\t\t\t\t<\/div>\n\t\t<\/div>\n\t\t\t\t\t<\/div>\n\t\t<\/section>\n\t\t\t\t<section data-particle_enable=\"false\" data-particle-mobile-disabled=\"false\" class=\"elementor-section elementor-top-section elementor-element elementor-element-619209e elementor-section-boxed elementor-section-height-default elementor-section-height-default\" data-id=\"619209e\" data-element_type=\"section\" data-e-type=\"section\">\n\t\t\t\t\t\t<div class=\"elementor-container elementor-column-gap-default\">\n\t\t\t\t\t<div class=\"elementor-column elementor-col-100 elementor-top-column elementor-element elementor-element-cac82a4\" data-id=\"cac82a4\" data-element_type=\"column\" data-e-type=\"column\">\n\t\t\t<div class=\"elementor-widget-wrap elementor-element-populated\">\n\t\t\t\t\t\t<div class=\"elementor-element elementor-element-16181bd elementor-widget elementor-widget-gallery\" data-id=\"16181bd\" data-element_type=\"widget\" data-e-type=\"widget\" data-settings=\"{&quot;gallery_layout&quot;:&quot;masonry&quot;,&quot;lazyload&quot;:&quot;yes&quot;,&quot;columns&quot;:4,&quot;columns_tablet&quot;:2,&quot;columns_mobile&quot;:1,&quot;gap&quot;:{&quot;unit&quot;:&quot;px&quot;,&quot;size&quot;:10,&quot;sizes&quot;:[]},&quot;gap_tablet&quot;:{&quot;unit&quot;:&quot;px&quot;,&quot;size&quot;:10,&quot;sizes&quot;:[]},&quot;gap_mobile&quot;:{&quot;unit&quot;:&quot;px&quot;,&quot;size&quot;:10,&quot;sizes&quot;:[]},&quot;link_to&quot;:&quot;file&quot;,&quot;overlay_background&quot;:&quot;yes&quot;,&quot;content_hover_animation&quot;:&quot;fade-in&quot;}\" data-widget_type=\"gallery.default\">\n\t\t\t\t<div class=\"elementor-widget-container\">\n\t\t\t\t\t\t\t<div class=\"elementor-gallery__container\">\n\t\t\t\t\t\t\t<a class=\"e-gallery-item elementor-gallery-item elementor-animated-content\" href=\"https:\/\/ihedn.fr\/wp-content\/uploads\/2022\/05\/20220521-\u00aeIHEDN-La-majeure-Defense-et-securite-economique-a-Berlin-et-Varsovie-013.jpg\" data-elementor-open-lightbox=\"yes\" data-elementor-lightbox-slideshow=\"16181bd\" data-e-action-hash=\"#elementor-action%3Aaction%3Dlightbox%26settings%3DeyJpZCI6MjMyMDQsInVybCI6Imh0dHBzOlwvXC9paGVkbi5mclwvd3AtY29udGVudFwvdXBsb2Fkc1wvMjAyMlwvMDVcLzIwMjIwNTIxLVx1MDBhZUlIRUROLUxhLW1hamV1cmUtRGVmZW5zZS1ldC1zZWN1cml0ZS1lY29ub21pcXVlLWEtQmVybGluLWV0LVZhcnNvdmllLTAxMy5qcGciLCJzbGlkZXNob3ciOiIxNjE4MWJkIn0%3D\">\n\t\t\t\t\t<div class=\"e-gallery-image elementor-gallery-item__image\" data-thumbnail=\"https:\/\/ihedn.fr\/wp-content\/uploads\/2022\/05\/20220521-\u00aeIHEDN-La-majeure-Defense-et-securite-economique-a-Berlin-et-Varsovie-013.jpg\" data-width=\"1024\" data-height=\"768\" aria-label=\"\" role=\"img\" ><\/div>\n\t\t\t\t\t\t\t\t\t\t\t<div class=\"elementor-gallery-item__overlay\"><\/div>\n\t\t\t\t\t\t\t\t\t\t\t\t\t\t<\/a>\n\t\t\t\t\t\t\t<a class=\"e-gallery-item elementor-gallery-item elementor-animated-content\" href=\"https:\/\/ihedn.fr\/wp-content\/uploads\/2022\/05\/20220521-\u00aeIHEDN-La-majeure-Defense-et-securite-economique-a-Berlin-et-Varsovie-012.jpg\" data-elementor-open-lightbox=\"yes\" data-elementor-lightbox-slideshow=\"16181bd\" data-e-action-hash=\"#elementor-action%3Aaction%3Dlightbox%26settings%3DeyJpZCI6MjMyMDMsInVybCI6Imh0dHBzOlwvXC9paGVkbi5mclwvd3AtY29udGVudFwvdXBsb2Fkc1wvMjAyMlwvMDVcLzIwMjIwNTIxLVx1MDBhZUlIRUROLUxhLW1hamV1cmUtRGVmZW5zZS1ldC1zZWN1cml0ZS1lY29ub21pcXVlLWEtQmVybGluLWV0LVZhcnNvdmllLTAxMi5qcGciLCJzbGlkZXNob3ciOiIxNjE4MWJkIn0%3D\">\n\t\t\t\t\t<div class=\"e-gallery-image elementor-gallery-item__image\" data-thumbnail=\"https:\/\/ihedn.fr\/wp-content\/uploads\/2022\/05\/20220521-\u00aeIHEDN-La-majeure-Defense-et-securite-economique-a-Berlin-et-Varsovie-012.jpg\" data-width=\"1453\" data-height=\"1090\" aria-label=\"\" role=\"img\" ><\/div>\n\t\t\t\t\t\t\t\t\t\t\t<div class=\"elementor-gallery-item__overlay\"><\/div>\n\t\t\t\t\t\t\t\t\t\t\t\t\t\t<\/a>\n\t\t\t\t\t\t\t<a class=\"e-gallery-item elementor-gallery-item elementor-animated-content\" href=\"https:\/\/ihedn.fr\/wp-content\/uploads\/2022\/05\/20220521-\u00aeIHEDN-La-majeure-Defense-et-securite-economique-a-Berlin-et-Varsovie-011.jpg\" data-elementor-open-lightbox=\"yes\" data-elementor-lightbox-slideshow=\"16181bd\" data-e-action-hash=\"#elementor-action%3Aaction%3Dlightbox%26settings%3DeyJpZCI6MjMyMDIsInVybCI6Imh0dHBzOlwvXC9paGVkbi5mclwvd3AtY29udGVudFwvdXBsb2Fkc1wvMjAyMlwvMDVcLzIwMjIwNTIxLVx1MDBhZUlIRUROLUxhLW1hamV1cmUtRGVmZW5zZS1ldC1zZWN1cml0ZS1lY29ub21pcXVlLWEtQmVybGluLWV0LVZhcnNvdmllLTAxMS5qcGciLCJzbGlkZXNob3ciOiIxNjE4MWJkIn0%3D\">\n\t\t\t\t\t<div class=\"e-gallery-image elementor-gallery-item__image\" data-thumbnail=\"https:\/\/ihedn.fr\/wp-content\/uploads\/2022\/05\/20220521-\u00aeIHEDN-La-majeure-Defense-et-securite-economique-a-Berlin-et-Varsovie-011.jpg\" data-width=\"1024\" data-height=\"768\" aria-label=\"\" role=\"img\" ><\/div>\n\t\t\t\t\t\t\t\t\t\t\t<div class=\"elementor-gallery-item__overlay\"><\/div>\n\t\t\t\t\t\t\t\t\t\t\t\t\t\t<\/a>\n\t\t\t\t\t\t\t<a class=\"e-gallery-item elementor-gallery-item elementor-animated-content\" href=\"https:\/\/ihedn.fr\/wp-content\/uploads\/2022\/05\/20220521-\u00aeIHEDN-La-majeure-Defense-et-securite-economique-a-Berlin-et-Varsovie-008.jpg\" data-elementor-open-lightbox=\"yes\" data-elementor-lightbox-slideshow=\"16181bd\" data-e-action-hash=\"#elementor-action%3Aaction%3Dlightbox%26settings%3DeyJpZCI6MjMxOTksInVybCI6Imh0dHBzOlwvXC9paGVkbi5mclwvd3AtY29udGVudFwvdXBsb2Fkc1wvMjAyMlwvMDVcLzIwMjIwNTIxLVx1MDBhZUlIRUROLUxhLW1hamV1cmUtRGVmZW5zZS1ldC1zZWN1cml0ZS1lY29ub21pcXVlLWEtQmVybGluLWV0LVZhcnNvdmllLTAwOC5qcGciLCJzbGlkZXNob3ciOiIxNjE4MWJkIn0%3D\">\n\t\t\t\t\t<div class=\"e-gallery-image elementor-gallery-item__image\" data-thumbnail=\"https:\/\/ihedn.fr\/wp-content\/uploads\/2022\/05\/20220521-\u00aeIHEDN-La-majeure-Defense-et-securite-economique-a-Berlin-et-Varsovie-008.jpg\" data-width=\"1453\" data-height=\"729\" aria-label=\"\" role=\"img\" ><\/div>\n\t\t\t\t\t\t\t\t\t\t\t<div class=\"elementor-gallery-item__overlay\"><\/div>\n\t\t\t\t\t\t\t\t\t\t\t\t\t\t<\/a>\n\t\t\t\t\t\t\t<a class=\"e-gallery-item elementor-gallery-item elementor-animated-content\" href=\"https:\/\/ihedn.fr\/wp-content\/uploads\/2022\/05\/20220521-\u00aeIHEDN-La-majeure-Defense-et-securite-economique-a-Berlin-et-Varsovie-007.jpg\" data-elementor-open-lightbox=\"yes\" data-elementor-lightbox-slideshow=\"16181bd\" data-e-action-hash=\"#elementor-action%3Aaction%3Dlightbox%26settings%3DeyJpZCI6MjMxOTgsInVybCI6Imh0dHBzOlwvXC9paGVkbi5mclwvd3AtY29udGVudFwvdXBsb2Fkc1wvMjAyMlwvMDVcLzIwMjIwNTIxLVx1MDBhZUlIRUROLUxhLW1hamV1cmUtRGVmZW5zZS1ldC1zZWN1cml0ZS1lY29ub21pcXVlLWEtQmVybGluLWV0LVZhcnNvdmllLTAwNy5qcGciLCJzbGlkZXNob3ciOiIxNjE4MWJkIn0%3D\">\n\t\t\t\t\t<div class=\"e-gallery-image elementor-gallery-item__image\" data-thumbnail=\"https:\/\/ihedn.fr\/wp-content\/uploads\/2022\/05\/20220521-\u00aeIHEDN-La-majeure-Defense-et-securite-economique-a-Berlin-et-Varsovie-007.jpg\" data-width=\"1024\" data-height=\"768\" aria-label=\"\" role=\"img\" ><\/div>\n\t\t\t\t\t\t\t\t\t\t\t<div class=\"elementor-gallery-item__overlay\"><\/div>\n\t\t\t\t\t\t\t\t\t\t\t\t\t\t<\/a>\n\t\t\t\t\t\t\t<a class=\"e-gallery-item elementor-gallery-item elementor-animated-content\" href=\"https:\/\/ihedn.fr\/wp-content\/uploads\/2022\/05\/20220521-\u00aeIHEDN-La-majeure-Defense-et-securite-economique-a-Berlin-et-Varsovie-005.jpg\" data-elementor-open-lightbox=\"yes\" data-elementor-lightbox-slideshow=\"16181bd\" data-e-action-hash=\"#elementor-action%3Aaction%3Dlightbox%26settings%3DeyJpZCI6MjMxOTYsInVybCI6Imh0dHBzOlwvXC9paGVkbi5mclwvd3AtY29udGVudFwvdXBsb2Fkc1wvMjAyMlwvMDVcLzIwMjIwNTIxLVx1MDBhZUlIRUROLUxhLW1hamV1cmUtRGVmZW5zZS1ldC1zZWN1cml0ZS1lY29ub21pcXVlLWEtQmVybGluLWV0LVZhcnNvdmllLTAwNS5qcGciLCJzbGlkZXNob3ciOiIxNjE4MWJkIn0%3D\">\n\t\t\t\t\t<div class=\"e-gallery-image elementor-gallery-item__image\" data-thumbnail=\"https:\/\/ihedn.fr\/wp-content\/uploads\/2022\/05\/20220521-\u00aeIHEDN-La-majeure-Defense-et-securite-economique-a-Berlin-et-Varsovie-005.jpg\" data-width=\"1600\" data-height=\"1200\" aria-label=\"\" role=\"img\" ><\/div>\n\t\t\t\t\t\t\t\t\t\t\t<div class=\"elementor-gallery-item__overlay\"><\/div>\n\t\t\t\t\t\t\t\t\t\t\t\t\t\t<\/a>\n\t\t\t\t\t\t\t<a class=\"e-gallery-item elementor-gallery-item elementor-animated-content\" href=\"https:\/\/ihedn.fr\/wp-content\/uploads\/2022\/05\/20220521-\u00aeIHEDN-La-majeure-Defense-et-securite-economique-a-Berlin-et-Varsovie-004.jpg\" data-elementor-open-lightbox=\"yes\" data-elementor-lightbox-slideshow=\"16181bd\" data-e-action-hash=\"#elementor-action%3Aaction%3Dlightbox%26settings%3DeyJpZCI6MjMxOTUsInVybCI6Imh0dHBzOlwvXC9paGVkbi5mclwvd3AtY29udGVudFwvdXBsb2Fkc1wvMjAyMlwvMDVcLzIwMjIwNTIxLVx1MDBhZUlIRUROLUxhLW1hamV1cmUtRGVmZW5zZS1ldC1zZWN1cml0ZS1lY29ub21pcXVlLWEtQmVybGluLWV0LVZhcnNvdmllLTAwNC5qcGciLCJzbGlkZXNob3ciOiIxNjE4MWJkIn0%3D\">\n\t\t\t\t\t<div class=\"e-gallery-image elementor-gallery-item__image\" data-thumbnail=\"https:\/\/ihedn.fr\/wp-content\/uploads\/2022\/05\/20220521-\u00aeIHEDN-La-majeure-Defense-et-securite-economique-a-Berlin-et-Varsovie-004.jpg\" data-width=\"1288\" data-height=\"966\" aria-label=\"\" role=\"img\" ><\/div>\n\t\t\t\t\t\t\t\t\t\t\t<div class=\"elementor-gallery-item__overlay\"><\/div>\n\t\t\t\t\t\t\t\t\t\t\t\t\t\t<\/a>\n\t\t\t\t\t\t\t<a class=\"e-gallery-item elementor-gallery-item elementor-animated-content\" href=\"https:\/\/ihedn.fr\/wp-content\/uploads\/2022\/05\/20220521-\u00aeIHEDN-La-majeure-Defense-et-securite-economique-a-Berlin-et-Varsovie-003.jpg\" data-elementor-open-lightbox=\"yes\" data-elementor-lightbox-slideshow=\"16181bd\" data-e-action-hash=\"#elementor-action%3Aaction%3Dlightbox%26settings%3DeyJpZCI6MjMxOTQsInVybCI6Imh0dHBzOlwvXC9paGVkbi5mclwvd3AtY29udGVudFwvdXBsb2Fkc1wvMjAyMlwvMDVcLzIwMjIwNTIxLVx1MDBhZUlIRUROLUxhLW1hamV1cmUtRGVmZW5zZS1ldC1zZWN1cml0ZS1lY29ub21pcXVlLWEtQmVybGluLWV0LVZhcnNvdmllLTAwMy5qcGciLCJzbGlkZXNob3ciOiIxNjE4MWJkIn0%3D\">\n\t\t\t\t\t<div class=\"e-gallery-image elementor-gallery-item__image\" data-thumbnail=\"https:\/\/ihedn.fr\/wp-content\/uploads\/2022\/05\/20220521-\u00aeIHEDN-La-majeure-Defense-et-securite-economique-a-Berlin-et-Varsovie-003.jpg\" data-width=\"1024\" data-height=\"768\" aria-label=\"\" role=\"img\" ><\/div>\n\t\t\t\t\t\t\t\t\t\t\t<div class=\"elementor-gallery-item__overlay\"><\/div>\n\t\t\t\t\t\t\t\t\t\t\t\t\t\t<\/a>\n\t\t\t\t\t\t\t<a class=\"e-gallery-item elementor-gallery-item elementor-animated-content\" href=\"https:\/\/ihedn.fr\/wp-content\/uploads\/2022\/05\/20220521-\u00aeIHEDN-La-majeure-Defense-et-securite-economique-a-Berlin-et-Varsovie-001.jpg\" data-elementor-open-lightbox=\"yes\" data-elementor-lightbox-slideshow=\"16181bd\" data-e-action-hash=\"#elementor-action%3Aaction%3Dlightbox%26settings%3DeyJpZCI6MjMxOTIsInVybCI6Imh0dHBzOlwvXC9paGVkbi5mclwvd3AtY29udGVudFwvdXBsb2Fkc1wvMjAyMlwvMDVcLzIwMjIwNTIxLVx1MDBhZUlIRUROLUxhLW1hamV1cmUtRGVmZW5zZS1ldC1zZWN1cml0ZS1lY29ub21pcXVlLWEtQmVybGluLWV0LVZhcnNvdmllLTAwMS5qcGciLCJzbGlkZXNob3ciOiIxNjE4MWJkIn0%3D\">\n\t\t\t\t\t<div class=\"e-gallery-image elementor-gallery-item__image\" data-thumbnail=\"https:\/\/ihedn.fr\/wp-content\/uploads\/2022\/05\/20220521-\u00aeIHEDN-La-majeure-Defense-et-securite-economique-a-Berlin-et-Varsovie-001.jpg\" data-width=\"1453\" data-height=\"1087\" aria-label=\"\" role=\"img\" ><\/div>\n\t\t\t\t\t\t\t\t\t\t\t<div class=\"elementor-gallery-item__overlay\"><\/div>\n\t\t\t\t\t\t\t\t\t\t\t\t\t\t<\/a>\n\t\t\t\t\t\t\t<a class=\"e-gallery-item elementor-gallery-item elementor-animated-content\" href=\"https:\/\/ihedn.fr\/wp-content\/uploads\/2022\/05\/20220517-\u00aeIHEDN-DSE-mission-monde-Berlin-002.jpg\" data-elementor-open-lightbox=\"yes\" data-elementor-lightbox-slideshow=\"16181bd\" data-e-action-hash=\"#elementor-action%3Aaction%3Dlightbox%26settings%3DeyJpZCI6MjMyMTQsInVybCI6Imh0dHBzOlwvXC9paGVkbi5mclwvd3AtY29udGVudFwvdXBsb2Fkc1wvMjAyMlwvMDVcLzIwMjIwNTE3LVx1MDBhZUlIRUROLURTRS1taXNzaW9uLW1vbmRlLUJlcmxpbi0wMDIuanBnIiwic2xpZGVzaG93IjoiMTYxODFiZCJ9\">\n\t\t\t\t\t<div class=\"e-gallery-image elementor-gallery-item__image\" data-thumbnail=\"https:\/\/ihedn.fr\/wp-content\/uploads\/2022\/05\/20220517-\u00aeIHEDN-DSE-mission-monde-Berlin-002.jpg\" data-width=\"1453\" data-height=\"1090\" aria-label=\"\" role=\"img\" ><\/div>\n\t\t\t\t\t\t\t\t\t\t\t<div class=\"elementor-gallery-item__overlay\"><\/div>\n\t\t\t\t\t\t\t\t\t\t\t\t\t\t<\/a>\n\t\t\t\t\t\t\t<a class=\"e-gallery-item elementor-gallery-item elementor-animated-content\" href=\"https:\/\/ihedn.fr\/wp-content\/uploads\/2022\/05\/20220517-\u00aeIHEDN-DSE-mission-monde-Berlin-004.jpg\" data-elementor-open-lightbox=\"yes\" data-elementor-lightbox-slideshow=\"16181bd\" data-e-action-hash=\"#elementor-action%3Aaction%3Dlightbox%26settings%3DeyJpZCI6MjMyMTUsInVybCI6Imh0dHBzOlwvXC9paGVkbi5mclwvd3AtY29udGVudFwvdXBsb2Fkc1wvMjAyMlwvMDVcLzIwMjIwNTE3LVx1MDBhZUlIRUROLURTRS1taXNzaW9uLW1vbmRlLUJlcmxpbi0wMDQuanBnIiwic2xpZGVzaG93IjoiMTYxODFiZCJ9\">\n\t\t\t\t\t<div class=\"e-gallery-image elementor-gallery-item__image\" data-thumbnail=\"https:\/\/ihedn.fr\/wp-content\/uploads\/2022\/05\/20220517-\u00aeIHEDN-DSE-mission-monde-Berlin-004.jpg\" data-width=\"1266\" data-height=\"1121\" aria-label=\"\" role=\"img\" ><\/div>\n\t\t\t\t\t\t\t\t\t\t\t<div class=\"elementor-gallery-item__overlay\"><\/div>\n\t\t\t\t\t\t\t\t\t\t\t\t\t\t<\/a>\n\t\t\t\t\t\t\t<a class=\"e-gallery-item elementor-gallery-item elementor-animated-content\" href=\"https:\/\/ihedn.fr\/wp-content\/uploads\/2022\/05\/20220517-\u00aeIHEDN-DSE-mission-monde-Berlin-005.jpg\" data-elementor-open-lightbox=\"yes\" data-elementor-lightbox-slideshow=\"16181bd\" data-e-action-hash=\"#elementor-action%3Aaction%3Dlightbox%26settings%3DeyJpZCI6MjMyMTYsInVybCI6Imh0dHBzOlwvXC9paGVkbi5mclwvd3AtY29udGVudFwvdXBsb2Fkc1wvMjAyMlwvMDVcLzIwMjIwNTE3LVx1MDBhZUlIRUROLURTRS1taXNzaW9uLW1vbmRlLUJlcmxpbi0wMDUuanBnIiwic2xpZGVzaG93IjoiMTYxODFiZCJ9\">\n\t\t\t\t\t<div class=\"e-gallery-image elementor-gallery-item__image\" data-thumbnail=\"https:\/\/ihedn.fr\/wp-content\/uploads\/2022\/05\/20220517-\u00aeIHEDN-DSE-mission-monde-Berlin-005.jpg\" data-width=\"953\" data-height=\"507\" aria-label=\"\" role=\"img\" ><\/div>\n\t\t\t\t\t\t\t\t\t\t\t<div class=\"elementor-gallery-item__overlay\"><\/div>\n\t\t\t\t\t\t\t\t\t\t\t\t\t\t<\/a>\n\t\t\t\t\t\t\t<a class=\"e-gallery-item elementor-gallery-item elementor-animated-content\" href=\"https:\/\/ihedn.fr\/wp-content\/uploads\/2022\/05\/20220517-\u00aeIHEDN-DSE-mission-monde-Berlin-007.jpg\" data-elementor-open-lightbox=\"yes\" data-elementor-lightbox-slideshow=\"16181bd\" data-e-action-hash=\"#elementor-action%3Aaction%3Dlightbox%26settings%3DeyJpZCI6MjMyMTcsInVybCI6Imh0dHBzOlwvXC9paGVkbi5mclwvd3AtY29udGVudFwvdXBsb2Fkc1wvMjAyMlwvMDVcLzIwMjIwNTE3LVx1MDBhZUlIRUROLURTRS1taXNzaW9uLW1vbmRlLUJlcmxpbi0wMDcuanBnIiwic2xpZGVzaG93IjoiMTYxODFiZCJ9\">\n\t\t\t\t\t<div class=\"e-gallery-image elementor-gallery-item__image\" data-thumbnail=\"https:\/\/ihedn.fr\/wp-content\/uploads\/2022\/05\/20220517-\u00aeIHEDN-DSE-mission-monde-Berlin-007.jpg\" data-width=\"751\" data-height=\"632\" aria-label=\"\" role=\"img\" ><\/div>\n\t\t\t\t\t\t\t\t\t\t\t<div class=\"elementor-gallery-item__overlay\"><\/div>\n\t\t\t\t\t\t\t\t\t\t\t\t\t\t<\/a>\n\t\t\t\t\t<\/div>\n\t\t\t\t\t<\/div>\n\t\t\t\t<\/div>\n\t\t\t\t\t<\/div>\n\t\t<\/div>\n\t\t\t\t\t<\/div>\n\t\t<\/section>\n\t\t\t\t<\/div>","protected":false},"excerpt":{"rendered":"<p>Du 15 au 21 mai 2022, la majeure D\u00e9fense et s\u00e9curit\u00e9 \u00e9conomique (DSE) de la Session nationale de l&rsquo;IHEDN a effectu\u00e9 sa mission \u00ab\u00a0Monde\u00a0\u00bb. Les auditeurs de la DSE ont ainsi eu l&rsquo;occasion de se rendre successivement \u00e0 Berlin puis Varsovie. Ces six journ\u00e9es ont permis de b\u00e9n\u00e9ficier de l&rsquo;expertise de nos partenaires allemands et [&hellip;]<\/p>\n","protected":false},"author":1,"featured_media":23202,"comment_status":"closed","ping_status":"closed","sticky":false,"template":"","format":"standard","meta":{"footnotes":""},"categories":[172],"tags":[],"class_list":["post-23191","post","type-post","status-publish","format-standard","has-post-thumbnail","hentry","category-notre-actualite"],"yoast_head":"<!-- This site is optimized with the Yoast SEO plugin v27.5 - https:\/\/yoast.com\/product\/yoast-seo-wordpress\/ -->\n<title>La majeure &quot;D\u00e9fense et s\u00e9curit\u00e9 \u00e9conomique&quot; \u00e0 Berlin et Varsovie - L&#039;IHEDN : Institut des hautes \u00e9tudes de d\u00e9fense nationale<\/title>\n<meta name=\"robots\" content=\"index, follow, max-snippet:-1, max-image-preview:large, max-video-preview:-1\" \/>\n<link rel=\"canonical\" href=\"https:\/\/ihedn.fr\/en\/actualites-des-sessions\/la-majeure-defense-et-securite-economique-a-berlin-et-varsovie\/\" \/>\n<meta property=\"og:locale\" content=\"en_GB\" \/>\n<meta property=\"og:type\" content=\"article\" \/>\n<meta property=\"og:title\" content=\"La majeure &quot;D\u00e9fense et s\u00e9curit\u00e9 \u00e9conomique&quot; \u00e0 Berlin et Varsovie - L&#039;IHEDN : Institut des hautes \u00e9tudes de d\u00e9fense nationale\" \/>\n<meta property=\"og:description\" content=\"Du 15 au 21 mai 2022, la majeure D\u00e9fense et s\u00e9curit\u00e9 \u00e9conomique (DSE) de la Session nationale de l&rsquo;IHEDN a effectu\u00e9 sa mission \u00ab\u00a0Monde\u00a0\u00bb. Les auditeurs de la DSE ont ainsi eu l&rsquo;occasion de se rendre successivement \u00e0 Berlin puis Varsovie. Ces six journ\u00e9es ont permis de b\u00e9n\u00e9ficier de l&rsquo;expertise de nos partenaires allemands et [&hellip;]\" \/>\n<meta property=\"og:url\" content=\"https:\/\/ihedn.fr\/en\/actualites-des-sessions\/la-majeure-defense-et-securite-economique-a-berlin-et-varsovie\/\" \/>\n<meta property=\"og:site_name\" content=\"L&#039;IHEDN : Institut des hautes \u00e9tudes de d\u00e9fense nationale\" \/>\n<meta property=\"article:publisher\" content=\"https:\/\/www.facebook.com\/ihedn\/\" \/>\n<meta property=\"article:published_time\" content=\"2022-05-22T13:47:10+00:00\" \/>\n<meta property=\"article:modified_time\" content=\"2022-11-25T14:22:32+00:00\" \/>\n<meta property=\"og:image\" content=\"https:\/\/ihedn.fr\/wp-content\/uploads\/2022\/05\/20220521-\u00aeIHEDN-La-majeure-Defense-et-securite-economique-a-Berlin-et-Varsovie-011.jpg\" \/>\n\t<meta property=\"og:image:width\" content=\"1024\" \/>\n\t<meta property=\"og:image:height\" content=\"768\" \/>\n\t<meta property=\"og:image:type\" content=\"image\/jpeg\" \/>\n<meta name=\"author\" content=\"dev\" \/>\n<meta name=\"twitter:card\" content=\"summary_large_image\" \/>\n<meta name=\"twitter:creator\" content=\"@IHEDN\" \/>\n<meta name=\"twitter:site\" content=\"@IHEDN\" \/>\n<meta name=\"twitter:label1\" content=\"Written by\" \/>\n\t<meta name=\"twitter:data1\" content=\"dev\" \/>\n\t<meta name=\"twitter:label2\" content=\"Estimated reading time\" \/>\n\t<meta name=\"twitter:data2\" content=\"1 minute\" \/>\n<script type=\"application\/ld+json\" class=\"yoast-schema-graph\">{\"@context\":\"https:\\\/\\\/schema.org\",\"@graph\":[{\"@type\":\"Article\",\"@id\":\"https:\\\/\\\/ihedn.fr\\\/actualites-des-sessions\\\/la-majeure-defense-et-securite-economique-a-berlin-et-varsovie\\\/#article\",\"isPartOf\":{\"@id\":\"https:\\\/\\\/ihedn.fr\\\/actualites-des-sessions\\\/la-majeure-defense-et-securite-economique-a-berlin-et-varsovie\\\/\"},\"author\":{\"name\":\"dev\",\"@id\":\"https:\\\/\\\/ihedn.fr\\\/#\\\/schema\\\/person\\\/7a40155595e4efb35323447cb8c8c5a4\"},\"headline\":\"La majeure \u00ab\u00a0D\u00e9fense et s\u00e9curit\u00e9 \u00e9conomique\u00a0\u00bb \u00e0 Berlin et Varsovie\",\"datePublished\":\"2022-05-22T13:47:10+00:00\",\"dateModified\":\"2022-11-25T14:22:32+00:00\",\"mainEntityOfPage\":{\"@id\":\"https:\\\/\\\/ihedn.fr\\\/actualites-des-sessions\\\/la-majeure-defense-et-securite-economique-a-berlin-et-varsovie\\\/\"},\"wordCount\":190,\"publisher\":{\"@id\":\"https:\\\/\\\/ihedn.fr\\\/#organization\"},\"image\":{\"@id\":\"https:\\\/\\\/ihedn.fr\\\/actualites-des-sessions\\\/la-majeure-defense-et-securite-economique-a-berlin-et-varsovie\\\/#primaryimage\"},\"thumbnailUrl\":\"https:\\\/\\\/ihedn.fr\\\/wp-content\\\/uploads\\\/2022\\\/05\\\/20220521-\u00aeIHEDN-La-majeure-Defense-et-securite-economique-a-Berlin-et-Varsovie-011.jpg\",\"articleSection\":[\"Notre actualit\u00e9\"],\"inLanguage\":\"en-GB\"},{\"@type\":\"WebPage\",\"@id\":\"https:\\\/\\\/ihedn.fr\\\/actualites-des-sessions\\\/la-majeure-defense-et-securite-economique-a-berlin-et-varsovie\\\/\",\"url\":\"https:\\\/\\\/ihedn.fr\\\/actualites-des-sessions\\\/la-majeure-defense-et-securite-economique-a-berlin-et-varsovie\\\/\",\"name\":\"La majeure \\\"D\u00e9fense et s\u00e9curit\u00e9 \u00e9conomique\\\" \u00e0 Berlin et Varsovie - L&#039;IHEDN : Institut des hautes \u00e9tudes de d\u00e9fense nationale\",\"isPartOf\":{\"@id\":\"https:\\\/\\\/ihedn.fr\\\/#website\"},\"primaryImageOfPage\":{\"@id\":\"https:\\\/\\\/ihedn.fr\\\/actualites-des-sessions\\\/la-majeure-defense-et-securite-economique-a-berlin-et-varsovie\\\/#primaryimage\"},\"image\":{\"@id\":\"https:\\\/\\\/ihedn.fr\\\/actualites-des-sessions\\\/la-majeure-defense-et-securite-economique-a-berlin-et-varsovie\\\/#primaryimage\"},\"thumbnailUrl\":\"https:\\\/\\\/ihedn.fr\\\/wp-content\\\/uploads\\\/2022\\\/05\\\/20220521-\u00aeIHEDN-La-majeure-Defense-et-securite-economique-a-Berlin-et-Varsovie-011.jpg\",\"datePublished\":\"2022-05-22T13:47:10+00:00\",\"dateModified\":\"2022-11-25T14:22:32+00:00\",\"breadcrumb\":{\"@id\":\"https:\\\/\\\/ihedn.fr\\\/actualites-des-sessions\\\/la-majeure-defense-et-securite-economique-a-berlin-et-varsovie\\\/#breadcrumb\"},\"inLanguage\":\"en-GB\",\"potentialAction\":[{\"@type\":\"ReadAction\",\"target\":[\"https:\\\/\\\/ihedn.fr\\\/actualites-des-sessions\\\/la-majeure-defense-et-securite-economique-a-berlin-et-varsovie\\\/\"]}]},{\"@type\":\"ImageObject\",\"inLanguage\":\"en-GB\",\"@id\":\"https:\\\/\\\/ihedn.fr\\\/actualites-des-sessions\\\/la-majeure-defense-et-securite-economique-a-berlin-et-varsovie\\\/#primaryimage\",\"url\":\"https:\\\/\\\/ihedn.fr\\\/wp-content\\\/uploads\\\/2022\\\/05\\\/20220521-\u00aeIHEDN-La-majeure-Defense-et-securite-economique-a-Berlin-et-Varsovie-011.jpg\",\"contentUrl\":\"https:\\\/\\\/ihedn.fr\\\/wp-content\\\/uploads\\\/2022\\\/05\\\/20220521-\u00aeIHEDN-La-majeure-Defense-et-securite-economique-a-Berlin-et-Varsovie-011.jpg\",\"width\":1024,\"height\":768},{\"@type\":\"BreadcrumbList\",\"@id\":\"https:\\\/\\\/ihedn.fr\\\/actualites-des-sessions\\\/la-majeure-defense-et-securite-economique-a-berlin-et-varsovie\\\/#breadcrumb\",\"itemListElement\":[{\"@type\":\"ListItem\",\"position\":1,\"name\":\"Accueil\",\"item\":\"https:\\\/\\\/ihedn.fr\\\/\"},{\"@type\":\"ListItem\",\"position\":2,\"name\":\"La majeure \u00ab\u00a0D\u00e9fense et s\u00e9curit\u00e9 \u00e9conomique\u00a0\u00bb \u00e0 Berlin et Varsovie\"}]},{\"@type\":\"WebSite\",\"@id\":\"https:\\\/\\\/ihedn.fr\\\/#website\",\"url\":\"https:\\\/\\\/ihedn.fr\\\/\",\"name\":\"IHEDN : Institut des hautes \u00e9tudes de d\u00e9fense nationale |\",\"description\":\"Site officiel de l&#039;IHEDN plac\u00e9 sous la tutelle du Premier ministre.\",\"publisher\":{\"@id\":\"https:\\\/\\\/ihedn.fr\\\/#organization\"},\"potentialAction\":[{\"@type\":\"SearchAction\",\"target\":{\"@type\":\"EntryPoint\",\"urlTemplate\":\"https:\\\/\\\/ihedn.fr\\\/?s={search_term_string}\"},\"query-input\":{\"@type\":\"PropertyValueSpecification\",\"valueRequired\":true,\"valueName\":\"search_term_string\"}}],\"inLanguage\":\"en-GB\"},{\"@type\":\"Organization\",\"@id\":\"https:\\\/\\\/ihedn.fr\\\/#organization\",\"name\":\"IHEDN - Institut des Hautes Etudes de D\u00e9fense Nationale\",\"url\":\"https:\\\/\\\/ihedn.fr\\\/\",\"logo\":{\"@type\":\"ImageObject\",\"inLanguage\":\"en-GB\",\"@id\":\"https:\\\/\\\/ihedn.fr\\\/#\\\/schema\\\/logo\\\/image\\\/\",\"url\":\"https:\\\/\\\/ihedn.fr\\\/wp-content\\\/uploads\\\/2020\\\/11\\\/BLOC_RF_IHEDN_WEB.png\",\"contentUrl\":\"https:\\\/\\\/ihedn.fr\\\/wp-content\\\/uploads\\\/2020\\\/11\\\/BLOC_RF_IHEDN_WEB.png\",\"width\":500,\"height\":237,\"caption\":\"IHEDN - Institut des Hautes Etudes de D\u00e9fense Nationale\"},\"image\":{\"@id\":\"https:\\\/\\\/ihedn.fr\\\/#\\\/schema\\\/logo\\\/image\\\/\"},\"sameAs\":[\"https:\\\/\\\/www.facebook.com\\\/ihedn\\\/\",\"https:\\\/\\\/x.com\\\/IHEDN\",\"https:\\\/\\\/www.instagram.com\\\/ihedn\\\/\",\"https:\\\/\\\/www.linkedin.com\\\/school\\\/ihedn\\\/\",\"https:\\\/\\\/fr.wikipedia.org\\\/wiki\\\/Institut_des_hautes_\u00e9tudes_de_D\u00e9fense_nationale\"]},{\"@type\":\"Person\",\"@id\":\"https:\\\/\\\/ihedn.fr\\\/#\\\/schema\\\/person\\\/7a40155595e4efb35323447cb8c8c5a4\",\"name\":\"dev\",\"image\":{\"@type\":\"ImageObject\",\"inLanguage\":\"en-GB\",\"@id\":\"https:\\\/\\\/secure.gravatar.com\\\/avatar\\\/f1ffcac9ca2fa95ad3ec33e9be3ade82f752acb0cabe541e56c5889225afa88a?s=96&d=mm&r=g\",\"url\":\"https:\\\/\\\/secure.gravatar.com\\\/avatar\\\/f1ffcac9ca2fa95ad3ec33e9be3ade82f752acb0cabe541e56c5889225afa88a?s=96&d=mm&r=g\",\"contentUrl\":\"https:\\\/\\\/secure.gravatar.com\\\/avatar\\\/f1ffcac9ca2fa95ad3ec33e9be3ade82f752acb0cabe541e56c5889225afa88a?s=96&d=mm&r=g\",\"caption\":\"dev\"},\"sameAs\":[\"https:\\\/\\\/ihedn.concilium.click\"],\"url\":\"https:\\\/\\\/ihedn.fr\\\/en\\\/author\\\/dev\\\/\"}]}<\/script>\n<!-- \/ Yoast SEO plugin. -->","yoast_head_json":{"title":"The \"Defence and Economic Security\" major in Berlin and Warsaw - L'IHEDN : Institut des hautes \u00e9tudes de d\u00e9fense nationale","robots":{"index":"index","follow":"follow","max-snippet":"max-snippet:-1","max-image-preview":"max-image-preview:large","max-video-preview":"max-video-preview:-1"},"canonical":"https:\/\/ihedn.fr\/en\/actualites-des-sessions\/la-majeure-defense-et-securite-economique-a-berlin-et-varsovie\/","og_locale":"en_GB","og_type":"article","og_title":"La majeure \"D\u00e9fense et s\u00e9curit\u00e9 \u00e9conomique\" \u00e0 Berlin et Varsovie - L&#039;IHEDN : Institut des hautes \u00e9tudes de d\u00e9fense nationale","og_description":"Du 15 au 21 mai 2022, la majeure D\u00e9fense et s\u00e9curit\u00e9 \u00e9conomique (DSE) de la Session nationale de l&rsquo;IHEDN a effectu\u00e9 sa mission \u00ab\u00a0Monde\u00a0\u00bb. Les auditeurs de la DSE ont ainsi eu l&rsquo;occasion de se rendre successivement \u00e0 Berlin puis Varsovie. Ces six journ\u00e9es ont permis de b\u00e9n\u00e9ficier de l&rsquo;expertise de nos partenaires allemands et [&hellip;]","og_url":"https:\/\/ihedn.fr\/en\/actualites-des-sessions\/la-majeure-defense-et-securite-economique-a-berlin-et-varsovie\/","og_site_name":"L&#039;IHEDN : Institut des hautes \u00e9tudes de d\u00e9fense nationale","article_publisher":"https:\/\/www.facebook.com\/ihedn\/","article_published_time":"2022-05-22T13:47:10+00:00","article_modified_time":"2022-11-25T14:22:32+00:00","og_image":[{"width":1024,"height":768,"url":"https:\/\/ihedn.fr\/wp-content\/uploads\/2022\/05\/20220521-\u00aeIHEDN-La-majeure-Defense-et-securite-economique-a-Berlin-et-Varsovie-011.jpg","type":"image\/jpeg"}],"author":"dev","twitter_card":"summary_large_image","twitter_creator":"@IHEDN","twitter_site":"@IHEDN","twitter_misc":{"Written by":"dev","Estimated reading time":"1 minute"},"schema":{"@context":"https:\/\/schema.org","@graph":[{"@type":"Article","@id":"https:\/\/ihedn.fr\/actualites-des-sessions\/la-majeure-defense-et-securite-economique-a-berlin-et-varsovie\/#article","isPartOf":{"@id":"https:\/\/ihedn.fr\/actualites-des-sessions\/la-majeure-defense-et-securite-economique-a-berlin-et-varsovie\/"},"author":{"name":"dev","@id":"https:\/\/ihedn.fr\/#\/schema\/person\/7a40155595e4efb35323447cb8c8c5a4"},"headline":"La majeure \u00ab\u00a0D\u00e9fense et s\u00e9curit\u00e9 \u00e9conomique\u00a0\u00bb \u00e0 Berlin et Varsovie","datePublished":"2022-05-22T13:47:10+00:00","dateModified":"2022-11-25T14:22:32+00:00","mainEntityOfPage":{"@id":"https:\/\/ihedn.fr\/actualites-des-sessions\/la-majeure-defense-et-securite-economique-a-berlin-et-varsovie\/"},"wordCount":190,"publisher":{"@id":"https:\/\/ihedn.fr\/#organization"},"image":{"@id":"https:\/\/ihedn.fr\/actualites-des-sessions\/la-majeure-defense-et-securite-economique-a-berlin-et-varsovie\/#primaryimage"},"thumbnailUrl":"https:\/\/ihedn.fr\/wp-content\/uploads\/2022\/05\/20220521-\u00aeIHEDN-La-majeure-Defense-et-securite-economique-a-Berlin-et-Varsovie-011.jpg","articleSection":["Notre actualit\u00e9"],"inLanguage":"en-GB"},{"@type":"WebPage","@id":"https:\/\/ihedn.fr\/actualites-des-sessions\/la-majeure-defense-et-securite-economique-a-berlin-et-varsovie\/","url":"https:\/\/ihedn.fr\/actualites-des-sessions\/la-majeure-defense-et-securite-economique-a-berlin-et-varsovie\/","name":"The \"Defence and Economic Security\" major in Berlin and Warsaw - L'IHEDN : Institut des hautes \u00e9tudes de d\u00e9fense nationale","isPartOf":{"@id":"https:\/\/ihedn.fr\/#website"},"primaryImageOfPage":{"@id":"https:\/\/ihedn.fr\/actualites-des-sessions\/la-majeure-defense-et-securite-economique-a-berlin-et-varsovie\/#primaryimage"},"image":{"@id":"https:\/\/ihedn.fr\/actualites-des-sessions\/la-majeure-defense-et-securite-economique-a-berlin-et-varsovie\/#primaryimage"},"thumbnailUrl":"https:\/\/ihedn.fr\/wp-content\/uploads\/2022\/05\/20220521-\u00aeIHEDN-La-majeure-Defense-et-securite-economique-a-Berlin-et-Varsovie-011.jpg","datePublished":"2022-05-22T13:47:10+00:00","dateModified":"2022-11-25T14:22:32+00:00","breadcrumb":{"@id":"https:\/\/ihedn.fr\/actualites-des-sessions\/la-majeure-defense-et-securite-economique-a-berlin-et-varsovie\/#breadcrumb"},"inLanguage":"en-GB","potentialAction":[{"@type":"ReadAction","target":["https:\/\/ihedn.fr\/actualites-des-sessions\/la-majeure-defense-et-securite-economique-a-berlin-et-varsovie\/"]}]},{"@type":"ImageObject","inLanguage":"en-GB","@id":"https:\/\/ihedn.fr\/actualites-des-sessions\/la-majeure-defense-et-securite-economique-a-berlin-et-varsovie\/#primaryimage","url":"https:\/\/ihedn.fr\/wp-content\/uploads\/2022\/05\/20220521-\u00aeIHEDN-La-majeure-Defense-et-securite-economique-a-Berlin-et-Varsovie-011.jpg","contentUrl":"https:\/\/ihedn.fr\/wp-content\/uploads\/2022\/05\/20220521-\u00aeIHEDN-La-majeure-Defense-et-securite-economique-a-Berlin-et-Varsovie-011.jpg","width":1024,"height":768},{"@type":"BreadcrumbList","@id":"https:\/\/ihedn.fr\/actualites-des-sessions\/la-majeure-defense-et-securite-economique-a-berlin-et-varsovie\/#breadcrumb","itemListElement":[{"@type":"ListItem","position":1,"name":"Accueil","item":"https:\/\/ihedn.fr\/"},{"@type":"ListItem","position":2,"name":"La majeure \u00ab\u00a0D\u00e9fense et s\u00e9curit\u00e9 \u00e9conomique\u00a0\u00bb \u00e0 Berlin et Varsovie"}]},{"@type":"WebSite","@id":"https:\/\/ihedn.fr\/#website","url":"https:\/\/ihedn.fr\/","name":"IHEDN: Institut des hautes \u00e9tudes de d\u00e9fense nationale (Institute for Higher National Defence Studies)","description":"Official website of the IHEDN under the supervision of the Prime Minister.","publisher":{"@id":"https:\/\/ihedn.fr\/#organization"},"potentialAction":[{"@type":"SearchAction","target":{"@type":"EntryPoint","urlTemplate":"https:\/\/ihedn.fr\/?s={search_term_string}"},"query-input":{"@type":"PropertyValueSpecification","valueRequired":true,"valueName":"search_term_string"}}],"inLanguage":"en-GB"},{"@type":"Organization","@id":"https:\/\/ihedn.fr\/#organization","name":"IHEDN - Institute for Higher National Defence Studies","url":"https:\/\/ihedn.fr\/","logo":{"@type":"ImageObject","inLanguage":"en-GB","@id":"https:\/\/ihedn.fr\/#\/schema\/logo\/image\/","url":"https:\/\/ihedn.fr\/wp-content\/uploads\/2020\/11\/BLOC_RF_IHEDN_WEB.png","contentUrl":"https:\/\/ihedn.fr\/wp-content\/uploads\/2020\/11\/BLOC_RF_IHEDN_WEB.png","width":500,"height":237,"caption":"IHEDN - Institut des Hautes Etudes de D\u00e9fense Nationale"},"image":{"@id":"https:\/\/ihedn.fr\/#\/schema\/logo\/image\/"},"sameAs":["https:\/\/www.facebook.com\/ihedn\/","https:\/\/x.com\/IHEDN","https:\/\/www.instagram.com\/ihedn\/","https:\/\/www.linkedin.com\/school\/ihedn\/","https:\/\/fr.wikipedia.org\/wiki\/Institut_des_hautes_\u00e9tudes_de_D\u00e9fense_nationale"]},{"@type":"Person","@id":"https:\/\/ihedn.fr\/#\/schema\/person\/7a40155595e4efb35323447cb8c8c5a4","name":"dev","image":{"@type":"ImageObject","inLanguage":"en-GB","@id":"https:\/\/secure.gravatar.com\/avatar\/f1ffcac9ca2fa95ad3ec33e9be3ade82f752acb0cabe541e56c5889225afa88a?s=96&d=mm&r=g","url":"https:\/\/secure.gravatar.com\/avatar\/f1ffcac9ca2fa95ad3ec33e9be3ade82f752acb0cabe541e56c5889225afa88a?s=96&d=mm&r=g","contentUrl":"https:\/\/secure.gravatar.com\/avatar\/f1ffcac9ca2fa95ad3ec33e9be3ade82f752acb0cabe541e56c5889225afa88a?s=96&d=mm&r=g","caption":"dev"},"sameAs":["https:\/\/ihedn.concilium.click"],"url":"https:\/\/ihedn.fr\/en\/author\/dev\/"}]}},"publishpress_future_action":{"enabled":false,"date":"2026-05-09 01:05:39","action":"change-status","newStatus":"draft","terms":[],"taxonomy":"category","extraData":[]},"publishpress_future_workflow_manual_trigger":{"enabledWorkflows":[]},"_links":{"self":[{"href":"https:\/\/ihedn.fr\/en\/wp-json\/wp\/v2\/posts\/23191","targetHints":{"allow":["GET"]}}],"collection":[{"href":"https:\/\/ihedn.fr\/en\/wp-json\/wp\/v2\/posts"}],"about":[{"href":"https:\/\/ihedn.fr\/en\/wp-json\/wp\/v2\/types\/post"}],"author":[{"embeddable":true,"href":"https:\/\/ihedn.fr\/en\/wp-json\/wp\/v2\/users\/1"}],"replies":[{"embeddable":true,"href":"https:\/\/ihedn.fr\/en\/wp-json\/wp\/v2\/comments?post=23191"}],"version-history":[{"count":5,"href":"https:\/\/ihedn.fr\/en\/wp-json\/wp\/v2\/posts\/23191\/revisions"}],"predecessor-version":[{"id":23320,"href":"https:\/\/ihedn.fr\/en\/wp-json\/wp\/v2\/posts\/23191\/revisions\/23320"}],"wp:featuredmedia":[{"embeddable":true,"href":"https:\/\/ihedn.fr\/en\/wp-json\/wp\/v2\/media\/23202"}],"wp:attachment":[{"href":"https:\/\/ihedn.fr\/en\/wp-json\/wp\/v2\/media?parent=23191"}],"wp:term":[{"taxonomy":"category","embeddable":true,"href":"https:\/\/ihedn.fr\/en\/wp-json\/wp\/v2\/categories?post=23191"},{"taxonomy":"post_tag","embeddable":true,"href":"https:\/\/ihedn.fr\/en\/wp-json\/wp\/v2\/tags?post=23191"}],"curies":[{"name":"wp","href":"https:\/\/api.w.org\/{rel}","templated":true}]}}