{"id":23251,"date":"2022-05-23T17:06:18","date_gmt":"2022-05-23T16:06:18","guid":{"rendered":"https:\/\/ihedn.fr\/?p=23251"},"modified":"2022-11-25T15:22:32","modified_gmt":"2022-11-25T14:22:32","slug":"escale-en-grece-de-la-majeure-enjeux-et-strategies-maritimes-de-la-session-nationale-de-lihedn","status":"publish","type":"post","link":"https:\/\/ihedn.fr\/en\/notre-actualite\/escale-en-grece-de-la-majeure-enjeux-et-strategies-maritimes-de-la-session-nationale-de-lihedn\/","title":{"rendered":"Stopover in Greece for the \"Maritime Issues and Strategies\" major of the IHEDN national session"},"content":{"rendered":"<div data-elementor-type=\"wp-post\" data-elementor-id=\"23251\" class=\"elementor elementor-23251\" data-elementor-post-type=\"post\">\n\t\t\t\t\t\t<section data-particle_enable=\"false\" data-particle-mobile-disabled=\"false\" class=\"elementor-section elementor-top-section elementor-element elementor-element-94f1be0 elementor-section-boxed elementor-section-height-default elementor-section-height-default\" data-id=\"94f1be0\" data-element_type=\"section\" data-e-type=\"section\">\n\t\t\t\t\t\t<div class=\"elementor-container elementor-column-gap-default\">\n\t\t\t\t\t<div class=\"elementor-column elementor-col-100 elementor-top-column elementor-element elementor-element-9e93262\" data-id=\"9e93262\" data-element_type=\"column\" data-e-type=\"column\">\n\t\t\t<div class=\"elementor-widget-wrap elementor-element-populated\">\n\t\t\t\t\t\t<div class=\"elementor-element elementor-element-00bc90e elementor-widget elementor-widget-text-editor\" data-id=\"00bc90e\" data-element_type=\"widget\" data-e-type=\"widget\" data-widget_type=\"text-editor.default\">\n\t\t\t\t<div class=\"elementor-widget-container\">\n\t\t\t\t\t\t\t\t\t<p>At the helm of the 'Maritime Issues and Strategies' major in the national session, <strong><span style=\"color: #034b7b;\">Lieutenant General Beno\u00eet Durieux<\/span><\/strong> made a stopover in Athens, where he was welcomed at the Institut fran\u00e7ais de Gr\u00e8ce by <strong><span style=\"color: #034b7b;\">H.E. Patrick Maisonnave<\/span><\/strong> - French ambassador to Greece. This maritime country par excellence was a perfectly suited destination for a major that is no less so.<\/p><p>On this first morning, listeners were immediately plunged into the heart of maritime issues, with an overview given by the ambassador and his principal deputies.<\/p>\t\t\t\t\t\t\t\t<\/div>\n\t\t\t\t<\/div>\n\t\t\t\t\t<\/div>\n\t\t<\/div>\n\t\t\t\t\t<\/div>\n\t\t<\/section>\n\t\t\t\t<section data-particle_enable=\"false\" data-particle-mobile-disabled=\"false\" class=\"elementor-section elementor-top-section elementor-element elementor-element-4bd9f2b elementor-section-boxed elementor-section-height-default elementor-section-height-default\" data-id=\"4bd9f2b\" data-element_type=\"section\" data-e-type=\"section\">\n\t\t\t\t\t\t<div class=\"elementor-container elementor-column-gap-default\">\n\t\t\t\t\t<div class=\"elementor-column elementor-col-100 elementor-top-column elementor-element elementor-element-a3b2f8b\" data-id=\"a3b2f8b\" data-element_type=\"column\" data-e-type=\"column\">\n\t\t\t<div class=\"elementor-widget-wrap elementor-element-populated\">\n\t\t\t\t\t\t<div class=\"elementor-element elementor-element-9b8b203 elementor-widget elementor-widget-image\" data-id=\"9b8b203\" data-element_type=\"widget\" data-e-type=\"widget\" data-widget_type=\"image.default\">\n\t\t\t\t<div class=\"elementor-widget-container\">\n\t\t\t\t\t\t\t\t\t\t\t\t<figure class=\"wp-caption\">\n\t\t\t\t\t\t\t\t\t\t<img fetchpriority=\"high\" decoding=\"async\" width=\"1453\" height=\"854\" src=\"https:\/\/ihedn.fr\/wp-content\/uploads\/2022\/05\/Avec-lambassadeur-de-France.jpg\" class=\"attachment-full size-full wp-image-23253\" alt=\"\" \/>\t\t\t\t\t\t\t\t\t\t\t<figcaption class=\"widget-image-caption wp-caption-text\">Thanks from General Beno\u00eet Durieux to H.E. Mr Patrick Maisonnave after his speech<\/figcaption>\n\t\t\t\t\t\t\t\t\t\t<\/figure>\n\t\t\t\t\t\t\t\t\t<\/div>\n\t\t\t\t<\/div>\n\t\t\t\t\t<\/div>\n\t\t<\/div>\n\t\t\t\t\t<\/div>\n\t\t<\/section>\n\t\t\t\t<section data-particle_enable=\"false\" data-particle-mobile-disabled=\"false\" class=\"elementor-section elementor-top-section elementor-element elementor-element-6832736 elementor-section-boxed elementor-section-height-default elementor-section-height-default\" data-id=\"6832736\" data-element_type=\"section\" data-e-type=\"section\">\n\t\t\t\t\t\t<div class=\"elementor-container elementor-column-gap-default\">\n\t\t\t\t\t<div class=\"elementor-column elementor-col-100 elementor-top-column elementor-element elementor-element-1e6b9d2\" data-id=\"1e6b9d2\" data-element_type=\"column\" data-e-type=\"column\">\n\t\t\t<div class=\"elementor-widget-wrap elementor-element-populated\">\n\t\t\t\t\t\t<div class=\"elementor-element elementor-element-96d39ca elementor-widget elementor-widget-text-editor\" data-id=\"96d39ca\" data-element_type=\"widget\" data-e-type=\"widget\" data-widget_type=\"text-editor.default\">\n\t\t\t\t<div class=\"elementor-widget-container\">\n\t\t\t\t\t\t\t\t\t<p>This was followed by a visit to Parliament and discussions at the Ministry of Foreign Affairs with <strong><span style=\"color: #034b7b;\">Mr Miltiadis Varvitsiotis<\/span><\/strong>Minister Delegate for European Affairs. The audience was able to see the extent to which Greece and France are facing common challenges, particularly in the maritime field, with issues such as energy, migration and the protection of biodiversity. The shared values and strategic vision that bind the two countries in a world subject to numerous risks and threats naturally calls for strong cooperation, as embodied in the strategic partnership recently signed by the two Heads of State.<\/p>\t\t\t\t\t\t\t\t<\/div>\n\t\t\t\t<\/div>\n\t\t\t\t\t<\/div>\n\t\t<\/div>\n\t\t\t\t\t<\/div>\n\t\t<\/section>\n\t\t\t\t<section data-particle_enable=\"false\" data-particle-mobile-disabled=\"false\" class=\"elementor-section elementor-top-section elementor-element elementor-element-9f8f559 elementor-section-boxed elementor-section-height-default elementor-section-height-default\" data-id=\"9f8f559\" data-element_type=\"section\" data-e-type=\"section\">\n\t\t\t\t\t\t<div class=\"elementor-container elementor-column-gap-default\">\n\t\t\t\t\t<div class=\"elementor-column elementor-col-50 elementor-top-column elementor-element elementor-element-4309c35\" data-id=\"4309c35\" data-element_type=\"column\" data-e-type=\"column\">\n\t\t\t<div class=\"elementor-widget-wrap elementor-element-populated\">\n\t\t\t\t\t\t<div class=\"elementor-element elementor-element-5a06d12 elementor-widget elementor-widget-image\" data-id=\"5a06d12\" data-element_type=\"widget\" data-e-type=\"widget\" data-widget_type=\"image.default\">\n\t\t\t\t<div class=\"elementor-widget-container\">\n\t\t\t\t\t\t\t\t\t\t\t\t<figure class=\"wp-caption\">\n\t\t\t\t\t\t\t\t\t\t<img decoding=\"async\" width=\"1453\" height=\"1090\" src=\"https:\/\/ihedn.fr\/wp-content\/uploads\/2022\/05\/Parement-2.jpg\" class=\"attachment-full size-full wp-image-23267\" alt=\"\" \/>\t\t\t\t\t\t\t\t\t\t\t<figcaption class=\"widget-image-caption wp-caption-text\">Visit to Parliament<\/figcaption>\n\t\t\t\t\t\t\t\t\t\t<\/figure>\n\t\t\t\t\t\t\t\t\t<\/div>\n\t\t\t\t<\/div>\n\t\t\t\t\t<\/div>\n\t\t<\/div>\n\t\t\t\t<div class=\"elementor-column elementor-col-50 elementor-top-column elementor-element elementor-element-f1e6293\" data-id=\"f1e6293\" data-element_type=\"column\" data-e-type=\"column\">\n\t\t\t<div class=\"elementor-widget-wrap elementor-element-populated\">\n\t\t\t\t\t\t<div class=\"elementor-element elementor-element-ed60d5f elementor-widget elementor-widget-image\" data-id=\"ed60d5f\" data-element_type=\"widget\" data-e-type=\"widget\" data-widget_type=\"image.default\">\n\t\t\t\t<div class=\"elementor-widget-container\">\n\t\t\t\t\t\t\t\t\t\t\t\t<figure class=\"wp-caption\">\n\t\t\t\t\t\t\t\t\t\t<img decoding=\"async\" width=\"1414\" height=\"611\" src=\"https:\/\/ihedn.fr\/wp-content\/uploads\/2022\/05\/IMG_1083.jpg\" class=\"attachment-full size-full wp-image-23263\" alt=\"\" \/>\t\t\t\t\t\t\t\t\t\t\t<figcaption class=\"widget-image-caption wp-caption-text\">With Mr Miltiadis Varvitsiotis, Minister Delegate for European Affairs<\/figcaption>\n\t\t\t\t\t\t\t\t\t\t<\/figure>\n\t\t\t\t\t\t\t\t\t<\/div>\n\t\t\t\t<\/div>\n\t\t\t\t\t<\/div>\n\t\t<\/div>\n\t\t\t\t\t<\/div>\n\t\t<\/section>\n\t\t\t\t<section data-particle_enable=\"false\" data-particle-mobile-disabled=\"false\" class=\"elementor-section elementor-top-section elementor-element elementor-element-fb09045 elementor-section-boxed elementor-section-height-default elementor-section-height-default\" data-id=\"fb09045\" data-element_type=\"section\" data-e-type=\"section\">\n\t\t\t\t\t\t<div class=\"elementor-container elementor-column-gap-default\">\n\t\t\t\t\t<div class=\"elementor-column elementor-col-50 elementor-top-column elementor-element elementor-element-d8d4477\" data-id=\"d8d4477\" data-element_type=\"column\" data-e-type=\"column\">\n\t\t\t<div class=\"elementor-widget-wrap elementor-element-populated\">\n\t\t\t\t\t\t<div class=\"elementor-element elementor-element-b672593 elementor-widget elementor-widget-image\" data-id=\"b672593\" data-element_type=\"widget\" data-e-type=\"widget\" data-widget_type=\"image.default\">\n\t\t\t\t<div class=\"elementor-widget-container\">\n\t\t\t\t\t\t\t\t\t\t\t\t\t\t\t<img loading=\"lazy\" decoding=\"async\" width=\"1453\" height=\"1068\" src=\"https:\/\/ihedn.fr\/wp-content\/uploads\/2022\/05\/Conseilletre-2.jpg\" class=\"attachment-full size-full wp-image-23257\" alt=\"Mme. Marika Kakayianni expliquant les grands enjeux \u00e9nerg\u00e9tiques de la Gr\u00e8ce\" \/>\t\t\t\t\t\t\t\t\t\t\t\t\t\t\t<\/div>\n\t\t\t\t<\/div>\n\t\t\t\t\t<\/div>\n\t\t<\/div>\n\t\t\t\t<div class=\"elementor-column elementor-col-50 elementor-top-column elementor-element elementor-element-bbd1dae\" data-id=\"bbd1dae\" data-element_type=\"column\" data-e-type=\"column\">\n\t\t\t<div class=\"elementor-widget-wrap elementor-element-populated\">\n\t\t\t\t\t\t<div class=\"elementor-element elementor-element-e447d46 elementor-widget elementor-widget-text-editor\" data-id=\"e447d46\" data-element_type=\"widget\" data-e-type=\"widget\" data-widget_type=\"text-editor.default\">\n\t\t\t\t<div class=\"elementor-widget-container\">\n\t\t\t\t\t\t\t\t\t<p>The audience then had the opportunity to discuss energy and development in the context of the war in Ukraine with Mrs... <strong><span style=\"color: #034b7b;\">Marika Kakayianni<\/span><\/strong>a member of the ELIAMEP think-tank and an expert on energy issues.<\/p>\t\t\t\t\t\t\t\t<\/div>\n\t\t\t\t<\/div>\n\t\t\t\t\t<\/div>\n\t\t<\/div>\n\t\t\t\t\t<\/div>\n\t\t<\/section>\n\t\t\t\t<section data-particle_enable=\"false\" data-particle-mobile-disabled=\"false\" class=\"elementor-section elementor-top-section elementor-element elementor-element-aa57f3c elementor-section-boxed elementor-section-height-default elementor-section-height-default\" data-id=\"aa57f3c\" data-element_type=\"section\" data-e-type=\"section\">\n\t\t\t\t\t\t<div class=\"elementor-container elementor-column-gap-default\">\n\t\t\t\t\t<div class=\"elementor-column elementor-col-33 elementor-top-column elementor-element elementor-element-4a8efc4\" data-id=\"4a8efc4\" data-element_type=\"column\" data-e-type=\"column\">\n\t\t\t<div class=\"elementor-widget-wrap elementor-element-populated\">\n\t\t\t\t\t\t<div class=\"elementor-element elementor-element-2f12a8b elementor-widget elementor-widget-image\" data-id=\"2f12a8b\" data-element_type=\"widget\" data-e-type=\"widget\" data-widget_type=\"image.default\">\n\t\t\t\t<div class=\"elementor-widget-container\">\n\t\t\t\t\t\t\t\t\t\t\t\t<figure class=\"wp-caption\">\n\t\t\t\t\t\t\t\t\t\t<img loading=\"lazy\" decoding=\"async\" width=\"1115\" height=\"1453\" src=\"https:\/\/ihedn.fr\/wp-content\/uploads\/2022\/05\/Universitaire2bis.jpg\" class=\"attachment-full size-full wp-image-23272\" alt=\"D\u00e9bats anim\u00e9s avec les professeurs Anestis Gourgiotis et Haris Kokkossis\" \/>\t\t\t\t\t\t\t\t\t\t\t<figcaption class=\"widget-image-caption wp-caption-text\">Moderated discussions with professors Anestis Gourgiotis and Haris Kokkossis<\/figcaption>\n\t\t\t\t\t\t\t\t\t\t<\/figure>\n\t\t\t\t\t\t\t\t\t<\/div>\n\t\t\t\t<\/div>\n\t\t\t\t\t<\/div>\n\t\t<\/div>\n\t\t\t\t<div class=\"elementor-column elementor-col-33 elementor-top-column elementor-element elementor-element-82a42fb\" data-id=\"82a42fb\" data-element_type=\"column\" data-e-type=\"column\">\n\t\t\t<div class=\"elementor-widget-wrap elementor-element-populated\">\n\t\t\t\t\t\t<div class=\"elementor-element elementor-element-c1b6c11 elementor-widget elementor-widget-image\" data-id=\"c1b6c11\" data-element_type=\"widget\" data-e-type=\"widget\" data-widget_type=\"image.default\">\n\t\t\t\t<div class=\"elementor-widget-container\">\n\t\t\t\t\t\t\t\t\t\t\t\t<figure class=\"wp-caption\">\n\t\t\t\t\t\t\t\t\t\t<img loading=\"lazy\" decoding=\"async\" width=\"1198\" height=\"1453\" src=\"https:\/\/ihedn.fr\/wp-content\/uploads\/2022\/05\/Universitaire-1bis.jpg\" class=\"attachment-full size-full wp-image-23271\" alt=\"D\u00e9bats anim\u00e9s avec les professeurs Anestis Gourgiotis et Haris Kokkossis\" \/>\t\t\t\t\t\t\t\t\t\t\t<figcaption class=\"widget-image-caption wp-caption-text\">Moderated discussions with professors Anestis Gourgiotis and Haris Kokkossis<\/figcaption>\n\t\t\t\t\t\t\t\t\t\t<\/figure>\n\t\t\t\t\t\t\t\t\t<\/div>\n\t\t\t\t<\/div>\n\t\t\t\t\t<\/div>\n\t\t<\/div>\n\t\t\t\t<div class=\"elementor-column elementor-col-33 elementor-top-column elementor-element elementor-element-dad897b\" data-id=\"dad897b\" data-element_type=\"column\" data-e-type=\"column\">\n\t\t\t<div class=\"elementor-widget-wrap elementor-element-populated\">\n\t\t\t\t\t\t<div class=\"elementor-element elementor-element-a62acdf elementor-widget elementor-widget-text-editor\" data-id=\"a62acdf\" data-element_type=\"widget\" data-e-type=\"widget\" data-widget_type=\"text-editor.default\">\n\t\t\t\t<div class=\"elementor-widget-container\">\n\t\t\t\t\t\t\t\t\t<p>Finally, the day ended in the company of the <strong><span style=\"color: #034b7b;\">professors Anestis Gourgiotis<\/span><\/strong>representative of the Ministry of the Environment and Energy, and <strong><span style=\"color: #034b7b;\">Haris Kokkossis<\/span><\/strong>both from the University of Thessaly. They addressed the major issues of planning and development of the Greek maritime territory and the management of land\/sea interaction.<\/p>\t\t\t\t\t\t\t\t<\/div>\n\t\t\t\t<\/div>\n\t\t\t\t\t<\/div>\n\t\t<\/div>\n\t\t\t\t\t<\/div>\n\t\t<\/section>\n\t\t\t\t<section data-particle_enable=\"false\" data-particle-mobile-disabled=\"false\" class=\"elementor-section elementor-top-section elementor-element elementor-element-378c8ed elementor-section-boxed elementor-section-height-default elementor-section-height-default\" data-id=\"378c8ed\" data-element_type=\"section\" data-e-type=\"section\">\n\t\t\t\t\t\t<div class=\"elementor-container elementor-column-gap-default\">\n\t\t\t\t\t<div class=\"elementor-column elementor-col-33 elementor-top-column elementor-element elementor-element-cdc2ec0\" data-id=\"cdc2ec0\" data-element_type=\"column\" data-e-type=\"column\">\n\t\t\t<div class=\"elementor-widget-wrap elementor-element-populated\">\n\t\t\t\t\t\t<div class=\"elementor-element elementor-element-9a04ddb elementor-widget elementor-widget-text-editor\" data-id=\"9a04ddb\" data-element_type=\"widget\" data-e-type=\"widget\" data-widget_type=\"text-editor.default\">\n\t\t\t\t<div class=\"elementor-widget-container\">\n\t\t\t\t\t\t\t\t\t<p>The very next day, energy issues were again addressed from a different angle by the <strong><span style=\"color: #034b7b;\">Dr Theodoros Tsakiris<\/span><\/strong> and <strong><span style=\"color: #034b7b;\">Mr Kostas Andriosopoulos<\/span><\/strong>Akuo Energy's Director for Greece and advisor to the Hellenic Association for Energy Economics (HAAE). The debates with the audience convinced them once and for all of the geopolitical dimension of the energy issues at stake, made all the more apparent by the current war in Ukraine.<\/p>\t\t\t\t\t\t\t\t<\/div>\n\t\t\t\t<\/div>\n\t\t\t\t\t<\/div>\n\t\t<\/div>\n\t\t\t\t<div class=\"elementor-column elementor-col-33 elementor-top-column elementor-element elementor-element-3bbfb1f\" data-id=\"3bbfb1f\" data-element_type=\"column\" data-e-type=\"column\">\n\t\t\t<div class=\"elementor-widget-wrap elementor-element-populated\">\n\t\t\t\t\t\t<div class=\"elementor-element elementor-element-6d4dd16 elementor-widget elementor-widget-image\" data-id=\"6d4dd16\" data-element_type=\"widget\" data-e-type=\"widget\" data-widget_type=\"image.default\">\n\t\t\t\t<div class=\"elementor-widget-container\">\n\t\t\t\t\t\t\t\t\t\t\t\t<figure class=\"wp-caption\">\n\t\t\t\t\t\t\t\t\t\t<img loading=\"lazy\" decoding=\"async\" width=\"1453\" height=\"1284\" src=\"https:\/\/ihedn.fr\/wp-content\/uploads\/2022\/05\/Energie-22.jpg\" class=\"attachment-full size-full wp-image-23260\" alt=\"M. Theodoros Tsakiris\" \/>\t\t\t\t\t\t\t\t\t\t\t<figcaption class=\"widget-image-caption wp-caption-text\">Mr Theodoros Tsakiris<\/figcaption>\n\t\t\t\t\t\t\t\t\t\t<\/figure>\n\t\t\t\t\t\t\t\t\t<\/div>\n\t\t\t\t<\/div>\n\t\t\t\t\t<\/div>\n\t\t<\/div>\n\t\t\t\t<div class=\"elementor-column elementor-col-33 elementor-top-column elementor-element elementor-element-36c7164\" data-id=\"36c7164\" data-element_type=\"column\" data-e-type=\"column\">\n\t\t\t<div class=\"elementor-widget-wrap elementor-element-populated\">\n\t\t\t\t\t\t<div class=\"elementor-element elementor-element-0b9f4e7 elementor-widget elementor-widget-image\" data-id=\"0b9f4e7\" data-element_type=\"widget\" data-e-type=\"widget\" data-widget_type=\"image.default\">\n\t\t\t\t<div class=\"elementor-widget-container\">\n\t\t\t\t\t\t\t\t\t\t\t\t<figure class=\"wp-caption\">\n\t\t\t\t\t\t\t\t\t\t<img loading=\"lazy\" decoding=\"async\" width=\"1453\" height=\"1122\" src=\"https:\/\/ihedn.fr\/wp-content\/uploads\/2022\/05\/Energie-12.jpg\" class=\"attachment-full size-full wp-image-23259\" alt=\"M. Kostas Andriosopoulos\" \/>\t\t\t\t\t\t\t\t\t\t\t<figcaption class=\"widget-image-caption wp-caption-text\">Mr Kostas Andriosopoulos <\/figcaption>\n\t\t\t\t\t\t\t\t\t\t<\/figure>\n\t\t\t\t\t\t\t\t\t<\/div>\n\t\t\t\t<\/div>\n\t\t\t\t\t<\/div>\n\t\t<\/div>\n\t\t\t\t\t<\/div>\n\t\t<\/section>\n\t\t\t\t<section data-particle_enable=\"false\" data-particle-mobile-disabled=\"false\" class=\"elementor-section elementor-top-section elementor-element elementor-element-44e20d2 elementor-section-boxed elementor-section-height-default elementor-section-height-default\" data-id=\"44e20d2\" data-element_type=\"section\" data-e-type=\"section\">\n\t\t\t\t\t\t<div class=\"elementor-container elementor-column-gap-default\">\n\t\t\t\t\t<div class=\"elementor-column elementor-col-50 elementor-top-column elementor-element elementor-element-482c9c1\" data-id=\"482c9c1\" data-element_type=\"column\" data-e-type=\"column\">\n\t\t\t<div class=\"elementor-widget-wrap elementor-element-populated\">\n\t\t\t\t\t\t<div class=\"elementor-element elementor-element-41a4e64 elementor-widget elementor-widget-text-editor\" data-id=\"41a4e64\" data-element_type=\"widget\" data-e-type=\"widget\" data-widget_type=\"text-editor.default\">\n\t\t\t\t<div class=\"elementor-widget-container\">\n\t\t\t\t\t\t\t\t\t<p>The second part of the morning was devoted to UN action to protect the environment in the Mediterranean with <strong><span style=\"color: #034b7b;\">Mr Julien Le Tellier<\/span><\/strong>Socioeconomic Affairs Officer and <strong><span style=\"color: #034b7b;\">Mohamad Kyyal<\/span><\/strong>Director of MED POL. Their comments confirmed the urgent need to take action to protect biodiversity in the Mediterranean and to implement the measures recommended by international organisations supported by Greece and France. Here again, the challenges to be met are shared by both countries, and close cooperation is essential.<\/p><p>\u00a0<\/p>\t\t\t\t\t\t\t\t<\/div>\n\t\t\t\t<\/div>\n\t\t\t\t\t<\/div>\n\t\t<\/div>\n\t\t\t\t<div class=\"elementor-column elementor-col-50 elementor-top-column elementor-element elementor-element-de8df03\" data-id=\"de8df03\" data-element_type=\"column\" data-e-type=\"column\">\n\t\t\t<div class=\"elementor-widget-wrap elementor-element-populated\">\n\t\t\t\t\t\t<div class=\"elementor-element elementor-element-f51ff37 elementor-widget elementor-widget-image\" data-id=\"f51ff37\" data-element_type=\"widget\" data-e-type=\"widget\" data-widget_type=\"image.default\">\n\t\t\t\t<div class=\"elementor-widget-container\">\n\t\t\t\t\t\t\t\t\t\t\t\t<figure class=\"wp-caption\">\n\t\t\t\t\t\t\t\t\t\t<img loading=\"lazy\" decoding=\"async\" width=\"1453\" height=\"992\" src=\"https:\/\/ihedn.fr\/wp-content\/uploads\/2022\/05\/ONU-2.jpg\" class=\"attachment-full size-full wp-image-23266\" alt=\"Julien Le Tellier et Mohamad Kyyal en plein d\u00e9bat avec les auditeurs\" \/>\t\t\t\t\t\t\t\t\t\t\t<figcaption class=\"widget-image-caption wp-caption-text\">Julien Le Tellier and Mohamad Kyyal debate with listeners <\/figcaption>\n\t\t\t\t\t\t\t\t\t\t<\/figure>\n\t\t\t\t\t\t\t\t\t<\/div>\n\t\t\t\t<\/div>\n\t\t\t\t\t<\/div>\n\t\t<\/div>\n\t\t\t\t\t<\/div>\n\t\t<\/section>\n\t\t\t\t<section data-particle_enable=\"false\" data-particle-mobile-disabled=\"false\" class=\"elementor-section elementor-top-section elementor-element elementor-element-50ff394 elementor-section-boxed elementor-section-height-default elementor-section-height-default\" data-id=\"50ff394\" data-element_type=\"section\" data-e-type=\"section\">\n\t\t\t\t\t\t<div class=\"elementor-container elementor-column-gap-default\">\n\t\t\t\t\t<div class=\"elementor-column elementor-col-50 elementor-top-column elementor-element elementor-element-03844f2\" data-id=\"03844f2\" data-element_type=\"column\" data-e-type=\"column\">\n\t\t\t<div class=\"elementor-widget-wrap elementor-element-populated\">\n\t\t\t\t\t\t<div class=\"elementor-element elementor-element-2e7fcb9 elementor-widget elementor-widget-image\" data-id=\"2e7fcb9\" data-element_type=\"widget\" data-e-type=\"widget\" data-widget_type=\"image.default\">\n\t\t\t\t<div class=\"elementor-widget-container\">\n\t\t\t\t\t\t\t\t\t\t\t\t<figure class=\"wp-caption\">\n\t\t\t\t\t\t\t\t\t\t<img loading=\"lazy\" decoding=\"async\" width=\"1453\" height=\"810\" src=\"https:\/\/ihedn.fr\/wp-content\/uploads\/2022\/05\/UCMR-2.jpg\" class=\"attachment-full size-full wp-image-23270\" alt=\"Au HCMR avec les docteurs -chercheurs\" \/>\t\t\t\t\t\t\t\t\t\t\t<figcaption class=\"widget-image-caption wp-caption-text\">At the HCMR with doctoral researchers<\/figcaption>\n\t\t\t\t\t\t\t\t\t\t<\/figure>\n\t\t\t\t\t\t\t\t\t<\/div>\n\t\t\t\t<\/div>\n\t\t\t\t\t<\/div>\n\t\t<\/div>\n\t\t\t\t<div class=\"elementor-column elementor-col-50 elementor-top-column elementor-element elementor-element-6094abb\" data-id=\"6094abb\" data-element_type=\"column\" data-e-type=\"column\">\n\t\t\t<div class=\"elementor-widget-wrap elementor-element-populated\">\n\t\t\t\t\t\t<div class=\"elementor-element elementor-element-16dcecb elementor-widget elementor-widget-text-editor\" data-id=\"16dcecb\" data-element_type=\"widget\" data-e-type=\"widget\" data-widget_type=\"text-editor.default\">\n\t\t\t\t<div class=\"elementor-widget-container\">\n\t\t\t\t\t\t\t\t\t<p>After a quick lunch, the audience travelled along the magnificent Greek coastline in bright sunshine to the Hellenic Centre for Marine Research (HCMR) in Annavissos. Discussions with researchers who are passionate about understanding and protecting the seas, as well as the development of aquaculture, perfectly illustrated the morning's findings and confirmed the need for strong scientific cooperation between the various EU Member States.<\/p>\t\t\t\t\t\t\t\t<\/div>\n\t\t\t\t<\/div>\n\t\t\t\t\t<\/div>\n\t\t<\/div>\n\t\t\t\t\t<\/div>\n\t\t<\/section>\n\t\t\t\t<section data-particle_enable=\"false\" data-particle-mobile-disabled=\"false\" class=\"elementor-section elementor-top-section elementor-element elementor-element-af12847 elementor-section-boxed elementor-section-height-default elementor-section-height-default\" data-id=\"af12847\" data-element_type=\"section\" data-e-type=\"section\">\n\t\t\t\t\t\t<div class=\"elementor-container elementor-column-gap-default\">\n\t\t\t\t\t<div class=\"elementor-column elementor-col-50 elementor-top-column elementor-element elementor-element-3364a96\" data-id=\"3364a96\" data-element_type=\"column\" data-e-type=\"column\">\n\t\t\t<div class=\"elementor-widget-wrap elementor-element-populated\">\n\t\t\t\t\t\t<div class=\"elementor-element elementor-element-b1790ab elementor-widget elementor-widget-text-editor\" data-id=\"b1790ab\" data-element_type=\"widget\" data-e-type=\"widget\" data-widget_type=\"text-editor.default\">\n\t\t\t\t<div class=\"elementor-widget-container\">\n\t\t\t\t\t\t\t\t\t<p>Wednesday 18 May began with a high-level speech by Dimitris Kairidis MP, Vice-Chairman of the European Affairs Committee. His presentation of the major maritime issues facing Greece and his analysis of the geopolitical situation only strengthened the audience's conviction of the common interests, shared vision and imperative need for cooperation that bind Greece and France, and of which the recent strategic partnership is the keystone.\u00a0<\/p>\t\t\t\t\t\t\t\t<\/div>\n\t\t\t\t<\/div>\n\t\t\t\t\t<\/div>\n\t\t<\/div>\n\t\t\t\t<div class=\"elementor-column elementor-col-50 elementor-top-column elementor-element elementor-element-64ff32d\" data-id=\"64ff32d\" data-element_type=\"column\" data-e-type=\"column\">\n\t\t\t<div class=\"elementor-widget-wrap elementor-element-populated\">\n\t\t\t\t\t\t<div class=\"elementor-element elementor-element-c4ec0e6 elementor-widget elementor-widget-image\" data-id=\"c4ec0e6\" data-element_type=\"widget\" data-e-type=\"widget\" data-widget_type=\"image.default\">\n\t\t\t\t<div class=\"elementor-widget-container\">\n\t\t\t\t\t\t\t\t\t\t\t\t<figure class=\"wp-caption\">\n\t\t\t\t\t\t\t\t\t\t<img loading=\"lazy\" decoding=\"async\" width=\"1453\" height=\"993\" src=\"https:\/\/ihedn.fr\/wp-content\/uploads\/2022\/05\/Depute6.jpg\" class=\"attachment-full size-full wp-image-23258\" alt=\"M. Dimitris Kairidis r\u00e9pond aux questions des auditeurs\" \/>\t\t\t\t\t\t\t\t\t\t\t<figcaption class=\"widget-image-caption wp-caption-text\">Dimitris Kairidis answers questions from listeners<\/figcaption>\n\t\t\t\t\t\t\t\t\t\t<\/figure>\n\t\t\t\t\t\t\t\t\t<\/div>\n\t\t\t\t<\/div>\n\t\t\t\t\t<\/div>\n\t\t<\/div>\n\t\t\t\t\t<\/div>\n\t\t<\/section>\n\t\t\t\t<section data-particle_enable=\"false\" data-particle-mobile-disabled=\"false\" class=\"elementor-section elementor-top-section elementor-element elementor-element-6df38a4 elementor-section-boxed elementor-section-height-default elementor-section-height-default\" data-id=\"6df38a4\" data-element_type=\"section\" data-e-type=\"section\">\n\t\t\t\t\t\t<div class=\"elementor-container elementor-column-gap-default\">\n\t\t\t\t\t<div class=\"elementor-column elementor-col-100 elementor-top-column elementor-element elementor-element-93c4f96\" data-id=\"93c4f96\" data-element_type=\"column\" data-e-type=\"column\">\n\t\t\t<div class=\"elementor-widget-wrap elementor-element-populated\">\n\t\t\t\t\t\t<div class=\"elementor-element elementor-element-119c9f5 elementor-widget elementor-widget-text-editor\" data-id=\"119c9f5\" data-element_type=\"widget\" data-e-type=\"widget\" data-widget_type=\"text-editor.default\">\n\t\t\t\t<div class=\"elementor-widget-container\">\n\t\t\t\t\t\t\t\t\t<p>The morning concluded with a presentation of the bilateral defence relationship by <strong><span style=\"color: #034b7b;\">Colonel Olivier Madiot<\/span><\/strong>Defence Attach\u00e9 at the French Embassy in Greece. The strategic partnership between Greece and France in this area shows the number and importance of the reciprocal commitments made, the most emblematic of which is certainly the mutual assistance clause.<\/p><p>The audience then headed for the port of Piraeus where <strong><span style=\"color: #034b7b;\">Mr Giannis Plakiotakis<\/span><\/strong>Minister for Merchant Shipping and Island Policy, and <strong><span style=\"color: #034b7b;\">Vice-Admiral Theodoros Kliaris<\/span><\/strong>The Coast Guard Commanders and their principal deputies gave the audience a particularly warm welcome. Discussions focused in particular on immigration, cooperation with Frontex, the fight against drug trafficking, safeguarding life at sea, illegal fishing and respect for maritime borders. During the visit to the Coast Guard operations centre, listeners will retain the image of a force with an exceptional level of motivation, professionalism and efficiency.<\/p>\t\t\t\t\t\t\t\t<\/div>\n\t\t\t\t<\/div>\n\t\t\t\t\t<\/div>\n\t\t<\/div>\n\t\t\t\t\t<\/div>\n\t\t<\/section>\n\t\t\t\t<section data-particle_enable=\"false\" data-particle-mobile-disabled=\"false\" class=\"elementor-section elementor-top-section elementor-element elementor-element-6a5afc7 elementor-section-boxed elementor-section-height-default elementor-section-height-default\" data-id=\"6a5afc7\" data-element_type=\"section\" data-e-type=\"section\">\n\t\t\t\t\t\t<div class=\"elementor-container elementor-column-gap-default\">\n\t\t\t\t\t<div class=\"elementor-column elementor-col-100 elementor-top-column elementor-element elementor-element-4fe8222\" data-id=\"4fe8222\" data-element_type=\"column\" data-e-type=\"column\">\n\t\t\t<div class=\"elementor-widget-wrap elementor-element-populated\">\n\t\t\t\t\t\t<div class=\"elementor-element elementor-element-f8f6286 elementor-widget elementor-widget-image\" data-id=\"f8f6286\" data-element_type=\"widget\" data-e-type=\"widget\" data-widget_type=\"image.default\">\n\t\t\t\t<div class=\"elementor-widget-container\">\n\t\t\t\t\t\t\t\t\t\t\t\t<figure class=\"wp-caption\">\n\t\t\t\t\t\t\t\t\t\t<img loading=\"lazy\" decoding=\"async\" width=\"1453\" height=\"610\" src=\"https:\/\/ihedn.fr\/wp-content\/uploads\/2022\/05\/Coat-guard-Group-2.jpg\" class=\"attachment-full size-full wp-image-23254\" alt=\"Les auditeurs autour de M. Giannis Plakiotakis, et du vice-amiral Theodoros Kliaris\" \/>\t\t\t\t\t\t\t\t\t\t\t<figcaption class=\"widget-image-caption wp-caption-text\">The audience around Giannis Plakiotakis and Vice-Admiral Theodoros Kliaris<\/figcaption>\n\t\t\t\t\t\t\t\t\t\t<\/figure>\n\t\t\t\t\t\t\t\t\t<\/div>\n\t\t\t\t<\/div>\n\t\t\t\t\t<\/div>\n\t\t<\/div>\n\t\t\t\t\t<\/div>\n\t\t<\/section>\n\t\t\t\t<section data-particle_enable=\"false\" data-particle-mobile-disabled=\"false\" class=\"elementor-section elementor-top-section elementor-element elementor-element-e2f611f elementor-section-boxed elementor-section-height-default elementor-section-height-default\" data-id=\"e2f611f\" data-element_type=\"section\" data-e-type=\"section\">\n\t\t\t\t\t\t<div class=\"elementor-container elementor-column-gap-default\">\n\t\t\t\t\t<div class=\"elementor-column elementor-col-100 elementor-top-column elementor-element elementor-element-49ac7bb\" data-id=\"49ac7bb\" data-element_type=\"column\" data-e-type=\"column\">\n\t\t\t<div class=\"elementor-widget-wrap elementor-element-populated\">\n\t\t\t\t\t\t<div class=\"elementor-element elementor-element-62351f2 elementor-widget elementor-widget-image\" data-id=\"62351f2\" data-element_type=\"widget\" data-e-type=\"widget\" data-widget_type=\"image.default\">\n\t\t\t\t<div class=\"elementor-widget-container\">\n\t\t\t\t\t\t\t\t\t\t\t\t<figure class=\"wp-caption\">\n\t\t\t\t\t\t\t\t\t\t<img loading=\"lazy\" decoding=\"async\" width=\"1453\" height=\"1090\" src=\"https:\/\/ihedn.fr\/wp-content\/uploads\/2022\/05\/Coat-guardPC.jpg\" class=\"attachment-full size-full wp-image-23255\" alt=\"Au PC op\u00e9rations des garde-c\u00f4tes, des auditeurs attentifs aux explications\" \/>\t\t\t\t\t\t\t\t\t\t\t<figcaption class=\"widget-image-caption wp-caption-text\">At coastguard operations HQ, listeners listen attentively to explanations <\/figcaption>\n\t\t\t\t\t\t\t\t\t\t<\/figure>\n\t\t\t\t\t\t\t\t\t<\/div>\n\t\t\t\t<\/div>\n\t\t\t\t\t<\/div>\n\t\t<\/div>\n\t\t\t\t\t<\/div>\n\t\t<\/section>\n\t\t\t\t<section data-particle_enable=\"false\" data-particle-mobile-disabled=\"false\" class=\"elementor-section elementor-top-section elementor-element elementor-element-0b3ce35 elementor-section-boxed elementor-section-height-default elementor-section-height-default\" data-id=\"0b3ce35\" data-element_type=\"section\" data-e-type=\"section\">\n\t\t\t\t\t\t<div class=\"elementor-container elementor-column-gap-default\">\n\t\t\t\t\t<div class=\"elementor-column elementor-col-50 elementor-top-column elementor-element elementor-element-fc00c17\" data-id=\"fc00c17\" data-element_type=\"column\" data-e-type=\"column\">\n\t\t\t<div class=\"elementor-widget-wrap elementor-element-populated\">\n\t\t\t\t\t\t<div class=\"elementor-element elementor-element-4c94e48 elementor-widget elementor-widget-text-editor\" data-id=\"4c94e48\" data-element_type=\"widget\" data-e-type=\"widget\" data-widget_type=\"text-editor.default\">\n\t\t\t\t<div class=\"elementor-widget-container\">\n\t\t\t\t\t\t\t\t\t<p>At the end of the day, a cocktail party chaired by <strong><span style=\"color: #034b7b;\">H.E. Patrick Maisonnave<\/span><\/strong> gave us the opportunity to thank all our Greek friends, speakers and embassy staff, who made this mission so exceptionally rewarding for our listeners.<\/p><p>On Thursday morning, the listeners set sail for Greece's largest military port: Salamis. They were met by <strong><span style=\"color: #034b7b;\">Vice-Admiral Panagiotis Lymperis<\/span><\/strong>Commander-in-Chief of the Hellenic Fleet, who presented the missions, challenges and ambitions of the Hellenic Navy over the next few years. As with the coastguards, the warmth of the welcome and the fraternity between seafarers who understand each other immediately led to remarkably frank and rich exchanges.<\/p>\t\t\t\t\t\t\t\t<\/div>\n\t\t\t\t<\/div>\n\t\t\t\t\t<\/div>\n\t\t<\/div>\n\t\t\t\t<div class=\"elementor-column elementor-col-50 elementor-top-column elementor-element elementor-element-1b7144d\" data-id=\"1b7144d\" data-element_type=\"column\" data-e-type=\"column\">\n\t\t\t<div class=\"elementor-widget-wrap elementor-element-populated\">\n\t\t\t\t\t\t<div class=\"elementor-element elementor-element-6026955 elementor-widget elementor-widget-image\" data-id=\"6026955\" data-element_type=\"widget\" data-e-type=\"widget\" data-widget_type=\"image.default\">\n\t\t\t\t<div class=\"elementor-widget-container\">\n\t\t\t\t\t\t\t\t\t\t\t\t<figure class=\"wp-caption\">\n\t\t\t\t\t\t\t\t\t\t<img loading=\"lazy\" decoding=\"async\" width=\"1453\" height=\"1090\" src=\"https:\/\/ihedn.fr\/wp-content\/uploads\/2022\/05\/Marine.jpg\" class=\"attachment-full size-full wp-image-23264\" alt=\"Les auditeurs autour du Vice-Amiral Panagiotis Lymperis\" \/>\t\t\t\t\t\t\t\t\t\t\t<figcaption class=\"widget-image-caption wp-caption-text\">The audience around Vice-Admiral Panagiotis Lymperis<\/figcaption>\n\t\t\t\t\t\t\t\t\t\t<\/figure>\n\t\t\t\t\t\t\t\t\t<\/div>\n\t\t\t\t<\/div>\n\t\t\t\t\t<\/div>\n\t\t<\/div>\n\t\t\t\t\t<\/div>\n\t\t<\/section>\n\t\t\t\t<section data-particle_enable=\"false\" data-particle-mobile-disabled=\"false\" class=\"elementor-section elementor-top-section elementor-element elementor-element-fb9a6e9 elementor-section-boxed elementor-section-height-default elementor-section-height-default\" data-id=\"fb9a6e9\" data-element_type=\"section\" data-e-type=\"section\">\n\t\t\t\t\t\t<div class=\"elementor-container elementor-column-gap-default\">\n\t\t\t\t\t<div class=\"elementor-column elementor-col-33 elementor-top-column elementor-element elementor-element-02104c9\" data-id=\"02104c9\" data-element_type=\"column\" data-e-type=\"column\">\n\t\t\t<div class=\"elementor-widget-wrap elementor-element-populated\">\n\t\t\t\t\t\t<div class=\"elementor-element elementor-element-aed17fb elementor-widget elementor-widget-image\" data-id=\"aed17fb\" data-element_type=\"widget\" data-e-type=\"widget\" data-widget_type=\"image.default\">\n\t\t\t\t<div class=\"elementor-widget-container\">\n\t\t\t\t\t\t\t\t\t\t\t\t<figure class=\"wp-caption\">\n\t\t\t\t\t\t\t\t\t\t<img loading=\"lazy\" decoding=\"async\" width=\"1453\" height=\"1090\" src=\"https:\/\/ihedn.fr\/wp-content\/uploads\/2022\/05\/FF2.jpg\" class=\"attachment-full size-full wp-image-23261\" alt=\"\u00c0 bord du patrouilleur de haute mer Daniolos\" \/>\t\t\t\t\t\t\t\t\t\t\t<figcaption class=\"widget-image-caption wp-caption-text\">On board the deep-sea patrol vessel Daniolos<\/figcaption>\n\t\t\t\t\t\t\t\t\t\t<\/figure>\n\t\t\t\t\t\t\t\t\t<\/div>\n\t\t\t\t<\/div>\n\t\t\t\t\t<\/div>\n\t\t<\/div>\n\t\t\t\t<div class=\"elementor-column elementor-col-33 elementor-top-column elementor-element elementor-element-bd78294\" data-id=\"bd78294\" data-element_type=\"column\" data-e-type=\"column\">\n\t\t\t<div class=\"elementor-widget-wrap elementor-element-populated\">\n\t\t\t\t\t\t<div class=\"elementor-element elementor-element-bc44ef4 elementor-widget elementor-widget-text-editor\" data-id=\"bc44ef4\" data-element_type=\"widget\" data-e-type=\"widget\" data-widget_type=\"text-editor.default\">\n\t\t\t\t<div class=\"elementor-widget-container\">\n\t\t\t\t\t\t\t\t\t<p>The same complicity between sailors was again felt with the crews of the deep-sea patrol vessel Daniolos and the submarines Papanicolis and Katsonis who, with legitimate pride and great professionalism, showed the audience around their remarkably well-maintained and visibly combat-ready vessels.<\/p>\t\t\t\t\t\t\t\t<\/div>\n\t\t\t\t<\/div>\n\t\t\t\t\t<\/div>\n\t\t<\/div>\n\t\t\t\t<div class=\"elementor-column elementor-col-33 elementor-top-column elementor-element elementor-element-05671cc\" data-id=\"05671cc\" data-element_type=\"column\" data-e-type=\"column\">\n\t\t\t<div class=\"elementor-widget-wrap elementor-element-populated\">\n\t\t\t\t\t\t<div class=\"elementor-element elementor-element-2643377 elementor-widget elementor-widget-image\" data-id=\"2643377\" data-element_type=\"widget\" data-e-type=\"widget\" data-widget_type=\"image.default\">\n\t\t\t\t<div class=\"elementor-widget-container\">\n\t\t\t\t\t\t\t\t\t\t\t\t<figure class=\"wp-caption\">\n\t\t\t\t\t\t\t\t\t\t<img loading=\"lazy\" decoding=\"async\" width=\"1090\" height=\"1453\" src=\"https:\/\/ihedn.fr\/wp-content\/uploads\/2022\/05\/SM2.jpg\" class=\"attachment-full size-full wp-image-23268\" alt=\"Remise de l\u2019embl\u00e8me de son sous-marin par le commandant du Katsonis\" \/>\t\t\t\t\t\t\t\t\t\t\t<figcaption class=\"widget-image-caption wp-caption-text\">Presentation of his submarine's emblem by the commander of the Katsonis<\/figcaption>\n\t\t\t\t\t\t\t\t\t\t<\/figure>\n\t\t\t\t\t\t\t\t\t<\/div>\n\t\t\t\t<\/div>\n\t\t\t\t\t<\/div>\n\t\t<\/div>\n\t\t\t\t\t<\/div>\n\t\t<\/section>\n\t\t\t\t<section data-particle_enable=\"false\" data-particle-mobile-disabled=\"false\" class=\"elementor-section elementor-top-section elementor-element elementor-element-c45a2c6 elementor-section-boxed elementor-section-height-default elementor-section-height-default\" data-id=\"c45a2c6\" data-element_type=\"section\" data-e-type=\"section\">\n\t\t\t\t\t\t<div class=\"elementor-container elementor-column-gap-default\">\n\t\t\t\t\t<div class=\"elementor-column elementor-col-50 elementor-top-column elementor-element elementor-element-a399b45\" data-id=\"a399b45\" data-element_type=\"column\" data-e-type=\"column\">\n\t\t\t<div class=\"elementor-widget-wrap elementor-element-populated\">\n\t\t\t\t\t\t<div class=\"elementor-element elementor-element-d85a757 elementor-widget elementor-widget-text-editor\" data-id=\"d85a757\" data-element_type=\"widget\" data-e-type=\"widget\" data-widget_type=\"text-editor.default\">\n\t\t\t\t<div class=\"elementor-widget-container\">\n\t\t\t\t\t\t\t\t\t<p>After a sumptuous lunch hosted by <strong><span style=\"color: #034b7b;\">Vice-Admiral Panagiotis Lymperis<\/span><\/strong> in its residence overlooking the harbour and its fleet, the listeners returned to dry land and will long remember this incredible morning.<\/p><p>Back in Athens, listeners were able to meet with <strong><span style=\"color: #034b7b;\">Cyrille Bret<\/span><\/strong> and <strong><span style=\"color: #034b7b;\">Micha\u00ebl Cro\u00eanne<\/span><\/strong> of Naval Group to discuss the very high level of cooperation between the two countries in the naval field. This industrial cooperation for the acquisition of the FDI frigate by the Greek Navy goes well beyond the armaments field, and is fully in line with the strategic partnership recently concluded.<\/p>\t\t\t\t\t\t\t\t<\/div>\n\t\t\t\t<\/div>\n\t\t\t\t\t<\/div>\n\t\t<\/div>\n\t\t\t\t<div class=\"elementor-column elementor-col-50 elementor-top-column elementor-element elementor-element-a82bf3c\" data-id=\"a82bf3c\" data-element_type=\"column\" data-e-type=\"column\">\n\t\t\t<div class=\"elementor-widget-wrap elementor-element-populated\">\n\t\t\t\t\t\t<div class=\"elementor-element elementor-element-6d58904 elementor-widget elementor-widget-image\" data-id=\"6d58904\" data-element_type=\"widget\" data-e-type=\"widget\" data-widget_type=\"image.default\">\n\t\t\t\t<div class=\"elementor-widget-container\">\n\t\t\t\t\t\t\t\t\t\t\t\t<figure class=\"wp-caption\">\n\t\t\t\t\t\t\t\t\t\t<img loading=\"lazy\" decoding=\"async\" width=\"1453\" height=\"1090\" src=\"https:\/\/ihedn.fr\/wp-content\/uploads\/2022\/05\/Naval-group.jpg\" class=\"attachment-full size-full wp-image-23265\" alt=\"Cyril Bret et Micha\u00ebl Cro\u00eanne en plein d\u00e9bat avec les auditeurs\" \/>\t\t\t\t\t\t\t\t\t\t\t<figcaption class=\"widget-image-caption wp-caption-text\">Cyril Bret and Micha\u00ebl Cro\u00eanne debate with listeners<\/figcaption>\n\t\t\t\t\t\t\t\t\t\t<\/figure>\n\t\t\t\t\t\t\t\t\t<\/div>\n\t\t\t\t<\/div>\n\t\t\t\t\t<\/div>\n\t\t<\/div>\n\t\t\t\t\t<\/div>\n\t\t<\/section>\n\t\t\t\t<section data-particle_enable=\"false\" data-particle-mobile-disabled=\"false\" class=\"elementor-section elementor-top-section elementor-element elementor-element-50a209d elementor-section-boxed elementor-section-height-default elementor-section-height-default\" data-id=\"50a209d\" data-element_type=\"section\" data-e-type=\"section\">\n\t\t\t\t\t\t<div class=\"elementor-container elementor-column-gap-default\">\n\t\t\t\t\t<div class=\"elementor-column elementor-col-50 elementor-top-column elementor-element elementor-element-7a011ec\" data-id=\"7a011ec\" data-element_type=\"column\" data-e-type=\"column\">\n\t\t\t<div class=\"elementor-widget-wrap elementor-element-populated\">\n\t\t\t\t\t\t<div class=\"elementor-element elementor-element-37d0293 elementor-widget elementor-widget-text-editor\" data-id=\"37d0293\" data-element_type=\"widget\" data-e-type=\"widget\" data-widget_type=\"text-editor.default\">\n\t\t\t\t<div class=\"elementor-widget-container\">\n\t\t\t\t\t\t\t\t\t<p>The afternoon continued with a presentation by <strong><span style=\"color: #034b7b;\">Mr Anastiosos Rozolis<\/span><\/strong>who presented the country's defence industry, the difficulties encountered during the economic crisis of the last decade and the challenges of its current renaissance.<\/p>\t\t\t\t\t\t\t\t<\/div>\n\t\t\t\t<\/div>\n\t\t\t\t<div class=\"elementor-element elementor-element-e4d4d31 elementor-widget elementor-widget-text-editor\" data-id=\"e4d4d31\" data-element_type=\"widget\" data-e-type=\"widget\" data-widget_type=\"text-editor.default\">\n\t\t\t\t<div class=\"elementor-widget-container\">\n\t\t\t\t\t\t\t\t\t<p>Finally, the day ended on a high note with a speech by <strong><span style=\"color: #034b7b;\">Thanos Dokos<\/span><\/strong>National Security Advisor to the Prime Minister. The auditors were struck by the closeness of his strategic analysis to the thinking carried out at the IHEDN. They found the same global inter-ministerial and decompartmentalised approach taking into account both public and private issues.<\/p>\t\t\t\t\t\t\t\t<\/div>\n\t\t\t\t<\/div>\n\t\t\t\t<div class=\"elementor-element elementor-element-5730953 elementor-widget elementor-widget-image\" data-id=\"5730953\" data-element_type=\"widget\" data-e-type=\"widget\" data-widget_type=\"image.default\">\n\t\t\t\t<div class=\"elementor-widget-container\">\n\t\t\t\t\t\t\t\t\t\t\t\t<figure class=\"wp-caption\">\n\t\t\t\t\t\t\t\t\t\t<img loading=\"lazy\" decoding=\"async\" width=\"1453\" height=\"875\" src=\"https:\/\/ihedn.fr\/wp-content\/uploads\/2022\/05\/Cons-premin.jpg\" class=\"attachment-full size-full wp-image-23256\" alt=\"Thanos Dokos partageant son analyse strat\u00e9gique avec les auditeurs\" \/>\t\t\t\t\t\t\t\t\t\t\t<figcaption class=\"widget-image-caption wp-caption-text\">Thanos Dokos shares his strategic analysis with listeners <\/figcaption>\n\t\t\t\t\t\t\t\t\t\t<\/figure>\n\t\t\t\t\t\t\t\t\t<\/div>\n\t\t\t\t<\/div>\n\t\t\t\t\t<\/div>\n\t\t<\/div>\n\t\t\t\t<div class=\"elementor-column elementor-col-50 elementor-top-column elementor-element elementor-element-4c08bac\" data-id=\"4c08bac\" data-element_type=\"column\" data-e-type=\"column\">\n\t\t\t<div class=\"elementor-widget-wrap elementor-element-populated\">\n\t\t\t\t\t\t<div class=\"elementor-element elementor-element-6c4952d elementor-widget elementor-widget-image\" data-id=\"6c4952d\" data-element_type=\"widget\" data-e-type=\"widget\" data-widget_type=\"image.default\">\n\t\t\t\t<div class=\"elementor-widget-container\">\n\t\t\t\t\t\t\t\t\t\t\t\t<figure class=\"wp-caption\">\n\t\t\t\t\t\t\t\t\t\t<img loading=\"lazy\" decoding=\"async\" width=\"993\" height=\"1453\" src=\"https:\/\/ihedn.fr\/wp-content\/uploads\/2022\/05\/Gican-3.jpg\" class=\"attachment-full size-full wp-image-23262\" alt=\"M. Anastiosos Rozolis expliquant les enjeux de l\u2019industrie de d\u00e9fense grecque\" \/>\t\t\t\t\t\t\t\t\t\t\t<figcaption class=\"widget-image-caption wp-caption-text\">Mr Anastiosos Rozolis explaining the challenges facing the Greek defence industry<\/figcaption>\n\t\t\t\t\t\t\t\t\t\t<\/figure>\n\t\t\t\t\t\t\t\t\t<\/div>\n\t\t\t\t<\/div>\n\t\t\t\t\t<\/div>\n\t\t<\/div>\n\t\t\t\t\t<\/div>\n\t\t<\/section>\n\t\t\t\t<section data-particle_enable=\"false\" data-particle-mobile-disabled=\"false\" class=\"elementor-section elementor-top-section elementor-element elementor-element-bb78a84 elementor-section-boxed elementor-section-height-default elementor-section-height-default\" data-id=\"bb78a84\" data-element_type=\"section\" data-e-type=\"section\">\n\t\t\t\t\t\t<div class=\"elementor-container elementor-column-gap-default\">\n\t\t\t\t\t<div class=\"elementor-column elementor-col-50 elementor-top-column elementor-element elementor-element-5c2201e\" data-id=\"5c2201e\" data-element_type=\"column\" data-e-type=\"column\">\n\t\t\t<div class=\"elementor-widget-wrap elementor-element-populated\">\n\t\t\t\t\t\t<div class=\"elementor-element elementor-element-a449ed8 elementor-widget elementor-widget-text-editor\" data-id=\"a449ed8\" data-element_type=\"widget\" data-e-type=\"widget\" data-widget_type=\"text-editor.default\">\n\t\t\t\t<div class=\"elementor-widget-container\">\n\t\t\t\t\t\t\t\t\t<p>On Friday morning, all good things must come to an end, so the listeners set off with weapons and luggage for a final stop at Thales Hellas, where they were welcomed by <strong><span style=\"color: #034b7b;\">Mr Patrick Defranoux<\/span><\/strong>country manager for Greece, Cyprus and the Eastern Balkans and CEO of Thales Hellas. They discovered that loyalty always pays off in the end. Indeed, even in the country's most difficult economic years, Thales has stood by Greece with a multi-domestic approach favouring local partnerships. This has made it all the easier for Thales to build on its current strength.<\/p>\t\t\t\t\t\t\t\t<\/div>\n\t\t\t\t<\/div>\n\t\t\t\t<div class=\"elementor-element elementor-element-10e6705 elementor-widget elementor-widget-text-editor\" data-id=\"10e6705\" data-element_type=\"widget\" data-e-type=\"widget\" data-widget_type=\"text-editor.default\">\n\t\t\t\t<div class=\"elementor-widget-container\">\n\t\t\t\t\t\t\t\t\t<p>After a final tasting of typical Greek cuisine offered by Thales, the audience left for the airport with a heavy heart and a longing for a country that had welcomed them in a particularly fraternal way, with countless expressions of friendship.<\/p>\t\t\t\t\t\t\t\t<\/div>\n\t\t\t\t<\/div>\n\t\t\t\t\t<\/div>\n\t\t<\/div>\n\t\t\t\t<div class=\"elementor-column elementor-col-50 elementor-top-column elementor-element elementor-element-b33181a\" data-id=\"b33181a\" data-element_type=\"column\" data-e-type=\"column\">\n\t\t\t<div class=\"elementor-widget-wrap elementor-element-populated\">\n\t\t\t\t\t\t<div class=\"elementor-element elementor-element-33f4fcf elementor-widget elementor-widget-image\" data-id=\"33f4fcf\" data-element_type=\"widget\" data-e-type=\"widget\" data-widget_type=\"image.default\">\n\t\t\t\t<div class=\"elementor-widget-container\">\n\t\t\t\t\t\t\t\t\t\t\t\t<figure class=\"wp-caption\">\n\t\t\t\t\t\t\t\t\t\t<img loading=\"lazy\" decoding=\"async\" width=\"801\" height=\"778\" src=\"https:\/\/ihedn.fr\/wp-content\/uploads\/2022\/05\/Thales.jpg\" class=\"attachment-full size-full wp-image-23269\" alt=\"M. Patrick Defranoux expliquant aux auditeurs l\u2019approche multidomestique de Thales\" \/>\t\t\t\t\t\t\t\t\t\t\t<figcaption class=\"widget-image-caption wp-caption-text\">Patrick Defranoux explaining Thales' multi-domestic approach to the audience<\/figcaption>\n\t\t\t\t\t\t\t\t\t\t<\/figure>\n\t\t\t\t\t\t\t\t\t<\/div>\n\t\t\t\t<\/div>\n\t\t\t\t\t<\/div>\n\t\t<\/div>\n\t\t\t\t\t<\/div>\n\t\t<\/section>\n\t\t\t\t<\/div>","protected":false},"excerpt":{"rendered":"<p>\u00c0 la barre de la majeure \u00ab\u00a0Enjeux et strat\u00e9gies maritimes\u00a0\u00bb de la session nationale, le g\u00e9n\u00e9ral de corps d\u2019arm\u00e9e Beno\u00eet Durieux a fait escale \u00e0 Ath\u00e8nes, o\u00f9 il a \u00e9t\u00e9 accueilli \u00e0 l\u2019Institut fran\u00e7ais de Gr\u00e8ce par S.E.M. Patrick Maisonnave \u2013 ambassadeur de France en Gr\u00e8ce. Ce pays maritime par excellence \u00e9tait une destination parfaitement [&hellip;]<\/p>\n","protected":false},"author":1,"featured_media":23254,"comment_status":"closed","ping_status":"closed","sticky":false,"template":"","format":"standard","meta":{"footnotes":""},"categories":[172],"tags":[],"class_list":["post-23251","post","type-post","status-publish","format-standard","has-post-thumbnail","hentry","category-notre-actualite"],"yoast_head":"<!-- This site is optimized with the Yoast SEO plugin v27.5 - https:\/\/yoast.com\/product\/yoast-seo-wordpress\/ -->\n<title>Escale en Gr\u00e8ce de la majeure \u00ab Enjeux et strat\u00e9gies maritimes \u00bb de la session nationale de l\u2019IHEDN - L&#039;IHEDN : Institut des hautes \u00e9tudes de d\u00e9fense nationale<\/title>\n<meta name=\"robots\" content=\"index, follow, max-snippet:-1, max-image-preview:large, max-video-preview:-1\" \/>\n<link rel=\"canonical\" href=\"https:\/\/ihedn.fr\/en\/actualites-des-sessions\/escale-en-grece-de-la-majeure-enjeux-et-strategies-maritimes-de-la-session-nationale-de-lihedn\/\" \/>\n<meta property=\"og:locale\" content=\"en_GB\" \/>\n<meta property=\"og:type\" content=\"article\" \/>\n<meta property=\"og:title\" content=\"Escale en Gr\u00e8ce de la majeure \u00ab Enjeux et strat\u00e9gies maritimes \u00bb de la session nationale de l\u2019IHEDN - L&#039;IHEDN : Institut des hautes \u00e9tudes de d\u00e9fense nationale\" \/>\n<meta property=\"og:description\" content=\"\u00c0 la barre de la majeure \u00ab\u00a0Enjeux et strat\u00e9gies maritimes\u00a0\u00bb de la session nationale, le g\u00e9n\u00e9ral de corps d\u2019arm\u00e9e Beno\u00eet Durieux a fait escale \u00e0 Ath\u00e8nes, o\u00f9 il a \u00e9t\u00e9 accueilli \u00e0 l\u2019Institut fran\u00e7ais de Gr\u00e8ce par S.E.M. Patrick Maisonnave \u2013 ambassadeur de France en Gr\u00e8ce. Ce pays maritime par excellence \u00e9tait une destination parfaitement [&hellip;]\" \/>\n<meta property=\"og:url\" content=\"https:\/\/ihedn.fr\/en\/actualites-des-sessions\/escale-en-grece-de-la-majeure-enjeux-et-strategies-maritimes-de-la-session-nationale-de-lihedn\/\" \/>\n<meta property=\"og:site_name\" content=\"L&#039;IHEDN : Institut des hautes \u00e9tudes de d\u00e9fense nationale\" \/>\n<meta property=\"article:publisher\" content=\"https:\/\/www.facebook.com\/ihedn\/\" \/>\n<meta property=\"article:published_time\" content=\"2022-05-23T16:06:18+00:00\" \/>\n<meta property=\"article:modified_time\" content=\"2022-11-25T14:22:32+00:00\" \/>\n<meta property=\"og:image\" content=\"https:\/\/ihedn.fr\/wp-content\/uploads\/2022\/05\/Coat-guard-Group-2.jpg\" \/>\n\t<meta property=\"og:image:width\" content=\"1453\" \/>\n\t<meta property=\"og:image:height\" content=\"610\" \/>\n\t<meta property=\"og:image:type\" content=\"image\/jpeg\" \/>\n<meta name=\"author\" content=\"dev\" \/>\n<meta name=\"twitter:card\" content=\"summary_large_image\" \/>\n<meta name=\"twitter:creator\" content=\"@IHEDN\" \/>\n<meta name=\"twitter:site\" content=\"@IHEDN\" \/>\n<meta name=\"twitter:label1\" content=\"Written by\" \/>\n\t<meta name=\"twitter:data1\" content=\"dev\" \/>\n\t<meta name=\"twitter:label2\" content=\"Estimated reading time\" \/>\n\t<meta name=\"twitter:data2\" content=\"12 minutes\" \/>\n<script type=\"application\/ld+json\" class=\"yoast-schema-graph\">{\"@context\":\"https:\\\/\\\/schema.org\",\"@graph\":[{\"@type\":\"Article\",\"@id\":\"https:\\\/\\\/ihedn.fr\\\/en\\\/actualites-des-sessions\\\/escale-en-grece-de-la-majeure-enjeux-et-strategies-maritimes-de-la-session-nationale-de-lihedn\\\/#article\",\"isPartOf\":{\"@id\":\"https:\\\/\\\/ihedn.fr\\\/en\\\/actualites-des-sessions\\\/escale-en-grece-de-la-majeure-enjeux-et-strategies-maritimes-de-la-session-nationale-de-lihedn\\\/\"},\"author\":{\"name\":\"dev\",\"@id\":\"https:\\\/\\\/ihedn.fr\\\/#\\\/schema\\\/person\\\/7a40155595e4efb35323447cb8c8c5a4\"},\"headline\":\"Escale en Gr\u00e8ce de la majeure \u00ab Enjeux et strat\u00e9gies maritimes \u00bb de la session nationale de l\u2019IHEDN\",\"datePublished\":\"2022-05-23T16:06:18+00:00\",\"dateModified\":\"2022-11-25T14:22:32+00:00\",\"mainEntityOfPage\":{\"@id\":\"https:\\\/\\\/ihedn.fr\\\/en\\\/actualites-des-sessions\\\/escale-en-grece-de-la-majeure-enjeux-et-strategies-maritimes-de-la-session-nationale-de-lihedn\\\/\"},\"wordCount\":1694,\"publisher\":{\"@id\":\"https:\\\/\\\/ihedn.fr\\\/#organization\"},\"image\":{\"@id\":\"https:\\\/\\\/ihedn.fr\\\/en\\\/actualites-des-sessions\\\/escale-en-grece-de-la-majeure-enjeux-et-strategies-maritimes-de-la-session-nationale-de-lihedn\\\/#primaryimage\"},\"thumbnailUrl\":\"https:\\\/\\\/ihedn.fr\\\/wp-content\\\/uploads\\\/2022\\\/05\\\/Coat-guard-Group-2.jpg\",\"articleSection\":[\"Notre actualit\u00e9\"],\"inLanguage\":\"en-GB\"},{\"@type\":\"WebPage\",\"@id\":\"https:\\\/\\\/ihedn.fr\\\/en\\\/actualites-des-sessions\\\/escale-en-grece-de-la-majeure-enjeux-et-strategies-maritimes-de-la-session-nationale-de-lihedn\\\/\",\"url\":\"https:\\\/\\\/ihedn.fr\\\/en\\\/actualites-des-sessions\\\/escale-en-grece-de-la-majeure-enjeux-et-strategies-maritimes-de-la-session-nationale-de-lihedn\\\/\",\"name\":\"Escale en Gr\u00e8ce de la majeure \u00ab Enjeux et strat\u00e9gies maritimes \u00bb de la session nationale de l\u2019IHEDN - L&#039;IHEDN : Institut des hautes \u00e9tudes de d\u00e9fense nationale\",\"isPartOf\":{\"@id\":\"https:\\\/\\\/ihedn.fr\\\/#website\"},\"primaryImageOfPage\":{\"@id\":\"https:\\\/\\\/ihedn.fr\\\/en\\\/actualites-des-sessions\\\/escale-en-grece-de-la-majeure-enjeux-et-strategies-maritimes-de-la-session-nationale-de-lihedn\\\/#primaryimage\"},\"image\":{\"@id\":\"https:\\\/\\\/ihedn.fr\\\/en\\\/actualites-des-sessions\\\/escale-en-grece-de-la-majeure-enjeux-et-strategies-maritimes-de-la-session-nationale-de-lihedn\\\/#primaryimage\"},\"thumbnailUrl\":\"https:\\\/\\\/ihedn.fr\\\/wp-content\\\/uploads\\\/2022\\\/05\\\/Coat-guard-Group-2.jpg\",\"datePublished\":\"2022-05-23T16:06:18+00:00\",\"dateModified\":\"2022-11-25T14:22:32+00:00\",\"breadcrumb\":{\"@id\":\"https:\\\/\\\/ihedn.fr\\\/en\\\/actualites-des-sessions\\\/escale-en-grece-de-la-majeure-enjeux-et-strategies-maritimes-de-la-session-nationale-de-lihedn\\\/#breadcrumb\"},\"inLanguage\":\"en-GB\",\"potentialAction\":[{\"@type\":\"ReadAction\",\"target\":[\"https:\\\/\\\/ihedn.fr\\\/en\\\/actualites-des-sessions\\\/escale-en-grece-de-la-majeure-enjeux-et-strategies-maritimes-de-la-session-nationale-de-lihedn\\\/\"]}]},{\"@type\":\"ImageObject\",\"inLanguage\":\"en-GB\",\"@id\":\"https:\\\/\\\/ihedn.fr\\\/en\\\/actualites-des-sessions\\\/escale-en-grece-de-la-majeure-enjeux-et-strategies-maritimes-de-la-session-nationale-de-lihedn\\\/#primaryimage\",\"url\":\"https:\\\/\\\/ihedn.fr\\\/wp-content\\\/uploads\\\/2022\\\/05\\\/Coat-guard-Group-2.jpg\",\"contentUrl\":\"https:\\\/\\\/ihedn.fr\\\/wp-content\\\/uploads\\\/2022\\\/05\\\/Coat-guard-Group-2.jpg\",\"width\":1453,\"height\":610,\"caption\":\"Les auditeurs autour de M. Giannis Plakiotakis, et du vice-amiral Theodoros Kliaris\"},{\"@type\":\"BreadcrumbList\",\"@id\":\"https:\\\/\\\/ihedn.fr\\\/en\\\/actualites-des-sessions\\\/escale-en-grece-de-la-majeure-enjeux-et-strategies-maritimes-de-la-session-nationale-de-lihedn\\\/#breadcrumb\",\"itemListElement\":[{\"@type\":\"ListItem\",\"position\":1,\"name\":\"Accueil\",\"item\":\"https:\\\/\\\/ihedn.fr\\\/\"},{\"@type\":\"ListItem\",\"position\":2,\"name\":\"Escale en Gr\u00e8ce de la majeure \u00ab Enjeux et strat\u00e9gies maritimes \u00bb de la session nationale de l\u2019IHEDN\"}]},{\"@type\":\"WebSite\",\"@id\":\"https:\\\/\\\/ihedn.fr\\\/#website\",\"url\":\"https:\\\/\\\/ihedn.fr\\\/\",\"name\":\"IHEDN : Institut des hautes \u00e9tudes de d\u00e9fense nationale |\",\"description\":\"Site officiel de l&#039;IHEDN plac\u00e9 sous la tutelle du Premier ministre.\",\"publisher\":{\"@id\":\"https:\\\/\\\/ihedn.fr\\\/#organization\"},\"potentialAction\":[{\"@type\":\"SearchAction\",\"target\":{\"@type\":\"EntryPoint\",\"urlTemplate\":\"https:\\\/\\\/ihedn.fr\\\/?s={search_term_string}\"},\"query-input\":{\"@type\":\"PropertyValueSpecification\",\"valueRequired\":true,\"valueName\":\"search_term_string\"}}],\"inLanguage\":\"en-GB\"},{\"@type\":\"Organization\",\"@id\":\"https:\\\/\\\/ihedn.fr\\\/#organization\",\"name\":\"IHEDN - Institut des Hautes Etudes de D\u00e9fense Nationale\",\"url\":\"https:\\\/\\\/ihedn.fr\\\/\",\"logo\":{\"@type\":\"ImageObject\",\"inLanguage\":\"en-GB\",\"@id\":\"https:\\\/\\\/ihedn.fr\\\/#\\\/schema\\\/logo\\\/image\\\/\",\"url\":\"https:\\\/\\\/ihedn.fr\\\/wp-content\\\/uploads\\\/2020\\\/11\\\/BLOC_RF_IHEDN_WEB.png\",\"contentUrl\":\"https:\\\/\\\/ihedn.fr\\\/wp-content\\\/uploads\\\/2020\\\/11\\\/BLOC_RF_IHEDN_WEB.png\",\"width\":500,\"height\":237,\"caption\":\"IHEDN - Institut des Hautes Etudes de D\u00e9fense Nationale\"},\"image\":{\"@id\":\"https:\\\/\\\/ihedn.fr\\\/#\\\/schema\\\/logo\\\/image\\\/\"},\"sameAs\":[\"https:\\\/\\\/www.facebook.com\\\/ihedn\\\/\",\"https:\\\/\\\/x.com\\\/IHEDN\",\"https:\\\/\\\/www.instagram.com\\\/ihedn\\\/\",\"https:\\\/\\\/www.linkedin.com\\\/school\\\/ihedn\\\/\",\"https:\\\/\\\/fr.wikipedia.org\\\/wiki\\\/Institut_des_hautes_\u00e9tudes_de_D\u00e9fense_nationale\"]},{\"@type\":\"Person\",\"@id\":\"https:\\\/\\\/ihedn.fr\\\/#\\\/schema\\\/person\\\/7a40155595e4efb35323447cb8c8c5a4\",\"name\":\"dev\",\"image\":{\"@type\":\"ImageObject\",\"inLanguage\":\"en-GB\",\"@id\":\"https:\\\/\\\/secure.gravatar.com\\\/avatar\\\/f1ffcac9ca2fa95ad3ec33e9be3ade82f752acb0cabe541e56c5889225afa88a?s=96&d=mm&r=g\",\"url\":\"https:\\\/\\\/secure.gravatar.com\\\/avatar\\\/f1ffcac9ca2fa95ad3ec33e9be3ade82f752acb0cabe541e56c5889225afa88a?s=96&d=mm&r=g\",\"contentUrl\":\"https:\\\/\\\/secure.gravatar.com\\\/avatar\\\/f1ffcac9ca2fa95ad3ec33e9be3ade82f752acb0cabe541e56c5889225afa88a?s=96&d=mm&r=g\",\"caption\":\"dev\"},\"sameAs\":[\"https:\\\/\\\/ihedn.concilium.click\"],\"url\":\"https:\\\/\\\/ihedn.fr\\\/en\\\/author\\\/dev\\\/\"}]}<\/script>\n<!-- \/ Yoast SEO plugin. -->","yoast_head_json":{"title":"Stopover in Greece for the \"Maritime issues and strategies\" major of the IHEDN national session - L'IHEDN : Institut des hautes \u00e9tudes de d\u00e9fense nationale","robots":{"index":"index","follow":"follow","max-snippet":"max-snippet:-1","max-image-preview":"max-image-preview:large","max-video-preview":"max-video-preview:-1"},"canonical":"https:\/\/ihedn.fr\/en\/actualites-des-sessions\/escale-en-grece-de-la-majeure-enjeux-et-strategies-maritimes-de-la-session-nationale-de-lihedn\/","og_locale":"en_GB","og_type":"article","og_title":"Escale en Gr\u00e8ce de la majeure \u00ab Enjeux et strat\u00e9gies maritimes \u00bb de la session nationale de l\u2019IHEDN - L&#039;IHEDN : Institut des hautes \u00e9tudes de d\u00e9fense nationale","og_description":"\u00c0 la barre de la majeure \u00ab\u00a0Enjeux et strat\u00e9gies maritimes\u00a0\u00bb de la session nationale, le g\u00e9n\u00e9ral de corps d\u2019arm\u00e9e Beno\u00eet Durieux a fait escale \u00e0 Ath\u00e8nes, o\u00f9 il a \u00e9t\u00e9 accueilli \u00e0 l\u2019Institut fran\u00e7ais de Gr\u00e8ce par S.E.M. Patrick Maisonnave \u2013 ambassadeur de France en Gr\u00e8ce. Ce pays maritime par excellence \u00e9tait une destination parfaitement [&hellip;]","og_url":"https:\/\/ihedn.fr\/en\/actualites-des-sessions\/escale-en-grece-de-la-majeure-enjeux-et-strategies-maritimes-de-la-session-nationale-de-lihedn\/","og_site_name":"L&#039;IHEDN : Institut des hautes \u00e9tudes de d\u00e9fense nationale","article_publisher":"https:\/\/www.facebook.com\/ihedn\/","article_published_time":"2022-05-23T16:06:18+00:00","article_modified_time":"2022-11-25T14:22:32+00:00","og_image":[{"width":1453,"height":610,"url":"https:\/\/ihedn.fr\/wp-content\/uploads\/2022\/05\/Coat-guard-Group-2.jpg","type":"image\/jpeg"}],"author":"dev","twitter_card":"summary_large_image","twitter_creator":"@IHEDN","twitter_site":"@IHEDN","twitter_misc":{"Written by":"dev","Estimated reading time":"12 minutes"},"schema":{"@context":"https:\/\/schema.org","@graph":[{"@type":"Article","@id":"https:\/\/ihedn.fr\/en\/actualites-des-sessions\/escale-en-grece-de-la-majeure-enjeux-et-strategies-maritimes-de-la-session-nationale-de-lihedn\/#article","isPartOf":{"@id":"https:\/\/ihedn.fr\/en\/actualites-des-sessions\/escale-en-grece-de-la-majeure-enjeux-et-strategies-maritimes-de-la-session-nationale-de-lihedn\/"},"author":{"name":"dev","@id":"https:\/\/ihedn.fr\/#\/schema\/person\/7a40155595e4efb35323447cb8c8c5a4"},"headline":"Escale en Gr\u00e8ce de la majeure \u00ab Enjeux et strat\u00e9gies maritimes \u00bb de la session nationale de l\u2019IHEDN","datePublished":"2022-05-23T16:06:18+00:00","dateModified":"2022-11-25T14:22:32+00:00","mainEntityOfPage":{"@id":"https:\/\/ihedn.fr\/en\/actualites-des-sessions\/escale-en-grece-de-la-majeure-enjeux-et-strategies-maritimes-de-la-session-nationale-de-lihedn\/"},"wordCount":1694,"publisher":{"@id":"https:\/\/ihedn.fr\/#organization"},"image":{"@id":"https:\/\/ihedn.fr\/en\/actualites-des-sessions\/escale-en-grece-de-la-majeure-enjeux-et-strategies-maritimes-de-la-session-nationale-de-lihedn\/#primaryimage"},"thumbnailUrl":"https:\/\/ihedn.fr\/wp-content\/uploads\/2022\/05\/Coat-guard-Group-2.jpg","articleSection":["Notre actualit\u00e9"],"inLanguage":"en-GB"},{"@type":"WebPage","@id":"https:\/\/ihedn.fr\/en\/actualites-des-sessions\/escale-en-grece-de-la-majeure-enjeux-et-strategies-maritimes-de-la-session-nationale-de-lihedn\/","url":"https:\/\/ihedn.fr\/en\/actualites-des-sessions\/escale-en-grece-de-la-majeure-enjeux-et-strategies-maritimes-de-la-session-nationale-de-lihedn\/","name":"Stopover in Greece for the \"Maritime issues and strategies\" major of the IHEDN national session - L'IHEDN : Institut des hautes \u00e9tudes de d\u00e9fense nationale","isPartOf":{"@id":"https:\/\/ihedn.fr\/#website"},"primaryImageOfPage":{"@id":"https:\/\/ihedn.fr\/en\/actualites-des-sessions\/escale-en-grece-de-la-majeure-enjeux-et-strategies-maritimes-de-la-session-nationale-de-lihedn\/#primaryimage"},"image":{"@id":"https:\/\/ihedn.fr\/en\/actualites-des-sessions\/escale-en-grece-de-la-majeure-enjeux-et-strategies-maritimes-de-la-session-nationale-de-lihedn\/#primaryimage"},"thumbnailUrl":"https:\/\/ihedn.fr\/wp-content\/uploads\/2022\/05\/Coat-guard-Group-2.jpg","datePublished":"2022-05-23T16:06:18+00:00","dateModified":"2022-11-25T14:22:32+00:00","breadcrumb":{"@id":"https:\/\/ihedn.fr\/en\/actualites-des-sessions\/escale-en-grece-de-la-majeure-enjeux-et-strategies-maritimes-de-la-session-nationale-de-lihedn\/#breadcrumb"},"inLanguage":"en-GB","potentialAction":[{"@type":"ReadAction","target":["https:\/\/ihedn.fr\/en\/actualites-des-sessions\/escale-en-grece-de-la-majeure-enjeux-et-strategies-maritimes-de-la-session-nationale-de-lihedn\/"]}]},{"@type":"ImageObject","inLanguage":"en-GB","@id":"https:\/\/ihedn.fr\/en\/actualites-des-sessions\/escale-en-grece-de-la-majeure-enjeux-et-strategies-maritimes-de-la-session-nationale-de-lihedn\/#primaryimage","url":"https:\/\/ihedn.fr\/wp-content\/uploads\/2022\/05\/Coat-guard-Group-2.jpg","contentUrl":"https:\/\/ihedn.fr\/wp-content\/uploads\/2022\/05\/Coat-guard-Group-2.jpg","width":1453,"height":610,"caption":"Les auditeurs autour de M. Giannis Plakiotakis, et du vice-amiral Theodoros Kliaris"},{"@type":"BreadcrumbList","@id":"https:\/\/ihedn.fr\/en\/actualites-des-sessions\/escale-en-grece-de-la-majeure-enjeux-et-strategies-maritimes-de-la-session-nationale-de-lihedn\/#breadcrumb","itemListElement":[{"@type":"ListItem","position":1,"name":"Accueil","item":"https:\/\/ihedn.fr\/"},{"@type":"ListItem","position":2,"name":"Escale en Gr\u00e8ce de la majeure \u00ab Enjeux et strat\u00e9gies maritimes \u00bb de la session nationale de l\u2019IHEDN"}]},{"@type":"WebSite","@id":"https:\/\/ihedn.fr\/#website","url":"https:\/\/ihedn.fr\/","name":"IHEDN: Institut des hautes \u00e9tudes de d\u00e9fense nationale (Institute for Higher National Defence Studies)","description":"Official website of the IHEDN under the supervision of the Prime Minister.","publisher":{"@id":"https:\/\/ihedn.fr\/#organization"},"potentialAction":[{"@type":"SearchAction","target":{"@type":"EntryPoint","urlTemplate":"https:\/\/ihedn.fr\/?s={search_term_string}"},"query-input":{"@type":"PropertyValueSpecification","valueRequired":true,"valueName":"search_term_string"}}],"inLanguage":"en-GB"},{"@type":"Organization","@id":"https:\/\/ihedn.fr\/#organization","name":"IHEDN - Institute for Higher National Defence Studies","url":"https:\/\/ihedn.fr\/","logo":{"@type":"ImageObject","inLanguage":"en-GB","@id":"https:\/\/ihedn.fr\/#\/schema\/logo\/image\/","url":"https:\/\/ihedn.fr\/wp-content\/uploads\/2020\/11\/BLOC_RF_IHEDN_WEB.png","contentUrl":"https:\/\/ihedn.fr\/wp-content\/uploads\/2020\/11\/BLOC_RF_IHEDN_WEB.png","width":500,"height":237,"caption":"IHEDN - Institut des Hautes Etudes de D\u00e9fense Nationale"},"image":{"@id":"https:\/\/ihedn.fr\/#\/schema\/logo\/image\/"},"sameAs":["https:\/\/www.facebook.com\/ihedn\/","https:\/\/x.com\/IHEDN","https:\/\/www.instagram.com\/ihedn\/","https:\/\/www.linkedin.com\/school\/ihedn\/","https:\/\/fr.wikipedia.org\/wiki\/Institut_des_hautes_\u00e9tudes_de_D\u00e9fense_nationale"]},{"@type":"Person","@id":"https:\/\/ihedn.fr\/#\/schema\/person\/7a40155595e4efb35323447cb8c8c5a4","name":"dev","image":{"@type":"ImageObject","inLanguage":"en-GB","@id":"https:\/\/secure.gravatar.com\/avatar\/f1ffcac9ca2fa95ad3ec33e9be3ade82f752acb0cabe541e56c5889225afa88a?s=96&d=mm&r=g","url":"https:\/\/secure.gravatar.com\/avatar\/f1ffcac9ca2fa95ad3ec33e9be3ade82f752acb0cabe541e56c5889225afa88a?s=96&d=mm&r=g","contentUrl":"https:\/\/secure.gravatar.com\/avatar\/f1ffcac9ca2fa95ad3ec33e9be3ade82f752acb0cabe541e56c5889225afa88a?s=96&d=mm&r=g","caption":"dev"},"sameAs":["https:\/\/ihedn.concilium.click"],"url":"https:\/\/ihedn.fr\/en\/author\/dev\/"}]}},"publishpress_future_action":{"enabled":false,"date":"2026-05-08 23:27:21","action":"change-status","newStatus":"draft","terms":[],"taxonomy":"category","extraData":[]},"publishpress_future_workflow_manual_trigger":{"enabledWorkflows":[]},"_links":{"self":[{"href":"https:\/\/ihedn.fr\/en\/wp-json\/wp\/v2\/posts\/23251","targetHints":{"allow":["GET"]}}],"collection":[{"href":"https:\/\/ihedn.fr\/en\/wp-json\/wp\/v2\/posts"}],"about":[{"href":"https:\/\/ihedn.fr\/en\/wp-json\/wp\/v2\/types\/post"}],"author":[{"embeddable":true,"href":"https:\/\/ihedn.fr\/en\/wp-json\/wp\/v2\/users\/1"}],"replies":[{"embeddable":true,"href":"https:\/\/ihedn.fr\/en\/wp-json\/wp\/v2\/comments?post=23251"}],"version-history":[{"count":5,"href":"https:\/\/ihedn.fr\/en\/wp-json\/wp\/v2\/posts\/23251\/revisions"}],"predecessor-version":[{"id":23278,"href":"https:\/\/ihedn.fr\/en\/wp-json\/wp\/v2\/posts\/23251\/revisions\/23278"}],"wp:featuredmedia":[{"embeddable":true,"href":"https:\/\/ihedn.fr\/en\/wp-json\/wp\/v2\/media\/23254"}],"wp:attachment":[{"href":"https:\/\/ihedn.fr\/en\/wp-json\/wp\/v2\/media?parent=23251"}],"wp:term":[{"taxonomy":"category","embeddable":true,"href":"https:\/\/ihedn.fr\/en\/wp-json\/wp\/v2\/categories?post=23251"},{"taxonomy":"post_tag","embeddable":true,"href":"https:\/\/ihedn.fr\/en\/wp-json\/wp\/v2\/tags?post=23251"}],"curies":[{"name":"wp","href":"https:\/\/api.w.org\/{rel}","templated":true}]}}