{"id":23631,"date":"2022-06-14T08:24:22","date_gmt":"2022-06-14T07:24:22","guid":{"rendered":"https:\/\/ihedn.fr\/?p=23631"},"modified":"2022-11-25T15:22:31","modified_gmt":"2022-11-25T14:22:31","slug":"lancement-de-la-22e-session-du-forum-de-lihedn-sur-le-continent-africain-fica-a-lecole-militaire","status":"publish","type":"post","link":"https:\/\/ihedn.fr\/en\/notre-actualite\/lancement-de-la-22e-session-du-forum-de-lihedn-sur-le-continent-africain-fica-a-lecole-militaire\/","title":{"rendered":"Launch of the 22<sup>e<\/sup> session of the IHEDN Forum on the African continent (FICA) at the Ecole Militaire"},"content":{"rendered":"<div data-elementor-type=\"wp-post\" data-elementor-id=\"23631\" class=\"elementor elementor-23631\" data-elementor-post-type=\"post\">\n\t\t\t\t\t\t<section data-particle_enable=\"false\" data-particle-mobile-disabled=\"false\" class=\"elementor-section elementor-top-section elementor-element elementor-element-815e05d elementor-section-boxed elementor-section-height-default elementor-section-height-default\" data-id=\"815e05d\" data-element_type=\"section\" data-e-type=\"section\">\n\t\t\t\t\t\t<div class=\"elementor-container elementor-column-gap-default\">\n\t\t\t\t\t<div class=\"elementor-column elementor-col-100 elementor-top-column elementor-element elementor-element-1a4e3dd\" data-id=\"1a4e3dd\" data-element_type=\"column\" data-e-type=\"column\">\n\t\t\t<div class=\"elementor-widget-wrap\">\n\t\t\t\t\t\t\t<\/div>\n\t\t<\/div>\n\t\t\t\t\t<\/div>\n\t\t<\/section>\n\t\t\t\t<section data-particle_enable=\"false\" data-particle-mobile-disabled=\"false\" class=\"elementor-section elementor-top-section elementor-element elementor-element-135e3db elementor-section-boxed elementor-section-height-default elementor-section-height-default\" data-id=\"135e3db\" data-element_type=\"section\" data-e-type=\"section\">\n\t\t\t\t\t\t<div class=\"elementor-container elementor-column-gap-default\">\n\t\t\t\t\t<div class=\"elementor-column elementor-col-50 elementor-top-column elementor-element elementor-element-90a268c\" data-id=\"90a268c\" data-element_type=\"column\" data-e-type=\"column\">\n\t\t\t<div class=\"elementor-widget-wrap elementor-element-populated\">\n\t\t\t\t\t\t<div class=\"elementor-element elementor-element-dd4c88e elementor-widget elementor-widget-image\" data-id=\"dd4c88e\" data-element_type=\"widget\" data-e-type=\"widget\" data-widget_type=\"image.default\">\n\t\t\t\t<div class=\"elementor-widget-container\">\n\t\t\t\t\t\t\t\t\t\t\t\t\t\t\t<img fetchpriority=\"high\" decoding=\"async\" width=\"1453\" height=\"968\" src=\"https:\/\/ihedn.fr\/wp-content\/uploads\/2022\/06\/w-20220613-\u00aeIHEDN-22e-FICA-001.jpg\" class=\"attachment-full size-full wp-image-23633\" alt=\"\u00aeIHEDN-22e FICA\" \/>\t\t\t\t\t\t\t\t\t\t\t\t\t\t\t<\/div>\n\t\t\t\t<\/div>\n\t\t\t\t<div class=\"elementor-element elementor-element-620cc88 elementor-widget elementor-widget-image\" data-id=\"620cc88\" data-element_type=\"widget\" data-e-type=\"widget\" data-widget_type=\"image.default\">\n\t\t\t\t<div class=\"elementor-widget-container\">\n\t\t\t\t\t\t\t\t\t\t\t\t\t\t\t<img decoding=\"async\" width=\"1453\" height=\"1001\" src=\"https:\/\/ihedn.fr\/wp-content\/uploads\/2022\/06\/w-20220613-\u00aeIHEDN-22e-FICA-002.jpg\" class=\"attachment-full size-full wp-image-23634\" alt=\"\u00aeIHEDN-22e FICA\" \/>\t\t\t\t\t\t\t\t\t\t\t\t\t\t\t<\/div>\n\t\t\t\t<\/div>\n\t\t\t\t\t<\/div>\n\t\t<\/div>\n\t\t\t\t<div class=\"elementor-column elementor-col-50 elementor-top-column elementor-element elementor-element-10bff4c\" data-id=\"10bff4c\" data-element_type=\"column\" data-e-type=\"column\">\n\t\t\t<div class=\"elementor-widget-wrap elementor-element-populated\">\n\t\t\t\t\t\t<div class=\"elementor-element elementor-element-d33d5f2 elementor-widget elementor-widget-text-editor\" data-id=\"d33d5f2\" data-element_type=\"widget\" data-e-type=\"widget\" data-widget_type=\"text-editor.default\">\n\t\t\t\t<div class=\"elementor-widget-container\">\n\t\t\t\t\t\t\t\t\t<strong><span style=\"color: #034b7b;\">The 22nd session of the IHEDN Forum on the African Continent (FICA) opened on Monday 13 June 2022 with a keynote speech by General Durieux, Director of the IHEDN (Institut des Hautes Etudes de la D\u00e9fense Nationale) and General Marchand, Director of the DCSD (Direction de la Coop\u00e9ration de S\u00e9curit\u00e9 et de D\u00e9fense) of the French Ministry of Europe and Foreign Affairs.\n<\/span><\/strong>\t\t\t\t\t\t\t\t<\/div>\n\t\t\t\t<\/div>\n\t\t\t\t<div class=\"elementor-element elementor-element-906b1c8 elementor-widget elementor-widget-text-editor\" data-id=\"906b1c8\" data-element_type=\"widget\" data-e-type=\"widget\" data-widget_type=\"text-editor.default\">\n\t\t\t\t<div class=\"elementor-widget-container\">\n\t\t\t\t\t\t\t\t\t<p>After two lectures on the objectives of French diplomacy and the European Union's commitment to Africa, the audience, divided into five committee groups, discussed several major themes: \"prospects for regional cooperation in security and defence\", \"what do you expect from France and Europeans\", \"security, energy and climate\", \"assessment of UN and EU missions\", \"Africa and France in the face of current geopolitical crises\".<\/p><p>From 13 to 18 June, some fifty African civilian and military students will be attending study conferences and field visits, including the Eurosatory arms fair, on the theme of \"\u00a0<strong>New forms of conflict, new partnerships<\/strong>\u00a0\".<\/p>\t\t\t\t\t\t\t\t<\/div>\n\t\t\t\t<\/div>\n\t\t\t\t\t<\/div>\n\t\t<\/div>\n\t\t\t\t\t<\/div>\n\t\t<\/section>\n\t\t\t\t<section data-particle_enable=\"false\" data-particle-mobile-disabled=\"false\" class=\"elementor-section elementor-top-section elementor-element elementor-element-84806ee elementor-section-boxed elementor-section-height-default elementor-section-height-default\" data-id=\"84806ee\" data-element_type=\"section\" data-e-type=\"section\">\n\t\t\t\t\t\t<div class=\"elementor-container elementor-column-gap-default\">\n\t\t\t\t\t<div class=\"elementor-column elementor-col-100 elementor-top-column elementor-element elementor-element-36d7c2e\" data-id=\"36d7c2e\" data-element_type=\"column\" data-e-type=\"column\">\n\t\t\t<div class=\"elementor-widget-wrap elementor-element-populated\">\n\t\t\t\t\t\t<div class=\"elementor-element elementor-element-aa5992f elementor-widget elementor-widget-image\" data-id=\"aa5992f\" data-element_type=\"widget\" data-e-type=\"widget\" data-widget_type=\"image.default\">\n\t\t\t\t<div class=\"elementor-widget-container\">\n\t\t\t\t\t\t\t\t\t\t\t\t\t\t\t<img decoding=\"async\" width=\"1453\" height=\"1027\" src=\"https:\/\/ihedn.fr\/wp-content\/uploads\/2022\/06\/w-IHEDN-22e-FICA-officielle.jpg\" class=\"attachment-full size-full wp-image-23636\" alt=\"\u00aeIHEDN-22e FICA\" \/>\t\t\t\t\t\t\t\t\t\t\t\t\t\t\t<\/div>\n\t\t\t\t<\/div>\n\t\t\t\t\t<\/div>\n\t\t<\/div>\n\t\t\t\t\t<\/div>\n\t\t<\/section>\n\t\t\t\t<section data-particle_enable=\"false\" data-particle-mobile-disabled=\"false\" class=\"elementor-section elementor-top-section elementor-element elementor-element-b52cdfe elementor-section-boxed elementor-section-height-default elementor-section-height-default\" data-id=\"b52cdfe\" data-element_type=\"section\" data-e-type=\"section\">\n\t\t\t\t\t\t<div class=\"elementor-container elementor-column-gap-default\">\n\t\t\t\t\t<div class=\"elementor-column elementor-col-100 elementor-top-column elementor-element elementor-element-47fe352\" data-id=\"47fe352\" data-element_type=\"column\" data-e-type=\"column\">\n\t\t\t<div class=\"elementor-widget-wrap elementor-element-populated\">\n\t\t\t\t\t\t<div class=\"elementor-element elementor-element-827620d elementor-widget-divider--view-line elementor-widget elementor-widget-divider\" data-id=\"827620d\" data-element_type=\"widget\" data-e-type=\"widget\" data-widget_type=\"divider.default\">\n\t\t\t\t<div class=\"elementor-widget-container\">\n\t\t\t\t\t\t\t<div class=\"elementor-divider\">\n\t\t\t<span class=\"elementor-divider-separator\">\n\t\t\t\t\t\t<\/span>\n\t\t<\/div>\n\t\t\t\t\t\t<\/div>\n\t\t\t\t<\/div>\n\t\t\t\t<div class=\"elementor-element elementor-element-2f531c6 elementor-widget elementor-widget-text-editor\" data-id=\"2f531c6\" data-element_type=\"widget\" data-e-type=\"widget\" data-widget_type=\"text-editor.default\">\n\t\t\t\t<div class=\"elementor-widget-container\">\n\t\t\t\t\t\t\t\t\t<p><strong>Launching of the 22nd session of the IHEDN Forum on the African continent (FICA) at the Military school.<\/strong><\/p><p>The 22nd session of the IHEDN Forum on the African continent (FICA) started on Monday 13 June 2022 with an opening speech given by General Durieux, Director of the IHEDN (Institute for High Defense Studies) and General Marchand, Director of the DCSD (Directorate of Security and Defense Cooperation) of the Ministry of Foreign Affairs.<\/p><p>After two conferences on the objectives of French diplomacy and the commitment of the European Union in Africa, the attendees, divided into five committee groups, discussed several major themes: \"prospects for regional cooperation in security and defence\", \"what do you expect from France and the Europeans\", \"security, energy and climate\", \"assessment of UN and EU missions\", \"Africa and France faced with current geopolitical crises\".<\/p><p>From 13 to 18 June, some fifty African civilian and military auditors will attend study conferences and field visits, including Eurosatory, on the theme \"\u00a0<strong>New forms of conflict, new partnerships<\/strong>\" .<\/p>\t\t\t\t\t\t\t\t<\/div>\n\t\t\t\t<\/div>\n\t\t\t\t\t<\/div>\n\t\t<\/div>\n\t\t\t\t\t<\/div>\n\t\t<\/section>\n\t\t\t\t<\/div>","protected":false},"excerpt":{"rendered":"<p>La 22e session du forum de l\u2019IHEDN sur le continent africain (FICA) a d\u00e9but\u00e9 le lundi 13 juin 2022 par un discours d\u2019ouverture donn\u00e9 par le g\u00e9n\u00e9ral Durieux, Directeur de l\u2019IHEDN (Institut des Hautes Etudes de la D\u00e9fense nationale) et le g\u00e9n\u00e9ral Marchand, Directeur de la DCSD (Direction de la Coop\u00e9ration de S\u00e9curit\u00e9 et de [&hellip;]<\/p>\n","protected":false},"author":1,"featured_media":23635,"comment_status":"closed","ping_status":"closed","sticky":false,"template":"","format":"standard","meta":{"footnotes":""},"categories":[172],"tags":[],"class_list":["post-23631","post","type-post","status-publish","format-standard","has-post-thumbnail","hentry","category-notre-actualite"],"yoast_head":"<!-- This site is optimized with the Yoast SEO plugin v27.5 - https:\/\/yoast.com\/product\/yoast-seo-wordpress\/ -->\n<title>Lancement de la 22e session du Forum de l\u2019IHEDN sur le continent africain (FICA) \u00e0 l\u2019Ecole Militaire - L&#039;IHEDN : Institut des hautes \u00e9tudes de d\u00e9fense nationale<\/title>\n<meta name=\"robots\" content=\"index, follow, max-snippet:-1, max-image-preview:large, max-video-preview:-1\" \/>\n<link rel=\"canonical\" href=\"https:\/\/ihedn.fr\/en\/actualites-des-sessions\/lancement-de-la-22e-session-du-forum-de-lihedn-sur-le-continent-africain-fica-a-lecole-militaire\/\" \/>\n<meta property=\"og:locale\" content=\"en_GB\" \/>\n<meta property=\"og:type\" content=\"article\" \/>\n<meta property=\"og:title\" content=\"Lancement de la 22e session du Forum de l\u2019IHEDN sur le continent africain (FICA) \u00e0 l\u2019Ecole Militaire - L&#039;IHEDN : Institut des hautes \u00e9tudes de d\u00e9fense nationale\" \/>\n<meta property=\"og:description\" content=\"La 22e session du forum de l\u2019IHEDN sur le continent africain (FICA) a d\u00e9but\u00e9 le lundi 13 juin 2022 par un discours d\u2019ouverture donn\u00e9 par le g\u00e9n\u00e9ral Durieux, Directeur de l\u2019IHEDN (Institut des Hautes Etudes de la D\u00e9fense nationale) et le g\u00e9n\u00e9ral Marchand, Directeur de la DCSD (Direction de la Coop\u00e9ration de S\u00e9curit\u00e9 et de [&hellip;]\" \/>\n<meta property=\"og:url\" content=\"https:\/\/ihedn.fr\/en\/actualites-des-sessions\/lancement-de-la-22e-session-du-forum-de-lihedn-sur-le-continent-africain-fica-a-lecole-militaire\/\" \/>\n<meta property=\"og:site_name\" content=\"L&#039;IHEDN : Institut des hautes \u00e9tudes de d\u00e9fense nationale\" \/>\n<meta property=\"article:publisher\" content=\"https:\/\/www.facebook.com\/ihedn\/\" \/>\n<meta property=\"article:published_time\" content=\"2022-06-14T07:24:22+00:00\" \/>\n<meta property=\"article:modified_time\" content=\"2022-11-25T14:22:31+00:00\" \/>\n<meta property=\"og:image\" content=\"https:\/\/ihedn.fr\/wp-content\/uploads\/2022\/06\/w-20220613-\u00aeIHEDN-22e-FICA-003.jpg\" \/>\n\t<meta property=\"og:image:width\" content=\"1453\" \/>\n\t<meta property=\"og:image:height\" content=\"701\" \/>\n\t<meta property=\"og:image:type\" content=\"image\/jpeg\" \/>\n<meta name=\"author\" content=\"dev\" \/>\n<meta name=\"twitter:card\" content=\"summary_large_image\" \/>\n<meta name=\"twitter:creator\" content=\"@IHEDN\" \/>\n<meta name=\"twitter:site\" content=\"@IHEDN\" \/>\n<meta name=\"twitter:label1\" content=\"Written by\" \/>\n\t<meta name=\"twitter:data1\" content=\"dev\" \/>\n\t<meta name=\"twitter:label2\" content=\"Estimated reading time\" \/>\n\t<meta name=\"twitter:data2\" content=\"3 minutes\" \/>\n<script type=\"application\/ld+json\" class=\"yoast-schema-graph\">{\"@context\":\"https:\\\/\\\/schema.org\",\"@graph\":[{\"@type\":\"Article\",\"@id\":\"https:\\\/\\\/ihedn.fr\\\/en\\\/actualites-des-sessions\\\/lancement-de-la-22e-session-du-forum-de-lihedn-sur-le-continent-africain-fica-a-lecole-militaire\\\/#article\",\"isPartOf\":{\"@id\":\"https:\\\/\\\/ihedn.fr\\\/en\\\/actualites-des-sessions\\\/lancement-de-la-22e-session-du-forum-de-lihedn-sur-le-continent-africain-fica-a-lecole-militaire\\\/\"},\"author\":{\"name\":\"dev\",\"@id\":\"https:\\\/\\\/ihedn.fr\\\/#\\\/schema\\\/person\\\/7a40155595e4efb35323447cb8c8c5a4\"},\"headline\":\"Lancement de la 22e session du Forum de l\u2019IHEDN sur le continent africain (FICA) \u00e0 l\u2019Ecole Militaire\",\"datePublished\":\"2022-06-14T07:24:22+00:00\",\"dateModified\":\"2022-11-25T14:22:31+00:00\",\"mainEntityOfPage\":{\"@id\":\"https:\\\/\\\/ihedn.fr\\\/en\\\/actualites-des-sessions\\\/lancement-de-la-22e-session-du-forum-de-lihedn-sur-le-continent-africain-fica-a-lecole-militaire\\\/\"},\"wordCount\":394,\"publisher\":{\"@id\":\"https:\\\/\\\/ihedn.fr\\\/#organization\"},\"image\":{\"@id\":\"https:\\\/\\\/ihedn.fr\\\/en\\\/actualites-des-sessions\\\/lancement-de-la-22e-session-du-forum-de-lihedn-sur-le-continent-africain-fica-a-lecole-militaire\\\/#primaryimage\"},\"thumbnailUrl\":\"https:\\\/\\\/ihedn.fr\\\/wp-content\\\/uploads\\\/2022\\\/06\\\/w-20220613-\u00aeIHEDN-22e-FICA-003.jpg\",\"articleSection\":[\"Notre actualit\u00e9\"],\"inLanguage\":\"en-GB\"},{\"@type\":\"WebPage\",\"@id\":\"https:\\\/\\\/ihedn.fr\\\/en\\\/actualites-des-sessions\\\/lancement-de-la-22e-session-du-forum-de-lihedn-sur-le-continent-africain-fica-a-lecole-militaire\\\/\",\"url\":\"https:\\\/\\\/ihedn.fr\\\/en\\\/actualites-des-sessions\\\/lancement-de-la-22e-session-du-forum-de-lihedn-sur-le-continent-africain-fica-a-lecole-militaire\\\/\",\"name\":\"Lancement de la 22e session du Forum de l\u2019IHEDN sur le continent africain (FICA) \u00e0 l\u2019Ecole Militaire - L&#039;IHEDN : Institut des hautes \u00e9tudes de d\u00e9fense nationale\",\"isPartOf\":{\"@id\":\"https:\\\/\\\/ihedn.fr\\\/#website\"},\"primaryImageOfPage\":{\"@id\":\"https:\\\/\\\/ihedn.fr\\\/en\\\/actualites-des-sessions\\\/lancement-de-la-22e-session-du-forum-de-lihedn-sur-le-continent-africain-fica-a-lecole-militaire\\\/#primaryimage\"},\"image\":{\"@id\":\"https:\\\/\\\/ihedn.fr\\\/en\\\/actualites-des-sessions\\\/lancement-de-la-22e-session-du-forum-de-lihedn-sur-le-continent-africain-fica-a-lecole-militaire\\\/#primaryimage\"},\"thumbnailUrl\":\"https:\\\/\\\/ihedn.fr\\\/wp-content\\\/uploads\\\/2022\\\/06\\\/w-20220613-\u00aeIHEDN-22e-FICA-003.jpg\",\"datePublished\":\"2022-06-14T07:24:22+00:00\",\"dateModified\":\"2022-11-25T14:22:31+00:00\",\"breadcrumb\":{\"@id\":\"https:\\\/\\\/ihedn.fr\\\/en\\\/actualites-des-sessions\\\/lancement-de-la-22e-session-du-forum-de-lihedn-sur-le-continent-africain-fica-a-lecole-militaire\\\/#breadcrumb\"},\"inLanguage\":\"en-GB\",\"potentialAction\":[{\"@type\":\"ReadAction\",\"target\":[\"https:\\\/\\\/ihedn.fr\\\/en\\\/actualites-des-sessions\\\/lancement-de-la-22e-session-du-forum-de-lihedn-sur-le-continent-africain-fica-a-lecole-militaire\\\/\"]}]},{\"@type\":\"ImageObject\",\"inLanguage\":\"en-GB\",\"@id\":\"https:\\\/\\\/ihedn.fr\\\/en\\\/actualites-des-sessions\\\/lancement-de-la-22e-session-du-forum-de-lihedn-sur-le-continent-africain-fica-a-lecole-militaire\\\/#primaryimage\",\"url\":\"https:\\\/\\\/ihedn.fr\\\/wp-content\\\/uploads\\\/2022\\\/06\\\/w-20220613-\u00aeIHEDN-22e-FICA-003.jpg\",\"contentUrl\":\"https:\\\/\\\/ihedn.fr\\\/wp-content\\\/uploads\\\/2022\\\/06\\\/w-20220613-\u00aeIHEDN-22e-FICA-003.jpg\",\"width\":1453,\"height\":701,\"caption\":\"\u00aeIHEDN-22e FICA\"},{\"@type\":\"BreadcrumbList\",\"@id\":\"https:\\\/\\\/ihedn.fr\\\/en\\\/actualites-des-sessions\\\/lancement-de-la-22e-session-du-forum-de-lihedn-sur-le-continent-africain-fica-a-lecole-militaire\\\/#breadcrumb\",\"itemListElement\":[{\"@type\":\"ListItem\",\"position\":1,\"name\":\"Accueil\",\"item\":\"https:\\\/\\\/ihedn.fr\\\/\"},{\"@type\":\"ListItem\",\"position\":2,\"name\":\"Lancement de la 22e session du Forum de l\u2019IHEDN sur le continent africain (FICA) \u00e0 l\u2019Ecole Militaire\"}]},{\"@type\":\"WebSite\",\"@id\":\"https:\\\/\\\/ihedn.fr\\\/#website\",\"url\":\"https:\\\/\\\/ihedn.fr\\\/\",\"name\":\"IHEDN : Institut des hautes \u00e9tudes de d\u00e9fense nationale |\",\"description\":\"Site officiel de l&#039;IHEDN plac\u00e9 sous la tutelle du Premier ministre.\",\"publisher\":{\"@id\":\"https:\\\/\\\/ihedn.fr\\\/#organization\"},\"potentialAction\":[{\"@type\":\"SearchAction\",\"target\":{\"@type\":\"EntryPoint\",\"urlTemplate\":\"https:\\\/\\\/ihedn.fr\\\/?s={search_term_string}\"},\"query-input\":{\"@type\":\"PropertyValueSpecification\",\"valueRequired\":true,\"valueName\":\"search_term_string\"}}],\"inLanguage\":\"en-GB\"},{\"@type\":\"Organization\",\"@id\":\"https:\\\/\\\/ihedn.fr\\\/#organization\",\"name\":\"IHEDN - Institut des Hautes Etudes de D\u00e9fense Nationale\",\"url\":\"https:\\\/\\\/ihedn.fr\\\/\",\"logo\":{\"@type\":\"ImageObject\",\"inLanguage\":\"en-GB\",\"@id\":\"https:\\\/\\\/ihedn.fr\\\/#\\\/schema\\\/logo\\\/image\\\/\",\"url\":\"https:\\\/\\\/ihedn.fr\\\/wp-content\\\/uploads\\\/2020\\\/11\\\/BLOC_RF_IHEDN_WEB.png\",\"contentUrl\":\"https:\\\/\\\/ihedn.fr\\\/wp-content\\\/uploads\\\/2020\\\/11\\\/BLOC_RF_IHEDN_WEB.png\",\"width\":500,\"height\":237,\"caption\":\"IHEDN - Institut des Hautes Etudes de D\u00e9fense Nationale\"},\"image\":{\"@id\":\"https:\\\/\\\/ihedn.fr\\\/#\\\/schema\\\/logo\\\/image\\\/\"},\"sameAs\":[\"https:\\\/\\\/www.facebook.com\\\/ihedn\\\/\",\"https:\\\/\\\/x.com\\\/IHEDN\",\"https:\\\/\\\/www.instagram.com\\\/ihedn\\\/\",\"https:\\\/\\\/www.linkedin.com\\\/school\\\/ihedn\\\/\",\"https:\\\/\\\/fr.wikipedia.org\\\/wiki\\\/Institut_des_hautes_\u00e9tudes_de_D\u00e9fense_nationale\"]},{\"@type\":\"Person\",\"@id\":\"https:\\\/\\\/ihedn.fr\\\/#\\\/schema\\\/person\\\/7a40155595e4efb35323447cb8c8c5a4\",\"name\":\"dev\",\"image\":{\"@type\":\"ImageObject\",\"inLanguage\":\"en-GB\",\"@id\":\"https:\\\/\\\/secure.gravatar.com\\\/avatar\\\/f1ffcac9ca2fa95ad3ec33e9be3ade82f752acb0cabe541e56c5889225afa88a?s=96&d=mm&r=g\",\"url\":\"https:\\\/\\\/secure.gravatar.com\\\/avatar\\\/f1ffcac9ca2fa95ad3ec33e9be3ade82f752acb0cabe541e56c5889225afa88a?s=96&d=mm&r=g\",\"contentUrl\":\"https:\\\/\\\/secure.gravatar.com\\\/avatar\\\/f1ffcac9ca2fa95ad3ec33e9be3ade82f752acb0cabe541e56c5889225afa88a?s=96&d=mm&r=g\",\"caption\":\"dev\"},\"sameAs\":[\"https:\\\/\\\/ihedn.concilium.click\"],\"url\":\"https:\\\/\\\/ihedn.fr\\\/en\\\/author\\\/dev\\\/\"}]}<\/script>\n<!-- \/ Yoast SEO plugin. -->","yoast_head_json":{"title":"Launch of the 22nd session of the IHEDN Forum on the African continent (FICA) at the Ecole Militaire - L'IHEDN : Institut des hautes \u00e9tudes de d\u00e9fense nationale","robots":{"index":"index","follow":"follow","max-snippet":"max-snippet:-1","max-image-preview":"max-image-preview:large","max-video-preview":"max-video-preview:-1"},"canonical":"https:\/\/ihedn.fr\/en\/actualites-des-sessions\/lancement-de-la-22e-session-du-forum-de-lihedn-sur-le-continent-africain-fica-a-lecole-militaire\/","og_locale":"en_GB","og_type":"article","og_title":"Lancement de la 22e session du Forum de l\u2019IHEDN sur le continent africain (FICA) \u00e0 l\u2019Ecole Militaire - L&#039;IHEDN : Institut des hautes \u00e9tudes de d\u00e9fense nationale","og_description":"La 22e session du forum de l\u2019IHEDN sur le continent africain (FICA) a d\u00e9but\u00e9 le lundi 13 juin 2022 par un discours d\u2019ouverture donn\u00e9 par le g\u00e9n\u00e9ral Durieux, Directeur de l\u2019IHEDN (Institut des Hautes Etudes de la D\u00e9fense nationale) et le g\u00e9n\u00e9ral Marchand, Directeur de la DCSD (Direction de la Coop\u00e9ration de S\u00e9curit\u00e9 et de [&hellip;]","og_url":"https:\/\/ihedn.fr\/en\/actualites-des-sessions\/lancement-de-la-22e-session-du-forum-de-lihedn-sur-le-continent-africain-fica-a-lecole-militaire\/","og_site_name":"L&#039;IHEDN : Institut des hautes \u00e9tudes de d\u00e9fense nationale","article_publisher":"https:\/\/www.facebook.com\/ihedn\/","article_published_time":"2022-06-14T07:24:22+00:00","article_modified_time":"2022-11-25T14:22:31+00:00","og_image":[{"width":1453,"height":701,"url":"https:\/\/ihedn.fr\/wp-content\/uploads\/2022\/06\/w-20220613-\u00aeIHEDN-22e-FICA-003.jpg","type":"image\/jpeg"}],"author":"dev","twitter_card":"summary_large_image","twitter_creator":"@IHEDN","twitter_site":"@IHEDN","twitter_misc":{"Written by":"dev","Estimated reading time":"3 minutes"},"schema":{"@context":"https:\/\/schema.org","@graph":[{"@type":"Article","@id":"https:\/\/ihedn.fr\/en\/actualites-des-sessions\/lancement-de-la-22e-session-du-forum-de-lihedn-sur-le-continent-africain-fica-a-lecole-militaire\/#article","isPartOf":{"@id":"https:\/\/ihedn.fr\/en\/actualites-des-sessions\/lancement-de-la-22e-session-du-forum-de-lihedn-sur-le-continent-africain-fica-a-lecole-militaire\/"},"author":{"name":"dev","@id":"https:\/\/ihedn.fr\/#\/schema\/person\/7a40155595e4efb35323447cb8c8c5a4"},"headline":"Lancement de la 22e session du Forum de l\u2019IHEDN sur le continent africain (FICA) \u00e0 l\u2019Ecole Militaire","datePublished":"2022-06-14T07:24:22+00:00","dateModified":"2022-11-25T14:22:31+00:00","mainEntityOfPage":{"@id":"https:\/\/ihedn.fr\/en\/actualites-des-sessions\/lancement-de-la-22e-session-du-forum-de-lihedn-sur-le-continent-africain-fica-a-lecole-militaire\/"},"wordCount":394,"publisher":{"@id":"https:\/\/ihedn.fr\/#organization"},"image":{"@id":"https:\/\/ihedn.fr\/en\/actualites-des-sessions\/lancement-de-la-22e-session-du-forum-de-lihedn-sur-le-continent-africain-fica-a-lecole-militaire\/#primaryimage"},"thumbnailUrl":"https:\/\/ihedn.fr\/wp-content\/uploads\/2022\/06\/w-20220613-\u00aeIHEDN-22e-FICA-003.jpg","articleSection":["Notre actualit\u00e9"],"inLanguage":"en-GB"},{"@type":"WebPage","@id":"https:\/\/ihedn.fr\/en\/actualites-des-sessions\/lancement-de-la-22e-session-du-forum-de-lihedn-sur-le-continent-africain-fica-a-lecole-militaire\/","url":"https:\/\/ihedn.fr\/en\/actualites-des-sessions\/lancement-de-la-22e-session-du-forum-de-lihedn-sur-le-continent-africain-fica-a-lecole-militaire\/","name":"Launch of the 22nd session of the IHEDN Forum on the African continent (FICA) at the Ecole Militaire - L'IHEDN : Institut des hautes \u00e9tudes de d\u00e9fense nationale","isPartOf":{"@id":"https:\/\/ihedn.fr\/#website"},"primaryImageOfPage":{"@id":"https:\/\/ihedn.fr\/en\/actualites-des-sessions\/lancement-de-la-22e-session-du-forum-de-lihedn-sur-le-continent-africain-fica-a-lecole-militaire\/#primaryimage"},"image":{"@id":"https:\/\/ihedn.fr\/en\/actualites-des-sessions\/lancement-de-la-22e-session-du-forum-de-lihedn-sur-le-continent-africain-fica-a-lecole-militaire\/#primaryimage"},"thumbnailUrl":"https:\/\/ihedn.fr\/wp-content\/uploads\/2022\/06\/w-20220613-\u00aeIHEDN-22e-FICA-003.jpg","datePublished":"2022-06-14T07:24:22+00:00","dateModified":"2022-11-25T14:22:31+00:00","breadcrumb":{"@id":"https:\/\/ihedn.fr\/en\/actualites-des-sessions\/lancement-de-la-22e-session-du-forum-de-lihedn-sur-le-continent-africain-fica-a-lecole-militaire\/#breadcrumb"},"inLanguage":"en-GB","potentialAction":[{"@type":"ReadAction","target":["https:\/\/ihedn.fr\/en\/actualites-des-sessions\/lancement-de-la-22e-session-du-forum-de-lihedn-sur-le-continent-africain-fica-a-lecole-militaire\/"]}]},{"@type":"ImageObject","inLanguage":"en-GB","@id":"https:\/\/ihedn.fr\/en\/actualites-des-sessions\/lancement-de-la-22e-session-du-forum-de-lihedn-sur-le-continent-africain-fica-a-lecole-militaire\/#primaryimage","url":"https:\/\/ihedn.fr\/wp-content\/uploads\/2022\/06\/w-20220613-\u00aeIHEDN-22e-FICA-003.jpg","contentUrl":"https:\/\/ihedn.fr\/wp-content\/uploads\/2022\/06\/w-20220613-\u00aeIHEDN-22e-FICA-003.jpg","width":1453,"height":701,"caption":"\u00aeIHEDN-22e FICA"},{"@type":"BreadcrumbList","@id":"https:\/\/ihedn.fr\/en\/actualites-des-sessions\/lancement-de-la-22e-session-du-forum-de-lihedn-sur-le-continent-africain-fica-a-lecole-militaire\/#breadcrumb","itemListElement":[{"@type":"ListItem","position":1,"name":"Accueil","item":"https:\/\/ihedn.fr\/"},{"@type":"ListItem","position":2,"name":"Lancement de la 22e session du Forum de l\u2019IHEDN sur le continent africain (FICA) \u00e0 l\u2019Ecole Militaire"}]},{"@type":"WebSite","@id":"https:\/\/ihedn.fr\/#website","url":"https:\/\/ihedn.fr\/","name":"IHEDN: Institut des hautes \u00e9tudes de d\u00e9fense nationale (Institute for Higher National Defence Studies)","description":"Official website of the IHEDN under the supervision of the Prime Minister.","publisher":{"@id":"https:\/\/ihedn.fr\/#organization"},"potentialAction":[{"@type":"SearchAction","target":{"@type":"EntryPoint","urlTemplate":"https:\/\/ihedn.fr\/?s={search_term_string}"},"query-input":{"@type":"PropertyValueSpecification","valueRequired":true,"valueName":"search_term_string"}}],"inLanguage":"en-GB"},{"@type":"Organization","@id":"https:\/\/ihedn.fr\/#organization","name":"IHEDN - Institute for Higher National Defence Studies","url":"https:\/\/ihedn.fr\/","logo":{"@type":"ImageObject","inLanguage":"en-GB","@id":"https:\/\/ihedn.fr\/#\/schema\/logo\/image\/","url":"https:\/\/ihedn.fr\/wp-content\/uploads\/2020\/11\/BLOC_RF_IHEDN_WEB.png","contentUrl":"https:\/\/ihedn.fr\/wp-content\/uploads\/2020\/11\/BLOC_RF_IHEDN_WEB.png","width":500,"height":237,"caption":"IHEDN - Institut des Hautes Etudes de D\u00e9fense Nationale"},"image":{"@id":"https:\/\/ihedn.fr\/#\/schema\/logo\/image\/"},"sameAs":["https:\/\/www.facebook.com\/ihedn\/","https:\/\/x.com\/IHEDN","https:\/\/www.instagram.com\/ihedn\/","https:\/\/www.linkedin.com\/school\/ihedn\/","https:\/\/fr.wikipedia.org\/wiki\/Institut_des_hautes_\u00e9tudes_de_D\u00e9fense_nationale"]},{"@type":"Person","@id":"https:\/\/ihedn.fr\/#\/schema\/person\/7a40155595e4efb35323447cb8c8c5a4","name":"dev","image":{"@type":"ImageObject","inLanguage":"en-GB","@id":"https:\/\/secure.gravatar.com\/avatar\/f1ffcac9ca2fa95ad3ec33e9be3ade82f752acb0cabe541e56c5889225afa88a?s=96&d=mm&r=g","url":"https:\/\/secure.gravatar.com\/avatar\/f1ffcac9ca2fa95ad3ec33e9be3ade82f752acb0cabe541e56c5889225afa88a?s=96&d=mm&r=g","contentUrl":"https:\/\/secure.gravatar.com\/avatar\/f1ffcac9ca2fa95ad3ec33e9be3ade82f752acb0cabe541e56c5889225afa88a?s=96&d=mm&r=g","caption":"dev"},"sameAs":["https:\/\/ihedn.concilium.click"],"url":"https:\/\/ihedn.fr\/en\/author\/dev\/"}]}},"publishpress_future_action":{"enabled":false,"date":"2026-05-08 12:36:13","action":"change-status","newStatus":"draft","terms":[],"taxonomy":"category","extraData":[]},"publishpress_future_workflow_manual_trigger":{"enabledWorkflows":[]},"_links":{"self":[{"href":"https:\/\/ihedn.fr\/en\/wp-json\/wp\/v2\/posts\/23631","targetHints":{"allow":["GET"]}}],"collection":[{"href":"https:\/\/ihedn.fr\/en\/wp-json\/wp\/v2\/posts"}],"about":[{"href":"https:\/\/ihedn.fr\/en\/wp-json\/wp\/v2\/types\/post"}],"author":[{"embeddable":true,"href":"https:\/\/ihedn.fr\/en\/wp-json\/wp\/v2\/users\/1"}],"replies":[{"embeddable":true,"href":"https:\/\/ihedn.fr\/en\/wp-json\/wp\/v2\/comments?post=23631"}],"version-history":[{"count":5,"href":"https:\/\/ihedn.fr\/en\/wp-json\/wp\/v2\/posts\/23631\/revisions"}],"predecessor-version":[{"id":23640,"href":"https:\/\/ihedn.fr\/en\/wp-json\/wp\/v2\/posts\/23631\/revisions\/23640"}],"wp:featuredmedia":[{"embeddable":true,"href":"https:\/\/ihedn.fr\/en\/wp-json\/wp\/v2\/media\/23635"}],"wp:attachment":[{"href":"https:\/\/ihedn.fr\/en\/wp-json\/wp\/v2\/media?parent=23631"}],"wp:term":[{"taxonomy":"category","embeddable":true,"href":"https:\/\/ihedn.fr\/en\/wp-json\/wp\/v2\/categories?post=23631"},{"taxonomy":"post_tag","embeddable":true,"href":"https:\/\/ihedn.fr\/en\/wp-json\/wp\/v2\/tags?post=23631"}],"curies":[{"name":"wp","href":"https:\/\/api.w.org\/{rel}","templated":true}]}}