{"id":23797,"date":"2022-06-28T10:41:28","date_gmt":"2022-06-28T09:41:28","guid":{"rendered":"https:\/\/ihedn.fr\/?p=23797"},"modified":"2022-11-25T15:22:29","modified_gmt":"2022-11-25T14:22:29","slug":"remise-des-prix-des-imaginaires-strategiques","status":"publish","type":"post","link":"https:\/\/ihedn.fr\/en\/uncategorized\/remise-des-prix-des-imaginaires-strategiques\/","title":{"rendered":"Imaginaires strat\u00e9giques awards ceremony"},"content":{"rendered":"<div data-elementor-type=\"wp-post\" data-elementor-id=\"23797\" class=\"elementor elementor-23797\" data-elementor-post-type=\"post\">\n\t\t\t\t\t\t<section data-particle_enable=\"false\" data-particle-mobile-disabled=\"false\" class=\"elementor-section elementor-top-section elementor-element elementor-element-0397afc elementor-section-boxed elementor-section-height-default elementor-section-height-default\" data-id=\"0397afc\" data-element_type=\"section\" data-e-type=\"section\">\n\t\t\t\t\t\t<div class=\"elementor-container elementor-column-gap-default\">\n\t\t\t\t\t<div class=\"elementor-column elementor-col-100 elementor-top-column elementor-element elementor-element-3102008\" data-id=\"3102008\" data-element_type=\"column\" data-e-type=\"column\">\n\t\t\t<div class=\"elementor-widget-wrap elementor-element-populated\">\n\t\t\t\t\t\t<div class=\"elementor-element elementor-element-2b36d03 elementor-widget elementor-widget-heading\" data-id=\"2b36d03\" data-element_type=\"widget\" data-e-type=\"widget\" data-widget_type=\"heading.default\">\n\t\t\t\t<div class=\"elementor-widget-container\">\n\t\t\t\t\t<h5 class=\"elementor-heading-title elementor-size-default\">Our jury has decided to award three short stories this year.<\/h5>\t\t\t\t<\/div>\n\t\t\t\t<\/div>\n\t\t\t\t<div class=\"elementor-element elementor-element-6665354 elementor-widget elementor-widget-text-editor\" data-id=\"6665354\" data-element_type=\"widget\" data-e-type=\"widget\" data-widget_type=\"text-editor.default\">\n\t\t\t\t<div class=\"elementor-widget-container\">\n\t\t\t\t\t\t\t\t\t<p><strong><span style=\"color: #034b7b;\">The 3<sup>e<\/sup> The Imaginaires Strat\u00e9giques prize is awarded to Lydie AUTHIER<\/span><\/strong> for \"In the end, it's the night that wins\". This short story describes how the cohesion of a close-knit group breaks down when it is subjected to a high level of insecurity. The jury rewarded an effective plot that highlights the mastery of cyber risks.<\/p><p><strong><span style=\"color: #034b7b;\">The 2<sup>e<\/sup> prize is awarded to Mrs Aya ERRAJA<\/span><\/strong> for \"Sight of Mind\". This novel depicts the trial of a soldier whose abilities have been enhanced. The jury was impressed by the author's choice to deal with military augmentation, an area that raises a number of ethical and legal issues.<\/p><p>The jury decided to award <strong><span style=\"color: #034b7b;\">the 1<sup>er<\/sup> prize to Mr Alexis PIERRE<\/span><\/strong> for \"Dangerous Liaisons\". Man-machine interfaces and the vulnerabilities of embedded systems are the subject of some original thinking. This short story makes a useful contribution to the issues surrounding the introduction of artificial intelligence into our defence systems. The style and pace of the story appealed to our panel of judges.<\/p>\t\t\t\t\t\t\t\t<\/div>\n\t\t\t\t<\/div>\n\t\t\t\t\t<\/div>\n\t\t<\/div>\n\t\t\t\t\t<\/div>\n\t\t<\/section>\n\t\t\t\t<\/div>","protected":false},"excerpt":{"rendered":"<p>Notre jury a d\u00e9cid\u00e9 de r\u00e9compenser trois nouvelles cette ann\u00e9e. Le 3e prix des Imaginaires strat\u00e9giques est attribu\u00e9 \u00e0 Madame Lydie AUTHIER pour \u00ab\u00a0A la fin, c\u2019est la nuit qui gagne\u00a0\u00bb. Cette nouvelle d\u00e9crit comment la coh\u00e9sion d\u2019un groupe soud\u00e9 s\u2019effondre lorsqu\u2019il est soumis \u00e0 une forte ins\u00e9curit\u00e9. Le jury a r\u00e9compens\u00e9 une intrigue efficace [&hellip;]<\/p>\n","protected":false},"author":1,"featured_media":23800,"comment_status":"closed","ping_status":"closed","sticky":false,"template":"","format":"standard","meta":{"footnotes":""},"categories":[172,1],"tags":[],"class_list":["post-23797","post","type-post","status-publish","format-standard","has-post-thumbnail","hentry","category-notre-actualite","category-uncategorized"],"yoast_head":"<!-- This site is optimized with the Yoast SEO plugin v27.5 - https:\/\/yoast.com\/product\/yoast-seo-wordpress\/ -->\n<title>Remise des prix des Imaginaires strat\u00e9giques - L&#039;IHEDN : Institut des hautes \u00e9tudes de d\u00e9fense nationale<\/title>\n<meta name=\"robots\" content=\"index, follow, max-snippet:-1, max-image-preview:large, max-video-preview:-1\" \/>\n<link rel=\"canonical\" href=\"https:\/\/ihedn.fr\/en\/uncategorized\/remise-des-prix-des-imaginaires-strategiques\/\" \/>\n<meta property=\"og:locale\" content=\"en_GB\" \/>\n<meta property=\"og:type\" content=\"article\" \/>\n<meta property=\"og:title\" content=\"Remise des prix des Imaginaires strat\u00e9giques - L&#039;IHEDN : Institut des hautes \u00e9tudes de d\u00e9fense nationale\" \/>\n<meta property=\"og:description\" content=\"Notre jury a d\u00e9cid\u00e9 de r\u00e9compenser trois nouvelles cette ann\u00e9e. Le 3e prix des Imaginaires strat\u00e9giques est attribu\u00e9 \u00e0 Madame Lydie AUTHIER pour \u00ab\u00a0A la fin, c\u2019est la nuit qui gagne\u00a0\u00bb. Cette nouvelle d\u00e9crit comment la coh\u00e9sion d\u2019un groupe soud\u00e9 s\u2019effondre lorsqu\u2019il est soumis \u00e0 une forte ins\u00e9curit\u00e9. Le jury a r\u00e9compens\u00e9 une intrigue efficace [&hellip;]\" \/>\n<meta property=\"og:url\" content=\"https:\/\/ihedn.fr\/en\/uncategorized\/remise-des-prix-des-imaginaires-strategiques\/\" \/>\n<meta property=\"og:site_name\" content=\"L&#039;IHEDN : Institut des hautes \u00e9tudes de d\u00e9fense nationale\" \/>\n<meta property=\"article:publisher\" content=\"https:\/\/www.facebook.com\/ihedn\/\" \/>\n<meta property=\"article:published_time\" content=\"2022-06-28T09:41:28+00:00\" \/>\n<meta property=\"article:modified_time\" content=\"2022-11-25T14:22:29+00:00\" \/>\n<meta property=\"og:image\" content=\"https:\/\/ihedn.fr\/wp-content\/uploads\/2022\/06\/w-20220627-\u00aeIHEDN-Prix-scientifiques-et-Imaginaires-strategiques-006.jpg\" \/>\n\t<meta property=\"og:image:width\" content=\"1453\" \/>\n\t<meta property=\"og:image:height\" content=\"968\" \/>\n\t<meta property=\"og:image:type\" content=\"image\/jpeg\" \/>\n<meta name=\"author\" content=\"dev\" \/>\n<meta name=\"twitter:card\" content=\"summary_large_image\" \/>\n<meta name=\"twitter:creator\" content=\"@IHEDN\" \/>\n<meta name=\"twitter:site\" content=\"@IHEDN\" \/>\n<meta name=\"twitter:label1\" content=\"Written by\" \/>\n\t<meta name=\"twitter:data1\" content=\"dev\" \/>\n\t<meta name=\"twitter:label2\" content=\"Estimated reading time\" \/>\n\t<meta name=\"twitter:data2\" content=\"1 minute\" \/>\n<script type=\"application\/ld+json\" class=\"yoast-schema-graph\">{\"@context\":\"https:\\\/\\\/schema.org\",\"@graph\":[{\"@type\":\"Article\",\"@id\":\"https:\\\/\\\/ihedn.fr\\\/uncategorized\\\/remise-des-prix-des-imaginaires-strategiques\\\/#article\",\"isPartOf\":{\"@id\":\"https:\\\/\\\/ihedn.fr\\\/uncategorized\\\/remise-des-prix-des-imaginaires-strategiques\\\/\"},\"author\":{\"name\":\"dev\",\"@id\":\"https:\\\/\\\/ihedn.fr\\\/#\\\/schema\\\/person\\\/7a40155595e4efb35323447cb8c8c5a4\"},\"headline\":\"Remise des prix des Imaginaires strat\u00e9giques\",\"datePublished\":\"2022-06-28T09:41:28+00:00\",\"dateModified\":\"2022-11-25T14:22:29+00:00\",\"mainEntityOfPage\":{\"@id\":\"https:\\\/\\\/ihedn.fr\\\/uncategorized\\\/remise-des-prix-des-imaginaires-strategiques\\\/\"},\"wordCount\":212,\"publisher\":{\"@id\":\"https:\\\/\\\/ihedn.fr\\\/#organization\"},\"image\":{\"@id\":\"https:\\\/\\\/ihedn.fr\\\/uncategorized\\\/remise-des-prix-des-imaginaires-strategiques\\\/#primaryimage\"},\"thumbnailUrl\":\"https:\\\/\\\/ihedn.fr\\\/wp-content\\\/uploads\\\/2022\\\/06\\\/w-20220627-\u00aeIHEDN-Prix-scientifiques-et-Imaginaires-strategiques-006.jpg\",\"articleSection\":[\"Notre actualit\u00e9\",\"Uncategorized\"],\"inLanguage\":\"en-GB\"},{\"@type\":\"WebPage\",\"@id\":\"https:\\\/\\\/ihedn.fr\\\/uncategorized\\\/remise-des-prix-des-imaginaires-strategiques\\\/\",\"url\":\"https:\\\/\\\/ihedn.fr\\\/uncategorized\\\/remise-des-prix-des-imaginaires-strategiques\\\/\",\"name\":\"Remise des prix des Imaginaires strat\u00e9giques - L&#039;IHEDN : Institut des hautes \u00e9tudes de d\u00e9fense nationale\",\"isPartOf\":{\"@id\":\"https:\\\/\\\/ihedn.fr\\\/#website\"},\"primaryImageOfPage\":{\"@id\":\"https:\\\/\\\/ihedn.fr\\\/uncategorized\\\/remise-des-prix-des-imaginaires-strategiques\\\/#primaryimage\"},\"image\":{\"@id\":\"https:\\\/\\\/ihedn.fr\\\/uncategorized\\\/remise-des-prix-des-imaginaires-strategiques\\\/#primaryimage\"},\"thumbnailUrl\":\"https:\\\/\\\/ihedn.fr\\\/wp-content\\\/uploads\\\/2022\\\/06\\\/w-20220627-\u00aeIHEDN-Prix-scientifiques-et-Imaginaires-strategiques-006.jpg\",\"datePublished\":\"2022-06-28T09:41:28+00:00\",\"dateModified\":\"2022-11-25T14:22:29+00:00\",\"breadcrumb\":{\"@id\":\"https:\\\/\\\/ihedn.fr\\\/uncategorized\\\/remise-des-prix-des-imaginaires-strategiques\\\/#breadcrumb\"},\"inLanguage\":\"en-GB\",\"potentialAction\":[{\"@type\":\"ReadAction\",\"target\":[\"https:\\\/\\\/ihedn.fr\\\/uncategorized\\\/remise-des-prix-des-imaginaires-strategiques\\\/\"]}]},{\"@type\":\"ImageObject\",\"inLanguage\":\"en-GB\",\"@id\":\"https:\\\/\\\/ihedn.fr\\\/uncategorized\\\/remise-des-prix-des-imaginaires-strategiques\\\/#primaryimage\",\"url\":\"https:\\\/\\\/ihedn.fr\\\/wp-content\\\/uploads\\\/2022\\\/06\\\/w-20220627-\u00aeIHEDN-Prix-scientifiques-et-Imaginaires-strategiques-006.jpg\",\"contentUrl\":\"https:\\\/\\\/ihedn.fr\\\/wp-content\\\/uploads\\\/2022\\\/06\\\/w-20220627-\u00aeIHEDN-Prix-scientifiques-et-Imaginaires-strategiques-006.jpg\",\"width\":1453,\"height\":968},{\"@type\":\"BreadcrumbList\",\"@id\":\"https:\\\/\\\/ihedn.fr\\\/uncategorized\\\/remise-des-prix-des-imaginaires-strategiques\\\/#breadcrumb\",\"itemListElement\":[{\"@type\":\"ListItem\",\"position\":1,\"name\":\"Accueil\",\"item\":\"https:\\\/\\\/ihedn.fr\\\/\"},{\"@type\":\"ListItem\",\"position\":2,\"name\":\"Remise des prix des Imaginaires strat\u00e9giques\"}]},{\"@type\":\"WebSite\",\"@id\":\"https:\\\/\\\/ihedn.fr\\\/#website\",\"url\":\"https:\\\/\\\/ihedn.fr\\\/\",\"name\":\"IHEDN : Institut des hautes \u00e9tudes de d\u00e9fense nationale |\",\"description\":\"Site officiel de l&#039;IHEDN plac\u00e9 sous la tutelle du Premier ministre.\",\"publisher\":{\"@id\":\"https:\\\/\\\/ihedn.fr\\\/#organization\"},\"potentialAction\":[{\"@type\":\"SearchAction\",\"target\":{\"@type\":\"EntryPoint\",\"urlTemplate\":\"https:\\\/\\\/ihedn.fr\\\/?s={search_term_string}\"},\"query-input\":{\"@type\":\"PropertyValueSpecification\",\"valueRequired\":true,\"valueName\":\"search_term_string\"}}],\"inLanguage\":\"en-GB\"},{\"@type\":\"Organization\",\"@id\":\"https:\\\/\\\/ihedn.fr\\\/#organization\",\"name\":\"IHEDN - Institut des Hautes Etudes de D\u00e9fense Nationale\",\"url\":\"https:\\\/\\\/ihedn.fr\\\/\",\"logo\":{\"@type\":\"ImageObject\",\"inLanguage\":\"en-GB\",\"@id\":\"https:\\\/\\\/ihedn.fr\\\/#\\\/schema\\\/logo\\\/image\\\/\",\"url\":\"https:\\\/\\\/ihedn.fr\\\/wp-content\\\/uploads\\\/2020\\\/11\\\/BLOC_RF_IHEDN_WEB.png\",\"contentUrl\":\"https:\\\/\\\/ihedn.fr\\\/wp-content\\\/uploads\\\/2020\\\/11\\\/BLOC_RF_IHEDN_WEB.png\",\"width\":500,\"height\":237,\"caption\":\"IHEDN - Institut des Hautes Etudes de D\u00e9fense Nationale\"},\"image\":{\"@id\":\"https:\\\/\\\/ihedn.fr\\\/#\\\/schema\\\/logo\\\/image\\\/\"},\"sameAs\":[\"https:\\\/\\\/www.facebook.com\\\/ihedn\\\/\",\"https:\\\/\\\/x.com\\\/IHEDN\",\"https:\\\/\\\/www.instagram.com\\\/ihedn\\\/\",\"https:\\\/\\\/www.linkedin.com\\\/school\\\/ihedn\\\/\",\"https:\\\/\\\/fr.wikipedia.org\\\/wiki\\\/Institut_des_hautes_\u00e9tudes_de_D\u00e9fense_nationale\"]},{\"@type\":\"Person\",\"@id\":\"https:\\\/\\\/ihedn.fr\\\/#\\\/schema\\\/person\\\/7a40155595e4efb35323447cb8c8c5a4\",\"name\":\"dev\",\"image\":{\"@type\":\"ImageObject\",\"inLanguage\":\"en-GB\",\"@id\":\"https:\\\/\\\/secure.gravatar.com\\\/avatar\\\/f1ffcac9ca2fa95ad3ec33e9be3ade82f752acb0cabe541e56c5889225afa88a?s=96&d=mm&r=g\",\"url\":\"https:\\\/\\\/secure.gravatar.com\\\/avatar\\\/f1ffcac9ca2fa95ad3ec33e9be3ade82f752acb0cabe541e56c5889225afa88a?s=96&d=mm&r=g\",\"contentUrl\":\"https:\\\/\\\/secure.gravatar.com\\\/avatar\\\/f1ffcac9ca2fa95ad3ec33e9be3ade82f752acb0cabe541e56c5889225afa88a?s=96&d=mm&r=g\",\"caption\":\"dev\"},\"sameAs\":[\"https:\\\/\\\/ihedn.concilium.click\"],\"url\":\"https:\\\/\\\/ihedn.fr\\\/en\\\/author\\\/dev\\\/\"}]}<\/script>\n<!-- \/ Yoast SEO plugin. -->","yoast_head_json":{"title":"Imaginaires strat\u00e9giques prize-giving ceremony - L'IHEDN : Institut des hautes \u00e9tudes de d\u00e9fense nationale","robots":{"index":"index","follow":"follow","max-snippet":"max-snippet:-1","max-image-preview":"max-image-preview:large","max-video-preview":"max-video-preview:-1"},"canonical":"https:\/\/ihedn.fr\/en\/uncategorized\/remise-des-prix-des-imaginaires-strategiques\/","og_locale":"en_GB","og_type":"article","og_title":"Remise des prix des Imaginaires strat\u00e9giques - L&#039;IHEDN : Institut des hautes \u00e9tudes de d\u00e9fense nationale","og_description":"Notre jury a d\u00e9cid\u00e9 de r\u00e9compenser trois nouvelles cette ann\u00e9e. Le 3e prix des Imaginaires strat\u00e9giques est attribu\u00e9 \u00e0 Madame Lydie AUTHIER pour \u00ab\u00a0A la fin, c\u2019est la nuit qui gagne\u00a0\u00bb. Cette nouvelle d\u00e9crit comment la coh\u00e9sion d\u2019un groupe soud\u00e9 s\u2019effondre lorsqu\u2019il est soumis \u00e0 une forte ins\u00e9curit\u00e9. Le jury a r\u00e9compens\u00e9 une intrigue efficace [&hellip;]","og_url":"https:\/\/ihedn.fr\/en\/uncategorized\/remise-des-prix-des-imaginaires-strategiques\/","og_site_name":"L&#039;IHEDN : Institut des hautes \u00e9tudes de d\u00e9fense nationale","article_publisher":"https:\/\/www.facebook.com\/ihedn\/","article_published_time":"2022-06-28T09:41:28+00:00","article_modified_time":"2022-11-25T14:22:29+00:00","og_image":[{"width":1453,"height":968,"url":"https:\/\/ihedn.fr\/wp-content\/uploads\/2022\/06\/w-20220627-\u00aeIHEDN-Prix-scientifiques-et-Imaginaires-strategiques-006.jpg","type":"image\/jpeg"}],"author":"dev","twitter_card":"summary_large_image","twitter_creator":"@IHEDN","twitter_site":"@IHEDN","twitter_misc":{"Written by":"dev","Estimated reading time":"1 minute"},"schema":{"@context":"https:\/\/schema.org","@graph":[{"@type":"Article","@id":"https:\/\/ihedn.fr\/uncategorized\/remise-des-prix-des-imaginaires-strategiques\/#article","isPartOf":{"@id":"https:\/\/ihedn.fr\/uncategorized\/remise-des-prix-des-imaginaires-strategiques\/"},"author":{"name":"dev","@id":"https:\/\/ihedn.fr\/#\/schema\/person\/7a40155595e4efb35323447cb8c8c5a4"},"headline":"Remise des prix des Imaginaires strat\u00e9giques","datePublished":"2022-06-28T09:41:28+00:00","dateModified":"2022-11-25T14:22:29+00:00","mainEntityOfPage":{"@id":"https:\/\/ihedn.fr\/uncategorized\/remise-des-prix-des-imaginaires-strategiques\/"},"wordCount":212,"publisher":{"@id":"https:\/\/ihedn.fr\/#organization"},"image":{"@id":"https:\/\/ihedn.fr\/uncategorized\/remise-des-prix-des-imaginaires-strategiques\/#primaryimage"},"thumbnailUrl":"https:\/\/ihedn.fr\/wp-content\/uploads\/2022\/06\/w-20220627-\u00aeIHEDN-Prix-scientifiques-et-Imaginaires-strategiques-006.jpg","articleSection":["Notre actualit\u00e9","Uncategorized"],"inLanguage":"en-GB"},{"@type":"WebPage","@id":"https:\/\/ihedn.fr\/uncategorized\/remise-des-prix-des-imaginaires-strategiques\/","url":"https:\/\/ihedn.fr\/uncategorized\/remise-des-prix-des-imaginaires-strategiques\/","name":"Imaginaires strat\u00e9giques prize-giving ceremony - L'IHEDN : Institut des hautes \u00e9tudes de d\u00e9fense nationale","isPartOf":{"@id":"https:\/\/ihedn.fr\/#website"},"primaryImageOfPage":{"@id":"https:\/\/ihedn.fr\/uncategorized\/remise-des-prix-des-imaginaires-strategiques\/#primaryimage"},"image":{"@id":"https:\/\/ihedn.fr\/uncategorized\/remise-des-prix-des-imaginaires-strategiques\/#primaryimage"},"thumbnailUrl":"https:\/\/ihedn.fr\/wp-content\/uploads\/2022\/06\/w-20220627-\u00aeIHEDN-Prix-scientifiques-et-Imaginaires-strategiques-006.jpg","datePublished":"2022-06-28T09:41:28+00:00","dateModified":"2022-11-25T14:22:29+00:00","breadcrumb":{"@id":"https:\/\/ihedn.fr\/uncategorized\/remise-des-prix-des-imaginaires-strategiques\/#breadcrumb"},"inLanguage":"en-GB","potentialAction":[{"@type":"ReadAction","target":["https:\/\/ihedn.fr\/uncategorized\/remise-des-prix-des-imaginaires-strategiques\/"]}]},{"@type":"ImageObject","inLanguage":"en-GB","@id":"https:\/\/ihedn.fr\/uncategorized\/remise-des-prix-des-imaginaires-strategiques\/#primaryimage","url":"https:\/\/ihedn.fr\/wp-content\/uploads\/2022\/06\/w-20220627-\u00aeIHEDN-Prix-scientifiques-et-Imaginaires-strategiques-006.jpg","contentUrl":"https:\/\/ihedn.fr\/wp-content\/uploads\/2022\/06\/w-20220627-\u00aeIHEDN-Prix-scientifiques-et-Imaginaires-strategiques-006.jpg","width":1453,"height":968},{"@type":"BreadcrumbList","@id":"https:\/\/ihedn.fr\/uncategorized\/remise-des-prix-des-imaginaires-strategiques\/#breadcrumb","itemListElement":[{"@type":"ListItem","position":1,"name":"Accueil","item":"https:\/\/ihedn.fr\/"},{"@type":"ListItem","position":2,"name":"Remise des prix des Imaginaires strat\u00e9giques"}]},{"@type":"WebSite","@id":"https:\/\/ihedn.fr\/#website","url":"https:\/\/ihedn.fr\/","name":"IHEDN: Institut des hautes \u00e9tudes de d\u00e9fense nationale (Institute for Higher National Defence Studies)","description":"Official website of the IHEDN under the supervision of the Prime Minister.","publisher":{"@id":"https:\/\/ihedn.fr\/#organization"},"potentialAction":[{"@type":"SearchAction","target":{"@type":"EntryPoint","urlTemplate":"https:\/\/ihedn.fr\/?s={search_term_string}"},"query-input":{"@type":"PropertyValueSpecification","valueRequired":true,"valueName":"search_term_string"}}],"inLanguage":"en-GB"},{"@type":"Organization","@id":"https:\/\/ihedn.fr\/#organization","name":"IHEDN - Institute for Higher National Defence Studies","url":"https:\/\/ihedn.fr\/","logo":{"@type":"ImageObject","inLanguage":"en-GB","@id":"https:\/\/ihedn.fr\/#\/schema\/logo\/image\/","url":"https:\/\/ihedn.fr\/wp-content\/uploads\/2020\/11\/BLOC_RF_IHEDN_WEB.png","contentUrl":"https:\/\/ihedn.fr\/wp-content\/uploads\/2020\/11\/BLOC_RF_IHEDN_WEB.png","width":500,"height":237,"caption":"IHEDN - Institut des Hautes Etudes de D\u00e9fense Nationale"},"image":{"@id":"https:\/\/ihedn.fr\/#\/schema\/logo\/image\/"},"sameAs":["https:\/\/www.facebook.com\/ihedn\/","https:\/\/x.com\/IHEDN","https:\/\/www.instagram.com\/ihedn\/","https:\/\/www.linkedin.com\/school\/ihedn\/","https:\/\/fr.wikipedia.org\/wiki\/Institut_des_hautes_\u00e9tudes_de_D\u00e9fense_nationale"]},{"@type":"Person","@id":"https:\/\/ihedn.fr\/#\/schema\/person\/7a40155595e4efb35323447cb8c8c5a4","name":"dev","image":{"@type":"ImageObject","inLanguage":"en-GB","@id":"https:\/\/secure.gravatar.com\/avatar\/f1ffcac9ca2fa95ad3ec33e9be3ade82f752acb0cabe541e56c5889225afa88a?s=96&d=mm&r=g","url":"https:\/\/secure.gravatar.com\/avatar\/f1ffcac9ca2fa95ad3ec33e9be3ade82f752acb0cabe541e56c5889225afa88a?s=96&d=mm&r=g","contentUrl":"https:\/\/secure.gravatar.com\/avatar\/f1ffcac9ca2fa95ad3ec33e9be3ade82f752acb0cabe541e56c5889225afa88a?s=96&d=mm&r=g","caption":"dev"},"sameAs":["https:\/\/ihedn.concilium.click"],"url":"https:\/\/ihedn.fr\/en\/author\/dev\/"}]}},"publishpress_future_action":{"enabled":false,"date":"2026-05-07 20:47:08","action":"change-status","newStatus":"draft","terms":[],"taxonomy":"category","extraData":[]},"publishpress_future_workflow_manual_trigger":{"enabledWorkflows":[]},"_links":{"self":[{"href":"https:\/\/ihedn.fr\/en\/wp-json\/wp\/v2\/posts\/23797","targetHints":{"allow":["GET"]}}],"collection":[{"href":"https:\/\/ihedn.fr\/en\/wp-json\/wp\/v2\/posts"}],"about":[{"href":"https:\/\/ihedn.fr\/en\/wp-json\/wp\/v2\/types\/post"}],"author":[{"embeddable":true,"href":"https:\/\/ihedn.fr\/en\/wp-json\/wp\/v2\/users\/1"}],"replies":[{"embeddable":true,"href":"https:\/\/ihedn.fr\/en\/wp-json\/wp\/v2\/comments?post=23797"}],"version-history":[{"count":4,"href":"https:\/\/ihedn.fr\/en\/wp-json\/wp\/v2\/posts\/23797\/revisions"}],"predecessor-version":[{"id":23805,"href":"https:\/\/ihedn.fr\/en\/wp-json\/wp\/v2\/posts\/23797\/revisions\/23805"}],"wp:featuredmedia":[{"embeddable":true,"href":"https:\/\/ihedn.fr\/en\/wp-json\/wp\/v2\/media\/23800"}],"wp:attachment":[{"href":"https:\/\/ihedn.fr\/en\/wp-json\/wp\/v2\/media?parent=23797"}],"wp:term":[{"taxonomy":"category","embeddable":true,"href":"https:\/\/ihedn.fr\/en\/wp-json\/wp\/v2\/categories?post=23797"},{"taxonomy":"post_tag","embeddable":true,"href":"https:\/\/ihedn.fr\/en\/wp-json\/wp\/v2\/tags?post=23797"}],"curies":[{"name":"wp","href":"https:\/\/api.w.org\/{rel}","templated":true}]}}