{"id":24103,"date":"2022-07-16T12:00:49","date_gmt":"2022-07-16T11:00:49","guid":{"rendered":"https:\/\/ihedn.fr\/?p=24103"},"modified":"2023-06-15T08:20:35","modified_gmt":"2023-06-15T07:20:35","slug":"arrete-du-15-juillet-2022-portant-designation-des-auditeurs-de-la-2e-session-nationale-de-linstitut-des-hautes-etudes-de-defense-nationale-cycle-2022-2023","status":"publish","type":"post","link":"https:\/\/ihedn.fr\/en\/uncategorized\/arrete-du-15-juillet-2022-portant-designation-des-auditeurs-de-la-2e-session-nationale-de-linstitut-des-hautes-etudes-de-defense-nationale-cycle-2022-2023\/","title":{"rendered":"Order of 15 July 2022 appointing auditors to the 2<sup>e<\/sup> national session of the Institut des hautes \u00e9tudes de d\u00e9fense nationale (2022-2023 cycle)"},"content":{"rendered":"<div data-elementor-type=\"wp-post\" data-elementor-id=\"24103\" class=\"elementor elementor-24103\" data-elementor-post-type=\"post\">\n\t\t\t\t\t\t<section data-particle_enable=\"false\" data-particle-mobile-disabled=\"false\" class=\"elementor-section elementor-top-section elementor-element elementor-element-a4db493 elementor-section-boxed elementor-section-height-default elementor-section-height-default\" data-id=\"a4db493\" data-element_type=\"section\" data-e-type=\"section\">\n\t\t\t\t\t\t<div class=\"elementor-container elementor-column-gap-default\">\n\t\t\t\t\t<div class=\"elementor-column elementor-col-100 elementor-top-column elementor-element elementor-element-6636163\" data-id=\"6636163\" data-element_type=\"column\" data-e-type=\"column\">\n\t\t\t<div class=\"elementor-widget-wrap elementor-element-populated\">\n\t\t\t\t\t\t<div class=\"elementor-element elementor-element-0d53146 elementor-widget elementor-widget-image\" data-id=\"0d53146\" data-element_type=\"widget\" data-e-type=\"widget\" data-widget_type=\"image.default\">\n\t\t\t\t<div class=\"elementor-widget-container\">\n\t\t\t\t\t\t\t\t\t\t\t\t\t\t\t\t<a href=\"https:\/\/ihedn.fr\/wp-content\/uploads\/2022\/07\/joe_20220716_0163_0045.pdf\">\n\t\t\t\t\t\t\t<img fetchpriority=\"high\" decoding=\"async\" width=\"565\" height=\"800\" src=\"https:\/\/ihedn.fr\/wp-content\/uploads\/2022\/07\/joe_20220716_0163_0045-1.jpg\" class=\"attachment-full size-full wp-image-24127\" alt=\"\" \/>\t\t\t\t\t\t\t\t<\/a>\n\t\t\t\t\t\t\t\t\t\t\t\t\t\t\t<\/div>\n\t\t\t\t<\/div>\n\t\t\t\t\t<\/div>\n\t\t<\/div>\n\t\t\t\t\t<\/div>\n\t\t<\/section>\n\t\t\t\t<\/div>","protected":false},"excerpt":{"rendered":"","protected":false},"author":1,"featured_media":24126,"comment_status":"closed","ping_status":"closed","sticky":false,"template":"","format":"standard","meta":{"footnotes":""},"categories":[172,1],"tags":[],"class_list":["post-24103","post","type-post","status-publish","format-standard","has-post-thumbnail","hentry","category-notre-actualite","category-uncategorized"],"yoast_head":"<!-- This site is optimized with the Yoast SEO plugin v27.5 - https:\/\/yoast.com\/product\/yoast-seo-wordpress\/ -->\n<title>Arr\u00eat\u00e9 du 15 juillet 2022 portant d\u00e9signation des auditeurs de la 2e session nationale de l&#039;Institut des hautes \u00e9tudes de d\u00e9fense nationale (cycle 2022-2023) - L&#039;IHEDN : Institut des hautes \u00e9tudes de d\u00e9fense nationale<\/title>\n<meta name=\"robots\" content=\"index, follow, max-snippet:-1, max-image-preview:large, max-video-preview:-1\" \/>\n<link rel=\"canonical\" href=\"https:\/\/ihedn.fr\/en\/uncategorized\/arrete-du-15-juillet-2022-portant-designation-des-auditeurs-de-la-2e-session-nationale-de-linstitut-des-hautes-etudes-de-defense-nationale-cycle-2022-2023\/\" \/>\n<meta property=\"og:locale\" content=\"en_GB\" \/>\n<meta property=\"og:type\" content=\"article\" \/>\n<meta property=\"og:title\" content=\"Arr\u00eat\u00e9 du 15 juillet 2022 portant d\u00e9signation des auditeurs de la 2e session nationale de l&#039;Institut des hautes \u00e9tudes de d\u00e9fense nationale (cycle 2022-2023) - L&#039;IHEDN : Institut des hautes \u00e9tudes de d\u00e9fense nationale\" \/>\n<meta property=\"og:url\" content=\"https:\/\/ihedn.fr\/en\/uncategorized\/arrete-du-15-juillet-2022-portant-designation-des-auditeurs-de-la-2e-session-nationale-de-linstitut-des-hautes-etudes-de-defense-nationale-cycle-2022-2023\/\" \/>\n<meta property=\"og:site_name\" content=\"L&#039;IHEDN : Institut des hautes \u00e9tudes de d\u00e9fense nationale\" \/>\n<meta property=\"article:publisher\" content=\"https:\/\/www.facebook.com\/ihedn\/\" \/>\n<meta property=\"article:published_time\" content=\"2022-07-16T11:00:49+00:00\" \/>\n<meta property=\"article:modified_time\" content=\"2023-06-15T07:20:35+00:00\" \/>\n<meta property=\"og:image\" content=\"https:\/\/ihedn.fr\/wp-content\/uploads\/2022\/07\/joe_20220716_0163_0045.jpg\" \/>\n\t<meta property=\"og:image:width\" content=\"726\" \/>\n\t<meta property=\"og:image:height\" content=\"340\" \/>\n\t<meta property=\"og:image:type\" content=\"image\/jpeg\" \/>\n<meta name=\"author\" content=\"dev\" \/>\n<meta name=\"twitter:card\" content=\"summary_large_image\" \/>\n<meta name=\"twitter:creator\" content=\"@IHEDN\" \/>\n<meta name=\"twitter:site\" content=\"@IHEDN\" \/>\n<meta name=\"twitter:label1\" content=\"Written by\" \/>\n\t<meta name=\"twitter:data1\" content=\"dev\" \/>\n\t<meta name=\"twitter:label2\" content=\"Estimated reading time\" \/>\n\t<meta name=\"twitter:data2\" content=\"1 minute\" \/>\n<script type=\"application\/ld+json\" class=\"yoast-schema-graph\">{\"@context\":\"https:\\\/\\\/schema.org\",\"@graph\":[{\"@type\":\"Article\",\"@id\":\"https:\\\/\\\/ihedn.fr\\\/uncategorized\\\/arrete-du-15-juillet-2022-portant-designation-des-auditeurs-de-la-2e-session-nationale-de-linstitut-des-hautes-etudes-de-defense-nationale-cycle-2022-2023\\\/#article\",\"isPartOf\":{\"@id\":\"https:\\\/\\\/ihedn.fr\\\/uncategorized\\\/arrete-du-15-juillet-2022-portant-designation-des-auditeurs-de-la-2e-session-nationale-de-linstitut-des-hautes-etudes-de-defense-nationale-cycle-2022-2023\\\/\"},\"author\":{\"name\":\"dev\",\"@id\":\"https:\\\/\\\/ihedn.fr\\\/#\\\/schema\\\/person\\\/7a40155595e4efb35323447cb8c8c5a4\"},\"headline\":\"Arr\u00eat\u00e9 du 15 juillet 2022 portant d\u00e9signation des auditeurs de la 2e session nationale de l&rsquo;Institut des hautes \u00e9tudes de d\u00e9fense nationale (cycle 2022-2023)\",\"datePublished\":\"2022-07-16T11:00:49+00:00\",\"dateModified\":\"2023-06-15T07:20:35+00:00\",\"mainEntityOfPage\":{\"@id\":\"https:\\\/\\\/ihedn.fr\\\/uncategorized\\\/arrete-du-15-juillet-2022-portant-designation-des-auditeurs-de-la-2e-session-nationale-de-linstitut-des-hautes-etudes-de-defense-nationale-cycle-2022-2023\\\/\"},\"wordCount\":26,\"publisher\":{\"@id\":\"https:\\\/\\\/ihedn.fr\\\/#organization\"},\"image\":{\"@id\":\"https:\\\/\\\/ihedn.fr\\\/uncategorized\\\/arrete-du-15-juillet-2022-portant-designation-des-auditeurs-de-la-2e-session-nationale-de-linstitut-des-hautes-etudes-de-defense-nationale-cycle-2022-2023\\\/#primaryimage\"},\"thumbnailUrl\":\"https:\\\/\\\/ihedn.fr\\\/wp-content\\\/uploads\\\/2022\\\/07\\\/joe_20220716_0163_0045.jpg\",\"articleSection\":[\"Notre actualit\u00e9\",\"Uncategorized\"],\"inLanguage\":\"en-GB\"},{\"@type\":\"WebPage\",\"@id\":\"https:\\\/\\\/ihedn.fr\\\/uncategorized\\\/arrete-du-15-juillet-2022-portant-designation-des-auditeurs-de-la-2e-session-nationale-de-linstitut-des-hautes-etudes-de-defense-nationale-cycle-2022-2023\\\/\",\"url\":\"https:\\\/\\\/ihedn.fr\\\/uncategorized\\\/arrete-du-15-juillet-2022-portant-designation-des-auditeurs-de-la-2e-session-nationale-de-linstitut-des-hautes-etudes-de-defense-nationale-cycle-2022-2023\\\/\",\"name\":\"Arr\u00eat\u00e9 du 15 juillet 2022 portant d\u00e9signation des auditeurs de la 2e session nationale de l'Institut des hautes \u00e9tudes de d\u00e9fense nationale (cycle 2022-2023) - L&#039;IHEDN : Institut des hautes \u00e9tudes de d\u00e9fense nationale\",\"isPartOf\":{\"@id\":\"https:\\\/\\\/ihedn.fr\\\/#website\"},\"primaryImageOfPage\":{\"@id\":\"https:\\\/\\\/ihedn.fr\\\/uncategorized\\\/arrete-du-15-juillet-2022-portant-designation-des-auditeurs-de-la-2e-session-nationale-de-linstitut-des-hautes-etudes-de-defense-nationale-cycle-2022-2023\\\/#primaryimage\"},\"image\":{\"@id\":\"https:\\\/\\\/ihedn.fr\\\/uncategorized\\\/arrete-du-15-juillet-2022-portant-designation-des-auditeurs-de-la-2e-session-nationale-de-linstitut-des-hautes-etudes-de-defense-nationale-cycle-2022-2023\\\/#primaryimage\"},\"thumbnailUrl\":\"https:\\\/\\\/ihedn.fr\\\/wp-content\\\/uploads\\\/2022\\\/07\\\/joe_20220716_0163_0045.jpg\",\"datePublished\":\"2022-07-16T11:00:49+00:00\",\"dateModified\":\"2023-06-15T07:20:35+00:00\",\"breadcrumb\":{\"@id\":\"https:\\\/\\\/ihedn.fr\\\/uncategorized\\\/arrete-du-15-juillet-2022-portant-designation-des-auditeurs-de-la-2e-session-nationale-de-linstitut-des-hautes-etudes-de-defense-nationale-cycle-2022-2023\\\/#breadcrumb\"},\"inLanguage\":\"en-GB\",\"potentialAction\":[{\"@type\":\"ReadAction\",\"target\":[\"https:\\\/\\\/ihedn.fr\\\/uncategorized\\\/arrete-du-15-juillet-2022-portant-designation-des-auditeurs-de-la-2e-session-nationale-de-linstitut-des-hautes-etudes-de-defense-nationale-cycle-2022-2023\\\/\"]}]},{\"@type\":\"ImageObject\",\"inLanguage\":\"en-GB\",\"@id\":\"https:\\\/\\\/ihedn.fr\\\/uncategorized\\\/arrete-du-15-juillet-2022-portant-designation-des-auditeurs-de-la-2e-session-nationale-de-linstitut-des-hautes-etudes-de-defense-nationale-cycle-2022-2023\\\/#primaryimage\",\"url\":\"https:\\\/\\\/ihedn.fr\\\/wp-content\\\/uploads\\\/2022\\\/07\\\/joe_20220716_0163_0045.jpg\",\"contentUrl\":\"https:\\\/\\\/ihedn.fr\\\/wp-content\\\/uploads\\\/2022\\\/07\\\/joe_20220716_0163_0045.jpg\",\"width\":726,\"height\":340},{\"@type\":\"BreadcrumbList\",\"@id\":\"https:\\\/\\\/ihedn.fr\\\/uncategorized\\\/arrete-du-15-juillet-2022-portant-designation-des-auditeurs-de-la-2e-session-nationale-de-linstitut-des-hautes-etudes-de-defense-nationale-cycle-2022-2023\\\/#breadcrumb\",\"itemListElement\":[{\"@type\":\"ListItem\",\"position\":1,\"name\":\"Accueil\",\"item\":\"https:\\\/\\\/ihedn.fr\\\/\"},{\"@type\":\"ListItem\",\"position\":2,\"name\":\"Arr\u00eat\u00e9 du 15 juillet 2022 portant d\u00e9signation des auditeurs de la 2e session nationale de l&rsquo;Institut des hautes \u00e9tudes de d\u00e9fense nationale (cycle 2022-2023)\"}]},{\"@type\":\"WebSite\",\"@id\":\"https:\\\/\\\/ihedn.fr\\\/#website\",\"url\":\"https:\\\/\\\/ihedn.fr\\\/\",\"name\":\"IHEDN : Institut des hautes \u00e9tudes de d\u00e9fense nationale |\",\"description\":\"Site officiel de l&#039;IHEDN plac\u00e9 sous la tutelle du Premier ministre.\",\"publisher\":{\"@id\":\"https:\\\/\\\/ihedn.fr\\\/#organization\"},\"potentialAction\":[{\"@type\":\"SearchAction\",\"target\":{\"@type\":\"EntryPoint\",\"urlTemplate\":\"https:\\\/\\\/ihedn.fr\\\/?s={search_term_string}\"},\"query-input\":{\"@type\":\"PropertyValueSpecification\",\"valueRequired\":true,\"valueName\":\"search_term_string\"}}],\"inLanguage\":\"en-GB\"},{\"@type\":\"Organization\",\"@id\":\"https:\\\/\\\/ihedn.fr\\\/#organization\",\"name\":\"IHEDN - Institut des Hautes Etudes de D\u00e9fense Nationale\",\"url\":\"https:\\\/\\\/ihedn.fr\\\/\",\"logo\":{\"@type\":\"ImageObject\",\"inLanguage\":\"en-GB\",\"@id\":\"https:\\\/\\\/ihedn.fr\\\/#\\\/schema\\\/logo\\\/image\\\/\",\"url\":\"https:\\\/\\\/ihedn.fr\\\/wp-content\\\/uploads\\\/2020\\\/11\\\/BLOC_RF_IHEDN_WEB.png\",\"contentUrl\":\"https:\\\/\\\/ihedn.fr\\\/wp-content\\\/uploads\\\/2020\\\/11\\\/BLOC_RF_IHEDN_WEB.png\",\"width\":500,\"height\":237,\"caption\":\"IHEDN - Institut des Hautes Etudes de D\u00e9fense Nationale\"},\"image\":{\"@id\":\"https:\\\/\\\/ihedn.fr\\\/#\\\/schema\\\/logo\\\/image\\\/\"},\"sameAs\":[\"https:\\\/\\\/www.facebook.com\\\/ihedn\\\/\",\"https:\\\/\\\/x.com\\\/IHEDN\",\"https:\\\/\\\/www.instagram.com\\\/ihedn\\\/\",\"https:\\\/\\\/www.linkedin.com\\\/school\\\/ihedn\\\/\",\"https:\\\/\\\/fr.wikipedia.org\\\/wiki\\\/Institut_des_hautes_\u00e9tudes_de_D\u00e9fense_nationale\"]},{\"@type\":\"Person\",\"@id\":\"https:\\\/\\\/ihedn.fr\\\/#\\\/schema\\\/person\\\/7a40155595e4efb35323447cb8c8c5a4\",\"name\":\"dev\",\"image\":{\"@type\":\"ImageObject\",\"inLanguage\":\"en-GB\",\"@id\":\"https:\\\/\\\/secure.gravatar.com\\\/avatar\\\/f1ffcac9ca2fa95ad3ec33e9be3ade82f752acb0cabe541e56c5889225afa88a?s=96&d=mm&r=g\",\"url\":\"https:\\\/\\\/secure.gravatar.com\\\/avatar\\\/f1ffcac9ca2fa95ad3ec33e9be3ade82f752acb0cabe541e56c5889225afa88a?s=96&d=mm&r=g\",\"contentUrl\":\"https:\\\/\\\/secure.gravatar.com\\\/avatar\\\/f1ffcac9ca2fa95ad3ec33e9be3ade82f752acb0cabe541e56c5889225afa88a?s=96&d=mm&r=g\",\"caption\":\"dev\"},\"sameAs\":[\"https:\\\/\\\/ihedn.concilium.click\"],\"url\":\"https:\\\/\\\/ihedn.fr\\\/en\\\/author\\\/dev\\\/\"}]}<\/script>\n<!-- \/ Yoast SEO plugin. -->","yoast_head_json":{"title":"Order of 15 July 2022 designating the auditors for the 2nd national session of the Institut des hautes \u00e9tudes de d\u00e9fense nationale (2022-2023 cycle) - L'IHEDN : Institute of Higher Studies in National Defence","robots":{"index":"index","follow":"follow","max-snippet":"max-snippet:-1","max-image-preview":"max-image-preview:large","max-video-preview":"max-video-preview:-1"},"canonical":"https:\/\/ihedn.fr\/en\/uncategorized\/arrete-du-15-juillet-2022-portant-designation-des-auditeurs-de-la-2e-session-nationale-de-linstitut-des-hautes-etudes-de-defense-nationale-cycle-2022-2023\/","og_locale":"en_GB","og_type":"article","og_title":"Arr\u00eat\u00e9 du 15 juillet 2022 portant d\u00e9signation des auditeurs de la 2e session nationale de l'Institut des hautes \u00e9tudes de d\u00e9fense nationale (cycle 2022-2023) - L&#039;IHEDN : Institut des hautes \u00e9tudes de d\u00e9fense nationale","og_url":"https:\/\/ihedn.fr\/en\/uncategorized\/arrete-du-15-juillet-2022-portant-designation-des-auditeurs-de-la-2e-session-nationale-de-linstitut-des-hautes-etudes-de-defense-nationale-cycle-2022-2023\/","og_site_name":"L&#039;IHEDN : Institut des hautes \u00e9tudes de d\u00e9fense nationale","article_publisher":"https:\/\/www.facebook.com\/ihedn\/","article_published_time":"2022-07-16T11:00:49+00:00","article_modified_time":"2023-06-15T07:20:35+00:00","og_image":[{"width":726,"height":340,"url":"https:\/\/ihedn.fr\/wp-content\/uploads\/2022\/07\/joe_20220716_0163_0045.jpg","type":"image\/jpeg"}],"author":"dev","twitter_card":"summary_large_image","twitter_creator":"@IHEDN","twitter_site":"@IHEDN","twitter_misc":{"Written by":"dev","Estimated reading time":"1 minute"},"schema":{"@context":"https:\/\/schema.org","@graph":[{"@type":"Article","@id":"https:\/\/ihedn.fr\/uncategorized\/arrete-du-15-juillet-2022-portant-designation-des-auditeurs-de-la-2e-session-nationale-de-linstitut-des-hautes-etudes-de-defense-nationale-cycle-2022-2023\/#article","isPartOf":{"@id":"https:\/\/ihedn.fr\/uncategorized\/arrete-du-15-juillet-2022-portant-designation-des-auditeurs-de-la-2e-session-nationale-de-linstitut-des-hautes-etudes-de-defense-nationale-cycle-2022-2023\/"},"author":{"name":"dev","@id":"https:\/\/ihedn.fr\/#\/schema\/person\/7a40155595e4efb35323447cb8c8c5a4"},"headline":"Arr\u00eat\u00e9 du 15 juillet 2022 portant d\u00e9signation des auditeurs de la 2e session nationale de l&rsquo;Institut des hautes \u00e9tudes de d\u00e9fense nationale (cycle 2022-2023)","datePublished":"2022-07-16T11:00:49+00:00","dateModified":"2023-06-15T07:20:35+00:00","mainEntityOfPage":{"@id":"https:\/\/ihedn.fr\/uncategorized\/arrete-du-15-juillet-2022-portant-designation-des-auditeurs-de-la-2e-session-nationale-de-linstitut-des-hautes-etudes-de-defense-nationale-cycle-2022-2023\/"},"wordCount":26,"publisher":{"@id":"https:\/\/ihedn.fr\/#organization"},"image":{"@id":"https:\/\/ihedn.fr\/uncategorized\/arrete-du-15-juillet-2022-portant-designation-des-auditeurs-de-la-2e-session-nationale-de-linstitut-des-hautes-etudes-de-defense-nationale-cycle-2022-2023\/#primaryimage"},"thumbnailUrl":"https:\/\/ihedn.fr\/wp-content\/uploads\/2022\/07\/joe_20220716_0163_0045.jpg","articleSection":["Notre actualit\u00e9","Uncategorized"],"inLanguage":"en-GB"},{"@type":"WebPage","@id":"https:\/\/ihedn.fr\/uncategorized\/arrete-du-15-juillet-2022-portant-designation-des-auditeurs-de-la-2e-session-nationale-de-linstitut-des-hautes-etudes-de-defense-nationale-cycle-2022-2023\/","url":"https:\/\/ihedn.fr\/uncategorized\/arrete-du-15-juillet-2022-portant-designation-des-auditeurs-de-la-2e-session-nationale-de-linstitut-des-hautes-etudes-de-defense-nationale-cycle-2022-2023\/","name":"Order of 15 July 2022 designating the auditors for the 2nd national session of the Institut des hautes \u00e9tudes de d\u00e9fense nationale (2022-2023 cycle) - L'IHEDN : Institute of Higher Studies in National Defence","isPartOf":{"@id":"https:\/\/ihedn.fr\/#website"},"primaryImageOfPage":{"@id":"https:\/\/ihedn.fr\/uncategorized\/arrete-du-15-juillet-2022-portant-designation-des-auditeurs-de-la-2e-session-nationale-de-linstitut-des-hautes-etudes-de-defense-nationale-cycle-2022-2023\/#primaryimage"},"image":{"@id":"https:\/\/ihedn.fr\/uncategorized\/arrete-du-15-juillet-2022-portant-designation-des-auditeurs-de-la-2e-session-nationale-de-linstitut-des-hautes-etudes-de-defense-nationale-cycle-2022-2023\/#primaryimage"},"thumbnailUrl":"https:\/\/ihedn.fr\/wp-content\/uploads\/2022\/07\/joe_20220716_0163_0045.jpg","datePublished":"2022-07-16T11:00:49+00:00","dateModified":"2023-06-15T07:20:35+00:00","breadcrumb":{"@id":"https:\/\/ihedn.fr\/uncategorized\/arrete-du-15-juillet-2022-portant-designation-des-auditeurs-de-la-2e-session-nationale-de-linstitut-des-hautes-etudes-de-defense-nationale-cycle-2022-2023\/#breadcrumb"},"inLanguage":"en-GB","potentialAction":[{"@type":"ReadAction","target":["https:\/\/ihedn.fr\/uncategorized\/arrete-du-15-juillet-2022-portant-designation-des-auditeurs-de-la-2e-session-nationale-de-linstitut-des-hautes-etudes-de-defense-nationale-cycle-2022-2023\/"]}]},{"@type":"ImageObject","inLanguage":"en-GB","@id":"https:\/\/ihedn.fr\/uncategorized\/arrete-du-15-juillet-2022-portant-designation-des-auditeurs-de-la-2e-session-nationale-de-linstitut-des-hautes-etudes-de-defense-nationale-cycle-2022-2023\/#primaryimage","url":"https:\/\/ihedn.fr\/wp-content\/uploads\/2022\/07\/joe_20220716_0163_0045.jpg","contentUrl":"https:\/\/ihedn.fr\/wp-content\/uploads\/2022\/07\/joe_20220716_0163_0045.jpg","width":726,"height":340},{"@type":"BreadcrumbList","@id":"https:\/\/ihedn.fr\/uncategorized\/arrete-du-15-juillet-2022-portant-designation-des-auditeurs-de-la-2e-session-nationale-de-linstitut-des-hautes-etudes-de-defense-nationale-cycle-2022-2023\/#breadcrumb","itemListElement":[{"@type":"ListItem","position":1,"name":"Accueil","item":"https:\/\/ihedn.fr\/"},{"@type":"ListItem","position":2,"name":"Arr\u00eat\u00e9 du 15 juillet 2022 portant d\u00e9signation des auditeurs de la 2e session nationale de l&rsquo;Institut des hautes \u00e9tudes de d\u00e9fense nationale (cycle 2022-2023)"}]},{"@type":"WebSite","@id":"https:\/\/ihedn.fr\/#website","url":"https:\/\/ihedn.fr\/","name":"IHEDN: Institut des hautes \u00e9tudes de d\u00e9fense nationale (Institute for Higher National Defence Studies)","description":"Official website of the IHEDN under the supervision of the Prime Minister.","publisher":{"@id":"https:\/\/ihedn.fr\/#organization"},"potentialAction":[{"@type":"SearchAction","target":{"@type":"EntryPoint","urlTemplate":"https:\/\/ihedn.fr\/?s={search_term_string}"},"query-input":{"@type":"PropertyValueSpecification","valueRequired":true,"valueName":"search_term_string"}}],"inLanguage":"en-GB"},{"@type":"Organization","@id":"https:\/\/ihedn.fr\/#organization","name":"IHEDN - Institute for Higher National Defence Studies","url":"https:\/\/ihedn.fr\/","logo":{"@type":"ImageObject","inLanguage":"en-GB","@id":"https:\/\/ihedn.fr\/#\/schema\/logo\/image\/","url":"https:\/\/ihedn.fr\/wp-content\/uploads\/2020\/11\/BLOC_RF_IHEDN_WEB.png","contentUrl":"https:\/\/ihedn.fr\/wp-content\/uploads\/2020\/11\/BLOC_RF_IHEDN_WEB.png","width":500,"height":237,"caption":"IHEDN - Institut des Hautes Etudes de D\u00e9fense Nationale"},"image":{"@id":"https:\/\/ihedn.fr\/#\/schema\/logo\/image\/"},"sameAs":["https:\/\/www.facebook.com\/ihedn\/","https:\/\/x.com\/IHEDN","https:\/\/www.instagram.com\/ihedn\/","https:\/\/www.linkedin.com\/school\/ihedn\/","https:\/\/fr.wikipedia.org\/wiki\/Institut_des_hautes_\u00e9tudes_de_D\u00e9fense_nationale"]},{"@type":"Person","@id":"https:\/\/ihedn.fr\/#\/schema\/person\/7a40155595e4efb35323447cb8c8c5a4","name":"dev","image":{"@type":"ImageObject","inLanguage":"en-GB","@id":"https:\/\/secure.gravatar.com\/avatar\/f1ffcac9ca2fa95ad3ec33e9be3ade82f752acb0cabe541e56c5889225afa88a?s=96&d=mm&r=g","url":"https:\/\/secure.gravatar.com\/avatar\/f1ffcac9ca2fa95ad3ec33e9be3ade82f752acb0cabe541e56c5889225afa88a?s=96&d=mm&r=g","contentUrl":"https:\/\/secure.gravatar.com\/avatar\/f1ffcac9ca2fa95ad3ec33e9be3ade82f752acb0cabe541e56c5889225afa88a?s=96&d=mm&r=g","caption":"dev"},"sameAs":["https:\/\/ihedn.concilium.click"],"url":"https:\/\/ihedn.fr\/en\/author\/dev\/"}]}},"publishpress_future_action":{"enabled":false,"date":"2026-05-07 01:23:11","action":"change-status","newStatus":"draft","terms":[],"taxonomy":"category","extraData":[]},"publishpress_future_workflow_manual_trigger":{"enabledWorkflows":[]},"_links":{"self":[{"href":"https:\/\/ihedn.fr\/en\/wp-json\/wp\/v2\/posts\/24103","targetHints":{"allow":["GET"]}}],"collection":[{"href":"https:\/\/ihedn.fr\/en\/wp-json\/wp\/v2\/posts"}],"about":[{"href":"https:\/\/ihedn.fr\/en\/wp-json\/wp\/v2\/types\/post"}],"author":[{"embeddable":true,"href":"https:\/\/ihedn.fr\/en\/wp-json\/wp\/v2\/users\/1"}],"replies":[{"embeddable":true,"href":"https:\/\/ihedn.fr\/en\/wp-json\/wp\/v2\/comments?post=24103"}],"version-history":[{"count":6,"href":"https:\/\/ihedn.fr\/en\/wp-json\/wp\/v2\/posts\/24103\/revisions"}],"predecessor-version":[{"id":40469,"href":"https:\/\/ihedn.fr\/en\/wp-json\/wp\/v2\/posts\/24103\/revisions\/40469"}],"wp:featuredmedia":[{"embeddable":true,"href":"https:\/\/ihedn.fr\/en\/wp-json\/wp\/v2\/media\/24126"}],"wp:attachment":[{"href":"https:\/\/ihedn.fr\/en\/wp-json\/wp\/v2\/media?parent=24103"}],"wp:term":[{"taxonomy":"category","embeddable":true,"href":"https:\/\/ihedn.fr\/en\/wp-json\/wp\/v2\/categories?post=24103"},{"taxonomy":"post_tag","embeddable":true,"href":"https:\/\/ihedn.fr\/en\/wp-json\/wp\/v2\/tags?post=24103"}],"curies":[{"name":"wp","href":"https:\/\/api.w.org\/{rel}","templated":true}]}}