{"id":24452,"date":"2018-03-19T13:48:16","date_gmt":"2018-03-19T12:48:16","guid":{"rendered":"https:\/\/ihedn.fr\/?p=24452"},"modified":"2023-02-03T12:39:00","modified_gmt":"2023-02-03T11:39:00","slug":"les-sentiers-de-la-guerre-economique","status":"publish","type":"post","link":"https:\/\/ihedn.fr\/en\/nos-lectures\/les-sentiers-de-la-guerre-economique\/","title":{"rendered":"THE PATHS OF ECONOMIC WARFARE"},"content":{"rendered":"<div data-elementor-type=\"wp-post\" data-elementor-id=\"24452\" class=\"elementor elementor-24452\" data-elementor-post-type=\"post\">\n\t\t\t\t\t\t<section data-particle_enable=\"false\" data-particle-mobile-disabled=\"false\" class=\"elementor-section elementor-top-section elementor-element elementor-element-a5c5471 elementor-section-boxed elementor-section-height-default elementor-section-height-default\" data-id=\"a5c5471\" data-element_type=\"section\" data-e-type=\"section\">\n\t\t\t\t\t\t<div class=\"elementor-container elementor-column-gap-default\">\n\t\t\t\t\t<div class=\"elementor-column elementor-col-100 elementor-top-column elementor-element elementor-element-855faf3\" data-id=\"855faf3\" data-element_type=\"column\" data-e-type=\"column\">\n\t\t\t<div class=\"elementor-widget-wrap elementor-element-populated\">\n\t\t\t\t\t\t<div class=\"elementor-element elementor-element-ce7ed3c elementor-widget elementor-widget-text-editor\" data-id=\"ce7ed3c\" data-element_type=\"widget\" data-e-type=\"widget\" data-widget_type=\"text-editor.default\">\n\t\t\t\t<div class=\"elementor-widget-container\">\n\t\t\t\t\t\t\t\t\t<p class=\"PBMainTxt PBItemTitle\">The school for new spies<\/p>\t\t\t\t\t\t\t\t<\/div>\n\t\t\t\t<\/div>\n\t\t\t\t\t<\/div>\n\t\t<\/div>\n\t\t\t\t\t<\/div>\n\t\t<\/section>\n\t\t\t\t<section data-particle_enable=\"false\" data-particle-mobile-disabled=\"false\" class=\"elementor-section elementor-top-section elementor-element elementor-element-307dca8 elementor-section-boxed elementor-section-height-default elementor-section-height-default\" data-id=\"307dca8\" data-element_type=\"section\" data-e-type=\"section\">\n\t\t\t\t\t\t<div class=\"elementor-container elementor-column-gap-default\">\n\t\t\t\t\t<div class=\"elementor-column elementor-col-100 elementor-top-column elementor-element elementor-element-acdef6f\" data-id=\"acdef6f\" data-element_type=\"column\" data-e-type=\"column\">\n\t\t\t<div class=\"elementor-widget-wrap elementor-element-populated\">\n\t\t\t\t\t\t<div class=\"elementor-element elementor-element-bd0ae7c elementor-widget elementor-widget-text-editor\" data-id=\"bd0ae7c\" data-element_type=\"widget\" data-e-type=\"widget\" data-widget_type=\"text-editor.default\">\n\t\t\t\t<div class=\"elementor-widget-container\">\n\t\t\t\t\t\t\t\t\t<p>L'\u00e9cole des nouveaux \"espions\", the first part of Sentiers de la guerre \u00e9conomique, is first and foremost a personal account of a collective adventure between myths and realities, pretence and the unspoken. It takes readers on a journey of initiation, drawing lessons from the many cases that have been experienced or observed, and offering food for thought on economics and business ethics in a context of economic warfare. It presents both well-known and previously unpublished cases, as well as portraits of these soldiers of the shadows who work or manoeuvre in the antechamber of economic warfare: company directors, intellectuals, investigative journalists or politicians, anonymous spies, students of economic intelligence, patriots specialising in information warfare, etc.<\/p><p>The black side of economics has disqualified all those intellectuals who have (wittingly or unwittingly) ignored it. But we mustn't forget that man is capable of both the worst and the best. So, bon voyage...<\/p>\t\t\t\t\t\t\t\t<\/div>\n\t\t\t\t<\/div>\n\t\t\t\t<div class=\"elementor-element elementor-element-62a3b0f elementor-widget elementor-widget-text-editor\" data-id=\"62a3b0f\" data-element_type=\"widget\" data-e-type=\"widget\" data-widget_type=\"text-editor.default\">\n\t\t\t\t<div class=\"elementor-widget-container\">\n\t\t\t\t\t\t\t\t\t<p style=\"margin-top: 0px; margin-bottom: 0px;\"><strong><span style=\"color: #000000;\">Publisher: <\/span><span style=\"color: #ff0000;\"><a style=\"color: #ff0000;\" href=\"https:\/\/www.va-editions.fr\/les-sentiers-de-la-guerre-economique-1-l-ecole-des-nouveaux-espions-c2x27768703\">VA \u00c9ditions<\/a><\/span><\/strong><\/p><p style=\"margin-top: 0px; margin-bottom: 0px;\"><span style=\"color: #000000;\"><strong>Director of the book : <\/strong><\/span><span class=\"PBLongTxt PBItemDesc\">Nicolas MOINET<\/span><\/p><p style=\"margin-top: 0px; margin-bottom: 0px;\"><span style=\"color: #000000;\"><strong>Language :<\/strong><\/span> French<\/p><p style=\"margin-top: 0px; margin-bottom: 0px;\"><span style=\"color: #000000;\"><strong>Published at<\/strong>\u00a0:<\/span> March 2018<\/p><p style=\"margin-top: 0px; margin-bottom: 0px;\"><strong><span style=\"color: #000000;\">Pagination :<\/span><\/strong> 185 pages<\/p><p style=\"margin-top: 0px; margin-bottom: 0px;\"><strong><span style=\"color: #000000;\">ISBN :<\/span> <a href=\"https:\/\/www.va-editions.fr\/les-sentiers-de-la-guerre-economique-1-l-ecole-des-nouveaux-espions-c2x27768703\"><span style=\"color: #ff0000;\">97<span class=\"a-list-item\">91093240718<\/span><\/span><\/a><\/strong><\/p>\t\t\t\t\t\t\t\t<\/div>\n\t\t\t\t<\/div>\n\t\t\t\t\t<\/div>\n\t\t<\/div>\n\t\t\t\t\t<\/div>\n\t\t<\/section>\n\t\t\t\t<\/div>","protected":false},"excerpt":{"rendered":"<p>L&rsquo;\u00e9cole des nouveaux espions L\u2019\u00e9cole des nouveaux \u00ab espions \u00bb, premi\u00e8re partie des Sentiers de la guerre \u00e9conomique est le r\u00e9cit d\u2019abord personnel d\u2019une aventure collective entre mythes et r\u00e9alit\u00e9s, faux-semblants et non-dits. Il propose un voyage initiatique, tire des enseignements de nombreux cas v\u00e9cus ou observ\u00e9s et propose des pistes de r\u00e9flexion sur l\u2019\u00e9conomie [&hellip;]<\/p>\n","protected":false},"author":1,"featured_media":24454,"comment_status":"closed","ping_status":"closed","sticky":false,"template":"","format":"standard","meta":{"footnotes":""},"categories":[92],"tags":[],"class_list":["post-24452","post","type-post","status-publish","format-standard","has-post-thumbnail","hentry","category-nos-lectures"],"yoast_head":"<!-- This site is optimized with the Yoast SEO plugin v27.5 - https:\/\/yoast.com\/product\/yoast-seo-wordpress\/ -->\n<title>LES SENTIERS DE LA GUERRE \u00c9CONOMIQUE - L&#039;IHEDN : Institut des hautes \u00e9tudes de d\u00e9fense nationale<\/title>\n<meta name=\"robots\" content=\"index, follow, max-snippet:-1, max-image-preview:large, max-video-preview:-1\" \/>\n<link rel=\"canonical\" href=\"https:\/\/ihedn.fr\/en\/publications\/les-sentiers-de-la-guerre-economique\/\" \/>\n<meta property=\"og:locale\" content=\"en_GB\" \/>\n<meta property=\"og:type\" content=\"article\" \/>\n<meta property=\"og:title\" content=\"LES SENTIERS DE LA GUERRE \u00c9CONOMIQUE - L&#039;IHEDN : Institut des hautes \u00e9tudes de d\u00e9fense nationale\" \/>\n<meta property=\"og:description\" content=\"L&rsquo;\u00e9cole des nouveaux espions L\u2019\u00e9cole des nouveaux \u00ab espions \u00bb, premi\u00e8re partie des Sentiers de la guerre \u00e9conomique est le r\u00e9cit d\u2019abord personnel d\u2019une aventure collective entre mythes et r\u00e9alit\u00e9s, faux-semblants et non-dits. Il propose un voyage initiatique, tire des enseignements de nombreux cas v\u00e9cus ou observ\u00e9s et propose des pistes de r\u00e9flexion sur l\u2019\u00e9conomie [&hellip;]\" \/>\n<meta property=\"og:url\" content=\"https:\/\/ihedn.fr\/en\/publications\/les-sentiers-de-la-guerre-economique\/\" \/>\n<meta property=\"og:site_name\" content=\"L&#039;IHEDN : Institut des hautes \u00e9tudes de d\u00e9fense nationale\" \/>\n<meta property=\"article:publisher\" content=\"https:\/\/www.facebook.com\/ihedn\/\" \/>\n<meta property=\"article:published_time\" content=\"2018-03-19T12:48:16+00:00\" \/>\n<meta property=\"article:modified_time\" content=\"2023-02-03T11:39:00+00:00\" \/>\n<meta property=\"og:image\" content=\"https:\/\/ihedn.fr\/wp-content\/uploads\/2022\/08\/1-couv-sentiers-guerre-eco-big.jpg\" \/>\n\t<meta property=\"og:image:width\" content=\"284\" \/>\n\t<meta property=\"og:image:height\" content=\"400\" \/>\n\t<meta property=\"og:image:type\" content=\"image\/jpeg\" \/>\n<meta name=\"author\" content=\"dev\" \/>\n<meta name=\"twitter:card\" content=\"summary_large_image\" \/>\n<meta name=\"twitter:creator\" content=\"@IHEDN\" \/>\n<meta name=\"twitter:site\" content=\"@IHEDN\" \/>\n<meta name=\"twitter:label1\" content=\"Written by\" \/>\n\t<meta name=\"twitter:data1\" content=\"dev\" \/>\n\t<meta name=\"twitter:label2\" content=\"Estimated reading time\" \/>\n\t<meta name=\"twitter:data2\" content=\"1 minute\" \/>\n<script type=\"application\/ld+json\" class=\"yoast-schema-graph\">{\"@context\":\"https:\\\/\\\/schema.org\",\"@graph\":[{\"@type\":\"Article\",\"@id\":\"https:\\\/\\\/ihedn.fr\\\/publications\\\/les-sentiers-de-la-guerre-economique\\\/#article\",\"isPartOf\":{\"@id\":\"https:\\\/\\\/ihedn.fr\\\/publications\\\/les-sentiers-de-la-guerre-economique\\\/\"},\"author\":{\"name\":\"dev\",\"@id\":\"https:\\\/\\\/ihedn.fr\\\/#\\\/schema\\\/person\\\/7a40155595e4efb35323447cb8c8c5a4\"},\"headline\":\"LES SENTIERS DE LA GUERRE \u00c9CONOMIQUE\",\"datePublished\":\"2018-03-19T12:48:16+00:00\",\"dateModified\":\"2023-02-03T11:39:00+00:00\",\"mainEntityOfPage\":{\"@id\":\"https:\\\/\\\/ihedn.fr\\\/publications\\\/les-sentiers-de-la-guerre-economique\\\/\"},\"wordCount\":202,\"publisher\":{\"@id\":\"https:\\\/\\\/ihedn.fr\\\/#organization\"},\"image\":{\"@id\":\"https:\\\/\\\/ihedn.fr\\\/publications\\\/les-sentiers-de-la-guerre-economique\\\/#primaryimage\"},\"thumbnailUrl\":\"https:\\\/\\\/ihedn.fr\\\/wp-content\\\/uploads\\\/2022\\\/08\\\/1-couv-sentiers-guerre-eco-big.jpg\",\"articleSection\":[\"nos lectures\"],\"inLanguage\":\"en-GB\"},{\"@type\":\"WebPage\",\"@id\":\"https:\\\/\\\/ihedn.fr\\\/publications\\\/les-sentiers-de-la-guerre-economique\\\/\",\"url\":\"https:\\\/\\\/ihedn.fr\\\/publications\\\/les-sentiers-de-la-guerre-economique\\\/\",\"name\":\"LES SENTIERS DE LA GUERRE \u00c9CONOMIQUE - L&#039;IHEDN : Institut des hautes \u00e9tudes de d\u00e9fense nationale\",\"isPartOf\":{\"@id\":\"https:\\\/\\\/ihedn.fr\\\/#website\"},\"primaryImageOfPage\":{\"@id\":\"https:\\\/\\\/ihedn.fr\\\/publications\\\/les-sentiers-de-la-guerre-economique\\\/#primaryimage\"},\"image\":{\"@id\":\"https:\\\/\\\/ihedn.fr\\\/publications\\\/les-sentiers-de-la-guerre-economique\\\/#primaryimage\"},\"thumbnailUrl\":\"https:\\\/\\\/ihedn.fr\\\/wp-content\\\/uploads\\\/2022\\\/08\\\/1-couv-sentiers-guerre-eco-big.jpg\",\"datePublished\":\"2018-03-19T12:48:16+00:00\",\"dateModified\":\"2023-02-03T11:39:00+00:00\",\"breadcrumb\":{\"@id\":\"https:\\\/\\\/ihedn.fr\\\/publications\\\/les-sentiers-de-la-guerre-economique\\\/#breadcrumb\"},\"inLanguage\":\"en-GB\",\"potentialAction\":[{\"@type\":\"ReadAction\",\"target\":[\"https:\\\/\\\/ihedn.fr\\\/publications\\\/les-sentiers-de-la-guerre-economique\\\/\"]}]},{\"@type\":\"ImageObject\",\"inLanguage\":\"en-GB\",\"@id\":\"https:\\\/\\\/ihedn.fr\\\/publications\\\/les-sentiers-de-la-guerre-economique\\\/#primaryimage\",\"url\":\"https:\\\/\\\/ihedn.fr\\\/wp-content\\\/uploads\\\/2022\\\/08\\\/1-couv-sentiers-guerre-eco-big.jpg\",\"contentUrl\":\"https:\\\/\\\/ihedn.fr\\\/wp-content\\\/uploads\\\/2022\\\/08\\\/1-couv-sentiers-guerre-eco-big.jpg\",\"width\":284,\"height\":400},{\"@type\":\"BreadcrumbList\",\"@id\":\"https:\\\/\\\/ihedn.fr\\\/publications\\\/les-sentiers-de-la-guerre-economique\\\/#breadcrumb\",\"itemListElement\":[{\"@type\":\"ListItem\",\"position\":1,\"name\":\"Accueil\",\"item\":\"https:\\\/\\\/ihedn.fr\\\/\"},{\"@type\":\"ListItem\",\"position\":2,\"name\":\"LES SENTIERS DE LA GUERRE \u00c9CONOMIQUE\"}]},{\"@type\":\"WebSite\",\"@id\":\"https:\\\/\\\/ihedn.fr\\\/#website\",\"url\":\"https:\\\/\\\/ihedn.fr\\\/\",\"name\":\"IHEDN : Institut des hautes \u00e9tudes de d\u00e9fense nationale |\",\"description\":\"Site officiel de l&#039;IHEDN plac\u00e9 sous la tutelle du Premier ministre.\",\"publisher\":{\"@id\":\"https:\\\/\\\/ihedn.fr\\\/#organization\"},\"potentialAction\":[{\"@type\":\"SearchAction\",\"target\":{\"@type\":\"EntryPoint\",\"urlTemplate\":\"https:\\\/\\\/ihedn.fr\\\/?s={search_term_string}\"},\"query-input\":{\"@type\":\"PropertyValueSpecification\",\"valueRequired\":true,\"valueName\":\"search_term_string\"}}],\"inLanguage\":\"en-GB\"},{\"@type\":\"Organization\",\"@id\":\"https:\\\/\\\/ihedn.fr\\\/#organization\",\"name\":\"IHEDN - Institut des Hautes Etudes de D\u00e9fense Nationale\",\"url\":\"https:\\\/\\\/ihedn.fr\\\/\",\"logo\":{\"@type\":\"ImageObject\",\"inLanguage\":\"en-GB\",\"@id\":\"https:\\\/\\\/ihedn.fr\\\/#\\\/schema\\\/logo\\\/image\\\/\",\"url\":\"https:\\\/\\\/ihedn.fr\\\/wp-content\\\/uploads\\\/2020\\\/11\\\/BLOC_RF_IHEDN_WEB.png\",\"contentUrl\":\"https:\\\/\\\/ihedn.fr\\\/wp-content\\\/uploads\\\/2020\\\/11\\\/BLOC_RF_IHEDN_WEB.png\",\"width\":500,\"height\":237,\"caption\":\"IHEDN - Institut des Hautes Etudes de D\u00e9fense Nationale\"},\"image\":{\"@id\":\"https:\\\/\\\/ihedn.fr\\\/#\\\/schema\\\/logo\\\/image\\\/\"},\"sameAs\":[\"https:\\\/\\\/www.facebook.com\\\/ihedn\\\/\",\"https:\\\/\\\/x.com\\\/IHEDN\",\"https:\\\/\\\/www.instagram.com\\\/ihedn\\\/\",\"https:\\\/\\\/www.linkedin.com\\\/school\\\/ihedn\\\/\",\"https:\\\/\\\/fr.wikipedia.org\\\/wiki\\\/Institut_des_hautes_\u00e9tudes_de_D\u00e9fense_nationale\"]},{\"@type\":\"Person\",\"@id\":\"https:\\\/\\\/ihedn.fr\\\/#\\\/schema\\\/person\\\/7a40155595e4efb35323447cb8c8c5a4\",\"name\":\"dev\",\"image\":{\"@type\":\"ImageObject\",\"inLanguage\":\"en-GB\",\"@id\":\"https:\\\/\\\/secure.gravatar.com\\\/avatar\\\/f1ffcac9ca2fa95ad3ec33e9be3ade82f752acb0cabe541e56c5889225afa88a?s=96&d=mm&r=g\",\"url\":\"https:\\\/\\\/secure.gravatar.com\\\/avatar\\\/f1ffcac9ca2fa95ad3ec33e9be3ade82f752acb0cabe541e56c5889225afa88a?s=96&d=mm&r=g\",\"contentUrl\":\"https:\\\/\\\/secure.gravatar.com\\\/avatar\\\/f1ffcac9ca2fa95ad3ec33e9be3ade82f752acb0cabe541e56c5889225afa88a?s=96&d=mm&r=g\",\"caption\":\"dev\"},\"sameAs\":[\"https:\\\/\\\/ihedn.concilium.click\"],\"url\":\"https:\\\/\\\/ihedn.fr\\\/en\\\/author\\\/dev\\\/\"}]}<\/script>\n<!-- \/ Yoast SEO plugin. -->","yoast_head_json":{"title":"THE PATHS OF ECONOMIC WAR - L'IHEDN : Institut des hautes \u00e9tudes de d\u00e9fense nationale (Institute for Advanced National Defence Studies)","robots":{"index":"index","follow":"follow","max-snippet":"max-snippet:-1","max-image-preview":"max-image-preview:large","max-video-preview":"max-video-preview:-1"},"canonical":"https:\/\/ihedn.fr\/en\/publications\/les-sentiers-de-la-guerre-economique\/","og_locale":"en_GB","og_type":"article","og_title":"LES SENTIERS DE LA GUERRE \u00c9CONOMIQUE - L&#039;IHEDN : Institut des hautes \u00e9tudes de d\u00e9fense nationale","og_description":"L&rsquo;\u00e9cole des nouveaux espions L\u2019\u00e9cole des nouveaux \u00ab espions \u00bb, premi\u00e8re partie des Sentiers de la guerre \u00e9conomique est le r\u00e9cit d\u2019abord personnel d\u2019une aventure collective entre mythes et r\u00e9alit\u00e9s, faux-semblants et non-dits. Il propose un voyage initiatique, tire des enseignements de nombreux cas v\u00e9cus ou observ\u00e9s et propose des pistes de r\u00e9flexion sur l\u2019\u00e9conomie [&hellip;]","og_url":"https:\/\/ihedn.fr\/en\/publications\/les-sentiers-de-la-guerre-economique\/","og_site_name":"L&#039;IHEDN : Institut des hautes \u00e9tudes de d\u00e9fense nationale","article_publisher":"https:\/\/www.facebook.com\/ihedn\/","article_published_time":"2018-03-19T12:48:16+00:00","article_modified_time":"2023-02-03T11:39:00+00:00","og_image":[{"width":284,"height":400,"url":"https:\/\/ihedn.fr\/wp-content\/uploads\/2022\/08\/1-couv-sentiers-guerre-eco-big.jpg","type":"image\/jpeg"}],"author":"dev","twitter_card":"summary_large_image","twitter_creator":"@IHEDN","twitter_site":"@IHEDN","twitter_misc":{"Written by":"dev","Estimated reading time":"1 minute"},"schema":{"@context":"https:\/\/schema.org","@graph":[{"@type":"Article","@id":"https:\/\/ihedn.fr\/publications\/les-sentiers-de-la-guerre-economique\/#article","isPartOf":{"@id":"https:\/\/ihedn.fr\/publications\/les-sentiers-de-la-guerre-economique\/"},"author":{"name":"dev","@id":"https:\/\/ihedn.fr\/#\/schema\/person\/7a40155595e4efb35323447cb8c8c5a4"},"headline":"LES SENTIERS DE LA GUERRE \u00c9CONOMIQUE","datePublished":"2018-03-19T12:48:16+00:00","dateModified":"2023-02-03T11:39:00+00:00","mainEntityOfPage":{"@id":"https:\/\/ihedn.fr\/publications\/les-sentiers-de-la-guerre-economique\/"},"wordCount":202,"publisher":{"@id":"https:\/\/ihedn.fr\/#organization"},"image":{"@id":"https:\/\/ihedn.fr\/publications\/les-sentiers-de-la-guerre-economique\/#primaryimage"},"thumbnailUrl":"https:\/\/ihedn.fr\/wp-content\/uploads\/2022\/08\/1-couv-sentiers-guerre-eco-big.jpg","articleSection":["nos lectures"],"inLanguage":"en-GB"},{"@type":"WebPage","@id":"https:\/\/ihedn.fr\/publications\/les-sentiers-de-la-guerre-economique\/","url":"https:\/\/ihedn.fr\/publications\/les-sentiers-de-la-guerre-economique\/","name":"THE PATHS OF ECONOMIC WAR - L'IHEDN : Institut des hautes \u00e9tudes de d\u00e9fense nationale (Institute for Advanced National Defence Studies)","isPartOf":{"@id":"https:\/\/ihedn.fr\/#website"},"primaryImageOfPage":{"@id":"https:\/\/ihedn.fr\/publications\/les-sentiers-de-la-guerre-economique\/#primaryimage"},"image":{"@id":"https:\/\/ihedn.fr\/publications\/les-sentiers-de-la-guerre-economique\/#primaryimage"},"thumbnailUrl":"https:\/\/ihedn.fr\/wp-content\/uploads\/2022\/08\/1-couv-sentiers-guerre-eco-big.jpg","datePublished":"2018-03-19T12:48:16+00:00","dateModified":"2023-02-03T11:39:00+00:00","breadcrumb":{"@id":"https:\/\/ihedn.fr\/publications\/les-sentiers-de-la-guerre-economique\/#breadcrumb"},"inLanguage":"en-GB","potentialAction":[{"@type":"ReadAction","target":["https:\/\/ihedn.fr\/publications\/les-sentiers-de-la-guerre-economique\/"]}]},{"@type":"ImageObject","inLanguage":"en-GB","@id":"https:\/\/ihedn.fr\/publications\/les-sentiers-de-la-guerre-economique\/#primaryimage","url":"https:\/\/ihedn.fr\/wp-content\/uploads\/2022\/08\/1-couv-sentiers-guerre-eco-big.jpg","contentUrl":"https:\/\/ihedn.fr\/wp-content\/uploads\/2022\/08\/1-couv-sentiers-guerre-eco-big.jpg","width":284,"height":400},{"@type":"BreadcrumbList","@id":"https:\/\/ihedn.fr\/publications\/les-sentiers-de-la-guerre-economique\/#breadcrumb","itemListElement":[{"@type":"ListItem","position":1,"name":"Accueil","item":"https:\/\/ihedn.fr\/"},{"@type":"ListItem","position":2,"name":"LES SENTIERS DE LA GUERRE \u00c9CONOMIQUE"}]},{"@type":"WebSite","@id":"https:\/\/ihedn.fr\/#website","url":"https:\/\/ihedn.fr\/","name":"IHEDN: Institut des hautes \u00e9tudes de d\u00e9fense nationale (Institute for Higher National Defence Studies)","description":"Official website of the IHEDN under the supervision of the Prime Minister.","publisher":{"@id":"https:\/\/ihedn.fr\/#organization"},"potentialAction":[{"@type":"SearchAction","target":{"@type":"EntryPoint","urlTemplate":"https:\/\/ihedn.fr\/?s={search_term_string}"},"query-input":{"@type":"PropertyValueSpecification","valueRequired":true,"valueName":"search_term_string"}}],"inLanguage":"en-GB"},{"@type":"Organization","@id":"https:\/\/ihedn.fr\/#organization","name":"IHEDN - Institute for Higher National Defence Studies","url":"https:\/\/ihedn.fr\/","logo":{"@type":"ImageObject","inLanguage":"en-GB","@id":"https:\/\/ihedn.fr\/#\/schema\/logo\/image\/","url":"https:\/\/ihedn.fr\/wp-content\/uploads\/2020\/11\/BLOC_RF_IHEDN_WEB.png","contentUrl":"https:\/\/ihedn.fr\/wp-content\/uploads\/2020\/11\/BLOC_RF_IHEDN_WEB.png","width":500,"height":237,"caption":"IHEDN - Institut des Hautes Etudes de D\u00e9fense Nationale"},"image":{"@id":"https:\/\/ihedn.fr\/#\/schema\/logo\/image\/"},"sameAs":["https:\/\/www.facebook.com\/ihedn\/","https:\/\/x.com\/IHEDN","https:\/\/www.instagram.com\/ihedn\/","https:\/\/www.linkedin.com\/school\/ihedn\/","https:\/\/fr.wikipedia.org\/wiki\/Institut_des_hautes_\u00e9tudes_de_D\u00e9fense_nationale"]},{"@type":"Person","@id":"https:\/\/ihedn.fr\/#\/schema\/person\/7a40155595e4efb35323447cb8c8c5a4","name":"dev","image":{"@type":"ImageObject","inLanguage":"en-GB","@id":"https:\/\/secure.gravatar.com\/avatar\/f1ffcac9ca2fa95ad3ec33e9be3ade82f752acb0cabe541e56c5889225afa88a?s=96&d=mm&r=g","url":"https:\/\/secure.gravatar.com\/avatar\/f1ffcac9ca2fa95ad3ec33e9be3ade82f752acb0cabe541e56c5889225afa88a?s=96&d=mm&r=g","contentUrl":"https:\/\/secure.gravatar.com\/avatar\/f1ffcac9ca2fa95ad3ec33e9be3ade82f752acb0cabe541e56c5889225afa88a?s=96&d=mm&r=g","caption":"dev"},"sameAs":["https:\/\/ihedn.concilium.click"],"url":"https:\/\/ihedn.fr\/en\/author\/dev\/"}]}},"publishpress_future_action":{"enabled":false,"date":"2026-05-09 04:34:49","action":"change-status","newStatus":"draft","terms":[],"taxonomy":"category","extraData":[]},"publishpress_future_workflow_manual_trigger":{"enabledWorkflows":[]},"_links":{"self":[{"href":"https:\/\/ihedn.fr\/en\/wp-json\/wp\/v2\/posts\/24452","targetHints":{"allow":["GET"]}}],"collection":[{"href":"https:\/\/ihedn.fr\/en\/wp-json\/wp\/v2\/posts"}],"about":[{"href":"https:\/\/ihedn.fr\/en\/wp-json\/wp\/v2\/types\/post"}],"author":[{"embeddable":true,"href":"https:\/\/ihedn.fr\/en\/wp-json\/wp\/v2\/users\/1"}],"replies":[{"embeddable":true,"href":"https:\/\/ihedn.fr\/en\/wp-json\/wp\/v2\/comments?post=24452"}],"version-history":[{"count":8,"href":"https:\/\/ihedn.fr\/en\/wp-json\/wp\/v2\/posts\/24452\/revisions"}],"predecessor-version":[{"id":34091,"href":"https:\/\/ihedn.fr\/en\/wp-json\/wp\/v2\/posts\/24452\/revisions\/34091"}],"wp:featuredmedia":[{"embeddable":true,"href":"https:\/\/ihedn.fr\/en\/wp-json\/wp\/v2\/media\/24454"}],"wp:attachment":[{"href":"https:\/\/ihedn.fr\/en\/wp-json\/wp\/v2\/media?parent=24452"}],"wp:term":[{"taxonomy":"category","embeddable":true,"href":"https:\/\/ihedn.fr\/en\/wp-json\/wp\/v2\/categories?post=24452"},{"taxonomy":"post_tag","embeddable":true,"href":"https:\/\/ihedn.fr\/en\/wp-json\/wp\/v2\/tags?post=24452"}],"curies":[{"name":"wp","href":"https:\/\/api.w.org\/{rel}","templated":true}]}}