{"id":24707,"date":"2022-09-02T15:21:21","date_gmt":"2022-09-02T14:21:21","guid":{"rendered":"https:\/\/ihedn.fr\/?p=24707"},"modified":"2022-11-25T15:22:28","modified_gmt":"2022-11-25T14:22:28","slug":"le-3e-prix-des-imaginaires-strategiques","status":"publish","type":"post","link":"https:\/\/ihedn.fr\/en\/uncategorized\/le-3e-prix-des-imaginaires-strategiques\/","title":{"rendered":"The 3rd <em>Strategic imaginaries<\/em>"},"content":{"rendered":"<div data-elementor-type=\"wp-post\" data-elementor-id=\"24707\" class=\"elementor elementor-24707\" data-elementor-post-type=\"post\">\n\t\t\t\t\t\t<section data-particle_enable=\"false\" data-particle-mobile-disabled=\"false\" class=\"elementor-section elementor-top-section elementor-element elementor-element-0397afc elementor-section-boxed elementor-section-height-default elementor-section-height-default\" data-id=\"0397afc\" data-element_type=\"section\" data-e-type=\"section\">\n\t\t\t\t\t\t<div class=\"elementor-container elementor-column-gap-default\">\n\t\t\t\t\t<div class=\"elementor-column elementor-col-100 elementor-top-column elementor-element elementor-element-3102008\" data-id=\"3102008\" data-element_type=\"column\" data-e-type=\"column\">\n\t\t\t<div class=\"elementor-widget-wrap elementor-element-populated\">\n\t\t\t\t\t\t<div class=\"elementor-element elementor-element-2b36d03 elementor-widget elementor-widget-heading\" data-id=\"2b36d03\" data-element_type=\"widget\" data-e-type=\"widget\" data-widget_type=\"heading.default\">\n\t\t\t\t<div class=\"elementor-widget-container\">\n\t\t\t\t\t<h5 class=\"elementor-heading-title elementor-size-default\">The 3rd Prix des Imaginaires strat\u00e9giques hits newsstands this month.<\/h5>\t\t\t\t<\/div>\n\t\t\t\t<\/div>\n\t\t\t\t<div class=\"elementor-element elementor-element-6665354 elementor-widget elementor-widget-text-editor\" data-id=\"6665354\" data-element_type=\"widget\" data-e-type=\"widget\" data-widget_type=\"text-editor.default\">\n\t\t\t\t<div class=\"elementor-widget-container\">\n\t\t\t\t\t\t\t\t\t<p><strong><span style=\"color: #034b7b;\">The 3<sup>e<\/sup> Imaginaires strat\u00e9giques prize awarded to Lydie AUTHIER<\/span><\/strong> for \"A la fin, c'est la nuit qui gagne\" will be published in issue 161 of the magazine <em><span style=\"color: #c80a23;\"><strong>ISD<\/strong><\/span><\/em> September-October.<\/p><p>This short story describes how the cohesion of a close-knit group collapses when it is subjected to severe insecurity. The jury rewarded an effective storyline that highlights the need to master cyber risks.<\/p>\t\t\t\t\t\t\t\t<\/div>\n\t\t\t\t<\/div>\n\t\t\t\t\t<\/div>\n\t\t<\/div>\n\t\t\t\t\t<\/div>\n\t\t<\/section>\n\t\t\t\t<section data-particle_enable=\"false\" data-particle-mobile-disabled=\"false\" class=\"elementor-section elementor-top-section elementor-element elementor-element-3b60ef4 elementor-section-boxed elementor-section-height-default elementor-section-height-default\" data-id=\"3b60ef4\" data-element_type=\"section\" data-e-type=\"section\">\n\t\t\t\t\t\t<div class=\"elementor-container elementor-column-gap-default\">\n\t\t\t\t\t<div class=\"elementor-column elementor-col-100 elementor-top-column elementor-element elementor-element-3ce6e89\" data-id=\"3ce6e89\" data-element_type=\"column\" data-e-type=\"column\">\n\t\t\t<div class=\"elementor-widget-wrap elementor-element-populated\">\n\t\t\t\t\t\t<div class=\"elementor-element elementor-element-f0d8e94 elementor-widget elementor-widget-text-editor\" data-id=\"f0d8e94\" data-element_type=\"widget\" data-e-type=\"widget\" data-widget_type=\"text-editor.default\">\n\t\t\t\t<div class=\"elementor-widget-container\">\n\t\t\t\t\t\t\t\t\t<p><em><strong>\"The alarm blares, breaking the muted monotony of the morning. The shutters close automatically, immediately covered by the burglar-proof armoured metal shell. Exterior accesses and room doors are electronically locked. Presence detectors are on the lookout for any movement. The system worked this time; no damage to be deplored. Everyone is trapped in their rooms, waiting to be released. The school is as inviolable as a safe. Teachers, pupils, staff: all stoically awaiting the announcement of the end of the alert. As sensitive areas, schools are regularly the target of real or staged threats. Everyone knows by heart what to do during the long minutes of the alert.<\/strong><\/em><br \/><em><strong>The lights suddenly go out. The room is plunged into darkness. The wave jammers crackled in the perplexed silence of the buildings. So it wasn't an exercise.<\/strong><\/em><\/p>\t\t\t\t\t\t\t\t<\/div>\n\t\t\t\t<\/div>\n\t\t\t\t\t<\/div>\n\t\t<\/div>\n\t\t\t\t\t<\/div>\n\t\t<\/section>\n\t\t\t\t<\/div>","protected":false},"excerpt":{"rendered":"<p>Le 3e prix des Imaginaires strat\u00e9giques en kiosque ce mois-ci. Le 3e prix des Imaginaires strat\u00e9giques attribu\u00e9 \u00e0 Madame Lydie AUTHIER pour \u00ab A la fin, c\u2019est la nuit qui gagne \u00bb sera publi\u00e9 dans le num\u00e9ro 161 de la revue DSI de septembre-octobre. Cette nouvelle d\u00e9crit comment la coh\u00e9sion d\u2019un groupe soud\u00e9 s\u2019effondre lorsqu\u2019il [&hellip;]<\/p>\n","protected":false},"author":1,"featured_media":6303,"comment_status":"closed","ping_status":"closed","sticky":false,"template":"","format":"standard","meta":{"footnotes":""},"categories":[172,1],"tags":[],"class_list":["post-24707","post","type-post","status-publish","format-standard","has-post-thumbnail","hentry","category-notre-actualite","category-uncategorized"],"yoast_head":"<!-- This site is optimized with the Yoast SEO plugin v27.5 - https:\/\/yoast.com\/product\/yoast-seo-wordpress\/ -->\n<title>Le 3e prix des Imaginaires strat\u00e9giques - L&#039;IHEDN : Institut des hautes \u00e9tudes de d\u00e9fense nationale<\/title>\n<meta name=\"robots\" content=\"index, follow, max-snippet:-1, max-image-preview:large, max-video-preview:-1\" \/>\n<link rel=\"canonical\" href=\"https:\/\/ihedn.fr\/en\/uncategorized\/le-3e-prix-des-imaginaires-strategiques\/\" \/>\n<meta property=\"og:locale\" content=\"en_GB\" \/>\n<meta property=\"og:type\" content=\"article\" \/>\n<meta property=\"og:title\" content=\"Le 3e prix des Imaginaires strat\u00e9giques - L&#039;IHEDN : Institut des hautes \u00e9tudes de d\u00e9fense nationale\" \/>\n<meta property=\"og:description\" content=\"Le 3e prix des Imaginaires strat\u00e9giques en kiosque ce mois-ci. Le 3e prix des Imaginaires strat\u00e9giques attribu\u00e9 \u00e0 Madame Lydie AUTHIER pour \u00ab A la fin, c\u2019est la nuit qui gagne \u00bb sera publi\u00e9 dans le num\u00e9ro 161 de la revue DSI de septembre-octobre. Cette nouvelle d\u00e9crit comment la coh\u00e9sion d\u2019un groupe soud\u00e9 s\u2019effondre lorsqu\u2019il [&hellip;]\" \/>\n<meta property=\"og:url\" content=\"https:\/\/ihedn.fr\/en\/uncategorized\/le-3e-prix-des-imaginaires-strategiques\/\" \/>\n<meta property=\"og:site_name\" content=\"L&#039;IHEDN : Institut des hautes \u00e9tudes de d\u00e9fense nationale\" \/>\n<meta property=\"article:publisher\" content=\"https:\/\/www.facebook.com\/ihedn\/\" \/>\n<meta property=\"article:published_time\" content=\"2022-09-02T14:21:21+00:00\" \/>\n<meta property=\"article:modified_time\" content=\"2022-11-25T14:22:28+00:00\" \/>\n<meta property=\"og:image\" content=\"https:\/\/ihedn.fr\/wp-content\/uploads\/2021\/01\/Affiche_LESIMAGINAIRES_STRATEGIQUES_2021-0.jpg\" \/>\n\t<meta property=\"og:image:width\" content=\"1200\" \/>\n\t<meta property=\"og:image:height\" content=\"1287\" \/>\n\t<meta property=\"og:image:type\" content=\"image\/jpeg\" \/>\n<meta name=\"author\" content=\"dev\" \/>\n<meta name=\"twitter:card\" content=\"summary_large_image\" \/>\n<meta name=\"twitter:creator\" content=\"@IHEDN\" \/>\n<meta name=\"twitter:site\" content=\"@IHEDN\" \/>\n<meta name=\"twitter:label1\" content=\"Written by\" \/>\n\t<meta name=\"twitter:data1\" content=\"dev\" \/>\n\t<meta name=\"twitter:label2\" content=\"Estimated reading time\" \/>\n\t<meta name=\"twitter:data2\" content=\"2 minutes\" \/>\n<script type=\"application\/ld+json\" class=\"yoast-schema-graph\">{\"@context\":\"https:\\\/\\\/schema.org\",\"@graph\":[{\"@type\":\"Article\",\"@id\":\"https:\\\/\\\/ihedn.fr\\\/uncategorized\\\/le-3e-prix-des-imaginaires-strategiques\\\/#article\",\"isPartOf\":{\"@id\":\"https:\\\/\\\/ihedn.fr\\\/uncategorized\\\/le-3e-prix-des-imaginaires-strategiques\\\/\"},\"author\":{\"name\":\"dev\",\"@id\":\"https:\\\/\\\/ihedn.fr\\\/#\\\/schema\\\/person\\\/7a40155595e4efb35323447cb8c8c5a4\"},\"headline\":\"Le 3e prix des Imaginaires strat\u00e9giques\",\"datePublished\":\"2022-09-02T14:21:21+00:00\",\"dateModified\":\"2022-11-25T14:22:28+00:00\",\"mainEntityOfPage\":{\"@id\":\"https:\\\/\\\/ihedn.fr\\\/uncategorized\\\/le-3e-prix-des-imaginaires-strategiques\\\/\"},\"wordCount\":270,\"publisher\":{\"@id\":\"https:\\\/\\\/ihedn.fr\\\/#organization\"},\"image\":{\"@id\":\"https:\\\/\\\/ihedn.fr\\\/uncategorized\\\/le-3e-prix-des-imaginaires-strategiques\\\/#primaryimage\"},\"thumbnailUrl\":\"https:\\\/\\\/ihedn.fr\\\/wp-content\\\/uploads\\\/2021\\\/01\\\/Affiche_LESIMAGINAIRES_STRATEGIQUES_2021-0.jpg\",\"articleSection\":[\"Notre actualit\u00e9\",\"Uncategorized\"],\"inLanguage\":\"en-GB\"},{\"@type\":\"WebPage\",\"@id\":\"https:\\\/\\\/ihedn.fr\\\/uncategorized\\\/le-3e-prix-des-imaginaires-strategiques\\\/\",\"url\":\"https:\\\/\\\/ihedn.fr\\\/uncategorized\\\/le-3e-prix-des-imaginaires-strategiques\\\/\",\"name\":\"Le 3e prix des Imaginaires strat\u00e9giques - L&#039;IHEDN : Institut des hautes \u00e9tudes de d\u00e9fense nationale\",\"isPartOf\":{\"@id\":\"https:\\\/\\\/ihedn.fr\\\/#website\"},\"primaryImageOfPage\":{\"@id\":\"https:\\\/\\\/ihedn.fr\\\/uncategorized\\\/le-3e-prix-des-imaginaires-strategiques\\\/#primaryimage\"},\"image\":{\"@id\":\"https:\\\/\\\/ihedn.fr\\\/uncategorized\\\/le-3e-prix-des-imaginaires-strategiques\\\/#primaryimage\"},\"thumbnailUrl\":\"https:\\\/\\\/ihedn.fr\\\/wp-content\\\/uploads\\\/2021\\\/01\\\/Affiche_LESIMAGINAIRES_STRATEGIQUES_2021-0.jpg\",\"datePublished\":\"2022-09-02T14:21:21+00:00\",\"dateModified\":\"2022-11-25T14:22:28+00:00\",\"breadcrumb\":{\"@id\":\"https:\\\/\\\/ihedn.fr\\\/uncategorized\\\/le-3e-prix-des-imaginaires-strategiques\\\/#breadcrumb\"},\"inLanguage\":\"en-GB\",\"potentialAction\":[{\"@type\":\"ReadAction\",\"target\":[\"https:\\\/\\\/ihedn.fr\\\/uncategorized\\\/le-3e-prix-des-imaginaires-strategiques\\\/\"]}]},{\"@type\":\"ImageObject\",\"inLanguage\":\"en-GB\",\"@id\":\"https:\\\/\\\/ihedn.fr\\\/uncategorized\\\/le-3e-prix-des-imaginaires-strategiques\\\/#primaryimage\",\"url\":\"https:\\\/\\\/ihedn.fr\\\/wp-content\\\/uploads\\\/2021\\\/01\\\/Affiche_LESIMAGINAIRES_STRATEGIQUES_2021-0.jpg\",\"contentUrl\":\"https:\\\/\\\/ihedn.fr\\\/wp-content\\\/uploads\\\/2021\\\/01\\\/Affiche_LESIMAGINAIRES_STRATEGIQUES_2021-0.jpg\",\"width\":1200,\"height\":1287},{\"@type\":\"BreadcrumbList\",\"@id\":\"https:\\\/\\\/ihedn.fr\\\/uncategorized\\\/le-3e-prix-des-imaginaires-strategiques\\\/#breadcrumb\",\"itemListElement\":[{\"@type\":\"ListItem\",\"position\":1,\"name\":\"Accueil\",\"item\":\"https:\\\/\\\/ihedn.fr\\\/\"},{\"@type\":\"ListItem\",\"position\":2,\"name\":\"Le 3e prix des Imaginaires strat\u00e9giques\"}]},{\"@type\":\"WebSite\",\"@id\":\"https:\\\/\\\/ihedn.fr\\\/#website\",\"url\":\"https:\\\/\\\/ihedn.fr\\\/\",\"name\":\"IHEDN : Institut des hautes \u00e9tudes de d\u00e9fense nationale |\",\"description\":\"Site officiel de l&#039;IHEDN plac\u00e9 sous la tutelle du Premier ministre.\",\"publisher\":{\"@id\":\"https:\\\/\\\/ihedn.fr\\\/#organization\"},\"potentialAction\":[{\"@type\":\"SearchAction\",\"target\":{\"@type\":\"EntryPoint\",\"urlTemplate\":\"https:\\\/\\\/ihedn.fr\\\/?s={search_term_string}\"},\"query-input\":{\"@type\":\"PropertyValueSpecification\",\"valueRequired\":true,\"valueName\":\"search_term_string\"}}],\"inLanguage\":\"en-GB\"},{\"@type\":\"Organization\",\"@id\":\"https:\\\/\\\/ihedn.fr\\\/#organization\",\"name\":\"IHEDN - Institut des Hautes Etudes de D\u00e9fense Nationale\",\"url\":\"https:\\\/\\\/ihedn.fr\\\/\",\"logo\":{\"@type\":\"ImageObject\",\"inLanguage\":\"en-GB\",\"@id\":\"https:\\\/\\\/ihedn.fr\\\/#\\\/schema\\\/logo\\\/image\\\/\",\"url\":\"https:\\\/\\\/ihedn.fr\\\/wp-content\\\/uploads\\\/2020\\\/11\\\/BLOC_RF_IHEDN_WEB.png\",\"contentUrl\":\"https:\\\/\\\/ihedn.fr\\\/wp-content\\\/uploads\\\/2020\\\/11\\\/BLOC_RF_IHEDN_WEB.png\",\"width\":500,\"height\":237,\"caption\":\"IHEDN - Institut des Hautes Etudes de D\u00e9fense Nationale\"},\"image\":{\"@id\":\"https:\\\/\\\/ihedn.fr\\\/#\\\/schema\\\/logo\\\/image\\\/\"},\"sameAs\":[\"https:\\\/\\\/www.facebook.com\\\/ihedn\\\/\",\"https:\\\/\\\/x.com\\\/IHEDN\",\"https:\\\/\\\/www.instagram.com\\\/ihedn\\\/\",\"https:\\\/\\\/www.linkedin.com\\\/school\\\/ihedn\\\/\",\"https:\\\/\\\/fr.wikipedia.org\\\/wiki\\\/Institut_des_hautes_\u00e9tudes_de_D\u00e9fense_nationale\"]},{\"@type\":\"Person\",\"@id\":\"https:\\\/\\\/ihedn.fr\\\/#\\\/schema\\\/person\\\/7a40155595e4efb35323447cb8c8c5a4\",\"name\":\"dev\",\"image\":{\"@type\":\"ImageObject\",\"inLanguage\":\"en-GB\",\"@id\":\"https:\\\/\\\/secure.gravatar.com\\\/avatar\\\/f1ffcac9ca2fa95ad3ec33e9be3ade82f752acb0cabe541e56c5889225afa88a?s=96&d=mm&r=g\",\"url\":\"https:\\\/\\\/secure.gravatar.com\\\/avatar\\\/f1ffcac9ca2fa95ad3ec33e9be3ade82f752acb0cabe541e56c5889225afa88a?s=96&d=mm&r=g\",\"contentUrl\":\"https:\\\/\\\/secure.gravatar.com\\\/avatar\\\/f1ffcac9ca2fa95ad3ec33e9be3ade82f752acb0cabe541e56c5889225afa88a?s=96&d=mm&r=g\",\"caption\":\"dev\"},\"sameAs\":[\"https:\\\/\\\/ihedn.concilium.click\"],\"url\":\"https:\\\/\\\/ihedn.fr\\\/en\\\/author\\\/dev\\\/\"}]}<\/script>\n<!-- \/ Yoast SEO plugin. -->","yoast_head_json":{"title":"The 3rd Imaginaires strat\u00e9giques Prize - IHEDN: Institut des hautes \u00e9tudes de d\u00e9fense nationale (Institute for Advanced Studies in National Defence)","robots":{"index":"index","follow":"follow","max-snippet":"max-snippet:-1","max-image-preview":"max-image-preview:large","max-video-preview":"max-video-preview:-1"},"canonical":"https:\/\/ihedn.fr\/en\/uncategorized\/le-3e-prix-des-imaginaires-strategiques\/","og_locale":"en_GB","og_type":"article","og_title":"Le 3e prix des Imaginaires strat\u00e9giques - L&#039;IHEDN : Institut des hautes \u00e9tudes de d\u00e9fense nationale","og_description":"Le 3e prix des Imaginaires strat\u00e9giques en kiosque ce mois-ci. Le 3e prix des Imaginaires strat\u00e9giques attribu\u00e9 \u00e0 Madame Lydie AUTHIER pour \u00ab A la fin, c\u2019est la nuit qui gagne \u00bb sera publi\u00e9 dans le num\u00e9ro 161 de la revue DSI de septembre-octobre. Cette nouvelle d\u00e9crit comment la coh\u00e9sion d\u2019un groupe soud\u00e9 s\u2019effondre lorsqu\u2019il [&hellip;]","og_url":"https:\/\/ihedn.fr\/en\/uncategorized\/le-3e-prix-des-imaginaires-strategiques\/","og_site_name":"L&#039;IHEDN : Institut des hautes \u00e9tudes de d\u00e9fense nationale","article_publisher":"https:\/\/www.facebook.com\/ihedn\/","article_published_time":"2022-09-02T14:21:21+00:00","article_modified_time":"2022-11-25T14:22:28+00:00","og_image":[{"width":1200,"height":1287,"url":"https:\/\/ihedn.fr\/wp-content\/uploads\/2021\/01\/Affiche_LESIMAGINAIRES_STRATEGIQUES_2021-0.jpg","type":"image\/jpeg"}],"author":"dev","twitter_card":"summary_large_image","twitter_creator":"@IHEDN","twitter_site":"@IHEDN","twitter_misc":{"Written by":"dev","Estimated reading time":"2 minutes"},"schema":{"@context":"https:\/\/schema.org","@graph":[{"@type":"Article","@id":"https:\/\/ihedn.fr\/uncategorized\/le-3e-prix-des-imaginaires-strategiques\/#article","isPartOf":{"@id":"https:\/\/ihedn.fr\/uncategorized\/le-3e-prix-des-imaginaires-strategiques\/"},"author":{"name":"dev","@id":"https:\/\/ihedn.fr\/#\/schema\/person\/7a40155595e4efb35323447cb8c8c5a4"},"headline":"Le 3e prix des Imaginaires strat\u00e9giques","datePublished":"2022-09-02T14:21:21+00:00","dateModified":"2022-11-25T14:22:28+00:00","mainEntityOfPage":{"@id":"https:\/\/ihedn.fr\/uncategorized\/le-3e-prix-des-imaginaires-strategiques\/"},"wordCount":270,"publisher":{"@id":"https:\/\/ihedn.fr\/#organization"},"image":{"@id":"https:\/\/ihedn.fr\/uncategorized\/le-3e-prix-des-imaginaires-strategiques\/#primaryimage"},"thumbnailUrl":"https:\/\/ihedn.fr\/wp-content\/uploads\/2021\/01\/Affiche_LESIMAGINAIRES_STRATEGIQUES_2021-0.jpg","articleSection":["Notre actualit\u00e9","Uncategorized"],"inLanguage":"en-GB"},{"@type":"WebPage","@id":"https:\/\/ihedn.fr\/uncategorized\/le-3e-prix-des-imaginaires-strategiques\/","url":"https:\/\/ihedn.fr\/uncategorized\/le-3e-prix-des-imaginaires-strategiques\/","name":"The 3rd Imaginaires strat\u00e9giques Prize - IHEDN: Institut des hautes \u00e9tudes de d\u00e9fense nationale (Institute for Advanced Studies in National Defence)","isPartOf":{"@id":"https:\/\/ihedn.fr\/#website"},"primaryImageOfPage":{"@id":"https:\/\/ihedn.fr\/uncategorized\/le-3e-prix-des-imaginaires-strategiques\/#primaryimage"},"image":{"@id":"https:\/\/ihedn.fr\/uncategorized\/le-3e-prix-des-imaginaires-strategiques\/#primaryimage"},"thumbnailUrl":"https:\/\/ihedn.fr\/wp-content\/uploads\/2021\/01\/Affiche_LESIMAGINAIRES_STRATEGIQUES_2021-0.jpg","datePublished":"2022-09-02T14:21:21+00:00","dateModified":"2022-11-25T14:22:28+00:00","breadcrumb":{"@id":"https:\/\/ihedn.fr\/uncategorized\/le-3e-prix-des-imaginaires-strategiques\/#breadcrumb"},"inLanguage":"en-GB","potentialAction":[{"@type":"ReadAction","target":["https:\/\/ihedn.fr\/uncategorized\/le-3e-prix-des-imaginaires-strategiques\/"]}]},{"@type":"ImageObject","inLanguage":"en-GB","@id":"https:\/\/ihedn.fr\/uncategorized\/le-3e-prix-des-imaginaires-strategiques\/#primaryimage","url":"https:\/\/ihedn.fr\/wp-content\/uploads\/2021\/01\/Affiche_LESIMAGINAIRES_STRATEGIQUES_2021-0.jpg","contentUrl":"https:\/\/ihedn.fr\/wp-content\/uploads\/2021\/01\/Affiche_LESIMAGINAIRES_STRATEGIQUES_2021-0.jpg","width":1200,"height":1287},{"@type":"BreadcrumbList","@id":"https:\/\/ihedn.fr\/uncategorized\/le-3e-prix-des-imaginaires-strategiques\/#breadcrumb","itemListElement":[{"@type":"ListItem","position":1,"name":"Accueil","item":"https:\/\/ihedn.fr\/"},{"@type":"ListItem","position":2,"name":"Le 3e prix des Imaginaires strat\u00e9giques"}]},{"@type":"WebSite","@id":"https:\/\/ihedn.fr\/#website","url":"https:\/\/ihedn.fr\/","name":"IHEDN: Institut des hautes \u00e9tudes de d\u00e9fense nationale (Institute for Higher National Defence Studies)","description":"Official website of the IHEDN under the supervision of the Prime Minister.","publisher":{"@id":"https:\/\/ihedn.fr\/#organization"},"potentialAction":[{"@type":"SearchAction","target":{"@type":"EntryPoint","urlTemplate":"https:\/\/ihedn.fr\/?s={search_term_string}"},"query-input":{"@type":"PropertyValueSpecification","valueRequired":true,"valueName":"search_term_string"}}],"inLanguage":"en-GB"},{"@type":"Organization","@id":"https:\/\/ihedn.fr\/#organization","name":"IHEDN - Institute for Higher National Defence Studies","url":"https:\/\/ihedn.fr\/","logo":{"@type":"ImageObject","inLanguage":"en-GB","@id":"https:\/\/ihedn.fr\/#\/schema\/logo\/image\/","url":"https:\/\/ihedn.fr\/wp-content\/uploads\/2020\/11\/BLOC_RF_IHEDN_WEB.png","contentUrl":"https:\/\/ihedn.fr\/wp-content\/uploads\/2020\/11\/BLOC_RF_IHEDN_WEB.png","width":500,"height":237,"caption":"IHEDN - Institut des Hautes Etudes de D\u00e9fense Nationale"},"image":{"@id":"https:\/\/ihedn.fr\/#\/schema\/logo\/image\/"},"sameAs":["https:\/\/www.facebook.com\/ihedn\/","https:\/\/x.com\/IHEDN","https:\/\/www.instagram.com\/ihedn\/","https:\/\/www.linkedin.com\/school\/ihedn\/","https:\/\/fr.wikipedia.org\/wiki\/Institut_des_hautes_\u00e9tudes_de_D\u00e9fense_nationale"]},{"@type":"Person","@id":"https:\/\/ihedn.fr\/#\/schema\/person\/7a40155595e4efb35323447cb8c8c5a4","name":"dev","image":{"@type":"ImageObject","inLanguage":"en-GB","@id":"https:\/\/secure.gravatar.com\/avatar\/f1ffcac9ca2fa95ad3ec33e9be3ade82f752acb0cabe541e56c5889225afa88a?s=96&d=mm&r=g","url":"https:\/\/secure.gravatar.com\/avatar\/f1ffcac9ca2fa95ad3ec33e9be3ade82f752acb0cabe541e56c5889225afa88a?s=96&d=mm&r=g","contentUrl":"https:\/\/secure.gravatar.com\/avatar\/f1ffcac9ca2fa95ad3ec33e9be3ade82f752acb0cabe541e56c5889225afa88a?s=96&d=mm&r=g","caption":"dev"},"sameAs":["https:\/\/ihedn.concilium.click"],"url":"https:\/\/ihedn.fr\/en\/author\/dev\/"}]}},"publishpress_future_action":{"enabled":false,"date":"2026-05-07 20:44:13","action":"change-status","newStatus":"draft","terms":[],"taxonomy":"category","extraData":[]},"publishpress_future_workflow_manual_trigger":{"enabledWorkflows":[]},"_links":{"self":[{"href":"https:\/\/ihedn.fr\/en\/wp-json\/wp\/v2\/posts\/24707","targetHints":{"allow":["GET"]}}],"collection":[{"href":"https:\/\/ihedn.fr\/en\/wp-json\/wp\/v2\/posts"}],"about":[{"href":"https:\/\/ihedn.fr\/en\/wp-json\/wp\/v2\/types\/post"}],"author":[{"embeddable":true,"href":"https:\/\/ihedn.fr\/en\/wp-json\/wp\/v2\/users\/1"}],"replies":[{"embeddable":true,"href":"https:\/\/ihedn.fr\/en\/wp-json\/wp\/v2\/comments?post=24707"}],"version-history":[{"count":15,"href":"https:\/\/ihedn.fr\/en\/wp-json\/wp\/v2\/posts\/24707\/revisions"}],"predecessor-version":[{"id":26497,"href":"https:\/\/ihedn.fr\/en\/wp-json\/wp\/v2\/posts\/24707\/revisions\/26497"}],"wp:featuredmedia":[{"embeddable":true,"href":"https:\/\/ihedn.fr\/en\/wp-json\/wp\/v2\/media\/6303"}],"wp:attachment":[{"href":"https:\/\/ihedn.fr\/en\/wp-json\/wp\/v2\/media?parent=24707"}],"wp:term":[{"taxonomy":"category","embeddable":true,"href":"https:\/\/ihedn.fr\/en\/wp-json\/wp\/v2\/categories?post=24707"},{"taxonomy":"post_tag","embeddable":true,"href":"https:\/\/ihedn.fr\/en\/wp-json\/wp\/v2\/tags?post=24707"}],"curies":[{"name":"wp","href":"https:\/\/api.w.org\/{rel}","templated":true}]}}