{"id":25158,"date":"2022-09-20T12:55:29","date_gmt":"2022-09-20T11:55:29","guid":{"rendered":"https:\/\/ihedn.fr\/?p=25158"},"modified":"2022-11-25T15:22:27","modified_gmt":"2022-11-25T14:22:27","slug":"cap-sur-le-fort-militaire-de-penthievre-pour-les-auditeurs-des-majeures-armement-et-economie-de-defense-et-enjeux-et-strategies-maritimes-de-la-session-nationale-de-l","status":"publish","type":"post","link":"https:\/\/ihedn.fr\/en\/notre-actualite\/cap-sur-le-fort-militaire-de-penthievre-pour-les-auditeurs-des-majeures-armement-et-economie-de-defense-et-enjeux-et-strategies-maritimes-de-la-session-nationale-de-l\/","title":{"rendered":"The Penthi\u00e8vre military fort is the setting for the \"Armament and Defence Economics\" and \"Maritime Issues and Strategies\" majors at the IHEDN national session."},"content":{"rendered":"<div data-elementor-type=\"wp-post\" data-elementor-id=\"25158\" class=\"elementor elementor-25158\" data-elementor-post-type=\"post\">\n\t\t\t\t\t\t<section data-particle_enable=\"false\" data-particle-mobile-disabled=\"false\" class=\"elementor-section elementor-top-section elementor-element elementor-element-0b31281 elementor-section-boxed elementor-section-height-default elementor-section-height-default\" data-id=\"0b31281\" data-element_type=\"section\" data-e-type=\"section\">\n\t\t\t\t\t\t<div class=\"elementor-container elementor-column-gap-default\">\n\t\t\t\t\t<div class=\"elementor-column elementor-col-50 elementor-top-column elementor-element elementor-element-e067cbc\" data-id=\"e067cbc\" data-element_type=\"column\" data-e-type=\"column\">\n\t\t\t<div class=\"elementor-widget-wrap elementor-element-populated\">\n\t\t\t\t\t\t<div class=\"elementor-element elementor-element-f8b80df elementor-widget elementor-widget-image\" data-id=\"f8b80df\" data-element_type=\"widget\" data-e-type=\"widget\" data-widget_type=\"image.default\">\n\t\t\t\t<div class=\"elementor-widget-container\">\n\t\t\t\t\t\t\t\t\t\t\t\t<figure class=\"wp-caption\">\n\t\t\t\t\t\t\t\t\t\t<img fetchpriority=\"high\" decoding=\"async\" width=\"800\" height=\"525\" src=\"https:\/\/ihedn.fr\/wp-content\/uploads\/2022\/09\/w-001-\u00aeIHEDN-AED-seminaire-de-rentree-au-3e-RIMA-a-Penthievre-20220916.jpg\" class=\"attachment-full size-full wp-image-25165\" alt=\"\u00aeIHEDN-AED-s\u00e9minaire de rentr\u00e9e au 3e RIMA \u00e0 Penthi\u00e8vre-20220916\" \/>\t\t\t\t\t\t\t\t\t\t\t<figcaption class=\"widget-image-caption wp-caption-text\">Colonel Faivre, head of the corps, presented the 3<sup>e<\/sup> RIMA <\/figcaption>\n\t\t\t\t\t\t\t\t\t\t<\/figure>\n\t\t\t\t\t\t\t\t\t<\/div>\n\t\t\t\t<\/div>\n\t\t\t\t\t<\/div>\n\t\t<\/div>\n\t\t\t\t<div class=\"elementor-column elementor-col-50 elementor-top-column elementor-element elementor-element-564258e\" data-id=\"564258e\" data-element_type=\"column\" data-e-type=\"column\">\n\t\t\t<div class=\"elementor-widget-wrap elementor-element-populated\">\n\t\t\t\t\t\t<div class=\"elementor-element elementor-element-adcda1c elementor-widget elementor-widget-text-editor\" data-id=\"adcda1c\" data-element_type=\"widget\" data-e-type=\"widget\" data-widget_type=\"text-editor.default\">\n\t\t\t\t<div class=\"elementor-widget-container\">\n\t\t\t\t\t\t\t\t\t<p><em><strong><span style=\"color: #034b7b;\">After the launch of the national session by the Prime Minister and the Chief of Staff of the French Armed Forces, the audience moved to the other end of the defence and security spectrum with a visit to Penthi\u00e8vre to the commando training centre of the 3rd Marine Infantry Regiment (RIMa) - the \"Big Three\" - where they were welcomed by its commanding officer, Colonel FAIVRE.<\/span><\/strong><\/em><\/p>\t\t\t\t\t\t\t\t<\/div>\n\t\t\t\t<\/div>\n\t\t\t\t\t<\/div>\n\t\t<\/div>\n\t\t\t\t\t<\/div>\n\t\t<\/section>\n\t\t\t\t<section data-particle_enable=\"false\" data-particle-mobile-disabled=\"false\" class=\"elementor-section elementor-top-section elementor-element elementor-element-754306b elementor-section-boxed elementor-section-height-default elementor-section-height-default\" data-id=\"754306b\" data-element_type=\"section\" data-e-type=\"section\">\n\t\t\t\t\t\t<div class=\"elementor-container elementor-column-gap-default\">\n\t\t\t\t\t<div class=\"elementor-column elementor-col-100 elementor-top-column elementor-element elementor-element-c8fcd17\" data-id=\"c8fcd17\" data-element_type=\"column\" data-e-type=\"column\">\n\t\t\t<div class=\"elementor-widget-wrap elementor-element-populated\">\n\t\t\t\t\t\t<div class=\"elementor-element elementor-element-1659b59 elementor-widget elementor-widget-text-editor\" data-id=\"1659b59\" data-element_type=\"widget\" data-e-type=\"widget\" data-widget_type=\"text-editor.default\">\n\t\t\t\t<div class=\"elementor-widget-container\">\n\t\t\t\t\t\t\t\t\t<p>Between work sessions and meals at the \u00c9cole nationale de voile et des sports nautiques (ENVSN), the students donned their combat gear to tackle the various obstacles on the group and individual commando courses at Fort Penthi\u00e8vre.<\/p><p>Listeners were woken at 6am by the sound of bagpipes, before gathering in the Place d'Armes for the flag-raising ceremony, just as the sun was beginning to rise.<\/p>\t\t\t\t\t\t\t\t<\/div>\n\t\t\t\t<\/div>\n\t\t\t\t<div class=\"elementor-element elementor-element-5ffc052 elementor-widget elementor-widget-gallery\" data-id=\"5ffc052\" data-element_type=\"widget\" data-e-type=\"widget\" data-settings=\"{&quot;gallery_layout&quot;:&quot;justified&quot;,&quot;ideal_row_height&quot;:{&quot;unit&quot;:&quot;px&quot;,&quot;size&quot;:192,&quot;sizes&quot;:[]},&quot;gap&quot;:{&quot;unit&quot;:&quot;px&quot;,&quot;size&quot;:3,&quot;sizes&quot;:[]},&quot;ideal_row_height_tablet&quot;:{&quot;unit&quot;:&quot;px&quot;,&quot;size&quot;:150,&quot;sizes&quot;:[]},&quot;ideal_row_height_mobile&quot;:{&quot;unit&quot;:&quot;px&quot;,&quot;size&quot;:150,&quot;sizes&quot;:[]},&quot;gap_tablet&quot;:{&quot;unit&quot;:&quot;px&quot;,&quot;size&quot;:10,&quot;sizes&quot;:[]},&quot;gap_mobile&quot;:{&quot;unit&quot;:&quot;px&quot;,&quot;size&quot;:10,&quot;sizes&quot;:[]},&quot;link_to&quot;:&quot;file&quot;,&quot;overlay_background&quot;:&quot;yes&quot;,&quot;content_hover_animation&quot;:&quot;fade-in&quot;}\" data-widget_type=\"gallery.default\">\n\t\t\t\t<div class=\"elementor-widget-container\">\n\t\t\t\t\t\t\t<div class=\"elementor-gallery__container\">\n\t\t\t\t\t\t\t<a class=\"e-gallery-item elementor-gallery-item elementor-animated-content\" href=\"https:\/\/ihedn.fr\/wp-content\/uploads\/2022\/09\/w-002-\u00aeIHEDN-AED-seminaire-de-rentree-au-3e-RIMA-a-Penthievre-20220916.jpg\" data-elementor-open-lightbox=\"yes\" data-elementor-lightbox-slideshow=\"5ffc052\" data-e-action-hash=\"#elementor-action%3Aaction%3Dlightbox%26settings%3DeyJpZCI6MjUxNjYsInVybCI6Imh0dHBzOlwvXC9paGVkbi5mclwvd3AtY29udGVudFwvdXBsb2Fkc1wvMjAyMlwvMDlcL3ctMDAyLVx1MDBhZUlIRUROLUFFRC1zZW1pbmFpcmUtZGUtcmVudHJlZS1hdS0zZS1SSU1BLWEtUGVudGhpZXZyZS0yMDIyMDkxNi5qcGciLCJzbGlkZXNob3ciOiI1ZmZjMDUyIn0%3D\">\n\t\t\t\t\t<div class=\"e-gallery-image elementor-gallery-item__image\" data-thumbnail=\"https:\/\/ihedn.fr\/wp-content\/uploads\/2022\/09\/w-002-\u00aeIHEDN-AED-seminaire-de-rentree-au-3e-RIMA-a-Penthievre-20220916.jpg\" data-width=\"800\" data-height=\"600\" aria-label=\"\" role=\"img\" ><\/div>\n\t\t\t\t\t\t\t\t\t\t\t<div class=\"elementor-gallery-item__overlay\"><\/div>\n\t\t\t\t\t\t\t\t\t\t\t\t\t\t<\/a>\n\t\t\t\t\t\t\t<a class=\"e-gallery-item elementor-gallery-item elementor-animated-content\" href=\"https:\/\/ihedn.fr\/wp-content\/uploads\/2022\/09\/w-Couleurs.jpg\" data-elementor-open-lightbox=\"yes\" data-elementor-lightbox-slideshow=\"5ffc052\" data-e-action-hash=\"#elementor-action%3Aaction%3Dlightbox%26settings%3DeyJpZCI6MjUxNzQsInVybCI6Imh0dHBzOlwvXC9paGVkbi5mclwvd3AtY29udGVudFwvdXBsb2Fkc1wvMjAyMlwvMDlcL3ctQ291bGV1cnMuanBnIiwic2xpZGVzaG93IjoiNWZmYzA1MiJ9\">\n\t\t\t\t\t<div class=\"e-gallery-image elementor-gallery-item__image\" data-thumbnail=\"https:\/\/ihedn.fr\/wp-content\/uploads\/2022\/09\/w-Couleurs.jpg\" data-width=\"800\" data-height=\"471\" aria-label=\"\" role=\"img\" ><\/div>\n\t\t\t\t\t\t\t\t\t\t\t<div class=\"elementor-gallery-item__overlay\"><\/div>\n\t\t\t\t\t\t\t\t\t\t\t\t\t\t<\/a>\n\t\t\t\t\t\t\t<a class=\"e-gallery-item elementor-gallery-item elementor-animated-content\" href=\"https:\/\/ihedn.fr\/wp-content\/uploads\/2022\/09\/w-2022_3RIMA_B_129_001_008.jpg\" data-elementor-open-lightbox=\"yes\" data-elementor-lightbox-slideshow=\"5ffc052\" data-e-action-hash=\"#elementor-action%3Aaction%3Dlightbox%26settings%3DeyJpZCI6MjUxNzMsInVybCI6Imh0dHBzOlwvXC9paGVkbi5mclwvd3AtY29udGVudFwvdXBsb2Fkc1wvMjAyMlwvMDlcL3ctMjAyMl8zUklNQV9CXzEyOV8wMDFfMDA4LmpwZyIsInNsaWRlc2hvdyI6IjVmZmMwNTIifQ%3D%3D\">\n\t\t\t\t\t<div class=\"e-gallery-image elementor-gallery-item__image\" data-thumbnail=\"https:\/\/ihedn.fr\/wp-content\/uploads\/2022\/09\/w-2022_3RIMA_B_129_001_008.jpg\" data-width=\"800\" data-height=\"473\" aria-label=\"\" role=\"img\" ><\/div>\n\t\t\t\t\t\t\t\t\t\t\t<div class=\"elementor-gallery-item__overlay\"><\/div>\n\t\t\t\t\t\t\t\t\t\t\t\t\t\t<\/a>\n\t\t\t\t\t<\/div>\n\t\t\t\t\t<\/div>\n\t\t\t\t<\/div>\n\t\t\t\t\t<\/div>\n\t\t<\/div>\n\t\t\t\t\t<\/div>\n\t\t<\/section>\n\t\t\t\t<section data-particle_enable=\"false\" data-particle-mobile-disabled=\"false\" class=\"elementor-section elementor-top-section elementor-element elementor-element-5cd2ad1 elementor-section-boxed elementor-section-height-default elementor-section-height-default\" data-id=\"5cd2ad1\" data-element_type=\"section\" data-e-type=\"section\">\n\t\t\t\t\t\t<div class=\"elementor-container elementor-column-gap-default\">\n\t\t\t\t\t<div class=\"elementor-column elementor-col-100 elementor-top-column elementor-element elementor-element-dd4aa86\" data-id=\"dd4aa86\" data-element_type=\"column\" data-e-type=\"column\">\n\t\t\t<div class=\"elementor-widget-wrap elementor-element-populated\">\n\t\t\t\t\t\t<div class=\"elementor-element elementor-element-6810c5d elementor-widget elementor-widget-text-editor\" data-id=\"6810c5d\" data-element_type=\"widget\" data-e-type=\"widget\" data-widget_type=\"text-editor.default\">\n\t\t\t\t<div class=\"elementor-widget-container\">\n\t\t\t\t\t\t\t\t\t<p>This seminar is above all an opportunity for the participants to meet, exchange ideas and create a team spirit within the session.<\/p>\t\t\t\t\t\t\t\t<\/div>\n\t\t\t\t<\/div>\n\t\t\t\t<div class=\"elementor-element elementor-element-c472aab elementor-widget elementor-widget-gallery\" data-id=\"c472aab\" data-element_type=\"widget\" data-e-type=\"widget\" data-settings=\"{&quot;gallery_layout&quot;:&quot;justified&quot;,&quot;ideal_row_height&quot;:{&quot;unit&quot;:&quot;px&quot;,&quot;size&quot;:157,&quot;sizes&quot;:[]},&quot;gap&quot;:{&quot;unit&quot;:&quot;px&quot;,&quot;size&quot;:3,&quot;sizes&quot;:[]},&quot;ideal_row_height_tablet&quot;:{&quot;unit&quot;:&quot;px&quot;,&quot;size&quot;:150,&quot;sizes&quot;:[]},&quot;ideal_row_height_mobile&quot;:{&quot;unit&quot;:&quot;px&quot;,&quot;size&quot;:150,&quot;sizes&quot;:[]},&quot;gap_tablet&quot;:{&quot;unit&quot;:&quot;px&quot;,&quot;size&quot;:10,&quot;sizes&quot;:[]},&quot;gap_mobile&quot;:{&quot;unit&quot;:&quot;px&quot;,&quot;size&quot;:10,&quot;sizes&quot;:[]},&quot;link_to&quot;:&quot;file&quot;,&quot;overlay_background&quot;:&quot;yes&quot;,&quot;content_hover_animation&quot;:&quot;fade-in&quot;}\" data-widget_type=\"gallery.default\">\n\t\t\t\t<div class=\"elementor-widget-container\">\n\t\t\t\t\t\t\t<div class=\"elementor-gallery__container\">\n\t\t\t\t\t\t\t<a class=\"e-gallery-item elementor-gallery-item elementor-animated-content\" href=\"https:\/\/ihedn.fr\/wp-content\/uploads\/2022\/09\/w-004-\u00aeIHEDN-AED-seminaire-de-rentree-au-3e-RIMA-a-Penthievre-20220916.jpg\" data-elementor-open-lightbox=\"yes\" data-elementor-lightbox-slideshow=\"c472aab\" data-e-action-hash=\"#elementor-action%3Aaction%3Dlightbox%26settings%3DeyJpZCI6MjUxNjcsInVybCI6Imh0dHBzOlwvXC9paGVkbi5mclwvd3AtY29udGVudFwvdXBsb2Fkc1wvMjAyMlwvMDlcL3ctMDA0LVx1MDBhZUlIRUROLUFFRC1zZW1pbmFpcmUtZGUtcmVudHJlZS1hdS0zZS1SSU1BLWEtUGVudGhpZXZyZS0yMDIyMDkxNi5qcGciLCJzbGlkZXNob3ciOiJjNDcyYWFiIn0%3D\">\n\t\t\t\t\t<div class=\"e-gallery-image elementor-gallery-item__image\" data-thumbnail=\"https:\/\/ihedn.fr\/wp-content\/uploads\/2022\/09\/w-004-\u00aeIHEDN-AED-seminaire-de-rentree-au-3e-RIMA-a-Penthievre-20220916.jpg\" data-width=\"800\" data-height=\"600\" aria-label=\"\" role=\"img\" ><\/div>\n\t\t\t\t\t\t\t\t\t\t\t<div class=\"elementor-gallery-item__overlay\"><\/div>\n\t\t\t\t\t\t\t\t\t\t\t\t\t\t<\/a>\n\t\t\t\t\t\t\t<a class=\"e-gallery-item elementor-gallery-item elementor-animated-content\" href=\"https:\/\/ihedn.fr\/wp-content\/uploads\/2022\/09\/w-005-\u00aeIHEDN-AED-seminaire-de-rentree-au-3e-RIMA-a-Penthievre-20220916.jpg\" data-elementor-open-lightbox=\"yes\" data-elementor-lightbox-slideshow=\"c472aab\" data-e-action-hash=\"#elementor-action%3Aaction%3Dlightbox%26settings%3DeyJpZCI6MjUxNjgsInVybCI6Imh0dHBzOlwvXC9paGVkbi5mclwvd3AtY29udGVudFwvdXBsb2Fkc1wvMjAyMlwvMDlcL3ctMDA1LVx1MDBhZUlIRUROLUFFRC1zZW1pbmFpcmUtZGUtcmVudHJlZS1hdS0zZS1SSU1BLWEtUGVudGhpZXZyZS0yMDIyMDkxNi5qcGciLCJzbGlkZXNob3ciOiJjNDcyYWFiIn0%3D\">\n\t\t\t\t\t<div class=\"e-gallery-image elementor-gallery-item__image\" data-thumbnail=\"https:\/\/ihedn.fr\/wp-content\/uploads\/2022\/09\/w-005-\u00aeIHEDN-AED-seminaire-de-rentree-au-3e-RIMA-a-Penthievre-20220916.jpg\" data-width=\"800\" data-height=\"570\" aria-label=\"\" role=\"img\" ><\/div>\n\t\t\t\t\t\t\t\t\t\t\t<div class=\"elementor-gallery-item__overlay\"><\/div>\n\t\t\t\t\t\t\t\t\t\t\t\t\t\t<\/a>\n\t\t\t\t\t\t\t<a class=\"e-gallery-item elementor-gallery-item elementor-animated-content\" href=\"https:\/\/ihedn.fr\/wp-content\/uploads\/2022\/09\/w-006-\u00aeIHEDN-AED-seminaire-de-rentree-au-3e-RIMA-a-Penthievre-20220916.jpg\" data-elementor-open-lightbox=\"yes\" data-elementor-lightbox-slideshow=\"c472aab\" data-e-action-hash=\"#elementor-action%3Aaction%3Dlightbox%26settings%3DeyJpZCI6MjUxNjksInVybCI6Imh0dHBzOlwvXC9paGVkbi5mclwvd3AtY29udGVudFwvdXBsb2Fkc1wvMjAyMlwvMDlcL3ctMDA2LVx1MDBhZUlIRUROLUFFRC1zZW1pbmFpcmUtZGUtcmVudHJlZS1hdS0zZS1SSU1BLWEtUGVudGhpZXZyZS0yMDIyMDkxNi5qcGciLCJzbGlkZXNob3ciOiJjNDcyYWFiIn0%3D\">\n\t\t\t\t\t<div class=\"e-gallery-image elementor-gallery-item__image\" data-thumbnail=\"https:\/\/ihedn.fr\/wp-content\/uploads\/2022\/09\/w-006-\u00aeIHEDN-AED-seminaire-de-rentree-au-3e-RIMA-a-Penthievre-20220916.jpg\" data-width=\"800\" data-height=\"600\" aria-label=\"\" role=\"img\" ><\/div>\n\t\t\t\t\t\t\t\t\t\t\t<div class=\"elementor-gallery-item__overlay\"><\/div>\n\t\t\t\t\t\t\t\t\t\t\t\t\t\t<\/a>\n\t\t\t\t\t\t\t<a class=\"e-gallery-item elementor-gallery-item elementor-animated-content\" href=\"https:\/\/ihedn.fr\/wp-content\/uploads\/2022\/09\/w-007-\u00aeIHEDN-AED-seminaire-de-rentree-au-3e-RIMA-a-Penthievre-20220916.jpg\" data-elementor-open-lightbox=\"yes\" data-elementor-lightbox-slideshow=\"c472aab\" data-e-action-hash=\"#elementor-action%3Aaction%3Dlightbox%26settings%3DeyJpZCI6MjUxNzAsInVybCI6Imh0dHBzOlwvXC9paGVkbi5mclwvd3AtY29udGVudFwvdXBsb2Fkc1wvMjAyMlwvMDlcL3ctMDA3LVx1MDBhZUlIRUROLUFFRC1zZW1pbmFpcmUtZGUtcmVudHJlZS1hdS0zZS1SSU1BLWEtUGVudGhpZXZyZS0yMDIyMDkxNi5qcGciLCJzbGlkZXNob3ciOiJjNDcyYWFiIn0%3D\">\n\t\t\t\t\t<div class=\"e-gallery-image elementor-gallery-item__image\" data-thumbnail=\"https:\/\/ihedn.fr\/wp-content\/uploads\/2022\/09\/w-007-\u00aeIHEDN-AED-seminaire-de-rentree-au-3e-RIMA-a-Penthievre-20220916.jpg\" data-width=\"800\" data-height=\"600\" aria-label=\"\" role=\"img\" ><\/div>\n\t\t\t\t\t\t\t\t\t\t\t<div class=\"elementor-gallery-item__overlay\"><\/div>\n\t\t\t\t\t\t\t\t\t\t\t\t\t\t<\/a>\n\t\t\t\t\t\t\t<a class=\"e-gallery-item elementor-gallery-item elementor-animated-content\" href=\"https:\/\/ihedn.fr\/wp-content\/uploads\/2022\/09\/w-008-\u00aeIHEDN-AED-seminaire-de-rentree-au-3e-RIMA-a-Penthievre-20220916.jpg\" data-elementor-open-lightbox=\"yes\" data-elementor-lightbox-slideshow=\"c472aab\" data-e-action-hash=\"#elementor-action%3Aaction%3Dlightbox%26settings%3DeyJpZCI6MjUxNzEsInVybCI6Imh0dHBzOlwvXC9paGVkbi5mclwvd3AtY29udGVudFwvdXBsb2Fkc1wvMjAyMlwvMDlcL3ctMDA4LVx1MDBhZUlIRUROLUFFRC1zZW1pbmFpcmUtZGUtcmVudHJlZS1hdS0zZS1SSU1BLWEtUGVudGhpZXZyZS0yMDIyMDkxNi5qcGciLCJzbGlkZXNob3ciOiJjNDcyYWFiIn0%3D\">\n\t\t\t\t\t<div class=\"e-gallery-image elementor-gallery-item__image\" data-thumbnail=\"https:\/\/ihedn.fr\/wp-content\/uploads\/2022\/09\/w-008-\u00aeIHEDN-AED-seminaire-de-rentree-au-3e-RIMA-a-Penthievre-20220916.jpg\" data-width=\"600\" data-height=\"800\" aria-label=\"\" role=\"img\" ><\/div>\n\t\t\t\t\t\t\t\t\t\t\t<div class=\"elementor-gallery-item__overlay\"><\/div>\n\t\t\t\t\t\t\t\t\t\t\t\t\t\t<\/a>\n\t\t\t\t\t\t\t<a class=\"e-gallery-item elementor-gallery-item elementor-animated-content\" href=\"https:\/\/ihedn.fr\/wp-content\/uploads\/2022\/09\/w-009-\u00aeIHEDN-AED-seminaire-de-rentree-au-3e-RIMA-a-Penthievre-20220916.jpg\" data-elementor-open-lightbox=\"yes\" data-elementor-lightbox-slideshow=\"c472aab\" data-e-action-hash=\"#elementor-action%3Aaction%3Dlightbox%26settings%3DeyJpZCI6MjUxNzIsInVybCI6Imh0dHBzOlwvXC9paGVkbi5mclwvd3AtY29udGVudFwvdXBsb2Fkc1wvMjAyMlwvMDlcL3ctMDA5LVx1MDBhZUlIRUROLUFFRC1zZW1pbmFpcmUtZGUtcmVudHJlZS1hdS0zZS1SSU1BLWEtUGVudGhpZXZyZS0yMDIyMDkxNi5qcGciLCJzbGlkZXNob3ciOiJjNDcyYWFiIn0%3D\">\n\t\t\t\t\t<div class=\"e-gallery-image elementor-gallery-item__image\" data-thumbnail=\"https:\/\/ihedn.fr\/wp-content\/uploads\/2022\/09\/w-009-\u00aeIHEDN-AED-seminaire-de-rentree-au-3e-RIMA-a-Penthievre-20220916.jpg\" data-width=\"800\" data-height=\"610\" aria-label=\"\" role=\"img\" ><\/div>\n\t\t\t\t\t\t\t\t\t\t\t<div class=\"elementor-gallery-item__overlay\"><\/div>\n\t\t\t\t\t\t\t\t\t\t\t\t\t\t<\/a>\n\t\t\t\t\t<\/div>\n\t\t\t\t\t<\/div>\n\t\t\t\t<\/div>\n\t\t\t\t\t<\/div>\n\t\t<\/div>\n\t\t\t\t\t<\/div>\n\t\t<\/section>\n\t\t\t\t<section data-particle_enable=\"false\" data-particle-mobile-disabled=\"false\" class=\"elementor-section elementor-top-section elementor-element elementor-element-a583b49 elementor-section-boxed elementor-section-height-default elementor-section-height-default\" data-id=\"a583b49\" data-element_type=\"section\" data-e-type=\"section\">\n\t\t\t\t\t\t<div class=\"elementor-container elementor-column-gap-default\">\n\t\t\t\t\t<div class=\"elementor-column elementor-col-50 elementor-top-column elementor-element elementor-element-a1912bc\" data-id=\"a1912bc\" data-element_type=\"column\" data-e-type=\"column\">\n\t\t\t<div class=\"elementor-widget-wrap elementor-element-populated\">\n\t\t\t\t\t\t<div class=\"elementor-element elementor-element-6b90bd3 elementor-widget elementor-widget-image\" data-id=\"6b90bd3\" data-element_type=\"widget\" data-e-type=\"widget\" data-widget_type=\"image.default\">\n\t\t\t\t<div class=\"elementor-widget-container\">\n\t\t\t\t\t\t\t\t\t\t\t\t\t\t\t<img decoding=\"async\" width=\"593\" height=\"443\" src=\"https:\/\/ihedn.fr\/wp-content\/uploads\/2022\/09\/w-010-\u00aeIHEDN-AED-seminaire-de-rentree-au-3e-RIMA-a-Penthievre-20220916.jpg\" class=\"attachment-full size-full wp-image-25187\" alt=\"\" \/>\t\t\t\t\t\t\t\t\t\t\t\t\t\t\t<\/div>\n\t\t\t\t<\/div>\n\t\t\t\t\t<\/div>\n\t\t<\/div>\n\t\t\t\t<div class=\"elementor-column elementor-col-50 elementor-top-column elementor-element elementor-element-d927a66\" data-id=\"d927a66\" data-element_type=\"column\" data-e-type=\"column\">\n\t\t\t<div class=\"elementor-widget-wrap elementor-element-populated\">\n\t\t\t\t\t\t<div class=\"elementor-element elementor-element-32062fe elementor-widget elementor-widget-text-editor\" data-id=\"32062fe\" data-element_type=\"widget\" data-e-type=\"widget\" data-widget_type=\"text-editor.default\">\n\t\t\t\t<div class=\"elementor-widget-container\">\n\t\t\t\t\t\t\t\t\t<p>The objective was largely achieved thanks to the teaching skills of the instructors on the 3<sup>e<\/sup> RIMA, but also to the solidarity and mutual aid between listeners, which enabled them to overcome their legitimate apprehension and overcome obstacles that seemed insurmountable.<\/p>\t\t\t\t\t\t\t\t<\/div>\n\t\t\t\t<\/div>\n\t\t\t\t<div class=\"elementor-element elementor-element-f722386 elementor-widget elementor-widget-image\" data-id=\"f722386\" data-element_type=\"widget\" data-e-type=\"widget\" data-widget_type=\"image.default\">\n\t\t\t\t<div class=\"elementor-widget-container\">\n\t\t\t\t\t\t\t\t\t\t\t\t\t\t\t<img decoding=\"async\" width=\"800\" height=\"506\" src=\"https:\/\/ihedn.fr\/wp-content\/uploads\/2022\/09\/w-011-\u00aeIHEDN-AED-seminaire-de-rentree-au-3e-RIMA-a-Penthievre-20220916.jpg\" class=\"attachment-full size-full wp-image-25188\" alt=\"\" \/>\t\t\t\t\t\t\t\t\t\t\t\t\t\t\t<\/div>\n\t\t\t\t<\/div>\n\t\t\t\t\t<\/div>\n\t\t<\/div>\n\t\t\t\t\t<\/div>\n\t\t<\/section>\n\t\t\t\t<section data-particle_enable=\"false\" data-particle-mobile-disabled=\"false\" class=\"elementor-section elementor-top-section elementor-element elementor-element-327cf02 elementor-section-boxed elementor-section-height-default elementor-section-height-default\" data-id=\"327cf02\" data-element_type=\"section\" data-e-type=\"section\">\n\t\t\t\t\t\t<div class=\"elementor-container elementor-column-gap-default\">\n\t\t\t\t\t<div class=\"elementor-column elementor-col-100 elementor-top-column elementor-element elementor-element-85a325c\" data-id=\"85a325c\" data-element_type=\"column\" data-e-type=\"column\">\n\t\t\t<div class=\"elementor-widget-wrap elementor-element-populated\">\n\t\t\t\t\t\t<div class=\"elementor-element elementor-element-6e41efc elementor-widget elementor-widget-text-editor\" data-id=\"6e41efc\" data-element_type=\"widget\" data-e-type=\"widget\" data-widget_type=\"text-editor.default\">\n\t\t\t\t<div class=\"elementor-widget-container\">\n\t\t\t\t\t\t\t\t\t<p>To their great surprise, they created strong bonds between them that they would never have imagined they could forge in a single day.<\/p><p>So it was with a great deal of satisfaction, but not without a good deal of tiredness and a few aches and pains, that the listeners returned home, visibly happy and impatient to meet up again.\u00a0\u00a0<\/p>\t\t\t\t\t\t\t\t<\/div>\n\t\t\t\t<\/div>\n\t\t\t\t\t<\/div>\n\t\t<\/div>\n\t\t\t\t\t<\/div>\n\t\t<\/section>\n\t\t\t\t<section data-particle_enable=\"false\" data-particle-mobile-disabled=\"false\" class=\"elementor-section elementor-top-section elementor-element elementor-element-42c24dd elementor-section-boxed elementor-section-height-default elementor-section-height-default\" data-id=\"42c24dd\" data-element_type=\"section\" data-e-type=\"section\">\n\t\t\t\t\t\t<div class=\"elementor-container elementor-column-gap-default\">\n\t\t\t\t\t<div class=\"elementor-column elementor-col-100 elementor-top-column elementor-element elementor-element-6b3ffb8\" data-id=\"6b3ffb8\" data-element_type=\"column\" data-e-type=\"column\">\n\t\t\t<div class=\"elementor-widget-wrap elementor-element-populated\">\n\t\t\t\t\t\t<div class=\"elementor-element elementor-element-9ec6eb0 elementor-position-inline-end elementor-view-default elementor-mobile-position-block-start elementor-widget elementor-widget-icon-box\" data-id=\"9ec6eb0\" data-element_type=\"widget\" data-e-type=\"widget\" data-widget_type=\"icon-box.default\">\n\t\t\t\t<div class=\"elementor-widget-container\">\n\t\t\t\t\t\t\t<div class=\"elementor-icon-box-wrapper\">\n\n\t\t\t\t\t\t<div class=\"elementor-icon-box-icon\">\n\t\t\t\t<a href=\"https:\/\/ihedn.fr\/en\/2022\/09\/22\/mission-penthievres-pour-les-auditeurs-des-majeures-aed-et-esm-de-la-2e-session-nationale-la-galerie-photo\/\" target=\"_blank\" class=\"elementor-icon\" tabindex=\"-1\" aria-label=\"Download photos of the mission\">\n\t\t\t\t<svg aria-hidden=\"true\" class=\"e-font-icon-svg e-fas-file-download\" viewbox=\"0 0 384 512\" xmlns=\"http:\/\/www.w3.org\/2000\/svg\"><path d=\"M224 136V0H24C10.7 0 0 10.7 0 24v464c0 13.3 10.7 24 24 24h336c13.3 0 24-10.7 24-24V160H248c-13.2 0-24-10.8-24-24zm76.45 211.36l-96.42 95.7c-6.65 6.61-17.39 6.61-24.04 0l-96.42-95.7C73.42 337.29 80.54 320 94.82 320H160v-80c0-8.84 7.16-16 16-16h32c8.84 0 16 7.16 16 16v80h65.18c14.28 0 21.4 17.29 11.27 27.36zM377 105L279.1 7c-4.5-4.5-10.6-7-17-7H256v128h128v-6.1c0-6.3-2.5-12.4-7-16.9z\"><\/path><\/svg>\t\t\t\t<\/a>\n\t\t\t<\/div>\n\t\t\t\n\t\t\t\t\t\t<div class=\"elementor-icon-box-content\">\n\n\t\t\t\t\t\t\t\t\t<h3 class=\"elementor-icon-box-title\">\n\t\t\t\t\t\t<a href=\"https:\/\/ihedn.fr\/en\/2022\/09\/22\/mission-penthievres-pour-les-auditeurs-des-majeures-aed-et-esm-de-la-2e-session-nationale-la-galerie-photo\/\" target=\"_blank\" >\n\t\t\t\t\t\t\tDownload photos of the mission\t\t\t\t\t\t<\/a>\n\t\t\t\t\t<\/h3>\n\t\t\t\t\n\t\t\t\t\n\t\t\t<\/div>\n\t\t\t\n\t\t<\/div>\n\t\t\t\t\t\t<\/div>\n\t\t\t\t<\/div>\n\t\t\t\t\t<\/div>\n\t\t<\/div>\n\t\t\t\t\t<\/div>\n\t\t<\/section>\n\t\t\t\t<\/div>","protected":false},"excerpt":{"rendered":"<p>Le colonel Faivre, chef de corps pr\u00e9sente le 3e RIMA Apr\u00e8s le lancement de la session nationale par la Premi\u00e8re ministre et le chef d\u2019\u00e9tat-major des arm\u00e9es, les auditeurs ont bascul\u00e9 dans l\u2019autre extr\u00e9mit\u00e9 du spectre de d\u00e9fense et de s\u00e9curit\u00e9 en se rendant \u00e0 Penthi\u00e8vre au centre d\u2019entra\u00eenement commando du 3e r\u00e9giment d\u2019infanterie de [&hellip;]<\/p>\n","protected":false},"author":1,"featured_media":25591,"comment_status":"closed","ping_status":"closed","sticky":false,"template":"","format":"standard","meta":{"footnotes":""},"categories":[172],"tags":[],"class_list":["post-25158","post","type-post","status-publish","format-standard","has-post-thumbnail","hentry","category-notre-actualite"],"yoast_head":"<!-- This site is optimized with the Yoast SEO plugin v27.5 - https:\/\/yoast.com\/product\/yoast-seo-wordpress\/ -->\n<title>Cap sur le Fort militaire de Penthi\u00e8vre pour les auditeurs des majeures \u00ab Armement et \u00c9conomie de D\u00e9fense \u00bb et \u00ab Enjeux et Strat\u00e9gies Maritimes \u00bb de la session nationale de l\u2019IHEDN - L&#039;IHEDN : Institut des hautes \u00e9tudes de d\u00e9fense nationale<\/title>\n<meta name=\"robots\" content=\"index, follow, max-snippet:-1, max-image-preview:large, max-video-preview:-1\" \/>\n<link rel=\"canonical\" href=\"https:\/\/ihedn.fr\/en\/actualites-des-sessions\/cap-sur-le-fort-militaire-de-penthievre-pour-les-auditeurs-des-majeures-armement-et-economie-de-defense-et-enjeux-et-strategies-maritimes-de-la-session-nationale-de-l\/\" \/>\n<meta property=\"og:locale\" content=\"en_GB\" \/>\n<meta property=\"og:type\" content=\"article\" \/>\n<meta property=\"og:title\" content=\"Cap sur le Fort militaire de Penthi\u00e8vre pour les auditeurs des majeures \u00ab Armement et \u00c9conomie de D\u00e9fense \u00bb et \u00ab Enjeux et Strat\u00e9gies Maritimes \u00bb de la session nationale de l\u2019IHEDN - L&#039;IHEDN : Institut des hautes \u00e9tudes de d\u00e9fense nationale\" \/>\n<meta property=\"og:description\" content=\"Le colonel Faivre, chef de corps pr\u00e9sente le 3e RIMA Apr\u00e8s le lancement de la session nationale par la Premi\u00e8re ministre et le chef d\u2019\u00e9tat-major des arm\u00e9es, les auditeurs ont bascul\u00e9 dans l\u2019autre extr\u00e9mit\u00e9 du spectre de d\u00e9fense et de s\u00e9curit\u00e9 en se rendant \u00e0 Penthi\u00e8vre au centre d\u2019entra\u00eenement commando du 3e r\u00e9giment d\u2019infanterie de [&hellip;]\" \/>\n<meta property=\"og:url\" content=\"https:\/\/ihedn.fr\/en\/actualites-des-sessions\/cap-sur-le-fort-militaire-de-penthievre-pour-les-auditeurs-des-majeures-armement-et-economie-de-defense-et-enjeux-et-strategies-maritimes-de-la-session-nationale-de-l\/\" \/>\n<meta property=\"og:site_name\" content=\"L&#039;IHEDN : Institut des hautes \u00e9tudes de d\u00e9fense nationale\" \/>\n<meta property=\"article:publisher\" content=\"https:\/\/www.facebook.com\/ihedn\/\" \/>\n<meta property=\"article:published_time\" content=\"2022-09-20T11:55:29+00:00\" \/>\n<meta property=\"article:modified_time\" content=\"2022-11-25T14:22:27+00:00\" \/>\n<meta property=\"og:image\" content=\"https:\/\/ihedn.fr\/wp-content\/uploads\/2022\/09\/w-2022_3RIMA_B_129_001_003.jpg\" \/>\n\t<meta property=\"og:image:width\" content=\"1453\" \/>\n\t<meta property=\"og:image:height\" content=\"962\" \/>\n\t<meta property=\"og:image:type\" content=\"image\/jpeg\" \/>\n<meta name=\"author\" content=\"dev\" \/>\n<meta name=\"twitter:card\" content=\"summary_large_image\" \/>\n<meta name=\"twitter:creator\" content=\"@IHEDN\" \/>\n<meta name=\"twitter:site\" content=\"@IHEDN\" \/>\n<meta name=\"twitter:label1\" content=\"Written by\" \/>\n\t<meta name=\"twitter:data1\" content=\"dev\" \/>\n\t<meta name=\"twitter:label2\" content=\"Estimated reading time\" \/>\n\t<meta name=\"twitter:data2\" content=\"3 minutes\" \/>\n<script type=\"application\/ld+json\" class=\"yoast-schema-graph\">{\"@context\":\"https:\\\/\\\/schema.org\",\"@graph\":[{\"@type\":\"Article\",\"@id\":\"https:\\\/\\\/ihedn.fr\\\/actualites-des-sessions\\\/cap-sur-le-fort-militaire-de-penthievre-pour-les-auditeurs-des-majeures-armement-et-economie-de-defense-et-enjeux-et-strategies-maritimes-de-la-session-nationale-de-l\\\/#article\",\"isPartOf\":{\"@id\":\"https:\\\/\\\/ihedn.fr\\\/actualites-des-sessions\\\/cap-sur-le-fort-militaire-de-penthievre-pour-les-auditeurs-des-majeures-armement-et-economie-de-defense-et-enjeux-et-strategies-maritimes-de-la-session-nationale-de-l\\\/\"},\"author\":{\"name\":\"dev\",\"@id\":\"https:\\\/\\\/ihedn.fr\\\/#\\\/schema\\\/person\\\/7a40155595e4efb35323447cb8c8c5a4\"},\"headline\":\"Cap sur le Fort militaire de Penthi\u00e8vre pour les auditeurs des majeures \u00ab Armement et \u00c9conomie de D\u00e9fense \u00bb et \u00ab Enjeux et Strat\u00e9gies Maritimes \u00bb de la session nationale de l\u2019IHEDN\",\"datePublished\":\"2022-09-20T11:55:29+00:00\",\"dateModified\":\"2022-11-25T14:22:27+00:00\",\"mainEntityOfPage\":{\"@id\":\"https:\\\/\\\/ihedn.fr\\\/actualites-des-sessions\\\/cap-sur-le-fort-militaire-de-penthievre-pour-les-auditeurs-des-majeures-armement-et-economie-de-defense-et-enjeux-et-strategies-maritimes-de-la-session-nationale-de-l\\\/\"},\"wordCount\":346,\"publisher\":{\"@id\":\"https:\\\/\\\/ihedn.fr\\\/#organization\"},\"image\":{\"@id\":\"https:\\\/\\\/ihedn.fr\\\/actualites-des-sessions\\\/cap-sur-le-fort-militaire-de-penthievre-pour-les-auditeurs-des-majeures-armement-et-economie-de-defense-et-enjeux-et-strategies-maritimes-de-la-session-nationale-de-l\\\/#primaryimage\"},\"thumbnailUrl\":\"https:\\\/\\\/ihedn.fr\\\/wp-content\\\/uploads\\\/2022\\\/09\\\/w-2022_3RIMA_B_129_001_003.jpg\",\"articleSection\":[\"Notre actualit\u00e9\"],\"inLanguage\":\"en-GB\"},{\"@type\":\"WebPage\",\"@id\":\"https:\\\/\\\/ihedn.fr\\\/actualites-des-sessions\\\/cap-sur-le-fort-militaire-de-penthievre-pour-les-auditeurs-des-majeures-armement-et-economie-de-defense-et-enjeux-et-strategies-maritimes-de-la-session-nationale-de-l\\\/\",\"url\":\"https:\\\/\\\/ihedn.fr\\\/actualites-des-sessions\\\/cap-sur-le-fort-militaire-de-penthievre-pour-les-auditeurs-des-majeures-armement-et-economie-de-defense-et-enjeux-et-strategies-maritimes-de-la-session-nationale-de-l\\\/\",\"name\":\"Cap sur le Fort militaire de Penthi\u00e8vre pour les auditeurs des majeures \u00ab Armement et \u00c9conomie de D\u00e9fense \u00bb et \u00ab Enjeux et Strat\u00e9gies Maritimes \u00bb de la session nationale de l\u2019IHEDN - L&#039;IHEDN : Institut des hautes \u00e9tudes de d\u00e9fense nationale\",\"isPartOf\":{\"@id\":\"https:\\\/\\\/ihedn.fr\\\/#website\"},\"primaryImageOfPage\":{\"@id\":\"https:\\\/\\\/ihedn.fr\\\/actualites-des-sessions\\\/cap-sur-le-fort-militaire-de-penthievre-pour-les-auditeurs-des-majeures-armement-et-economie-de-defense-et-enjeux-et-strategies-maritimes-de-la-session-nationale-de-l\\\/#primaryimage\"},\"image\":{\"@id\":\"https:\\\/\\\/ihedn.fr\\\/actualites-des-sessions\\\/cap-sur-le-fort-militaire-de-penthievre-pour-les-auditeurs-des-majeures-armement-et-economie-de-defense-et-enjeux-et-strategies-maritimes-de-la-session-nationale-de-l\\\/#primaryimage\"},\"thumbnailUrl\":\"https:\\\/\\\/ihedn.fr\\\/wp-content\\\/uploads\\\/2022\\\/09\\\/w-2022_3RIMA_B_129_001_003.jpg\",\"datePublished\":\"2022-09-20T11:55:29+00:00\",\"dateModified\":\"2022-11-25T14:22:27+00:00\",\"breadcrumb\":{\"@id\":\"https:\\\/\\\/ihedn.fr\\\/actualites-des-sessions\\\/cap-sur-le-fort-militaire-de-penthievre-pour-les-auditeurs-des-majeures-armement-et-economie-de-defense-et-enjeux-et-strategies-maritimes-de-la-session-nationale-de-l\\\/#breadcrumb\"},\"inLanguage\":\"en-GB\",\"potentialAction\":[{\"@type\":\"ReadAction\",\"target\":[\"https:\\\/\\\/ihedn.fr\\\/actualites-des-sessions\\\/cap-sur-le-fort-militaire-de-penthievre-pour-les-auditeurs-des-majeures-armement-et-economie-de-defense-et-enjeux-et-strategies-maritimes-de-la-session-nationale-de-l\\\/\"]}]},{\"@type\":\"ImageObject\",\"inLanguage\":\"en-GB\",\"@id\":\"https:\\\/\\\/ihedn.fr\\\/actualites-des-sessions\\\/cap-sur-le-fort-militaire-de-penthievre-pour-les-auditeurs-des-majeures-armement-et-economie-de-defense-et-enjeux-et-strategies-maritimes-de-la-session-nationale-de-l\\\/#primaryimage\",\"url\":\"https:\\\/\\\/ihedn.fr\\\/wp-content\\\/uploads\\\/2022\\\/09\\\/w-2022_3RIMA_B_129_001_003.jpg\",\"contentUrl\":\"https:\\\/\\\/ihedn.fr\\\/wp-content\\\/uploads\\\/2022\\\/09\\\/w-2022_3RIMA_B_129_001_003.jpg\",\"width\":1453,\"height\":962},{\"@type\":\"BreadcrumbList\",\"@id\":\"https:\\\/\\\/ihedn.fr\\\/actualites-des-sessions\\\/cap-sur-le-fort-militaire-de-penthievre-pour-les-auditeurs-des-majeures-armement-et-economie-de-defense-et-enjeux-et-strategies-maritimes-de-la-session-nationale-de-l\\\/#breadcrumb\",\"itemListElement\":[{\"@type\":\"ListItem\",\"position\":1,\"name\":\"Accueil\",\"item\":\"https:\\\/\\\/ihedn.fr\\\/\"},{\"@type\":\"ListItem\",\"position\":2,\"name\":\"Cap sur le Fort militaire de Penthi\u00e8vre pour les auditeurs des majeures \u00ab Armement et \u00c9conomie de D\u00e9fense \u00bb et \u00ab Enjeux et Strat\u00e9gies Maritimes \u00bb de la session nationale de l\u2019IHEDN\"}]},{\"@type\":\"WebSite\",\"@id\":\"https:\\\/\\\/ihedn.fr\\\/#website\",\"url\":\"https:\\\/\\\/ihedn.fr\\\/\",\"name\":\"IHEDN : Institut des hautes \u00e9tudes de d\u00e9fense nationale |\",\"description\":\"Site officiel de l&#039;IHEDN plac\u00e9 sous la tutelle du Premier ministre.\",\"publisher\":{\"@id\":\"https:\\\/\\\/ihedn.fr\\\/#organization\"},\"potentialAction\":[{\"@type\":\"SearchAction\",\"target\":{\"@type\":\"EntryPoint\",\"urlTemplate\":\"https:\\\/\\\/ihedn.fr\\\/?s={search_term_string}\"},\"query-input\":{\"@type\":\"PropertyValueSpecification\",\"valueRequired\":true,\"valueName\":\"search_term_string\"}}],\"inLanguage\":\"en-GB\"},{\"@type\":\"Organization\",\"@id\":\"https:\\\/\\\/ihedn.fr\\\/#organization\",\"name\":\"IHEDN - Institut des Hautes Etudes de D\u00e9fense Nationale\",\"url\":\"https:\\\/\\\/ihedn.fr\\\/\",\"logo\":{\"@type\":\"ImageObject\",\"inLanguage\":\"en-GB\",\"@id\":\"https:\\\/\\\/ihedn.fr\\\/#\\\/schema\\\/logo\\\/image\\\/\",\"url\":\"https:\\\/\\\/ihedn.fr\\\/wp-content\\\/uploads\\\/2020\\\/11\\\/BLOC_RF_IHEDN_WEB.png\",\"contentUrl\":\"https:\\\/\\\/ihedn.fr\\\/wp-content\\\/uploads\\\/2020\\\/11\\\/BLOC_RF_IHEDN_WEB.png\",\"width\":500,\"height\":237,\"caption\":\"IHEDN - Institut des Hautes Etudes de D\u00e9fense Nationale\"},\"image\":{\"@id\":\"https:\\\/\\\/ihedn.fr\\\/#\\\/schema\\\/logo\\\/image\\\/\"},\"sameAs\":[\"https:\\\/\\\/www.facebook.com\\\/ihedn\\\/\",\"https:\\\/\\\/x.com\\\/IHEDN\",\"https:\\\/\\\/www.instagram.com\\\/ihedn\\\/\",\"https:\\\/\\\/www.linkedin.com\\\/school\\\/ihedn\\\/\",\"https:\\\/\\\/fr.wikipedia.org\\\/wiki\\\/Institut_des_hautes_\u00e9tudes_de_D\u00e9fense_nationale\"]},{\"@type\":\"Person\",\"@id\":\"https:\\\/\\\/ihedn.fr\\\/#\\\/schema\\\/person\\\/7a40155595e4efb35323447cb8c8c5a4\",\"name\":\"dev\",\"image\":{\"@type\":\"ImageObject\",\"inLanguage\":\"en-GB\",\"@id\":\"https:\\\/\\\/secure.gravatar.com\\\/avatar\\\/f1ffcac9ca2fa95ad3ec33e9be3ade82f752acb0cabe541e56c5889225afa88a?s=96&d=mm&r=g\",\"url\":\"https:\\\/\\\/secure.gravatar.com\\\/avatar\\\/f1ffcac9ca2fa95ad3ec33e9be3ade82f752acb0cabe541e56c5889225afa88a?s=96&d=mm&r=g\",\"contentUrl\":\"https:\\\/\\\/secure.gravatar.com\\\/avatar\\\/f1ffcac9ca2fa95ad3ec33e9be3ade82f752acb0cabe541e56c5889225afa88a?s=96&d=mm&r=g\",\"caption\":\"dev\"},\"sameAs\":[\"https:\\\/\\\/ihedn.concilium.click\"],\"url\":\"https:\\\/\\\/ihedn.fr\\\/en\\\/author\\\/dev\\\/\"}]}<\/script>\n<!-- \/ Yoast SEO plugin. -->","yoast_head_json":{"title":"The Penthi\u00e8vre military fort is the setting for the \"Armament and Defence Economics\" and \"Maritime Issues and Strategies\" majors at the IHEDN national session - L'IHEDN : Institut des hautes \u00e9tudes de d\u00e9fense nationale","robots":{"index":"index","follow":"follow","max-snippet":"max-snippet:-1","max-image-preview":"max-image-preview:large","max-video-preview":"max-video-preview:-1"},"canonical":"https:\/\/ihedn.fr\/en\/actualites-des-sessions\/cap-sur-le-fort-militaire-de-penthievre-pour-les-auditeurs-des-majeures-armement-et-economie-de-defense-et-enjeux-et-strategies-maritimes-de-la-session-nationale-de-l\/","og_locale":"en_GB","og_type":"article","og_title":"Cap sur le Fort militaire de Penthi\u00e8vre pour les auditeurs des majeures \u00ab Armement et \u00c9conomie de D\u00e9fense \u00bb et \u00ab Enjeux et Strat\u00e9gies Maritimes \u00bb de la session nationale de l\u2019IHEDN - L&#039;IHEDN : Institut des hautes \u00e9tudes de d\u00e9fense nationale","og_description":"Le colonel Faivre, chef de corps pr\u00e9sente le 3e RIMA Apr\u00e8s le lancement de la session nationale par la Premi\u00e8re ministre et le chef d\u2019\u00e9tat-major des arm\u00e9es, les auditeurs ont bascul\u00e9 dans l\u2019autre extr\u00e9mit\u00e9 du spectre de d\u00e9fense et de s\u00e9curit\u00e9 en se rendant \u00e0 Penthi\u00e8vre au centre d\u2019entra\u00eenement commando du 3e r\u00e9giment d\u2019infanterie de [&hellip;]","og_url":"https:\/\/ihedn.fr\/en\/actualites-des-sessions\/cap-sur-le-fort-militaire-de-penthievre-pour-les-auditeurs-des-majeures-armement-et-economie-de-defense-et-enjeux-et-strategies-maritimes-de-la-session-nationale-de-l\/","og_site_name":"L&#039;IHEDN : Institut des hautes \u00e9tudes de d\u00e9fense nationale","article_publisher":"https:\/\/www.facebook.com\/ihedn\/","article_published_time":"2022-09-20T11:55:29+00:00","article_modified_time":"2022-11-25T14:22:27+00:00","og_image":[{"width":1453,"height":962,"url":"https:\/\/ihedn.fr\/wp-content\/uploads\/2022\/09\/w-2022_3RIMA_B_129_001_003.jpg","type":"image\/jpeg"}],"author":"dev","twitter_card":"summary_large_image","twitter_creator":"@IHEDN","twitter_site":"@IHEDN","twitter_misc":{"Written by":"dev","Estimated reading time":"3 minutes"},"schema":{"@context":"https:\/\/schema.org","@graph":[{"@type":"Article","@id":"https:\/\/ihedn.fr\/actualites-des-sessions\/cap-sur-le-fort-militaire-de-penthievre-pour-les-auditeurs-des-majeures-armement-et-economie-de-defense-et-enjeux-et-strategies-maritimes-de-la-session-nationale-de-l\/#article","isPartOf":{"@id":"https:\/\/ihedn.fr\/actualites-des-sessions\/cap-sur-le-fort-militaire-de-penthievre-pour-les-auditeurs-des-majeures-armement-et-economie-de-defense-et-enjeux-et-strategies-maritimes-de-la-session-nationale-de-l\/"},"author":{"name":"dev","@id":"https:\/\/ihedn.fr\/#\/schema\/person\/7a40155595e4efb35323447cb8c8c5a4"},"headline":"Cap sur le Fort militaire de Penthi\u00e8vre pour les auditeurs des majeures \u00ab Armement et \u00c9conomie de D\u00e9fense \u00bb et \u00ab Enjeux et Strat\u00e9gies Maritimes \u00bb de la session nationale de l\u2019IHEDN","datePublished":"2022-09-20T11:55:29+00:00","dateModified":"2022-11-25T14:22:27+00:00","mainEntityOfPage":{"@id":"https:\/\/ihedn.fr\/actualites-des-sessions\/cap-sur-le-fort-militaire-de-penthievre-pour-les-auditeurs-des-majeures-armement-et-economie-de-defense-et-enjeux-et-strategies-maritimes-de-la-session-nationale-de-l\/"},"wordCount":346,"publisher":{"@id":"https:\/\/ihedn.fr\/#organization"},"image":{"@id":"https:\/\/ihedn.fr\/actualites-des-sessions\/cap-sur-le-fort-militaire-de-penthievre-pour-les-auditeurs-des-majeures-armement-et-economie-de-defense-et-enjeux-et-strategies-maritimes-de-la-session-nationale-de-l\/#primaryimage"},"thumbnailUrl":"https:\/\/ihedn.fr\/wp-content\/uploads\/2022\/09\/w-2022_3RIMA_B_129_001_003.jpg","articleSection":["Notre actualit\u00e9"],"inLanguage":"en-GB"},{"@type":"WebPage","@id":"https:\/\/ihedn.fr\/actualites-des-sessions\/cap-sur-le-fort-militaire-de-penthievre-pour-les-auditeurs-des-majeures-armement-et-economie-de-defense-et-enjeux-et-strategies-maritimes-de-la-session-nationale-de-l\/","url":"https:\/\/ihedn.fr\/actualites-des-sessions\/cap-sur-le-fort-militaire-de-penthievre-pour-les-auditeurs-des-majeures-armement-et-economie-de-defense-et-enjeux-et-strategies-maritimes-de-la-session-nationale-de-l\/","name":"The Penthi\u00e8vre military fort is the setting for the \"Armament and Defence Economics\" and \"Maritime Issues and Strategies\" majors at the IHEDN national session - L'IHEDN : Institut des hautes \u00e9tudes de d\u00e9fense nationale","isPartOf":{"@id":"https:\/\/ihedn.fr\/#website"},"primaryImageOfPage":{"@id":"https:\/\/ihedn.fr\/actualites-des-sessions\/cap-sur-le-fort-militaire-de-penthievre-pour-les-auditeurs-des-majeures-armement-et-economie-de-defense-et-enjeux-et-strategies-maritimes-de-la-session-nationale-de-l\/#primaryimage"},"image":{"@id":"https:\/\/ihedn.fr\/actualites-des-sessions\/cap-sur-le-fort-militaire-de-penthievre-pour-les-auditeurs-des-majeures-armement-et-economie-de-defense-et-enjeux-et-strategies-maritimes-de-la-session-nationale-de-l\/#primaryimage"},"thumbnailUrl":"https:\/\/ihedn.fr\/wp-content\/uploads\/2022\/09\/w-2022_3RIMA_B_129_001_003.jpg","datePublished":"2022-09-20T11:55:29+00:00","dateModified":"2022-11-25T14:22:27+00:00","breadcrumb":{"@id":"https:\/\/ihedn.fr\/actualites-des-sessions\/cap-sur-le-fort-militaire-de-penthievre-pour-les-auditeurs-des-majeures-armement-et-economie-de-defense-et-enjeux-et-strategies-maritimes-de-la-session-nationale-de-l\/#breadcrumb"},"inLanguage":"en-GB","potentialAction":[{"@type":"ReadAction","target":["https:\/\/ihedn.fr\/actualites-des-sessions\/cap-sur-le-fort-militaire-de-penthievre-pour-les-auditeurs-des-majeures-armement-et-economie-de-defense-et-enjeux-et-strategies-maritimes-de-la-session-nationale-de-l\/"]}]},{"@type":"ImageObject","inLanguage":"en-GB","@id":"https:\/\/ihedn.fr\/actualites-des-sessions\/cap-sur-le-fort-militaire-de-penthievre-pour-les-auditeurs-des-majeures-armement-et-economie-de-defense-et-enjeux-et-strategies-maritimes-de-la-session-nationale-de-l\/#primaryimage","url":"https:\/\/ihedn.fr\/wp-content\/uploads\/2022\/09\/w-2022_3RIMA_B_129_001_003.jpg","contentUrl":"https:\/\/ihedn.fr\/wp-content\/uploads\/2022\/09\/w-2022_3RIMA_B_129_001_003.jpg","width":1453,"height":962},{"@type":"BreadcrumbList","@id":"https:\/\/ihedn.fr\/actualites-des-sessions\/cap-sur-le-fort-militaire-de-penthievre-pour-les-auditeurs-des-majeures-armement-et-economie-de-defense-et-enjeux-et-strategies-maritimes-de-la-session-nationale-de-l\/#breadcrumb","itemListElement":[{"@type":"ListItem","position":1,"name":"Accueil","item":"https:\/\/ihedn.fr\/"},{"@type":"ListItem","position":2,"name":"Cap sur le Fort militaire de Penthi\u00e8vre pour les auditeurs des majeures \u00ab Armement et \u00c9conomie de D\u00e9fense \u00bb et \u00ab Enjeux et Strat\u00e9gies Maritimes \u00bb de la session nationale de l\u2019IHEDN"}]},{"@type":"WebSite","@id":"https:\/\/ihedn.fr\/#website","url":"https:\/\/ihedn.fr\/","name":"IHEDN: Institut des hautes \u00e9tudes de d\u00e9fense nationale (Institute for Higher National Defence Studies)","description":"Official website of the IHEDN under the supervision of the Prime Minister.","publisher":{"@id":"https:\/\/ihedn.fr\/#organization"},"potentialAction":[{"@type":"SearchAction","target":{"@type":"EntryPoint","urlTemplate":"https:\/\/ihedn.fr\/?s={search_term_string}"},"query-input":{"@type":"PropertyValueSpecification","valueRequired":true,"valueName":"search_term_string"}}],"inLanguage":"en-GB"},{"@type":"Organization","@id":"https:\/\/ihedn.fr\/#organization","name":"IHEDN - Institute for Higher National Defence Studies","url":"https:\/\/ihedn.fr\/","logo":{"@type":"ImageObject","inLanguage":"en-GB","@id":"https:\/\/ihedn.fr\/#\/schema\/logo\/image\/","url":"https:\/\/ihedn.fr\/wp-content\/uploads\/2020\/11\/BLOC_RF_IHEDN_WEB.png","contentUrl":"https:\/\/ihedn.fr\/wp-content\/uploads\/2020\/11\/BLOC_RF_IHEDN_WEB.png","width":500,"height":237,"caption":"IHEDN - Institut des Hautes Etudes de D\u00e9fense Nationale"},"image":{"@id":"https:\/\/ihedn.fr\/#\/schema\/logo\/image\/"},"sameAs":["https:\/\/www.facebook.com\/ihedn\/","https:\/\/x.com\/IHEDN","https:\/\/www.instagram.com\/ihedn\/","https:\/\/www.linkedin.com\/school\/ihedn\/","https:\/\/fr.wikipedia.org\/wiki\/Institut_des_hautes_\u00e9tudes_de_D\u00e9fense_nationale"]},{"@type":"Person","@id":"https:\/\/ihedn.fr\/#\/schema\/person\/7a40155595e4efb35323447cb8c8c5a4","name":"dev","image":{"@type":"ImageObject","inLanguage":"en-GB","@id":"https:\/\/secure.gravatar.com\/avatar\/f1ffcac9ca2fa95ad3ec33e9be3ade82f752acb0cabe541e56c5889225afa88a?s=96&d=mm&r=g","url":"https:\/\/secure.gravatar.com\/avatar\/f1ffcac9ca2fa95ad3ec33e9be3ade82f752acb0cabe541e56c5889225afa88a?s=96&d=mm&r=g","contentUrl":"https:\/\/secure.gravatar.com\/avatar\/f1ffcac9ca2fa95ad3ec33e9be3ade82f752acb0cabe541e56c5889225afa88a?s=96&d=mm&r=g","caption":"dev"},"sameAs":["https:\/\/ihedn.concilium.click"],"url":"https:\/\/ihedn.fr\/en\/author\/dev\/"}]}},"publishpress_future_action":{"enabled":false,"date":"2026-05-09 14:05:48","action":"change-status","newStatus":"draft","terms":[],"taxonomy":"category","extraData":[]},"publishpress_future_workflow_manual_trigger":{"enabledWorkflows":[]},"_links":{"self":[{"href":"https:\/\/ihedn.fr\/en\/wp-json\/wp\/v2\/posts\/25158","targetHints":{"allow":["GET"]}}],"collection":[{"href":"https:\/\/ihedn.fr\/en\/wp-json\/wp\/v2\/posts"}],"about":[{"href":"https:\/\/ihedn.fr\/en\/wp-json\/wp\/v2\/types\/post"}],"author":[{"embeddable":true,"href":"https:\/\/ihedn.fr\/en\/wp-json\/wp\/v2\/users\/1"}],"replies":[{"embeddable":true,"href":"https:\/\/ihedn.fr\/en\/wp-json\/wp\/v2\/comments?post=25158"}],"version-history":[{"count":27,"href":"https:\/\/ihedn.fr\/en\/wp-json\/wp\/v2\/posts\/25158\/revisions"}],"predecessor-version":[{"id":25583,"href":"https:\/\/ihedn.fr\/en\/wp-json\/wp\/v2\/posts\/25158\/revisions\/25583"}],"wp:featuredmedia":[{"embeddable":true,"href":"https:\/\/ihedn.fr\/en\/wp-json\/wp\/v2\/media\/25591"}],"wp:attachment":[{"href":"https:\/\/ihedn.fr\/en\/wp-json\/wp\/v2\/media?parent=25158"}],"wp:term":[{"taxonomy":"category","embeddable":true,"href":"https:\/\/ihedn.fr\/en\/wp-json\/wp\/v2\/categories?post=25158"},{"taxonomy":"post_tag","embeddable":true,"href":"https:\/\/ihedn.fr\/en\/wp-json\/wp\/v2\/tags?post=25158"}],"curies":[{"name":"wp","href":"https:\/\/api.w.org\/{rel}","templated":true}]}}