{"id":25307,"date":"2022-09-19T14:13:20","date_gmt":"2022-09-19T13:13:20","guid":{"rendered":"https:\/\/ihedn.fr\/?p=25307"},"modified":"2022-11-25T15:22:27","modified_gmt":"2022-11-25T14:22:27","slug":"cap-sur-grenoble-pour-les-auditeurs-de-la-majeure-souverainete-numerique-et-cybersecurite-de-la-session-nationale-de-lihedn","status":"publish","type":"post","link":"https:\/\/ihedn.fr\/en\/notre-actualite\/cap-sur-grenoble-pour-les-auditeurs-de-la-majeure-souverainete-numerique-et-cybersecurite-de-la-session-nationale-de-lihedn\/","title":{"rendered":"Heading for Grenoble for the \"Economic Defence and Security\" and \"Digital Sovereignty and Cybersecurity\" majors at the IHEDN national session"},"content":{"rendered":"<div data-elementor-type=\"wp-post\" data-elementor-id=\"25307\" class=\"elementor elementor-25307\" data-elementor-post-type=\"post\">\n\t\t\t\t\t\t<section data-particle_enable=\"false\" data-particle-mobile-disabled=\"false\" class=\"elementor-section elementor-top-section elementor-element elementor-element-0b31281 elementor-section-boxed elementor-section-height-default elementor-section-height-default\" data-id=\"0b31281\" data-element_type=\"section\" data-e-type=\"section\">\n\t\t\t\t\t\t<div class=\"elementor-container elementor-column-gap-default\">\n\t\t\t\t\t<div class=\"elementor-column elementor-col-50 elementor-top-column elementor-element elementor-element-e067cbc\" data-id=\"e067cbc\" data-element_type=\"column\" data-e-type=\"column\">\n\t\t\t<div class=\"elementor-widget-wrap elementor-element-populated\">\n\t\t\t\t\t\t<div class=\"elementor-element elementor-element-f8b80df elementor-widget elementor-widget-image\" data-id=\"f8b80df\" data-element_type=\"widget\" data-e-type=\"widget\" data-widget_type=\"image.default\">\n\t\t\t\t<div class=\"elementor-widget-container\">\n\t\t\t\t\t\t\t\t\t\t\t\t<figure class=\"wp-caption\">\n\t\t\t\t\t\t\t\t\t\t<img fetchpriority=\"high\" decoding=\"async\" width=\"1500\" height=\"1000\" src=\"https:\/\/ihedn.fr\/wp-content\/uploads\/2022\/09\/0069-\u00aeIHEDN-DSE-SNC-seminaire-de-rentree-au-27e-BIM-20220917.jpg\" class=\"attachment-full size-full wp-image-25319\" alt=\"\" \/>\t\t\t\t\t\t\t\t\t\t\t<figcaption class=\"widget-image-caption wp-caption-text\"><\/figcaption>\n\t\t\t\t\t\t\t\t\t\t<\/figure>\n\t\t\t\t\t\t\t\t\t<\/div>\n\t\t\t\t<\/div>\n\t\t\t\t\t<\/div>\n\t\t<\/div>\n\t\t\t\t<div class=\"elementor-column elementor-col-50 elementor-top-column elementor-element elementor-element-564258e\" data-id=\"564258e\" data-element_type=\"column\" data-e-type=\"column\">\n\t\t\t<div class=\"elementor-widget-wrap elementor-element-populated\">\n\t\t\t\t\t\t<div class=\"elementor-element elementor-element-adcda1c elementor-widget elementor-widget-text-editor\" data-id=\"adcda1c\" data-element_type=\"widget\" data-e-type=\"widget\" data-widget_type=\"text-editor.default\">\n\t\t\t\t<div class=\"elementor-widget-container\">\n\t\t\t\t\t\t\t\t\t<p><em><strong><span style=\"color: #034b7b;\">After the launch of the national session by the Prime Minister and the Chief of the Defence Staff, the auditors arrived at the 27<sup>e <\/sup>mountain infantry brigade (27<sup>e<\/sup> BIM) in Varces.<\/span><\/strong><\/em><\/p>\t\t\t\t\t\t\t\t<\/div>\n\t\t\t\t<\/div>\n\t\t\t\t\t<\/div>\n\t\t<\/div>\n\t\t\t\t\t<\/div>\n\t\t<\/section>\n\t\t\t\t<section data-particle_enable=\"false\" data-particle-mobile-disabled=\"false\" class=\"elementor-section elementor-top-section elementor-element elementor-element-754306b elementor-section-boxed elementor-section-height-default elementor-section-height-default\" data-id=\"754306b\" data-element_type=\"section\" data-e-type=\"section\">\n\t\t\t\t\t\t<div class=\"elementor-container elementor-column-gap-default\">\n\t\t\t\t\t<div class=\"elementor-column elementor-col-100 elementor-top-column elementor-element elementor-element-c8fcd17\" data-id=\"c8fcd17\" data-element_type=\"column\" data-e-type=\"column\">\n\t\t\t<div class=\"elementor-widget-wrap elementor-element-populated\">\n\t\t\t\t\t\t<div class=\"elementor-element elementor-element-1659b59 elementor-widget elementor-widget-text-editor\" data-id=\"1659b59\" data-element_type=\"widget\" data-e-type=\"widget\" data-widget_type=\"text-editor.default\">\n\t\t\t\t<div class=\"elementor-widget-container\">\n\t\t\t\t\t\t\t\t\t<p>A two-part integration seminar:<\/p><ul><li><strong>conferences on technology management at the French Atomic Energy and Energy Commission (CEA).<\/strong> The law applied to new technologies, deciphered by two academics involved in international negotiations, highlights the need to combine what we know how to do, what we can do and what we have the right to do,<\/li><li><strong>a cohesion sequence organised by the 27<sup>e<\/sup> BIM.<\/strong> The French Army turns solitary listeners into supportive listeners.<\/li><\/ul><p>\u00a0<\/p><p><strong>United and united to face the year together, they head back to Paris. See you on 29 September for the rest of the programme!<\/strong><\/p>\t\t\t\t\t\t\t\t<\/div>\n\t\t\t\t<\/div>\n\t\t\t\t<div class=\"elementor-element elementor-element-5ffc052 elementor-widget elementor-widget-gallery\" data-id=\"5ffc052\" data-element_type=\"widget\" data-e-type=\"widget\" data-settings=\"{&quot;gallery_layout&quot;:&quot;justified&quot;,&quot;ideal_row_height&quot;:{&quot;unit&quot;:&quot;px&quot;,&quot;size&quot;:156,&quot;sizes&quot;:[]},&quot;gap&quot;:{&quot;unit&quot;:&quot;px&quot;,&quot;size&quot;:3,&quot;sizes&quot;:[]},&quot;ideal_row_height_tablet&quot;:{&quot;unit&quot;:&quot;px&quot;,&quot;size&quot;:150,&quot;sizes&quot;:[]},&quot;ideal_row_height_mobile&quot;:{&quot;unit&quot;:&quot;px&quot;,&quot;size&quot;:150,&quot;sizes&quot;:[]},&quot;gap_tablet&quot;:{&quot;unit&quot;:&quot;px&quot;,&quot;size&quot;:10,&quot;sizes&quot;:[]},&quot;gap_mobile&quot;:{&quot;unit&quot;:&quot;px&quot;,&quot;size&quot;:10,&quot;sizes&quot;:[]},&quot;link_to&quot;:&quot;file&quot;,&quot;overlay_background&quot;:&quot;yes&quot;,&quot;content_hover_animation&quot;:&quot;fade-in&quot;}\" data-widget_type=\"gallery.default\">\n\t\t\t\t<div class=\"elementor-widget-container\">\n\t\t\t\t\t\t\t<div class=\"elementor-gallery__container\">\n\t\t\t\t\t\t\t<a class=\"e-gallery-item elementor-gallery-item elementor-animated-content\" href=\"https:\/\/ihedn.fr\/wp-content\/uploads\/2022\/09\/0004-\u00aeIHEDN-DSE-SNC-seminaire-de-rentree-au-27e-BIM-20220916.jpg\" data-elementor-open-lightbox=\"yes\" data-elementor-lightbox-slideshow=\"5ffc052\" data-e-action-hash=\"#elementor-action%3Aaction%3Dlightbox%26settings%3DeyJpZCI6MjUzMTUsInVybCI6Imh0dHBzOlwvXC9paGVkbi5mclwvd3AtY29udGVudFwvdXBsb2Fkc1wvMjAyMlwvMDlcLzAwMDQtXHUwMGFlSUhFRE4tRFNFLVNOQy1zZW1pbmFpcmUtZGUtcmVudHJlZS1hdS0yN2UtQklNLTIwMjIwOTE2LmpwZyIsInNsaWRlc2hvdyI6IjVmZmMwNTIifQ%3D%3D\">\n\t\t\t\t\t<div class=\"e-gallery-image elementor-gallery-item__image\" data-thumbnail=\"https:\/\/ihedn.fr\/wp-content\/uploads\/2022\/09\/0004-\u00aeIHEDN-DSE-SNC-seminaire-de-rentree-au-27e-BIM-20220916.jpg\" data-width=\"1500\" data-height=\"1000\" aria-label=\"\" role=\"img\" ><\/div>\n\t\t\t\t\t\t\t\t\t\t\t<div class=\"elementor-gallery-item__overlay\"><\/div>\n\t\t\t\t\t\t\t\t\t\t\t\t\t\t<\/a>\n\t\t\t\t\t\t\t<a class=\"e-gallery-item elementor-gallery-item elementor-animated-content\" href=\"https:\/\/ihedn.fr\/wp-content\/uploads\/2022\/09\/0005-\u00aeIHEDN-DSE-SNC-seminaire-de-rentree-au-27e-BIM-20220916.jpg\" data-elementor-open-lightbox=\"yes\" data-elementor-lightbox-slideshow=\"5ffc052\" data-e-action-hash=\"#elementor-action%3Aaction%3Dlightbox%26settings%3DeyJpZCI6MjUzMTYsInVybCI6Imh0dHBzOlwvXC9paGVkbi5mclwvd3AtY29udGVudFwvdXBsb2Fkc1wvMjAyMlwvMDlcLzAwMDUtXHUwMGFlSUhFRE4tRFNFLVNOQy1zZW1pbmFpcmUtZGUtcmVudHJlZS1hdS0yN2UtQklNLTIwMjIwOTE2LmpwZyIsInNsaWRlc2hvdyI6IjVmZmMwNTIifQ%3D%3D\">\n\t\t\t\t\t<div class=\"e-gallery-image elementor-gallery-item__image\" data-thumbnail=\"https:\/\/ihedn.fr\/wp-content\/uploads\/2022\/09\/0005-\u00aeIHEDN-DSE-SNC-seminaire-de-rentree-au-27e-BIM-20220916.jpg\" data-width=\"1500\" data-height=\"1000\" aria-label=\"\" role=\"img\" ><\/div>\n\t\t\t\t\t\t\t\t\t\t\t<div class=\"elementor-gallery-item__overlay\"><\/div>\n\t\t\t\t\t\t\t\t\t\t\t\t\t\t<\/a>\n\t\t\t\t\t\t\t<a class=\"e-gallery-item elementor-gallery-item elementor-animated-content\" href=\"https:\/\/ihedn.fr\/wp-content\/uploads\/2022\/09\/0008-\u00aeIHEDN-DSE-SNC-seminaire-de-rentree-au-27e-BIM-20220917.jpg\" data-elementor-open-lightbox=\"yes\" data-elementor-lightbox-slideshow=\"5ffc052\" data-e-action-hash=\"#elementor-action%3Aaction%3Dlightbox%26settings%3DeyJpZCI6MjUzMTcsInVybCI6Imh0dHBzOlwvXC9paGVkbi5mclwvd3AtY29udGVudFwvdXBsb2Fkc1wvMjAyMlwvMDlcLzAwMDgtXHUwMGFlSUhFRE4tRFNFLVNOQy1zZW1pbmFpcmUtZGUtcmVudHJlZS1hdS0yN2UtQklNLTIwMjIwOTE3LmpwZyIsInNsaWRlc2hvdyI6IjVmZmMwNTIifQ%3D%3D\">\n\t\t\t\t\t<div class=\"e-gallery-image elementor-gallery-item__image\" data-thumbnail=\"https:\/\/ihedn.fr\/wp-content\/uploads\/2022\/09\/0008-\u00aeIHEDN-DSE-SNC-seminaire-de-rentree-au-27e-BIM-20220917.jpg\" data-width=\"1500\" data-height=\"1000\" aria-label=\"\" role=\"img\" ><\/div>\n\t\t\t\t\t\t\t\t\t\t\t<div class=\"elementor-gallery-item__overlay\"><\/div>\n\t\t\t\t\t\t\t\t\t\t\t\t\t\t<\/a>\n\t\t\t\t\t\t\t<a class=\"e-gallery-item elementor-gallery-item elementor-animated-content\" href=\"https:\/\/ihedn.fr\/wp-content\/uploads\/2022\/09\/0022-\u00aeIHEDN-DSE-SNC-seminaire-de-rentree-au-27e-BIM-20220917.jpg\" data-elementor-open-lightbox=\"yes\" data-elementor-lightbox-slideshow=\"5ffc052\" data-e-action-hash=\"#elementor-action%3Aaction%3Dlightbox%26settings%3DeyJpZCI6MjUzMTgsInVybCI6Imh0dHBzOlwvXC9paGVkbi5mclwvd3AtY29udGVudFwvdXBsb2Fkc1wvMjAyMlwvMDlcLzAwMjItXHUwMGFlSUhFRE4tRFNFLVNOQy1zZW1pbmFpcmUtZGUtcmVudHJlZS1hdS0yN2UtQklNLTIwMjIwOTE3LmpwZyIsInNsaWRlc2hvdyI6IjVmZmMwNTIifQ%3D%3D\">\n\t\t\t\t\t<div class=\"e-gallery-image elementor-gallery-item__image\" data-thumbnail=\"https:\/\/ihedn.fr\/wp-content\/uploads\/2022\/09\/0022-\u00aeIHEDN-DSE-SNC-seminaire-de-rentree-au-27e-BIM-20220917.jpg\" data-width=\"1500\" data-height=\"1000\" aria-label=\"\" role=\"img\" ><\/div>\n\t\t\t\t\t\t\t\t\t\t\t<div class=\"elementor-gallery-item__overlay\"><\/div>\n\t\t\t\t\t\t\t\t\t\t\t\t\t\t<\/a>\n\t\t\t\t\t<\/div>\n\t\t\t\t\t<\/div>\n\t\t\t\t<\/div>\n\t\t\t\t\t<\/div>\n\t\t<\/div>\n\t\t\t\t\t<\/div>\n\t\t<\/section>\n\t\t\t\t<section data-particle_enable=\"false\" data-particle-mobile-disabled=\"false\" class=\"elementor-section elementor-top-section elementor-element elementor-element-42c24dd elementor-section-boxed elementor-section-height-default elementor-section-height-default\" data-id=\"42c24dd\" data-element_type=\"section\" data-e-type=\"section\">\n\t\t\t\t\t\t<div class=\"elementor-container elementor-column-gap-default\">\n\t\t\t\t\t<div class=\"elementor-column elementor-col-100 elementor-top-column elementor-element elementor-element-6b3ffb8\" data-id=\"6b3ffb8\" data-element_type=\"column\" data-e-type=\"column\">\n\t\t\t<div class=\"elementor-widget-wrap elementor-element-populated\">\n\t\t\t\t\t\t<div class=\"elementor-element elementor-element-9ec6eb0 elementor-position-inline-end elementor-view-default elementor-mobile-position-block-start elementor-widget elementor-widget-icon-box\" data-id=\"9ec6eb0\" data-element_type=\"widget\" data-e-type=\"widget\" data-widget_type=\"icon-box.default\">\n\t\t\t\t<div class=\"elementor-widget-container\">\n\t\t\t\t\t\t\t<div class=\"elementor-icon-box-wrapper\">\n\n\t\t\t\t\t\t<div class=\"elementor-icon-box-icon\">\n\t\t\t\t<a href=\"https:\/\/ihedn.fr\/en\/2022\/09\/22\/mission-grenoble-pour-les-auditeurs-des-majeures-dse-et-snc-de-la-2e-session-nationale-la-galerie-photo\/\" target=\"_blank\" class=\"elementor-icon\" tabindex=\"-1\" aria-label=\"Download photos of the mission\">\n\t\t\t\t<svg aria-hidden=\"true\" class=\"e-font-icon-svg e-fas-file-download\" viewbox=\"0 0 384 512\" xmlns=\"http:\/\/www.w3.org\/2000\/svg\"><path d=\"M224 136V0H24C10.7 0 0 10.7 0 24v464c0 13.3 10.7 24 24 24h336c13.3 0 24-10.7 24-24V160H248c-13.2 0-24-10.8-24-24zm76.45 211.36l-96.42 95.7c-6.65 6.61-17.39 6.61-24.04 0l-96.42-95.7C73.42 337.29 80.54 320 94.82 320H160v-80c0-8.84 7.16-16 16-16h32c8.84 0 16 7.16 16 16v80h65.18c14.28 0 21.4 17.29 11.27 27.36zM377 105L279.1 7c-4.5-4.5-10.6-7-17-7H256v128h128v-6.1c0-6.3-2.5-12.4-7-16.9z\"><\/path><\/svg>\t\t\t\t<\/a>\n\t\t\t<\/div>\n\t\t\t\n\t\t\t\t\t\t<div class=\"elementor-icon-box-content\">\n\n\t\t\t\t\t\t\t\t\t<h3 class=\"elementor-icon-box-title\">\n\t\t\t\t\t\t<a href=\"https:\/\/ihedn.fr\/en\/2022\/09\/22\/mission-grenoble-pour-les-auditeurs-des-majeures-dse-et-snc-de-la-2e-session-nationale-la-galerie-photo\/\" target=\"_blank\" >\n\t\t\t\t\t\t\tDownload photos of the mission\t\t\t\t\t\t<\/a>\n\t\t\t\t\t<\/h3>\n\t\t\t\t\n\t\t\t\t\n\t\t\t<\/div>\n\t\t\t\n\t\t<\/div>\n\t\t\t\t\t\t<\/div>\n\t\t\t\t<\/div>\n\t\t\t\t\t<\/div>\n\t\t<\/div>\n\t\t\t\t\t<\/div>\n\t\t<\/section>\n\t\t\t\t<\/div>","protected":false},"excerpt":{"rendered":"<p>Apr\u00e8s le lancement de la session nationale par la Premi\u00e8re ministre et le chef d\u2019\u00e9tat-major des arm\u00e9es, les auditeurs sont arriv\u00e9s \u00e0 la 27e brigade d\u2019infanterie de montagne (27e BIM) \u00e0 Varces. Un s\u00e9minaire d\u2019int\u00e9gration en deux temps\u00a0: des conf\u00e9rences sur la ma\u00eetrise des technologies au Commissariat \u00e0 l\u2019\u00e9nergie atomique et aux \u00e9nergies (CEA). Le [&hellip;]<\/p>\n","protected":false},"author":1,"featured_media":25309,"comment_status":"closed","ping_status":"closed","sticky":false,"template":"","format":"standard","meta":{"footnotes":""},"categories":[172],"tags":[],"class_list":["post-25307","post","type-post","status-publish","format-standard","has-post-thumbnail","hentry","category-notre-actualite"],"yoast_head":"<!-- This site is optimized with the Yoast SEO plugin v27.5 - https:\/\/yoast.com\/product\/yoast-seo-wordpress\/ -->\n<title>Cap sur Grenoble pour les auditeurs des majeures &quot;D\u00e9fense et s\u00e9curit\u00e9 \u00e9conomiques&quot; et \u00ab Souverainet\u00e9 num\u00e9rique et cybers\u00e9curit\u00e9 \u00bb de la session nationale de l\u2019IHEDN - L&#039;IHEDN : Institut des hautes \u00e9tudes de d\u00e9fense nationale<\/title>\n<meta name=\"robots\" content=\"index, follow, max-snippet:-1, max-image-preview:large, max-video-preview:-1\" \/>\n<link rel=\"canonical\" href=\"https:\/\/ihedn.fr\/en\/actualites-des-sessions\/cap-sur-grenoble-pour-les-auditeurs-de-la-majeure-souverainete-numerique-et-cybersecurite-de-la-session-nationale-de-lihedn\/\" \/>\n<meta property=\"og:locale\" content=\"en_GB\" \/>\n<meta property=\"og:type\" content=\"article\" \/>\n<meta property=\"og:title\" content=\"Cap sur Grenoble pour les auditeurs des majeures &quot;D\u00e9fense et s\u00e9curit\u00e9 \u00e9conomiques&quot; et \u00ab Souverainet\u00e9 num\u00e9rique et cybers\u00e9curit\u00e9 \u00bb de la session nationale de l\u2019IHEDN - L&#039;IHEDN : Institut des hautes \u00e9tudes de d\u00e9fense nationale\" \/>\n<meta property=\"og:description\" content=\"Apr\u00e8s le lancement de la session nationale par la Premi\u00e8re ministre et le chef d\u2019\u00e9tat-major des arm\u00e9es, les auditeurs sont arriv\u00e9s \u00e0 la 27e brigade d\u2019infanterie de montagne (27e BIM) \u00e0 Varces. Un s\u00e9minaire d\u2019int\u00e9gration en deux temps\u00a0: des conf\u00e9rences sur la ma\u00eetrise des technologies au Commissariat \u00e0 l\u2019\u00e9nergie atomique et aux \u00e9nergies (CEA). Le [&hellip;]\" \/>\n<meta property=\"og:url\" content=\"https:\/\/ihedn.fr\/en\/actualites-des-sessions\/cap-sur-grenoble-pour-les-auditeurs-de-la-majeure-souverainete-numerique-et-cybersecurite-de-la-session-nationale-de-lihedn\/\" \/>\n<meta property=\"og:site_name\" content=\"L&#039;IHEDN : Institut des hautes \u00e9tudes de d\u00e9fense nationale\" \/>\n<meta property=\"article:publisher\" content=\"https:\/\/www.facebook.com\/ihedn\/\" \/>\n<meta property=\"article:published_time\" content=\"2022-09-19T13:13:20+00:00\" \/>\n<meta property=\"article:modified_time\" content=\"2022-11-25T14:22:27+00:00\" \/>\n<meta property=\"og:image\" content=\"https:\/\/ihedn.fr\/wp-content\/uploads\/2022\/09\/0072-\u00aeIHEDN-POLDEF-seminaire-de-rentree-20220917.jpg\" \/>\n\t<meta property=\"og:image:width\" content=\"1500\" \/>\n\t<meta property=\"og:image:height\" content=\"1000\" \/>\n\t<meta property=\"og:image:type\" content=\"image\/jpeg\" \/>\n<meta name=\"author\" content=\"dev\" \/>\n<meta name=\"twitter:card\" content=\"summary_large_image\" \/>\n<meta name=\"twitter:creator\" content=\"@IHEDN\" \/>\n<meta name=\"twitter:site\" content=\"@IHEDN\" \/>\n<meta name=\"twitter:label1\" content=\"Written by\" \/>\n\t<meta name=\"twitter:data1\" content=\"dev\" \/>\n\t<meta name=\"twitter:label2\" content=\"Estimated reading time\" \/>\n\t<meta name=\"twitter:data2\" content=\"1 minute\" \/>\n<script type=\"application\/ld+json\" class=\"yoast-schema-graph\">{\"@context\":\"https:\\\/\\\/schema.org\",\"@graph\":[{\"@type\":\"Article\",\"@id\":\"https:\\\/\\\/ihedn.fr\\\/en\\\/actualites-des-sessions\\\/cap-sur-grenoble-pour-les-auditeurs-de-la-majeure-souverainete-numerique-et-cybersecurite-de-la-session-nationale-de-lihedn\\\/#article\",\"isPartOf\":{\"@id\":\"https:\\\/\\\/ihedn.fr\\\/en\\\/actualites-des-sessions\\\/cap-sur-grenoble-pour-les-auditeurs-de-la-majeure-souverainete-numerique-et-cybersecurite-de-la-session-nationale-de-lihedn\\\/\"},\"author\":{\"name\":\"dev\",\"@id\":\"https:\\\/\\\/ihedn.fr\\\/#\\\/schema\\\/person\\\/7a40155595e4efb35323447cb8c8c5a4\"},\"headline\":\"Cap sur Grenoble pour les auditeurs des majeures \u00ab\u00a0D\u00e9fense et s\u00e9curit\u00e9 \u00e9conomiques\u00a0\u00bb et \u00ab Souverainet\u00e9 num\u00e9rique et cybers\u00e9curit\u00e9 \u00bb de la session nationale de l\u2019IHEDN\",\"datePublished\":\"2022-09-19T13:13:20+00:00\",\"dateModified\":\"2022-11-25T14:22:27+00:00\",\"mainEntityOfPage\":{\"@id\":\"https:\\\/\\\/ihedn.fr\\\/en\\\/actualites-des-sessions\\\/cap-sur-grenoble-pour-les-auditeurs-de-la-majeure-souverainete-numerique-et-cybersecurite-de-la-session-nationale-de-lihedn\\\/\"},\"wordCount\":193,\"publisher\":{\"@id\":\"https:\\\/\\\/ihedn.fr\\\/#organization\"},\"image\":{\"@id\":\"https:\\\/\\\/ihedn.fr\\\/en\\\/actualites-des-sessions\\\/cap-sur-grenoble-pour-les-auditeurs-de-la-majeure-souverainete-numerique-et-cybersecurite-de-la-session-nationale-de-lihedn\\\/#primaryimage\"},\"thumbnailUrl\":\"https:\\\/\\\/ihedn.fr\\\/wp-content\\\/uploads\\\/2022\\\/09\\\/0072-\u00aeIHEDN-POLDEF-seminaire-de-rentree-20220917.jpg\",\"articleSection\":[\"Notre actualit\u00e9\"],\"inLanguage\":\"en-GB\"},{\"@type\":\"WebPage\",\"@id\":\"https:\\\/\\\/ihedn.fr\\\/en\\\/actualites-des-sessions\\\/cap-sur-grenoble-pour-les-auditeurs-de-la-majeure-souverainete-numerique-et-cybersecurite-de-la-session-nationale-de-lihedn\\\/\",\"url\":\"https:\\\/\\\/ihedn.fr\\\/en\\\/actualites-des-sessions\\\/cap-sur-grenoble-pour-les-auditeurs-de-la-majeure-souverainete-numerique-et-cybersecurite-de-la-session-nationale-de-lihedn\\\/\",\"name\":\"Cap sur Grenoble pour les auditeurs des majeures \\\"D\u00e9fense et s\u00e9curit\u00e9 \u00e9conomiques\\\" et \u00ab Souverainet\u00e9 num\u00e9rique et cybers\u00e9curit\u00e9 \u00bb de la session nationale de l\u2019IHEDN - L&#039;IHEDN : Institut des hautes \u00e9tudes de d\u00e9fense nationale\",\"isPartOf\":{\"@id\":\"https:\\\/\\\/ihedn.fr\\\/#website\"},\"primaryImageOfPage\":{\"@id\":\"https:\\\/\\\/ihedn.fr\\\/en\\\/actualites-des-sessions\\\/cap-sur-grenoble-pour-les-auditeurs-de-la-majeure-souverainete-numerique-et-cybersecurite-de-la-session-nationale-de-lihedn\\\/#primaryimage\"},\"image\":{\"@id\":\"https:\\\/\\\/ihedn.fr\\\/en\\\/actualites-des-sessions\\\/cap-sur-grenoble-pour-les-auditeurs-de-la-majeure-souverainete-numerique-et-cybersecurite-de-la-session-nationale-de-lihedn\\\/#primaryimage\"},\"thumbnailUrl\":\"https:\\\/\\\/ihedn.fr\\\/wp-content\\\/uploads\\\/2022\\\/09\\\/0072-\u00aeIHEDN-POLDEF-seminaire-de-rentree-20220917.jpg\",\"datePublished\":\"2022-09-19T13:13:20+00:00\",\"dateModified\":\"2022-11-25T14:22:27+00:00\",\"breadcrumb\":{\"@id\":\"https:\\\/\\\/ihedn.fr\\\/en\\\/actualites-des-sessions\\\/cap-sur-grenoble-pour-les-auditeurs-de-la-majeure-souverainete-numerique-et-cybersecurite-de-la-session-nationale-de-lihedn\\\/#breadcrumb\"},\"inLanguage\":\"en-GB\",\"potentialAction\":[{\"@type\":\"ReadAction\",\"target\":[\"https:\\\/\\\/ihedn.fr\\\/en\\\/actualites-des-sessions\\\/cap-sur-grenoble-pour-les-auditeurs-de-la-majeure-souverainete-numerique-et-cybersecurite-de-la-session-nationale-de-lihedn\\\/\"]}]},{\"@type\":\"ImageObject\",\"inLanguage\":\"en-GB\",\"@id\":\"https:\\\/\\\/ihedn.fr\\\/en\\\/actualites-des-sessions\\\/cap-sur-grenoble-pour-les-auditeurs-de-la-majeure-souverainete-numerique-et-cybersecurite-de-la-session-nationale-de-lihedn\\\/#primaryimage\",\"url\":\"https:\\\/\\\/ihedn.fr\\\/wp-content\\\/uploads\\\/2022\\\/09\\\/0072-\u00aeIHEDN-POLDEF-seminaire-de-rentree-20220917.jpg\",\"contentUrl\":\"https:\\\/\\\/ihedn.fr\\\/wp-content\\\/uploads\\\/2022\\\/09\\\/0072-\u00aeIHEDN-POLDEF-seminaire-de-rentree-20220917.jpg\",\"width\":1500,\"height\":1000},{\"@type\":\"BreadcrumbList\",\"@id\":\"https:\\\/\\\/ihedn.fr\\\/en\\\/actualites-des-sessions\\\/cap-sur-grenoble-pour-les-auditeurs-de-la-majeure-souverainete-numerique-et-cybersecurite-de-la-session-nationale-de-lihedn\\\/#breadcrumb\",\"itemListElement\":[{\"@type\":\"ListItem\",\"position\":1,\"name\":\"Accueil\",\"item\":\"https:\\\/\\\/ihedn.fr\\\/\"},{\"@type\":\"ListItem\",\"position\":2,\"name\":\"Cap sur Grenoble pour les auditeurs des majeures \u00ab\u00a0D\u00e9fense et s\u00e9curit\u00e9 \u00e9conomiques\u00a0\u00bb et \u00ab Souverainet\u00e9 num\u00e9rique et cybers\u00e9curit\u00e9 \u00bb de la session nationale de l\u2019IHEDN\"}]},{\"@type\":\"WebSite\",\"@id\":\"https:\\\/\\\/ihedn.fr\\\/#website\",\"url\":\"https:\\\/\\\/ihedn.fr\\\/\",\"name\":\"IHEDN : Institut des hautes \u00e9tudes de d\u00e9fense nationale |\",\"description\":\"Site officiel de l&#039;IHEDN plac\u00e9 sous la tutelle du Premier ministre.\",\"publisher\":{\"@id\":\"https:\\\/\\\/ihedn.fr\\\/#organization\"},\"potentialAction\":[{\"@type\":\"SearchAction\",\"target\":{\"@type\":\"EntryPoint\",\"urlTemplate\":\"https:\\\/\\\/ihedn.fr\\\/?s={search_term_string}\"},\"query-input\":{\"@type\":\"PropertyValueSpecification\",\"valueRequired\":true,\"valueName\":\"search_term_string\"}}],\"inLanguage\":\"en-GB\"},{\"@type\":\"Organization\",\"@id\":\"https:\\\/\\\/ihedn.fr\\\/#organization\",\"name\":\"IHEDN - Institut des Hautes Etudes de D\u00e9fense Nationale\",\"url\":\"https:\\\/\\\/ihedn.fr\\\/\",\"logo\":{\"@type\":\"ImageObject\",\"inLanguage\":\"en-GB\",\"@id\":\"https:\\\/\\\/ihedn.fr\\\/#\\\/schema\\\/logo\\\/image\\\/\",\"url\":\"https:\\\/\\\/ihedn.fr\\\/wp-content\\\/uploads\\\/2020\\\/11\\\/BLOC_RF_IHEDN_WEB.png\",\"contentUrl\":\"https:\\\/\\\/ihedn.fr\\\/wp-content\\\/uploads\\\/2020\\\/11\\\/BLOC_RF_IHEDN_WEB.png\",\"width\":500,\"height\":237,\"caption\":\"IHEDN - Institut des Hautes Etudes de D\u00e9fense Nationale\"},\"image\":{\"@id\":\"https:\\\/\\\/ihedn.fr\\\/#\\\/schema\\\/logo\\\/image\\\/\"},\"sameAs\":[\"https:\\\/\\\/www.facebook.com\\\/ihedn\\\/\",\"https:\\\/\\\/x.com\\\/IHEDN\",\"https:\\\/\\\/www.instagram.com\\\/ihedn\\\/\",\"https:\\\/\\\/www.linkedin.com\\\/school\\\/ihedn\\\/\",\"https:\\\/\\\/fr.wikipedia.org\\\/wiki\\\/Institut_des_hautes_\u00e9tudes_de_D\u00e9fense_nationale\"]},{\"@type\":\"Person\",\"@id\":\"https:\\\/\\\/ihedn.fr\\\/#\\\/schema\\\/person\\\/7a40155595e4efb35323447cb8c8c5a4\",\"name\":\"dev\",\"image\":{\"@type\":\"ImageObject\",\"inLanguage\":\"en-GB\",\"@id\":\"https:\\\/\\\/secure.gravatar.com\\\/avatar\\\/f1ffcac9ca2fa95ad3ec33e9be3ade82f752acb0cabe541e56c5889225afa88a?s=96&d=mm&r=g\",\"url\":\"https:\\\/\\\/secure.gravatar.com\\\/avatar\\\/f1ffcac9ca2fa95ad3ec33e9be3ade82f752acb0cabe541e56c5889225afa88a?s=96&d=mm&r=g\",\"contentUrl\":\"https:\\\/\\\/secure.gravatar.com\\\/avatar\\\/f1ffcac9ca2fa95ad3ec33e9be3ade82f752acb0cabe541e56c5889225afa88a?s=96&d=mm&r=g\",\"caption\":\"dev\"},\"sameAs\":[\"https:\\\/\\\/ihedn.concilium.click\"],\"url\":\"https:\\\/\\\/ihedn.fr\\\/en\\\/author\\\/dev\\\/\"}]}<\/script>\n<!-- \/ Yoast SEO plugin. -->","yoast_head_json":{"title":"Heading for Grenoble for the \"Economic Defence and Security\" and \"Digital Sovereignty and Cybersecurity\" majors at the IHEDN national session - L'IHEDN : Institut des hautes \u00e9tudes de d\u00e9fense nationale","robots":{"index":"index","follow":"follow","max-snippet":"max-snippet:-1","max-image-preview":"max-image-preview:large","max-video-preview":"max-video-preview:-1"},"canonical":"https:\/\/ihedn.fr\/en\/actualites-des-sessions\/cap-sur-grenoble-pour-les-auditeurs-de-la-majeure-souverainete-numerique-et-cybersecurite-de-la-session-nationale-de-lihedn\/","og_locale":"en_GB","og_type":"article","og_title":"Cap sur Grenoble pour les auditeurs des majeures \"D\u00e9fense et s\u00e9curit\u00e9 \u00e9conomiques\" et \u00ab Souverainet\u00e9 num\u00e9rique et cybers\u00e9curit\u00e9 \u00bb de la session nationale de l\u2019IHEDN - L&#039;IHEDN : Institut des hautes \u00e9tudes de d\u00e9fense nationale","og_description":"Apr\u00e8s le lancement de la session nationale par la Premi\u00e8re ministre et le chef d\u2019\u00e9tat-major des arm\u00e9es, les auditeurs sont arriv\u00e9s \u00e0 la 27e brigade d\u2019infanterie de montagne (27e BIM) \u00e0 Varces. Un s\u00e9minaire d\u2019int\u00e9gration en deux temps\u00a0: des conf\u00e9rences sur la ma\u00eetrise des technologies au Commissariat \u00e0 l\u2019\u00e9nergie atomique et aux \u00e9nergies (CEA). Le [&hellip;]","og_url":"https:\/\/ihedn.fr\/en\/actualites-des-sessions\/cap-sur-grenoble-pour-les-auditeurs-de-la-majeure-souverainete-numerique-et-cybersecurite-de-la-session-nationale-de-lihedn\/","og_site_name":"L&#039;IHEDN : Institut des hautes \u00e9tudes de d\u00e9fense nationale","article_publisher":"https:\/\/www.facebook.com\/ihedn\/","article_published_time":"2022-09-19T13:13:20+00:00","article_modified_time":"2022-11-25T14:22:27+00:00","og_image":[{"width":1500,"height":1000,"url":"https:\/\/ihedn.fr\/wp-content\/uploads\/2022\/09\/0072-\u00aeIHEDN-POLDEF-seminaire-de-rentree-20220917.jpg","type":"image\/jpeg"}],"author":"dev","twitter_card":"summary_large_image","twitter_creator":"@IHEDN","twitter_site":"@IHEDN","twitter_misc":{"Written by":"dev","Estimated reading time":"1 minute"},"schema":{"@context":"https:\/\/schema.org","@graph":[{"@type":"Article","@id":"https:\/\/ihedn.fr\/en\/actualites-des-sessions\/cap-sur-grenoble-pour-les-auditeurs-de-la-majeure-souverainete-numerique-et-cybersecurite-de-la-session-nationale-de-lihedn\/#article","isPartOf":{"@id":"https:\/\/ihedn.fr\/en\/actualites-des-sessions\/cap-sur-grenoble-pour-les-auditeurs-de-la-majeure-souverainete-numerique-et-cybersecurite-de-la-session-nationale-de-lihedn\/"},"author":{"name":"dev","@id":"https:\/\/ihedn.fr\/#\/schema\/person\/7a40155595e4efb35323447cb8c8c5a4"},"headline":"Cap sur Grenoble pour les auditeurs des majeures \u00ab\u00a0D\u00e9fense et s\u00e9curit\u00e9 \u00e9conomiques\u00a0\u00bb et \u00ab Souverainet\u00e9 num\u00e9rique et cybers\u00e9curit\u00e9 \u00bb de la session nationale de l\u2019IHEDN","datePublished":"2022-09-19T13:13:20+00:00","dateModified":"2022-11-25T14:22:27+00:00","mainEntityOfPage":{"@id":"https:\/\/ihedn.fr\/en\/actualites-des-sessions\/cap-sur-grenoble-pour-les-auditeurs-de-la-majeure-souverainete-numerique-et-cybersecurite-de-la-session-nationale-de-lihedn\/"},"wordCount":193,"publisher":{"@id":"https:\/\/ihedn.fr\/#organization"},"image":{"@id":"https:\/\/ihedn.fr\/en\/actualites-des-sessions\/cap-sur-grenoble-pour-les-auditeurs-de-la-majeure-souverainete-numerique-et-cybersecurite-de-la-session-nationale-de-lihedn\/#primaryimage"},"thumbnailUrl":"https:\/\/ihedn.fr\/wp-content\/uploads\/2022\/09\/0072-\u00aeIHEDN-POLDEF-seminaire-de-rentree-20220917.jpg","articleSection":["Notre actualit\u00e9"],"inLanguage":"en-GB"},{"@type":"WebPage","@id":"https:\/\/ihedn.fr\/en\/actualites-des-sessions\/cap-sur-grenoble-pour-les-auditeurs-de-la-majeure-souverainete-numerique-et-cybersecurite-de-la-session-nationale-de-lihedn\/","url":"https:\/\/ihedn.fr\/en\/actualites-des-sessions\/cap-sur-grenoble-pour-les-auditeurs-de-la-majeure-souverainete-numerique-et-cybersecurite-de-la-session-nationale-de-lihedn\/","name":"Heading for Grenoble for the \"Economic Defence and Security\" and \"Digital Sovereignty and Cybersecurity\" majors at the IHEDN national session - L'IHEDN : Institut des hautes \u00e9tudes de d\u00e9fense nationale","isPartOf":{"@id":"https:\/\/ihedn.fr\/#website"},"primaryImageOfPage":{"@id":"https:\/\/ihedn.fr\/en\/actualites-des-sessions\/cap-sur-grenoble-pour-les-auditeurs-de-la-majeure-souverainete-numerique-et-cybersecurite-de-la-session-nationale-de-lihedn\/#primaryimage"},"image":{"@id":"https:\/\/ihedn.fr\/en\/actualites-des-sessions\/cap-sur-grenoble-pour-les-auditeurs-de-la-majeure-souverainete-numerique-et-cybersecurite-de-la-session-nationale-de-lihedn\/#primaryimage"},"thumbnailUrl":"https:\/\/ihedn.fr\/wp-content\/uploads\/2022\/09\/0072-\u00aeIHEDN-POLDEF-seminaire-de-rentree-20220917.jpg","datePublished":"2022-09-19T13:13:20+00:00","dateModified":"2022-11-25T14:22:27+00:00","breadcrumb":{"@id":"https:\/\/ihedn.fr\/en\/actualites-des-sessions\/cap-sur-grenoble-pour-les-auditeurs-de-la-majeure-souverainete-numerique-et-cybersecurite-de-la-session-nationale-de-lihedn\/#breadcrumb"},"inLanguage":"en-GB","potentialAction":[{"@type":"ReadAction","target":["https:\/\/ihedn.fr\/en\/actualites-des-sessions\/cap-sur-grenoble-pour-les-auditeurs-de-la-majeure-souverainete-numerique-et-cybersecurite-de-la-session-nationale-de-lihedn\/"]}]},{"@type":"ImageObject","inLanguage":"en-GB","@id":"https:\/\/ihedn.fr\/en\/actualites-des-sessions\/cap-sur-grenoble-pour-les-auditeurs-de-la-majeure-souverainete-numerique-et-cybersecurite-de-la-session-nationale-de-lihedn\/#primaryimage","url":"https:\/\/ihedn.fr\/wp-content\/uploads\/2022\/09\/0072-\u00aeIHEDN-POLDEF-seminaire-de-rentree-20220917.jpg","contentUrl":"https:\/\/ihedn.fr\/wp-content\/uploads\/2022\/09\/0072-\u00aeIHEDN-POLDEF-seminaire-de-rentree-20220917.jpg","width":1500,"height":1000},{"@type":"BreadcrumbList","@id":"https:\/\/ihedn.fr\/en\/actualites-des-sessions\/cap-sur-grenoble-pour-les-auditeurs-de-la-majeure-souverainete-numerique-et-cybersecurite-de-la-session-nationale-de-lihedn\/#breadcrumb","itemListElement":[{"@type":"ListItem","position":1,"name":"Accueil","item":"https:\/\/ihedn.fr\/"},{"@type":"ListItem","position":2,"name":"Cap sur Grenoble pour les auditeurs des majeures \u00ab\u00a0D\u00e9fense et s\u00e9curit\u00e9 \u00e9conomiques\u00a0\u00bb et \u00ab Souverainet\u00e9 num\u00e9rique et cybers\u00e9curit\u00e9 \u00bb de la session nationale de l\u2019IHEDN"}]},{"@type":"WebSite","@id":"https:\/\/ihedn.fr\/#website","url":"https:\/\/ihedn.fr\/","name":"IHEDN: Institut des hautes \u00e9tudes de d\u00e9fense nationale (Institute for Higher National Defence Studies)","description":"Official website of the IHEDN under the supervision of the Prime Minister.","publisher":{"@id":"https:\/\/ihedn.fr\/#organization"},"potentialAction":[{"@type":"SearchAction","target":{"@type":"EntryPoint","urlTemplate":"https:\/\/ihedn.fr\/?s={search_term_string}"},"query-input":{"@type":"PropertyValueSpecification","valueRequired":true,"valueName":"search_term_string"}}],"inLanguage":"en-GB"},{"@type":"Organization","@id":"https:\/\/ihedn.fr\/#organization","name":"IHEDN - Institute for Higher National Defence Studies","url":"https:\/\/ihedn.fr\/","logo":{"@type":"ImageObject","inLanguage":"en-GB","@id":"https:\/\/ihedn.fr\/#\/schema\/logo\/image\/","url":"https:\/\/ihedn.fr\/wp-content\/uploads\/2020\/11\/BLOC_RF_IHEDN_WEB.png","contentUrl":"https:\/\/ihedn.fr\/wp-content\/uploads\/2020\/11\/BLOC_RF_IHEDN_WEB.png","width":500,"height":237,"caption":"IHEDN - Institut des Hautes Etudes de D\u00e9fense Nationale"},"image":{"@id":"https:\/\/ihedn.fr\/#\/schema\/logo\/image\/"},"sameAs":["https:\/\/www.facebook.com\/ihedn\/","https:\/\/x.com\/IHEDN","https:\/\/www.instagram.com\/ihedn\/","https:\/\/www.linkedin.com\/school\/ihedn\/","https:\/\/fr.wikipedia.org\/wiki\/Institut_des_hautes_\u00e9tudes_de_D\u00e9fense_nationale"]},{"@type":"Person","@id":"https:\/\/ihedn.fr\/#\/schema\/person\/7a40155595e4efb35323447cb8c8c5a4","name":"dev","image":{"@type":"ImageObject","inLanguage":"en-GB","@id":"https:\/\/secure.gravatar.com\/avatar\/f1ffcac9ca2fa95ad3ec33e9be3ade82f752acb0cabe541e56c5889225afa88a?s=96&d=mm&r=g","url":"https:\/\/secure.gravatar.com\/avatar\/f1ffcac9ca2fa95ad3ec33e9be3ade82f752acb0cabe541e56c5889225afa88a?s=96&d=mm&r=g","contentUrl":"https:\/\/secure.gravatar.com\/avatar\/f1ffcac9ca2fa95ad3ec33e9be3ade82f752acb0cabe541e56c5889225afa88a?s=96&d=mm&r=g","caption":"dev"},"sameAs":["https:\/\/ihedn.concilium.click"],"url":"https:\/\/ihedn.fr\/en\/author\/dev\/"}]}},"publishpress_future_action":{"enabled":false,"date":"2026-05-09 14:05:06","action":"change-status","newStatus":"draft","terms":[],"taxonomy":"category","extraData":[]},"publishpress_future_workflow_manual_trigger":{"enabledWorkflows":[]},"_links":{"self":[{"href":"https:\/\/ihedn.fr\/en\/wp-json\/wp\/v2\/posts\/25307","targetHints":{"allow":["GET"]}}],"collection":[{"href":"https:\/\/ihedn.fr\/en\/wp-json\/wp\/v2\/posts"}],"about":[{"href":"https:\/\/ihedn.fr\/en\/wp-json\/wp\/v2\/types\/post"}],"author":[{"embeddable":true,"href":"https:\/\/ihedn.fr\/en\/wp-json\/wp\/v2\/users\/1"}],"replies":[{"embeddable":true,"href":"https:\/\/ihedn.fr\/en\/wp-json\/wp\/v2\/comments?post=25307"}],"version-history":[{"count":18,"href":"https:\/\/ihedn.fr\/en\/wp-json\/wp\/v2\/posts\/25307\/revisions"}],"predecessor-version":[{"id":25595,"href":"https:\/\/ihedn.fr\/en\/wp-json\/wp\/v2\/posts\/25307\/revisions\/25595"}],"wp:featuredmedia":[{"embeddable":true,"href":"https:\/\/ihedn.fr\/en\/wp-json\/wp\/v2\/media\/25309"}],"wp:attachment":[{"href":"https:\/\/ihedn.fr\/en\/wp-json\/wp\/v2\/media?parent=25307"}],"wp:term":[{"taxonomy":"category","embeddable":true,"href":"https:\/\/ihedn.fr\/en\/wp-json\/wp\/v2\/categories?post=25307"},{"taxonomy":"post_tag","embeddable":true,"href":"https:\/\/ihedn.fr\/en\/wp-json\/wp\/v2\/tags?post=25307"}],"curies":[{"name":"wp","href":"https:\/\/api.w.org\/{rel}","templated":true}]}}