{"id":25611,"date":"2022-09-23T09:07:27","date_gmt":"2022-09-23T08:07:27","guid":{"rendered":"https:\/\/ihedn.fr\/?p=25611"},"modified":"2022-11-25T15:22:27","modified_gmt":"2022-11-25T14:22:27","slug":"cap-sur-collioure-pour-les-auditeurs-de-la-majeure-politique-de-defense-de-la-session-nationale-de-lihedn","status":"publish","type":"post","link":"https:\/\/ihedn.fr\/en\/notre-actualite\/cap-sur-collioure-pour-les-auditeurs-de-la-majeure-politique-de-defense-de-la-session-nationale-de-lihedn\/","title":{"rendered":"Auditors from the \"Defence Policy\" major at the IHEDN national session head for Collioure"},"content":{"rendered":"<div data-elementor-type=\"wp-post\" data-elementor-id=\"25611\" class=\"elementor elementor-25611\" data-elementor-post-type=\"post\">\n\t\t\t\t\t\t<section data-particle_enable=\"false\" data-particle-mobile-disabled=\"false\" class=\"elementor-section elementor-top-section elementor-element elementor-element-0b31281 elementor-section-boxed elementor-section-height-default elementor-section-height-default\" data-id=\"0b31281\" data-element_type=\"section\" data-e-type=\"section\">\n\t\t\t\t\t\t<div class=\"elementor-container elementor-column-gap-default\">\n\t\t\t\t\t<div class=\"elementor-column elementor-col-100 elementor-top-column elementor-element elementor-element-564258e\" data-id=\"564258e\" data-element_type=\"column\" data-e-type=\"column\">\n\t\t\t<div class=\"elementor-widget-wrap elementor-element-populated\">\n\t\t\t\t\t\t<div class=\"elementor-element elementor-element-adcda1c elementor-widget elementor-widget-text-editor\" data-id=\"adcda1c\" data-element_type=\"widget\" data-e-type=\"widget\" data-widget_type=\"text-editor.default\">\n\t\t\t\t<div class=\"elementor-widget-container\">\n\t\t\t\t\t\t\t\t\t<p><em><strong><span style=\"color: #034b7b;\">After the launch of the national session by the Prime Minister and the Armed Forces Chief of Staff, the auditors arrived at the Centre national d'entra\u00eenement commando (CNEC) in COLLIOURE. <\/span><\/strong><\/em><\/p>\t\t\t\t\t\t\t\t<\/div>\n\t\t\t\t<\/div>\n\t\t\t\t\t<\/div>\n\t\t<\/div>\n\t\t\t\t\t<\/div>\n\t\t<\/section>\n\t\t\t\t<section data-particle_enable=\"false\" data-particle-mobile-disabled=\"false\" class=\"elementor-section elementor-top-section elementor-element elementor-element-754306b elementor-section-boxed elementor-section-height-default elementor-section-height-default\" data-id=\"754306b\" data-element_type=\"section\" data-e-type=\"section\">\n\t\t\t\t\t\t<div class=\"elementor-container elementor-column-gap-default\">\n\t\t\t\t\t<div class=\"elementor-column elementor-col-100 elementor-top-column elementor-element elementor-element-c8fcd17\" data-id=\"c8fcd17\" data-element_type=\"column\" data-e-type=\"column\">\n\t\t\t<div class=\"elementor-widget-wrap elementor-element-populated\">\n\t\t\t\t\t\t<div class=\"elementor-element elementor-element-1659b59 elementor-widget elementor-widget-text-editor\" data-id=\"1659b59\" data-element_type=\"widget\" data-e-type=\"widget\" data-widget_type=\"text-editor.default\">\n\t\t\t\t<div class=\"elementor-widget-container\">\n\t\t\t\t\t\t\t\t\t<p>The audience was welcomed by the mayor, <strong><span style=\"color: #034b7b;\">Mr Guy LLOBET<\/span><\/strong>at the Cultural Centre.<\/p>\t\t\t\t\t\t\t\t<\/div>\n\t\t\t\t<\/div>\n\t\t\t\t<div class=\"elementor-element elementor-element-5ffc052 elementor-widget elementor-widget-gallery\" data-id=\"5ffc052\" data-element_type=\"widget\" data-e-type=\"widget\" data-settings=\"{&quot;gallery_layout&quot;:&quot;justified&quot;,&quot;ideal_row_height&quot;:{&quot;unit&quot;:&quot;px&quot;,&quot;size&quot;:318,&quot;sizes&quot;:[]},&quot;gap&quot;:{&quot;unit&quot;:&quot;px&quot;,&quot;size&quot;:2,&quot;sizes&quot;:[]},&quot;ideal_row_height_tablet&quot;:{&quot;unit&quot;:&quot;px&quot;,&quot;size&quot;:150,&quot;sizes&quot;:[]},&quot;ideal_row_height_mobile&quot;:{&quot;unit&quot;:&quot;px&quot;,&quot;size&quot;:150,&quot;sizes&quot;:[]},&quot;gap_tablet&quot;:{&quot;unit&quot;:&quot;px&quot;,&quot;size&quot;:10,&quot;sizes&quot;:[]},&quot;gap_mobile&quot;:{&quot;unit&quot;:&quot;px&quot;,&quot;size&quot;:10,&quot;sizes&quot;:[]},&quot;link_to&quot;:&quot;file&quot;,&quot;overlay_background&quot;:&quot;yes&quot;,&quot;content_hover_animation&quot;:&quot;fade-in&quot;}\" data-widget_type=\"gallery.default\">\n\t\t\t\t<div class=\"elementor-widget-container\">\n\t\t\t\t\t\t\t<div class=\"elementor-gallery__container\">\n\t\t\t\t\t\t\t<a class=\"e-gallery-item elementor-gallery-item elementor-animated-content\" href=\"https:\/\/ihedn.fr\/wp-content\/uploads\/2022\/09\/20220915-\u00aeIHEDN-POLDEF-seminaire-de-rentree-0085.jpg\" data-elementor-open-lightbox=\"yes\" data-elementor-lightbox-slideshow=\"5ffc052\" data-elementor-lightbox-description=\"20220915-\u00aeIHEDN-POLDEF-s\u00e9minaire de rentr\u00e9e\" data-e-action-hash=\"#elementor-action%3Aaction%3Dlightbox%26settings%3DeyJpZCI6MjU2MTUsInVybCI6Imh0dHBzOlwvXC9paGVkbi5mclwvd3AtY29udGVudFwvdXBsb2Fkc1wvMjAyMlwvMDlcLzIwMjIwOTE1LVx1MDBhZUlIRUROLVBPTERFRi1zZW1pbmFpcmUtZGUtcmVudHJlZS0wMDg1LmpwZyIsInNsaWRlc2hvdyI6IjVmZmMwNTIifQ%3D%3D\">\n\t\t\t\t\t<div class=\"e-gallery-image elementor-gallery-item__image\" data-thumbnail=\"https:\/\/ihedn.fr\/wp-content\/uploads\/2022\/09\/20220915-\u00aeIHEDN-POLDEF-seminaire-de-rentree-0085.jpg\" data-width=\"1500\" data-height=\"1000\" aria-label=\"20220915-\u00aeIHEDN-POLDEF-back-to-school seminar\" role=\"img\" ><\/div>\n\t\t\t\t\t\t\t\t\t\t\t<div class=\"elementor-gallery-item__overlay\"><\/div>\n\t\t\t\t\t\t\t\t\t\t\t\t\t\t<\/a>\n\t\t\t\t\t\t\t<a class=\"e-gallery-item elementor-gallery-item elementor-animated-content\" href=\"https:\/\/ihedn.fr\/wp-content\/uploads\/2022\/09\/20220915-\u00aeIHEDN-POLDEF-seminaire-de-rentree-0119.jpg\" data-elementor-open-lightbox=\"yes\" data-elementor-lightbox-slideshow=\"5ffc052\" data-elementor-lightbox-description=\"20220915-\u00aeIHEDN-POLDEF-s\u00e9minaire de rentr\u00e9e\" data-e-action-hash=\"#elementor-action%3Aaction%3Dlightbox%26settings%3DeyJpZCI6MjU2MTYsInVybCI6Imh0dHBzOlwvXC9paGVkbi5mclwvd3AtY29udGVudFwvdXBsb2Fkc1wvMjAyMlwvMDlcLzIwMjIwOTE1LVx1MDBhZUlIRUROLVBPTERFRi1zZW1pbmFpcmUtZGUtcmVudHJlZS0wMTE5LmpwZyIsInNsaWRlc2hvdyI6IjVmZmMwNTIifQ%3D%3D\">\n\t\t\t\t\t<div class=\"e-gallery-image elementor-gallery-item__image\" data-thumbnail=\"https:\/\/ihedn.fr\/wp-content\/uploads\/2022\/09\/20220915-\u00aeIHEDN-POLDEF-seminaire-de-rentree-0119.jpg\" data-width=\"1353\" data-height=\"929\" aria-label=\"20220915-\u00aeIHEDN-POLDEF-back-to-school seminar\" role=\"img\" ><\/div>\n\t\t\t\t\t\t\t\t\t\t\t<div class=\"elementor-gallery-item__overlay\"><\/div>\n\t\t\t\t\t\t\t\t\t\t\t\t\t\t<\/a>\n\t\t\t\t\t<\/div>\n\t\t\t\t\t<\/div>\n\t\t\t\t<\/div>\n\t\t\t\t\t<\/div>\n\t\t<\/div>\n\t\t\t\t\t<\/div>\n\t\t<\/section>\n\t\t\t\t<section data-particle_enable=\"false\" data-particle-mobile-disabled=\"false\" class=\"elementor-section elementor-top-section elementor-element elementor-element-5cd2ad1 elementor-section-boxed elementor-section-height-default elementor-section-height-default\" data-id=\"5cd2ad1\" data-element_type=\"section\" data-e-type=\"section\">\n\t\t\t\t\t\t<div class=\"elementor-container elementor-column-gap-default\">\n\t\t\t\t\t<div class=\"elementor-column elementor-col-100 elementor-top-column elementor-element elementor-element-dd4aa86\" data-id=\"dd4aa86\" data-element_type=\"column\" data-e-type=\"column\">\n\t\t\t<div class=\"elementor-widget-wrap elementor-element-populated\">\n\t\t\t\t\t\t<div class=\"elementor-element elementor-element-6810c5d elementor-widget elementor-widget-text-editor\" data-id=\"6810c5d\" data-element_type=\"widget\" data-e-type=\"widget\" data-widget_type=\"text-editor.default\">\n\t\t\t\t<div class=\"elementor-widget-container\">\n\t\t\t\t\t\t\t\t\t<p>After a welcome from the mayor, followed by an account of the town's rich military history by <strong><span style=\"color: #034b7b;\">Mr Etienne SESMAT<\/span><\/strong>In the presence of the town councillor and safety delegate, the auditors listened attentively to the words of the CNEC corps commander and the unit commander about the training course that awaited them.<\/p><p>Collioure is the traditional destination for the back-to-school seminar for students in the POLDEF major. This immersion in the forces helps to create group cohesion and forge the esprit de corps of the major for the rest of the training cycle. <\/p>\t\t\t\t\t\t\t\t<\/div>\n\t\t\t\t<\/div>\n\t\t\t\t\t<\/div>\n\t\t<\/div>\n\t\t\t\t\t<\/div>\n\t\t<\/section>\n\t\t\t\t<section data-particle_enable=\"false\" data-particle-mobile-disabled=\"false\" class=\"elementor-section elementor-top-section elementor-element elementor-element-a583b49 elementor-section-boxed elementor-section-height-default elementor-section-height-default\" data-id=\"a583b49\" data-element_type=\"section\" data-e-type=\"section\">\n\t\t\t\t\t\t<div class=\"elementor-container elementor-column-gap-default\">\n\t\t\t\t\t<div class=\"elementor-column elementor-col-50 elementor-top-column elementor-element elementor-element-a1912bc\" data-id=\"a1912bc\" data-element_type=\"column\" data-e-type=\"column\">\n\t\t\t<div class=\"elementor-widget-wrap elementor-element-populated\">\n\t\t\t\t\t\t<div class=\"elementor-element elementor-element-6b90bd3 elementor-widget elementor-widget-image\" data-id=\"6b90bd3\" data-element_type=\"widget\" data-e-type=\"widget\" data-widget_type=\"image.default\">\n\t\t\t\t<div class=\"elementor-widget-container\">\n\t\t\t\t\t\t\t\t\t\t\t\t\t\t\t<img fetchpriority=\"high\" decoding=\"async\" width=\"1453\" height=\"664\" src=\"https:\/\/ihedn.fr\/wp-content\/uploads\/2022\/09\/w-20220916-\u00aeIHEDN-POLDEF-seminaire-de-rentree-0137.jpg\" class=\"attachment-full size-full wp-image-25624\" alt=\"\u00aeIHEDN-POLDEF-s\u00e9minaire de rentr\u00e9e\" \/>\t\t\t\t\t\t\t\t\t\t\t\t\t\t\t<\/div>\n\t\t\t\t<\/div>\n\t\t\t\t\t<\/div>\n\t\t<\/div>\n\t\t\t\t<div class=\"elementor-column elementor-col-50 elementor-top-column elementor-element elementor-element-d927a66\" data-id=\"d927a66\" data-element_type=\"column\" data-e-type=\"column\">\n\t\t\t<div class=\"elementor-widget-wrap elementor-element-populated\">\n\t\t\t\t\t\t<div class=\"elementor-element elementor-element-32062fe elementor-widget elementor-widget-text-editor\" data-id=\"32062fe\" data-element_type=\"widget\" data-e-type=\"widget\" data-widget_type=\"text-editor.default\">\n\t\t\t\t<div class=\"elementor-widget-container\">\n\t\t\t\t\t\t\t\t\t<p>On the morning of 16 September, after the flying of the colours in the parade ground at Fort Miradou, presided over by <strong>Lt-Gen Beno\u00eet DURIEUX<\/strong>The Director of the IHEDN, the Head of the Major, the staff and the auditors set off on the many workshops set up in complete safety by the CNEC instructors, including abseiling, rolling in the sea, zip-lines, gutters, a variety of vertiginous obstacles between sea and rocks, shooting sessions and other nautical activities.<\/p>\t\t\t\t\t\t\t\t<\/div>\n\t\t\t\t<\/div>\n\t\t\t\t\t<\/div>\n\t\t<\/div>\n\t\t\t\t\t<\/div>\n\t\t<\/section>\n\t\t\t\t<section data-particle_enable=\"false\" data-particle-mobile-disabled=\"false\" class=\"elementor-section elementor-top-section elementor-element elementor-element-a237d3a elementor-section-boxed elementor-section-height-default elementor-section-height-default\" data-id=\"a237d3a\" data-element_type=\"section\" data-e-type=\"section\">\n\t\t\t\t\t\t<div class=\"elementor-container elementor-column-gap-default\">\n\t\t\t\t\t<div class=\"elementor-column elementor-col-100 elementor-top-column elementor-element elementor-element-910fdaa\" data-id=\"910fdaa\" data-element_type=\"column\" data-e-type=\"column\">\n\t\t\t<div class=\"elementor-widget-wrap elementor-element-populated\">\n\t\t\t\t\t\t<div class=\"elementor-element elementor-element-09aa88e elementor-widget elementor-widget-gallery\" data-id=\"09aa88e\" data-element_type=\"widget\" data-e-type=\"widget\" data-settings=\"{&quot;columns&quot;:6,&quot;lazyload&quot;:&quot;yes&quot;,&quot;gallery_layout&quot;:&quot;grid&quot;,&quot;columns_tablet&quot;:2,&quot;columns_mobile&quot;:1,&quot;gap&quot;:{&quot;unit&quot;:&quot;px&quot;,&quot;size&quot;:10,&quot;sizes&quot;:[]},&quot;gap_tablet&quot;:{&quot;unit&quot;:&quot;px&quot;,&quot;size&quot;:10,&quot;sizes&quot;:[]},&quot;gap_mobile&quot;:{&quot;unit&quot;:&quot;px&quot;,&quot;size&quot;:10,&quot;sizes&quot;:[]},&quot;link_to&quot;:&quot;file&quot;,&quot;aspect_ratio&quot;:&quot;3:2&quot;,&quot;overlay_background&quot;:&quot;yes&quot;,&quot;content_hover_animation&quot;:&quot;fade-in&quot;}\" data-widget_type=\"gallery.default\">\n\t\t\t\t<div class=\"elementor-widget-container\">\n\t\t\t\t\t\t\t<div class=\"elementor-gallery__container\">\n\t\t\t\t\t\t\t<a class=\"e-gallery-item elementor-gallery-item elementor-animated-content\" href=\"https:\/\/ihedn.fr\/wp-content\/uploads\/2022\/09\/20220916-\u00aeIHEDN-POLDEF-seminaire-de-rentree-0302.jpg\" data-elementor-open-lightbox=\"yes\" data-elementor-lightbox-slideshow=\"09aa88e\" data-e-action-hash=\"#elementor-action%3Aaction%3Dlightbox%26settings%3DeyJpZCI6MjU2MjUsInVybCI6Imh0dHBzOlwvXC9paGVkbi5mclwvd3AtY29udGVudFwvdXBsb2Fkc1wvMjAyMlwvMDlcLzIwMjIwOTE2LVx1MDBhZUlIRUROLVBPTERFRi1zZW1pbmFpcmUtZGUtcmVudHJlZS0wMzAyLmpwZyIsInNsaWRlc2hvdyI6IjA5YWE4OGUifQ%3D%3D\">\n\t\t\t\t\t<div class=\"e-gallery-image elementor-gallery-item__image\" data-thumbnail=\"https:\/\/ihedn.fr\/wp-content\/uploads\/2022\/09\/20220916-\u00aeIHEDN-POLDEF-seminaire-de-rentree-0302-300x300.jpg\" data-width=\"300\" data-height=\"300\" aria-label=\"\" role=\"img\" ><\/div>\n\t\t\t\t\t\t\t\t\t\t\t<div class=\"elementor-gallery-item__overlay\"><\/div>\n\t\t\t\t\t\t\t\t\t\t\t\t\t\t<\/a>\n\t\t\t\t\t\t\t<a class=\"e-gallery-item elementor-gallery-item elementor-animated-content\" href=\"https:\/\/ihedn.fr\/wp-content\/uploads\/2022\/09\/20220916-\u00aeIHEDN-POLDEF-seminaire-de-rentree-0309.jpg\" data-elementor-open-lightbox=\"yes\" data-elementor-lightbox-slideshow=\"09aa88e\" data-e-action-hash=\"#elementor-action%3Aaction%3Dlightbox%26settings%3DeyJpZCI6MjU2MjYsInVybCI6Imh0dHBzOlwvXC9paGVkbi5mclwvd3AtY29udGVudFwvdXBsb2Fkc1wvMjAyMlwvMDlcLzIwMjIwOTE2LVx1MDBhZUlIRUROLVBPTERFRi1zZW1pbmFpcmUtZGUtcmVudHJlZS0wMzA5LmpwZyIsInNsaWRlc2hvdyI6IjA5YWE4OGUifQ%3D%3D\">\n\t\t\t\t\t<div class=\"e-gallery-image elementor-gallery-item__image\" data-thumbnail=\"https:\/\/ihedn.fr\/wp-content\/uploads\/2022\/09\/20220916-\u00aeIHEDN-POLDEF-seminaire-de-rentree-0309-300x300.jpg\" data-width=\"300\" data-height=\"300\" aria-label=\"\" role=\"img\" ><\/div>\n\t\t\t\t\t\t\t\t\t\t\t<div class=\"elementor-gallery-item__overlay\"><\/div>\n\t\t\t\t\t\t\t\t\t\t\t\t\t\t<\/a>\n\t\t\t\t\t\t\t<a class=\"e-gallery-item elementor-gallery-item elementor-animated-content\" href=\"https:\/\/ihedn.fr\/wp-content\/uploads\/2022\/09\/20220916-\u00aeIHEDN-POLDEF-seminaire-de-rentree-0340.jpg\" data-elementor-open-lightbox=\"yes\" data-elementor-lightbox-slideshow=\"09aa88e\" data-e-action-hash=\"#elementor-action%3Aaction%3Dlightbox%26settings%3DeyJpZCI6MjU2MjcsInVybCI6Imh0dHBzOlwvXC9paGVkbi5mclwvd3AtY29udGVudFwvdXBsb2Fkc1wvMjAyMlwvMDlcLzIwMjIwOTE2LVx1MDBhZUlIRUROLVBPTERFRi1zZW1pbmFpcmUtZGUtcmVudHJlZS0wMzQwLmpwZyIsInNsaWRlc2hvdyI6IjA5YWE4OGUifQ%3D%3D\">\n\t\t\t\t\t<div class=\"e-gallery-image elementor-gallery-item__image\" data-thumbnail=\"https:\/\/ihedn.fr\/wp-content\/uploads\/2022\/09\/20220916-\u00aeIHEDN-POLDEF-seminaire-de-rentree-0340-300x300.jpg\" data-width=\"300\" data-height=\"300\" aria-label=\"\" role=\"img\" ><\/div>\n\t\t\t\t\t\t\t\t\t\t\t<div class=\"elementor-gallery-item__overlay\"><\/div>\n\t\t\t\t\t\t\t\t\t\t\t\t\t\t<\/a>\n\t\t\t\t\t\t\t<a class=\"e-gallery-item elementor-gallery-item elementor-animated-content\" href=\"https:\/\/ihedn.fr\/wp-content\/uploads\/2022\/09\/20220916-\u00aeIHEDN-POLDEF-seminaire-de-rentree-0391.jpg\" data-elementor-open-lightbox=\"yes\" data-elementor-lightbox-slideshow=\"09aa88e\" data-e-action-hash=\"#elementor-action%3Aaction%3Dlightbox%26settings%3DeyJpZCI6MjU2MjgsInVybCI6Imh0dHBzOlwvXC9paGVkbi5mclwvd3AtY29udGVudFwvdXBsb2Fkc1wvMjAyMlwvMDlcLzIwMjIwOTE2LVx1MDBhZUlIRUROLVBPTERFRi1zZW1pbmFpcmUtZGUtcmVudHJlZS0wMzkxLmpwZyIsInNsaWRlc2hvdyI6IjA5YWE4OGUifQ%3D%3D\">\n\t\t\t\t\t<div class=\"e-gallery-image elementor-gallery-item__image\" data-thumbnail=\"https:\/\/ihedn.fr\/wp-content\/uploads\/2022\/09\/20220916-\u00aeIHEDN-POLDEF-seminaire-de-rentree-0391-300x300.jpg\" data-width=\"300\" data-height=\"300\" aria-label=\"\" role=\"img\" ><\/div>\n\t\t\t\t\t\t\t\t\t\t\t<div class=\"elementor-gallery-item__overlay\"><\/div>\n\t\t\t\t\t\t\t\t\t\t\t\t\t\t<\/a>\n\t\t\t\t\t\t\t<a class=\"e-gallery-item elementor-gallery-item elementor-animated-content\" href=\"https:\/\/ihedn.fr\/wp-content\/uploads\/2022\/09\/20220916-\u00aeIHEDN-POLDEF-seminaire-de-rentree-0414.jpg\" data-elementor-open-lightbox=\"yes\" data-elementor-lightbox-slideshow=\"09aa88e\" data-e-action-hash=\"#elementor-action%3Aaction%3Dlightbox%26settings%3DeyJpZCI6MjU2MjksInVybCI6Imh0dHBzOlwvXC9paGVkbi5mclwvd3AtY29udGVudFwvdXBsb2Fkc1wvMjAyMlwvMDlcLzIwMjIwOTE2LVx1MDBhZUlIRUROLVBPTERFRi1zZW1pbmFpcmUtZGUtcmVudHJlZS0wNDE0LmpwZyIsInNsaWRlc2hvdyI6IjA5YWE4OGUifQ%3D%3D\">\n\t\t\t\t\t<div class=\"e-gallery-image elementor-gallery-item__image\" data-thumbnail=\"https:\/\/ihedn.fr\/wp-content\/uploads\/2022\/09\/20220916-\u00aeIHEDN-POLDEF-seminaire-de-rentree-0414-300x300.jpg\" data-width=\"300\" data-height=\"300\" aria-label=\"\" role=\"img\" ><\/div>\n\t\t\t\t\t\t\t\t\t\t\t<div class=\"elementor-gallery-item__overlay\"><\/div>\n\t\t\t\t\t\t\t\t\t\t\t\t\t\t<\/a>\n\t\t\t\t\t\t\t<a class=\"e-gallery-item elementor-gallery-item elementor-animated-content\" href=\"https:\/\/ihedn.fr\/wp-content\/uploads\/2022\/09\/20220916-\u00aeIHEDN-POLDEF-seminaire-de-rentree-0416.jpg\" data-elementor-open-lightbox=\"yes\" data-elementor-lightbox-slideshow=\"09aa88e\" data-e-action-hash=\"#elementor-action%3Aaction%3Dlightbox%26settings%3DeyJpZCI6MjU2MzAsInVybCI6Imh0dHBzOlwvXC9paGVkbi5mclwvd3AtY29udGVudFwvdXBsb2Fkc1wvMjAyMlwvMDlcLzIwMjIwOTE2LVx1MDBhZUlIRUROLVBPTERFRi1zZW1pbmFpcmUtZGUtcmVudHJlZS0wNDE2LmpwZyIsInNsaWRlc2hvdyI6IjA5YWE4OGUifQ%3D%3D\">\n\t\t\t\t\t<div class=\"e-gallery-image elementor-gallery-item__image\" data-thumbnail=\"https:\/\/ihedn.fr\/wp-content\/uploads\/2022\/09\/20220916-\u00aeIHEDN-POLDEF-seminaire-de-rentree-0416-300x300.jpg\" data-width=\"300\" data-height=\"300\" aria-label=\"\" role=\"img\" ><\/div>\n\t\t\t\t\t\t\t\t\t\t\t<div class=\"elementor-gallery-item__overlay\"><\/div>\n\t\t\t\t\t\t\t\t\t\t\t\t\t\t<\/a>\n\t\t\t\t\t\t\t<a class=\"e-gallery-item elementor-gallery-item elementor-animated-content\" href=\"https:\/\/ihedn.fr\/wp-content\/uploads\/2022\/09\/20220916-\u00aeIHEDN-POLDEF-seminaire-de-rentree-0475.jpg\" data-elementor-open-lightbox=\"yes\" data-elementor-lightbox-slideshow=\"09aa88e\" data-e-action-hash=\"#elementor-action%3Aaction%3Dlightbox%26settings%3DeyJpZCI6MjU2MzEsInVybCI6Imh0dHBzOlwvXC9paGVkbi5mclwvd3AtY29udGVudFwvdXBsb2Fkc1wvMjAyMlwvMDlcLzIwMjIwOTE2LVx1MDBhZUlIRUROLVBPTERFRi1zZW1pbmFpcmUtZGUtcmVudHJlZS0wNDc1LmpwZyIsInNsaWRlc2hvdyI6IjA5YWE4OGUifQ%3D%3D\">\n\t\t\t\t\t<div class=\"e-gallery-image elementor-gallery-item__image\" data-thumbnail=\"https:\/\/ihedn.fr\/wp-content\/uploads\/2022\/09\/20220916-\u00aeIHEDN-POLDEF-seminaire-de-rentree-0475-300x300.jpg\" data-width=\"300\" data-height=\"300\" aria-label=\"\" role=\"img\" ><\/div>\n\t\t\t\t\t\t\t\t\t\t\t<div class=\"elementor-gallery-item__overlay\"><\/div>\n\t\t\t\t\t\t\t\t\t\t\t\t\t\t<\/a>\n\t\t\t\t\t\t\t<a class=\"e-gallery-item elementor-gallery-item elementor-animated-content\" href=\"https:\/\/ihedn.fr\/wp-content\/uploads\/2022\/09\/20220916-\u00aeIHEDN-POLDEF-seminaire-de-rentree-0721.jpg\" data-elementor-open-lightbox=\"yes\" data-elementor-lightbox-slideshow=\"09aa88e\" data-e-action-hash=\"#elementor-action%3Aaction%3Dlightbox%26settings%3DeyJpZCI6MjU2MzIsInVybCI6Imh0dHBzOlwvXC9paGVkbi5mclwvd3AtY29udGVudFwvdXBsb2Fkc1wvMjAyMlwvMDlcLzIwMjIwOTE2LVx1MDBhZUlIRUROLVBPTERFRi1zZW1pbmFpcmUtZGUtcmVudHJlZS0wNzIxLmpwZyIsInNsaWRlc2hvdyI6IjA5YWE4OGUifQ%3D%3D\">\n\t\t\t\t\t<div class=\"e-gallery-image elementor-gallery-item__image\" data-thumbnail=\"https:\/\/ihedn.fr\/wp-content\/uploads\/2022\/09\/20220916-\u00aeIHEDN-POLDEF-seminaire-de-rentree-0721-300x300.jpg\" data-width=\"300\" data-height=\"300\" aria-label=\"\" role=\"img\" ><\/div>\n\t\t\t\t\t\t\t\t\t\t\t<div class=\"elementor-gallery-item__overlay\"><\/div>\n\t\t\t\t\t\t\t\t\t\t\t\t\t\t<\/a>\n\t\t\t\t\t\t\t<a class=\"e-gallery-item elementor-gallery-item elementor-animated-content\" href=\"https:\/\/ihedn.fr\/wp-content\/uploads\/2022\/09\/20220916-\u00aeIHEDN-POLDEF-seminaire-de-rentree-1295.jpg\" data-elementor-open-lightbox=\"yes\" data-elementor-lightbox-slideshow=\"09aa88e\" data-e-action-hash=\"#elementor-action%3Aaction%3Dlightbox%26settings%3DeyJpZCI6MjU2MzMsInVybCI6Imh0dHBzOlwvXC9paGVkbi5mclwvd3AtY29udGVudFwvdXBsb2Fkc1wvMjAyMlwvMDlcLzIwMjIwOTE2LVx1MDBhZUlIRUROLVBPTERFRi1zZW1pbmFpcmUtZGUtcmVudHJlZS0xMjk1LmpwZyIsInNsaWRlc2hvdyI6IjA5YWE4OGUifQ%3D%3D\">\n\t\t\t\t\t<div class=\"e-gallery-image elementor-gallery-item__image\" data-thumbnail=\"https:\/\/ihedn.fr\/wp-content\/uploads\/2022\/09\/20220916-\u00aeIHEDN-POLDEF-seminaire-de-rentree-1295-300x300.jpg\" data-width=\"300\" data-height=\"300\" aria-label=\"\" role=\"img\" ><\/div>\n\t\t\t\t\t\t\t\t\t\t\t<div class=\"elementor-gallery-item__overlay\"><\/div>\n\t\t\t\t\t\t\t\t\t\t\t\t\t\t<\/a>\n\t\t\t\t\t\t\t<a class=\"e-gallery-item elementor-gallery-item elementor-animated-content\" href=\"https:\/\/ihedn.fr\/wp-content\/uploads\/2022\/09\/20220916-\u00aeIHEDN-POLDEF-seminaire-de-rentree-1340.jpg\" data-elementor-open-lightbox=\"yes\" data-elementor-lightbox-slideshow=\"09aa88e\" data-e-action-hash=\"#elementor-action%3Aaction%3Dlightbox%26settings%3DeyJpZCI6MjU2MzQsInVybCI6Imh0dHBzOlwvXC9paGVkbi5mclwvd3AtY29udGVudFwvdXBsb2Fkc1wvMjAyMlwvMDlcLzIwMjIwOTE2LVx1MDBhZUlIRUROLVBPTERFRi1zZW1pbmFpcmUtZGUtcmVudHJlZS0xMzQwLmpwZyIsInNsaWRlc2hvdyI6IjA5YWE4OGUifQ%3D%3D\">\n\t\t\t\t\t<div class=\"e-gallery-image elementor-gallery-item__image\" data-thumbnail=\"https:\/\/ihedn.fr\/wp-content\/uploads\/2022\/09\/20220916-\u00aeIHEDN-POLDEF-seminaire-de-rentree-1340-300x300.jpg\" data-width=\"300\" data-height=\"300\" aria-label=\"\" role=\"img\" ><\/div>\n\t\t\t\t\t\t\t\t\t\t\t<div class=\"elementor-gallery-item__overlay\"><\/div>\n\t\t\t\t\t\t\t\t\t\t\t\t\t\t<\/a>\n\t\t\t\t\t\t\t<a class=\"e-gallery-item elementor-gallery-item elementor-animated-content\" href=\"https:\/\/ihedn.fr\/wp-content\/uploads\/2022\/09\/20220916-\u00aeIHEDN-POLDEF-seminaire-de-rentree-1377.jpg\" data-elementor-open-lightbox=\"yes\" data-elementor-lightbox-slideshow=\"09aa88e\" data-e-action-hash=\"#elementor-action%3Aaction%3Dlightbox%26settings%3DeyJpZCI6MjU2MzUsInVybCI6Imh0dHBzOlwvXC9paGVkbi5mclwvd3AtY29udGVudFwvdXBsb2Fkc1wvMjAyMlwvMDlcLzIwMjIwOTE2LVx1MDBhZUlIRUROLVBPTERFRi1zZW1pbmFpcmUtZGUtcmVudHJlZS0xMzc3LmpwZyIsInNsaWRlc2hvdyI6IjA5YWE4OGUifQ%3D%3D\">\n\t\t\t\t\t<div class=\"e-gallery-image elementor-gallery-item__image\" data-thumbnail=\"https:\/\/ihedn.fr\/wp-content\/uploads\/2022\/09\/20220916-\u00aeIHEDN-POLDEF-seminaire-de-rentree-1377-300x300.jpg\" data-width=\"300\" data-height=\"300\" aria-label=\"\" role=\"img\" ><\/div>\n\t\t\t\t\t\t\t\t\t\t\t<div class=\"elementor-gallery-item__overlay\"><\/div>\n\t\t\t\t\t\t\t\t\t\t\t\t\t\t<\/a>\n\t\t\t\t\t\t\t<a class=\"e-gallery-item elementor-gallery-item elementor-animated-content\" href=\"https:\/\/ihedn.fr\/wp-content\/uploads\/2022\/09\/20220916-\u00aeIHEDN-POLDEF-seminaire-de-rentree-1571.jpg\" data-elementor-open-lightbox=\"yes\" data-elementor-lightbox-slideshow=\"09aa88e\" data-e-action-hash=\"#elementor-action%3Aaction%3Dlightbox%26settings%3DeyJpZCI6MjU2MzYsInVybCI6Imh0dHBzOlwvXC9paGVkbi5mclwvd3AtY29udGVudFwvdXBsb2Fkc1wvMjAyMlwvMDlcLzIwMjIwOTE2LVx1MDBhZUlIRUROLVBPTERFRi1zZW1pbmFpcmUtZGUtcmVudHJlZS0xNTcxLmpwZyIsInNsaWRlc2hvdyI6IjA5YWE4OGUifQ%3D%3D\">\n\t\t\t\t\t<div class=\"e-gallery-image elementor-gallery-item__image\" data-thumbnail=\"https:\/\/ihedn.fr\/wp-content\/uploads\/2022\/09\/20220916-\u00aeIHEDN-POLDEF-seminaire-de-rentree-1571-300x300.jpg\" data-width=\"300\" data-height=\"300\" aria-label=\"\" role=\"img\" ><\/div>\n\t\t\t\t\t\t\t\t\t\t\t<div class=\"elementor-gallery-item__overlay\"><\/div>\n\t\t\t\t\t\t\t\t\t\t\t\t\t\t<\/a>\n\t\t\t\t\t<\/div>\n\t\t\t\t\t<\/div>\n\t\t\t\t<\/div>\n\t\t\t\t\t<\/div>\n\t\t<\/div>\n\t\t\t\t\t<\/div>\n\t\t<\/section>\n\t\t\t\t<section data-particle_enable=\"false\" data-particle-mobile-disabled=\"false\" class=\"elementor-section elementor-top-section elementor-element elementor-element-327cf02 elementor-section-boxed elementor-section-height-default elementor-section-height-default\" data-id=\"327cf02\" data-element_type=\"section\" data-e-type=\"section\">\n\t\t\t\t\t\t<div class=\"elementor-container elementor-column-gap-default\">\n\t\t\t\t\t<div class=\"elementor-column elementor-col-100 elementor-top-column elementor-element elementor-element-85a325c\" data-id=\"85a325c\" data-element_type=\"column\" data-e-type=\"column\">\n\t\t\t<div class=\"elementor-widget-wrap elementor-element-populated\">\n\t\t\t\t\t\t<div class=\"elementor-element elementor-element-6e41efc elementor-widget elementor-widget-text-editor\" data-id=\"6e41efc\" data-element_type=\"widget\" data-e-type=\"widget\" data-widget_type=\"text-editor.default\">\n\t\t\t\t<div class=\"elementor-widget-container\">\n\t\t\t\t\t\t\t\t\t<p>At the end of this invigorating and refreshing meeting, and after overcoming the apprehensions caused by the emptiness and the very particular configuration of the obstacles, the listeners met in the afternoon by committee for their first divan session.<\/p><p>It was an opportunity for them and their committee managers to get to know each other better, share their life experiences together and forge the cohesion of the group in an intimate environment conducive to confidences.\u00a0<\/p><p>The reception organised by the Collioure town hall and the organisation of the water sports and crossing workshops, combined with the expertise and teaching skills of the CNEC instructors in charge of the activities, will certainly leave lasting memories with the participants, who were able to push themselves beyond their physical and mental limits.<\/p><p>It's a safe bet that this cultural yet studious seminar will surely inspire those unfamiliar with this magnificent town steeped in history to return and take a closer look at tourism and gastronomy by swapping the combat fatigues of the French army for a less camouflaged outfit and strolling through the gentle historic centre, this time outside the austere ramparts of Fort Miradou.<\/p>\t\t\t\t\t\t\t\t<\/div>\n\t\t\t\t<\/div>\n\t\t\t\t\t<\/div>\n\t\t<\/div>\n\t\t\t\t\t<\/div>\n\t\t<\/section>\n\t\t\t\t<section data-particle_enable=\"false\" data-particle-mobile-disabled=\"false\" class=\"elementor-section elementor-top-section elementor-element elementor-element-42c24dd elementor-section-boxed elementor-section-height-default elementor-section-height-default\" data-id=\"42c24dd\" data-element_type=\"section\" data-e-type=\"section\">\n\t\t\t\t\t\t<div class=\"elementor-container elementor-column-gap-default\">\n\t\t\t\t\t<div class=\"elementor-column elementor-col-100 elementor-top-column elementor-element elementor-element-6b3ffb8\" data-id=\"6b3ffb8\" data-element_type=\"column\" data-e-type=\"column\">\n\t\t\t<div class=\"elementor-widget-wrap elementor-element-populated\">\n\t\t\t\t\t\t<div class=\"elementor-element elementor-element-9ec6eb0 elementor-position-inline-end elementor-view-default elementor-mobile-position-block-start elementor-widget elementor-widget-icon-box\" data-id=\"9ec6eb0\" data-element_type=\"widget\" data-e-type=\"widget\" data-widget_type=\"icon-box.default\">\n\t\t\t\t<div class=\"elementor-widget-container\">\n\t\t\t\t\t\t\t<div class=\"elementor-icon-box-wrapper\">\n\n\t\t\t\t\t\t<div class=\"elementor-icon-box-icon\">\n\t\t\t\t<a href=\"https:\/\/ihedn.fr\/en\/2022\/09\/26\/mission-collioure-pour-les-auditeurs-de-la-majeure-poldef-de-la-2e-session-nationale-la-galerie-photo\/\" target=\"_blank\" class=\"elementor-icon\" tabindex=\"-1\" aria-label=\"Download photos of the mission\">\n\t\t\t\t<svg aria-hidden=\"true\" class=\"e-font-icon-svg e-fas-file-download\" viewbox=\"0 0 384 512\" xmlns=\"http:\/\/www.w3.org\/2000\/svg\"><path d=\"M224 136V0H24C10.7 0 0 10.7 0 24v464c0 13.3 10.7 24 24 24h336c13.3 0 24-10.7 24-24V160H248c-13.2 0-24-10.8-24-24zm76.45 211.36l-96.42 95.7c-6.65 6.61-17.39 6.61-24.04 0l-96.42-95.7C73.42 337.29 80.54 320 94.82 320H160v-80c0-8.84 7.16-16 16-16h32c8.84 0 16 7.16 16 16v80h65.18c14.28 0 21.4 17.29 11.27 27.36zM377 105L279.1 7c-4.5-4.5-10.6-7-17-7H256v128h128v-6.1c0-6.3-2.5-12.4-7-16.9z\"><\/path><\/svg>\t\t\t\t<\/a>\n\t\t\t<\/div>\n\t\t\t\n\t\t\t\t\t\t<div class=\"elementor-icon-box-content\">\n\n\t\t\t\t\t\t\t\t\t<h3 class=\"elementor-icon-box-title\">\n\t\t\t\t\t\t<a href=\"https:\/\/ihedn.fr\/en\/2022\/09\/26\/mission-collioure-pour-les-auditeurs-de-la-majeure-poldef-de-la-2e-session-nationale-la-galerie-photo\/\" target=\"_blank\" >\n\t\t\t\t\t\t\tDownload photos of the mission\t\t\t\t\t\t<\/a>\n\t\t\t\t\t<\/h3>\n\t\t\t\t\n\t\t\t\t\n\t\t\t<\/div>\n\t\t\t\n\t\t<\/div>\n\t\t\t\t\t\t<\/div>\n\t\t\t\t<\/div>\n\t\t\t\t\t<\/div>\n\t\t<\/div>\n\t\t\t\t\t<\/div>\n\t\t<\/section>\n\t\t\t\t<\/div>","protected":false},"excerpt":{"rendered":"<p>Apr\u00e8s le lancement de la session nationale par la Premi\u00e8re ministre et le chef d\u2019\u00e9tat-major des arm\u00e9es, les auditeurs sont arriv\u00e9s \u00e0 au Centre national d\u2019entra\u00eenement commando (CNEC) de COLLIOURE. Les auditeurs ont \u00e9t\u00e9 accueillis par le maire, M. Guy LLOBET, au Centre culturel. A l\u2019issue d\u2019un mot d\u2019accueil du maire puis du r\u00e9cit de [&hellip;]<\/p>\n","protected":false},"author":1,"featured_media":25613,"comment_status":"closed","ping_status":"closed","sticky":false,"template":"","format":"standard","meta":{"footnotes":""},"categories":[172],"tags":[],"class_list":["post-25611","post","type-post","status-publish","format-standard","has-post-thumbnail","hentry","category-notre-actualite"],"yoast_head":"<!-- This site is optimized with the Yoast SEO plugin v27.5 - https:\/\/yoast.com\/product\/yoast-seo-wordpress\/ -->\n<title>Cap sur Collioure pour les auditeurs de la majeure \u00ab Politique de d\u00e9fense \u00bb de la session nationale de l\u2019IHEDN - L&#039;IHEDN : Institut des hautes \u00e9tudes de d\u00e9fense nationale<\/title>\n<meta name=\"robots\" content=\"index, follow, max-snippet:-1, max-image-preview:large, max-video-preview:-1\" \/>\n<link rel=\"canonical\" href=\"https:\/\/ihedn.fr\/en\/actualites-des-sessions\/cap-sur-collioure-pour-les-auditeurs-de-la-majeure-politique-de-defense-de-la-session-nationale-de-lihedn\/\" \/>\n<meta property=\"og:locale\" content=\"en_GB\" \/>\n<meta property=\"og:type\" content=\"article\" \/>\n<meta property=\"og:title\" content=\"Cap sur Collioure pour les auditeurs de la majeure \u00ab Politique de d\u00e9fense \u00bb de la session nationale de l\u2019IHEDN - L&#039;IHEDN : Institut des hautes \u00e9tudes de d\u00e9fense nationale\" \/>\n<meta property=\"og:description\" content=\"Apr\u00e8s le lancement de la session nationale par la Premi\u00e8re ministre et le chef d\u2019\u00e9tat-major des arm\u00e9es, les auditeurs sont arriv\u00e9s \u00e0 au Centre national d\u2019entra\u00eenement commando (CNEC) de COLLIOURE. Les auditeurs ont \u00e9t\u00e9 accueillis par le maire, M. Guy LLOBET, au Centre culturel. A l\u2019issue d\u2019un mot d\u2019accueil du maire puis du r\u00e9cit de [&hellip;]\" \/>\n<meta property=\"og:url\" content=\"https:\/\/ihedn.fr\/en\/actualites-des-sessions\/cap-sur-collioure-pour-les-auditeurs-de-la-majeure-politique-de-defense-de-la-session-nationale-de-lihedn\/\" \/>\n<meta property=\"og:site_name\" content=\"L&#039;IHEDN : Institut des hautes \u00e9tudes de d\u00e9fense nationale\" \/>\n<meta property=\"article:publisher\" content=\"https:\/\/www.facebook.com\/ihedn\/\" \/>\n<meta property=\"article:published_time\" content=\"2022-09-23T08:07:27+00:00\" \/>\n<meta property=\"article:modified_time\" content=\"2022-11-25T14:22:27+00:00\" \/>\n<meta property=\"og:image\" content=\"https:\/\/ihedn.fr\/wp-content\/uploads\/2022\/09\/20220916-\u00aeIHEDN-POLDEF-seminaire-de-rentree-0137.jpg\" \/>\n\t<meta property=\"og:image:width\" content=\"1500\" \/>\n\t<meta property=\"og:image:height\" content=\"1000\" \/>\n\t<meta property=\"og:image:type\" content=\"image\/jpeg\" \/>\n<meta name=\"author\" content=\"dev\" \/>\n<meta name=\"twitter:card\" content=\"summary_large_image\" \/>\n<meta name=\"twitter:creator\" content=\"@IHEDN\" \/>\n<meta name=\"twitter:site\" content=\"@IHEDN\" \/>\n<meta name=\"twitter:label1\" content=\"Written by\" \/>\n\t<meta name=\"twitter:data1\" content=\"dev\" \/>\n\t<meta name=\"twitter:label2\" content=\"Estimated reading time\" \/>\n\t<meta name=\"twitter:data2\" content=\"3 minutes\" \/>\n<script type=\"application\/ld+json\" class=\"yoast-schema-graph\">{\"@context\":\"https:\\\/\\\/schema.org\",\"@graph\":[{\"@type\":\"Article\",\"@id\":\"https:\\\/\\\/ihedn.fr\\\/actualites-des-sessions\\\/cap-sur-collioure-pour-les-auditeurs-de-la-majeure-politique-de-defense-de-la-session-nationale-de-lihedn\\\/#article\",\"isPartOf\":{\"@id\":\"https:\\\/\\\/ihedn.fr\\\/actualites-des-sessions\\\/cap-sur-collioure-pour-les-auditeurs-de-la-majeure-politique-de-defense-de-la-session-nationale-de-lihedn\\\/\"},\"author\":{\"name\":\"dev\",\"@id\":\"https:\\\/\\\/ihedn.fr\\\/#\\\/schema\\\/person\\\/7a40155595e4efb35323447cb8c8c5a4\"},\"headline\":\"Cap sur Collioure pour les auditeurs de la majeure \u00ab Politique de d\u00e9fense \u00bb de la session nationale de l\u2019IHEDN\",\"datePublished\":\"2022-09-23T08:07:27+00:00\",\"dateModified\":\"2022-11-25T14:22:27+00:00\",\"mainEntityOfPage\":{\"@id\":\"https:\\\/\\\/ihedn.fr\\\/actualites-des-sessions\\\/cap-sur-collioure-pour-les-auditeurs-de-la-majeure-politique-de-defense-de-la-session-nationale-de-lihedn\\\/\"},\"wordCount\":506,\"publisher\":{\"@id\":\"https:\\\/\\\/ihedn.fr\\\/#organization\"},\"image\":{\"@id\":\"https:\\\/\\\/ihedn.fr\\\/actualites-des-sessions\\\/cap-sur-collioure-pour-les-auditeurs-de-la-majeure-politique-de-defense-de-la-session-nationale-de-lihedn\\\/#primaryimage\"},\"thumbnailUrl\":\"https:\\\/\\\/ihedn.fr\\\/wp-content\\\/uploads\\\/2022\\\/09\\\/20220916-\u00aeIHEDN-POLDEF-seminaire-de-rentree-0137.jpg\",\"articleSection\":[\"Notre actualit\u00e9\"],\"inLanguage\":\"en-GB\"},{\"@type\":\"WebPage\",\"@id\":\"https:\\\/\\\/ihedn.fr\\\/actualites-des-sessions\\\/cap-sur-collioure-pour-les-auditeurs-de-la-majeure-politique-de-defense-de-la-session-nationale-de-lihedn\\\/\",\"url\":\"https:\\\/\\\/ihedn.fr\\\/actualites-des-sessions\\\/cap-sur-collioure-pour-les-auditeurs-de-la-majeure-politique-de-defense-de-la-session-nationale-de-lihedn\\\/\",\"name\":\"Cap sur Collioure pour les auditeurs de la majeure \u00ab Politique de d\u00e9fense \u00bb de la session nationale de l\u2019IHEDN - L&#039;IHEDN : Institut des hautes \u00e9tudes de d\u00e9fense nationale\",\"isPartOf\":{\"@id\":\"https:\\\/\\\/ihedn.fr\\\/#website\"},\"primaryImageOfPage\":{\"@id\":\"https:\\\/\\\/ihedn.fr\\\/actualites-des-sessions\\\/cap-sur-collioure-pour-les-auditeurs-de-la-majeure-politique-de-defense-de-la-session-nationale-de-lihedn\\\/#primaryimage\"},\"image\":{\"@id\":\"https:\\\/\\\/ihedn.fr\\\/actualites-des-sessions\\\/cap-sur-collioure-pour-les-auditeurs-de-la-majeure-politique-de-defense-de-la-session-nationale-de-lihedn\\\/#primaryimage\"},\"thumbnailUrl\":\"https:\\\/\\\/ihedn.fr\\\/wp-content\\\/uploads\\\/2022\\\/09\\\/20220916-\u00aeIHEDN-POLDEF-seminaire-de-rentree-0137.jpg\",\"datePublished\":\"2022-09-23T08:07:27+00:00\",\"dateModified\":\"2022-11-25T14:22:27+00:00\",\"breadcrumb\":{\"@id\":\"https:\\\/\\\/ihedn.fr\\\/actualites-des-sessions\\\/cap-sur-collioure-pour-les-auditeurs-de-la-majeure-politique-de-defense-de-la-session-nationale-de-lihedn\\\/#breadcrumb\"},\"inLanguage\":\"en-GB\",\"potentialAction\":[{\"@type\":\"ReadAction\",\"target\":[\"https:\\\/\\\/ihedn.fr\\\/actualites-des-sessions\\\/cap-sur-collioure-pour-les-auditeurs-de-la-majeure-politique-de-defense-de-la-session-nationale-de-lihedn\\\/\"]}]},{\"@type\":\"ImageObject\",\"inLanguage\":\"en-GB\",\"@id\":\"https:\\\/\\\/ihedn.fr\\\/actualites-des-sessions\\\/cap-sur-collioure-pour-les-auditeurs-de-la-majeure-politique-de-defense-de-la-session-nationale-de-lihedn\\\/#primaryimage\",\"url\":\"https:\\\/\\\/ihedn.fr\\\/wp-content\\\/uploads\\\/2022\\\/09\\\/20220916-\u00aeIHEDN-POLDEF-seminaire-de-rentree-0137.jpg\",\"contentUrl\":\"https:\\\/\\\/ihedn.fr\\\/wp-content\\\/uploads\\\/2022\\\/09\\\/20220916-\u00aeIHEDN-POLDEF-seminaire-de-rentree-0137.jpg\",\"width\":1500,\"height\":1000,\"caption\":\"20220916-\u00aeIHEDN-POLDEF-s\u00e9minaire de rentr\u00e9e\"},{\"@type\":\"BreadcrumbList\",\"@id\":\"https:\\\/\\\/ihedn.fr\\\/actualites-des-sessions\\\/cap-sur-collioure-pour-les-auditeurs-de-la-majeure-politique-de-defense-de-la-session-nationale-de-lihedn\\\/#breadcrumb\",\"itemListElement\":[{\"@type\":\"ListItem\",\"position\":1,\"name\":\"Accueil\",\"item\":\"https:\\\/\\\/ihedn.fr\\\/\"},{\"@type\":\"ListItem\",\"position\":2,\"name\":\"Cap sur Collioure pour les auditeurs de la majeure \u00ab Politique de d\u00e9fense \u00bb de la session nationale de l\u2019IHEDN\"}]},{\"@type\":\"WebSite\",\"@id\":\"https:\\\/\\\/ihedn.fr\\\/#website\",\"url\":\"https:\\\/\\\/ihedn.fr\\\/\",\"name\":\"IHEDN : Institut des hautes \u00e9tudes de d\u00e9fense nationale |\",\"description\":\"Site officiel de l&#039;IHEDN plac\u00e9 sous la tutelle du Premier ministre.\",\"publisher\":{\"@id\":\"https:\\\/\\\/ihedn.fr\\\/#organization\"},\"potentialAction\":[{\"@type\":\"SearchAction\",\"target\":{\"@type\":\"EntryPoint\",\"urlTemplate\":\"https:\\\/\\\/ihedn.fr\\\/?s={search_term_string}\"},\"query-input\":{\"@type\":\"PropertyValueSpecification\",\"valueRequired\":true,\"valueName\":\"search_term_string\"}}],\"inLanguage\":\"en-GB\"},{\"@type\":\"Organization\",\"@id\":\"https:\\\/\\\/ihedn.fr\\\/#organization\",\"name\":\"IHEDN - Institut des Hautes Etudes de D\u00e9fense Nationale\",\"url\":\"https:\\\/\\\/ihedn.fr\\\/\",\"logo\":{\"@type\":\"ImageObject\",\"inLanguage\":\"en-GB\",\"@id\":\"https:\\\/\\\/ihedn.fr\\\/#\\\/schema\\\/logo\\\/image\\\/\",\"url\":\"https:\\\/\\\/ihedn.fr\\\/wp-content\\\/uploads\\\/2020\\\/11\\\/BLOC_RF_IHEDN_WEB.png\",\"contentUrl\":\"https:\\\/\\\/ihedn.fr\\\/wp-content\\\/uploads\\\/2020\\\/11\\\/BLOC_RF_IHEDN_WEB.png\",\"width\":500,\"height\":237,\"caption\":\"IHEDN - Institut des Hautes Etudes de D\u00e9fense Nationale\"},\"image\":{\"@id\":\"https:\\\/\\\/ihedn.fr\\\/#\\\/schema\\\/logo\\\/image\\\/\"},\"sameAs\":[\"https:\\\/\\\/www.facebook.com\\\/ihedn\\\/\",\"https:\\\/\\\/x.com\\\/IHEDN\",\"https:\\\/\\\/www.instagram.com\\\/ihedn\\\/\",\"https:\\\/\\\/www.linkedin.com\\\/school\\\/ihedn\\\/\",\"https:\\\/\\\/fr.wikipedia.org\\\/wiki\\\/Institut_des_hautes_\u00e9tudes_de_D\u00e9fense_nationale\"]},{\"@type\":\"Person\",\"@id\":\"https:\\\/\\\/ihedn.fr\\\/#\\\/schema\\\/person\\\/7a40155595e4efb35323447cb8c8c5a4\",\"name\":\"dev\",\"image\":{\"@type\":\"ImageObject\",\"inLanguage\":\"en-GB\",\"@id\":\"https:\\\/\\\/secure.gravatar.com\\\/avatar\\\/f1ffcac9ca2fa95ad3ec33e9be3ade82f752acb0cabe541e56c5889225afa88a?s=96&d=mm&r=g\",\"url\":\"https:\\\/\\\/secure.gravatar.com\\\/avatar\\\/f1ffcac9ca2fa95ad3ec33e9be3ade82f752acb0cabe541e56c5889225afa88a?s=96&d=mm&r=g\",\"contentUrl\":\"https:\\\/\\\/secure.gravatar.com\\\/avatar\\\/f1ffcac9ca2fa95ad3ec33e9be3ade82f752acb0cabe541e56c5889225afa88a?s=96&d=mm&r=g\",\"caption\":\"dev\"},\"sameAs\":[\"https:\\\/\\\/ihedn.concilium.click\"],\"url\":\"https:\\\/\\\/ihedn.fr\\\/en\\\/author\\\/dev\\\/\"}]}<\/script>\n<!-- \/ Yoast SEO plugin. -->","yoast_head_json":{"title":"The \"Defence Policy\" major of the IHEDN national session heads for Collioure - L'IHEDN : Institut des hautes \u00e9tudes de d\u00e9fense nationale","robots":{"index":"index","follow":"follow","max-snippet":"max-snippet:-1","max-image-preview":"max-image-preview:large","max-video-preview":"max-video-preview:-1"},"canonical":"https:\/\/ihedn.fr\/en\/actualites-des-sessions\/cap-sur-collioure-pour-les-auditeurs-de-la-majeure-politique-de-defense-de-la-session-nationale-de-lihedn\/","og_locale":"en_GB","og_type":"article","og_title":"Cap sur Collioure pour les auditeurs de la majeure \u00ab Politique de d\u00e9fense \u00bb de la session nationale de l\u2019IHEDN - L&#039;IHEDN : Institut des hautes \u00e9tudes de d\u00e9fense nationale","og_description":"Apr\u00e8s le lancement de la session nationale par la Premi\u00e8re ministre et le chef d\u2019\u00e9tat-major des arm\u00e9es, les auditeurs sont arriv\u00e9s \u00e0 au Centre national d\u2019entra\u00eenement commando (CNEC) de COLLIOURE. Les auditeurs ont \u00e9t\u00e9 accueillis par le maire, M. Guy LLOBET, au Centre culturel. A l\u2019issue d\u2019un mot d\u2019accueil du maire puis du r\u00e9cit de [&hellip;]","og_url":"https:\/\/ihedn.fr\/en\/actualites-des-sessions\/cap-sur-collioure-pour-les-auditeurs-de-la-majeure-politique-de-defense-de-la-session-nationale-de-lihedn\/","og_site_name":"L&#039;IHEDN : Institut des hautes \u00e9tudes de d\u00e9fense nationale","article_publisher":"https:\/\/www.facebook.com\/ihedn\/","article_published_time":"2022-09-23T08:07:27+00:00","article_modified_time":"2022-11-25T14:22:27+00:00","og_image":[{"width":1500,"height":1000,"url":"https:\/\/ihedn.fr\/wp-content\/uploads\/2022\/09\/20220916-\u00aeIHEDN-POLDEF-seminaire-de-rentree-0137.jpg","type":"image\/jpeg"}],"author":"dev","twitter_card":"summary_large_image","twitter_creator":"@IHEDN","twitter_site":"@IHEDN","twitter_misc":{"Written by":"dev","Estimated reading time":"3 minutes"},"schema":{"@context":"https:\/\/schema.org","@graph":[{"@type":"Article","@id":"https:\/\/ihedn.fr\/actualites-des-sessions\/cap-sur-collioure-pour-les-auditeurs-de-la-majeure-politique-de-defense-de-la-session-nationale-de-lihedn\/#article","isPartOf":{"@id":"https:\/\/ihedn.fr\/actualites-des-sessions\/cap-sur-collioure-pour-les-auditeurs-de-la-majeure-politique-de-defense-de-la-session-nationale-de-lihedn\/"},"author":{"name":"dev","@id":"https:\/\/ihedn.fr\/#\/schema\/person\/7a40155595e4efb35323447cb8c8c5a4"},"headline":"Cap sur Collioure pour les auditeurs de la majeure \u00ab Politique de d\u00e9fense \u00bb de la session nationale de l\u2019IHEDN","datePublished":"2022-09-23T08:07:27+00:00","dateModified":"2022-11-25T14:22:27+00:00","mainEntityOfPage":{"@id":"https:\/\/ihedn.fr\/actualites-des-sessions\/cap-sur-collioure-pour-les-auditeurs-de-la-majeure-politique-de-defense-de-la-session-nationale-de-lihedn\/"},"wordCount":506,"publisher":{"@id":"https:\/\/ihedn.fr\/#organization"},"image":{"@id":"https:\/\/ihedn.fr\/actualites-des-sessions\/cap-sur-collioure-pour-les-auditeurs-de-la-majeure-politique-de-defense-de-la-session-nationale-de-lihedn\/#primaryimage"},"thumbnailUrl":"https:\/\/ihedn.fr\/wp-content\/uploads\/2022\/09\/20220916-\u00aeIHEDN-POLDEF-seminaire-de-rentree-0137.jpg","articleSection":["Notre actualit\u00e9"],"inLanguage":"en-GB"},{"@type":"WebPage","@id":"https:\/\/ihedn.fr\/actualites-des-sessions\/cap-sur-collioure-pour-les-auditeurs-de-la-majeure-politique-de-defense-de-la-session-nationale-de-lihedn\/","url":"https:\/\/ihedn.fr\/actualites-des-sessions\/cap-sur-collioure-pour-les-auditeurs-de-la-majeure-politique-de-defense-de-la-session-nationale-de-lihedn\/","name":"The \"Defence Policy\" major of the IHEDN national session heads for Collioure - L'IHEDN : Institut des hautes \u00e9tudes de d\u00e9fense nationale","isPartOf":{"@id":"https:\/\/ihedn.fr\/#website"},"primaryImageOfPage":{"@id":"https:\/\/ihedn.fr\/actualites-des-sessions\/cap-sur-collioure-pour-les-auditeurs-de-la-majeure-politique-de-defense-de-la-session-nationale-de-lihedn\/#primaryimage"},"image":{"@id":"https:\/\/ihedn.fr\/actualites-des-sessions\/cap-sur-collioure-pour-les-auditeurs-de-la-majeure-politique-de-defense-de-la-session-nationale-de-lihedn\/#primaryimage"},"thumbnailUrl":"https:\/\/ihedn.fr\/wp-content\/uploads\/2022\/09\/20220916-\u00aeIHEDN-POLDEF-seminaire-de-rentree-0137.jpg","datePublished":"2022-09-23T08:07:27+00:00","dateModified":"2022-11-25T14:22:27+00:00","breadcrumb":{"@id":"https:\/\/ihedn.fr\/actualites-des-sessions\/cap-sur-collioure-pour-les-auditeurs-de-la-majeure-politique-de-defense-de-la-session-nationale-de-lihedn\/#breadcrumb"},"inLanguage":"en-GB","potentialAction":[{"@type":"ReadAction","target":["https:\/\/ihedn.fr\/actualites-des-sessions\/cap-sur-collioure-pour-les-auditeurs-de-la-majeure-politique-de-defense-de-la-session-nationale-de-lihedn\/"]}]},{"@type":"ImageObject","inLanguage":"en-GB","@id":"https:\/\/ihedn.fr\/actualites-des-sessions\/cap-sur-collioure-pour-les-auditeurs-de-la-majeure-politique-de-defense-de-la-session-nationale-de-lihedn\/#primaryimage","url":"https:\/\/ihedn.fr\/wp-content\/uploads\/2022\/09\/20220916-\u00aeIHEDN-POLDEF-seminaire-de-rentree-0137.jpg","contentUrl":"https:\/\/ihedn.fr\/wp-content\/uploads\/2022\/09\/20220916-\u00aeIHEDN-POLDEF-seminaire-de-rentree-0137.jpg","width":1500,"height":1000,"caption":"20220916-\u00aeIHEDN-POLDEF-s\u00e9minaire de rentr\u00e9e"},{"@type":"BreadcrumbList","@id":"https:\/\/ihedn.fr\/actualites-des-sessions\/cap-sur-collioure-pour-les-auditeurs-de-la-majeure-politique-de-defense-de-la-session-nationale-de-lihedn\/#breadcrumb","itemListElement":[{"@type":"ListItem","position":1,"name":"Accueil","item":"https:\/\/ihedn.fr\/"},{"@type":"ListItem","position":2,"name":"Cap sur Collioure pour les auditeurs de la majeure \u00ab Politique de d\u00e9fense \u00bb de la session nationale de l\u2019IHEDN"}]},{"@type":"WebSite","@id":"https:\/\/ihedn.fr\/#website","url":"https:\/\/ihedn.fr\/","name":"IHEDN: Institut des hautes \u00e9tudes de d\u00e9fense nationale (Institute for Higher National Defence Studies)","description":"Official website of the IHEDN under the supervision of the Prime Minister.","publisher":{"@id":"https:\/\/ihedn.fr\/#organization"},"potentialAction":[{"@type":"SearchAction","target":{"@type":"EntryPoint","urlTemplate":"https:\/\/ihedn.fr\/?s={search_term_string}"},"query-input":{"@type":"PropertyValueSpecification","valueRequired":true,"valueName":"search_term_string"}}],"inLanguage":"en-GB"},{"@type":"Organization","@id":"https:\/\/ihedn.fr\/#organization","name":"IHEDN - Institute for Higher National Defence Studies","url":"https:\/\/ihedn.fr\/","logo":{"@type":"ImageObject","inLanguage":"en-GB","@id":"https:\/\/ihedn.fr\/#\/schema\/logo\/image\/","url":"https:\/\/ihedn.fr\/wp-content\/uploads\/2020\/11\/BLOC_RF_IHEDN_WEB.png","contentUrl":"https:\/\/ihedn.fr\/wp-content\/uploads\/2020\/11\/BLOC_RF_IHEDN_WEB.png","width":500,"height":237,"caption":"IHEDN - Institut des Hautes Etudes de D\u00e9fense Nationale"},"image":{"@id":"https:\/\/ihedn.fr\/#\/schema\/logo\/image\/"},"sameAs":["https:\/\/www.facebook.com\/ihedn\/","https:\/\/x.com\/IHEDN","https:\/\/www.instagram.com\/ihedn\/","https:\/\/www.linkedin.com\/school\/ihedn\/","https:\/\/fr.wikipedia.org\/wiki\/Institut_des_hautes_\u00e9tudes_de_D\u00e9fense_nationale"]},{"@type":"Person","@id":"https:\/\/ihedn.fr\/#\/schema\/person\/7a40155595e4efb35323447cb8c8c5a4","name":"dev","image":{"@type":"ImageObject","inLanguage":"en-GB","@id":"https:\/\/secure.gravatar.com\/avatar\/f1ffcac9ca2fa95ad3ec33e9be3ade82f752acb0cabe541e56c5889225afa88a?s=96&d=mm&r=g","url":"https:\/\/secure.gravatar.com\/avatar\/f1ffcac9ca2fa95ad3ec33e9be3ade82f752acb0cabe541e56c5889225afa88a?s=96&d=mm&r=g","contentUrl":"https:\/\/secure.gravatar.com\/avatar\/f1ffcac9ca2fa95ad3ec33e9be3ade82f752acb0cabe541e56c5889225afa88a?s=96&d=mm&r=g","caption":"dev"},"sameAs":["https:\/\/ihedn.concilium.click"],"url":"https:\/\/ihedn.fr\/en\/author\/dev\/"}]}},"publishpress_future_action":{"enabled":false,"date":"2026-05-08 07:43:19","action":"change-status","newStatus":"draft","terms":[],"taxonomy":"category","extraData":[]},"publishpress_future_workflow_manual_trigger":{"enabledWorkflows":[]},"_links":{"self":[{"href":"https:\/\/ihedn.fr\/en\/wp-json\/wp\/v2\/posts\/25611","targetHints":{"allow":["GET"]}}],"collection":[{"href":"https:\/\/ihedn.fr\/en\/wp-json\/wp\/v2\/posts"}],"about":[{"href":"https:\/\/ihedn.fr\/en\/wp-json\/wp\/v2\/types\/post"}],"author":[{"embeddable":true,"href":"https:\/\/ihedn.fr\/en\/wp-json\/wp\/v2\/users\/1"}],"replies":[{"embeddable":true,"href":"https:\/\/ihedn.fr\/en\/wp-json\/wp\/v2\/comments?post=25611"}],"version-history":[{"count":17,"href":"https:\/\/ihedn.fr\/en\/wp-json\/wp\/v2\/posts\/25611\/revisions"}],"predecessor-version":[{"id":25743,"href":"https:\/\/ihedn.fr\/en\/wp-json\/wp\/v2\/posts\/25611\/revisions\/25743"}],"wp:featuredmedia":[{"embeddable":true,"href":"https:\/\/ihedn.fr\/en\/wp-json\/wp\/v2\/media\/25613"}],"wp:attachment":[{"href":"https:\/\/ihedn.fr\/en\/wp-json\/wp\/v2\/media?parent=25611"}],"wp:term":[{"taxonomy":"category","embeddable":true,"href":"https:\/\/ihedn.fr\/en\/wp-json\/wp\/v2\/categories?post=25611"},{"taxonomy":"post_tag","embeddable":true,"href":"https:\/\/ihedn.fr\/en\/wp-json\/wp\/v2\/tags?post=25611"}],"curies":[{"name":"wp","href":"https:\/\/api.w.org\/{rel}","templated":true}]}}