{"id":26428,"date":"2022-10-11T15:10:56","date_gmt":"2022-10-11T14:10:56","guid":{"rendered":"https:\/\/ihedn.fr\/?p=26428"},"modified":"2023-06-30T13:07:25","modified_gmt":"2023-06-30T12:07:25","slug":"alexandra-goujon-lukraine-entre-sujet-et-objet-de-lhistoire","status":"publish","type":"post","link":"https:\/\/ihedn.fr\/en\/notre-selection\/alexandra-goujon-lukraine-entre-sujet-et-objet-de-lhistoire\/","title":{"rendered":"Alexandra Goujon: \"Ukraine, between subject and object of History\"."},"content":{"rendered":"<div data-elementor-type=\"wp-post\" data-elementor-id=\"26428\" class=\"elementor elementor-26428\" data-elementor-post-type=\"post\">\n\t\t\t\t\t\t<section data-particle_enable=\"false\" data-particle-mobile-disabled=\"false\" class=\"elementor-section elementor-top-section elementor-element elementor-element-756775a elementor-section-boxed elementor-section-height-default elementor-section-height-default\" data-id=\"756775a\" data-element_type=\"section\" data-e-type=\"section\">\n\t\t\t\t\t\t<div class=\"elementor-container elementor-column-gap-default\">\n\t\t\t\t\t<div class=\"elementor-column elementor-col-100 elementor-top-column elementor-element elementor-element-27e56c9\" data-id=\"27e56c9\" data-element_type=\"column\" data-e-type=\"column\">\n\t\t\t<div class=\"elementor-widget-wrap elementor-element-populated\">\n\t\t\t\t\t\t<div class=\"elementor-element elementor-element-db561fc elementor-widget elementor-widget-heading\" data-id=\"db561fc\" data-element_type=\"widget\" data-e-type=\"widget\" data-widget_type=\"heading.default\">\n\t\t\t\t<div class=\"elementor-widget-container\">\n\t\t\t\t\t<h5 class=\"elementor-heading-title elementor-size-default\">A premonitory book? <\/h5>\t\t\t\t<\/div>\n\t\t\t\t<\/div>\n\t\t\t\t<div class=\"elementor-element elementor-element-9e030d0 elementor-widget-divider--view-line elementor-widget elementor-widget-divider\" data-id=\"9e030d0\" data-element_type=\"widget\" data-e-type=\"widget\" data-widget_type=\"divider.default\">\n\t\t\t\t<div class=\"elementor-widget-container\">\n\t\t\t\t\t\t\t<div class=\"elementor-divider\">\n\t\t\t<span class=\"elementor-divider-separator\">\n\t\t\t\t\t\t<\/span>\n\t\t<\/div>\n\t\t\t\t\t\t<\/div>\n\t\t\t\t<\/div>\n\t\t\t\t<div class=\"elementor-element elementor-element-da55ca9 elementor-widget elementor-widget-text-editor\" data-id=\"da55ca9\" data-element_type=\"widget\" data-e-type=\"widget\" data-widget_type=\"text-editor.default\">\n\t\t\t\t<div class=\"elementor-widget-container\">\n\t\t\t\t\t\t\t\t\t<p style=\"text-align: left;\">Alexandra Goujon does not consider her book to be prescient, since as she likes to point out, the conflict did not begin on 24 February 2022. For the Ukrainians, the Russian offensive is indeed the 2<sup>e<\/sup> stage of a war that began with the annexation of Crimea at the end of February 2014. It is also the development of a conflict that has raged in the Ukrainian Donbass mining basin since the spring of 2014, between the Ukrainian army and pro-Russian separatists that left 14,000 dead before the massive invasion in February 2022. On 11 May 2014, independence referendums were held in the occupied territories of the Donetsk and Luhansk regions.<\/p>\t\t\t\t\t\t\t\t<\/div>\n\t\t\t\t<\/div>\n\t\t\t\t<div class=\"elementor-element elementor-element-8d94252 elementor-widget elementor-widget-heading\" data-id=\"8d94252\" data-element_type=\"widget\" data-e-type=\"widget\" data-widget_type=\"heading.default\">\n\t\t\t\t<div class=\"elementor-widget-container\">\n\t\t\t\t\t<h5 class=\"elementor-heading-title elementor-size-default\">Is the Russian world just one people?<\/h5>\t\t\t\t<\/div>\n\t\t\t\t<\/div>\n\t\t\t\t<div class=\"elementor-element elementor-element-64585a9 elementor-widget-divider--view-line elementor-widget elementor-widget-divider\" data-id=\"64585a9\" data-element_type=\"widget\" data-e-type=\"widget\" data-widget_type=\"divider.default\">\n\t\t\t\t<div class=\"elementor-widget-container\">\n\t\t\t\t\t\t\t<div class=\"elementor-divider\">\n\t\t\t<span class=\"elementor-divider-separator\">\n\t\t\t\t\t\t<\/span>\n\t\t<\/div>\n\t\t\t\t\t\t<\/div>\n\t\t\t\t<\/div>\n\t\t\t\t<div class=\"elementor-element elementor-element-9e35d29 elementor-widget elementor-widget-text-editor\" data-id=\"9e35d29\" data-element_type=\"widget\" data-e-type=\"widget\" data-widget_type=\"text-editor.default\">\n\t\t\t\t<div class=\"elementor-widget-container\">\n\t\t\t\t\t\t\t\t\t<p>Alexandra Goujon points out that Russia has always existed as an imperial state, both during the Russian Empire and the Union of Soviet Socialist Republics (USSR) between 1922 and 1991. At the time of the USSR, there was a hierarchy between peoples that contradicted the official discourse of fraternity. Ukrainians were seen as inferior to Russians, reflecting their status as \"Little Russians\" in the Empire. Today, the Russian political authorities are still pursuing this imperial policy of territorial conquest. This war was not simply a war of annexation. Its aim is to reduce the territory of the Ukrainian state as much as possible, and even to eliminate it. Russia wants Ukraine to surrender and change its government. If there is a military invasion, it is because Russia was unable to obtain this change through political means.<\/p>\t\t\t\t\t\t\t\t<\/div>\n\t\t\t\t<\/div>\n\t\t\t\t<div class=\"elementor-element elementor-element-cb3d52a elementor-widget elementor-widget-heading\" data-id=\"cb3d52a\" data-element_type=\"widget\" data-e-type=\"widget\" data-widget_type=\"heading.default\">\n\t\t\t\t<div class=\"elementor-widget-container\">\n\t\t\t\t\t<h5 class=\"elementor-heading-title elementor-size-default\">Ukraine, a small country in the \"Russian world\"?<\/h5>\t\t\t\t<\/div>\n\t\t\t\t<\/div>\n\t\t\t\t<div class=\"elementor-element elementor-element-598e56d elementor-widget-divider--view-line elementor-widget elementor-widget-divider\" data-id=\"598e56d\" data-element_type=\"widget\" data-e-type=\"widget\" data-widget_type=\"divider.default\">\n\t\t\t\t<div class=\"elementor-widget-container\">\n\t\t\t\t\t\t\t<div class=\"elementor-divider\">\n\t\t\t<span class=\"elementor-divider-separator\">\n\t\t\t\t\t\t<\/span>\n\t\t<\/div>\n\t\t\t\t\t\t<\/div>\n\t\t\t\t<\/div>\n\t\t\t\t<div class=\"elementor-element elementor-element-97f53b9 elementor-widget elementor-widget-text-editor\" data-id=\"97f53b9\" data-element_type=\"widget\" data-e-type=\"widget\" data-widget_type=\"text-editor.default\">\n\t\t\t\t<div class=\"elementor-widget-container\">\n\t\t\t\t\t\t\t\t\t<p>Alexandra Goujon has been working on Ukraine since the 1990s, a subject that some researchers considered to be of little importance: \"a minor country\". She points out that French historiography has adopted this Russian, and then Soviet, historiography, considering Ukraine as the periphery of Russia. In the collective imagination, Ukraine is linked to the Russian Empire and Vladimir Putin's \"Russian world\". This vision dismisses Ukraine as a subject of history and presents it as an object of history. Today, Ukraine is subject to a decision by Russia to invade it, denying its legitimacy as a state. Alexandra Goujon points out that Ukrainians have a different vision of their country: \"for them, they are actors and subjects of history\", \"they don't want to be subjected to a foreign power\".<\/p>\t\t\t\t\t\t\t\t<\/div>\n\t\t\t\t<\/div>\n\t\t\t\t<div class=\"elementor-element elementor-element-e67d1ee elementor-widget elementor-widget-heading\" data-id=\"e67d1ee\" data-element_type=\"widget\" data-e-type=\"widget\" data-widget_type=\"heading.default\">\n\t\t\t\t<div class=\"elementor-widget-container\">\n\t\t\t\t\t<h5 class=\"elementor-heading-title elementor-size-default\">Ukraine, a buffer state?<\/h5>\t\t\t\t<\/div>\n\t\t\t\t<\/div>\n\t\t\t\t<div class=\"elementor-element elementor-element-474fa7d elementor-widget-divider--view-line elementor-widget elementor-widget-divider\" data-id=\"474fa7d\" data-element_type=\"widget\" data-e-type=\"widget\" data-widget_type=\"divider.default\">\n\t\t\t\t<div class=\"elementor-widget-container\">\n\t\t\t\t\t\t\t<div class=\"elementor-divider\">\n\t\t\t<span class=\"elementor-divider-separator\">\n\t\t\t\t\t\t<\/span>\n\t\t<\/div>\n\t\t\t\t\t\t<\/div>\n\t\t\t\t<\/div>\n\t\t\t\t<div class=\"elementor-element elementor-element-164d48e elementor-widget elementor-widget-text-editor\" data-id=\"164d48e\" data-element_type=\"widget\" data-e-type=\"widget\" data-widget_type=\"text-editor.default\">\n\t\t\t\t<div class=\"elementor-widget-container\">\n\t\t\t\t\t\t\t\t\t<p>This idea gives Ukraine limited sovereignty. As if Ukraine could not decide for itself. Since the invasion, the percentage of Ukrainians who want their country to join the European Union and NATO is close to or exceeds 80%. Alexandra Goujon looks at the Ukrainian government's desire to join and the response of the leaders of the EU and NATO member states. Joining an organisation presupposes unanimous acceptance by the other members. So you have to convince them. The EU created a neighbourhood policy for countries that were not meant to join. That was the ambiguity of the rhetoric, which saw Ukraine as part of the European \"family\" with no prospect of membership. But on 23 June 2022, Ukraine and Moldova were granted candidate status. Ukraine is moving from the European Neighbourhood Policy to the enlargement policy.\u00a0<\/p>\t\t\t\t\t\t\t\t<\/div>\n\t\t\t\t<\/div>\n\t\t\t\t<div class=\"elementor-element elementor-element-ccf23a1 elementor-widget elementor-widget-heading\" data-id=\"ccf23a1\" data-element_type=\"widget\" data-e-type=\"widget\" data-widget_type=\"heading.default\">\n\t\t\t\t<div class=\"elementor-widget-container\">\n\t\t\t\t\t<h5 class=\"elementor-heading-title elementor-size-default\">Ukraine, a fractured country?<\/h5>\t\t\t\t<\/div>\n\t\t\t\t<\/div>\n\t\t\t\t<div class=\"elementor-element elementor-element-e3260f6 elementor-widget-divider--view-line elementor-widget elementor-widget-divider\" data-id=\"e3260f6\" data-element_type=\"widget\" data-e-type=\"widget\" data-widget_type=\"divider.default\">\n\t\t\t\t<div class=\"elementor-widget-container\">\n\t\t\t\t\t\t\t<div class=\"elementor-divider\">\n\t\t\t<span class=\"elementor-divider-separator\">\n\t\t\t\t\t\t<\/span>\n\t\t<\/div>\n\t\t\t\t\t\t<\/div>\n\t\t\t\t<\/div>\n\t\t\t\t<div class=\"elementor-element elementor-element-b930382 elementor-widget elementor-widget-text-editor\" data-id=\"b930382\" data-element_type=\"widget\" data-e-type=\"widget\" data-widget_type=\"text-editor.default\">\n\t\t\t\t<div class=\"elementor-widget-container\">\n\t\t\t\t\t\t\t\t\t<p>Alexandra Goujon looks back at the image of Ukraine as \"a fractured country, divided geographically, economically, politically and culturally\". This heterogeneity was presented as necessarily a source of division and conflict. We did not see what could unite Ukrainians. Which explains why the national resistance came as such a surprise in the West. For Alexandra Goujon, this resistance is expressed as a mirror effect between the mobilised population and President Volodymyr Zelensky. \"Zelensky is carrying his country and these citizens are carrying him\". It should also be remembered that this mobilisation dates back to 2014. It is vital for Ukrainians. Alexandra Goujon quotes a Ukrainian saying: \"If Russia stops fighting, the war stops. If Ukrainians stop fighting, Ukraine ceases to exist\".<\/p>\t\t\t\t\t\t\t\t<\/div>\n\t\t\t\t<\/div>\n\t\t\t\t<div class=\"elementor-element elementor-element-b1c06d4 elementor-widget elementor-widget-text-editor\" data-id=\"b1c06d4\" data-element_type=\"widget\" data-e-type=\"widget\" data-widget_type=\"text-editor.default\">\n\t\t\t\t<div class=\"elementor-widget-container\">\n\t\t\t\t\t\t\t\t\t<p style=\"text-align: left;\"><span style=\"color: #034b7b;\"><strong>Alexandra Goujon<\/strong><\/span> is a specialist in Ukraine and Belarus, a political scientist, a lecturer at the University of Burgundy and a lecturer at Sciences Po. In \"L'Ukraine de l'ind\u00e9pendance \u00e0 la guerre\", each chapter begins with an assertion that Alexandra Goujon deconstructs in order to shatter preconceived ideas. This book also takes us back to the origins of the country, to trace the links through which the past informs the present. It is about Ukraine, but also about Russia and the European Union as a whole, about transatlantic relations, and about us as Europeans involved in this war.<\/p>\t\t\t\t\t\t\t\t<\/div>\n\t\t\t\t<\/div>\n\t\t\t\t\t<\/div>\n\t\t<\/div>\n\t\t\t\t\t<\/div>\n\t\t<\/section>\n\t\t\t\t<\/div>","protected":false},"excerpt":{"rendered":"<p>For its first strategic debate since the start of the academic year, the IHEDN has chosen a topical subject: Ukraine. Alexandra Goujon is the author of <em>Ukraine from independence to war<\/em>published by Le Cavalier bleu, in the Id\u00e9es re\u00e7ues collection. The gist of his talk is based on 5 received ideas. <\/p>","protected":false},"author":1,"featured_media":25805,"comment_status":"closed","ping_status":"closed","sticky":false,"template":"","format":"standard","meta":{"footnotes":""},"categories":[41,171,209],"tags":[],"class_list":["post-26428","post","type-post","status-publish","format-standard","has-post-thumbnail","hentry","category-lundis-de-lihedn","category-notre-selection","category-securite-internationale"],"yoast_head":"<!-- This site is optimized with the Yoast SEO plugin v27.5 - https:\/\/yoast.com\/product\/yoast-seo-wordpress\/ -->\n<title>Alexandra Goujon : \u00ab L\u2019Ukraine, entre sujet et objet de l\u2019Histoire \u00bb. - L&#039;IHEDN : Institut des hautes \u00e9tudes de d\u00e9fense nationale<\/title>\n<meta name=\"description\" content=\"Pour son premier d\u00e9bat strat\u00e9gique organis\u00e9 depuis la rentr\u00e9e, l\u2019IHEDN choisit un sujet d\u2019actualit\u00e9 : l\u2019Ukraine. Alexandra Goujon est l\u2019auteure de L\u2019Ukraine de l\u2019ind\u00e9pendance \u00e0 la guerre, publi\u00e9 aux \u00e9ditions Le Cavalier bleu, dans la collection Id\u00e9es re\u00e7ues. L\u2019essentiel de son intervention autour de 5 id\u00e9es re\u00e7ues.\" \/>\n<meta name=\"robots\" content=\"index, follow, max-snippet:-1, max-image-preview:large, max-video-preview:-1\" \/>\n<link rel=\"canonical\" href=\"https:\/\/ihedn.fr\/en\/lundis-de-lihedn\/alexandra-goujon-lukraine-entre-sujet-et-objet-de-lhistoire\/\" \/>\n<meta property=\"og:locale\" content=\"en_GB\" \/>\n<meta property=\"og:type\" content=\"article\" \/>\n<meta property=\"og:title\" content=\"Alexandra Goujon : \u00ab L\u2019Ukraine, entre sujet et objet de l\u2019Histoire \u00bb. - L&#039;IHEDN : Institut des hautes \u00e9tudes de d\u00e9fense nationale\" \/>\n<meta property=\"og:description\" content=\"Pour son premier d\u00e9bat strat\u00e9gique organis\u00e9 depuis la rentr\u00e9e, l\u2019IHEDN choisit un sujet d\u2019actualit\u00e9 : l\u2019Ukraine. Alexandra Goujon est l\u2019auteure de L\u2019Ukraine de l\u2019ind\u00e9pendance \u00e0 la guerre, publi\u00e9 aux \u00e9ditions Le Cavalier bleu, dans la collection Id\u00e9es re\u00e7ues. L\u2019essentiel de son intervention autour de 5 id\u00e9es re\u00e7ues.\" \/>\n<meta property=\"og:url\" content=\"https:\/\/ihedn.fr\/en\/lundis-de-lihedn\/alexandra-goujon-lukraine-entre-sujet-et-objet-de-lhistoire\/\" \/>\n<meta property=\"og:site_name\" content=\"L&#039;IHEDN : Institut des hautes \u00e9tudes de d\u00e9fense nationale\" \/>\n<meta property=\"article:publisher\" content=\"https:\/\/www.facebook.com\/ihedn\/\" \/>\n<meta property=\"article:published_time\" content=\"2022-10-11T14:10:56+00:00\" \/>\n<meta property=\"article:modified_time\" content=\"2023-06-30T12:07:25+00:00\" \/>\n<meta property=\"og:image\" content=\"https:\/\/ihedn.fr\/wp-content\/uploads\/2022\/09\/RS-Debats-strategiques-202210-03.jpg\" \/>\n\t<meta property=\"og:image:width\" content=\"800\" \/>\n\t<meta property=\"og:image:height\" content=\"452\" \/>\n\t<meta property=\"og:image:type\" content=\"image\/jpeg\" \/>\n<meta name=\"author\" content=\"dev\" \/>\n<meta name=\"twitter:card\" content=\"summary_large_image\" \/>\n<meta name=\"twitter:creator\" content=\"@IHEDN\" \/>\n<meta name=\"twitter:site\" content=\"@IHEDN\" \/>\n<meta name=\"twitter:label1\" content=\"Written by\" \/>\n\t<meta name=\"twitter:data1\" content=\"dev\" \/>\n\t<meta name=\"twitter:label2\" content=\"Estimated reading time\" \/>\n\t<meta name=\"twitter:data2\" content=\"4 minutes\" \/>\n<script type=\"application\/ld+json\" class=\"yoast-schema-graph\">{\"@context\":\"https:\\\/\\\/schema.org\",\"@graph\":[{\"@type\":\"Article\",\"@id\":\"https:\\\/\\\/ihedn.fr\\\/lundis-de-lihedn\\\/alexandra-goujon-lukraine-entre-sujet-et-objet-de-lhistoire\\\/#article\",\"isPartOf\":{\"@id\":\"https:\\\/\\\/ihedn.fr\\\/lundis-de-lihedn\\\/alexandra-goujon-lukraine-entre-sujet-et-objet-de-lhistoire\\\/\"},\"author\":{\"name\":\"dev\",\"@id\":\"https:\\\/\\\/ihedn.fr\\\/#\\\/schema\\\/person\\\/7a40155595e4efb35323447cb8c8c5a4\"},\"headline\":\"Alexandra Goujon : \u00ab L\u2019Ukraine, entre sujet et objet de l\u2019Histoire \u00bb.\",\"datePublished\":\"2022-10-11T14:10:56+00:00\",\"dateModified\":\"2023-06-30T12:07:25+00:00\",\"mainEntityOfPage\":{\"@id\":\"https:\\\/\\\/ihedn.fr\\\/lundis-de-lihedn\\\/alexandra-goujon-lukraine-entre-sujet-et-objet-de-lhistoire\\\/\"},\"wordCount\":907,\"publisher\":{\"@id\":\"https:\\\/\\\/ihedn.fr\\\/#organization\"},\"image\":{\"@id\":\"https:\\\/\\\/ihedn.fr\\\/lundis-de-lihedn\\\/alexandra-goujon-lukraine-entre-sujet-et-objet-de-lhistoire\\\/#primaryimage\"},\"thumbnailUrl\":\"https:\\\/\\\/ihedn.fr\\\/wp-content\\\/uploads\\\/2022\\\/09\\\/RS-Debats-strategiques-202210-03.jpg\",\"articleSection\":[\"Lundis de l'IHEDN\",\"Notre s\u00e9lection\",\"s\u00e9curit\u00e9 internationale\"],\"inLanguage\":\"en-GB\"},{\"@type\":\"WebPage\",\"@id\":\"https:\\\/\\\/ihedn.fr\\\/lundis-de-lihedn\\\/alexandra-goujon-lukraine-entre-sujet-et-objet-de-lhistoire\\\/\",\"url\":\"https:\\\/\\\/ihedn.fr\\\/lundis-de-lihedn\\\/alexandra-goujon-lukraine-entre-sujet-et-objet-de-lhistoire\\\/\",\"name\":\"Alexandra Goujon : \u00ab L\u2019Ukraine, entre sujet et objet de l\u2019Histoire \u00bb. - L&#039;IHEDN : Institut des hautes \u00e9tudes de d\u00e9fense nationale\",\"isPartOf\":{\"@id\":\"https:\\\/\\\/ihedn.fr\\\/#website\"},\"primaryImageOfPage\":{\"@id\":\"https:\\\/\\\/ihedn.fr\\\/lundis-de-lihedn\\\/alexandra-goujon-lukraine-entre-sujet-et-objet-de-lhistoire\\\/#primaryimage\"},\"image\":{\"@id\":\"https:\\\/\\\/ihedn.fr\\\/lundis-de-lihedn\\\/alexandra-goujon-lukraine-entre-sujet-et-objet-de-lhistoire\\\/#primaryimage\"},\"thumbnailUrl\":\"https:\\\/\\\/ihedn.fr\\\/wp-content\\\/uploads\\\/2022\\\/09\\\/RS-Debats-strategiques-202210-03.jpg\",\"datePublished\":\"2022-10-11T14:10:56+00:00\",\"dateModified\":\"2023-06-30T12:07:25+00:00\",\"description\":\"Pour son premier d\u00e9bat strat\u00e9gique organis\u00e9 depuis la rentr\u00e9e, l\u2019IHEDN choisit un sujet d\u2019actualit\u00e9 : l\u2019Ukraine. Alexandra Goujon est l\u2019auteure de L\u2019Ukraine de l\u2019ind\u00e9pendance \u00e0 la guerre, publi\u00e9 aux \u00e9ditions Le Cavalier bleu, dans la collection Id\u00e9es re\u00e7ues. L\u2019essentiel de son intervention autour de 5 id\u00e9es re\u00e7ues.\",\"breadcrumb\":{\"@id\":\"https:\\\/\\\/ihedn.fr\\\/lundis-de-lihedn\\\/alexandra-goujon-lukraine-entre-sujet-et-objet-de-lhistoire\\\/#breadcrumb\"},\"inLanguage\":\"en-GB\",\"potentialAction\":[{\"@type\":\"ReadAction\",\"target\":[\"https:\\\/\\\/ihedn.fr\\\/lundis-de-lihedn\\\/alexandra-goujon-lukraine-entre-sujet-et-objet-de-lhistoire\\\/\"]}]},{\"@type\":\"ImageObject\",\"inLanguage\":\"en-GB\",\"@id\":\"https:\\\/\\\/ihedn.fr\\\/lundis-de-lihedn\\\/alexandra-goujon-lukraine-entre-sujet-et-objet-de-lhistoire\\\/#primaryimage\",\"url\":\"https:\\\/\\\/ihedn.fr\\\/wp-content\\\/uploads\\\/2022\\\/09\\\/RS-Debats-strategiques-202210-03.jpg\",\"contentUrl\":\"https:\\\/\\\/ihedn.fr\\\/wp-content\\\/uploads\\\/2022\\\/09\\\/RS-Debats-strategiques-202210-03.jpg\",\"width\":800,\"height\":452},{\"@type\":\"BreadcrumbList\",\"@id\":\"https:\\\/\\\/ihedn.fr\\\/lundis-de-lihedn\\\/alexandra-goujon-lukraine-entre-sujet-et-objet-de-lhistoire\\\/#breadcrumb\",\"itemListElement\":[{\"@type\":\"ListItem\",\"position\":1,\"name\":\"Accueil\",\"item\":\"https:\\\/\\\/ihedn.fr\\\/\"},{\"@type\":\"ListItem\",\"position\":2,\"name\":\"Alexandra Goujon : \u00ab L\u2019Ukraine, entre sujet et objet de l\u2019Histoire \u00bb.\"}]},{\"@type\":\"WebSite\",\"@id\":\"https:\\\/\\\/ihedn.fr\\\/#website\",\"url\":\"https:\\\/\\\/ihedn.fr\\\/\",\"name\":\"IHEDN : Institut des hautes \u00e9tudes de d\u00e9fense nationale |\",\"description\":\"Site officiel de l&#039;IHEDN plac\u00e9 sous la tutelle du Premier ministre.\",\"publisher\":{\"@id\":\"https:\\\/\\\/ihedn.fr\\\/#organization\"},\"potentialAction\":[{\"@type\":\"SearchAction\",\"target\":{\"@type\":\"EntryPoint\",\"urlTemplate\":\"https:\\\/\\\/ihedn.fr\\\/?s={search_term_string}\"},\"query-input\":{\"@type\":\"PropertyValueSpecification\",\"valueRequired\":true,\"valueName\":\"search_term_string\"}}],\"inLanguage\":\"en-GB\"},{\"@type\":\"Organization\",\"@id\":\"https:\\\/\\\/ihedn.fr\\\/#organization\",\"name\":\"IHEDN - Institut des Hautes Etudes de D\u00e9fense Nationale\",\"url\":\"https:\\\/\\\/ihedn.fr\\\/\",\"logo\":{\"@type\":\"ImageObject\",\"inLanguage\":\"en-GB\",\"@id\":\"https:\\\/\\\/ihedn.fr\\\/#\\\/schema\\\/logo\\\/image\\\/\",\"url\":\"https:\\\/\\\/ihedn.fr\\\/wp-content\\\/uploads\\\/2020\\\/11\\\/BLOC_RF_IHEDN_WEB.png\",\"contentUrl\":\"https:\\\/\\\/ihedn.fr\\\/wp-content\\\/uploads\\\/2020\\\/11\\\/BLOC_RF_IHEDN_WEB.png\",\"width\":500,\"height\":237,\"caption\":\"IHEDN - Institut des Hautes Etudes de D\u00e9fense Nationale\"},\"image\":{\"@id\":\"https:\\\/\\\/ihedn.fr\\\/#\\\/schema\\\/logo\\\/image\\\/\"},\"sameAs\":[\"https:\\\/\\\/www.facebook.com\\\/ihedn\\\/\",\"https:\\\/\\\/x.com\\\/IHEDN\",\"https:\\\/\\\/www.instagram.com\\\/ihedn\\\/\",\"https:\\\/\\\/www.linkedin.com\\\/school\\\/ihedn\\\/\",\"https:\\\/\\\/fr.wikipedia.org\\\/wiki\\\/Institut_des_hautes_\u00e9tudes_de_D\u00e9fense_nationale\"]},{\"@type\":\"Person\",\"@id\":\"https:\\\/\\\/ihedn.fr\\\/#\\\/schema\\\/person\\\/7a40155595e4efb35323447cb8c8c5a4\",\"name\":\"dev\",\"image\":{\"@type\":\"ImageObject\",\"inLanguage\":\"en-GB\",\"@id\":\"https:\\\/\\\/secure.gravatar.com\\\/avatar\\\/f1ffcac9ca2fa95ad3ec33e9be3ade82f752acb0cabe541e56c5889225afa88a?s=96&d=mm&r=g\",\"url\":\"https:\\\/\\\/secure.gravatar.com\\\/avatar\\\/f1ffcac9ca2fa95ad3ec33e9be3ade82f752acb0cabe541e56c5889225afa88a?s=96&d=mm&r=g\",\"contentUrl\":\"https:\\\/\\\/secure.gravatar.com\\\/avatar\\\/f1ffcac9ca2fa95ad3ec33e9be3ade82f752acb0cabe541e56c5889225afa88a?s=96&d=mm&r=g\",\"caption\":\"dev\"},\"sameAs\":[\"https:\\\/\\\/ihedn.concilium.click\"],\"url\":\"https:\\\/\\\/ihedn.fr\\\/en\\\/author\\\/dev\\\/\"}]}<\/script>\n<!-- \/ Yoast SEO plugin. -->","yoast_head_json":{"title":"Alexandra Goujon: \"Ukraine, between subject and object of History\". - IHEDN: Institute for Advanced National Defence Studies","description":"For its first strategic debate since the start of the academic year, the IHEDN has chosen a topical subject: Ukraine. Alexandra Goujon is the author of L'Ukraine de l'ind\u00e9pendance \u00e0 la guerre, published by Le Cavalier bleu in the Id\u00e9es re\u00e7ues collection. Her talk focuses on 5 preconceived ideas.","robots":{"index":"index","follow":"follow","max-snippet":"max-snippet:-1","max-image-preview":"max-image-preview:large","max-video-preview":"max-video-preview:-1"},"canonical":"https:\/\/ihedn.fr\/en\/lundis-de-lihedn\/alexandra-goujon-lukraine-entre-sujet-et-objet-de-lhistoire\/","og_locale":"en_GB","og_type":"article","og_title":"Alexandra Goujon : \u00ab L\u2019Ukraine, entre sujet et objet de l\u2019Histoire \u00bb. - L&#039;IHEDN : Institut des hautes \u00e9tudes de d\u00e9fense nationale","og_description":"Pour son premier d\u00e9bat strat\u00e9gique organis\u00e9 depuis la rentr\u00e9e, l\u2019IHEDN choisit un sujet d\u2019actualit\u00e9 : l\u2019Ukraine. Alexandra Goujon est l\u2019auteure de L\u2019Ukraine de l\u2019ind\u00e9pendance \u00e0 la guerre, publi\u00e9 aux \u00e9ditions Le Cavalier bleu, dans la collection Id\u00e9es re\u00e7ues. L\u2019essentiel de son intervention autour de 5 id\u00e9es re\u00e7ues.","og_url":"https:\/\/ihedn.fr\/en\/lundis-de-lihedn\/alexandra-goujon-lukraine-entre-sujet-et-objet-de-lhistoire\/","og_site_name":"L&#039;IHEDN : Institut des hautes \u00e9tudes de d\u00e9fense nationale","article_publisher":"https:\/\/www.facebook.com\/ihedn\/","article_published_time":"2022-10-11T14:10:56+00:00","article_modified_time":"2023-06-30T12:07:25+00:00","og_image":[{"width":800,"height":452,"url":"https:\/\/ihedn.fr\/wp-content\/uploads\/2022\/09\/RS-Debats-strategiques-202210-03.jpg","type":"image\/jpeg"}],"author":"dev","twitter_card":"summary_large_image","twitter_creator":"@IHEDN","twitter_site":"@IHEDN","twitter_misc":{"Written by":"dev","Estimated reading time":"4 minutes"},"schema":{"@context":"https:\/\/schema.org","@graph":[{"@type":"Article","@id":"https:\/\/ihedn.fr\/lundis-de-lihedn\/alexandra-goujon-lukraine-entre-sujet-et-objet-de-lhistoire\/#article","isPartOf":{"@id":"https:\/\/ihedn.fr\/lundis-de-lihedn\/alexandra-goujon-lukraine-entre-sujet-et-objet-de-lhistoire\/"},"author":{"name":"dev","@id":"https:\/\/ihedn.fr\/#\/schema\/person\/7a40155595e4efb35323447cb8c8c5a4"},"headline":"Alexandra Goujon : \u00ab L\u2019Ukraine, entre sujet et objet de l\u2019Histoire \u00bb.","datePublished":"2022-10-11T14:10:56+00:00","dateModified":"2023-06-30T12:07:25+00:00","mainEntityOfPage":{"@id":"https:\/\/ihedn.fr\/lundis-de-lihedn\/alexandra-goujon-lukraine-entre-sujet-et-objet-de-lhistoire\/"},"wordCount":907,"publisher":{"@id":"https:\/\/ihedn.fr\/#organization"},"image":{"@id":"https:\/\/ihedn.fr\/lundis-de-lihedn\/alexandra-goujon-lukraine-entre-sujet-et-objet-de-lhistoire\/#primaryimage"},"thumbnailUrl":"https:\/\/ihedn.fr\/wp-content\/uploads\/2022\/09\/RS-Debats-strategiques-202210-03.jpg","articleSection":["Lundis de l'IHEDN","Notre s\u00e9lection","s\u00e9curit\u00e9 internationale"],"inLanguage":"en-GB"},{"@type":"WebPage","@id":"https:\/\/ihedn.fr\/lundis-de-lihedn\/alexandra-goujon-lukraine-entre-sujet-et-objet-de-lhistoire\/","url":"https:\/\/ihedn.fr\/lundis-de-lihedn\/alexandra-goujon-lukraine-entre-sujet-et-objet-de-lhistoire\/","name":"Alexandra Goujon: \"Ukraine, between subject and object of History\". - IHEDN: Institute for Advanced National Defence Studies","isPartOf":{"@id":"https:\/\/ihedn.fr\/#website"},"primaryImageOfPage":{"@id":"https:\/\/ihedn.fr\/lundis-de-lihedn\/alexandra-goujon-lukraine-entre-sujet-et-objet-de-lhistoire\/#primaryimage"},"image":{"@id":"https:\/\/ihedn.fr\/lundis-de-lihedn\/alexandra-goujon-lukraine-entre-sujet-et-objet-de-lhistoire\/#primaryimage"},"thumbnailUrl":"https:\/\/ihedn.fr\/wp-content\/uploads\/2022\/09\/RS-Debats-strategiques-202210-03.jpg","datePublished":"2022-10-11T14:10:56+00:00","dateModified":"2023-06-30T12:07:25+00:00","description":"For its first strategic debate since the start of the academic year, the IHEDN has chosen a topical subject: Ukraine. Alexandra Goujon is the author of L'Ukraine de l'ind\u00e9pendance \u00e0 la guerre, published by Le Cavalier bleu in the Id\u00e9es re\u00e7ues collection. Her talk focuses on 5 preconceived ideas.","breadcrumb":{"@id":"https:\/\/ihedn.fr\/lundis-de-lihedn\/alexandra-goujon-lukraine-entre-sujet-et-objet-de-lhistoire\/#breadcrumb"},"inLanguage":"en-GB","potentialAction":[{"@type":"ReadAction","target":["https:\/\/ihedn.fr\/lundis-de-lihedn\/alexandra-goujon-lukraine-entre-sujet-et-objet-de-lhistoire\/"]}]},{"@type":"ImageObject","inLanguage":"en-GB","@id":"https:\/\/ihedn.fr\/lundis-de-lihedn\/alexandra-goujon-lukraine-entre-sujet-et-objet-de-lhistoire\/#primaryimage","url":"https:\/\/ihedn.fr\/wp-content\/uploads\/2022\/09\/RS-Debats-strategiques-202210-03.jpg","contentUrl":"https:\/\/ihedn.fr\/wp-content\/uploads\/2022\/09\/RS-Debats-strategiques-202210-03.jpg","width":800,"height":452},{"@type":"BreadcrumbList","@id":"https:\/\/ihedn.fr\/lundis-de-lihedn\/alexandra-goujon-lukraine-entre-sujet-et-objet-de-lhistoire\/#breadcrumb","itemListElement":[{"@type":"ListItem","position":1,"name":"Accueil","item":"https:\/\/ihedn.fr\/"},{"@type":"ListItem","position":2,"name":"Alexandra Goujon : \u00ab L\u2019Ukraine, entre sujet et objet de l\u2019Histoire \u00bb."}]},{"@type":"WebSite","@id":"https:\/\/ihedn.fr\/#website","url":"https:\/\/ihedn.fr\/","name":"IHEDN: Institut des hautes \u00e9tudes de d\u00e9fense nationale (Institute for Higher National Defence Studies)","description":"Official website of the IHEDN under the supervision of the Prime Minister.","publisher":{"@id":"https:\/\/ihedn.fr\/#organization"},"potentialAction":[{"@type":"SearchAction","target":{"@type":"EntryPoint","urlTemplate":"https:\/\/ihedn.fr\/?s={search_term_string}"},"query-input":{"@type":"PropertyValueSpecification","valueRequired":true,"valueName":"search_term_string"}}],"inLanguage":"en-GB"},{"@type":"Organization","@id":"https:\/\/ihedn.fr\/#organization","name":"IHEDN - Institute for Higher National Defence Studies","url":"https:\/\/ihedn.fr\/","logo":{"@type":"ImageObject","inLanguage":"en-GB","@id":"https:\/\/ihedn.fr\/#\/schema\/logo\/image\/","url":"https:\/\/ihedn.fr\/wp-content\/uploads\/2020\/11\/BLOC_RF_IHEDN_WEB.png","contentUrl":"https:\/\/ihedn.fr\/wp-content\/uploads\/2020\/11\/BLOC_RF_IHEDN_WEB.png","width":500,"height":237,"caption":"IHEDN - Institut des Hautes Etudes de D\u00e9fense Nationale"},"image":{"@id":"https:\/\/ihedn.fr\/#\/schema\/logo\/image\/"},"sameAs":["https:\/\/www.facebook.com\/ihedn\/","https:\/\/x.com\/IHEDN","https:\/\/www.instagram.com\/ihedn\/","https:\/\/www.linkedin.com\/school\/ihedn\/","https:\/\/fr.wikipedia.org\/wiki\/Institut_des_hautes_\u00e9tudes_de_D\u00e9fense_nationale"]},{"@type":"Person","@id":"https:\/\/ihedn.fr\/#\/schema\/person\/7a40155595e4efb35323447cb8c8c5a4","name":"dev","image":{"@type":"ImageObject","inLanguage":"en-GB","@id":"https:\/\/secure.gravatar.com\/avatar\/f1ffcac9ca2fa95ad3ec33e9be3ade82f752acb0cabe541e56c5889225afa88a?s=96&d=mm&r=g","url":"https:\/\/secure.gravatar.com\/avatar\/f1ffcac9ca2fa95ad3ec33e9be3ade82f752acb0cabe541e56c5889225afa88a?s=96&d=mm&r=g","contentUrl":"https:\/\/secure.gravatar.com\/avatar\/f1ffcac9ca2fa95ad3ec33e9be3ade82f752acb0cabe541e56c5889225afa88a?s=96&d=mm&r=g","caption":"dev"},"sameAs":["https:\/\/ihedn.concilium.click"],"url":"https:\/\/ihedn.fr\/en\/author\/dev\/"}]}},"publishpress_future_action":{"enabled":false,"date":"2026-05-08 14:36:17","action":"change-status","newStatus":"draft","terms":[],"taxonomy":"category","extraData":[]},"publishpress_future_workflow_manual_trigger":{"enabledWorkflows":[]},"_links":{"self":[{"href":"https:\/\/ihedn.fr\/en\/wp-json\/wp\/v2\/posts\/26428","targetHints":{"allow":["GET"]}}],"collection":[{"href":"https:\/\/ihedn.fr\/en\/wp-json\/wp\/v2\/posts"}],"about":[{"href":"https:\/\/ihedn.fr\/en\/wp-json\/wp\/v2\/types\/post"}],"author":[{"embeddable":true,"href":"https:\/\/ihedn.fr\/en\/wp-json\/wp\/v2\/users\/1"}],"replies":[{"embeddable":true,"href":"https:\/\/ihedn.fr\/en\/wp-json\/wp\/v2\/comments?post=26428"}],"version-history":[{"count":20,"href":"https:\/\/ihedn.fr\/en\/wp-json\/wp\/v2\/posts\/26428\/revisions"}],"predecessor-version":[{"id":32869,"href":"https:\/\/ihedn.fr\/en\/wp-json\/wp\/v2\/posts\/26428\/revisions\/32869"}],"wp:featuredmedia":[{"embeddable":true,"href":"https:\/\/ihedn.fr\/en\/wp-json\/wp\/v2\/media\/25805"}],"wp:attachment":[{"href":"https:\/\/ihedn.fr\/en\/wp-json\/wp\/v2\/media?parent=26428"}],"wp:term":[{"taxonomy":"category","embeddable":true,"href":"https:\/\/ihedn.fr\/en\/wp-json\/wp\/v2\/categories?post=26428"},{"taxonomy":"post_tag","embeddable":true,"href":"https:\/\/ihedn.fr\/en\/wp-json\/wp\/v2\/tags?post=26428"}],"curies":[{"name":"wp","href":"https:\/\/api.w.org\/{rel}","templated":true}]}}