{"id":26775,"date":"2022-09-30T09:00:37","date_gmt":"2022-09-30T08:00:37","guid":{"rendered":"https:\/\/ihedn.fr\/?p=26775"},"modified":"2022-11-25T15:22:26","modified_gmt":"2022-11-25T14:22:26","slug":"la-2e-session-nationale-integree-termine-le-module-1-le-contexte-strategique","status":"publish","type":"post","link":"https:\/\/ihedn.fr\/en\/notre-actualite\/la-2e-session-nationale-integree-termine-le-module-1-le-contexte-strategique\/","title":{"rendered":"The 2<sup>e<\/sup> integrated national session concludes module 1: the strategic context."},"content":{"rendered":"<div data-elementor-type=\"wp-post\" data-elementor-id=\"26775\" class=\"elementor elementor-26775\" data-elementor-post-type=\"post\">\n\t\t\t\t\t\t<section data-particle_enable=\"false\" data-particle-mobile-disabled=\"false\" class=\"elementor-section elementor-top-section elementor-element elementor-element-0e1ee54 elementor-section-boxed elementor-section-height-default elementor-section-height-default\" data-id=\"0e1ee54\" data-element_type=\"section\" data-e-type=\"section\">\n\t\t\t\t\t\t<div class=\"elementor-container elementor-column-gap-default\">\n\t\t\t\t\t<div class=\"elementor-column elementor-col-100 elementor-top-column elementor-element elementor-element-704c889\" data-id=\"704c889\" data-element_type=\"column\" data-e-type=\"column\">\n\t\t\t<div class=\"elementor-widget-wrap elementor-element-populated\">\n\t\t\t\t\t\t<div class=\"elementor-element elementor-element-6b56c50 elementor-widget elementor-widget-text-editor\" data-id=\"6b56c50\" data-element_type=\"widget\" data-e-type=\"widget\" data-widget_type=\"text-editor.default\">\n\t\t\t\t<div class=\"elementor-widget-container\">\n\t\t\t\t\t\t\t\t\t<p style=\"text-align: left;\"><em><strong><span style=\"color: #034b7b;\">After spreading out across France for their first cohesion activities, listeners to the 2<sup>e<\/sup> integrated national session came together in Paris to study the strategic context.<\/span><\/strong><\/em><\/p>\t\t\t\t\t\t\t\t<\/div>\n\t\t\t\t<\/div>\n\t\t\t\t\t<\/div>\n\t\t<\/div>\n\t\t\t\t\t<\/div>\n\t\t<\/section>\n\t\t\t\t<section data-particle_enable=\"false\" data-particle-mobile-disabled=\"false\" class=\"elementor-section elementor-top-section elementor-element elementor-element-3972af3 elementor-section-boxed elementor-section-height-default elementor-section-height-default\" data-id=\"3972af3\" data-element_type=\"section\" data-e-type=\"section\">\n\t\t\t\t\t\t<div class=\"elementor-container elementor-column-gap-default\">\n\t\t\t\t\t<div class=\"elementor-column elementor-col-33 elementor-top-column elementor-element elementor-element-85a1f24\" data-id=\"85a1f24\" data-element_type=\"column\" data-e-type=\"column\">\n\t\t\t<div class=\"elementor-widget-wrap elementor-element-populated\">\n\t\t\t\t\t\t<div class=\"elementor-element elementor-element-a316695 elementor-widget elementor-widget-text-editor\" data-id=\"a316695\" data-element_type=\"widget\" data-e-type=\"widget\" data-widget_type=\"text-editor.default\">\n\t\t\t\t<div class=\"elementor-widget-container\">\n\t\t\t\t\t\t\t\t\t<p style=\"text-align: left;\">On Thursday 29 September, listeners were treated to <strong><span style=\"color: #034b7b;\">Thomas Gomart<\/span><\/strong>Director of the French Institute of International Relations (IFRI), to discuss the major global players.<\/p>\t\t\t\t\t\t\t\t<\/div>\n\t\t\t\t<\/div>\n\t\t\t\t\t<\/div>\n\t\t<\/div>\n\t\t\t\t<div class=\"elementor-column elementor-col-33 elementor-top-column elementor-element elementor-element-23832a3\" data-id=\"23832a3\" data-element_type=\"column\" data-e-type=\"column\">\n\t\t\t<div class=\"elementor-widget-wrap elementor-element-populated\">\n\t\t\t\t\t\t<div class=\"elementor-element elementor-element-a6249b4 elementor-widget elementor-widget-image\" data-id=\"a6249b4\" data-element_type=\"widget\" data-e-type=\"widget\" data-widget_type=\"image.default\">\n\t\t\t\t<div class=\"elementor-widget-container\">\n\t\t\t\t\t\t\t\t\t\t\t\t<figure class=\"wp-caption\">\n\t\t\t\t\t\t\t\t\t\t<img fetchpriority=\"high\" decoding=\"async\" width=\"1036\" height=\"1018\" src=\"https:\/\/ihedn.fr\/wp-content\/uploads\/2022\/09\/001-\u00aeIHEDN-2e-session-nationale-integree-termine-le-module-1-le-contexte-strategique-10212022-1.jpg\" class=\"attachment-full size-full wp-image-26781\" alt=\"\" \/>\t\t\t\t\t\t\t\t\t\t\t<figcaption class=\"widget-image-caption wp-caption-text\">Thomas Gomart introduces listeners to the world's major players<\/figcaption>\n\t\t\t\t\t\t\t\t\t\t<\/figure>\n\t\t\t\t\t\t\t\t\t<\/div>\n\t\t\t\t<\/div>\n\t\t\t\t\t<\/div>\n\t\t<\/div>\n\t\t\t\t<div class=\"elementor-column elementor-col-33 elementor-top-column elementor-element elementor-element-e3887d8\" data-id=\"e3887d8\" data-element_type=\"column\" data-e-type=\"column\">\n\t\t\t<div class=\"elementor-widget-wrap elementor-element-populated\">\n\t\t\t\t\t\t<div class=\"elementor-element elementor-element-a1303a6 elementor-widget elementor-widget-text-editor\" data-id=\"a1303a6\" data-element_type=\"widget\" data-e-type=\"widget\" data-widget_type=\"text-editor.default\">\n\t\t\t\t<div class=\"elementor-widget-container\">\n\t\t\t\t\t\t\t\t\t<p style=\"text-align: left;\"><strong><span style=\"color: #034b7b;\">Guillaume LASCONJARIAS<\/span><\/strong>Director of Studies and Research at the IHEDN, then addressed the thorny issue of the assertion of power.<\/p>\t\t\t\t\t\t\t\t<\/div>\n\t\t\t\t<\/div>\n\t\t\t\t\t<\/div>\n\t\t<\/div>\n\t\t\t\t\t<\/div>\n\t\t<\/section>\n\t\t\t\t<section data-particle_enable=\"false\" data-particle-mobile-disabled=\"false\" class=\"elementor-section elementor-top-section elementor-element elementor-element-5aebbbe elementor-section-boxed elementor-section-height-default elementor-section-height-default\" data-id=\"5aebbbe\" data-element_type=\"section\" data-e-type=\"section\">\n\t\t\t\t\t\t<div class=\"elementor-container elementor-column-gap-default\">\n\t\t\t\t\t<div class=\"elementor-column elementor-col-50 elementor-top-column elementor-element elementor-element-560b0d6\" data-id=\"560b0d6\" data-element_type=\"column\" data-e-type=\"column\">\n\t\t\t<div class=\"elementor-widget-wrap elementor-element-populated\">\n\t\t\t\t\t\t<div class=\"elementor-element elementor-element-ee45c9e elementor-widget elementor-widget-text-editor\" data-id=\"ee45c9e\" data-element_type=\"widget\" data-e-type=\"widget\" data-widget_type=\"text-editor.default\">\n\t\t\t\t<div class=\"elementor-widget-container\">\n\t\t\t\t\t\t\t\t\t<p style=\"text-align: left;\">After an introduction to the prospective method of strategy development taught at the IHEDN and an initial committee work exercise, the auditors met at the end of the afternoon to discuss the following topics <strong><span style=\"color: #034b7b;\">Guillaume Poupard<\/span><\/strong>Director of the French National Agency for Information Systems Security (ANSSI), to reflect on the major digital and cybersecurity issues.<\/p>\t\t\t\t\t\t\t\t<\/div>\n\t\t\t\t<\/div>\n\t\t\t\t\t<\/div>\n\t\t<\/div>\n\t\t\t\t<div class=\"elementor-column elementor-col-50 elementor-top-column elementor-element elementor-element-1333088\" data-id=\"1333088\" data-element_type=\"column\" data-e-type=\"column\">\n\t\t\t<div class=\"elementor-widget-wrap elementor-element-populated\">\n\t\t\t\t\t\t<div class=\"elementor-element elementor-element-40d14d2 elementor-widget elementor-widget-image\" data-id=\"40d14d2\" data-element_type=\"widget\" data-e-type=\"widget\" data-widget_type=\"image.default\">\n\t\t\t\t<div class=\"elementor-widget-container\">\n\t\t\t\t\t\t\t\t\t\t\t\t<figure class=\"wp-caption\">\n\t\t\t\t\t\t\t\t\t\t<img decoding=\"async\" width=\"1283\" height=\"547\" src=\"https:\/\/ihedn.fr\/wp-content\/uploads\/2022\/09\/002-\u00aeIHEDN-2e-session-nationale-integree-termine-le-module-1-le-contexte-strategique-10212022.jpg\" class=\"attachment-full size-full wp-image-26779\" alt=\"\u00aeIHEDN - Guillaume Poupard expliquant les grands enjeux du num\u00e9rique et de la cybers\u00e9curit\u00e9\" \/>\t\t\t\t\t\t\t\t\t\t\t<figcaption class=\"widget-image-caption wp-caption-text\">Guillaume Poupard explaining the major challenges of digital technology and cybersecurity<\/figcaption>\n\t\t\t\t\t\t\t\t\t\t<\/figure>\n\t\t\t\t\t\t\t\t\t<\/div>\n\t\t\t\t<\/div>\n\t\t\t\t\t<\/div>\n\t\t<\/div>\n\t\t\t\t\t<\/div>\n\t\t<\/section>\n\t\t\t\t<section data-particle_enable=\"false\" data-particle-mobile-disabled=\"false\" class=\"elementor-section elementor-top-section elementor-element elementor-element-a89eaa8 elementor-section-boxed elementor-section-height-default elementor-section-height-default\" data-id=\"a89eaa8\" data-element_type=\"section\" data-e-type=\"section\">\n\t\t\t\t\t\t<div class=\"elementor-container elementor-column-gap-default\">\n\t\t\t\t\t<div class=\"elementor-column elementor-col-50 elementor-top-column elementor-element elementor-element-9cf4ae9\" data-id=\"9cf4ae9\" data-element_type=\"column\" data-e-type=\"column\">\n\t\t\t<div class=\"elementor-widget-wrap elementor-element-populated\">\n\t\t\t\t\t\t<div class=\"elementor-element elementor-element-e9e7e36 elementor-widget elementor-widget-text-editor\" data-id=\"e9e7e36\" data-element_type=\"widget\" data-e-type=\"widget\" data-widget_type=\"text-editor.default\">\n\t\t\t\t<div class=\"elementor-widget-container\">\n\t\t\t\t\t\t\t\t\t<p style=\"text-align: left;\">The module ended with a speech by the Chief of Naval Staff, <strong><span style=\"color: #034b7b;\">Admiral Pierre VANDIER<\/span><\/strong> to discuss with him the major defence and security issues at sea.<\/p>\t\t\t\t\t\t\t\t<\/div>\n\t\t\t\t<\/div>\n\t\t\t\t\t<\/div>\n\t\t<\/div>\n\t\t\t\t<div class=\"elementor-column elementor-col-50 elementor-top-column elementor-element elementor-element-a84b112\" data-id=\"a84b112\" data-element_type=\"column\" data-e-type=\"column\">\n\t\t\t<div class=\"elementor-widget-wrap elementor-element-populated\">\n\t\t\t\t\t\t<div class=\"elementor-element elementor-element-0e65467 elementor-widget elementor-widget-image\" data-id=\"0e65467\" data-element_type=\"widget\" data-e-type=\"widget\" data-widget_type=\"image.default\">\n\t\t\t\t<div class=\"elementor-widget-container\">\n\t\t\t\t\t\t\t\t\t\t\t\t<figure class=\"wp-caption\">\n\t\t\t\t\t\t\t\t\t\t<img decoding=\"async\" width=\"1280\" height=\"751\" src=\"https:\/\/ihedn.fr\/wp-content\/uploads\/2022\/09\/003-\u00aeIHEDN-2e-session-nationale-integree-termine-le-module-1-le-contexte-strategique-10212022.jpg\" class=\"attachment-full size-full wp-image-26780\" alt=\"\u00aeIHEDN - L\u2019amiral Pierre Vandier, en plein d\u00e9bat avec les auditeurs\" \/>\t\t\t\t\t\t\t\t\t\t\t<figcaption class=\"widget-image-caption wp-caption-text\">Admiral Pierre Vandier in debate with listeners<\/figcaption>\n\t\t\t\t\t\t\t\t\t\t<\/figure>\n\t\t\t\t\t\t\t\t\t<\/div>\n\t\t\t\t<\/div>\n\t\t\t\t\t<\/div>\n\t\t<\/div>\n\t\t\t\t\t<\/div>\n\t\t<\/section>\n\t\t\t\t<\/div>","protected":false},"excerpt":{"rendered":"<p>Apr\u00e8s s\u2019\u00eatre diss\u00e9min\u00e9s \u00e0 travers la France pour leurs premi\u00e8res activit\u00e9s de coh\u00e9sion, les auditeurs de la 2e session nationale int\u00e9gr\u00e9e se sont retrouv\u00e9s ensemble \u00e0 Paris pour se plonger dans l\u2019\u00e9tude du contexte strat\u00e9gique. Le jeudi 29 septembre, les auditeurs ont retrouv\u00e9 Thomas Gomart, directeur de l&rsquo;Institut fran\u00e7ais des relations internationales (IFRI), pour d\u00e9battre [&hellip;]<\/p>\n","protected":false},"author":1,"featured_media":27065,"comment_status":"closed","ping_status":"closed","sticky":false,"template":"","format":"standard","meta":{"footnotes":""},"categories":[172],"tags":[],"class_list":["post-26775","post","type-post","status-publish","format-standard","has-post-thumbnail","hentry","category-notre-actualite"],"yoast_head":"<!-- This site is optimized with the Yoast SEO plugin v27.5 - https:\/\/yoast.com\/product\/yoast-seo-wordpress\/ -->\n<title>La 2e session nationale int\u00e9gr\u00e9e termine le module 1 : le contexte strat\u00e9gique. - L&#039;IHEDN : Institut des hautes \u00e9tudes de d\u00e9fense nationale<\/title>\n<meta name=\"robots\" content=\"index, follow, max-snippet:-1, max-image-preview:large, max-video-preview:-1\" \/>\n<link rel=\"canonical\" href=\"https:\/\/ihedn.fr\/en\/actualites-des-sessions\/la-2e-session-nationale-integree-termine-le-module-1-le-contexte-strategique\/\" \/>\n<meta property=\"og:locale\" content=\"en_GB\" \/>\n<meta property=\"og:type\" content=\"article\" \/>\n<meta property=\"og:title\" content=\"La 2e session nationale int\u00e9gr\u00e9e termine le module 1 : le contexte strat\u00e9gique. - L&#039;IHEDN : Institut des hautes \u00e9tudes de d\u00e9fense nationale\" \/>\n<meta property=\"og:description\" content=\"Apr\u00e8s s\u2019\u00eatre diss\u00e9min\u00e9s \u00e0 travers la France pour leurs premi\u00e8res activit\u00e9s de coh\u00e9sion, les auditeurs de la 2e session nationale int\u00e9gr\u00e9e se sont retrouv\u00e9s ensemble \u00e0 Paris pour se plonger dans l\u2019\u00e9tude du contexte strat\u00e9gique. Le jeudi 29 septembre, les auditeurs ont retrouv\u00e9 Thomas Gomart, directeur de l&rsquo;Institut fran\u00e7ais des relations internationales (IFRI), pour d\u00e9battre [&hellip;]\" \/>\n<meta property=\"og:url\" content=\"https:\/\/ihedn.fr\/en\/actualites-des-sessions\/la-2e-session-nationale-integree-termine-le-module-1-le-contexte-strategique\/\" \/>\n<meta property=\"og:site_name\" content=\"L&#039;IHEDN : Institut des hautes \u00e9tudes de d\u00e9fense nationale\" \/>\n<meta property=\"article:publisher\" content=\"https:\/\/www.facebook.com\/ihedn\/\" \/>\n<meta property=\"article:published_time\" content=\"2022-09-30T08:00:37+00:00\" \/>\n<meta property=\"article:modified_time\" content=\"2022-11-25T14:22:26+00:00\" \/>\n<meta property=\"og:image\" content=\"https:\/\/ihedn.fr\/wp-content\/uploads\/2022\/10\/000-\u00aeIHEDN-La-2e-session-nationale-integree-commence-le-module-2-les-acteurs-et-les-moyens-de-la-strategie-10212022.jpg\" \/>\n\t<meta property=\"og:image:width\" content=\"1600\" \/>\n\t<meta property=\"og:image:height\" content=\"900\" \/>\n\t<meta property=\"og:image:type\" content=\"image\/jpeg\" \/>\n<meta name=\"author\" content=\"dev\" \/>\n<meta name=\"twitter:card\" content=\"summary_large_image\" \/>\n<meta name=\"twitter:creator\" content=\"@IHEDN\" \/>\n<meta name=\"twitter:site\" content=\"@IHEDN\" \/>\n<meta name=\"twitter:label1\" content=\"Written by\" \/>\n\t<meta name=\"twitter:data1\" content=\"dev\" \/>\n\t<meta name=\"twitter:label2\" content=\"Estimated reading time\" \/>\n\t<meta name=\"twitter:data2\" content=\"2 minutes\" \/>\n<script type=\"application\/ld+json\" class=\"yoast-schema-graph\">{\"@context\":\"https:\\\/\\\/schema.org\",\"@graph\":[{\"@type\":\"Article\",\"@id\":\"https:\\\/\\\/ihedn.fr\\\/actualites-des-sessions\\\/la-2e-session-nationale-integree-termine-le-module-1-le-contexte-strategique\\\/#article\",\"isPartOf\":{\"@id\":\"https:\\\/\\\/ihedn.fr\\\/actualites-des-sessions\\\/la-2e-session-nationale-integree-termine-le-module-1-le-contexte-strategique\\\/\"},\"author\":{\"name\":\"dev\",\"@id\":\"https:\\\/\\\/ihedn.fr\\\/#\\\/schema\\\/person\\\/7a40155595e4efb35323447cb8c8c5a4\"},\"headline\":\"La 2e session nationale int\u00e9gr\u00e9e termine le module 1 : le contexte strat\u00e9gique.\",\"datePublished\":\"2022-09-30T08:00:37+00:00\",\"dateModified\":\"2022-11-25T14:22:26+00:00\",\"mainEntityOfPage\":{\"@id\":\"https:\\\/\\\/ihedn.fr\\\/actualites-des-sessions\\\/la-2e-session-nationale-integree-termine-le-module-1-le-contexte-strategique\\\/\"},\"wordCount\":256,\"publisher\":{\"@id\":\"https:\\\/\\\/ihedn.fr\\\/#organization\"},\"image\":{\"@id\":\"https:\\\/\\\/ihedn.fr\\\/actualites-des-sessions\\\/la-2e-session-nationale-integree-termine-le-module-1-le-contexte-strategique\\\/#primaryimage\"},\"thumbnailUrl\":\"https:\\\/\\\/ihedn.fr\\\/wp-content\\\/uploads\\\/2022\\\/10\\\/000-\u00aeIHEDN-La-2e-session-nationale-integree-commence-le-module-2-les-acteurs-et-les-moyens-de-la-strategie-10212022.jpg\",\"articleSection\":[\"Notre actualit\u00e9\"],\"inLanguage\":\"en-GB\"},{\"@type\":\"WebPage\",\"@id\":\"https:\\\/\\\/ihedn.fr\\\/actualites-des-sessions\\\/la-2e-session-nationale-integree-termine-le-module-1-le-contexte-strategique\\\/\",\"url\":\"https:\\\/\\\/ihedn.fr\\\/actualites-des-sessions\\\/la-2e-session-nationale-integree-termine-le-module-1-le-contexte-strategique\\\/\",\"name\":\"La 2e session nationale int\u00e9gr\u00e9e termine le module 1 : le contexte strat\u00e9gique. - L&#039;IHEDN : Institut des hautes \u00e9tudes de d\u00e9fense nationale\",\"isPartOf\":{\"@id\":\"https:\\\/\\\/ihedn.fr\\\/#website\"},\"primaryImageOfPage\":{\"@id\":\"https:\\\/\\\/ihedn.fr\\\/actualites-des-sessions\\\/la-2e-session-nationale-integree-termine-le-module-1-le-contexte-strategique\\\/#primaryimage\"},\"image\":{\"@id\":\"https:\\\/\\\/ihedn.fr\\\/actualites-des-sessions\\\/la-2e-session-nationale-integree-termine-le-module-1-le-contexte-strategique\\\/#primaryimage\"},\"thumbnailUrl\":\"https:\\\/\\\/ihedn.fr\\\/wp-content\\\/uploads\\\/2022\\\/10\\\/000-\u00aeIHEDN-La-2e-session-nationale-integree-commence-le-module-2-les-acteurs-et-les-moyens-de-la-strategie-10212022.jpg\",\"datePublished\":\"2022-09-30T08:00:37+00:00\",\"dateModified\":\"2022-11-25T14:22:26+00:00\",\"breadcrumb\":{\"@id\":\"https:\\\/\\\/ihedn.fr\\\/actualites-des-sessions\\\/la-2e-session-nationale-integree-termine-le-module-1-le-contexte-strategique\\\/#breadcrumb\"},\"inLanguage\":\"en-GB\",\"potentialAction\":[{\"@type\":\"ReadAction\",\"target\":[\"https:\\\/\\\/ihedn.fr\\\/actualites-des-sessions\\\/la-2e-session-nationale-integree-termine-le-module-1-le-contexte-strategique\\\/\"]}]},{\"@type\":\"ImageObject\",\"inLanguage\":\"en-GB\",\"@id\":\"https:\\\/\\\/ihedn.fr\\\/actualites-des-sessions\\\/la-2e-session-nationale-integree-termine-le-module-1-le-contexte-strategique\\\/#primaryimage\",\"url\":\"https:\\\/\\\/ihedn.fr\\\/wp-content\\\/uploads\\\/2022\\\/10\\\/000-\u00aeIHEDN-La-2e-session-nationale-integree-commence-le-module-2-les-acteurs-et-les-moyens-de-la-strategie-10212022.jpg\",\"contentUrl\":\"https:\\\/\\\/ihedn.fr\\\/wp-content\\\/uploads\\\/2022\\\/10\\\/000-\u00aeIHEDN-La-2e-session-nationale-integree-commence-le-module-2-les-acteurs-et-les-moyens-de-la-strategie-10212022.jpg\",\"width\":1600,\"height\":900},{\"@type\":\"BreadcrumbList\",\"@id\":\"https:\\\/\\\/ihedn.fr\\\/actualites-des-sessions\\\/la-2e-session-nationale-integree-termine-le-module-1-le-contexte-strategique\\\/#breadcrumb\",\"itemListElement\":[{\"@type\":\"ListItem\",\"position\":1,\"name\":\"Accueil\",\"item\":\"https:\\\/\\\/ihedn.fr\\\/\"},{\"@type\":\"ListItem\",\"position\":2,\"name\":\"La 2e session nationale int\u00e9gr\u00e9e termine le module 1 : le contexte strat\u00e9gique.\"}]},{\"@type\":\"WebSite\",\"@id\":\"https:\\\/\\\/ihedn.fr\\\/#website\",\"url\":\"https:\\\/\\\/ihedn.fr\\\/\",\"name\":\"IHEDN : Institut des hautes \u00e9tudes de d\u00e9fense nationale |\",\"description\":\"Site officiel de l&#039;IHEDN plac\u00e9 sous la tutelle du Premier ministre.\",\"publisher\":{\"@id\":\"https:\\\/\\\/ihedn.fr\\\/#organization\"},\"potentialAction\":[{\"@type\":\"SearchAction\",\"target\":{\"@type\":\"EntryPoint\",\"urlTemplate\":\"https:\\\/\\\/ihedn.fr\\\/?s={search_term_string}\"},\"query-input\":{\"@type\":\"PropertyValueSpecification\",\"valueRequired\":true,\"valueName\":\"search_term_string\"}}],\"inLanguage\":\"en-GB\"},{\"@type\":\"Organization\",\"@id\":\"https:\\\/\\\/ihedn.fr\\\/#organization\",\"name\":\"IHEDN - Institut des Hautes Etudes de D\u00e9fense Nationale\",\"url\":\"https:\\\/\\\/ihedn.fr\\\/\",\"logo\":{\"@type\":\"ImageObject\",\"inLanguage\":\"en-GB\",\"@id\":\"https:\\\/\\\/ihedn.fr\\\/#\\\/schema\\\/logo\\\/image\\\/\",\"url\":\"https:\\\/\\\/ihedn.fr\\\/wp-content\\\/uploads\\\/2020\\\/11\\\/BLOC_RF_IHEDN_WEB.png\",\"contentUrl\":\"https:\\\/\\\/ihedn.fr\\\/wp-content\\\/uploads\\\/2020\\\/11\\\/BLOC_RF_IHEDN_WEB.png\",\"width\":500,\"height\":237,\"caption\":\"IHEDN - Institut des Hautes Etudes de D\u00e9fense Nationale\"},\"image\":{\"@id\":\"https:\\\/\\\/ihedn.fr\\\/#\\\/schema\\\/logo\\\/image\\\/\"},\"sameAs\":[\"https:\\\/\\\/www.facebook.com\\\/ihedn\\\/\",\"https:\\\/\\\/x.com\\\/IHEDN\",\"https:\\\/\\\/www.instagram.com\\\/ihedn\\\/\",\"https:\\\/\\\/www.linkedin.com\\\/school\\\/ihedn\\\/\",\"https:\\\/\\\/fr.wikipedia.org\\\/wiki\\\/Institut_des_hautes_\u00e9tudes_de_D\u00e9fense_nationale\"]},{\"@type\":\"Person\",\"@id\":\"https:\\\/\\\/ihedn.fr\\\/#\\\/schema\\\/person\\\/7a40155595e4efb35323447cb8c8c5a4\",\"name\":\"dev\",\"image\":{\"@type\":\"ImageObject\",\"inLanguage\":\"en-GB\",\"@id\":\"https:\\\/\\\/secure.gravatar.com\\\/avatar\\\/f1ffcac9ca2fa95ad3ec33e9be3ade82f752acb0cabe541e56c5889225afa88a?s=96&d=mm&r=g\",\"url\":\"https:\\\/\\\/secure.gravatar.com\\\/avatar\\\/f1ffcac9ca2fa95ad3ec33e9be3ade82f752acb0cabe541e56c5889225afa88a?s=96&d=mm&r=g\",\"contentUrl\":\"https:\\\/\\\/secure.gravatar.com\\\/avatar\\\/f1ffcac9ca2fa95ad3ec33e9be3ade82f752acb0cabe541e56c5889225afa88a?s=96&d=mm&r=g\",\"caption\":\"dev\"},\"sameAs\":[\"https:\\\/\\\/ihedn.concilium.click\"],\"url\":\"https:\\\/\\\/ihedn.fr\\\/en\\\/author\\\/dev\\\/\"}]}<\/script>\n<!-- \/ Yoast SEO plugin. -->","yoast_head_json":{"title":"The 2nd integrated national session concludes module 1: the strategic context. - IHEDN: Institute for Advanced National Defence Studies","robots":{"index":"index","follow":"follow","max-snippet":"max-snippet:-1","max-image-preview":"max-image-preview:large","max-video-preview":"max-video-preview:-1"},"canonical":"https:\/\/ihedn.fr\/en\/actualites-des-sessions\/la-2e-session-nationale-integree-termine-le-module-1-le-contexte-strategique\/","og_locale":"en_GB","og_type":"article","og_title":"La 2e session nationale int\u00e9gr\u00e9e termine le module 1 : le contexte strat\u00e9gique. - L&#039;IHEDN : Institut des hautes \u00e9tudes de d\u00e9fense nationale","og_description":"Apr\u00e8s s\u2019\u00eatre diss\u00e9min\u00e9s \u00e0 travers la France pour leurs premi\u00e8res activit\u00e9s de coh\u00e9sion, les auditeurs de la 2e session nationale int\u00e9gr\u00e9e se sont retrouv\u00e9s ensemble \u00e0 Paris pour se plonger dans l\u2019\u00e9tude du contexte strat\u00e9gique. Le jeudi 29 septembre, les auditeurs ont retrouv\u00e9 Thomas Gomart, directeur de l&rsquo;Institut fran\u00e7ais des relations internationales (IFRI), pour d\u00e9battre [&hellip;]","og_url":"https:\/\/ihedn.fr\/en\/actualites-des-sessions\/la-2e-session-nationale-integree-termine-le-module-1-le-contexte-strategique\/","og_site_name":"L&#039;IHEDN : Institut des hautes \u00e9tudes de d\u00e9fense nationale","article_publisher":"https:\/\/www.facebook.com\/ihedn\/","article_published_time":"2022-09-30T08:00:37+00:00","article_modified_time":"2022-11-25T14:22:26+00:00","og_image":[{"width":1600,"height":900,"url":"https:\/\/ihedn.fr\/wp-content\/uploads\/2022\/10\/000-\u00aeIHEDN-La-2e-session-nationale-integree-commence-le-module-2-les-acteurs-et-les-moyens-de-la-strategie-10212022.jpg","type":"image\/jpeg"}],"author":"dev","twitter_card":"summary_large_image","twitter_creator":"@IHEDN","twitter_site":"@IHEDN","twitter_misc":{"Written by":"dev","Estimated reading time":"2 minutes"},"schema":{"@context":"https:\/\/schema.org","@graph":[{"@type":"Article","@id":"https:\/\/ihedn.fr\/actualites-des-sessions\/la-2e-session-nationale-integree-termine-le-module-1-le-contexte-strategique\/#article","isPartOf":{"@id":"https:\/\/ihedn.fr\/actualites-des-sessions\/la-2e-session-nationale-integree-termine-le-module-1-le-contexte-strategique\/"},"author":{"name":"dev","@id":"https:\/\/ihedn.fr\/#\/schema\/person\/7a40155595e4efb35323447cb8c8c5a4"},"headline":"La 2e session nationale int\u00e9gr\u00e9e termine le module 1 : le contexte strat\u00e9gique.","datePublished":"2022-09-30T08:00:37+00:00","dateModified":"2022-11-25T14:22:26+00:00","mainEntityOfPage":{"@id":"https:\/\/ihedn.fr\/actualites-des-sessions\/la-2e-session-nationale-integree-termine-le-module-1-le-contexte-strategique\/"},"wordCount":256,"publisher":{"@id":"https:\/\/ihedn.fr\/#organization"},"image":{"@id":"https:\/\/ihedn.fr\/actualites-des-sessions\/la-2e-session-nationale-integree-termine-le-module-1-le-contexte-strategique\/#primaryimage"},"thumbnailUrl":"https:\/\/ihedn.fr\/wp-content\/uploads\/2022\/10\/000-\u00aeIHEDN-La-2e-session-nationale-integree-commence-le-module-2-les-acteurs-et-les-moyens-de-la-strategie-10212022.jpg","articleSection":["Notre actualit\u00e9"],"inLanguage":"en-GB"},{"@type":"WebPage","@id":"https:\/\/ihedn.fr\/actualites-des-sessions\/la-2e-session-nationale-integree-termine-le-module-1-le-contexte-strategique\/","url":"https:\/\/ihedn.fr\/actualites-des-sessions\/la-2e-session-nationale-integree-termine-le-module-1-le-contexte-strategique\/","name":"The 2nd integrated national session concludes module 1: the strategic context. - IHEDN: Institute for Advanced National Defence Studies","isPartOf":{"@id":"https:\/\/ihedn.fr\/#website"},"primaryImageOfPage":{"@id":"https:\/\/ihedn.fr\/actualites-des-sessions\/la-2e-session-nationale-integree-termine-le-module-1-le-contexte-strategique\/#primaryimage"},"image":{"@id":"https:\/\/ihedn.fr\/actualites-des-sessions\/la-2e-session-nationale-integree-termine-le-module-1-le-contexte-strategique\/#primaryimage"},"thumbnailUrl":"https:\/\/ihedn.fr\/wp-content\/uploads\/2022\/10\/000-\u00aeIHEDN-La-2e-session-nationale-integree-commence-le-module-2-les-acteurs-et-les-moyens-de-la-strategie-10212022.jpg","datePublished":"2022-09-30T08:00:37+00:00","dateModified":"2022-11-25T14:22:26+00:00","breadcrumb":{"@id":"https:\/\/ihedn.fr\/actualites-des-sessions\/la-2e-session-nationale-integree-termine-le-module-1-le-contexte-strategique\/#breadcrumb"},"inLanguage":"en-GB","potentialAction":[{"@type":"ReadAction","target":["https:\/\/ihedn.fr\/actualites-des-sessions\/la-2e-session-nationale-integree-termine-le-module-1-le-contexte-strategique\/"]}]},{"@type":"ImageObject","inLanguage":"en-GB","@id":"https:\/\/ihedn.fr\/actualites-des-sessions\/la-2e-session-nationale-integree-termine-le-module-1-le-contexte-strategique\/#primaryimage","url":"https:\/\/ihedn.fr\/wp-content\/uploads\/2022\/10\/000-\u00aeIHEDN-La-2e-session-nationale-integree-commence-le-module-2-les-acteurs-et-les-moyens-de-la-strategie-10212022.jpg","contentUrl":"https:\/\/ihedn.fr\/wp-content\/uploads\/2022\/10\/000-\u00aeIHEDN-La-2e-session-nationale-integree-commence-le-module-2-les-acteurs-et-les-moyens-de-la-strategie-10212022.jpg","width":1600,"height":900},{"@type":"BreadcrumbList","@id":"https:\/\/ihedn.fr\/actualites-des-sessions\/la-2e-session-nationale-integree-termine-le-module-1-le-contexte-strategique\/#breadcrumb","itemListElement":[{"@type":"ListItem","position":1,"name":"Accueil","item":"https:\/\/ihedn.fr\/"},{"@type":"ListItem","position":2,"name":"La 2e session nationale int\u00e9gr\u00e9e termine le module 1 : le contexte strat\u00e9gique."}]},{"@type":"WebSite","@id":"https:\/\/ihedn.fr\/#website","url":"https:\/\/ihedn.fr\/","name":"IHEDN: Institut des hautes \u00e9tudes de d\u00e9fense nationale (Institute for Higher National Defence Studies)","description":"Official website of the IHEDN under the supervision of the Prime Minister.","publisher":{"@id":"https:\/\/ihedn.fr\/#organization"},"potentialAction":[{"@type":"SearchAction","target":{"@type":"EntryPoint","urlTemplate":"https:\/\/ihedn.fr\/?s={search_term_string}"},"query-input":{"@type":"PropertyValueSpecification","valueRequired":true,"valueName":"search_term_string"}}],"inLanguage":"en-GB"},{"@type":"Organization","@id":"https:\/\/ihedn.fr\/#organization","name":"IHEDN - Institute for Higher National Defence Studies","url":"https:\/\/ihedn.fr\/","logo":{"@type":"ImageObject","inLanguage":"en-GB","@id":"https:\/\/ihedn.fr\/#\/schema\/logo\/image\/","url":"https:\/\/ihedn.fr\/wp-content\/uploads\/2020\/11\/BLOC_RF_IHEDN_WEB.png","contentUrl":"https:\/\/ihedn.fr\/wp-content\/uploads\/2020\/11\/BLOC_RF_IHEDN_WEB.png","width":500,"height":237,"caption":"IHEDN - Institut des Hautes Etudes de D\u00e9fense Nationale"},"image":{"@id":"https:\/\/ihedn.fr\/#\/schema\/logo\/image\/"},"sameAs":["https:\/\/www.facebook.com\/ihedn\/","https:\/\/x.com\/IHEDN","https:\/\/www.instagram.com\/ihedn\/","https:\/\/www.linkedin.com\/school\/ihedn\/","https:\/\/fr.wikipedia.org\/wiki\/Institut_des_hautes_\u00e9tudes_de_D\u00e9fense_nationale"]},{"@type":"Person","@id":"https:\/\/ihedn.fr\/#\/schema\/person\/7a40155595e4efb35323447cb8c8c5a4","name":"dev","image":{"@type":"ImageObject","inLanguage":"en-GB","@id":"https:\/\/secure.gravatar.com\/avatar\/f1ffcac9ca2fa95ad3ec33e9be3ade82f752acb0cabe541e56c5889225afa88a?s=96&d=mm&r=g","url":"https:\/\/secure.gravatar.com\/avatar\/f1ffcac9ca2fa95ad3ec33e9be3ade82f752acb0cabe541e56c5889225afa88a?s=96&d=mm&r=g","contentUrl":"https:\/\/secure.gravatar.com\/avatar\/f1ffcac9ca2fa95ad3ec33e9be3ade82f752acb0cabe541e56c5889225afa88a?s=96&d=mm&r=g","caption":"dev"},"sameAs":["https:\/\/ihedn.concilium.click"],"url":"https:\/\/ihedn.fr\/en\/author\/dev\/"}]}},"publishpress_future_action":{"enabled":false,"date":"2026-05-09 14:05:12","action":"change-status","newStatus":"draft","terms":[],"taxonomy":"category","extraData":[]},"publishpress_future_workflow_manual_trigger":{"enabledWorkflows":[]},"_links":{"self":[{"href":"https:\/\/ihedn.fr\/en\/wp-json\/wp\/v2\/posts\/26775","targetHints":{"allow":["GET"]}}],"collection":[{"href":"https:\/\/ihedn.fr\/en\/wp-json\/wp\/v2\/posts"}],"about":[{"href":"https:\/\/ihedn.fr\/en\/wp-json\/wp\/v2\/types\/post"}],"author":[{"embeddable":true,"href":"https:\/\/ihedn.fr\/en\/wp-json\/wp\/v2\/users\/1"}],"replies":[{"embeddable":true,"href":"https:\/\/ihedn.fr\/en\/wp-json\/wp\/v2\/comments?post=26775"}],"version-history":[{"count":13,"href":"https:\/\/ihedn.fr\/en\/wp-json\/wp\/v2\/posts\/26775\/revisions"}],"predecessor-version":[{"id":26817,"href":"https:\/\/ihedn.fr\/en\/wp-json\/wp\/v2\/posts\/26775\/revisions\/26817"}],"wp:featuredmedia":[{"embeddable":true,"href":"https:\/\/ihedn.fr\/en\/wp-json\/wp\/v2\/media\/27065"}],"wp:attachment":[{"href":"https:\/\/ihedn.fr\/en\/wp-json\/wp\/v2\/media?parent=26775"}],"wp:term":[{"taxonomy":"category","embeddable":true,"href":"https:\/\/ihedn.fr\/en\/wp-json\/wp\/v2\/categories?post=26775"},{"taxonomy":"post_tag","embeddable":true,"href":"https:\/\/ihedn.fr\/en\/wp-json\/wp\/v2\/tags?post=26775"}],"curies":[{"name":"wp","href":"https:\/\/api.w.org\/{rel}","templated":true}]}}