{"id":26798,"date":"2022-10-14T09:30:16","date_gmt":"2022-10-14T08:30:16","guid":{"rendered":"https:\/\/ihedn.fr\/?p=26798"},"modified":"2022-11-25T15:22:26","modified_gmt":"2022-11-25T14:22:26","slug":"la-2e-session-nationale-integree-commence-le-module-2-les-acteurs-et-les-moyens-de-la-strategie","status":"publish","type":"post","link":"https:\/\/ihedn.fr\/en\/notre-actualite\/la-2e-session-nationale-integree-commence-le-module-2-les-acteurs-et-les-moyens-de-la-strategie\/","title":{"rendered":"The 2<sup>e<\/sup> integrated national session begins module 2: strategy players and resources"},"content":{"rendered":"<div data-elementor-type=\"wp-post\" data-elementor-id=\"26798\" class=\"elementor elementor-26798\" data-elementor-post-type=\"post\">\n\t\t\t\t\t\t<section data-particle_enable=\"false\" data-particle-mobile-disabled=\"false\" class=\"elementor-section elementor-top-section elementor-element elementor-element-0e1ee54 elementor-section-boxed elementor-section-height-default elementor-section-height-default\" data-id=\"0e1ee54\" data-element_type=\"section\" data-e-type=\"section\">\n\t\t\t\t\t\t<div class=\"elementor-container elementor-column-gap-default\">\n\t\t\t\t\t<div class=\"elementor-column elementor-col-100 elementor-top-column elementor-element elementor-element-704c889\" data-id=\"704c889\" data-element_type=\"column\" data-e-type=\"column\">\n\t\t\t<div class=\"elementor-widget-wrap elementor-element-populated\">\n\t\t\t\t\t\t<div class=\"elementor-element elementor-element-6b56c50 elementor-widget elementor-widget-text-editor\" data-id=\"6b56c50\" data-element_type=\"widget\" data-e-type=\"widget\" data-widget_type=\"text-editor.default\">\n\t\t\t\t<div class=\"elementor-widget-container\">\n\t\t\t\t\t\t\t\t\t<p style=\"text-align: left;\"><em><strong><span style=\"color: #034b7b;\">Auditors from the national session met at the \u00c9cole Militaire on 13 and 14 October to reflect more specifically on the players and resources involved in the strategy.<\/span><\/strong><\/em><\/p>\t\t\t\t\t\t\t\t<\/div>\n\t\t\t\t<\/div>\n\t\t\t\t\t<\/div>\n\t\t<\/div>\n\t\t\t\t\t<\/div>\n\t\t<\/section>\n\t\t\t\t<section data-particle_enable=\"false\" data-particle-mobile-disabled=\"false\" class=\"elementor-section elementor-top-section elementor-element elementor-element-3972af3 elementor-section-boxed elementor-section-height-default elementor-section-height-default\" data-id=\"3972af3\" data-element_type=\"section\" data-e-type=\"section\">\n\t\t\t\t\t\t<div class=\"elementor-container elementor-column-gap-default\">\n\t\t\t\t\t<div class=\"elementor-column elementor-col-50 elementor-top-column elementor-element elementor-element-85a1f24\" data-id=\"85a1f24\" data-element_type=\"column\" data-e-type=\"column\">\n\t\t\t<div class=\"elementor-widget-wrap elementor-element-populated\">\n\t\t\t\t\t\t<div class=\"elementor-element elementor-element-a316695 elementor-widget elementor-widget-text-editor\" data-id=\"a316695\" data-element_type=\"widget\" data-e-type=\"widget\" data-widget_type=\"text-editor.default\">\n\t\t\t\t<div class=\"elementor-widget-container\">\n\t\t\t\t\t\t\t\t\t<p style=\"text-align: left;\">The first round table brought together <span style=\"color: #034b7b;\"><strong>H.E. Theo RYCROFT<\/strong><\/span> and <strong><span style=\"color: #034b7b;\">H.E. Mr Martin SCH\u00c4FER<\/span><\/strong>Two ministers plenipotentiary, from the British and German embassies in France respectively, came to talk to the audience about how France's strategy was perceived abroad.<\/p>\t\t\t\t\t\t\t\t<\/div>\n\t\t\t\t<\/div>\n\t\t\t\t<div class=\"elementor-element elementor-element-a6249b4 elementor-widget elementor-widget-image\" data-id=\"a6249b4\" data-element_type=\"widget\" data-e-type=\"widget\" data-widget_type=\"image.default\">\n\t\t\t\t<div class=\"elementor-widget-container\">\n\t\t\t\t\t\t\t\t\t\t\t\t<figure class=\"wp-caption\">\n\t\t\t\t\t\t\t\t\t\t<img fetchpriority=\"high\" decoding=\"async\" width=\"1343\" height=\"739\" src=\"https:\/\/ihedn.fr\/wp-content\/uploads\/2022\/09\/001-\u00aeIHEDN-La-2e-session-nationale-integree-commence-le-module-2-les-acteurs-et-les-moyens-de-la-strategie-10212022.jpg\" class=\"attachment-full size-full wp-image-26803\" alt=\"\" \/>\t\t\t\t\t\t\t\t\t\t\t<figcaption class=\"widget-image-caption wp-caption-text\">Th\u00e9o RYCROFT, Admiral G\u00e9rard Valin and Martin SCH\u00c4FER<\/figcaption>\n\t\t\t\t\t\t\t\t\t\t<\/figure>\n\t\t\t\t\t\t\t\t\t<\/div>\n\t\t\t\t<\/div>\n\t\t\t\t\t<\/div>\n\t\t<\/div>\n\t\t\t\t<div class=\"elementor-column elementor-col-50 elementor-top-column elementor-element elementor-element-23832a3\" data-id=\"23832a3\" data-element_type=\"column\" data-e-type=\"column\">\n\t\t\t<div class=\"elementor-widget-wrap elementor-element-populated\">\n\t\t\t\t\t\t<div class=\"elementor-element elementor-element-ee45c9e elementor-widget elementor-widget-text-editor\" data-id=\"ee45c9e\" data-element_type=\"widget\" data-e-type=\"widget\" data-widget_type=\"text-editor.default\">\n\t\t\t\t<div class=\"elementor-widget-container\">\n\t\t\t\t\t\t\t\t\t<p style=\"text-align: left;\"><strong><span style=\"color: #034b7b;\">M\u00e9lanie JODER<\/span><\/strong>The Budget Director then presented to the auditors the delicate situation encountered by France in managing the debt contracted as a result of the measures taken to respond to successive crises, and the major efforts devoted by the State to its defence and security.<\/p>\t\t\t\t\t\t\t\t<\/div>\n\t\t\t\t<\/div>\n\t\t\t\t<div class=\"elementor-element elementor-element-40d14d2 elementor-widget elementor-widget-image\" data-id=\"40d14d2\" data-element_type=\"widget\" data-e-type=\"widget\" data-widget_type=\"image.default\">\n\t\t\t\t<div class=\"elementor-widget-container\">\n\t\t\t\t\t\t\t\t\t\t\t\t<figure class=\"wp-caption\">\n\t\t\t\t\t\t\t\t\t\t<img decoding=\"async\" width=\"1063\" height=\"787\" src=\"https:\/\/ihedn.fr\/wp-content\/uploads\/2022\/09\/002-\u00aeIHEDN-La-2e-session-nationale-integree-commence-le-module-2-les-acteurs-et-les-moyens-de-la-strategie-10212022.jpg\" class=\"attachment-full size-full wp-image-26804\" alt=\"\u00aeIHEDN-La 2e session nationale int\u00e9gr\u00e9e commence le module 2 - les acteurs et les moyens de la strat\u00e9gie-M\u00e9lanie Joder r\u00e9pondant aux questions des auditeurs\" \/>\t\t\t\t\t\t\t\t\t\t\t<figcaption class=\"widget-image-caption wp-caption-text\">M\u00e9lanie Joder and Admiral G\u00e9rard Valin<\/figcaption>\n\t\t\t\t\t\t\t\t\t\t<\/figure>\n\t\t\t\t\t\t\t\t\t<\/div>\n\t\t\t\t<\/div>\n\t\t\t\t\t<\/div>\n\t\t<\/div>\n\t\t\t\t\t<\/div>\n\t\t<\/section>\n\t\t\t\t<section data-particle_enable=\"false\" data-particle-mobile-disabled=\"false\" class=\"elementor-section elementor-top-section elementor-element elementor-element-5aebbbe elementor-section-boxed elementor-section-height-default elementor-section-height-default\" data-id=\"5aebbbe\" data-element_type=\"section\" data-e-type=\"section\">\n\t\t\t\t\t\t<div class=\"elementor-container elementor-column-gap-default\">\n\t\t\t\t\t<div class=\"elementor-column elementor-col-50 elementor-top-column elementor-element elementor-element-560b0d6\" data-id=\"560b0d6\" data-element_type=\"column\" data-e-type=\"column\">\n\t\t\t<div class=\"elementor-widget-wrap\">\n\t\t\t\t\t\t\t<\/div>\n\t\t<\/div>\n\t\t\t\t<div class=\"elementor-column elementor-col-50 elementor-top-column elementor-element elementor-element-1333088\" data-id=\"1333088\" data-element_type=\"column\" data-e-type=\"column\">\n\t\t\t<div class=\"elementor-widget-wrap\">\n\t\t\t\t\t\t\t<\/div>\n\t\t<\/div>\n\t\t\t\t\t<\/div>\n\t\t<\/section>\n\t\t\t\t<section data-particle_enable=\"false\" data-particle-mobile-disabled=\"false\" class=\"elementor-section elementor-top-section elementor-element elementor-element-a89eaa8 elementor-section-boxed elementor-section-height-default elementor-section-height-default\" data-id=\"a89eaa8\" data-element_type=\"section\" data-e-type=\"section\">\n\t\t\t\t\t\t<div class=\"elementor-container elementor-column-gap-default\">\n\t\t\t\t\t<div class=\"elementor-column elementor-col-50 elementor-top-column elementor-element elementor-element-9cf4ae9\" data-id=\"9cf4ae9\" data-element_type=\"column\" data-e-type=\"column\">\n\t\t\t<div class=\"elementor-widget-wrap elementor-element-populated\">\n\t\t\t\t\t\t<div class=\"elementor-element elementor-element-e9e7e36 elementor-widget elementor-widget-text-editor\" data-id=\"e9e7e36\" data-element_type=\"widget\" data-e-type=\"widget\" data-widget_type=\"text-editor.default\">\n\t\t\t\t<div class=\"elementor-widget-container\">\n\t\t\t\t\t\t\t\t\t<p>After lunch, a new round table on the role of people in strategy brought together <strong><span style=\"color: #034b7b;\">Rachel-Marie PRADEILLES-DUVAL<\/span><\/strong> Head of the Public Education and Pedagogical Action Department at the Dgesco, <strong><span style=\"color: #034b7b;\">Maxence DEMERLE<\/span><\/strong>Director of Digital at MEDEF, <strong><span style=\"color: #034b7b;\">Caroline CHANAVAS<\/span><\/strong>Naval Group HR Director and <strong><span style=\"color: #034b7b;\">the VAE(2s) Philippe HELLO<\/span><\/strong>former HR Director at the French Ministry of Defence.<\/p>\t\t\t\t\t\t\t\t<\/div>\n\t\t\t\t<\/div>\n\t\t\t\t<div class=\"elementor-element elementor-element-0e65467 elementor-widget elementor-widget-image\" data-id=\"0e65467\" data-element_type=\"widget\" data-e-type=\"widget\" data-widget_type=\"image.default\">\n\t\t\t\t<div class=\"elementor-widget-container\">\n\t\t\t\t\t\t\t\t\t\t\t\t<figure class=\"wp-caption\">\n\t\t\t\t\t\t\t\t\t\t<img decoding=\"async\" width=\"676\" height=\"509\" src=\"https:\/\/ihedn.fr\/wp-content\/uploads\/2022\/09\/003-\u00aeIHEDN-La-2e-session-nationale-integree-commence-le-module-2-les-acteurs-et-les-moyens-de-la-strategie-10212022.jpg\" class=\"attachment-full size-full wp-image-26805\" alt=\"\u00aeIHEDN-La 2e session nationale int\u00e9gr\u00e9e commence le module 2 - les acteurs et les moyens de la strat\u00e9gie\" \/>\t\t\t\t\t\t\t\t\t\t\t<figcaption class=\"widget-image-caption wp-caption-text\">Training, a major challenge for France's cognitive sovereignty <\/figcaption>\n\t\t\t\t\t\t\t\t\t\t<\/figure>\n\t\t\t\t\t\t\t\t\t<\/div>\n\t\t\t\t<\/div>\n\t\t\t\t\t<\/div>\n\t\t<\/div>\n\t\t\t\t<div class=\"elementor-column elementor-col-50 elementor-top-column elementor-element elementor-element-a84b112\" data-id=\"a84b112\" data-element_type=\"column\" data-e-type=\"column\">\n\t\t\t<div class=\"elementor-widget-wrap elementor-element-populated\">\n\t\t\t\t\t\t<div class=\"elementor-element elementor-element-e1b6d54 elementor-widget elementor-widget-text-editor\" data-id=\"e1b6d54\" data-element_type=\"widget\" data-e-type=\"widget\" data-widget_type=\"text-editor.default\">\n\t\t\t\t<div class=\"elementor-widget-container\">\n\t\t\t\t\t\t\t\t\t<p style=\"text-align: left;\">To round off the day, <strong><span style=\"color: #034b7b;\">Emmanuel CHIVA<\/span><\/strong>the French Delegate General for Armaments, presented the major challenges facing armaments in the current context.<\/p>\t\t\t\t\t\t\t\t<\/div>\n\t\t\t\t<\/div>\n\t\t\t\t<div class=\"elementor-element elementor-element-223b6c1 elementor-widget elementor-widget-image\" data-id=\"223b6c1\" data-element_type=\"widget\" data-e-type=\"widget\" data-widget_type=\"image.default\">\n\t\t\t\t<div class=\"elementor-widget-container\">\n\t\t\t\t\t\t\t\t\t\t\t\t<figure class=\"wp-caption\">\n\t\t\t\t\t\t\t\t\t\t<img loading=\"lazy\" decoding=\"async\" width=\"507\" height=\"357\" src=\"https:\/\/ihedn.fr\/wp-content\/uploads\/2022\/09\/004-\u00aeIHEDN-La-2e-session-nationale-integree-commence-le-module-2-les-acteurs-et-les-moyens-de-la-strategie-10212022.jpg\" class=\"attachment-full size-full wp-image-26806\" alt=\"\u00aeIHEDN-La 2e session nationale int\u00e9gr\u00e9e commence le module 2 - les acteurs et les moyens de la strat\u00e9gie-Emmanuel Chiva r\u00e9pondant \u00e0 la question d\u2019un auditeur\" \/>\t\t\t\t\t\t\t\t\t\t\t<figcaption class=\"widget-image-caption wp-caption-text\">Emmanuel Chiva<\/figcaption>\n\t\t\t\t\t\t\t\t\t\t<\/figure>\n\t\t\t\t\t\t\t\t\t<\/div>\n\t\t\t\t<\/div>\n\t\t\t\t\t<\/div>\n\t\t<\/div>\n\t\t\t\t\t<\/div>\n\t\t<\/section>\n\t\t\t\t<section data-particle_enable=\"false\" data-particle-mobile-disabled=\"false\" class=\"elementor-section elementor-top-section elementor-element elementor-element-6473a2c elementor-section-boxed elementor-section-height-default elementor-section-height-default\" data-id=\"6473a2c\" data-element_type=\"section\" data-e-type=\"section\">\n\t\t\t\t\t\t<div class=\"elementor-container elementor-column-gap-default\">\n\t\t\t\t\t<div class=\"elementor-column elementor-col-50 elementor-top-column elementor-element elementor-element-ceb4085\" data-id=\"ceb4085\" data-element_type=\"column\" data-e-type=\"column\">\n\t\t\t<div class=\"elementor-widget-wrap\">\n\t\t\t\t\t\t\t<\/div>\n\t\t<\/div>\n\t\t\t\t<div class=\"elementor-column elementor-col-50 elementor-top-column elementor-element elementor-element-64213f8\" data-id=\"64213f8\" data-element_type=\"column\" data-e-type=\"column\">\n\t\t\t<div class=\"elementor-widget-wrap\">\n\t\t\t\t\t\t\t<\/div>\n\t\t<\/div>\n\t\t\t\t\t<\/div>\n\t\t<\/section>\n\t\t\t\t<section data-particle_enable=\"false\" data-particle-mobile-disabled=\"false\" class=\"elementor-section elementor-top-section elementor-element elementor-element-1409087 elementor-section-boxed elementor-section-height-default elementor-section-height-default\" data-id=\"1409087\" data-element_type=\"section\" data-e-type=\"section\">\n\t\t\t\t\t\t<div class=\"elementor-container elementor-column-gap-default\">\n\t\t\t\t\t<div class=\"elementor-column elementor-col-50 elementor-top-column elementor-element elementor-element-9dab4ad\" data-id=\"9dab4ad\" data-element_type=\"column\" data-e-type=\"column\">\n\t\t\t<div class=\"elementor-widget-wrap elementor-element-populated\">\n\t\t\t\t\t\t<div class=\"elementor-element elementor-element-c885470 elementor-widget elementor-widget-text-editor\" data-id=\"c885470\" data-element_type=\"widget\" data-e-type=\"widget\" data-widget_type=\"text-editor.default\">\n\t\t\t\t<div class=\"elementor-widget-container\">\n\t\t\t\t\t\t\t\t\t<p style=\"text-align: left;\">In addition to the activities common to all the majors, the auditors of the 'Maritime Issues and Strategies' major devoted most of Friday 30 September to their committee work.<\/p><p style=\"text-align: left;\">Nevertheless, they were able to take advantage of two exceptional meetings with <strong><span style=\"color: #034b7b;\">St\u00e9phane Daguin<\/span><\/strong>Chief of Staff to the Secretary of State for the Sea and the Environment <span style=\"color: #034b7b;\"><strong>Martin Motte<\/strong><\/span>Director of Studies at the \u00c9cole Pratique des Hautes \u00c9tudes (EPHE) and President of the Institut de Strat\u00e9gie Compar\u00e9e (ISC).<\/p><p style=\"text-align: left;\">The first presented France's major maritime challenges to the audience, while the second analysed them through the prism of the historical fundamentals of maritime power. In both cases, the debates highlighted the inseparable link between maritime power and the notion of sovereignty, and the multiplier role of the maritime economy in the development and resilience of societies.<\/p>\t\t\t\t\t\t\t\t<\/div>\n\t\t\t\t<\/div>\n\t\t\t\t\t<\/div>\n\t\t<\/div>\n\t\t\t\t<div class=\"elementor-column elementor-col-50 elementor-top-column elementor-element elementor-element-455ccd5\" data-id=\"455ccd5\" data-element_type=\"column\" data-e-type=\"column\">\n\t\t\t<div class=\"elementor-widget-wrap elementor-element-populated\">\n\t\t\t\t\t\t<div class=\"elementor-element elementor-element-f65561b elementor-widget elementor-widget-image\" data-id=\"f65561b\" data-element_type=\"widget\" data-e-type=\"widget\" data-widget_type=\"image.default\">\n\t\t\t\t<div class=\"elementor-widget-container\">\n\t\t\t\t\t\t\t\t\t\t\t\t<figure class=\"wp-caption\">\n\t\t\t\t\t\t\t\t\t\t<img loading=\"lazy\" decoding=\"async\" width=\"743\" height=\"470\" src=\"https:\/\/ihedn.fr\/wp-content\/uploads\/2022\/09\/005-\u00aeIHEDN-La-2e-session-nationale-integree-commence-le-module-2-les-acteurs-et-les-moyens-de-la-strategie-10212022.jpg\" class=\"attachment-full size-full wp-image-26807\" alt=\"\u00aeIHEDN-La 2e session nationale int\u00e9gr\u00e9e commence le module 2 - les acteurs et les moyens de la strat\u00e9gie-St\u00e9phane Daguin tr\u00e8s attentif \u00e0 la question d\u2019un auditeur\" \/>\t\t\t\t\t\t\t\t\t\t\t<figcaption class=\"widget-image-caption wp-caption-text\">St\u00e9phane Daguin<br>Chief of Staff to the Secretary of State for the Sea<\/figcaption>\n\t\t\t\t\t\t\t\t\t\t<\/figure>\n\t\t\t\t\t\t\t\t\t<\/div>\n\t\t\t\t<\/div>\n\t\t\t\t\t<\/div>\n\t\t<\/div>\n\t\t\t\t\t<\/div>\n\t\t<\/section>\n\t\t\t\t<section data-particle_enable=\"false\" data-particle-mobile-disabled=\"false\" class=\"elementor-section elementor-top-section elementor-element elementor-element-7ba94ce elementor-section-boxed elementor-section-height-default elementor-section-height-default\" data-id=\"7ba94ce\" data-element_type=\"section\" data-e-type=\"section\">\n\t\t\t\t\t\t<div class=\"elementor-container elementor-column-gap-default\">\n\t\t\t\t\t<div class=\"elementor-column elementor-col-100 elementor-top-column elementor-element elementor-element-90a8739\" data-id=\"90a8739\" data-element_type=\"column\" data-e-type=\"column\">\n\t\t\t<div class=\"elementor-widget-wrap elementor-element-populated\">\n\t\t\t\t\t\t<div class=\"elementor-element elementor-element-9952c57 elementor-widget elementor-widget-heading\" data-id=\"9952c57\" data-element_type=\"widget\" data-e-type=\"widget\" data-widget_type=\"heading.default\">\n\t\t\t\t<div class=\"elementor-widget-container\">\n\t\t\t\t\t<h5 class=\"elementor-heading-title elementor-size-default\">Focus on the \"Maritime issues and strategies\" major<\/h5>\t\t\t\t<\/div>\n\t\t\t\t<\/div>\n\t\t\t\t<div class=\"elementor-element elementor-element-4ddbf07 elementor-widget-divider--view-line elementor-widget elementor-widget-divider\" data-id=\"4ddbf07\" data-element_type=\"widget\" data-e-type=\"widget\" data-widget_type=\"divider.default\">\n\t\t\t\t<div class=\"elementor-widget-container\">\n\t\t\t\t\t\t\t<div class=\"elementor-divider\">\n\t\t\t<span class=\"elementor-divider-separator\">\n\t\t\t\t\t\t<\/span>\n\t\t<\/div>\n\t\t\t\t\t\t<\/div>\n\t\t\t\t<\/div>\n\t\t\t\t\t<\/div>\n\t\t<\/div>\n\t\t\t\t\t<\/div>\n\t\t<\/section>\n\t\t\t\t<section data-particle_enable=\"false\" data-particle-mobile-disabled=\"false\" class=\"elementor-section elementor-top-section elementor-element elementor-element-996d2dc elementor-section-boxed elementor-section-height-default elementor-section-height-default\" data-id=\"996d2dc\" data-element_type=\"section\" data-e-type=\"section\">\n\t\t\t\t\t\t<div class=\"elementor-container elementor-column-gap-default\">\n\t\t\t\t\t<div class=\"elementor-column elementor-col-100 elementor-top-column elementor-element elementor-element-61703e0\" data-id=\"61703e0\" data-element_type=\"column\" data-e-type=\"column\">\n\t\t\t<div class=\"elementor-widget-wrap elementor-element-populated\">\n\t\t\t\t\t\t<div class=\"elementor-element elementor-element-a2e8e3f elementor-widget elementor-widget-text-editor\" data-id=\"a2e8e3f\" data-element_type=\"widget\" data-e-type=\"widget\" data-widget_type=\"text-editor.default\">\n\t\t\t\t<div class=\"elementor-widget-container\">\n\t\t\t\t\t\t\t\t\t<p style=\"text-align: left;\">Finally, the students in the 'Maritime Issues and Strategies' major also met on Friday 14 October to continue their committee work and once again benefit from two fascinating presentations. One by <strong><span style=\"color: #034b7b;\">Fr\u00e9deric Moncany de Saint Aignan<\/span><\/strong>Chairman of the French Maritime Cluster (CMF) on the major challenges facing the maritime economy, and another on the challenges facing the Indo-Pacific by Rear Admiral <strong><span style=\"color: #034b7b;\">Jean-Mathieu REY<\/span><\/strong>who is responsible for international relations at the Naval Staff and has just left the command of the Pacific Ocean maritime area.<\/p>\t\t\t\t\t\t\t\t<\/div>\n\t\t\t\t<\/div>\n\t\t\t\t<section data-particle_enable=\"false\" data-particle-mobile-disabled=\"false\" class=\"elementor-section elementor-inner-section elementor-element elementor-element-37249df elementor-section-boxed elementor-section-height-default elementor-section-height-default\" data-id=\"37249df\" data-element_type=\"section\" data-e-type=\"section\">\n\t\t\t\t\t\t<div class=\"elementor-container elementor-column-gap-default\">\n\t\t\t\t\t<div class=\"elementor-column elementor-col-50 elementor-inner-column elementor-element elementor-element-6052690\" data-id=\"6052690\" data-element_type=\"column\" data-e-type=\"column\">\n\t\t\t<div class=\"elementor-widget-wrap elementor-element-populated\">\n\t\t\t\t\t\t<div class=\"elementor-element elementor-element-e3b180e elementor-widget elementor-widget-image\" data-id=\"e3b180e\" data-element_type=\"widget\" data-e-type=\"widget\" data-widget_type=\"image.default\">\n\t\t\t\t<div class=\"elementor-widget-container\">\n\t\t\t\t\t\t\t\t\t\t\t\t<figure class=\"wp-caption\">\n\t\t\t\t\t\t\t\t\t\t<img loading=\"lazy\" decoding=\"async\" width=\"705\" height=\"800\" src=\"https:\/\/ihedn.fr\/wp-content\/uploads\/2022\/09\/006-\u00aeIHEDN-La-2e-session-nationale-integree-commence-le-module-2-les-acteurs-et-les-moyens-de-la-strategie-10212022.jpg\" class=\"attachment-full size-full wp-image-26808\" alt=\"\u00aeIHEDN-La 2e session nationale int\u00e9gr\u00e9e commence le module 2 - les acteurs et les moyens de la strat\u00e9gie - Fr\u00e9deric Moncany de Saint Aignan expliquant le r\u00f4le du Cluster Maritime fran\u00e7ais\" \/>\t\t\t\t\t\t\t\t\t\t\t<figcaption class=\"widget-image-caption wp-caption-text\">Fr\u00e9deric Moncany de Saint Aignan<br> explaining the role of the French Maritime Cluster<\/figcaption>\n\t\t\t\t\t\t\t\t\t\t<\/figure>\n\t\t\t\t\t\t\t\t\t<\/div>\n\t\t\t\t<\/div>\n\t\t\t\t\t<\/div>\n\t\t<\/div>\n\t\t\t\t<div class=\"elementor-column elementor-col-50 elementor-inner-column elementor-element elementor-element-b238858\" data-id=\"b238858\" data-element_type=\"column\" data-e-type=\"column\">\n\t\t\t<div class=\"elementor-widget-wrap elementor-element-populated\">\n\t\t\t\t\t\t<div class=\"elementor-element elementor-element-9c6e8c3 elementor-widget elementor-widget-image\" data-id=\"9c6e8c3\" data-element_type=\"widget\" data-e-type=\"widget\" data-widget_type=\"image.default\">\n\t\t\t\t<div class=\"elementor-widget-container\">\n\t\t\t\t\t\t\t\t\t\t\t\t<figure class=\"wp-caption\">\n\t\t\t\t\t\t\t\t\t\t<img loading=\"lazy\" decoding=\"async\" width=\"1386\" height=\"1015\" src=\"https:\/\/ihedn.fr\/wp-content\/uploads\/2022\/09\/007-\u00aeIHEDN-La-2e-session-nationale-integree-commence-le-module-2-les-acteurs-et-les-moyens-de-la-strategie-10212022.jpg\" class=\"attachment-full size-full wp-image-26809\" alt=\"\u00aeIHEDN-La 2e session nationale int\u00e9gr\u00e9e commence le module 2 - Le contre-amiral Jean-Mathieu Rey expliquant les grands enjeux de la zone Indo-Pacifique\" \/>\t\t\t\t\t\t\t\t\t\t\t<figcaption class=\"widget-image-caption wp-caption-text\">Rear Admiral Jean-Mathieu Rey and Admiral G\u00e9rard Valin<\/figcaption>\n\t\t\t\t\t\t\t\t\t\t<\/figure>\n\t\t\t\t\t\t\t\t\t<\/div>\n\t\t\t\t<\/div>\n\t\t\t\t\t<\/div>\n\t\t<\/div>\n\t\t\t\t\t<\/div>\n\t\t<\/section>\n\t\t\t\t\t<\/div>\n\t\t<\/div>\n\t\t\t\t\t<\/div>\n\t\t<\/section>\n\t\t\t\t<\/div>","protected":false},"excerpt":{"rendered":"<p>Les auditeurs de la session nationale se sont retrouv\u00e9s \u00e0 l\u2019\u00c9cole Militaire les 13 et 14 octobre afin de r\u00e9fl\u00e9chir plus pr\u00e9cis\u00e9ment aux acteurs et aux moyens de la strat\u00e9gie. Une premi\u00e8re table ronde a rassembl\u00e9 S.E.M. Th\u00e9o RYCROFT et S.E.M. Martin SCH\u00c4FER, respectivement de l\u2019ambassade du Royaume Uni et d\u2019Allemagne en France, deux ministres [&hellip;]<\/p>\n","protected":false},"author":1,"featured_media":27070,"comment_status":"closed","ping_status":"closed","sticky":false,"template":"","format":"standard","meta":{"footnotes":""},"categories":[172],"tags":[],"class_list":["post-26798","post","type-post","status-publish","format-standard","has-post-thumbnail","hentry","category-notre-actualite"],"yoast_head":"<!-- This site is optimized with the Yoast SEO plugin v27.5 - https:\/\/yoast.com\/product\/yoast-seo-wordpress\/ -->\n<title>La 2e session nationale int\u00e9gr\u00e9e commence le module 2 : les acteurs et les moyens de la strat\u00e9gie - L&#039;IHEDN : Institut des hautes \u00e9tudes de d\u00e9fense nationale<\/title>\n<meta name=\"robots\" content=\"index, follow, max-snippet:-1, max-image-preview:large, max-video-preview:-1\" \/>\n<link rel=\"canonical\" href=\"https:\/\/ihedn.fr\/en\/actualites-des-sessions\/la-2e-session-nationale-integree-commence-le-module-2-les-acteurs-et-les-moyens-de-la-strategie\/\" \/>\n<meta property=\"og:locale\" content=\"en_GB\" \/>\n<meta property=\"og:type\" content=\"article\" \/>\n<meta property=\"og:title\" content=\"La 2e session nationale int\u00e9gr\u00e9e commence le module 2 : les acteurs et les moyens de la strat\u00e9gie - L&#039;IHEDN : Institut des hautes \u00e9tudes de d\u00e9fense nationale\" \/>\n<meta property=\"og:description\" content=\"Les auditeurs de la session nationale se sont retrouv\u00e9s \u00e0 l\u2019\u00c9cole Militaire les 13 et 14 octobre afin de r\u00e9fl\u00e9chir plus pr\u00e9cis\u00e9ment aux acteurs et aux moyens de la strat\u00e9gie. Une premi\u00e8re table ronde a rassembl\u00e9 S.E.M. Th\u00e9o RYCROFT et S.E.M. Martin SCH\u00c4FER, respectivement de l\u2019ambassade du Royaume Uni et d\u2019Allemagne en France, deux ministres [&hellip;]\" \/>\n<meta property=\"og:url\" content=\"https:\/\/ihedn.fr\/en\/actualites-des-sessions\/la-2e-session-nationale-integree-commence-le-module-2-les-acteurs-et-les-moyens-de-la-strategie\/\" \/>\n<meta property=\"og:site_name\" content=\"L&#039;IHEDN : Institut des hautes \u00e9tudes de d\u00e9fense nationale\" \/>\n<meta property=\"article:publisher\" content=\"https:\/\/www.facebook.com\/ihedn\/\" \/>\n<meta property=\"article:published_time\" content=\"2022-10-14T08:30:16+00:00\" \/>\n<meta property=\"article:modified_time\" content=\"2022-11-25T14:22:26+00:00\" \/>\n<meta property=\"og:image\" content=\"https:\/\/ihedn.fr\/wp-content\/uploads\/2022\/10\/000-\u00aeIHEDN-La-2e-session-nationale-integree-commence-le-module-2-les-acteurs-et-les-moyens-de-la-strategie-10212022-1.jpg\" \/>\n\t<meta property=\"og:image:width\" content=\"1600\" \/>\n\t<meta property=\"og:image:height\" content=\"900\" \/>\n\t<meta property=\"og:image:type\" content=\"image\/jpeg\" \/>\n<meta name=\"author\" content=\"dev\" \/>\n<meta name=\"twitter:card\" content=\"summary_large_image\" \/>\n<meta name=\"twitter:creator\" content=\"@IHEDN\" \/>\n<meta name=\"twitter:site\" content=\"@IHEDN\" \/>\n<meta name=\"twitter:label1\" content=\"Written by\" \/>\n\t<meta name=\"twitter:data1\" content=\"dev\" \/>\n\t<meta name=\"twitter:label2\" content=\"Estimated reading time\" \/>\n\t<meta name=\"twitter:data2\" content=\"4 minutes\" \/>\n<script type=\"application\/ld+json\" class=\"yoast-schema-graph\">{\"@context\":\"https:\\\/\\\/schema.org\",\"@graph\":[{\"@type\":\"Article\",\"@id\":\"https:\\\/\\\/ihedn.fr\\\/actualites-des-sessions\\\/la-2e-session-nationale-integree-commence-le-module-2-les-acteurs-et-les-moyens-de-la-strategie\\\/#article\",\"isPartOf\":{\"@id\":\"https:\\\/\\\/ihedn.fr\\\/actualites-des-sessions\\\/la-2e-session-nationale-integree-commence-le-module-2-les-acteurs-et-les-moyens-de-la-strategie\\\/\"},\"author\":{\"name\":\"dev\",\"@id\":\"https:\\\/\\\/ihedn.fr\\\/#\\\/schema\\\/person\\\/7a40155595e4efb35323447cb8c8c5a4\"},\"headline\":\"La 2e session nationale int\u00e9gr\u00e9e commence le module 2 : les acteurs et les moyens de la strat\u00e9gie\",\"datePublished\":\"2022-10-14T08:30:16+00:00\",\"dateModified\":\"2022-11-25T14:22:26+00:00\",\"mainEntityOfPage\":{\"@id\":\"https:\\\/\\\/ihedn.fr\\\/actualites-des-sessions\\\/la-2e-session-nationale-integree-commence-le-module-2-les-acteurs-et-les-moyens-de-la-strategie\\\/\"},\"wordCount\":603,\"publisher\":{\"@id\":\"https:\\\/\\\/ihedn.fr\\\/#organization\"},\"image\":{\"@id\":\"https:\\\/\\\/ihedn.fr\\\/actualites-des-sessions\\\/la-2e-session-nationale-integree-commence-le-module-2-les-acteurs-et-les-moyens-de-la-strategie\\\/#primaryimage\"},\"thumbnailUrl\":\"https:\\\/\\\/ihedn.fr\\\/wp-content\\\/uploads\\\/2022\\\/10\\\/000-\u00aeIHEDN-La-2e-session-nationale-integree-commence-le-module-2-les-acteurs-et-les-moyens-de-la-strategie-10212022-1.jpg\",\"articleSection\":[\"Notre actualit\u00e9\"],\"inLanguage\":\"en-GB\"},{\"@type\":\"WebPage\",\"@id\":\"https:\\\/\\\/ihedn.fr\\\/actualites-des-sessions\\\/la-2e-session-nationale-integree-commence-le-module-2-les-acteurs-et-les-moyens-de-la-strategie\\\/\",\"url\":\"https:\\\/\\\/ihedn.fr\\\/actualites-des-sessions\\\/la-2e-session-nationale-integree-commence-le-module-2-les-acteurs-et-les-moyens-de-la-strategie\\\/\",\"name\":\"La 2e session nationale int\u00e9gr\u00e9e commence le module 2 : les acteurs et les moyens de la strat\u00e9gie - L&#039;IHEDN : Institut des hautes \u00e9tudes de d\u00e9fense nationale\",\"isPartOf\":{\"@id\":\"https:\\\/\\\/ihedn.fr\\\/#website\"},\"primaryImageOfPage\":{\"@id\":\"https:\\\/\\\/ihedn.fr\\\/actualites-des-sessions\\\/la-2e-session-nationale-integree-commence-le-module-2-les-acteurs-et-les-moyens-de-la-strategie\\\/#primaryimage\"},\"image\":{\"@id\":\"https:\\\/\\\/ihedn.fr\\\/actualites-des-sessions\\\/la-2e-session-nationale-integree-commence-le-module-2-les-acteurs-et-les-moyens-de-la-strategie\\\/#primaryimage\"},\"thumbnailUrl\":\"https:\\\/\\\/ihedn.fr\\\/wp-content\\\/uploads\\\/2022\\\/10\\\/000-\u00aeIHEDN-La-2e-session-nationale-integree-commence-le-module-2-les-acteurs-et-les-moyens-de-la-strategie-10212022-1.jpg\",\"datePublished\":\"2022-10-14T08:30:16+00:00\",\"dateModified\":\"2022-11-25T14:22:26+00:00\",\"breadcrumb\":{\"@id\":\"https:\\\/\\\/ihedn.fr\\\/actualites-des-sessions\\\/la-2e-session-nationale-integree-commence-le-module-2-les-acteurs-et-les-moyens-de-la-strategie\\\/#breadcrumb\"},\"inLanguage\":\"en-GB\",\"potentialAction\":[{\"@type\":\"ReadAction\",\"target\":[\"https:\\\/\\\/ihedn.fr\\\/actualites-des-sessions\\\/la-2e-session-nationale-integree-commence-le-module-2-les-acteurs-et-les-moyens-de-la-strategie\\\/\"]}]},{\"@type\":\"ImageObject\",\"inLanguage\":\"en-GB\",\"@id\":\"https:\\\/\\\/ihedn.fr\\\/actualites-des-sessions\\\/la-2e-session-nationale-integree-commence-le-module-2-les-acteurs-et-les-moyens-de-la-strategie\\\/#primaryimage\",\"url\":\"https:\\\/\\\/ihedn.fr\\\/wp-content\\\/uploads\\\/2022\\\/10\\\/000-\u00aeIHEDN-La-2e-session-nationale-integree-commence-le-module-2-les-acteurs-et-les-moyens-de-la-strategie-10212022-1.jpg\",\"contentUrl\":\"https:\\\/\\\/ihedn.fr\\\/wp-content\\\/uploads\\\/2022\\\/10\\\/000-\u00aeIHEDN-La-2e-session-nationale-integree-commence-le-module-2-les-acteurs-et-les-moyens-de-la-strategie-10212022-1.jpg\",\"width\":1600,\"height\":900},{\"@type\":\"BreadcrumbList\",\"@id\":\"https:\\\/\\\/ihedn.fr\\\/actualites-des-sessions\\\/la-2e-session-nationale-integree-commence-le-module-2-les-acteurs-et-les-moyens-de-la-strategie\\\/#breadcrumb\",\"itemListElement\":[{\"@type\":\"ListItem\",\"position\":1,\"name\":\"Accueil\",\"item\":\"https:\\\/\\\/ihedn.fr\\\/\"},{\"@type\":\"ListItem\",\"position\":2,\"name\":\"La 2e session nationale int\u00e9gr\u00e9e commence le module 2 : les acteurs et les moyens de la strat\u00e9gie\"}]},{\"@type\":\"WebSite\",\"@id\":\"https:\\\/\\\/ihedn.fr\\\/#website\",\"url\":\"https:\\\/\\\/ihedn.fr\\\/\",\"name\":\"IHEDN : Institut des hautes \u00e9tudes de d\u00e9fense nationale |\",\"description\":\"Site officiel de l&#039;IHEDN plac\u00e9 sous la tutelle du Premier ministre.\",\"publisher\":{\"@id\":\"https:\\\/\\\/ihedn.fr\\\/#organization\"},\"potentialAction\":[{\"@type\":\"SearchAction\",\"target\":{\"@type\":\"EntryPoint\",\"urlTemplate\":\"https:\\\/\\\/ihedn.fr\\\/?s={search_term_string}\"},\"query-input\":{\"@type\":\"PropertyValueSpecification\",\"valueRequired\":true,\"valueName\":\"search_term_string\"}}],\"inLanguage\":\"en-GB\"},{\"@type\":\"Organization\",\"@id\":\"https:\\\/\\\/ihedn.fr\\\/#organization\",\"name\":\"IHEDN - Institut des Hautes Etudes de D\u00e9fense Nationale\",\"url\":\"https:\\\/\\\/ihedn.fr\\\/\",\"logo\":{\"@type\":\"ImageObject\",\"inLanguage\":\"en-GB\",\"@id\":\"https:\\\/\\\/ihedn.fr\\\/#\\\/schema\\\/logo\\\/image\\\/\",\"url\":\"https:\\\/\\\/ihedn.fr\\\/wp-content\\\/uploads\\\/2020\\\/11\\\/BLOC_RF_IHEDN_WEB.png\",\"contentUrl\":\"https:\\\/\\\/ihedn.fr\\\/wp-content\\\/uploads\\\/2020\\\/11\\\/BLOC_RF_IHEDN_WEB.png\",\"width\":500,\"height\":237,\"caption\":\"IHEDN - Institut des Hautes Etudes de D\u00e9fense Nationale\"},\"image\":{\"@id\":\"https:\\\/\\\/ihedn.fr\\\/#\\\/schema\\\/logo\\\/image\\\/\"},\"sameAs\":[\"https:\\\/\\\/www.facebook.com\\\/ihedn\\\/\",\"https:\\\/\\\/x.com\\\/IHEDN\",\"https:\\\/\\\/www.instagram.com\\\/ihedn\\\/\",\"https:\\\/\\\/www.linkedin.com\\\/school\\\/ihedn\\\/\",\"https:\\\/\\\/fr.wikipedia.org\\\/wiki\\\/Institut_des_hautes_\u00e9tudes_de_D\u00e9fense_nationale\"]},{\"@type\":\"Person\",\"@id\":\"https:\\\/\\\/ihedn.fr\\\/#\\\/schema\\\/person\\\/7a40155595e4efb35323447cb8c8c5a4\",\"name\":\"dev\",\"image\":{\"@type\":\"ImageObject\",\"inLanguage\":\"en-GB\",\"@id\":\"https:\\\/\\\/secure.gravatar.com\\\/avatar\\\/f1ffcac9ca2fa95ad3ec33e9be3ade82f752acb0cabe541e56c5889225afa88a?s=96&d=mm&r=g\",\"url\":\"https:\\\/\\\/secure.gravatar.com\\\/avatar\\\/f1ffcac9ca2fa95ad3ec33e9be3ade82f752acb0cabe541e56c5889225afa88a?s=96&d=mm&r=g\",\"contentUrl\":\"https:\\\/\\\/secure.gravatar.com\\\/avatar\\\/f1ffcac9ca2fa95ad3ec33e9be3ade82f752acb0cabe541e56c5889225afa88a?s=96&d=mm&r=g\",\"caption\":\"dev\"},\"sameAs\":[\"https:\\\/\\\/ihedn.concilium.click\"],\"url\":\"https:\\\/\\\/ihedn.fr\\\/en\\\/author\\\/dev\\\/\"}]}<\/script>\n<!-- \/ Yoast SEO plugin. -->","yoast_head_json":{"title":"The 2nd national integrated session begins module 2: the players and resources of strategy - L'IHEDN : Institut des hautes \u00e9tudes de d\u00e9fense nationale","robots":{"index":"index","follow":"follow","max-snippet":"max-snippet:-1","max-image-preview":"max-image-preview:large","max-video-preview":"max-video-preview:-1"},"canonical":"https:\/\/ihedn.fr\/en\/actualites-des-sessions\/la-2e-session-nationale-integree-commence-le-module-2-les-acteurs-et-les-moyens-de-la-strategie\/","og_locale":"en_GB","og_type":"article","og_title":"La 2e session nationale int\u00e9gr\u00e9e commence le module 2 : les acteurs et les moyens de la strat\u00e9gie - L&#039;IHEDN : Institut des hautes \u00e9tudes de d\u00e9fense nationale","og_description":"Les auditeurs de la session nationale se sont retrouv\u00e9s \u00e0 l\u2019\u00c9cole Militaire les 13 et 14 octobre afin de r\u00e9fl\u00e9chir plus pr\u00e9cis\u00e9ment aux acteurs et aux moyens de la strat\u00e9gie. Une premi\u00e8re table ronde a rassembl\u00e9 S.E.M. Th\u00e9o RYCROFT et S.E.M. Martin SCH\u00c4FER, respectivement de l\u2019ambassade du Royaume Uni et d\u2019Allemagne en France, deux ministres [&hellip;]","og_url":"https:\/\/ihedn.fr\/en\/actualites-des-sessions\/la-2e-session-nationale-integree-commence-le-module-2-les-acteurs-et-les-moyens-de-la-strategie\/","og_site_name":"L&#039;IHEDN : Institut des hautes \u00e9tudes de d\u00e9fense nationale","article_publisher":"https:\/\/www.facebook.com\/ihedn\/","article_published_time":"2022-10-14T08:30:16+00:00","article_modified_time":"2022-11-25T14:22:26+00:00","og_image":[{"width":1600,"height":900,"url":"https:\/\/ihedn.fr\/wp-content\/uploads\/2022\/10\/000-\u00aeIHEDN-La-2e-session-nationale-integree-commence-le-module-2-les-acteurs-et-les-moyens-de-la-strategie-10212022-1.jpg","type":"image\/jpeg"}],"author":"dev","twitter_card":"summary_large_image","twitter_creator":"@IHEDN","twitter_site":"@IHEDN","twitter_misc":{"Written by":"dev","Estimated reading time":"4 minutes"},"schema":{"@context":"https:\/\/schema.org","@graph":[{"@type":"Article","@id":"https:\/\/ihedn.fr\/actualites-des-sessions\/la-2e-session-nationale-integree-commence-le-module-2-les-acteurs-et-les-moyens-de-la-strategie\/#article","isPartOf":{"@id":"https:\/\/ihedn.fr\/actualites-des-sessions\/la-2e-session-nationale-integree-commence-le-module-2-les-acteurs-et-les-moyens-de-la-strategie\/"},"author":{"name":"dev","@id":"https:\/\/ihedn.fr\/#\/schema\/person\/7a40155595e4efb35323447cb8c8c5a4"},"headline":"La 2e session nationale int\u00e9gr\u00e9e commence le module 2 : les acteurs et les moyens de la strat\u00e9gie","datePublished":"2022-10-14T08:30:16+00:00","dateModified":"2022-11-25T14:22:26+00:00","mainEntityOfPage":{"@id":"https:\/\/ihedn.fr\/actualites-des-sessions\/la-2e-session-nationale-integree-commence-le-module-2-les-acteurs-et-les-moyens-de-la-strategie\/"},"wordCount":603,"publisher":{"@id":"https:\/\/ihedn.fr\/#organization"},"image":{"@id":"https:\/\/ihedn.fr\/actualites-des-sessions\/la-2e-session-nationale-integree-commence-le-module-2-les-acteurs-et-les-moyens-de-la-strategie\/#primaryimage"},"thumbnailUrl":"https:\/\/ihedn.fr\/wp-content\/uploads\/2022\/10\/000-\u00aeIHEDN-La-2e-session-nationale-integree-commence-le-module-2-les-acteurs-et-les-moyens-de-la-strategie-10212022-1.jpg","articleSection":["Notre actualit\u00e9"],"inLanguage":"en-GB"},{"@type":"WebPage","@id":"https:\/\/ihedn.fr\/actualites-des-sessions\/la-2e-session-nationale-integree-commence-le-module-2-les-acteurs-et-les-moyens-de-la-strategie\/","url":"https:\/\/ihedn.fr\/actualites-des-sessions\/la-2e-session-nationale-integree-commence-le-module-2-les-acteurs-et-les-moyens-de-la-strategie\/","name":"The 2nd national integrated session begins module 2: the players and resources of strategy - L'IHEDN : Institut des hautes \u00e9tudes de d\u00e9fense nationale","isPartOf":{"@id":"https:\/\/ihedn.fr\/#website"},"primaryImageOfPage":{"@id":"https:\/\/ihedn.fr\/actualites-des-sessions\/la-2e-session-nationale-integree-commence-le-module-2-les-acteurs-et-les-moyens-de-la-strategie\/#primaryimage"},"image":{"@id":"https:\/\/ihedn.fr\/actualites-des-sessions\/la-2e-session-nationale-integree-commence-le-module-2-les-acteurs-et-les-moyens-de-la-strategie\/#primaryimage"},"thumbnailUrl":"https:\/\/ihedn.fr\/wp-content\/uploads\/2022\/10\/000-\u00aeIHEDN-La-2e-session-nationale-integree-commence-le-module-2-les-acteurs-et-les-moyens-de-la-strategie-10212022-1.jpg","datePublished":"2022-10-14T08:30:16+00:00","dateModified":"2022-11-25T14:22:26+00:00","breadcrumb":{"@id":"https:\/\/ihedn.fr\/actualites-des-sessions\/la-2e-session-nationale-integree-commence-le-module-2-les-acteurs-et-les-moyens-de-la-strategie\/#breadcrumb"},"inLanguage":"en-GB","potentialAction":[{"@type":"ReadAction","target":["https:\/\/ihedn.fr\/actualites-des-sessions\/la-2e-session-nationale-integree-commence-le-module-2-les-acteurs-et-les-moyens-de-la-strategie\/"]}]},{"@type":"ImageObject","inLanguage":"en-GB","@id":"https:\/\/ihedn.fr\/actualites-des-sessions\/la-2e-session-nationale-integree-commence-le-module-2-les-acteurs-et-les-moyens-de-la-strategie\/#primaryimage","url":"https:\/\/ihedn.fr\/wp-content\/uploads\/2022\/10\/000-\u00aeIHEDN-La-2e-session-nationale-integree-commence-le-module-2-les-acteurs-et-les-moyens-de-la-strategie-10212022-1.jpg","contentUrl":"https:\/\/ihedn.fr\/wp-content\/uploads\/2022\/10\/000-\u00aeIHEDN-La-2e-session-nationale-integree-commence-le-module-2-les-acteurs-et-les-moyens-de-la-strategie-10212022-1.jpg","width":1600,"height":900},{"@type":"BreadcrumbList","@id":"https:\/\/ihedn.fr\/actualites-des-sessions\/la-2e-session-nationale-integree-commence-le-module-2-les-acteurs-et-les-moyens-de-la-strategie\/#breadcrumb","itemListElement":[{"@type":"ListItem","position":1,"name":"Accueil","item":"https:\/\/ihedn.fr\/"},{"@type":"ListItem","position":2,"name":"La 2e session nationale int\u00e9gr\u00e9e commence le module 2 : les acteurs et les moyens de la strat\u00e9gie"}]},{"@type":"WebSite","@id":"https:\/\/ihedn.fr\/#website","url":"https:\/\/ihedn.fr\/","name":"IHEDN: Institut des hautes \u00e9tudes de d\u00e9fense nationale (Institute for Higher National Defence Studies)","description":"Official website of the IHEDN under the supervision of the Prime Minister.","publisher":{"@id":"https:\/\/ihedn.fr\/#organization"},"potentialAction":[{"@type":"SearchAction","target":{"@type":"EntryPoint","urlTemplate":"https:\/\/ihedn.fr\/?s={search_term_string}"},"query-input":{"@type":"PropertyValueSpecification","valueRequired":true,"valueName":"search_term_string"}}],"inLanguage":"en-GB"},{"@type":"Organization","@id":"https:\/\/ihedn.fr\/#organization","name":"IHEDN - Institute for Higher National Defence Studies","url":"https:\/\/ihedn.fr\/","logo":{"@type":"ImageObject","inLanguage":"en-GB","@id":"https:\/\/ihedn.fr\/#\/schema\/logo\/image\/","url":"https:\/\/ihedn.fr\/wp-content\/uploads\/2020\/11\/BLOC_RF_IHEDN_WEB.png","contentUrl":"https:\/\/ihedn.fr\/wp-content\/uploads\/2020\/11\/BLOC_RF_IHEDN_WEB.png","width":500,"height":237,"caption":"IHEDN - Institut des Hautes Etudes de D\u00e9fense Nationale"},"image":{"@id":"https:\/\/ihedn.fr\/#\/schema\/logo\/image\/"},"sameAs":["https:\/\/www.facebook.com\/ihedn\/","https:\/\/x.com\/IHEDN","https:\/\/www.instagram.com\/ihedn\/","https:\/\/www.linkedin.com\/school\/ihedn\/","https:\/\/fr.wikipedia.org\/wiki\/Institut_des_hautes_\u00e9tudes_de_D\u00e9fense_nationale"]},{"@type":"Person","@id":"https:\/\/ihedn.fr\/#\/schema\/person\/7a40155595e4efb35323447cb8c8c5a4","name":"dev","image":{"@type":"ImageObject","inLanguage":"en-GB","@id":"https:\/\/secure.gravatar.com\/avatar\/f1ffcac9ca2fa95ad3ec33e9be3ade82f752acb0cabe541e56c5889225afa88a?s=96&d=mm&r=g","url":"https:\/\/secure.gravatar.com\/avatar\/f1ffcac9ca2fa95ad3ec33e9be3ade82f752acb0cabe541e56c5889225afa88a?s=96&d=mm&r=g","contentUrl":"https:\/\/secure.gravatar.com\/avatar\/f1ffcac9ca2fa95ad3ec33e9be3ade82f752acb0cabe541e56c5889225afa88a?s=96&d=mm&r=g","caption":"dev"},"sameAs":["https:\/\/ihedn.concilium.click"],"url":"https:\/\/ihedn.fr\/en\/author\/dev\/"}]}},"publishpress_future_action":{"enabled":false,"date":"2026-05-09 14:06:04","action":"change-status","newStatus":"draft","terms":[],"taxonomy":"category","extraData":[]},"publishpress_future_workflow_manual_trigger":{"enabledWorkflows":[]},"_links":{"self":[{"href":"https:\/\/ihedn.fr\/en\/wp-json\/wp\/v2\/posts\/26798","targetHints":{"allow":["GET"]}}],"collection":[{"href":"https:\/\/ihedn.fr\/en\/wp-json\/wp\/v2\/posts"}],"about":[{"href":"https:\/\/ihedn.fr\/en\/wp-json\/wp\/v2\/types\/post"}],"author":[{"embeddable":true,"href":"https:\/\/ihedn.fr\/en\/wp-json\/wp\/v2\/users\/1"}],"replies":[{"embeddable":true,"href":"https:\/\/ihedn.fr\/en\/wp-json\/wp\/v2\/comments?post=26798"}],"version-history":[{"count":35,"href":"https:\/\/ihedn.fr\/en\/wp-json\/wp\/v2\/posts\/26798\/revisions"}],"predecessor-version":[{"id":27143,"href":"https:\/\/ihedn.fr\/en\/wp-json\/wp\/v2\/posts\/26798\/revisions\/27143"}],"wp:featuredmedia":[{"embeddable":true,"href":"https:\/\/ihedn.fr\/en\/wp-json\/wp\/v2\/media\/27070"}],"wp:attachment":[{"href":"https:\/\/ihedn.fr\/en\/wp-json\/wp\/v2\/media?parent=26798"}],"wp:term":[{"taxonomy":"category","embeddable":true,"href":"https:\/\/ihedn.fr\/en\/wp-json\/wp\/v2\/categories?post=26798"},{"taxonomy":"post_tag","embeddable":true,"href":"https:\/\/ihedn.fr\/en\/wp-json\/wp\/v2\/tags?post=26798"}],"curies":[{"name":"wp","href":"https:\/\/api.w.org\/{rel}","templated":true}]}}