{"id":26916,"date":"2022-10-24T08:02:05","date_gmt":"2022-10-24T07:02:05","guid":{"rendered":"https:\/\/ihedn.fr\/?p=26916"},"modified":"2022-11-25T15:22:25","modified_gmt":"2022-11-25T14:22:25","slug":"la-majeure-enjeux-et-strategies-maritimes-en-immersion-a-euronaval","status":"publish","type":"post","link":"https:\/\/ihedn.fr\/en\/notre-actualite\/la-majeure-enjeux-et-strategies-maritimes-en-immersion-a-euronaval\/","title":{"rendered":"The \"Maritime Challenges and Strategies\" major immersed in EURONAVAL"},"content":{"rendered":"<div data-elementor-type=\"wp-post\" data-elementor-id=\"26916\" class=\"elementor elementor-26916\" data-elementor-post-type=\"post\">\n\t\t\t\t\t\t<section data-particle_enable=\"false\" data-particle-mobile-disabled=\"false\" class=\"elementor-section elementor-top-section elementor-element elementor-element-0e1ee54 elementor-section-boxed elementor-section-height-default elementor-section-height-default\" data-id=\"0e1ee54\" data-element_type=\"section\" data-e-type=\"section\">\n\t\t\t\t\t\t<div class=\"elementor-container elementor-column-gap-default\">\n\t\t\t\t\t<div class=\"elementor-column elementor-col-100 elementor-top-column elementor-element elementor-element-704c889\" data-id=\"704c889\" data-element_type=\"column\" data-e-type=\"column\">\n\t\t\t<div class=\"elementor-widget-wrap elementor-element-populated\">\n\t\t\t\t\t\t<div class=\"elementor-element elementor-element-6b56c50 elementor-widget elementor-widget-text-editor\" data-id=\"6b56c50\" data-element_type=\"widget\" data-e-type=\"widget\" data-widget_type=\"text-editor.default\">\n\t\t\t\t<div class=\"elementor-widget-container\">\n\t\t\t\t\t\t\t\t\t<p style=\"text-align: left;\"><em><strong><span style=\"color: #034b7b;\">In the middle of a module on \"the players and means of strategy\", students in the \"Maritime issues and strategies\" major of the 2<sup>e<\/sup> national session went to EURONAVAL to immerse themselves in the naval DTIB*.<\/span><\/strong><\/em><\/p><p style=\"text-align: right;\">*Defence industrial and technological base.<\/p>\t\t\t\t\t\t\t\t<\/div>\n\t\t\t\t<\/div>\n\t\t\t\t\t<\/div>\n\t\t<\/div>\n\t\t\t\t\t<\/div>\n\t\t<\/section>\n\t\t\t\t<section data-particle_enable=\"false\" data-particle-mobile-disabled=\"false\" class=\"elementor-section elementor-top-section elementor-element elementor-element-4df4162 elementor-section-boxed elementor-section-height-default elementor-section-height-default\" data-id=\"4df4162\" data-element_type=\"section\" data-e-type=\"section\">\n\t\t\t\t\t\t<div class=\"elementor-container elementor-column-gap-default\">\n\t\t\t\t\t<div class=\"elementor-column elementor-col-50 elementor-top-column elementor-element elementor-element-fca1dcd\" data-id=\"fca1dcd\" data-element_type=\"column\" data-e-type=\"column\">\n\t\t\t<div class=\"elementor-widget-wrap elementor-element-populated\">\n\t\t\t\t\t\t<div class=\"elementor-element elementor-element-6d142f9 elementor-widget elementor-widget-image\" data-id=\"6d142f9\" data-element_type=\"widget\" data-e-type=\"widget\" data-widget_type=\"image.default\">\n\t\t\t\t<div class=\"elementor-widget-container\">\n\t\t\t\t\t\t\t\t\t\t\t\t<figure class=\"wp-caption\">\n\t\t\t\t\t\t\t\t\t\t<img fetchpriority=\"high\" decoding=\"async\" width=\"835\" height=\"696\" src=\"https:\/\/ihedn.fr\/wp-content\/uploads\/2022\/10\/20221024-ESM-EURONAVAL-01.jpg\" class=\"attachment-full size-full wp-image-26918\" alt=\"20221024-IHEDN-ESM-EURONAVAL\" \/>\t\t\t\t\t\t\t\t\t\t\t<figcaption class=\"widget-image-caption wp-caption-text\">Auditors look at the model of the new-generation aircraft carrier<\/figcaption>\n\t\t\t\t\t\t\t\t\t\t<\/figure>\n\t\t\t\t\t\t\t\t\t<\/div>\n\t\t\t\t<\/div>\n\t\t\t\t\t<\/div>\n\t\t<\/div>\n\t\t\t\t<div class=\"elementor-column elementor-col-50 elementor-top-column elementor-element elementor-element-52f5d54\" data-id=\"52f5d54\" data-element_type=\"column\" data-e-type=\"column\">\n\t\t\t<div class=\"elementor-widget-wrap elementor-element-populated\">\n\t\t\t\t\t\t<div class=\"elementor-element elementor-element-b7b3edf elementor-widget elementor-widget-text-editor\" data-id=\"b7b3edf\" data-element_type=\"widget\" data-e-type=\"widget\" data-widget_type=\"text-editor.default\">\n\t\t\t\t<div class=\"elementor-widget-container\">\n\t\t\t\t\t\t\t\t\t<p>They were welcomed by <strong><span style=\"color: #034b7b;\">Herv\u00e9 Croc\u00e9<\/span><\/strong>The organiser of the show and an auditor at the previous session, who had put together a programme that brought them into contact with companies that form part of the backbone of the French DTIB in the naval sector: Airbus, MBDA, Naval Group and Thales, as well as the innovation shown by some of the SMEs.<\/p><p>Along with the new-generation aircraft carrier, drones were undoubtedly a major attraction at the show. Visitors were able to discover some of the technological nuggets that enable the French Navy to have some of the most powerful weapons systems in the world, at the heart of our country's sovereignty.<\/p><p>It was also an opportunity to take stock of the efforts that have been made to gain a better understanding of the seas and oceans, and in particular the deep seas, knowledge that is essential if we are to better understand their climatic phenomena and preserve their biodiversity.<\/p>\t\t\t\t\t\t\t\t<\/div>\n\t\t\t\t<\/div>\n\t\t\t\t\t<\/div>\n\t\t<\/div>\n\t\t\t\t\t<\/div>\n\t\t<\/section>\n\t\t\t\t<section data-particle_enable=\"false\" data-particle-mobile-disabled=\"false\" class=\"elementor-section elementor-top-section elementor-element elementor-element-5589f2b elementor-section-boxed elementor-section-height-default elementor-section-height-default\" data-id=\"5589f2b\" data-element_type=\"section\" data-e-type=\"section\">\n\t\t\t\t\t\t<div class=\"elementor-container elementor-column-gap-default\">\n\t\t\t\t\t<div class=\"elementor-column elementor-col-100 elementor-top-column elementor-element elementor-element-554f93f\" data-id=\"554f93f\" data-element_type=\"column\" data-e-type=\"column\">\n\t\t\t<div class=\"elementor-widget-wrap elementor-element-populated\">\n\t\t\t\t\t\t<div class=\"elementor-element elementor-element-b411ded elementor-widget elementor-widget-gallery\" data-id=\"b411ded\" data-element_type=\"widget\" data-e-type=\"widget\" data-settings=\"{&quot;columns&quot;:3,&quot;lazyload&quot;:&quot;yes&quot;,&quot;gallery_layout&quot;:&quot;grid&quot;,&quot;columns_tablet&quot;:2,&quot;columns_mobile&quot;:1,&quot;gap&quot;:{&quot;unit&quot;:&quot;px&quot;,&quot;size&quot;:10,&quot;sizes&quot;:[]},&quot;gap_tablet&quot;:{&quot;unit&quot;:&quot;px&quot;,&quot;size&quot;:10,&quot;sizes&quot;:[]},&quot;gap_mobile&quot;:{&quot;unit&quot;:&quot;px&quot;,&quot;size&quot;:10,&quot;sizes&quot;:[]},&quot;link_to&quot;:&quot;file&quot;,&quot;aspect_ratio&quot;:&quot;3:2&quot;,&quot;overlay_background&quot;:&quot;yes&quot;,&quot;content_hover_animation&quot;:&quot;fade-in&quot;}\" data-widget_type=\"gallery.default\">\n\t\t\t\t<div class=\"elementor-widget-container\">\n\t\t\t\t\t\t\t<div class=\"elementor-gallery__container\">\n\t\t\t\t\t\t\t<a class=\"e-gallery-item elementor-gallery-item elementor-animated-content\" href=\"https:\/\/ihedn.fr\/wp-content\/uploads\/2022\/10\/20221024-ESM-EURONAVAL-02.jpg\" data-elementor-open-lightbox=\"yes\" data-elementor-lightbox-slideshow=\"b411ded\" data-elementor-lightbox-description=\"20221024-IHEDN-ESM-EURONAVAL-Les nouveaux drones a\u00e9riens mis en \u0153uvre sur les petits b\u00e2timents de la Marine Nationale\" data-e-action-hash=\"#elementor-action%3Aaction%3Dlightbox%26settings%3DeyJpZCI6MjY5MTksInVybCI6Imh0dHBzOlwvXC9paGVkbi5mclwvd3AtY29udGVudFwvdXBsb2Fkc1wvMjAyMlwvMTBcLzIwMjIxMDI0LUVTTS1FVVJPTkFWQUwtMDIuanBnIiwic2xpZGVzaG93IjoiYjQxMWRlZCJ9\">\n\t\t\t\t\t<div class=\"e-gallery-image elementor-gallery-item__image\" data-thumbnail=\"https:\/\/ihedn.fr\/wp-content\/uploads\/2022\/10\/20221024-ESM-EURONAVAL-02.jpg\" data-width=\"1024\" data-height=\"768\" aria-label=\"20221024-IHEDN-ESM-EURONAVAL\" role=\"img\" ><\/div>\n\t\t\t\t\t\t\t\t\t\t\t<div class=\"elementor-gallery-item__overlay\"><\/div>\n\t\t\t\t\t\t\t\t\t\t\t\t\t\t<\/a>\n\t\t\t\t\t\t\t<a class=\"e-gallery-item elementor-gallery-item elementor-animated-content\" href=\"https:\/\/ihedn.fr\/wp-content\/uploads\/2022\/10\/20221024-ESM-EURONAVAL-07.jpg\" data-elementor-open-lightbox=\"yes\" data-elementor-lightbox-slideshow=\"b411ded\" data-elementor-lightbox-description=\"20221024-IHEDN-ESM-EURONAVAL-Autour d\u2019un m\u00e2t optronique de tr\u00e8s haute technologie\" data-e-action-hash=\"#elementor-action%3Aaction%3Dlightbox%26settings%3DeyJpZCI6MjY5MjQsInVybCI6Imh0dHBzOlwvXC9paGVkbi5mclwvd3AtY29udGVudFwvdXBsb2Fkc1wvMjAyMlwvMTBcLzIwMjIxMDI0LUVTTS1FVVJPTkFWQUwtMDcuanBnIiwic2xpZGVzaG93IjoiYjQxMWRlZCJ9\">\n\t\t\t\t\t<div class=\"e-gallery-image elementor-gallery-item__image\" data-thumbnail=\"https:\/\/ihedn.fr\/wp-content\/uploads\/2022\/10\/20221024-ESM-EURONAVAL-07.jpg\" data-width=\"1018\" data-height=\"529\" aria-label=\"20221024-IHEDN-ESM-EURONAVAL\" role=\"img\" ><\/div>\n\t\t\t\t\t\t\t\t\t\t\t<div class=\"elementor-gallery-item__overlay\"><\/div>\n\t\t\t\t\t\t\t\t\t\t\t\t\t\t<\/a>\n\t\t\t\t\t\t\t<a class=\"e-gallery-item elementor-gallery-item elementor-animated-content\" href=\"https:\/\/ihedn.fr\/wp-content\/uploads\/2022\/10\/20221024-ESM-EURONAVAL-06.jpg\" data-elementor-open-lightbox=\"yes\" data-elementor-lightbox-slideshow=\"b411ded\" data-elementor-lightbox-description=\"20221024-IHEDN-ESM-EURONAVAL-Une panoplie de b\u00e2timents pour l\u2019action de l\u2019\u00c9tat en mer chez Piriou\" data-e-action-hash=\"#elementor-action%3Aaction%3Dlightbox%26settings%3DeyJpZCI6MjY5MjMsInVybCI6Imh0dHBzOlwvXC9paGVkbi5mclwvd3AtY29udGVudFwvdXBsb2Fkc1wvMjAyMlwvMTBcLzIwMjIxMDI0LUVTTS1FVVJPTkFWQUwtMDYuanBnIiwic2xpZGVzaG93IjoiYjQxMWRlZCJ9\">\n\t\t\t\t\t<div class=\"e-gallery-image elementor-gallery-item__image\" data-thumbnail=\"https:\/\/ihedn.fr\/wp-content\/uploads\/2022\/10\/20221024-ESM-EURONAVAL-06.jpg\" data-width=\"1007\" data-height=\"608\" aria-label=\"20221024-IHEDN-ESM-EURONAVAL\" role=\"img\" ><\/div>\n\t\t\t\t\t\t\t\t\t\t\t<div class=\"elementor-gallery-item__overlay\"><\/div>\n\t\t\t\t\t\t\t\t\t\t\t\t\t\t<\/a>\n\t\t\t\t\t\t\t<a class=\"e-gallery-item elementor-gallery-item elementor-animated-content\" href=\"https:\/\/ihedn.fr\/wp-content\/uploads\/2022\/10\/20221024-ESM-EURONAVAL-05.jpg\" data-elementor-open-lightbox=\"yes\" data-elementor-lightbox-slideshow=\"b411ded\" data-elementor-lightbox-description=\"20221024-IHEDN-ESM-EURONAVAL-Pr\u00e9sentation d\u2019un micro drone sur le stand du P\u00f4le Mer\" data-e-action-hash=\"#elementor-action%3Aaction%3Dlightbox%26settings%3DeyJpZCI6MjY5MjIsInVybCI6Imh0dHBzOlwvXC9paGVkbi5mclwvd3AtY29udGVudFwvdXBsb2Fkc1wvMjAyMlwvMTBcLzIwMjIxMDI0LUVTTS1FVVJPTkFWQUwtMDUuanBnIiwic2xpZGVzaG93IjoiYjQxMWRlZCJ9\">\n\t\t\t\t\t<div class=\"e-gallery-image elementor-gallery-item__image\" data-thumbnail=\"https:\/\/ihedn.fr\/wp-content\/uploads\/2022\/10\/20221024-ESM-EURONAVAL-05.jpg\" data-width=\"1024\" data-height=\"768\" aria-label=\"20221024-IHEDN-ESM-EURONAVAL\" role=\"img\" ><\/div>\n\t\t\t\t\t\t\t\t\t\t\t<div class=\"elementor-gallery-item__overlay\"><\/div>\n\t\t\t\t\t\t\t\t\t\t\t\t\t\t<\/a>\n\t\t\t\t\t\t\t<a class=\"e-gallery-item elementor-gallery-item elementor-animated-content\" href=\"https:\/\/ihedn.fr\/wp-content\/uploads\/2022\/10\/20221024-ESM-EURONAVAL-04.jpg\" data-elementor-open-lightbox=\"yes\" data-elementor-lightbox-slideshow=\"b411ded\" data-elementor-lightbox-description=\"20221024-IHEDN-ESM-EURONAVAL-Un Glider de recueil de donn\u00e9es oc\u00e9anographiques aux performance impressionnantes\" data-e-action-hash=\"#elementor-action%3Aaction%3Dlightbox%26settings%3DeyJpZCI6MjY5MjEsInVybCI6Imh0dHBzOlwvXC9paGVkbi5mclwvd3AtY29udGVudFwvdXBsb2Fkc1wvMjAyMlwvMTBcLzIwMjIxMDI0LUVTTS1FVVJPTkFWQUwtMDQuanBnIiwic2xpZGVzaG93IjoiYjQxMWRlZCJ9\">\n\t\t\t\t\t<div class=\"e-gallery-image elementor-gallery-item__image\" data-thumbnail=\"https:\/\/ihedn.fr\/wp-content\/uploads\/2022\/10\/20221024-ESM-EURONAVAL-04.jpg\" data-width=\"1024\" data-height=\"570\" aria-label=\"20221024-IHEDN-ESM-EURONAVAL\" role=\"img\" ><\/div>\n\t\t\t\t\t\t\t\t\t\t\t<div class=\"elementor-gallery-item__overlay\"><\/div>\n\t\t\t\t\t\t\t\t\t\t\t\t\t\t<\/a>\n\t\t\t\t\t\t\t<a class=\"e-gallery-item elementor-gallery-item elementor-animated-content\" href=\"https:\/\/ihedn.fr\/wp-content\/uploads\/2022\/10\/20221024-ESM-EURONAVAL-03.jpg\" data-elementor-open-lightbox=\"yes\" data-elementor-lightbox-slideshow=\"b411ded\" data-elementor-lightbox-description=\"20221024-IHEDN-ESM-EURONAVAL-Les auditeurs devant un drone de surface\" data-e-action-hash=\"#elementor-action%3Aaction%3Dlightbox%26settings%3DeyJpZCI6MjY5MjAsInVybCI6Imh0dHBzOlwvXC9paGVkbi5mclwvd3AtY29udGVudFwvdXBsb2Fkc1wvMjAyMlwvMTBcLzIwMjIxMDI0LUVTTS1FVVJPTkFWQUwtMDMuanBnIiwic2xpZGVzaG93IjoiYjQxMWRlZCJ9\">\n\t\t\t\t\t<div class=\"e-gallery-image elementor-gallery-item__image\" data-thumbnail=\"https:\/\/ihedn.fr\/wp-content\/uploads\/2022\/10\/20221024-ESM-EURONAVAL-03.jpg\" data-width=\"998\" data-height=\"737\" aria-label=\"20221024-IHEDN-ESM-EURONAVAL\" role=\"img\" ><\/div>\n\t\t\t\t\t\t\t\t\t\t\t<div class=\"elementor-gallery-item__overlay\"><\/div>\n\t\t\t\t\t\t\t\t\t\t\t\t\t\t<\/a>\n\t\t\t\t\t<\/div>\n\t\t\t\t\t<\/div>\n\t\t\t\t<\/div>\n\t\t\t\t\t<\/div>\n\t\t<\/div>\n\t\t\t\t\t<\/div>\n\t\t<\/section>\n\t\t\t\t<section data-particle_enable=\"false\" data-particle-mobile-disabled=\"false\" class=\"elementor-section elementor-top-section elementor-element elementor-element-e00ad69 elementor-section-boxed elementor-section-height-default elementor-section-height-default\" data-id=\"e00ad69\" data-element_type=\"section\" data-e-type=\"section\">\n\t\t\t\t\t\t<div class=\"elementor-container elementor-column-gap-default\">\n\t\t\t\t\t<div class=\"elementor-column elementor-col-100 elementor-top-column elementor-element elementor-element-910efdf\" data-id=\"910efdf\" data-element_type=\"column\" data-e-type=\"column\">\n\t\t\t<div class=\"elementor-widget-wrap elementor-element-populated\">\n\t\t\t\t\t\t<div class=\"elementor-element elementor-element-68b7baa elementor-widget elementor-widget-image\" data-id=\"68b7baa\" data-element_type=\"widget\" data-e-type=\"widget\" data-widget_type=\"image.default\">\n\t\t\t\t<div class=\"elementor-widget-container\">\n\t\t\t\t\t\t\t\t\t\t\t\t\t\t\t<img decoding=\"async\" width=\"1453\" height=\"955\" src=\"https:\/\/ihedn.fr\/wp-content\/uploads\/2022\/10\/20221024-ESM-EURONAVAL-08.jpg\" class=\"attachment-full size-full wp-image-27095\" alt=\"\" \/>\t\t\t\t\t\t\t\t\t\t\t\t\t\t\t<\/div>\n\t\t\t\t<\/div>\n\t\t\t\t\t<\/div>\n\t\t<\/div>\n\t\t\t\t\t<\/div>\n\t\t<\/section>\n\t\t\t\t<\/div>","protected":false},"excerpt":{"rendered":"<p>En plein module sur \u00ab\u00a0les acteurs et les moyens de la strat\u00e9gie\u00a0\u00bb, les auditeurs de la majeure \u00ab\u00a0Enjeux et strat\u00e9gies maritimes\u00a0\u00bb de la 2e session nationale se sont rendus \u00e0 EURONAVAL pour s\u2019immerger dans la BITD* navale. *Base industrielle et technologique de d\u00e9fense. Les auditeurs autour de la maquette du porte-avions de nouvelle g\u00e9n\u00e9ration Ils [&hellip;]<\/p>\n","protected":false},"author":1,"featured_media":27070,"comment_status":"closed","ping_status":"closed","sticky":false,"template":"","format":"standard","meta":{"footnotes":""},"categories":[172],"tags":[],"class_list":["post-26916","post","type-post","status-publish","format-standard","has-post-thumbnail","hentry","category-notre-actualite"],"yoast_head":"<!-- This site is optimized with the Yoast SEO plugin v27.5 - https:\/\/yoast.com\/product\/yoast-seo-wordpress\/ -->\n<title>La majeure &quot;Enjeux et strat\u00e9gies maritimes&quot; en immersion \u00e0 EURONAVAL - L&#039;IHEDN : Institut des hautes \u00e9tudes de d\u00e9fense nationale<\/title>\n<meta name=\"robots\" content=\"index, follow, max-snippet:-1, max-image-preview:large, max-video-preview:-1\" \/>\n<link rel=\"canonical\" href=\"https:\/\/ihedn.fr\/en\/actualites-des-sessions\/la-majeure-enjeux-et-strategies-maritimes-en-immersion-a-euronaval\/\" \/>\n<meta property=\"og:locale\" content=\"en_GB\" \/>\n<meta property=\"og:type\" content=\"article\" \/>\n<meta property=\"og:title\" content=\"La majeure &quot;Enjeux et strat\u00e9gies maritimes&quot; en immersion \u00e0 EURONAVAL - L&#039;IHEDN : Institut des hautes \u00e9tudes de d\u00e9fense nationale\" \/>\n<meta property=\"og:description\" content=\"En plein module sur \u00ab\u00a0les acteurs et les moyens de la strat\u00e9gie\u00a0\u00bb, les auditeurs de la majeure \u00ab\u00a0Enjeux et strat\u00e9gies maritimes\u00a0\u00bb de la 2e session nationale se sont rendus \u00e0 EURONAVAL pour s\u2019immerger dans la BITD* navale. *Base industrielle et technologique de d\u00e9fense. Les auditeurs autour de la maquette du porte-avions de nouvelle g\u00e9n\u00e9ration Ils [&hellip;]\" \/>\n<meta property=\"og:url\" content=\"https:\/\/ihedn.fr\/en\/actualites-des-sessions\/la-majeure-enjeux-et-strategies-maritimes-en-immersion-a-euronaval\/\" \/>\n<meta property=\"og:site_name\" content=\"L&#039;IHEDN : Institut des hautes \u00e9tudes de d\u00e9fense nationale\" \/>\n<meta property=\"article:publisher\" content=\"https:\/\/www.facebook.com\/ihedn\/\" \/>\n<meta property=\"article:published_time\" content=\"2022-10-24T07:02:05+00:00\" \/>\n<meta property=\"article:modified_time\" content=\"2022-11-25T14:22:25+00:00\" \/>\n<meta property=\"og:image\" content=\"https:\/\/ihedn.fr\/wp-content\/uploads\/2022\/10\/000-\u00aeIHEDN-La-2e-session-nationale-integree-commence-le-module-2-les-acteurs-et-les-moyens-de-la-strategie-10212022-1.jpg\" \/>\n\t<meta property=\"og:image:width\" content=\"1600\" \/>\n\t<meta property=\"og:image:height\" content=\"900\" \/>\n\t<meta property=\"og:image:type\" content=\"image\/jpeg\" \/>\n<meta name=\"author\" content=\"dev\" \/>\n<meta name=\"twitter:card\" content=\"summary_large_image\" \/>\n<meta name=\"twitter:creator\" content=\"@IHEDN\" \/>\n<meta name=\"twitter:site\" content=\"@IHEDN\" \/>\n<meta name=\"twitter:label1\" content=\"Written by\" \/>\n\t<meta name=\"twitter:data1\" content=\"dev\" \/>\n\t<meta name=\"twitter:label2\" content=\"Estimated reading time\" \/>\n\t<meta name=\"twitter:data2\" content=\"2 minutes\" \/>\n<script type=\"application\/ld+json\" class=\"yoast-schema-graph\">{\"@context\":\"https:\\\/\\\/schema.org\",\"@graph\":[{\"@type\":\"Article\",\"@id\":\"https:\\\/\\\/ihedn.fr\\\/actualites-des-sessions\\\/la-majeure-enjeux-et-strategies-maritimes-en-immersion-a-euronaval\\\/#article\",\"isPartOf\":{\"@id\":\"https:\\\/\\\/ihedn.fr\\\/actualites-des-sessions\\\/la-majeure-enjeux-et-strategies-maritimes-en-immersion-a-euronaval\\\/\"},\"author\":{\"name\":\"dev\",\"@id\":\"https:\\\/\\\/ihedn.fr\\\/#\\\/schema\\\/person\\\/7a40155595e4efb35323447cb8c8c5a4\"},\"headline\":\"La majeure \u00ab\u00a0Enjeux et strat\u00e9gies maritimes\u00a0\u00bb en immersion \u00e0 EURONAVAL\",\"datePublished\":\"2022-10-24T07:02:05+00:00\",\"dateModified\":\"2022-11-25T14:22:25+00:00\",\"mainEntityOfPage\":{\"@id\":\"https:\\\/\\\/ihedn.fr\\\/actualites-des-sessions\\\/la-majeure-enjeux-et-strategies-maritimes-en-immersion-a-euronaval\\\/\"},\"wordCount\":235,\"publisher\":{\"@id\":\"https:\\\/\\\/ihedn.fr\\\/#organization\"},\"image\":{\"@id\":\"https:\\\/\\\/ihedn.fr\\\/actualites-des-sessions\\\/la-majeure-enjeux-et-strategies-maritimes-en-immersion-a-euronaval\\\/#primaryimage\"},\"thumbnailUrl\":\"https:\\\/\\\/ihedn.fr\\\/wp-content\\\/uploads\\\/2022\\\/10\\\/000-\u00aeIHEDN-La-2e-session-nationale-integree-commence-le-module-2-les-acteurs-et-les-moyens-de-la-strategie-10212022-1.jpg\",\"articleSection\":[\"Notre actualit\u00e9\"],\"inLanguage\":\"en-GB\"},{\"@type\":\"WebPage\",\"@id\":\"https:\\\/\\\/ihedn.fr\\\/actualites-des-sessions\\\/la-majeure-enjeux-et-strategies-maritimes-en-immersion-a-euronaval\\\/\",\"url\":\"https:\\\/\\\/ihedn.fr\\\/actualites-des-sessions\\\/la-majeure-enjeux-et-strategies-maritimes-en-immersion-a-euronaval\\\/\",\"name\":\"La majeure \\\"Enjeux et strat\u00e9gies maritimes\\\" en immersion \u00e0 EURONAVAL - L&#039;IHEDN : Institut des hautes \u00e9tudes de d\u00e9fense nationale\",\"isPartOf\":{\"@id\":\"https:\\\/\\\/ihedn.fr\\\/#website\"},\"primaryImageOfPage\":{\"@id\":\"https:\\\/\\\/ihedn.fr\\\/actualites-des-sessions\\\/la-majeure-enjeux-et-strategies-maritimes-en-immersion-a-euronaval\\\/#primaryimage\"},\"image\":{\"@id\":\"https:\\\/\\\/ihedn.fr\\\/actualites-des-sessions\\\/la-majeure-enjeux-et-strategies-maritimes-en-immersion-a-euronaval\\\/#primaryimage\"},\"thumbnailUrl\":\"https:\\\/\\\/ihedn.fr\\\/wp-content\\\/uploads\\\/2022\\\/10\\\/000-\u00aeIHEDN-La-2e-session-nationale-integree-commence-le-module-2-les-acteurs-et-les-moyens-de-la-strategie-10212022-1.jpg\",\"datePublished\":\"2022-10-24T07:02:05+00:00\",\"dateModified\":\"2022-11-25T14:22:25+00:00\",\"breadcrumb\":{\"@id\":\"https:\\\/\\\/ihedn.fr\\\/actualites-des-sessions\\\/la-majeure-enjeux-et-strategies-maritimes-en-immersion-a-euronaval\\\/#breadcrumb\"},\"inLanguage\":\"en-GB\",\"potentialAction\":[{\"@type\":\"ReadAction\",\"target\":[\"https:\\\/\\\/ihedn.fr\\\/actualites-des-sessions\\\/la-majeure-enjeux-et-strategies-maritimes-en-immersion-a-euronaval\\\/\"]}]},{\"@type\":\"ImageObject\",\"inLanguage\":\"en-GB\",\"@id\":\"https:\\\/\\\/ihedn.fr\\\/actualites-des-sessions\\\/la-majeure-enjeux-et-strategies-maritimes-en-immersion-a-euronaval\\\/#primaryimage\",\"url\":\"https:\\\/\\\/ihedn.fr\\\/wp-content\\\/uploads\\\/2022\\\/10\\\/000-\u00aeIHEDN-La-2e-session-nationale-integree-commence-le-module-2-les-acteurs-et-les-moyens-de-la-strategie-10212022-1.jpg\",\"contentUrl\":\"https:\\\/\\\/ihedn.fr\\\/wp-content\\\/uploads\\\/2022\\\/10\\\/000-\u00aeIHEDN-La-2e-session-nationale-integree-commence-le-module-2-les-acteurs-et-les-moyens-de-la-strategie-10212022-1.jpg\",\"width\":1600,\"height\":900},{\"@type\":\"BreadcrumbList\",\"@id\":\"https:\\\/\\\/ihedn.fr\\\/actualites-des-sessions\\\/la-majeure-enjeux-et-strategies-maritimes-en-immersion-a-euronaval\\\/#breadcrumb\",\"itemListElement\":[{\"@type\":\"ListItem\",\"position\":1,\"name\":\"Accueil\",\"item\":\"https:\\\/\\\/ihedn.fr\\\/\"},{\"@type\":\"ListItem\",\"position\":2,\"name\":\"La majeure \u00ab\u00a0Enjeux et strat\u00e9gies maritimes\u00a0\u00bb en immersion \u00e0 EURONAVAL\"}]},{\"@type\":\"WebSite\",\"@id\":\"https:\\\/\\\/ihedn.fr\\\/#website\",\"url\":\"https:\\\/\\\/ihedn.fr\\\/\",\"name\":\"IHEDN : Institut des hautes \u00e9tudes de d\u00e9fense nationale |\",\"description\":\"Site officiel de l&#039;IHEDN plac\u00e9 sous la tutelle du Premier ministre.\",\"publisher\":{\"@id\":\"https:\\\/\\\/ihedn.fr\\\/#organization\"},\"potentialAction\":[{\"@type\":\"SearchAction\",\"target\":{\"@type\":\"EntryPoint\",\"urlTemplate\":\"https:\\\/\\\/ihedn.fr\\\/?s={search_term_string}\"},\"query-input\":{\"@type\":\"PropertyValueSpecification\",\"valueRequired\":true,\"valueName\":\"search_term_string\"}}],\"inLanguage\":\"en-GB\"},{\"@type\":\"Organization\",\"@id\":\"https:\\\/\\\/ihedn.fr\\\/#organization\",\"name\":\"IHEDN - Institut des Hautes Etudes de D\u00e9fense Nationale\",\"url\":\"https:\\\/\\\/ihedn.fr\\\/\",\"logo\":{\"@type\":\"ImageObject\",\"inLanguage\":\"en-GB\",\"@id\":\"https:\\\/\\\/ihedn.fr\\\/#\\\/schema\\\/logo\\\/image\\\/\",\"url\":\"https:\\\/\\\/ihedn.fr\\\/wp-content\\\/uploads\\\/2020\\\/11\\\/BLOC_RF_IHEDN_WEB.png\",\"contentUrl\":\"https:\\\/\\\/ihedn.fr\\\/wp-content\\\/uploads\\\/2020\\\/11\\\/BLOC_RF_IHEDN_WEB.png\",\"width\":500,\"height\":237,\"caption\":\"IHEDN - Institut des Hautes Etudes de D\u00e9fense Nationale\"},\"image\":{\"@id\":\"https:\\\/\\\/ihedn.fr\\\/#\\\/schema\\\/logo\\\/image\\\/\"},\"sameAs\":[\"https:\\\/\\\/www.facebook.com\\\/ihedn\\\/\",\"https:\\\/\\\/x.com\\\/IHEDN\",\"https:\\\/\\\/www.instagram.com\\\/ihedn\\\/\",\"https:\\\/\\\/www.linkedin.com\\\/school\\\/ihedn\\\/\",\"https:\\\/\\\/fr.wikipedia.org\\\/wiki\\\/Institut_des_hautes_\u00e9tudes_de_D\u00e9fense_nationale\"]},{\"@type\":\"Person\",\"@id\":\"https:\\\/\\\/ihedn.fr\\\/#\\\/schema\\\/person\\\/7a40155595e4efb35323447cb8c8c5a4\",\"name\":\"dev\",\"image\":{\"@type\":\"ImageObject\",\"inLanguage\":\"en-GB\",\"@id\":\"https:\\\/\\\/secure.gravatar.com\\\/avatar\\\/f1ffcac9ca2fa95ad3ec33e9be3ade82f752acb0cabe541e56c5889225afa88a?s=96&d=mm&r=g\",\"url\":\"https:\\\/\\\/secure.gravatar.com\\\/avatar\\\/f1ffcac9ca2fa95ad3ec33e9be3ade82f752acb0cabe541e56c5889225afa88a?s=96&d=mm&r=g\",\"contentUrl\":\"https:\\\/\\\/secure.gravatar.com\\\/avatar\\\/f1ffcac9ca2fa95ad3ec33e9be3ade82f752acb0cabe541e56c5889225afa88a?s=96&d=mm&r=g\",\"caption\":\"dev\"},\"sameAs\":[\"https:\\\/\\\/ihedn.concilium.click\"],\"url\":\"https:\\\/\\\/ihedn.fr\\\/en\\\/author\\\/dev\\\/\"}]}<\/script>\n<!-- \/ Yoast SEO plugin. -->","yoast_head_json":{"title":"The \"Maritime Issues and Strategies\" major immersed in EURONAVAL - L'IHEDN : Institut des hautes \u00e9tudes de d\u00e9fense nationale (Graduate Institute of National Defence)","robots":{"index":"index","follow":"follow","max-snippet":"max-snippet:-1","max-image-preview":"max-image-preview:large","max-video-preview":"max-video-preview:-1"},"canonical":"https:\/\/ihedn.fr\/en\/actualites-des-sessions\/la-majeure-enjeux-et-strategies-maritimes-en-immersion-a-euronaval\/","og_locale":"en_GB","og_type":"article","og_title":"La majeure \"Enjeux et strat\u00e9gies maritimes\" en immersion \u00e0 EURONAVAL - L&#039;IHEDN : Institut des hautes \u00e9tudes de d\u00e9fense nationale","og_description":"En plein module sur \u00ab\u00a0les acteurs et les moyens de la strat\u00e9gie\u00a0\u00bb, les auditeurs de la majeure \u00ab\u00a0Enjeux et strat\u00e9gies maritimes\u00a0\u00bb de la 2e session nationale se sont rendus \u00e0 EURONAVAL pour s\u2019immerger dans la BITD* navale. *Base industrielle et technologique de d\u00e9fense. Les auditeurs autour de la maquette du porte-avions de nouvelle g\u00e9n\u00e9ration Ils [&hellip;]","og_url":"https:\/\/ihedn.fr\/en\/actualites-des-sessions\/la-majeure-enjeux-et-strategies-maritimes-en-immersion-a-euronaval\/","og_site_name":"L&#039;IHEDN : Institut des hautes \u00e9tudes de d\u00e9fense nationale","article_publisher":"https:\/\/www.facebook.com\/ihedn\/","article_published_time":"2022-10-24T07:02:05+00:00","article_modified_time":"2022-11-25T14:22:25+00:00","og_image":[{"width":1600,"height":900,"url":"https:\/\/ihedn.fr\/wp-content\/uploads\/2022\/10\/000-\u00aeIHEDN-La-2e-session-nationale-integree-commence-le-module-2-les-acteurs-et-les-moyens-de-la-strategie-10212022-1.jpg","type":"image\/jpeg"}],"author":"dev","twitter_card":"summary_large_image","twitter_creator":"@IHEDN","twitter_site":"@IHEDN","twitter_misc":{"Written by":"dev","Estimated reading time":"2 minutes"},"schema":{"@context":"https:\/\/schema.org","@graph":[{"@type":"Article","@id":"https:\/\/ihedn.fr\/actualites-des-sessions\/la-majeure-enjeux-et-strategies-maritimes-en-immersion-a-euronaval\/#article","isPartOf":{"@id":"https:\/\/ihedn.fr\/actualites-des-sessions\/la-majeure-enjeux-et-strategies-maritimes-en-immersion-a-euronaval\/"},"author":{"name":"dev","@id":"https:\/\/ihedn.fr\/#\/schema\/person\/7a40155595e4efb35323447cb8c8c5a4"},"headline":"La majeure \u00ab\u00a0Enjeux et strat\u00e9gies maritimes\u00a0\u00bb en immersion \u00e0 EURONAVAL","datePublished":"2022-10-24T07:02:05+00:00","dateModified":"2022-11-25T14:22:25+00:00","mainEntityOfPage":{"@id":"https:\/\/ihedn.fr\/actualites-des-sessions\/la-majeure-enjeux-et-strategies-maritimes-en-immersion-a-euronaval\/"},"wordCount":235,"publisher":{"@id":"https:\/\/ihedn.fr\/#organization"},"image":{"@id":"https:\/\/ihedn.fr\/actualites-des-sessions\/la-majeure-enjeux-et-strategies-maritimes-en-immersion-a-euronaval\/#primaryimage"},"thumbnailUrl":"https:\/\/ihedn.fr\/wp-content\/uploads\/2022\/10\/000-\u00aeIHEDN-La-2e-session-nationale-integree-commence-le-module-2-les-acteurs-et-les-moyens-de-la-strategie-10212022-1.jpg","articleSection":["Notre actualit\u00e9"],"inLanguage":"en-GB"},{"@type":"WebPage","@id":"https:\/\/ihedn.fr\/actualites-des-sessions\/la-majeure-enjeux-et-strategies-maritimes-en-immersion-a-euronaval\/","url":"https:\/\/ihedn.fr\/actualites-des-sessions\/la-majeure-enjeux-et-strategies-maritimes-en-immersion-a-euronaval\/","name":"The \"Maritime Issues and Strategies\" major immersed in EURONAVAL - L'IHEDN : Institut des hautes \u00e9tudes de d\u00e9fense nationale (Graduate Institute of National Defence)","isPartOf":{"@id":"https:\/\/ihedn.fr\/#website"},"primaryImageOfPage":{"@id":"https:\/\/ihedn.fr\/actualites-des-sessions\/la-majeure-enjeux-et-strategies-maritimes-en-immersion-a-euronaval\/#primaryimage"},"image":{"@id":"https:\/\/ihedn.fr\/actualites-des-sessions\/la-majeure-enjeux-et-strategies-maritimes-en-immersion-a-euronaval\/#primaryimage"},"thumbnailUrl":"https:\/\/ihedn.fr\/wp-content\/uploads\/2022\/10\/000-\u00aeIHEDN-La-2e-session-nationale-integree-commence-le-module-2-les-acteurs-et-les-moyens-de-la-strategie-10212022-1.jpg","datePublished":"2022-10-24T07:02:05+00:00","dateModified":"2022-11-25T14:22:25+00:00","breadcrumb":{"@id":"https:\/\/ihedn.fr\/actualites-des-sessions\/la-majeure-enjeux-et-strategies-maritimes-en-immersion-a-euronaval\/#breadcrumb"},"inLanguage":"en-GB","potentialAction":[{"@type":"ReadAction","target":["https:\/\/ihedn.fr\/actualites-des-sessions\/la-majeure-enjeux-et-strategies-maritimes-en-immersion-a-euronaval\/"]}]},{"@type":"ImageObject","inLanguage":"en-GB","@id":"https:\/\/ihedn.fr\/actualites-des-sessions\/la-majeure-enjeux-et-strategies-maritimes-en-immersion-a-euronaval\/#primaryimage","url":"https:\/\/ihedn.fr\/wp-content\/uploads\/2022\/10\/000-\u00aeIHEDN-La-2e-session-nationale-integree-commence-le-module-2-les-acteurs-et-les-moyens-de-la-strategie-10212022-1.jpg","contentUrl":"https:\/\/ihedn.fr\/wp-content\/uploads\/2022\/10\/000-\u00aeIHEDN-La-2e-session-nationale-integree-commence-le-module-2-les-acteurs-et-les-moyens-de-la-strategie-10212022-1.jpg","width":1600,"height":900},{"@type":"BreadcrumbList","@id":"https:\/\/ihedn.fr\/actualites-des-sessions\/la-majeure-enjeux-et-strategies-maritimes-en-immersion-a-euronaval\/#breadcrumb","itemListElement":[{"@type":"ListItem","position":1,"name":"Accueil","item":"https:\/\/ihedn.fr\/"},{"@type":"ListItem","position":2,"name":"La majeure \u00ab\u00a0Enjeux et strat\u00e9gies maritimes\u00a0\u00bb en immersion \u00e0 EURONAVAL"}]},{"@type":"WebSite","@id":"https:\/\/ihedn.fr\/#website","url":"https:\/\/ihedn.fr\/","name":"IHEDN: Institut des hautes \u00e9tudes de d\u00e9fense nationale (Institute for Higher National Defence Studies)","description":"Official website of the IHEDN under the supervision of the Prime Minister.","publisher":{"@id":"https:\/\/ihedn.fr\/#organization"},"potentialAction":[{"@type":"SearchAction","target":{"@type":"EntryPoint","urlTemplate":"https:\/\/ihedn.fr\/?s={search_term_string}"},"query-input":{"@type":"PropertyValueSpecification","valueRequired":true,"valueName":"search_term_string"}}],"inLanguage":"en-GB"},{"@type":"Organization","@id":"https:\/\/ihedn.fr\/#organization","name":"IHEDN - Institute for Higher National Defence Studies","url":"https:\/\/ihedn.fr\/","logo":{"@type":"ImageObject","inLanguage":"en-GB","@id":"https:\/\/ihedn.fr\/#\/schema\/logo\/image\/","url":"https:\/\/ihedn.fr\/wp-content\/uploads\/2020\/11\/BLOC_RF_IHEDN_WEB.png","contentUrl":"https:\/\/ihedn.fr\/wp-content\/uploads\/2020\/11\/BLOC_RF_IHEDN_WEB.png","width":500,"height":237,"caption":"IHEDN - Institut des Hautes Etudes de D\u00e9fense Nationale"},"image":{"@id":"https:\/\/ihedn.fr\/#\/schema\/logo\/image\/"},"sameAs":["https:\/\/www.facebook.com\/ihedn\/","https:\/\/x.com\/IHEDN","https:\/\/www.instagram.com\/ihedn\/","https:\/\/www.linkedin.com\/school\/ihedn\/","https:\/\/fr.wikipedia.org\/wiki\/Institut_des_hautes_\u00e9tudes_de_D\u00e9fense_nationale"]},{"@type":"Person","@id":"https:\/\/ihedn.fr\/#\/schema\/person\/7a40155595e4efb35323447cb8c8c5a4","name":"dev","image":{"@type":"ImageObject","inLanguage":"en-GB","@id":"https:\/\/secure.gravatar.com\/avatar\/f1ffcac9ca2fa95ad3ec33e9be3ade82f752acb0cabe541e56c5889225afa88a?s=96&d=mm&r=g","url":"https:\/\/secure.gravatar.com\/avatar\/f1ffcac9ca2fa95ad3ec33e9be3ade82f752acb0cabe541e56c5889225afa88a?s=96&d=mm&r=g","contentUrl":"https:\/\/secure.gravatar.com\/avatar\/f1ffcac9ca2fa95ad3ec33e9be3ade82f752acb0cabe541e56c5889225afa88a?s=96&d=mm&r=g","caption":"dev"},"sameAs":["https:\/\/ihedn.concilium.click"],"url":"https:\/\/ihedn.fr\/en\/author\/dev\/"}]}},"publishpress_future_action":{"enabled":false,"date":"2026-05-09 12:43:43","action":"change-status","newStatus":"draft","terms":[],"taxonomy":"category","extraData":[]},"publishpress_future_workflow_manual_trigger":{"enabledWorkflows":[]},"_links":{"self":[{"href":"https:\/\/ihedn.fr\/en\/wp-json\/wp\/v2\/posts\/26916","targetHints":{"allow":["GET"]}}],"collection":[{"href":"https:\/\/ihedn.fr\/en\/wp-json\/wp\/v2\/posts"}],"about":[{"href":"https:\/\/ihedn.fr\/en\/wp-json\/wp\/v2\/types\/post"}],"author":[{"embeddable":true,"href":"https:\/\/ihedn.fr\/en\/wp-json\/wp\/v2\/users\/1"}],"replies":[{"embeddable":true,"href":"https:\/\/ihedn.fr\/en\/wp-json\/wp\/v2\/comments?post=26916"}],"version-history":[{"count":9,"href":"https:\/\/ihedn.fr\/en\/wp-json\/wp\/v2\/posts\/26916\/revisions"}],"predecessor-version":[{"id":27098,"href":"https:\/\/ihedn.fr\/en\/wp-json\/wp\/v2\/posts\/26916\/revisions\/27098"}],"wp:featuredmedia":[{"embeddable":true,"href":"https:\/\/ihedn.fr\/en\/wp-json\/wp\/v2\/media\/27070"}],"wp:attachment":[{"href":"https:\/\/ihedn.fr\/en\/wp-json\/wp\/v2\/media?parent=26916"}],"wp:term":[{"taxonomy":"category","embeddable":true,"href":"https:\/\/ihedn.fr\/en\/wp-json\/wp\/v2\/categories?post=26916"},{"taxonomy":"post_tag","embeddable":true,"href":"https:\/\/ihedn.fr\/en\/wp-json\/wp\/v2\/tags?post=26916"}],"curies":[{"name":"wp","href":"https:\/\/api.w.org\/{rel}","templated":true}]}}