{"id":26952,"date":"2022-10-21T16:27:32","date_gmt":"2022-10-21T15:27:32","guid":{"rendered":"https:\/\/ihedn.fr\/?p=26952"},"modified":"2022-11-25T15:22:25","modified_gmt":"2022-11-25T14:22:25","slug":"la-majeure-defense-et-securite-economiques-en-immersion-a-bordeaux","status":"publish","type":"post","link":"https:\/\/ihedn.fr\/en\/notre-actualite\/la-majeure-defense-et-securite-economiques-en-immersion-a-bordeaux\/","title":{"rendered":"The Defence and Economic Security major immersed in Bordeaux"},"content":{"rendered":"<div data-elementor-type=\"wp-post\" data-elementor-id=\"26952\" class=\"elementor elementor-26952\" data-elementor-post-type=\"post\">\n\t\t\t\t\t\t<section data-particle_enable=\"false\" data-particle-mobile-disabled=\"false\" class=\"elementor-section elementor-top-section elementor-element elementor-element-d16ae78 elementor-section-boxed elementor-section-height-default elementor-section-height-default\" data-id=\"d16ae78\" data-element_type=\"section\" data-e-type=\"section\">\n\t\t\t\t\t\t<div class=\"elementor-container elementor-column-gap-default\">\n\t\t\t\t\t<div class=\"elementor-column elementor-col-100 elementor-top-column elementor-element elementor-element-803f05d\" data-id=\"803f05d\" data-element_type=\"column\" data-e-type=\"column\">\n\t\t\t<div class=\"elementor-widget-wrap elementor-element-populated\">\n\t\t\t\t\t\t<div class=\"elementor-element elementor-element-6ce77c7 elementor-widget elementor-widget-heading\" data-id=\"6ce77c7\" data-element_type=\"widget\" data-e-type=\"widget\" data-widget_type=\"heading.default\">\n\t\t\t\t<div class=\"elementor-widget-container\">\n\t\t\t\t\t<h1 class=\"elementor-heading-title elementor-size-default\">The Defence and Economic Security major immersed in Bordeaux<\/h1>\t\t\t\t<\/div>\n\t\t\t\t<\/div>\n\t\t\t\t\t<\/div>\n\t\t<\/div>\n\t\t\t\t\t<\/div>\n\t\t<\/section>\n\t\t\t\t<section data-particle_enable=\"false\" data-particle-mobile-disabled=\"false\" class=\"elementor-section elementor-top-section elementor-element elementor-element-307dca8 elementor-section-boxed elementor-section-height-default elementor-section-height-default\" data-id=\"307dca8\" data-element_type=\"section\" data-e-type=\"section\">\n\t\t\t\t\t\t<div class=\"elementor-container elementor-column-gap-default\">\n\t\t\t\t\t<div class=\"elementor-column elementor-col-100 elementor-top-column elementor-element elementor-element-ce69a42\" data-id=\"ce69a42\" data-element_type=\"column\" data-e-type=\"column\">\n\t\t\t<div class=\"elementor-widget-wrap elementor-element-populated\">\n\t\t\t\t\t\t<div class=\"elementor-element elementor-element-6582828 elementor-widget elementor-widget-text-editor\" data-id=\"6582828\" data-element_type=\"widget\" data-e-type=\"widget\" data-widget_type=\"text-editor.default\">\n\t\t\t\t<div class=\"elementor-widget-container\">\n\t\t\t\t\t\t\t\t\t<p><em><span style=\"color: #034b7b;\"><strong>From 19 to 21 October 2022, the 36 students in the IHEDN's \"Economic Defence and Security\" major travelled to Bordeaux to find out about the players and resources involved in economic strategy in the Nouvelle Aquitaine region.<\/strong><\/span><\/em><\/p>\t\t\t\t\t\t\t\t<\/div>\n\t\t\t\t<\/div>\n\t\t\t\t<section data-particle_enable=\"false\" data-particle-mobile-disabled=\"false\" class=\"elementor-section elementor-inner-section elementor-element elementor-element-54aacd8 elementor-section-boxed elementor-section-height-default elementor-section-height-default\" data-id=\"54aacd8\" data-element_type=\"section\" data-e-type=\"section\">\n\t\t\t\t\t\t<div class=\"elementor-container elementor-column-gap-default\">\n\t\t\t\t\t<div class=\"elementor-column elementor-col-50 elementor-inner-column elementor-element elementor-element-e8be7c8\" data-id=\"e8be7c8\" data-element_type=\"column\" data-e-type=\"column\">\n\t\t\t<div class=\"elementor-widget-wrap elementor-element-populated\">\n\t\t\t\t\t\t<div class=\"elementor-element elementor-element-37ced10 elementor-widget elementor-widget-image\" data-id=\"37ced10\" data-element_type=\"widget\" data-e-type=\"widget\" data-widget_type=\"image.default\">\n\t\t\t\t<div class=\"elementor-widget-container\">\n\t\t\t\t\t\t\t\t\t\t\t\t<figure class=\"wp-caption\">\n\t\t\t\t\t\t\t\t\t\t<img fetchpriority=\"high\" decoding=\"async\" width=\"1100\" height=\"733\" src=\"https:\/\/ihedn.fr\/wp-content\/uploads\/2022\/10\/001-\u00aeIHEDN-DSE-20221026.jpg\" class=\"attachment-full size-full wp-image-27010\" alt=\"\" \/>\t\t\t\t\t\t\t\t\t\t\t<figcaption class=\"widget-image-caption wp-caption-text\">Science Photo Library \/ Landmann, Patrick<\/figcaption>\n\t\t\t\t\t\t\t\t\t\t<\/figure>\n\t\t\t\t\t\t\t\t\t<\/div>\n\t\t\t\t<\/div>\n\t\t\t\t\t<\/div>\n\t\t<\/div>\n\t\t\t\t<div class=\"elementor-column elementor-col-50 elementor-inner-column elementor-element elementor-element-0737433\" data-id=\"0737433\" data-element_type=\"column\" data-e-type=\"column\">\n\t\t\t<div class=\"elementor-widget-wrap elementor-element-populated\">\n\t\t\t\t\t\t<div class=\"elementor-element elementor-element-5745aa2 elementor-widget elementor-widget-text-editor\" data-id=\"5745aa2\" data-element_type=\"widget\" data-e-type=\"widget\" data-widget_type=\"text-editor.default\">\n\t\t\t\t<div class=\"elementor-widget-container\">\n\t\t\t\t\t\t\t\t\t<p>The Director of the Centre d'\u00c9tudes Scientifiques et Techniques de l'Aquitaine, <strong><span style=\"color: #034b7b;\">Mr St\u00e9phane Barr\u00e9<\/span><\/strong>This was a fascinating discovery, at the crossroads of fundamental physics research, French deterrence strategy and the economic life of the \"Laser Route\".<\/p>\t\t\t\t\t\t\t\t<\/div>\n\t\t\t\t<\/div>\n\t\t\t\t\t<\/div>\n\t\t<\/div>\n\t\t\t\t\t<\/div>\n\t\t<\/section>\n\t\t\t\t<section data-particle_enable=\"false\" data-particle-mobile-disabled=\"false\" class=\"elementor-section elementor-inner-section elementor-element elementor-element-5561ec8 elementor-section-boxed elementor-section-height-default elementor-section-height-default\" data-id=\"5561ec8\" data-element_type=\"section\" data-e-type=\"section\">\n\t\t\t\t\t\t<div class=\"elementor-container elementor-column-gap-default\">\n\t\t\t\t\t<div class=\"elementor-column elementor-col-50 elementor-inner-column elementor-element elementor-element-4ecbe1f\" data-id=\"4ecbe1f\" data-element_type=\"column\" data-e-type=\"column\">\n\t\t\t<div class=\"elementor-widget-wrap elementor-element-populated\">\n\t\t\t\t\t\t<div class=\"elementor-element elementor-element-5ca0a35 elementor-widget elementor-widget-text-editor\" data-id=\"5ca0a35\" data-element_type=\"widget\" data-e-type=\"widget\" data-widget_type=\"text-editor.default\">\n\t\t\t\t<div class=\"elementor-widget-container\">\n\t\t\t\t\t\t\t\t\t<p>At the Prefecture of the Nouvelle-Aquitaine region, a series of conferences - introduced by the Secretary General for Regional Affairs - will take place, <strong><span style=\"color: #034b7b;\">Mr Patrick Amoussou-Ad\u00e9bl\u00e9<\/span><\/strong> - made them aware of the economic and economic security issues at stake. Welcome from the Prefect of Nouvelle-Aquitaine, <strong><span style=\"color: #034b7b;\">Ms Fabienne Buccio<\/span><\/strong>This fascinating day was rounded off by a visit to the historic H\u00f4tel du Nesmond.<\/p><p>On the final day, the audience had the opportunity to discover the Thal\u00e8s campus in M\u00e9rignac: its director, <strong><span style=\"color: #034b7b;\">Jean-No\u00ebl Stock<\/span><\/strong>The former IHEDN auditor gave us an overview of its characteristics and missions, before taking us through the main workshops, in particular on airborne radar maintenance.<\/p>\t\t\t\t\t\t\t\t<\/div>\n\t\t\t\t<\/div>\n\t\t\t\t<div class=\"elementor-element elementor-element-f971b3e elementor-widget elementor-widget-image\" data-id=\"f971b3e\" data-element_type=\"widget\" data-e-type=\"widget\" data-widget_type=\"image.default\">\n\t\t\t\t<div class=\"elementor-widget-container\">\n\t\t\t\t\t\t\t\t\t\t\t\t<figure class=\"wp-caption\">\n\t\t\t\t\t\t\t\t\t\t<img decoding=\"async\" width=\"1453\" height=\"779\" src=\"https:\/\/ihedn.fr\/wp-content\/uploads\/2022\/10\/003-\u00aeIHEDN-DSE-20221026.jpg\" class=\"attachment-full size-full wp-image-27003\" alt=\"\" \/>\t\t\t\t\t\t\t\t\t\t\t<figcaption class=\"widget-image-caption wp-caption-text\">Presentation by the Prefect of New Aquitaine on the history of the H\u00f4tel du Nesmond <\/figcaption>\n\t\t\t\t\t\t\t\t\t\t<\/figure>\n\t\t\t\t\t\t\t\t\t<\/div>\n\t\t\t\t<\/div>\n\t\t\t\t\t<\/div>\n\t\t<\/div>\n\t\t\t\t<div class=\"elementor-column elementor-col-50 elementor-inner-column elementor-element elementor-element-c4cf40f\" data-id=\"c4cf40f\" data-element_type=\"column\" data-e-type=\"column\">\n\t\t\t<div class=\"elementor-widget-wrap elementor-element-populated\">\n\t\t\t\t\t\t<div class=\"elementor-element elementor-element-0ebed94 elementor-widget elementor-widget-image\" data-id=\"0ebed94\" data-element_type=\"widget\" data-e-type=\"widget\" data-widget_type=\"image.default\">\n\t\t\t\t<div class=\"elementor-widget-container\">\n\t\t\t\t\t\t\t\t\t\t\t\t<figure class=\"wp-caption\">\n\t\t\t\t\t\t\t\t\t\t<img decoding=\"async\" width=\"1191\" height=\"889\" src=\"https:\/\/ihedn.fr\/wp-content\/uploads\/2022\/10\/002-\u00aeIHEDN-DSE-20221026.jpg\" class=\"attachment-full size-full wp-image-27002\" alt=\"\" \/>\t\t\t\t\t\t\t\t\t\t\t<figcaption class=\"widget-image-caption wp-caption-text\">Address by Mr Amoussou-Ad\u00e8bl\u00e9 to the audience<\/figcaption>\n\t\t\t\t\t\t\t\t\t\t<\/figure>\n\t\t\t\t\t\t\t\t\t<\/div>\n\t\t\t\t<\/div>\n\t\t\t\t<div class=\"elementor-element elementor-element-0eea5c4 elementor-widget elementor-widget-image\" data-id=\"0eea5c4\" data-element_type=\"widget\" data-e-type=\"widget\" data-widget_type=\"image.default\">\n\t\t\t\t<div class=\"elementor-widget-container\">\n\t\t\t\t\t\t\t\t\t\t\t\t<figure class=\"wp-caption\">\n\t\t\t\t\t\t\t\t\t\t<img loading=\"lazy\" decoding=\"async\" width=\"800\" height=\"635\" src=\"https:\/\/ihedn.fr\/wp-content\/uploads\/2022\/10\/004-\u00aeIHEDN-DSE-20221026.jpg\" class=\"attachment-full size-full wp-image-27004\" alt=\"\" \/>\t\t\t\t\t\t\t\t\t\t\t<figcaption class=\"widget-image-caption wp-caption-text\">Presentation of the Thal\u00e8s Bordeaux campus by Jean-No\u00ebl Stock<\/figcaption>\n\t\t\t\t\t\t\t\t\t\t<\/figure>\n\t\t\t\t\t\t\t\t\t<\/div>\n\t\t\t\t<\/div>\n\t\t\t\t\t<\/div>\n\t\t<\/div>\n\t\t\t\t\t<\/div>\n\t\t<\/section>\n\t\t\t\t<div class=\"elementor-element elementor-element-ecb9e49 elementor-widget elementor-widget-text-editor\" data-id=\"ecb9e49\" data-element_type=\"widget\" data-e-type=\"widget\" data-widget_type=\"text-editor.default\">\n\t\t\t\t<div class=\"elementor-widget-container\">\n\t\t\t\t\t\t\t\t\t<p>A visit to Amplitude Laser, in the commune of Pessac, gave us an opportunity to see for ourselves the strength of the competitiveness cluster built around lasers: the site manager and director of operations, <strong><span style=\"color: #034b7b;\">Mr Pierre Rigail<\/span><\/strong> made no secret of the technological, economic, security and strategic aspects of its business.<\/p>\t\t\t\t\t\t\t\t<\/div>\n\t\t\t\t<\/div>\n\t\t\t\t\t<\/div>\n\t\t<\/div>\n\t\t\t\t\t<\/div>\n\t\t<\/section>\n\t\t\t\t<\/div>","protected":false},"excerpt":{"rendered":"<p>Du 19 au 21 octobre 2022, les 36 auditeurs de la majeure \u00ab\u00a0D\u00e9fense et S\u00e9curit\u00e9 Economiques\u00a0\u00bb de l\u2019IHEDN se sont rendus \u00e0 Bordeaux pour y d\u00e9couvrir les acteurs et les moyens de la strat\u00e9gie \u00e9conomique en Nouvelle Aquitaine. Science Photo Library \/ Landmann, Patrick Au Centre d\u2019\u00c9tudes Scientifiques et Techniques de l\u2019Aquitaine, le directeur, M. [&hellip;]<\/p>\n","protected":false},"author":1,"featured_media":27003,"comment_status":"closed","ping_status":"closed","sticky":false,"template":"","format":"standard","meta":{"footnotes":""},"categories":[172],"tags":[],"class_list":["post-26952","post","type-post","status-publish","format-standard","has-post-thumbnail","hentry","category-notre-actualite"],"yoast_head":"<!-- This site is optimized with the Yoast SEO plugin v27.5 - https:\/\/yoast.com\/product\/yoast-seo-wordpress\/ -->\n<title>La majeure D\u00e9fense et S\u00e9curit\u00e9 Economiques en immersion \u00e0 Bordeaux - L&#039;IHEDN : Institut des hautes \u00e9tudes de d\u00e9fense nationale<\/title>\n<meta name=\"robots\" content=\"index, follow, max-snippet:-1, max-image-preview:large, max-video-preview:-1\" \/>\n<link rel=\"canonical\" href=\"https:\/\/ihedn.fr\/en\/actualites-des-sessions\/la-majeure-defense-et-securite-economiques-en-immersion-a-bordeaux\/\" \/>\n<meta property=\"og:locale\" content=\"en_GB\" \/>\n<meta property=\"og:type\" content=\"article\" \/>\n<meta property=\"og:title\" content=\"La majeure D\u00e9fense et S\u00e9curit\u00e9 Economiques en immersion \u00e0 Bordeaux - L&#039;IHEDN : Institut des hautes \u00e9tudes de d\u00e9fense nationale\" \/>\n<meta property=\"og:description\" content=\"Du 19 au 21 octobre 2022, les 36 auditeurs de la majeure \u00ab\u00a0D\u00e9fense et S\u00e9curit\u00e9 Economiques\u00a0\u00bb de l\u2019IHEDN se sont rendus \u00e0 Bordeaux pour y d\u00e9couvrir les acteurs et les moyens de la strat\u00e9gie \u00e9conomique en Nouvelle Aquitaine. Science Photo Library \/ Landmann, Patrick Au Centre d\u2019\u00c9tudes Scientifiques et Techniques de l\u2019Aquitaine, le directeur, M. [&hellip;]\" \/>\n<meta property=\"og:url\" content=\"https:\/\/ihedn.fr\/en\/actualites-des-sessions\/la-majeure-defense-et-securite-economiques-en-immersion-a-bordeaux\/\" \/>\n<meta property=\"og:site_name\" content=\"L&#039;IHEDN : Institut des hautes \u00e9tudes de d\u00e9fense nationale\" \/>\n<meta property=\"article:publisher\" content=\"https:\/\/www.facebook.com\/ihedn\/\" \/>\n<meta property=\"article:published_time\" content=\"2022-10-21T15:27:32+00:00\" \/>\n<meta property=\"article:modified_time\" content=\"2022-11-25T14:22:25+00:00\" \/>\n<meta property=\"og:image\" content=\"https:\/\/ihedn.fr\/wp-content\/uploads\/2022\/10\/003-\u00aeIHEDN-DSE-20221026.jpg\" \/>\n\t<meta property=\"og:image:width\" content=\"1453\" \/>\n\t<meta property=\"og:image:height\" content=\"779\" \/>\n\t<meta property=\"og:image:type\" content=\"image\/jpeg\" \/>\n<meta name=\"author\" content=\"dev\" \/>\n<meta name=\"twitter:card\" content=\"summary_large_image\" \/>\n<meta name=\"twitter:creator\" content=\"@IHEDN\" \/>\n<meta name=\"twitter:site\" content=\"@IHEDN\" \/>\n<meta name=\"twitter:label1\" content=\"Written by\" \/>\n\t<meta name=\"twitter:data1\" content=\"dev\" \/>\n\t<meta name=\"twitter:label2\" content=\"Estimated reading time\" \/>\n\t<meta name=\"twitter:data2\" content=\"3 minutes\" \/>\n<script type=\"application\/ld+json\" class=\"yoast-schema-graph\">{\"@context\":\"https:\\\/\\\/schema.org\",\"@graph\":[{\"@type\":\"Article\",\"@id\":\"https:\\\/\\\/ihedn.fr\\\/en\\\/actualites-des-sessions\\\/la-majeure-defense-et-securite-economiques-en-immersion-a-bordeaux\\\/#article\",\"isPartOf\":{\"@id\":\"https:\\\/\\\/ihedn.fr\\\/en\\\/actualites-des-sessions\\\/la-majeure-defense-et-securite-economiques-en-immersion-a-bordeaux\\\/\"},\"author\":{\"name\":\"dev\",\"@id\":\"https:\\\/\\\/ihedn.fr\\\/#\\\/schema\\\/person\\\/7a40155595e4efb35323447cb8c8c5a4\"},\"headline\":\"La majeure D\u00e9fense et S\u00e9curit\u00e9 Economiques en immersion \u00e0 Bordeaux\",\"datePublished\":\"2022-10-21T15:27:32+00:00\",\"dateModified\":\"2022-11-25T14:22:25+00:00\",\"mainEntityOfPage\":{\"@id\":\"https:\\\/\\\/ihedn.fr\\\/en\\\/actualites-des-sessions\\\/la-majeure-defense-et-securite-economiques-en-immersion-a-bordeaux\\\/\"},\"wordCount\":347,\"publisher\":{\"@id\":\"https:\\\/\\\/ihedn.fr\\\/#organization\"},\"image\":{\"@id\":\"https:\\\/\\\/ihedn.fr\\\/en\\\/actualites-des-sessions\\\/la-majeure-defense-et-securite-economiques-en-immersion-a-bordeaux\\\/#primaryimage\"},\"thumbnailUrl\":\"https:\\\/\\\/ihedn.fr\\\/wp-content\\\/uploads\\\/2022\\\/10\\\/003-\u00aeIHEDN-DSE-20221026.jpg\",\"articleSection\":[\"Notre actualit\u00e9\"],\"inLanguage\":\"en-GB\"},{\"@type\":\"WebPage\",\"@id\":\"https:\\\/\\\/ihedn.fr\\\/en\\\/actualites-des-sessions\\\/la-majeure-defense-et-securite-economiques-en-immersion-a-bordeaux\\\/\",\"url\":\"https:\\\/\\\/ihedn.fr\\\/en\\\/actualites-des-sessions\\\/la-majeure-defense-et-securite-economiques-en-immersion-a-bordeaux\\\/\",\"name\":\"La majeure D\u00e9fense et S\u00e9curit\u00e9 Economiques en immersion \u00e0 Bordeaux - L&#039;IHEDN : Institut des hautes \u00e9tudes de d\u00e9fense nationale\",\"isPartOf\":{\"@id\":\"https:\\\/\\\/ihedn.fr\\\/#website\"},\"primaryImageOfPage\":{\"@id\":\"https:\\\/\\\/ihedn.fr\\\/en\\\/actualites-des-sessions\\\/la-majeure-defense-et-securite-economiques-en-immersion-a-bordeaux\\\/#primaryimage\"},\"image\":{\"@id\":\"https:\\\/\\\/ihedn.fr\\\/en\\\/actualites-des-sessions\\\/la-majeure-defense-et-securite-economiques-en-immersion-a-bordeaux\\\/#primaryimage\"},\"thumbnailUrl\":\"https:\\\/\\\/ihedn.fr\\\/wp-content\\\/uploads\\\/2022\\\/10\\\/003-\u00aeIHEDN-DSE-20221026.jpg\",\"datePublished\":\"2022-10-21T15:27:32+00:00\",\"dateModified\":\"2022-11-25T14:22:25+00:00\",\"breadcrumb\":{\"@id\":\"https:\\\/\\\/ihedn.fr\\\/en\\\/actualites-des-sessions\\\/la-majeure-defense-et-securite-economiques-en-immersion-a-bordeaux\\\/#breadcrumb\"},\"inLanguage\":\"en-GB\",\"potentialAction\":[{\"@type\":\"ReadAction\",\"target\":[\"https:\\\/\\\/ihedn.fr\\\/en\\\/actualites-des-sessions\\\/la-majeure-defense-et-securite-economiques-en-immersion-a-bordeaux\\\/\"]}]},{\"@type\":\"ImageObject\",\"inLanguage\":\"en-GB\",\"@id\":\"https:\\\/\\\/ihedn.fr\\\/en\\\/actualites-des-sessions\\\/la-majeure-defense-et-securite-economiques-en-immersion-a-bordeaux\\\/#primaryimage\",\"url\":\"https:\\\/\\\/ihedn.fr\\\/wp-content\\\/uploads\\\/2022\\\/10\\\/003-\u00aeIHEDN-DSE-20221026.jpg\",\"contentUrl\":\"https:\\\/\\\/ihedn.fr\\\/wp-content\\\/uploads\\\/2022\\\/10\\\/003-\u00aeIHEDN-DSE-20221026.jpg\",\"width\":1453,\"height\":779,\"caption\":\"Expos\u00e9 de la pr\u00e9f\u00e8te de Nouvelle Aquitaine sur l\u2019histoire de l\u2019h\u00f4tel du Nesmond\"},{\"@type\":\"BreadcrumbList\",\"@id\":\"https:\\\/\\\/ihedn.fr\\\/en\\\/actualites-des-sessions\\\/la-majeure-defense-et-securite-economiques-en-immersion-a-bordeaux\\\/#breadcrumb\",\"itemListElement\":[{\"@type\":\"ListItem\",\"position\":1,\"name\":\"Accueil\",\"item\":\"https:\\\/\\\/ihedn.fr\\\/\"},{\"@type\":\"ListItem\",\"position\":2,\"name\":\"La majeure D\u00e9fense et S\u00e9curit\u00e9 Economiques en immersion \u00e0 Bordeaux\"}]},{\"@type\":\"WebSite\",\"@id\":\"https:\\\/\\\/ihedn.fr\\\/#website\",\"url\":\"https:\\\/\\\/ihedn.fr\\\/\",\"name\":\"IHEDN : Institut des hautes \u00e9tudes de d\u00e9fense nationale |\",\"description\":\"Site officiel de l&#039;IHEDN plac\u00e9 sous la tutelle du Premier ministre.\",\"publisher\":{\"@id\":\"https:\\\/\\\/ihedn.fr\\\/#organization\"},\"potentialAction\":[{\"@type\":\"SearchAction\",\"target\":{\"@type\":\"EntryPoint\",\"urlTemplate\":\"https:\\\/\\\/ihedn.fr\\\/?s={search_term_string}\"},\"query-input\":{\"@type\":\"PropertyValueSpecification\",\"valueRequired\":true,\"valueName\":\"search_term_string\"}}],\"inLanguage\":\"en-GB\"},{\"@type\":\"Organization\",\"@id\":\"https:\\\/\\\/ihedn.fr\\\/#organization\",\"name\":\"IHEDN - Institut des Hautes Etudes de D\u00e9fense Nationale\",\"url\":\"https:\\\/\\\/ihedn.fr\\\/\",\"logo\":{\"@type\":\"ImageObject\",\"inLanguage\":\"en-GB\",\"@id\":\"https:\\\/\\\/ihedn.fr\\\/#\\\/schema\\\/logo\\\/image\\\/\",\"url\":\"https:\\\/\\\/ihedn.fr\\\/wp-content\\\/uploads\\\/2020\\\/11\\\/BLOC_RF_IHEDN_WEB.png\",\"contentUrl\":\"https:\\\/\\\/ihedn.fr\\\/wp-content\\\/uploads\\\/2020\\\/11\\\/BLOC_RF_IHEDN_WEB.png\",\"width\":500,\"height\":237,\"caption\":\"IHEDN - Institut des Hautes Etudes de D\u00e9fense Nationale\"},\"image\":{\"@id\":\"https:\\\/\\\/ihedn.fr\\\/#\\\/schema\\\/logo\\\/image\\\/\"},\"sameAs\":[\"https:\\\/\\\/www.facebook.com\\\/ihedn\\\/\",\"https:\\\/\\\/x.com\\\/IHEDN\",\"https:\\\/\\\/www.instagram.com\\\/ihedn\\\/\",\"https:\\\/\\\/www.linkedin.com\\\/school\\\/ihedn\\\/\",\"https:\\\/\\\/fr.wikipedia.org\\\/wiki\\\/Institut_des_hautes_\u00e9tudes_de_D\u00e9fense_nationale\"]},{\"@type\":\"Person\",\"@id\":\"https:\\\/\\\/ihedn.fr\\\/#\\\/schema\\\/person\\\/7a40155595e4efb35323447cb8c8c5a4\",\"name\":\"dev\",\"image\":{\"@type\":\"ImageObject\",\"inLanguage\":\"en-GB\",\"@id\":\"https:\\\/\\\/secure.gravatar.com\\\/avatar\\\/f1ffcac9ca2fa95ad3ec33e9be3ade82f752acb0cabe541e56c5889225afa88a?s=96&d=mm&r=g\",\"url\":\"https:\\\/\\\/secure.gravatar.com\\\/avatar\\\/f1ffcac9ca2fa95ad3ec33e9be3ade82f752acb0cabe541e56c5889225afa88a?s=96&d=mm&r=g\",\"contentUrl\":\"https:\\\/\\\/secure.gravatar.com\\\/avatar\\\/f1ffcac9ca2fa95ad3ec33e9be3ade82f752acb0cabe541e56c5889225afa88a?s=96&d=mm&r=g\",\"caption\":\"dev\"},\"sameAs\":[\"https:\\\/\\\/ihedn.concilium.click\"],\"url\":\"https:\\\/\\\/ihedn.fr\\\/en\\\/author\\\/dev\\\/\"}]}<\/script>\n<!-- \/ Yoast SEO plugin. -->","yoast_head_json":{"title":"The Defence and Economic Security major immersed in Bordeaux - L'IHEDN : Institut des hautes \u00e9tudes de d\u00e9fense nationale (Graduate Institute of National Defence)","robots":{"index":"index","follow":"follow","max-snippet":"max-snippet:-1","max-image-preview":"max-image-preview:large","max-video-preview":"max-video-preview:-1"},"canonical":"https:\/\/ihedn.fr\/en\/actualites-des-sessions\/la-majeure-defense-et-securite-economiques-en-immersion-a-bordeaux\/","og_locale":"en_GB","og_type":"article","og_title":"La majeure D\u00e9fense et S\u00e9curit\u00e9 Economiques en immersion \u00e0 Bordeaux - L&#039;IHEDN : Institut des hautes \u00e9tudes de d\u00e9fense nationale","og_description":"Du 19 au 21 octobre 2022, les 36 auditeurs de la majeure \u00ab\u00a0D\u00e9fense et S\u00e9curit\u00e9 Economiques\u00a0\u00bb de l\u2019IHEDN se sont rendus \u00e0 Bordeaux pour y d\u00e9couvrir les acteurs et les moyens de la strat\u00e9gie \u00e9conomique en Nouvelle Aquitaine. Science Photo Library \/ Landmann, Patrick Au Centre d\u2019\u00c9tudes Scientifiques et Techniques de l\u2019Aquitaine, le directeur, M. [&hellip;]","og_url":"https:\/\/ihedn.fr\/en\/actualites-des-sessions\/la-majeure-defense-et-securite-economiques-en-immersion-a-bordeaux\/","og_site_name":"L&#039;IHEDN : Institut des hautes \u00e9tudes de d\u00e9fense nationale","article_publisher":"https:\/\/www.facebook.com\/ihedn\/","article_published_time":"2022-10-21T15:27:32+00:00","article_modified_time":"2022-11-25T14:22:25+00:00","og_image":[{"width":1453,"height":779,"url":"https:\/\/ihedn.fr\/wp-content\/uploads\/2022\/10\/003-\u00aeIHEDN-DSE-20221026.jpg","type":"image\/jpeg"}],"author":"dev","twitter_card":"summary_large_image","twitter_creator":"@IHEDN","twitter_site":"@IHEDN","twitter_misc":{"Written by":"dev","Estimated reading time":"3 minutes"},"schema":{"@context":"https:\/\/schema.org","@graph":[{"@type":"Article","@id":"https:\/\/ihedn.fr\/en\/actualites-des-sessions\/la-majeure-defense-et-securite-economiques-en-immersion-a-bordeaux\/#article","isPartOf":{"@id":"https:\/\/ihedn.fr\/en\/actualites-des-sessions\/la-majeure-defense-et-securite-economiques-en-immersion-a-bordeaux\/"},"author":{"name":"dev","@id":"https:\/\/ihedn.fr\/#\/schema\/person\/7a40155595e4efb35323447cb8c8c5a4"},"headline":"La majeure D\u00e9fense et S\u00e9curit\u00e9 Economiques en immersion \u00e0 Bordeaux","datePublished":"2022-10-21T15:27:32+00:00","dateModified":"2022-11-25T14:22:25+00:00","mainEntityOfPage":{"@id":"https:\/\/ihedn.fr\/en\/actualites-des-sessions\/la-majeure-defense-et-securite-economiques-en-immersion-a-bordeaux\/"},"wordCount":347,"publisher":{"@id":"https:\/\/ihedn.fr\/#organization"},"image":{"@id":"https:\/\/ihedn.fr\/en\/actualites-des-sessions\/la-majeure-defense-et-securite-economiques-en-immersion-a-bordeaux\/#primaryimage"},"thumbnailUrl":"https:\/\/ihedn.fr\/wp-content\/uploads\/2022\/10\/003-\u00aeIHEDN-DSE-20221026.jpg","articleSection":["Notre actualit\u00e9"],"inLanguage":"en-GB"},{"@type":"WebPage","@id":"https:\/\/ihedn.fr\/en\/actualites-des-sessions\/la-majeure-defense-et-securite-economiques-en-immersion-a-bordeaux\/","url":"https:\/\/ihedn.fr\/en\/actualites-des-sessions\/la-majeure-defense-et-securite-economiques-en-immersion-a-bordeaux\/","name":"The Defence and Economic Security major immersed in Bordeaux - L'IHEDN : Institut des hautes \u00e9tudes de d\u00e9fense nationale (Graduate Institute of National Defence)","isPartOf":{"@id":"https:\/\/ihedn.fr\/#website"},"primaryImageOfPage":{"@id":"https:\/\/ihedn.fr\/en\/actualites-des-sessions\/la-majeure-defense-et-securite-economiques-en-immersion-a-bordeaux\/#primaryimage"},"image":{"@id":"https:\/\/ihedn.fr\/en\/actualites-des-sessions\/la-majeure-defense-et-securite-economiques-en-immersion-a-bordeaux\/#primaryimage"},"thumbnailUrl":"https:\/\/ihedn.fr\/wp-content\/uploads\/2022\/10\/003-\u00aeIHEDN-DSE-20221026.jpg","datePublished":"2022-10-21T15:27:32+00:00","dateModified":"2022-11-25T14:22:25+00:00","breadcrumb":{"@id":"https:\/\/ihedn.fr\/en\/actualites-des-sessions\/la-majeure-defense-et-securite-economiques-en-immersion-a-bordeaux\/#breadcrumb"},"inLanguage":"en-GB","potentialAction":[{"@type":"ReadAction","target":["https:\/\/ihedn.fr\/en\/actualites-des-sessions\/la-majeure-defense-et-securite-economiques-en-immersion-a-bordeaux\/"]}]},{"@type":"ImageObject","inLanguage":"en-GB","@id":"https:\/\/ihedn.fr\/en\/actualites-des-sessions\/la-majeure-defense-et-securite-economiques-en-immersion-a-bordeaux\/#primaryimage","url":"https:\/\/ihedn.fr\/wp-content\/uploads\/2022\/10\/003-\u00aeIHEDN-DSE-20221026.jpg","contentUrl":"https:\/\/ihedn.fr\/wp-content\/uploads\/2022\/10\/003-\u00aeIHEDN-DSE-20221026.jpg","width":1453,"height":779,"caption":"Expos\u00e9 de la pr\u00e9f\u00e8te de Nouvelle Aquitaine sur l\u2019histoire de l\u2019h\u00f4tel du Nesmond"},{"@type":"BreadcrumbList","@id":"https:\/\/ihedn.fr\/en\/actualites-des-sessions\/la-majeure-defense-et-securite-economiques-en-immersion-a-bordeaux\/#breadcrumb","itemListElement":[{"@type":"ListItem","position":1,"name":"Accueil","item":"https:\/\/ihedn.fr\/"},{"@type":"ListItem","position":2,"name":"La majeure D\u00e9fense et S\u00e9curit\u00e9 Economiques en immersion \u00e0 Bordeaux"}]},{"@type":"WebSite","@id":"https:\/\/ihedn.fr\/#website","url":"https:\/\/ihedn.fr\/","name":"IHEDN: Institut des hautes \u00e9tudes de d\u00e9fense nationale (Institute for Higher National Defence Studies)","description":"Official website of the IHEDN under the supervision of the Prime Minister.","publisher":{"@id":"https:\/\/ihedn.fr\/#organization"},"potentialAction":[{"@type":"SearchAction","target":{"@type":"EntryPoint","urlTemplate":"https:\/\/ihedn.fr\/?s={search_term_string}"},"query-input":{"@type":"PropertyValueSpecification","valueRequired":true,"valueName":"search_term_string"}}],"inLanguage":"en-GB"},{"@type":"Organization","@id":"https:\/\/ihedn.fr\/#organization","name":"IHEDN - Institute for Higher National Defence Studies","url":"https:\/\/ihedn.fr\/","logo":{"@type":"ImageObject","inLanguage":"en-GB","@id":"https:\/\/ihedn.fr\/#\/schema\/logo\/image\/","url":"https:\/\/ihedn.fr\/wp-content\/uploads\/2020\/11\/BLOC_RF_IHEDN_WEB.png","contentUrl":"https:\/\/ihedn.fr\/wp-content\/uploads\/2020\/11\/BLOC_RF_IHEDN_WEB.png","width":500,"height":237,"caption":"IHEDN - Institut des Hautes Etudes de D\u00e9fense Nationale"},"image":{"@id":"https:\/\/ihedn.fr\/#\/schema\/logo\/image\/"},"sameAs":["https:\/\/www.facebook.com\/ihedn\/","https:\/\/x.com\/IHEDN","https:\/\/www.instagram.com\/ihedn\/","https:\/\/www.linkedin.com\/school\/ihedn\/","https:\/\/fr.wikipedia.org\/wiki\/Institut_des_hautes_\u00e9tudes_de_D\u00e9fense_nationale"]},{"@type":"Person","@id":"https:\/\/ihedn.fr\/#\/schema\/person\/7a40155595e4efb35323447cb8c8c5a4","name":"dev","image":{"@type":"ImageObject","inLanguage":"en-GB","@id":"https:\/\/secure.gravatar.com\/avatar\/f1ffcac9ca2fa95ad3ec33e9be3ade82f752acb0cabe541e56c5889225afa88a?s=96&d=mm&r=g","url":"https:\/\/secure.gravatar.com\/avatar\/f1ffcac9ca2fa95ad3ec33e9be3ade82f752acb0cabe541e56c5889225afa88a?s=96&d=mm&r=g","contentUrl":"https:\/\/secure.gravatar.com\/avatar\/f1ffcac9ca2fa95ad3ec33e9be3ade82f752acb0cabe541e56c5889225afa88a?s=96&d=mm&r=g","caption":"dev"},"sameAs":["https:\/\/ihedn.concilium.click"],"url":"https:\/\/ihedn.fr\/en\/author\/dev\/"}]}},"publishpress_future_action":{"enabled":false,"date":"2026-05-09 12:45:59","action":"change-status","newStatus":"draft","terms":[],"taxonomy":"category","extraData":[]},"publishpress_future_workflow_manual_trigger":{"enabledWorkflows":[]},"_links":{"self":[{"href":"https:\/\/ihedn.fr\/en\/wp-json\/wp\/v2\/posts\/26952","targetHints":{"allow":["GET"]}}],"collection":[{"href":"https:\/\/ihedn.fr\/en\/wp-json\/wp\/v2\/posts"}],"about":[{"href":"https:\/\/ihedn.fr\/en\/wp-json\/wp\/v2\/types\/post"}],"author":[{"embeddable":true,"href":"https:\/\/ihedn.fr\/en\/wp-json\/wp\/v2\/users\/1"}],"replies":[{"embeddable":true,"href":"https:\/\/ihedn.fr\/en\/wp-json\/wp\/v2\/comments?post=26952"}],"version-history":[{"count":14,"href":"https:\/\/ihedn.fr\/en\/wp-json\/wp\/v2\/posts\/26952\/revisions"}],"predecessor-version":[{"id":27014,"href":"https:\/\/ihedn.fr\/en\/wp-json\/wp\/v2\/posts\/26952\/revisions\/27014"}],"wp:featuredmedia":[{"embeddable":true,"href":"https:\/\/ihedn.fr\/en\/wp-json\/wp\/v2\/media\/27003"}],"wp:attachment":[{"href":"https:\/\/ihedn.fr\/en\/wp-json\/wp\/v2\/media?parent=26952"}],"wp:term":[{"taxonomy":"category","embeddable":true,"href":"https:\/\/ihedn.fr\/en\/wp-json\/wp\/v2\/categories?post=26952"},{"taxonomy":"post_tag","embeddable":true,"href":"https:\/\/ihedn.fr\/en\/wp-json\/wp\/v2\/tags?post=26952"}],"curies":[{"name":"wp","href":"https:\/\/api.w.org\/{rel}","templated":true}]}}