{"id":27296,"date":"2022-11-04T09:03:22","date_gmt":"2022-11-04T08:03:22","guid":{"rendered":"https:\/\/ihedn.fr\/?p=27296"},"modified":"2025-04-09T15:25:30","modified_gmt":"2025-04-09T14:25:30","slug":"pierre-haroche-vous-donne-rendez-vouspour-le-prochain-debat-strategique","status":"publish","type":"post","link":"https:\/\/ihedn.fr\/en\/les-debats-strategiques\/pierre-haroche-vous-donne-rendez-vouspour-le-prochain-debat-strategique\/","title":{"rendered":"Pierre Haroche invites you to the next strategic debate!"},"content":{"rendered":"<div data-elementor-type=\"wp-post\" data-elementor-id=\"27296\" class=\"elementor elementor-27296\" data-elementor-post-type=\"post\">\n\t\t\t\t<div data-particle_enable=\"false\" data-particle-mobile-disabled=\"false\" class=\"elementor-element elementor-element-1e584a5 e-flex e-con-boxed e-con e-parent\" data-id=\"1e584a5\" data-element_type=\"container\" data-e-type=\"container\">\n\t\t\t\t\t<div class=\"e-con-inner\">\n\t\t\t\t<div class=\"elementor-element elementor-element-47cbac0 elementor-widget elementor-widget-text-editor\" data-id=\"47cbac0\" data-element_type=\"widget\" data-e-type=\"widget\" data-widget_type=\"text-editor.default\">\n\t\t\t\t<div class=\"elementor-widget-container\">\n\t\t\t\t\t\t\t\t\t<p style=\"text-align: left;\"><span style=\"color: #000091;\"><strong>Pierre Haroche will decipher developments in transatlantic relations and Europe's defence and security posture since the invasion of Ukraine on 24 February 2022.\u00a0<\/strong><\/span><\/p>\t\t\t\t\t\t\t\t<\/div>\n\t\t\t\t<\/div>\n\t\t\t\t\t<\/div>\n\t\t\t\t<\/div>\n\t\t<div data-particle_enable=\"false\" data-particle-mobile-disabled=\"false\" class=\"elementor-element elementor-element-98a3c8b e-flex e-con-boxed e-con e-parent\" data-id=\"98a3c8b\" data-element_type=\"container\" data-e-type=\"container\">\n\t\t\t\t\t<div class=\"e-con-inner\">\n\t\t\t\t<div class=\"elementor-element elementor-element-8b0d8ff elementor-widget elementor-widget-text-editor\" data-id=\"8b0d8ff\" data-element_type=\"widget\" data-e-type=\"widget\" data-widget_type=\"text-editor.default\">\n\t\t\t\t<div class=\"elementor-widget-container\">\n\t\t\t\t\t\t\t\t\t<p style=\"text-align: left;\">\"Le r\u00e9veil europ\u00e9en et transatlantique\", the third volume in the Rubicon series, looks at the political and military consequences for Europe and NATO of Russia's war in Ukraine. It looks at military spending in Europe, the notion of power on a continental scale, the strategic approach adopted by the Biden administration and Canada's position on the war.  Pierre Haroche will review the history of European defence and the resources deployed in recent years to strengthen European security. Finally, he will look at the avenues being explored to strengthen a \"common defence\".<\/p><p style=\"text-align: left;\">Pierre Haroche holds a doctorate in political science and is a specialist in EU integration and defence policy. He teaches at Queen Mary University in London. He previously served at the Institut de recherche strat\u00e9gique de l'\u00c9cole militaire (IRSEM), King's College London and the Universit\u00e9 Panth\u00e9on-Sorbonne.<\/p>\t\t\t\t\t\t\t\t<\/div>\n\t\t\t\t<\/div>\n\t\t\t\t\t<\/div>\n\t\t\t\t<\/div>\n\t\t\t\t<\/div>","protected":false},"excerpt":{"rendered":"<p><span style=\"color: #c80a23;\"><strong>Tuesday 15 November 2022 - 6.30pm<\/strong><\/span><\/p>","protected":false},"author":1,"featured_media":29910,"comment_status":"closed","ping_status":"closed","sticky":false,"template":"","format":"standard","meta":{"footnotes":""},"categories":[42],"tags":[247,249],"class_list":["post-27296","post","type-post","status-publish","format-standard","has-post-thumbnail","hentry","category-les-debats-strategiques","tag-debat-strategique","tag-ancien-debat-strategique"],"yoast_head":"<!-- This site is optimized with the Yoast SEO plugin v27.5 - https:\/\/yoast.com\/product\/yoast-seo-wordpress\/ -->\n<title>Pierre Haroche vous donne rdv pour le prochain d\u00e9bat strat\u00e9gique ! - L&#039;IHEDN : Institut des hautes \u00e9tudes de d\u00e9fense nationale<\/title>\n<meta name=\"robots\" content=\"index, follow, max-snippet:-1, max-image-preview:large, max-video-preview:-1\" \/>\n<link rel=\"canonical\" href=\"https:\/\/ihedn.fr\/en\/les-debats-strategiques\/pierre-haroche-vous-donne-rendez-vouspour-le-prochain-debat-strategique\/\" \/>\n<meta property=\"og:locale\" content=\"en_GB\" \/>\n<meta property=\"og:type\" content=\"article\" \/>\n<meta property=\"og:title\" content=\"Pierre Haroche vous donne rdv pour le prochain d\u00e9bat strat\u00e9gique ! - L&#039;IHEDN : Institut des hautes \u00e9tudes de d\u00e9fense nationale\" \/>\n<meta property=\"og:description\" content=\"Mardi 15 novembre 2022 - 18h30\" \/>\n<meta property=\"og:url\" content=\"https:\/\/ihedn.fr\/en\/les-debats-strategiques\/pierre-haroche-vous-donne-rendez-vouspour-le-prochain-debat-strategique\/\" \/>\n<meta property=\"og:site_name\" content=\"L&#039;IHEDN : Institut des hautes \u00e9tudes de d\u00e9fense nationale\" \/>\n<meta property=\"article:publisher\" content=\"https:\/\/www.facebook.com\/ihedn\/\" \/>\n<meta property=\"article:published_time\" content=\"2022-11-04T08:03:22+00:00\" \/>\n<meta property=\"article:modified_time\" content=\"2025-04-09T14:25:30+00:00\" \/>\n<meta property=\"og:image\" content=\"https:\/\/ihedn.fr\/wp-content\/uploads\/2022\/11\/VF_WEB_DEBSTRATEGIQUE_1600x900_HAROCHE.jpg\" \/>\n\t<meta property=\"og:image:width\" content=\"1600\" \/>\n\t<meta property=\"og:image:height\" content=\"900\" \/>\n\t<meta property=\"og:image:type\" content=\"image\/jpeg\" \/>\n<meta name=\"author\" content=\"dev\" \/>\n<meta name=\"twitter:card\" content=\"summary_large_image\" \/>\n<meta name=\"twitter:creator\" content=\"@IHEDN\" \/>\n<meta name=\"twitter:site\" content=\"@IHEDN\" \/>\n<meta name=\"twitter:label1\" content=\"Written by\" \/>\n\t<meta name=\"twitter:data1\" content=\"dev\" \/>\n\t<meta name=\"twitter:label2\" content=\"Estimated reading time\" \/>\n\t<meta name=\"twitter:data2\" content=\"1 minute\" \/>\n<script type=\"application\/ld+json\" class=\"yoast-schema-graph\">{\"@context\":\"https:\\\/\\\/schema.org\",\"@graph\":[{\"@type\":\"Article\",\"@id\":\"https:\\\/\\\/ihedn.fr\\\/les-debats-strategiques\\\/pierre-haroche-vous-donne-rendez-vouspour-le-prochain-debat-strategique\\\/#article\",\"isPartOf\":{\"@id\":\"https:\\\/\\\/ihedn.fr\\\/les-debats-strategiques\\\/pierre-haroche-vous-donne-rendez-vouspour-le-prochain-debat-strategique\\\/\"},\"author\":{\"name\":\"dev\",\"@id\":\"https:\\\/\\\/ihedn.fr\\\/#\\\/schema\\\/person\\\/7a40155595e4efb35323447cb8c8c5a4\"},\"headline\":\"Pierre Haroche vous donne rdv pour le prochain d\u00e9bat strat\u00e9gique !\",\"datePublished\":\"2022-11-04T08:03:22+00:00\",\"dateModified\":\"2025-04-09T14:25:30+00:00\",\"mainEntityOfPage\":{\"@id\":\"https:\\\/\\\/ihedn.fr\\\/les-debats-strategiques\\\/pierre-haroche-vous-donne-rendez-vouspour-le-prochain-debat-strategique\\\/\"},\"wordCount\":232,\"publisher\":{\"@id\":\"https:\\\/\\\/ihedn.fr\\\/#organization\"},\"image\":{\"@id\":\"https:\\\/\\\/ihedn.fr\\\/les-debats-strategiques\\\/pierre-haroche-vous-donne-rendez-vouspour-le-prochain-debat-strategique\\\/#primaryimage\"},\"thumbnailUrl\":\"https:\\\/\\\/ihedn.fr\\\/wp-content\\\/uploads\\\/2022\\\/11\\\/VF_WEB_DEBSTRATEGIQUE_1600x900_HAROCHE.jpg\",\"keywords\":[\"d\u00e9bat-strat\u00e9gique\",\"pr\u00e9c\u00e9dent-d\u00e9bat-strat\u00e9gique\"],\"articleSection\":[\"Les d\u00e9bats strat\u00e9giques\"],\"inLanguage\":\"en-GB\"},{\"@type\":\"WebPage\",\"@id\":\"https:\\\/\\\/ihedn.fr\\\/les-debats-strategiques\\\/pierre-haroche-vous-donne-rendez-vouspour-le-prochain-debat-strategique\\\/\",\"url\":\"https:\\\/\\\/ihedn.fr\\\/les-debats-strategiques\\\/pierre-haroche-vous-donne-rendez-vouspour-le-prochain-debat-strategique\\\/\",\"name\":\"Pierre Haroche vous donne rdv pour le prochain d\u00e9bat strat\u00e9gique ! - L&#039;IHEDN : Institut des hautes \u00e9tudes de d\u00e9fense nationale\",\"isPartOf\":{\"@id\":\"https:\\\/\\\/ihedn.fr\\\/#website\"},\"primaryImageOfPage\":{\"@id\":\"https:\\\/\\\/ihedn.fr\\\/les-debats-strategiques\\\/pierre-haroche-vous-donne-rendez-vouspour-le-prochain-debat-strategique\\\/#primaryimage\"},\"image\":{\"@id\":\"https:\\\/\\\/ihedn.fr\\\/les-debats-strategiques\\\/pierre-haroche-vous-donne-rendez-vouspour-le-prochain-debat-strategique\\\/#primaryimage\"},\"thumbnailUrl\":\"https:\\\/\\\/ihedn.fr\\\/wp-content\\\/uploads\\\/2022\\\/11\\\/VF_WEB_DEBSTRATEGIQUE_1600x900_HAROCHE.jpg\",\"datePublished\":\"2022-11-04T08:03:22+00:00\",\"dateModified\":\"2025-04-09T14:25:30+00:00\",\"breadcrumb\":{\"@id\":\"https:\\\/\\\/ihedn.fr\\\/les-debats-strategiques\\\/pierre-haroche-vous-donne-rendez-vouspour-le-prochain-debat-strategique\\\/#breadcrumb\"},\"inLanguage\":\"en-GB\",\"potentialAction\":[{\"@type\":\"ReadAction\",\"target\":[\"https:\\\/\\\/ihedn.fr\\\/les-debats-strategiques\\\/pierre-haroche-vous-donne-rendez-vouspour-le-prochain-debat-strategique\\\/\"]}]},{\"@type\":\"ImageObject\",\"inLanguage\":\"en-GB\",\"@id\":\"https:\\\/\\\/ihedn.fr\\\/les-debats-strategiques\\\/pierre-haroche-vous-donne-rendez-vouspour-le-prochain-debat-strategique\\\/#primaryimage\",\"url\":\"https:\\\/\\\/ihedn.fr\\\/wp-content\\\/uploads\\\/2022\\\/11\\\/VF_WEB_DEBSTRATEGIQUE_1600x900_HAROCHE.jpg\",\"contentUrl\":\"https:\\\/\\\/ihedn.fr\\\/wp-content\\\/uploads\\\/2022\\\/11\\\/VF_WEB_DEBSTRATEGIQUE_1600x900_HAROCHE.jpg\",\"width\":1600,\"height\":900},{\"@type\":\"BreadcrumbList\",\"@id\":\"https:\\\/\\\/ihedn.fr\\\/les-debats-strategiques\\\/pierre-haroche-vous-donne-rendez-vouspour-le-prochain-debat-strategique\\\/#breadcrumb\",\"itemListElement\":[{\"@type\":\"ListItem\",\"position\":1,\"name\":\"Accueil\",\"item\":\"https:\\\/\\\/ihedn.fr\\\/\"},{\"@type\":\"ListItem\",\"position\":2,\"name\":\"Pierre Haroche vous donne rdv pour le prochain d\u00e9bat strat\u00e9gique !\"}]},{\"@type\":\"WebSite\",\"@id\":\"https:\\\/\\\/ihedn.fr\\\/#website\",\"url\":\"https:\\\/\\\/ihedn.fr\\\/\",\"name\":\"IHEDN : Institut des hautes \u00e9tudes de d\u00e9fense nationale |\",\"description\":\"Site officiel de l&#039;IHEDN plac\u00e9 sous la tutelle du Premier ministre.\",\"publisher\":{\"@id\":\"https:\\\/\\\/ihedn.fr\\\/#organization\"},\"potentialAction\":[{\"@type\":\"SearchAction\",\"target\":{\"@type\":\"EntryPoint\",\"urlTemplate\":\"https:\\\/\\\/ihedn.fr\\\/?s={search_term_string}\"},\"query-input\":{\"@type\":\"PropertyValueSpecification\",\"valueRequired\":true,\"valueName\":\"search_term_string\"}}],\"inLanguage\":\"en-GB\"},{\"@type\":\"Organization\",\"@id\":\"https:\\\/\\\/ihedn.fr\\\/#organization\",\"name\":\"IHEDN - Institut des Hautes Etudes de D\u00e9fense Nationale\",\"url\":\"https:\\\/\\\/ihedn.fr\\\/\",\"logo\":{\"@type\":\"ImageObject\",\"inLanguage\":\"en-GB\",\"@id\":\"https:\\\/\\\/ihedn.fr\\\/#\\\/schema\\\/logo\\\/image\\\/\",\"url\":\"https:\\\/\\\/ihedn.fr\\\/wp-content\\\/uploads\\\/2020\\\/11\\\/BLOC_RF_IHEDN_WEB.png\",\"contentUrl\":\"https:\\\/\\\/ihedn.fr\\\/wp-content\\\/uploads\\\/2020\\\/11\\\/BLOC_RF_IHEDN_WEB.png\",\"width\":500,\"height\":237,\"caption\":\"IHEDN - Institut des Hautes Etudes de D\u00e9fense Nationale\"},\"image\":{\"@id\":\"https:\\\/\\\/ihedn.fr\\\/#\\\/schema\\\/logo\\\/image\\\/\"},\"sameAs\":[\"https:\\\/\\\/www.facebook.com\\\/ihedn\\\/\",\"https:\\\/\\\/x.com\\\/IHEDN\",\"https:\\\/\\\/www.instagram.com\\\/ihedn\\\/\",\"https:\\\/\\\/www.linkedin.com\\\/school\\\/ihedn\\\/\",\"https:\\\/\\\/fr.wikipedia.org\\\/wiki\\\/Institut_des_hautes_\u00e9tudes_de_D\u00e9fense_nationale\"]},{\"@type\":\"Person\",\"@id\":\"https:\\\/\\\/ihedn.fr\\\/#\\\/schema\\\/person\\\/7a40155595e4efb35323447cb8c8c5a4\",\"name\":\"dev\",\"image\":{\"@type\":\"ImageObject\",\"inLanguage\":\"en-GB\",\"@id\":\"https:\\\/\\\/secure.gravatar.com\\\/avatar\\\/f1ffcac9ca2fa95ad3ec33e9be3ade82f752acb0cabe541e56c5889225afa88a?s=96&d=mm&r=g\",\"url\":\"https:\\\/\\\/secure.gravatar.com\\\/avatar\\\/f1ffcac9ca2fa95ad3ec33e9be3ade82f752acb0cabe541e56c5889225afa88a?s=96&d=mm&r=g\",\"contentUrl\":\"https:\\\/\\\/secure.gravatar.com\\\/avatar\\\/f1ffcac9ca2fa95ad3ec33e9be3ade82f752acb0cabe541e56c5889225afa88a?s=96&d=mm&r=g\",\"caption\":\"dev\"},\"sameAs\":[\"https:\\\/\\\/ihedn.concilium.click\"],\"url\":\"https:\\\/\\\/ihedn.fr\\\/en\\\/author\\\/dev\\\/\"}]}<\/script>\n<!-- \/ Yoast SEO plugin. -->","yoast_head_json":{"title":"Pierre Haroche invites you to the next strategic debate! - IHEDN: Institute for Advanced National Defence Studies","robots":{"index":"index","follow":"follow","max-snippet":"max-snippet:-1","max-image-preview":"max-image-preview:large","max-video-preview":"max-video-preview:-1"},"canonical":"https:\/\/ihedn.fr\/en\/les-debats-strategiques\/pierre-haroche-vous-donne-rendez-vouspour-le-prochain-debat-strategique\/","og_locale":"en_GB","og_type":"article","og_title":"Pierre Haroche vous donne rdv pour le prochain d\u00e9bat strat\u00e9gique ! - L&#039;IHEDN : Institut des hautes \u00e9tudes de d\u00e9fense nationale","og_description":"Mardi 15 novembre 2022 - 18h30","og_url":"https:\/\/ihedn.fr\/en\/les-debats-strategiques\/pierre-haroche-vous-donne-rendez-vouspour-le-prochain-debat-strategique\/","og_site_name":"L&#039;IHEDN : Institut des hautes \u00e9tudes de d\u00e9fense nationale","article_publisher":"https:\/\/www.facebook.com\/ihedn\/","article_published_time":"2022-11-04T08:03:22+00:00","article_modified_time":"2025-04-09T14:25:30+00:00","og_image":[{"width":1600,"height":900,"url":"https:\/\/ihedn.fr\/wp-content\/uploads\/2022\/11\/VF_WEB_DEBSTRATEGIQUE_1600x900_HAROCHE.jpg","type":"image\/jpeg"}],"author":"dev","twitter_card":"summary_large_image","twitter_creator":"@IHEDN","twitter_site":"@IHEDN","twitter_misc":{"Written by":"dev","Estimated reading time":"1 minute"},"schema":{"@context":"https:\/\/schema.org","@graph":[{"@type":"Article","@id":"https:\/\/ihedn.fr\/les-debats-strategiques\/pierre-haroche-vous-donne-rendez-vouspour-le-prochain-debat-strategique\/#article","isPartOf":{"@id":"https:\/\/ihedn.fr\/les-debats-strategiques\/pierre-haroche-vous-donne-rendez-vouspour-le-prochain-debat-strategique\/"},"author":{"name":"dev","@id":"https:\/\/ihedn.fr\/#\/schema\/person\/7a40155595e4efb35323447cb8c8c5a4"},"headline":"Pierre Haroche vous donne rdv pour le prochain d\u00e9bat strat\u00e9gique !","datePublished":"2022-11-04T08:03:22+00:00","dateModified":"2025-04-09T14:25:30+00:00","mainEntityOfPage":{"@id":"https:\/\/ihedn.fr\/les-debats-strategiques\/pierre-haroche-vous-donne-rendez-vouspour-le-prochain-debat-strategique\/"},"wordCount":232,"publisher":{"@id":"https:\/\/ihedn.fr\/#organization"},"image":{"@id":"https:\/\/ihedn.fr\/les-debats-strategiques\/pierre-haroche-vous-donne-rendez-vouspour-le-prochain-debat-strategique\/#primaryimage"},"thumbnailUrl":"https:\/\/ihedn.fr\/wp-content\/uploads\/2022\/11\/VF_WEB_DEBSTRATEGIQUE_1600x900_HAROCHE.jpg","keywords":["d\u00e9bat-strat\u00e9gique","pr\u00e9c\u00e9dent-d\u00e9bat-strat\u00e9gique"],"articleSection":["Les d\u00e9bats strat\u00e9giques"],"inLanguage":"en-GB"},{"@type":"WebPage","@id":"https:\/\/ihedn.fr\/les-debats-strategiques\/pierre-haroche-vous-donne-rendez-vouspour-le-prochain-debat-strategique\/","url":"https:\/\/ihedn.fr\/les-debats-strategiques\/pierre-haroche-vous-donne-rendez-vouspour-le-prochain-debat-strategique\/","name":"Pierre Haroche invites you to the next strategic debate! - IHEDN: Institute for Advanced National Defence Studies","isPartOf":{"@id":"https:\/\/ihedn.fr\/#website"},"primaryImageOfPage":{"@id":"https:\/\/ihedn.fr\/les-debats-strategiques\/pierre-haroche-vous-donne-rendez-vouspour-le-prochain-debat-strategique\/#primaryimage"},"image":{"@id":"https:\/\/ihedn.fr\/les-debats-strategiques\/pierre-haroche-vous-donne-rendez-vouspour-le-prochain-debat-strategique\/#primaryimage"},"thumbnailUrl":"https:\/\/ihedn.fr\/wp-content\/uploads\/2022\/11\/VF_WEB_DEBSTRATEGIQUE_1600x900_HAROCHE.jpg","datePublished":"2022-11-04T08:03:22+00:00","dateModified":"2025-04-09T14:25:30+00:00","breadcrumb":{"@id":"https:\/\/ihedn.fr\/les-debats-strategiques\/pierre-haroche-vous-donne-rendez-vouspour-le-prochain-debat-strategique\/#breadcrumb"},"inLanguage":"en-GB","potentialAction":[{"@type":"ReadAction","target":["https:\/\/ihedn.fr\/les-debats-strategiques\/pierre-haroche-vous-donne-rendez-vouspour-le-prochain-debat-strategique\/"]}]},{"@type":"ImageObject","inLanguage":"en-GB","@id":"https:\/\/ihedn.fr\/les-debats-strategiques\/pierre-haroche-vous-donne-rendez-vouspour-le-prochain-debat-strategique\/#primaryimage","url":"https:\/\/ihedn.fr\/wp-content\/uploads\/2022\/11\/VF_WEB_DEBSTRATEGIQUE_1600x900_HAROCHE.jpg","contentUrl":"https:\/\/ihedn.fr\/wp-content\/uploads\/2022\/11\/VF_WEB_DEBSTRATEGIQUE_1600x900_HAROCHE.jpg","width":1600,"height":900},{"@type":"BreadcrumbList","@id":"https:\/\/ihedn.fr\/les-debats-strategiques\/pierre-haroche-vous-donne-rendez-vouspour-le-prochain-debat-strategique\/#breadcrumb","itemListElement":[{"@type":"ListItem","position":1,"name":"Accueil","item":"https:\/\/ihedn.fr\/"},{"@type":"ListItem","position":2,"name":"Pierre Haroche vous donne rdv pour le prochain d\u00e9bat strat\u00e9gique !"}]},{"@type":"WebSite","@id":"https:\/\/ihedn.fr\/#website","url":"https:\/\/ihedn.fr\/","name":"IHEDN: Institut des hautes \u00e9tudes de d\u00e9fense nationale (Institute for Higher National Defence Studies)","description":"Official website of the IHEDN under the supervision of the Prime Minister.","publisher":{"@id":"https:\/\/ihedn.fr\/#organization"},"potentialAction":[{"@type":"SearchAction","target":{"@type":"EntryPoint","urlTemplate":"https:\/\/ihedn.fr\/?s={search_term_string}"},"query-input":{"@type":"PropertyValueSpecification","valueRequired":true,"valueName":"search_term_string"}}],"inLanguage":"en-GB"},{"@type":"Organization","@id":"https:\/\/ihedn.fr\/#organization","name":"IHEDN - Institute for Higher National Defence Studies","url":"https:\/\/ihedn.fr\/","logo":{"@type":"ImageObject","inLanguage":"en-GB","@id":"https:\/\/ihedn.fr\/#\/schema\/logo\/image\/","url":"https:\/\/ihedn.fr\/wp-content\/uploads\/2020\/11\/BLOC_RF_IHEDN_WEB.png","contentUrl":"https:\/\/ihedn.fr\/wp-content\/uploads\/2020\/11\/BLOC_RF_IHEDN_WEB.png","width":500,"height":237,"caption":"IHEDN - Institut des Hautes Etudes de D\u00e9fense Nationale"},"image":{"@id":"https:\/\/ihedn.fr\/#\/schema\/logo\/image\/"},"sameAs":["https:\/\/www.facebook.com\/ihedn\/","https:\/\/x.com\/IHEDN","https:\/\/www.instagram.com\/ihedn\/","https:\/\/www.linkedin.com\/school\/ihedn\/","https:\/\/fr.wikipedia.org\/wiki\/Institut_des_hautes_\u00e9tudes_de_D\u00e9fense_nationale"]},{"@type":"Person","@id":"https:\/\/ihedn.fr\/#\/schema\/person\/7a40155595e4efb35323447cb8c8c5a4","name":"dev","image":{"@type":"ImageObject","inLanguage":"en-GB","@id":"https:\/\/secure.gravatar.com\/avatar\/f1ffcac9ca2fa95ad3ec33e9be3ade82f752acb0cabe541e56c5889225afa88a?s=96&d=mm&r=g","url":"https:\/\/secure.gravatar.com\/avatar\/f1ffcac9ca2fa95ad3ec33e9be3ade82f752acb0cabe541e56c5889225afa88a?s=96&d=mm&r=g","contentUrl":"https:\/\/secure.gravatar.com\/avatar\/f1ffcac9ca2fa95ad3ec33e9be3ade82f752acb0cabe541e56c5889225afa88a?s=96&d=mm&r=g","caption":"dev"},"sameAs":["https:\/\/ihedn.concilium.click"],"url":"https:\/\/ihedn.fr\/en\/author\/dev\/"}]}},"publishpress_future_action":{"enabled":false,"date":"2026-05-06 08:25:41","action":"change-status","newStatus":"draft","terms":[],"taxonomy":"category","extraData":[]},"publishpress_future_workflow_manual_trigger":{"enabledWorkflows":[]},"_links":{"self":[{"href":"https:\/\/ihedn.fr\/en\/wp-json\/wp\/v2\/posts\/27296","targetHints":{"allow":["GET"]}}],"collection":[{"href":"https:\/\/ihedn.fr\/en\/wp-json\/wp\/v2\/posts"}],"about":[{"href":"https:\/\/ihedn.fr\/en\/wp-json\/wp\/v2\/types\/post"}],"author":[{"embeddable":true,"href":"https:\/\/ihedn.fr\/en\/wp-json\/wp\/v2\/users\/1"}],"replies":[{"embeddable":true,"href":"https:\/\/ihedn.fr\/en\/wp-json\/wp\/v2\/comments?post=27296"}],"version-history":[{"count":43,"href":"https:\/\/ihedn.fr\/en\/wp-json\/wp\/v2\/posts\/27296\/revisions"}],"predecessor-version":[{"id":53659,"href":"https:\/\/ihedn.fr\/en\/wp-json\/wp\/v2\/posts\/27296\/revisions\/53659"}],"wp:featuredmedia":[{"embeddable":true,"href":"https:\/\/ihedn.fr\/en\/wp-json\/wp\/v2\/media\/29910"}],"wp:attachment":[{"href":"https:\/\/ihedn.fr\/en\/wp-json\/wp\/v2\/media?parent=27296"}],"wp:term":[{"taxonomy":"category","embeddable":true,"href":"https:\/\/ihedn.fr\/en\/wp-json\/wp\/v2\/categories?post=27296"},{"taxonomy":"post_tag","embeddable":true,"href":"https:\/\/ihedn.fr\/en\/wp-json\/wp\/v2\/tags?post=27296"}],"curies":[{"name":"wp","href":"https:\/\/api.w.org\/{rel}","templated":true}]}}