{"id":27661,"date":"2022-11-16T11:47:01","date_gmt":"2022-11-16T10:47:01","guid":{"rendered":"https:\/\/ihedn.fr\/?p=27661"},"modified":"2025-05-27T08:29:52","modified_gmt":"2025-05-27T07:29:52","slug":"le-general-de-gaulle-a-lihedn","status":"publish","type":"post","link":"https:\/\/ihedn.fr\/en\/notre-histoire\/le-general-de-gaulle-a-lihedn\/","title":{"rendered":"General de Gaulle at the IHEDN"},"content":{"rendered":"\t\t<div data-elementor-type=\"wp-post\" data-elementor-id=\"27661\" class=\"elementor elementor-27661\" data-elementor-post-type=\"post\">\n\t\t\t\t<div data-particle_enable=\"false\" data-particle-mobile-disabled=\"false\" class=\"elementor-element elementor-element-95b94b2 e-flex e-con-boxed e-con e-parent\" data-id=\"95b94b2\" data-element_type=\"container\" data-e-type=\"container\">\n\t\t\t\t\t<div class=\"e-con-inner\">\n\t\t\t\t<div class=\"elementor-element elementor-element-43f8850 elementor-widget elementor-widget-text-editor\" data-id=\"43f8850\" data-element_type=\"widget\" data-e-type=\"widget\" data-widget_type=\"text-editor.default\">\n\t\t\t\t<div class=\"elementor-widget-container\">\n\t\t\t\t\t\t\t\t\t<p style=\"text-align: left;\"><span style=\"color: #034b7b;\"><strong>Pour ce deuxi\u00e8me \u00e9pisode de l\u2019histoire de l\u2019IHEDN, nous vous proposons de revenir sur l\u2019inspection des \u00e9tablissements de l\u2019Enseignement militaire sup\u00e9rieur de l\u2019\u00c9cole militaire par le g\u00e9n\u00e9ral de Gaulle, pr\u00e9sident de la R\u00e9publique fran\u00e7aise.<\/strong><br \/><\/span><\/p>\t\t\t\t\t\t\t\t<\/div>\n\t\t\t\t<\/div>\n\t\t\t\t<div class=\"elementor-element elementor-element-c70c33a elementor-widget elementor-widget-text-editor\" data-id=\"c70c33a\" data-element_type=\"widget\" data-e-type=\"widget\" data-widget_type=\"text-editor.default\">\n\t\t\t\t<div class=\"elementor-widget-container\">\n\t\t\t\t\t\t\t\t\t<p style=\"text-align: left;\">Le 3 novembre 1959, Charles de Gaulle effectue une inspection \u00e0 l\u2019\u00c9cole militaire de l\u2019ensemble des \u00e9tablissements constituant l\u2019enseignement militaire sup\u00e9rieur, \u00e0 l\u2019exception notable du Coll\u00e8ge de d\u00e9fense de l\u2019OTAN. La date a \u00e9t\u00e9 choisie en fonction de l\u2019ouverture de la session nationale de l\u2019IHEDN. La voiture du pr\u00e9sident de la R\u00e9publique entre \u00e0 10h dans la cour d\u2019honneur. Dix minutes plus tard, le G\u00e9n\u00e9ral se rend \u00e0 pied dans l\u2019amphith\u00e9\u00e2tre de Bourcet. Le directeur de l\u2019IHEDN Jean Essig lui pr\u00e9sente, devant l\u2019ensemble du gouvernement et des auditeurs de la 12<sup>e<\/sup> session, l\u2019organisation et les missions de l\u2019Institut. Moins d\u2019une demi-heure plus tard, de Gaulle quitte les lieux et inspecte au pas de charge les \u00e9coles sup\u00e9rieures de guerre des trois arm\u00e9es (amphith\u00e9\u00e2tre Desvalli\u00e8res), puis le Centre des hautes \u00e9tudes militaires et le Cours sup\u00e9rieur interarm\u00e9es (amphith\u00e9\u00e2tre Louis) &#8211; avec une c\u00e9l\u00e9rit\u00e9 digne des habitu\u00e9s de ce d\u00e9dale qu\u2019est l\u2019\u00e9cole militaire ! Il termine son inspection par une allocution au mess de l\u2019\u00c9cole militaire, dans la rotonde Gabriel, prononc\u00e9e devant l\u2019ensemble des autorit\u00e9s civiles et militaires, les cadres, les auditeurs et stagiaires. Ce discours fixe le cap strat\u00e9gique des ann\u00e9es \u00e0 venir :<\/p>\t\t\t\t\t\t\t\t<\/div>\n\t\t\t\t<\/div>\n\t\t\t\t<div class=\"elementor-element elementor-element-c1cd5a8 elementor-widget elementor-widget-text-editor\" data-id=\"c1cd5a8\" data-element_type=\"widget\" data-e-type=\"widget\" data-widget_type=\"text-editor.default\">\n\t\t\t\t<div class=\"elementor-widget-container\">\n\t\t\t\t\t\t\t\t\t<p style=\"text-align: left;\">\u00ab Ceci dit, je crois bon d\u2019\u00e9voquer devant vous quelques id\u00e9es qui contribueront \u00e0 orienter vos efforts. Il faut que la d\u00e9fense de la France soit fran\u00e7aise. C\u2019est une n\u00e9cessit\u00e9 qui n\u2019a pas toujours \u00e9t\u00e9 tr\u00e8s famili\u00e8re au cours de ces derni\u00e8res ann\u00e9es. Je le sais. Il est indispensable qu\u2019elle le redevienne. Un pays comme la France, s\u2019il lui arrive de faire la guerre, il faut que cela soit sa guerre. [\u2026] Il va de soi, \u00e9videmment, que notre d\u00e9fense, la mise sur pied de nos moyens, la conception de la conduite de la guerre, doivent \u00eatre pour nous combin\u00e9es avec ce qui est dans d\u2019autres pays. [\u2026] Mais que chacun ait sa part \u00e0 lui. Voil\u00e0 un point capital que je recommande \u00e0 vos r\u00e9flexions. [\u2026] La cons\u00e9quence, c\u2019est qu\u2019il faut, \u00e9videmment, que nous sachions nous pourvoir, au cours des prochaines ann\u00e9es, [\u2026] d\u2019une \u00ab\u00a0force de frappe\u00a0\u00bb susceptible de se d\u00e9ployer \u00e0 tout moment et n\u2019importe o\u00f9. Il va de soi qu\u2019\u00e0 la base de cette force sera un armement atomique \u2013 que nous le fabriquions ou que nous l\u2019achetions \u2013 mais qui doit nous appartenir : et puisqu\u2019on peut d\u00e9truire la France, \u00e9ventuellement, \u00e0 partir de n\u2019importe quel point du monde, il faut que notre force soit faite pour agir o\u00f9 que ce soit sur la terre<a href=\"#notes\"><sup>1<\/sup><\/a>. \u00bb<\/p>\t\t\t\t\t\t\t\t<\/div>\n\t\t\t\t<\/div>\n\t\t\t\t<div class=\"elementor-element elementor-element-b9cf597 elementor-widget elementor-widget-text-editor\" data-id=\"b9cf597\" data-element_type=\"widget\" data-e-type=\"widget\" data-widget_type=\"text-editor.default\">\n\t\t\t\t<div class=\"elementor-widget-container\">\n\t\t\t\t\t\t\t\t\t<p style=\"text-align: left;\">Alors qu\u2019on s\u2019attendait \u00e0 une prise de parole sur le dossier alg\u00e9rien, la tonalit\u00e9 du discours surprend la presse. Le G\u00e9n\u00e9ral \u00ab a \u00e9voqu\u00e9 les probl\u00e8mes de d\u00e9fense nationale sur un plan tr\u00e8s \u00e9lev\u00e9, presque \u00e0 l\u2019\u00e9chelon philosophique et historique [\u2026] des M\u00e9rovingiens et de toutes les \u00e9poques de la France \u00e9ternelle<sup><a href=\"#notes\">2<\/a><\/sup> \u00bb. Les journalistes pr\u00e9sents n\u2019ont pas per\u00e7u, sur le moment, l\u2019officialisation du tournant de la politique de d\u00e9fense du G\u00e9n\u00e9ral, bas\u00e9e sur la dissuasion et le d\u00e9part \u00e0 terme du commandement int\u00e9gr\u00e9 de l\u2019OTAN. La journ\u00e9e du 3 novembre 1959 marque le d\u00e9but d\u2019une longue s\u00e9rie d\u2019inspections du chef de l\u2019\u00c9tat (1961, 1963, 1964, 1965, 1966, 1967 et 1969) aupr\u00e8s de l\u2019Enseignement militaire sup\u00e9rieur. Il s\u2019agit de v\u00e9rifier l\u2019application de la vision pr\u00e9sidentielle. L\u2019IHEDN se trouve au c\u0153ur des pr\u00e9occupations de l\u2019ex\u00e9cutif, d\u2019autant plus qu\u2019il est \u00e0 la fois un lieu de d\u00e9bats et per\u00e7u comme un bastion euro-atlantiste. Ce nouveau cap ax\u00e9 sur la dissuasion et l\u2019ind\u00e9pendance nationale va irriguer les travaux des auditeurs de l\u2019Institut pour plusieurs d\u00e9cennies.<\/p>\t\t\t\t\t\t\t\t<\/div>\n\t\t\t\t<\/div>\n\t\t\t\t<div class=\"elementor-element elementor-element-4681cc5 elementor-widget elementor-widget-text-editor\" data-id=\"4681cc5\" data-element_type=\"widget\" data-e-type=\"widget\" data-widget_type=\"text-editor.default\">\n\t\t\t\t<div class=\"elementor-widget-container\">\n\t\t\t\t\t\t\t\t\t<p style=\"text-align: left;\">[1] Allocution du g\u00e9n\u00e9ral de Gaulle \u00e0 l\u2019\u00c9cole militaire, 3 novembre1959, Archives nationales, 5 AG (1) 261.<br \/>[2] \u00ab\u00a0\u00c0 l\u2019\u00c9cole militaire, le g\u00e9n\u00e9ral \u00e9voque une association des d\u00e9fenses\u00a0\u00bb, Le Figaro, 4 novembre 1959.<\/p>\t\t\t\t\t\t\t\t<\/div>\n\t\t\t\t<\/div>\n\t\t\t\t\t<\/div>\n\t\t\t\t<\/div>\n\t\t\t\t<\/div>\n\t\t","protected":false},"excerpt":{"rendered":"<p><strong><em><span style=\"color: #c80a23;\">Episode 2<\/span><\/em><\/strong><br \/>\nIn this second episode in the history of the IHEDN, we take a look back at the inspection of the higher military education establishments of the \u00c9cole Militaire by General de Gaulle, President of the French Republic.<\/p>","protected":false},"author":1,"featured_media":27674,"comment_status":"closed","ping_status":"closed","sticky":false,"template":"","format":"standard","meta":{"footnotes":""},"categories":[254],"tags":[],"class_list":["post-27661","post","type-post","status-publish","format-standard","has-post-thumbnail","hentry","category-notre-histoire"],"yoast_head":"<!-- This site is optimized with the Yoast SEO plugin v27.5 - https:\/\/yoast.com\/product\/yoast-seo-wordpress\/ -->\n<title>Le g\u00e9n\u00e9ral de Gaulle \u00e0 l\u2019IHEDN - L&#039;IHEDN : Institut des hautes \u00e9tudes de d\u00e9fense nationale<\/title>\n<meta name=\"description\" content=\"Pour ce deuxi\u00e8me \u00e9pisode de l\u2019histoire de l\u2019IHEDN, nous vous proposons de revenir sur l\u2019inspection des \u00e9tablissements de l\u2019Enseignement militaire sup\u00e9rieur de l\u2019\u00c9cole militaire par le g\u00e9n\u00e9ral de Gaulle, pr\u00e9sident de la R\u00e9publique fran\u00e7aise.\" \/>\n<meta name=\"robots\" content=\"index, follow, max-snippet:-1, max-image-preview:large, max-video-preview:-1\" \/>\n<link rel=\"canonical\" href=\"https:\/\/ihedn.fr\/en\/notre-histoire\/le-general-de-gaulle-a-lihedn\/\" \/>\n<meta property=\"og:locale\" content=\"en_GB\" \/>\n<meta property=\"og:type\" content=\"article\" \/>\n<meta property=\"og:title\" content=\"Le g\u00e9n\u00e9ral de Gaulle \u00e0 l\u2019IHEDN\" \/>\n<meta property=\"og:description\" content=\"Pour ce deuxi\u00e8me \u00e9pisode de l\u2019histoire de l\u2019IHEDN, nous vous proposons de revenir sur l\u2019inspection des \u00e9tablissements de l\u2019Enseignement militaire sup\u00e9rieur de l\u2019\u00c9cole militaire par le g\u00e9n\u00e9ral de Gaulle, pr\u00e9sident de la R\u00e9publique fran\u00e7aise.\" \/>\n<meta property=\"og:url\" content=\"https:\/\/ihedn.fr\/en\/notre-histoire\/le-general-de-gaulle-a-lihedn\/\" \/>\n<meta property=\"og:site_name\" content=\"L&#039;IHEDN : Institut des hautes \u00e9tudes de d\u00e9fense nationale\" \/>\n<meta property=\"article:publisher\" content=\"https:\/\/www.facebook.com\/ihedn\/\" \/>\n<meta property=\"article:published_time\" content=\"2022-11-16T10:47:01+00:00\" \/>\n<meta property=\"article:modified_time\" content=\"2025-05-27T07:29:52+00:00\" \/>\n<meta property=\"og:image\" content=\"https:\/\/ihedn.fr\/wp-content\/uploads\/2022\/11\/visuel-IHEDNVENDREDI-lecture-ep2.jpg\" \/>\n\t<meta property=\"og:image:width\" content=\"1600\" \/>\n\t<meta property=\"og:image:height\" content=\"900\" \/>\n\t<meta property=\"og:image:type\" content=\"image\/jpeg\" \/>\n<meta name=\"author\" content=\"dev\" \/>\n<meta name=\"twitter:card\" content=\"summary_large_image\" \/>\n<meta name=\"twitter:title\" content=\"Le g\u00e9n\u00e9ral de Gaulle \u00e0 l\u2019IHEDN\" \/>\n<meta name=\"twitter:description\" content=\"Pour ce deuxi\u00e8me \u00e9pisode de l\u2019histoire de l\u2019IHEDN, nous vous proposons de revenir sur l\u2019inspection des \u00e9tablissements de l\u2019Enseignement militaire sup\u00e9rieur de l\u2019\u00c9cole militaire par le g\u00e9n\u00e9ral de Gaulle, pr\u00e9sident de la R\u00e9publique fran\u00e7aise.\" \/>\n<meta name=\"twitter:creator\" content=\"@IHEDN\" \/>\n<meta name=\"twitter:site\" content=\"@IHEDN\" \/>\n<meta name=\"twitter:label1\" content=\"Written by\" \/>\n\t<meta name=\"twitter:data1\" content=\"dev\" \/>\n\t<meta name=\"twitter:label2\" content=\"Estimated reading time\" \/>\n\t<meta name=\"twitter:data2\" content=\"4 minutes\" \/>\n<script type=\"application\/ld+json\" class=\"yoast-schema-graph\">{\"@context\":\"https:\\\/\\\/schema.org\",\"@graph\":[{\"@type\":\"Article\",\"@id\":\"https:\\\/\\\/ihedn.fr\\\/notre-histoire\\\/le-general-de-gaulle-a-lihedn\\\/#article\",\"isPartOf\":{\"@id\":\"https:\\\/\\\/ihedn.fr\\\/notre-histoire\\\/le-general-de-gaulle-a-lihedn\\\/\"},\"author\":{\"name\":\"dev\",\"@id\":\"https:\\\/\\\/ihedn.fr\\\/#\\\/schema\\\/person\\\/7a40155595e4efb35323447cb8c8c5a4\"},\"headline\":\"Le g\u00e9n\u00e9ral de Gaulle \u00e0 l\u2019IHEDN\",\"datePublished\":\"2022-11-16T10:47:01+00:00\",\"dateModified\":\"2025-05-27T07:29:52+00:00\",\"mainEntityOfPage\":{\"@id\":\"https:\\\/\\\/ihedn.fr\\\/notre-histoire\\\/le-general-de-gaulle-a-lihedn\\\/\"},\"wordCount\":747,\"publisher\":{\"@id\":\"https:\\\/\\\/ihedn.fr\\\/#organization\"},\"image\":{\"@id\":\"https:\\\/\\\/ihedn.fr\\\/notre-histoire\\\/le-general-de-gaulle-a-lihedn\\\/#primaryimage\"},\"thumbnailUrl\":\"https:\\\/\\\/ihedn.fr\\\/wp-content\\\/uploads\\\/2022\\\/11\\\/visuel-IHEDNVENDREDI-lecture-ep2.jpg\",\"articleSection\":[\"notre-histoire\"],\"inLanguage\":\"en-GB\"},{\"@type\":\"WebPage\",\"@id\":\"https:\\\/\\\/ihedn.fr\\\/notre-histoire\\\/le-general-de-gaulle-a-lihedn\\\/\",\"url\":\"https:\\\/\\\/ihedn.fr\\\/notre-histoire\\\/le-general-de-gaulle-a-lihedn\\\/\",\"name\":\"Le g\u00e9n\u00e9ral de Gaulle \u00e0 l\u2019IHEDN - L&#039;IHEDN : Institut des hautes \u00e9tudes de d\u00e9fense nationale\",\"isPartOf\":{\"@id\":\"https:\\\/\\\/ihedn.fr\\\/#website\"},\"primaryImageOfPage\":{\"@id\":\"https:\\\/\\\/ihedn.fr\\\/notre-histoire\\\/le-general-de-gaulle-a-lihedn\\\/#primaryimage\"},\"image\":{\"@id\":\"https:\\\/\\\/ihedn.fr\\\/notre-histoire\\\/le-general-de-gaulle-a-lihedn\\\/#primaryimage\"},\"thumbnailUrl\":\"https:\\\/\\\/ihedn.fr\\\/wp-content\\\/uploads\\\/2022\\\/11\\\/visuel-IHEDNVENDREDI-lecture-ep2.jpg\",\"datePublished\":\"2022-11-16T10:47:01+00:00\",\"dateModified\":\"2025-05-27T07:29:52+00:00\",\"description\":\"Pour ce deuxi\u00e8me \u00e9pisode de l\u2019histoire de l\u2019IHEDN, nous vous proposons de revenir sur l\u2019inspection des \u00e9tablissements de l\u2019Enseignement militaire sup\u00e9rieur de l\u2019\u00c9cole militaire par le g\u00e9n\u00e9ral de Gaulle, pr\u00e9sident de la R\u00e9publique fran\u00e7aise.\",\"breadcrumb\":{\"@id\":\"https:\\\/\\\/ihedn.fr\\\/notre-histoire\\\/le-general-de-gaulle-a-lihedn\\\/#breadcrumb\"},\"inLanguage\":\"en-GB\",\"potentialAction\":[{\"@type\":\"ReadAction\",\"target\":[\"https:\\\/\\\/ihedn.fr\\\/notre-histoire\\\/le-general-de-gaulle-a-lihedn\\\/\"]}]},{\"@type\":\"ImageObject\",\"inLanguage\":\"en-GB\",\"@id\":\"https:\\\/\\\/ihedn.fr\\\/notre-histoire\\\/le-general-de-gaulle-a-lihedn\\\/#primaryimage\",\"url\":\"https:\\\/\\\/ihedn.fr\\\/wp-content\\\/uploads\\\/2022\\\/11\\\/visuel-IHEDNVENDREDI-lecture-ep2.jpg\",\"contentUrl\":\"https:\\\/\\\/ihedn.fr\\\/wp-content\\\/uploads\\\/2022\\\/11\\\/visuel-IHEDNVENDREDI-lecture-ep2.jpg\",\"width\":1600,\"height\":900,\"caption\":\"IHEDN : notre histoire \\\/ \u00c9pisode 2 : Qu\u2019est-ce que la guerre juste ?\"},{\"@type\":\"BreadcrumbList\",\"@id\":\"https:\\\/\\\/ihedn.fr\\\/notre-histoire\\\/le-general-de-gaulle-a-lihedn\\\/#breadcrumb\",\"itemListElement\":[{\"@type\":\"ListItem\",\"position\":1,\"name\":\"Accueil\",\"item\":\"https:\\\/\\\/ihedn.fr\\\/\"},{\"@type\":\"ListItem\",\"position\":2,\"name\":\"Le g\u00e9n\u00e9ral de Gaulle \u00e0 l\u2019IHEDN\"}]},{\"@type\":\"WebSite\",\"@id\":\"https:\\\/\\\/ihedn.fr\\\/#website\",\"url\":\"https:\\\/\\\/ihedn.fr\\\/\",\"name\":\"IHEDN : Institut des hautes \u00e9tudes de d\u00e9fense nationale |\",\"description\":\"Site officiel de l&#039;IHEDN plac\u00e9 sous la tutelle du Premier ministre.\",\"publisher\":{\"@id\":\"https:\\\/\\\/ihedn.fr\\\/#organization\"},\"potentialAction\":[{\"@type\":\"SearchAction\",\"target\":{\"@type\":\"EntryPoint\",\"urlTemplate\":\"https:\\\/\\\/ihedn.fr\\\/?s={search_term_string}\"},\"query-input\":{\"@type\":\"PropertyValueSpecification\",\"valueRequired\":true,\"valueName\":\"search_term_string\"}}],\"inLanguage\":\"en-GB\"},{\"@type\":\"Organization\",\"@id\":\"https:\\\/\\\/ihedn.fr\\\/#organization\",\"name\":\"IHEDN - Institut des Hautes Etudes de D\u00e9fense Nationale\",\"url\":\"https:\\\/\\\/ihedn.fr\\\/\",\"logo\":{\"@type\":\"ImageObject\",\"inLanguage\":\"en-GB\",\"@id\":\"https:\\\/\\\/ihedn.fr\\\/#\\\/schema\\\/logo\\\/image\\\/\",\"url\":\"https:\\\/\\\/ihedn.fr\\\/wp-content\\\/uploads\\\/2020\\\/11\\\/BLOC_RF_IHEDN_WEB.png\",\"contentUrl\":\"https:\\\/\\\/ihedn.fr\\\/wp-content\\\/uploads\\\/2020\\\/11\\\/BLOC_RF_IHEDN_WEB.png\",\"width\":500,\"height\":237,\"caption\":\"IHEDN - Institut des Hautes Etudes de D\u00e9fense Nationale\"},\"image\":{\"@id\":\"https:\\\/\\\/ihedn.fr\\\/#\\\/schema\\\/logo\\\/image\\\/\"},\"sameAs\":[\"https:\\\/\\\/www.facebook.com\\\/ihedn\\\/\",\"https:\\\/\\\/x.com\\\/IHEDN\",\"https:\\\/\\\/www.instagram.com\\\/ihedn\\\/\",\"https:\\\/\\\/www.linkedin.com\\\/school\\\/ihedn\\\/\",\"https:\\\/\\\/fr.wikipedia.org\\\/wiki\\\/Institut_des_hautes_\u00e9tudes_de_D\u00e9fense_nationale\"]},{\"@type\":\"Person\",\"@id\":\"https:\\\/\\\/ihedn.fr\\\/#\\\/schema\\\/person\\\/7a40155595e4efb35323447cb8c8c5a4\",\"name\":\"dev\",\"image\":{\"@type\":\"ImageObject\",\"inLanguage\":\"en-GB\",\"@id\":\"https:\\\/\\\/secure.gravatar.com\\\/avatar\\\/f1ffcac9ca2fa95ad3ec33e9be3ade82f752acb0cabe541e56c5889225afa88a?s=96&d=mm&r=g\",\"url\":\"https:\\\/\\\/secure.gravatar.com\\\/avatar\\\/f1ffcac9ca2fa95ad3ec33e9be3ade82f752acb0cabe541e56c5889225afa88a?s=96&d=mm&r=g\",\"contentUrl\":\"https:\\\/\\\/secure.gravatar.com\\\/avatar\\\/f1ffcac9ca2fa95ad3ec33e9be3ade82f752acb0cabe541e56c5889225afa88a?s=96&d=mm&r=g\",\"caption\":\"dev\"},\"sameAs\":[\"https:\\\/\\\/ihedn.concilium.click\"],\"url\":\"https:\\\/\\\/ihedn.fr\\\/en\\\/author\\\/dev\\\/\"}]}<\/script>\n<!-- \/ Yoast SEO plugin. -->","yoast_head_json":{"title":"General de Gaulle at the IHEDN - The IHEDN: Institute for Advanced Studies in National Defence","description":"In this second episode in the history of the IHEDN, we take a look back at the inspection of the higher military education establishments of the \u00c9cole Militaire by General de Gaulle, President of the French Republic.","robots":{"index":"index","follow":"follow","max-snippet":"max-snippet:-1","max-image-preview":"max-image-preview:large","max-video-preview":"max-video-preview:-1"},"canonical":"https:\/\/ihedn.fr\/en\/notre-histoire\/le-general-de-gaulle-a-lihedn\/","og_locale":"en_GB","og_type":"article","og_title":"Le g\u00e9n\u00e9ral de Gaulle \u00e0 l\u2019IHEDN","og_description":"Pour ce deuxi\u00e8me \u00e9pisode de l\u2019histoire de l\u2019IHEDN, nous vous proposons de revenir sur l\u2019inspection des \u00e9tablissements de l\u2019Enseignement militaire sup\u00e9rieur de l\u2019\u00c9cole militaire par le g\u00e9n\u00e9ral de Gaulle, pr\u00e9sident de la R\u00e9publique fran\u00e7aise.","og_url":"https:\/\/ihedn.fr\/en\/notre-histoire\/le-general-de-gaulle-a-lihedn\/","og_site_name":"L&#039;IHEDN : Institut des hautes \u00e9tudes de d\u00e9fense nationale","article_publisher":"https:\/\/www.facebook.com\/ihedn\/","article_published_time":"2022-11-16T10:47:01+00:00","article_modified_time":"2025-05-27T07:29:52+00:00","og_image":[{"width":1600,"height":900,"url":"https:\/\/ihedn.fr\/wp-content\/uploads\/2022\/11\/visuel-IHEDNVENDREDI-lecture-ep2.jpg","type":"image\/jpeg"}],"author":"dev","twitter_card":"summary_large_image","twitter_title":"Le g\u00e9n\u00e9ral de Gaulle \u00e0 l\u2019IHEDN","twitter_description":"Pour ce deuxi\u00e8me \u00e9pisode de l\u2019histoire de l\u2019IHEDN, nous vous proposons de revenir sur l\u2019inspection des \u00e9tablissements de l\u2019Enseignement militaire sup\u00e9rieur de l\u2019\u00c9cole militaire par le g\u00e9n\u00e9ral de Gaulle, pr\u00e9sident de la R\u00e9publique fran\u00e7aise.","twitter_creator":"@IHEDN","twitter_site":"@IHEDN","twitter_misc":{"Written by":"dev","Estimated reading time":"4 minutes"},"schema":{"@context":"https:\/\/schema.org","@graph":[{"@type":"Article","@id":"https:\/\/ihedn.fr\/notre-histoire\/le-general-de-gaulle-a-lihedn\/#article","isPartOf":{"@id":"https:\/\/ihedn.fr\/notre-histoire\/le-general-de-gaulle-a-lihedn\/"},"author":{"name":"dev","@id":"https:\/\/ihedn.fr\/#\/schema\/person\/7a40155595e4efb35323447cb8c8c5a4"},"headline":"Le g\u00e9n\u00e9ral de Gaulle \u00e0 l\u2019IHEDN","datePublished":"2022-11-16T10:47:01+00:00","dateModified":"2025-05-27T07:29:52+00:00","mainEntityOfPage":{"@id":"https:\/\/ihedn.fr\/notre-histoire\/le-general-de-gaulle-a-lihedn\/"},"wordCount":747,"publisher":{"@id":"https:\/\/ihedn.fr\/#organization"},"image":{"@id":"https:\/\/ihedn.fr\/notre-histoire\/le-general-de-gaulle-a-lihedn\/#primaryimage"},"thumbnailUrl":"https:\/\/ihedn.fr\/wp-content\/uploads\/2022\/11\/visuel-IHEDNVENDREDI-lecture-ep2.jpg","articleSection":["notre-histoire"],"inLanguage":"en-GB"},{"@type":"WebPage","@id":"https:\/\/ihedn.fr\/notre-histoire\/le-general-de-gaulle-a-lihedn\/","url":"https:\/\/ihedn.fr\/notre-histoire\/le-general-de-gaulle-a-lihedn\/","name":"General de Gaulle at the IHEDN - The IHEDN: Institute for Advanced Studies in National Defence","isPartOf":{"@id":"https:\/\/ihedn.fr\/#website"},"primaryImageOfPage":{"@id":"https:\/\/ihedn.fr\/notre-histoire\/le-general-de-gaulle-a-lihedn\/#primaryimage"},"image":{"@id":"https:\/\/ihedn.fr\/notre-histoire\/le-general-de-gaulle-a-lihedn\/#primaryimage"},"thumbnailUrl":"https:\/\/ihedn.fr\/wp-content\/uploads\/2022\/11\/visuel-IHEDNVENDREDI-lecture-ep2.jpg","datePublished":"2022-11-16T10:47:01+00:00","dateModified":"2025-05-27T07:29:52+00:00","description":"In this second episode in the history of the IHEDN, we take a look back at the inspection of the higher military education establishments of the \u00c9cole Militaire by General de Gaulle, President of the French Republic.","breadcrumb":{"@id":"https:\/\/ihedn.fr\/notre-histoire\/le-general-de-gaulle-a-lihedn\/#breadcrumb"},"inLanguage":"en-GB","potentialAction":[{"@type":"ReadAction","target":["https:\/\/ihedn.fr\/notre-histoire\/le-general-de-gaulle-a-lihedn\/"]}]},{"@type":"ImageObject","inLanguage":"en-GB","@id":"https:\/\/ihedn.fr\/notre-histoire\/le-general-de-gaulle-a-lihedn\/#primaryimage","url":"https:\/\/ihedn.fr\/wp-content\/uploads\/2022\/11\/visuel-IHEDNVENDREDI-lecture-ep2.jpg","contentUrl":"https:\/\/ihedn.fr\/wp-content\/uploads\/2022\/11\/visuel-IHEDNVENDREDI-lecture-ep2.jpg","width":1600,"height":900,"caption":"IHEDN : notre histoire \/ \u00c9pisode 2 : Qu\u2019est-ce que la guerre juste ?"},{"@type":"BreadcrumbList","@id":"https:\/\/ihedn.fr\/notre-histoire\/le-general-de-gaulle-a-lihedn\/#breadcrumb","itemListElement":[{"@type":"ListItem","position":1,"name":"Accueil","item":"https:\/\/ihedn.fr\/"},{"@type":"ListItem","position":2,"name":"Le g\u00e9n\u00e9ral de Gaulle \u00e0 l\u2019IHEDN"}]},{"@type":"WebSite","@id":"https:\/\/ihedn.fr\/#website","url":"https:\/\/ihedn.fr\/","name":"IHEDN: Institut des hautes \u00e9tudes de d\u00e9fense nationale (Institute for Higher National Defence Studies)","description":"Official website of the IHEDN under the supervision of the Prime Minister.","publisher":{"@id":"https:\/\/ihedn.fr\/#organization"},"potentialAction":[{"@type":"SearchAction","target":{"@type":"EntryPoint","urlTemplate":"https:\/\/ihedn.fr\/?s={search_term_string}"},"query-input":{"@type":"PropertyValueSpecification","valueRequired":true,"valueName":"search_term_string"}}],"inLanguage":"en-GB"},{"@type":"Organization","@id":"https:\/\/ihedn.fr\/#organization","name":"IHEDN - Institute for Higher National Defence Studies","url":"https:\/\/ihedn.fr\/","logo":{"@type":"ImageObject","inLanguage":"en-GB","@id":"https:\/\/ihedn.fr\/#\/schema\/logo\/image\/","url":"https:\/\/ihedn.fr\/wp-content\/uploads\/2020\/11\/BLOC_RF_IHEDN_WEB.png","contentUrl":"https:\/\/ihedn.fr\/wp-content\/uploads\/2020\/11\/BLOC_RF_IHEDN_WEB.png","width":500,"height":237,"caption":"IHEDN - Institut des Hautes Etudes de D\u00e9fense Nationale"},"image":{"@id":"https:\/\/ihedn.fr\/#\/schema\/logo\/image\/"},"sameAs":["https:\/\/www.facebook.com\/ihedn\/","https:\/\/x.com\/IHEDN","https:\/\/www.instagram.com\/ihedn\/","https:\/\/www.linkedin.com\/school\/ihedn\/","https:\/\/fr.wikipedia.org\/wiki\/Institut_des_hautes_\u00e9tudes_de_D\u00e9fense_nationale"]},{"@type":"Person","@id":"https:\/\/ihedn.fr\/#\/schema\/person\/7a40155595e4efb35323447cb8c8c5a4","name":"dev","image":{"@type":"ImageObject","inLanguage":"en-GB","@id":"https:\/\/secure.gravatar.com\/avatar\/f1ffcac9ca2fa95ad3ec33e9be3ade82f752acb0cabe541e56c5889225afa88a?s=96&d=mm&r=g","url":"https:\/\/secure.gravatar.com\/avatar\/f1ffcac9ca2fa95ad3ec33e9be3ade82f752acb0cabe541e56c5889225afa88a?s=96&d=mm&r=g","contentUrl":"https:\/\/secure.gravatar.com\/avatar\/f1ffcac9ca2fa95ad3ec33e9be3ade82f752acb0cabe541e56c5889225afa88a?s=96&d=mm&r=g","caption":"dev"},"sameAs":["https:\/\/ihedn.concilium.click"],"url":"https:\/\/ihedn.fr\/en\/author\/dev\/"}]}},"publishpress_future_action":{"enabled":false,"date":"2026-05-05 21:08:42","action":"change-status","newStatus":"draft","terms":[],"taxonomy":"category","extraData":[]},"publishpress_future_workflow_manual_trigger":{"enabledWorkflows":[]},"_links":{"self":[{"href":"https:\/\/ihedn.fr\/en\/wp-json\/wp\/v2\/posts\/27661","targetHints":{"allow":["GET"]}}],"collection":[{"href":"https:\/\/ihedn.fr\/en\/wp-json\/wp\/v2\/posts"}],"about":[{"href":"https:\/\/ihedn.fr\/en\/wp-json\/wp\/v2\/types\/post"}],"author":[{"embeddable":true,"href":"https:\/\/ihedn.fr\/en\/wp-json\/wp\/v2\/users\/1"}],"replies":[{"embeddable":true,"href":"https:\/\/ihedn.fr\/en\/wp-json\/wp\/v2\/comments?post=27661"}],"version-history":[{"count":47,"href":"https:\/\/ihedn.fr\/en\/wp-json\/wp\/v2\/posts\/27661\/revisions"}],"predecessor-version":[{"id":54481,"href":"https:\/\/ihedn.fr\/en\/wp-json\/wp\/v2\/posts\/27661\/revisions\/54481"}],"wp:featuredmedia":[{"embeddable":true,"href":"https:\/\/ihedn.fr\/en\/wp-json\/wp\/v2\/media\/27674"}],"wp:attachment":[{"href":"https:\/\/ihedn.fr\/en\/wp-json\/wp\/v2\/media?parent=27661"}],"wp:term":[{"taxonomy":"category","embeddable":true,"href":"https:\/\/ihedn.fr\/en\/wp-json\/wp\/v2\/categories?post=27661"},{"taxonomy":"post_tag","embeddable":true,"href":"https:\/\/ihedn.fr\/en\/wp-json\/wp\/v2\/tags?post=27661"}],"curies":[{"name":"wp","href":"https:\/\/api.w.org\/{rel}","templated":true}]}}