{"id":27724,"date":"2022-11-18T09:20:37","date_gmt":"2022-11-18T08:20:37","guid":{"rendered":"https:\/\/ihedn.fr\/?p=27724"},"modified":"2023-06-30T13:14:26","modified_gmt":"2023-06-30T12:14:26","slug":"le-rapport-de-lue-a-la-puissance-est-en-train-detre-bouleverse","status":"publish","type":"post","link":"https:\/\/ihedn.fr\/en\/notre-selection\/le-rapport-de-lue-a-la-puissance-est-en-train-detre-bouleverse\/","title":{"rendered":"\"The EU's relationship with power is being turned upside down\"."},"content":{"rendered":"<div data-elementor-type=\"wp-post\" data-elementor-id=\"27724\" class=\"elementor elementor-27724\" data-elementor-post-type=\"post\">\n\t\t\t\t\t\t<section data-particle_enable=\"false\" data-particle-mobile-disabled=\"false\" class=\"elementor-section elementor-top-section elementor-element elementor-element-996e535 elementor-section-boxed elementor-section-height-default elementor-section-height-default\" data-id=\"996e535\" data-element_type=\"section\" data-e-type=\"section\">\n\t\t\t\t\t\t<div class=\"elementor-container elementor-column-gap-default\">\n\t\t\t\t\t<div class=\"elementor-column elementor-col-100 elementor-top-column elementor-element elementor-element-6d85f63\" data-id=\"6d85f63\" data-element_type=\"column\" data-e-type=\"column\">\n\t\t\t<div class=\"elementor-widget-wrap elementor-element-populated\">\n\t\t\t\t\t\t<div class=\"elementor-element elementor-element-62135b8 elementor-widget elementor-widget-text-editor\" data-id=\"62135b8\" data-element_type=\"widget\" data-e-type=\"widget\" data-widget_type=\"text-editor.default\">\n\t\t\t\t<div class=\"elementor-widget-container\">\n\t\t\t\t\t\t\t\t\t<p style=\"text-align: left;\">Could the tragedy in Ukraine have more than just disastrous effects? Pierre Haroche assures us: <em>\"The European Union's relationship with power is being turned upside down\".<\/em> According to this expert on EU defence policy, this upheaval goes back further than the war raging on our continent: it has its origins in the changing balance of power. <em>\"The economy is now central to the competition between the world's powers, particularly the US and China. So it is not the EU - whose main strength is its market - that has become powerful, but the other way round, because economic instruments have become central to international competition\".<\/em><\/p><p style=\"text-align: left;\">The war would appear to be one of the first signs of this change: <em>\"Economic and financial sanctions can be seen as the first affirmation of this power; they are typically geo-economic instruments\".<\/em>explains Pierre Haroche. The turning point,<em> \"One of the most memorable moments of the war was when the President of the United States, Joe Biden, declared (even before the Russian offensive began) that there would be no involvement of American troops in the conflict. With these military options ruled out from the outset, the United States, like all NATO members, had to find other options to help the Ukrainians. Initially, this support came in the form of initiatives by individual countries (notably the United States and the United Kingdom) to deliver equipment and train Ukrainian soldiers.<\/em>says Pierre Haroche<em>. And to help provide this support, the European Union has decided to use a new instrument at its disposal: the European Peace Facility (EPF)\".<\/em><\/p><p style=\"text-align: left;\">The EFF, a European extra-budgetary fund, was created last year by the EU to improve its ability to \"prevent conflicts, consolidate peace and strengthen international security\". <em>\"It was conceived as a means of supplementing the military training offered by the European Union (through the delivery of equipment, for example). In particular, it was a response to the need not to hand over to the Russians the soldiers trained in the Sahel or Somalia. The creation of this fund gave rise to a great deal of debate within the Member States - many of them wanted the European Union to confine itself to the civilian sphere in these conflicts, and not to supply arms to sulphurous actors\". <\/em>After Russia invaded Ukraine,<em> \"In the eyes of Europeans, the EFF has become an appropriate instrument, particularly for retroactively reimbursing contributing Member States\". <\/em>Pierre Haroche assures us: \"\u00a0<em>A review is currently underway to make this mechanism even more effective\".<\/em><\/p><p style=\"text-align: left;\"><em>\"What is noteworthy is that the European Union has managed to play an interesting role in a crisis that seemed to have been made for NATO (a territorial crisis involving Russia).<\/em>\u00a0\". For Pierre Haroche, the second key point is<em> \"is the strengthening of European defence.<\/em> He was referring to the decision taken by NATO leaders at the Madrid summit in June to transform the Alliance's Response Force, increasing the number of high-readiness troops to more than 300,000. <em>\"Implementing this objective, in terms of conventional deterrence and NATO's defence posture, necessarily involves a major effort on the part of Europeans. But there is also an industrial and capability aspect, by strengthening Member States' arsenals: the European Union can complement national policies\".<\/em>says Pierre Haroche.<\/p><p style=\"text-align: left;\"><em>\u00a0<\/em>The previous Ukrainian crisis led to the creation of the European Defence Fund, which enabled the development of military prototypes to be financed from the EU budget.<em>. \"This was a major institutional and financial innovation at the time. The current debate is about how to use these instruments (or even create new ones) to acquire weapons more directly. A conceptual step was taken during this crisis: the European Union has set itself the ambition of being able to support, including financially, the armament of Member States. In the long term, this move could have far-reaching implications for cooperation, interoperability and European integration in general. Finally, this high-intensity crisis, because it is equipment-intensive, can also give the European Union an interesting role as an industrial player\". <\/em><\/p><p style=\"text-align: left;\">La <a href=\"https:\/\/www.defense.gouv.fr\/actualites\/europe-defense-boussole-strategique-adoptee\"><strong>strategic compass<\/strong><\/a>Can the first White Paper on European defence set the framework for these ambitions? <em>\"The strategic compass is the culmination of a process of reflection that began well before the Russian offensive in Ukraine.<\/em>says Pierre Haroche. <em>Its creation was prompted by NATO's departure from Kabul in the summer of 2021. Europeans had been marked by the hasty departure of the Americans from Afghanistan. They had (once again) realised how little room for manoeuvre they had when they were backed into a corner by the United States\".<\/em> The idea was to create tools enabling the EU to conduct similar operations autonomously (rescue missions, extradition of European nationals to a foreign theatre). <em>\"This ambition may have made sense in 2021, but the war in Ukraine has changed the order of priorities\".<\/em>says Pierre Haroche.<\/p><p style=\"text-align: left;\">The European Union needs to focus less on its operational complementarity and more on the role it can play in the industrial and financial spheres.\u00a0<em>\"<\/em>\u00a0<em>It can use its economic and financial clout to serve Europe's strategic interests. It needs to strengthen the instruments at its disposal, to go further than the EFF (which allows a cheque for 500 million euros to be sent to Member States from time to time to reimburse arms deliveries), which is reaching its limits. The EU needs tools that give it medium-term visibility on the financing of its defence - remember the 40 billion euro envelope allocated to the Ukrainians voted by the US Congress in May. This budget could enable Member States to make joint purchases, which would be beneficial in terms of economies of scale and interoperability. Other types of pooling are also conceivable, such as equipment maintenance, training and force training. <\/em>In Pierre Haroche's view, the EU would then have a role to play.<em> \"decisive\".<\/em><\/p>\t\t\t\t\t\t\t\t<\/div>\n\t\t\t\t<\/div>\n\t\t\t\t\t<\/div>\n\t\t<\/div>\n\t\t\t\t\t<\/div>\n\t\t<\/section>\n\t\t\t\t<section data-particle_enable=\"false\" data-particle-mobile-disabled=\"false\" class=\"elementor-section elementor-top-section elementor-element elementor-element-ed21e3b elementor-section-boxed elementor-section-height-default elementor-section-height-default\" data-id=\"ed21e3b\" data-element_type=\"section\" data-e-type=\"section\">\n\t\t\t\t\t\t<div class=\"elementor-container elementor-column-gap-default\">\n\t\t\t\t\t<div class=\"elementor-column elementor-col-100 elementor-top-column elementor-element elementor-element-c93d2ee\" data-id=\"c93d2ee\" data-element_type=\"column\" data-e-type=\"column\">\n\t\t\t<div class=\"elementor-widget-wrap elementor-element-populated\">\n\t\t\t\t\t\t<div class=\"elementor-element elementor-element-eebbcbc elementor-widget elementor-widget-text-editor\" data-id=\"eebbcbc\" data-element_type=\"widget\" data-e-type=\"widget\" data-widget_type=\"text-editor.default\">\n\t\t\t\t<div class=\"elementor-widget-container\">\n\t\t\t\t\t\t\t\t\t<p style=\"text-align: left;\"><strong>*Pierre Haroche is a doctor of political science and a specialist in the integration and defence policy of the European Union. He teaches at Queen Mary University in London. He previously served at the Institut de recherche strat\u00e9gique de l'\u00c9cole militaire (IRSEM), King's College London and the Universit\u00e9 Panth\u00e9on-Sorbonne.<\/strong><\/p>\t\t\t\t\t\t\t\t<\/div>\n\t\t\t\t<\/div>\n\t\t\t\t\t<\/div>\n\t\t<\/div>\n\t\t\t\t\t<\/div>\n\t\t<\/section>\n\t\t\t\t<section data-particle_enable=\"false\" data-particle-mobile-disabled=\"false\" class=\"elementor-section elementor-top-section elementor-element elementor-element-b82edb7 elementor-section-boxed elementor-section-height-default elementor-section-height-default\" data-id=\"b82edb7\" data-element_type=\"section\" data-e-type=\"section\">\n\t\t\t\t\t\t<div class=\"elementor-container elementor-column-gap-default\">\n\t\t\t\t\t<div class=\"elementor-column elementor-col-100 elementor-top-column elementor-element elementor-element-f467763\" data-id=\"f467763\" data-element_type=\"column\" data-e-type=\"column\">\n\t\t\t<div class=\"elementor-widget-wrap elementor-element-populated\">\n\t\t\t\t\t\t<div class=\"elementor-element elementor-element-7ab465e elementor-widget elementor-widget-text-editor\" data-id=\"7ab465e\" data-element_type=\"widget\" data-e-type=\"widget\" data-widget_type=\"text-editor.default\">\n\t\t\t\t<div class=\"elementor-widget-container\">\n\t\t\t\t\t\t\t\t\t<strong>To find out more:<\/strong>\n<br>\n<a href=\"https:\/\/lerubicon.org\/publication\/volume-3-du-rubicon-le-reveil-europeen-et-transatlantique\/\">To arms, Europeans!<\/a>by Pierre Haroche (<em>The Rubicon<\/em>, <em>\u00c9<\/em>quators, October 2022)\n<br>\n<a href=\"https:\/\/www.defense.gouv.fr\/lhistoire-leurope-defense-0\">The history of European defence<\/a> (Ministry of Defence)\n<br>\n<a href=\"https:\/\/www.defense.gouv.fr\/actualites\/pierre-haroche-leurope-defense-avance-lorsque-survient-crise\">Interview with Pierre Haroche: \"European defence moves forward when there is a crisis\".<\/a> (Ministry of Defence, June 2022)\t\t\t\t\t\t\t\t<\/div>\n\t\t\t\t<\/div>\n\t\t\t\t\t<\/div>\n\t\t<\/div>\n\t\t\t\t\t<\/div>\n\t\t<\/section>\n\t\t\t\t<\/div>","protected":false},"excerpt":{"rendered":"<p>\"To arms, Europeans! This is the title of the article by Pierre Haroche, a specialist in European Union (EU) defence policy, published in the 3<sup>e<\/sup> Rubicon volume, \"The European and transatlantic awakening\". In support of this observation, the researcher recalls the means implemented in recent years to strengthen European security, and puts forward concrete proposals. In the light of recent events, he returns to these essential themes at the strategic debate organised by the IHEDN on 15 November.<\/p>","protected":false},"author":1,"featured_media":27350,"comment_status":"closed","ping_status":"closed","sticky":false,"template":"","format":"standard","meta":{"footnotes":""},"categories":[41,171,209],"tags":[],"class_list":["post-27724","post","type-post","status-publish","format-standard","has-post-thumbnail","hentry","category-lundis-de-lihedn","category-notre-selection","category-securite-internationale"],"yoast_head":"<!-- This site is optimized with the Yoast SEO plugin v27.5 - https:\/\/yoast.com\/product\/yoast-seo-wordpress\/ -->\n<title>\u00ab Le rapport de l&#039;UE \u00e0 la puissance est en train d&#039;\u00eatre boulevers\u00e9 \u00bb - L&#039;IHEDN : Institut des hautes \u00e9tudes de d\u00e9fense nationale<\/title>\n<meta name=\"description\" content=\"la cyber-ins\u00e9curit\u00e9 va augmenter en quantit\u00e9, en qualit\u00e9. Depuis dix ans, les institutions de l\u2019Union europ\u00e9enne profitent de cette p\u00e9riode consacr\u00e9e, pour mener des actions de sensibilisation destin\u00e9es \u00e0 promouvoir et renforcer la cybers\u00e9curit\u00e9. Le g\u00e9n\u00e9ral d\u2019arm\u00e9e (2S) Marc Watin-Augouard, chef de la majeure \u00ab souverainet\u00e9 num\u00e9rique et cybers\u00e9curit\u00e9 \u00bb \u00e0 l\u2019IHEDN, d\u00e9crypte les \u00e9volutions actuelles de cet espace commun dans un contexte strat\u00e9gique d\u00e9grad\u00e9.\" \/>\n<meta name=\"robots\" content=\"index, follow, max-snippet:-1, max-image-preview:large, max-video-preview:-1\" \/>\n<link rel=\"canonical\" href=\"https:\/\/ihedn.fr\/en\/lundis-de-lihedn\/le-rapport-de-lue-a-la-puissance-est-en-train-detre-bouleverse\/\" \/>\n<meta property=\"og:locale\" content=\"en_GB\" \/>\n<meta property=\"og:type\" content=\"article\" \/>\n<meta property=\"og:title\" content=\"\u00ab Le rapport de l&#039;UE \u00e0 la puissance est en train d&#039;\u00eatre boulevers\u00e9 \u00bb - L&#039;IHEDN : Institut des hautes \u00e9tudes de d\u00e9fense nationale\" \/>\n<meta property=\"og:description\" content=\"la cyber-ins\u00e9curit\u00e9 va augmenter en quantit\u00e9, en qualit\u00e9. Depuis dix ans, les institutions de l\u2019Union europ\u00e9enne profitent de cette p\u00e9riode consacr\u00e9e, pour mener des actions de sensibilisation destin\u00e9es \u00e0 promouvoir et renforcer la cybers\u00e9curit\u00e9. Le g\u00e9n\u00e9ral d\u2019arm\u00e9e (2S) Marc Watin-Augouard, chef de la majeure \u00ab souverainet\u00e9 num\u00e9rique et cybers\u00e9curit\u00e9 \u00bb \u00e0 l\u2019IHEDN, d\u00e9crypte les \u00e9volutions actuelles de cet espace commun dans un contexte strat\u00e9gique d\u00e9grad\u00e9.\" \/>\n<meta property=\"og:url\" content=\"https:\/\/ihedn.fr\/en\/lundis-de-lihedn\/le-rapport-de-lue-a-la-puissance-est-en-train-detre-bouleverse\/\" \/>\n<meta property=\"og:site_name\" content=\"L&#039;IHEDN : Institut des hautes \u00e9tudes de d\u00e9fense nationale\" \/>\n<meta property=\"article:publisher\" content=\"https:\/\/www.facebook.com\/ihedn\/\" \/>\n<meta property=\"article:published_time\" content=\"2022-11-18T08:20:37+00:00\" \/>\n<meta property=\"article:modified_time\" content=\"2023-06-30T12:14:26+00:00\" \/>\n<meta property=\"og:image\" content=\"https:\/\/ihedn.fr\/wp-content\/uploads\/2022\/11\/bandeau-model_HAROCHE-00-1.jpg\" \/>\n\t<meta property=\"og:image:width\" content=\"1600\" \/>\n\t<meta property=\"og:image:height\" content=\"900\" \/>\n\t<meta property=\"og:image:type\" content=\"image\/jpeg\" \/>\n<meta name=\"author\" content=\"dev\" \/>\n<meta name=\"twitter:card\" content=\"summary_large_image\" \/>\n<meta name=\"twitter:creator\" content=\"@IHEDN\" \/>\n<meta name=\"twitter:site\" content=\"@IHEDN\" \/>\n<meta name=\"twitter:label1\" content=\"Written by\" \/>\n\t<meta name=\"twitter:data1\" content=\"dev\" \/>\n\t<meta name=\"twitter:label2\" content=\"Estimated reading time\" \/>\n\t<meta name=\"twitter:data2\" content=\"6 minutes\" \/>\n<script type=\"application\/ld+json\" class=\"yoast-schema-graph\">{\"@context\":\"https:\\\/\\\/schema.org\",\"@graph\":[{\"@type\":\"Article\",\"@id\":\"https:\\\/\\\/ihedn.fr\\\/lundis-de-lihedn\\\/le-rapport-de-lue-a-la-puissance-est-en-train-detre-bouleverse\\\/#article\",\"isPartOf\":{\"@id\":\"https:\\\/\\\/ihedn.fr\\\/lundis-de-lihedn\\\/le-rapport-de-lue-a-la-puissance-est-en-train-detre-bouleverse\\\/\"},\"author\":{\"name\":\"dev\",\"@id\":\"https:\\\/\\\/ihedn.fr\\\/#\\\/schema\\\/person\\\/7a40155595e4efb35323447cb8c8c5a4\"},\"headline\":\"\u00ab Le rapport de l&rsquo;UE \u00e0 la puissance est en train d&rsquo;\u00eatre boulevers\u00e9 \u00bb\",\"datePublished\":\"2022-11-18T08:20:37+00:00\",\"dateModified\":\"2023-06-30T12:14:26+00:00\",\"mainEntityOfPage\":{\"@id\":\"https:\\\/\\\/ihedn.fr\\\/lundis-de-lihedn\\\/le-rapport-de-lue-a-la-puissance-est-en-train-detre-bouleverse\\\/\"},\"wordCount\":1284,\"publisher\":{\"@id\":\"https:\\\/\\\/ihedn.fr\\\/#organization\"},\"image\":{\"@id\":\"https:\\\/\\\/ihedn.fr\\\/lundis-de-lihedn\\\/le-rapport-de-lue-a-la-puissance-est-en-train-detre-bouleverse\\\/#primaryimage\"},\"thumbnailUrl\":\"https:\\\/\\\/ihedn.fr\\\/wp-content\\\/uploads\\\/2022\\\/11\\\/bandeau-model_HAROCHE-00-1.jpg\",\"articleSection\":[\"Lundis de l'IHEDN\",\"Notre s\u00e9lection\",\"s\u00e9curit\u00e9 internationale\"],\"inLanguage\":\"en-GB\"},{\"@type\":\"WebPage\",\"@id\":\"https:\\\/\\\/ihedn.fr\\\/lundis-de-lihedn\\\/le-rapport-de-lue-a-la-puissance-est-en-train-detre-bouleverse\\\/\",\"url\":\"https:\\\/\\\/ihedn.fr\\\/lundis-de-lihedn\\\/le-rapport-de-lue-a-la-puissance-est-en-train-detre-bouleverse\\\/\",\"name\":\"\u00ab Le rapport de l'UE \u00e0 la puissance est en train d'\u00eatre boulevers\u00e9 \u00bb - L&#039;IHEDN : Institut des hautes \u00e9tudes de d\u00e9fense nationale\",\"isPartOf\":{\"@id\":\"https:\\\/\\\/ihedn.fr\\\/#website\"},\"primaryImageOfPage\":{\"@id\":\"https:\\\/\\\/ihedn.fr\\\/lundis-de-lihedn\\\/le-rapport-de-lue-a-la-puissance-est-en-train-detre-bouleverse\\\/#primaryimage\"},\"image\":{\"@id\":\"https:\\\/\\\/ihedn.fr\\\/lundis-de-lihedn\\\/le-rapport-de-lue-a-la-puissance-est-en-train-detre-bouleverse\\\/#primaryimage\"},\"thumbnailUrl\":\"https:\\\/\\\/ihedn.fr\\\/wp-content\\\/uploads\\\/2022\\\/11\\\/bandeau-model_HAROCHE-00-1.jpg\",\"datePublished\":\"2022-11-18T08:20:37+00:00\",\"dateModified\":\"2023-06-30T12:14:26+00:00\",\"description\":\"la cyber-ins\u00e9curit\u00e9 va augmenter en quantit\u00e9, en qualit\u00e9. Depuis dix ans, les institutions de l\u2019Union europ\u00e9enne profitent de cette p\u00e9riode consacr\u00e9e, pour mener des actions de sensibilisation destin\u00e9es \u00e0 promouvoir et renforcer la cybers\u00e9curit\u00e9. Le g\u00e9n\u00e9ral d\u2019arm\u00e9e (2S) Marc Watin-Augouard, chef de la majeure \u00ab souverainet\u00e9 num\u00e9rique et cybers\u00e9curit\u00e9 \u00bb \u00e0 l\u2019IHEDN, d\u00e9crypte les \u00e9volutions actuelles de cet espace commun dans un contexte strat\u00e9gique d\u00e9grad\u00e9.\",\"breadcrumb\":{\"@id\":\"https:\\\/\\\/ihedn.fr\\\/lundis-de-lihedn\\\/le-rapport-de-lue-a-la-puissance-est-en-train-detre-bouleverse\\\/#breadcrumb\"},\"inLanguage\":\"en-GB\",\"potentialAction\":[{\"@type\":\"ReadAction\",\"target\":[\"https:\\\/\\\/ihedn.fr\\\/lundis-de-lihedn\\\/le-rapport-de-lue-a-la-puissance-est-en-train-detre-bouleverse\\\/\"]}]},{\"@type\":\"ImageObject\",\"inLanguage\":\"en-GB\",\"@id\":\"https:\\\/\\\/ihedn.fr\\\/lundis-de-lihedn\\\/le-rapport-de-lue-a-la-puissance-est-en-train-detre-bouleverse\\\/#primaryimage\",\"url\":\"https:\\\/\\\/ihedn.fr\\\/wp-content\\\/uploads\\\/2022\\\/11\\\/bandeau-model_HAROCHE-00-1.jpg\",\"contentUrl\":\"https:\\\/\\\/ihedn.fr\\\/wp-content\\\/uploads\\\/2022\\\/11\\\/bandeau-model_HAROCHE-00-1.jpg\",\"width\":1600,\"height\":900},{\"@type\":\"BreadcrumbList\",\"@id\":\"https:\\\/\\\/ihedn.fr\\\/lundis-de-lihedn\\\/le-rapport-de-lue-a-la-puissance-est-en-train-detre-bouleverse\\\/#breadcrumb\",\"itemListElement\":[{\"@type\":\"ListItem\",\"position\":1,\"name\":\"Accueil\",\"item\":\"https:\\\/\\\/ihedn.fr\\\/\"},{\"@type\":\"ListItem\",\"position\":2,\"name\":\"\u00ab Le rapport de l&rsquo;UE \u00e0 la puissance est en train d&rsquo;\u00eatre boulevers\u00e9 \u00bb\"}]},{\"@type\":\"WebSite\",\"@id\":\"https:\\\/\\\/ihedn.fr\\\/#website\",\"url\":\"https:\\\/\\\/ihedn.fr\\\/\",\"name\":\"IHEDN : Institut des hautes \u00e9tudes de d\u00e9fense nationale |\",\"description\":\"Site officiel de l&#039;IHEDN plac\u00e9 sous la tutelle du Premier ministre.\",\"publisher\":{\"@id\":\"https:\\\/\\\/ihedn.fr\\\/#organization\"},\"potentialAction\":[{\"@type\":\"SearchAction\",\"target\":{\"@type\":\"EntryPoint\",\"urlTemplate\":\"https:\\\/\\\/ihedn.fr\\\/?s={search_term_string}\"},\"query-input\":{\"@type\":\"PropertyValueSpecification\",\"valueRequired\":true,\"valueName\":\"search_term_string\"}}],\"inLanguage\":\"en-GB\"},{\"@type\":\"Organization\",\"@id\":\"https:\\\/\\\/ihedn.fr\\\/#organization\",\"name\":\"IHEDN - Institut des Hautes Etudes de D\u00e9fense Nationale\",\"url\":\"https:\\\/\\\/ihedn.fr\\\/\",\"logo\":{\"@type\":\"ImageObject\",\"inLanguage\":\"en-GB\",\"@id\":\"https:\\\/\\\/ihedn.fr\\\/#\\\/schema\\\/logo\\\/image\\\/\",\"url\":\"https:\\\/\\\/ihedn.fr\\\/wp-content\\\/uploads\\\/2020\\\/11\\\/BLOC_RF_IHEDN_WEB.png\",\"contentUrl\":\"https:\\\/\\\/ihedn.fr\\\/wp-content\\\/uploads\\\/2020\\\/11\\\/BLOC_RF_IHEDN_WEB.png\",\"width\":500,\"height\":237,\"caption\":\"IHEDN - Institut des Hautes Etudes de D\u00e9fense Nationale\"},\"image\":{\"@id\":\"https:\\\/\\\/ihedn.fr\\\/#\\\/schema\\\/logo\\\/image\\\/\"},\"sameAs\":[\"https:\\\/\\\/www.facebook.com\\\/ihedn\\\/\",\"https:\\\/\\\/x.com\\\/IHEDN\",\"https:\\\/\\\/www.instagram.com\\\/ihedn\\\/\",\"https:\\\/\\\/www.linkedin.com\\\/school\\\/ihedn\\\/\",\"https:\\\/\\\/fr.wikipedia.org\\\/wiki\\\/Institut_des_hautes_\u00e9tudes_de_D\u00e9fense_nationale\"]},{\"@type\":\"Person\",\"@id\":\"https:\\\/\\\/ihedn.fr\\\/#\\\/schema\\\/person\\\/7a40155595e4efb35323447cb8c8c5a4\",\"name\":\"dev\",\"image\":{\"@type\":\"ImageObject\",\"inLanguage\":\"en-GB\",\"@id\":\"https:\\\/\\\/secure.gravatar.com\\\/avatar\\\/f1ffcac9ca2fa95ad3ec33e9be3ade82f752acb0cabe541e56c5889225afa88a?s=96&d=mm&r=g\",\"url\":\"https:\\\/\\\/secure.gravatar.com\\\/avatar\\\/f1ffcac9ca2fa95ad3ec33e9be3ade82f752acb0cabe541e56c5889225afa88a?s=96&d=mm&r=g\",\"contentUrl\":\"https:\\\/\\\/secure.gravatar.com\\\/avatar\\\/f1ffcac9ca2fa95ad3ec33e9be3ade82f752acb0cabe541e56c5889225afa88a?s=96&d=mm&r=g\",\"caption\":\"dev\"},\"sameAs\":[\"https:\\\/\\\/ihedn.concilium.click\"],\"url\":\"https:\\\/\\\/ihedn.fr\\\/en\\\/author\\\/dev\\\/\"}]}<\/script>\n<!-- \/ Yoast SEO plugin. -->","yoast_head_json":{"title":"\"The EU's relationship with power is in the process of being turned upside down\" - IHEDN: Institut des hautes \u00e9tudes de d\u00e9fense nationale (Institute for Advanced Studies in National Defence)","description":"cyber-security will increase in quantity and quality. For the past ten years, the institutions of the European Union have been taking advantage of this dedicated period to conduct awareness-raising campaigns designed to promote and strengthen cyber security. Army General (2S) Marc Watin-Augouard, head of the \"digital sovereignty and cybersecurity\" major at the IHEDN, deciphers current developments in this common space in a deteriorating strategic context.","robots":{"index":"index","follow":"follow","max-snippet":"max-snippet:-1","max-image-preview":"max-image-preview:large","max-video-preview":"max-video-preview:-1"},"canonical":"https:\/\/ihedn.fr\/en\/lundis-de-lihedn\/le-rapport-de-lue-a-la-puissance-est-en-train-detre-bouleverse\/","og_locale":"en_GB","og_type":"article","og_title":"\u00ab Le rapport de l'UE \u00e0 la puissance est en train d'\u00eatre boulevers\u00e9 \u00bb - L&#039;IHEDN : Institut des hautes \u00e9tudes de d\u00e9fense nationale","og_description":"la cyber-ins\u00e9curit\u00e9 va augmenter en quantit\u00e9, en qualit\u00e9. Depuis dix ans, les institutions de l\u2019Union europ\u00e9enne profitent de cette p\u00e9riode consacr\u00e9e, pour mener des actions de sensibilisation destin\u00e9es \u00e0 promouvoir et renforcer la cybers\u00e9curit\u00e9. Le g\u00e9n\u00e9ral d\u2019arm\u00e9e (2S) Marc Watin-Augouard, chef de la majeure \u00ab souverainet\u00e9 num\u00e9rique et cybers\u00e9curit\u00e9 \u00bb \u00e0 l\u2019IHEDN, d\u00e9crypte les \u00e9volutions actuelles de cet espace commun dans un contexte strat\u00e9gique d\u00e9grad\u00e9.","og_url":"https:\/\/ihedn.fr\/en\/lundis-de-lihedn\/le-rapport-de-lue-a-la-puissance-est-en-train-detre-bouleverse\/","og_site_name":"L&#039;IHEDN : Institut des hautes \u00e9tudes de d\u00e9fense nationale","article_publisher":"https:\/\/www.facebook.com\/ihedn\/","article_published_time":"2022-11-18T08:20:37+00:00","article_modified_time":"2023-06-30T12:14:26+00:00","og_image":[{"width":1600,"height":900,"url":"https:\/\/ihedn.fr\/wp-content\/uploads\/2022\/11\/bandeau-model_HAROCHE-00-1.jpg","type":"image\/jpeg"}],"author":"dev","twitter_card":"summary_large_image","twitter_creator":"@IHEDN","twitter_site":"@IHEDN","twitter_misc":{"Written by":"dev","Estimated reading time":"6 minutes"},"schema":{"@context":"https:\/\/schema.org","@graph":[{"@type":"Article","@id":"https:\/\/ihedn.fr\/lundis-de-lihedn\/le-rapport-de-lue-a-la-puissance-est-en-train-detre-bouleverse\/#article","isPartOf":{"@id":"https:\/\/ihedn.fr\/lundis-de-lihedn\/le-rapport-de-lue-a-la-puissance-est-en-train-detre-bouleverse\/"},"author":{"name":"dev","@id":"https:\/\/ihedn.fr\/#\/schema\/person\/7a40155595e4efb35323447cb8c8c5a4"},"headline":"\u00ab Le rapport de l&rsquo;UE \u00e0 la puissance est en train d&rsquo;\u00eatre boulevers\u00e9 \u00bb","datePublished":"2022-11-18T08:20:37+00:00","dateModified":"2023-06-30T12:14:26+00:00","mainEntityOfPage":{"@id":"https:\/\/ihedn.fr\/lundis-de-lihedn\/le-rapport-de-lue-a-la-puissance-est-en-train-detre-bouleverse\/"},"wordCount":1284,"publisher":{"@id":"https:\/\/ihedn.fr\/#organization"},"image":{"@id":"https:\/\/ihedn.fr\/lundis-de-lihedn\/le-rapport-de-lue-a-la-puissance-est-en-train-detre-bouleverse\/#primaryimage"},"thumbnailUrl":"https:\/\/ihedn.fr\/wp-content\/uploads\/2022\/11\/bandeau-model_HAROCHE-00-1.jpg","articleSection":["Lundis de l'IHEDN","Notre s\u00e9lection","s\u00e9curit\u00e9 internationale"],"inLanguage":"en-GB"},{"@type":"WebPage","@id":"https:\/\/ihedn.fr\/lundis-de-lihedn\/le-rapport-de-lue-a-la-puissance-est-en-train-detre-bouleverse\/","url":"https:\/\/ihedn.fr\/lundis-de-lihedn\/le-rapport-de-lue-a-la-puissance-est-en-train-detre-bouleverse\/","name":"\"The EU's relationship with power is in the process of being turned upside down\" - IHEDN: Institut des hautes \u00e9tudes de d\u00e9fense nationale (Institute for Advanced Studies in National Defence)","isPartOf":{"@id":"https:\/\/ihedn.fr\/#website"},"primaryImageOfPage":{"@id":"https:\/\/ihedn.fr\/lundis-de-lihedn\/le-rapport-de-lue-a-la-puissance-est-en-train-detre-bouleverse\/#primaryimage"},"image":{"@id":"https:\/\/ihedn.fr\/lundis-de-lihedn\/le-rapport-de-lue-a-la-puissance-est-en-train-detre-bouleverse\/#primaryimage"},"thumbnailUrl":"https:\/\/ihedn.fr\/wp-content\/uploads\/2022\/11\/bandeau-model_HAROCHE-00-1.jpg","datePublished":"2022-11-18T08:20:37+00:00","dateModified":"2023-06-30T12:14:26+00:00","description":"cyber-security will increase in quantity and quality. For the past ten years, the institutions of the European Union have been taking advantage of this dedicated period to conduct awareness-raising campaigns designed to promote and strengthen cyber security. Army General (2S) Marc Watin-Augouard, head of the \"digital sovereignty and cybersecurity\" major at the IHEDN, deciphers current developments in this common space in a deteriorating strategic context.","breadcrumb":{"@id":"https:\/\/ihedn.fr\/lundis-de-lihedn\/le-rapport-de-lue-a-la-puissance-est-en-train-detre-bouleverse\/#breadcrumb"},"inLanguage":"en-GB","potentialAction":[{"@type":"ReadAction","target":["https:\/\/ihedn.fr\/lundis-de-lihedn\/le-rapport-de-lue-a-la-puissance-est-en-train-detre-bouleverse\/"]}]},{"@type":"ImageObject","inLanguage":"en-GB","@id":"https:\/\/ihedn.fr\/lundis-de-lihedn\/le-rapport-de-lue-a-la-puissance-est-en-train-detre-bouleverse\/#primaryimage","url":"https:\/\/ihedn.fr\/wp-content\/uploads\/2022\/11\/bandeau-model_HAROCHE-00-1.jpg","contentUrl":"https:\/\/ihedn.fr\/wp-content\/uploads\/2022\/11\/bandeau-model_HAROCHE-00-1.jpg","width":1600,"height":900},{"@type":"BreadcrumbList","@id":"https:\/\/ihedn.fr\/lundis-de-lihedn\/le-rapport-de-lue-a-la-puissance-est-en-train-detre-bouleverse\/#breadcrumb","itemListElement":[{"@type":"ListItem","position":1,"name":"Accueil","item":"https:\/\/ihedn.fr\/"},{"@type":"ListItem","position":2,"name":"\u00ab Le rapport de l&rsquo;UE \u00e0 la puissance est en train d&rsquo;\u00eatre boulevers\u00e9 \u00bb"}]},{"@type":"WebSite","@id":"https:\/\/ihedn.fr\/#website","url":"https:\/\/ihedn.fr\/","name":"IHEDN: Institut des hautes \u00e9tudes de d\u00e9fense nationale (Institute for Higher National Defence Studies)","description":"Official website of the IHEDN under the supervision of the Prime Minister.","publisher":{"@id":"https:\/\/ihedn.fr\/#organization"},"potentialAction":[{"@type":"SearchAction","target":{"@type":"EntryPoint","urlTemplate":"https:\/\/ihedn.fr\/?s={search_term_string}"},"query-input":{"@type":"PropertyValueSpecification","valueRequired":true,"valueName":"search_term_string"}}],"inLanguage":"en-GB"},{"@type":"Organization","@id":"https:\/\/ihedn.fr\/#organization","name":"IHEDN - Institute for Higher National Defence Studies","url":"https:\/\/ihedn.fr\/","logo":{"@type":"ImageObject","inLanguage":"en-GB","@id":"https:\/\/ihedn.fr\/#\/schema\/logo\/image\/","url":"https:\/\/ihedn.fr\/wp-content\/uploads\/2020\/11\/BLOC_RF_IHEDN_WEB.png","contentUrl":"https:\/\/ihedn.fr\/wp-content\/uploads\/2020\/11\/BLOC_RF_IHEDN_WEB.png","width":500,"height":237,"caption":"IHEDN - Institut des Hautes Etudes de D\u00e9fense Nationale"},"image":{"@id":"https:\/\/ihedn.fr\/#\/schema\/logo\/image\/"},"sameAs":["https:\/\/www.facebook.com\/ihedn\/","https:\/\/x.com\/IHEDN","https:\/\/www.instagram.com\/ihedn\/","https:\/\/www.linkedin.com\/school\/ihedn\/","https:\/\/fr.wikipedia.org\/wiki\/Institut_des_hautes_\u00e9tudes_de_D\u00e9fense_nationale"]},{"@type":"Person","@id":"https:\/\/ihedn.fr\/#\/schema\/person\/7a40155595e4efb35323447cb8c8c5a4","name":"dev","image":{"@type":"ImageObject","inLanguage":"en-GB","@id":"https:\/\/secure.gravatar.com\/avatar\/f1ffcac9ca2fa95ad3ec33e9be3ade82f752acb0cabe541e56c5889225afa88a?s=96&d=mm&r=g","url":"https:\/\/secure.gravatar.com\/avatar\/f1ffcac9ca2fa95ad3ec33e9be3ade82f752acb0cabe541e56c5889225afa88a?s=96&d=mm&r=g","contentUrl":"https:\/\/secure.gravatar.com\/avatar\/f1ffcac9ca2fa95ad3ec33e9be3ade82f752acb0cabe541e56c5889225afa88a?s=96&d=mm&r=g","caption":"dev"},"sameAs":["https:\/\/ihedn.concilium.click"],"url":"https:\/\/ihedn.fr\/en\/author\/dev\/"}]}},"publishpress_future_action":{"enabled":false,"date":"2026-05-06 17:20:50","action":"change-status","newStatus":"draft","terms":[],"taxonomy":"category","extraData":[]},"publishpress_future_workflow_manual_trigger":{"enabledWorkflows":[]},"_links":{"self":[{"href":"https:\/\/ihedn.fr\/en\/wp-json\/wp\/v2\/posts\/27724","targetHints":{"allow":["GET"]}}],"collection":[{"href":"https:\/\/ihedn.fr\/en\/wp-json\/wp\/v2\/posts"}],"about":[{"href":"https:\/\/ihedn.fr\/en\/wp-json\/wp\/v2\/types\/post"}],"author":[{"embeddable":true,"href":"https:\/\/ihedn.fr\/en\/wp-json\/wp\/v2\/users\/1"}],"replies":[{"embeddable":true,"href":"https:\/\/ihedn.fr\/en\/wp-json\/wp\/v2\/comments?post=27724"}],"version-history":[{"count":31,"href":"https:\/\/ihedn.fr\/en\/wp-json\/wp\/v2\/posts\/27724\/revisions"}],"predecessor-version":[{"id":32867,"href":"https:\/\/ihedn.fr\/en\/wp-json\/wp\/v2\/posts\/27724\/revisions\/32867"}],"wp:featuredmedia":[{"embeddable":true,"href":"https:\/\/ihedn.fr\/en\/wp-json\/wp\/v2\/media\/27350"}],"wp:attachment":[{"href":"https:\/\/ihedn.fr\/en\/wp-json\/wp\/v2\/media?parent=27724"}],"wp:term":[{"taxonomy":"category","embeddable":true,"href":"https:\/\/ihedn.fr\/en\/wp-json\/wp\/v2\/categories?post=27724"},{"taxonomy":"post_tag","embeddable":true,"href":"https:\/\/ihedn.fr\/en\/wp-json\/wp\/v2\/tags?post=27724"}],"curies":[{"name":"wp","href":"https:\/\/api.w.org\/{rel}","templated":true}]}}