{"id":27859,"date":"2022-11-20T18:20:23","date_gmt":"2022-11-20T17:20:23","guid":{"rendered":"https:\/\/ihedn.fr\/?p=27859"},"modified":"2023-06-30T13:14:43","modified_gmt":"2023-06-30T12:14:43","slug":"e-chiva-la-direction-generale-de-larmement-doit-eclairer-lavenir","status":"publish","type":"post","link":"https:\/\/ihedn.fr\/en\/lundis-de-lihedn\/precedents-conferences\/e-chiva-la-direction-generale-de-larmement-doit-eclairer-lavenir\/","title":{"rendered":"E. Chiva: \"The Directorate General for Armaments must shed light on the future\"."},"content":{"rendered":"<div data-elementor-type=\"wp-post\" data-elementor-id=\"27859\" class=\"elementor elementor-27859\" data-elementor-post-type=\"post\">\n\t\t\t\t\t\t<section data-particle_enable=\"false\" data-particle-mobile-disabled=\"false\" class=\"elementor-section elementor-top-section elementor-element elementor-element-5a02f69 elementor-section-boxed elementor-section-height-default elementor-section-height-default\" data-id=\"5a02f69\" data-element_type=\"section\" data-e-type=\"section\">\n\t\t\t\t\t\t<div class=\"elementor-container elementor-column-gap-default\">\n\t\t\t\t\t<div class=\"elementor-column elementor-col-100 elementor-top-column elementor-element elementor-element-9e07c8b\" data-id=\"9e07c8b\" data-element_type=\"column\" data-e-type=\"column\">\n\t\t\t<div class=\"elementor-widget-wrap elementor-element-populated\">\n\t\t\t\t\t\t<div class=\"elementor-element elementor-element-027c0e2 elementor-widget elementor-widget-text-editor\" data-id=\"027c0e2\" data-element_type=\"widget\" data-e-type=\"widget\" data-widget_type=\"text-editor.default\">\n\t\t\t\t<div class=\"elementor-widget-container\">\n\t\t\t\t\t\t\t\t\t<p style=\"text-align: left;\">The DGA explained what was meant by the term \"armament\", i.e. the ability to meet all the needs of the armed forces: individual equipment (weapons, personal protection and ammunition), vehicles, communication systems, command tools, intelligence, but also the support associated with all this equipment, as well as operational readiness resources. <em>The main challenge in armaments is to reconcile these different needs,\" says the DGA. It's a constant search for balance.<\/em>.<\/p>\n<p style=\"text-align: left;\">Mr Chiva went on to explain the missions assigned to the DGA: equipping our armed forces in a sovereign manner, preparing the future of defence systems, supporting exports, promoting European cooperation and developing the French and European defence technological and industrial base (DTIB). <em>\"More broadly, the DGA has a role to play in preparing for the future. Its role is not limited, as we often hear, to buying weapons,\" points out Emmanuel Chiva. Our institution must implement a global strategy to provide our armed forces with the best equipment. We owe them this performance\".<\/em><\/p>\t\t\t\t\t\t\t\t<\/div>\n\t\t\t\t<\/div>\n\t\t\t\t\t<\/div>\n\t\t<\/div>\n\t\t\t\t\t<\/div>\n\t\t<\/section>\n\t\t\t\t<section data-particle_enable=\"false\" data-particle-mobile-disabled=\"false\" class=\"elementor-section elementor-top-section elementor-element elementor-element-f1eb96b elementor-section-boxed elementor-section-height-default elementor-section-height-default\" data-id=\"f1eb96b\" data-element_type=\"section\" data-e-type=\"section\">\n\t\t\t\t\t\t<div class=\"elementor-container elementor-column-gap-default\">\n\t\t\t\t\t<div class=\"elementor-column elementor-col-100 elementor-top-column elementor-element elementor-element-f8b5ba6\" data-id=\"f8b5ba6\" data-element_type=\"column\" data-e-type=\"column\">\n\t\t\t<div class=\"elementor-widget-wrap elementor-element-populated\">\n\t\t\t\t\t\t<div class=\"elementor-element elementor-element-ecb8136 elementor-widget elementor-widget-heading\" data-id=\"ecb8136\" data-element_type=\"widget\" data-e-type=\"widget\" data-widget_type=\"heading.default\">\n\t\t\t\t<div class=\"elementor-widget-container\">\n\t\t\t\t\t<h5 class=\"elementor-heading-title elementor-size-default\">Innovation for DNA<\/h5>\t\t\t\t<\/div>\n\t\t\t\t<\/div>\n\t\t\t\t<div class=\"elementor-element elementor-element-82fe5c1 elementor-widget-divider--view-line elementor-widget elementor-widget-divider\" data-id=\"82fe5c1\" data-element_type=\"widget\" data-e-type=\"widget\" data-widget_type=\"divider.default\">\n\t\t\t\t<div class=\"elementor-widget-container\">\n\t\t\t\t\t\t\t<div class=\"elementor-divider\">\n\t\t\t<span class=\"elementor-divider-separator\">\n\t\t\t\t\t\t<\/span>\n\t\t<\/div>\n\t\t\t\t\t\t<\/div>\n\t\t\t\t<\/div>\n\t\t\t\t<div class=\"elementor-element elementor-element-5ec9742 elementor-widget elementor-widget-text-editor\" data-id=\"5ec9742\" data-element_type=\"widget\" data-e-type=\"widget\" data-widget_type=\"text-editor.default\">\n\t\t\t\t<div class=\"elementor-widget-container\">\n\t\t\t\t\t\t\t\t\t<p style=\"text-align: left;\">Last year, the DGA celebrated its 60th anniversary. <em>\"It was the nuclear adventure that gave birth to it<\/em>says Emmanuel Chiva; <em>It is therefore the heir to this military history, closely linked to technology and innovation. And the history of technological innovation is not always linear: innovation is a question of timing, it is the product of an international context, and the latter can be a driving force as well as a brake. We saw this in the decades following the Cold War, with the decline in military spending (\"the peace dividend\", as we used to say in the 1990s), and in the current situation\".<\/em><\/p><p style=\"text-align: left;\">The current period represents a turning point, according to Mr Chiva: <em>\"the acceleration in the pace of innovation and the democratisation of access to new areas of technology (some of which fall within the remit of government) are transforming the way we approach the issues at stake\".<\/em>. Private operators now have investment capacities that can exceed those of governments: <em>\"The American company Amazon, for example, invests 28 billion dollars a year in research, far more than Israel's defence budget (17 billion dollars a year). This comparison gives an idea of how much the world we live in is changing. A transformation accompanied by a profound change in the areas of conflict\".<\/em>notes Emmanuel Chiva.<\/p>\t\t\t\t\t\t\t\t<\/div>\n\t\t\t\t<\/div>\n\t\t\t\t\t<\/div>\n\t\t<\/div>\n\t\t\t\t\t<\/div>\n\t\t<\/section>\n\t\t\t\t<section data-particle_enable=\"false\" data-particle-mobile-disabled=\"false\" class=\"elementor-section elementor-top-section elementor-element elementor-element-6402303 elementor-section-boxed elementor-section-height-default elementor-section-height-default\" data-id=\"6402303\" data-element_type=\"section\" data-e-type=\"section\">\n\t\t\t\t\t\t<div class=\"elementor-container elementor-column-gap-default\">\n\t\t\t\t\t<div class=\"elementor-column elementor-col-100 elementor-top-column elementor-element elementor-element-e5f6ee8\" data-id=\"e5f6ee8\" data-element_type=\"column\" data-e-type=\"column\">\n\t\t\t<div class=\"elementor-widget-wrap elementor-element-populated\">\n\t\t\t\t\t\t<div class=\"elementor-element elementor-element-0e38281 elementor-widget elementor-widget-heading\" data-id=\"0e38281\" data-element_type=\"widget\" data-e-type=\"widget\" data-widget_type=\"heading.default\">\n\t\t\t\t<div class=\"elementor-widget-container\">\n\t\t\t\t\t<h5 class=\"elementor-heading-title elementor-size-default\">New areas of conflict<\/h5>\t\t\t\t<\/div>\n\t\t\t\t<\/div>\n\t\t\t\t<div class=\"elementor-element elementor-element-f9b953f elementor-widget-divider--view-line elementor-widget elementor-widget-divider\" data-id=\"f9b953f\" data-element_type=\"widget\" data-e-type=\"widget\" data-widget_type=\"divider.default\">\n\t\t\t\t<div class=\"elementor-widget-container\">\n\t\t\t\t\t\t\t<div class=\"elementor-divider\">\n\t\t\t<span class=\"elementor-divider-separator\">\n\t\t\t\t\t\t<\/span>\n\t\t<\/div>\n\t\t\t\t\t\t<\/div>\n\t\t\t\t<\/div>\n\t\t\t\t\t<\/div>\n\t\t<\/div>\n\t\t\t\t\t<\/div>\n\t\t<\/section>\n\t\t\t\t<section data-particle_enable=\"false\" data-particle-mobile-disabled=\"false\" class=\"elementor-section elementor-top-section elementor-element elementor-element-448e092 elementor-section-boxed elementor-section-height-default elementor-section-height-default\" data-id=\"448e092\" data-element_type=\"section\" data-e-type=\"section\">\n\t\t\t\t\t\t<div class=\"elementor-container elementor-column-gap-default\">\n\t\t\t\t\t<div class=\"elementor-column elementor-col-100 elementor-top-column elementor-element elementor-element-8f9fc36\" data-id=\"8f9fc36\" data-element_type=\"column\" data-e-type=\"column\">\n\t\t\t<div class=\"elementor-widget-wrap elementor-element-populated\">\n\t\t\t\t\t\t<div class=\"elementor-element elementor-element-584cb67 elementor-widget elementor-widget-text-editor\" data-id=\"584cb67\" data-element_type=\"widget\" data-e-type=\"widget\" data-widget_type=\"text-editor.default\">\n\t\t\t\t<div class=\"elementor-widget-container\">\n\t\t\t\t\t\t\t\t\t<p style=\"text-align: left;\"><em>\"Today we are witnessing a veritable 'weaponisation' of space. The seabed is also the scene of new activities\".<\/em>says Mr Chiva, citing as an example the recent sabotage of underwater infrastructure in the Baltic Sea. As we know, France has defined a new space strategy for 2019, and is committed to controlling the deep seabed. The DGA adds to these new areas of conflict \"immaterial fields\": cyberspace, information warfare and cognitive warfare.<\/p><p style=\"text-align: left;\">In terms of cyber defence, the DGA is the Ministry of Defence's technical expert of reference: 20% of its technical staff work in cyber defence (i.e. around 800 people - the 2019-2025 military programming law plans to reach 1,100 people dedicated to this sector, i.e. 10% of the DGA's total staff).<\/p><p style=\"text-align: left;\">Information warfare is the manipulation of information with the aim of destabilisation. Various means are used to this end: artificial intelligence, the media and deep-fake. <em>\"A technological arms race is underway to thwart these threats\".<\/em>says the DGA.<\/p><p style=\"text-align: left;\">Cognitive warfare? It's the ability to act on an adversary's brain by destabilising emotions and creating gustatory, auditory or olfactory simulations. <em>\"We're going to see it in action in the near future\".<\/em>warns Emmanuel Chiva.<\/p>\t\t\t\t\t\t\t\t<\/div>\n\t\t\t\t<\/div>\n\t\t\t\t\t<\/div>\n\t\t<\/div>\n\t\t\t\t\t<\/div>\n\t\t<\/section>\n\t\t\t\t<section data-particle_enable=\"false\" data-particle-mobile-disabled=\"false\" class=\"elementor-section elementor-top-section elementor-element elementor-element-6215525 elementor-section-boxed elementor-section-height-default elementor-section-height-default\" data-id=\"6215525\" data-element_type=\"section\" data-e-type=\"section\">\n\t\t\t\t\t\t<div class=\"elementor-container elementor-column-gap-default\">\n\t\t\t\t\t<div class=\"elementor-column elementor-col-100 elementor-top-column elementor-element elementor-element-32ace4c\" data-id=\"32ace4c\" data-element_type=\"column\" data-e-type=\"column\">\n\t\t\t<div class=\"elementor-widget-wrap elementor-element-populated\">\n\t\t\t\t\t\t<div class=\"elementor-element elementor-element-8fe5926 elementor-widget elementor-widget-heading\" data-id=\"8fe5926\" data-element_type=\"widget\" data-e-type=\"widget\" data-widget_type=\"heading.default\">\n\t\t\t\t<div class=\"elementor-widget-container\">\n\t\t\t\t\t<h5 class=\"elementor-heading-title elementor-size-default\">A dynamic and creative ecosystem<\/h5>\t\t\t\t<\/div>\n\t\t\t\t<\/div>\n\t\t\t\t<div class=\"elementor-element elementor-element-bbdbb22 elementor-widget-divider--view-line elementor-widget elementor-widget-divider\" data-id=\"bbdbb22\" data-element_type=\"widget\" data-e-type=\"widget\" data-widget_type=\"divider.default\">\n\t\t\t\t<div class=\"elementor-widget-container\">\n\t\t\t\t\t\t\t<div class=\"elementor-divider\">\n\t\t\t<span class=\"elementor-divider-separator\">\n\t\t\t\t\t\t<\/span>\n\t\t<\/div>\n\t\t\t\t\t\t<\/div>\n\t\t\t\t<\/div>\n\t\t\t\t<div class=\"elementor-element elementor-element-a285c5d elementor-widget elementor-widget-text-editor\" data-id=\"a285c5d\" data-element_type=\"widget\" data-e-type=\"widget\" data-widget_type=\"text-editor.default\">\n\t\t\t\t<div class=\"elementor-widget-container\">\n\t\t\t\t\t\t\t\t\t<p style=\"text-align: left;\">The war in Ukraine has also brought weapons to the forefront. <em>low-tech<\/em> or <em>low-cost<\/em>like drones. <em>\"I make the difference between low-cost and low-tech, there's no mistaking it: low-tech is confused with robustness. Robustness is a simple objective. You just have to meet the need.<\/em>explains Mr Chiva. This has led to a change in methodology at the DGA, as illustrated by the order for \"prowling munitions\": rather than \"over-specifying\" the desired systems, with a voluminous set of specifications, the DGA sets the manufacturers the objective, the effects to be achieved. \"We trust their creativity\", explains this former entrepreneur, who wants to create a dynamic ecosystem comprising several thousand dual-use companies (both civilian and military): <em>\"We have set up a Defence Innovation Fund (FID) with a budget of \u20ac200 million, which I hope to increase to \u20ac400 million to invest in these companies, to enable them to diversify and increase their expertise in the defence market, while maintaining a primary market that prevents them from being 'weaponised'.<\/em><\/p><p style=\"text-align: left;\"><em>\"We need to invest in multiple fields<\/em>explains Mr Chiva, citing the technological breakthroughs that are set to become geostrategic breakthroughs. <em>\"Quantum technology: there will be a before and an after. The first to decrypt quantum information will have a strategic advantage over the others.<\/em> France is not lagging behind in this area. <em>\"It is even at the cutting edge when it comes to quantum sensors.<\/em>says Mr Chiva. This technology, which can map the oceans with millimetre precision, will soon be used by the French Navy; <em>\"it will be the first army in the world to use this technology\".<\/em>says a delighted Mr Chiva.<\/p>\t\t\t\t\t\t\t\t<\/div>\n\t\t\t\t<\/div>\n\t\t\t\t\t<\/div>\n\t\t<\/div>\n\t\t\t\t\t<\/div>\n\t\t<\/section>\n\t\t\t\t<section data-particle_enable=\"false\" data-particle-mobile-disabled=\"false\" class=\"elementor-section elementor-top-section elementor-element elementor-element-76b83d9 elementor-section-boxed elementor-section-height-default elementor-section-height-default\" data-id=\"76b83d9\" data-element_type=\"section\" data-e-type=\"section\">\n\t\t\t\t\t\t<div class=\"elementor-container elementor-column-gap-default\">\n\t\t\t\t\t<div class=\"elementor-column elementor-col-100 elementor-top-column elementor-element elementor-element-d7e9262\" data-id=\"d7e9262\" data-element_type=\"column\" data-e-type=\"column\">\n\t\t\t<div class=\"elementor-widget-wrap elementor-element-populated\">\n\t\t\t\t\t\t<div class=\"elementor-element elementor-element-a9b2b9b elementor-widget elementor-widget-heading\" data-id=\"a9b2b9b\" data-element_type=\"widget\" data-e-type=\"widget\" data-widget_type=\"heading.default\">\n\t\t\t\t<div class=\"elementor-widget-container\">\n\t\t\t\t\t<h5 class=\"elementor-heading-title elementor-size-default\">Strengthening links with the IHEDN community<\/h5>\t\t\t\t<\/div>\n\t\t\t\t<\/div>\n\t\t\t\t<div class=\"elementor-element elementor-element-89f73cf elementor-widget-divider--view-line elementor-widget elementor-widget-divider\" data-id=\"89f73cf\" data-element_type=\"widget\" data-e-type=\"widget\" data-widget_type=\"divider.default\">\n\t\t\t\t<div class=\"elementor-widget-container\">\n\t\t\t\t\t\t\t<div class=\"elementor-divider\">\n\t\t\t<span class=\"elementor-divider-separator\">\n\t\t\t\t\t\t<\/span>\n\t\t<\/div>\n\t\t\t\t\t\t<\/div>\n\t\t\t\t<\/div>\n\t\t\t\t<div class=\"elementor-element elementor-element-3e37bec elementor-widget elementor-widget-text-editor\" data-id=\"3e37bec\" data-element_type=\"widget\" data-e-type=\"widget\" data-widget_type=\"text-editor.default\">\n\t\t\t\t<div class=\"elementor-widget-container\">\n\t\t\t\t\t\t\t\t\t<p><em>\"We manage complex projects (as prime contractor from start to finish). To shed light on the future, the DGA has to take risks (like soldiers).<\/em>says Mr Chiva. <em>It has to do this in the drafting of contracts, in the management of projects, and accept, sometimes, to fail\".<\/em>. He cites the American Apollo 13 space mission as an example, <em>\"I'm campaigning for the precautionary principle (which can paralyse us) to become a precautionary principle, and for us to be allowed to take risks. I'm campaigning for the precautionary principle (which can paralyse us) to become a principle of prudence, and authorise us to take risks\".<\/em>.<\/p><p>Emmanuel Chiva recalls what constitutes the essential resource of the Direction g\u00e9n\u00e9rale de l'armement: <em>\"It's human resources. We need to attract talented people and offer them career paths (...) The IHEDN community, to which I am deeply attached, has a very important role to play: you are members of the military or civilians, industrialists, elected representatives or journalists, you are players in the debate, you are potential ambassadors\".<\/em>concludes the CEO. <em>\"Those who will be at the helm of tomorrow's next-generation aircraft carrier or the fighter of the future are at school today. We therefore have a duty to listen to young people; the IHEDN is a world where the old and the young have a lot to learn from each other, to form the community that is essential to us in the future.<\/em><\/p>\t\t\t\t\t\t\t\t<\/div>\n\t\t\t\t<\/div>\n\t\t\t\t\t<\/div>\n\t\t<\/div>\n\t\t\t\t\t<\/div>\n\t\t<\/section>\n\t\t\t\t<\/div>","protected":false},"excerpt":{"rendered":"<p>Emmanuel Chiva, appointed Delegate General for Armaments this summer, gave his views on the major issues facing the sector in the current context at the IHEDN on 13 October. Recalling the origins and missions of the French Defence Procurement Agency (DGA), Emmanuel Chiva details the threats and challenges ahead. \"We have to invest in multiple fields\", he explains, citing the technological breakthroughs that are set to become geostrategic breakthroughs.<\/p>","protected":false},"author":1,"featured_media":32739,"comment_status":"closed","ping_status":"closed","sticky":false,"template":"","format":"standard","meta":{"footnotes":""},"categories":[207,171,45],"tags":[],"class_list":["post-27859","post","type-post","status-publish","format-standard","has-post-thumbnail","hentry","category-defense-militaire","category-notre-selection","category-precedents-conferences"],"yoast_head":"<!-- This site is optimized with the Yoast SEO plugin v27.5 - https:\/\/yoast.com\/product\/yoast-seo-wordpress\/ -->\n<title>E. Chiva\u00a0: \u00ab\u00a0La direction g\u00e9n\u00e9rale de l\u2019armement doit \u00e9clairer l\u2019avenir\u00a0\u00bb - L&#039;IHEDN : Institut des hautes \u00e9tudes de d\u00e9fense nationale<\/title>\n<meta name=\"description\" content=\"la cyber-ins\u00e9curit\u00e9 va augmenter en quantit\u00e9, en qualit\u00e9. Depuis dix ans, les institutions de l\u2019Union europ\u00e9enne profitent de cette p\u00e9riode consacr\u00e9e, pour mener des actions de sensibilisation destin\u00e9es \u00e0 promouvoir et renforcer la cybers\u00e9curit\u00e9. Le g\u00e9n\u00e9ral d\u2019arm\u00e9e (2S) Marc Watin-Augouard, chef de la majeure \u00ab souverainet\u00e9 num\u00e9rique et cybers\u00e9curit\u00e9 \u00bb \u00e0 l\u2019IHEDN, d\u00e9crypte les \u00e9volutions actuelles de cet espace commun dans un contexte strat\u00e9gique d\u00e9grad\u00e9.\" \/>\n<meta name=\"robots\" content=\"index, follow, max-snippet:-1, max-image-preview:large, max-video-preview:-1\" \/>\n<link rel=\"canonical\" href=\"https:\/\/ihedn.fr\/en\/lundis-de-lihedn\/precedents-conferences\/e-chiva-la-direction-generale-de-larmement-doit-eclairer-lavenir\/\" \/>\n<meta property=\"og:locale\" content=\"en_GB\" \/>\n<meta property=\"og:type\" content=\"article\" \/>\n<meta property=\"og:title\" content=\"E. Chiva\u00a0: \u00ab\u00a0La direction g\u00e9n\u00e9rale de l\u2019armement doit \u00e9clairer l\u2019avenir\u00a0\u00bb - L&#039;IHEDN : Institut des hautes \u00e9tudes de d\u00e9fense nationale\" \/>\n<meta property=\"og:description\" content=\"la cyber-ins\u00e9curit\u00e9 va augmenter en quantit\u00e9, en qualit\u00e9. Depuis dix ans, les institutions de l\u2019Union europ\u00e9enne profitent de cette p\u00e9riode consacr\u00e9e, pour mener des actions de sensibilisation destin\u00e9es \u00e0 promouvoir et renforcer la cybers\u00e9curit\u00e9. Le g\u00e9n\u00e9ral d\u2019arm\u00e9e (2S) Marc Watin-Augouard, chef de la majeure \u00ab souverainet\u00e9 num\u00e9rique et cybers\u00e9curit\u00e9 \u00bb \u00e0 l\u2019IHEDN, d\u00e9crypte les \u00e9volutions actuelles de cet espace commun dans un contexte strat\u00e9gique d\u00e9grad\u00e9.\" \/>\n<meta property=\"og:url\" content=\"https:\/\/ihedn.fr\/en\/lundis-de-lihedn\/precedents-conferences\/e-chiva-la-direction-generale-de-larmement-doit-eclairer-lavenir\/\" \/>\n<meta property=\"og:site_name\" content=\"L&#039;IHEDN : Institut des hautes \u00e9tudes de d\u00e9fense nationale\" \/>\n<meta property=\"article:publisher\" content=\"https:\/\/www.facebook.com\/ihedn\/\" \/>\n<meta property=\"article:published_time\" content=\"2022-11-20T17:20:23+00:00\" \/>\n<meta property=\"article:modified_time\" content=\"2023-06-30T12:14:43+00:00\" \/>\n<meta property=\"og:image\" content=\"https:\/\/ihedn.fr\/wp-content\/uploads\/2022\/11\/Emmanuel-CHIVA.jpg\" \/>\n\t<meta property=\"og:image:width\" content=\"1584\" \/>\n\t<meta property=\"og:image:height\" content=\"891\" \/>\n\t<meta property=\"og:image:type\" content=\"image\/jpeg\" \/>\n<meta name=\"author\" content=\"dev\" \/>\n<meta name=\"twitter:card\" content=\"summary_large_image\" \/>\n<meta name=\"twitter:creator\" content=\"@IHEDN\" \/>\n<meta name=\"twitter:site\" content=\"@IHEDN\" \/>\n<meta name=\"twitter:label1\" content=\"Written by\" \/>\n\t<meta name=\"twitter:data1\" content=\"dev\" \/>\n\t<meta name=\"twitter:label2\" content=\"Estimated reading time\" \/>\n\t<meta name=\"twitter:data2\" content=\"6 minutes\" \/>\n<script type=\"application\/ld+json\" class=\"yoast-schema-graph\">{\"@context\":\"https:\\\/\\\/schema.org\",\"@graph\":[{\"@type\":\"Article\",\"@id\":\"https:\\\/\\\/ihedn.fr\\\/lundis-de-lihedn\\\/precedents-conferences\\\/e-chiva-la-direction-generale-de-larmement-doit-eclairer-lavenir\\\/#article\",\"isPartOf\":{\"@id\":\"https:\\\/\\\/ihedn.fr\\\/lundis-de-lihedn\\\/precedents-conferences\\\/e-chiva-la-direction-generale-de-larmement-doit-eclairer-lavenir\\\/\"},\"author\":{\"name\":\"dev\",\"@id\":\"https:\\\/\\\/ihedn.fr\\\/#\\\/schema\\\/person\\\/7a40155595e4efb35323447cb8c8c5a4\"},\"headline\":\"E. Chiva\u00a0: \u00ab\u00a0La direction g\u00e9n\u00e9rale de l\u2019armement doit \u00e9clairer l\u2019avenir\u00a0\u00bb\",\"datePublished\":\"2022-11-20T17:20:23+00:00\",\"dateModified\":\"2023-06-30T12:14:43+00:00\",\"mainEntityOfPage\":{\"@id\":\"https:\\\/\\\/ihedn.fr\\\/lundis-de-lihedn\\\/precedents-conferences\\\/e-chiva-la-direction-generale-de-larmement-doit-eclairer-lavenir\\\/\"},\"wordCount\":1296,\"publisher\":{\"@id\":\"https:\\\/\\\/ihedn.fr\\\/#organization\"},\"image\":{\"@id\":\"https:\\\/\\\/ihedn.fr\\\/lundis-de-lihedn\\\/precedents-conferences\\\/e-chiva-la-direction-generale-de-larmement-doit-eclairer-lavenir\\\/#primaryimage\"},\"thumbnailUrl\":\"https:\\\/\\\/ihedn.fr\\\/wp-content\\\/uploads\\\/2022\\\/11\\\/Emmanuel-CHIVA.jpg\",\"articleSection\":[\"d\u00e9fense militaire\",\"Notre s\u00e9lection\",\"Pr\u00e9c\u00e9dents conf\u00e9rences\"],\"inLanguage\":\"en-GB\"},{\"@type\":\"WebPage\",\"@id\":\"https:\\\/\\\/ihedn.fr\\\/lundis-de-lihedn\\\/precedents-conferences\\\/e-chiva-la-direction-generale-de-larmement-doit-eclairer-lavenir\\\/\",\"url\":\"https:\\\/\\\/ihedn.fr\\\/lundis-de-lihedn\\\/precedents-conferences\\\/e-chiva-la-direction-generale-de-larmement-doit-eclairer-lavenir\\\/\",\"name\":\"E. Chiva\u00a0: \u00ab\u00a0La direction g\u00e9n\u00e9rale de l\u2019armement doit \u00e9clairer l\u2019avenir\u00a0\u00bb - L&#039;IHEDN : Institut des hautes \u00e9tudes de d\u00e9fense nationale\",\"isPartOf\":{\"@id\":\"https:\\\/\\\/ihedn.fr\\\/#website\"},\"primaryImageOfPage\":{\"@id\":\"https:\\\/\\\/ihedn.fr\\\/lundis-de-lihedn\\\/precedents-conferences\\\/e-chiva-la-direction-generale-de-larmement-doit-eclairer-lavenir\\\/#primaryimage\"},\"image\":{\"@id\":\"https:\\\/\\\/ihedn.fr\\\/lundis-de-lihedn\\\/precedents-conferences\\\/e-chiva-la-direction-generale-de-larmement-doit-eclairer-lavenir\\\/#primaryimage\"},\"thumbnailUrl\":\"https:\\\/\\\/ihedn.fr\\\/wp-content\\\/uploads\\\/2022\\\/11\\\/Emmanuel-CHIVA.jpg\",\"datePublished\":\"2022-11-20T17:20:23+00:00\",\"dateModified\":\"2023-06-30T12:14:43+00:00\",\"description\":\"la cyber-ins\u00e9curit\u00e9 va augmenter en quantit\u00e9, en qualit\u00e9. Depuis dix ans, les institutions de l\u2019Union europ\u00e9enne profitent de cette p\u00e9riode consacr\u00e9e, pour mener des actions de sensibilisation destin\u00e9es \u00e0 promouvoir et renforcer la cybers\u00e9curit\u00e9. Le g\u00e9n\u00e9ral d\u2019arm\u00e9e (2S) Marc Watin-Augouard, chef de la majeure \u00ab souverainet\u00e9 num\u00e9rique et cybers\u00e9curit\u00e9 \u00bb \u00e0 l\u2019IHEDN, d\u00e9crypte les \u00e9volutions actuelles de cet espace commun dans un contexte strat\u00e9gique d\u00e9grad\u00e9.\",\"breadcrumb\":{\"@id\":\"https:\\\/\\\/ihedn.fr\\\/lundis-de-lihedn\\\/precedents-conferences\\\/e-chiva-la-direction-generale-de-larmement-doit-eclairer-lavenir\\\/#breadcrumb\"},\"inLanguage\":\"en-GB\",\"potentialAction\":[{\"@type\":\"ReadAction\",\"target\":[\"https:\\\/\\\/ihedn.fr\\\/lundis-de-lihedn\\\/precedents-conferences\\\/e-chiva-la-direction-generale-de-larmement-doit-eclairer-lavenir\\\/\"]}]},{\"@type\":\"ImageObject\",\"inLanguage\":\"en-GB\",\"@id\":\"https:\\\/\\\/ihedn.fr\\\/lundis-de-lihedn\\\/precedents-conferences\\\/e-chiva-la-direction-generale-de-larmement-doit-eclairer-lavenir\\\/#primaryimage\",\"url\":\"https:\\\/\\\/ihedn.fr\\\/wp-content\\\/uploads\\\/2022\\\/11\\\/Emmanuel-CHIVA.jpg\",\"contentUrl\":\"https:\\\/\\\/ihedn.fr\\\/wp-content\\\/uploads\\\/2022\\\/11\\\/Emmanuel-CHIVA.jpg\",\"width\":1584,\"height\":891},{\"@type\":\"BreadcrumbList\",\"@id\":\"https:\\\/\\\/ihedn.fr\\\/lundis-de-lihedn\\\/precedents-conferences\\\/e-chiva-la-direction-generale-de-larmement-doit-eclairer-lavenir\\\/#breadcrumb\",\"itemListElement\":[{\"@type\":\"ListItem\",\"position\":1,\"name\":\"Accueil\",\"item\":\"https:\\\/\\\/ihedn.fr\\\/\"},{\"@type\":\"ListItem\",\"position\":2,\"name\":\"E. Chiva\u00a0: \u00ab\u00a0La direction g\u00e9n\u00e9rale de l\u2019armement doit \u00e9clairer l\u2019avenir\u00a0\u00bb\"}]},{\"@type\":\"WebSite\",\"@id\":\"https:\\\/\\\/ihedn.fr\\\/#website\",\"url\":\"https:\\\/\\\/ihedn.fr\\\/\",\"name\":\"IHEDN : Institut des hautes \u00e9tudes de d\u00e9fense nationale |\",\"description\":\"Site officiel de l&#039;IHEDN plac\u00e9 sous la tutelle du Premier ministre.\",\"publisher\":{\"@id\":\"https:\\\/\\\/ihedn.fr\\\/#organization\"},\"potentialAction\":[{\"@type\":\"SearchAction\",\"target\":{\"@type\":\"EntryPoint\",\"urlTemplate\":\"https:\\\/\\\/ihedn.fr\\\/?s={search_term_string}\"},\"query-input\":{\"@type\":\"PropertyValueSpecification\",\"valueRequired\":true,\"valueName\":\"search_term_string\"}}],\"inLanguage\":\"en-GB\"},{\"@type\":\"Organization\",\"@id\":\"https:\\\/\\\/ihedn.fr\\\/#organization\",\"name\":\"IHEDN - Institut des Hautes Etudes de D\u00e9fense Nationale\",\"url\":\"https:\\\/\\\/ihedn.fr\\\/\",\"logo\":{\"@type\":\"ImageObject\",\"inLanguage\":\"en-GB\",\"@id\":\"https:\\\/\\\/ihedn.fr\\\/#\\\/schema\\\/logo\\\/image\\\/\",\"url\":\"https:\\\/\\\/ihedn.fr\\\/wp-content\\\/uploads\\\/2020\\\/11\\\/BLOC_RF_IHEDN_WEB.png\",\"contentUrl\":\"https:\\\/\\\/ihedn.fr\\\/wp-content\\\/uploads\\\/2020\\\/11\\\/BLOC_RF_IHEDN_WEB.png\",\"width\":500,\"height\":237,\"caption\":\"IHEDN - Institut des Hautes Etudes de D\u00e9fense Nationale\"},\"image\":{\"@id\":\"https:\\\/\\\/ihedn.fr\\\/#\\\/schema\\\/logo\\\/image\\\/\"},\"sameAs\":[\"https:\\\/\\\/www.facebook.com\\\/ihedn\\\/\",\"https:\\\/\\\/x.com\\\/IHEDN\",\"https:\\\/\\\/www.instagram.com\\\/ihedn\\\/\",\"https:\\\/\\\/www.linkedin.com\\\/school\\\/ihedn\\\/\",\"https:\\\/\\\/fr.wikipedia.org\\\/wiki\\\/Institut_des_hautes_\u00e9tudes_de_D\u00e9fense_nationale\"]},{\"@type\":\"Person\",\"@id\":\"https:\\\/\\\/ihedn.fr\\\/#\\\/schema\\\/person\\\/7a40155595e4efb35323447cb8c8c5a4\",\"name\":\"dev\",\"image\":{\"@type\":\"ImageObject\",\"inLanguage\":\"en-GB\",\"@id\":\"https:\\\/\\\/secure.gravatar.com\\\/avatar\\\/f1ffcac9ca2fa95ad3ec33e9be3ade82f752acb0cabe541e56c5889225afa88a?s=96&d=mm&r=g\",\"url\":\"https:\\\/\\\/secure.gravatar.com\\\/avatar\\\/f1ffcac9ca2fa95ad3ec33e9be3ade82f752acb0cabe541e56c5889225afa88a?s=96&d=mm&r=g\",\"contentUrl\":\"https:\\\/\\\/secure.gravatar.com\\\/avatar\\\/f1ffcac9ca2fa95ad3ec33e9be3ade82f752acb0cabe541e56c5889225afa88a?s=96&d=mm&r=g\",\"caption\":\"dev\"},\"sameAs\":[\"https:\\\/\\\/ihedn.concilium.click\"],\"url\":\"https:\\\/\\\/ihedn.fr\\\/en\\\/author\\\/dev\\\/\"}]}<\/script>\n<!-- \/ Yoast SEO plugin. -->","yoast_head_json":{"title":"E. Chiva: \"The Directorate General of Armaments must shed light on the future\" - L'IHEDN : Institut des hautes \u00e9tudes de d\u00e9fense nationale (French Institute for Advanced National Defence Studies)","description":"cyber-security will increase in quantity and quality. For the past ten years, the institutions of the European Union have been taking advantage of this dedicated period to conduct awareness-raising campaigns designed to promote and strengthen cyber security. Army General (2S) Marc Watin-Augouard, head of the \"digital sovereignty and cybersecurity\" major at the IHEDN, deciphers current developments in this common space in a deteriorating strategic context.","robots":{"index":"index","follow":"follow","max-snippet":"max-snippet:-1","max-image-preview":"max-image-preview:large","max-video-preview":"max-video-preview:-1"},"canonical":"https:\/\/ihedn.fr\/en\/lundis-de-lihedn\/precedents-conferences\/e-chiva-la-direction-generale-de-larmement-doit-eclairer-lavenir\/","og_locale":"en_GB","og_type":"article","og_title":"E. Chiva\u00a0: \u00ab\u00a0La direction g\u00e9n\u00e9rale de l\u2019armement doit \u00e9clairer l\u2019avenir\u00a0\u00bb - L&#039;IHEDN : Institut des hautes \u00e9tudes de d\u00e9fense nationale","og_description":"la cyber-ins\u00e9curit\u00e9 va augmenter en quantit\u00e9, en qualit\u00e9. Depuis dix ans, les institutions de l\u2019Union europ\u00e9enne profitent de cette p\u00e9riode consacr\u00e9e, pour mener des actions de sensibilisation destin\u00e9es \u00e0 promouvoir et renforcer la cybers\u00e9curit\u00e9. Le g\u00e9n\u00e9ral d\u2019arm\u00e9e (2S) Marc Watin-Augouard, chef de la majeure \u00ab souverainet\u00e9 num\u00e9rique et cybers\u00e9curit\u00e9 \u00bb \u00e0 l\u2019IHEDN, d\u00e9crypte les \u00e9volutions actuelles de cet espace commun dans un contexte strat\u00e9gique d\u00e9grad\u00e9.","og_url":"https:\/\/ihedn.fr\/en\/lundis-de-lihedn\/precedents-conferences\/e-chiva-la-direction-generale-de-larmement-doit-eclairer-lavenir\/","og_site_name":"L&#039;IHEDN : Institut des hautes \u00e9tudes de d\u00e9fense nationale","article_publisher":"https:\/\/www.facebook.com\/ihedn\/","article_published_time":"2022-11-20T17:20:23+00:00","article_modified_time":"2023-06-30T12:14:43+00:00","og_image":[{"width":1584,"height":891,"url":"https:\/\/ihedn.fr\/wp-content\/uploads\/2022\/11\/Emmanuel-CHIVA.jpg","type":"image\/jpeg"}],"author":"dev","twitter_card":"summary_large_image","twitter_creator":"@IHEDN","twitter_site":"@IHEDN","twitter_misc":{"Written by":"dev","Estimated reading time":"6 minutes"},"schema":{"@context":"https:\/\/schema.org","@graph":[{"@type":"Article","@id":"https:\/\/ihedn.fr\/lundis-de-lihedn\/precedents-conferences\/e-chiva-la-direction-generale-de-larmement-doit-eclairer-lavenir\/#article","isPartOf":{"@id":"https:\/\/ihedn.fr\/lundis-de-lihedn\/precedents-conferences\/e-chiva-la-direction-generale-de-larmement-doit-eclairer-lavenir\/"},"author":{"name":"dev","@id":"https:\/\/ihedn.fr\/#\/schema\/person\/7a40155595e4efb35323447cb8c8c5a4"},"headline":"E. Chiva\u00a0: \u00ab\u00a0La direction g\u00e9n\u00e9rale de l\u2019armement doit \u00e9clairer l\u2019avenir\u00a0\u00bb","datePublished":"2022-11-20T17:20:23+00:00","dateModified":"2023-06-30T12:14:43+00:00","mainEntityOfPage":{"@id":"https:\/\/ihedn.fr\/lundis-de-lihedn\/precedents-conferences\/e-chiva-la-direction-generale-de-larmement-doit-eclairer-lavenir\/"},"wordCount":1296,"publisher":{"@id":"https:\/\/ihedn.fr\/#organization"},"image":{"@id":"https:\/\/ihedn.fr\/lundis-de-lihedn\/precedents-conferences\/e-chiva-la-direction-generale-de-larmement-doit-eclairer-lavenir\/#primaryimage"},"thumbnailUrl":"https:\/\/ihedn.fr\/wp-content\/uploads\/2022\/11\/Emmanuel-CHIVA.jpg","articleSection":["d\u00e9fense militaire","Notre s\u00e9lection","Pr\u00e9c\u00e9dents conf\u00e9rences"],"inLanguage":"en-GB"},{"@type":"WebPage","@id":"https:\/\/ihedn.fr\/lundis-de-lihedn\/precedents-conferences\/e-chiva-la-direction-generale-de-larmement-doit-eclairer-lavenir\/","url":"https:\/\/ihedn.fr\/lundis-de-lihedn\/precedents-conferences\/e-chiva-la-direction-generale-de-larmement-doit-eclairer-lavenir\/","name":"E. Chiva: \"The Directorate General of Armaments must shed light on the future\" - L'IHEDN : Institut des hautes \u00e9tudes de d\u00e9fense nationale (French Institute for Advanced National Defence Studies)","isPartOf":{"@id":"https:\/\/ihedn.fr\/#website"},"primaryImageOfPage":{"@id":"https:\/\/ihedn.fr\/lundis-de-lihedn\/precedents-conferences\/e-chiva-la-direction-generale-de-larmement-doit-eclairer-lavenir\/#primaryimage"},"image":{"@id":"https:\/\/ihedn.fr\/lundis-de-lihedn\/precedents-conferences\/e-chiva-la-direction-generale-de-larmement-doit-eclairer-lavenir\/#primaryimage"},"thumbnailUrl":"https:\/\/ihedn.fr\/wp-content\/uploads\/2022\/11\/Emmanuel-CHIVA.jpg","datePublished":"2022-11-20T17:20:23+00:00","dateModified":"2023-06-30T12:14:43+00:00","description":"cyber-security will increase in quantity and quality. For the past ten years, the institutions of the European Union have been taking advantage of this dedicated period to conduct awareness-raising campaigns designed to promote and strengthen cyber security. Army General (2S) Marc Watin-Augouard, head of the \"digital sovereignty and cybersecurity\" major at the IHEDN, deciphers current developments in this common space in a deteriorating strategic context.","breadcrumb":{"@id":"https:\/\/ihedn.fr\/lundis-de-lihedn\/precedents-conferences\/e-chiva-la-direction-generale-de-larmement-doit-eclairer-lavenir\/#breadcrumb"},"inLanguage":"en-GB","potentialAction":[{"@type":"ReadAction","target":["https:\/\/ihedn.fr\/lundis-de-lihedn\/precedents-conferences\/e-chiva-la-direction-generale-de-larmement-doit-eclairer-lavenir\/"]}]},{"@type":"ImageObject","inLanguage":"en-GB","@id":"https:\/\/ihedn.fr\/lundis-de-lihedn\/precedents-conferences\/e-chiva-la-direction-generale-de-larmement-doit-eclairer-lavenir\/#primaryimage","url":"https:\/\/ihedn.fr\/wp-content\/uploads\/2022\/11\/Emmanuel-CHIVA.jpg","contentUrl":"https:\/\/ihedn.fr\/wp-content\/uploads\/2022\/11\/Emmanuel-CHIVA.jpg","width":1584,"height":891},{"@type":"BreadcrumbList","@id":"https:\/\/ihedn.fr\/lundis-de-lihedn\/precedents-conferences\/e-chiva-la-direction-generale-de-larmement-doit-eclairer-lavenir\/#breadcrumb","itemListElement":[{"@type":"ListItem","position":1,"name":"Accueil","item":"https:\/\/ihedn.fr\/"},{"@type":"ListItem","position":2,"name":"E. Chiva\u00a0: \u00ab\u00a0La direction g\u00e9n\u00e9rale de l\u2019armement doit \u00e9clairer l\u2019avenir\u00a0\u00bb"}]},{"@type":"WebSite","@id":"https:\/\/ihedn.fr\/#website","url":"https:\/\/ihedn.fr\/","name":"IHEDN: Institut des hautes \u00e9tudes de d\u00e9fense nationale (Institute for Higher National Defence Studies)","description":"Official website of the IHEDN under the supervision of the Prime Minister.","publisher":{"@id":"https:\/\/ihedn.fr\/#organization"},"potentialAction":[{"@type":"SearchAction","target":{"@type":"EntryPoint","urlTemplate":"https:\/\/ihedn.fr\/?s={search_term_string}"},"query-input":{"@type":"PropertyValueSpecification","valueRequired":true,"valueName":"search_term_string"}}],"inLanguage":"en-GB"},{"@type":"Organization","@id":"https:\/\/ihedn.fr\/#organization","name":"IHEDN - Institute for Higher National Defence Studies","url":"https:\/\/ihedn.fr\/","logo":{"@type":"ImageObject","inLanguage":"en-GB","@id":"https:\/\/ihedn.fr\/#\/schema\/logo\/image\/","url":"https:\/\/ihedn.fr\/wp-content\/uploads\/2020\/11\/BLOC_RF_IHEDN_WEB.png","contentUrl":"https:\/\/ihedn.fr\/wp-content\/uploads\/2020\/11\/BLOC_RF_IHEDN_WEB.png","width":500,"height":237,"caption":"IHEDN - Institut des Hautes Etudes de D\u00e9fense Nationale"},"image":{"@id":"https:\/\/ihedn.fr\/#\/schema\/logo\/image\/"},"sameAs":["https:\/\/www.facebook.com\/ihedn\/","https:\/\/x.com\/IHEDN","https:\/\/www.instagram.com\/ihedn\/","https:\/\/www.linkedin.com\/school\/ihedn\/","https:\/\/fr.wikipedia.org\/wiki\/Institut_des_hautes_\u00e9tudes_de_D\u00e9fense_nationale"]},{"@type":"Person","@id":"https:\/\/ihedn.fr\/#\/schema\/person\/7a40155595e4efb35323447cb8c8c5a4","name":"dev","image":{"@type":"ImageObject","inLanguage":"en-GB","@id":"https:\/\/secure.gravatar.com\/avatar\/f1ffcac9ca2fa95ad3ec33e9be3ade82f752acb0cabe541e56c5889225afa88a?s=96&d=mm&r=g","url":"https:\/\/secure.gravatar.com\/avatar\/f1ffcac9ca2fa95ad3ec33e9be3ade82f752acb0cabe541e56c5889225afa88a?s=96&d=mm&r=g","contentUrl":"https:\/\/secure.gravatar.com\/avatar\/f1ffcac9ca2fa95ad3ec33e9be3ade82f752acb0cabe541e56c5889225afa88a?s=96&d=mm&r=g","caption":"dev"},"sameAs":["https:\/\/ihedn.concilium.click"],"url":"https:\/\/ihedn.fr\/en\/author\/dev\/"}]}},"publishpress_future_action":{"enabled":false,"date":"2026-05-06 17:21:07","action":"change-status","newStatus":"draft","terms":[],"taxonomy":"category","extraData":[]},"publishpress_future_workflow_manual_trigger":{"enabledWorkflows":[]},"_links":{"self":[{"href":"https:\/\/ihedn.fr\/en\/wp-json\/wp\/v2\/posts\/27859","targetHints":{"allow":["GET"]}}],"collection":[{"href":"https:\/\/ihedn.fr\/en\/wp-json\/wp\/v2\/posts"}],"about":[{"href":"https:\/\/ihedn.fr\/en\/wp-json\/wp\/v2\/types\/post"}],"author":[{"embeddable":true,"href":"https:\/\/ihedn.fr\/en\/wp-json\/wp\/v2\/users\/1"}],"replies":[{"embeddable":true,"href":"https:\/\/ihedn.fr\/en\/wp-json\/wp\/v2\/comments?post=27859"}],"version-history":[{"count":41,"href":"https:\/\/ihedn.fr\/en\/wp-json\/wp\/v2\/posts\/27859\/revisions"}],"predecessor-version":[{"id":32740,"href":"https:\/\/ihedn.fr\/en\/wp-json\/wp\/v2\/posts\/27859\/revisions\/32740"}],"wp:featuredmedia":[{"embeddable":true,"href":"https:\/\/ihedn.fr\/en\/wp-json\/wp\/v2\/media\/32739"}],"wp:attachment":[{"href":"https:\/\/ihedn.fr\/en\/wp-json\/wp\/v2\/media?parent=27859"}],"wp:term":[{"taxonomy":"category","embeddable":true,"href":"https:\/\/ihedn.fr\/en\/wp-json\/wp\/v2\/categories?post=27859"},{"taxonomy":"post_tag","embeddable":true,"href":"https:\/\/ihedn.fr\/en\/wp-json\/wp\/v2\/tags?post=27859"}],"curies":[{"name":"wp","href":"https:\/\/api.w.org\/{rel}","templated":true}]}}