{"id":27931,"date":"2022-11-10T09:14:11","date_gmt":"2022-11-10T08:14:11","guid":{"rendered":"https:\/\/ihedn.fr\/?p=27931"},"modified":"2022-11-25T15:22:25","modified_gmt":"2022-11-25T14:22:25","slug":"la-2e-session-nationale-de-lihedn-se-rend-sur-la-base-aerienne-devreux","status":"publish","type":"post","link":"https:\/\/ihedn.fr\/en\/notre-actualite\/la-2e-session-nationale-de-lihedn-se-rend-sur-la-base-aerienne-devreux\/","title":{"rendered":"The 2<sup>e<\/sup> IHEDN national session visits \u00c9vreux air base"},"content":{"rendered":"<div data-elementor-type=\"wp-post\" data-elementor-id=\"27931\" class=\"elementor elementor-27931\" data-elementor-post-type=\"post\">\n\t\t\t\t\t\t<section data-particle_enable=\"false\" data-particle-mobile-disabled=\"false\" class=\"elementor-section elementor-top-section elementor-element elementor-element-cf89e26 elementor-section-boxed elementor-section-height-default elementor-section-height-default elementor-invisible\" data-id=\"cf89e26\" data-element_type=\"section\" data-e-type=\"section\" data-settings=\"{&quot;animation&quot;:&quot;bounceInRight&quot;}\">\n\t\t\t\t\t\t<div class=\"elementor-container elementor-column-gap-default\">\n\t\t\t\t\t<div class=\"elementor-column elementor-col-100 elementor-top-column elementor-element elementor-element-d10842c\" data-id=\"d10842c\" data-element_type=\"column\" data-e-type=\"column\">\n\t\t\t<div class=\"elementor-widget-wrap elementor-element-populated\">\n\t\t\t\t\t\t<div class=\"elementor-element elementor-element-a2b2759 elementor-hidden-mobile elementor-widget elementor-widget-text-editor\" data-id=\"a2b2759\" data-element_type=\"widget\" data-e-type=\"widget\" data-widget_type=\"text-editor.default\">\n\t\t\t\t<div class=\"elementor-widget-container\">\n\t\t\t\t\t\t\t\t\t<p><strong><span style=\"color: #034b7b;\">On Thursday 10 November, the AED, POLDEF and DSE majors in the 2<sup>e<\/sup> session of the IHEDN came to \u00c9vreux Air Base 105, Commandant VIOT, for a presentation of the Air Force and Space missions and capabilities.<\/span> <\/strong><\/p>\t\t\t\t\t\t\t\t<\/div>\n\t\t\t\t<\/div>\n\t\t\t\t\t<\/div>\n\t\t<\/div>\n\t\t\t\t\t<\/div>\n\t\t<\/section>\n\t\t\t\t<section data-particle_enable=\"false\" data-particle-mobile-disabled=\"false\" class=\"elementor-section elementor-top-section elementor-element elementor-element-913269f elementor-section-boxed elementor-section-height-default elementor-section-height-default\" data-id=\"913269f\" data-element_type=\"section\" data-e-type=\"section\">\n\t\t\t\t\t\t<div class=\"elementor-container elementor-column-gap-default\">\n\t\t\t\t\t<div class=\"elementor-column elementor-col-100 elementor-top-column elementor-element elementor-element-f72cde4\" data-id=\"f72cde4\" data-element_type=\"column\" data-e-type=\"column\">\n\t\t\t<div class=\"elementor-widget-wrap elementor-element-populated\">\n\t\t\t\t\t\t<div class=\"elementor-element elementor-element-edebe1e elementor-widget elementor-widget-text-editor\" data-id=\"edebe1e\" data-element_type=\"widget\" data-e-type=\"widget\" data-widget_type=\"text-editor.default\">\n\t\t\t\t<div class=\"elementor-widget-container\">\n\t\t\t\t\t\t\t\t\t<p style=\"text-align: left;\">The presentation of the Commandant VIOT air base by its commander, Colonel Sol\u00e8ne Le FLOCH, was followed by a speech by the Chief of the Air Staff, General St\u00e9phane MILLE, who recalled the history of the creation of the French Air Force, then its recent evolution with the integration of the Space Command, to give birth to the \"Air and Space Force\".<\/p><p style=\"text-align: left;\">The operational capabilities of the Air Force and the Space Agency, capable of ensuring a commitment \"at any time, in any place\", have been illustrated by recent commitments (operations Hamilton, Apagan, Barkhane).<\/p><p style=\"text-align: left;\">A static presentation of the different components of the French Air Force and the French Space Agency gave the audience the opportunity to talk with many airmen, mechanics and Air Force and Space Agency personnel who are passionate about their work and keen to pass on their passion.<\/p><p style=\"text-align: left;\">Finally, a dynamic display of different operational capabilities, based on a variety of engagement scenarios, rounded off this magnificent day, to the great satisfaction of the audience.<\/p>\t\t\t\t\t\t\t\t<\/div>\n\t\t\t\t<\/div>\n\t\t\t\t\t<\/div>\n\t\t<\/div>\n\t\t\t\t\t<\/div>\n\t\t<\/section>\n\t\t\t\t<section data-particle_enable=\"false\" data-particle-mobile-disabled=\"false\" class=\"elementor-section elementor-top-section elementor-element elementor-element-f220d03 elementor-section-boxed elementor-section-height-default elementor-section-height-default\" data-id=\"f220d03\" data-element_type=\"section\" data-e-type=\"section\">\n\t\t\t\t\t\t<div class=\"elementor-container elementor-column-gap-default\">\n\t\t\t\t\t<div class=\"elementor-column elementor-col-100 elementor-top-column elementor-element elementor-element-ca718d1\" data-id=\"ca718d1\" data-element_type=\"column\" data-e-type=\"column\">\n\t\t\t<div class=\"elementor-widget-wrap elementor-element-populated\">\n\t\t\t\t\t\t<div class=\"elementor-element elementor-element-e296afa elementor-widget elementor-widget-gallery\" data-id=\"e296afa\" data-element_type=\"widget\" data-e-type=\"widget\" data-settings=\"{&quot;columns&quot;:3,&quot;gap&quot;:{&quot;unit&quot;:&quot;px&quot;,&quot;size&quot;:3,&quot;sizes&quot;:[]},&quot;lazyload&quot;:&quot;yes&quot;,&quot;gallery_layout&quot;:&quot;grid&quot;,&quot;columns_tablet&quot;:2,&quot;columns_mobile&quot;:1,&quot;gap_tablet&quot;:{&quot;unit&quot;:&quot;px&quot;,&quot;size&quot;:10,&quot;sizes&quot;:[]},&quot;gap_mobile&quot;:{&quot;unit&quot;:&quot;px&quot;,&quot;size&quot;:10,&quot;sizes&quot;:[]},&quot;link_to&quot;:&quot;file&quot;,&quot;aspect_ratio&quot;:&quot;3:2&quot;,&quot;overlay_background&quot;:&quot;yes&quot;,&quot;content_hover_animation&quot;:&quot;fade-in&quot;}\" data-widget_type=\"gallery.default\">\n\t\t\t\t<div class=\"elementor-widget-container\">\n\t\t\t\t\t\t\t<div class=\"elementor-gallery__container\">\n\t\t\t\t\t\t\t<a class=\"e-gallery-item elementor-gallery-item elementor-animated-content\" href=\"https:\/\/ihedn.fr\/wp-content\/uploads\/2022\/11\/000-\u00aeIHEDN-La-2e-Session-nationale-de-lIHEDN-se-rend-sur-la-base-aerienne-dEvreux-20221110.jpg\" data-elementor-open-lightbox=\"yes\" data-elementor-lightbox-slideshow=\"e296afa\" data-e-action-hash=\"#elementor-action%3Aaction%3Dlightbox%26settings%3DeyJpZCI6Mjc5NDQsInVybCI6Imh0dHBzOlwvXC9paGVkbi5mclwvd3AtY29udGVudFwvdXBsb2Fkc1wvMjAyMlwvMTFcLzAwMC1cdTAwYWVJSEVETi1MYS0yZS1TZXNzaW9uLW5hdGlvbmFsZS1kZS1sSUhFRE4tc2UtcmVuZC1zdXItbGEtYmFzZS1hZXJpZW5uZS1kRXZyZXV4LTIwMjIxMTEwLmpwZyIsInNsaWRlc2hvdyI6ImUyOTZhZmEifQ%3D%3D\">\n\t\t\t\t\t<div class=\"e-gallery-image elementor-gallery-item__image\" data-thumbnail=\"https:\/\/ihedn.fr\/wp-content\/uploads\/2022\/11\/000-\u00aeIHEDN-La-2e-Session-nationale-de-lIHEDN-se-rend-sur-la-base-aerienne-dEvreux-20221110.jpg\" data-width=\"1600\" data-height=\"900\" aria-label=\"\" role=\"img\" ><\/div>\n\t\t\t\t\t\t\t\t\t\t\t<div class=\"elementor-gallery-item__overlay\"><\/div>\n\t\t\t\t\t\t\t\t\t\t\t\t\t\t<\/a>\n\t\t\t\t\t\t\t<a class=\"e-gallery-item elementor-gallery-item elementor-animated-content\" href=\"https:\/\/ihedn.fr\/wp-content\/uploads\/2022\/11\/007-\u00aeIHEDN-La-2e-Session-nationale-de-lIHEDN-se-rend-sur-la-base-aerienne-dEvreux-20221110.jpg\" data-elementor-open-lightbox=\"yes\" data-elementor-lightbox-slideshow=\"e296afa\" data-e-action-hash=\"#elementor-action%3Aaction%3Dlightbox%26settings%3DeyJpZCI6Mjc5MzgsInVybCI6Imh0dHBzOlwvXC9paGVkbi5mclwvd3AtY29udGVudFwvdXBsb2Fkc1wvMjAyMlwvMTFcLzAwNy1cdTAwYWVJSEVETi1MYS0yZS1TZXNzaW9uLW5hdGlvbmFsZS1kZS1sSUhFRE4tc2UtcmVuZC1zdXItbGEtYmFzZS1hZXJpZW5uZS1kRXZyZXV4LTIwMjIxMTEwLmpwZyIsInNsaWRlc2hvdyI6ImUyOTZhZmEifQ%3D%3D\">\n\t\t\t\t\t<div class=\"e-gallery-image elementor-gallery-item__image\" data-thumbnail=\"https:\/\/ihedn.fr\/wp-content\/uploads\/2022\/11\/007-\u00aeIHEDN-La-2e-Session-nationale-de-lIHEDN-se-rend-sur-la-base-aerienne-dEvreux-20221110.jpg\" data-width=\"1511\" data-height=\"1133\" aria-label=\"\" role=\"img\" ><\/div>\n\t\t\t\t\t\t\t\t\t\t\t<div class=\"elementor-gallery-item__overlay\"><\/div>\n\t\t\t\t\t\t\t\t\t\t\t\t\t\t<\/a>\n\t\t\t\t\t\t\t<a class=\"e-gallery-item elementor-gallery-item elementor-animated-content\" href=\"https:\/\/ihedn.fr\/wp-content\/uploads\/2022\/11\/006-\u00aeIHEDN-La-2e-Session-nationale-de-lIHEDN-se-rend-sur-la-base-aerienne-dEvreux-20221110.jpg\" data-elementor-open-lightbox=\"yes\" data-elementor-lightbox-slideshow=\"e296afa\" data-e-action-hash=\"#elementor-action%3Aaction%3Dlightbox%26settings%3DeyJpZCI6Mjc5MzcsInVybCI6Imh0dHBzOlwvXC9paGVkbi5mclwvd3AtY29udGVudFwvdXBsb2Fkc1wvMjAyMlwvMTFcLzAwNi1cdTAwYWVJSEVETi1MYS0yZS1TZXNzaW9uLW5hdGlvbmFsZS1kZS1sSUhFRE4tc2UtcmVuZC1zdXItbGEtYmFzZS1hZXJpZW5uZS1kRXZyZXV4LTIwMjIxMTEwLmpwZyIsInNsaWRlc2hvdyI6ImUyOTZhZmEifQ%3D%3D\">\n\t\t\t\t\t<div class=\"e-gallery-image elementor-gallery-item__image\" data-thumbnail=\"https:\/\/ihedn.fr\/wp-content\/uploads\/2022\/11\/006-\u00aeIHEDN-La-2e-Session-nationale-de-lIHEDN-se-rend-sur-la-base-aerienne-dEvreux-20221110.jpg\" data-width=\"1511\" data-height=\"1133\" aria-label=\"\" role=\"img\" ><\/div>\n\t\t\t\t\t\t\t\t\t\t\t<div class=\"elementor-gallery-item__overlay\"><\/div>\n\t\t\t\t\t\t\t\t\t\t\t\t\t\t<\/a>\n\t\t\t\t\t\t\t<a class=\"e-gallery-item elementor-gallery-item elementor-animated-content\" href=\"https:\/\/ihedn.fr\/wp-content\/uploads\/2022\/11\/005-\u00aeIHEDN-La-2e-Session-nationale-de-lIHEDN-se-rend-sur-la-base-aerienne-dEvreux-20221110.jpg\" data-elementor-open-lightbox=\"yes\" data-elementor-lightbox-slideshow=\"e296afa\" data-e-action-hash=\"#elementor-action%3Aaction%3Dlightbox%26settings%3DeyJpZCI6Mjc5MzYsInVybCI6Imh0dHBzOlwvXC9paGVkbi5mclwvd3AtY29udGVudFwvdXBsb2Fkc1wvMjAyMlwvMTFcLzAwNS1cdTAwYWVJSEVETi1MYS0yZS1TZXNzaW9uLW5hdGlvbmFsZS1kZS1sSUhFRE4tc2UtcmVuZC1zdXItbGEtYmFzZS1hZXJpZW5uZS1kRXZyZXV4LTIwMjIxMTEwLmpwZyIsInNsaWRlc2hvdyI6ImUyOTZhZmEifQ%3D%3D\">\n\t\t\t\t\t<div class=\"e-gallery-image elementor-gallery-item__image\" data-thumbnail=\"https:\/\/ihedn.fr\/wp-content\/uploads\/2022\/11\/005-\u00aeIHEDN-La-2e-Session-nationale-de-lIHEDN-se-rend-sur-la-base-aerienne-dEvreux-20221110.jpg\" data-width=\"1511\" data-height=\"1133\" aria-label=\"\" role=\"img\" ><\/div>\n\t\t\t\t\t\t\t\t\t\t\t<div class=\"elementor-gallery-item__overlay\"><\/div>\n\t\t\t\t\t\t\t\t\t\t\t\t\t\t<\/a>\n\t\t\t\t\t\t\t<a class=\"e-gallery-item elementor-gallery-item elementor-animated-content\" href=\"https:\/\/ihedn.fr\/wp-content\/uploads\/2022\/11\/004-\u00aeIHEDN-La-2e-Session-nationale-de-lIHEDN-se-rend-sur-la-base-aerienne-dEvreux-20221110.jpg\" data-elementor-open-lightbox=\"yes\" data-elementor-lightbox-slideshow=\"e296afa\" data-e-action-hash=\"#elementor-action%3Aaction%3Dlightbox%26settings%3DeyJpZCI6Mjc5MzUsInVybCI6Imh0dHBzOlwvXC9paGVkbi5mclwvd3AtY29udGVudFwvdXBsb2Fkc1wvMjAyMlwvMTFcLzAwNC1cdTAwYWVJSEVETi1MYS0yZS1TZXNzaW9uLW5hdGlvbmFsZS1kZS1sSUhFRE4tc2UtcmVuZC1zdXItbGEtYmFzZS1hZXJpZW5uZS1kRXZyZXV4LTIwMjIxMTEwLmpwZyIsInNsaWRlc2hvdyI6ImUyOTZhZmEifQ%3D%3D\">\n\t\t\t\t\t<div class=\"e-gallery-image elementor-gallery-item__image\" data-thumbnail=\"https:\/\/ihedn.fr\/wp-content\/uploads\/2022\/11\/004-\u00aeIHEDN-La-2e-Session-nationale-de-lIHEDN-se-rend-sur-la-base-aerienne-dEvreux-20221110.jpg\" data-width=\"1511\" data-height=\"1133\" aria-label=\"\" role=\"img\" ><\/div>\n\t\t\t\t\t\t\t\t\t\t\t<div class=\"elementor-gallery-item__overlay\"><\/div>\n\t\t\t\t\t\t\t\t\t\t\t\t\t\t<\/a>\n\t\t\t\t\t\t\t<a class=\"e-gallery-item elementor-gallery-item elementor-animated-content\" href=\"https:\/\/ihedn.fr\/wp-content\/uploads\/2022\/11\/003-\u00aeIHEDN-La-2e-Session-nationale-de-lIHEDN-se-rend-sur-la-base-aerienne-dEvreux-20221110.jpg\" data-elementor-open-lightbox=\"yes\" data-elementor-lightbox-slideshow=\"e296afa\" data-e-action-hash=\"#elementor-action%3Aaction%3Dlightbox%26settings%3DeyJpZCI6Mjc5MzQsInVybCI6Imh0dHBzOlwvXC9paGVkbi5mclwvd3AtY29udGVudFwvdXBsb2Fkc1wvMjAyMlwvMTFcLzAwMy1cdTAwYWVJSEVETi1MYS0yZS1TZXNzaW9uLW5hdGlvbmFsZS1kZS1sSUhFRE4tc2UtcmVuZC1zdXItbGEtYmFzZS1hZXJpZW5uZS1kRXZyZXV4LTIwMjIxMTEwLmpwZyIsInNsaWRlc2hvdyI6ImUyOTZhZmEifQ%3D%3D\">\n\t\t\t\t\t<div class=\"e-gallery-image elementor-gallery-item__image\" data-thumbnail=\"https:\/\/ihedn.fr\/wp-content\/uploads\/2022\/11\/003-\u00aeIHEDN-La-2e-Session-nationale-de-lIHEDN-se-rend-sur-la-base-aerienne-dEvreux-20221110.jpg\" data-width=\"1511\" data-height=\"1133\" aria-label=\"\" role=\"img\" ><\/div>\n\t\t\t\t\t\t\t\t\t\t\t<div class=\"elementor-gallery-item__overlay\"><\/div>\n\t\t\t\t\t\t\t\t\t\t\t\t\t\t<\/a>\n\t\t\t\t\t<\/div>\n\t\t\t\t\t<\/div>\n\t\t\t\t<\/div>\n\t\t\t\t\t<\/div>\n\t\t<\/div>\n\t\t\t\t\t<\/div>\n\t\t<\/section>\n\t\t\t\t<\/div>","protected":false},"excerpt":{"rendered":"<p>On Thursday 10 November, the AED, POLDEF and DSE majors from the 2nd national session of the IHEDN visited Commander VIOT at Evreux Air Base 105 for a presentation of the missions and capabilities of the French Air Force and Space Ministry.<\/p>\n<p>The gist of his speech in 5 questions.<\/p>","protected":false},"author":1,"featured_media":27944,"comment_status":"closed","ping_status":"closed","sticky":false,"template":"","format":"standard","meta":{"footnotes":""},"categories":[172],"tags":[],"class_list":["post-27931","post","type-post","status-publish","format-standard","has-post-thumbnail","hentry","category-notre-actualite"],"yoast_head":"<!-- This site is optimized with the Yoast SEO plugin v27.5 - https:\/\/yoast.com\/product\/yoast-seo-wordpress\/ -->\n<title>La 2e Session nationale de l\u2019IHEDN se rend sur la base a\u00e9rienne d\u2019\u00c9vreux - L&#039;IHEDN : Institut des hautes \u00e9tudes de d\u00e9fense nationale<\/title>\n<meta name=\"robots\" content=\"index, follow, max-snippet:-1, max-image-preview:large, max-video-preview:-1\" \/>\n<link rel=\"canonical\" href=\"https:\/\/ihedn.fr\/en\/actualites-des-sessions\/la-2e-session-nationale-de-lihedn-se-rend-sur-la-base-aerienne-devreux\/\" \/>\n<meta property=\"og:locale\" content=\"en_GB\" \/>\n<meta property=\"og:type\" content=\"article\" \/>\n<meta property=\"og:title\" content=\"La 2e Session nationale de l\u2019IHEDN se rend sur la base a\u00e9rienne d\u2019\u00c9vreux - L&#039;IHEDN : Institut des hautes \u00e9tudes de d\u00e9fense nationale\" \/>\n<meta property=\"og:description\" content=\"Le jeudi 10 novembre, les majeures AED, POLDEF et DSE de la 2e session nationale de l\u2019IHEDN se sont rendues sur la base a\u00e9rienne 105, d\u2019Evreux, commandant VIOT pour une pr\u00e9sentation des missions et capacit\u00e9s de l\u2019arm\u00e9e de l\u2019Air et de l\u2019Espace.  L\u2019essentiel de son intervention en 5 questions.\" \/>\n<meta property=\"og:url\" content=\"https:\/\/ihedn.fr\/en\/actualites-des-sessions\/la-2e-session-nationale-de-lihedn-se-rend-sur-la-base-aerienne-devreux\/\" \/>\n<meta property=\"og:site_name\" content=\"L&#039;IHEDN : Institut des hautes \u00e9tudes de d\u00e9fense nationale\" \/>\n<meta property=\"article:publisher\" content=\"https:\/\/www.facebook.com\/ihedn\/\" \/>\n<meta property=\"article:published_time\" content=\"2022-11-10T08:14:11+00:00\" \/>\n<meta property=\"article:modified_time\" content=\"2022-11-25T14:22:25+00:00\" \/>\n<meta property=\"og:image\" content=\"https:\/\/ihedn.fr\/wp-content\/uploads\/2022\/11\/000-\u00aeIHEDN-La-2e-Session-nationale-de-lIHEDN-se-rend-sur-la-base-aerienne-dEvreux-20221110.jpg\" \/>\n\t<meta property=\"og:image:width\" content=\"1600\" \/>\n\t<meta property=\"og:image:height\" content=\"900\" \/>\n\t<meta property=\"og:image:type\" content=\"image\/jpeg\" \/>\n<meta name=\"author\" content=\"dev\" \/>\n<meta name=\"twitter:card\" content=\"summary_large_image\" \/>\n<meta name=\"twitter:creator\" content=\"@IHEDN\" \/>\n<meta name=\"twitter:site\" content=\"@IHEDN\" \/>\n<meta name=\"twitter:label1\" content=\"Written by\" \/>\n\t<meta name=\"twitter:data1\" content=\"dev\" \/>\n\t<meta name=\"twitter:label2\" content=\"Estimated reading time\" \/>\n\t<meta name=\"twitter:data2\" content=\"2 minutes\" \/>\n<script type=\"application\/ld+json\" class=\"yoast-schema-graph\">{\"@context\":\"https:\\\/\\\/schema.org\",\"@graph\":[{\"@type\":\"Article\",\"@id\":\"https:\\\/\\\/ihedn.fr\\\/actualites-des-sessions\\\/la-2e-session-nationale-de-lihedn-se-rend-sur-la-base-aerienne-devreux\\\/#article\",\"isPartOf\":{\"@id\":\"https:\\\/\\\/ihedn.fr\\\/actualites-des-sessions\\\/la-2e-session-nationale-de-lihedn-se-rend-sur-la-base-aerienne-devreux\\\/\"},\"author\":{\"name\":\"dev\",\"@id\":\"https:\\\/\\\/ihedn.fr\\\/#\\\/schema\\\/person\\\/7a40155595e4efb35323447cb8c8c5a4\"},\"headline\":\"La 2e Session nationale de l\u2019IHEDN se rend sur la base a\u00e9rienne d\u2019\u00c9vreux\",\"datePublished\":\"2022-11-10T08:14:11+00:00\",\"dateModified\":\"2022-11-25T14:22:25+00:00\",\"mainEntityOfPage\":{\"@id\":\"https:\\\/\\\/ihedn.fr\\\/actualites-des-sessions\\\/la-2e-session-nationale-de-lihedn-se-rend-sur-la-base-aerienne-devreux\\\/\"},\"wordCount\":268,\"publisher\":{\"@id\":\"https:\\\/\\\/ihedn.fr\\\/#organization\"},\"image\":{\"@id\":\"https:\\\/\\\/ihedn.fr\\\/actualites-des-sessions\\\/la-2e-session-nationale-de-lihedn-se-rend-sur-la-base-aerienne-devreux\\\/#primaryimage\"},\"thumbnailUrl\":\"https:\\\/\\\/ihedn.fr\\\/wp-content\\\/uploads\\\/2022\\\/11\\\/000-\u00aeIHEDN-La-2e-Session-nationale-de-lIHEDN-se-rend-sur-la-base-aerienne-dEvreux-20221110.jpg\",\"articleSection\":[\"Notre actualit\u00e9\"],\"inLanguage\":\"en-GB\"},{\"@type\":\"WebPage\",\"@id\":\"https:\\\/\\\/ihedn.fr\\\/actualites-des-sessions\\\/la-2e-session-nationale-de-lihedn-se-rend-sur-la-base-aerienne-devreux\\\/\",\"url\":\"https:\\\/\\\/ihedn.fr\\\/actualites-des-sessions\\\/la-2e-session-nationale-de-lihedn-se-rend-sur-la-base-aerienne-devreux\\\/\",\"name\":\"La 2e Session nationale de l\u2019IHEDN se rend sur la base a\u00e9rienne d\u2019\u00c9vreux - L&#039;IHEDN : Institut des hautes \u00e9tudes de d\u00e9fense nationale\",\"isPartOf\":{\"@id\":\"https:\\\/\\\/ihedn.fr\\\/#website\"},\"primaryImageOfPage\":{\"@id\":\"https:\\\/\\\/ihedn.fr\\\/actualites-des-sessions\\\/la-2e-session-nationale-de-lihedn-se-rend-sur-la-base-aerienne-devreux\\\/#primaryimage\"},\"image\":{\"@id\":\"https:\\\/\\\/ihedn.fr\\\/actualites-des-sessions\\\/la-2e-session-nationale-de-lihedn-se-rend-sur-la-base-aerienne-devreux\\\/#primaryimage\"},\"thumbnailUrl\":\"https:\\\/\\\/ihedn.fr\\\/wp-content\\\/uploads\\\/2022\\\/11\\\/000-\u00aeIHEDN-La-2e-Session-nationale-de-lIHEDN-se-rend-sur-la-base-aerienne-dEvreux-20221110.jpg\",\"datePublished\":\"2022-11-10T08:14:11+00:00\",\"dateModified\":\"2022-11-25T14:22:25+00:00\",\"breadcrumb\":{\"@id\":\"https:\\\/\\\/ihedn.fr\\\/actualites-des-sessions\\\/la-2e-session-nationale-de-lihedn-se-rend-sur-la-base-aerienne-devreux\\\/#breadcrumb\"},\"inLanguage\":\"en-GB\",\"potentialAction\":[{\"@type\":\"ReadAction\",\"target\":[\"https:\\\/\\\/ihedn.fr\\\/actualites-des-sessions\\\/la-2e-session-nationale-de-lihedn-se-rend-sur-la-base-aerienne-devreux\\\/\"]}]},{\"@type\":\"ImageObject\",\"inLanguage\":\"en-GB\",\"@id\":\"https:\\\/\\\/ihedn.fr\\\/actualites-des-sessions\\\/la-2e-session-nationale-de-lihedn-se-rend-sur-la-base-aerienne-devreux\\\/#primaryimage\",\"url\":\"https:\\\/\\\/ihedn.fr\\\/wp-content\\\/uploads\\\/2022\\\/11\\\/000-\u00aeIHEDN-La-2e-Session-nationale-de-lIHEDN-se-rend-sur-la-base-aerienne-dEvreux-20221110.jpg\",\"contentUrl\":\"https:\\\/\\\/ihedn.fr\\\/wp-content\\\/uploads\\\/2022\\\/11\\\/000-\u00aeIHEDN-La-2e-Session-nationale-de-lIHEDN-se-rend-sur-la-base-aerienne-dEvreux-20221110.jpg\",\"width\":1600,\"height\":900},{\"@type\":\"BreadcrumbList\",\"@id\":\"https:\\\/\\\/ihedn.fr\\\/actualites-des-sessions\\\/la-2e-session-nationale-de-lihedn-se-rend-sur-la-base-aerienne-devreux\\\/#breadcrumb\",\"itemListElement\":[{\"@type\":\"ListItem\",\"position\":1,\"name\":\"Accueil\",\"item\":\"https:\\\/\\\/ihedn.fr\\\/\"},{\"@type\":\"ListItem\",\"position\":2,\"name\":\"La 2e Session nationale de l\u2019IHEDN se rend sur la base a\u00e9rienne d\u2019\u00c9vreux\"}]},{\"@type\":\"WebSite\",\"@id\":\"https:\\\/\\\/ihedn.fr\\\/#website\",\"url\":\"https:\\\/\\\/ihedn.fr\\\/\",\"name\":\"IHEDN : Institut des hautes \u00e9tudes de d\u00e9fense nationale |\",\"description\":\"Site officiel de l&#039;IHEDN plac\u00e9 sous la tutelle du Premier ministre.\",\"publisher\":{\"@id\":\"https:\\\/\\\/ihedn.fr\\\/#organization\"},\"potentialAction\":[{\"@type\":\"SearchAction\",\"target\":{\"@type\":\"EntryPoint\",\"urlTemplate\":\"https:\\\/\\\/ihedn.fr\\\/?s={search_term_string}\"},\"query-input\":{\"@type\":\"PropertyValueSpecification\",\"valueRequired\":true,\"valueName\":\"search_term_string\"}}],\"inLanguage\":\"en-GB\"},{\"@type\":\"Organization\",\"@id\":\"https:\\\/\\\/ihedn.fr\\\/#organization\",\"name\":\"IHEDN - Institut des Hautes Etudes de D\u00e9fense Nationale\",\"url\":\"https:\\\/\\\/ihedn.fr\\\/\",\"logo\":{\"@type\":\"ImageObject\",\"inLanguage\":\"en-GB\",\"@id\":\"https:\\\/\\\/ihedn.fr\\\/#\\\/schema\\\/logo\\\/image\\\/\",\"url\":\"https:\\\/\\\/ihedn.fr\\\/wp-content\\\/uploads\\\/2020\\\/11\\\/BLOC_RF_IHEDN_WEB.png\",\"contentUrl\":\"https:\\\/\\\/ihedn.fr\\\/wp-content\\\/uploads\\\/2020\\\/11\\\/BLOC_RF_IHEDN_WEB.png\",\"width\":500,\"height\":237,\"caption\":\"IHEDN - Institut des Hautes Etudes de D\u00e9fense Nationale\"},\"image\":{\"@id\":\"https:\\\/\\\/ihedn.fr\\\/#\\\/schema\\\/logo\\\/image\\\/\"},\"sameAs\":[\"https:\\\/\\\/www.facebook.com\\\/ihedn\\\/\",\"https:\\\/\\\/x.com\\\/IHEDN\",\"https:\\\/\\\/www.instagram.com\\\/ihedn\\\/\",\"https:\\\/\\\/www.linkedin.com\\\/school\\\/ihedn\\\/\",\"https:\\\/\\\/fr.wikipedia.org\\\/wiki\\\/Institut_des_hautes_\u00e9tudes_de_D\u00e9fense_nationale\"]},{\"@type\":\"Person\",\"@id\":\"https:\\\/\\\/ihedn.fr\\\/#\\\/schema\\\/person\\\/7a40155595e4efb35323447cb8c8c5a4\",\"name\":\"dev\",\"image\":{\"@type\":\"ImageObject\",\"inLanguage\":\"en-GB\",\"@id\":\"https:\\\/\\\/secure.gravatar.com\\\/avatar\\\/f1ffcac9ca2fa95ad3ec33e9be3ade82f752acb0cabe541e56c5889225afa88a?s=96&d=mm&r=g\",\"url\":\"https:\\\/\\\/secure.gravatar.com\\\/avatar\\\/f1ffcac9ca2fa95ad3ec33e9be3ade82f752acb0cabe541e56c5889225afa88a?s=96&d=mm&r=g\",\"contentUrl\":\"https:\\\/\\\/secure.gravatar.com\\\/avatar\\\/f1ffcac9ca2fa95ad3ec33e9be3ade82f752acb0cabe541e56c5889225afa88a?s=96&d=mm&r=g\",\"caption\":\"dev\"},\"sameAs\":[\"https:\\\/\\\/ihedn.concilium.click\"],\"url\":\"https:\\\/\\\/ihedn.fr\\\/en\\\/author\\\/dev\\\/\"}]}<\/script>\n<!-- \/ Yoast SEO plugin. -->","yoast_head_json":{"title":"The 2nd IHEDN National Session visits the \u00c9vreux air base - L'IHEDN : Institut des hautes \u00e9tudes de d\u00e9fense nationale","robots":{"index":"index","follow":"follow","max-snippet":"max-snippet:-1","max-image-preview":"max-image-preview:large","max-video-preview":"max-video-preview:-1"},"canonical":"https:\/\/ihedn.fr\/en\/actualites-des-sessions\/la-2e-session-nationale-de-lihedn-se-rend-sur-la-base-aerienne-devreux\/","og_locale":"en_GB","og_type":"article","og_title":"La 2e Session nationale de l\u2019IHEDN se rend sur la base a\u00e9rienne d\u2019\u00c9vreux - L&#039;IHEDN : Institut des hautes \u00e9tudes de d\u00e9fense nationale","og_description":"Le jeudi 10 novembre, les majeures AED, POLDEF et DSE de la 2e session nationale de l\u2019IHEDN se sont rendues sur la base a\u00e9rienne 105, d\u2019Evreux, commandant VIOT pour une pr\u00e9sentation des missions et capacit\u00e9s de l\u2019arm\u00e9e de l\u2019Air et de l\u2019Espace.  L\u2019essentiel de son intervention en 5 questions.","og_url":"https:\/\/ihedn.fr\/en\/actualites-des-sessions\/la-2e-session-nationale-de-lihedn-se-rend-sur-la-base-aerienne-devreux\/","og_site_name":"L&#039;IHEDN : Institut des hautes \u00e9tudes de d\u00e9fense nationale","article_publisher":"https:\/\/www.facebook.com\/ihedn\/","article_published_time":"2022-11-10T08:14:11+00:00","article_modified_time":"2022-11-25T14:22:25+00:00","og_image":[{"width":1600,"height":900,"url":"https:\/\/ihedn.fr\/wp-content\/uploads\/2022\/11\/000-\u00aeIHEDN-La-2e-Session-nationale-de-lIHEDN-se-rend-sur-la-base-aerienne-dEvreux-20221110.jpg","type":"image\/jpeg"}],"author":"dev","twitter_card":"summary_large_image","twitter_creator":"@IHEDN","twitter_site":"@IHEDN","twitter_misc":{"Written by":"dev","Estimated reading time":"2 minutes"},"schema":{"@context":"https:\/\/schema.org","@graph":[{"@type":"Article","@id":"https:\/\/ihedn.fr\/actualites-des-sessions\/la-2e-session-nationale-de-lihedn-se-rend-sur-la-base-aerienne-devreux\/#article","isPartOf":{"@id":"https:\/\/ihedn.fr\/actualites-des-sessions\/la-2e-session-nationale-de-lihedn-se-rend-sur-la-base-aerienne-devreux\/"},"author":{"name":"dev","@id":"https:\/\/ihedn.fr\/#\/schema\/person\/7a40155595e4efb35323447cb8c8c5a4"},"headline":"La 2e Session nationale de l\u2019IHEDN se rend sur la base a\u00e9rienne d\u2019\u00c9vreux","datePublished":"2022-11-10T08:14:11+00:00","dateModified":"2022-11-25T14:22:25+00:00","mainEntityOfPage":{"@id":"https:\/\/ihedn.fr\/actualites-des-sessions\/la-2e-session-nationale-de-lihedn-se-rend-sur-la-base-aerienne-devreux\/"},"wordCount":268,"publisher":{"@id":"https:\/\/ihedn.fr\/#organization"},"image":{"@id":"https:\/\/ihedn.fr\/actualites-des-sessions\/la-2e-session-nationale-de-lihedn-se-rend-sur-la-base-aerienne-devreux\/#primaryimage"},"thumbnailUrl":"https:\/\/ihedn.fr\/wp-content\/uploads\/2022\/11\/000-\u00aeIHEDN-La-2e-Session-nationale-de-lIHEDN-se-rend-sur-la-base-aerienne-dEvreux-20221110.jpg","articleSection":["Notre actualit\u00e9"],"inLanguage":"en-GB"},{"@type":"WebPage","@id":"https:\/\/ihedn.fr\/actualites-des-sessions\/la-2e-session-nationale-de-lihedn-se-rend-sur-la-base-aerienne-devreux\/","url":"https:\/\/ihedn.fr\/actualites-des-sessions\/la-2e-session-nationale-de-lihedn-se-rend-sur-la-base-aerienne-devreux\/","name":"The 2nd IHEDN National Session visits the \u00c9vreux air base - L'IHEDN : Institut des hautes \u00e9tudes de d\u00e9fense nationale","isPartOf":{"@id":"https:\/\/ihedn.fr\/#website"},"primaryImageOfPage":{"@id":"https:\/\/ihedn.fr\/actualites-des-sessions\/la-2e-session-nationale-de-lihedn-se-rend-sur-la-base-aerienne-devreux\/#primaryimage"},"image":{"@id":"https:\/\/ihedn.fr\/actualites-des-sessions\/la-2e-session-nationale-de-lihedn-se-rend-sur-la-base-aerienne-devreux\/#primaryimage"},"thumbnailUrl":"https:\/\/ihedn.fr\/wp-content\/uploads\/2022\/11\/000-\u00aeIHEDN-La-2e-Session-nationale-de-lIHEDN-se-rend-sur-la-base-aerienne-dEvreux-20221110.jpg","datePublished":"2022-11-10T08:14:11+00:00","dateModified":"2022-11-25T14:22:25+00:00","breadcrumb":{"@id":"https:\/\/ihedn.fr\/actualites-des-sessions\/la-2e-session-nationale-de-lihedn-se-rend-sur-la-base-aerienne-devreux\/#breadcrumb"},"inLanguage":"en-GB","potentialAction":[{"@type":"ReadAction","target":["https:\/\/ihedn.fr\/actualites-des-sessions\/la-2e-session-nationale-de-lihedn-se-rend-sur-la-base-aerienne-devreux\/"]}]},{"@type":"ImageObject","inLanguage":"en-GB","@id":"https:\/\/ihedn.fr\/actualites-des-sessions\/la-2e-session-nationale-de-lihedn-se-rend-sur-la-base-aerienne-devreux\/#primaryimage","url":"https:\/\/ihedn.fr\/wp-content\/uploads\/2022\/11\/000-\u00aeIHEDN-La-2e-Session-nationale-de-lIHEDN-se-rend-sur-la-base-aerienne-dEvreux-20221110.jpg","contentUrl":"https:\/\/ihedn.fr\/wp-content\/uploads\/2022\/11\/000-\u00aeIHEDN-La-2e-Session-nationale-de-lIHEDN-se-rend-sur-la-base-aerienne-dEvreux-20221110.jpg","width":1600,"height":900},{"@type":"BreadcrumbList","@id":"https:\/\/ihedn.fr\/actualites-des-sessions\/la-2e-session-nationale-de-lihedn-se-rend-sur-la-base-aerienne-devreux\/#breadcrumb","itemListElement":[{"@type":"ListItem","position":1,"name":"Accueil","item":"https:\/\/ihedn.fr\/"},{"@type":"ListItem","position":2,"name":"La 2e Session nationale de l\u2019IHEDN se rend sur la base a\u00e9rienne d\u2019\u00c9vreux"}]},{"@type":"WebSite","@id":"https:\/\/ihedn.fr\/#website","url":"https:\/\/ihedn.fr\/","name":"IHEDN: Institut des hautes \u00e9tudes de d\u00e9fense nationale (Institute for Higher National Defence Studies)","description":"Official website of the IHEDN under the supervision of the Prime Minister.","publisher":{"@id":"https:\/\/ihedn.fr\/#organization"},"potentialAction":[{"@type":"SearchAction","target":{"@type":"EntryPoint","urlTemplate":"https:\/\/ihedn.fr\/?s={search_term_string}"},"query-input":{"@type":"PropertyValueSpecification","valueRequired":true,"valueName":"search_term_string"}}],"inLanguage":"en-GB"},{"@type":"Organization","@id":"https:\/\/ihedn.fr\/#organization","name":"IHEDN - Institute for Higher National Defence Studies","url":"https:\/\/ihedn.fr\/","logo":{"@type":"ImageObject","inLanguage":"en-GB","@id":"https:\/\/ihedn.fr\/#\/schema\/logo\/image\/","url":"https:\/\/ihedn.fr\/wp-content\/uploads\/2020\/11\/BLOC_RF_IHEDN_WEB.png","contentUrl":"https:\/\/ihedn.fr\/wp-content\/uploads\/2020\/11\/BLOC_RF_IHEDN_WEB.png","width":500,"height":237,"caption":"IHEDN - Institut des Hautes Etudes de D\u00e9fense Nationale"},"image":{"@id":"https:\/\/ihedn.fr\/#\/schema\/logo\/image\/"},"sameAs":["https:\/\/www.facebook.com\/ihedn\/","https:\/\/x.com\/IHEDN","https:\/\/www.instagram.com\/ihedn\/","https:\/\/www.linkedin.com\/school\/ihedn\/","https:\/\/fr.wikipedia.org\/wiki\/Institut_des_hautes_\u00e9tudes_de_D\u00e9fense_nationale"]},{"@type":"Person","@id":"https:\/\/ihedn.fr\/#\/schema\/person\/7a40155595e4efb35323447cb8c8c5a4","name":"dev","image":{"@type":"ImageObject","inLanguage":"en-GB","@id":"https:\/\/secure.gravatar.com\/avatar\/f1ffcac9ca2fa95ad3ec33e9be3ade82f752acb0cabe541e56c5889225afa88a?s=96&d=mm&r=g","url":"https:\/\/secure.gravatar.com\/avatar\/f1ffcac9ca2fa95ad3ec33e9be3ade82f752acb0cabe541e56c5889225afa88a?s=96&d=mm&r=g","contentUrl":"https:\/\/secure.gravatar.com\/avatar\/f1ffcac9ca2fa95ad3ec33e9be3ade82f752acb0cabe541e56c5889225afa88a?s=96&d=mm&r=g","caption":"dev"},"sameAs":["https:\/\/ihedn.concilium.click"],"url":"https:\/\/ihedn.fr\/en\/author\/dev\/"}]}},"publishpress_future_action":{"enabled":false,"date":"2026-05-09 12:43:43","action":"change-status","newStatus":"draft","terms":[],"taxonomy":"category","extraData":[]},"publishpress_future_workflow_manual_trigger":{"enabledWorkflows":[]},"_links":{"self":[{"href":"https:\/\/ihedn.fr\/en\/wp-json\/wp\/v2\/posts\/27931","targetHints":{"allow":["GET"]}}],"collection":[{"href":"https:\/\/ihedn.fr\/en\/wp-json\/wp\/v2\/posts"}],"about":[{"href":"https:\/\/ihedn.fr\/en\/wp-json\/wp\/v2\/types\/post"}],"author":[{"embeddable":true,"href":"https:\/\/ihedn.fr\/en\/wp-json\/wp\/v2\/users\/1"}],"replies":[{"embeddable":true,"href":"https:\/\/ihedn.fr\/en\/wp-json\/wp\/v2\/comments?post=27931"}],"version-history":[{"count":9,"href":"https:\/\/ihedn.fr\/en\/wp-json\/wp\/v2\/posts\/27931\/revisions"}],"predecessor-version":[{"id":28081,"href":"https:\/\/ihedn.fr\/en\/wp-json\/wp\/v2\/posts\/27931\/revisions\/28081"}],"wp:featuredmedia":[{"embeddable":true,"href":"https:\/\/ihedn.fr\/en\/wp-json\/wp\/v2\/media\/27944"}],"wp:attachment":[{"href":"https:\/\/ihedn.fr\/en\/wp-json\/wp\/v2\/media?parent=27931"}],"wp:term":[{"taxonomy":"category","embeddable":true,"href":"https:\/\/ihedn.fr\/en\/wp-json\/wp\/v2\/categories?post=27931"},{"taxonomy":"post_tag","embeddable":true,"href":"https:\/\/ihedn.fr\/en\/wp-json\/wp\/v2\/tags?post=27931"}],"curies":[{"name":"wp","href":"https:\/\/api.w.org\/{rel}","templated":true}]}}