{"id":28752,"date":"2022-11-28T11:40:28","date_gmt":"2022-11-28T10:40:28","guid":{"rendered":"https:\/\/ihedn.fr\/?p=28752"},"modified":"2022-11-29T16:49:17","modified_gmt":"2022-11-29T15:49:17","slug":"changement-climatique-et-securite-bruxelles-29-novembre-1er-decembre-2022","status":"publish","type":"post","link":"https:\/\/ihedn.fr\/en\/uncategorized\/changement-climatique-et-securite-bruxelles-29-novembre-1er-decembre-2022\/","title":{"rendered":"Climate change and security<br>Brussels 29 november-1<sup>er<\/sup> December 2022"},"content":{"rendered":"<div data-elementor-type=\"wp-post\" data-elementor-id=\"28752\" class=\"elementor elementor-28752\" data-elementor-post-type=\"post\">\n\t\t\t\t\t\t<section data-particle_enable=\"false\" data-particle-mobile-disabled=\"false\" class=\"elementor-section elementor-top-section elementor-element elementor-element-5ca9429 elementor-section-boxed elementor-section-height-default elementor-section-height-default\" data-id=\"5ca9429\" data-element_type=\"section\" data-e-type=\"section\">\n\t\t\t\t\t\t<div class=\"elementor-container elementor-column-gap-default\">\n\t\t\t\t\t<div class=\"elementor-column elementor-col-100 elementor-top-column elementor-element elementor-element-40f7443\" data-id=\"40f7443\" data-element_type=\"column\" data-e-type=\"column\">\n\t\t\t<div class=\"elementor-widget-wrap elementor-element-populated\">\n\t\t\t\t\t\t<div class=\"elementor-element elementor-element-d7a2090 elementor-widget elementor-widget-text-editor\" data-id=\"d7a2090\" data-element_type=\"widget\" data-e-type=\"widget\" data-widget_type=\"text-editor.default\">\n\t\t\t\t<div class=\"elementor-widget-container\">\n\t\t\t\t\t\t\t\t\t<p>Organised as part of the European Security and Defence College (ESDC), the \"Climate Change and Security\" course began today in Brussels with two lectures on the vulnerability of states to the consequences of global warming and the policies put in place to deal with it.<\/p><p>A number of experts gave their analyses of future scenarios relating to climate change, including <strong><span style=\"color: #034b7b;\">Mr Cyril Loisel<\/span><\/strong>an expert with DG CLIMA (<em>Directorate-General for Climate Action<\/em>) of the European Commission and <strong><span style=\"color: #034b7b;\">Professor Andreas Fischlin<\/span><\/strong>Vice-President of Working Group II (Impacts, Adaptation and Vulnerabilities) of the IPCC.<\/p>\t\t\t\t\t\t\t\t<\/div>\n\t\t\t\t<\/div>\n\t\t\t\t\t<\/div>\n\t\t<\/div>\n\t\t\t\t\t<\/div>\n\t\t<\/section>\n\t\t\t\t<section data-particle_enable=\"false\" data-particle-mobile-disabled=\"false\" class=\"elementor-section elementor-top-section elementor-element elementor-element-f5f0114 elementor-section-boxed elementor-section-height-default elementor-section-height-default\" data-id=\"f5f0114\" data-element_type=\"section\" data-e-type=\"section\">\n\t\t\t\t\t\t<div class=\"elementor-container elementor-column-gap-default\">\n\t\t\t\t\t<div class=\"elementor-column elementor-col-100 elementor-top-column elementor-element elementor-element-5e85a0d\" data-id=\"5e85a0d\" data-element_type=\"column\" data-e-type=\"column\">\n\t\t\t<div class=\"elementor-widget-wrap elementor-element-populated\">\n\t\t\t\t\t\t<section data-particle_enable=\"false\" data-particle-mobile-disabled=\"false\" class=\"elementor-section elementor-inner-section elementor-element elementor-element-0beae6b elementor-section-boxed elementor-section-height-default elementor-section-height-default\" data-id=\"0beae6b\" data-element_type=\"section\" data-e-type=\"section\">\n\t\t\t\t\t\t<div class=\"elementor-container elementor-column-gap-default\">\n\t\t\t\t\t<div class=\"elementor-column elementor-col-50 elementor-inner-column elementor-element elementor-element-941949f\" data-id=\"941949f\" data-element_type=\"column\" data-e-type=\"column\">\n\t\t\t<div class=\"elementor-widget-wrap elementor-element-populated\">\n\t\t\t\t\t\t<div class=\"elementor-element elementor-element-c7835b3 elementor-widget elementor-widget-image\" data-id=\"c7835b3\" data-element_type=\"widget\" data-e-type=\"widget\" data-widget_type=\"image.default\">\n\t\t\t\t<div class=\"elementor-widget-container\">\n\t\t\t\t\t\t\t\t\t\t\t\t\t\t\t<img fetchpriority=\"high\" decoding=\"async\" width=\"1501\" height=\"1126\" src=\"https:\/\/ihedn.fr\/wp-content\/uploads\/2022\/11\/02.jpg\" class=\"attachment-full size-full wp-image-28859\" alt=\"\" \/>\t\t\t\t\t\t\t\t\t\t\t\t\t\t\t<\/div>\n\t\t\t\t<\/div>\n\t\t\t\t\t<\/div>\n\t\t<\/div>\n\t\t\t\t<div class=\"elementor-column elementor-col-50 elementor-inner-column elementor-element elementor-element-c527d42\" data-id=\"c527d42\" data-element_type=\"column\" data-e-type=\"column\">\n\t\t\t<div class=\"elementor-widget-wrap elementor-element-populated\">\n\t\t\t\t\t\t<div class=\"elementor-element elementor-element-d9091d8 elementor-widget elementor-widget-image\" data-id=\"d9091d8\" data-element_type=\"widget\" data-e-type=\"widget\" data-widget_type=\"image.default\">\n\t\t\t\t<div class=\"elementor-widget-container\">\n\t\t\t\t\t\t\t\t\t\t\t\t\t\t\t<img decoding=\"async\" width=\"1501\" height=\"1126\" src=\"https:\/\/ihedn.fr\/wp-content\/uploads\/2022\/11\/01.jpg\" class=\"attachment-full size-full wp-image-28858\" alt=\"\" \/>\t\t\t\t\t\t\t\t\t\t\t\t\t\t\t<\/div>\n\t\t\t\t<\/div>\n\t\t\t\t\t<\/div>\n\t\t<\/div>\n\t\t\t\t\t<\/div>\n\t\t<\/section>\n\t\t\t\t\t<\/div>\n\t\t<\/div>\n\t\t\t\t\t<\/div>\n\t\t<\/section>\n\t\t\t\t<section data-particle_enable=\"false\" data-particle-mobile-disabled=\"false\" class=\"elementor-section elementor-top-section elementor-element elementor-element-e06a02e elementor-section-boxed elementor-section-height-default elementor-section-height-default\" data-id=\"e06a02e\" data-element_type=\"section\" data-e-type=\"section\">\n\t\t\t\t\t\t<div class=\"elementor-container elementor-column-gap-default\">\n\t\t\t\t\t<div class=\"elementor-column elementor-col-100 elementor-top-column elementor-element elementor-element-72a934a\" data-id=\"72a934a\" data-element_type=\"column\" data-e-type=\"column\">\n\t\t\t<div class=\"elementor-widget-wrap elementor-element-populated\">\n\t\t\t\t\t\t<div class=\"elementor-element elementor-element-6d7f4f5 elementor-widget-divider--view-line elementor-widget elementor-widget-divider\" data-id=\"6d7f4f5\" data-element_type=\"widget\" data-e-type=\"widget\" data-widget_type=\"divider.default\">\n\t\t\t\t<div class=\"elementor-widget-container\">\n\t\t\t\t\t\t\t<div class=\"elementor-divider\">\n\t\t\t<span class=\"elementor-divider-separator\">\n\t\t\t\t\t\t<\/span>\n\t\t<\/div>\n\t\t\t\t\t\t<\/div>\n\t\t\t\t<\/div>\n\t\t\t\t\t<\/div>\n\t\t<\/div>\n\t\t\t\t\t<\/div>\n\t\t<\/section>\n\t\t\t\t<section data-particle_enable=\"false\" data-particle-mobile-disabled=\"false\" class=\"elementor-section elementor-top-section elementor-element elementor-element-9691b58 elementor-section-boxed elementor-section-height-default elementor-section-height-default\" data-id=\"9691b58\" data-element_type=\"section\" data-e-type=\"section\">\n\t\t\t\t\t\t<div class=\"elementor-container elementor-column-gap-default\">\n\t\t\t\t\t<div class=\"elementor-column elementor-col-100 elementor-top-column elementor-element elementor-element-1560466\" data-id=\"1560466\" data-element_type=\"column\" data-e-type=\"column\">\n\t\t\t<div class=\"elementor-widget-wrap elementor-element-populated\">\n\t\t\t\t\t\t<div class=\"elementor-element elementor-element-f554517 elementor-widget elementor-widget-text-editor\" data-id=\"f554517\" data-element_type=\"widget\" data-e-type=\"widget\" data-widget_type=\"text-editor.default\">\n\t\t\t\t<div class=\"elementor-widget-container\">\n\t\t\t\t\t\t\t\t\t<p><span style=\"color: #034b7b;\"><strong><em>Climate change and security, Brussels November 29-December 1<sup>st<\/sup> 2022<\/em><\/strong><\/span><\/p><p><em>Hosted by the European Security and Defence College (ESDC) in Brussels, the \"Climate change and security\" course started this morning with two conferences, one on States' vulnerability regarding climate change and the other one related to the policies with a worldwide and European perspective. Several high-level experts discussed the future scenarios on climate change and vulnerability such as Mr. Cyril Loisel, Senior climate expert DG CLIMA <\/em><em>(Directorate-General for Climate Action) at the <\/em><em>European Commission and Prof. em. Dr. Andreas Fischlin, Vice-Chairman of the Work Group II (Impacts, Adaptation and Vulnerability) of the Intergovernmental Panel on Climate Change (IPCC).<\/em><\/p><p><em>Organised by the Department of Europe and International Affairs of IHEDN, together with the German think-tank adelphi, the course adopts a theoretical and practical approach with innovative interactive exercises: UNSC negotiation simulations and scenarios based interactive workshops on climate change and security.<\/em><\/p>\t\t\t\t\t\t\t\t<\/div>\n\t\t\t\t<\/div>\n\t\t\t\t\t<\/div>\n\t\t<\/div>\n\t\t\t\t\t<\/div>\n\t\t<\/section>\n\t\t\t\t<\/div>","protected":false},"excerpt":{"rendered":"<p>Prepared and run by the IHEDN in partnership with the German think-tank adelphi, the \"Climate Change and Security\" course adopts both a theoretical and practical approach, including numerous interactive exercises: UNSC simulations and negotiation workshops on climate change and security.<\/p>","protected":false},"author":7,"featured_media":28777,"comment_status":"closed","ping_status":"closed","sticky":false,"template":"","format":"standard","meta":{"footnotes":""},"categories":[1],"tags":[],"class_list":["post-28752","post","type-post","status-publish","format-standard","has-post-thumbnail","hentry","category-uncategorized"],"yoast_head":"<!-- This site is optimized with the Yoast SEO plugin v27.5 - https:\/\/yoast.com\/product\/yoast-seo-wordpress\/ -->\n<title>Changement climatique et s\u00e9curit\u00e9Bruxelles 29 novembre-1er d\u00e9cembre 2022 - L&#039;IHEDN : Institut des hautes \u00e9tudes de d\u00e9fense nationale<\/title>\n<meta name=\"robots\" content=\"index, follow, max-snippet:-1, max-image-preview:large, max-video-preview:-1\" \/>\n<link rel=\"canonical\" href=\"https:\/\/ihedn.fr\/en\/uncategorized\/changement-climatique-et-securite-bruxelles-29-novembre-1er-decembre-2022\/\" \/>\n<meta property=\"og:locale\" content=\"en_GB\" \/>\n<meta property=\"og:type\" content=\"article\" \/>\n<meta property=\"og:title\" content=\"Changement climatique et s\u00e9curit\u00e9Bruxelles 29 novembre-1er d\u00e9cembre 2022 - L&#039;IHEDN : Institut des hautes \u00e9tudes de d\u00e9fense nationale\" \/>\n<meta property=\"og:description\" content=\"Pr\u00e9par\u00e9e et conduite par l\u2019IHEDN en partenariat avec le think-tank allemand adelphi, le cours \u00ab Changement climatique et s\u00e9curit\u00e9 \u00bb adopte une approche \u00e0 la fois th\u00e9orique et pratique, incluant de nombreux exercices interactifs : simulations CSNU et ateliers de n\u00e9gociation sur le changement climatique et s\u00e9curit\u00e9.\" \/>\n<meta property=\"og:url\" content=\"https:\/\/ihedn.fr\/en\/uncategorized\/changement-climatique-et-securite-bruxelles-29-novembre-1er-decembre-2022\/\" \/>\n<meta property=\"og:site_name\" content=\"L&#039;IHEDN : Institut des hautes \u00e9tudes de d\u00e9fense nationale\" \/>\n<meta property=\"article:publisher\" content=\"https:\/\/www.facebook.com\/ihedn\/\" \/>\n<meta property=\"article:published_time\" content=\"2022-11-28T10:40:28+00:00\" \/>\n<meta property=\"article:modified_time\" content=\"2022-11-29T15:49:17+00:00\" \/>\n<meta property=\"og:image\" content=\"https:\/\/ihedn.fr\/wp-content\/uploads\/2022\/11\/Changement-climatique-et-securite.jpg\" \/>\n\t<meta property=\"og:image:width\" content=\"640\" \/>\n\t<meta property=\"og:image:height\" content=\"360\" \/>\n\t<meta property=\"og:image:type\" content=\"image\/jpeg\" \/>\n<meta name=\"author\" content=\"alexia\" \/>\n<meta name=\"twitter:card\" content=\"summary_large_image\" \/>\n<meta name=\"twitter:creator\" content=\"@IHEDN\" \/>\n<meta name=\"twitter:site\" content=\"@IHEDN\" \/>\n<meta name=\"twitter:label1\" content=\"Written by\" \/>\n\t<meta name=\"twitter:data1\" content=\"alexia\" \/>\n\t<meta name=\"twitter:label2\" content=\"Estimated reading time\" \/>\n\t<meta name=\"twitter:data2\" content=\"2 minutes\" \/>\n<script type=\"application\/ld+json\" class=\"yoast-schema-graph\">{\"@context\":\"https:\\\/\\\/schema.org\",\"@graph\":[{\"@type\":\"Article\",\"@id\":\"https:\\\/\\\/ihedn.fr\\\/uncategorized\\\/changement-climatique-et-securite-bruxelles-29-novembre-1er-decembre-2022\\\/#article\",\"isPartOf\":{\"@id\":\"https:\\\/\\\/ihedn.fr\\\/uncategorized\\\/changement-climatique-et-securite-bruxelles-29-novembre-1er-decembre-2022\\\/\"},\"author\":{\"name\":\"alexia\",\"@id\":\"https:\\\/\\\/ihedn.fr\\\/#\\\/schema\\\/person\\\/f5fdd32c2827287accbcbc33f74121b5\"},\"headline\":\"Changement climatique et s\u00e9curit\u00e9 Bruxelles 29 novembre-1er d\u00e9cembre 2022\",\"datePublished\":\"2022-11-28T10:40:28+00:00\",\"dateModified\":\"2022-11-29T15:49:17+00:00\",\"mainEntityOfPage\":{\"@id\":\"https:\\\/\\\/ihedn.fr\\\/uncategorized\\\/changement-climatique-et-securite-bruxelles-29-novembre-1er-decembre-2022\\\/\"},\"wordCount\":283,\"publisher\":{\"@id\":\"https:\\\/\\\/ihedn.fr\\\/#organization\"},\"image\":{\"@id\":\"https:\\\/\\\/ihedn.fr\\\/uncategorized\\\/changement-climatique-et-securite-bruxelles-29-novembre-1er-decembre-2022\\\/#primaryimage\"},\"thumbnailUrl\":\"https:\\\/\\\/ihedn.fr\\\/wp-content\\\/uploads\\\/2022\\\/11\\\/Changement-climatique-et-securite.jpg\",\"articleSection\":[\"Uncategorized\"],\"inLanguage\":\"en-GB\"},{\"@type\":\"WebPage\",\"@id\":\"https:\\\/\\\/ihedn.fr\\\/uncategorized\\\/changement-climatique-et-securite-bruxelles-29-novembre-1er-decembre-2022\\\/\",\"url\":\"https:\\\/\\\/ihedn.fr\\\/uncategorized\\\/changement-climatique-et-securite-bruxelles-29-novembre-1er-decembre-2022\\\/\",\"name\":\"Changement climatique et s\u00e9curit\u00e9 Bruxelles 29 novembre-1er d\u00e9cembre 2022 - L&#039;IHEDN : Institut des hautes \u00e9tudes de d\u00e9fense nationale\",\"isPartOf\":{\"@id\":\"https:\\\/\\\/ihedn.fr\\\/#website\"},\"primaryImageOfPage\":{\"@id\":\"https:\\\/\\\/ihedn.fr\\\/uncategorized\\\/changement-climatique-et-securite-bruxelles-29-novembre-1er-decembre-2022\\\/#primaryimage\"},\"image\":{\"@id\":\"https:\\\/\\\/ihedn.fr\\\/uncategorized\\\/changement-climatique-et-securite-bruxelles-29-novembre-1er-decembre-2022\\\/#primaryimage\"},\"thumbnailUrl\":\"https:\\\/\\\/ihedn.fr\\\/wp-content\\\/uploads\\\/2022\\\/11\\\/Changement-climatique-et-securite.jpg\",\"datePublished\":\"2022-11-28T10:40:28+00:00\",\"dateModified\":\"2022-11-29T15:49:17+00:00\",\"breadcrumb\":{\"@id\":\"https:\\\/\\\/ihedn.fr\\\/uncategorized\\\/changement-climatique-et-securite-bruxelles-29-novembre-1er-decembre-2022\\\/#breadcrumb\"},\"inLanguage\":\"en-GB\",\"potentialAction\":[{\"@type\":\"ReadAction\",\"target\":[\"https:\\\/\\\/ihedn.fr\\\/uncategorized\\\/changement-climatique-et-securite-bruxelles-29-novembre-1er-decembre-2022\\\/\"]}]},{\"@type\":\"ImageObject\",\"inLanguage\":\"en-GB\",\"@id\":\"https:\\\/\\\/ihedn.fr\\\/uncategorized\\\/changement-climatique-et-securite-bruxelles-29-novembre-1er-decembre-2022\\\/#primaryimage\",\"url\":\"https:\\\/\\\/ihedn.fr\\\/wp-content\\\/uploads\\\/2022\\\/11\\\/Changement-climatique-et-securite.jpg\",\"contentUrl\":\"https:\\\/\\\/ihedn.fr\\\/wp-content\\\/uploads\\\/2022\\\/11\\\/Changement-climatique-et-securite.jpg\",\"width\":640,\"height\":360},{\"@type\":\"BreadcrumbList\",\"@id\":\"https:\\\/\\\/ihedn.fr\\\/uncategorized\\\/changement-climatique-et-securite-bruxelles-29-novembre-1er-decembre-2022\\\/#breadcrumb\",\"itemListElement\":[{\"@type\":\"ListItem\",\"position\":1,\"name\":\"Accueil\",\"item\":\"https:\\\/\\\/ihedn.fr\\\/\"},{\"@type\":\"ListItem\",\"position\":2,\"name\":\"Changement climatique et s\u00e9curit\u00e9Bruxelles 29 novembre-1er d\u00e9cembre 2022\"}]},{\"@type\":\"WebSite\",\"@id\":\"https:\\\/\\\/ihedn.fr\\\/#website\",\"url\":\"https:\\\/\\\/ihedn.fr\\\/\",\"name\":\"IHEDN : Institut des hautes \u00e9tudes de d\u00e9fense nationale |\",\"description\":\"Site officiel de l&#039;IHEDN plac\u00e9 sous la tutelle du Premier ministre.\",\"publisher\":{\"@id\":\"https:\\\/\\\/ihedn.fr\\\/#organization\"},\"potentialAction\":[{\"@type\":\"SearchAction\",\"target\":{\"@type\":\"EntryPoint\",\"urlTemplate\":\"https:\\\/\\\/ihedn.fr\\\/?s={search_term_string}\"},\"query-input\":{\"@type\":\"PropertyValueSpecification\",\"valueRequired\":true,\"valueName\":\"search_term_string\"}}],\"inLanguage\":\"en-GB\"},{\"@type\":\"Organization\",\"@id\":\"https:\\\/\\\/ihedn.fr\\\/#organization\",\"name\":\"IHEDN - Institut des Hautes Etudes de D\u00e9fense Nationale\",\"url\":\"https:\\\/\\\/ihedn.fr\\\/\",\"logo\":{\"@type\":\"ImageObject\",\"inLanguage\":\"en-GB\",\"@id\":\"https:\\\/\\\/ihedn.fr\\\/#\\\/schema\\\/logo\\\/image\\\/\",\"url\":\"https:\\\/\\\/ihedn.fr\\\/wp-content\\\/uploads\\\/2020\\\/11\\\/BLOC_RF_IHEDN_WEB.png\",\"contentUrl\":\"https:\\\/\\\/ihedn.fr\\\/wp-content\\\/uploads\\\/2020\\\/11\\\/BLOC_RF_IHEDN_WEB.png\",\"width\":500,\"height\":237,\"caption\":\"IHEDN - Institut des Hautes Etudes de D\u00e9fense Nationale\"},\"image\":{\"@id\":\"https:\\\/\\\/ihedn.fr\\\/#\\\/schema\\\/logo\\\/image\\\/\"},\"sameAs\":[\"https:\\\/\\\/www.facebook.com\\\/ihedn\\\/\",\"https:\\\/\\\/x.com\\\/IHEDN\",\"https:\\\/\\\/www.instagram.com\\\/ihedn\\\/\",\"https:\\\/\\\/www.linkedin.com\\\/school\\\/ihedn\\\/\",\"https:\\\/\\\/fr.wikipedia.org\\\/wiki\\\/Institut_des_hautes_\u00e9tudes_de_D\u00e9fense_nationale\"]},{\"@type\":\"Person\",\"@id\":\"https:\\\/\\\/ihedn.fr\\\/#\\\/schema\\\/person\\\/f5fdd32c2827287accbcbc33f74121b5\",\"name\":\"alexia\",\"image\":{\"@type\":\"ImageObject\",\"inLanguage\":\"en-GB\",\"@id\":\"https:\\\/\\\/secure.gravatar.com\\\/avatar\\\/85eb8ccdb2990af9e1d5b99962700286b212c6b84c155ade95bbe0703f9c9001?s=96&d=mm&r=g\",\"url\":\"https:\\\/\\\/secure.gravatar.com\\\/avatar\\\/85eb8ccdb2990af9e1d5b99962700286b212c6b84c155ade95bbe0703f9c9001?s=96&d=mm&r=g\",\"contentUrl\":\"https:\\\/\\\/secure.gravatar.com\\\/avatar\\\/85eb8ccdb2990af9e1d5b99962700286b212c6b84c155ade95bbe0703f9c9001?s=96&d=mm&r=g\",\"caption\":\"alexia\"},\"url\":\"https:\\\/\\\/ihedn.fr\\\/en\\\/author\\\/alexia\\\/\"}]}<\/script>\n<!-- \/ Yoast SEO plugin. -->","yoast_head_json":{"title":"Climate change and securityBrussels 29 November-1 December 2022 - L'IHEDN : Institut des hautes \u00e9tudes de d\u00e9fense nationale","robots":{"index":"index","follow":"follow","max-snippet":"max-snippet:-1","max-image-preview":"max-image-preview:large","max-video-preview":"max-video-preview:-1"},"canonical":"https:\/\/ihedn.fr\/en\/uncategorized\/changement-climatique-et-securite-bruxelles-29-novembre-1er-decembre-2022\/","og_locale":"en_GB","og_type":"article","og_title":"Changement climatique et s\u00e9curit\u00e9Bruxelles 29 novembre-1er d\u00e9cembre 2022 - L&#039;IHEDN : Institut des hautes \u00e9tudes de d\u00e9fense nationale","og_description":"Pr\u00e9par\u00e9e et conduite par l\u2019IHEDN en partenariat avec le think-tank allemand adelphi, le cours \u00ab Changement climatique et s\u00e9curit\u00e9 \u00bb adopte une approche \u00e0 la fois th\u00e9orique et pratique, incluant de nombreux exercices interactifs : simulations CSNU et ateliers de n\u00e9gociation sur le changement climatique et s\u00e9curit\u00e9.","og_url":"https:\/\/ihedn.fr\/en\/uncategorized\/changement-climatique-et-securite-bruxelles-29-novembre-1er-decembre-2022\/","og_site_name":"L&#039;IHEDN : Institut des hautes \u00e9tudes de d\u00e9fense nationale","article_publisher":"https:\/\/www.facebook.com\/ihedn\/","article_published_time":"2022-11-28T10:40:28+00:00","article_modified_time":"2022-11-29T15:49:17+00:00","og_image":[{"width":640,"height":360,"url":"https:\/\/ihedn.fr\/wp-content\/uploads\/2022\/11\/Changement-climatique-et-securite.jpg","type":"image\/jpeg"}],"author":"alexia","twitter_card":"summary_large_image","twitter_creator":"@IHEDN","twitter_site":"@IHEDN","twitter_misc":{"Written by":"alexia","Estimated reading time":"2 minutes"},"schema":{"@context":"https:\/\/schema.org","@graph":[{"@type":"Article","@id":"https:\/\/ihedn.fr\/uncategorized\/changement-climatique-et-securite-bruxelles-29-novembre-1er-decembre-2022\/#article","isPartOf":{"@id":"https:\/\/ihedn.fr\/uncategorized\/changement-climatique-et-securite-bruxelles-29-novembre-1er-decembre-2022\/"},"author":{"name":"alexia","@id":"https:\/\/ihedn.fr\/#\/schema\/person\/f5fdd32c2827287accbcbc33f74121b5"},"headline":"Changement climatique et s\u00e9curit\u00e9 Bruxelles 29 novembre-1er d\u00e9cembre 2022","datePublished":"2022-11-28T10:40:28+00:00","dateModified":"2022-11-29T15:49:17+00:00","mainEntityOfPage":{"@id":"https:\/\/ihedn.fr\/uncategorized\/changement-climatique-et-securite-bruxelles-29-novembre-1er-decembre-2022\/"},"wordCount":283,"publisher":{"@id":"https:\/\/ihedn.fr\/#organization"},"image":{"@id":"https:\/\/ihedn.fr\/uncategorized\/changement-climatique-et-securite-bruxelles-29-novembre-1er-decembre-2022\/#primaryimage"},"thumbnailUrl":"https:\/\/ihedn.fr\/wp-content\/uploads\/2022\/11\/Changement-climatique-et-securite.jpg","articleSection":["Uncategorized"],"inLanguage":"en-GB"},{"@type":"WebPage","@id":"https:\/\/ihedn.fr\/uncategorized\/changement-climatique-et-securite-bruxelles-29-novembre-1er-decembre-2022\/","url":"https:\/\/ihedn.fr\/uncategorized\/changement-climatique-et-securite-bruxelles-29-novembre-1er-decembre-2022\/","name":"Climate change and security Brussels 29 November-1 December 2022 - L'IHEDN : Institut des hautes \u00e9tudes de d\u00e9fense nationale","isPartOf":{"@id":"https:\/\/ihedn.fr\/#website"},"primaryImageOfPage":{"@id":"https:\/\/ihedn.fr\/uncategorized\/changement-climatique-et-securite-bruxelles-29-novembre-1er-decembre-2022\/#primaryimage"},"image":{"@id":"https:\/\/ihedn.fr\/uncategorized\/changement-climatique-et-securite-bruxelles-29-novembre-1er-decembre-2022\/#primaryimage"},"thumbnailUrl":"https:\/\/ihedn.fr\/wp-content\/uploads\/2022\/11\/Changement-climatique-et-securite.jpg","datePublished":"2022-11-28T10:40:28+00:00","dateModified":"2022-11-29T15:49:17+00:00","breadcrumb":{"@id":"https:\/\/ihedn.fr\/uncategorized\/changement-climatique-et-securite-bruxelles-29-novembre-1er-decembre-2022\/#breadcrumb"},"inLanguage":"en-GB","potentialAction":[{"@type":"ReadAction","target":["https:\/\/ihedn.fr\/uncategorized\/changement-climatique-et-securite-bruxelles-29-novembre-1er-decembre-2022\/"]}]},{"@type":"ImageObject","inLanguage":"en-GB","@id":"https:\/\/ihedn.fr\/uncategorized\/changement-climatique-et-securite-bruxelles-29-novembre-1er-decembre-2022\/#primaryimage","url":"https:\/\/ihedn.fr\/wp-content\/uploads\/2022\/11\/Changement-climatique-et-securite.jpg","contentUrl":"https:\/\/ihedn.fr\/wp-content\/uploads\/2022\/11\/Changement-climatique-et-securite.jpg","width":640,"height":360},{"@type":"BreadcrumbList","@id":"https:\/\/ihedn.fr\/uncategorized\/changement-climatique-et-securite-bruxelles-29-novembre-1er-decembre-2022\/#breadcrumb","itemListElement":[{"@type":"ListItem","position":1,"name":"Accueil","item":"https:\/\/ihedn.fr\/"},{"@type":"ListItem","position":2,"name":"Changement climatique et s\u00e9curit\u00e9Bruxelles 29 novembre-1er d\u00e9cembre 2022"}]},{"@type":"WebSite","@id":"https:\/\/ihedn.fr\/#website","url":"https:\/\/ihedn.fr\/","name":"IHEDN: Institut des hautes \u00e9tudes de d\u00e9fense nationale (Institute for Higher National Defence Studies)","description":"Official website of the IHEDN under the supervision of the Prime Minister.","publisher":{"@id":"https:\/\/ihedn.fr\/#organization"},"potentialAction":[{"@type":"SearchAction","target":{"@type":"EntryPoint","urlTemplate":"https:\/\/ihedn.fr\/?s={search_term_string}"},"query-input":{"@type":"PropertyValueSpecification","valueRequired":true,"valueName":"search_term_string"}}],"inLanguage":"en-GB"},{"@type":"Organization","@id":"https:\/\/ihedn.fr\/#organization","name":"IHEDN - Institute for Higher National Defence Studies","url":"https:\/\/ihedn.fr\/","logo":{"@type":"ImageObject","inLanguage":"en-GB","@id":"https:\/\/ihedn.fr\/#\/schema\/logo\/image\/","url":"https:\/\/ihedn.fr\/wp-content\/uploads\/2020\/11\/BLOC_RF_IHEDN_WEB.png","contentUrl":"https:\/\/ihedn.fr\/wp-content\/uploads\/2020\/11\/BLOC_RF_IHEDN_WEB.png","width":500,"height":237,"caption":"IHEDN - Institut des Hautes Etudes de D\u00e9fense Nationale"},"image":{"@id":"https:\/\/ihedn.fr\/#\/schema\/logo\/image\/"},"sameAs":["https:\/\/www.facebook.com\/ihedn\/","https:\/\/x.com\/IHEDN","https:\/\/www.instagram.com\/ihedn\/","https:\/\/www.linkedin.com\/school\/ihedn\/","https:\/\/fr.wikipedia.org\/wiki\/Institut_des_hautes_\u00e9tudes_de_D\u00e9fense_nationale"]},{"@type":"Person","@id":"https:\/\/ihedn.fr\/#\/schema\/person\/f5fdd32c2827287accbcbc33f74121b5","name":"alexia","image":{"@type":"ImageObject","inLanguage":"en-GB","@id":"https:\/\/secure.gravatar.com\/avatar\/85eb8ccdb2990af9e1d5b99962700286b212c6b84c155ade95bbe0703f9c9001?s=96&d=mm&r=g","url":"https:\/\/secure.gravatar.com\/avatar\/85eb8ccdb2990af9e1d5b99962700286b212c6b84c155ade95bbe0703f9c9001?s=96&d=mm&r=g","contentUrl":"https:\/\/secure.gravatar.com\/avatar\/85eb8ccdb2990af9e1d5b99962700286b212c6b84c155ade95bbe0703f9c9001?s=96&d=mm&r=g","caption":"alexia"},"url":"https:\/\/ihedn.fr\/en\/author\/alexia\/"}]}},"publishpress_future_action":{"enabled":false,"date":"2026-05-07 05:30:51","action":"change-status","newStatus":"draft","terms":[],"taxonomy":"category","extraData":[]},"publishpress_future_workflow_manual_trigger":{"enabledWorkflows":[]},"_links":{"self":[{"href":"https:\/\/ihedn.fr\/en\/wp-json\/wp\/v2\/posts\/28752","targetHints":{"allow":["GET"]}}],"collection":[{"href":"https:\/\/ihedn.fr\/en\/wp-json\/wp\/v2\/posts"}],"about":[{"href":"https:\/\/ihedn.fr\/en\/wp-json\/wp\/v2\/types\/post"}],"author":[{"embeddable":true,"href":"https:\/\/ihedn.fr\/en\/wp-json\/wp\/v2\/users\/7"}],"replies":[{"embeddable":true,"href":"https:\/\/ihedn.fr\/en\/wp-json\/wp\/v2\/comments?post=28752"}],"version-history":[{"count":12,"href":"https:\/\/ihedn.fr\/en\/wp-json\/wp\/v2\/posts\/28752\/revisions"}],"predecessor-version":[{"id":28869,"href":"https:\/\/ihedn.fr\/en\/wp-json\/wp\/v2\/posts\/28752\/revisions\/28869"}],"wp:featuredmedia":[{"embeddable":true,"href":"https:\/\/ihedn.fr\/en\/wp-json\/wp\/v2\/media\/28777"}],"wp:attachment":[{"href":"https:\/\/ihedn.fr\/en\/wp-json\/wp\/v2\/media?parent=28752"}],"wp:term":[{"taxonomy":"category","embeddable":true,"href":"https:\/\/ihedn.fr\/en\/wp-json\/wp\/v2\/categories?post=28752"},{"taxonomy":"post_tag","embeddable":true,"href":"https:\/\/ihedn.fr\/en\/wp-json\/wp\/v2\/tags?post=28752"}],"curies":[{"name":"wp","href":"https:\/\/api.w.org\/{rel}","templated":true}]}}