{"id":2886,"date":"1997-09-05T10:00:21","date_gmt":"1997-09-05T08:00:21","guid":{"rendered":"https:\/\/ihedn.concilium.click\/?p=2886"},"modified":"2020-12-23T12:17:47","modified_gmt":"2020-12-23T10:17:47","slug":"decret-no-97-817-du-5-septembre-1997-erigeantlinstitut-des-hautes-etudes-de-defense-nationale-en-etablissement-public","status":"publish","type":"post","link":"https:\/\/ihedn.fr\/en\/uncategorized\/decret-no-97-817-du-5-septembre-1997-erigeantlinstitut-des-hautes-etudes-de-defense-nationale-en-etablissement-public\/","title":{"rendered":"Decree no. 97-817 of 5 September 1997 establishing the Institut des hautes \u00e9tudes de d\u00e9fense nationale as a public establishment"},"content":{"rendered":"<div data-elementor-type=\"wp-post\" data-elementor-id=\"2886\" class=\"elementor elementor-2886\" data-elementor-post-type=\"post\">\n\t\t\t\t\t\t<section data-particle_enable=\"false\" data-particle-mobile-disabled=\"false\" class=\"elementor-section elementor-top-section elementor-element elementor-element-211e06d elementor-section-boxed elementor-section-height-default elementor-section-height-default\" data-id=\"211e06d\" data-element_type=\"section\" data-e-type=\"section\">\n\t\t\t\t\t\t<div class=\"elementor-container elementor-column-gap-default\">\n\t\t\t\t\t<div class=\"elementor-column elementor-col-100 elementor-top-column elementor-element elementor-element-f269ffa\" data-id=\"f269ffa\" data-element_type=\"column\" data-e-type=\"column\">\n\t\t\t<div class=\"elementor-widget-wrap elementor-element-populated\">\n\t\t\t\t\t\t<div class=\"elementor-element elementor-element-f655e13 elementor-widget elementor-widget-heading\" data-id=\"f655e13\" data-element_type=\"widget\" data-e-type=\"widget\" data-widget_type=\"heading.default\">\n\t\t\t\t<div class=\"elementor-widget-container\">\n\t\t\t\t\t<h1 class=\"elementor-heading-title elementor-size-default\">Decree no. 97-817 of 5 September 1997 establishing the Institut des hautes \u00e9tudes de d\u00e9fense nationale as a public establishment<\/h1>\t\t\t\t<\/div>\n\t\t\t\t<\/div>\n\t\t\t\t<div class=\"elementor-element elementor-element-3bc9257 elementor-widget elementor-widget-text-editor\" data-id=\"3bc9257\" data-element_type=\"widget\" data-e-type=\"widget\" data-widget_type=\"text-editor.default\">\n\t\t\t\t<div class=\"elementor-widget-container\">\n\t\t\t\t\t\t\t\t\t<p><span style=\"color: #993300;\"><strong>JORF no. 207 of 6 September 1997<\/strong><\/span><\/p><p><strong><span style=\"color: #993300;\">NOR: PRMX9700107D<\/span><\/strong><\/p>\t\t\t\t\t\t\t\t<\/div>\n\t\t\t\t<\/div>\n\t\t\t\t<div class=\"elementor-element elementor-element-1bf7443 elementor-widget elementor-widget-text-editor\" data-id=\"1bf7443\" data-element_type=\"widget\" data-e-type=\"widget\" data-widget_type=\"text-editor.default\">\n\t\t\t\t<div class=\"elementor-widget-container\">\n\t\t\t\t\t\t\t\t\t<p>The Prime Minister,<\/p><p>On the report of the Minister for National Education, Research and Technology, the Minister for the Interior, the Minister for Foreign Affairs, the Minister for the Economy, Finance and Industry, the Minister for Defence and the Minister for the Civil Service, State Reform and Decentralisation,<\/p><p>Having regard to Order No. 59-147 of 7 January 1959 on the general organisation of defence ;<\/p><p>Having regard to the Finance Act for 1963 (No. 63-156 of 23 February 1963), as amended, and in particular Article 60 thereof;<\/p><p>Having regard to Act No. 72-662 of 13 July 1972, as amended, on the general status of military personnel ;<\/p><p>Having regard to Law no. 83-634 of 13 July 1983, as amended, on the rights and obligations of civil servants, together with Law no. 84-16 of 11 January 1984, as amended, on statutory provisions relating to the civil service;<\/p><p>Having regard to the decree of 25 October 1935 instituting financial control of autonomous State offices and public establishments;<\/p><p>Having regard to Decree No. 53-1227 of 10 December 1953, as amended, on the accounting regulations applicable to national public administrative establishments, together with Decree No. 62-1587 of 29 December 1962, as amended, on the general public accounting regulations;<\/p><p>Having regard to Decree No. 75-675 of 28 July 1975, as amended, on general discipline in the armed forces ;<\/p><p>Having regard to Decree No. 78-78 of 25 January 1978 establishing the powers of the Secretary General of National Defence ;<\/p><p>Having regard to Decree no. 85-986 of 16 September 1985 relating to the special status of certain positions of State civil servants and to certain procedures for definitive termination of service, amended by Decree no. 88-249 of 11 March 1988, by Decree no. 93-1052 of 1 September 1993 and by Decree no. 95-150 of 7 February 1995 ;<\/p><p>Having regard to Decree no. 92-681 of 20 July 1992, as amended, on the revenue and imprest accounts of public bodies;<\/p><p>Having regard to Decree No. 94-582 of 12 July 1994 on the boards and management of public establishments and public sector companies;<\/p><p>Having regard to the opinion of the Conseil sup\u00e9rieur de l'\u00e9ducation of 20 February 1997 ;<\/p><p>Having regard to the opinion of the joint ministerial technical committee of the Prime Minister's departments dated 26 June 1997 ;<\/p><p>After hearing the Council of State (Finance Section),<\/p><p>Decree:<\/p>\t\t\t\t\t\t\t\t<\/div>\n\t\t\t\t<\/div>\n\t\t\t\t\t<\/div>\n\t\t<\/div>\n\t\t\t\t\t<\/div>\n\t\t<\/section>\n\t\t\t\t<section data-particle_enable=\"false\" data-particle-mobile-disabled=\"false\" class=\"elementor-section elementor-top-section elementor-element elementor-element-5160ed1 elementor-section-boxed elementor-section-height-default elementor-section-height-default\" data-id=\"5160ed1\" data-element_type=\"section\" data-e-type=\"section\">\n\t\t\t\t\t\t<div class=\"elementor-container elementor-column-gap-default\">\n\t\t\t\t\t<div class=\"elementor-column elementor-col-100 elementor-top-column elementor-element elementor-element-27e5616\" data-id=\"27e5616\" data-element_type=\"column\" data-e-type=\"column\">\n\t\t\t<div class=\"elementor-widget-wrap elementor-element-populated\">\n\t\t\t\t\t\t<div class=\"elementor-element elementor-element-02398d9 elementor-widget elementor-widget-heading\" data-id=\"02398d9\" data-element_type=\"widget\" data-e-type=\"widget\" data-widget_type=\"heading.default\">\n\t\t\t\t<div class=\"elementor-widget-container\">\n\t\t\t\t\t<h4 class=\"elementor-heading-title elementor-size-default\">TITLE I<\/h4>\t\t\t\t<\/div>\n\t\t\t\t<\/div>\n\t\t\t\t<div class=\"elementor-element elementor-element-9a25ff2 elementor-widget elementor-widget-heading\" data-id=\"9a25ff2\" data-element_type=\"widget\" data-e-type=\"widget\" data-widget_type=\"heading.default\">\n\t\t\t\t<div class=\"elementor-widget-container\">\n\t\t\t\t\t<h4 class=\"elementor-heading-title elementor-size-default\">GENERAL PROVISIONS\n<\/h4>\t\t\t\t<\/div>\n\t\t\t\t<\/div>\n\t\t\t\t<div class=\"elementor-element elementor-element-3926a24 elementor-widget elementor-widget-text-editor\" data-id=\"3926a24\" data-element_type=\"widget\" data-e-type=\"widget\" data-widget_type=\"text-editor.default\">\n\t\t\t\t<div class=\"elementor-widget-container\">\n\t\t\t\t\t\t\t\t\t<p><strong>Art. 1. -<\/strong> The Institut des hautes \u00e9tudes de d\u00e9fense nationale (IHEDN) is a national public administrative institution with legal personality and financial autonomy. It is placed under the supervision of the Prime Minister.<\/p><p>Its registered office is at the \u00c9cole Militaire in Paris, and may be changed by a decision of the Prime Minister on a proposal from the Board of Directors.<\/p><p><strong><span style=\"color: #000000;\">Art. 2 - <\/span><\/strong>The Institute's mission is to bring together high-level officials from the civilian and military civil services and from other sectors of national activity, in order to deepen their shared knowledge of major defence issues.<\/p><p>In this capacity, the Institute may conduct studies and research and provide assistance to ministries and higher education and research establishments in the field of defence.<\/p><p>In liaison with the Minister for Higher Education, it helps to promote university defence teaching.<\/p><p><strong><span style=\"color: #000000;\">Art. 3 -<\/span><\/strong> Each year, the Institute organises a national session, regional sessions in the defence zones and advanced training, information and study courses.<\/p><p>It organises international sessions.<\/p><p><strong><span style=\"color: #000000;\">Art.4. -<\/span><\/strong> Persons admitted to attend the Institute's national and regional sessions are appointed by order of the Prime Minister on the recommendation of the Director of the Institute.<\/p><p>They are chosen from :<\/p><p style=\"padding-left: 40px;\">-magistrates and civil servants of at least the rank of 1st class civil administrator, whose applications are submitted by the ministers concerned. Category A civil servants with senior responsibilities may also be considered;<\/p><p style=\"padding-left: 40px;\">-officers with a rank equal to or higher than lieutenant-colonel or equivalent, proposed by the minister in charge of the armed forces; - civilians with major responsibilities in the nation's various sectors of activity. They are nominated by professional associations or by the candidates themselves for national sessions, and by the prefects of the defence zones concerned for regional sessions.<\/p><p>General and senior officers appointed to attend the session of the Centre des Hautes \u00c9tudes Militaires by decision of the Minister for the Armed Forces are automatically members of the Institute's national session.<\/p><p><strong><span style=\"color: #000000;\">Art. 5.<\/span> <\/strong>Advanced training, information and study courses are open to people chosen by the Director of the Institute.<\/p><p>French participants in international sessions are designated by the authorities to which they report, while foreign participants are designated by the States or international bodies to which they report.<\/p><p><strong><span style=\"color: #000000;\">Art. 6.<\/span> <\/strong>For the duration of the sessions, auditors following the Institute's various training cycles remain administered and remunerated by the ministries, bodies or companies to which they belong.<\/p><p>Civil servants, military personnel and employees subject to public law status benefit from the statutory provisions that govern them, particularly in terms of risk cover. Other participants are, for the duration of the sessions and only for the damage suffered, attached to the public service mission to which they are contributing, in the position of voluntary and occasional collaborators of the public service.<\/p><p><strong><span style=\"color: #000000;\">Art. 7 -<\/span><\/strong> At the end of the national and regional sessions, the title of former auditor may be conferred by order of the Prime Minister on persons who have attended the said sessions.<\/p>\t\t\t\t\t\t\t\t<\/div>\n\t\t\t\t<\/div>\n\t\t\t\t\t<\/div>\n\t\t<\/div>\n\t\t\t\t\t<\/div>\n\t\t<\/section>\n\t\t\t\t<section data-particle_enable=\"false\" data-particle-mobile-disabled=\"false\" class=\"elementor-section elementor-top-section elementor-element elementor-element-4ff5200 elementor-section-boxed elementor-section-height-default elementor-section-height-default\" data-id=\"4ff5200\" data-element_type=\"section\" data-e-type=\"section\">\n\t\t\t\t\t\t<div class=\"elementor-container elementor-column-gap-default\">\n\t\t\t\t\t<div class=\"elementor-column elementor-col-100 elementor-top-column elementor-element elementor-element-edd86cb\" data-id=\"edd86cb\" data-element_type=\"column\" data-e-type=\"column\">\n\t\t\t<div class=\"elementor-widget-wrap elementor-element-populated\">\n\t\t\t\t\t\t<div class=\"elementor-element elementor-element-939a2b2 elementor-widget elementor-widget-heading\" data-id=\"939a2b2\" data-element_type=\"widget\" data-e-type=\"widget\" data-widget_type=\"heading.default\">\n\t\t\t\t<div class=\"elementor-widget-container\">\n\t\t\t\t\t<h4 class=\"elementor-heading-title elementor-size-default\">TITLE II<\/h4>\t\t\t\t<\/div>\n\t\t\t\t<\/div>\n\t\t\t\t<div class=\"elementor-element elementor-element-7d655a9 elementor-widget elementor-widget-heading\" data-id=\"7d655a9\" data-element_type=\"widget\" data-e-type=\"widget\" data-widget_type=\"heading.default\">\n\t\t\t\t<div class=\"elementor-widget-container\">\n\t\t\t\t\t<h4 class=\"elementor-heading-title elementor-size-default\">ADMINISTRATIVE ORGANISATION\n<\/h4>\t\t\t\t<\/div>\n\t\t\t\t<\/div>\n\t\t\t\t<div class=\"elementor-element elementor-element-a04e96a elementor-widget elementor-widget-text-editor\" data-id=\"a04e96a\" data-element_type=\"widget\" data-e-type=\"widget\" data-widget_type=\"text-editor.default\">\n\t\t\t\t<div class=\"elementor-widget-container\">\n\t\t\t\t\t\t\t\t\t<p><strong><span style=\"color: #000000;\">Art. 8.<\/span><\/strong> The Institute is administered by a Board of Directors and managed by a Director.<\/p><p><strong><span style=\"color: #000000;\">Art. 9.<\/span><\/strong> The Institute's Board of Directors comprises seventeen members:<\/p><p>1. The Chairman appointed by decree ;<\/p><p>2. The Secretary General of National Defence ;<\/p><p>3. One deputy and one senator respectively appointed by the president of each assembly;<\/p><p>4. Eight State representatives appointed by the Prime Minister on the recommendation of the ministers concerned:<\/p><ul><li>two representatives of the Minister for the Armed Forces ;<\/li><li>a representative of the Minister for Higher Education ;<\/li><li>a representative of the Minister for the Interior ;<\/li><li>a representative of the Minister of Foreign Affairs ;<\/li><li>a representative of the Minister for the Economy and Finance ;<\/li><li>a representative of the Minister for the Civil Service ;<\/li><li>a representative of the Minister for the Budget ;<\/li><\/ul><p>5. The President of the Union of Auditors' Associations ;<\/p><p>6.  Four qualified persons appointed by the Prime Minister, including :<\/p><ul><li>two military personnel, nominated by the Minister for the Armed Forces ;<\/li><li>two former civilian auditors, nominated by the Secretary General of National Defence.<\/li><\/ul><p>Members of the Board of Directors may not be deputised.<\/p><p><strong><span style=\"color: #000000;\">Art. 10.<\/span><\/strong> The term of office of appointed members of the Board of Directors is three years, renewable. The offices of Chairman and member of the Board of Directors are not remunerated.<\/p><p>The Director of the Institute, the Financial Controller and the Accounting Officer attend Board meetings in an advisory capacity.<\/p><p>The Chairman of the Board of Directors may invite any person whose presence he considers useful to attend all or part of Board meetings.<\/p><p><strong><span style=\"color: #000000;\">Art. 11.<\/span><\/strong> The Board of Directors determines the general direction of teaching, research and coordination in application of the Prime Minister's directives.<\/p><p>It approves the Institute's programmes and submits them to the Prime Minister for approval.<\/p><p>It adopts the Institute's budget and financial accounts, and authorises the disposal, acquisition and exchange of real estate, as well as legal action. It determines staff recruitment policy.<\/p><p>In general, it gives its opinion on any question submitted to it by its Chairman. It submits an annual report to the Prime Minister on the Institute's activities and operations. It submits recommendations to the Prime Minister for the promotion of defence education.<\/p><p><strong><span style=\"color: #000000;\">Art. 12.<\/span><\/strong> The Board of Directors is convened by its Chairman at least twice a year, and at the request of the Prime Minister or two-thirds of its members.<\/p><p>The Chairman sets the agenda for the meetings. Any other matter may be placed on the agenda at the request of one-third of the members of the Board of Directors.<\/p><p>The Board of Directors may only validly deliberate when more than half the number of members are present. If this quorum is not reached, the Chairman shall reconvene the Board within a fortnight; the Board's deliberations shall then be valid regardless of the number of members present.<\/p><p>Decisions are taken by majority vote of the members present. In the event of a tie, the Chairman has the casting vote. The Chairman notifies the supervisory authority of the Board's decisions. They are then enforceable within thirty days, subject to the provisions of article 21 of this decree.<\/p><p><strong><span style=\"color: #000000;\">Art. 13.<\/span><\/strong> The Director of the Institute is appointed by decree. He is chosen from among general officers or senior civil servants of equivalent rank. The director is assisted by a deputy appointed by decree who is chosen from among senior civil servants if the director is a general officer, and from among general officers if the director is a senior civil servant.<\/p><p>The Director manages the Institute in accordance with the guidelines laid down by the Board of Directors. He reports annually on his management to the Board of Directors. He exercises the powers not assigned to another authority by this decree, and in particular :<\/p><ol><li>It decides on the organisation, internal regulations and operating rules of the Institute;<\/li><li>It prepares and implements the decisions of the Board of Directors;<\/li><li>He represents the Institute in court and in civil matters;<\/li><li>It prepares and implements the budget;<\/li><li>He is the authorising officer for revenue and expenditure;<\/li><li>It concludes contracts and agreements. It reports to the Board of Directors;<\/li><li>He has authority over all those following the various training courses;<\/li><li>With the exception of the Accounting Officer, it has hierarchical authority over the staff assigned to the Institute and disciplinary authority over the contract staff mentioned in Article 14 ;<\/li><li>It fills the posts and functions of the public body;<\/li><li>It prepares and submits to the Board draft recommendations designed to promote defence education.<\/li><\/ol><p>The Director of the Institute may delegate his signature.<\/p>\t\t\t\t\t\t\t\t<\/div>\n\t\t\t\t<\/div>\n\t\t\t\t\t<\/div>\n\t\t<\/div>\n\t\t\t\t\t<\/div>\n\t\t<\/section>\n\t\t\t\t<section data-particle_enable=\"false\" data-particle-mobile-disabled=\"false\" class=\"elementor-section elementor-top-section elementor-element elementor-element-ea22dc7 elementor-section-boxed elementor-section-height-default elementor-section-height-default\" data-id=\"ea22dc7\" data-element_type=\"section\" data-e-type=\"section\">\n\t\t\t\t\t\t<div class=\"elementor-container elementor-column-gap-default\">\n\t\t\t\t\t<div class=\"elementor-column elementor-col-100 elementor-top-column elementor-element elementor-element-b7f4d99\" data-id=\"b7f4d99\" data-element_type=\"column\" data-e-type=\"column\">\n\t\t\t<div class=\"elementor-widget-wrap elementor-element-populated\">\n\t\t\t\t\t\t<div class=\"elementor-element elementor-element-2842347 elementor-widget elementor-widget-heading\" data-id=\"2842347\" data-element_type=\"widget\" data-e-type=\"widget\" data-widget_type=\"heading.default\">\n\t\t\t\t<div class=\"elementor-widget-container\">\n\t\t\t\t\t<h4 class=\"elementor-heading-title elementor-size-default\">TITLE III<\/h4>\t\t\t\t<\/div>\n\t\t\t\t<\/div>\n\t\t\t\t<div class=\"elementor-element elementor-element-a1ddd35 elementor-widget elementor-widget-heading\" data-id=\"a1ddd35\" data-element_type=\"widget\" data-e-type=\"widget\" data-widget_type=\"heading.default\">\n\t\t\t\t<div class=\"elementor-widget-container\">\n\t\t\t\t\t<h4 class=\"elementor-heading-title elementor-size-default\">THE INSTITUTE'S STAFF\n<\/h4>\t\t\t\t<\/div>\n\t\t\t\t<\/div>\n\t\t\t\t<div class=\"elementor-element elementor-element-d9948f1 elementor-widget elementor-widget-text-editor\" data-id=\"d9948f1\" data-element_type=\"widget\" data-e-type=\"widget\" data-widget_type=\"text-editor.default\">\n\t\t\t\t<div class=\"elementor-widget-container\">\n\t\t\t\t\t\t\t\t\t<p><strong><span style=\"color: #000000;\">Art. 14.<\/span><\/strong> The Institute's staff includes public-sector employees on secondment, on leave of absence, hors cadres or placed at its disposal, as well as employees under contract.<\/p><p>The conditions under which staff are made available are set out in agreements concluded for this purpose.<\/p>\t\t\t\t\t\t\t\t<\/div>\n\t\t\t\t<\/div>\n\t\t\t\t\t<\/div>\n\t\t<\/div>\n\t\t\t\t\t<\/div>\n\t\t<\/section>\n\t\t\t\t<section data-particle_enable=\"false\" data-particle-mobile-disabled=\"false\" class=\"elementor-section elementor-top-section elementor-element elementor-element-36a679e elementor-section-boxed elementor-section-height-default elementor-section-height-default\" data-id=\"36a679e\" data-element_type=\"section\" data-e-type=\"section\">\n\t\t\t\t\t\t<div class=\"elementor-container elementor-column-gap-default\">\n\t\t\t\t\t<div class=\"elementor-column elementor-col-100 elementor-top-column elementor-element elementor-element-29b966a\" data-id=\"29b966a\" data-element_type=\"column\" data-e-type=\"column\">\n\t\t\t<div class=\"elementor-widget-wrap elementor-element-populated\">\n\t\t\t\t\t\t<div class=\"elementor-element elementor-element-70f7767 elementor-widget elementor-widget-heading\" data-id=\"70f7767\" data-element_type=\"widget\" data-e-type=\"widget\" data-widget_type=\"heading.default\">\n\t\t\t\t<div class=\"elementor-widget-container\">\n\t\t\t\t\t<h4 class=\"elementor-heading-title elementor-size-default\">TITLE IV<\/h4>\t\t\t\t<\/div>\n\t\t\t\t<\/div>\n\t\t\t\t<div class=\"elementor-element elementor-element-d98c0ae elementor-widget elementor-widget-heading\" data-id=\"d98c0ae\" data-element_type=\"widget\" data-e-type=\"widget\" data-widget_type=\"heading.default\">\n\t\t\t\t<div class=\"elementor-widget-container\">\n\t\t\t\t\t<h4 class=\"elementor-heading-title elementor-size-default\">THE FINANCIAL ORGANISATION OF THE INSTITUTE\n<\/h4>\t\t\t\t<\/div>\n\t\t\t\t<\/div>\n\t\t\t\t<div class=\"elementor-element elementor-element-79b1985 elementor-widget elementor-widget-text-editor\" data-id=\"79b1985\" data-element_type=\"widget\" data-e-type=\"widget\" data-widget_type=\"text-editor.default\">\n\t\t\t\t<div class=\"elementor-widget-container\">\n\t\t\t\t\t\t\t\t\t<p><strong><span style=\"color: #000000;\">Art. 15.<\/span><\/strong> The financial and accounting rules defined by Decrees no. 53-1227 of 10 December 1953, no. 62-1587 of 29 December 1962 and by Article 60 of the Finance Act for 1963 (no. 63-156 of 23 February 1963) referred to above are applicable to the Institute.<\/p><p><strong><span style=\"color: #000000;\">Art. 16.<\/span><\/strong> The Accounting Officer is appointed by order of the Prime Minister and the Minister for the Budget.<\/p><p><strong><span style=\"color: #000000;\">Art. 17.<\/span><\/strong> The Institute's income includes in particular:-an annual grant from the State;-financial contributions from various ministries for specific actions organised for their benefit;-subsidies from public authorities and any public or private, French, foreign or international body;-resources from training activities, congresses, symposia and events that it organises and services that it provides;-income from the work it carries out and the publications it publishes; - income from donations and legacies and from employers' contributions to the financing of continuing professional education; - income from its movable and immovable property and, in general, all income authorised by the laws and regulations.<\/p><p><strong><span style=\"color: #000000;\">Art. 18.<\/span><\/strong> The Institute's expenses include staff costs, fees paid to lecturers and teachers, rental, equipment, operating, representation, maintenance and security costs and, in general, all expenses necessary for the Institute's activities.<\/p><p><strong><span style=\"color: #000000;\">Art. 19. -<\/span><\/strong> The services provided free of charge by the State to the Institute are provided under agreements concluded for this purpose.<\/p><p><strong><span style=\"color: #000000;\">Art. 20.<\/span><\/strong> Imprest accounts and imprest accounts may be set up by the Director of the Institute, with the agreement of the Financial Controller, under the conditions laid down by the aforementioned decree of 20 July 1992 and its implementing texts.<\/p><p>The administrators are appointed by the Director of the Institute with the approval of the Accounting Officer.<\/p><p><strong><span style=\"color: #000000;\">Art. 21 -<\/span><\/strong> Draft budgets and amending decisions, as well as draft resolutions with a financial impact not provided for in the budget, are sent to the Prime Minister and the Minister for the Budget at least fifteen days before they are presented to the Board of Directors.<\/p><p>Decisions relating to the draft budget and amending decisions, as well as those having a financial impact not provided for in the budget, are enforceable within fifteen days of their notification to the Prime Minister and the Minister responsible for the budget.<\/p><p>In the event of opposition, the Board of Directors has fifteen days to deliberate again. Following this new deliberation, if the disagreement persists, the decision is taken by the Prime Minister on the proposal of the Minister for the Budget.<\/p><p><strong><span style=\"color: #000000;\">Art. 22. -<\/span><\/strong> The Institute is subject to the financial control instituted by the aforementioned decree of 25 October 1935. The specific procedures for exercising this control are set by the Minister responsible for the budget.<\/p>\t\t\t\t\t\t\t\t<\/div>\n\t\t\t\t<\/div>\n\t\t\t\t\t<\/div>\n\t\t<\/div>\n\t\t\t\t\t<\/div>\n\t\t<\/section>\n\t\t\t\t<section data-particle_enable=\"false\" data-particle-mobile-disabled=\"false\" class=\"elementor-section elementor-top-section elementor-element elementor-element-13d54ac elementor-section-boxed elementor-section-height-default elementor-section-height-default\" data-id=\"13d54ac\" data-element_type=\"section\" data-e-type=\"section\">\n\t\t\t\t\t\t<div class=\"elementor-container elementor-column-gap-default\">\n\t\t\t\t\t<div class=\"elementor-column elementor-col-100 elementor-top-column elementor-element elementor-element-03e5944\" data-id=\"03e5944\" data-element_type=\"column\" data-e-type=\"column\">\n\t\t\t<div class=\"elementor-widget-wrap elementor-element-populated\">\n\t\t\t\t\t\t<div class=\"elementor-element elementor-element-4695aa7 elementor-widget elementor-widget-heading\" data-id=\"4695aa7\" data-element_type=\"widget\" data-e-type=\"widget\" data-widget_type=\"heading.default\">\n\t\t\t\t<div class=\"elementor-widget-container\">\n\t\t\t\t\t<h4 class=\"elementor-heading-title elementor-size-default\">TITLE V<\/h4>\t\t\t\t<\/div>\n\t\t\t\t<\/div>\n\t\t\t\t<div class=\"elementor-element elementor-element-d835977 elementor-widget elementor-widget-heading\" data-id=\"d835977\" data-element_type=\"widget\" data-e-type=\"widget\" data-widget_type=\"heading.default\">\n\t\t\t\t<div class=\"elementor-widget-container\">\n\t\t\t\t\t<h4 class=\"elementor-heading-title elementor-size-default\">MISCELLANEOUS AND TRANSITIONAL MEASURES\n<\/h4>\t\t\t\t<\/div>\n\t\t\t\t<\/div>\n\t\t\t\t<div class=\"elementor-element elementor-element-b8a276e elementor-widget elementor-widget-text-editor\" data-id=\"b8a276e\" data-element_type=\"widget\" data-e-type=\"widget\" data-widget_type=\"text-editor.default\">\n\t\t\t\t<div class=\"elementor-widget-container\">\n\t\t\t\t\t\t\t\t\t<p><strong><span style=\"color: #000000;\">Art. 23. -<\/span><\/strong> The Institute retains the use of movable and immovable property belonging to the State and made available to it on the date of publication of this decree. An agreement concluded to this effect will specify, within six months of this date, the conditions under which the property will be made available.<\/p><p><strong><span style=\"color: #000000;\">Art. 24.<\/span><\/strong> The Director of the Institute in office on the date of publication of this decree shall remain in office until the appointment of the new Director made in accordance with the conditions laid down in article 13 of this decree.<\/p><p>It is responsible for preparing and presenting the budget for 1998, which will be approved by the Prime Minister and the Minister for the Budget, without prior deliberation by the Board of Directors if the latter has not been constituted.<\/p><p><strong><span style=\"color: #000000;\">Art. 25. -<\/span><\/strong> Decree no. 79-179 of 6 March 1979 on the statutes of the IHEDN and decree no. 61-291 of 30 March 1961 on the creation of an orientation and development committee for higher defence education are repealed.<\/p><p><strong><span style=\"color: #000000;\">Art. 26. -<\/span><\/strong> Article 6 of the aforementioned Decree of 25 January 1978 reads as follows:<\/p><p><em>\"Art. 6 - By delegation from the Prime Minister, he is responsible for supervising the Institut des hautes \u00e9tudes de d\u00e9fense nationale. It shall ensure the coordination of defence teaching.<\/em><\/p><p><strong><span style=\"color: #000000;\">Art. 27. -<\/span><\/strong> The Minister of National Education, Research and Technology, the Minister of the Interior, the Minister of Foreign Affairs, the Minister of the Economy, Finance and Industry, the Minister of Defence, the Minister of the Civil Service, State Reform and Decentralisation and the Secretary of State for the Budget are each responsible for the execution of this decree, which will be published in the Official Journal of the French Republic.<\/p>\t\t\t\t\t\t\t\t<\/div>\n\t\t\t\t<\/div>\n\t\t\t\t\t<\/div>\n\t\t<\/div>\n\t\t\t\t\t<\/div>\n\t\t<\/section>\n\t\t\t\t<section data-particle_enable=\"false\" data-particle-mobile-disabled=\"false\" class=\"elementor-section elementor-top-section elementor-element elementor-element-39be60b elementor-section-boxed elementor-section-height-default elementor-section-height-default\" data-id=\"39be60b\" data-element_type=\"section\" data-e-type=\"section\">\n\t\t\t\t\t\t<div class=\"elementor-container elementor-column-gap-default\">\n\t\t\t\t\t<div class=\"elementor-column elementor-col-100 elementor-top-column elementor-element elementor-element-8ffaf7b\" data-id=\"8ffaf7b\" data-element_type=\"column\" data-e-type=\"column\">\n\t\t\t<div class=\"elementor-widget-wrap elementor-element-populated\">\n\t\t\t\t\t\t<div class=\"elementor-element elementor-element-e1e03b1 elementor-widget elementor-widget-text-editor\" data-id=\"e1e03b1\" data-element_type=\"widget\" data-e-type=\"widget\" data-widget_type=\"text-editor.default\">\n\t\t\t\t<div class=\"elementor-widget-container\">\n\t\t\t\t\t\t\t\t\t<p>Paris, 5 September 1997.<\/p><p>By the Prime Minister : Lionel Jospin<\/p><p>Claude All\u00e8gre, Minister for Education, Research and Technology<\/p><p>The Minister for the Interior, Jean-Pierre Chev\u00e8nement<\/p><p>The Minister for Foreign Affairs, Hubert V\u00e9drine<\/p><p>Dominique Strauss-Kahn, Minister for the Economy, Finance and Industry<\/p><p>The Minister for Defence, Alain Richard<\/p><p>Emile Zuccarelli, Minister for the Civil Service, State Reform and Decentralisation<\/p><p>The Secretary of State for the Budget, Christian Sautter<\/p>\t\t\t\t\t\t\t\t<\/div>\n\t\t\t\t<\/div>\n\t\t\t\t\t<\/div>\n\t\t<\/div>\n\t\t\t\t\t<\/div>\n\t\t<\/section>\n\t\t\t\t<\/div>","protected":false},"excerpt":{"rendered":"<p>D\u00e9cret no 97-817 du 5 septembre 1997 \u00e9rigeantl&rsquo;Institut des hautes \u00e9tudes de d\u00e9fense nationale en \u00e9tablissement public JORF n\u00b0207 du 6 septembre 1997 NOR: PRMX9700107D Le Premier ministre, Sur le rapport du ministre de l&rsquo;\u00e9ducation nationale, de la recherche et de la technologie, du ministre de l&rsquo;int\u00e9rieur, du ministre des affaires \u00e9trang\u00e8res, du ministre de [&hellip;]<\/p>\n","protected":false},"author":1,"featured_media":0,"comment_status":"closed","ping_status":"closed","sticky":false,"template":"","format":"standard","meta":{"footnotes":""},"categories":[1],"tags":[],"class_list":["post-2886","post","type-post","status-publish","format-standard","hentry","category-uncategorized"],"yoast_head":"<!-- This site is optimized with the Yoast SEO plugin v27.5 - https:\/\/yoast.com\/product\/yoast-seo-wordpress\/ -->\n<title>D\u00e9cret no 97-817 du 5 septembre 1997 \u00e9rigeant l&#039;Institut des hautes \u00e9tudes de d\u00e9fense nationale en \u00e9tablissement public - L&#039;IHEDN : Institut des hautes \u00e9tudes de d\u00e9fense nationale<\/title>\n<meta name=\"robots\" content=\"index, follow, max-snippet:-1, max-image-preview:large, max-video-preview:-1\" \/>\n<link rel=\"canonical\" href=\"https:\/\/ihedn.fr\/en\/textes-officiels\/decret-no-97-817-du-5-septembre-1997-erigeantlinstitut-des-hautes-etudes-de-defense-nationale-en-etablissement-public\/\" \/>\n<meta property=\"og:locale\" content=\"en_GB\" \/>\n<meta property=\"og:type\" content=\"article\" \/>\n<meta property=\"og:title\" content=\"D\u00e9cret no 97-817 du 5 septembre 1997 \u00e9rigeant l&#039;Institut des hautes \u00e9tudes de d\u00e9fense nationale en \u00e9tablissement public - L&#039;IHEDN : Institut des hautes \u00e9tudes de d\u00e9fense nationale\" \/>\n<meta property=\"og:description\" content=\"D\u00e9cret no 97-817 du 5 septembre 1997 \u00e9rigeantl&rsquo;Institut des hautes \u00e9tudes de d\u00e9fense nationale en \u00e9tablissement public JORF n\u00b0207 du 6 septembre 1997 NOR: PRMX9700107D Le Premier ministre, Sur le rapport du ministre de l&rsquo;\u00e9ducation nationale, de la recherche et de la technologie, du ministre de l&rsquo;int\u00e9rieur, du ministre des affaires \u00e9trang\u00e8res, du ministre de [&hellip;]\" \/>\n<meta property=\"og:url\" content=\"https:\/\/ihedn.fr\/en\/textes-officiels\/decret-no-97-817-du-5-septembre-1997-erigeantlinstitut-des-hautes-etudes-de-defense-nationale-en-etablissement-public\/\" \/>\n<meta property=\"og:site_name\" content=\"L&#039;IHEDN : Institut des hautes \u00e9tudes de d\u00e9fense nationale\" \/>\n<meta property=\"article:publisher\" content=\"https:\/\/www.facebook.com\/ihedn\/\" \/>\n<meta property=\"article:published_time\" content=\"1997-09-05T08:00:21+00:00\" \/>\n<meta property=\"article:modified_time\" content=\"2020-12-23T10:17:47+00:00\" \/>\n<meta name=\"author\" content=\"dev\" \/>\n<meta name=\"twitter:card\" content=\"summary_large_image\" \/>\n<meta name=\"twitter:creator\" content=\"@IHEDN\" \/>\n<meta name=\"twitter:site\" content=\"@IHEDN\" \/>\n<meta name=\"twitter:label1\" content=\"Written by\" \/>\n\t<meta name=\"twitter:data1\" content=\"dev\" \/>\n\t<meta name=\"twitter:label2\" content=\"Estimated reading time\" \/>\n\t<meta name=\"twitter:data2\" content=\"14 minutes\" \/>\n<script type=\"application\/ld+json\" class=\"yoast-schema-graph\">{\"@context\":\"https:\\\/\\\/schema.org\",\"@graph\":[{\"@type\":\"Article\",\"@id\":\"https:\\\/\\\/ihedn.fr\\\/textes-officiels\\\/decret-no-97-817-du-5-septembre-1997-erigeantlinstitut-des-hautes-etudes-de-defense-nationale-en-etablissement-public\\\/#article\",\"isPartOf\":{\"@id\":\"https:\\\/\\\/ihedn.fr\\\/textes-officiels\\\/decret-no-97-817-du-5-septembre-1997-erigeantlinstitut-des-hautes-etudes-de-defense-nationale-en-etablissement-public\\\/\"},\"author\":{\"name\":\"dev\",\"@id\":\"https:\\\/\\\/ihedn.fr\\\/#\\\/schema\\\/person\\\/7a40155595e4efb35323447cb8c8c5a4\"},\"headline\":\"D\u00e9cret no 97-817 du 5 septembre 1997 \u00e9rigeant l&rsquo;Institut des hautes \u00e9tudes de d\u00e9fense nationale en \u00e9tablissement public\",\"datePublished\":\"1997-09-05T08:00:21+00:00\",\"dateModified\":\"2020-12-23T10:17:47+00:00\",\"mainEntityOfPage\":{\"@id\":\"https:\\\/\\\/ihedn.fr\\\/textes-officiels\\\/decret-no-97-817-du-5-septembre-1997-erigeantlinstitut-des-hautes-etudes-de-defense-nationale-en-etablissement-public\\\/\"},\"wordCount\":3014,\"publisher\":{\"@id\":\"https:\\\/\\\/ihedn.fr\\\/#organization\"},\"articleSection\":[\"Uncategorized\"],\"inLanguage\":\"en-GB\"},{\"@type\":\"WebPage\",\"@id\":\"https:\\\/\\\/ihedn.fr\\\/textes-officiels\\\/decret-no-97-817-du-5-septembre-1997-erigeantlinstitut-des-hautes-etudes-de-defense-nationale-en-etablissement-public\\\/\",\"url\":\"https:\\\/\\\/ihedn.fr\\\/textes-officiels\\\/decret-no-97-817-du-5-septembre-1997-erigeantlinstitut-des-hautes-etudes-de-defense-nationale-en-etablissement-public\\\/\",\"name\":\"D\u00e9cret no 97-817 du 5 septembre 1997 \u00e9rigeant l'Institut des hautes \u00e9tudes de d\u00e9fense nationale en \u00e9tablissement public - L&#039;IHEDN : Institut des hautes \u00e9tudes de d\u00e9fense nationale\",\"isPartOf\":{\"@id\":\"https:\\\/\\\/ihedn.fr\\\/#website\"},\"datePublished\":\"1997-09-05T08:00:21+00:00\",\"dateModified\":\"2020-12-23T10:17:47+00:00\",\"breadcrumb\":{\"@id\":\"https:\\\/\\\/ihedn.fr\\\/textes-officiels\\\/decret-no-97-817-du-5-septembre-1997-erigeantlinstitut-des-hautes-etudes-de-defense-nationale-en-etablissement-public\\\/#breadcrumb\"},\"inLanguage\":\"en-GB\",\"potentialAction\":[{\"@type\":\"ReadAction\",\"target\":[\"https:\\\/\\\/ihedn.fr\\\/textes-officiels\\\/decret-no-97-817-du-5-septembre-1997-erigeantlinstitut-des-hautes-etudes-de-defense-nationale-en-etablissement-public\\\/\"]}]},{\"@type\":\"BreadcrumbList\",\"@id\":\"https:\\\/\\\/ihedn.fr\\\/textes-officiels\\\/decret-no-97-817-du-5-septembre-1997-erigeantlinstitut-des-hautes-etudes-de-defense-nationale-en-etablissement-public\\\/#breadcrumb\",\"itemListElement\":[{\"@type\":\"ListItem\",\"position\":1,\"name\":\"Accueil\",\"item\":\"https:\\\/\\\/ihedn.fr\\\/\"},{\"@type\":\"ListItem\",\"position\":2,\"name\":\"D\u00e9cret no 97-817 du 5 septembre 1997 \u00e9rigeant l&rsquo;Institut des hautes \u00e9tudes de d\u00e9fense nationale en \u00e9tablissement public\"}]},{\"@type\":\"WebSite\",\"@id\":\"https:\\\/\\\/ihedn.fr\\\/#website\",\"url\":\"https:\\\/\\\/ihedn.fr\\\/\",\"name\":\"IHEDN : Institut des hautes \u00e9tudes de d\u00e9fense nationale |\",\"description\":\"Site officiel de l&#039;IHEDN plac\u00e9 sous la tutelle du Premier ministre.\",\"publisher\":{\"@id\":\"https:\\\/\\\/ihedn.fr\\\/#organization\"},\"potentialAction\":[{\"@type\":\"SearchAction\",\"target\":{\"@type\":\"EntryPoint\",\"urlTemplate\":\"https:\\\/\\\/ihedn.fr\\\/?s={search_term_string}\"},\"query-input\":{\"@type\":\"PropertyValueSpecification\",\"valueRequired\":true,\"valueName\":\"search_term_string\"}}],\"inLanguage\":\"en-GB\"},{\"@type\":\"Organization\",\"@id\":\"https:\\\/\\\/ihedn.fr\\\/#organization\",\"name\":\"IHEDN - Institut des Hautes Etudes de D\u00e9fense Nationale\",\"url\":\"https:\\\/\\\/ihedn.fr\\\/\",\"logo\":{\"@type\":\"ImageObject\",\"inLanguage\":\"en-GB\",\"@id\":\"https:\\\/\\\/ihedn.fr\\\/#\\\/schema\\\/logo\\\/image\\\/\",\"url\":\"https:\\\/\\\/ihedn.fr\\\/wp-content\\\/uploads\\\/2020\\\/11\\\/BLOC_RF_IHEDN_WEB.png\",\"contentUrl\":\"https:\\\/\\\/ihedn.fr\\\/wp-content\\\/uploads\\\/2020\\\/11\\\/BLOC_RF_IHEDN_WEB.png\",\"width\":500,\"height\":237,\"caption\":\"IHEDN - Institut des Hautes Etudes de D\u00e9fense Nationale\"},\"image\":{\"@id\":\"https:\\\/\\\/ihedn.fr\\\/#\\\/schema\\\/logo\\\/image\\\/\"},\"sameAs\":[\"https:\\\/\\\/www.facebook.com\\\/ihedn\\\/\",\"https:\\\/\\\/x.com\\\/IHEDN\",\"https:\\\/\\\/www.instagram.com\\\/ihedn\\\/\",\"https:\\\/\\\/www.linkedin.com\\\/school\\\/ihedn\\\/\",\"https:\\\/\\\/fr.wikipedia.org\\\/wiki\\\/Institut_des_hautes_\u00e9tudes_de_D\u00e9fense_nationale\"]},{\"@type\":\"Person\",\"@id\":\"https:\\\/\\\/ihedn.fr\\\/#\\\/schema\\\/person\\\/7a40155595e4efb35323447cb8c8c5a4\",\"name\":\"dev\",\"image\":{\"@type\":\"ImageObject\",\"inLanguage\":\"en-GB\",\"@id\":\"https:\\\/\\\/secure.gravatar.com\\\/avatar\\\/f1ffcac9ca2fa95ad3ec33e9be3ade82f752acb0cabe541e56c5889225afa88a?s=96&d=mm&r=g\",\"url\":\"https:\\\/\\\/secure.gravatar.com\\\/avatar\\\/f1ffcac9ca2fa95ad3ec33e9be3ade82f752acb0cabe541e56c5889225afa88a?s=96&d=mm&r=g\",\"contentUrl\":\"https:\\\/\\\/secure.gravatar.com\\\/avatar\\\/f1ffcac9ca2fa95ad3ec33e9be3ade82f752acb0cabe541e56c5889225afa88a?s=96&d=mm&r=g\",\"caption\":\"dev\"},\"sameAs\":[\"https:\\\/\\\/ihedn.concilium.click\"],\"url\":\"https:\\\/\\\/ihedn.fr\\\/en\\\/author\\\/dev\\\/\"}]}<\/script>\n<!-- \/ Yoast SEO plugin. -->","yoast_head_json":{"title":"Decree no. 97-817 of 5 September 1997 establishing the Institut des hautes \u00e9tudes de d\u00e9fense nationale as a public establishment - L'IHEDN: Institut des hautes \u00e9tudes de d\u00e9fense nationale (Institute of Advanced National Defence Studies)","robots":{"index":"index","follow":"follow","max-snippet":"max-snippet:-1","max-image-preview":"max-image-preview:large","max-video-preview":"max-video-preview:-1"},"canonical":"https:\/\/ihedn.fr\/en\/textes-officiels\/decret-no-97-817-du-5-septembre-1997-erigeantlinstitut-des-hautes-etudes-de-defense-nationale-en-etablissement-public\/","og_locale":"en_GB","og_type":"article","og_title":"D\u00e9cret no 97-817 du 5 septembre 1997 \u00e9rigeant l'Institut des hautes \u00e9tudes de d\u00e9fense nationale en \u00e9tablissement public - L&#039;IHEDN : Institut des hautes \u00e9tudes de d\u00e9fense nationale","og_description":"D\u00e9cret no 97-817 du 5 septembre 1997 \u00e9rigeantl&rsquo;Institut des hautes \u00e9tudes de d\u00e9fense nationale en \u00e9tablissement public JORF n\u00b0207 du 6 septembre 1997 NOR: PRMX9700107D Le Premier ministre, Sur le rapport du ministre de l&rsquo;\u00e9ducation nationale, de la recherche et de la technologie, du ministre de l&rsquo;int\u00e9rieur, du ministre des affaires \u00e9trang\u00e8res, du ministre de [&hellip;]","og_url":"https:\/\/ihedn.fr\/en\/textes-officiels\/decret-no-97-817-du-5-septembre-1997-erigeantlinstitut-des-hautes-etudes-de-defense-nationale-en-etablissement-public\/","og_site_name":"L&#039;IHEDN : Institut des hautes \u00e9tudes de d\u00e9fense nationale","article_publisher":"https:\/\/www.facebook.com\/ihedn\/","article_published_time":"1997-09-05T08:00:21+00:00","article_modified_time":"2020-12-23T10:17:47+00:00","author":"dev","twitter_card":"summary_large_image","twitter_creator":"@IHEDN","twitter_site":"@IHEDN","twitter_misc":{"Written by":"dev","Estimated reading time":"14 minutes"},"schema":{"@context":"https:\/\/schema.org","@graph":[{"@type":"Article","@id":"https:\/\/ihedn.fr\/textes-officiels\/decret-no-97-817-du-5-septembre-1997-erigeantlinstitut-des-hautes-etudes-de-defense-nationale-en-etablissement-public\/#article","isPartOf":{"@id":"https:\/\/ihedn.fr\/textes-officiels\/decret-no-97-817-du-5-septembre-1997-erigeantlinstitut-des-hautes-etudes-de-defense-nationale-en-etablissement-public\/"},"author":{"name":"dev","@id":"https:\/\/ihedn.fr\/#\/schema\/person\/7a40155595e4efb35323447cb8c8c5a4"},"headline":"D\u00e9cret no 97-817 du 5 septembre 1997 \u00e9rigeant l&rsquo;Institut des hautes \u00e9tudes de d\u00e9fense nationale en \u00e9tablissement public","datePublished":"1997-09-05T08:00:21+00:00","dateModified":"2020-12-23T10:17:47+00:00","mainEntityOfPage":{"@id":"https:\/\/ihedn.fr\/textes-officiels\/decret-no-97-817-du-5-septembre-1997-erigeantlinstitut-des-hautes-etudes-de-defense-nationale-en-etablissement-public\/"},"wordCount":3014,"publisher":{"@id":"https:\/\/ihedn.fr\/#organization"},"articleSection":["Uncategorized"],"inLanguage":"en-GB"},{"@type":"WebPage","@id":"https:\/\/ihedn.fr\/textes-officiels\/decret-no-97-817-du-5-septembre-1997-erigeantlinstitut-des-hautes-etudes-de-defense-nationale-en-etablissement-public\/","url":"https:\/\/ihedn.fr\/textes-officiels\/decret-no-97-817-du-5-septembre-1997-erigeantlinstitut-des-hautes-etudes-de-defense-nationale-en-etablissement-public\/","name":"Decree no. 97-817 of 5 September 1997 establishing the Institut des hautes \u00e9tudes de d\u00e9fense nationale as a public establishment - L'IHEDN: Institut des hautes \u00e9tudes de d\u00e9fense nationale (Institute of Advanced National Defence Studies)","isPartOf":{"@id":"https:\/\/ihedn.fr\/#website"},"datePublished":"1997-09-05T08:00:21+00:00","dateModified":"2020-12-23T10:17:47+00:00","breadcrumb":{"@id":"https:\/\/ihedn.fr\/textes-officiels\/decret-no-97-817-du-5-septembre-1997-erigeantlinstitut-des-hautes-etudes-de-defense-nationale-en-etablissement-public\/#breadcrumb"},"inLanguage":"en-GB","potentialAction":[{"@type":"ReadAction","target":["https:\/\/ihedn.fr\/textes-officiels\/decret-no-97-817-du-5-septembre-1997-erigeantlinstitut-des-hautes-etudes-de-defense-nationale-en-etablissement-public\/"]}]},{"@type":"BreadcrumbList","@id":"https:\/\/ihedn.fr\/textes-officiels\/decret-no-97-817-du-5-septembre-1997-erigeantlinstitut-des-hautes-etudes-de-defense-nationale-en-etablissement-public\/#breadcrumb","itemListElement":[{"@type":"ListItem","position":1,"name":"Accueil","item":"https:\/\/ihedn.fr\/"},{"@type":"ListItem","position":2,"name":"D\u00e9cret no 97-817 du 5 septembre 1997 \u00e9rigeant l&rsquo;Institut des hautes \u00e9tudes de d\u00e9fense nationale en \u00e9tablissement public"}]},{"@type":"WebSite","@id":"https:\/\/ihedn.fr\/#website","url":"https:\/\/ihedn.fr\/","name":"IHEDN: Institut des hautes \u00e9tudes de d\u00e9fense nationale (Institute for Higher National Defence Studies)","description":"Official website of the IHEDN under the supervision of the Prime Minister.","publisher":{"@id":"https:\/\/ihedn.fr\/#organization"},"potentialAction":[{"@type":"SearchAction","target":{"@type":"EntryPoint","urlTemplate":"https:\/\/ihedn.fr\/?s={search_term_string}"},"query-input":{"@type":"PropertyValueSpecification","valueRequired":true,"valueName":"search_term_string"}}],"inLanguage":"en-GB"},{"@type":"Organization","@id":"https:\/\/ihedn.fr\/#organization","name":"IHEDN - Institute for Higher National Defence Studies","url":"https:\/\/ihedn.fr\/","logo":{"@type":"ImageObject","inLanguage":"en-GB","@id":"https:\/\/ihedn.fr\/#\/schema\/logo\/image\/","url":"https:\/\/ihedn.fr\/wp-content\/uploads\/2020\/11\/BLOC_RF_IHEDN_WEB.png","contentUrl":"https:\/\/ihedn.fr\/wp-content\/uploads\/2020\/11\/BLOC_RF_IHEDN_WEB.png","width":500,"height":237,"caption":"IHEDN - Institut des Hautes Etudes de D\u00e9fense Nationale"},"image":{"@id":"https:\/\/ihedn.fr\/#\/schema\/logo\/image\/"},"sameAs":["https:\/\/www.facebook.com\/ihedn\/","https:\/\/x.com\/IHEDN","https:\/\/www.instagram.com\/ihedn\/","https:\/\/www.linkedin.com\/school\/ihedn\/","https:\/\/fr.wikipedia.org\/wiki\/Institut_des_hautes_\u00e9tudes_de_D\u00e9fense_nationale"]},{"@type":"Person","@id":"https:\/\/ihedn.fr\/#\/schema\/person\/7a40155595e4efb35323447cb8c8c5a4","name":"dev","image":{"@type":"ImageObject","inLanguage":"en-GB","@id":"https:\/\/secure.gravatar.com\/avatar\/f1ffcac9ca2fa95ad3ec33e9be3ade82f752acb0cabe541e56c5889225afa88a?s=96&d=mm&r=g","url":"https:\/\/secure.gravatar.com\/avatar\/f1ffcac9ca2fa95ad3ec33e9be3ade82f752acb0cabe541e56c5889225afa88a?s=96&d=mm&r=g","contentUrl":"https:\/\/secure.gravatar.com\/avatar\/f1ffcac9ca2fa95ad3ec33e9be3ade82f752acb0cabe541e56c5889225afa88a?s=96&d=mm&r=g","caption":"dev"},"sameAs":["https:\/\/ihedn.concilium.click"],"url":"https:\/\/ihedn.fr\/en\/author\/dev\/"}]}},"publishpress_future_action":{"enabled":false,"date":"2026-05-07 18:12:43","action":"change-status","newStatus":"draft","terms":[],"taxonomy":"category","extraData":[]},"publishpress_future_workflow_manual_trigger":{"enabledWorkflows":[]},"_links":{"self":[{"href":"https:\/\/ihedn.fr\/en\/wp-json\/wp\/v2\/posts\/2886","targetHints":{"allow":["GET"]}}],"collection":[{"href":"https:\/\/ihedn.fr\/en\/wp-json\/wp\/v2\/posts"}],"about":[{"href":"https:\/\/ihedn.fr\/en\/wp-json\/wp\/v2\/types\/post"}],"author":[{"embeddable":true,"href":"https:\/\/ihedn.fr\/en\/wp-json\/wp\/v2\/users\/1"}],"replies":[{"embeddable":true,"href":"https:\/\/ihedn.fr\/en\/wp-json\/wp\/v2\/comments?post=2886"}],"version-history":[{"count":5,"href":"https:\/\/ihedn.fr\/en\/wp-json\/wp\/v2\/posts\/2886\/revisions"}],"predecessor-version":[{"id":2919,"href":"https:\/\/ihedn.fr\/en\/wp-json\/wp\/v2\/posts\/2886\/revisions\/2919"}],"wp:attachment":[{"href":"https:\/\/ihedn.fr\/en\/wp-json\/wp\/v2\/media?parent=2886"}],"wp:term":[{"taxonomy":"category","embeddable":true,"href":"https:\/\/ihedn.fr\/en\/wp-json\/wp\/v2\/categories?post=2886"},{"taxonomy":"post_tag","embeddable":true,"href":"https:\/\/ihedn.fr\/en\/wp-json\/wp\/v2\/tags?post=2886"}],"curies":[{"name":"wp","href":"https:\/\/api.w.org\/{rel}","templated":true}]}}